{"id":17686,"date":"2022-06-27T07:46:38","date_gmt":"2022-06-27T05:46:38","guid":{"rendered":"https:\/\/www.welovecycling.com\/cs\/?p=17686"},"modified":"2022-06-27T07:46:38","modified_gmt":"2022-06-27T05:46:38","slug":"fotoreportaz-matej-zahalka-a-tereza-neumanova-vladli-sampionatu-na-jihu-cech","status":"publish","type":"post","link":"https:\/\/www.welovecycling.com\/cs\/2022\/06\/27\/fotoreportaz-matej-zahalka-a-tereza-neumanova-vladli-sampionatu-na-jihu-cech\/","title":{"rendered":"Fotoreport\u00e1\u017e: Mat\u011bj Zah\u00e1lka a Tereza Neumanov\u00e1 vl\u00e1dli \u0161ampion\u00e1tu na jihu \u010cech"},"content":{"rendered":"<p><strong>Gesto p\u0159i pr\u016fjezdu c\u00edlem mluvilo za v\u0161e. Ruce \u0161iroce rozta\u017een\u00e9, ve tv\u00e1\u0159i nev\u011b\u0159\u00edc\u00ed v\u00fdraz m\u00eds\u00edc\u00ed se s absolutn\u00ed eufori\u00ed. Mat\u011bj Zah\u00e1lka se stal nov\u00fdm \u010desk\u00fdm \u0161ampionem v silni\u010dn\u00ed cyklistice. Osmadvacetilet\u00fd cyklista formace Elkov Kasper, kter\u00fd a\u017e do republikov\u00e9ho \u0161ampion\u00e1tu v Mlad\u00e9 Vo\u017eici pracoval v\u017edy pro t\u00fdmov\u00e9 kolegy. A te\u010f slavil zlatou medaili!<\/strong><\/p>\n<p>\u201eAsi nikdo nepo\u010d\u00edtal, \u017ee zrovna j\u00e1 bych mohl vyhr\u00e1t titul \u010desk\u00e9ho mistra. I proto m\u011b tak dlouho nechali jet. Podcenili m\u011b,&#8220; usm\u00edval se Mat\u011bj Zah\u00e1lka bla\u017een\u011b v c\u00edli \u0161ampion\u00e1tu v Mlad\u00e9 Vo\u017eici.<\/p>\n<p>Jak se bitvy o \u010desk\u00e9 medaile odehr\u00e1ly?<\/p>\n<p><a href=\"https:\/\/d2p6e6u75xmxt8.cloudfront.net\/13\/2022\/06\/BrychtaJan_MR_MCR_MSR_Kovarov_ITT_20220623_162054_DSC_9431-scaled.jpg\"><img loading=\"lazy\" decoding=\"async\" class=\"alignnone size-extra-large wp-image-17684\" src=\"https:\/\/d2p6e6u75xmxt8.cloudfront.net\/13\/2022\/06\/BrychtaJan_MR_MCR_MSR_Kovarov_ITT_20220623_162054_DSC_9431-1920x1278.jpg\" alt=\"\" width=\"1920\" height=\"1278\" \/><\/a><\/p>\n<p>Vysm\u00e1t\u00fd Jan B\u00e1rta. V \u010dasovce v Kov\u00e1\u0159ov\u011b slavil sedm\u00fd titul, n\u00e1sledn\u011b p\u0159idal v hromadn\u00e9m z\u00e1vod\u011b st\u0159\u00edbro.<\/p>\n<p><a href=\"https:\/\/d2p6e6u75xmxt8.cloudfront.net\/13\/2022\/06\/BrychtaJan_MR_MCR_MSR_Kovarov_ITT_20220623_164116_DSC_9547-scaled.jpg\"><img loading=\"lazy\" decoding=\"async\" class=\"alignnone size-extra-large wp-image-17687\" src=\"https:\/\/d2p6e6u75xmxt8.cloudfront.net\/13\/2022\/06\/BrychtaJan_MR_MCR_MSR_Kovarov_ITT_20220623_164116_DSC_9547-1920x1278.jpg\" alt=\"\" width=\"1920\" height=\"1278\" \/><\/a><\/p>\n<p>Josef \u010cern\u00fd pat\u0159il v \u010dasovce k hlavn\u00edm favorit\u016fm. Skon\u010dil a\u017e sedm\u00fd a na start hromadn\u00e9ho z\u00e1vodu v\u016fbec nenastoupil.<\/p>\n<p><a href=\"https:\/\/d2p6e6u75xmxt8.cloudfront.net\/13\/2022\/06\/Kopecky-BrychtaJan_MR_MCR_MSR_Kovarov_ITT_20220625_111949_DSC_0341-scaled.jpg\"><img loading=\"lazy\" decoding=\"async\" class=\"alignnone size-extra-large wp-image-17696\" src=\"https:\/\/d2p6e6u75xmxt8.cloudfront.net\/13\/2022\/06\/Kopecky-BrychtaJan_MR_MCR_MSR_Kovarov_ITT_20220625_111949_DSC_0341-1920x1278.jpg\" alt=\"\" width=\"1920\" height=\"1278\" \/><\/a><\/p>\n<p>Julia Kopecky slav\u00ed titul juniorsk\u00e9 mistryn\u011b \u010cesk\u00e9 republiky.<\/p>\n<p><a href=\"https:\/\/d2p6e6u75xmxt8.cloudfront.net\/13\/2022\/06\/BrychtaJan_MR_MCR_MSR_Kovarov_ITT_20220625_115502_DSC_0413-scaled.jpg\"><img loading=\"lazy\" decoding=\"async\" class=\"alignnone size-extra-large wp-image-17693\" src=\"https:\/\/d2p6e6u75xmxt8.cloudfront.net\/13\/2022\/06\/BrychtaJan_MR_MCR_MSR_Kovarov_ITT_20220625_115502_DSC_0413-1920x1278.jpg\" alt=\"\" width=\"1920\" height=\"1278\" \/><\/a><\/p>\n<p>Nejlep\u0161\u00ed \u010desk\u00e9 juniorky v silni\u010dn\u00ed cyklistice z \u0161ampion\u00e1tu v Mlad\u00e9 Vo\u017eici. St\u0159\u00edbrn\u00e1 Kvasni\u010dkov\u00e1 (SportRaces Cycling), zlat\u00e1 Kopecky (Cc Pave76), bronzov\u00e1 N\u011bmcov\u00e1 (Sportcomplex B\u0159eclav).<\/p>\n<p><a href=\"https:\/\/d2p6e6u75xmxt8.cloudfront.net\/13\/2022\/06\/Barta-BrychtaJan_MR_MCR_MSR_Kovarov_ITT_20220625_160552_DSC_1132-scaled.jpg\"><img loading=\"lazy\" decoding=\"async\" class=\"alignnone size-extra-large wp-image-17700\" src=\"https:\/\/d2p6e6u75xmxt8.cloudfront.net\/13\/2022\/06\/Barta-BrychtaJan_MR_MCR_MSR_Kovarov_ITT_20220625_160552_DSC_1132-1920x1278.jpg\" alt=\"\" width=\"1920\" height=\"1278\" \/><\/a><\/p>\n<p>Martin B\u00e1rta (vpravo) slav\u00ed titul \u010desk\u00e9ho \u0161ampiona mezi juniory.<\/p>\n<h2><strong>Tereza Neumanov\u00e1 zlato obh\u00e1jila<\/strong><\/h2>\n<p><a href=\"https:\/\/d2p6e6u75xmxt8.cloudfront.net\/13\/2022\/06\/BrychtaJan_MR_MCR_MSR_Kovarov_ITT_20220625_093814_DSC_0007-scaled.jpg\"><img loading=\"lazy\" decoding=\"async\" class=\"alignnone size-extra-large wp-image-17689\" src=\"https:\/\/d2p6e6u75xmxt8.cloudfront.net\/13\/2022\/06\/BrychtaJan_MR_MCR_MSR_Kovarov_ITT_20220625_093814_DSC_0007-1920x1278.jpg\" alt=\"\" width=\"1920\" height=\"1278\" \/><\/a><\/p>\n<p>Bitvu o \u017eensk\u00fd titul prov\u00e1zel vytrval\u00fd d\u00e9\u0161\u0165, a tak rozhod\u010d\u00ed z\u00e1vod o kolo zkr\u00e1tili.<\/p>\n<p><a href=\"https:\/\/d2p6e6u75xmxt8.cloudfront.net\/13\/2022\/06\/BrychtaJan_MR_MCR_MSR_Kovarov_ITT_20220625_095619_DSC_0104-scaled.jpg\"><img loading=\"lazy\" decoding=\"async\" class=\"alignnone size-extra-large wp-image-17690\" src=\"https:\/\/d2p6e6u75xmxt8.cloudfront.net\/13\/2022\/06\/BrychtaJan_MR_MCR_MSR_Kovarov_ITT_20220625_095619_DSC_0104-1920x1278.jpg\" alt=\"\" width=\"1920\" height=\"1278\" \/><\/a><\/p>\n<p>Tereza Neumanov\u00e1 se \u017eene za obhajobou mistrovsk\u00e9ho titulu.<\/p>\n<p><a href=\"https:\/\/d2p6e6u75xmxt8.cloudfront.net\/13\/2022\/06\/BrychtaJan_MR_MCR_MSR_Kovarov_ITT_20220625_121838_DSC_0502-scaled.jpg\"><img loading=\"lazy\" decoding=\"async\" class=\"alignnone size-extra-large wp-image-17694\" src=\"https:\/\/d2p6e6u75xmxt8.cloudfront.net\/13\/2022\/06\/BrychtaJan_MR_MCR_MSR_Kovarov_ITT_20220625_121838_DSC_0502-1920x1278.jpg\" alt=\"\" width=\"1920\" height=\"1278\" \/><\/a><\/p>\n<p>Staronov\u00e1 \u010desk\u00e1 \u0161ampionka Tereza Neumanov\u00e1 v obklopen\u00ed nejv\u011brn\u011bj\u0161\u00edch rodinn\u00fdch fanou\u0161k\u016f.<\/p>\n<p><a href=\"https:\/\/d2p6e6u75xmxt8.cloudfront.net\/13\/2022\/06\/BrychtaJan_MR_MCR_MSR_Kovarov_20220626_101913_DSC_1373-scaled.jpg\"><img loading=\"lazy\" decoding=\"async\" class=\"alignnone size-extra-large wp-image-17673\" src=\"https:\/\/d2p6e6u75xmxt8.cloudfront.net\/13\/2022\/06\/BrychtaJan_MR_MCR_MSR_Kovarov_20220626_101913_DSC_1373-1920x1278.jpg\" alt=\"\" width=\"1920\" height=\"1278\" \/><\/a><\/p>\n<p>P\u0159i ned\u011bln\u00edm z\u00e1vod\u011b mu\u017e\u016f nechyb\u011bly dv\u011b hlavn\u00ed hv\u011bzdy. Jan Hirt (vlevo) a Peter Sagan, kter\u00fd ovl\u00e1dl slovensk\u00fd \u0161ampion\u00e1t.<\/p>\n<p><a href=\"https:\/\/d2p6e6u75xmxt8.cloudfront.net\/13\/2022\/06\/BrychtaJan_MR_MCR_MSR_Kovarov_20220626_125545_DSC_1991-scaled.jpg\"><img loading=\"lazy\" decoding=\"async\" class=\"alignnone size-extra-large wp-image-17678\" src=\"https:\/\/d2p6e6u75xmxt8.cloudfront.net\/13\/2022\/06\/BrychtaJan_MR_MCR_MSR_Kovarov_20220626_125545_DSC_1991-1920x1278.jpg\" alt=\"\" width=\"1920\" height=\"1278\" \/><\/a><\/p>\n<p>Mat\u011bj Zah\u00e1lka n\u00e1sledov\u00e1n Danielem Turkem p\u0159i \u00faniku dne, z n\u011bho\u017e vze\u0161el pozd\u011bj\u0161\u00ed \u0161ampion.<\/p>\n<p><a href=\"https:\/\/d2p6e6u75xmxt8.cloudfront.net\/13\/2022\/06\/BrychtaJan_MR_MCR_MSR_Kovarov_20220626_125019_DSC_1982-scaled.jpg\"><img loading=\"lazy\" decoding=\"async\" class=\"alignnone size-extra-large wp-image-17677\" src=\"https:\/\/d2p6e6u75xmxt8.cloudfront.net\/13\/2022\/06\/BrychtaJan_MR_MCR_MSR_Kovarov_20220626_125019_DSC_1982-1920x1278.jpg\" alt=\"\" width=\"1920\" height=\"1278\" \/><\/a><\/p>\n<p>Na mistrovstv\u00ed dorazili fanou\u0161ci ve velk\u00e9m&#8230;<\/p>\n<p><a href=\"https:\/\/d2p6e6u75xmxt8.cloudfront.net\/13\/2022\/06\/BrychtaJan_MR_MCR_MSR_Kovarov_20220626_144915_DSC_2461-scaled.jpg\"><img loading=\"lazy\" decoding=\"async\" class=\"alignnone size-extra-large wp-image-17679\" src=\"https:\/\/d2p6e6u75xmxt8.cloudfront.net\/13\/2022\/06\/BrychtaJan_MR_MCR_MSR_Kovarov_20220626_144915_DSC_2461-1920x1278.jpg\" alt=\"\" width=\"1920\" height=\"1278\" \/><\/a><\/p>\n<p>V nejt\u011b\u017e\u0161\u00edm stoup\u00e1n\u00ed vytvo\u0159ili p\u0159\u00edznivci skute\u010dn\u011b par\u00e1dn\u00ed atmosf\u00e9ru.<\/p>\n<h2><strong>Peter Sagan ovl\u00e1dl slovensk\u00fd \u0161ampion\u00e1t<\/strong><\/h2>\n<p><a href=\"https:\/\/d2p6e6u75xmxt8.cloudfront.net\/13\/2022\/06\/BrychtaJan_MR_MCR_MSR_Kovarov_20220626_114707_DSC_1635-scaled.jpg\"><img loading=\"lazy\" decoding=\"async\" class=\"alignnone size-extra-large wp-image-17675\" src=\"https:\/\/d2p6e6u75xmxt8.cloudfront.net\/13\/2022\/06\/BrychtaJan_MR_MCR_MSR_Kovarov_20220626_114707_DSC_1635-1920x1278.jpg\" alt=\"\" width=\"1920\" height=\"1278\" \/><\/a><\/p>\n<p>Dv\u011b \u010desk\u00e9 nad\u011bje Mathias Vacek (velvo) a jeho bratr Karel. Mezi nimi vy\u010duhuje trojn\u00e1sobn\u00fd mistr sv\u011bta Peter Sagan.<\/p>\n<p><a href=\"https:\/\/d2p6e6u75xmxt8.cloudfront.net\/13\/2022\/06\/BrychtaJan_MR_MCR_MSR_Kovarov_20220626_151134_DSC_2535-scaled.jpg\"><img loading=\"lazy\" decoding=\"async\" class=\"alignnone size-extra-large wp-image-17680\" src=\"https:\/\/d2p6e6u75xmxt8.cloudfront.net\/13\/2022\/06\/BrychtaJan_MR_MCR_MSR_Kovarov_20220626_151134_DSC_2535-1920x1278.jpg\" alt=\"\" width=\"1920\" height=\"1278\" \/><\/a><\/p>\n<p>Petr Vako\u010d si po p\u0159estupu na horsk\u00e1 kola odsko\u010dil na silnici a jel skv\u011ble. Byl hlavn\u00edm str\u016fjcem snahy zma\u0159it \u00fatok Mat\u011bje Zah\u00e1lky.<\/p>\n<p><a href=\"https:\/\/d2p6e6u75xmxt8.cloudfront.net\/13\/2022\/06\/BrychtaJan_MR_MCR_MSR_Kovarov_20220626_151926_DSC_2587-scaled.jpg\"><img loading=\"lazy\" decoding=\"async\" class=\"alignnone size-extra-large wp-image-17681\" src=\"https:\/\/d2p6e6u75xmxt8.cloudfront.net\/13\/2022\/06\/BrychtaJan_MR_MCR_MSR_Kovarov_20220626_151926_DSC_2587-1920x1278.jpg\" alt=\"\" width=\"1920\" height=\"1278\" \/><\/a><\/p>\n<p>Mat\u011bj Zah\u00e1lka let\u00ed pro titul \u010desk\u00e9ho \u0161ampiona.<\/p>\n<p><a href=\"https:\/\/d2p6e6u75xmxt8.cloudfront.net\/13\/2022\/06\/BrychtaJan_MR_MCR_MSR_Kovarov_20220626_153507_DSC_2645-scaled.jpg\"><img loading=\"lazy\" decoding=\"async\" class=\"alignnone size-extra-large wp-image-17682\" src=\"https:\/\/d2p6e6u75xmxt8.cloudfront.net\/13\/2022\/06\/BrychtaJan_MR_MCR_MSR_Kovarov_20220626_153507_DSC_2645-1920x1278.jpg\" alt=\"\" width=\"1920\" height=\"1278\" \/><\/a><\/p>\n<p>Pr\u016fjezd c\u00edlem v pod\u00e1n\u00ed nov\u00e9ho \u010desk\u00e9ho \u0161ampiona Mat\u011bje Zah\u00e1lky z formace Elkov Kasper. V\u00fdchodo\u010desk\u00fd t\u00fdm ovl\u00e1dl tuzemsk\u00e9 mistrovstv\u00ed pop\u00e1t\u00e9 v \u0159ad\u011b. V Mlad\u00e9 Vo\u017eici v\u0161ak triumfoval mu\u017e, od n\u011bj\u017e se v\u00edt\u011bzstv\u00ed rozhodn\u011b ne\u010dekalo.<\/p>\n<p>\u201eOsud mi vr\u00e1til v\u0161echno za roky, kdy jsem pom\u00e1hal t\u00fdmov\u00fdm koleg\u016fm. J\u00e1 jsem sp\u00ed\u0161e t\u00fdmov\u00fd hr\u00e1\u010d,&#8220; kr\u010dil rameny mistr \u010cesk\u00e9 republiky pro rok 2022.<\/p>\n<p><em>Foto: Jan Brychta (17x)<\/em><\/p>\n","protected":false},"excerpt":{"rendered":"<p>Gesto p\u0159i pr\u016fjezdu c\u00edlem mluvilo za v\u0161e. Ruce \u0161iroce rozta\u017een\u00e9, ve tv\u00e1\u0159i nev\u011b\u0159\u00edc\u00ed v\u00fdraz m\u00eds\u00edc\u00ed se s absolutn\u00ed eufori\u00ed. Mat\u011bj [&hellip;]<\/p>\n","protected":false},"author":138,"featured_media":17679,"comment_status":"open","ping_status":"open","sticky":false,"template":"","format":"standard","meta":{"footnotes":""},"categories":[10],"tags":[126,281,215,1867,2437,905,18,257,9,1500],"global-categories":[411],"class_list":["post-17686","post","type-post","status-publish","format-standard","has-post-thumbnail","hentry","category-silnicni-cyklistika","tag-cyklistika","tag-jan-barta","tag-jan-hirt","tag-julia-kopecky","tag-matej-zahalka","tag-mcr","tag-peter-sagan","tag-petr-vakoc","tag-silnicni-cyklistika","tag-tereza-neumanova","global-categories-cycling"],"yoast_head":"<!-- This site is optimized with the Yoast SEO Premium plugin v25.3 (Yoast SEO v25.9) - https:\/\/yoast.com\/wordpress\/plugins\/seo\/ -->\n<title>Fotoreport\u00e1\u017e: Mat\u011bj Zah\u00e1lka a Tereza Neumanov\u00e1 vl\u00e1dli \u0161ampion\u00e1tu na jihu \u010cech | \u0160koda We Love Cycling - \u010cesk\u00e1 republika<\/title>\n<meta name=\"description\" content=\"Mat\u011bj Zah\u00e1lka z formace Elkov Kasper se stal nov\u00fdm \u010desk\u00fdm \u0161ampionem v silni\u010dn\u00ed cyklistice. Jak bitvy o tituly prob\u00edhaly?\" \/>\n<meta name=\"robots\" content=\"index, follow, max-snippet:-1, max-image-preview:large, max-video-preview:-1\" \/>\n<link rel=\"canonical\" href=\"https:\/\/www.welovecycling.com\/cs\/2022\/06\/27\/fotoreportaz-matej-zahalka-a-tereza-neumanova-vladli-sampionatu-na-jihu-cech\/\" \/>\n<meta property=\"og:locale\" content=\"cs_CZ\" \/>\n<meta property=\"og:type\" content=\"article\" \/>\n<meta property=\"og:title\" content=\"Fotoreport\u00e1\u017e: Mat\u011bj Zah\u00e1lka a Tereza Neumanov\u00e1 vl\u00e1dli \u0161ampion\u00e1tu na jihu \u010cech\" \/>\n<meta property=\"og:description\" content=\"Mat\u011bj Zah\u00e1lka z formace Elkov Kasper se stal nov\u00fdm \u010desk\u00fdm \u0161ampionem v silni\u010dn\u00ed cyklistice. Jak bitvy o tituly prob\u00edhaly?\" \/>\n<meta property=\"og:url\" content=\"https:\/\/www.welovecycling.com\/cs\/2022\/06\/27\/fotoreportaz-matej-zahalka-a-tereza-neumanova-vladli-sampionatu-na-jihu-cech\/\" \/>\n<meta property=\"og:site_name\" content=\"\u0160koda We Love Cycling - \u010cesk\u00e1 republika\" \/>\n<meta property=\"article:published_time\" content=\"2022-06-27T05:46:38+00:00\" \/>\n<meta property=\"og:image\" content=\"https:\/\/d2p6e6u75xmxt8.cloudfront.net\/13\/2022\/06\/BrychtaJan_MR_MCR_MSR_Kovarov_20220626_144915_DSC_2461-scaled.webp\" \/>\n\t<meta property=\"og:image:width\" content=\"2560\" \/>\n\t<meta property=\"og:image:height\" content=\"1704\" \/>\n\t<meta property=\"og:image:type\" content=\"image\/webp\" \/>\n<meta name=\"author\" content=\"radekmalina\" \/>\n<meta name=\"twitter:card\" content=\"summary_large_image\" \/>\n<meta name=\"twitter:label1\" content=\"Written by\" \/>\n\t<meta name=\"twitter:data1\" content=\"We Love Cycling\" \/>\n\t<meta name=\"twitter:label2\" content=\"Est. reading time\" \/>\n\t<meta name=\"twitter:data2\" content=\"5\" \/>\n<script type=\"application\/ld+json\" class=\"yoast-schema-graph\">{\"@context\":\"https:\/\/schema.org\",\"@graph\":[{\"@type\":\"WebPage\",\"@id\":\"https:\/\/www.welovecycling.com\/cs\/2022\/06\/27\/fotoreportaz-matej-zahalka-a-tereza-neumanova-vladli-sampionatu-na-jihu-cech\/\",\"url\":\"https:\/\/www.welovecycling.com\/cs\/2022\/06\/27\/fotoreportaz-matej-zahalka-a-tereza-neumanova-vladli-sampionatu-na-jihu-cech\/\",\"name\":\"Fotoreport\u00e1\u017e: Mat\u011bj Zah\u00e1lka a Tereza Neumanov\u00e1 vl\u00e1dli \u0161ampion\u00e1tu na jihu \u010cech | \u0160koda We Love Cycling - \u010cesk\u00e1 republika\",\"isPartOf\":{\"@id\":\"https:\/\/www.welovecycling.com\/cs\/#website\"},\"primaryImageOfPage\":{\"@id\":\"https:\/\/www.welovecycling.com\/cs\/2022\/06\/27\/fotoreportaz-matej-zahalka-a-tereza-neumanova-vladli-sampionatu-na-jihu-cech\/#primaryimage\"},\"image\":{\"@id\":\"https:\/\/www.welovecycling.com\/cs\/2022\/06\/27\/fotoreportaz-matej-zahalka-a-tereza-neumanova-vladli-sampionatu-na-jihu-cech\/#primaryimage\"},\"thumbnailUrl\":\"https:\/\/d2p6e6u75xmxt8.cloudfront.net\/13\/2022\/06\/BrychtaJan_MR_MCR_MSR_Kovarov_20220626_144915_DSC_2461-scaled.webp\",\"datePublished\":\"2022-06-27T05:46:38+00:00\",\"author\":{\"@id\":\"https:\/\/www.welovecycling.com\/cs\/#\/schema\/person\/d9eeb0a378f3a7e4a6d12d2b536b04b8\"},\"description\":\"Mat\u011bj Zah\u00e1lka z formace Elkov Kasper se stal nov\u00fdm \u010desk\u00fdm \u0161ampionem v silni\u010dn\u00ed cyklistice. Jak bitvy o tituly prob\u00edhaly?\",\"inLanguage\":\"cs\",\"potentialAction\":[{\"@type\":\"ReadAction\",\"target\":[\"https:\/\/www.welovecycling.com\/cs\/2022\/06\/27\/fotoreportaz-matej-zahalka-a-tereza-neumanova-vladli-sampionatu-na-jihu-cech\/\"]}]},{\"@type\":\"ImageObject\",\"inLanguage\":\"cs\",\"@id\":\"https:\/\/www.welovecycling.com\/cs\/2022\/06\/27\/fotoreportaz-matej-zahalka-a-tereza-neumanova-vladli-sampionatu-na-jihu-cech\/#primaryimage\",\"url\":\"https:\/\/d2p6e6u75xmxt8.cloudfront.net\/13\/2022\/06\/BrychtaJan_MR_MCR_MSR_Kovarov_20220626_144915_DSC_2461-scaled.webp\",\"contentUrl\":\"https:\/\/d2p6e6u75xmxt8.cloudfront.net\/13\/2022\/06\/BrychtaJan_MR_MCR_MSR_Kovarov_20220626_144915_DSC_2461-scaled.webp\",\"width\":2560,\"height\":1704},{\"@type\":\"WebSite\",\"@id\":\"https:\/\/www.welovecycling.com\/cs\/#website\",\"url\":\"https:\/\/www.welovecycling.com\/cs\/\",\"name\":\"\u0160koda We Love Cycling - \u010cesk\u00e1 republika\",\"description\":\"WeLoveCycling.cz je online magaz\u00edn, kter\u00fd v\u00e1m pravideln\u011b p\u0159in\u00e1\u0161\u00ed rady a tipy, zaj\u00edmav\u00e9 \u010dl\u00e1nky, videa a jedine\u010dn\u00e9 report\u00e1\u017ee ze sv\u011bta cyklistiky.\",\"potentialAction\":[{\"@type\":\"SearchAction\",\"target\":{\"@type\":\"EntryPoint\",\"urlTemplate\":\"https:\/\/www.welovecycling.com\/cs\/?s={search_term_string}\"},\"query-input\":{\"@type\":\"PropertyValueSpecification\",\"valueRequired\":true,\"valueName\":\"search_term_string\"}}],\"inLanguage\":\"cs\"},{\"@type\":\"Person\",\"@id\":\"https:\/\/www.welovecycling.com\/cs\/#\/schema\/person\/d9eeb0a378f3a7e4a6d12d2b536b04b8\",\"name\":\"radekmalina\",\"image\":{\"@type\":\"ImageObject\",\"inLanguage\":\"cs\",\"@id\":\"https:\/\/www.welovecycling.com\/cs\/#\/schema\/person\/image\/\",\"url\":\"https:\/\/secure.gravatar.com\/avatar\/66994b632cb8c39a46b9f54afa3ae07201b678d32a54275b6f1c9ffec356bfc0?s=96&d=mm&r=g\",\"contentUrl\":\"https:\/\/secure.gravatar.com\/avatar\/66994b632cb8c39a46b9f54afa3ae07201b678d32a54275b6f1c9ffec356bfc0?s=96&d=mm&r=g\",\"caption\":\"radekmalina\"},\"url\":\"https:\/\/www.welovecycling.com\/cs\/author\/radekmalina\/\"}]}<\/script>\n<!-- \/ Yoast SEO Premium plugin. -->","yoast_head_json":{"title":"Fotoreport\u00e1\u017e: Mat\u011bj Zah\u00e1lka a Tereza Neumanov\u00e1 vl\u00e1dli \u0161ampion\u00e1tu na jihu \u010cech | \u0160koda We Love Cycling - \u010cesk\u00e1 republika","description":"Mat\u011bj Zah\u00e1lka z formace Elkov Kasper se stal nov\u00fdm \u010desk\u00fdm \u0161ampionem v silni\u010dn\u00ed cyklistice. Jak bitvy o tituly prob\u00edhaly?","robots":{"index":"index","follow":"follow","max-snippet":"max-snippet:-1","max-image-preview":"max-image-preview:large","max-video-preview":"max-video-preview:-1"},"canonical":"https:\/\/www.welovecycling.com\/cs\/2022\/06\/27\/fotoreportaz-matej-zahalka-a-tereza-neumanova-vladli-sampionatu-na-jihu-cech\/","og_locale":"cs_CZ","og_type":"article","og_title":"Fotoreport\u00e1\u017e: Mat\u011bj Zah\u00e1lka a Tereza Neumanov\u00e1 vl\u00e1dli \u0161ampion\u00e1tu na jihu \u010cech","og_description":"Mat\u011bj Zah\u00e1lka z formace Elkov Kasper se stal nov\u00fdm \u010desk\u00fdm \u0161ampionem v silni\u010dn\u00ed cyklistice. Jak bitvy o tituly prob\u00edhaly?","og_url":"https:\/\/www.welovecycling.com\/cs\/2022\/06\/27\/fotoreportaz-matej-zahalka-a-tereza-neumanova-vladli-sampionatu-na-jihu-cech\/","og_site_name":"\u0160koda We Love Cycling - \u010cesk\u00e1 republika","article_published_time":"2022-06-27T05:46:38+00:00","og_image":[{"width":2560,"height":1704,"url":"https:\/\/d2p6e6u75xmxt8.cloudfront.net\/13\/2022\/06\/BrychtaJan_MR_MCR_MSR_Kovarov_20220626_144915_DSC_2461-scaled.webp","type":"image\/webp"}],"author":"radekmalina","twitter_card":"summary_large_image","twitter_misc":{"Written by":"We Love Cycling","Est. reading time":"5"},"schema":{"@context":"https:\/\/schema.org","@graph":[{"@type":"WebPage","@id":"https:\/\/www.welovecycling.com\/cs\/2022\/06\/27\/fotoreportaz-matej-zahalka-a-tereza-neumanova-vladli-sampionatu-na-jihu-cech\/","url":"https:\/\/www.welovecycling.com\/cs\/2022\/06\/27\/fotoreportaz-matej-zahalka-a-tereza-neumanova-vladli-sampionatu-na-jihu-cech\/","name":"Fotoreport\u00e1\u017e: Mat\u011bj Zah\u00e1lka a Tereza Neumanov\u00e1 vl\u00e1dli \u0161ampion\u00e1tu na jihu \u010cech | \u0160koda We Love Cycling - \u010cesk\u00e1 republika","isPartOf":{"@id":"https:\/\/www.welovecycling.com\/cs\/#website"},"primaryImageOfPage":{"@id":"https:\/\/www.welovecycling.com\/cs\/2022\/06\/27\/fotoreportaz-matej-zahalka-a-tereza-neumanova-vladli-sampionatu-na-jihu-cech\/#primaryimage"},"image":{"@id":"https:\/\/www.welovecycling.com\/cs\/2022\/06\/27\/fotoreportaz-matej-zahalka-a-tereza-neumanova-vladli-sampionatu-na-jihu-cech\/#primaryimage"},"thumbnailUrl":"https:\/\/d2p6e6u75xmxt8.cloudfront.net\/13\/2022\/06\/BrychtaJan_MR_MCR_MSR_Kovarov_20220626_144915_DSC_2461-scaled.webp","datePublished":"2022-06-27T05:46:38+00:00","author":{"@id":"https:\/\/www.welovecycling.com\/cs\/#\/schema\/person\/d9eeb0a378f3a7e4a6d12d2b536b04b8"},"description":"Mat\u011bj Zah\u00e1lka z formace Elkov Kasper se stal nov\u00fdm \u010desk\u00fdm \u0161ampionem v silni\u010dn\u00ed cyklistice. Jak bitvy o tituly prob\u00edhaly?","inLanguage":"cs","potentialAction":[{"@type":"ReadAction","target":["https:\/\/www.welovecycling.com\/cs\/2022\/06\/27\/fotoreportaz-matej-zahalka-a-tereza-neumanova-vladli-sampionatu-na-jihu-cech\/"]}]},{"@type":"ImageObject","inLanguage":"cs","@id":"https:\/\/www.welovecycling.com\/cs\/2022\/06\/27\/fotoreportaz-matej-zahalka-a-tereza-neumanova-vladli-sampionatu-na-jihu-cech\/#primaryimage","url":"https:\/\/d2p6e6u75xmxt8.cloudfront.net\/13\/2022\/06\/BrychtaJan_MR_MCR_MSR_Kovarov_20220626_144915_DSC_2461-scaled.webp","contentUrl":"https:\/\/d2p6e6u75xmxt8.cloudfront.net\/13\/2022\/06\/BrychtaJan_MR_MCR_MSR_Kovarov_20220626_144915_DSC_2461-scaled.webp","width":2560,"height":1704},{"@type":"WebSite","@id":"https:\/\/www.welovecycling.com\/cs\/#website","url":"https:\/\/www.welovecycling.com\/cs\/","name":"\u0160koda We Love Cycling - \u010cesk\u00e1 republika","description":"WeLoveCycling.cz je online magaz\u00edn, kter\u00fd v\u00e1m pravideln\u011b p\u0159in\u00e1\u0161\u00ed rady a tipy, zaj\u00edmav\u00e9 \u010dl\u00e1nky, videa a jedine\u010dn\u00e9 report\u00e1\u017ee ze sv\u011bta cyklistiky.","potentialAction":[{"@type":"SearchAction","target":{"@type":"EntryPoint","urlTemplate":"https:\/\/www.welovecycling.com\/cs\/?s={search_term_string}"},"query-input":{"@type":"PropertyValueSpecification","valueRequired":true,"valueName":"search_term_string"}}],"inLanguage":"cs"},{"@type":"Person","@id":"https:\/\/www.welovecycling.com\/cs\/#\/schema\/person\/d9eeb0a378f3a7e4a6d12d2b536b04b8","name":"radekmalina","image":{"@type":"ImageObject","inLanguage":"cs","@id":"https:\/\/www.welovecycling.com\/cs\/#\/schema\/person\/image\/","url":"https:\/\/secure.gravatar.com\/avatar\/66994b632cb8c39a46b9f54afa3ae07201b678d32a54275b6f1c9ffec356bfc0?s=96&d=mm&r=g","contentUrl":"https:\/\/secure.gravatar.com\/avatar\/66994b632cb8c39a46b9f54afa3ae07201b678d32a54275b6f1c9ffec356bfc0?s=96&d=mm&r=g","caption":"radekmalina"},"url":"https:\/\/www.welovecycling.com\/cs\/author\/radekmalina\/"}]}},"_links":{"self":[{"href":"https:\/\/www.welovecycling.com\/cs\/wp-json\/wp\/v2\/posts\/17686","targetHints":{"allow":["GET"]}}],"collection":[{"href":"https:\/\/www.welovecycling.com\/cs\/wp-json\/wp\/v2\/posts"}],"about":[{"href":"https:\/\/www.welovecycling.com\/cs\/wp-json\/wp\/v2\/types\/post"}],"author":[{"embeddable":true,"href":"https:\/\/www.welovecycling.com\/cs\/wp-json\/wp\/v2\/users\/138"}],"replies":[{"embeddable":true,"href":"https:\/\/www.welovecycling.com\/cs\/wp-json\/wp\/v2\/comments?post=17686"}],"version-history":[{"count":2,"href":"https:\/\/www.welovecycling.com\/cs\/wp-json\/wp\/v2\/posts\/17686\/revisions"}],"predecessor-version":[{"id":17702,"href":"https:\/\/www.welovecycling.com\/cs\/wp-json\/wp\/v2\/posts\/17686\/revisions\/17702"}],"wp:featuredmedia":[{"embeddable":true,"href":"https:\/\/www.welovecycling.com\/cs\/wp-json\/wp\/v2\/media\/17679"}],"wp:attachment":[{"href":"https:\/\/www.welovecycling.com\/cs\/wp-json\/wp\/v2\/media?parent=17686"}],"wp:term":[{"taxonomy":"category","embeddable":true,"href":"https:\/\/www.welovecycling.com\/cs\/wp-json\/wp\/v2\/categories?post=17686"},{"taxonomy":"post_tag","embeddable":true,"href":"https:\/\/www.welovecycling.com\/cs\/wp-json\/wp\/v2\/tags?post=17686"},{"taxonomy":"global-categories","embeddable":true,"href":"https:\/\/www.welovecycling.com\/cs\/wp-json\/wp\/v2\/global-categories?post=17686"}],"curies":[{"name":"wp","href":"https:\/\/api.w.org\/{rel}","templated":true}]}}