{"id":17639,"date":"2022-06-23T08:04:09","date_gmt":"2022-06-23T06:04:09","guid":{"rendered":"https:\/\/www.welovecycling.com\/cs\/?p=17639"},"modified":"2022-06-23T08:04:09","modified_gmt":"2022-06-23T06:04:09","slug":"koho-sledovat-na-tour-de-france-tadej-pogacar-primoz-roglic-jonas-vingegaard","status":"publish","type":"post","link":"https:\/\/www.welovecycling.com\/cs\/2022\/06\/23\/koho-sledovat-na-tour-de-france-tadej-pogacar-primoz-roglic-jonas-vingegaard\/","title":{"rendered":"Koho sledovat na Tour de France: Tadej Poga\u010dar, Primo\u017e Rogli\u010d, Jonas Vingegaard&#8230;"},"content":{"rendered":"<p><strong>Cyklistick\u00fd sv\u00e1tek roku se bl\u00ed\u017e\u00ed. U\u017e 109. ro\u010dn\u00edk Tour de France startuje v\u00a0p\u00e1tek 1. \u010dervence v\u00a0Kodani. V\u00edt\u011bz bude korunov\u00e1n v\u00a0Pa\u0159\u00ed\u017ei 24. \u010dervence. Bude to op\u011bt Slovinec Tadej Poga\u010dar, kter\u00fd chce \u00fato\u010dit na zlat\u00fd hattrick, nebo mu t\u0159et\u00ed triumf v\u00a0\u0159ad\u011b n\u011bkdo p\u0159ekaz\u00ed? <\/strong><\/p>\n<p>P\u0159ipravili jsme pro v\u00e1s p\u0159ehled nejv\u011bt\u0161\u00edch favorit\u016f a jezdc\u016f, kter\u00e9 se vyplat\u00ed sledovat.<\/p>\n<h2><strong>Tadej Poga\u010dar (UAE Team Emirates, 23 let)<\/strong><\/h2>\n<p>Jasn\u00fd favorit \u010d\u00edslo 1. I p\u0159es n\u00edzk\u00fd v\u011bk u\u017e dvakr\u00e1t dok\u00e1zal, \u017ee je ment\u00e1ln\u011b dost siln\u00fd, aby ust\u00e1l pozici l\u00eddra a byl schopen vybojovat celkov\u00e9 v\u00edt\u011bzstv\u00ed. K Tour sm\u011b\u0159uje sv\u00e9 \u00fasil\u00ed skoro cel\u00fd rok, ale ne \u017ee by byl v jin\u00fdch z\u00e1vodech \u0161patn\u00fd. Naopak! Jel t\u0159i etap\u00e1ky, v\u0161echny vyhr\u00e1l: UAE Tour, Tirreno-Adriatico a te\u010f naposledy gener\u00e1lku v podob\u011b Kolem Slovinska. K tomu p\u0159edvedl i hodn\u011b dobr\u00e9 v\u00fdkony na klasik\u00e1ch.<\/p>\n<figure id=\"attachment_17645\" aria-describedby=\"caption-attachment-17645\" style=\"width: 1800px\" class=\"wp-caption alignnone\"><a href=\"https:\/\/d2p6e6u75xmxt8.cloudfront.net\/13\/2022\/06\/Pogacar-profimedia-0700438030.jpg\"><img loading=\"lazy\" decoding=\"async\" class=\"size-full wp-image-17645\" src=\"https:\/\/d2p6e6u75xmxt8.cloudfront.net\/13\/2022\/06\/Pogacar-profimedia-0700438030.jpg\" alt=\"Tadej Poga\u010dar v gener\u00e1lce na Tour de France ovl\u00e1dl z\u00e1vod Kolem Slovinska.\" width=\"1800\" height=\"1200\" \/><\/a><figcaption id=\"caption-attachment-17645\" class=\"wp-caption-text\"><em>Tadej Poga\u010dar v gener\u00e1lce na Tour de France ovl\u00e1dl z\u00e1vod Kolem Slovinska.<\/em><\/figcaption><\/figure>\n<p>Od p\u016flky dubna nez\u00e1vodil, v\u011bnoval se jen p\u0159\u00edprav\u011b na Tour. Posledn\u00ed vysokohorsk\u00fdch blok absolvoval v\u00a0Livignu. \u201eC\u00edt\u00edm se skv\u011ble, t\u00fdm m\u00e1me hodn\u011b siln\u00fd. V\u011b\u0159\u00edm, \u017ee to budeme na Tour ukazovat,\u201c \u0159ekl Poga\u010dar po v\u00edt\u011bzstv\u00ed na Kolem Slovinska.<\/p>\n<p>Zvolil trochu odli\u0161n\u00fd model p\u0159\u00edpravy ne\u017e jeho rivalov\u00e9, op\u011bt se vyhnul tradi\u010dn\u011bj\u0161\u00edm gener\u00e1lk\u00e1m v\u00a0podob\u011b Dauphin\u00e9 nebo Kolem \u0160v\u00fdcarska. Ale u\u017e vloni si dok\u00e1zal, \u017ee mu to takhle vyhovuje a na Tour pojede jako nejv\u011bt\u0161\u00ed favorit se skv\u011ble vyv\u00e1\u017een\u00fdm t\u00fdmem v\u00a0\u010dele s\u00a0Majkou, Trentinem, Hirschim nebo G. Bennettem.<\/p>\n<h2><strong>Primo\u017e Rogli\u010d (Jumbo-Visma, 32 let)<\/strong><\/h2>\n<p>Druh\u00fd nejv\u011bt\u0161\u00ed favorit. Dal\u0161\u00ed ze Slovinc\u016f. Jak r\u00e1d by zlomil proklet\u00ed zvan\u00e9 Tour de France\u2026 P\u0159ed dv\u011bma lety ho o v\u00edt\u011bzstv\u00ed p\u0159ipravil v\u00a0p\u0159edposledn\u00ed den z\u00e1vodu Poga\u010dar. Vloni musel odstoupit kv\u016fli zran\u011bn\u00ed.<\/p>\n<p>Co na tom, \u017ee posledn\u00ed t\u0159i roky nena\u0161el p\u0159emo\u017eitele na Vuelt\u011b. Prvenstv\u00ed z\u00a0Tour mu ve sb\u00edrce chyb\u00ed a dob\u0159e v\u00ed, \u017ee u\u017e moc dal\u0161\u00edch \u0161anc\u00ed asi m\u00edt nebude.<\/p>\n<div class=\"shortcode-ys-post-pinup\"><article class=\"loop-simple post-17557 post type-post status-publish format-standard has-post-thumbnail hentry category-letape-czech-republic tag-cyklistika tag-letape-czech-republic-by-le-tour-de-france tag-letape-czech-republic-by-le-tour-de-france-2022 tag-silnicni-cyklistika global-categories-cycling\" data-postid=\"17557\" role=\"article\" data-post-id=\"17557\" data-word-count=\"149\" data-headline-length=\"68\" data-category=\"L&#039;Etape Czech Republic\" data-global-category=\"Cycling\" data-author=\"We Love Cycling\" data-published=\"2022-06-17T12:00:13+02:00\" data-published-day=\"Friday\">\n    <div class=\"entry-thumbnail article-thumbnail\" content=\"https:\/\/d2p6e6u75xmxt8.cloudfront.net\/13\/2022\/06\/Letape-22-vyber-080-scaled-150x150.webp\"><a href=\"https:\/\/www.welovecycling.com\/cs\/2022\/06\/17\/fotopribeh-letape-2022-aneb-fanouskovsky-karneval-u-silnice\/\" class=\"image-holder\" target=\"_self\"><img decoding=\"async\" loading=\"lazy\" class=\"\" src=\"https:\/\/d2p6e6u75xmxt8.cloudfront.net\/13\/2022\/06\/Letape-22-vyber-080-scaled-1024x683.webp\" srcset=\"https:\/\/d2p6e6u75xmxt8.cloudfront.net\/13\/2022\/06\/Letape-22-vyber-080-scaled.webp 2560w, https:\/\/d2p6e6u75xmxt8.cloudfront.net\/13\/2022\/06\/Letape-22-vyber-080-scaled-300x200.webp 300w, https:\/\/d2p6e6u75xmxt8.cloudfront.net\/13\/2022\/06\/Letape-22-vyber-080-scaled-1024x683.webp 1024w, https:\/\/d2p6e6u75xmxt8.cloudfront.net\/13\/2022\/06\/Letape-22-vyber-080-scaled-768x512.webp 768w, https:\/\/d2p6e6u75xmxt8.cloudfront.net\/13\/2022\/06\/Letape-22-vyber-080-scaled-1536x1024.webp 1536w, https:\/\/d2p6e6u75xmxt8.cloudfront.net\/13\/2022\/06\/Letape-22-vyber-080-scaled-2048x1366.webp 2048w, https:\/\/d2p6e6u75xmxt8.cloudfront.net\/13\/2022\/06\/Letape-22-vyber-080-scaled-1920x1280.webp 1920w, https:\/\/d2p6e6u75xmxt8.cloudfront.net\/13\/2022\/06\/Letape-22-vyber-080-scaled-272x182.webp 272w, https:\/\/d2p6e6u75xmxt8.cloudfront.net\/13\/2022\/06\/Letape-22-vyber-080-scaled-1920x1280.webp 1920w\" width=\"1024\" height=\"683\" sizes=\"auto, (min-width: 1200px) 300px, (min-width: 768px) 25vw, 100vw\" alt=\"fotopribeh-letape-2022-aneb-fanouskovsky-karneval-u-silnice\"\/><\/a><\/div>    <div class=\"entry-meta\">\n        <a class=\"label label-secondary post-category\" href=\"https:\/\/www.welovecycling.com\/cs\/category\/letape-czech-republic\/\" title=\"L'Etape Czech Republic\">L'Etape Czech Republic<\/a>\n    <\/div>\n    <div class=\"entry-details\">\n        <a href=\"https:\/\/www.welovecycling.com\/cs\/2022\/06\/17\/fotopribeh-letape-2022-aneb-fanouskovsky-karneval-u-silnice\/\" class='entry-title-wrapper'>\n            <h3 class=\"entry-title\"><span>FOTOP\u0158\u00cdB\u011aH: L\u2019Etape 2022 aneb fanou\u0161kovsk\u00fd karneval u silnice<\/span><\/h3>\n        <\/a>\n    <\/div>\n    <\/article>\n<\/div>\n<p>Formu m\u00e1 skv\u011blou, to dok\u00e1zal triumfem na gener\u00e1lce Crit\u00e9rium du Dauphin\u00e9. I on m\u00e1 za sebou dlouh\u00fd tr\u00e9ninkov\u00fd blok, a\u0165 u\u017e v\u00a0Sierra Nevad\u011b nebo ve Francii.<\/p>\n<p>Op\u00edrat se bude o fantastick\u00fd t\u00fdm, pap\u00edrov\u011b jeden z\u00a0nejlep\u0161\u00edch na cel\u00e9 Tour. Druh\u00fdm l\u00eddrem za Rogli\u010dem pro p\u0159\u00edpad, \u017ee by se n\u011bco stalo, je Jonas Vingegaard. S\u00a0Rogli\u010dem \u00fa\u0159adovali na Dauphin\u00e9, d\u00e1nsk\u00fd cyklista skon\u010dil druh\u00fd a uk\u00e1zal, \u017ee je na tom skv\u011ble. V\u00a0hor\u00e1ch by jim m\u011bli b\u00fdt k\u00a0ruce hlavn\u011b Kuss a Kruijswijk, dal\u0161\u00ed \u010d\u00e1st t\u00fdmu tam bude i pro van Aerta, aby mu pom\u00e1hali v\u00a0koncovk\u00e1ch rovinat\u011bj\u0161\u00edch etap a boji o vysn\u011bn\u00fd zelen\u00fd dres.<\/p>\n<p>\u201eTour jsem je\u0161t\u011b nevyhr\u00e1l a r\u00e1d bych se o to kone\u010dn\u011b pokusil. Je to velk\u00fd c\u00edl,\u201c \u0159ekl Rogli\u010d. K\u00a0rivalit\u011b s\u00a0Poga\u010darem s\u00a0\u00fasm\u011bvem podotkl: \u201eJe to t\u00e9ma hlavn\u011b pro fanou\u0161ky. A z\u00e1rove\u0148 to ka\u017ed\u00e9ho z\u00a0n\u00e1s nut\u00ed, sna\u017eit se b\u00fdt je\u0161t\u011b lep\u0161\u00ed. Ale j\u00e1 se nep\u0159ipravuji na Poga\u010dara, sna\u017e\u00edm se nachystat na maximum sebe a mysl\u00edm, \u017ee stejn\u011b to m\u00e1 i Tadej,\u201c dodal.<\/p>\n<h2><strong>Dal\u0161\u00ed v\u00a0\u0159ad\u011b: Co Ineos?<\/strong><\/h2>\n<p>Druh\u00fd mu\u017e leto\u0161n\u00edho Gira Richard Carapaz na Tour nepojede, Adam Yates m\u011bl v z\u00e1vod\u011b Kolem \u0160v\u00fdcarska pozitivn\u00ed test na covid-19 a ot\u00e1zkou je, co to s n\u00edm ud\u011bl\u00e1 na Tour, kde m\u011bl b\u00fdt jedn\u00edm z l\u00eddr\u016f britsk\u00e9 st\u00e1je Ineos.<\/p>\n<p>Je tu Kolumbijec Daniel Felipe Mart\u00ednez, v\u00fdborn\u00fd vrcha\u0159 i slu\u0161n\u00fd \u010dasovk\u00e1\u0159. Nebo se bude sm\u00e1t t\u0159et\u00ed v part\u011b Geraint Thomas. Ten u\u017e v\u00ed, jak\u00e9 je to Tour vyhr\u00e1t. Radoval se v roce 2018. Mnoz\u00ed u\u017e ho odepisovali, on dok\u00e1zal p\u0159ed p\u00e1r dny vyhr\u00e1t Kolem \u0160v\u00fdcarska, i kdy\u017e startovn\u00ed pole v pr\u016fb\u011bhu z\u00e1vodu notn\u011b pro\u0159\u00eddlo kv\u016fli covidu-19.<\/p>\n<figure id=\"attachment_17644\" aria-describedby=\"caption-attachment-17644\" style=\"width: 1800px\" class=\"wp-caption alignnone\"><a href=\"https:\/\/d2p6e6u75xmxt8.cloudfront.net\/13\/2022\/06\/Thomas-profimedia-0701083369.jpg\"><img loading=\"lazy\" decoding=\"async\" class=\"size-full wp-image-17644\" src=\"https:\/\/d2p6e6u75xmxt8.cloudfront.net\/13\/2022\/06\/Thomas-profimedia-0701083369.jpg\" alt=\"Geraint Thomas pocit v\u00edt\u011bze Tour de France za\u017eil. V p\u0159\u00edprav\u011b ovl\u00e1dl z\u00e1vod Kolem \u0160v\u00fdcarska.\" width=\"1800\" height=\"1199\" \/><\/a><figcaption id=\"caption-attachment-17644\" class=\"wp-caption-text\"><em>Geraint Thomas pocit v\u00edt\u011bze Tour de France za\u017eil. V p\u0159\u00edprav\u011b ovl\u00e1dl z\u00e1vod Kolem \u0160v\u00fdcarska.<\/em><\/figcaption><\/figure>\n<p>\u201eM\u00e1me skv\u011bl\u00fd t\u00fdm a uvid\u00edme, na co to bude sta\u010dit. Hlavn\u011b mus\u00edme z\u016fstat zdrav\u00ed,\u201c nar\u00e1\u017eel na s\u00edl\u00edc\u00ed hrozbu covidu-19, kter\u00fd ur\u010dit\u011b bude jedn\u00edm ze stra\u0161\u00e1k\u016f Tour. Dob\u0159e v\u00ed, \u017ee bojovat s Poga\u010darem a Rogli\u010dem o celkov\u00e9 v\u00edt\u011bzstv\u00ed bude hodn\u011b t\u011b\u017ek\u00e9. \u201eJako t\u00fdm se s nimi sm\u011ble m\u016f\u017eeme m\u011b\u0159it, ale jako jednotlivci, to u\u017e je tro\u0161ku jin\u00fd p\u0159\u00edb\u011bh. Oni jsou oba neskute\u010dn\u011b dob\u0159\u00ed. Uvid\u00edme,\u201c \u0159ekl Thomas.<\/p>\n<h2><strong>Francouzi op\u011bt sn\u00ed\u2026<\/strong><\/h2>\n<p>U\u017e je to skoro 40 let, co Francie \u010dek\u00e1 na sv\u00e9ho v\u00edt\u011bze na Tour de France Posledn\u00edm, komu se to povedlo, byl v roce 1985 Bernard Hinault. A nic nenasv\u011bd\u010duje, \u017ee by to m\u011blo p\u0159ij\u00edt pr\u00e1v\u011b letos. Francouzi maj\u00ed ka\u017edoro\u010dn\u011b ty nejvy\u0161\u0161\u00ed ambice, ale skoro v\u017edy p\u0159ijde n\u011bco, co je po\u0161le ze hry: zdrav\u00ed, p\u00e1dy, krize v n\u011bkter\u00e9 z etap, psychika.<\/p>\n<div class=\"shortcode-ys-post-pinup\"><article class=\"loop-simple post-17590 post type-post status-publish format-standard has-post-thumbnail hentry category-tour-de-france tag-bjar tag-cyklistika tag-dansko tag-grand-depart tag-grande-boucle tag-maillot-jaune tag-silnicni-cyklistika tag-tour-de-france global-categories-cycling\" data-postid=\"17590\" role=\"article\" data-post-id=\"17590\" data-word-count=\"362\" data-headline-length=\"70\" data-category=\"Tour de France\" data-global-category=\"Cycling\" data-author=\"We Love Cycling\" data-published=\"2022-06-21T07:00:36+02:00\" data-published-day=\"Tuesday\">\n    <div class=\"entry-thumbnail article-thumbnail\" content=\"https:\/\/d2p6e6u75xmxt8.cloudfront.net\/13\/2022\/06\/DANSKO-profimedia-0700342059-150x150.webp\"><a href=\"https:\/\/www.welovecycling.com\/cs\/2022\/06\/21\/tour-de-france-dansko-desata-zeme-hostici-grand-depart\/\" class=\"image-holder\" target=\"_self\"><img decoding=\"async\" loading=\"lazy\" class=\"\" src=\"https:\/\/d2p6e6u75xmxt8.cloudfront.net\/13\/2022\/06\/DANSKO-profimedia-0700342059-1024x683.webp\" srcset=\"https:\/\/d2p6e6u75xmxt8.cloudfront.net\/13\/2022\/06\/DANSKO-profimedia-0700342059.webp 1800w, https:\/\/d2p6e6u75xmxt8.cloudfront.net\/13\/2022\/06\/DANSKO-profimedia-0700342059-300x200.webp 300w, https:\/\/d2p6e6u75xmxt8.cloudfront.net\/13\/2022\/06\/DANSKO-profimedia-0700342059-1024x683.webp 1024w, https:\/\/d2p6e6u75xmxt8.cloudfront.net\/13\/2022\/06\/DANSKO-profimedia-0700342059-768x512.webp 768w, https:\/\/d2p6e6u75xmxt8.cloudfront.net\/13\/2022\/06\/DANSKO-profimedia-0700342059-1536x1024.webp 1536w, https:\/\/d2p6e6u75xmxt8.cloudfront.net\/13\/2022\/06\/DANSKO-profimedia-0700342059-272x182.webp 272w\" width=\"1024\" height=\"683\" sizes=\"auto, (min-width: 1200px) 300px, (min-width: 768px) 25vw, 100vw\" alt=\"tour-de-france-dansko-desata-zeme-hostici-grand-depart\"\/><\/a><\/div>    <div class=\"entry-meta\">\n        <a class=\"label label-secondary post-category\" href=\"https:\/\/www.welovecycling.com\/cs\/category\/tour-de-france\/\" title=\"Tour de France\">Tour de France<\/a>\n    <\/div>\n    <div class=\"entry-details\">\n        <a href=\"https:\/\/www.welovecycling.com\/cs\/2022\/06\/21\/tour-de-france-dansko-desata-zeme-hostici-grand-depart\/\" class='entry-title-wrapper'>\n            <h3 class=\"entry-title\"><span>Tour de France: D\u00e1nsko &#8211; des\u00e1t\u00e1 zem\u011b host\u00edc\u00ed Grand D\u00e9part<\/span><\/h3>\n        <\/a>\n    <\/div>\n    <\/article>\n<\/div>\n<p>Jsou tu Romain Bardet (DSM), David Gaudu nebo Thibaut Pinot (oba Groupama-FDJ), ale ot\u00e1zkou je, jestli n\u011bkdo z\u00a0nich m\u016f\u017ee pom\u00fd\u0161let na to, aby dok\u00e1zal konkurovat Poga\u010darovi s\u00a0Rogli\u010dem. Rozd\u00edl je samoz\u0159ejm\u011b i v\u00a0kvalit\u011b dal\u0161\u00edch jezdc\u016f jejich t\u00fdm\u016f.<\/p>\n<h2><strong>D\u00e1nsk\u00e1 z\u00e1lo\u017en\u00ed varianta?<\/strong><\/h2>\n<p>P\u011btadvacetilet\u00fd D\u00e1n Jonas Vingegaard nastupuje na start Tour jako superdomestik Primo\u017ee Rogli\u010de v\u00a0t\u00fdmu Jumbo-Visma. Ale dob\u0159e v\u00ed, \u017ee se role klidn\u011b mohou prohodit. Nakonec vloni skon\u010dil po odstoupen\u00ed Rogli\u010de na Tour druh\u00fd.<\/p>\n<p>Jak p\u0159esn\u011b budou m\u00edt \u00falohy rozd\u011blen\u00e9, to v\u00ed asi jen oni dva a veden\u00ed t\u00fdmu. Ale je radost \u0159e\u0161it takov\u00e9 starosti. P\u0159ed p\u00e1r dny oba \u00fa\u0159adovali na Dauphin\u00e9, kde byl Vingegaard druh\u00fd za Rogli\u010dem a uk\u00e1zali se o t\u0159\u00eddu lep\u0161\u00ed ne\u017e zbytek sv\u011bta.<\/p>\n<figure id=\"attachment_17646\" aria-describedby=\"caption-attachment-17646\" style=\"width: 1800px\" class=\"wp-caption alignnone\"><a href=\"https:\/\/d2p6e6u75xmxt8.cloudfront.net\/13\/2022\/06\/roglic-profimedia-0699083712.jpg\"><img loading=\"lazy\" decoding=\"async\" class=\"size-full wp-image-17646\" src=\"https:\/\/d2p6e6u75xmxt8.cloudfront.net\/13\/2022\/06\/roglic-profimedia-0699083712.jpg\" alt=\"Vingegaard\" width=\"1800\" height=\"1200\" \/><\/a><figcaption id=\"caption-attachment-17646\" class=\"wp-caption-text\"><em>Jonas Vingegaard (vpravo) p\u0159i z\u00e1vod\u011b Crit\u00e9rium du Dauphin\u00e9, kde skon\u010dil celkov\u011b druh\u00fd za Primo\u017eem Rogli\u010dem.<\/em><\/figcaption><\/figure>\n<p>\u201eMysl\u00edm, \u017ee klidn\u011b m\u016f\u017eu Tour vyhr\u00e1t,\u201c \u0159ekl sebev\u011bdom\u011b po Dauphin\u00e9. \u201eVloni jsem byl schopen Poga\u010dara utrhnout ve stoup\u00e1n\u00ed na Mont Ventoux a j\u00e1 i t\u00fdm jsme se od t\u00e9 doby zlep\u0161ili. Ale jsme tu s\u00a0Primo\u017eem dva jako l\u00edd\u0159i a mus\u00edme z\u00a0toho zkusit vyt\u011b\u017eit co nejv\u00edc. Rozhodn\u011b mezi n\u00e1mi nen\u00ed \u017e\u00e1dn\u00e1 rivalita. Jsme p\u0159\u00e1tel\u00e9 i mimo kolo, znaj\u00ed se na\u0161e rodiny. A kdy\u017e se jednomu z\u00a0n\u00e1s da\u0159\u00ed v\u00edc, m\u00e1me radost za toho druh\u00e9ho,\u201c prozradil.<\/p>\n<p>Kdo bude kr\u00e1lem 109. ro\u010dn\u00edku se v\u0161ichni dozv\u00ed 24. \u010dervence na Champs \u00c9lys\u00e9es v Pa\u0159\u00ed\u017ei. Bude m\u00edt nov\u00fd \u0161ampion znovu slovinsk\u00fd pas, nebo se do\u010dk\u00e1me senzace?<\/p>\n","protected":false},"excerpt":{"rendered":"<p>Cyklistick\u00fd sv\u00e1tek roku se bl\u00ed\u017e\u00ed. U\u017e 109. ro\u010dn\u00edk Tour de France startuje v\u00a0p\u00e1tek 1. \u010dervence v\u00a0Kodani. V\u00edt\u011bz bude korunov\u00e1n v\u00a0Pa\u0159\u00ed\u017ei [&hellip;]<\/p>\n","protected":false},"author":138,"featured_media":17646,"comment_status":"open","ping_status":"open","sticky":false,"template":"","format":"standard","meta":{"footnotes":""},"categories":[1711],"tags":[1550,126,2434,2435,2436,309,1601,102,799,9,2433,1129],"global-categories":[411],"class_list":["post-17639","post","type-post","status-publish","format-standard","has-post-thumbnail","hentry","category-tour-de-france","tag-adam-yates","tag-cyklistika","tag-daniel-felipe-martinez","tag-david-gaudu","tag-favorite-tour-de-france-2022","tag-geraint-thomas","tag-jonas-vingegaard","tag-primoz-roglic","tag-romain-bardet","tag-silnicni-cyklistika","tag-tadej-pogcar","tag-thibaut-pinot","global-categories-cycling"],"yoast_head":"<!-- This site is optimized with the Yoast SEO Premium plugin v25.3 (Yoast SEO v25.9) - https:\/\/yoast.com\/wordpress\/plugins\/seo\/ -->\n<title>Koho sledovat na Tour de France: Tadej Poga\u010dar, Primo\u017e Rogli\u010d, Jonas Vingegaard... | \u0160koda We Love Cycling - \u010cesk\u00e1 republika<\/title>\n<meta name=\"robots\" content=\"index, follow, max-snippet:-1, max-image-preview:large, max-video-preview:-1\" \/>\n<link rel=\"canonical\" href=\"https:\/\/www.welovecycling.com\/cs\/2022\/06\/23\/koho-sledovat-na-tour-de-france-tadej-pogacar-primoz-roglic-jonas-vingegaard\/\" \/>\n<meta property=\"og:locale\" content=\"cs_CZ\" \/>\n<meta property=\"og:type\" content=\"article\" \/>\n<meta property=\"og:title\" content=\"Koho sledovat na Tour de France: Tadej Poga\u010dar, Primo\u017e Rogli\u010d, Jonas Vingegaard...\" \/>\n<meta property=\"og:description\" content=\"Cyklistick\u00fd sv\u00e1tek roku se bl\u00ed\u017e\u00ed. U\u017e 109. ro\u010dn\u00edk Tour de France startuje v\u00a0p\u00e1tek 1. \u010dervence v\u00a0Kodani. V\u00edt\u011bz bude korunov\u00e1n v\u00a0Pa\u0159\u00ed\u017ei [&hellip;]\" \/>\n<meta property=\"og:url\" content=\"https:\/\/www.welovecycling.com\/cs\/2022\/06\/23\/koho-sledovat-na-tour-de-france-tadej-pogacar-primoz-roglic-jonas-vingegaard\/\" \/>\n<meta property=\"og:site_name\" content=\"\u0160koda We Love Cycling - \u010cesk\u00e1 republika\" \/>\n<meta property=\"article:published_time\" content=\"2022-06-23T06:04:09+00:00\" \/>\n<meta property=\"og:image\" content=\"https:\/\/d2p6e6u75xmxt8.cloudfront.net\/13\/2022\/06\/roglic-profimedia-0699083712.webp\" \/>\n\t<meta property=\"og:image:width\" content=\"1800\" \/>\n\t<meta property=\"og:image:height\" content=\"1200\" \/>\n\t<meta property=\"og:image:type\" content=\"image\/webp\" \/>\n<meta name=\"author\" content=\"radekmalina\" \/>\n<meta name=\"twitter:card\" content=\"summary_large_image\" \/>\n<meta name=\"twitter:label1\" content=\"Written by\" \/>\n\t<meta name=\"twitter:data1\" content=\"We Love Cycling\" \/>\n\t<meta name=\"twitter:label2\" content=\"Est. reading time\" \/>\n\t<meta name=\"twitter:data2\" content=\"6\" \/>\n<script type=\"application\/ld+json\" class=\"yoast-schema-graph\">{\"@context\":\"https:\/\/schema.org\",\"@graph\":[{\"@type\":\"WebPage\",\"@id\":\"https:\/\/www.welovecycling.com\/cs\/2022\/06\/23\/koho-sledovat-na-tour-de-france-tadej-pogacar-primoz-roglic-jonas-vingegaard\/\",\"url\":\"https:\/\/www.welovecycling.com\/cs\/2022\/06\/23\/koho-sledovat-na-tour-de-france-tadej-pogacar-primoz-roglic-jonas-vingegaard\/\",\"name\":\"Koho sledovat na Tour de France: Tadej Poga\u010dar, Primo\u017e Rogli\u010d, Jonas Vingegaard... | \u0160koda We Love Cycling - \u010cesk\u00e1 republika\",\"isPartOf\":{\"@id\":\"https:\/\/www.welovecycling.com\/cs\/#website\"},\"primaryImageOfPage\":{\"@id\":\"https:\/\/www.welovecycling.com\/cs\/2022\/06\/23\/koho-sledovat-na-tour-de-france-tadej-pogacar-primoz-roglic-jonas-vingegaard\/#primaryimage\"},\"image\":{\"@id\":\"https:\/\/www.welovecycling.com\/cs\/2022\/06\/23\/koho-sledovat-na-tour-de-france-tadej-pogacar-primoz-roglic-jonas-vingegaard\/#primaryimage\"},\"thumbnailUrl\":\"https:\/\/d2p6e6u75xmxt8.cloudfront.net\/13\/2022\/06\/roglic-profimedia-0699083712.webp\",\"datePublished\":\"2022-06-23T06:04:09+00:00\",\"author\":{\"@id\":\"https:\/\/www.welovecycling.com\/cs\/#\/schema\/person\/d9eeb0a378f3a7e4a6d12d2b536b04b8\"},\"inLanguage\":\"cs\",\"potentialAction\":[{\"@type\":\"ReadAction\",\"target\":[\"https:\/\/www.welovecycling.com\/cs\/2022\/06\/23\/koho-sledovat-na-tour-de-france-tadej-pogacar-primoz-roglic-jonas-vingegaard\/\"]}]},{\"@type\":\"ImageObject\",\"inLanguage\":\"cs\",\"@id\":\"https:\/\/www.welovecycling.com\/cs\/2022\/06\/23\/koho-sledovat-na-tour-de-france-tadej-pogacar-primoz-roglic-jonas-vingegaard\/#primaryimage\",\"url\":\"https:\/\/d2p6e6u75xmxt8.cloudfront.net\/13\/2022\/06\/roglic-profimedia-0699083712.webp\",\"contentUrl\":\"https:\/\/d2p6e6u75xmxt8.cloudfront.net\/13\/2022\/06\/roglic-profimedia-0699083712.webp\",\"width\":1800,\"height\":1200,\"caption\":\"Vingegaard\"},{\"@type\":\"WebSite\",\"@id\":\"https:\/\/www.welovecycling.com\/cs\/#website\",\"url\":\"https:\/\/www.welovecycling.com\/cs\/\",\"name\":\"\u0160koda We Love Cycling - \u010cesk\u00e1 republika\",\"description\":\"WeLoveCycling.cz je online magaz\u00edn, kter\u00fd v\u00e1m pravideln\u011b p\u0159in\u00e1\u0161\u00ed rady a tipy, zaj\u00edmav\u00e9 \u010dl\u00e1nky, videa a jedine\u010dn\u00e9 report\u00e1\u017ee ze sv\u011bta cyklistiky.\",\"potentialAction\":[{\"@type\":\"SearchAction\",\"target\":{\"@type\":\"EntryPoint\",\"urlTemplate\":\"https:\/\/www.welovecycling.com\/cs\/?s={search_term_string}\"},\"query-input\":{\"@type\":\"PropertyValueSpecification\",\"valueRequired\":true,\"valueName\":\"search_term_string\"}}],\"inLanguage\":\"cs\"},{\"@type\":\"Person\",\"@id\":\"https:\/\/www.welovecycling.com\/cs\/#\/schema\/person\/d9eeb0a378f3a7e4a6d12d2b536b04b8\",\"name\":\"radekmalina\",\"image\":{\"@type\":\"ImageObject\",\"inLanguage\":\"cs\",\"@id\":\"https:\/\/www.welovecycling.com\/cs\/#\/schema\/person\/image\/\",\"url\":\"https:\/\/secure.gravatar.com\/avatar\/66994b632cb8c39a46b9f54afa3ae07201b678d32a54275b6f1c9ffec356bfc0?s=96&d=mm&r=g\",\"contentUrl\":\"https:\/\/secure.gravatar.com\/avatar\/66994b632cb8c39a46b9f54afa3ae07201b678d32a54275b6f1c9ffec356bfc0?s=96&d=mm&r=g\",\"caption\":\"radekmalina\"},\"url\":\"https:\/\/www.welovecycling.com\/cs\/author\/radekmalina\/\"}]}<\/script>\n<!-- \/ Yoast SEO Premium plugin. -->","yoast_head_json":{"title":"Koho sledovat na Tour de France: Tadej Poga\u010dar, Primo\u017e Rogli\u010d, Jonas Vingegaard... | \u0160koda We Love Cycling - \u010cesk\u00e1 republika","robots":{"index":"index","follow":"follow","max-snippet":"max-snippet:-1","max-image-preview":"max-image-preview:large","max-video-preview":"max-video-preview:-1"},"canonical":"https:\/\/www.welovecycling.com\/cs\/2022\/06\/23\/koho-sledovat-na-tour-de-france-tadej-pogacar-primoz-roglic-jonas-vingegaard\/","og_locale":"cs_CZ","og_type":"article","og_title":"Koho sledovat na Tour de France: Tadej Poga\u010dar, Primo\u017e Rogli\u010d, Jonas Vingegaard...","og_description":"Cyklistick\u00fd sv\u00e1tek roku se bl\u00ed\u017e\u00ed. U\u017e 109. ro\u010dn\u00edk Tour de France startuje v\u00a0p\u00e1tek 1. \u010dervence v\u00a0Kodani. V\u00edt\u011bz bude korunov\u00e1n v\u00a0Pa\u0159\u00ed\u017ei [&hellip;]","og_url":"https:\/\/www.welovecycling.com\/cs\/2022\/06\/23\/koho-sledovat-na-tour-de-france-tadej-pogacar-primoz-roglic-jonas-vingegaard\/","og_site_name":"\u0160koda We Love Cycling - \u010cesk\u00e1 republika","article_published_time":"2022-06-23T06:04:09+00:00","og_image":[{"width":1800,"height":1200,"url":"https:\/\/d2p6e6u75xmxt8.cloudfront.net\/13\/2022\/06\/roglic-profimedia-0699083712.webp","type":"image\/webp"}],"author":"radekmalina","twitter_card":"summary_large_image","twitter_misc":{"Written by":"We Love Cycling","Est. reading time":"6"},"schema":{"@context":"https:\/\/schema.org","@graph":[{"@type":"WebPage","@id":"https:\/\/www.welovecycling.com\/cs\/2022\/06\/23\/koho-sledovat-na-tour-de-france-tadej-pogacar-primoz-roglic-jonas-vingegaard\/","url":"https:\/\/www.welovecycling.com\/cs\/2022\/06\/23\/koho-sledovat-na-tour-de-france-tadej-pogacar-primoz-roglic-jonas-vingegaard\/","name":"Koho sledovat na Tour de France: Tadej Poga\u010dar, Primo\u017e Rogli\u010d, Jonas Vingegaard... | \u0160koda We Love Cycling - \u010cesk\u00e1 republika","isPartOf":{"@id":"https:\/\/www.welovecycling.com\/cs\/#website"},"primaryImageOfPage":{"@id":"https:\/\/www.welovecycling.com\/cs\/2022\/06\/23\/koho-sledovat-na-tour-de-france-tadej-pogacar-primoz-roglic-jonas-vingegaard\/#primaryimage"},"image":{"@id":"https:\/\/www.welovecycling.com\/cs\/2022\/06\/23\/koho-sledovat-na-tour-de-france-tadej-pogacar-primoz-roglic-jonas-vingegaard\/#primaryimage"},"thumbnailUrl":"https:\/\/d2p6e6u75xmxt8.cloudfront.net\/13\/2022\/06\/roglic-profimedia-0699083712.webp","datePublished":"2022-06-23T06:04:09+00:00","author":{"@id":"https:\/\/www.welovecycling.com\/cs\/#\/schema\/person\/d9eeb0a378f3a7e4a6d12d2b536b04b8"},"inLanguage":"cs","potentialAction":[{"@type":"ReadAction","target":["https:\/\/www.welovecycling.com\/cs\/2022\/06\/23\/koho-sledovat-na-tour-de-france-tadej-pogacar-primoz-roglic-jonas-vingegaard\/"]}]},{"@type":"ImageObject","inLanguage":"cs","@id":"https:\/\/www.welovecycling.com\/cs\/2022\/06\/23\/koho-sledovat-na-tour-de-france-tadej-pogacar-primoz-roglic-jonas-vingegaard\/#primaryimage","url":"https:\/\/d2p6e6u75xmxt8.cloudfront.net\/13\/2022\/06\/roglic-profimedia-0699083712.webp","contentUrl":"https:\/\/d2p6e6u75xmxt8.cloudfront.net\/13\/2022\/06\/roglic-profimedia-0699083712.webp","width":1800,"height":1200,"caption":"Vingegaard"},{"@type":"WebSite","@id":"https:\/\/www.welovecycling.com\/cs\/#website","url":"https:\/\/www.welovecycling.com\/cs\/","name":"\u0160koda We Love Cycling - \u010cesk\u00e1 republika","description":"WeLoveCycling.cz je online magaz\u00edn, kter\u00fd v\u00e1m pravideln\u011b p\u0159in\u00e1\u0161\u00ed rady a tipy, zaj\u00edmav\u00e9 \u010dl\u00e1nky, videa a jedine\u010dn\u00e9 report\u00e1\u017ee ze sv\u011bta cyklistiky.","potentialAction":[{"@type":"SearchAction","target":{"@type":"EntryPoint","urlTemplate":"https:\/\/www.welovecycling.com\/cs\/?s={search_term_string}"},"query-input":{"@type":"PropertyValueSpecification","valueRequired":true,"valueName":"search_term_string"}}],"inLanguage":"cs"},{"@type":"Person","@id":"https:\/\/www.welovecycling.com\/cs\/#\/schema\/person\/d9eeb0a378f3a7e4a6d12d2b536b04b8","name":"radekmalina","image":{"@type":"ImageObject","inLanguage":"cs","@id":"https:\/\/www.welovecycling.com\/cs\/#\/schema\/person\/image\/","url":"https:\/\/secure.gravatar.com\/avatar\/66994b632cb8c39a46b9f54afa3ae07201b678d32a54275b6f1c9ffec356bfc0?s=96&d=mm&r=g","contentUrl":"https:\/\/secure.gravatar.com\/avatar\/66994b632cb8c39a46b9f54afa3ae07201b678d32a54275b6f1c9ffec356bfc0?s=96&d=mm&r=g","caption":"radekmalina"},"url":"https:\/\/www.welovecycling.com\/cs\/author\/radekmalina\/"}]}},"_links":{"self":[{"href":"https:\/\/www.welovecycling.com\/cs\/wp-json\/wp\/v2\/posts\/17639","targetHints":{"allow":["GET"]}}],"collection":[{"href":"https:\/\/www.welovecycling.com\/cs\/wp-json\/wp\/v2\/posts"}],"about":[{"href":"https:\/\/www.welovecycling.com\/cs\/wp-json\/wp\/v2\/types\/post"}],"author":[{"embeddable":true,"href":"https:\/\/www.welovecycling.com\/cs\/wp-json\/wp\/v2\/users\/138"}],"replies":[{"embeddable":true,"href":"https:\/\/www.welovecycling.com\/cs\/wp-json\/wp\/v2\/comments?post=17639"}],"version-history":[{"count":2,"href":"https:\/\/www.welovecycling.com\/cs\/wp-json\/wp\/v2\/posts\/17639\/revisions"}],"predecessor-version":[{"id":17648,"href":"https:\/\/www.welovecycling.com\/cs\/wp-json\/wp\/v2\/posts\/17639\/revisions\/17648"}],"wp:featuredmedia":[{"embeddable":true,"href":"https:\/\/www.welovecycling.com\/cs\/wp-json\/wp\/v2\/media\/17646"}],"wp:attachment":[{"href":"https:\/\/www.welovecycling.com\/cs\/wp-json\/wp\/v2\/media?parent=17639"}],"wp:term":[{"taxonomy":"category","embeddable":true,"href":"https:\/\/www.welovecycling.com\/cs\/wp-json\/wp\/v2\/categories?post=17639"},{"taxonomy":"post_tag","embeddable":true,"href":"https:\/\/www.welovecycling.com\/cs\/wp-json\/wp\/v2\/tags?post=17639"},{"taxonomy":"global-categories","embeddable":true,"href":"https:\/\/www.welovecycling.com\/cs\/wp-json\/wp\/v2\/global-categories?post=17639"}],"curies":[{"name":"wp","href":"https:\/\/api.w.org\/{rel}","templated":true}]}}