{"id":17635,"date":"2022-06-28T09:50:12","date_gmt":"2022-06-28T07:50:12","guid":{"rendered":"https:\/\/www.welovecycling.com\/cs\/?p=17635"},"modified":"2022-06-28T09:50:12","modified_gmt":"2022-06-28T07:50:12","slug":"henri-desgrange-despota-a-egomaniak-co-miloval-tour-de-france","status":"publish","type":"post","link":"https:\/\/www.welovecycling.com\/cs\/2022\/06\/28\/henri-desgrange-despota-a-egomaniak-co-miloval-tour-de-france\/","title":{"rendered":"Henri Desgrange: despota a egomaniak, co miloval Tour de France"},"content":{"rendered":"<p><strong>Byl to krut\u00fd a ne\u00fastupn\u00fd egomaniak. Byl taky patriot, ale despota, sadista a narcis. V hloubi du\u0161e v\u0161ak Henri Desgrange nade v\u0161e miloval z\u00e1vod, kter\u00fd stvo\u0159il. A miloval lidi, co ho tvo\u0159ili.<\/strong><\/p>\n<p>V roce 1924 musel jeden z nejlep\u0161\u00edch z\u00e1vodn\u00edk\u016f Tour de France opustit z\u00e1vod, proto\u017ee poru\u0161il pravidla. Ne \u017ee by se kousek trat\u011b svezl vlakem, jak to mnoz\u00ed z\u00e1vodn\u00edci tehdej\u0161\u00ed \u00e9ry d\u011blali. Nepodv\u00e1d\u011bl se zak\u00e1zan\u00fdmi l\u00e1tkami, kter\u00e9 vlastn\u011b zak\u00e1zan\u00e9 nebyly, proto\u017ee \u017e\u00e1dn\u00e9 dopingov\u00e9 testy neexistovaly. A tak snad ka\u017ed\u00fd v pelotonu n\u011bjak\u00fd ten stimulant pou\u017e\u00edval, aby v\u016fbec kolos\u00e1ln\u00ed, klidn\u011b 400kilometrov\u00e9 etapy p\u0159e\u017eil.<\/p>\n<p>Henri P\u00e9lissier si prost\u011b jen nesm\u011bl sundat svetr, kdy\u017e zpoza obzoru vy\u0161lo slunce a oh\u0159\u00e1lo francouzsk\u00e9 r\u00e1no! Prazvl\u00e1\u0161tn\u00ed p\u0159edpis z bizarn\u00ed a sadistick\u00e9 knihy pravidel na\u0159izoval \u00fa\u010dastn\u00edk\u016fm ukon\u010dit etapu s p\u0159esn\u011b t\u00fdm\u017e vybaven\u00edm a oble\u010den\u00edm, s jak\u00fdm ji zah\u00e1jili. A jedno, jak\u00e9 panovaly ten kter\u00fd den na trati podm\u00ednky.<\/p>\n<p>Takov\u00e9 a podobn\u00e9 v\u00fdmysly m\u011bl na sv\u011bdom\u00ed jeden mu\u017e: zakladatel Tour de France a jej\u00ed \u0159editel Henri Desgrange.<\/p>\n<h2><strong>Vyhazov za du\u0161i ponechanou u silnice<\/strong><\/h2>\n<p>Ten m\u011bl s P\u00e9lissierem dlouhodob\u00e9 spory. U\u017e v roce 1920 jeden z nejtalentovan\u011bj\u0161\u00edch z\u00e1vodn\u00edk\u016f sv\u00e9 doby Tour opou\u0161t\u011bl na protest proti dvouminutov\u00e9 penalizaci za to, \u017ee po v\u00fdm\u011bn\u011b defektu nechal u silnice le\u017eet p\u00edchlou du\u0161i. A proto\u017ee Desgrange vlastnil taky den\u00edk L\u00b4Auto, kter\u00fd jedin\u00fd m\u011bl pr\u00e1vo o z\u00e1vod\u011b informovat, vyu\u017eil jeho str\u00e1nek a P\u00e9lissiera na nich lyn\u010doval, kdy\u017e napsal: \u201eJe to klasa, ale neum\u00ed trp\u011bt.\u201c<\/p>\n<div class=\"shortcode-ys-post-pinup\"><article class=\"loop-simple post-17462 post type-post status-publish format-video has-post-thumbnail hentry category-podcasty tag-andy-schleck tag-cyklistika tag-grand-tour tag-letape-czech-republic-by-tour-de-france-2022 tag-podcast tag-silnicni-cyklistika tag-tour-de-france post_format-post-format-video global-categories-cycling\" data-postid=\"17462\" role=\"article\" data-post-id=\"17462\" data-word-count=\"326\" data-headline-length=\"70\" data-category=\"Podcasty\" data-global-category=\"Cycling\" data-author=\"We Love Cycling\" data-published=\"2022-06-08T16:08:47+02:00\" data-published-day=\"Wednesday\">\n    <div class=\"entry-thumbnail article-thumbnail video-thumbnail\" content=\"https:\/\/d2p6e6u75xmxt8.cloudfront.net\/13\/2022\/06\/wlc-podcast-thumbnail-Schleck-150x150.webp\"><svg class=\"play font-icon\"><use href=\"#play_round\" xlink:href=\"#play_round\"><\/use><\/svg><a href=\"https:\/\/www.welovecycling.com\/cs\/2022\/06\/08\/wlc-podcast-andy-schleck-cyklistika-je-moje-vasen-a-nabozenstvi\/\" class=\"image-holder\" target=\"_self\"><img decoding=\"async\" loading=\"lazy\" class=\"\" src=\"https:\/\/d2p6e6u75xmxt8.cloudfront.net\/13\/2022\/06\/wlc-podcast-thumbnail-Schleck-1024x576.webp\" srcset=\"https:\/\/d2p6e6u75xmxt8.cloudfront.net\/13\/2022\/06\/wlc-podcast-thumbnail-Schleck.webp 1920w, https:\/\/d2p6e6u75xmxt8.cloudfront.net\/13\/2022\/06\/wlc-podcast-thumbnail-Schleck-300x169.webp 300w, https:\/\/d2p6e6u75xmxt8.cloudfront.net\/13\/2022\/06\/wlc-podcast-thumbnail-Schleck-1024x576.webp 1024w, https:\/\/d2p6e6u75xmxt8.cloudfront.net\/13\/2022\/06\/wlc-podcast-thumbnail-Schleck-768x432.webp 768w, https:\/\/d2p6e6u75xmxt8.cloudfront.net\/13\/2022\/06\/wlc-podcast-thumbnail-Schleck-1536x864.webp 1536w\" width=\"1024\" height=\"576\" sizes=\"auto, (min-width: 1200px) 356px, (min-width: 768px) 30vw, 100vw\" alt=\"wlc-podcast-andy-schleck-cyklistika-je-moje-vasen-a-nabozenstvi\"\/><\/a><\/div>    <div class=\"entry-meta\">\n        <a class=\"label label-secondary post-category\" href=\"https:\/\/www.welovecycling.com\/cs\/category\/podcasty\/\" title=\"Podcasty\">Podcasty<\/a>\n    <\/div>\n    <div class=\"entry-details\">\n        <a href=\"https:\/\/www.welovecycling.com\/cs\/2022\/06\/08\/wlc-podcast-andy-schleck-cyklistika-je-moje-vasen-a-nabozenstvi\/\" class='entry-title-wrapper'>\n            <h3 class=\"entry-title\"><span>WLC Podcast Andy Schleck: Cyklistika je moje v\u00e1\u0161e\u0148 a n\u00e1bo\u017eenstv\u00ed<\/span><\/h3>\n        <\/a>\n    <\/div>\n    <\/article>\n<\/div>\n<p>A tak i P\u00e9lissier se uch\u00fdlil k psan\u00e9mu \u00fatoku a v rozhovoru pro report\u00e9ra Alberta Londrese jezdce p\u0159irovn\u00e1 k otrok\u016fm silnic. \u201eVlastn\u011b organiz\u00e1to\u0159i s cyklisty zach\u00e1zej\u00ed jen o n\u011bco m\u00e1lo l\u00e9pe ne\u017e s otroky,\u201c prohl\u00e1sil.<\/p>\n<figure id=\"attachment_17723\" aria-describedby=\"caption-attachment-17723\" style=\"width: 1800px\" class=\"wp-caption alignnone\"><a href=\"https:\/\/d2p6e6u75xmxt8.cloudfront.net\/13\/2022\/06\/desgrange-profimedia-0067998948.jpg\"><img loading=\"lazy\" decoding=\"async\" class=\"size-full wp-image-17723\" src=\"https:\/\/d2p6e6u75xmxt8.cloudfront.net\/13\/2022\/06\/desgrange-profimedia-0067998948.jpg\" alt=\"Belgian rider Sylvere Maes repairs his bike after a puncture in the Col du Galibier as Tour de France director Frenchman Henri Desgrange watches him on July, 27, 1939 during the first leg (Brian\u00e7on-Bonneval sur Arc) of the 16th stage of the Tour de France between Brian\u00e7on and Annecy. Three years after his first victory, Maes won his second Tour de France.\" width=\"1800\" height=\"1247\" \/><\/a><figcaption id=\"caption-attachment-17723\" class=\"wp-caption-text\"><em>Henri Desgrange dohl\u00ed\u017e\u00ed na opravu defektu belgick\u00e9ho cyklisty Sylvera Maese p\u0159i Tour de France 1939.<\/em><\/figcaption><\/figure>\n<p>A vlastn\u011b m\u011bl pravdu, proto\u017ee Tour pod Desgrangem byla zam\u00fd\u0161lena tak, aby ji jezdci vzd\u00e1vali, aby do c\u00edle dorazil jedin\u00fd, ten nejlep\u0161\u00ed. \u0160ampion. Jeho filozofi\u00ed nebyla oslava toho, co \u010dlov\u011bk zvl\u00e1dne. On cht\u011bl demonstrovat, co u\u017e mo\u017en\u00e9 nen\u00ed. Ale Tour byla jeho a on byl Tour. A a tak si mohl d\u011blat, co cht\u011bl.<\/p>\n<p>Vedle extr\u00e9mn\u00edch porc\u00ed kilometr\u016f le directeur zakazoval pomoc zven\u010d\u00ed, n\u00e1hradn\u00ed d\u00edly (pokud si je tedy z\u00e1vodn\u00edci nevezli s sebou u\u017e od startu), \u00fa\u010dastn\u00edci nesm\u011bli ani p\u00edt v\u00edc, ne\u017e bylo p\u0159edeps\u00e1no. A o pravidle ohledn\u011b oble\u010den\u00ed u\u017e v\u00edme. A kdy\u017e p\u0159i\u0161ly prvn\u00ed p\u0159ehazova\u010dky, m\u011bl je za doping a zm\u011bk\u010dilost a odm\u00edtal je: \u201eJsou jen pro lidi nad 45. Nen\u00ed lep\u0161\u00ed v\u00edt\u011bzit silou sval\u016f ne\u017e funkc\u00ed p\u0159ehazova\u010dky?\u201c<\/p>\n<div class=\"shortcode-ys-post-pinup\"><article class=\"loop-simple post-17590 post type-post status-publish format-standard has-post-thumbnail hentry category-tour-de-france tag-bjar tag-cyklistika tag-dansko tag-grand-depart tag-grande-boucle tag-maillot-jaune tag-silnicni-cyklistika tag-tour-de-france global-categories-cycling\" data-postid=\"17590\" role=\"article\" data-post-id=\"17590\" data-word-count=\"362\" data-headline-length=\"70\" data-category=\"Tour de France\" data-global-category=\"Cycling\" data-author=\"We Love Cycling\" data-published=\"2022-06-21T07:00:36+02:00\" data-published-day=\"Tuesday\">\n    <div class=\"entry-thumbnail article-thumbnail\" content=\"https:\/\/d2p6e6u75xmxt8.cloudfront.net\/13\/2022\/06\/DANSKO-profimedia-0700342059-150x150.webp\"><a href=\"https:\/\/www.welovecycling.com\/cs\/2022\/06\/21\/tour-de-france-dansko-desata-zeme-hostici-grand-depart\/\" class=\"image-holder\" target=\"_self\"><img decoding=\"async\" loading=\"lazy\" class=\"\" src=\"https:\/\/d2p6e6u75xmxt8.cloudfront.net\/13\/2022\/06\/DANSKO-profimedia-0700342059-1024x683.webp\" srcset=\"https:\/\/d2p6e6u75xmxt8.cloudfront.net\/13\/2022\/06\/DANSKO-profimedia-0700342059.webp 1800w, https:\/\/d2p6e6u75xmxt8.cloudfront.net\/13\/2022\/06\/DANSKO-profimedia-0700342059-300x200.webp 300w, https:\/\/d2p6e6u75xmxt8.cloudfront.net\/13\/2022\/06\/DANSKO-profimedia-0700342059-1024x683.webp 1024w, https:\/\/d2p6e6u75xmxt8.cloudfront.net\/13\/2022\/06\/DANSKO-profimedia-0700342059-768x512.webp 768w, https:\/\/d2p6e6u75xmxt8.cloudfront.net\/13\/2022\/06\/DANSKO-profimedia-0700342059-1536x1024.webp 1536w, https:\/\/d2p6e6u75xmxt8.cloudfront.net\/13\/2022\/06\/DANSKO-profimedia-0700342059-272x182.webp 272w\" width=\"1024\" height=\"683\" sizes=\"auto, (min-width: 1200px) 300px, (min-width: 768px) 25vw, 100vw\" alt=\"tour-de-france-dansko-desata-zeme-hostici-grand-depart\"\/><\/a><\/div>    <div class=\"entry-meta\">\n        <a class=\"label label-secondary post-category\" href=\"https:\/\/www.welovecycling.com\/cs\/category\/tour-de-france\/\" title=\"Tour de France\">Tour de France<\/a>\n    <\/div>\n    <div class=\"entry-details\">\n        <a href=\"https:\/\/www.welovecycling.com\/cs\/2022\/06\/21\/tour-de-france-dansko-desata-zeme-hostici-grand-depart\/\" class='entry-title-wrapper'>\n            <h3 class=\"entry-title\"><span>Tour de France: D\u00e1nsko &#8211; des\u00e1t\u00e1 zem\u011b host\u00edc\u00ed Grand D\u00e9part<\/span><\/h3>\n        <\/a>\n    <\/div>\n    <\/article>\n<\/div>\n<p>Pravd\u011bpodobn\u011b by proto odm\u00edtal dne\u0161n\u00ed vys\u00edla\u010dky, m\u011b\u0159i\u010de v\u00fdkonu i protokol o extr\u00e9mn\u00edm po\u010das\u00ed, kter\u00fd si z\u00e1vodn\u00edci vymohli. A kter\u00fd upravuje, za jak\u00fdch podm\u00ednek se je\u0161t\u011b sm\u00ed a za jak\u00fdch u\u017e ne z\u00e1vodit.<\/p>\n<h2><strong>\u017dlut\u00fd dres nese jeho monogram<\/strong><\/h2>\n<p>Na druhou stranu by musel vrn\u011bt blahem, kdyby vid\u011bl sou\u010dasn\u00e9 experimenty ve stejn\u00e9m duchu, jak\u00fd on prosazoval \u2013 tedy dostat z \u010dlov\u011bka v\u00edc, ne\u017e v n\u011bm je. Nap\u0159\u00edklad lo\u0148sk\u00fd dvojit\u00fd p\u0159ejezd Mont Ventoux nebo leto\u0161n\u00ed n\u00e1vrat na kostky na severu zem\u011b zn\u00e1m\u00e9 z klasiky Pa\u0159\u00ed\u017e-Roubaix. To je cyklistika z d\u00e1vnov\u011bku, tvrd\u00e1 a spravedliv\u00e1, jak ji prosazoval.<\/p>\n<p>Jist\u011b by byl taky r\u00e1d, \u017ee na n\u011bj dodnes vzpom\u00ednaj\u00ed zvl\u00e1\u0161tn\u00ed cenou Souvenir Henri Desgrange ud\u011blovanou prvn\u00edmu mu\u017ei na nejvy\u0161\u0161\u00edm vrcholu toho kter\u00e9ho ro\u010dn\u00edku. A jist\u011b by byl r\u00e1d, \u017ee \u017elut\u00fd dres \u0161ampion\u016f nese jeho vlastnoru\u010dn\u00ed monogram HD neboli permanentn\u00ed p\u0159ipom\u00ednku mu\u017ee, kter\u00fd Tour stvo\u0159il a kter\u00fd ji vyslal na jej\u00ed dlouhou pou\u0165 a\u017e do sou\u010dasnosti.<\/p>\n<figure id=\"attachment_17724\" aria-describedby=\"caption-attachment-17724\" style=\"width: 1800px\" class=\"wp-caption alignnone\"><a href=\"https:\/\/d2p6e6u75xmxt8.cloudfront.net\/13\/2022\/06\/desgrange-pamatnik-profimedia-0096077577.jpg\"><img loading=\"lazy\" decoding=\"async\" class=\"size-full wp-image-17724\" src=\"https:\/\/d2p6e6u75xmxt8.cloudfront.net\/13\/2022\/06\/desgrange-pamatnik-profimedia-0096077577.jpg\" alt=\"his picture taken on June 12, 2011, shows a monument in memoriam of Henri Desgrange, creator of the Tour de France cycling race, on the road leading to Galibier pass (French Alps). The 18th stage of the 2011 Tour de France cycling race will end at the Galibier pass with a finish line at Serre-Chevalier ski-resort, to celebrate the 100th anniversary of the mythic Galibier passing.\" width=\"1800\" height=\"1197\" \/><\/a><figcaption id=\"caption-attachment-17724\" class=\"wp-caption-text\"><em>Henri Desgrange je nav\u017edy spojen s m\u00fdtick\u00fdm Galibierem, kde stoj\u00ed pam\u00e1tn\u00edk p\u0159ipom\u00ednaj\u00edc\u00ed stvo\u0159itele Tour de France.<\/em><\/figcaption><\/figure>\n<p>Co za\u010dalo jako z\u00e1vod pro ve\u0159ejnost s c\u00edlem nastartovat prodej Desgrangeova uvadaj\u00edc\u00edch novin L\u00b4Auto se rychle metamorfovalo do socio-kulturn\u00edho fenom\u00e9nu, jeho\u017e se Henri stal nad\u0161en\u00fdm k\u00e1pem.<\/p>\n<p>Vedle poh\u00e1dkov\u00fdch dobrodru\u017estv\u00ed mu\u017ee a jeho stroje mohl oby\u010dejn\u00fd Francouz poprv\u00e9 v \u017eivot\u011b z je\u0161t\u011b tepl\u00e9ho v\u00fdtisku obdivovat momentky z druh\u00e9ho konce sv\u00e9 zem\u011b, kde pravd\u011bpodobn\u011b nikdy nebyl a nebude. Od sv\u00fdch pion\u00fdrsk\u00fdch let pom\u00e1hala Tour budovat pocit n\u00e1rodn\u00ed hrdosti a \u0161\u00ed\u0159ila zem\u011bpisn\u00e9 osv\u00edcenstv\u00ed. Ostatn\u011b ani dnes nem\u016f\u017eeme Tour vn\u00edmat jen optikou cyklistick\u00e9ho z\u00e1vodu, ona p\u0159esahuje hranice sportu.<\/p>\n<div class=\"shortcode-ys-post-pinup\"><article class=\"loop-simple post-17524 post type-post status-publish format-standard has-post-thumbnail hentry category-silnicni-cyklistika tag-cyklistika tag-mathias-vacek tag-silnicni-cyklistika tag-trek-segafredo tag-trenink tag-zavod-miru global-categories-cycling\" data-postid=\"17524\" role=\"article\" data-post-id=\"17524\" data-word-count=\"539\" data-headline-length=\"98\" data-category=\"Silni\u010dn\u00ed cyklistika\" data-global-category=\"Cycling\" data-author=\"Jan Kr\u016fta\" data-published=\"2022-06-14T13:00:47+02:00\" data-published-day=\"Tuesday\">\n    <div class=\"entry-thumbnail article-thumbnail\" content=\"https:\/\/d2p6e6u75xmxt8.cloudfront.net\/13\/2022\/06\/Vacek-mathias-REI_1979-150x150.webp\"><a href=\"https:\/\/www.welovecycling.com\/cs\/2022\/06\/14\/mathias-vacek-musim-se-jeste-hodne-ucit-ale-jednou-chci-bojovat-na-tour-o-stupne-vitezu\/\" class=\"image-holder\" target=\"_self\"><img decoding=\"async\" loading=\"lazy\" class=\"\" src=\"https:\/\/d2p6e6u75xmxt8.cloudfront.net\/13\/2022\/06\/Vacek-mathias-REI_1979-1024x683.webp\" srcset=\"https:\/\/d2p6e6u75xmxt8.cloudfront.net\/13\/2022\/06\/Vacek-mathias-REI_1979.webp 1426w, https:\/\/d2p6e6u75xmxt8.cloudfront.net\/13\/2022\/06\/Vacek-mathias-REI_1979-300x200.webp 300w, https:\/\/d2p6e6u75xmxt8.cloudfront.net\/13\/2022\/06\/Vacek-mathias-REI_1979-1024x683.webp 1024w, https:\/\/d2p6e6u75xmxt8.cloudfront.net\/13\/2022\/06\/Vacek-mathias-REI_1979-768x512.webp 768w, https:\/\/d2p6e6u75xmxt8.cloudfront.net\/13\/2022\/06\/Vacek-mathias-REI_1979-272x182.webp 272w\" width=\"1024\" height=\"683\" sizes=\"auto, (min-width: 1200px) 300px, (min-width: 768px) 25vw, 100vw\" alt=\"mathias-vacek-musim-se-jeste-hodne-ucit-ale-jednou-chci-bojovat-na-tour-o-stupne-vitezu\"\/><\/a><\/div>    <div class=\"entry-meta\">\n        <a class=\"label label-secondary post-category\" href=\"https:\/\/www.welovecycling.com\/cs\/category\/silnicni-cyklistika\/\" title=\"Silni\u010dn\u00ed cyklistika\">Silni\u010dn\u00ed cyklistika<\/a>\n    <\/div>\n    <div class=\"entry-details\">\n        <a href=\"https:\/\/www.welovecycling.com\/cs\/2022\/06\/14\/mathias-vacek-musim-se-jeste-hodne-ucit-ale-jednou-chci-bojovat-na-tour-o-stupne-vitezu\/\" class='entry-title-wrapper'>\n            <h3 class=\"entry-title\"><span>Mathias Vacek: Mus\u00edm se je\u0161t\u011b hodn\u011b u\u010dit, ale jednou chci bojovat na Tour o stupn\u011b v\u00edt\u011bz\u016f<\/span><\/h3>\n        <\/a>\n    <\/div>\n    <\/article>\n<\/div>\n<p>Tour jsou slune\u010dnice. Tour jsou hrady a z\u00e1mky. Tour jsou hory i zem\u011bd\u011blci, co na sv\u00fdch pol\u00edch vytv\u00e1\u0159ej\u00ed z bal\u00edk\u016f sl\u00e1my nebo kolem dokola krou\u017e\u00edc\u00edch traktor\u016f obrazy na pozdrav pelotonu. Tour je l\u00e9to. Tour je to nejlep\u0161\u00ed z Francie. A to v\u0161e hlavn\u011b d\u00edky mu\u017ei, kter\u00fd byl tak p\u0159\u00edsn\u011b krut\u00fd, ale kter\u00fd to p\u0159itom jen myslel dob\u0159e.<\/p>\n","protected":false},"excerpt":{"rendered":"<p>Byl to krut\u00fd a ne\u00fastupn\u00fd egomaniak. Byl taky patriot, ale despota, sadista a narcis. V hloubi du\u0161e v\u0161ak Henri Desgrange [&hellip;]<\/p>\n","protected":false},"author":138,"featured_media":17722,"comment_status":"open","ping_status":"open","sticky":false,"template":"","format":"standard","meta":{"footnotes":""},"categories":[1711],"tags":[126,1112,2441,9,23],"global-categories":[411],"class_list":["post-17635","post","type-post","status-publish","format-standard","has-post-thumbnail","hentry","category-tour-de-france","tag-cyklistika","tag-henri-desgrange","tag-henri-pelissier","tag-silnicni-cyklistika","tag-tour-de-france","global-categories-cycling"],"yoast_head":"<!-- This site is optimized with the Yoast SEO Premium plugin v25.3 (Yoast SEO v25.9) - https:\/\/yoast.com\/wordpress\/plugins\/seo\/ -->\n<title>Henri Desgrange: despota a egomaniak, co miloval Tour de France | \u0160koda We Love Cycling - \u010cesk\u00e1 republika<\/title>\n<meta name=\"description\" content=\"Henri Desgrange byl krut\u00fd a ne\u00fastupn\u00fd egomaniak. Byl patriot, despota, sadista a narcis. V hloubi du\u0161e v\u0161ak nade v\u0161e miloval Tour de France.\" \/>\n<meta name=\"robots\" content=\"index, follow, max-snippet:-1, max-image-preview:large, max-video-preview:-1\" \/>\n<link rel=\"canonical\" href=\"https:\/\/www.welovecycling.com\/cs\/2022\/06\/28\/henri-desgrange-despota-a-egomaniak-co-miloval-tour-de-france\/\" \/>\n<meta property=\"og:locale\" content=\"cs_CZ\" \/>\n<meta property=\"og:type\" content=\"article\" \/>\n<meta property=\"og:title\" content=\"Henri Desgrange: despota a egomaniak, co miloval Tour de France\" \/>\n<meta property=\"og:description\" content=\"Henri Desgrange byl krut\u00fd a ne\u00fastupn\u00fd egomaniak. Byl patriot, despota, sadista a narcis. V hloubi du\u0161e v\u0161ak nade v\u0161e miloval Tour de France.\" \/>\n<meta property=\"og:url\" content=\"https:\/\/www.welovecycling.com\/cs\/2022\/06\/28\/henri-desgrange-despota-a-egomaniak-co-miloval-tour-de-france\/\" \/>\n<meta property=\"og:site_name\" content=\"\u0160koda We Love Cycling - \u010cesk\u00e1 republika\" \/>\n<meta property=\"article:published_time\" content=\"2022-06-28T07:50:12+00:00\" \/>\n<meta property=\"og:image\" content=\"https:\/\/d2p6e6u75xmxt8.cloudfront.net\/13\/2022\/06\/desgrange-profimedia-0067925949.webp\" \/>\n\t<meta property=\"og:image:width\" content=\"1800\" \/>\n\t<meta property=\"og:image:height\" content=\"1308\" \/>\n\t<meta property=\"og:image:type\" content=\"image\/webp\" \/>\n<meta name=\"author\" content=\"radekmalina\" \/>\n<meta name=\"twitter:card\" content=\"summary_large_image\" \/>\n<meta name=\"twitter:label1\" content=\"Written by\" \/>\n\t<meta name=\"twitter:data1\" content=\"Jan Kr\u016fta\" \/>\n\t<meta name=\"twitter:label2\" content=\"Est. reading time\" \/>\n\t<meta name=\"twitter:data2\" content=\"5\" \/>\n<script type=\"application\/ld+json\" class=\"yoast-schema-graph\">{\"@context\":\"https:\/\/schema.org\",\"@graph\":[{\"@type\":\"WebPage\",\"@id\":\"https:\/\/www.welovecycling.com\/cs\/2022\/06\/28\/henri-desgrange-despota-a-egomaniak-co-miloval-tour-de-france\/\",\"url\":\"https:\/\/www.welovecycling.com\/cs\/2022\/06\/28\/henri-desgrange-despota-a-egomaniak-co-miloval-tour-de-france\/\",\"name\":\"Henri Desgrange: despota a egomaniak, co miloval Tour de France | \u0160koda We Love Cycling - \u010cesk\u00e1 republika\",\"isPartOf\":{\"@id\":\"https:\/\/www.welovecycling.com\/cs\/#website\"},\"primaryImageOfPage\":{\"@id\":\"https:\/\/www.welovecycling.com\/cs\/2022\/06\/28\/henri-desgrange-despota-a-egomaniak-co-miloval-tour-de-france\/#primaryimage\"},\"image\":{\"@id\":\"https:\/\/www.welovecycling.com\/cs\/2022\/06\/28\/henri-desgrange-despota-a-egomaniak-co-miloval-tour-de-france\/#primaryimage\"},\"thumbnailUrl\":\"https:\/\/d2p6e6u75xmxt8.cloudfront.net\/13\/2022\/06\/desgrange-profimedia-0067925949.webp\",\"datePublished\":\"2022-06-28T07:50:12+00:00\",\"author\":{\"@id\":\"https:\/\/www.welovecycling.com\/cs\/#\/schema\/person\/d9eeb0a378f3a7e4a6d12d2b536b04b8\"},\"description\":\"Henri Desgrange byl krut\u00fd a ne\u00fastupn\u00fd egomaniak. Byl patriot, despota, sadista a narcis. V hloubi du\u0161e v\u0161ak nade v\u0161e miloval Tour de France.\",\"inLanguage\":\"cs\",\"potentialAction\":[{\"@type\":\"ReadAction\",\"target\":[\"https:\/\/www.welovecycling.com\/cs\/2022\/06\/28\/henri-desgrange-despota-a-egomaniak-co-miloval-tour-de-france\/\"]}]},{\"@type\":\"ImageObject\",\"inLanguage\":\"cs\",\"@id\":\"https:\/\/www.welovecycling.com\/cs\/2022\/06\/28\/henri-desgrange-despota-a-egomaniak-co-miloval-tour-de-france\/#primaryimage\",\"url\":\"https:\/\/d2p6e6u75xmxt8.cloudfront.net\/13\/2022\/06\/desgrange-profimedia-0067925949.webp\",\"contentUrl\":\"https:\/\/d2p6e6u75xmxt8.cloudfront.net\/13\/2022\/06\/desgrange-profimedia-0067925949.webp\",\"width\":1800,\"height\":1308,\"caption\":\"Henri Desgrange\"},{\"@type\":\"WebSite\",\"@id\":\"https:\/\/www.welovecycling.com\/cs\/#website\",\"url\":\"https:\/\/www.welovecycling.com\/cs\/\",\"name\":\"\u0160koda We Love Cycling - \u010cesk\u00e1 republika\",\"description\":\"WeLoveCycling.cz je online magaz\u00edn, kter\u00fd v\u00e1m pravideln\u011b p\u0159in\u00e1\u0161\u00ed rady a tipy, zaj\u00edmav\u00e9 \u010dl\u00e1nky, videa a jedine\u010dn\u00e9 report\u00e1\u017ee ze sv\u011bta cyklistiky.\",\"potentialAction\":[{\"@type\":\"SearchAction\",\"target\":{\"@type\":\"EntryPoint\",\"urlTemplate\":\"https:\/\/www.welovecycling.com\/cs\/?s={search_term_string}\"},\"query-input\":{\"@type\":\"PropertyValueSpecification\",\"valueRequired\":true,\"valueName\":\"search_term_string\"}}],\"inLanguage\":\"cs\"},{\"@type\":\"Person\",\"@id\":\"https:\/\/www.welovecycling.com\/cs\/#\/schema\/person\/d9eeb0a378f3a7e4a6d12d2b536b04b8\",\"name\":\"radekmalina\",\"image\":{\"@type\":\"ImageObject\",\"inLanguage\":\"cs\",\"@id\":\"https:\/\/www.welovecycling.com\/cs\/#\/schema\/person\/image\/\",\"url\":\"https:\/\/secure.gravatar.com\/avatar\/66994b632cb8c39a46b9f54afa3ae07201b678d32a54275b6f1c9ffec356bfc0?s=96&d=mm&r=g\",\"contentUrl\":\"https:\/\/secure.gravatar.com\/avatar\/66994b632cb8c39a46b9f54afa3ae07201b678d32a54275b6f1c9ffec356bfc0?s=96&d=mm&r=g\",\"caption\":\"radekmalina\"},\"url\":\"https:\/\/www.welovecycling.com\/cs\/author\/radekmalina\/\"}]}<\/script>\n<!-- \/ Yoast SEO Premium plugin. -->","yoast_head_json":{"title":"Henri Desgrange: despota a egomaniak, co miloval Tour de France | \u0160koda We Love Cycling - \u010cesk\u00e1 republika","description":"Henri Desgrange byl krut\u00fd a ne\u00fastupn\u00fd egomaniak. Byl patriot, despota, sadista a narcis. V hloubi du\u0161e v\u0161ak nade v\u0161e miloval Tour de France.","robots":{"index":"index","follow":"follow","max-snippet":"max-snippet:-1","max-image-preview":"max-image-preview:large","max-video-preview":"max-video-preview:-1"},"canonical":"https:\/\/www.welovecycling.com\/cs\/2022\/06\/28\/henri-desgrange-despota-a-egomaniak-co-miloval-tour-de-france\/","og_locale":"cs_CZ","og_type":"article","og_title":"Henri Desgrange: despota a egomaniak, co miloval Tour de France","og_description":"Henri Desgrange byl krut\u00fd a ne\u00fastupn\u00fd egomaniak. Byl patriot, despota, sadista a narcis. V hloubi du\u0161e v\u0161ak nade v\u0161e miloval Tour de France.","og_url":"https:\/\/www.welovecycling.com\/cs\/2022\/06\/28\/henri-desgrange-despota-a-egomaniak-co-miloval-tour-de-france\/","og_site_name":"\u0160koda We Love Cycling - \u010cesk\u00e1 republika","article_published_time":"2022-06-28T07:50:12+00:00","og_image":[{"width":1800,"height":1308,"url":"https:\/\/d2p6e6u75xmxt8.cloudfront.net\/13\/2022\/06\/desgrange-profimedia-0067925949.webp","type":"image\/webp"}],"author":"radekmalina","twitter_card":"summary_large_image","twitter_misc":{"Written by":"Jan Kr\u016fta","Est. reading time":"5"},"schema":{"@context":"https:\/\/schema.org","@graph":[{"@type":"WebPage","@id":"https:\/\/www.welovecycling.com\/cs\/2022\/06\/28\/henri-desgrange-despota-a-egomaniak-co-miloval-tour-de-france\/","url":"https:\/\/www.welovecycling.com\/cs\/2022\/06\/28\/henri-desgrange-despota-a-egomaniak-co-miloval-tour-de-france\/","name":"Henri Desgrange: despota a egomaniak, co miloval Tour de France | \u0160koda We Love Cycling - \u010cesk\u00e1 republika","isPartOf":{"@id":"https:\/\/www.welovecycling.com\/cs\/#website"},"primaryImageOfPage":{"@id":"https:\/\/www.welovecycling.com\/cs\/2022\/06\/28\/henri-desgrange-despota-a-egomaniak-co-miloval-tour-de-france\/#primaryimage"},"image":{"@id":"https:\/\/www.welovecycling.com\/cs\/2022\/06\/28\/henri-desgrange-despota-a-egomaniak-co-miloval-tour-de-france\/#primaryimage"},"thumbnailUrl":"https:\/\/d2p6e6u75xmxt8.cloudfront.net\/13\/2022\/06\/desgrange-profimedia-0067925949.webp","datePublished":"2022-06-28T07:50:12+00:00","author":{"@id":"https:\/\/www.welovecycling.com\/cs\/#\/schema\/person\/d9eeb0a378f3a7e4a6d12d2b536b04b8"},"description":"Henri Desgrange byl krut\u00fd a ne\u00fastupn\u00fd egomaniak. Byl patriot, despota, sadista a narcis. V hloubi du\u0161e v\u0161ak nade v\u0161e miloval Tour de France.","inLanguage":"cs","potentialAction":[{"@type":"ReadAction","target":["https:\/\/www.welovecycling.com\/cs\/2022\/06\/28\/henri-desgrange-despota-a-egomaniak-co-miloval-tour-de-france\/"]}]},{"@type":"ImageObject","inLanguage":"cs","@id":"https:\/\/www.welovecycling.com\/cs\/2022\/06\/28\/henri-desgrange-despota-a-egomaniak-co-miloval-tour-de-france\/#primaryimage","url":"https:\/\/d2p6e6u75xmxt8.cloudfront.net\/13\/2022\/06\/desgrange-profimedia-0067925949.webp","contentUrl":"https:\/\/d2p6e6u75xmxt8.cloudfront.net\/13\/2022\/06\/desgrange-profimedia-0067925949.webp","width":1800,"height":1308,"caption":"Henri Desgrange"},{"@type":"WebSite","@id":"https:\/\/www.welovecycling.com\/cs\/#website","url":"https:\/\/www.welovecycling.com\/cs\/","name":"\u0160koda We Love Cycling - \u010cesk\u00e1 republika","description":"WeLoveCycling.cz je online magaz\u00edn, kter\u00fd v\u00e1m pravideln\u011b p\u0159in\u00e1\u0161\u00ed rady a tipy, zaj\u00edmav\u00e9 \u010dl\u00e1nky, videa a jedine\u010dn\u00e9 report\u00e1\u017ee ze sv\u011bta cyklistiky.","potentialAction":[{"@type":"SearchAction","target":{"@type":"EntryPoint","urlTemplate":"https:\/\/www.welovecycling.com\/cs\/?s={search_term_string}"},"query-input":{"@type":"PropertyValueSpecification","valueRequired":true,"valueName":"search_term_string"}}],"inLanguage":"cs"},{"@type":"Person","@id":"https:\/\/www.welovecycling.com\/cs\/#\/schema\/person\/d9eeb0a378f3a7e4a6d12d2b536b04b8","name":"radekmalina","image":{"@type":"ImageObject","inLanguage":"cs","@id":"https:\/\/www.welovecycling.com\/cs\/#\/schema\/person\/image\/","url":"https:\/\/secure.gravatar.com\/avatar\/66994b632cb8c39a46b9f54afa3ae07201b678d32a54275b6f1c9ffec356bfc0?s=96&d=mm&r=g","contentUrl":"https:\/\/secure.gravatar.com\/avatar\/66994b632cb8c39a46b9f54afa3ae07201b678d32a54275b6f1c9ffec356bfc0?s=96&d=mm&r=g","caption":"radekmalina"},"url":"https:\/\/www.welovecycling.com\/cs\/author\/radekmalina\/"}]}},"_links":{"self":[{"href":"https:\/\/www.welovecycling.com\/cs\/wp-json\/wp\/v2\/posts\/17635","targetHints":{"allow":["GET"]}}],"collection":[{"href":"https:\/\/www.welovecycling.com\/cs\/wp-json\/wp\/v2\/posts"}],"about":[{"href":"https:\/\/www.welovecycling.com\/cs\/wp-json\/wp\/v2\/types\/post"}],"author":[{"embeddable":true,"href":"https:\/\/www.welovecycling.com\/cs\/wp-json\/wp\/v2\/users\/138"}],"replies":[{"embeddable":true,"href":"https:\/\/www.welovecycling.com\/cs\/wp-json\/wp\/v2\/comments?post=17635"}],"version-history":[{"count":2,"href":"https:\/\/www.welovecycling.com\/cs\/wp-json\/wp\/v2\/posts\/17635\/revisions"}],"predecessor-version":[{"id":17727,"href":"https:\/\/www.welovecycling.com\/cs\/wp-json\/wp\/v2\/posts\/17635\/revisions\/17727"}],"wp:featuredmedia":[{"embeddable":true,"href":"https:\/\/www.welovecycling.com\/cs\/wp-json\/wp\/v2\/media\/17722"}],"wp:attachment":[{"href":"https:\/\/www.welovecycling.com\/cs\/wp-json\/wp\/v2\/media?parent=17635"}],"wp:term":[{"taxonomy":"category","embeddable":true,"href":"https:\/\/www.welovecycling.com\/cs\/wp-json\/wp\/v2\/categories?post=17635"},{"taxonomy":"post_tag","embeddable":true,"href":"https:\/\/www.welovecycling.com\/cs\/wp-json\/wp\/v2\/tags?post=17635"},{"taxonomy":"global-categories","embeddable":true,"href":"https:\/\/www.welovecycling.com\/cs\/wp-json\/wp\/v2\/global-categories?post=17635"}],"curies":[{"name":"wp","href":"https:\/\/api.w.org\/{rel}","templated":true}]}}