{"id":17557,"date":"2022-06-17T12:00:13","date_gmt":"2022-06-17T10:00:13","guid":{"rendered":"https:\/\/www.welovecycling.com\/cs\/?p=17557"},"modified":"2022-06-16T22:40:18","modified_gmt":"2022-06-16T20:40:18","slug":"fotopribeh-letape-2022-aneb-fanouskovsky-karneval-u-silnice","status":"publish","type":"post","link":"https:\/\/www.welovecycling.com\/cs\/2022\/06\/17\/fotopribeh-letape-2022-aneb-fanouskovsky-karneval-u-silnice\/","title":{"rendered":"FOTOP\u0158\u00cdB\u011aH: L\u2019Etape 2022 aneb fanou\u0161kovsk\u00fd karneval u silnice"},"content":{"rendered":"<p><strong>Byly jich tis\u00edce. A ud\u011blali z L\u2019Etape Czech Republic by Tour de France 2022 skute\u010dnou oslavu cyklistiky. Trasu nejv\u011bt\u0161\u00edho tuzemsk\u00e9ho silni\u010dn\u00edho z\u00e1vodu pro amat\u00e9ry i profesion\u00e1ly lemovali fanou\u0161ci v z\u00e1stupech a sobotn\u00ed odpoledne v obc\u00edch, jimi\u017e se lavina nad\u0161enc\u016f zamilovan\u00fdch do Tour de France valila, uspo\u0159\u00e1dali doslova karneval.<\/strong><\/p>\n<p><a href=\"https:\/\/d2p6e6u75xmxt8.cloudfront.net\/13\/2022\/06\/PATEK-Letape-22-vyber-043-scaled.jpg\"><img loading=\"lazy\" decoding=\"async\" class=\"alignnone size-extra-large wp-image-17569\" src=\"https:\/\/d2p6e6u75xmxt8.cloudfront.net\/13\/2022\/06\/PATEK-Letape-22-vyber-043-1920x1280.jpg\" alt=\"\" width=\"1920\" height=\"1280\" \/><\/a><\/p>\n<p>P\u0159\u00edjezd do Unho\u0161t\u011b byl pro cyklisty ohromuj\u00edc\u00ed. P\u00e1r set metr\u016f dlouh\u00fd kostkov\u00fd \u00fasek ve st\u0159edu obce lemovaly fanou\u0161ci v z\u00e1stupech. O z\u00e1bavu se postaraly i roztlesk\u00e1va\u010dky \u010di buben\u00edci.<\/p>\n<p><a href=\"https:\/\/d2p6e6u75xmxt8.cloudfront.net\/13\/2022\/06\/PATEK-DIDI-Letape-22-vyber-051-scaled.jpg\"><img loading=\"lazy\" decoding=\"async\" class=\"alignnone size-extra-large wp-image-17577\" src=\"https:\/\/d2p6e6u75xmxt8.cloudfront.net\/13\/2022\/06\/PATEK-DIDI-Letape-22-vyber-051-1920x1280.jpg\" alt=\"\" width=\"1920\" height=\"1280\" \/><\/a><\/p>\n<p>Legend\u00e1rn\u00ed Didi se ne\u0161et\u0159il. Uk\u00e1zal svoje nad\u0161en\u00ed pro cyklistiku na Strahov\u011b i v dal\u0161\u00edch obc\u00edch na trase. T\u0159eba v \u017dilin\u011b na Kladensku.<\/p>\n<p><a href=\"https:\/\/d2p6e6u75xmxt8.cloudfront.net\/13\/2022\/06\/PATEK-PREMIE-Letape-22-vyber-052-scaled.jpg\"><img loading=\"lazy\" decoding=\"async\" class=\"alignnone size-extra-large wp-image-17578\" src=\"https:\/\/d2p6e6u75xmxt8.cloudfront.net\/13\/2022\/06\/PATEK-PREMIE-Letape-22-vyber-052-1920x1280.jpg\" alt=\"\" width=\"1920\" height=\"1280\" \/><\/a><\/p>\n<p>Rychlostn\u00ed pr\u00e9mie v \u017dilin\u011b byla doslova v oble\u017een\u00ed fanou\u0161k\u016f.<\/p>\n<p><a href=\"https:\/\/d2p6e6u75xmxt8.cloudfront.net\/13\/2022\/06\/Letape-22-vyber-085-scaled.jpg\"><img loading=\"lazy\" decoding=\"async\" class=\"alignnone size-extra-large wp-image-17567\" src=\"https:\/\/d2p6e6u75xmxt8.cloudfront.net\/13\/2022\/06\/Letape-22-vyber-085-1920x1280.jpg\" alt=\"\" width=\"1920\" height=\"1280\" \/><\/a><\/p>\n<p>Origin\u00e1ln\u00ed masky p\u0159isp\u011bly k jedine\u010dn\u00e9 atmosf\u00e9\u0159e p\u0159i v\u00fdjezdu s\u00fdko\u0159ick\u00e9ho stoup\u00e1n\u00ed.<\/p>\n<p><a href=\"https:\/\/d2p6e6u75xmxt8.cloudfront.net\/13\/2022\/06\/PATEK-Letape-22-vyber-074-scaled.jpg\"><img loading=\"lazy\" decoding=\"async\" class=\"alignnone size-extra-large wp-image-17571\" src=\"https:\/\/d2p6e6u75xmxt8.cloudfront.net\/13\/2022\/06\/PATEK-Letape-22-vyber-074-1920x1280.jpg\" alt=\"\" width=\"1920\" height=\"1280\" \/><\/a><\/p>\n<p>Cyklist\u00e9 byli z atmosf\u00e9ry nad\u0161en\u00ed.<\/p>\n<p><a href=\"https:\/\/d2p6e6u75xmxt8.cloudfront.net\/13\/2022\/06\/Letape-22-vyber-075-scaled.jpg\"><img loading=\"lazy\" decoding=\"async\" class=\"alignnone size-extra-large wp-image-17561\" src=\"https:\/\/d2p6e6u75xmxt8.cloudfront.net\/13\/2022\/06\/Letape-22-vyber-075-1920x1280.jpg\" alt=\"\" width=\"1920\" height=\"1280\" \/><\/a><\/p>\n<p>M\u00edsty okol\u00ed trasy vypadalo jako na karnevalu.<\/p>\n<p><a href=\"https:\/\/d2p6e6u75xmxt8.cloudfront.net\/13\/2022\/06\/Letape-22-vyber-073-scaled.jpg\"><img loading=\"lazy\" decoding=\"async\" class=\"alignnone size-extra-large wp-image-17559\" src=\"https:\/\/d2p6e6u75xmxt8.cloudfront.net\/13\/2022\/06\/Letape-22-vyber-073-1920x1280.jpg\" alt=\"\" width=\"1920\" height=\"1280\" \/><\/a><\/p>\n<p>Podporu vyj\u00e1d\u0159ili nejr\u016fzn\u011bj\u0161\u00ed m\u00edstn\u00ed spolky. S\u00fdko\u0159i\u010dt\u00ed hasi\u010di&#8230;<\/p>\n<p><a href=\"https:\/\/d2p6e6u75xmxt8.cloudfront.net\/13\/2022\/06\/PATEK-Letape-22-vyber-090-scaled.jpg\"><img loading=\"lazy\" decoding=\"async\" class=\"alignnone size-extra-large wp-image-17572\" src=\"https:\/\/d2p6e6u75xmxt8.cloudfront.net\/13\/2022\/06\/PATEK-Letape-22-vyber-090-1280x1920.jpg\" alt=\"\" width=\"1280\" height=\"1920\" \/><\/a><\/p>\n<p>&#8230;v Chy\u0148av\u011b zase fotbalist\u00e9 povzbuzuj\u00edc\u00ed cyklisty ze l\u017e\u00edce bagru.<\/p>\n<p><a href=\"https:\/\/d2p6e6u75xmxt8.cloudfront.net\/13\/2022\/06\/PATEK-Letape-22-vyber-093-scaled.jpg\"><img loading=\"lazy\" decoding=\"async\" class=\"alignnone size-extra-large wp-image-17573\" src=\"https:\/\/d2p6e6u75xmxt8.cloudfront.net\/13\/2022\/06\/PATEK-Letape-22-vyber-093-1920x1280.jpg\" alt=\"\" width=\"1920\" height=\"1280\" \/><\/a><\/p>\n<p>U trasy nechyb\u011bli ani nejmen\u0161\u00ed fanou\u0161ci&#8230;<\/p>\n<p><a href=\"https:\/\/d2p6e6u75xmxt8.cloudfront.net\/13\/2022\/06\/PATEK-Letape-22-vyber-131-scaled.jpg\"><img loading=\"lazy\" decoding=\"async\" class=\"alignnone size-extra-large wp-image-17575\" src=\"https:\/\/d2p6e6u75xmxt8.cloudfront.net\/13\/2022\/06\/PATEK-Letape-22-vyber-131-1920x1280.jpg\" alt=\"\" width=\"1920\" height=\"1280\" \/><\/a><\/p>\n<p>N\u011bkte\u0159\u00ed byli origin\u00e1ln\u011b upraven\u00ed.<\/p>\n<p><a href=\"https:\/\/d2p6e6u75xmxt8.cloudfront.net\/13\/2022\/06\/PATEK-Letape-22-vyber-109-scaled.jpg\"><img loading=\"lazy\" decoding=\"async\" class=\"alignnone size-extra-large wp-image-17574\" src=\"https:\/\/d2p6e6u75xmxt8.cloudfront.net\/13\/2022\/06\/PATEK-Letape-22-vyber-109-1920x1280.jpg\" alt=\"\" width=\"1920\" height=\"1280\" \/><\/a><\/p>\n<p>Pr\u016fjezd c\u00edlovou rovinou na Strahov\u011b byl pak skute\u010dnou odm\u011bnou pro ka\u017ed\u00e9ho, kdo se v \u00famorn\u00e9m vedru popral s trasou.<\/p>\n<p><a href=\"https:\/\/d2p6e6u75xmxt8.cloudfront.net\/13\/2022\/06\/PATEK-Letape-22-vyber-141-scaled.jpg\"><img loading=\"lazy\" decoding=\"async\" class=\"alignnone size-extra-large wp-image-17576\" src=\"https:\/\/d2p6e6u75xmxt8.cloudfront.net\/13\/2022\/06\/PATEK-Letape-22-vyber-141-1920x1280.jpg\" alt=\"\" width=\"1920\" height=\"1280\" \/><\/a><\/p>\n<p>L\u2019Etape Czech Republic by Tour de France 2022 je minulost\u00ed. U\u017e v p\u0159\u00ed\u0161t\u00edm t\u00fddnu bude mo\u017en\u00e9 registrovat se na dal\u0161\u00ed ro\u010dn\u00edk, kter\u00fd se pojede 10. \u010dervna 2023!<\/p>\n","protected":false},"excerpt":{"rendered":"<p>Byly jich tis\u00edce. A ud\u011blali z L\u2019Etape Czech Republic by Tour de France 2022 skute\u010dnou oslavu cyklistiky. Trasu nejv\u011bt\u0161\u00edho tuzemsk\u00e9ho [&hellip;]<\/p>\n","protected":false},"author":138,"featured_media":17566,"comment_status":"open","ping_status":"open","sticky":false,"template":"","format":"standard","meta":{"footnotes":""},"categories":[1564],"tags":[126,1505,2427,9],"global-categories":[411],"class_list":["post-17557","post","type-post","status-publish","format-standard","has-post-thumbnail","hentry","category-letape-czech-republic","tag-cyklistika","tag-letape-czech-republic-by-le-tour-de-france","tag-letape-czech-republic-by-le-tour-de-france-2022","tag-silnicni-cyklistika","global-categories-cycling"],"yoast_head":"<!-- This site is optimized with the Yoast SEO Premium plugin v25.3 (Yoast SEO v25.9) - https:\/\/yoast.com\/wordpress\/plugins\/seo\/ -->\n<title>FOTOP\u0158\u00cdB\u011aH: L\u2019Etape 2022 aneb fanou\u0161kovsk\u00fd karneval u silnice | \u0160koda We Love Cycling - \u010cesk\u00e1 republika<\/title>\n<meta name=\"description\" content=\"Ud\u011blali z\u00a0L\u2019Etape Czech Republic by Tour de France 2022 oslavu cyklistiky. Fanou\u0161ci pod\u00e9l trasy uspo\u0159\u00e1dali hotov\u00fd karneval.\" \/>\n<meta name=\"robots\" content=\"index, follow, max-snippet:-1, max-image-preview:large, max-video-preview:-1\" \/>\n<link rel=\"canonical\" href=\"https:\/\/www.welovecycling.com\/cs\/2022\/06\/17\/fotopribeh-letape-2022-aneb-fanouskovsky-karneval-u-silnice\/\" \/>\n<meta property=\"og:locale\" content=\"cs_CZ\" \/>\n<meta property=\"og:type\" content=\"article\" \/>\n<meta property=\"og:title\" content=\"FOTOP\u0158\u00cdB\u011aH: L\u2019Etape 2022 aneb fanou\u0161kovsk\u00fd karneval u silnice\" \/>\n<meta property=\"og:description\" content=\"Ud\u011blali z\u00a0L\u2019Etape Czech Republic by Tour de France 2022 oslavu cyklistiky. Fanou\u0161ci pod\u00e9l trasy uspo\u0159\u00e1dali hotov\u00fd karneval.\" \/>\n<meta property=\"og:url\" content=\"https:\/\/www.welovecycling.com\/cs\/2022\/06\/17\/fotopribeh-letape-2022-aneb-fanouskovsky-karneval-u-silnice\/\" \/>\n<meta property=\"og:site_name\" content=\"\u0160koda We Love Cycling - \u010cesk\u00e1 republika\" \/>\n<meta property=\"article:published_time\" content=\"2022-06-17T10:00:13+00:00\" \/>\n<meta property=\"og:image\" content=\"https:\/\/d2p6e6u75xmxt8.cloudfront.net\/13\/2022\/06\/Letape-22-vyber-080-scaled.webp\" \/>\n\t<meta property=\"og:image:width\" content=\"2560\" \/>\n\t<meta property=\"og:image:height\" content=\"1707\" \/>\n\t<meta property=\"og:image:type\" content=\"image\/webp\" \/>\n<meta name=\"author\" content=\"radekmalina\" \/>\n<meta name=\"twitter:card\" content=\"summary_large_image\" \/>\n<meta name=\"twitter:label1\" content=\"Written by\" \/>\n\t<meta name=\"twitter:data1\" content=\"We Love Cycling\" \/>\n\t<meta name=\"twitter:label2\" content=\"Est. reading time\" \/>\n\t<meta name=\"twitter:data2\" content=\"4\" \/>\n<script type=\"application\/ld+json\" class=\"yoast-schema-graph\">{\"@context\":\"https:\/\/schema.org\",\"@graph\":[{\"@type\":\"WebPage\",\"@id\":\"https:\/\/www.welovecycling.com\/cs\/2022\/06\/17\/fotopribeh-letape-2022-aneb-fanouskovsky-karneval-u-silnice\/\",\"url\":\"https:\/\/www.welovecycling.com\/cs\/2022\/06\/17\/fotopribeh-letape-2022-aneb-fanouskovsky-karneval-u-silnice\/\",\"name\":\"FOTOP\u0158\u00cdB\u011aH: L\u2019Etape 2022 aneb fanou\u0161kovsk\u00fd karneval u silnice | \u0160koda We Love Cycling - \u010cesk\u00e1 republika\",\"isPartOf\":{\"@id\":\"https:\/\/www.welovecycling.com\/cs\/#website\"},\"primaryImageOfPage\":{\"@id\":\"https:\/\/www.welovecycling.com\/cs\/2022\/06\/17\/fotopribeh-letape-2022-aneb-fanouskovsky-karneval-u-silnice\/#primaryimage\"},\"image\":{\"@id\":\"https:\/\/www.welovecycling.com\/cs\/2022\/06\/17\/fotopribeh-letape-2022-aneb-fanouskovsky-karneval-u-silnice\/#primaryimage\"},\"thumbnailUrl\":\"https:\/\/d2p6e6u75xmxt8.cloudfront.net\/13\/2022\/06\/Letape-22-vyber-080-scaled.webp\",\"datePublished\":\"2022-06-17T10:00:13+00:00\",\"author\":{\"@id\":\"https:\/\/www.welovecycling.com\/cs\/#\/schema\/person\/d9eeb0a378f3a7e4a6d12d2b536b04b8\"},\"description\":\"Ud\u011blali z\u00a0L\u2019Etape Czech Republic by Tour de France 2022 oslavu cyklistiky. Fanou\u0161ci pod\u00e9l trasy uspo\u0159\u00e1dali hotov\u00fd karneval.\",\"inLanguage\":\"cs\",\"potentialAction\":[{\"@type\":\"ReadAction\",\"target\":[\"https:\/\/www.welovecycling.com\/cs\/2022\/06\/17\/fotopribeh-letape-2022-aneb-fanouskovsky-karneval-u-silnice\/\"]}]},{\"@type\":\"ImageObject\",\"inLanguage\":\"cs\",\"@id\":\"https:\/\/www.welovecycling.com\/cs\/2022\/06\/17\/fotopribeh-letape-2022-aneb-fanouskovsky-karneval-u-silnice\/#primaryimage\",\"url\":\"https:\/\/d2p6e6u75xmxt8.cloudfront.net\/13\/2022\/06\/Letape-22-vyber-080-scaled.webp\",\"contentUrl\":\"https:\/\/d2p6e6u75xmxt8.cloudfront.net\/13\/2022\/06\/Letape-22-vyber-080-scaled.webp\",\"width\":2560,\"height\":1707,\"caption\":\"L'Etape Czech Republic by Tour de France\"},{\"@type\":\"WebSite\",\"@id\":\"https:\/\/www.welovecycling.com\/cs\/#website\",\"url\":\"https:\/\/www.welovecycling.com\/cs\/\",\"name\":\"\u0160koda We Love Cycling - \u010cesk\u00e1 republika\",\"description\":\"WeLoveCycling.cz je online magaz\u00edn, kter\u00fd v\u00e1m pravideln\u011b p\u0159in\u00e1\u0161\u00ed rady a tipy, zaj\u00edmav\u00e9 \u010dl\u00e1nky, videa a jedine\u010dn\u00e9 report\u00e1\u017ee ze sv\u011bta cyklistiky.\",\"potentialAction\":[{\"@type\":\"SearchAction\",\"target\":{\"@type\":\"EntryPoint\",\"urlTemplate\":\"https:\/\/www.welovecycling.com\/cs\/?s={search_term_string}\"},\"query-input\":{\"@type\":\"PropertyValueSpecification\",\"valueRequired\":true,\"valueName\":\"search_term_string\"}}],\"inLanguage\":\"cs\"},{\"@type\":\"Person\",\"@id\":\"https:\/\/www.welovecycling.com\/cs\/#\/schema\/person\/d9eeb0a378f3a7e4a6d12d2b536b04b8\",\"name\":\"radekmalina\",\"image\":{\"@type\":\"ImageObject\",\"inLanguage\":\"cs\",\"@id\":\"https:\/\/www.welovecycling.com\/cs\/#\/schema\/person\/image\/\",\"url\":\"https:\/\/secure.gravatar.com\/avatar\/66994b632cb8c39a46b9f54afa3ae07201b678d32a54275b6f1c9ffec356bfc0?s=96&d=mm&r=g\",\"contentUrl\":\"https:\/\/secure.gravatar.com\/avatar\/66994b632cb8c39a46b9f54afa3ae07201b678d32a54275b6f1c9ffec356bfc0?s=96&d=mm&r=g\",\"caption\":\"radekmalina\"},\"url\":\"https:\/\/www.welovecycling.com\/cs\/author\/radekmalina\/\"}]}<\/script>\n<!-- \/ Yoast SEO Premium plugin. -->","yoast_head_json":{"title":"FOTOP\u0158\u00cdB\u011aH: L\u2019Etape 2022 aneb fanou\u0161kovsk\u00fd karneval u silnice | \u0160koda We Love Cycling - \u010cesk\u00e1 republika","description":"Ud\u011blali z\u00a0L\u2019Etape Czech Republic by Tour de France 2022 oslavu cyklistiky. Fanou\u0161ci pod\u00e9l trasy uspo\u0159\u00e1dali hotov\u00fd karneval.","robots":{"index":"index","follow":"follow","max-snippet":"max-snippet:-1","max-image-preview":"max-image-preview:large","max-video-preview":"max-video-preview:-1"},"canonical":"https:\/\/www.welovecycling.com\/cs\/2022\/06\/17\/fotopribeh-letape-2022-aneb-fanouskovsky-karneval-u-silnice\/","og_locale":"cs_CZ","og_type":"article","og_title":"FOTOP\u0158\u00cdB\u011aH: L\u2019Etape 2022 aneb fanou\u0161kovsk\u00fd karneval u silnice","og_description":"Ud\u011blali z\u00a0L\u2019Etape Czech Republic by Tour de France 2022 oslavu cyklistiky. Fanou\u0161ci pod\u00e9l trasy uspo\u0159\u00e1dali hotov\u00fd karneval.","og_url":"https:\/\/www.welovecycling.com\/cs\/2022\/06\/17\/fotopribeh-letape-2022-aneb-fanouskovsky-karneval-u-silnice\/","og_site_name":"\u0160koda We Love Cycling - \u010cesk\u00e1 republika","article_published_time":"2022-06-17T10:00:13+00:00","og_image":[{"width":2560,"height":1707,"url":"https:\/\/d2p6e6u75xmxt8.cloudfront.net\/13\/2022\/06\/Letape-22-vyber-080-scaled.webp","type":"image\/webp"}],"author":"radekmalina","twitter_card":"summary_large_image","twitter_misc":{"Written by":"We Love Cycling","Est. reading time":"4"},"schema":{"@context":"https:\/\/schema.org","@graph":[{"@type":"WebPage","@id":"https:\/\/www.welovecycling.com\/cs\/2022\/06\/17\/fotopribeh-letape-2022-aneb-fanouskovsky-karneval-u-silnice\/","url":"https:\/\/www.welovecycling.com\/cs\/2022\/06\/17\/fotopribeh-letape-2022-aneb-fanouskovsky-karneval-u-silnice\/","name":"FOTOP\u0158\u00cdB\u011aH: L\u2019Etape 2022 aneb fanou\u0161kovsk\u00fd karneval u silnice | \u0160koda We Love Cycling - \u010cesk\u00e1 republika","isPartOf":{"@id":"https:\/\/www.welovecycling.com\/cs\/#website"},"primaryImageOfPage":{"@id":"https:\/\/www.welovecycling.com\/cs\/2022\/06\/17\/fotopribeh-letape-2022-aneb-fanouskovsky-karneval-u-silnice\/#primaryimage"},"image":{"@id":"https:\/\/www.welovecycling.com\/cs\/2022\/06\/17\/fotopribeh-letape-2022-aneb-fanouskovsky-karneval-u-silnice\/#primaryimage"},"thumbnailUrl":"https:\/\/d2p6e6u75xmxt8.cloudfront.net\/13\/2022\/06\/Letape-22-vyber-080-scaled.webp","datePublished":"2022-06-17T10:00:13+00:00","author":{"@id":"https:\/\/www.welovecycling.com\/cs\/#\/schema\/person\/d9eeb0a378f3a7e4a6d12d2b536b04b8"},"description":"Ud\u011blali z\u00a0L\u2019Etape Czech Republic by Tour de France 2022 oslavu cyklistiky. Fanou\u0161ci pod\u00e9l trasy uspo\u0159\u00e1dali hotov\u00fd karneval.","inLanguage":"cs","potentialAction":[{"@type":"ReadAction","target":["https:\/\/www.welovecycling.com\/cs\/2022\/06\/17\/fotopribeh-letape-2022-aneb-fanouskovsky-karneval-u-silnice\/"]}]},{"@type":"ImageObject","inLanguage":"cs","@id":"https:\/\/www.welovecycling.com\/cs\/2022\/06\/17\/fotopribeh-letape-2022-aneb-fanouskovsky-karneval-u-silnice\/#primaryimage","url":"https:\/\/d2p6e6u75xmxt8.cloudfront.net\/13\/2022\/06\/Letape-22-vyber-080-scaled.webp","contentUrl":"https:\/\/d2p6e6u75xmxt8.cloudfront.net\/13\/2022\/06\/Letape-22-vyber-080-scaled.webp","width":2560,"height":1707,"caption":"L'Etape Czech Republic by Tour de France"},{"@type":"WebSite","@id":"https:\/\/www.welovecycling.com\/cs\/#website","url":"https:\/\/www.welovecycling.com\/cs\/","name":"\u0160koda We Love Cycling - \u010cesk\u00e1 republika","description":"WeLoveCycling.cz je online magaz\u00edn, kter\u00fd v\u00e1m pravideln\u011b p\u0159in\u00e1\u0161\u00ed rady a tipy, zaj\u00edmav\u00e9 \u010dl\u00e1nky, videa a jedine\u010dn\u00e9 report\u00e1\u017ee ze sv\u011bta cyklistiky.","potentialAction":[{"@type":"SearchAction","target":{"@type":"EntryPoint","urlTemplate":"https:\/\/www.welovecycling.com\/cs\/?s={search_term_string}"},"query-input":{"@type":"PropertyValueSpecification","valueRequired":true,"valueName":"search_term_string"}}],"inLanguage":"cs"},{"@type":"Person","@id":"https:\/\/www.welovecycling.com\/cs\/#\/schema\/person\/d9eeb0a378f3a7e4a6d12d2b536b04b8","name":"radekmalina","image":{"@type":"ImageObject","inLanguage":"cs","@id":"https:\/\/www.welovecycling.com\/cs\/#\/schema\/person\/image\/","url":"https:\/\/secure.gravatar.com\/avatar\/66994b632cb8c39a46b9f54afa3ae07201b678d32a54275b6f1c9ffec356bfc0?s=96&d=mm&r=g","contentUrl":"https:\/\/secure.gravatar.com\/avatar\/66994b632cb8c39a46b9f54afa3ae07201b678d32a54275b6f1c9ffec356bfc0?s=96&d=mm&r=g","caption":"radekmalina"},"url":"https:\/\/www.welovecycling.com\/cs\/author\/radekmalina\/"}]}},"_links":{"self":[{"href":"https:\/\/www.welovecycling.com\/cs\/wp-json\/wp\/v2\/posts\/17557","targetHints":{"allow":["GET"]}}],"collection":[{"href":"https:\/\/www.welovecycling.com\/cs\/wp-json\/wp\/v2\/posts"}],"about":[{"href":"https:\/\/www.welovecycling.com\/cs\/wp-json\/wp\/v2\/types\/post"}],"author":[{"embeddable":true,"href":"https:\/\/www.welovecycling.com\/cs\/wp-json\/wp\/v2\/users\/138"}],"replies":[{"embeddable":true,"href":"https:\/\/www.welovecycling.com\/cs\/wp-json\/wp\/v2\/comments?post=17557"}],"version-history":[{"count":2,"href":"https:\/\/www.welovecycling.com\/cs\/wp-json\/wp\/v2\/posts\/17557\/revisions"}],"predecessor-version":[{"id":17582,"href":"https:\/\/www.welovecycling.com\/cs\/wp-json\/wp\/v2\/posts\/17557\/revisions\/17582"}],"wp:featuredmedia":[{"embeddable":true,"href":"https:\/\/www.welovecycling.com\/cs\/wp-json\/wp\/v2\/media\/17566"}],"wp:attachment":[{"href":"https:\/\/www.welovecycling.com\/cs\/wp-json\/wp\/v2\/media?parent=17557"}],"wp:term":[{"taxonomy":"category","embeddable":true,"href":"https:\/\/www.welovecycling.com\/cs\/wp-json\/wp\/v2\/categories?post=17557"},{"taxonomy":"post_tag","embeddable":true,"href":"https:\/\/www.welovecycling.com\/cs\/wp-json\/wp\/v2\/tags?post=17557"},{"taxonomy":"global-categories","embeddable":true,"href":"https:\/\/www.welovecycling.com\/cs\/wp-json\/wp\/v2\/global-categories?post=17557"}],"curies":[{"name":"wp","href":"https:\/\/api.w.org\/{rel}","templated":true}]}}