{"id":17531,"date":"2022-06-15T16:00:55","date_gmt":"2022-06-15T14:00:55","guid":{"rendered":"https:\/\/www.welovecycling.com\/cs\/?p=17531"},"modified":"2022-06-15T12:51:04","modified_gmt":"2022-06-15T10:51:04","slug":"pevny-trail-bike-dostupna-legrace","status":"publish","type":"post","link":"https:\/\/www.welovecycling.com\/cs\/2022\/06\/15\/pevny-trail-bike-dostupna-legrace\/","title":{"rendered":"Pevn\u00fd trail bike \u2013 dostupn\u00e1 legrace"},"content":{"rendered":"<p><strong>S p\u0159\u00edchodem slune\u010dn\u00e9ho po\u010das\u00ed postupn\u011b zah\u00e1jily provoz v\u0161echny \u010desk\u00e9 bikeparky a trailov\u00e1 centra. Nab\u00eddka lokalit, kam m\u016f\u017eete za specificky bikov\u00fdmi stezkami zav\u00edtat, se v\u00fdrazn\u011b rozrostla, mnoz\u00ed za\u010d\u00ednaj\u00edc\u00ed jezdci tak budou \u0159e\u0161it sp\u00ed\u0161e navazuj\u00edc\u00ed probl\u00e9m \u2013 na \u010dem vyrazit.<\/strong><\/p>\n<p>Velk\u00e1 centra bikov\u00e9 z\u00e1bavy samoz\u0159ejm\u011b disponuj\u00ed p\u016fj\u010dovnami kol, kde si m\u016f\u017eete odpov\u00eddaj\u00edc\u00ed v\u00fdzbroj p\u016fj\u010dit. Koho ale ter\u00e9nn\u00ed j\u00edzda bav\u00ed a chce si ji u\u017e\u00edvat nejen o v\u00edkendech, zatou\u017e\u00ed d\u0159\u00edve \u010di pozd\u011bji po vlastn\u00edm trailov\u00e9m kole. Aktu\u00e1ln\u011b v\u0161ak z\u00e1jemce mo\u017en\u00e1 zasko\u010d\u00ed vysok\u00e9 cenovky i \u0161patn\u00e1 dostupnost kvalitn\u00edch celoodpru\u017een\u00fdch stroj\u016f. Akceptovateln\u00fdm \u0159e\u0161en\u00edm m\u016f\u017ee b\u00fdt opom\u00edjen\u00e1 kategorie pevn\u00fdch trail bik\u016f.<\/p>\n<h2><strong>Pev\u0148\u00e1k \u0161et\u0159\u00ed dvakr\u00e1t<\/strong><\/h2>\n<p>Ni\u017e\u0161\u00ed cena pevn\u00e9ho trail biku je d\u00e1na jednoduchost\u00ed r\u00e1mov\u00e9 konstrukce bez odpru\u017een\u00e9 zadn\u00ed stavby i absenc\u00ed tlumi\u010de. Tato kategorie ale nen\u00ed zaj\u00edmav\u00e1 jen pro mlad\u00e9 za\u010d\u00ednaj\u00edc\u00ed bikery, pevn\u00e9 kolo si nez\u0159\u00eddka najde cestu i do gar\u00e1\u017e\u00ed zku\u0161en\u011bj\u0161\u00edch jezdc\u016f, t\u0159eba jako dopln\u011bk k celoodpru\u017een\u00e9mu modelu. Jeho dal\u0161\u00ed p\u0159ednost\u00ed jsou toti\u017e v\u00fdrazn\u011b ni\u017e\u0161\u00ed n\u00e1roky na \u00fadr\u017ebu.<\/p>\n<div class=\"shortcode-ys-post-pinup\"><article class=\"loop-simple post-17502 post type-post status-publish format-standard has-post-thumbnail hentry category-letape-czech-republic tag-andy-schleck tag-cyklistika tag-letape-czech-republic-by-tour-de-france-2022 tag-martina-sablikova tag-michal-kollert tag-silnicni-cyklistika tag-zdenek-stybar global-categories-cycling\" data-postid=\"17502\" role=\"article\" data-post-id=\"17502\" data-word-count=\"438\" data-headline-length=\"93\" data-category=\"L&#039;Etape Czech Republic\" data-global-category=\"Cycling\" data-author=\"We Love Cycling\" data-published=\"2022-06-11T23:18:32+02:00\" data-published-day=\"Saturday\">\n    <div class=\"entry-thumbnail article-thumbnail\" content=\"https:\/\/d2p6e6u75xmxt8.cloudfront.net\/13\/2022\/06\/l-etape-0I4A2529low-scaled-150x150.webp\"><a href=\"https:\/\/www.welovecycling.com\/cs\/2022\/06\/11\/letape-2022-nadseni-z-atmosfery-i-pres-krivoklatske-peklo-a-slunecni-vyhen\/\" class=\"image-holder\" target=\"_self\"><img decoding=\"async\" loading=\"lazy\" class=\"\" src=\"https:\/\/d2p6e6u75xmxt8.cloudfront.net\/13\/2022\/06\/l-etape-0I4A2529low-scaled-1024x683.webp\" srcset=\"https:\/\/d2p6e6u75xmxt8.cloudfront.net\/13\/2022\/06\/l-etape-0I4A2529low-scaled.webp 2560w, https:\/\/d2p6e6u75xmxt8.cloudfront.net\/13\/2022\/06\/l-etape-0I4A2529low-scaled-300x200.webp 300w, https:\/\/d2p6e6u75xmxt8.cloudfront.net\/13\/2022\/06\/l-etape-0I4A2529low-scaled-1024x683.webp 1024w, https:\/\/d2p6e6u75xmxt8.cloudfront.net\/13\/2022\/06\/l-etape-0I4A2529low-scaled-768x512.webp 768w, https:\/\/d2p6e6u75xmxt8.cloudfront.net\/13\/2022\/06\/l-etape-0I4A2529low-scaled-1536x1024.webp 1536w, https:\/\/d2p6e6u75xmxt8.cloudfront.net\/13\/2022\/06\/l-etape-0I4A2529low-scaled-2048x1366.webp 2048w, https:\/\/d2p6e6u75xmxt8.cloudfront.net\/13\/2022\/06\/l-etape-0I4A2529low-scaled-1920x1280.webp 1920w, https:\/\/d2p6e6u75xmxt8.cloudfront.net\/13\/2022\/06\/l-etape-0I4A2529low-scaled-272x182.webp 272w, https:\/\/d2p6e6u75xmxt8.cloudfront.net\/13\/2022\/06\/l-etape-0I4A2529low-scaled-1920x1280.webp 1920w\" width=\"1024\" height=\"683\" sizes=\"auto, (min-width: 1200px) 300px, (min-width: 768px) 25vw, 100vw\" alt=\"letape-2022-nadseni-z-atmosfery-i-pres-krivoklatske-peklo-a-slunecni-vyhen\"\/><\/a><\/div>    <div class=\"entry-meta\">\n        <a class=\"label label-secondary post-category\" href=\"https:\/\/www.welovecycling.com\/cs\/category\/letape-czech-republic\/\" title=\"L'Etape Czech Republic\">L'Etape Czech Republic<\/a>\n    <\/div>\n    <div class=\"entry-details\">\n        <a href=\"https:\/\/www.welovecycling.com\/cs\/2022\/06\/11\/letape-2022-nadseni-z-atmosfery-i-pres-krivoklatske-peklo-a-slunecni-vyhen\/\" class='entry-title-wrapper'>\n            <h3 class=\"entry-title\"><span>L&#8217;Etape 2022: nad\u0161en\u00ed z atmosf\u00e9ry i p\u0159es k\u0159ivokl\u00e1tsk\u00e9 peklo a slune\u010dn\u00ed v\u00fdhe\u0148<\/span><\/h3>\n        <\/a>\n    <\/div>\n    <\/article>\n<\/div>\n<p>Tlumi\u010d a \u010depy zadn\u00ed stavby vy\u017eaduj\u00ed periodickou p\u00e9\u010di, co\u017e provoz fullu prodra\u017euje. Dostupn\u00fd \u201epev\u0148\u00e1k\u201c je tedy rozumnou alternativou pro cesty po m\u011bst\u011b, v\u00fdlety s rodinou, vyj\u00ed\u017e\u010fky ve \u0161patn\u00e9m po\u010das\u00ed a podobn\u011b.<\/p>\n<h2><strong>Hardtail se sjezdov\u00fdmi geny<\/strong><\/h2>\n<p>Trail bike se od klasick\u00e9ho XC hardtailu li\u0161\u00ed v mnoha ohledech. Z\u00e1sadn\u00ed je konstrukce r\u00e1mu, ten b\u00fdv\u00e1 dlouh\u00fd (velk\u00e1 hodnota reach) a n\u00edzk\u00fd, funk\u010dnost specifick\u00e9 geometrie podporuje vylo\u017een\u011b krati\u010dk\u00fd p\u0159edstavec v kombinaci s \u0161irok\u00fdmi \u0159\u00edd\u00edtky, oboje pro stabiln\u00ed a jist\u00e9 ovl\u00e1d\u00e1n\u00ed v n\u00e1ro\u010dn\u00e9m ter\u00e9nu. Zadn\u00ed stavba b\u00fdv\u00e1 maxim\u00e1ln\u011b zkr\u00e1cena, aby kolo poskytlo co nejv\u00edce z\u00e1bavy a \u017eivosti (zat\u00e1\u010den\u00ed, skoky, j\u00edzda po zadn\u00edm kole&#8230;).<\/p>\n<figure id=\"attachment_17533\" aria-describedby=\"caption-attachment-17533\" style=\"width: 1800px\" class=\"wp-caption alignnone\"><a href=\"https:\/\/d2p6e6u75xmxt8.cloudfront.net\/13\/2022\/06\/trail-bikeprofimedia-0693080921.jpg\"><img loading=\"lazy\" decoding=\"async\" class=\"size-full wp-image-17533\" src=\"https:\/\/d2p6e6u75xmxt8.cloudfront.net\/13\/2022\/06\/trail-bikeprofimedia-0693080921.jpg\" alt=\"Hardtail\" width=\"1800\" height=\"1200\" \/><\/a><figcaption id=\"caption-attachment-17533\" class=\"wp-caption-text\"><em>Pevn\u00fd trail bike p\u0159inese mnoho z\u00e1bavy p\u0159i mnohem men\u0161\u00ed investici. Foto: profimedia (2x)<\/em><\/figcaption><\/figure>\n<p>Zat\u00edmco pevn\u00e1 kola pro XC m\u00edvaj\u00ed vidlici se zdvihem okolo 100 mm, u trail bik\u016f se b\u011b\u017en\u011b setk\u00e1v\u00e1me se 120 a\u017e 140 mm nad p\u0159edn\u00edm kolem. Vy\u0161\u0161\u00ed zdvih umo\u017e\u0148uje snaz\u0161\u00ed p\u0159ekon\u00e1v\u00e1n\u00ed p\u0159ek\u00e1\u017eek, nav\u00edc del\u0161\u00ed vidlice pokl\u00e1d\u00e1 hlavov\u00fd \u00fahel a kolo se tak chov\u00e1 je\u0161t\u011b stabiln\u011bji v rychlosti.<\/p>\n<p>Ovladatelnost a odolnost biku je v\u017edy adekv\u00e1tn\u011b podpo\u0159ena \u0161ir\u0161\u00edmi r\u00e1fky a pl\u00e1\u0161ti. Zat\u00edmco u XC kategorie m\u016f\u017eeme za standard ozna\u010dit \u0161\u00ed\u0159i obut\u00ed 2,2\u20132,3\u201c, u trail bik\u016f je to 2,4\u20132,6\u201c. Objemn\u00e9 pl\u00e1\u0161t\u011b nejen zlep\u0161uj\u00ed kontakt kol s ter\u00e9nem, ale tak\u00e9 \u010d\u00e1ste\u010dn\u011b nahrazuj\u00ed chyb\u011bj\u00edc\u00ed zadn\u00ed odpru\u017een\u00ed.<\/p>\n<p>Zat\u00edmco kvalita p\u0159evodov\u00e9ho \u00fastroj\u00ed m\u016f\u017ee b\u00fdt upozad\u011bna, brzdy jsou u tohoto typu kola kl\u00ed\u010dov\u00e9. V\u00fdrobci osazuj\u00ed v\u011bt\u0161\u00ed pr\u016fm\u011br kotou\u010d\u016f, vol\u00ed siln\u011bj\u0161\u00ed \u010dty\u0159p\u00edstkov\u00e9 modely, p\u0159\u00edpadn\u011b kombinuj\u00ed ob\u011b tyto mo\u017enosti. Nepostradateln\u00fdm dopl\u0148kem se st\u00e1v\u00e1 teleskopick\u00e1 sedlovka pro ni\u010d\u00edm neomezen\u00e9 man\u00e9vrov\u00e1n\u00ed nad kolem.<\/p>\n<h2><strong>Kdy u\u017e je \u010das na fulla?<\/strong><\/h2>\n<p>Nejdostupn\u011bj\u0161\u00ed modely t\u00e9to kategorie b\u00fdvaj\u00ed koncipov\u00e1ny jako ekonomick\u00e1 volba pro adolescenty, kte\u0159\u00ed na skoc\u00edch a trailech za domem r\u00e1di posouvaj\u00ed sv\u00e9 limity. Jsou odoln\u011bj\u0161\u00ed a maj\u00ed hrav\u011bj\u0161\u00ed geometrii ne\u017e b\u011b\u017en\u00e1 XC kola, ale trp\u00ed nadv\u00e1hou a funk\u010dnost kl\u00ed\u010dov\u00fdch komponent\u016f zku\u0161en\u00e9ho jezdce neuspokoj\u00ed. Solidn\u011b vybaven\u00e1 kola bez v\u011bt\u0161\u00edch kompromis\u016f se za\u010d\u00ednaj\u00ed objevovat v cenov\u00e9 hladin\u011b od 30 000 korun. P\u016fjdeme-li s cenou je\u0161t\u011b v\u00fd\u0161e, z\u00edsk\u00e1v\u00e1me p\u0159edev\u0161\u00edm kvalitn\u011bj\u0161\u00ed vidlici, ale i dal\u0161\u00ed d\u016fle\u017eit\u00e9 d\u00edly.<\/p>\n<div class=\"shortcode-ys-post-pinup\"><article class=\"loop-simple post-17462 post type-post status-publish format-video has-post-thumbnail hentry category-podcasty tag-andy-schleck tag-cyklistika tag-grand-tour tag-letape-czech-republic-by-tour-de-france-2022 tag-podcast tag-silnicni-cyklistika tag-tour-de-france post_format-post-format-video global-categories-cycling\" data-postid=\"17462\" role=\"article\" data-post-id=\"17462\" data-word-count=\"326\" data-headline-length=\"70\" data-category=\"Podcasty\" data-global-category=\"Cycling\" data-author=\"We Love Cycling\" data-published=\"2022-06-08T16:08:47+02:00\" data-published-day=\"Wednesday\">\n    <div class=\"entry-thumbnail article-thumbnail video-thumbnail\" content=\"https:\/\/d2p6e6u75xmxt8.cloudfront.net\/13\/2022\/06\/wlc-podcast-thumbnail-Schleck-150x150.webp\"><svg class=\"play font-icon\"><use href=\"#play_round\" xlink:href=\"#play_round\"><\/use><\/svg><a href=\"https:\/\/www.welovecycling.com\/cs\/2022\/06\/08\/wlc-podcast-andy-schleck-cyklistika-je-moje-vasen-a-nabozenstvi\/\" class=\"image-holder\" target=\"_self\"><img decoding=\"async\" loading=\"lazy\" class=\"\" src=\"https:\/\/d2p6e6u75xmxt8.cloudfront.net\/13\/2022\/06\/wlc-podcast-thumbnail-Schleck-1024x576.webp\" srcset=\"https:\/\/d2p6e6u75xmxt8.cloudfront.net\/13\/2022\/06\/wlc-podcast-thumbnail-Schleck.webp 1920w, https:\/\/d2p6e6u75xmxt8.cloudfront.net\/13\/2022\/06\/wlc-podcast-thumbnail-Schleck-300x169.webp 300w, https:\/\/d2p6e6u75xmxt8.cloudfront.net\/13\/2022\/06\/wlc-podcast-thumbnail-Schleck-1024x576.webp 1024w, https:\/\/d2p6e6u75xmxt8.cloudfront.net\/13\/2022\/06\/wlc-podcast-thumbnail-Schleck-768x432.webp 768w, https:\/\/d2p6e6u75xmxt8.cloudfront.net\/13\/2022\/06\/wlc-podcast-thumbnail-Schleck-1536x864.webp 1536w\" width=\"1024\" height=\"576\" sizes=\"auto, (min-width: 1200px) 356px, (min-width: 768px) 30vw, 100vw\" alt=\"wlc-podcast-andy-schleck-cyklistika-je-moje-vasen-a-nabozenstvi\"\/><\/a><\/div>    <div class=\"entry-meta\">\n        <a class=\"label label-secondary post-category\" href=\"https:\/\/www.welovecycling.com\/cs\/category\/podcasty\/\" title=\"Podcasty\">Podcasty<\/a>\n    <\/div>\n    <div class=\"entry-details\">\n        <a href=\"https:\/\/www.welovecycling.com\/cs\/2022\/06\/08\/wlc-podcast-andy-schleck-cyklistika-je-moje-vasen-a-nabozenstvi\/\" class='entry-title-wrapper'>\n            <h3 class=\"entry-title\"><span>WLC Podcast Andy Schleck: Cyklistika je moje v\u00e1\u0161e\u0148 a n\u00e1bo\u017eenstv\u00ed<\/span><\/h3>\n        <\/a>\n    <\/div>\n    <\/article>\n<\/div>\n<p>Tak\u00e9 u t\u00e9to kategorie je podstatn\u00e1 volba obut\u00ed \u2013 pro ter\u00e9nn\u00ed hr\u00e1tky lze jedin\u011b doporu\u010dit bezdu\u0161ov\u00fd setup, dostate\u010dn\u00fd objem pl\u00e1\u0161\u0165\u016f, m\u011bkkou p\u0159ilnavou sm\u011bs, p\u0159\u00edpadn\u011b i pou\u017eit\u00ed vnit\u0159n\u00ed ochrann\u00e9 vlo\u017eky. S podobn\u011b nalad\u011bn\u00fdm pevn\u00fdm trail bikem se nemus\u00edte b\u00e1t vyrazit na \u017e\u00e1dnou stezku, je ov\u0161em dobr\u00e9 zn\u00e1t jeho limity.<\/p>\n<p>Pevn\u00e9 kolo nijak neomezuje na rychl\u00fdch stezk\u00e1ch s dobr\u00fdm povrchem (flow traily), ale \u010d\u00edm rozbit\u011bj\u0161\u00ed trail bude, t\u00edm p\u0159esn\u011bj\u0161\u00ed pilot\u00e1\u017e ve srovn\u00e1n\u00ed s fullem bude pot\u0159eba. V rozbit\u00fdch \u00fasec\u00edch budete z\u00e1rove\u0148 o n\u011bco pomalej\u0161\u00ed ne\u017e stejn\u011b zku\u0161en\u00ed kolegov\u00e9 na celoodpru\u017een\u00fdch kolech.<\/p>\n<p>Trailov\u00fd \u201epev\u0148\u00e1k\u201c vydr\u017e\u00ed a sjede v\u0161echno, ale rychlost a komfort zkr\u00e1tka budou v\u017edy na stran\u011b celoodpru\u017een\u00e9ho kola. Jestli trailov\u00e9mu je\u017ed\u011bn\u00ed propadnete, bude pro v\u00e1s pevn\u00fd trail bike pravd\u011bpodobn\u011b jen p\u0159estupn\u00ed stanic\u00ed na cest\u011b k fullu. Co se na n\u011bm v\u0161ak nau\u010d\u00edte, na \u201ecelop\u00e9ru\u201c jako kdy\u017e najdete.<\/p>\n","protected":false},"excerpt":{"rendered":"<p>S p\u0159\u00edchodem slune\u010dn\u00e9ho po\u010das\u00ed postupn\u011b zah\u00e1jily provoz v\u0161echny \u010desk\u00e9 bikeparky a trailov\u00e1 centra. Nab\u00eddka lokalit, kam m\u016f\u017eete za specificky bikov\u00fdmi [&hellip;]<\/p>\n","protected":false},"author":138,"featured_media":17534,"comment_status":"open","ping_status":"open","sticky":false,"template":"","format":"standard","meta":{"footnotes":""},"categories":[15],"tags":[126,56,2426,1293,27],"global-categories":[411],"class_list":["post-17531","post","type-post","status-publish","format-standard","has-post-thumbnail","hentry","category-rady-tipy","tag-cyklistika","tag-horska-cyklistika","tag-pevny-trail-bike","tag-trail-bike","tag-trenink","global-categories-cycling"],"yoast_head":"<!-- This site is optimized with the Yoast SEO Premium plugin v25.3 (Yoast SEO v25.9) - https:\/\/yoast.com\/wordpress\/plugins\/seo\/ -->\n<title>Pevn\u00fd trail bike \u2013 dostupn\u00e1 legrace | \u0160koda We Love Cycling - \u010cesk\u00e1 republika<\/title>\n<meta name=\"description\" content=\"Trail bike\" \/>\n<meta name=\"robots\" content=\"index, follow, max-snippet:-1, max-image-preview:large, max-video-preview:-1\" \/>\n<link rel=\"canonical\" href=\"https:\/\/www.welovecycling.com\/cs\/2022\/06\/15\/pevny-trail-bike-dostupna-legrace\/\" \/>\n<meta property=\"og:locale\" content=\"cs_CZ\" \/>\n<meta property=\"og:type\" content=\"article\" \/>\n<meta property=\"og:title\" content=\"Pevn\u00fd trail bike \u2013 dostupn\u00e1 legrace\" \/>\n<meta property=\"og:description\" content=\"Trail bike\" \/>\n<meta property=\"og:url\" content=\"https:\/\/www.welovecycling.com\/cs\/2022\/06\/15\/pevny-trail-bike-dostupna-legrace\/\" \/>\n<meta property=\"og:site_name\" content=\"\u0160koda We Love Cycling - \u010cesk\u00e1 republika\" \/>\n<meta property=\"article:published_time\" content=\"2022-06-15T14:00:55+00:00\" \/>\n<meta property=\"og:image\" content=\"https:\/\/d2p6e6u75xmxt8.cloudfront.net\/13\/2022\/06\/trail-bike-profimedia-0693081033.webp\" \/>\n\t<meta property=\"og:image:width\" content=\"1800\" \/>\n\t<meta property=\"og:image:height\" content=\"1200\" \/>\n\t<meta property=\"og:image:type\" content=\"image\/webp\" \/>\n<meta name=\"author\" content=\"radekmalina\" \/>\n<meta name=\"twitter:card\" content=\"summary_large_image\" \/>\n<meta name=\"twitter:label1\" content=\"Written by\" \/>\n\t<meta name=\"twitter:data1\" content=\"We Love Cycling\" \/>\n\t<meta name=\"twitter:label2\" content=\"Est. watching time\" \/>\n\t<meta name=\"twitter:data2\" content=\"5\" \/>\n<script type=\"application\/ld+json\" class=\"yoast-schema-graph\">{\"@context\":\"https:\/\/schema.org\",\"@graph\":[{\"@type\":\"WebPage\",\"@id\":\"https:\/\/www.welovecycling.com\/cs\/2022\/06\/15\/pevny-trail-bike-dostupna-legrace\/\",\"url\":\"https:\/\/www.welovecycling.com\/cs\/2022\/06\/15\/pevny-trail-bike-dostupna-legrace\/\",\"name\":\"Pevn\u00fd trail bike \u2013 dostupn\u00e1 legrace | \u0160koda We Love Cycling - \u010cesk\u00e1 republika\",\"isPartOf\":{\"@id\":\"https:\/\/www.welovecycling.com\/cs\/#website\"},\"primaryImageOfPage\":{\"@id\":\"https:\/\/www.welovecycling.com\/cs\/2022\/06\/15\/pevny-trail-bike-dostupna-legrace\/#primaryimage\"},\"image\":{\"@id\":\"https:\/\/www.welovecycling.com\/cs\/2022\/06\/15\/pevny-trail-bike-dostupna-legrace\/#primaryimage\"},\"thumbnailUrl\":\"https:\/\/d2p6e6u75xmxt8.cloudfront.net\/13\/2022\/06\/trail-bike-profimedia-0693081033.webp\",\"datePublished\":\"2022-06-15T14:00:55+00:00\",\"author\":{\"@id\":\"https:\/\/www.welovecycling.com\/cs\/#\/schema\/person\/d9eeb0a378f3a7e4a6d12d2b536b04b8\"},\"description\":\"Trail bike\",\"inLanguage\":\"cs\",\"potentialAction\":[{\"@type\":\"ReadAction\",\"target\":[\"https:\/\/www.welovecycling.com\/cs\/2022\/06\/15\/pevny-trail-bike-dostupna-legrace\/\"]}]},{\"@type\":\"ImageObject\",\"inLanguage\":\"cs\",\"@id\":\"https:\/\/www.welovecycling.com\/cs\/2022\/06\/15\/pevny-trail-bike-dostupna-legrace\/#primaryimage\",\"url\":\"https:\/\/d2p6e6u75xmxt8.cloudfront.net\/13\/2022\/06\/trail-bike-profimedia-0693081033.webp\",\"contentUrl\":\"https:\/\/d2p6e6u75xmxt8.cloudfront.net\/13\/2022\/06\/trail-bike-profimedia-0693081033.webp\",\"width\":1800,\"height\":1200},{\"@type\":\"WebSite\",\"@id\":\"https:\/\/www.welovecycling.com\/cs\/#website\",\"url\":\"https:\/\/www.welovecycling.com\/cs\/\",\"name\":\"\u0160koda We Love Cycling - \u010cesk\u00e1 republika\",\"description\":\"WeLoveCycling.cz je online magaz\u00edn, kter\u00fd v\u00e1m pravideln\u011b p\u0159in\u00e1\u0161\u00ed rady a tipy, zaj\u00edmav\u00e9 \u010dl\u00e1nky, videa a jedine\u010dn\u00e9 report\u00e1\u017ee ze sv\u011bta cyklistiky.\",\"potentialAction\":[{\"@type\":\"SearchAction\",\"target\":{\"@type\":\"EntryPoint\",\"urlTemplate\":\"https:\/\/www.welovecycling.com\/cs\/?s={search_term_string}\"},\"query-input\":{\"@type\":\"PropertyValueSpecification\",\"valueRequired\":true,\"valueName\":\"search_term_string\"}}],\"inLanguage\":\"cs\"},{\"@type\":\"Person\",\"@id\":\"https:\/\/www.welovecycling.com\/cs\/#\/schema\/person\/d9eeb0a378f3a7e4a6d12d2b536b04b8\",\"name\":\"radekmalina\",\"image\":{\"@type\":\"ImageObject\",\"inLanguage\":\"cs\",\"@id\":\"https:\/\/www.welovecycling.com\/cs\/#\/schema\/person\/image\/\",\"url\":\"https:\/\/secure.gravatar.com\/avatar\/66994b632cb8c39a46b9f54afa3ae07201b678d32a54275b6f1c9ffec356bfc0?s=96&d=mm&r=g\",\"contentUrl\":\"https:\/\/secure.gravatar.com\/avatar\/66994b632cb8c39a46b9f54afa3ae07201b678d32a54275b6f1c9ffec356bfc0?s=96&d=mm&r=g\",\"caption\":\"radekmalina\"},\"url\":\"https:\/\/www.welovecycling.com\/cs\/author\/radekmalina\/\"}]}<\/script>\n<!-- \/ Yoast SEO Premium plugin. -->","yoast_head_json":{"title":"Pevn\u00fd trail bike \u2013 dostupn\u00e1 legrace | \u0160koda We Love Cycling - \u010cesk\u00e1 republika","description":"Trail bike","robots":{"index":"index","follow":"follow","max-snippet":"max-snippet:-1","max-image-preview":"max-image-preview:large","max-video-preview":"max-video-preview:-1"},"canonical":"https:\/\/www.welovecycling.com\/cs\/2022\/06\/15\/pevny-trail-bike-dostupna-legrace\/","og_locale":"cs_CZ","og_type":"article","og_title":"Pevn\u00fd trail bike \u2013 dostupn\u00e1 legrace","og_description":"Trail bike","og_url":"https:\/\/www.welovecycling.com\/cs\/2022\/06\/15\/pevny-trail-bike-dostupna-legrace\/","og_site_name":"\u0160koda We Love Cycling - \u010cesk\u00e1 republika","article_published_time":"2022-06-15T14:00:55+00:00","og_image":[{"width":1800,"height":1200,"url":"https:\/\/d2p6e6u75xmxt8.cloudfront.net\/13\/2022\/06\/trail-bike-profimedia-0693081033.webp","type":"image\/webp"}],"author":"radekmalina","twitter_card":"summary_large_image","twitter_misc":{"Written by":"We Love Cycling","Est. watching time":"5"},"schema":{"@context":"https:\/\/schema.org","@graph":[{"@type":"WebPage","@id":"https:\/\/www.welovecycling.com\/cs\/2022\/06\/15\/pevny-trail-bike-dostupna-legrace\/","url":"https:\/\/www.welovecycling.com\/cs\/2022\/06\/15\/pevny-trail-bike-dostupna-legrace\/","name":"Pevn\u00fd trail bike \u2013 dostupn\u00e1 legrace | \u0160koda We Love Cycling - \u010cesk\u00e1 republika","isPartOf":{"@id":"https:\/\/www.welovecycling.com\/cs\/#website"},"primaryImageOfPage":{"@id":"https:\/\/www.welovecycling.com\/cs\/2022\/06\/15\/pevny-trail-bike-dostupna-legrace\/#primaryimage"},"image":{"@id":"https:\/\/www.welovecycling.com\/cs\/2022\/06\/15\/pevny-trail-bike-dostupna-legrace\/#primaryimage"},"thumbnailUrl":"https:\/\/d2p6e6u75xmxt8.cloudfront.net\/13\/2022\/06\/trail-bike-profimedia-0693081033.webp","datePublished":"2022-06-15T14:00:55+00:00","author":{"@id":"https:\/\/www.welovecycling.com\/cs\/#\/schema\/person\/d9eeb0a378f3a7e4a6d12d2b536b04b8"},"description":"Trail bike","inLanguage":"cs","potentialAction":[{"@type":"ReadAction","target":["https:\/\/www.welovecycling.com\/cs\/2022\/06\/15\/pevny-trail-bike-dostupna-legrace\/"]}]},{"@type":"ImageObject","inLanguage":"cs","@id":"https:\/\/www.welovecycling.com\/cs\/2022\/06\/15\/pevny-trail-bike-dostupna-legrace\/#primaryimage","url":"https:\/\/d2p6e6u75xmxt8.cloudfront.net\/13\/2022\/06\/trail-bike-profimedia-0693081033.webp","contentUrl":"https:\/\/d2p6e6u75xmxt8.cloudfront.net\/13\/2022\/06\/trail-bike-profimedia-0693081033.webp","width":1800,"height":1200},{"@type":"WebSite","@id":"https:\/\/www.welovecycling.com\/cs\/#website","url":"https:\/\/www.welovecycling.com\/cs\/","name":"\u0160koda We Love Cycling - \u010cesk\u00e1 republika","description":"WeLoveCycling.cz je online magaz\u00edn, kter\u00fd v\u00e1m pravideln\u011b p\u0159in\u00e1\u0161\u00ed rady a tipy, zaj\u00edmav\u00e9 \u010dl\u00e1nky, videa a jedine\u010dn\u00e9 report\u00e1\u017ee ze sv\u011bta cyklistiky.","potentialAction":[{"@type":"SearchAction","target":{"@type":"EntryPoint","urlTemplate":"https:\/\/www.welovecycling.com\/cs\/?s={search_term_string}"},"query-input":{"@type":"PropertyValueSpecification","valueRequired":true,"valueName":"search_term_string"}}],"inLanguage":"cs"},{"@type":"Person","@id":"https:\/\/www.welovecycling.com\/cs\/#\/schema\/person\/d9eeb0a378f3a7e4a6d12d2b536b04b8","name":"radekmalina","image":{"@type":"ImageObject","inLanguage":"cs","@id":"https:\/\/www.welovecycling.com\/cs\/#\/schema\/person\/image\/","url":"https:\/\/secure.gravatar.com\/avatar\/66994b632cb8c39a46b9f54afa3ae07201b678d32a54275b6f1c9ffec356bfc0?s=96&d=mm&r=g","contentUrl":"https:\/\/secure.gravatar.com\/avatar\/66994b632cb8c39a46b9f54afa3ae07201b678d32a54275b6f1c9ffec356bfc0?s=96&d=mm&r=g","caption":"radekmalina"},"url":"https:\/\/www.welovecycling.com\/cs\/author\/radekmalina\/"}]}},"_links":{"self":[{"href":"https:\/\/www.welovecycling.com\/cs\/wp-json\/wp\/v2\/posts\/17531","targetHints":{"allow":["GET"]}}],"collection":[{"href":"https:\/\/www.welovecycling.com\/cs\/wp-json\/wp\/v2\/posts"}],"about":[{"href":"https:\/\/www.welovecycling.com\/cs\/wp-json\/wp\/v2\/types\/post"}],"author":[{"embeddable":true,"href":"https:\/\/www.welovecycling.com\/cs\/wp-json\/wp\/v2\/users\/138"}],"replies":[{"embeddable":true,"href":"https:\/\/www.welovecycling.com\/cs\/wp-json\/wp\/v2\/comments?post=17531"}],"version-history":[{"count":2,"href":"https:\/\/www.welovecycling.com\/cs\/wp-json\/wp\/v2\/posts\/17531\/revisions"}],"predecessor-version":[{"id":17536,"href":"https:\/\/www.welovecycling.com\/cs\/wp-json\/wp\/v2\/posts\/17531\/revisions\/17536"}],"wp:featuredmedia":[{"embeddable":true,"href":"https:\/\/www.welovecycling.com\/cs\/wp-json\/wp\/v2\/media\/17534"}],"wp:attachment":[{"href":"https:\/\/www.welovecycling.com\/cs\/wp-json\/wp\/v2\/media?parent=17531"}],"wp:term":[{"taxonomy":"category","embeddable":true,"href":"https:\/\/www.welovecycling.com\/cs\/wp-json\/wp\/v2\/categories?post=17531"},{"taxonomy":"post_tag","embeddable":true,"href":"https:\/\/www.welovecycling.com\/cs\/wp-json\/wp\/v2\/tags?post=17531"},{"taxonomy":"global-categories","embeddable":true,"href":"https:\/\/www.welovecycling.com\/cs\/wp-json\/wp\/v2\/global-categories?post=17531"}],"curies":[{"name":"wp","href":"https:\/\/api.w.org\/{rel}","templated":true}]}}