{"id":17524,"date":"2022-06-14T13:00:47","date_gmt":"2022-06-14T11:00:47","guid":{"rendered":"https:\/\/www.welovecycling.com\/cs\/?p=17524"},"modified":"2022-06-14T11:04:48","modified_gmt":"2022-06-14T09:04:48","slug":"mathias-vacek-musim-se-jeste-hodne-ucit-ale-jednou-chci-bojovat-na-tour-o-stupne-vitezu","status":"publish","type":"post","link":"https:\/\/www.welovecycling.com\/cs\/2022\/06\/14\/mathias-vacek-musim-se-jeste-hodne-ucit-ale-jednou-chci-bojovat-na-tour-o-stupne-vitezu\/","title":{"rendered":"Mathias Vacek: Mus\u00edm se je\u0161t\u011b hodn\u011b u\u010dit, ale jednou chci bojovat na Tour o stupn\u011b v\u00edt\u011bz\u016f"},"content":{"rendered":"<p><strong>U\u017e m\u00e1 v kapse smlouvu s elitn\u00edm World Tour t\u00fdmem Trek-Segafredo, p\u0159esto\u017ee p\u0159ed p\u00e1r dny oslavil teprve dvac\u00e1t\u00e9 narozeniny. Mathias Vacek je velk\u00fdm talentem \u010desk\u00e9 cyklistiky. Do americk\u00e9ho t\u00fdmu nastoup\u00ed od 1. srpna jako st\u00e1\u017eista, ne\u017e mu v lednu za\u010dne b\u011b\u017eet kontrakt.\u00a0<\/strong><\/p>\n<p>K budoucnosti hled\u00ed s maxim\u00e1ln\u00ed pokorou. V\u011b\u0159\u00ed, \u017ee jednou bude na t\u011bch nejv\u011bt\u0161\u00edch z\u00e1vodech v\u010detn\u011b Tour de France bojovat o nejvy\u0161\u0161\u00ed p\u0159\u00ed\u010dky. P\u0159edpoklady k tomu m\u00e1. Je skv\u011bl\u00fdm \u010dasovk\u00e1\u0159em i vrcha\u0159em. \u201eJednou bych r\u00e1d t\u0159eba na Tour jel o stupn\u011b v\u00edt\u011bz\u016f, ale je p\u0159ede mnou je\u0161t\u011b spousta pr\u00e1ce,\u201c \u0159\u00edk\u00e1 Vacek.<\/p>\n<h2><strong>Mathiasi, na leto\u0161n\u00ed sezonu jste m\u011bl d\u00edky anga\u017em\u00e1 v\u00a0druhodivizn\u00edm t\u00fdmu Gazprom-RusVelo celkem slu\u0161n\u00e9 vyhl\u00eddky. Vyhr\u00e1l jste etapu na UAE Tour, ale pak se v\u0161echno zvrtlo kv\u016fli v\u00e1lce na Ukrajin\u011b.<\/strong><\/h2>\n<p>To jsou v\u011bci, kter\u00e9 nikdo ne\u010dekal a ve fin\u00e1le je nikdo nemohl ovlivnit. Proto\u017ee jsme byli rusk\u00fd t\u00fdm, UCI n\u00e1m sebrala licenci a my mohli jen tr\u00e9novat. Prvn\u00ed m\u011bs\u00edc jsem po\u0159\u00e1d doufal, \u017ee se to n\u011bjak vy\u0159e\u0161\u00ed. V\u017edy\u0165 my m\u011bli z\u00e1kladnu v\u00a0It\u00e1lii, byli jsme mezin\u00e1rodn\u00ed t\u00fdm, v\u011bt\u0161ina veden\u00ed byli taky Italov\u00e9. Ale nepomohlo nic a UCI trvala na sv\u00e9m. Tak\u017ee to odnesla \u0159ada lid\u00ed, kte\u0159\u00ed za nic nemohou.<\/p>\n<figure id=\"attachment_17527\" aria-describedby=\"caption-attachment-17527\" style=\"width: 1920px\" class=\"wp-caption alignnone\"><a href=\"https:\/\/d2p6e6u75xmxt8.cloudfront.net\/13\/2022\/06\/Vacek-mathias-M-Navratilova-04.jpg\"><img loading=\"lazy\" decoding=\"async\" class=\"size-extra-large wp-image-17527\" src=\"https:\/\/d2p6e6u75xmxt8.cloudfront.net\/13\/2022\/06\/Vacek-mathias-M-Navratilova-04-1920x1280.jpg\" alt=\"Mathias Vacek (v oran\u017eov\u00e9m) p\u0159i Z\u00e1vod\u011b m\u00edru do 23 let. Foto: Mark\u00e9ta Navr\u00e1tilov\u00e1\" width=\"1920\" height=\"1280\" \/><\/a><figcaption id=\"caption-attachment-17527\" class=\"wp-caption-text\"><em>Mathias Vacek (v oran\u017eov\u00e9m) p\u0159i Z\u00e1vod\u011b m\u00edru do 23 let. Foto: Mark\u00e9ta Navr\u00e1tilov\u00e1<\/em><\/figcaption><\/figure>\n<h2><strong>V Treku m\u00e1te podepsanou smlouvu od roku 2023. Byla mo\u017enost p\u0159ipojit se k budouc\u00edm par\u0165\u00e1k\u016fm d\u0159\u00edve?<\/strong><\/h2>\n<p>V\u0161echno z\u00e1le\u017eelo na postoji UCI. \u0160lo o to, \u017ee by museli povolit v\u011bt\u0161\u00ed po\u010det z\u00e1vodn\u00edk\u016f v\u00a0jednotliv\u00fdch t\u00fdmech, a to se p\u0159es v\u0161echny \u017e\u00e1dosti a dopisy nestalo. Bylo mi v\u0161ech kluk\u016f l\u00edto, ka\u017ed\u00fd to \u0159e\u0161il po sv\u00e9m. J\u00e1 u\u017e m\u011bl podeps\u00e1no, tak jsem v\u011bd\u011bl, \u017ee to mus\u00edm n\u011bjak p\u0159etrp\u011bt.<\/p>\n<h2><strong>Co jste za\u017e\u00edval? <\/strong><\/h2>\n<p>Sna\u017eil jsem se po\u0159\u00e1d dr\u017eet naho\u0159e. Moc d\u011bkuju \u010desk\u00e9 reprezentaci, \u017ee jsem mohl jet n\u011bjak\u00e9 z\u00e1vody v\u00a0jej\u00edm dresu. \u0158\u00edkal jsem si, mus\u00ed\u0161 se nachystat na Z\u00e1vod m\u00edru, nen\u00ed to konec sv\u011bta. Jedin\u00e1 \u0161ance byla se p\u0159es to v\u0161echno v\u00a0hlav\u011b povzn\u00e9st.<\/p>\n<div class=\"shortcode-ys-post-pinup\"><article class=\"loop-simple post-17438 post type-post status-publish format-standard has-post-thumbnail hentry category-silnicni-cyklistika tag-cyklistika tag-mathias-vacek tag-pavel-bittner tag-silnicni-cyklistika tag-tomas-konecny tag-vojtech-repa tag-zavod-miru-u23 global-categories-cycling\" data-postid=\"17438\" role=\"article\" data-post-id=\"17438\" data-word-count=\"769\" data-headline-length=\"94\" data-category=\"Silni\u010dn\u00ed cyklistika\" data-global-category=\"Cycling\" data-author=\"We Love Cycling\" data-published=\"2022-06-04T15:00:13+02:00\" data-published-day=\"Saturday\">\n    <div class=\"entry-thumbnail article-thumbnail\" content=\"https:\/\/d2p6e6u75xmxt8.cloudfront.net\/13\/2022\/06\/konecny-BrychtaJan_VelkaBites_Brno_VelkaBites_20220327_145347_DSC_4505-150x150.webp\"><a href=\"https:\/\/www.welovecycling.com\/cs\/2022\/06\/04\/tomas-konecny-o-ceskych-nadejich-snazime-se-do-kluku-vtloukat-viteznou-mentalitu\/\" class=\"image-holder\" target=\"_self\"><img decoding=\"async\" loading=\"lazy\" class=\"\" src=\"https:\/\/d2p6e6u75xmxt8.cloudfront.net\/13\/2022\/06\/konecny-BrychtaJan_VelkaBites_Brno_VelkaBites_20220327_145347_DSC_4505-1024x681.webp\" srcset=\"https:\/\/d2p6e6u75xmxt8.cloudfront.net\/13\/2022\/06\/konecny-BrychtaJan_VelkaBites_Brno_VelkaBites_20220327_145347_DSC_4505.webp 2400w, https:\/\/d2p6e6u75xmxt8.cloudfront.net\/13\/2022\/06\/konecny-BrychtaJan_VelkaBites_Brno_VelkaBites_20220327_145347_DSC_4505-300x200.webp 300w, https:\/\/d2p6e6u75xmxt8.cloudfront.net\/13\/2022\/06\/konecny-BrychtaJan_VelkaBites_Brno_VelkaBites_20220327_145347_DSC_4505-1024x681.webp 1024w, https:\/\/d2p6e6u75xmxt8.cloudfront.net\/13\/2022\/06\/konecny-BrychtaJan_VelkaBites_Brno_VelkaBites_20220327_145347_DSC_4505-768x511.webp 768w, https:\/\/d2p6e6u75xmxt8.cloudfront.net\/13\/2022\/06\/konecny-BrychtaJan_VelkaBites_Brno_VelkaBites_20220327_145347_DSC_4505-1536x1022.webp 1536w, https:\/\/d2p6e6u75xmxt8.cloudfront.net\/13\/2022\/06\/konecny-BrychtaJan_VelkaBites_Brno_VelkaBites_20220327_145347_DSC_4505-2048x1363.webp 2048w, https:\/\/d2p6e6u75xmxt8.cloudfront.net\/13\/2022\/06\/konecny-BrychtaJan_VelkaBites_Brno_VelkaBites_20220327_145347_DSC_4505-1920x1278.webp 1920w, https:\/\/d2p6e6u75xmxt8.cloudfront.net\/13\/2022\/06\/konecny-BrychtaJan_VelkaBites_Brno_VelkaBites_20220327_145347_DSC_4505-272x182.webp 272w, https:\/\/d2p6e6u75xmxt8.cloudfront.net\/13\/2022\/06\/konecny-BrychtaJan_VelkaBites_Brno_VelkaBites_20220327_145347_DSC_4505-1920x1278.webp 1920w\" width=\"1024\" height=\"681\" sizes=\"auto, (min-width: 1200px) 300px, (min-width: 768px) 25vw, 100vw\" alt=\"tomas-konecny-o-ceskych-nadejich-snazime-se-do-kluku-vtloukat-viteznou-mentalitu\"\/><\/a><\/div>    <div class=\"entry-meta\">\n        <a class=\"label label-secondary post-category\" href=\"https:\/\/www.welovecycling.com\/cs\/category\/silnicni-cyklistika\/\" title=\"Silni\u010dn\u00ed cyklistika\">Silni\u010dn\u00ed cyklistika<\/a>\n    <\/div>\n    <div class=\"entry-details\">\n        <a href=\"https:\/\/www.welovecycling.com\/cs\/2022\/06\/04\/tomas-konecny-o-ceskych-nadejich-snazime-se-do-kluku-vtloukat-viteznou-mentalitu\/\" class='entry-title-wrapper'>\n            <h3 class=\"entry-title\"><span>Tom\u00e1\u0161 Kone\u010dn\u00fd o \u010desk\u00fdch nad\u011bj\u00edch: Sna\u017e\u00edme se do kluk\u016f vtloukat v\u00edt\u011bznou mentalitu<\/span><\/h3>\n        <\/a>\n    <\/div>\n    <\/article>\n<\/div>\n<h2><strong>Sna\u017eil se v\u00e1m v\u00e1\u0161 budouc\u00ed t\u00fdm u\u017e te\u010f n\u011bjak pom\u00e1hat, nebo to v\u016fbec ne\u0159e\u0161ili?<\/strong><\/h2>\n<p>Obrovsky mi pomohli. Poslali mi kolo, helmu, dvoje tretry, te\u010f dostanu i \u010dasovk\u00e1\u0159sk\u00e9 kolo. Jsem za tu podporu moc vd\u011b\u010dn\u00fd. Mohli \u0159\u00edct: po\u010dkej si, ale oni prost\u011b pomoci cht\u011bli. Hned mi dali k dispozici tren\u00e9ra, se kter\u00fdm jsem v kontaktu ka\u017ed\u00fd den. Je to b\u00fdval\u00fd \u0161pan\u011blsk\u00fd profesion\u00e1l Markel Irizar. Absenci z\u00e1vod\u016f se sna\u017e\u00edme kompenzovat jin\u00fdmi tr\u00e9ninky a zvl\u00e1dli jsme to na jedni\u010dku. Jsem moc r\u00e1d, \u017ee si m\u011b v\u00e1\u017e\u00ed, berou m\u011b za sv\u00e9ho a c\u00edt\u00edm se, jako bych u\u017e tam byl.<\/p>\n<figure id=\"attachment_10882\" aria-describedby=\"caption-attachment-10882\" style=\"width: 1024px\" class=\"wp-caption alignnone\"><a href=\"https:\/\/d2p6e6u75xmxt8.cloudfront.net\/13\/2020\/11\/vacek-rybar.jpg\"><img loading=\"lazy\" decoding=\"async\" class=\"size-full wp-image-10882\" src=\"https:\/\/d2p6e6u75xmxt8.cloudfront.net\/13\/2020\/11\/vacek-rybar.jpg\" alt=\"Mathias Vacek tr\u00e1v\u00ed voln\u00e9 chv\u00edle mezi z\u00e1vody u vody p\u0159i rybolovu. \" width=\"1024\" height=\"1024\" \/><\/a><figcaption id=\"caption-attachment-10882\" class=\"wp-caption-text\"><em>Mathias Vacek tr\u00e1v\u00ed voln\u00e9 chv\u00edle mezi z\u00e1vody u vody p\u0159i rybolovu.<\/em><\/figcaption><\/figure>\n<h2><strong>Zm\u00ednil jste Z\u00e1vod m\u00edru, kter\u00fd v\u00e1m vy\u0161el na jedni\u010dku. Vyhr\u00e1l jste prolog, celkov\u011b jste skon\u010dil t\u0159et\u00ed.<\/strong><\/h2>\n<p>Byla to velk\u00e1 satisfakce. I V\u00a0Treku z\u00a0toho v\u00fdsledku m\u011bli velikou radost. T\u0159et\u00ed m\u00edsto je v\u00a0t\u00e9 konkurenci skv\u011bl\u00e9. Nem\u011bl jsem skoro \u017e\u00e1dn\u00e9 srovn\u00e1n\u00ed, proto\u017ee jsem nez\u00e1vodil, ale \u0161el jsem do toho jako bych byl v\u00a0pln\u00e9 sezon\u011b. Tr\u00e9nink byl dobr\u00fd a j\u00e1 si hodn\u011b v\u011b\u0159il.<\/p>\n<h2><strong>V\u00a0kr\u00e1lovsk\u00e9 etap\u011b v\u00e1m hodn\u011b pomohl bratr Karel, to byl skoro srdceryvn\u00fd p\u0159\u00edb\u011bh\u2026<\/strong><\/h2>\n<p>Byla to par\u00e1da. J\u00e1 byl a\u017e p\u0159ekvapen\u00fd, jak br\u00e1cha do toho posledn\u00edho kopce let\u011bl. Moc mu za to d\u011bkuju a jsem stra\u0161n\u011b r\u00e1d, \u017ee jsme kone\u010dn\u011b uk\u00e1zali, jak jsme v\u00fdborn\u011b sehran\u00ed. A douf\u00e1m, \u017ee to budeme ukazovat i v\u00a0budoucnu. P\u0159\u00e1l bych si, abychom se se\u0161li v\u00a0jednom t\u00fdmu. V\u011b\u0159\u00edm, \u017ee je to bl\u00edzko. Nejsme \u00fapln\u011b stejn\u00e9 typy a dob\u0159e se dopl\u0148ujeme.<\/p>\n<div class=\"shortcode-ys-post-pinup\"><article class=\"loop-simple post-11383 post type-post status-publish format-standard has-post-thumbnail hentry category-silnicni-cyklistika tag-cyklistika tag-karel-vacek tag-qhubeka-assos tag-silnicni-cyklistika global-categories-cycling\" data-postid=\"11383\" role=\"article\" data-post-id=\"11383\" data-word-count=\"956\" data-headline-length=\"95\" data-category=\"Silni\u010dn\u00ed cyklistika\" data-global-category=\"Cycling\" data-author=\"Jan Kr\u016fta\" data-published=\"2021-01-20T07:00:34+02:00\" data-published-day=\"Wednesday\">\n    <div class=\"entry-thumbnail article-thumbnail\" content=\"https:\/\/d2p6e6u75xmxt8.cloudfront.net\/13\/2019\/06\/vycerpany-karel-vacek-150x150.webp\"><a href=\"https:\/\/www.welovecycling.com\/cs\/2021\/01\/20\/karel-vacek-citil-jsem-se-skoro-nesmrtelny-ale-tatuv-nastup-do-vezeni-me-hrozne-vzal\/\" class=\"image-holder\" target=\"_self\"><img decoding=\"async\" loading=\"lazy\" class=\"\" src=\"https:\/\/d2p6e6u75xmxt8.cloudfront.net\/13\/2019\/06\/vycerpany-karel-vacek-1024x684.webp\" srcset=\"https:\/\/d2p6e6u75xmxt8.cloudfront.net\/13\/2019\/06\/vycerpany-karel-vacek.webp 2400w, https:\/\/d2p6e6u75xmxt8.cloudfront.net\/13\/2019\/06\/vycerpany-karel-vacek-300x200.webp 300w, https:\/\/d2p6e6u75xmxt8.cloudfront.net\/13\/2019\/06\/vycerpany-karel-vacek-1024x684.webp 1024w, https:\/\/d2p6e6u75xmxt8.cloudfront.net\/13\/2019\/06\/vycerpany-karel-vacek-768x513.webp 768w, https:\/\/d2p6e6u75xmxt8.cloudfront.net\/13\/2019\/06\/vycerpany-karel-vacek-1536x1025.webp 1536w, https:\/\/d2p6e6u75xmxt8.cloudfront.net\/13\/2019\/06\/vycerpany-karel-vacek-2048x1367.webp 2048w, https:\/\/d2p6e6u75xmxt8.cloudfront.net\/13\/2019\/06\/vycerpany-karel-vacek-1920x1282.webp 1920w, https:\/\/d2p6e6u75xmxt8.cloudfront.net\/13\/2019\/06\/vycerpany-karel-vacek-272x182.webp 272w, https:\/\/d2p6e6u75xmxt8.cloudfront.net\/13\/2019\/06\/vycerpany-karel-vacek-1920x1282.webp 1920w\" width=\"1024\" height=\"684\" sizes=\"auto, (min-width: 1200px) 300px, (min-width: 768px) 25vw, 100vw\" alt=\"karel-vacek-citil-jsem-se-skoro-nesmrtelny-ale-tatuv-nastup-do-vezeni-me-hrozne-vzal\"\/><\/a><\/div>    <div class=\"entry-meta\">\n        <a class=\"label label-secondary post-category\" href=\"https:\/\/www.welovecycling.com\/cs\/category\/silnicni-cyklistika\/\" title=\"Silni\u010dn\u00ed cyklistika\">Silni\u010dn\u00ed cyklistika<\/a>\n    <\/div>\n    <div class=\"entry-details\">\n        <a href=\"https:\/\/www.welovecycling.com\/cs\/2021\/01\/20\/karel-vacek-citil-jsem-se-skoro-nesmrtelny-ale-tatuv-nastup-do-vezeni-me-hrozne-vzal\/\" class='entry-title-wrapper'>\n            <h3 class=\"entry-title\"><span>Karel Vacek: C\u00edtil jsem se skoro nesmrteln\u00fd. Ale t\u00e1t\u016fv n\u00e1stup do v\u011bzen\u00ed m\u011b hrozn\u011b vzal<\/span><\/h3>\n        <\/a>\n    <\/div>\n    <\/article>\n<\/div>\n<h2><strong>Z\u00e1vod m\u00edru je minulost\u00ed, jak\u00e9 dal\u0161\u00ed vrcholy sezony jste si stanovil?<\/strong><\/h2>\n<p>Te\u010f je nejbli\u017e\u0161\u00ed mistr\u00e1k republiky a pak hned Evropa. Na mistr\u00e1ku chci vyhr\u00e1t \u010dasovku a porvat se i o titul v\u00a0silni\u010dn\u00edm z\u00e1vod\u011b, t\u011b\u017ek\u00e1 tra\u0165 by mi m\u011bla vyhovovat. Na Evrop\u011b m\u00e1m taky ty nejvy\u0161\u0161\u00ed ambice, stejn\u011b jako na mistrovstv\u00ed sv\u011bta nebo etap\u00e1ku Tour de l\u00b4Avenir, kter\u00fd pojedu s\u00a0n\u00e1ro\u010f\u00e1kem.<\/p>\n<h2><strong>U\u017e v\u00edte, co v\u00e1s \u010dek\u00e1 od srpna v\u00a0Treku?<\/strong><\/h2>\n<p>P\u0159ed Avenirem bych m\u011bl jet n\u011bjak\u00e9 men\u0161\u00ed etap\u00e1ky ve \u0160pan\u011blsku, mo\u017en\u00e1 u n\u00e1s Sazka Tour. Pr\u00fd mi daj\u00ed volnou ruku. Kdyby z\u00e1le\u017eelo jen na mn\u011b, asi bych rad\u0161i jel doma. Dal\u0161\u00ed z\u00e1vody se uvid\u00ed, teprve to budeme \u0159e\u0161it.<\/p>\n<figure id=\"attachment_17529\" aria-describedby=\"caption-attachment-17529\" style=\"width: 1920px\" class=\"wp-caption alignnone\"><a href=\"https:\/\/d2p6e6u75xmxt8.cloudfront.net\/13\/2022\/06\/VACEK-MATHIAS-Reichova_Barbora.jpg\"><img loading=\"lazy\" decoding=\"async\" class=\"size-extra-large wp-image-17529\" src=\"https:\/\/d2p6e6u75xmxt8.cloudfront.net\/13\/2022\/06\/VACEK-MATHIAS-Reichova_Barbora-1920x1281.jpg\" alt=\"Mathias Vacek v dresu l\u00eddra Z\u00e1vodu m\u00edru do 23 let.\" width=\"1920\" height=\"1281\" \/><\/a><figcaption id=\"caption-attachment-17529\" class=\"wp-caption-text\"><em>Mathias Vacek v dresu l\u00eddra Z\u00e1vodu m\u00edru do 23 let. Foto: Barbora Reichov\u00e1<\/em><\/figcaption><\/figure>\n<h2><strong>Zaregistroval jste, \u017ee od srpna m\u00ed\u0159\u00ed jako st\u00e1\u017eista do Treku i Thibau Nys, syn legend\u00e1rn\u00edho belgick\u00e9ho cyklokrosa\u0159e?<\/strong><\/h2>\n<p>V\u00edm o tom. \u0158\u00edkali, \u017ee budeme tvo\u0159it skv\u011blou dvojku, tak jsem zv\u011bdav. I kdy\u017e jsme ka\u017ed\u00fd jin\u00fd typ z\u00e1vodn\u00edka a on ur\u010dit\u011b bude cht\u00edt d\u00e1l jezdit i cyklokros.<\/p>\n<div class=\"shortcode-ys-post-pinup\"><article class=\"loop-simple post-17502 post type-post status-publish format-standard has-post-thumbnail hentry category-letape-czech-republic tag-andy-schleck tag-cyklistika tag-letape-czech-republic-by-tour-de-france-2022 tag-martina-sablikova tag-michal-kollert tag-silnicni-cyklistika tag-zdenek-stybar global-categories-cycling\" data-postid=\"17502\" role=\"article\" data-post-id=\"17502\" data-word-count=\"438\" data-headline-length=\"93\" data-category=\"L&#039;Etape Czech Republic\" data-global-category=\"Cycling\" data-author=\"We Love Cycling\" data-published=\"2022-06-11T23:18:32+02:00\" data-published-day=\"Saturday\">\n    <div class=\"entry-thumbnail article-thumbnail\" content=\"https:\/\/d2p6e6u75xmxt8.cloudfront.net\/13\/2022\/06\/l-etape-0I4A2529low-scaled-150x150.webp\"><a href=\"https:\/\/www.welovecycling.com\/cs\/2022\/06\/11\/letape-2022-nadseni-z-atmosfery-i-pres-krivoklatske-peklo-a-slunecni-vyhen\/\" class=\"image-holder\" target=\"_self\"><img decoding=\"async\" loading=\"lazy\" class=\"\" src=\"https:\/\/d2p6e6u75xmxt8.cloudfront.net\/13\/2022\/06\/l-etape-0I4A2529low-scaled-1024x683.webp\" srcset=\"https:\/\/d2p6e6u75xmxt8.cloudfront.net\/13\/2022\/06\/l-etape-0I4A2529low-scaled.webp 2560w, https:\/\/d2p6e6u75xmxt8.cloudfront.net\/13\/2022\/06\/l-etape-0I4A2529low-scaled-300x200.webp 300w, https:\/\/d2p6e6u75xmxt8.cloudfront.net\/13\/2022\/06\/l-etape-0I4A2529low-scaled-1024x683.webp 1024w, https:\/\/d2p6e6u75xmxt8.cloudfront.net\/13\/2022\/06\/l-etape-0I4A2529low-scaled-768x512.webp 768w, https:\/\/d2p6e6u75xmxt8.cloudfront.net\/13\/2022\/06\/l-etape-0I4A2529low-scaled-1536x1024.webp 1536w, https:\/\/d2p6e6u75xmxt8.cloudfront.net\/13\/2022\/06\/l-etape-0I4A2529low-scaled-2048x1366.webp 2048w, https:\/\/d2p6e6u75xmxt8.cloudfront.net\/13\/2022\/06\/l-etape-0I4A2529low-scaled-1920x1280.webp 1920w, https:\/\/d2p6e6u75xmxt8.cloudfront.net\/13\/2022\/06\/l-etape-0I4A2529low-scaled-272x182.webp 272w, https:\/\/d2p6e6u75xmxt8.cloudfront.net\/13\/2022\/06\/l-etape-0I4A2529low-scaled-1920x1280.webp 1920w\" width=\"1024\" height=\"683\" sizes=\"auto, (min-width: 1200px) 300px, (min-width: 768px) 25vw, 100vw\" alt=\"letape-2022-nadseni-z-atmosfery-i-pres-krivoklatske-peklo-a-slunecni-vyhen\"\/><\/a><\/div>    <div class=\"entry-meta\">\n        <a class=\"label label-secondary post-category\" href=\"https:\/\/www.welovecycling.com\/cs\/category\/letape-czech-republic\/\" title=\"L'Etape Czech Republic\">L'Etape Czech Republic<\/a>\n    <\/div>\n    <div class=\"entry-details\">\n        <a href=\"https:\/\/www.welovecycling.com\/cs\/2022\/06\/11\/letape-2022-nadseni-z-atmosfery-i-pres-krivoklatske-peklo-a-slunecni-vyhen\/\" class='entry-title-wrapper'>\n            <h3 class=\"entry-title\"><span>L&#8217;Etape 2022: nad\u0161en\u00ed z atmosf\u00e9ry i p\u0159es k\u0159ivokl\u00e1tsk\u00e9 peklo a slune\u010dn\u00ed v\u00fdhe\u0148<\/span><\/h3>\n        <\/a>\n    <\/div>\n    <\/article>\n<\/div>\n<h2><strong>Tu\u0161\u00edte, jakou roli v\u00e1m v\u00a0nov\u00e9m t\u00fdmu p\u0159id\u011bl\u00ed?<\/strong><\/h2>\n<p>Co jsme se bavili, tak u\u017e prvn\u00ed rok cht\u011bj\u00ed, abych si na n\u011bjak\u00fdch men\u0161\u00edch z\u00e1vodech vyzkou\u0161el roli l\u00eddra. To m\u011b moc t\u011b\u0161\u00ed. Samoz\u0159ejm\u011b jsem sm\u00ed\u0159en\u00fd s t\u00edm, \u017ee jinde budu zase pom\u00e1hat ostatn\u00edm. Jsem mlad\u00fd, nem\u00e1m tolik zku\u0161enost\u00ed, pot\u0159ebuju se u\u010dit. Ale ur\u010dit\u011b jdu do t\u00fdmu, kde t\u0159eba na Grand Tour tolik l\u00eddr\u016f nemaj\u00ed a do budoucna by to mohla b\u00fdt moje \u0161ance.<\/p>\n<h2><strong>Vid\u00edte s\u00e1m sebe jednou jako l\u00eddra pro ty nejv\u011bt\u0161\u00ed z\u00e1vody?<\/strong><\/h2>\n<p>Asi k\u00a0tomu n\u011bjak\u00e9 p\u0159edpoklady m\u00e1m a ur\u010dit\u011b to nen\u00ed nere\u00e1ln\u00e9. Stoj\u00ed za t\u00edm je\u0161t\u011b spousta d\u0159iny, ale jednou se tam vid\u00edm.<\/p>\n","protected":false},"excerpt":{"rendered":"<p>U\u017e m\u00e1 v kapse smlouvu s elitn\u00edm World Tour t\u00fdmem Trek-Segafredo, p\u0159esto\u017ee p\u0159ed p\u00e1r dny oslavil teprve dvac\u00e1t\u00e9 narozeniny. Mathias [&hellip;]<\/p>\n","protected":false},"author":138,"featured_media":17528,"comment_status":"open","ping_status":"open","sticky":false,"template":"","format":"standard","meta":{"footnotes":""},"categories":[10],"tags":[126,305,9,1307,27,595],"global-categories":[411],"class_list":["post-17524","post","type-post","status-publish","format-standard","has-post-thumbnail","hentry","category-silnicni-cyklistika","tag-cyklistika","tag-mathias-vacek","tag-silnicni-cyklistika","tag-trek-segafredo","tag-trenink","tag-zavod-miru","global-categories-cycling"],"yoast_head":"<!-- This site is optimized with the Yoast SEO Premium plugin v25.3 (Yoast SEO v25.9) - https:\/\/yoast.com\/wordpress\/plugins\/seo\/ -->\n<title>Mathias Vacek: Mus\u00edm se je\u0161t\u011b hodn\u011b u\u010dit, ale jednou chci bojovat na Tour o stupn\u011b v\u00edt\u011bz\u016f | \u0160koda We Love Cycling - \u010cesk\u00e1 republika<\/title>\n<meta name=\"description\" content=\"U\u017e m\u00e1 v kapse smlouvu s t\u00fdmem Trek-Segafredo, by\u0165 oslavil teprve dvac\u00e1t\u00e9 narozeniny. Mathias Vacek je velk\u00fdm talentem \u010desk\u00e9 cyklistiky.\" \/>\n<meta name=\"robots\" content=\"index, follow, max-snippet:-1, max-image-preview:large, max-video-preview:-1\" \/>\n<link rel=\"canonical\" href=\"https:\/\/www.welovecycling.com\/cs\/2022\/06\/14\/mathias-vacek-musim-se-jeste-hodne-ucit-ale-jednou-chci-bojovat-na-tour-o-stupne-vitezu\/\" \/>\n<meta property=\"og:locale\" content=\"cs_CZ\" \/>\n<meta property=\"og:type\" content=\"article\" \/>\n<meta property=\"og:title\" content=\"Mathias Vacek: Mus\u00edm se je\u0161t\u011b hodn\u011b u\u010dit, ale jednou chci bojovat na Tour o stupn\u011b v\u00edt\u011bz\u016f\" \/>\n<meta property=\"og:description\" content=\"U\u017e m\u00e1 v kapse smlouvu s t\u00fdmem Trek-Segafredo, by\u0165 oslavil teprve dvac\u00e1t\u00e9 narozeniny. Mathias Vacek je velk\u00fdm talentem \u010desk\u00e9 cyklistiky.\" \/>\n<meta property=\"og:url\" content=\"https:\/\/www.welovecycling.com\/cs\/2022\/06\/14\/mathias-vacek-musim-se-jeste-hodne-ucit-ale-jednou-chci-bojovat-na-tour-o-stupne-vitezu\/\" \/>\n<meta property=\"og:site_name\" content=\"\u0160koda We Love Cycling - \u010cesk\u00e1 republika\" \/>\n<meta property=\"article:published_time\" content=\"2022-06-14T11:00:47+00:00\" \/>\n<meta property=\"og:image\" content=\"https:\/\/d2p6e6u75xmxt8.cloudfront.net\/13\/2022\/06\/Vacek-mathias-REI_1979.webp\" \/>\n\t<meta property=\"og:image:width\" content=\"1426\" \/>\n\t<meta property=\"og:image:height\" content=\"951\" \/>\n\t<meta property=\"og:image:type\" content=\"image\/webp\" \/>\n<meta name=\"author\" content=\"radekmalina\" \/>\n<meta name=\"twitter:card\" content=\"summary_large_image\" \/>\n<meta name=\"twitter:label1\" content=\"Written by\" \/>\n\t<meta name=\"twitter:data1\" content=\"We Love Cycling\" \/>\n\t<meta name=\"twitter:label2\" content=\"Est. reading time\" \/>\n\t<meta name=\"twitter:data2\" content=\"5\" \/>\n<script type=\"application\/ld+json\" class=\"yoast-schema-graph\">{\"@context\":\"https:\/\/schema.org\",\"@graph\":[{\"@type\":\"WebPage\",\"@id\":\"https:\/\/www.welovecycling.com\/cs\/2022\/06\/14\/mathias-vacek-musim-se-jeste-hodne-ucit-ale-jednou-chci-bojovat-na-tour-o-stupne-vitezu\/\",\"url\":\"https:\/\/www.welovecycling.com\/cs\/2022\/06\/14\/mathias-vacek-musim-se-jeste-hodne-ucit-ale-jednou-chci-bojovat-na-tour-o-stupne-vitezu\/\",\"name\":\"Mathias Vacek: Mus\u00edm se je\u0161t\u011b hodn\u011b u\u010dit, ale jednou chci bojovat na Tour o stupn\u011b v\u00edt\u011bz\u016f | \u0160koda We Love Cycling - \u010cesk\u00e1 republika\",\"isPartOf\":{\"@id\":\"https:\/\/www.welovecycling.com\/cs\/#website\"},\"primaryImageOfPage\":{\"@id\":\"https:\/\/www.welovecycling.com\/cs\/2022\/06\/14\/mathias-vacek-musim-se-jeste-hodne-ucit-ale-jednou-chci-bojovat-na-tour-o-stupne-vitezu\/#primaryimage\"},\"image\":{\"@id\":\"https:\/\/www.welovecycling.com\/cs\/2022\/06\/14\/mathias-vacek-musim-se-jeste-hodne-ucit-ale-jednou-chci-bojovat-na-tour-o-stupne-vitezu\/#primaryimage\"},\"thumbnailUrl\":\"https:\/\/d2p6e6u75xmxt8.cloudfront.net\/13\/2022\/06\/Vacek-mathias-REI_1979.webp\",\"datePublished\":\"2022-06-14T11:00:47+00:00\",\"author\":{\"@id\":\"https:\/\/www.welovecycling.com\/cs\/#\/schema\/person\/d9eeb0a378f3a7e4a6d12d2b536b04b8\"},\"description\":\"U\u017e m\u00e1 v kapse smlouvu s t\u00fdmem Trek-Segafredo, by\u0165 oslavil teprve dvac\u00e1t\u00e9 narozeniny. Mathias Vacek je velk\u00fdm talentem \u010desk\u00e9 cyklistiky.\",\"inLanguage\":\"cs\",\"potentialAction\":[{\"@type\":\"ReadAction\",\"target\":[\"https:\/\/www.welovecycling.com\/cs\/2022\/06\/14\/mathias-vacek-musim-se-jeste-hodne-ucit-ale-jednou-chci-bojovat-na-tour-o-stupne-vitezu\/\"]}]},{\"@type\":\"ImageObject\",\"inLanguage\":\"cs\",\"@id\":\"https:\/\/www.welovecycling.com\/cs\/2022\/06\/14\/mathias-vacek-musim-se-jeste-hodne-ucit-ale-jednou-chci-bojovat-na-tour-o-stupne-vitezu\/#primaryimage\",\"url\":\"https:\/\/d2p6e6u75xmxt8.cloudfront.net\/13\/2022\/06\/Vacek-mathias-REI_1979.webp\",\"contentUrl\":\"https:\/\/d2p6e6u75xmxt8.cloudfront.net\/13\/2022\/06\/Vacek-mathias-REI_1979.webp\",\"width\":1426,\"height\":951},{\"@type\":\"WebSite\",\"@id\":\"https:\/\/www.welovecycling.com\/cs\/#website\",\"url\":\"https:\/\/www.welovecycling.com\/cs\/\",\"name\":\"\u0160koda We Love Cycling - \u010cesk\u00e1 republika\",\"description\":\"WeLoveCycling.cz je online magaz\u00edn, kter\u00fd v\u00e1m pravideln\u011b p\u0159in\u00e1\u0161\u00ed rady a tipy, zaj\u00edmav\u00e9 \u010dl\u00e1nky, videa a jedine\u010dn\u00e9 report\u00e1\u017ee ze sv\u011bta cyklistiky.\",\"potentialAction\":[{\"@type\":\"SearchAction\",\"target\":{\"@type\":\"EntryPoint\",\"urlTemplate\":\"https:\/\/www.welovecycling.com\/cs\/?s={search_term_string}\"},\"query-input\":{\"@type\":\"PropertyValueSpecification\",\"valueRequired\":true,\"valueName\":\"search_term_string\"}}],\"inLanguage\":\"cs\"},{\"@type\":\"Person\",\"@id\":\"https:\/\/www.welovecycling.com\/cs\/#\/schema\/person\/d9eeb0a378f3a7e4a6d12d2b536b04b8\",\"name\":\"radekmalina\",\"image\":{\"@type\":\"ImageObject\",\"inLanguage\":\"cs\",\"@id\":\"https:\/\/www.welovecycling.com\/cs\/#\/schema\/person\/image\/\",\"url\":\"https:\/\/secure.gravatar.com\/avatar\/66994b632cb8c39a46b9f54afa3ae07201b678d32a54275b6f1c9ffec356bfc0?s=96&d=mm&r=g\",\"contentUrl\":\"https:\/\/secure.gravatar.com\/avatar\/66994b632cb8c39a46b9f54afa3ae07201b678d32a54275b6f1c9ffec356bfc0?s=96&d=mm&r=g\",\"caption\":\"radekmalina\"},\"url\":\"https:\/\/www.welovecycling.com\/cs\/author\/radekmalina\/\"}]}<\/script>\n<!-- \/ Yoast SEO Premium plugin. -->","yoast_head_json":{"title":"Mathias Vacek: Mus\u00edm se je\u0161t\u011b hodn\u011b u\u010dit, ale jednou chci bojovat na Tour o stupn\u011b v\u00edt\u011bz\u016f | \u0160koda We Love Cycling - \u010cesk\u00e1 republika","description":"U\u017e m\u00e1 v kapse smlouvu s t\u00fdmem Trek-Segafredo, by\u0165 oslavil teprve dvac\u00e1t\u00e9 narozeniny. Mathias Vacek je velk\u00fdm talentem \u010desk\u00e9 cyklistiky.","robots":{"index":"index","follow":"follow","max-snippet":"max-snippet:-1","max-image-preview":"max-image-preview:large","max-video-preview":"max-video-preview:-1"},"canonical":"https:\/\/www.welovecycling.com\/cs\/2022\/06\/14\/mathias-vacek-musim-se-jeste-hodne-ucit-ale-jednou-chci-bojovat-na-tour-o-stupne-vitezu\/","og_locale":"cs_CZ","og_type":"article","og_title":"Mathias Vacek: Mus\u00edm se je\u0161t\u011b hodn\u011b u\u010dit, ale jednou chci bojovat na Tour o stupn\u011b v\u00edt\u011bz\u016f","og_description":"U\u017e m\u00e1 v kapse smlouvu s t\u00fdmem Trek-Segafredo, by\u0165 oslavil teprve dvac\u00e1t\u00e9 narozeniny. Mathias Vacek je velk\u00fdm talentem \u010desk\u00e9 cyklistiky.","og_url":"https:\/\/www.welovecycling.com\/cs\/2022\/06\/14\/mathias-vacek-musim-se-jeste-hodne-ucit-ale-jednou-chci-bojovat-na-tour-o-stupne-vitezu\/","og_site_name":"\u0160koda We Love Cycling - \u010cesk\u00e1 republika","article_published_time":"2022-06-14T11:00:47+00:00","og_image":[{"width":1426,"height":951,"url":"https:\/\/d2p6e6u75xmxt8.cloudfront.net\/13\/2022\/06\/Vacek-mathias-REI_1979.webp","type":"image\/webp"}],"author":"radekmalina","twitter_card":"summary_large_image","twitter_misc":{"Written by":"We Love Cycling","Est. reading time":"5"},"schema":{"@context":"https:\/\/schema.org","@graph":[{"@type":"WebPage","@id":"https:\/\/www.welovecycling.com\/cs\/2022\/06\/14\/mathias-vacek-musim-se-jeste-hodne-ucit-ale-jednou-chci-bojovat-na-tour-o-stupne-vitezu\/","url":"https:\/\/www.welovecycling.com\/cs\/2022\/06\/14\/mathias-vacek-musim-se-jeste-hodne-ucit-ale-jednou-chci-bojovat-na-tour-o-stupne-vitezu\/","name":"Mathias Vacek: Mus\u00edm se je\u0161t\u011b hodn\u011b u\u010dit, ale jednou chci bojovat na Tour o stupn\u011b v\u00edt\u011bz\u016f | \u0160koda We Love Cycling - \u010cesk\u00e1 republika","isPartOf":{"@id":"https:\/\/www.welovecycling.com\/cs\/#website"},"primaryImageOfPage":{"@id":"https:\/\/www.welovecycling.com\/cs\/2022\/06\/14\/mathias-vacek-musim-se-jeste-hodne-ucit-ale-jednou-chci-bojovat-na-tour-o-stupne-vitezu\/#primaryimage"},"image":{"@id":"https:\/\/www.welovecycling.com\/cs\/2022\/06\/14\/mathias-vacek-musim-se-jeste-hodne-ucit-ale-jednou-chci-bojovat-na-tour-o-stupne-vitezu\/#primaryimage"},"thumbnailUrl":"https:\/\/d2p6e6u75xmxt8.cloudfront.net\/13\/2022\/06\/Vacek-mathias-REI_1979.webp","datePublished":"2022-06-14T11:00:47+00:00","author":{"@id":"https:\/\/www.welovecycling.com\/cs\/#\/schema\/person\/d9eeb0a378f3a7e4a6d12d2b536b04b8"},"description":"U\u017e m\u00e1 v kapse smlouvu s t\u00fdmem Trek-Segafredo, by\u0165 oslavil teprve dvac\u00e1t\u00e9 narozeniny. Mathias Vacek je velk\u00fdm talentem \u010desk\u00e9 cyklistiky.","inLanguage":"cs","potentialAction":[{"@type":"ReadAction","target":["https:\/\/www.welovecycling.com\/cs\/2022\/06\/14\/mathias-vacek-musim-se-jeste-hodne-ucit-ale-jednou-chci-bojovat-na-tour-o-stupne-vitezu\/"]}]},{"@type":"ImageObject","inLanguage":"cs","@id":"https:\/\/www.welovecycling.com\/cs\/2022\/06\/14\/mathias-vacek-musim-se-jeste-hodne-ucit-ale-jednou-chci-bojovat-na-tour-o-stupne-vitezu\/#primaryimage","url":"https:\/\/d2p6e6u75xmxt8.cloudfront.net\/13\/2022\/06\/Vacek-mathias-REI_1979.webp","contentUrl":"https:\/\/d2p6e6u75xmxt8.cloudfront.net\/13\/2022\/06\/Vacek-mathias-REI_1979.webp","width":1426,"height":951},{"@type":"WebSite","@id":"https:\/\/www.welovecycling.com\/cs\/#website","url":"https:\/\/www.welovecycling.com\/cs\/","name":"\u0160koda We Love Cycling - \u010cesk\u00e1 republika","description":"WeLoveCycling.cz je online magaz\u00edn, kter\u00fd v\u00e1m pravideln\u011b p\u0159in\u00e1\u0161\u00ed rady a tipy, zaj\u00edmav\u00e9 \u010dl\u00e1nky, videa a jedine\u010dn\u00e9 report\u00e1\u017ee ze sv\u011bta cyklistiky.","potentialAction":[{"@type":"SearchAction","target":{"@type":"EntryPoint","urlTemplate":"https:\/\/www.welovecycling.com\/cs\/?s={search_term_string}"},"query-input":{"@type":"PropertyValueSpecification","valueRequired":true,"valueName":"search_term_string"}}],"inLanguage":"cs"},{"@type":"Person","@id":"https:\/\/www.welovecycling.com\/cs\/#\/schema\/person\/d9eeb0a378f3a7e4a6d12d2b536b04b8","name":"radekmalina","image":{"@type":"ImageObject","inLanguage":"cs","@id":"https:\/\/www.welovecycling.com\/cs\/#\/schema\/person\/image\/","url":"https:\/\/secure.gravatar.com\/avatar\/66994b632cb8c39a46b9f54afa3ae07201b678d32a54275b6f1c9ffec356bfc0?s=96&d=mm&r=g","contentUrl":"https:\/\/secure.gravatar.com\/avatar\/66994b632cb8c39a46b9f54afa3ae07201b678d32a54275b6f1c9ffec356bfc0?s=96&d=mm&r=g","caption":"radekmalina"},"url":"https:\/\/www.welovecycling.com\/cs\/author\/radekmalina\/"}]}},"_links":{"self":[{"href":"https:\/\/www.welovecycling.com\/cs\/wp-json\/wp\/v2\/posts\/17524","targetHints":{"allow":["GET"]}}],"collection":[{"href":"https:\/\/www.welovecycling.com\/cs\/wp-json\/wp\/v2\/posts"}],"about":[{"href":"https:\/\/www.welovecycling.com\/cs\/wp-json\/wp\/v2\/types\/post"}],"author":[{"embeddable":true,"href":"https:\/\/www.welovecycling.com\/cs\/wp-json\/wp\/v2\/users\/138"}],"replies":[{"embeddable":true,"href":"https:\/\/www.welovecycling.com\/cs\/wp-json\/wp\/v2\/comments?post=17524"}],"version-history":[{"count":2,"href":"https:\/\/www.welovecycling.com\/cs\/wp-json\/wp\/v2\/posts\/17524\/revisions"}],"predecessor-version":[{"id":17530,"href":"https:\/\/www.welovecycling.com\/cs\/wp-json\/wp\/v2\/posts\/17524\/revisions\/17530"}],"wp:featuredmedia":[{"embeddable":true,"href":"https:\/\/www.welovecycling.com\/cs\/wp-json\/wp\/v2\/media\/17528"}],"wp:attachment":[{"href":"https:\/\/www.welovecycling.com\/cs\/wp-json\/wp\/v2\/media?parent=17524"}],"wp:term":[{"taxonomy":"category","embeddable":true,"href":"https:\/\/www.welovecycling.com\/cs\/wp-json\/wp\/v2\/categories?post=17524"},{"taxonomy":"post_tag","embeddable":true,"href":"https:\/\/www.welovecycling.com\/cs\/wp-json\/wp\/v2\/tags?post=17524"},{"taxonomy":"global-categories","embeddable":true,"href":"https:\/\/www.welovecycling.com\/cs\/wp-json\/wp\/v2\/global-categories?post=17524"}],"curies":[{"name":"wp","href":"https:\/\/api.w.org\/{rel}","templated":true}]}}