{"id":17308,"date":"2022-05-23T16:00:36","date_gmt":"2022-05-23T14:00:36","guid":{"rendered":"https:\/\/www.welovecycling.com\/cs\/?p=17308"},"modified":"2022-05-23T16:00:36","modified_gmt":"2022-05-23T14:00:36","slug":"fotoreportaz-na-ikonicke-trati-s-tisicovkami-fanousku","status":"publish","type":"post","link":"https:\/\/www.welovecycling.com\/cs\/2022\/05\/23\/fotoreportaz-na-ikonicke-trati-s-tisicovkami-fanousku\/","title":{"rendered":"Fotoreport\u00e1\u017e: Na ikonick\u00e9 trati s tis\u00edcovkami fanou\u0161k\u016f"},"content":{"rendered":"<p><strong>Typicky skotsk\u00e9 po\u010das\u00ed. Ale kdy\u017e si daj\u00ed nejlep\u0161\u00ed bike\u0159i ve sjezdu v r\u00e1mci sv\u011btov\u00e9ho poh\u00e1ru dostaven\u00ed\u010dko ve Fort William na \u00fapat\u00ed hory Ben Navis, je ar\u00e9na poka\u017ed\u00e9 narvan\u00e1 k prasknut\u00ed. Bez ohledu na provazy vody \u0159inouc\u00ed se z nebes, bez ohledu na vichr bi\u010duj\u00edc\u00ed div\u00e1ky do tv\u00e1\u0159\u00ed. Dvacet let historie z\u00e1vod\u011bn\u00ed na zdej\u0161\u00ed trati ud\u011blalo ze z\u00e1vodu ikonick\u00fd podnik. Na startu nechyb\u011blo i jedno \u010desk\u00e9 p\u0159ekvapen\u00ed&#8230;<\/strong><\/p>\n<p><a href=\"https:\/\/d2p6e6u75xmxt8.cloudfront.net\/13\/2022\/05\/01.jpg\"><img loading=\"lazy\" decoding=\"async\" class=\"alignnone size-full wp-image-17309\" src=\"https:\/\/d2p6e6u75xmxt8.cloudfront.net\/13\/2022\/05\/01.jpg\" alt=\"\" width=\"1600\" height=\"824\" \/><\/a><br \/>\nSkotsk\u00fd Fort William je mekkou britsk\u00e9ho sjezdu a na \u00fapat\u00ed Ben Nevisu po dvou letech znovu zam\u00ed\u0159ily desetitis\u00edce div\u00e1k\u016f. Tradi\u010dn\u00ed skotsk\u00e9 po\u010das\u00ed je samoz\u0159ejm\u011b nemohlo rozhodit. Fanou\u0161k\u016fm ud\u011blala velkou radost i \u010derstv\u00e1 zpr\u00e1va, \u017ee p\u0159\u00ed\u0161t\u00ed rok se na t\u00e9to trati bude bojovat o duhov\u00e9 trikoty. Mistrovstv\u00ed sv\u011bta v\u0161ech cyklistick\u00fdch discipl\u00edn bude hostit skotsk\u00e9 Glasgow a sjezd se pojede pr\u00e1v\u011b ve Fort Williamu.<\/p>\n<p><a href=\"https:\/\/d2p6e6u75xmxt8.cloudfront.net\/13\/2022\/05\/02.jpg\"><img loading=\"lazy\" decoding=\"async\" class=\"alignnone size-full wp-image-17310\" src=\"https:\/\/d2p6e6u75xmxt8.cloudfront.net\/13\/2022\/05\/02.jpg\" alt=\"\" width=\"1600\" height=\"1067\" \/><\/a><\/p>\n<p>Zapln\u011bn\u00fd kotel ve Fort Williamu \u017eene do c\u00edle dom\u00e1c\u00edho exmistra sv\u011bta Reece Wilsona.<\/p>\n<p><a href=\"https:\/\/d2p6e6u75xmxt8.cloudfront.net\/13\/2022\/05\/03.jpg\"><img loading=\"lazy\" decoding=\"async\" class=\"alignnone size-full wp-image-17311\" src=\"https:\/\/d2p6e6u75xmxt8.cloudfront.net\/13\/2022\/05\/03.jpg\" alt=\"\" width=\"1600\" height=\"1067\" \/><\/a><\/p>\n<p>Znamen\u00ed pro rakouskou sjezda\u0159ku Valentinu Holl?<\/p>\n<p><a href=\"https:\/\/d2p6e6u75xmxt8.cloudfront.net\/13\/2022\/05\/04.jpg\"><img loading=\"lazy\" decoding=\"async\" class=\"alignnone size-full wp-image-17312\" src=\"https:\/\/d2p6e6u75xmxt8.cloudfront.net\/13\/2022\/05\/04.jpg\" alt=\"\" width=\"1600\" height=\"1067\" \/><\/a><\/p>\n<p>N\u00e1ro\u010dn\u00e1 kamenit\u00e1 tra\u0165 d\u00e1v\u00e1 materi\u00e1lu po\u0159\u00e1dn\u011b zabrat a mechanici maj\u00ed cel\u00fd v\u00edkend pln\u00e9 ruce pr\u00e1ce.<\/p>\n<p><a href=\"https:\/\/d2p6e6u75xmxt8.cloudfront.net\/13\/2022\/05\/05.jpg\"><img loading=\"lazy\" decoding=\"async\" class=\"alignnone size-full wp-image-17313\" src=\"https:\/\/d2p6e6u75xmxt8.cloudfront.net\/13\/2022\/05\/05.jpg\" alt=\"\" width=\"1600\" height=\"1067\" \/><\/a><\/p>\n<p>Fort William vid\u011bl dal\u0161\u00ed velkou bitvu francouzsk\u00fdch a britsk\u00fdch sjezda\u0159\u016f. Dom\u00e1c\u00ed maj\u00ed na m\u00edstn\u00ed dlouh\u00e9 a t\u011b\u017ek\u00e9 trati samoz\u0159ejm\u011b velkou v\u00fdhodu, p\u0159esto tentokr\u00e1t odj\u00ed\u017ed\u011bj\u00ed zklam\u00e1ni a pora\u017een\u00ed. Znovu skv\u011ble zajel v\u00edt\u011bz \u00favodn\u00edho z\u00e1vodu ve francouzsk\u00fdch Lurd\u00e1ch Amaury Pierron i jeho t\u00fdmov\u00fd kolega Thibaut Daprela. Tou dobou byla na startu je\u0161t\u011b posledn\u00ed z\u00e1chrana Brit\u016f, v\u00edt\u011bz kvalifikace Laurie Greenland, ale jeho j\u00edzda sta\u010dila jen na bronz. Prvn\u00ed \u010dty\u0159i z\u00e1vodn\u00edky na dlouh\u00e9 trati d\u011blila jen necel\u00e1 vte\u0159ina!<\/p>\n<h2><strong>Amaury Pierron obral dom\u00e1c\u00ed hv\u011bzdy<\/strong><\/h2>\n<p><a href=\"https:\/\/d2p6e6u75xmxt8.cloudfront.net\/13\/2022\/05\/06.jpg\"><img loading=\"lazy\" decoding=\"async\" class=\"alignnone size-full wp-image-17314\" src=\"https:\/\/d2p6e6u75xmxt8.cloudfront.net\/13\/2022\/05\/06.jpg\" alt=\"\" width=\"1600\" height=\"1067\" \/><\/a><\/p>\n<p>Amaury Pierron bou\u0159liv\u011b slav\u00ed.<\/p>\n<p><a href=\"https:\/\/d2p6e6u75xmxt8.cloudfront.net\/13\/2022\/05\/07.jpg\"><img loading=\"lazy\" decoding=\"async\" class=\"alignnone size-full wp-image-17315\" src=\"https:\/\/d2p6e6u75xmxt8.cloudfront.net\/13\/2022\/05\/07.jpg\" alt=\"\" width=\"1600\" height=\"1067\" \/><\/a><\/p>\n<p>Zklaman\u00fd Laurie Greenland a jeho mentor a legeda britsk\u00e9ho sjezdu Steve Peat.<\/p>\n<h2><strong>Monika Mixov\u00e1 z kvalifikace nepro\u0161la<\/strong><\/h2>\n<p><a href=\"https:\/\/d2p6e6u75xmxt8.cloudfront.net\/13\/2022\/05\/08.jpg\"><img loading=\"lazy\" decoding=\"async\" class=\"alignnone size-full wp-image-17316\" src=\"https:\/\/d2p6e6u75xmxt8.cloudfront.net\/13\/2022\/05\/08.jpg\" alt=\"\" width=\"1600\" height=\"1067\" \/><\/a><\/p>\n<p>\u010cesk\u00fd sjezd nepro\u017e\u00edv\u00e1 dobr\u00e9 obdob\u00ed, o to v\u011bt\u0161\u00edm p\u0159ekvapen\u00edm byl reprezenta\u010dn\u00ed dres v kategorii \u017een, kter\u00fd vezla Monika Mixov\u00e1, \u010ce\u0161ka \u017eij\u00edc\u00ed a bikuj\u00edc\u00ed v Severn\u00edm Yorkshiru. Monika skon\u010dila v sobotn\u00ed kvalifikaci na 21. m\u00edst\u011b a mezi nejlep\u0161\u00ed patn\u00e1ctku \u017een do ned\u011bln\u00edho z\u00e1vodu nepostoupila.<\/p>\n<p><a href=\"https:\/\/d2p6e6u75xmxt8.cloudfront.net\/13\/2022\/05\/09.jpg\"><img loading=\"lazy\" decoding=\"async\" class=\"alignnone size-full wp-image-17317\" src=\"https:\/\/d2p6e6u75xmxt8.cloudfront.net\/13\/2022\/05\/09.jpg\" alt=\"\" width=\"1600\" height=\"1067\" \/><\/a><\/p>\n<p>\u00da\u0159aduj\u00edc\u00ed mistryn\u011b sv\u011bta Myriam Nicole.<\/p>\n<p><a href=\"https:\/\/d2p6e6u75xmxt8.cloudfront.net\/13\/2022\/05\/10.jpg\"><img loading=\"lazy\" decoding=\"async\" class=\"alignnone size-full wp-image-17318\" src=\"https:\/\/d2p6e6u75xmxt8.cloudfront.net\/13\/2022\/05\/10.jpg\" alt=\"\" width=\"1600\" height=\"1067\" \/><\/a><\/p>\n<p>Ikonick\u00e1 tra\u0165 na kter\u00e9 se z\u00e1vod\u00ed u\u017e dvacet let.<\/p>\n<p><a href=\"https:\/\/d2p6e6u75xmxt8.cloudfront.net\/13\/2022\/05\/12.jpg\"><img loading=\"lazy\" decoding=\"async\" class=\"alignnone size-full wp-image-17320\" src=\"https:\/\/d2p6e6u75xmxt8.cloudfront.net\/13\/2022\/05\/12.jpg\" alt=\"\" width=\"1600\" height=\"1067\" \/><\/a><\/p>\n<p>Po\u0159adatel\u00e9 s bezpe\u010dnostn\u00ed slu\u017ebou si u\u0159\u00edzli tak\u00e9 po\u0159\u00e1dnou ostudu. V p\u00e1tek v noci se do depa vloupali zlod\u011bji a t\u00fdmu Union ukradli spoustu v\u011bc\u00ed &#8211; \u010dty\u0159i sjezdov\u00e9 speci\u00e1ly Santa Cruz V10s, dal\u0161\u00ed t\u0159i trailbiky a n\u011bkolik n\u00e1hradn\u00edch zapleten\u00fdch kol, vidlic a jin\u00fdch komponent\u016f. Skv\u011ble se zachoval tov\u00e1rn\u00ed t\u00fdm americk\u00e9 zna\u010dky, kter\u00fd sv\u00fdm koleg\u016fm p\u016fj\u010dil sv\u00e1 kola, aby mohli okraden\u00ed z\u00e1vodn\u00edci absolvovat alespo\u0148 kvalifikaci.<\/p>\n","protected":false},"excerpt":{"rendered":"<p>Typicky skotsk\u00e9 po\u010das\u00ed. Ale kdy\u017e si daj\u00ed nejlep\u0161\u00ed bike\u0159i ve sjezdu v r\u00e1mci sv\u011btov\u00e9ho poh\u00e1ru dostaven\u00ed\u010dko ve Fort William na [&hellip;]<\/p>\n","protected":false},"author":138,"featured_media":17321,"comment_status":"open","ping_status":"open","sticky":false,"template":"","format":"standard","meta":{"footnotes":""},"categories":[11],"tags":[2408,126,2409,56,2411,2410,1890,1210,1546,1693],"global-categories":[411],"class_list":["post-17308","post","type-post","status-publish","format-standard","has-post-thumbnail","hentry","category-horska-cyklistika","tag-amaury-pierron","tag-cyklistika","tag-fort-william","tag-horska-cyklistika","tag-laurie-greenland","tag-monika-mixova","tag-myriam-nicole","tag-reece-wilson","tag-sjezd","tag-valentina-holl","global-categories-cycling"],"yoast_head":"<!-- This site is optimized with the Yoast SEO Premium plugin v25.3 (Yoast SEO v25.9) - https:\/\/yoast.com\/wordpress\/plugins\/seo\/ -->\n<title>Fotoreport\u00e1\u017e: Na ikonick\u00e9 trati s tis\u00edcovkami fanou\u0161k\u016f | \u0160koda We Love Cycling - \u010cesk\u00e1 republika<\/title>\n<meta name=\"description\" content=\"Typicky skotsk\u00e9 po\u010das\u00ed. Ve Fort William na \u00fapat\u00ed Ben Navis je ar\u00e9na v\u017edy narvan\u00e1 k prasknut\u00ed. Bez ohledu na provazy vody \u0159inouc\u00ed se z nebes.\" \/>\n<meta name=\"robots\" content=\"index, follow, max-snippet:-1, max-image-preview:large, max-video-preview:-1\" \/>\n<link rel=\"canonical\" href=\"https:\/\/www.welovecycling.com\/cs\/2022\/05\/23\/fotoreportaz-na-ikonicke-trati-s-tisicovkami-fanousku\/\" \/>\n<meta property=\"og:locale\" content=\"cs_CZ\" \/>\n<meta property=\"og:type\" content=\"article\" \/>\n<meta property=\"og:title\" content=\"Fotoreport\u00e1\u017e: Na ikonick\u00e9 trati s tis\u00edcovkami fanou\u0161k\u016f\" \/>\n<meta property=\"og:description\" content=\"Typicky skotsk\u00e9 po\u010das\u00ed. Ve Fort William na \u00fapat\u00ed Ben Navis je ar\u00e9na v\u017edy narvan\u00e1 k prasknut\u00ed. Bez ohledu na provazy vody \u0159inouc\u00ed se z nebes.\" \/>\n<meta property=\"og:url\" content=\"https:\/\/www.welovecycling.com\/cs\/2022\/05\/23\/fotoreportaz-na-ikonicke-trati-s-tisicovkami-fanousku\/\" \/>\n<meta property=\"og:site_name\" content=\"\u0160koda We Love Cycling - \u010cesk\u00e1 republika\" \/>\n<meta property=\"article:published_time\" content=\"2022-05-23T14:00:36+00:00\" \/>\n<meta property=\"og:image\" content=\"https:\/\/d2p6e6u75xmxt8.cloudfront.net\/13\/2022\/05\/13.webp\" \/>\n\t<meta property=\"og:image:width\" content=\"1600\" \/>\n\t<meta property=\"og:image:height\" content=\"1067\" \/>\n\t<meta property=\"og:image:type\" content=\"image\/webp\" \/>\n<meta name=\"author\" content=\"radekmalina\" \/>\n<meta name=\"twitter:card\" content=\"summary_large_image\" \/>\n<meta name=\"twitter:label1\" content=\"Written by\" \/>\n\t<meta name=\"twitter:data1\" content=\"Michal \u010cerven\u00fd\" \/>\n\t<meta name=\"twitter:label2\" content=\"Est. reading time\" \/>\n\t<meta name=\"twitter:data2\" content=\"5\" \/>\n<script type=\"application\/ld+json\" class=\"yoast-schema-graph\">{\"@context\":\"https:\/\/schema.org\",\"@graph\":[{\"@type\":\"WebPage\",\"@id\":\"https:\/\/www.welovecycling.com\/cs\/2022\/05\/23\/fotoreportaz-na-ikonicke-trati-s-tisicovkami-fanousku\/\",\"url\":\"https:\/\/www.welovecycling.com\/cs\/2022\/05\/23\/fotoreportaz-na-ikonicke-trati-s-tisicovkami-fanousku\/\",\"name\":\"Fotoreport\u00e1\u017e: Na ikonick\u00e9 trati s tis\u00edcovkami fanou\u0161k\u016f | \u0160koda We Love Cycling - \u010cesk\u00e1 republika\",\"isPartOf\":{\"@id\":\"https:\/\/www.welovecycling.com\/cs\/#website\"},\"primaryImageOfPage\":{\"@id\":\"https:\/\/www.welovecycling.com\/cs\/2022\/05\/23\/fotoreportaz-na-ikonicke-trati-s-tisicovkami-fanousku\/#primaryimage\"},\"image\":{\"@id\":\"https:\/\/www.welovecycling.com\/cs\/2022\/05\/23\/fotoreportaz-na-ikonicke-trati-s-tisicovkami-fanousku\/#primaryimage\"},\"thumbnailUrl\":\"https:\/\/d2p6e6u75xmxt8.cloudfront.net\/13\/2022\/05\/13.webp\",\"datePublished\":\"2022-05-23T14:00:36+00:00\",\"author\":{\"@id\":\"https:\/\/www.welovecycling.com\/cs\/#\/schema\/person\/d9eeb0a378f3a7e4a6d12d2b536b04b8\"},\"description\":\"Typicky skotsk\u00e9 po\u010das\u00ed. Ve Fort William na \u00fapat\u00ed Ben Navis je ar\u00e9na v\u017edy narvan\u00e1 k prasknut\u00ed. Bez ohledu na provazy vody \u0159inouc\u00ed se z nebes.\",\"inLanguage\":\"cs\",\"potentialAction\":[{\"@type\":\"ReadAction\",\"target\":[\"https:\/\/www.welovecycling.com\/cs\/2022\/05\/23\/fotoreportaz-na-ikonicke-trati-s-tisicovkami-fanousku\/\"]}]},{\"@type\":\"ImageObject\",\"inLanguage\":\"cs\",\"@id\":\"https:\/\/www.welovecycling.com\/cs\/2022\/05\/23\/fotoreportaz-na-ikonicke-trati-s-tisicovkami-fanousku\/#primaryimage\",\"url\":\"https:\/\/d2p6e6u75xmxt8.cloudfront.net\/13\/2022\/05\/13.webp\",\"contentUrl\":\"https:\/\/d2p6e6u75xmxt8.cloudfront.net\/13\/2022\/05\/13.webp\",\"width\":1600,\"height\":1067},{\"@type\":\"WebSite\",\"@id\":\"https:\/\/www.welovecycling.com\/cs\/#website\",\"url\":\"https:\/\/www.welovecycling.com\/cs\/\",\"name\":\"\u0160koda We Love Cycling - \u010cesk\u00e1 republika\",\"description\":\"WeLoveCycling.cz je online magaz\u00edn, kter\u00fd v\u00e1m pravideln\u011b p\u0159in\u00e1\u0161\u00ed rady a tipy, zaj\u00edmav\u00e9 \u010dl\u00e1nky, videa a jedine\u010dn\u00e9 report\u00e1\u017ee ze sv\u011bta cyklistiky.\",\"potentialAction\":[{\"@type\":\"SearchAction\",\"target\":{\"@type\":\"EntryPoint\",\"urlTemplate\":\"https:\/\/www.welovecycling.com\/cs\/?s={search_term_string}\"},\"query-input\":{\"@type\":\"PropertyValueSpecification\",\"valueRequired\":true,\"valueName\":\"search_term_string\"}}],\"inLanguage\":\"cs\"},{\"@type\":\"Person\",\"@id\":\"https:\/\/www.welovecycling.com\/cs\/#\/schema\/person\/d9eeb0a378f3a7e4a6d12d2b536b04b8\",\"name\":\"radekmalina\",\"image\":{\"@type\":\"ImageObject\",\"inLanguage\":\"cs\",\"@id\":\"https:\/\/www.welovecycling.com\/cs\/#\/schema\/person\/image\/\",\"url\":\"https:\/\/secure.gravatar.com\/avatar\/66994b632cb8c39a46b9f54afa3ae07201b678d32a54275b6f1c9ffec356bfc0?s=96&d=mm&r=g\",\"contentUrl\":\"https:\/\/secure.gravatar.com\/avatar\/66994b632cb8c39a46b9f54afa3ae07201b678d32a54275b6f1c9ffec356bfc0?s=96&d=mm&r=g\",\"caption\":\"radekmalina\"},\"url\":\"https:\/\/www.welovecycling.com\/cs\/author\/radekmalina\/\"}]}<\/script>\n<!-- \/ Yoast SEO Premium plugin. -->","yoast_head_json":{"title":"Fotoreport\u00e1\u017e: Na ikonick\u00e9 trati s tis\u00edcovkami fanou\u0161k\u016f | \u0160koda We Love Cycling - \u010cesk\u00e1 republika","description":"Typicky skotsk\u00e9 po\u010das\u00ed. Ve Fort William na \u00fapat\u00ed Ben Navis je ar\u00e9na v\u017edy narvan\u00e1 k prasknut\u00ed. Bez ohledu na provazy vody \u0159inouc\u00ed se z nebes.","robots":{"index":"index","follow":"follow","max-snippet":"max-snippet:-1","max-image-preview":"max-image-preview:large","max-video-preview":"max-video-preview:-1"},"canonical":"https:\/\/www.welovecycling.com\/cs\/2022\/05\/23\/fotoreportaz-na-ikonicke-trati-s-tisicovkami-fanousku\/","og_locale":"cs_CZ","og_type":"article","og_title":"Fotoreport\u00e1\u017e: Na ikonick\u00e9 trati s tis\u00edcovkami fanou\u0161k\u016f","og_description":"Typicky skotsk\u00e9 po\u010das\u00ed. Ve Fort William na \u00fapat\u00ed Ben Navis je ar\u00e9na v\u017edy narvan\u00e1 k prasknut\u00ed. Bez ohledu na provazy vody \u0159inouc\u00ed se z nebes.","og_url":"https:\/\/www.welovecycling.com\/cs\/2022\/05\/23\/fotoreportaz-na-ikonicke-trati-s-tisicovkami-fanousku\/","og_site_name":"\u0160koda We Love Cycling - \u010cesk\u00e1 republika","article_published_time":"2022-05-23T14:00:36+00:00","og_image":[{"width":1600,"height":1067,"url":"https:\/\/d2p6e6u75xmxt8.cloudfront.net\/13\/2022\/05\/13.webp","type":"image\/webp"}],"author":"radekmalina","twitter_card":"summary_large_image","twitter_misc":{"Written by":"Michal \u010cerven\u00fd","Est. reading time":"5"},"schema":{"@context":"https:\/\/schema.org","@graph":[{"@type":"WebPage","@id":"https:\/\/www.welovecycling.com\/cs\/2022\/05\/23\/fotoreportaz-na-ikonicke-trati-s-tisicovkami-fanousku\/","url":"https:\/\/www.welovecycling.com\/cs\/2022\/05\/23\/fotoreportaz-na-ikonicke-trati-s-tisicovkami-fanousku\/","name":"Fotoreport\u00e1\u017e: Na ikonick\u00e9 trati s tis\u00edcovkami fanou\u0161k\u016f | \u0160koda We Love Cycling - \u010cesk\u00e1 republika","isPartOf":{"@id":"https:\/\/www.welovecycling.com\/cs\/#website"},"primaryImageOfPage":{"@id":"https:\/\/www.welovecycling.com\/cs\/2022\/05\/23\/fotoreportaz-na-ikonicke-trati-s-tisicovkami-fanousku\/#primaryimage"},"image":{"@id":"https:\/\/www.welovecycling.com\/cs\/2022\/05\/23\/fotoreportaz-na-ikonicke-trati-s-tisicovkami-fanousku\/#primaryimage"},"thumbnailUrl":"https:\/\/d2p6e6u75xmxt8.cloudfront.net\/13\/2022\/05\/13.webp","datePublished":"2022-05-23T14:00:36+00:00","author":{"@id":"https:\/\/www.welovecycling.com\/cs\/#\/schema\/person\/d9eeb0a378f3a7e4a6d12d2b536b04b8"},"description":"Typicky skotsk\u00e9 po\u010das\u00ed. Ve Fort William na \u00fapat\u00ed Ben Navis je ar\u00e9na v\u017edy narvan\u00e1 k prasknut\u00ed. Bez ohledu na provazy vody \u0159inouc\u00ed se z nebes.","inLanguage":"cs","potentialAction":[{"@type":"ReadAction","target":["https:\/\/www.welovecycling.com\/cs\/2022\/05\/23\/fotoreportaz-na-ikonicke-trati-s-tisicovkami-fanousku\/"]}]},{"@type":"ImageObject","inLanguage":"cs","@id":"https:\/\/www.welovecycling.com\/cs\/2022\/05\/23\/fotoreportaz-na-ikonicke-trati-s-tisicovkami-fanousku\/#primaryimage","url":"https:\/\/d2p6e6u75xmxt8.cloudfront.net\/13\/2022\/05\/13.webp","contentUrl":"https:\/\/d2p6e6u75xmxt8.cloudfront.net\/13\/2022\/05\/13.webp","width":1600,"height":1067},{"@type":"WebSite","@id":"https:\/\/www.welovecycling.com\/cs\/#website","url":"https:\/\/www.welovecycling.com\/cs\/","name":"\u0160koda We Love Cycling - \u010cesk\u00e1 republika","description":"WeLoveCycling.cz je online magaz\u00edn, kter\u00fd v\u00e1m pravideln\u011b p\u0159in\u00e1\u0161\u00ed rady a tipy, zaj\u00edmav\u00e9 \u010dl\u00e1nky, videa a jedine\u010dn\u00e9 report\u00e1\u017ee ze sv\u011bta cyklistiky.","potentialAction":[{"@type":"SearchAction","target":{"@type":"EntryPoint","urlTemplate":"https:\/\/www.welovecycling.com\/cs\/?s={search_term_string}"},"query-input":{"@type":"PropertyValueSpecification","valueRequired":true,"valueName":"search_term_string"}}],"inLanguage":"cs"},{"@type":"Person","@id":"https:\/\/www.welovecycling.com\/cs\/#\/schema\/person\/d9eeb0a378f3a7e4a6d12d2b536b04b8","name":"radekmalina","image":{"@type":"ImageObject","inLanguage":"cs","@id":"https:\/\/www.welovecycling.com\/cs\/#\/schema\/person\/image\/","url":"https:\/\/secure.gravatar.com\/avatar\/66994b632cb8c39a46b9f54afa3ae07201b678d32a54275b6f1c9ffec356bfc0?s=96&d=mm&r=g","contentUrl":"https:\/\/secure.gravatar.com\/avatar\/66994b632cb8c39a46b9f54afa3ae07201b678d32a54275b6f1c9ffec356bfc0?s=96&d=mm&r=g","caption":"radekmalina"},"url":"https:\/\/www.welovecycling.com\/cs\/author\/radekmalina\/"}]}},"_links":{"self":[{"href":"https:\/\/www.welovecycling.com\/cs\/wp-json\/wp\/v2\/posts\/17308","targetHints":{"allow":["GET"]}}],"collection":[{"href":"https:\/\/www.welovecycling.com\/cs\/wp-json\/wp\/v2\/posts"}],"about":[{"href":"https:\/\/www.welovecycling.com\/cs\/wp-json\/wp\/v2\/types\/post"}],"author":[{"embeddable":true,"href":"https:\/\/www.welovecycling.com\/cs\/wp-json\/wp\/v2\/users\/138"}],"replies":[{"embeddable":true,"href":"https:\/\/www.welovecycling.com\/cs\/wp-json\/wp\/v2\/comments?post=17308"}],"version-history":[{"count":2,"href":"https:\/\/www.welovecycling.com\/cs\/wp-json\/wp\/v2\/posts\/17308\/revisions"}],"predecessor-version":[{"id":17323,"href":"https:\/\/www.welovecycling.com\/cs\/wp-json\/wp\/v2\/posts\/17308\/revisions\/17323"}],"wp:featuredmedia":[{"embeddable":true,"href":"https:\/\/www.welovecycling.com\/cs\/wp-json\/wp\/v2\/media\/17321"}],"wp:attachment":[{"href":"https:\/\/www.welovecycling.com\/cs\/wp-json\/wp\/v2\/media?parent=17308"}],"wp:term":[{"taxonomy":"category","embeddable":true,"href":"https:\/\/www.welovecycling.com\/cs\/wp-json\/wp\/v2\/categories?post=17308"},{"taxonomy":"post_tag","embeddable":true,"href":"https:\/\/www.welovecycling.com\/cs\/wp-json\/wp\/v2\/tags?post=17308"},{"taxonomy":"global-categories","embeddable":true,"href":"https:\/\/www.welovecycling.com\/cs\/wp-json\/wp\/v2\/global-categories?post=17308"}],"curies":[{"name":"wp","href":"https:\/\/api.w.org\/{rel}","templated":true}]}}