{"id":17306,"date":"2022-06-03T15:00:35","date_gmt":"2022-06-03T13:00:35","guid":{"rendered":"https:\/\/www.welovecycling.com\/cs\/?p=17306"},"modified":"2022-06-02T23:12:54","modified_gmt":"2022-06-02T21:12:54","slug":"jiri-jezek-snazim-se-predavat-zkusenosti-a-lasku-k-cyklistice","status":"publish","type":"post","link":"https:\/\/www.welovecycling.com\/cs\/2022\/06\/03\/jiri-jezek-snazim-se-predavat-zkusenosti-a-lasku-k-cyklistice\/","title":{"rendered":"Ji\u0159\u00ed Je\u017eek: Sna\u017e\u00edm se p\u0159ed\u00e1vat zku\u0161enosti a l\u00e1sku k\u00a0cyklistice"},"content":{"rendered":"<p><strong>Sb\u00edrka jeho medail\u00ed z velk\u00fdch sv\u011btov\u00fdch z\u00e1vod\u016f \u010d\u00edt\u00e1 dost mo\u017en\u00e1 v\u00edce kus\u016f, ne\u017e je kilometr\u016f na trase L\u2019Etape Czech Republic by Tour de France. I proto se Ji\u0159\u00ed Je\u017eek mohl bez ostychu chopit role mentora p\u0159i projektu Probu\u010f v sob\u011b v\u00edt\u011bze, v jeho\u017e r\u00e1mci chyst\u00e1 Petra Lexu a Evel\u00ednu Opi\u010dkovou na \u00fa\u010dast v druh\u00e9m ro\u010dn\u00edku nejv\u011bt\u0161\u00edho silni\u010dn\u00edho tuzemsk\u00e9ho z\u00e1vodu pro hobby cyklisty.<\/strong><\/p>\n<p>\u201eMy\u0161lenka cel\u00e9ho projektu Probu\u010f v\u00a0sob\u011b v\u00edt\u011bze m\u011b nadchla. \u0158\u00edkal jsem si, \u017ee m\u016f\u017eeme d\u00e1t zpr\u00e1vu v\u0161em hobby cyklist\u016fm, \u017ee pokud budou sv\u011bdomit\u00ed po\u010d\u00ednaje testem vlastn\u00edho zdrav\u00ed a\u017e po posledn\u00ed tr\u00e9nink, m\u016f\u017ee se na start L\u2019Etape postavit ka\u017ed\u00fd,\u201c \u0159\u00edk\u00e1 Ji\u0159\u00ed Je\u017eek, \u0161estin\u00e1sobn\u00fd paralympijsk\u00fd \u0161ampion.<\/p>\n<h2><strong>Evel\u00edna pojede o stupn\u011b v\u00edt\u011bz\u016f, v\u011b\u0159\u00ed \u0161ampion<\/strong><\/h2>\n<p>Pod kuratelu dostal Petra Lexu, zp\u011bv\u00e1ka skupiny Slza, kter\u00fd jezdil na kole v p\u0159ede\u0161l\u00fdch letech n\u00e1razov\u011b. A tak\u00e9 Evel\u00ednu Opi\u010dkovou, cyklistku koketuj\u00edc\u00ed se z\u00e1vody na nejvy\u0161\u0161\u00ed \u00farovni, jej\u00ed\u017e rozlet ov\u0161em zabrzdilo v\u00e1\u017en\u00e9 zran\u011bn\u00ed coby n\u00e1sledek p\u00e1du p\u0159i tr\u00e9ninku, po n\u011bm\u017e na \u010das p\u0159estala chodit.<\/p>\n<div class=\"shortcode-ys-post-pinup\"><article class=\"loop-simple post-17117 post type-post status-publish format-standard has-post-thumbnail hentry category-letape-czech-republic category-probud-v-sobe-viteze tag-cyklistika tag-letape-czech-republic-by-le-tour-de-france tag-petr-lexa tag-probud-v-sobe-viteze tag-silnicni-cyklistika global-categories-cycling\" data-postid=\"17117\" role=\"article\" data-post-id=\"17117\" data-word-count=\"540\" data-headline-length=\"53\" data-category=\"Probu\u010f v sob\u011b v\u00edt\u011bze\" data-global-category=\"Cycling\" data-author=\"We Love Cycling\" data-published=\"2022-05-20T18:00:55+02:00\" data-published-day=\"Friday\">\n    <div class=\"entry-thumbnail article-thumbnail\" content=\"https:\/\/d2p6e6u75xmxt8.cloudfront.net\/13\/2022\/05\/jezek-lexa-WLC_nataceni_16-5_bts-94-scaled-150x150.webp\"><a href=\"https:\/\/www.welovecycling.com\/cs\/2022\/05\/20\/petr-lexa-cyklistice-opet-propadl\/\" class=\"image-holder\" target=\"_self\"><img decoding=\"async\" loading=\"lazy\" class=\"\" src=\"https:\/\/d2p6e6u75xmxt8.cloudfront.net\/13\/2022\/05\/jezek-lexa-WLC_nataceni_16-5_bts-94-scaled-1024x681.webp\" srcset=\"\" width=\"1024\" height=\"681\" sizes=\"auto, (min-width: 1200px) 300px, (min-width: 768px) 25vw, 100vw\" alt=\"petr-lexa-cyklistice-opet-propadl\"\/><\/a><\/div>    <div class=\"entry-meta\">\n        <a class=\"label label-secondary post-category\" href=\"https:\/\/www.welovecycling.com\/cs\/category\/probud-v-sobe-viteze\/\" title=\"Probu\u010f v sob\u011b v\u00edt\u011bze\">Probu\u010f v sob\u011b v\u00edt\u011bze<\/a>\n    <\/div>\n    <div class=\"entry-details\">\n        <a href=\"https:\/\/www.welovecycling.com\/cs\/2022\/05\/20\/petr-lexa-cyklistice-opet-propadl\/\" class='entry-title-wrapper'>\n            <h3 class=\"entry-title\"><span>Petr Lexa: Na silni\u010dce jsem cyklistice op\u011bt propadl<\/span><\/h3>\n        <\/a>\n    <\/div>\n    <\/article>\n<\/div>\n<p>\u201eJde o dva diametr\u00e1ln\u011b rozd\u00edln\u00e9 p\u0159\u00edb\u011bhy. Ten Petr\u016fv m\u016f\u017ee uk\u00e1zat, \u017ee i \u010dlov\u011bk po del\u0161\u00ed pauze v sedle m\u016f\u017ee p\u0159i rozumn\u00e9m po\u010dtu kilometr\u016f v tr\u00e9ninku a se z\u00e1kladn\u00edmi pravidly podstoupit dobrodru\u017estv\u00ed v podob\u011b kr\u00e1tk\u00e9 trasy L\u2019Etape,\u201c p\u0159em\u00edt\u00e1 Je\u017eek a d\u00e1v\u00e1 do kontrastu osud Evel\u00edny. \u201eJej\u00ed p\u0159\u00edb\u011bh ukazuje, \u017ee i po v\u00e1\u017en\u00e9m \u00farazu lze usednout na kolo, a dokonce se vr\u00e1tit k sout\u011b\u017en\u00ed cyklistice. Proto\u017ee podle m\u00e9ho bude do roka jezdit \u010cesk\u00fd poh\u00e1r na nejvy\u0161\u0161\u00ed \u00farovni. A p\u0159i L\u2019Etape, ani\u017e bych na ni cht\u011bl vytv\u00e1\u0159et tlak, pojede o stupn\u011b v\u00edt\u011bz\u016f,\u201c v\u011bst\u00ed Je\u017eek.<\/p>\n<figure id=\"attachment_17402\" aria-describedby=\"caption-attachment-17402\" style=\"width: 2560px\" class=\"wp-caption alignnone\"><a href=\"https:\/\/d2p6e6u75xmxt8.cloudfront.net\/13\/2022\/05\/jezek-WLC_nataceni_16-5_bts-17-scaled.jpg\"><img loading=\"lazy\" decoding=\"async\" class=\"size-full wp-image-17402\" src=\"https:\/\/d2p6e6u75xmxt8.cloudfront.net\/13\/2022\/05\/jezek-WLC_nataceni_16-5_bts-17-scaled.jpg\" alt=\"Ji\u0159\u00ed Je\u017eek, Evel\u00edna Opi\u010dkov\u00e1 a Petr Lexa p\u0159i tr\u00e9ninku v r\u00e1mci projektu Probu\u010f v sob\u011b v\u00edt\u011bze.\" width=\"2560\" height=\"1703\" \/><\/a><figcaption id=\"caption-attachment-17402\" class=\"wp-caption-text\"><em>Ji\u0159\u00ed Je\u017eek, Evel\u00edna Opi\u010dkov\u00e1 a Petr Lexa p\u0159i tr\u00e9ninku v r\u00e1mci projektu Probu\u010f v sob\u011b v\u00edt\u011bze.<\/em><\/figcaption><\/figure>\n<p>Odm\u00edt\u00e1 roli tren\u00e9ra. \u201eUr\u010dit\u011b bych se tak nenazval. Sp\u00ed\u0161e snad mentor. Po ukon\u010den\u00ed kari\u00e9ry jsem prvn\u00ed rok p\u0159ed\u00e1val zku\u0161enosti a slou\u017eil jako inspirace na Dukle. Ale j\u00e1 tvrd\u00edm, \u017ee v\u00a0\u010cesku m\u00e1me \u0161pi\u010dkov\u00e9 tren\u00e9ry odborn\u011b na velmi vysok\u00e9 \u00farovni a k\u00a0tomu srdca\u0159e,\u201c zd\u016fraz\u0148uje Je\u017eek. \u201eMoje role je jin\u00e1. Sna\u017e\u00edm se p\u0159ed\u00e1vat zku\u0161enosti, l\u00e1sku k\u00a0cyklistice a inspirovat. V\u00fdkonnostn\u00ed slo\u017eku nech\u00e1v\u00e1m lidem, kte\u0159\u00ed to maj\u00ed jako posl\u00e1n\u00ed,\u201c kr\u010d\u00ed rameny Je\u017eek.<\/p>\n<div class=\"shortcode-ys-post-pinup\"><article class=\"loop-simple post-16910 post type-post status-publish format-standard has-post-thumbnail hentry category-letape-czech-republic tag-cyklistika tag-evelina-opickova tag-letape-czech-republic-2022 tag-letape-czech-republic-by-tour-de-france tag-petr-lexa tag-probud-v-sobe-viteze tag-silnicni-cyklistika tag-trenink tag-zdravi-a-trenink global-categories-cycling\" data-postid=\"16910\" role=\"article\" data-post-id=\"16910\" data-word-count=\"416\" data-headline-length=\"26\" data-category=\"L&#039;Etape Czech Republic\" data-global-category=\"Cycling\" data-author=\"We Love Cycling\" data-published=\"2022-05-11T19:50:53+02:00\" data-published-day=\"Wednesday\">\n    <div class=\"entry-thumbnail article-thumbnail\" content=\"https:\/\/d2p6e6u75xmxt8.cloudfront.net\/13\/2022\/05\/lexa-WLC_nataceni_petr-151-scaled-150x150.webp\"><a href=\"https:\/\/www.welovecycling.com\/cs\/2022\/05\/11\/probud-v-sobe-viteze\/\" class=\"image-holder\" target=\"_self\"><img decoding=\"async\" loading=\"lazy\" class=\"\" src=\"https:\/\/d2p6e6u75xmxt8.cloudfront.net\/13\/2022\/05\/lexa-WLC_nataceni_petr-151-scaled-1024x681.webp\" srcset=\"https:\/\/d2p6e6u75xmxt8.cloudfront.net\/13\/2022\/05\/lexa-WLC_nataceni_petr-151-scaled.webp 2560w, https:\/\/d2p6e6u75xmxt8.cloudfront.net\/13\/2022\/05\/lexa-WLC_nataceni_petr-151-scaled-300x200.webp 300w, https:\/\/d2p6e6u75xmxt8.cloudfront.net\/13\/2022\/05\/lexa-WLC_nataceni_petr-151-scaled-1024x681.webp 1024w, https:\/\/d2p6e6u75xmxt8.cloudfront.net\/13\/2022\/05\/lexa-WLC_nataceni_petr-151-scaled-768x511.webp 768w, https:\/\/d2p6e6u75xmxt8.cloudfront.net\/13\/2022\/05\/lexa-WLC_nataceni_petr-151-scaled-1536x1022.webp 1536w, https:\/\/d2p6e6u75xmxt8.cloudfront.net\/13\/2022\/05\/lexa-WLC_nataceni_petr-151-scaled-2048x1362.webp 2048w, https:\/\/d2p6e6u75xmxt8.cloudfront.net\/13\/2022\/05\/lexa-WLC_nataceni_petr-151-scaled-1920x1277.webp 1920w, https:\/\/d2p6e6u75xmxt8.cloudfront.net\/13\/2022\/05\/lexa-WLC_nataceni_petr-151-scaled-272x182.webp 272w, https:\/\/d2p6e6u75xmxt8.cloudfront.net\/13\/2022\/05\/lexa-WLC_nataceni_petr-151-scaled-1920x1277.webp 1920w\" width=\"1024\" height=\"681\" sizes=\"auto, (min-width: 1200px) 300px, (min-width: 768px) 25vw, 100vw\" alt=\"probud-v-sobe-viteze\"\/><\/a><\/div>    <div class=\"entry-meta\">\n        <a class=\"label label-secondary post-category\" href=\"https:\/\/www.welovecycling.com\/cs\/category\/letape-czech-republic\/\" title=\"L'Etape Czech Republic\">L'Etape Czech Republic<\/a>\n    <\/div>\n    <div class=\"entry-details\">\n        <a href=\"https:\/\/www.welovecycling.com\/cs\/2022\/05\/11\/probud-v-sobe-viteze\/\" class='entry-title-wrapper'>\n            <h3 class=\"entry-title\"><span>Probu\u010f v\u00a0sob\u011b v\u00edt\u011bze!<\/span><\/h3>\n        <\/a>\n    <\/div>\n    <\/article>\n<\/div>\n<p>Dva jeho sv\u011b\u0159enci v p\u0159\u00edprav\u011b na L\u2019Etape Czech Republic by Tour de France 2022 vy\u017eadovali rozd\u00edln\u00fd p\u0159\u00edstup. \u201eV p\u0159\u00edpad\u011b Petra \u0161lo o z\u00e1kladn\u00ed v\u011bci. Stravovac\u00ed re\u017eim na kole v tr\u00e9ninku i z\u00e1vod\u011b. \u0158e\u0161ili jsme n\u00e1\u0161lapn\u00e9 ped\u00e1ly, s nimi\u017e nem\u011bl zku\u0161enosti, posed na kole. Tak\u00e9 rozlo\u017een\u00ed sil v del\u0161\u00edm kopci. A pohyb ve v\u011bt\u0161\u00ed skupin\u011b, aby nebyl nebezpe\u010dn\u00fd ostatn\u00edm a sou\u010dasn\u011b dok\u00e1zal p\u0159edv\u00eddat, co ud\u011blaj\u00ed lid\u00e9 kolem,\u201c vypravuje Je\u017eek.<\/p>\n<h2><strong>Hlavn\u011b z\u00edskej sebev\u011bdom\u00ed, nab\u00e1dal Petra Lexu<\/strong><\/h2>\n<p>Jakou radu pova\u017euje za kl\u00ed\u010dovou? \u201eNab\u00e1dal jsem Petra, aby ka\u017edou volnou chv\u00edli jezdil na kole. Nejde o zvy\u0161ov\u00e1n\u00ed v\u00fdkonnosti, ale pot\u0159ebu zvyknout si na silni\u010dn\u00ed kolo, proto\u017ee m\u00e1 jinou geometrii ne\u017e trekingov\u00e9 kolo, na n\u011bm\u017e Petr jezdil. Aby L\u2019Etape zvl\u00e1dnul, pot\u0159ebuje sebev\u011bdom\u00ed, kter\u00e9 z\u00edsk\u00e1 jenom v sedle b\u011bhem tr\u00e9nink\u016f,\u201c podot\u00fdk\u00e1 Je\u017eek.<\/p>\n<figure id=\"attachment_17401\" aria-describedby=\"caption-attachment-17401\" style=\"width: 2560px\" class=\"wp-caption alignnone\"><a href=\"https:\/\/d2p6e6u75xmxt8.cloudfront.net\/13\/2022\/05\/Evelina-WLC_nataceni_BTS-118-scaled.jpg\"><img loading=\"lazy\" decoding=\"async\" class=\"size-full wp-image-17401\" src=\"https:\/\/d2p6e6u75xmxt8.cloudfront.net\/13\/2022\/05\/Evelina-WLC_nataceni_BTS-118-scaled.jpg\" alt=\"Evel\u00edna Opi\u010dkov\u00e1\" width=\"2560\" height=\"1703\" \/><\/a><figcaption id=\"caption-attachment-17401\" class=\"wp-caption-text\"><em>Evel\u00edna Opi\u010dkov\u00e1 p\u0159i vy\u0161et\u0159en\u00ed v Centru sportovn\u00ed medic\u00edny v r\u00e1mci projektu Probu\u010f v sob\u011b v\u00edt\u011bze.<\/em><\/figcaption><\/figure>\n<p>\u201eS Evel\u00ednou jsme rozeb\u00edrali jej\u00ed v\u00fdsledky z test\u016f v Centru sportovn\u00ed medic\u00edny. Konzultovali jsme, jak poskl\u00e1dat program, aby m\u011bla nejlep\u0161\u00ed v\u00fdkonnost v konkr\u00e9tn\u00ed den, proto\u017ee dlouho nez\u00e1vodila. Objem najet\u00fd m\u00e1, jen pot\u0159ebuje z\u00e1vodn\u00ed rychlost,\u201c tvrd\u00ed Je\u017eek.<\/p>\n<div class=\"shortcode-ys-post-pinup\"><article class=\"loop-simple post-17284 post type-post status-publish format-standard has-post-thumbnail hentry category-letape-czech-republic category-probud-v-sobe-viteze tag-cyklistika tag-evelina-opickova tag-letape-czech-republic-by-tour-de-france-2022 tag-letape-2022 tag-probud-v-sobe-viteze tag-silnicni-cyklistika tag-zdravi-a-trenink tag-zeny global-categories-cycling\" data-postid=\"17284\" role=\"article\" data-post-id=\"17284\" data-word-count=\"752\" data-headline-length=\"59\" data-category=\"Probu\u010f v sob\u011b v\u00edt\u011bze\" data-global-category=\"Cycling\" data-author=\"We Love Cycling\" data-published=\"2022-05-27T16:00:35+02:00\" data-published-day=\"Friday\">\n    <div class=\"entry-thumbnail article-thumbnail\" content=\"https:\/\/d2p6e6u75xmxt8.cloudfront.net\/13\/2022\/05\/opickova-WLC_nataceni_16-5_bts-91-scaled-150x150.webp\"><a href=\"https:\/\/www.welovecycling.com\/cs\/2022\/05\/27\/evelina-opickova-laskou-ke-kolu-jsem-prekonala-bolest\/\" class=\"image-holder\" target=\"_self\"><img decoding=\"async\" loading=\"lazy\" class=\"\" src=\"https:\/\/d2p6e6u75xmxt8.cloudfront.net\/13\/2022\/05\/opickova-WLC_nataceni_16-5_bts-91-scaled-1024x681.webp\" srcset=\"https:\/\/d2p6e6u75xmxt8.cloudfront.net\/13\/2022\/05\/opickova-WLC_nataceni_16-5_bts-91-scaled.webp 2560w, https:\/\/d2p6e6u75xmxt8.cloudfront.net\/13\/2022\/05\/opickova-WLC_nataceni_16-5_bts-91-scaled-300x200.webp 300w, https:\/\/d2p6e6u75xmxt8.cloudfront.net\/13\/2022\/05\/opickova-WLC_nataceni_16-5_bts-91-scaled-1024x681.webp 1024w, https:\/\/d2p6e6u75xmxt8.cloudfront.net\/13\/2022\/05\/opickova-WLC_nataceni_16-5_bts-91-scaled-768x511.webp 768w, https:\/\/d2p6e6u75xmxt8.cloudfront.net\/13\/2022\/05\/opickova-WLC_nataceni_16-5_bts-91-scaled-1536x1022.webp 1536w, https:\/\/d2p6e6u75xmxt8.cloudfront.net\/13\/2022\/05\/opickova-WLC_nataceni_16-5_bts-91-scaled-2048x1362.webp 2048w, https:\/\/d2p6e6u75xmxt8.cloudfront.net\/13\/2022\/05\/opickova-WLC_nataceni_16-5_bts-91-scaled-1920x1277.webp 1920w, https:\/\/d2p6e6u75xmxt8.cloudfront.net\/13\/2022\/05\/opickova-WLC_nataceni_16-5_bts-91-scaled-272x182.webp 272w, https:\/\/d2p6e6u75xmxt8.cloudfront.net\/13\/2022\/05\/opickova-WLC_nataceni_16-5_bts-91-scaled-1920x1277.webp 1920w\" width=\"1024\" height=\"681\" sizes=\"auto, (min-width: 1200px) 300px, (min-width: 768px) 25vw, 100vw\" alt=\"evelina-opickova-laskou-ke-kolu-jsem-prekonala-bolest\"\/><\/a><\/div>    <div class=\"entry-meta\">\n        <a class=\"label label-secondary post-category\" href=\"https:\/\/www.welovecycling.com\/cs\/category\/probud-v-sobe-viteze\/\" title=\"Probu\u010f v sob\u011b v\u00edt\u011bze\">Probu\u010f v sob\u011b v\u00edt\u011bze<\/a>\n    <\/div>\n    <div class=\"entry-details\">\n        <a href=\"https:\/\/www.welovecycling.com\/cs\/2022\/05\/27\/evelina-opickova-laskou-ke-kolu-jsem-prekonala-bolest\/\" class='entry-title-wrapper'>\n            <h3 class=\"entry-title\"><span>Evel\u00edna Opi\u010dkov\u00e1: L\u00e1skou ke kolu jsem p\u0159ekonala bolest<\/span><\/h3>\n        <\/a>\n    <\/div>\n    <\/article>\n<\/div>\n<p>S jak\u00fdmi v\u00fdsledky dvou \u201esv\u011b\u0159enc\u016f\u201c by vpodve\u010der 11. \u010dervna, kdy se L\u2019Etape Czech Republic by Tour de France jede, bude spokojen\u00fd? \u201eV p\u0159\u00edpad\u011b Petra Lexy bych si p\u0159\u00e1l, aby si z\u00e1vod u\u017eil, nekon\u010dil tot\u00e1ln\u011b vy\u010derpan\u00fd a udr\u017eel si l\u00e1sku k silni\u010dn\u00ed cyklistice. Evel\u00edna po v\u00e1\u017en\u00e9m zran\u011bn\u00ed je\u0161t\u011b nen\u00ed na sto procentech v\u00fdkonnosti. Bude z\u00e1le\u017eet na slo\u017een\u00ed startovn\u00ed listiny. Ale v\u011b\u0159\u00edm, \u017ee pozice mezi p\u011bti nejlep\u0161\u00edmi \u017eenami je re\u00e1ln\u00e1. Po v\u00e1\u017en\u00e9m zran\u011bn\u00ed by \u0161lo o skv\u011bl\u00e9 povzbuzen\u00ed.\u201c<\/p>\n","protected":false},"excerpt":{"rendered":"<p>Sb\u00edrka jeho medail\u00ed z velk\u00fdch sv\u011btov\u00fdch z\u00e1vod\u016f \u010d\u00edt\u00e1 dost mo\u017en\u00e1 v\u00edce kus\u016f, ne\u017e je kilometr\u016f na trase L\u2019Etape Czech Republic [&hellip;]<\/p>\n","protected":false},"author":138,"featured_media":17228,"comment_status":"open","ping_status":"open","sticky":false,"template":"","format":"standard","meta":{"footnotes":""},"categories":[1564,2404],"tags":[126,2398,130,1947,2397,2399,9],"global-categories":[411],"class_list":["post-17306","post","type-post","status-publish","format-standard","has-post-thumbnail","hentry","category-letape-czech-republic","category-probud-v-sobe-viteze","tag-cyklistika","tag-evelina-opickova","tag-jiri-jezek","tag-letape-czech-republic-by-tour-de-france-2022","tag-petr-lexa","tag-probud-v-sobe-viteze","tag-silnicni-cyklistika","global-categories-cycling"],"yoast_head":"<!-- This site is optimized with the Yoast SEO Premium plugin v25.3 (Yoast SEO v25.9) - https:\/\/yoast.com\/wordpress\/plugins\/seo\/ -->\n<title>Ji\u0159\u00ed Je\u017eek: Sna\u017e\u00edm se p\u0159ed\u00e1vat zku\u0161enosti a l\u00e1sku k\u00a0cyklistice | \u0160koda We Love Cycling - \u010cesk\u00e1 republika<\/title>\n<meta name=\"description\" content=\"Sb\u00edrka medail\u00ed \u010d\u00edt\u00e1 v\u00edce kus\u016f, ne\u017e je kilometr\u016f p\u0159i L\u2019Etape Czech Republic. Proto se Ji\u0159\u00ed Je\u017eek chopil role mentora v projektu Probu\u010f v\u00a0sob\u011b v\u00edt\u011bze.\" \/>\n<meta name=\"robots\" content=\"index, follow, max-snippet:-1, max-image-preview:large, max-video-preview:-1\" \/>\n<link rel=\"canonical\" href=\"https:\/\/www.welovecycling.com\/cs\/2022\/06\/03\/jiri-jezek-snazim-se-predavat-zkusenosti-a-lasku-k-cyklistice\/\" \/>\n<meta property=\"og:locale\" content=\"cs_CZ\" \/>\n<meta property=\"og:type\" content=\"article\" \/>\n<meta property=\"og:title\" content=\"Ji\u0159\u00ed Je\u017eek: Sna\u017e\u00edm se p\u0159ed\u00e1vat zku\u0161enosti a l\u00e1sku k\u00a0cyklistice\" \/>\n<meta property=\"og:description\" content=\"Sb\u00edrka medail\u00ed \u010d\u00edt\u00e1 v\u00edce kus\u016f, ne\u017e je kilometr\u016f p\u0159i L\u2019Etape Czech Republic. Proto se Ji\u0159\u00ed Je\u017eek chopil role mentora v projektu Probu\u010f v\u00a0sob\u011b v\u00edt\u011bze.\" \/>\n<meta property=\"og:url\" content=\"https:\/\/www.welovecycling.com\/cs\/2022\/06\/03\/jiri-jezek-snazim-se-predavat-zkusenosti-a-lasku-k-cyklistice\/\" \/>\n<meta property=\"og:site_name\" content=\"\u0160koda We Love Cycling - \u010cesk\u00e1 republika\" \/>\n<meta property=\"article:published_time\" content=\"2022-06-03T13:00:35+00:00\" \/>\n<meta property=\"og:image\" content=\"https:\/\/d2p6e6u75xmxt8.cloudfront.net\/13\/2022\/05\/jezek-WLC_nataceni_16-5_bts-60-scaled.webp\" \/>\n\t<meta property=\"og:image:width\" content=\"2560\" \/>\n\t<meta property=\"og:image:height\" content=\"1703\" \/>\n\t<meta property=\"og:image:type\" content=\"image\/webp\" \/>\n<meta name=\"author\" content=\"radekmalina\" \/>\n<meta name=\"twitter:card\" content=\"summary_large_image\" \/>\n<meta name=\"twitter:label1\" content=\"Written by\" \/>\n\t<meta name=\"twitter:data1\" content=\"We Love Cycling\" \/>\n\t<meta name=\"twitter:label2\" content=\"Est. reading time\" \/>\n\t<meta name=\"twitter:data2\" content=\"7\" \/>\n<script type=\"application\/ld+json\" class=\"yoast-schema-graph\">{\"@context\":\"https:\/\/schema.org\",\"@graph\":[{\"@type\":\"WebPage\",\"@id\":\"https:\/\/www.welovecycling.com\/cs\/2022\/06\/03\/jiri-jezek-snazim-se-predavat-zkusenosti-a-lasku-k-cyklistice\/\",\"url\":\"https:\/\/www.welovecycling.com\/cs\/2022\/06\/03\/jiri-jezek-snazim-se-predavat-zkusenosti-a-lasku-k-cyklistice\/\",\"name\":\"Ji\u0159\u00ed Je\u017eek: Sna\u017e\u00edm se p\u0159ed\u00e1vat zku\u0161enosti a l\u00e1sku k\u00a0cyklistice | \u0160koda We Love Cycling - \u010cesk\u00e1 republika\",\"isPartOf\":{\"@id\":\"https:\/\/www.welovecycling.com\/cs\/#website\"},\"primaryImageOfPage\":{\"@id\":\"https:\/\/www.welovecycling.com\/cs\/2022\/06\/03\/jiri-jezek-snazim-se-predavat-zkusenosti-a-lasku-k-cyklistice\/#primaryimage\"},\"image\":{\"@id\":\"https:\/\/www.welovecycling.com\/cs\/2022\/06\/03\/jiri-jezek-snazim-se-predavat-zkusenosti-a-lasku-k-cyklistice\/#primaryimage\"},\"thumbnailUrl\":\"https:\/\/d2p6e6u75xmxt8.cloudfront.net\/13\/2022\/05\/jezek-WLC_nataceni_16-5_bts-60-scaled.webp\",\"datePublished\":\"2022-06-03T13:00:35+00:00\",\"author\":{\"@id\":\"https:\/\/www.welovecycling.com\/cs\/#\/schema\/person\/d9eeb0a378f3a7e4a6d12d2b536b04b8\"},\"description\":\"Sb\u00edrka medail\u00ed \u010d\u00edt\u00e1 v\u00edce kus\u016f, ne\u017e je kilometr\u016f p\u0159i L\u2019Etape Czech Republic. Proto se Ji\u0159\u00ed Je\u017eek chopil role mentora v projektu Probu\u010f v\u00a0sob\u011b v\u00edt\u011bze.\",\"inLanguage\":\"cs\",\"potentialAction\":[{\"@type\":\"ReadAction\",\"target\":[\"https:\/\/www.welovecycling.com\/cs\/2022\/06\/03\/jiri-jezek-snazim-se-predavat-zkusenosti-a-lasku-k-cyklistice\/\"]}]},{\"@type\":\"ImageObject\",\"inLanguage\":\"cs\",\"@id\":\"https:\/\/www.welovecycling.com\/cs\/2022\/06\/03\/jiri-jezek-snazim-se-predavat-zkusenosti-a-lasku-k-cyklistice\/#primaryimage\",\"url\":\"https:\/\/d2p6e6u75xmxt8.cloudfront.net\/13\/2022\/05\/jezek-WLC_nataceni_16-5_bts-60-scaled.webp\",\"contentUrl\":\"https:\/\/d2p6e6u75xmxt8.cloudfront.net\/13\/2022\/05\/jezek-WLC_nataceni_16-5_bts-60-scaled.webp\",\"width\":2560,\"height\":1703},{\"@type\":\"WebSite\",\"@id\":\"https:\/\/www.welovecycling.com\/cs\/#website\",\"url\":\"https:\/\/www.welovecycling.com\/cs\/\",\"name\":\"\u0160koda We Love Cycling - \u010cesk\u00e1 republika\",\"description\":\"WeLoveCycling.cz je online magaz\u00edn, kter\u00fd v\u00e1m pravideln\u011b p\u0159in\u00e1\u0161\u00ed rady a tipy, zaj\u00edmav\u00e9 \u010dl\u00e1nky, videa a jedine\u010dn\u00e9 report\u00e1\u017ee ze sv\u011bta cyklistiky.\",\"potentialAction\":[{\"@type\":\"SearchAction\",\"target\":{\"@type\":\"EntryPoint\",\"urlTemplate\":\"https:\/\/www.welovecycling.com\/cs\/?s={search_term_string}\"},\"query-input\":{\"@type\":\"PropertyValueSpecification\",\"valueRequired\":true,\"valueName\":\"search_term_string\"}}],\"inLanguage\":\"cs\"},{\"@type\":\"Person\",\"@id\":\"https:\/\/www.welovecycling.com\/cs\/#\/schema\/person\/d9eeb0a378f3a7e4a6d12d2b536b04b8\",\"name\":\"radekmalina\",\"image\":{\"@type\":\"ImageObject\",\"inLanguage\":\"cs\",\"@id\":\"https:\/\/www.welovecycling.com\/cs\/#\/schema\/person\/image\/\",\"url\":\"https:\/\/secure.gravatar.com\/avatar\/66994b632cb8c39a46b9f54afa3ae07201b678d32a54275b6f1c9ffec356bfc0?s=96&d=mm&r=g\",\"contentUrl\":\"https:\/\/secure.gravatar.com\/avatar\/66994b632cb8c39a46b9f54afa3ae07201b678d32a54275b6f1c9ffec356bfc0?s=96&d=mm&r=g\",\"caption\":\"radekmalina\"},\"url\":\"https:\/\/www.welovecycling.com\/cs\/author\/radekmalina\/\"}]}<\/script>\n<!-- \/ Yoast SEO Premium plugin. -->","yoast_head_json":{"title":"Ji\u0159\u00ed Je\u017eek: Sna\u017e\u00edm se p\u0159ed\u00e1vat zku\u0161enosti a l\u00e1sku k\u00a0cyklistice | \u0160koda We Love Cycling - \u010cesk\u00e1 republika","description":"Sb\u00edrka medail\u00ed \u010d\u00edt\u00e1 v\u00edce kus\u016f, ne\u017e je kilometr\u016f p\u0159i L\u2019Etape Czech Republic. Proto se Ji\u0159\u00ed Je\u017eek chopil role mentora v projektu Probu\u010f v\u00a0sob\u011b v\u00edt\u011bze.","robots":{"index":"index","follow":"follow","max-snippet":"max-snippet:-1","max-image-preview":"max-image-preview:large","max-video-preview":"max-video-preview:-1"},"canonical":"https:\/\/www.welovecycling.com\/cs\/2022\/06\/03\/jiri-jezek-snazim-se-predavat-zkusenosti-a-lasku-k-cyklistice\/","og_locale":"cs_CZ","og_type":"article","og_title":"Ji\u0159\u00ed Je\u017eek: Sna\u017e\u00edm se p\u0159ed\u00e1vat zku\u0161enosti a l\u00e1sku k\u00a0cyklistice","og_description":"Sb\u00edrka medail\u00ed \u010d\u00edt\u00e1 v\u00edce kus\u016f, ne\u017e je kilometr\u016f p\u0159i L\u2019Etape Czech Republic. Proto se Ji\u0159\u00ed Je\u017eek chopil role mentora v projektu Probu\u010f v\u00a0sob\u011b v\u00edt\u011bze.","og_url":"https:\/\/www.welovecycling.com\/cs\/2022\/06\/03\/jiri-jezek-snazim-se-predavat-zkusenosti-a-lasku-k-cyklistice\/","og_site_name":"\u0160koda We Love Cycling - \u010cesk\u00e1 republika","article_published_time":"2022-06-03T13:00:35+00:00","og_image":[{"width":2560,"height":1703,"url":"https:\/\/d2p6e6u75xmxt8.cloudfront.net\/13\/2022\/05\/jezek-WLC_nataceni_16-5_bts-60-scaled.webp","type":"image\/webp"}],"author":"radekmalina","twitter_card":"summary_large_image","twitter_misc":{"Written by":"We Love Cycling","Est. reading time":"7"},"schema":{"@context":"https:\/\/schema.org","@graph":[{"@type":"WebPage","@id":"https:\/\/www.welovecycling.com\/cs\/2022\/06\/03\/jiri-jezek-snazim-se-predavat-zkusenosti-a-lasku-k-cyklistice\/","url":"https:\/\/www.welovecycling.com\/cs\/2022\/06\/03\/jiri-jezek-snazim-se-predavat-zkusenosti-a-lasku-k-cyklistice\/","name":"Ji\u0159\u00ed Je\u017eek: Sna\u017e\u00edm se p\u0159ed\u00e1vat zku\u0161enosti a l\u00e1sku k\u00a0cyklistice | \u0160koda We Love Cycling - \u010cesk\u00e1 republika","isPartOf":{"@id":"https:\/\/www.welovecycling.com\/cs\/#website"},"primaryImageOfPage":{"@id":"https:\/\/www.welovecycling.com\/cs\/2022\/06\/03\/jiri-jezek-snazim-se-predavat-zkusenosti-a-lasku-k-cyklistice\/#primaryimage"},"image":{"@id":"https:\/\/www.welovecycling.com\/cs\/2022\/06\/03\/jiri-jezek-snazim-se-predavat-zkusenosti-a-lasku-k-cyklistice\/#primaryimage"},"thumbnailUrl":"https:\/\/d2p6e6u75xmxt8.cloudfront.net\/13\/2022\/05\/jezek-WLC_nataceni_16-5_bts-60-scaled.webp","datePublished":"2022-06-03T13:00:35+00:00","author":{"@id":"https:\/\/www.welovecycling.com\/cs\/#\/schema\/person\/d9eeb0a378f3a7e4a6d12d2b536b04b8"},"description":"Sb\u00edrka medail\u00ed \u010d\u00edt\u00e1 v\u00edce kus\u016f, ne\u017e je kilometr\u016f p\u0159i L\u2019Etape Czech Republic. Proto se Ji\u0159\u00ed Je\u017eek chopil role mentora v projektu Probu\u010f v\u00a0sob\u011b v\u00edt\u011bze.","inLanguage":"cs","potentialAction":[{"@type":"ReadAction","target":["https:\/\/www.welovecycling.com\/cs\/2022\/06\/03\/jiri-jezek-snazim-se-predavat-zkusenosti-a-lasku-k-cyklistice\/"]}]},{"@type":"ImageObject","inLanguage":"cs","@id":"https:\/\/www.welovecycling.com\/cs\/2022\/06\/03\/jiri-jezek-snazim-se-predavat-zkusenosti-a-lasku-k-cyklistice\/#primaryimage","url":"https:\/\/d2p6e6u75xmxt8.cloudfront.net\/13\/2022\/05\/jezek-WLC_nataceni_16-5_bts-60-scaled.webp","contentUrl":"https:\/\/d2p6e6u75xmxt8.cloudfront.net\/13\/2022\/05\/jezek-WLC_nataceni_16-5_bts-60-scaled.webp","width":2560,"height":1703},{"@type":"WebSite","@id":"https:\/\/www.welovecycling.com\/cs\/#website","url":"https:\/\/www.welovecycling.com\/cs\/","name":"\u0160koda We Love Cycling - \u010cesk\u00e1 republika","description":"WeLoveCycling.cz je online magaz\u00edn, kter\u00fd v\u00e1m pravideln\u011b p\u0159in\u00e1\u0161\u00ed rady a tipy, zaj\u00edmav\u00e9 \u010dl\u00e1nky, videa a jedine\u010dn\u00e9 report\u00e1\u017ee ze sv\u011bta cyklistiky.","potentialAction":[{"@type":"SearchAction","target":{"@type":"EntryPoint","urlTemplate":"https:\/\/www.welovecycling.com\/cs\/?s={search_term_string}"},"query-input":{"@type":"PropertyValueSpecification","valueRequired":true,"valueName":"search_term_string"}}],"inLanguage":"cs"},{"@type":"Person","@id":"https:\/\/www.welovecycling.com\/cs\/#\/schema\/person\/d9eeb0a378f3a7e4a6d12d2b536b04b8","name":"radekmalina","image":{"@type":"ImageObject","inLanguage":"cs","@id":"https:\/\/www.welovecycling.com\/cs\/#\/schema\/person\/image\/","url":"https:\/\/secure.gravatar.com\/avatar\/66994b632cb8c39a46b9f54afa3ae07201b678d32a54275b6f1c9ffec356bfc0?s=96&d=mm&r=g","contentUrl":"https:\/\/secure.gravatar.com\/avatar\/66994b632cb8c39a46b9f54afa3ae07201b678d32a54275b6f1c9ffec356bfc0?s=96&d=mm&r=g","caption":"radekmalina"},"url":"https:\/\/www.welovecycling.com\/cs\/author\/radekmalina\/"}]}},"_links":{"self":[{"href":"https:\/\/www.welovecycling.com\/cs\/wp-json\/wp\/v2\/posts\/17306","targetHints":{"allow":["GET"]}}],"collection":[{"href":"https:\/\/www.welovecycling.com\/cs\/wp-json\/wp\/v2\/posts"}],"about":[{"href":"https:\/\/www.welovecycling.com\/cs\/wp-json\/wp\/v2\/types\/post"}],"author":[{"embeddable":true,"href":"https:\/\/www.welovecycling.com\/cs\/wp-json\/wp\/v2\/users\/138"}],"replies":[{"embeddable":true,"href":"https:\/\/www.welovecycling.com\/cs\/wp-json\/wp\/v2\/comments?post=17306"}],"version-history":[{"count":2,"href":"https:\/\/www.welovecycling.com\/cs\/wp-json\/wp\/v2\/posts\/17306\/revisions"}],"predecessor-version":[{"id":17403,"href":"https:\/\/www.welovecycling.com\/cs\/wp-json\/wp\/v2\/posts\/17306\/revisions\/17403"}],"wp:featuredmedia":[{"embeddable":true,"href":"https:\/\/www.welovecycling.com\/cs\/wp-json\/wp\/v2\/media\/17228"}],"wp:attachment":[{"href":"https:\/\/www.welovecycling.com\/cs\/wp-json\/wp\/v2\/media?parent=17306"}],"wp:term":[{"taxonomy":"category","embeddable":true,"href":"https:\/\/www.welovecycling.com\/cs\/wp-json\/wp\/v2\/categories?post=17306"},{"taxonomy":"post_tag","embeddable":true,"href":"https:\/\/www.welovecycling.com\/cs\/wp-json\/wp\/v2\/tags?post=17306"},{"taxonomy":"global-categories","embeddable":true,"href":"https:\/\/www.welovecycling.com\/cs\/wp-json\/wp\/v2\/global-categories?post=17306"}],"curies":[{"name":"wp","href":"https:\/\/api.w.org\/{rel}","templated":true}]}}