{"id":17132,"date":"2022-05-22T09:00:57","date_gmt":"2022-05-22T07:00:57","guid":{"rendered":"https:\/\/www.welovecycling.com\/cs\/?p=17132"},"modified":"2022-05-22T08:44:55","modified_gmt":"2022-05-22T06:44:55","slug":"tifosi-hrdinove-gira","status":"publish","type":"post","link":"https:\/\/www.welovecycling.com\/cs\/2022\/05\/22\/tifosi-hrdinove-gira\/","title":{"rendered":"Tifosi, hrdinov\u00e9 Gira"},"content":{"rendered":"<p><strong>Je Giro time! Ps\u00ed po\u010das\u00ed v Dolomitech, nep\u0159edv\u00eddateln\u00fd styl z\u00e1vod\u011bn\u00ed, sprinte\u0159i odj\u00ed\u017ed\u011bj\u00edc\u00ed dom\u016f je\u0161t\u011b p\u0159ed t\u00edm, ne\u017e se p\u0159ed nimi zvednou hory, ital\u0161t\u00ed z\u00e1vodn\u00edci z druhodivizn\u00edch t\u00fdm\u016f v sebevra\u017eedn\u00fdch, 200kilometrov\u00fdch \u00fanic\u00edch. A taky&#8230; fanou\u0161ci. Tifosi, jak se jim v It\u00e1lii \u0159\u00edk\u00e1.<\/strong><\/p>\n<p>Hory Gira jsou na hony vzd\u00e1leny Mont Ventoux nebo Alpe d\u2019Huez. Mnohem d\u00e1l, ne\u017e mapa nebo kalend\u00e1\u0159 m\u016f\u017eou nazna\u010dovat. Mytick\u00e9 vrcholy Tour de France jsou pod \u010dervencov\u00fdm sluncem hork\u00e9 na dotek, p\u0159epln\u011bn\u00e9 turisty, co do Francie dorazili na letn\u00ed pr\u00e1zdniny.<\/p>\n<p>Dokonce i lid\u00e9, kter\u00e9 cyklistika jinak moc nezaj\u00edm\u00e1, znaj\u00ed Tour de France. A p\u0159ijde jim cool str\u00e1vit den na kopci pod modrou oblohou, ve st\u00ednu slune\u010dn\u00edku se sklenkou v\u00edna v ruce a \u010dekat na reklamn\u00ed karavanu, a pak i na peloton.<\/p>\n<h2><strong>Mauro Vegni: Giro vyr\u00e1b\u00ed \u0161ampiony!<\/strong><\/h2>\n<p>Sever It\u00e1lie v kv\u011btnu je tolik jin\u00fd, \u010dasto studen\u00fd, \u0161ediv\u00fd. A a\u010dkoliv tam m\u016f\u017eete st\u00e1t na vrcholu dvoutis\u00edcov\u00e9ho vrcholu, bez budov a strom\u016f kolem, i bez davu, co by zakr\u00fdval v\u00fdhled, neuvid\u00edte nic ne\u017e mlhu. Nezjist\u00edte, \u017ee prvn\u00ed z\u00e1vodn\u00edk se bl\u00ed\u017e\u00ed, dokud nebude p\u0159\u00edmo p\u0159ed v\u00e1mi. A mo\u017en\u00e1 ho ani neuvid\u00edte, proto\u017ee se samou zimou budete klepat a popob\u00edh\u00e1n\u00edm sna\u017eit zah\u0159\u00e1t. Porca miseria!<\/p>\n<figure id=\"attachment_17280\" aria-describedby=\"caption-attachment-17280\" style=\"width: 1800px\" class=\"wp-caption alignnone\"><a href=\"https:\/\/d2p6e6u75xmxt8.cloudfront.net\/13\/2022\/05\/tifosi-giro-profimedia-0689070469.jpg\"><img loading=\"lazy\" decoding=\"async\" class=\"size-full wp-image-17280\" src=\"https:\/\/d2p6e6u75xmxt8.cloudfront.net\/13\/2022\/05\/tifosi-giro-profimedia-0689070469.jpg\" alt=\"Tifosi obkl\u00ed\u010dili tra\u0165 Gira! Tis\u00edce fanou\u0161k\u016f lemuj\u00ed silnice p\u0159i ka\u017ed\u00e9 etap\u011b. Foto: profiemdia (2x)\" width=\"1800\" height=\"1200\" \/><\/a><figcaption id=\"caption-attachment-17280\" class=\"wp-caption-text\"><em>Tifosi obkl\u00ed\u010dili tra\u0165 Gira! Tis\u00edce fanou\u0161k\u016f lemuj\u00ed silnice p\u0159i ka\u017ed\u00e9 etap\u011b. Foto: profimedia (2x)<\/em><\/figcaption><\/figure>\n<p>A\u017e na to, \u017ee to tak \u010dern\u00e9 nen\u00ed. A\u0165 si je po\u010das\u00ed hrozn\u00e9, It\u00e1lie je kr\u00e1sn\u00e1, a\u010dkoliv podm\u00ednky t\u0159eba zrovna ne. Na svaz\u00edch hor jsou fandov\u00e9 tak hust\u011b se\u0159azeni, \u017ee podobnou atmosf\u00e9ru neza\u017eijete nikde jinde. T\u00fdmy, sponzo\u0159i a dokonce n\u011bkte\u0159\u00ed z\u00e1vodn\u00edci jsou tu zd\u00e1nliv\u011b n\u00e1hodou. To, o\u010d tu jde, je tahle elektrizuj\u00edc\u00ed party.<\/p>\n<div class=\"shortcode-ys-post-pinup\"><article class=\"loop-simple post-16926 post type-post status-publish format-standard has-post-thumbnail hentry category-zeny tag-alfonsina-strada tag-cyklistika tag-giro-ditalia tag-maglia-rosa tag-silnicni-cyklistika global-categories-cycling\" data-postid=\"16926\" role=\"article\" data-post-id=\"16926\" data-word-count=\"465\" data-headline-length=\"73\" data-category=\"\u017deny\" data-global-category=\"Cycling\" data-author=\"Adam Bouda\" data-published=\"2022-05-18T13:01:54+02:00\" data-published-day=\"Wednesday\">\n    <div class=\"entry-thumbnail article-thumbnail\" content=\"https:\/\/d2p6e6u75xmxt8.cloudfront.net\/13\/2022\/05\/alfonsina-strada.-150x150.webp\"><a href=\"https:\/\/www.welovecycling.com\/cs\/2022\/05\/18\/alfonsina-strada-jedina-zena-ktera-kdy-startovala-na-giro-ditalia\/\" class=\"image-holder\" target=\"_self\"><img decoding=\"async\" loading=\"lazy\" class=\"\" src=\"https:\/\/d2p6e6u75xmxt8.cloudfront.net\/13\/2022\/05\/alfonsina-strada..webp\" srcset=\"https:\/\/d2p6e6u75xmxt8.cloudfront.net\/13\/2022\/05\/alfonsina-strada..webp 811w, https:\/\/d2p6e6u75xmxt8.cloudfront.net\/13\/2022\/05\/alfonsina-strada.-300x173.webp 300w, https:\/\/d2p6e6u75xmxt8.cloudfront.net\/13\/2022\/05\/alfonsina-strada.-768x443.webp 768w\" width=\"811\" height=\"468\" sizes=\"auto, (min-width: 1200px) 346px, (min-width: 768px) 29vw, 100vw\" alt=\"alfonsina-strada-jedina-zena-ktera-kdy-startovala-na-giro-ditalia\"\/><\/a><\/div>    <div class=\"entry-meta\">\n        <a class=\"label label-secondary post-category\" href=\"https:\/\/www.welovecycling.com\/cs\/category\/zeny\/\" title=\"\u017deny\">\u017deny<\/a>\n    <\/div>\n    <div class=\"entry-details\">\n        <a href=\"https:\/\/www.welovecycling.com\/cs\/2022\/05\/18\/alfonsina-strada-jedina-zena-ktera-kdy-startovala-na-giro-ditalia\/\" class='entry-title-wrapper'>\n            <h3 class=\"entry-title\"><span>Alfonsina Strada: jedin\u00e1 \u017eena, kter\u00e1 kdy startovala na Giro d\u2019Italia<\/span><\/h3>\n        <\/a>\n    <\/div>\n    <\/article>\n<\/div>\n<p>P\u0159i v\u0161\u00ed \u00fact\u011b \u2013 s v\u00fdjimkou velmi mal\u00e9 skupiny opravdu skv\u011bl\u00fdch cyklist\u016f hraj\u00ed v\u0161ichni ostatn\u00ed jen kompars. Ale jak \u0159\u00edk\u00e1 \u0159editel z\u00e1vodu Mauro Vegni, i ten mus\u00ed p\u0159ijet, jinak bude litovat. \u201eKdokoliv na Giro nep\u0159ijede, je pora\u017een\u00fd. Giro neprohr\u00e1v\u00e1. Giro vyr\u00e1b\u00ed \u0161ampiony. Ne naopak.\u201c<\/p>\n<h2><strong>Infekce jm\u00e9nem tifosi<\/strong><\/h2>\n<p>Tak\u017ee jestli\u017ee Giro d\u011bl\u00e1 \u0161ampiony, co d\u011bl\u00e1 Giro? Pr\u00e1v\u011b ten uspo\u0159\u00e1dan\u00fd chaos lid\u00ed na str\u00e1n\u00edch hor, jim\u017e se \u0159\u00edk\u00e1 fanou\u0161ci. Slovem, kter\u00e9 m\u00e1 p\u016fvod v latinsk\u00e9m v\u00fdrazu fanaticus, a ten si asi um\u00ed p\u0159elo\u017eit ka\u017ed\u00fd. Prost\u011b \u0161\u00edlen\u00ed. Aby se sportovn\u00ed fanatici odli\u0161ili od v\u0161ech ostatn\u00edch bl\u00e1zn\u016f, za\u010dali si \u0159\u00edkat tifosi. Co\u017e m\u00e1 zase p\u016fvod ve slov\u011b tyfus, proto\u017ee ti nej\u0161\u00edlen\u011bj\u0161\u00ed se dost\u00e1vaj\u00ed do podobn\u00e9ho deliria, jako by byli taky posti\u017eeni hroznou infekc\u00ed. A na tu cyklistickou nikdo nena\u0161el l\u00e9k bezm\u00e1la 100 let.<\/p>\n<p>Kdy\u017e v roce 1931 foto fini\u0161 za v\u00edt\u011bze etapy do Pescary ozna\u010dil Bindu a ne davem adorovan\u00e9ho Guerru, a kdy\u017e \u0159editel Gira Armando Cougnet jako obhajobu sv\u00e9ho rozhodnut\u00ed vyv\u011bsil d\u016fkazn\u00ed fotografii do v\u00fdkladn\u00ed sk\u0159\u00edn\u011b m\u00edstn\u00edho obchodu, tifosi obchod zdemolovali a sn\u00edmek rozcupovali. Obecn\u00e9 m\u00edn\u011bn\u00ed m\u011blo v\u011bt\u0161\u00ed v\u00e1\u017enost ne\u017e fakta.<\/p>\n<figure id=\"attachment_17278\" aria-describedby=\"caption-attachment-17278\" style=\"width: 1920px\" class=\"wp-caption alignnone\"><a href=\"https:\/\/d2p6e6u75xmxt8.cloudfront.net\/13\/2022\/05\/giro-tifosi-P1010059-scaled.jpg\"><img loading=\"lazy\" decoding=\"async\" class=\"size-extra-large wp-image-17278\" src=\"https:\/\/d2p6e6u75xmxt8.cloudfront.net\/13\/2022\/05\/giro-tifosi-P1010059-1920x1440.jpg\" alt=\"Startovac\u00ed br\u00e1na p\u0159i \u010dasovce obklopen\u00e1 fanou\u0161ky. M\u00edsta u bari\u00e9ry jsou obsazen\u00e1 hodiny p\u0159edem.\" width=\"1920\" height=\"1440\" \/><\/a><figcaption id=\"caption-attachment-17278\" class=\"wp-caption-text\">Startovac\u00ed br\u00e1na p\u0159i \u010dasovce obklopen\u00e1 fanou\u0161ky. M\u00edsta u bari\u00e9ry jsou obsazen\u00e1 hodiny p\u0159edem.<\/figcaption><\/figure>\n<p>V roce 1998 polovinu televizn\u00edho kol\u00e1\u010de stanice RAI spolkli fandov\u00e9 sleduj\u00edc\u00ed n\u00e1rodn\u00edho poloboha Pantaniho na cest\u011b za v\u00edt\u011bzstv\u00edm. Dvan\u00e1ct m\u011bs\u00edc\u016f pot\u00e9 byl ten stejn\u00fd borec dva dny od dal\u0161\u00edho v\u00edt\u011bzstv\u00ed diskvalifikov\u00e1n, proto\u017ee m\u011bl zv\u00fd\u0161enou hladinu hematokritu v krvi.<\/p>\n<p>Jestli\u017ee o rok d\u0159\u00edve n\u00e1rod j\u00e1sal a v c\u00edlov\u00e9m Mil\u00e1nu se nedalo hnout, pot\u00e9, co dopingov\u00ed komisa\u0159i jejich superstar zostudili, nebyl na stejn\u00e9m m\u00edst\u011b tak\u0159ka nikdo. Skromn\u00fd, mal\u00fd dav, ti ostatn\u00ed svou nep\u0159\u00edtomnost\u00ed jasn\u011b vyj\u00e1d\u0159ili, co si o Giru mysl\u00ed. Dom\u00e1c\u00ed Fabrizio Guidi sice z\u00edskal ve spurtu z\u00e1v\u011bre\u010dnou etapu, ale do \u00fasm\u011bvu nebylo nikomu. Ka\u017ed\u00fd myslel na u\u0161at\u00e9ho pir\u00e1ta Pantaniho.<\/p>\n<div class=\"shortcode-ys-post-pinup\"><article class=\"loop-simple post-17117 post type-post status-publish format-standard has-post-thumbnail hentry category-letape-czech-republic category-probud-v-sobe-viteze tag-cyklistika tag-letape-czech-republic-by-le-tour-de-france tag-petr-lexa tag-probud-v-sobe-viteze tag-silnicni-cyklistika global-categories-cycling\" data-postid=\"17117\" role=\"article\" data-post-id=\"17117\" data-word-count=\"540\" data-headline-length=\"53\" data-category=\"Probu\u010f v sob\u011b v\u00edt\u011bze\" data-global-category=\"Cycling\" data-author=\"We Love Cycling\" data-published=\"2022-05-20T18:00:55+02:00\" data-published-day=\"Friday\">\n    <div class=\"entry-thumbnail article-thumbnail\" content=\"https:\/\/d2p6e6u75xmxt8.cloudfront.net\/13\/2022\/05\/jezek-lexa-WLC_nataceni_16-5_bts-94-scaled-150x150.webp\"><a href=\"https:\/\/www.welovecycling.com\/cs\/2022\/05\/20\/petr-lexa-cyklistice-opet-propadl\/\" class=\"image-holder\" target=\"_self\"><img decoding=\"async\" loading=\"lazy\" class=\"\" src=\"https:\/\/d2p6e6u75xmxt8.cloudfront.net\/13\/2022\/05\/jezek-lexa-WLC_nataceni_16-5_bts-94-scaled-1024x681.webp\" srcset=\"\" width=\"1024\" height=\"681\" sizes=\"auto, (min-width: 1200px) 300px, (min-width: 768px) 25vw, 100vw\" alt=\"petr-lexa-cyklistice-opet-propadl\"\/><\/a><\/div>    <div class=\"entry-meta\">\n        <a class=\"label label-secondary post-category\" href=\"https:\/\/www.welovecycling.com\/cs\/category\/probud-v-sobe-viteze\/\" title=\"Probu\u010f v sob\u011b v\u00edt\u011bze\">Probu\u010f v sob\u011b v\u00edt\u011bze<\/a>\n    <\/div>\n    <div class=\"entry-details\">\n        <a href=\"https:\/\/www.welovecycling.com\/cs\/2022\/05\/20\/petr-lexa-cyklistice-opet-propadl\/\" class='entry-title-wrapper'>\n            <h3 class=\"entry-title\"><span>Petr Lexa: Na silni\u010dce jsem cyklistice op\u011bt propadl<\/span><\/h3>\n        <\/a>\n    <\/div>\n    <\/article>\n<\/div>\n<p>Takov\u00ed jsou tifosi. Je jedno, co se o Pantaniho dopingu napsalo nebo \u0159eklo, jak\u00e1 byla fakta. Jedin\u00e9, o co fanatick\u00fdm fand\u016fm \u0161lo, byla z\u00e1bava, kterou Pantani dok\u00e1zal zajistit. Bez n\u011bj Giro nikoho nezaj\u00edmalo.<\/p>\n<h2><strong>Jde o v\u00edc ne\u017e jen o v\u00fdsledek<\/strong><\/h2>\n<p>Do novinov\u00fdch titulk\u016f se poh\u0159\u00edchu dost\u00e1vaj\u00ed jen ti \u0161patn\u00ed fanou\u0161ci a je to \u0161koda. Posiln\u011bni alkoholem vr\u00e1voraj\u00ed pod\u00e9l z\u00e1vodn\u00edk\u016f, vlajkami jim m\u00e1chaj\u00ed p\u0159ed obli\u010dejem, zapaluj\u00ed sv\u011btlice, ob\u010das dokonce n\u011bkter\u00e9ho z\u00e1vodn\u00edka shod\u00ed z kola. Snadno se pak nabude dojmu, \u017ee pr\u016fm\u011brn\u00fd tifosi je otrapa a potenci\u00e1ln\u00ed nebezpe\u010d\u00ed. Ale obecn\u011b se nic takov\u00e9ho \u0159\u00edct ned\u00e1.<\/p>\n<p>Pod\u00e9l silnic jich ka\u017ed\u00fd den post\u00e1vaj\u00ed tis\u00edce a skoro v\u0161ichni jsou slu\u0161n\u011b vychovan\u00ed. P\u0159ijdou k trati debatovat, naj\u00edst se, p\u0159i\u0165uknout si sklenkou. Tihle tvo\u0159\u00ed z\u00e1vod, d\u00e1vaj\u00ed mu barvu a energii, jak\u00e1 je c\u00edtit m\u00e1lokde.<\/p>\n<figure id=\"attachment_17277\" aria-describedby=\"caption-attachment-17277\" style=\"width: 1920px\" class=\"wp-caption alignnone\"><a href=\"https:\/\/d2p6e6u75xmxt8.cloudfront.net\/13\/2022\/05\/giro-P1010064-scaled.jpg\"><img loading=\"lazy\" decoding=\"async\" class=\"size-extra-large wp-image-17277\" src=\"https:\/\/d2p6e6u75xmxt8.cloudfront.net\/13\/2022\/05\/giro-P1010064-1920x1440.jpg\" alt=\"R\u016f\u017eov\u00e1 je v\u0161ude, kam se pod\u00edv\u00e1te. Giro prost\u011b vyvol\u00e1v\u00e1 \u0161\u00edlenstv\u00ed.\" width=\"1920\" height=\"1440\" \/><\/a><figcaption id=\"caption-attachment-17277\" class=\"wp-caption-text\"><em>R\u016f\u017eov\u00e1 je v\u0161ude, kam se pod\u00edv\u00e1te. Giro prost\u011b vyvol\u00e1v\u00e1 \u0161\u00edlenstv\u00ed.<\/em><\/figcaption><\/figure>\n<p>Jedni v\u011bkem pamatuj\u00ed Merckxe, ti z druh\u00e9ho p\u00f3lu sotva Contadora. Jedni jsou nasoukan\u00ed v lyc\u0159e, proto\u017ee r\u00e1no si ten kter\u00fd kopec v sedle vy\u0161lapali sami, a te\u010f \u010dekaj\u00ed na akci. Jin\u00ed \u010dad\u00ed sv\u00fdm grilem a sleduj\u00ed p\u0159enosnou televizi. \u010casto ned\u00edlnou sou\u010d\u00e1st\u00ed jsou campery, kter\u00e9 si to sv\u00e9 m\u00edsto musej\u00ed zabrat s dostate\u010dn\u00fdm p\u0159edstihem, a pak z nich tr\u010d\u00ed transparenty a vlajky a jsou polepen\u00e9 podobiznami favorit\u016f. Dost mo\u017en\u00e1 tu uvid\u00edte psa v cyklistick\u00e9m trikotu a snad dokonce i ovci obarvenou nar\u016f\u017eovo.<\/p>\n<p><div class=\"shortcode-ys-post-pinup\"><article class=\"loop-simple post-16843 post type-post status-publish format-video has-post-thumbnail hentry category-silnicni-cyklistika category-tipy-na-vylet tag-cyklistika tag-jiri-jezek tag-khulna-kaava tag-klicava tag-krivoklat tag-letape-czech-republic-by-tour-de-france tag-silnicni-cyklistika tag-sona-jezkova tag-tip-na-cyklovylet tag-trenink tag-zamek-nizbor post_format-post-format-video global-categories-cycling\" data-postid=\"16843\" role=\"article\" data-post-id=\"16843\" data-word-count=\"259\" data-headline-length=\"53\" data-category=\"Silni\u010dn\u00ed cyklistika\" data-global-category=\"Cycling\" data-author=\"We Love Cycling\" data-published=\"2022-05-09T17:28:27+02:00\" data-published-day=\"Monday\">\n    <div class=\"entry-thumbnail article-thumbnail video-thumbnail\" content=\"https:\/\/d2p6e6u75xmxt8.cloudfront.net\/13\/2022\/05\/WLC-_-KRIVOKLATSKO-_-THUMBNAIL-150x150.webp\"><svg class=\"play font-icon\"><use href=\"#play_round\" xlink:href=\"#play_round\"><\/use><\/svg><a href=\"https:\/\/www.welovecycling.com\/cs\/2022\/05\/09\/krivoklatsko-cyklovylety-s-we-love-cycling-a-jirim-jezkem\/\" class=\"image-holder\" target=\"_self\"><img decoding=\"async\" loading=\"lazy\" class=\"\" src=\"https:\/\/d2p6e6u75xmxt8.cloudfront.net\/13\/2022\/05\/WLC-_-KRIVOKLATSKO-_-THUMBNAIL-1024x576.webp\" srcset=\"https:\/\/d2p6e6u75xmxt8.cloudfront.net\/13\/2022\/05\/WLC-_-KRIVOKLATSKO-_-THUMBNAIL.webp 1920w, https:\/\/d2p6e6u75xmxt8.cloudfront.net\/13\/2022\/05\/WLC-_-KRIVOKLATSKO-_-THUMBNAIL-300x169.webp 300w, https:\/\/d2p6e6u75xmxt8.cloudfront.net\/13\/2022\/05\/WLC-_-KRIVOKLATSKO-_-THUMBNAIL-1024x576.webp 1024w, https:\/\/d2p6e6u75xmxt8.cloudfront.net\/13\/2022\/05\/WLC-_-KRIVOKLATSKO-_-THUMBNAIL-768x432.webp 768w, https:\/\/d2p6e6u75xmxt8.cloudfront.net\/13\/2022\/05\/WLC-_-KRIVOKLATSKO-_-THUMBNAIL-1536x864.webp 1536w\" width=\"1024\" height=\"576\" sizes=\"auto, (min-width: 1200px) 356px, (min-width: 768px) 30vw, 100vw\" alt=\"krivoklatsko-cyklovylety-s-we-love-cycling-a-jirim-jezkem\"\/><\/a><\/div>    <div class=\"entry-meta\">\n        <a class=\"label label-secondary post-category\" href=\"https:\/\/www.welovecycling.com\/cs\/category\/silnicni-cyklistika\/\" title=\"Silni\u010dn\u00ed cyklistika\">Silni\u010dn\u00ed cyklistika<\/a>\n    <\/div>\n    <div class=\"entry-details\">\n        <a href=\"https:\/\/www.welovecycling.com\/cs\/2022\/05\/09\/krivoklatsko-cyklovylety-s-we-love-cycling-a-jirim-jezkem\/\" class='entry-title-wrapper'>\n            <h3 class=\"entry-title\"><span>K\u0159ivokl\u00e1tsko &#8211; Cyklov\u00fdlety s We Love Cycling<\/span><\/h3>\n        <\/a>\n    <\/div>\n    <\/article>\n<\/div><div class=\"shortcode-ys-post-pinup\"><article class=\"loop-simple post-16843 post type-post status-publish format-video has-post-thumbnail hentry category-silnicni-cyklistika category-tipy-na-vylet tag-cyklistika tag-jiri-jezek tag-khulna-kaava tag-klicava tag-krivoklat tag-letape-czech-republic-by-tour-de-france tag-silnicni-cyklistika tag-sona-jezkova tag-tip-na-cyklovylet tag-trenink tag-zamek-nizbor post_format-post-format-video global-categories-cycling\" data-postid=\"16843\" role=\"article\" data-post-id=\"16843\" data-word-count=\"259\" data-headline-length=\"53\" data-category=\"Silni\u010dn\u00ed cyklistika\" data-global-category=\"Cycling\" data-author=\"We Love Cycling\" data-published=\"2022-05-09T17:28:27+02:00\" data-published-day=\"Monday\">\n    <div class=\"entry-thumbnail article-thumbnail video-thumbnail\" content=\"https:\/\/d2p6e6u75xmxt8.cloudfront.net\/13\/2022\/05\/WLC-_-KRIVOKLATSKO-_-THUMBNAIL-150x150.webp\"><svg class=\"play font-icon\"><use href=\"#play_round\" xlink:href=\"#play_round\"><\/use><\/svg><a href=\"https:\/\/www.welovecycling.com\/cs\/2022\/05\/09\/krivoklatsko-cyklovylety-s-we-love-cycling-a-jirim-jezkem\/\" class=\"image-holder\" target=\"_self\"><img decoding=\"async\" loading=\"lazy\" class=\"\" src=\"https:\/\/d2p6e6u75xmxt8.cloudfront.net\/13\/2022\/05\/WLC-_-KRIVOKLATSKO-_-THUMBNAIL-1024x576.webp\" srcset=\"https:\/\/d2p6e6u75xmxt8.cloudfront.net\/13\/2022\/05\/WLC-_-KRIVOKLATSKO-_-THUMBNAIL.webp 1920w, https:\/\/d2p6e6u75xmxt8.cloudfront.net\/13\/2022\/05\/WLC-_-KRIVOKLATSKO-_-THUMBNAIL-300x169.webp 300w, https:\/\/d2p6e6u75xmxt8.cloudfront.net\/13\/2022\/05\/WLC-_-KRIVOKLATSKO-_-THUMBNAIL-1024x576.webp 1024w, https:\/\/d2p6e6u75xmxt8.cloudfront.net\/13\/2022\/05\/WLC-_-KRIVOKLATSKO-_-THUMBNAIL-768x432.webp 768w, https:\/\/d2p6e6u75xmxt8.cloudfront.net\/13\/2022\/05\/WLC-_-KRIVOKLATSKO-_-THUMBNAIL-1536x864.webp 1536w\" width=\"1024\" height=\"576\" sizes=\"auto, (min-width: 1200px) 356px, (min-width: 768px) 30vw, 100vw\" alt=\"krivoklatsko-cyklovylety-s-we-love-cycling-a-jirim-jezkem\"\/><\/a><\/div>    <div class=\"entry-meta\">\n        <a class=\"label label-secondary post-category\" href=\"https:\/\/www.welovecycling.com\/cs\/category\/silnicni-cyklistika\/\" title=\"Silni\u010dn\u00ed cyklistika\">Silni\u010dn\u00ed cyklistika<\/a>\n    <\/div>\n    <div class=\"entry-details\">\n        <a href=\"https:\/\/www.welovecycling.com\/cs\/2022\/05\/09\/krivoklatsko-cyklovylety-s-we-love-cycling-a-jirim-jezkem\/\" class='entry-title-wrapper'>\n            <h3 class=\"entry-title\"><span>K\u0159ivokl\u00e1tsko &#8211; Cyklov\u00fdlety s We Love Cycling<\/span><\/h3>\n        <\/a>\n    <\/div>\n    <\/article>\n<\/div><\/p>\n<p>Kdy\u017e jste t\u00edmto zdrav\u011b fanatick\u00fdm davem obklopeni, dostane se v\u00e1m n\u00e1lada fanou\u0161kovstv\u00ed pod k\u016f\u017ei. Je toti\u017e infek\u010dn\u00ed, jako tyfus. A jakmile se u v\u00e1s za\u010dnou projevovat symptomy n\u00e1kazy, pochop\u00edte, \u017ee v It\u00e1lii jde o v\u00edc ne\u017e jen o v\u00fdsledek z\u00e1vodu.<\/p>\n","protected":false},"excerpt":{"rendered":"<p>Je Giro time! Ps\u00ed po\u010das\u00ed v Dolomitech, nep\u0159edv\u00eddateln\u00fd styl z\u00e1vod\u011bn\u00ed, sprinte\u0159i odj\u00ed\u017ed\u011bj\u00edc\u00ed dom\u016f je\u0161t\u011b p\u0159ed t\u00edm, ne\u017e se p\u0159ed nimi [&hellip;]<\/p>\n","protected":false},"author":138,"featured_media":17279,"comment_status":"open","ping_status":"open","sticky":false,"template":"","format":"standard","meta":{"footnotes":""},"categories":[10],"tags":[126,2356,2405,9,2406],"global-categories":[411],"class_list":["post-17132","post","type-post","status-publish","format-standard","has-post-thumbnail","hentry","category-silnicni-cyklistika","tag-cyklistika","tag-giro-ditalia-2022","tag-mauro-vegni","tag-silnicni-cyklistika","tag-tifosi","global-categories-cycling"],"yoast_head":"<!-- This site is optimized with the Yoast SEO Premium plugin v25.3 (Yoast SEO v25.9) - https:\/\/yoast.com\/wordpress\/plugins\/seo\/ -->\n<title>Tifosi, hrdinov\u00e9 Gira | \u0160koda We Love Cycling - \u010cesk\u00e1 republika<\/title>\n<meta name=\"description\" content=\"Je Giro time! Ps\u00ed po\u010das\u00ed v Dolomitech, nep\u0159edv\u00eddateln\u00fd styl z\u00e1vod\u011bn\u00ed. A taky... fanou\u0161ci. Tifosi, jak se jim v It\u00e1lii \u0159\u00edk\u00e1.\" \/>\n<meta name=\"robots\" content=\"index, follow, max-snippet:-1, max-image-preview:large, max-video-preview:-1\" \/>\n<link rel=\"canonical\" href=\"https:\/\/www.welovecycling.com\/cs\/2022\/05\/22\/tifosi-hrdinove-gira\/\" \/>\n<meta property=\"og:locale\" content=\"cs_CZ\" \/>\n<meta property=\"og:type\" content=\"article\" \/>\n<meta property=\"og:title\" content=\"Tifosi, hrdinov\u00e9 Gira\" \/>\n<meta property=\"og:description\" content=\"Je Giro time! Ps\u00ed po\u010das\u00ed v Dolomitech, nep\u0159edv\u00eddateln\u00fd styl z\u00e1vod\u011bn\u00ed. A taky... fanou\u0161ci. Tifosi, jak se jim v It\u00e1lii \u0159\u00edk\u00e1.\" \/>\n<meta property=\"og:url\" content=\"https:\/\/www.welovecycling.com\/cs\/2022\/05\/22\/tifosi-hrdinove-gira\/\" \/>\n<meta property=\"og:site_name\" content=\"\u0160koda We Love Cycling - \u010cesk\u00e1 republika\" \/>\n<meta property=\"article:published_time\" content=\"2022-05-22T07:00:57+00:00\" \/>\n<meta property=\"og:image\" content=\"https:\/\/d2p6e6u75xmxt8.cloudfront.net\/13\/2022\/05\/giro-tifosi-profimedia-0692427971.webp\" \/>\n\t<meta property=\"og:image:width\" content=\"1800\" \/>\n\t<meta property=\"og:image:height\" content=\"1200\" \/>\n\t<meta property=\"og:image:type\" content=\"image\/webp\" \/>\n<meta name=\"author\" content=\"radekmalina\" \/>\n<meta name=\"twitter:card\" content=\"summary_large_image\" \/>\n<meta name=\"twitter:label1\" content=\"Written by\" \/>\n\t<meta name=\"twitter:data1\" content=\"We Love Cycling\" \/>\n\t<meta name=\"twitter:label2\" content=\"Est. watching time\" \/>\n\t<meta name=\"twitter:data2\" content=\"5\" \/>\n<script type=\"application\/ld+json\" class=\"yoast-schema-graph\">{\"@context\":\"https:\/\/schema.org\",\"@graph\":[{\"@type\":\"WebPage\",\"@id\":\"https:\/\/www.welovecycling.com\/cs\/2022\/05\/22\/tifosi-hrdinove-gira\/\",\"url\":\"https:\/\/www.welovecycling.com\/cs\/2022\/05\/22\/tifosi-hrdinove-gira\/\",\"name\":\"Tifosi, hrdinov\u00e9 Gira | \u0160koda We Love Cycling - \u010cesk\u00e1 republika\",\"isPartOf\":{\"@id\":\"https:\/\/www.welovecycling.com\/cs\/#website\"},\"primaryImageOfPage\":{\"@id\":\"https:\/\/www.welovecycling.com\/cs\/2022\/05\/22\/tifosi-hrdinove-gira\/#primaryimage\"},\"image\":{\"@id\":\"https:\/\/www.welovecycling.com\/cs\/2022\/05\/22\/tifosi-hrdinove-gira\/#primaryimage\"},\"thumbnailUrl\":\"https:\/\/d2p6e6u75xmxt8.cloudfront.net\/13\/2022\/05\/giro-tifosi-profimedia-0692427971.webp\",\"datePublished\":\"2022-05-22T07:00:57+00:00\",\"author\":{\"@id\":\"https:\/\/www.welovecycling.com\/cs\/#\/schema\/person\/d9eeb0a378f3a7e4a6d12d2b536b04b8\"},\"description\":\"Je Giro time! Ps\u00ed po\u010das\u00ed v Dolomitech, nep\u0159edv\u00eddateln\u00fd styl z\u00e1vod\u011bn\u00ed. A taky... fanou\u0161ci. Tifosi, jak se jim v It\u00e1lii \u0159\u00edk\u00e1.\",\"inLanguage\":\"cs\",\"potentialAction\":[{\"@type\":\"ReadAction\",\"target\":[\"https:\/\/www.welovecycling.com\/cs\/2022\/05\/22\/tifosi-hrdinove-gira\/\"]}]},{\"@type\":\"ImageObject\",\"inLanguage\":\"cs\",\"@id\":\"https:\/\/www.welovecycling.com\/cs\/2022\/05\/22\/tifosi-hrdinove-gira\/#primaryimage\",\"url\":\"https:\/\/d2p6e6u75xmxt8.cloudfront.net\/13\/2022\/05\/giro-tifosi-profimedia-0692427971.webp\",\"contentUrl\":\"https:\/\/d2p6e6u75xmxt8.cloudfront.net\/13\/2022\/05\/giro-tifosi-profimedia-0692427971.webp\",\"width\":1800,\"height\":1200,\"caption\":\"Foto Massimo Paolone\/LaPresse 18 Maggio 2022 Santarcangelo di Romagna sport ciclismo Giro d'Italia 2022 - edizione 105 Tappa 11 Santarcangelo di Romagna - Reggio Emilia Nella foto: i tifosi Photo Massimo Paolone\/LaPresse May 18, 2022 Santarcangelo di Romagna sport Cycling Giro d'Italia 2022 - 105th edition Stage 11 Santarcangelo di Romagna - Reggio Emilia In the pic: the fans,Image: 692427971, License: Rights-managed, Restrictions: *** World Rights Except China, France, and Italy ***, Model Release: no, Credit line: Profimedia\"},{\"@type\":\"WebSite\",\"@id\":\"https:\/\/www.welovecycling.com\/cs\/#website\",\"url\":\"https:\/\/www.welovecycling.com\/cs\/\",\"name\":\"\u0160koda We Love Cycling - \u010cesk\u00e1 republika\",\"description\":\"WeLoveCycling.cz je online magaz\u00edn, kter\u00fd v\u00e1m pravideln\u011b p\u0159in\u00e1\u0161\u00ed rady a tipy, zaj\u00edmav\u00e9 \u010dl\u00e1nky, videa a jedine\u010dn\u00e9 report\u00e1\u017ee ze sv\u011bta cyklistiky.\",\"potentialAction\":[{\"@type\":\"SearchAction\",\"target\":{\"@type\":\"EntryPoint\",\"urlTemplate\":\"https:\/\/www.welovecycling.com\/cs\/?s={search_term_string}\"},\"query-input\":{\"@type\":\"PropertyValueSpecification\",\"valueRequired\":true,\"valueName\":\"search_term_string\"}}],\"inLanguage\":\"cs\"},{\"@type\":\"Person\",\"@id\":\"https:\/\/www.welovecycling.com\/cs\/#\/schema\/person\/d9eeb0a378f3a7e4a6d12d2b536b04b8\",\"name\":\"radekmalina\",\"image\":{\"@type\":\"ImageObject\",\"inLanguage\":\"cs\",\"@id\":\"https:\/\/www.welovecycling.com\/cs\/#\/schema\/person\/image\/\",\"url\":\"https:\/\/secure.gravatar.com\/avatar\/66994b632cb8c39a46b9f54afa3ae07201b678d32a54275b6f1c9ffec356bfc0?s=96&d=mm&r=g\",\"contentUrl\":\"https:\/\/secure.gravatar.com\/avatar\/66994b632cb8c39a46b9f54afa3ae07201b678d32a54275b6f1c9ffec356bfc0?s=96&d=mm&r=g\",\"caption\":\"radekmalina\"},\"url\":\"https:\/\/www.welovecycling.com\/cs\/author\/radekmalina\/\"}]}<\/script>\n<!-- \/ Yoast SEO Premium plugin. -->","yoast_head_json":{"title":"Tifosi, hrdinov\u00e9 Gira | \u0160koda We Love Cycling - \u010cesk\u00e1 republika","description":"Je Giro time! Ps\u00ed po\u010das\u00ed v Dolomitech, nep\u0159edv\u00eddateln\u00fd styl z\u00e1vod\u011bn\u00ed. A taky... fanou\u0161ci. Tifosi, jak se jim v It\u00e1lii \u0159\u00edk\u00e1.","robots":{"index":"index","follow":"follow","max-snippet":"max-snippet:-1","max-image-preview":"max-image-preview:large","max-video-preview":"max-video-preview:-1"},"canonical":"https:\/\/www.welovecycling.com\/cs\/2022\/05\/22\/tifosi-hrdinove-gira\/","og_locale":"cs_CZ","og_type":"article","og_title":"Tifosi, hrdinov\u00e9 Gira","og_description":"Je Giro time! Ps\u00ed po\u010das\u00ed v Dolomitech, nep\u0159edv\u00eddateln\u00fd styl z\u00e1vod\u011bn\u00ed. A taky... fanou\u0161ci. Tifosi, jak se jim v It\u00e1lii \u0159\u00edk\u00e1.","og_url":"https:\/\/www.welovecycling.com\/cs\/2022\/05\/22\/tifosi-hrdinove-gira\/","og_site_name":"\u0160koda We Love Cycling - \u010cesk\u00e1 republika","article_published_time":"2022-05-22T07:00:57+00:00","og_image":[{"width":1800,"height":1200,"url":"https:\/\/d2p6e6u75xmxt8.cloudfront.net\/13\/2022\/05\/giro-tifosi-profimedia-0692427971.webp","type":"image\/webp"}],"author":"radekmalina","twitter_card":"summary_large_image","twitter_misc":{"Written by":"We Love Cycling","Est. watching time":"5"},"schema":{"@context":"https:\/\/schema.org","@graph":[{"@type":"WebPage","@id":"https:\/\/www.welovecycling.com\/cs\/2022\/05\/22\/tifosi-hrdinove-gira\/","url":"https:\/\/www.welovecycling.com\/cs\/2022\/05\/22\/tifosi-hrdinove-gira\/","name":"Tifosi, hrdinov\u00e9 Gira | \u0160koda We Love Cycling - \u010cesk\u00e1 republika","isPartOf":{"@id":"https:\/\/www.welovecycling.com\/cs\/#website"},"primaryImageOfPage":{"@id":"https:\/\/www.welovecycling.com\/cs\/2022\/05\/22\/tifosi-hrdinove-gira\/#primaryimage"},"image":{"@id":"https:\/\/www.welovecycling.com\/cs\/2022\/05\/22\/tifosi-hrdinove-gira\/#primaryimage"},"thumbnailUrl":"https:\/\/d2p6e6u75xmxt8.cloudfront.net\/13\/2022\/05\/giro-tifosi-profimedia-0692427971.webp","datePublished":"2022-05-22T07:00:57+00:00","author":{"@id":"https:\/\/www.welovecycling.com\/cs\/#\/schema\/person\/d9eeb0a378f3a7e4a6d12d2b536b04b8"},"description":"Je Giro time! Ps\u00ed po\u010das\u00ed v Dolomitech, nep\u0159edv\u00eddateln\u00fd styl z\u00e1vod\u011bn\u00ed. A taky... fanou\u0161ci. Tifosi, jak se jim v It\u00e1lii \u0159\u00edk\u00e1.","inLanguage":"cs","potentialAction":[{"@type":"ReadAction","target":["https:\/\/www.welovecycling.com\/cs\/2022\/05\/22\/tifosi-hrdinove-gira\/"]}]},{"@type":"ImageObject","inLanguage":"cs","@id":"https:\/\/www.welovecycling.com\/cs\/2022\/05\/22\/tifosi-hrdinove-gira\/#primaryimage","url":"https:\/\/d2p6e6u75xmxt8.cloudfront.net\/13\/2022\/05\/giro-tifosi-profimedia-0692427971.webp","contentUrl":"https:\/\/d2p6e6u75xmxt8.cloudfront.net\/13\/2022\/05\/giro-tifosi-profimedia-0692427971.webp","width":1800,"height":1200,"caption":"Foto Massimo Paolone\/LaPresse 18 Maggio 2022 Santarcangelo di Romagna sport ciclismo Giro d'Italia 2022 - edizione 105 Tappa 11 Santarcangelo di Romagna - Reggio Emilia Nella foto: i tifosi Photo Massimo Paolone\/LaPresse May 18, 2022 Santarcangelo di Romagna sport Cycling Giro d'Italia 2022 - 105th edition Stage 11 Santarcangelo di Romagna - Reggio Emilia In the pic: the fans,Image: 692427971, License: Rights-managed, Restrictions: *** World Rights Except China, France, and Italy ***, Model Release: no, Credit line: Profimedia"},{"@type":"WebSite","@id":"https:\/\/www.welovecycling.com\/cs\/#website","url":"https:\/\/www.welovecycling.com\/cs\/","name":"\u0160koda We Love Cycling - \u010cesk\u00e1 republika","description":"WeLoveCycling.cz je online magaz\u00edn, kter\u00fd v\u00e1m pravideln\u011b p\u0159in\u00e1\u0161\u00ed rady a tipy, zaj\u00edmav\u00e9 \u010dl\u00e1nky, videa a jedine\u010dn\u00e9 report\u00e1\u017ee ze sv\u011bta cyklistiky.","potentialAction":[{"@type":"SearchAction","target":{"@type":"EntryPoint","urlTemplate":"https:\/\/www.welovecycling.com\/cs\/?s={search_term_string}"},"query-input":{"@type":"PropertyValueSpecification","valueRequired":true,"valueName":"search_term_string"}}],"inLanguage":"cs"},{"@type":"Person","@id":"https:\/\/www.welovecycling.com\/cs\/#\/schema\/person\/d9eeb0a378f3a7e4a6d12d2b536b04b8","name":"radekmalina","image":{"@type":"ImageObject","inLanguage":"cs","@id":"https:\/\/www.welovecycling.com\/cs\/#\/schema\/person\/image\/","url":"https:\/\/secure.gravatar.com\/avatar\/66994b632cb8c39a46b9f54afa3ae07201b678d32a54275b6f1c9ffec356bfc0?s=96&d=mm&r=g","contentUrl":"https:\/\/secure.gravatar.com\/avatar\/66994b632cb8c39a46b9f54afa3ae07201b678d32a54275b6f1c9ffec356bfc0?s=96&d=mm&r=g","caption":"radekmalina"},"url":"https:\/\/www.welovecycling.com\/cs\/author\/radekmalina\/"}]}},"_links":{"self":[{"href":"https:\/\/www.welovecycling.com\/cs\/wp-json\/wp\/v2\/posts\/17132","targetHints":{"allow":["GET"]}}],"collection":[{"href":"https:\/\/www.welovecycling.com\/cs\/wp-json\/wp\/v2\/posts"}],"about":[{"href":"https:\/\/www.welovecycling.com\/cs\/wp-json\/wp\/v2\/types\/post"}],"author":[{"embeddable":true,"href":"https:\/\/www.welovecycling.com\/cs\/wp-json\/wp\/v2\/users\/138"}],"replies":[{"embeddable":true,"href":"https:\/\/www.welovecycling.com\/cs\/wp-json\/wp\/v2\/comments?post=17132"}],"version-history":[{"count":2,"href":"https:\/\/www.welovecycling.com\/cs\/wp-json\/wp\/v2\/posts\/17132\/revisions"}],"predecessor-version":[{"id":17281,"href":"https:\/\/www.welovecycling.com\/cs\/wp-json\/wp\/v2\/posts\/17132\/revisions\/17281"}],"wp:featuredmedia":[{"embeddable":true,"href":"https:\/\/www.welovecycling.com\/cs\/wp-json\/wp\/v2\/media\/17279"}],"wp:attachment":[{"href":"https:\/\/www.welovecycling.com\/cs\/wp-json\/wp\/v2\/media?parent=17132"}],"wp:term":[{"taxonomy":"category","embeddable":true,"href":"https:\/\/www.welovecycling.com\/cs\/wp-json\/wp\/v2\/categories?post=17132"},{"taxonomy":"post_tag","embeddable":true,"href":"https:\/\/www.welovecycling.com\/cs\/wp-json\/wp\/v2\/tags?post=17132"},{"taxonomy":"global-categories","embeddable":true,"href":"https:\/\/www.welovecycling.com\/cs\/wp-json\/wp\/v2\/global-categories?post=17132"}],"curies":[{"name":"wp","href":"https:\/\/api.w.org\/{rel}","templated":true}]}}