{"id":17056,"date":"2022-05-15T13:00:02","date_gmt":"2022-05-15T11:00:02","guid":{"rendered":"https:\/\/www.welovecycling.com\/cs\/?p=17056"},"modified":"2022-05-16T08:48:52","modified_gmt":"2022-05-16T06:48:52","slug":"ultrabezkyne-lenka-vacvalova-citim-uprimnou-lasku-ke-kolu","status":"publish","type":"post","link":"https:\/\/www.welovecycling.com\/cs\/2022\/05\/15\/ultrabezkyne-lenka-vacvalova-citim-uprimnou-lasku-ke-kolu\/","title":{"rendered":"Lenka Vacvalov\u00e1: C\u00edt\u00edm up\u0159\u00edmnou l\u00e1sku ke kolu"},"content":{"rendered":"<p><strong>V\u011bnuje se filantropii a prost\u0159ednictv\u00edm vlastn\u00edch projekt\u016f, extr\u00e9mn\u00edch p\u0159eb\u011bh\u016f, vybrala na charitu miliony korun. Lenka Vacvalov\u00e1 je ultrab\u011b\u017ekyn\u011b, kter\u00e1 m\u00e1 na kont\u011b n\u011bkolik extr\u00e9mn\u00edch b\u011b\u017eeck\u00fdch d\u00e1lkov\u00fdch b\u011bh\u016f p\u0159es Slovensko, \u0160pan\u011blsko \u010di USA. Minul\u00fd rok propadla cyklistice. Po\u0159\u00eddila si gravel bike a kolo bere jako skv\u011bl\u00fd zp\u016fsob k budov\u00e1n\u00ed vytrvalosti.<\/strong><\/p>\n<h2><strong>Kdy sed\u00e1 ultrab\u011b\u017ekyn\u011b na kolo?<\/strong><\/h2>\n<p>Trochu v\u00edc m\u011b to za\u010dalo bavit a\u017e te\u010f. Ale na kole jezd\u00edm odmali\u010dka. S nads\u00e1zkou \u0159\u00edk\u00e1m, \u017ee jsem z\u00a0vesnice Belu\u0161e, kde je nejv\u00edce kol na Slovensku, pr\u00fd je u n\u00e1s dokonce v\u00edc kol ne\u017e lid\u00ed. Kdy\u017e se jde v\u00a0ned\u011bli do kostela, n\u011bkolikametrov\u00fd stojan je pln\u00fd. Kolo vedle kola, ale samoz\u0159ejm\u011b se nejedn\u00e1 o \u0161pi\u010dkov\u00e9 modely. Kolo pat\u0159ilo k\u00a0m\u00e9mu \u017eivotu, jezdila jsem na n\u011bm do \u0161koly. P\u0159\u00edtel ale jezd\u00ed rad\u011bji na kole, ne\u017e b\u011bh\u00e1, a v\u017edy mi \u0159\u00edkal, ty jsi ani nev\u0161imne\u0161, \u017ee jede\u0161 stovku.<\/p>\n<h2><strong>A m\u011bl v\u00e1\u0161 p\u0159\u00edtel Honza pravdu?<\/strong><\/h2>\n<p>Na hor\u00e1ku jsem si toho rozhodn\u011b v\u0161imla.<\/p>\n<h2><strong>Jak\u00fd typ kola m\u00e1te?<\/strong><\/h2>\n<p>Od podzimu gravel, proto\u017ee jsem se b\u00e1la p\u0159ej\u00edt z\u00a0hor\u00e1ka hardtailu hned na silni\u010dku. Je to \u00fa\u017easn\u00e9 kolo, bomba, jak je lehk\u00e9, kr\u00e1sn\u011b jede do kopce, je skv\u011bl\u00e9 i na je\u017ed\u011bn\u00ed po Praze, p\u0159esunuji se tak \u010dast\u011bji ne\u017e MHD. A\u017e te\u010f jsem za\u010dala poci\u0165ovat up\u0159\u00edmnou l\u00e1sku ke kolu, a to jsem je\u0161t\u011b nesed\u011bla na silni\u010dce. Chcete \u0159\u00edct veselou p\u0159\u00edhodu?<\/p>\n<div class=\"shortcode-ys-post-pinup\"><article class=\"loop-simple post-16653 post type-post status-publish format-standard has-post-thumbnail hentry category-zdravi-a-trenink tag-chris-horner tag-ernst-hansen tag-kopce tag-trenink tag-vyzkum-jizdy-ze-sedla global-categories-cycling\" data-postid=\"16653\" role=\"article\" data-post-id=\"16653\" data-word-count=\"457\" data-headline-length=\"68\" data-category=\"Zdrav\u00ed a tr\u00e9nink\" data-global-category=\"Cycling\" data-author=\"Adam Bouda\" data-published=\"2022-04-27T12:00:06+02:00\" data-published-day=\"Wednesday\">\n    <div class=\"entry-thumbnail article-thumbnail\" content=\"https:\/\/d2p6e6u75xmxt8.cloudfront.net\/13\/2022\/04\/kopce-cerveny-150x150.webp\"><a href=\"https:\/\/www.welovecycling.com\/cs\/2022\/04\/27\/jizda-v-kopcich-je-vyhodnejsi-sedet-nebo-stat-v-pedalech\/\" class=\"image-holder\" target=\"_self\"><img decoding=\"async\" loading=\"lazy\" class=\"\" src=\"https:\/\/d2p6e6u75xmxt8.cloudfront.net\/13\/2022\/04\/kopce-cerveny-1024x677.webp\" srcset=\"https:\/\/d2p6e6u75xmxt8.cloudfront.net\/13\/2022\/04\/kopce-cerveny.webp 1600w, https:\/\/d2p6e6u75xmxt8.cloudfront.net\/13\/2022\/04\/kopce-cerveny-300x198.webp 300w, https:\/\/d2p6e6u75xmxt8.cloudfront.net\/13\/2022\/04\/kopce-cerveny-1024x677.webp 1024w, https:\/\/d2p6e6u75xmxt8.cloudfront.net\/13\/2022\/04\/kopce-cerveny-768x508.webp 768w, https:\/\/d2p6e6u75xmxt8.cloudfront.net\/13\/2022\/04\/kopce-cerveny-1536x1016.webp 1536w\" width=\"1024\" height=\"677\" sizes=\"auto, (min-width: 1200px) 302px, (min-width: 768px) 25vw, 100vw\" alt=\"jizda-v-kopcich-je-vyhodnejsi-sedet-nebo-stat-v-pedalech\"\/><\/a><\/div>    <div class=\"entry-meta\">\n        <a class=\"label label-secondary post-category\" href=\"https:\/\/www.welovecycling.com\/cs\/category\/zdravi-a-trenink\/\" title=\"Zdrav\u00ed a tr\u00e9nink\">Zdrav\u00ed a tr\u00e9nink<\/a>\n    <\/div>\n    <div class=\"entry-details\">\n        <a href=\"https:\/\/www.welovecycling.com\/cs\/2022\/04\/27\/jizda-v-kopcich-je-vyhodnejsi-sedet-nebo-stat-v-pedalech\/\" class='entry-title-wrapper'>\n            <h3 class=\"entry-title\"><span>J\u00edzda v kopc\u00edch: je v\u00fdhodn\u011bj\u0161\u00ed sed\u011bt, nebo st\u00e1t v ped\u00e1lech?<\/span><\/h3>\n        <\/a>\n    <\/div>\n    <\/article>\n<\/div>\n<h2><strong>Ur\u010dit\u011b. Pov\u00eddejte&#8230;<\/strong><\/h2>\n<p>Necht\u011bla jsem SPD, br\u00e1nila jsem se jim. Ale p\u0159\u00edtel m\u011b p\u0159emlouval, \u017ee uc\u00edt\u00edm rozd\u00edl, \u017ee bude pohyb ekonomi\u010dt\u011bj\u0161\u00ed. Tak jsem se k tomu odhodlala&#8230; A po kilometru jsem spadla. P\u0159\u00edmo do potoka. A ne jednou. Jindy jsem jela po Brdech, kdy\u017e v tom se ozval v\u00fdst\u0159el. Vypadalo to, \u017ee jsem se ho lekla, ale ve skute\u010dnosti bych spadla stejn\u011b. Na\u0161t\u011bst\u00ed jsem v\u017edy padala do m\u011bkk\u00e9ho. Te\u010f u\u017e SPD perfektn\u011b ovl\u00e1d\u00e1m a neum\u00edm si to bez nich p\u0159edstavit. Ale ty za\u010d\u00e1tky!<\/p>\n<h2><strong>Bydl\u00edte v Praze. Kam r\u00e1da jezd\u00edte?<\/strong><\/h2>\n<p>Na Oko\u0159, \u00dan\u011btice. Ale tras m\u00e1m docela m\u00e1lo. Zn\u00e1m sp\u00ed\u0161e cesty vhodn\u00e9 pro horsk\u00e9 kolo. Paradoxem je, \u017ee v b\u011bhu vyhled\u00e1v\u00e1m trailov\u00e9 cesty, ale na kole se jich boj\u00edm.<\/p>\n<h2><strong>M\u00e1te n\u011bjakou vysn\u011bnou trasu?<\/strong><\/h2>\n<p>Passo Stelvio v It\u00e1lii. To je klasika. Nesp\u011bch\u00e1m, v pl\u00e1nu je to na p\u0159\u00ed\u0161t\u00ed l\u00e9to. Asi si je\u0161t\u011b po\u010dk\u00e1m, zda nep\u0159ejdu na silni\u010dku. Tu bych si toti\u017e taky r\u00e1da po\u0159\u00eddila, jen te\u010f prost\u011b nejsou.<\/p>\n<h2><strong>Jak \u010dasto se na kolo dostanete? Berete ho jako kompenzaci k\u00a0b\u011bhu?<\/strong><\/h2>\n<p>V\u00a0dob\u00e1ch, kdy jsem m\u011bla tren\u00e9ra, mi \u010dasto \u0159\u00edkal, a\u0165 se projedu na kole a pak to jdu vyb\u011bhat. P\u0159echod z\u00a0kola na b\u011bh je super, dobr\u00e1 kompenzace. Nohy se pak na kopce adaptuj\u00ed i v\u00a0b\u011bhu. A taky je to v\u00fdborn\u00e9 na budov\u00e1n\u00ed vytrvalosti. Beru ho hlavn\u011b jako dopravn\u00ed prost\u0159edek. T\u0159eba do podolsk\u00e9ho baz\u00e9nu nebo n\u011bkam na kafe jezd\u00edm jedin\u011b na kole.<\/p>\n<figure id=\"attachment_17057\" aria-describedby=\"caption-attachment-17057\" style=\"width: 1171px\" class=\"wp-caption alignnone\"><a href=\"https:\/\/d2p6e6u75xmxt8.cloudfront.net\/13\/2022\/05\/lenka-vacvalova-profimedia-0337542298.jpg\"><img loading=\"lazy\" decoding=\"async\" class=\"size-full wp-image-17057\" src=\"https:\/\/d2p6e6u75xmxt8.cloudfront.net\/13\/2022\/05\/lenka-vacvalova-profimedia-0337542298.jpg\" alt=\"Lenka Vacvalov\u00e1 p\u0159i jedn\u00e9 z p\u0159ehl\u00eddek. Jej\u00edm vyvolen\u00fdm sportem je v\u0161ak b\u011bh a cyklistika.\" width=\"1171\" height=\"1800\" \/><\/a><figcaption id=\"caption-attachment-17057\" class=\"wp-caption-text\"><em>Lenka Vacvalov\u00e1 p\u0159i jedn\u00e9 z p\u0159ehl\u00eddek. Jej\u00edm vyvolen\u00fdm sportem je v\u0161ak b\u011bh a cyklistika. Foto: profimedia (2x)<\/em><\/figcaption><\/figure>\n<h2><strong>Ned\u00e1vno jste dob\u011bhla velmi t\u011b\u017ek\u00fd z\u00e1vod Ice Ultra, 230 kilometr\u016f ledov\u00fdm Laponskem. Jak\u00e9 to bylo?<\/strong><\/h2>\n<p>N\u00e1dhern\u00e9 Laponsko, kr\u00e1sn\u00e9 setk\u00e1n\u00ed s\u00a0p\u016fvodn\u00edmi obyvateli, kte\u0159\u00ed se starali o logistiku. N\u00e1dhern\u00e9 rande se zimou. Jen mohlo b\u00fdt trochu m\u00e9n\u011b intenzivn\u00ed. V tomto z\u00e1vod\u011b ne\u0161lo ani tak o d\u00e9lku nebo v\u00fd\u0161kov\u00e9 metry, ale o boj s extr\u00e9mn\u00edm chladem a arktick\u00fdmi podm\u00ednkami. Etapy byly r\u016fzn\u011b dlouh\u00e9. Nejdel\u0161\u00ed m\u011bla 66 kilometr\u016f a posledn\u00ed den jsme sprintovali 15 kilometr\u016f. Nejhor\u0161\u00ed byl maraton p\u0159es zamrzl\u00e9 jezero, kdy jsme jen b\u011b\u017eeli od ty\u010de k ty\u010di. Jednou bylo minus 35 stup\u0148\u016f, pr\u016fm\u011brn\u011b minus 10 a\u017e 15 stup\u0148\u016f.<\/p>\n<h2><strong>V takov\u00e9m z\u00e1vod\u011b asi nejde o um\u00edst\u011bn\u00ed, ale jak jste skon\u010dila?<\/strong><\/h2>\n<p>Prvn\u00ed, t\u0159et\u00ed, \u010dtvrtou a p\u00e1tou etapu druh\u00e1. Druhou etapu jsem vyhr\u00e1la. B\u011b\u017eelo jen deset \u017een, tak jsem n\u011bjak nepl\u00e1novan\u011b z\u00e1vodila s mu\u017ei. Ve v\u00fdsledku jsem z\u00e1vodila jen s jedn\u00edm, byl to voj\u00e1k, para\u0161utista. Mysl\u00edm, \u017ee z toho byl docela p\u0159ekvapen\u00fd, hlavn\u011b kdy\u017e jsem ho porazila. Ze z\u00e1vodu odpadla zhruba polovina lid\u00ed.<\/p>\n<h2><strong>Sportovala jste odmali\u010dka?<\/strong><\/h2>\n<p>Jako d\u00edt\u011b jsem se sice h\u00fdbala, jezdila v zim\u011b na hory, v l\u00e9t\u011b na kolo, ale nic extr\u00e9mn\u00edho. B\u011bhat jsem za\u010dala v\u00a0p\u011btadvaceti letech z nuly. V tom v\u011bku u\u017e jsem nem\u011bla na v\u00fdb\u011br nic jin\u00e9ho ne\u017e b\u00fdt vytrvalostn\u00ed typ. Ultra je kombinace b\u011bhu a ch\u016fze v\u00a0hor\u00e1ch. Bav\u00ed m\u011b v\u00edc proch\u00e1zka v\u00a0hor\u00e1ch ne\u017e b\u011bh na asfaltu. A za\u010d\u00edt chodit po\u00a0hor\u00e1ch se d\u00e1 kdykoliv \u2013 ve dvaceti i pades\u00e1ti. Hory p\u0159in\u00e1\u0161ej\u00ed velk\u00e9 p\u0159\u00edb\u011bhy a m\u011bn\u00ed \u017eivoty.<\/p>\n<div class=\"shortcode-ys-post-pinup\"><article class=\"loop-simple post-16879 post type-post status-publish format-standard has-post-thumbnail hentry category-horska-cyklistika tag-cyklistika tag-horska-cyklistika tag-titan-desert-2022 tag-zeny tag-zuzana-bohacova global-categories-cycling\" data-postid=\"16879\" role=\"article\" data-post-id=\"16879\" data-word-count=\"575\" data-headline-length=\"68\" data-category=\"Horsk\u00e1 cyklistika\" data-global-category=\"Cycling\" data-author=\"We Love Cycling\" data-published=\"2022-05-08T12:00:20+02:00\" data-published-day=\"Sunday\">\n    <div class=\"entry-thumbnail article-thumbnail\" content=\"https:\/\/d2p6e6u75xmxt8.cloudfront.net\/13\/2022\/05\/ZUZANA-2022-05-07-223827-150x150.webp\"><a href=\"https:\/\/www.welovecycling.com\/cs\/2022\/05\/08\/poslechla-maminku-a-tak-bude-zuzana-bohacova-na-startu-titan-desert\/\" class=\"image-holder\" target=\"_self\"><img decoding=\"async\" loading=\"lazy\" class=\"\" src=\"https:\/\/d2p6e6u75xmxt8.cloudfront.net\/13\/2022\/05\/ZUZANA-2022-05-07-223827.webp\" srcset=\"https:\/\/d2p6e6u75xmxt8.cloudfront.net\/13\/2022\/05\/ZUZANA-2022-05-07-223827.webp 667w, https:\/\/d2p6e6u75xmxt8.cloudfront.net\/13\/2022\/05\/ZUZANA-2022-05-07-223827-300x228.webp 300w\" width=\"667\" height=\"507\" sizes=\"auto, (min-width: 1200px) 300px, (min-width: 768px) 25vw, 100vw\" alt=\"poslechla-maminku-a-tak-bude-zuzana-bohacova-na-startu-titan-desert\"\/><\/a><\/div>    <div class=\"entry-meta\">\n        <a class=\"label label-secondary post-category\" href=\"https:\/\/www.welovecycling.com\/cs\/category\/horska-cyklistika\/\" title=\"Horsk\u00e1 cyklistika\">Horsk\u00e1 cyklistika<\/a>\n    <\/div>\n    <div class=\"entry-details\">\n        <a href=\"https:\/\/www.welovecycling.com\/cs\/2022\/05\/08\/poslechla-maminku-a-tak-bude-zuzana-bohacova-na-startu-titan-desert\/\" class='entry-title-wrapper'>\n            <h3 class=\"entry-title\"><span>Poslechla maminku! A tak Zuzana Boh\u00e1\u010dov\u00e1 jede \u0160koda Titan Desert<\/span><\/h3>\n        <\/a>\n    <\/div>\n    <\/article>\n<\/div>\n<h2><strong>Kdy\u017e se jdete prob\u011bhnout, jak\u00e1 je va\u0161e obl\u00edben\u00e1 b\u011b\u017eeck\u00e1 vzd\u00e1lenost?<\/strong><\/h2>\n<p>Nem\u00e1m obl\u00edbenou vzd\u00e1lenost, ale m\u00e1m r\u00e1da, kdy\u017e je to do kopce, 1000 metr\u016f p\u0159ev\u00fd\u0161en\u00ed a jsem spokojen\u00e1.<\/p>\n<h2><strong>Co j\u00eddlo? Jak moc je d\u016fle\u017eit\u00e9 m\u00edt to spr\u00e1vn\u011b nastaven\u00e9?<\/strong><\/h2>\n<p>Vydr\u017e\u00edm b\u011b\u017eet dv\u011b a p\u016fl a\u017e t\u0159i hodiny bez j\u00eddla, ale st\u0159\u00edd\u00e1m to podle pocitu. Nem\u00e1m r\u00e1da ty\u010dinky a gely, rad\u011bji si p\u0159iprav\u00edm wrap s\u00a0ku\u0159ec\u00edm masem a zeleninou. Maxim\u00e1ln\u011b si d\u00e1m n\u011bjak\u00e9 energetick\u00e9 \u017eel\u00e9 bonbony. Na dlouh\u00fdch tras\u00e1ch je d\u016fle\u017eit\u00e9 po z\u00e1vod\u011b doj\u00edst sp\u00e1len\u00e9 kalorie, aby \u010dlov\u011bk dok\u00e1zal zregenerovat. A to se mi ne v\u017edy da\u0159\u00ed. V\u00edm, \u017ee bych m\u011bla j\u00edst v\u00edce, ale nejde to. S\u00a0p\u0159\u00edtelem jsme velc\u00ed gurm\u00e1ni, doma r\u00e1di a dob\u0159e va\u0159\u00edme a dost to \u0159e\u0161\u00edme.<\/p>\n<h2><strong>Jste autorkou dvou knih. Prvn\u00ed je \u201eNajdu odvahu\u201c &#8230;<\/strong><\/h2>\n<p>Je o m\u00fdch za\u010d\u00e1tc\u00edch, prvn\u00edch tras\u00e1ch a zdol\u00e1n\u00ed Cesty hrdin\u016f SNP, co\u017e je nejdel\u0161\u00ed turistick\u00e1 magistr\u00e1la na Slovensku dlouh\u00e1 770 kilometr\u016f. Ve druh\u00e9 knize \u201eV\u00edce odvahy\u201c p\u00ed\u0161u o p\u0159eb\u011bhu pyrenejsk\u00e9 GR11 a o surov\u011bj\u0161\u00edch z\u00e1\u017eitc\u00edch z 880 kilometr\u016f a 42000 metr\u016f p\u0159ev\u00fd\u0161en\u00ed trasy. Te\u010f rozepisuji t\u0159et\u00ed, o Colorado trailu, kter\u00fd jsem pl\u00e1novan\u011b nat\u00e1hla na 1020 kilometr\u016f. Byl to neuv\u011b\u0159iteln\u011b kr\u00e1sn\u00fd a siln\u00fd z\u00e1\u017eitek, kter\u00fd m\u00e1m spojen\u00fd s\u00a0p\u0159\u00edb\u011bhem m\u00e9ho d\u011bde\u010dka a odchodem \u010cechoslov\u00e1k\u016f v dob\u011b zlat\u00e9 hore\u010dky do Ameriky. Bav\u00ed m\u011b zaznamen\u00e1vat si z\u00e1\u017eitky, proto\u017ee kdy\u017e si dnes n\u011bco z\u00a0t\u011bch knih p\u0159e\u010dtu, vr\u00e1t\u00ed m\u011b to do emoc\u00ed toho okam\u017eiku. Lidsk\u00e1 pam\u011b\u0165 hodn\u011b v\u011bc\u00ed vyt\u011bsn\u00ed a je \u00fa\u017easn\u00e9 to m\u00edt zaznamenan\u00e9.<\/p>\n<h2><strong>D\u011bl\u00e1te si pozn\u00e1mky po b\u011bhu nebo dokonce b\u011bhem z\u00e1vod\u016f?<\/strong><\/h2>\n<p>D\u011bl\u00e1m si zvukov\u00e9 z\u00e1znamy, kter\u00e9 si pak zp\u011btn\u011b pou\u0161t\u00edm. Jsou opravdu autentick\u00e9. Kdy\u017e jsem na\u0161tvan\u00e1, p\u0159ejdu do ch\u016fze a nahraji si, pro\u010d jsem na\u0161tvan\u00e1. \u010clov\u011bk to jinak zapomene. Kondice d\u00e1v\u00e1 \u010dlov\u011bku svobodu, d\u00edky n\u00ed za\u017eije kr\u00e1sn\u00e9 v\u011bci a je svobodn\u011bj\u0161\u00ed. V\u00ed, \u017ee si to m\u016f\u017ee dovolit a zhruba, kam a\u017e si to m\u016f\u017ee dovolit. D\u00edky tomu, \u017ee jsem se dostala do formy, jsem za\u017eila velk\u00e9 mno\u017estv\u00ed v\u011bc\u00ed, vid\u011bla fantastick\u00e1 m\u00edsta a mohla pomoci lidem. A to m\u011b to od z\u00e1klad\u016f zm\u011bnilo.<\/p>\n<div class=\"shortcode-ys-post-pinup\"><article class=\"loop-simple post-16607 post type-post status-publish format-standard has-post-thumbnail hentry category-letape-czech-republic tag-cyklistika tag-letape-2022 tag-letape-czech-republic-by-tour-de-france tag-martina-sablikova tag-silnicni-cyklistika tag-zeny global-categories-cycling\" data-postid=\"16607\" role=\"article\" data-post-id=\"16607\" data-word-count=\"519\" data-headline-length=\"59\" data-category=\"L&#039;Etape Czech Republic\" data-global-category=\"Cycling\" data-author=\"We Love Cycling\" data-published=\"2022-04-11T17:00:37+02:00\" data-published-day=\"Monday\">\n    <div class=\"entry-thumbnail article-thumbnail\" content=\"https:\/\/d2p6e6u75xmxt8.cloudfront.net\/13\/2021\/08\/Sablikova-kolo-scaled-150x150.webp\"><a href=\"https:\/\/www.welovecycling.com\/cs\/2022\/04\/11\/martina-sablikova-o-trase-letape-2022-bude-to-husty\/\" class=\"image-holder\" target=\"_self\"><img decoding=\"async\" loading=\"lazy\" class=\"\" src=\"https:\/\/d2p6e6u75xmxt8.cloudfront.net\/13\/2021\/08\/Sablikova-kolo-scaled-1024x683.webp\" srcset=\"https:\/\/d2p6e6u75xmxt8.cloudfront.net\/13\/2021\/08\/Sablikova-kolo-scaled.webp 2560w, https:\/\/d2p6e6u75xmxt8.cloudfront.net\/13\/2021\/08\/Sablikova-kolo-scaled-300x200.webp 300w, https:\/\/d2p6e6u75xmxt8.cloudfront.net\/13\/2021\/08\/Sablikova-kolo-scaled-1024x683.webp 1024w, https:\/\/d2p6e6u75xmxt8.cloudfront.net\/13\/2021\/08\/Sablikova-kolo-scaled-768x512.webp 768w, https:\/\/d2p6e6u75xmxt8.cloudfront.net\/13\/2021\/08\/Sablikova-kolo-scaled-1536x1024.webp 1536w, https:\/\/d2p6e6u75xmxt8.cloudfront.net\/13\/2021\/08\/Sablikova-kolo-scaled-2048x1366.webp 2048w, https:\/\/d2p6e6u75xmxt8.cloudfront.net\/13\/2021\/08\/Sablikova-kolo-scaled-1920x1280.webp 1920w, https:\/\/d2p6e6u75xmxt8.cloudfront.net\/13\/2021\/08\/Sablikova-kolo-scaled-272x182.webp 272w, https:\/\/d2p6e6u75xmxt8.cloudfront.net\/13\/2021\/08\/Sablikova-kolo-scaled-1920x1280.webp 1920w\" width=\"1024\" height=\"683\" sizes=\"auto, (min-width: 1200px) 300px, (min-width: 768px) 25vw, 100vw\" alt=\"martina-sablikova-o-trase-letape-2022-bude-to-husty\"\/><\/a><\/div>    <div class=\"entry-meta\">\n        <a class=\"label label-secondary post-category\" href=\"https:\/\/www.welovecycling.com\/cs\/category\/letape-czech-republic\/\" title=\"L'Etape Czech Republic\">L'Etape Czech Republic<\/a>\n    <\/div>\n    <div class=\"entry-details\">\n        <a href=\"https:\/\/www.welovecycling.com\/cs\/2022\/04\/11\/martina-sablikova-o-trase-letape-2022-bude-to-husty\/\" class='entry-title-wrapper'>\n            <h3 class=\"entry-title\"><span>Martina S\u00e1bl\u00edkov\u00e1 o trase L\u2019Etape 2022: Bude to hust\u00fd<\/span><\/h3>\n        <\/a>\n    <\/div>\n    <\/article>\n<\/div>\n<p><strong>Box: Kdo je Lenka Vacvalov\u00e1<\/strong><\/p>\n<p>\u0158\u00edk\u00e1 o sob\u011b, \u017ee je profesion\u00e1ln\u00ed dobrodruh. V\u011bnuje se filantropii a prost\u0159ednictv\u00edm vlastn\u00edch projekt\u016f, extr\u00e9mn\u00edch p\u0159eb\u011bh\u016f, vysb\u00edrala na charitu v\u00edce ne\u017e 4 500 000 korun. M\u00e1 na kont\u011b \u0159adu extr\u00e9mn\u00edch z\u00e1vod\u016f, jako nap\u0159\u00edklad 770 km dlouhou trasu po Cest\u011b hrdin\u016f SNP, 880 km h\u0159ebenem Pyrenej\u00ed GR 11 a v z\u00e1\u0159\u00ed 2021 ub\u011bhla 1020 km dlouhou trasu Skalist\u00fdmi horami po stop\u00e1ch zlat\u00e9 hore\u010dky. V \u00fanoru v extr\u00e9mn\u00edch teplot\u00e1ch zab\u011bhla 230 km Ice Ultra \u0161v\u00e9dsk\u00fdm Laponskem.<br \/>\nDvaat\u0159icetilet\u00e1 Lenka Vacvalov\u00e1 poch\u00e1z\u00ed ze slovensk\u00e9 Belu\u0161e, vystudovala herectv\u00ed, \u00fa\u010dinkovala v \u010desk\u00fdch filmech a seri\u00e1lech. Je autorkou dvou knih Najdu odvahu a V\u00edce odvahy, pr\u00e1v\u011b pracuje na t\u0159et\u00ed.<\/p>\n","protected":false},"excerpt":{"rendered":"<p>V\u011bnuje se filantropii a prost\u0159ednictv\u00edm vlastn\u00edch projekt\u016f, extr\u00e9mn\u00edch p\u0159eb\u011bh\u016f, vybrala na charitu miliony korun. Lenka Vacvalov\u00e1 je ultrab\u011b\u017ekyn\u011b, kter\u00e1 m\u00e1 [&hellip;]<\/p>\n","protected":false},"author":138,"featured_media":17058,"comment_status":"open","ping_status":"open","sticky":false,"template":"","format":"standard","meta":{"footnotes":""},"categories":[5],"tags":[126,2001,56,2400,9,43],"global-categories":[411],"class_list":["post-17056","post","type-post","status-publish","format-standard","has-post-thumbnail","hentry","category-zeny","tag-cyklistika","tag-gravel","tag-horska-cyklistika","tag-lenka-vacvalova","tag-silnicni-cyklistika","tag-zeny","global-categories-cycling"],"yoast_head":"<!-- This site is optimized with the Yoast SEO Premium plugin v25.3 (Yoast SEO v25.9) - https:\/\/yoast.com\/wordpress\/plugins\/seo\/ -->\n<title>Lenka Vacvalov\u00e1: C\u00edt\u00edm up\u0159\u00edmnou l\u00e1sku ke kolu | \u0160koda We Love Cycling - \u010cesk\u00e1 republika<\/title>\n<meta name=\"description\" content=\"V\u011bnuje se filantropii a d\u00edky vlastn\u00edm projekt\u016fm vybrala na charitu miliony. Lenka Vacvalov\u00e1 je ultrab\u011b\u017ekyn\u011b, kter\u00e1 propadla cyklistice.\" \/>\n<meta name=\"robots\" content=\"index, follow, max-snippet:-1, max-image-preview:large, max-video-preview:-1\" \/>\n<link rel=\"canonical\" href=\"https:\/\/www.welovecycling.com\/cs\/2022\/05\/15\/ultrabezkyne-lenka-vacvalova-citim-uprimnou-lasku-ke-kolu\/\" \/>\n<meta property=\"og:locale\" content=\"cs_CZ\" \/>\n<meta property=\"og:type\" content=\"article\" \/>\n<meta property=\"og:title\" content=\"Lenka Vacvalov\u00e1: C\u00edt\u00edm up\u0159\u00edmnou l\u00e1sku ke kolu\" \/>\n<meta property=\"og:description\" content=\"V\u011bnuje se filantropii a d\u00edky vlastn\u00edm projekt\u016fm vybrala na charitu miliony. Lenka Vacvalov\u00e1 je ultrab\u011b\u017ekyn\u011b, kter\u00e1 propadla cyklistice.\" \/>\n<meta property=\"og:url\" content=\"https:\/\/www.welovecycling.com\/cs\/2022\/05\/15\/ultrabezkyne-lenka-vacvalova-citim-uprimnou-lasku-ke-kolu\/\" \/>\n<meta property=\"og:site_name\" content=\"\u0160koda We Love Cycling - \u010cesk\u00e1 republika\" \/>\n<meta property=\"article:published_time\" content=\"2022-05-15T11:00:02+00:00\" \/>\n<meta property=\"article:modified_time\" content=\"2022-05-16T06:48:52+00:00\" \/>\n<meta property=\"og:image\" content=\"https:\/\/d2p6e6u75xmxt8.cloudfront.net\/13\/2022\/05\/lenkva-vacvalova-profimedia-0522556826.webp\" \/>\n\t<meta property=\"og:image:width\" content=\"1800\" \/>\n\t<meta property=\"og:image:height\" content=\"1200\" \/>\n\t<meta property=\"og:image:type\" content=\"image\/webp\" \/>\n<meta name=\"author\" content=\"radekmalina\" \/>\n<meta name=\"twitter:card\" content=\"summary_large_image\" \/>\n<meta name=\"twitter:label1\" content=\"Written by\" \/>\n\t<meta name=\"twitter:data1\" content=\"We Love Cycling\" \/>\n\t<meta name=\"twitter:label2\" content=\"Est. reading time\" \/>\n\t<meta name=\"twitter:data2\" content=\"5\" \/>\n<script type=\"application\/ld+json\" class=\"yoast-schema-graph\">{\"@context\":\"https:\/\/schema.org\",\"@graph\":[{\"@type\":\"WebPage\",\"@id\":\"https:\/\/www.welovecycling.com\/cs\/2022\/05\/15\/ultrabezkyne-lenka-vacvalova-citim-uprimnou-lasku-ke-kolu\/\",\"url\":\"https:\/\/www.welovecycling.com\/cs\/2022\/05\/15\/ultrabezkyne-lenka-vacvalova-citim-uprimnou-lasku-ke-kolu\/\",\"name\":\"Lenka Vacvalov\u00e1: C\u00edt\u00edm up\u0159\u00edmnou l\u00e1sku ke kolu | \u0160koda We Love Cycling - \u010cesk\u00e1 republika\",\"isPartOf\":{\"@id\":\"https:\/\/www.welovecycling.com\/cs\/#website\"},\"primaryImageOfPage\":{\"@id\":\"https:\/\/www.welovecycling.com\/cs\/2022\/05\/15\/ultrabezkyne-lenka-vacvalova-citim-uprimnou-lasku-ke-kolu\/#primaryimage\"},\"image\":{\"@id\":\"https:\/\/www.welovecycling.com\/cs\/2022\/05\/15\/ultrabezkyne-lenka-vacvalova-citim-uprimnou-lasku-ke-kolu\/#primaryimage\"},\"thumbnailUrl\":\"https:\/\/d2p6e6u75xmxt8.cloudfront.net\/13\/2022\/05\/lenkva-vacvalova-profimedia-0522556826.webp\",\"datePublished\":\"2022-05-15T11:00:02+00:00\",\"dateModified\":\"2022-05-16T06:48:52+00:00\",\"author\":{\"@id\":\"https:\/\/www.welovecycling.com\/cs\/#\/schema\/person\/d9eeb0a378f3a7e4a6d12d2b536b04b8\"},\"description\":\"V\u011bnuje se filantropii a d\u00edky vlastn\u00edm projekt\u016fm vybrala na charitu miliony. Lenka Vacvalov\u00e1 je ultrab\u011b\u017ekyn\u011b, kter\u00e1 propadla cyklistice.\",\"inLanguage\":\"cs\",\"potentialAction\":[{\"@type\":\"ReadAction\",\"target\":[\"https:\/\/www.welovecycling.com\/cs\/2022\/05\/15\/ultrabezkyne-lenka-vacvalova-citim-uprimnou-lasku-ke-kolu\/\"]}]},{\"@type\":\"ImageObject\",\"inLanguage\":\"cs\",\"@id\":\"https:\/\/www.welovecycling.com\/cs\/2022\/05\/15\/ultrabezkyne-lenka-vacvalova-citim-uprimnou-lasku-ke-kolu\/#primaryimage\",\"url\":\"https:\/\/d2p6e6u75xmxt8.cloudfront.net\/13\/2022\/05\/lenkva-vacvalova-profimedia-0522556826.webp\",\"contentUrl\":\"https:\/\/d2p6e6u75xmxt8.cloudfront.net\/13\/2022\/05\/lenkva-vacvalova-profimedia-0522556826.webp\",\"width\":1800,\"height\":1200,\"caption\":\"Kniha Iluze se 26. 5. 2020 k\u0159tila v pra\u017esk\u00e9 restauraci Ml\u00fdnec.,Image: 522556826, License: Rights-managed, Restrictions: , Model Release: no, Pictured: Lenka Vacvalov\u00e1, Credit line: Profimedia\"},{\"@type\":\"WebSite\",\"@id\":\"https:\/\/www.welovecycling.com\/cs\/#website\",\"url\":\"https:\/\/www.welovecycling.com\/cs\/\",\"name\":\"\u0160koda We Love Cycling - \u010cesk\u00e1 republika\",\"description\":\"WeLoveCycling.cz je online magaz\u00edn, kter\u00fd v\u00e1m pravideln\u011b p\u0159in\u00e1\u0161\u00ed rady a tipy, zaj\u00edmav\u00e9 \u010dl\u00e1nky, videa a jedine\u010dn\u00e9 report\u00e1\u017ee ze sv\u011bta cyklistiky.\",\"potentialAction\":[{\"@type\":\"SearchAction\",\"target\":{\"@type\":\"EntryPoint\",\"urlTemplate\":\"https:\/\/www.welovecycling.com\/cs\/?s={search_term_string}\"},\"query-input\":{\"@type\":\"PropertyValueSpecification\",\"valueRequired\":true,\"valueName\":\"search_term_string\"}}],\"inLanguage\":\"cs\"},{\"@type\":\"Person\",\"@id\":\"https:\/\/www.welovecycling.com\/cs\/#\/schema\/person\/d9eeb0a378f3a7e4a6d12d2b536b04b8\",\"name\":\"radekmalina\",\"image\":{\"@type\":\"ImageObject\",\"inLanguage\":\"cs\",\"@id\":\"https:\/\/www.welovecycling.com\/cs\/#\/schema\/person\/image\/\",\"url\":\"https:\/\/secure.gravatar.com\/avatar\/66994b632cb8c39a46b9f54afa3ae07201b678d32a54275b6f1c9ffec356bfc0?s=96&d=mm&r=g\",\"contentUrl\":\"https:\/\/secure.gravatar.com\/avatar\/66994b632cb8c39a46b9f54afa3ae07201b678d32a54275b6f1c9ffec356bfc0?s=96&d=mm&r=g\",\"caption\":\"radekmalina\"},\"url\":\"https:\/\/www.welovecycling.com\/cs\/author\/radekmalina\/\"}]}<\/script>\n<!-- \/ Yoast SEO Premium plugin. -->","yoast_head_json":{"title":"Lenka Vacvalov\u00e1: C\u00edt\u00edm up\u0159\u00edmnou l\u00e1sku ke kolu | \u0160koda We Love Cycling - \u010cesk\u00e1 republika","description":"V\u011bnuje se filantropii a d\u00edky vlastn\u00edm projekt\u016fm vybrala na charitu miliony. Lenka Vacvalov\u00e1 je ultrab\u011b\u017ekyn\u011b, kter\u00e1 propadla cyklistice.","robots":{"index":"index","follow":"follow","max-snippet":"max-snippet:-1","max-image-preview":"max-image-preview:large","max-video-preview":"max-video-preview:-1"},"canonical":"https:\/\/www.welovecycling.com\/cs\/2022\/05\/15\/ultrabezkyne-lenka-vacvalova-citim-uprimnou-lasku-ke-kolu\/","og_locale":"cs_CZ","og_type":"article","og_title":"Lenka Vacvalov\u00e1: C\u00edt\u00edm up\u0159\u00edmnou l\u00e1sku ke kolu","og_description":"V\u011bnuje se filantropii a d\u00edky vlastn\u00edm projekt\u016fm vybrala na charitu miliony. Lenka Vacvalov\u00e1 je ultrab\u011b\u017ekyn\u011b, kter\u00e1 propadla cyklistice.","og_url":"https:\/\/www.welovecycling.com\/cs\/2022\/05\/15\/ultrabezkyne-lenka-vacvalova-citim-uprimnou-lasku-ke-kolu\/","og_site_name":"\u0160koda We Love Cycling - \u010cesk\u00e1 republika","article_published_time":"2022-05-15T11:00:02+00:00","article_modified_time":"2022-05-16T06:48:52+00:00","og_image":[{"width":1800,"height":1200,"url":"https:\/\/d2p6e6u75xmxt8.cloudfront.net\/13\/2022\/05\/lenkva-vacvalova-profimedia-0522556826.webp","type":"image\/webp"}],"author":"radekmalina","twitter_card":"summary_large_image","twitter_misc":{"Written by":"We Love Cycling","Est. reading time":"5"},"schema":{"@context":"https:\/\/schema.org","@graph":[{"@type":"WebPage","@id":"https:\/\/www.welovecycling.com\/cs\/2022\/05\/15\/ultrabezkyne-lenka-vacvalova-citim-uprimnou-lasku-ke-kolu\/","url":"https:\/\/www.welovecycling.com\/cs\/2022\/05\/15\/ultrabezkyne-lenka-vacvalova-citim-uprimnou-lasku-ke-kolu\/","name":"Lenka Vacvalov\u00e1: C\u00edt\u00edm up\u0159\u00edmnou l\u00e1sku ke kolu | \u0160koda We Love Cycling - \u010cesk\u00e1 republika","isPartOf":{"@id":"https:\/\/www.welovecycling.com\/cs\/#website"},"primaryImageOfPage":{"@id":"https:\/\/www.welovecycling.com\/cs\/2022\/05\/15\/ultrabezkyne-lenka-vacvalova-citim-uprimnou-lasku-ke-kolu\/#primaryimage"},"image":{"@id":"https:\/\/www.welovecycling.com\/cs\/2022\/05\/15\/ultrabezkyne-lenka-vacvalova-citim-uprimnou-lasku-ke-kolu\/#primaryimage"},"thumbnailUrl":"https:\/\/d2p6e6u75xmxt8.cloudfront.net\/13\/2022\/05\/lenkva-vacvalova-profimedia-0522556826.webp","datePublished":"2022-05-15T11:00:02+00:00","dateModified":"2022-05-16T06:48:52+00:00","author":{"@id":"https:\/\/www.welovecycling.com\/cs\/#\/schema\/person\/d9eeb0a378f3a7e4a6d12d2b536b04b8"},"description":"V\u011bnuje se filantropii a d\u00edky vlastn\u00edm projekt\u016fm vybrala na charitu miliony. Lenka Vacvalov\u00e1 je ultrab\u011b\u017ekyn\u011b, kter\u00e1 propadla cyklistice.","inLanguage":"cs","potentialAction":[{"@type":"ReadAction","target":["https:\/\/www.welovecycling.com\/cs\/2022\/05\/15\/ultrabezkyne-lenka-vacvalova-citim-uprimnou-lasku-ke-kolu\/"]}]},{"@type":"ImageObject","inLanguage":"cs","@id":"https:\/\/www.welovecycling.com\/cs\/2022\/05\/15\/ultrabezkyne-lenka-vacvalova-citim-uprimnou-lasku-ke-kolu\/#primaryimage","url":"https:\/\/d2p6e6u75xmxt8.cloudfront.net\/13\/2022\/05\/lenkva-vacvalova-profimedia-0522556826.webp","contentUrl":"https:\/\/d2p6e6u75xmxt8.cloudfront.net\/13\/2022\/05\/lenkva-vacvalova-profimedia-0522556826.webp","width":1800,"height":1200,"caption":"Kniha Iluze se 26. 5. 2020 k\u0159tila v pra\u017esk\u00e9 restauraci Ml\u00fdnec.,Image: 522556826, License: Rights-managed, Restrictions: , Model Release: no, Pictured: Lenka Vacvalov\u00e1, Credit line: Profimedia"},{"@type":"WebSite","@id":"https:\/\/www.welovecycling.com\/cs\/#website","url":"https:\/\/www.welovecycling.com\/cs\/","name":"\u0160koda We Love Cycling - \u010cesk\u00e1 republika","description":"WeLoveCycling.cz je online magaz\u00edn, kter\u00fd v\u00e1m pravideln\u011b p\u0159in\u00e1\u0161\u00ed rady a tipy, zaj\u00edmav\u00e9 \u010dl\u00e1nky, videa a jedine\u010dn\u00e9 report\u00e1\u017ee ze sv\u011bta cyklistiky.","potentialAction":[{"@type":"SearchAction","target":{"@type":"EntryPoint","urlTemplate":"https:\/\/www.welovecycling.com\/cs\/?s={search_term_string}"},"query-input":{"@type":"PropertyValueSpecification","valueRequired":true,"valueName":"search_term_string"}}],"inLanguage":"cs"},{"@type":"Person","@id":"https:\/\/www.welovecycling.com\/cs\/#\/schema\/person\/d9eeb0a378f3a7e4a6d12d2b536b04b8","name":"radekmalina","image":{"@type":"ImageObject","inLanguage":"cs","@id":"https:\/\/www.welovecycling.com\/cs\/#\/schema\/person\/image\/","url":"https:\/\/secure.gravatar.com\/avatar\/66994b632cb8c39a46b9f54afa3ae07201b678d32a54275b6f1c9ffec356bfc0?s=96&d=mm&r=g","contentUrl":"https:\/\/secure.gravatar.com\/avatar\/66994b632cb8c39a46b9f54afa3ae07201b678d32a54275b6f1c9ffec356bfc0?s=96&d=mm&r=g","caption":"radekmalina"},"url":"https:\/\/www.welovecycling.com\/cs\/author\/radekmalina\/"}]}},"_links":{"self":[{"href":"https:\/\/www.welovecycling.com\/cs\/wp-json\/wp\/v2\/posts\/17056","targetHints":{"allow":["GET"]}}],"collection":[{"href":"https:\/\/www.welovecycling.com\/cs\/wp-json\/wp\/v2\/posts"}],"about":[{"href":"https:\/\/www.welovecycling.com\/cs\/wp-json\/wp\/v2\/types\/post"}],"author":[{"embeddable":true,"href":"https:\/\/www.welovecycling.com\/cs\/wp-json\/wp\/v2\/users\/138"}],"replies":[{"embeddable":true,"href":"https:\/\/www.welovecycling.com\/cs\/wp-json\/wp\/v2\/comments?post=17056"}],"version-history":[{"count":2,"href":"https:\/\/www.welovecycling.com\/cs\/wp-json\/wp\/v2\/posts\/17056\/revisions"}],"predecessor-version":[{"id":17063,"href":"https:\/\/www.welovecycling.com\/cs\/wp-json\/wp\/v2\/posts\/17056\/revisions\/17063"}],"wp:featuredmedia":[{"embeddable":true,"href":"https:\/\/www.welovecycling.com\/cs\/wp-json\/wp\/v2\/media\/17058"}],"wp:attachment":[{"href":"https:\/\/www.welovecycling.com\/cs\/wp-json\/wp\/v2\/media?parent=17056"}],"wp:term":[{"taxonomy":"category","embeddable":true,"href":"https:\/\/www.welovecycling.com\/cs\/wp-json\/wp\/v2\/categories?post=17056"},{"taxonomy":"post_tag","embeddable":true,"href":"https:\/\/www.welovecycling.com\/cs\/wp-json\/wp\/v2\/tags?post=17056"},{"taxonomy":"global-categories","embeddable":true,"href":"https:\/\/www.welovecycling.com\/cs\/wp-json\/wp\/v2\/global-categories?post=17056"}],"curies":[{"name":"wp","href":"https:\/\/api.w.org\/{rel}","templated":true}]}}