{"id":16910,"date":"2022-05-11T19:50:53","date_gmt":"2022-05-11T17:50:53","guid":{"rendered":"https:\/\/www.welovecycling.com\/cs\/?p=16910"},"modified":"2022-05-12T16:48:09","modified_gmt":"2022-05-12T14:48:09","slug":"probud-v-sobe-viteze","status":"publish","type":"post","link":"https:\/\/www.welovecycling.com\/cs\/2022\/05\/11\/probud-v-sobe-viteze\/","title":{"rendered":"Probu\u010f v\u00a0sob\u011b v\u00edt\u011bze!"},"content":{"rendered":"<p><strong>Z\u00e1vod \u0161ampion\u016f. Nejlep\u0161\u00ed z\u00a0nejlep\u0161\u00edch. U\u017e jen nominace je vyznamen\u00e1n\u00edm. To je Tour de France, nejslavn\u011bj\u0161\u00ed cyklistick\u00e1 bitva planety. A L\u2019Etape Czech Republic by Tour de France, z\u00e1vod pro ve\u0159ejnost pod hlavi\u010dkou organiz\u00e1tora Grande Boucle, nen\u00ed nic jin\u00e9ho. Jen jde o bitvu v\u00a0jeden den. Bitvu s\u00a0vlastn\u00edmi mo\u017enostmi, vlastn\u00edm sebev\u011bdom\u00edm, vlastn\u00edm odhodl\u00e1n\u00edm. Proto\u017ee ka\u017ed\u00fd, kdo se postav\u00ed v\u00fdzv\u011b s\u00a0p\u0159\u00edvlastkem Tour de France, je v\u00edt\u011bz.<\/strong><\/p>\n<p>Probu\u010f v\u00a0sob\u011b v\u00edt\u011bze!<\/p>\n<p>A\u017e ze Strahova 11. \u010dervna vyraz\u00ed vst\u0159\u00edc kilometr\u016fm druh\u00e9ho ro\u010dn\u00edku L\u2019Etape Czech Republic by Tour de France 2022 peloton \u010d\u00edtaj\u00edc\u00ed bezm\u00e1la dva tis\u00edce cyklist\u016f, bu\u010fte u toho. Nepromarn\u011bte \u0161anci. Nedovolte, abyste si pozd\u011bji vy\u010d\u00edtali, \u017ee v\u00e1s p\u0159emohl strach. Probu\u010fte v\u00a0sob\u011b v\u00edt\u011bze.<\/p>\n<h2><strong>Petr Lexa a Evel\u00edna Opi\u010dkov\u00e1 v barv\u00e1ch We Love Cycling<\/strong><\/h2>\n<p>Stejn\u011b jako dv\u011b osobnosti, kter\u00e9 pojedou L\u2019Etape Czech Republic by Tour de France 2022 v\u00a0dresu We Love Cycling.<\/p>\n<p>Petr Lexa.<\/p>\n<p>Evel\u00edna Opi\u010dkov\u00e1.<\/p>\n<p>Oba miluj\u00ed cyklistiku. Ale b\u011bh \u017eivotn\u00edch ud\u00e1lost\u00ed si s\u00a0ob\u011bma notn\u011b pohr\u00e1l. Petr Lexa v\u00a0minulosti v\u00a0sedle bicyklu tr\u00e1vil hodiny t\u00fddn\u011b. Kolo bylo sou\u010d\u00e1st\u00ed jeho \u017eivota.<\/p>\n<figure id=\"attachment_16912\" aria-describedby=\"caption-attachment-16912\" style=\"width: 2560px\" class=\"wp-caption alignnone\"><a href=\"https:\/\/d2p6e6u75xmxt8.cloudfront.net\/13\/2022\/05\/lexa-WLC_nataceni_BTS-113-scaled.jpg\"><img loading=\"lazy\" decoding=\"async\" class=\"size-full wp-image-16912\" src=\"https:\/\/d2p6e6u75xmxt8.cloudfront.net\/13\/2022\/05\/lexa-WLC_nataceni_BTS-113-scaled.jpg\" alt=\"Probu\u010f v sob\u011b v\u00edt\u011bze! Petr Lexa se chyst\u00e1 na z\u00e1vod \" width=\"2560\" height=\"1703\" \/><\/a><figcaption id=\"caption-attachment-16912\" class=\"wp-caption-text\"><em>Probu\u010f v sob\u011b v\u00edt\u011bze! Petr Lexa se chyst\u00e1 na z\u00e1vod L\u2019Etape Czech Republic.<\/em><\/figcaption><\/figure>\n<p>\u201eDokud jsem bydlel mimo velkom\u011bsto, m\u011bl jsem na cyklistiku dostatek \u010dasu. Ale kdy\u017e jsem se p\u0159est\u011bhoval, kolo mi le\u017eelo pomalu deset let na balk\u00f3n\u011b,\u201c vypravuje zp\u011bv\u00e1k a frontman kapely Slza.<\/p>\n<div class=\"shortcode-ys-post-pinup\"><article class=\"loop-simple post-15448 post type-post status-publish format-standard has-post-thumbnail hentry category-silnicni-cyklistika tag-cyklistika tag-krivoklatske-peklo tag-letape-czech-republic-by-tour-de-france-2022 tag-lasovice tag-nizbor tag-pustovety tag-silnicni-cyklistika tag-spiritka tag-sykorice tag-tour-de-france tag-vsetaty global-categories-cycling\" data-postid=\"15448\" role=\"article\" data-post-id=\"15448\" data-word-count=\"869\" data-headline-length=\"53\" data-category=\"Silni\u010dn\u00ed cyklistika\" data-global-category=\"Cycling\" data-author=\"We Love Cycling\" data-published=\"2021-12-14T19:00:32+02:00\" data-published-day=\"Tuesday\">\n    <div class=\"entry-thumbnail article-thumbnail\" content=\"https:\/\/d2p6e6u75xmxt8.cloudfront.net\/13\/2021\/12\/l-etape-PROFIL_LONG_ROUTE-2022-150x150.webp\"><a href=\"https:\/\/www.welovecycling.com\/cs\/2021\/12\/14\/kopce-letape-czech-republic-by-tour-de-france-2022\/\" class=\"image-holder\" target=\"_self\"><img decoding=\"async\" loading=\"lazy\" class=\"\" src=\"https:\/\/d2p6e6u75xmxt8.cloudfront.net\/13\/2021\/12\/l-etape-PROFIL_LONG_ROUTE-2022-1024x723.webp\" srcset=\"https:\/\/d2p6e6u75xmxt8.cloudfront.net\/13\/2021\/12\/l-etape-PROFIL_LONG_ROUTE-2022.webp 2414w, https:\/\/d2p6e6u75xmxt8.cloudfront.net\/13\/2021\/12\/l-etape-PROFIL_LONG_ROUTE-2022-300x212.webp 300w, https:\/\/d2p6e6u75xmxt8.cloudfront.net\/13\/2021\/12\/l-etape-PROFIL_LONG_ROUTE-2022-1024x723.webp 1024w, https:\/\/d2p6e6u75xmxt8.cloudfront.net\/13\/2021\/12\/l-etape-PROFIL_LONG_ROUTE-2022-768x542.webp 768w, https:\/\/d2p6e6u75xmxt8.cloudfront.net\/13\/2021\/12\/l-etape-PROFIL_LONG_ROUTE-2022-1536x1084.webp 1536w, https:\/\/d2p6e6u75xmxt8.cloudfront.net\/13\/2021\/12\/l-etape-PROFIL_LONG_ROUTE-2022-2048x1446.webp 2048w, https:\/\/d2p6e6u75xmxt8.cloudfront.net\/13\/2021\/12\/l-etape-PROFIL_LONG_ROUTE-2022-1920x1355.webp 1920w, https:\/\/d2p6e6u75xmxt8.cloudfront.net\/13\/2021\/12\/l-etape-PROFIL_LONG_ROUTE-2022-1920x1355.webp 1920w\" width=\"1024\" height=\"723\" sizes=\"auto, (min-width: 1200px) 300px, (min-width: 768px) 25vw, 100vw\" alt=\"kopce-letape-czech-republic-by-tour-de-france-2022\"\/><\/a><\/div>    <div class=\"entry-meta\">\n        <a class=\"label label-secondary post-category\" href=\"https:\/\/www.welovecycling.com\/cs\/category\/silnicni-cyklistika\/\" title=\"Silni\u010dn\u00ed cyklistika\">Silni\u010dn\u00ed cyklistika<\/a>\n    <\/div>\n    <div class=\"entry-details\">\n        <a href=\"https:\/\/www.welovecycling.com\/cs\/2021\/12\/14\/kopce-letape-czech-republic-by-tour-de-france-2022\/\" class='entry-title-wrapper'>\n            <h3 class=\"entry-title\"><span>Kopce L\u2019Etape Czech Republic by Tour de France 2022<\/span><\/h3>\n        <\/a>\n    <\/div>\n    <\/article>\n<\/div>\n<p>Evel\u00edna Opi\u010dkov\u00e1 se v\u00a0sedle kola dostala do \u017eivotn\u00ed formy. A pl\u00e1novala cyklistick\u00fd p\u0159estup, j\u00edm\u017e by se p\u0159ibl\u00ed\u017eila nejvy\u0161\u0161\u00ed \u00farovni. Jen\u017ee zran\u011bn\u00ed p\u00e1te\u0159e jej\u00ed rozlet p\u0159ibrzdilo. Sedmadvacetilet\u00e1 bojovnice se v\u0161ak nevzdala. A L\u2019Etape Czech Republic pro ni p\u0159edstavuje v\u00fdzvu. Stejn\u011b jako pro Petra Lexu. \u201eR\u00e1d poko\u0159uji s\u00e1m sebe. M\u00e1m r\u00e1d velk\u00e9 v\u00fdzvy, kdy se mus\u00edm hecnout. L\u2019Etape je hezk\u00fdm d\u016fvodem, pro\u010d zase za\u010d\u00edt jezdit a makat,\u201c \u0159\u00edk\u00e1 Petr Lexa.<\/p>\n<h2><strong>Absolvovali testy, probouz\u00ed v sob\u011b v\u00edt\u011bze<\/strong><\/h2>\n<p>Evel\u00edna Opi\u010dkov\u00e1 se postav\u00ed na start trasy dlouh\u00e9 136 kilometr\u016f s\u00a0p\u0159ev\u00fd\u0161en\u00edm 1900 metr\u016f. Poko\u0159\u00ed nejt\u011b\u017e\u0161\u00ed kopce St\u0159edo\u010desk\u00e9ho kraje v\u00a0\u010dele s\u00a0ob\u00e1van\u00fdm k\u0159ivokl\u00e1tsk\u00fdm pav\u00e9 kolem jednoho z\u00a0nejzn\u00e1m\u011bj\u0161\u00edch tuzemsk\u00fdch st\u0159edov\u011bk\u00fdch hrad\u016f.<\/p>\n<figure id=\"attachment_16916\" aria-describedby=\"caption-attachment-16916\" style=\"width: 2560px\" class=\"wp-caption alignnone\"><a href=\"https:\/\/d2p6e6u75xmxt8.cloudfront.net\/13\/2022\/05\/opickova-WLC_nataceni_EVI-74-scaled.jpg\"><img loading=\"lazy\" decoding=\"async\" class=\"size-full wp-image-16916\" src=\"https:\/\/d2p6e6u75xmxt8.cloudfront.net\/13\/2022\/05\/opickova-WLC_nataceni_EVI-74-scaled.jpg\" alt=\"Probu\u010f v sob\u011b v\u00edt\u011bze! \" width=\"2560\" height=\"1703\" \/><\/a><figcaption id=\"caption-attachment-16916\" class=\"wp-caption-text\"><em>Probu\u010f v sob\u011b v\u00edt\u011bze! Evel\u00edna Opi\u010dkov\u00e1 b\u011bhem test\u016f v Centru sportovn\u00ed medic\u00edny.<\/em><\/figcaption><\/figure>\n<p>Petr Lexa po dlouh\u00e9 pauze p\u0159ijal v\u00fdzvu v\u00a0podob\u011b kr\u00e1tk\u00e9 trasy dlouh\u00e9 91 kilometr\u016f s\u00a0p\u0159ev\u00fd\u0161en\u00edm 1000 metr\u016f, kter\u00e1 se pro\u017eene kolem z\u00e1mku D\u0159ev\u00ed\u010d Karla Schwarzenberga a zahrnuje i ob\u00e1van\u00e9 stoup\u00e1n\u00ed ze \u017dlubince do Chy\u0148avy.<\/p>\n<p>V\u00a0r\u00e1mci p\u0159\u00edpravy absolvovali z\u00e1t\u011b\u017eov\u00e9 testy v\u00a0Centru sportovn\u00ed medic\u00edny. Oba poznali stav sv\u00e9 fyzick\u00e9 kondice. A te\u010f pracuj\u00ed na pokroku. Probouz\u00ed v\u00a0sob\u011b v\u00edt\u011bze! Aby dok\u00e1zali poko\u0159it v\u00fdzvu, kter\u00e9 se postavili.<\/p>\n<h2><strong>Pod dozorem paralympijsk\u00e9ho \u0161ampiona<\/strong><\/h2>\n<p>I za pomoci Ji\u0159\u00edho Je\u017eka. \u0160estin\u00e1sobn\u00e9ho paralympijsk\u00e9ho \u0161ampiona v\u00a0cyklistice, n\u011bkolikan\u00e1sobn\u00e9ho sv\u011btov\u00e9ho \u0161ampiona v\u00a0paracyklistice na silnici i dr\u00e1ze. B\u00fdval\u00fd profesion\u00e1l p\u0159evzal nad ob\u011bma tv\u00e1\u0159emi projektu Probu\u010f v\u00a0sob\u011b v\u00edt\u011bze tren\u00e9rskou z\u00e1\u0161titu.<\/p>\n<p>I proto, \u017ee L\u2019Etape Czech Republic by Tour de France se jede v\u00a0jeho rev\u00edru. Po silni\u010dk\u00e1ch z\u00e1padn\u00ed \u010d\u00e1sti St\u0159edo\u010desk\u00e9ho kraje, kter\u00fd je p\u00e1r let jeho domovem a v\u00a0n\u011bm\u017e ladil formu na cest\u011b ke zlat\u00fdm medail\u00edm.<\/p>\n<figure id=\"attachment_16921\" aria-describedby=\"caption-attachment-16921\" style=\"width: 2560px\" class=\"wp-caption alignnone\"><a href=\"https:\/\/d2p6e6u75xmxt8.cloudfront.net\/13\/2022\/05\/probud-viteze-WLC_nataceni_BTS-105-scaled.jpg\"><img loading=\"lazy\" decoding=\"async\" class=\"size-full wp-image-16921\" src=\"https:\/\/d2p6e6u75xmxt8.cloudfront.net\/13\/2022\/05\/probud-viteze-WLC_nataceni_BTS-105-scaled.jpg\" alt=\"Probu\u010f v sob\u011b v\u00edt\u011bze\" width=\"2560\" height=\"1703\" \/><\/a><figcaption id=\"caption-attachment-16921\" class=\"wp-caption-text\"><em>Probu\u010f v sob\u011b v\u00edt\u011bze! Ji\u0159\u00ed Je\u017eek a jeho sv\u011b\u0159enci Evel\u00edna Opi\u010dkov\u00e1 a Petr Lexa.<\/em><\/figcaption><\/figure>\n<p>Petr Lexa ani Evel\u00edna Opi\u010dkov\u00e1 nesn\u00ed o medail\u00edch z\u00a0nejv\u011bt\u0161\u00ed cyklistick\u00e9 akce pro amat\u00e9ry v\u00a0tuzemsku. P\u0159ijali v\u00fdzvu jm\u00e9na nejslavn\u011bj\u0161\u00edho z\u00e1vodu planety. V\u00fdzvu Tour de France. V\u00fdzvu L\u2019Etape Czech Republic.<\/p>\n<div class=\"shortcode-ys-post-pinup\"><article class=\"loop-simple post-16708 post type-post status-publish format-standard has-post-thumbnail hentry category-letape-czech-republic tag-cyklistika tag-letape-czech-republic-by-tour-de-france-2022 tag-letape-czech-republic-2022 tag-letape-czech-republic-by-tour-de-france tag-profil-letape-czech-republic-2022 tag-silnicni-cyklistika tag-trasa-letape-czech-republic-by-tour-de-france-2022 tag-trat-letape-czech-republic-by-tour-de-france-2022 tag-vojtech-hacecky global-categories-cycling\" data-postid=\"16708\" role=\"article\" data-post-id=\"16708\" data-word-count=\"1115\" data-headline-length=\"93\" data-category=\"L&#039;Etape Czech Republic\" data-global-category=\"Cycling\" data-author=\"We Love Cycling\" data-published=\"2022-04-22T07:00:44+02:00\" data-published-day=\"Friday\">\n    <div class=\"entry-thumbnail article-thumbnail\" content=\"https:\/\/d2p6e6u75xmxt8.cloudfront.net\/13\/2021\/12\/l-etape-PROFIL_LONG_ROUTE-2022-150x150.webp\"><a href=\"https:\/\/www.welovecycling.com\/cs\/2022\/04\/22\/letape-czech-republic-2022-hodne-korenena-smes-vrcharske-driny-a-jizdy-na-vetru\/\" class=\"image-holder\" target=\"_self\"><img decoding=\"async\" loading=\"lazy\" class=\"\" src=\"https:\/\/d2p6e6u75xmxt8.cloudfront.net\/13\/2021\/12\/l-etape-PROFIL_LONG_ROUTE-2022-1024x723.webp\" srcset=\"https:\/\/d2p6e6u75xmxt8.cloudfront.net\/13\/2021\/12\/l-etape-PROFIL_LONG_ROUTE-2022.webp 2414w, https:\/\/d2p6e6u75xmxt8.cloudfront.net\/13\/2021\/12\/l-etape-PROFIL_LONG_ROUTE-2022-300x212.webp 300w, https:\/\/d2p6e6u75xmxt8.cloudfront.net\/13\/2021\/12\/l-etape-PROFIL_LONG_ROUTE-2022-1024x723.webp 1024w, https:\/\/d2p6e6u75xmxt8.cloudfront.net\/13\/2021\/12\/l-etape-PROFIL_LONG_ROUTE-2022-768x542.webp 768w, https:\/\/d2p6e6u75xmxt8.cloudfront.net\/13\/2021\/12\/l-etape-PROFIL_LONG_ROUTE-2022-1536x1084.webp 1536w, https:\/\/d2p6e6u75xmxt8.cloudfront.net\/13\/2021\/12\/l-etape-PROFIL_LONG_ROUTE-2022-2048x1446.webp 2048w, https:\/\/d2p6e6u75xmxt8.cloudfront.net\/13\/2021\/12\/l-etape-PROFIL_LONG_ROUTE-2022-1920x1355.webp 1920w, https:\/\/d2p6e6u75xmxt8.cloudfront.net\/13\/2021\/12\/l-etape-PROFIL_LONG_ROUTE-2022-1920x1355.webp 1920w\" width=\"1024\" height=\"723\" sizes=\"auto, (min-width: 1200px) 300px, (min-width: 768px) 25vw, 100vw\" alt=\"letape-czech-republic-2022-hodne-korenena-smes-vrcharske-driny-a-jizdy-na-vetru\"\/><\/a><\/div>    <div class=\"entry-meta\">\n        <a class=\"label label-secondary post-category\" href=\"https:\/\/www.welovecycling.com\/cs\/category\/letape-czech-republic\/\" title=\"L'Etape Czech Republic\">L'Etape Czech Republic<\/a>\n    <\/div>\n    <div class=\"entry-details\">\n        <a href=\"https:\/\/www.welovecycling.com\/cs\/2022\/04\/22\/letape-czech-republic-2022-hodne-korenena-smes-vrcharske-driny-a-jizdy-na-vetru\/\" class='entry-title-wrapper'>\n            <h3 class=\"entry-title\"><span>L\u2019Etape Czech Republic 2022: hodn\u011b ko\u0159en\u011bn\u00e1 sm\u011bs vrcha\u0159sk\u00e9 d\u0159iny a j\u00edzdy na v\u011btru<\/span><\/h3>\n        <\/a>\n    <\/div>\n    <\/article>\n<\/div>\n<p>Probouz\u00ed v\u00a0sob\u011b v\u00edt\u011bze. Nechte se inspirovat. Proto\u017ee ka\u017ed\u00fd, kdo poko\u0159\u00ed trasu L\u2019Etape Czech Republic bude v\u00edt\u011bz.<\/p>\n","protected":false},"excerpt":{"rendered":"<p>Z\u00e1vod \u0161ampion\u016f. Nejlep\u0161\u00ed z\u00a0nejlep\u0161\u00edch. U\u017e jen nominace je vyznamen\u00e1n\u00edm. To je Tour de France, nejslavn\u011bj\u0161\u00ed cyklistick\u00e1 bitva planety. A L\u2019Etape [&hellip;]<\/p>\n","protected":false},"author":138,"featured_media":16913,"comment_status":"open","ping_status":"open","sticky":false,"template":"","format":"standard","meta":{"footnotes":""},"categories":[1564],"tags":[126,2398,2352,1090,2397,2399,9,27,67],"global-categories":[411],"class_list":["post-16910","post","type-post","status-publish","format-standard","has-post-thumbnail","hentry","category-letape-czech-republic","tag-cyklistika","tag-evelina-opickova","tag-letape-czech-republic-2022","tag-letape-czech-republic-by-tour-de-france","tag-petr-lexa","tag-probud-v-sobe-viteze","tag-silnicni-cyklistika","tag-trenink","tag-zdravi-a-trenink","global-categories-cycling"],"yoast_head":"<!-- This site is optimized with the Yoast SEO Premium plugin v25.3 (Yoast SEO v25.9) - https:\/\/yoast.com\/wordpress\/plugins\/seo\/ -->\n<title>Probu\u010f v\u00a0sob\u011b v\u00edt\u011bze! | \u0160koda We Love Cycling - \u010cesk\u00e1 republika<\/title>\n<meta name=\"description\" content=\"L\u2019Etape Czech Republic 2022. Ka\u017ed\u00fd, kdo se postav\u00ed v\u00fdzv\u011b s\u00a0p\u0159\u00edvlastkem Tour de France, je v\u00edt\u011bz. Probu\u010f v sob\u011b v\u00edt\u011bze!\" \/>\n<meta name=\"robots\" content=\"index, follow, max-snippet:-1, max-image-preview:large, max-video-preview:-1\" \/>\n<link rel=\"canonical\" href=\"https:\/\/www.welovecycling.com\/cs\/2022\/05\/11\/probud-v-sobe-viteze\/\" \/>\n<meta property=\"og:locale\" content=\"cs_CZ\" \/>\n<meta property=\"og:type\" content=\"article\" \/>\n<meta property=\"og:title\" content=\"Probu\u010f v\u00a0sob\u011b v\u00edt\u011bze!\" \/>\n<meta property=\"og:description\" content=\"L\u2019Etape Czech Republic 2022. Ka\u017ed\u00fd, kdo se postav\u00ed v\u00fdzv\u011b s\u00a0p\u0159\u00edvlastkem Tour de France, je v\u00edt\u011bz. Probu\u010f v sob\u011b v\u00edt\u011bze!\" \/>\n<meta property=\"og:url\" content=\"https:\/\/www.welovecycling.com\/cs\/2022\/05\/11\/probud-v-sobe-viteze\/\" \/>\n<meta property=\"og:site_name\" content=\"\u0160koda We Love Cycling - \u010cesk\u00e1 republika\" \/>\n<meta property=\"article:published_time\" content=\"2022-05-11T17:50:53+00:00\" \/>\n<meta property=\"article:modified_time\" content=\"2022-05-12T14:48:09+00:00\" \/>\n<meta property=\"og:image\" content=\"https:\/\/d2p6e6u75xmxt8.cloudfront.net\/13\/2022\/05\/lexa-WLC_nataceni_petr-151-scaled.webp\" \/>\n\t<meta property=\"og:image:width\" content=\"2560\" \/>\n\t<meta property=\"og:image:height\" content=\"1703\" \/>\n\t<meta property=\"og:image:type\" content=\"image\/webp\" \/>\n<meta name=\"author\" content=\"radekmalina\" \/>\n<meta name=\"twitter:card\" content=\"summary_large_image\" \/>\n<meta name=\"twitter:label1\" content=\"Written by\" \/>\n\t<meta name=\"twitter:data1\" content=\"We Love Cycling\" \/>\n\t<meta name=\"twitter:label2\" content=\"Est. reading time\" \/>\n\t<meta name=\"twitter:data2\" content=\"7\" \/>\n<script type=\"application\/ld+json\" class=\"yoast-schema-graph\">{\"@context\":\"https:\/\/schema.org\",\"@graph\":[{\"@type\":\"WebPage\",\"@id\":\"https:\/\/www.welovecycling.com\/cs\/2022\/05\/11\/probud-v-sobe-viteze\/\",\"url\":\"https:\/\/www.welovecycling.com\/cs\/2022\/05\/11\/probud-v-sobe-viteze\/\",\"name\":\"Probu\u010f v\u00a0sob\u011b v\u00edt\u011bze! | \u0160koda We Love Cycling - \u010cesk\u00e1 republika\",\"isPartOf\":{\"@id\":\"https:\/\/www.welovecycling.com\/cs\/#website\"},\"primaryImageOfPage\":{\"@id\":\"https:\/\/www.welovecycling.com\/cs\/2022\/05\/11\/probud-v-sobe-viteze\/#primaryimage\"},\"image\":{\"@id\":\"https:\/\/www.welovecycling.com\/cs\/2022\/05\/11\/probud-v-sobe-viteze\/#primaryimage\"},\"thumbnailUrl\":\"https:\/\/d2p6e6u75xmxt8.cloudfront.net\/13\/2022\/05\/lexa-WLC_nataceni_petr-151-scaled.webp\",\"datePublished\":\"2022-05-11T17:50:53+00:00\",\"dateModified\":\"2022-05-12T14:48:09+00:00\",\"author\":{\"@id\":\"https:\/\/www.welovecycling.com\/cs\/#\/schema\/person\/d9eeb0a378f3a7e4a6d12d2b536b04b8\"},\"description\":\"L\u2019Etape Czech Republic 2022. Ka\u017ed\u00fd, kdo se postav\u00ed v\u00fdzv\u011b s\u00a0p\u0159\u00edvlastkem Tour de France, je v\u00edt\u011bz. Probu\u010f v sob\u011b v\u00edt\u011bze!\",\"inLanguage\":\"cs\",\"potentialAction\":[{\"@type\":\"ReadAction\",\"target\":[\"https:\/\/www.welovecycling.com\/cs\/2022\/05\/11\/probud-v-sobe-viteze\/\"]}]},{\"@type\":\"ImageObject\",\"inLanguage\":\"cs\",\"@id\":\"https:\/\/www.welovecycling.com\/cs\/2022\/05\/11\/probud-v-sobe-viteze\/#primaryimage\",\"url\":\"https:\/\/d2p6e6u75xmxt8.cloudfront.net\/13\/2022\/05\/lexa-WLC_nataceni_petr-151-scaled.webp\",\"contentUrl\":\"https:\/\/d2p6e6u75xmxt8.cloudfront.net\/13\/2022\/05\/lexa-WLC_nataceni_petr-151-scaled.webp\",\"width\":2560,\"height\":1703},{\"@type\":\"WebSite\",\"@id\":\"https:\/\/www.welovecycling.com\/cs\/#website\",\"url\":\"https:\/\/www.welovecycling.com\/cs\/\",\"name\":\"\u0160koda We Love Cycling - \u010cesk\u00e1 republika\",\"description\":\"WeLoveCycling.cz je online magaz\u00edn, kter\u00fd v\u00e1m pravideln\u011b p\u0159in\u00e1\u0161\u00ed rady a tipy, zaj\u00edmav\u00e9 \u010dl\u00e1nky, videa a jedine\u010dn\u00e9 report\u00e1\u017ee ze sv\u011bta cyklistiky.\",\"potentialAction\":[{\"@type\":\"SearchAction\",\"target\":{\"@type\":\"EntryPoint\",\"urlTemplate\":\"https:\/\/www.welovecycling.com\/cs\/?s={search_term_string}\"},\"query-input\":{\"@type\":\"PropertyValueSpecification\",\"valueRequired\":true,\"valueName\":\"search_term_string\"}}],\"inLanguage\":\"cs\"},{\"@type\":\"Person\",\"@id\":\"https:\/\/www.welovecycling.com\/cs\/#\/schema\/person\/d9eeb0a378f3a7e4a6d12d2b536b04b8\",\"name\":\"radekmalina\",\"image\":{\"@type\":\"ImageObject\",\"inLanguage\":\"cs\",\"@id\":\"https:\/\/www.welovecycling.com\/cs\/#\/schema\/person\/image\/\",\"url\":\"https:\/\/secure.gravatar.com\/avatar\/66994b632cb8c39a46b9f54afa3ae07201b678d32a54275b6f1c9ffec356bfc0?s=96&d=mm&r=g\",\"contentUrl\":\"https:\/\/secure.gravatar.com\/avatar\/66994b632cb8c39a46b9f54afa3ae07201b678d32a54275b6f1c9ffec356bfc0?s=96&d=mm&r=g\",\"caption\":\"radekmalina\"},\"url\":\"https:\/\/www.welovecycling.com\/cs\/author\/radekmalina\/\"}]}<\/script>\n<!-- \/ Yoast SEO Premium plugin. -->","yoast_head_json":{"title":"Probu\u010f v\u00a0sob\u011b v\u00edt\u011bze! | \u0160koda We Love Cycling - \u010cesk\u00e1 republika","description":"L\u2019Etape Czech Republic 2022. Ka\u017ed\u00fd, kdo se postav\u00ed v\u00fdzv\u011b s\u00a0p\u0159\u00edvlastkem Tour de France, je v\u00edt\u011bz. Probu\u010f v sob\u011b v\u00edt\u011bze!","robots":{"index":"index","follow":"follow","max-snippet":"max-snippet:-1","max-image-preview":"max-image-preview:large","max-video-preview":"max-video-preview:-1"},"canonical":"https:\/\/www.welovecycling.com\/cs\/2022\/05\/11\/probud-v-sobe-viteze\/","og_locale":"cs_CZ","og_type":"article","og_title":"Probu\u010f v\u00a0sob\u011b v\u00edt\u011bze!","og_description":"L\u2019Etape Czech Republic 2022. Ka\u017ed\u00fd, kdo se postav\u00ed v\u00fdzv\u011b s\u00a0p\u0159\u00edvlastkem Tour de France, je v\u00edt\u011bz. Probu\u010f v sob\u011b v\u00edt\u011bze!","og_url":"https:\/\/www.welovecycling.com\/cs\/2022\/05\/11\/probud-v-sobe-viteze\/","og_site_name":"\u0160koda We Love Cycling - \u010cesk\u00e1 republika","article_published_time":"2022-05-11T17:50:53+00:00","article_modified_time":"2022-05-12T14:48:09+00:00","og_image":[{"width":2560,"height":1703,"url":"https:\/\/d2p6e6u75xmxt8.cloudfront.net\/13\/2022\/05\/lexa-WLC_nataceni_petr-151-scaled.webp","type":"image\/webp"}],"author":"radekmalina","twitter_card":"summary_large_image","twitter_misc":{"Written by":"We Love Cycling","Est. reading time":"7"},"schema":{"@context":"https:\/\/schema.org","@graph":[{"@type":"WebPage","@id":"https:\/\/www.welovecycling.com\/cs\/2022\/05\/11\/probud-v-sobe-viteze\/","url":"https:\/\/www.welovecycling.com\/cs\/2022\/05\/11\/probud-v-sobe-viteze\/","name":"Probu\u010f v\u00a0sob\u011b v\u00edt\u011bze! | \u0160koda We Love Cycling - \u010cesk\u00e1 republika","isPartOf":{"@id":"https:\/\/www.welovecycling.com\/cs\/#website"},"primaryImageOfPage":{"@id":"https:\/\/www.welovecycling.com\/cs\/2022\/05\/11\/probud-v-sobe-viteze\/#primaryimage"},"image":{"@id":"https:\/\/www.welovecycling.com\/cs\/2022\/05\/11\/probud-v-sobe-viteze\/#primaryimage"},"thumbnailUrl":"https:\/\/d2p6e6u75xmxt8.cloudfront.net\/13\/2022\/05\/lexa-WLC_nataceni_petr-151-scaled.webp","datePublished":"2022-05-11T17:50:53+00:00","dateModified":"2022-05-12T14:48:09+00:00","author":{"@id":"https:\/\/www.welovecycling.com\/cs\/#\/schema\/person\/d9eeb0a378f3a7e4a6d12d2b536b04b8"},"description":"L\u2019Etape Czech Republic 2022. Ka\u017ed\u00fd, kdo se postav\u00ed v\u00fdzv\u011b s\u00a0p\u0159\u00edvlastkem Tour de France, je v\u00edt\u011bz. Probu\u010f v sob\u011b v\u00edt\u011bze!","inLanguage":"cs","potentialAction":[{"@type":"ReadAction","target":["https:\/\/www.welovecycling.com\/cs\/2022\/05\/11\/probud-v-sobe-viteze\/"]}]},{"@type":"ImageObject","inLanguage":"cs","@id":"https:\/\/www.welovecycling.com\/cs\/2022\/05\/11\/probud-v-sobe-viteze\/#primaryimage","url":"https:\/\/d2p6e6u75xmxt8.cloudfront.net\/13\/2022\/05\/lexa-WLC_nataceni_petr-151-scaled.webp","contentUrl":"https:\/\/d2p6e6u75xmxt8.cloudfront.net\/13\/2022\/05\/lexa-WLC_nataceni_petr-151-scaled.webp","width":2560,"height":1703},{"@type":"WebSite","@id":"https:\/\/www.welovecycling.com\/cs\/#website","url":"https:\/\/www.welovecycling.com\/cs\/","name":"\u0160koda We Love Cycling - \u010cesk\u00e1 republika","description":"WeLoveCycling.cz je online magaz\u00edn, kter\u00fd v\u00e1m pravideln\u011b p\u0159in\u00e1\u0161\u00ed rady a tipy, zaj\u00edmav\u00e9 \u010dl\u00e1nky, videa a jedine\u010dn\u00e9 report\u00e1\u017ee ze sv\u011bta cyklistiky.","potentialAction":[{"@type":"SearchAction","target":{"@type":"EntryPoint","urlTemplate":"https:\/\/www.welovecycling.com\/cs\/?s={search_term_string}"},"query-input":{"@type":"PropertyValueSpecification","valueRequired":true,"valueName":"search_term_string"}}],"inLanguage":"cs"},{"@type":"Person","@id":"https:\/\/www.welovecycling.com\/cs\/#\/schema\/person\/d9eeb0a378f3a7e4a6d12d2b536b04b8","name":"radekmalina","image":{"@type":"ImageObject","inLanguage":"cs","@id":"https:\/\/www.welovecycling.com\/cs\/#\/schema\/person\/image\/","url":"https:\/\/secure.gravatar.com\/avatar\/66994b632cb8c39a46b9f54afa3ae07201b678d32a54275b6f1c9ffec356bfc0?s=96&d=mm&r=g","contentUrl":"https:\/\/secure.gravatar.com\/avatar\/66994b632cb8c39a46b9f54afa3ae07201b678d32a54275b6f1c9ffec356bfc0?s=96&d=mm&r=g","caption":"radekmalina"},"url":"https:\/\/www.welovecycling.com\/cs\/author\/radekmalina\/"}]}},"_links":{"self":[{"href":"https:\/\/www.welovecycling.com\/cs\/wp-json\/wp\/v2\/posts\/16910","targetHints":{"allow":["GET"]}}],"collection":[{"href":"https:\/\/www.welovecycling.com\/cs\/wp-json\/wp\/v2\/posts"}],"about":[{"href":"https:\/\/www.welovecycling.com\/cs\/wp-json\/wp\/v2\/types\/post"}],"author":[{"embeddable":true,"href":"https:\/\/www.welovecycling.com\/cs\/wp-json\/wp\/v2\/users\/138"}],"replies":[{"embeddable":true,"href":"https:\/\/www.welovecycling.com\/cs\/wp-json\/wp\/v2\/comments?post=16910"}],"version-history":[{"count":2,"href":"https:\/\/www.welovecycling.com\/cs\/wp-json\/wp\/v2\/posts\/16910\/revisions"}],"predecessor-version":[{"id":16930,"href":"https:\/\/www.welovecycling.com\/cs\/wp-json\/wp\/v2\/posts\/16910\/revisions\/16930"}],"wp:featuredmedia":[{"embeddable":true,"href":"https:\/\/www.welovecycling.com\/cs\/wp-json\/wp\/v2\/media\/16913"}],"wp:attachment":[{"href":"https:\/\/www.welovecycling.com\/cs\/wp-json\/wp\/v2\/media?parent=16910"}],"wp:term":[{"taxonomy":"category","embeddable":true,"href":"https:\/\/www.welovecycling.com\/cs\/wp-json\/wp\/v2\/categories?post=16910"},{"taxonomy":"post_tag","embeddable":true,"href":"https:\/\/www.welovecycling.com\/cs\/wp-json\/wp\/v2\/tags?post=16910"},{"taxonomy":"global-categories","embeddable":true,"href":"https:\/\/www.welovecycling.com\/cs\/wp-json\/wp\/v2\/global-categories?post=16910"}],"curies":[{"name":"wp","href":"https:\/\/api.w.org\/{rel}","templated":true}]}}