{"id":16879,"date":"2022-05-08T12:00:20","date_gmt":"2022-05-08T10:00:20","guid":{"rendered":"https:\/\/www.welovecycling.com\/cs\/?p=16879"},"modified":"2022-05-16T10:00:18","modified_gmt":"2022-05-16T08:00:18","slug":"poslechla-maminku-a-tak-bude-zuzana-bohacova-na-startu-titan-desert","status":"publish","type":"post","link":"https:\/\/www.welovecycling.com\/cs\/2022\/05\/08\/poslechla-maminku-a-tak-bude-zuzana-bohacova-na-startu-titan-desert\/","title":{"rendered":"Poslechla maminku! A tak Zuzana Boh\u00e1\u010dov\u00e1 jede \u0160koda Titan Desert"},"content":{"rendered":"<p><strong>Premi\u00e9ra z \u0159\u00ed\u0161e sn\u016f! Nikdy nejela etapov\u00fd z\u00e1vod na biku ani na silnici. V d\u011btstv\u00ed ani b\u011bhem dosp\u00edv\u00e1n\u00ed nikdy nebyla \u010dlenkou \u017e\u00e1dn\u00e9ho sportovn\u00edho odd\u00edlu. Ale miluje cyklistiku. \u201eJe to \u017eivotn\u00ed styl, nikoliv jen sport,\u201c vysv\u011btluje osmadvacetilet\u00e1 Zuzana Boh\u00e1\u010dov\u00e1, kter\u00e1 pojede v barv\u00e1ch We Love Cycling etapov\u00fd z\u00e1vod horsk\u00fdch kol \u0160koda Titan Desert v Maroku.<\/strong><\/p>\n<p>\u201eJe\u0161t\u011b po\u0159\u00e1d tomu nem\u016f\u017eu uv\u011b\u0159it,\u201c usm\u00edvala se p\u0159ed cestou na severoz\u00e1pad Afriky. Nab\u00eddku k\u00a0\u00fa\u010dasti v\u00a0z\u00e1vod\u011b dostala na konci b\u0159ezna. \u201eByla jsem dost p\u0159ekvapen\u00e1. J\u00e1 jsem \u010dlov\u011bk, kter\u00fd se v\u011b\u010dn\u011b podce\u0148uje,\u201c kr\u010dila rameny.<\/p>\n<p>Nek\u00fdvla hned. \u201eNe snad, \u017ee bych n\u011bjak spekulovala. Ale honilo se mi hlavou, jestli jsem dost dobr\u00e1. Uv\u011bdomovala jsem si, kolik takov\u00fd z\u00e1vod stoj\u00ed. A b\u00e1la se, abych d\u016fv\u011bru \u0160koda Auto nezklamala. Necht\u011bla jsem ud\u011blat ostudu. Sou\u010dasn\u011b jsem si \u0159\u00edkala, \u017ee podruh\u00e9 takov\u00e1 mo\u017enost nep\u0159ijde,\u201c popisuje Zuzana Boh\u00e1\u010dov\u00e1, co bylo d\u016fvodem dum\u00e1n\u00ed, zda na \u00fa\u010dast k\u00fdvnout.<\/p>\n<h2><strong>P\u0159i L\u2019Etape brala bronz za rychlobrusla\u0159kami<\/strong><\/h2>\n<p>Sv\u011b\u0159ila se rodi\u010d\u016fm. A dostalo se j\u00ed velk\u00e9 podpory. \u201eT\u00e1ta je obrovsk\u00fd fanou\u0161ek Dakaru. A Titan Desert je tak tro\u0161ku Dakar na kolech. Mamka mi \u0159ekla, \u017ee p\u016fjde o \u017eivotn\u00ed z\u00e1\u017eitek a obrovskou zku\u0161enost, abych ur\u010dit\u011b jela. A maminka se p\u0159ece mus\u00ed poslouchat,\u201c sm\u011bje se \u010desk\u00e1 cyklistka. Kdy\u017e se j\u00ed dostalo podpory i od p\u0159\u00edtele a kamar\u00e1d\u016f, bylo rozhodnuto. \u201eNikdo mi ne\u0159ekl, \u017ee jsem se zbl\u00e1znila a na Titan Desert nem\u00e1m. V\u0161ichni m\u011b povzbuzovali, a\u0165 ur\u010dit\u011b jedu.\u201c<\/p>\n<figure id=\"attachment_16882\" aria-describedby=\"caption-attachment-16882\" style=\"width: 1080px\" class=\"wp-caption alignnone\"><a href=\"https:\/\/d2p6e6u75xmxt8.cloudfront.net\/13\/2022\/05\/zuzana-bohacova-20220327_133239-scaled.jpg\"><img loading=\"lazy\" decoding=\"async\" class=\"size-extra-large wp-image-16882\" src=\"https:\/\/d2p6e6u75xmxt8.cloudfront.net\/13\/2022\/05\/zuzana-bohacova-20220327_133239-1080x1920.jpg\" alt=\"Zuzana Boh\u00e1\u010dov\u00e1 b\u011bhem p\u0159\u00edpravy na Titan Desert.\" width=\"1080\" height=\"1920\" \/><\/a><figcaption id=\"caption-attachment-16882\" class=\"wp-caption-text\"><em>Zuzana Boh\u00e1\u010dov\u00e1 b\u011bhem p\u0159\u00edpravy na Titan Desert. Foto: archiv Zuzany Boh\u00e1\u010dov\u00e9 (3x)<\/em><\/figcaption><\/figure>\n<p>N\u00e1sledn\u011b do\u0161lo na f\u00e1zi p\u0159\u00edprav. \u201eJe\u0161t\u011b, ne\u017e jsem potvrdila, \u017ee pojedu, pochopiteln\u011b jsem p\u00e1trala po informac\u00edch,\u201c vypravuje Zuzana Boh\u00e1\u010dov\u00e1. V\u00a0sedmi dnech absolvuje 645 kilometr\u016f pou\u0161t\u00ed. Mus\u00ed p\u0159ekonat 5825 v\u00fd\u0161kov\u00fdch metr\u016f. \u201eVolala jsem si s\u00a0Markem Rauchfussem, kter\u00fd Titan v\u00a0minulosti jel. Ujistil m\u011b, \u017ee o bezpe\u010dnost se nen\u00ed t\u0159eba strachovat. Prob\u00edrali jsme i z\u00e1vodn\u00ed v\u011bci. Ale charakter se asi tro\u0161ku zm\u011bnil. P\u0159i jeho startu \u0161lo z\u00a0velk\u00e9 m\u00edry krom\u011b podm\u00ednek i o boj s\u00a0navigac\u00ed. Tentokr\u00e1t jsme dostali p\u0159esn\u00e1 data v\u00a0GPX souborech, kter\u00e1 jsem nahr\u00e1la do cyklocomputeru,\u201c vysv\u011btluje.<\/p>\n<div class=\"shortcode-ys-post-pinup\"><article class=\"loop-simple post-16653 post type-post status-publish format-standard has-post-thumbnail hentry category-zdravi-a-trenink tag-chris-horner tag-ernst-hansen tag-kopce tag-trenink tag-vyzkum-jizdy-ze-sedla global-categories-cycling\" data-postid=\"16653\" role=\"article\" data-post-id=\"16653\" data-word-count=\"457\" data-headline-length=\"68\" data-category=\"Zdrav\u00ed a tr\u00e9nink\" data-global-category=\"Cycling\" data-author=\"Adam Bouda\" data-published=\"2022-04-27T12:00:06+02:00\" data-published-day=\"Wednesday\">\n    <div class=\"entry-thumbnail article-thumbnail\" content=\"https:\/\/d2p6e6u75xmxt8.cloudfront.net\/13\/2022\/04\/kopce-cerveny-150x150.webp\"><a href=\"https:\/\/www.welovecycling.com\/cs\/2022\/04\/27\/jizda-v-kopcich-je-vyhodnejsi-sedet-nebo-stat-v-pedalech\/\" class=\"image-holder\" target=\"_self\"><img decoding=\"async\" loading=\"lazy\" class=\"\" src=\"https:\/\/d2p6e6u75xmxt8.cloudfront.net\/13\/2022\/04\/kopce-cerveny-1024x677.webp\" srcset=\"https:\/\/d2p6e6u75xmxt8.cloudfront.net\/13\/2022\/04\/kopce-cerveny.webp 1600w, https:\/\/d2p6e6u75xmxt8.cloudfront.net\/13\/2022\/04\/kopce-cerveny-300x198.webp 300w, https:\/\/d2p6e6u75xmxt8.cloudfront.net\/13\/2022\/04\/kopce-cerveny-1024x677.webp 1024w, https:\/\/d2p6e6u75xmxt8.cloudfront.net\/13\/2022\/04\/kopce-cerveny-768x508.webp 768w, https:\/\/d2p6e6u75xmxt8.cloudfront.net\/13\/2022\/04\/kopce-cerveny-1536x1016.webp 1536w\" width=\"1024\" height=\"677\" sizes=\"auto, (min-width: 1200px) 302px, (min-width: 768px) 25vw, 100vw\" alt=\"jizda-v-kopcich-je-vyhodnejsi-sedet-nebo-stat-v-pedalech\"\/><\/a><\/div>    <div class=\"entry-meta\">\n        <a class=\"label label-secondary post-category\" href=\"https:\/\/www.welovecycling.com\/cs\/category\/zdravi-a-trenink\/\" title=\"Zdrav\u00ed a tr\u00e9nink\">Zdrav\u00ed a tr\u00e9nink<\/a>\n    <\/div>\n    <div class=\"entry-details\">\n        <a href=\"https:\/\/www.welovecycling.com\/cs\/2022\/04\/27\/jizda-v-kopcich-je-vyhodnejsi-sedet-nebo-stat-v-pedalech\/\" class='entry-title-wrapper'>\n            <h3 class=\"entry-title\"><span>J\u00edzda v kopc\u00edch: je v\u00fdhodn\u011bj\u0161\u00ed sed\u011bt, nebo st\u00e1t v ped\u00e1lech?<\/span><\/h3>\n        <\/a>\n    <\/div>\n    <\/article>\n<\/div>\n<p>Tak\u017ee v Maroku p\u016fjde hlavn\u011b o ment\u00e1ln\u00ed a fyzickou p\u0159ipravenost. Zuzana Boh\u00e1\u010dov\u00e1 za sebou m\u00e1 um\u00edst\u011bn\u00ed na stupn\u00edch v\u00edt\u011bz\u016f ze silni\u010dn\u00edch i bikov\u00fdch maraton\u016f \u010di t\u0159et\u00ed m\u00edsto z \u00favodn\u00edho ro\u010dn\u00edku L\u2019Etape Czech republic, kde skon\u010dila za rychlobrusla\u0159sk\u00fdmi reprezentantkami Martinou S\u00e1bl\u00edkovou a Nikolou Zdr\u00e1halovou. \u201eTehdy jsem se probudila a v\u011bd\u011bla, \u017ee budu m\u00edt dobr\u00fd den. Douf\u00e1m, \u017ee sedm dobr\u00fdch bude i v Maroku,\u201c sm\u011bje se pro Titan Desert z\u00e1vodnice t\u00fdmu We Love Cycling.<\/p>\n<p>V r\u00e1mci p\u0159\u00edpravy letos od ledna nato\u010dila v ped\u00e1lech 2278 kilometr\u016f. St\u0159ihla si i speci\u00e1ln\u00ed etapu na horsk\u00e9m kole dlouhou 200 kilometr\u016f\u00a0 Prahy-N\u00e1chod, kde \u017eij\u00ed rodi\u010de. Pr\u00e1v\u011b ti ji od d\u011btstv\u00ed v\u0161t\u011bpovali l\u00e1sku ke sportu.<\/p>\n<figure id=\"attachment_16881\" aria-describedby=\"caption-attachment-16881\" style=\"width: 1440px\" class=\"wp-caption alignnone\"><a href=\"https:\/\/d2p6e6u75xmxt8.cloudfront.net\/13\/2022\/05\/zuzana-boacova-20220328_154745-scaled.jpg\"><img loading=\"lazy\" decoding=\"async\" class=\"size-extra-large wp-image-16881\" src=\"https:\/\/d2p6e6u75xmxt8.cloudfront.net\/13\/2022\/05\/zuzana-boacova-20220328_154745-1440x1920.jpg\" alt=\"Zuzana Boh\u00e1\u010dov\u00e1\" width=\"1440\" height=\"1920\" \/><\/a><figcaption id=\"caption-attachment-16881\" class=\"wp-caption-text\"><em>Zuzana Boh\u00e1\u010dov\u00e1 v p\u0159\u00edprav\u011b na z\u00e1vod v pou\u0161ti d\u0159ela i na silnic\u00edch obsypan\u00fdch sn\u011bhem.\u00a0<\/em><\/figcaption><\/figure>\n<p>\u201eS br\u00e1chou n\u00e1s postavili na b\u011b\u017eky, kdy\u017e jsme snad ani neum\u011bli chodit. Ka\u017ed\u00fd v\u00edkend jsme m\u011bli n\u011bjakou aktivitu. Jednou to byl v\u00fd\u0161lap po hor\u00e1ch, podruh\u00e9 turistika v \u010cesk\u00e9m r\u00e1ji, pak zase cyklov\u00fdlet. Bylo to p\u0159irozen\u00e9, nenucen\u00e9. Mo\u017en\u00e1 kdyby m\u011b nutili, dnes bych nejela na Titan Desert,\u201c vzpom\u00edn\u00e1 Zuzana Boh\u00e1\u010dov\u00e1 na prvn\u00ed sportovn\u00ed aktivity. \u201eNikdy jsem ale nebyla \u010dlenkou \u017e\u00e1dn\u00e9ho odd\u00edlu v \u017e\u00e1dn\u00e9m sportu. Je\u0161t\u011b na st\u0159edn\u00ed m\u011b kolo nech\u00e1valo chladnou. M\u011bla jsem jedno trekov\u00e9, kter\u00e9 v\u00e1\u017eilo tolik, \u017ee kdy\u017e fouknul v\u00edtr, tak z\u016fstalo st\u00e1t.\u201c<\/p>\n<h2><strong>Po boku \u0161ampiona Tour de France<\/strong><\/h2>\n<p>A\u017e ve dvaadvaceti vyrazila s\u00a0kamar\u00e1dkou na k\u00e1vu. A ta ji zm\u011bnila \u017eivot. \u201eL\u00ed\u010dila mi nad\u0161en\u011b, jak jezd\u00ed na kole. Tak jsem si koupila na bazaru cyklokrosov\u00e9 kolo. A postupn\u011b cyklistice propadla. Je to \u017eivotn\u00ed styl. Zlep\u0161ila jsem si fyzi\u010dku, poznala mnoho skv\u011bl\u00fdch lid\u00ed, objevila kr\u00e1sn\u00e1 m\u00edsta, na\u0161la si p\u0159\u00edtele.\u201c<\/p>\n<div class=\"shortcode-ys-post-pinup\"><article class=\"loop-simple post-16740 post type-post status-publish format-standard has-post-thumbnail hentry category-rady-tipy tag-cyklistika tag-horska-cyklistika tag-kolo-z-bazaru tag-ojetina tag-silnicni-cyklistika global-categories-cycling\" data-postid=\"16740\" role=\"article\" data-post-id=\"16740\" data-word-count=\"649\" data-headline-length=\"57\" data-category=\"Rady &amp; tipy\" data-global-category=\"Cycling\" data-author=\"Kry\u0161tof Kopic\" data-published=\"2022-04-26T14:00:40+02:00\" data-published-day=\"Tuesday\">\n    <div class=\"entry-thumbnail article-thumbnail\" content=\"https:\/\/d2p6e6u75xmxt8.cloudfront.net\/13\/2021\/11\/WLC-udrzba-kola-cerveny-sprcha-brzdy-150x150.webp\"><a href=\"https:\/\/www.welovecycling.com\/cs\/2022\/04\/26\/ojetina-casto-dava-smysl-jak-na-nakup-kola-z-bazaru\/\" class=\"image-holder\" target=\"_self\"><img decoding=\"async\" loading=\"lazy\" class=\"\" src=\"https:\/\/d2p6e6u75xmxt8.cloudfront.net\/13\/2021\/11\/WLC-udrzba-kola-cerveny-sprcha-brzdy-1024x683.webp\" srcset=\"https:\/\/d2p6e6u75xmxt8.cloudfront.net\/13\/2021\/11\/WLC-udrzba-kola-cerveny-sprcha-brzdy.webp 1600w, https:\/\/d2p6e6u75xmxt8.cloudfront.net\/13\/2021\/11\/WLC-udrzba-kola-cerveny-sprcha-brzdy-300x200.webp 300w, https:\/\/d2p6e6u75xmxt8.cloudfront.net\/13\/2021\/11\/WLC-udrzba-kola-cerveny-sprcha-brzdy-1024x683.webp 1024w, https:\/\/d2p6e6u75xmxt8.cloudfront.net\/13\/2021\/11\/WLC-udrzba-kola-cerveny-sprcha-brzdy-768x512.webp 768w, https:\/\/d2p6e6u75xmxt8.cloudfront.net\/13\/2021\/11\/WLC-udrzba-kola-cerveny-sprcha-brzdy-1536x1024.webp 1536w, https:\/\/d2p6e6u75xmxt8.cloudfront.net\/13\/2021\/11\/WLC-udrzba-kola-cerveny-sprcha-brzdy-272x182.webp 272w\" width=\"1024\" height=\"683\" sizes=\"auto, (min-width: 1200px) 300px, (min-width: 768px) 25vw, 100vw\" alt=\"ojetina-casto-dava-smysl-jak-na-nakup-kola-z-bazaru\"\/><\/a><\/div>    <div class=\"entry-meta\">\n        <a class=\"label label-secondary post-category\" href=\"https:\/\/www.welovecycling.com\/cs\/category\/rady-tipy\/\" title=\"Rady &amp; tipy\">Rady &amp; tipy<\/a>\n    <\/div>\n    <div class=\"entry-details\">\n        <a href=\"https:\/\/www.welovecycling.com\/cs\/2022\/04\/26\/ojetina-casto-dava-smysl-jak-na-nakup-kola-z-bazaru\/\" class='entry-title-wrapper'>\n            <h3 class=\"entry-title\"><span>Ojetina \u010dasto d\u00e1v\u00e1 smysl. Jak na n\u00e1kup kola z bazaru?<\/span><\/h3>\n        <\/a>\n    <\/div>\n    <\/article>\n<\/div>\n<p>V\u00a0Maroku se bude muset spolehnout krom\u011b podpory t\u00fdmu We Love Cycling hlavn\u011b sama na sebe. \u201eNejv\u00edc \u0159e\u0161\u00edm, zda jsem v\u00a0p\u0159\u00edprav\u011b ud\u011blala maximum,\u201c p\u0159izn\u00e1v\u00e1. A\u017e do konce dubna pracovala v\u00a0kancel\u00e1\u0159i a kolu se v\u011bnovala po ve\u010derech \u010di o v\u00edkendech.<\/p>\n<figure id=\"attachment_16834\" aria-describedby=\"caption-attachment-16834\" style=\"width: 1920px\" class=\"wp-caption alignnone\"><a href=\"https:\/\/d2p6e6u75xmxt8.cloudfront.net\/13\/2022\/05\/schleck-J98A8858.jpg\"><img loading=\"lazy\" decoding=\"async\" class=\"size-extra-large wp-image-16834\" src=\"https:\/\/d2p6e6u75xmxt8.cloudfront.net\/13\/2022\/05\/schleck-J98A8858-1920x1376.jpg\" alt=\"Zuzana Boh\u00e1\u010dov\u00e1 a Andy Schleck p\u0159i prohl\u00eddce \u010d\u00e1sti trasy L\u2019Etape\" width=\"1920\" height=\"1376\" \/><\/a><figcaption id=\"caption-attachment-16834\" class=\"wp-caption-text\"><em>Zuzana Boh\u00e1\u010dov\u00e1 a Andy Schleck p\u0159i prohl\u00eddce \u010d\u00e1sti trasy L\u2019Etape. Foto: Mat\u011bj T\u0159e\u0161\u0148\u00e1k\/L\u2019Etape Czech republic<\/em><\/figcaption><\/figure>\n<p>\u201eOd pond\u011bl\u00ed do p\u00e1tku jsem sed\u011bla za stolem,\u201c popisuje. S\u00e1z\u00ed tak hodn\u011b i na fyzi\u010dku, kterou nabrala v sezon\u00e1ch p\u0159ede\u0161l\u00fdch. V\u017edy\u0165 ro\u010dn\u011b najede t\u00e9m\u011b\u0159 deset tis\u00edc kilometr\u016f. \u201eAsi si hr\u00e1bnu na dno sv\u00fdch sil. Z minulosti m\u00e1m zku\u0161enost, \u017ee jezdit denn\u011b mi nevad\u00ed. Samoz\u0159ejm\u011b \u0161lo o soust\u0159ed\u011bn\u00ed, ale probl\u00e9m vyvstal v okam\u017eiku, kdy jsem na den vysadila. D\u011bsn\u011b mi pak zatuhly nohy,\u201c sm\u011bje se.<\/p>\n<div class=\"shortcode-ys-post-pinup\"><article class=\"loop-simple post-16857 post type-post status-publish format-standard has-post-thumbnail hentry category-silnicni-cyklistika tag-cyklistika tag-giro-ditalia tag-giro-ditalia-2000 tag-jan-hruska tag-maglia-rosa tag-silnicni-cyklistika tag-vitalicio-seguros global-categories-cycling\" data-postid=\"16857\" role=\"article\" data-post-id=\"16857\" data-word-count=\"1071\" data-headline-length=\"86\" data-category=\"Silni\u010dn\u00ed cyklistika\" data-global-category=\"Cycling\" data-author=\"Jan Kr\u016fta\" data-published=\"2022-05-06T12:00:57+02:00\" data-published-day=\"Friday\">\n    <div class=\"entry-thumbnail article-thumbnail\" content=\"https:\/\/d2p6e6u75xmxt8.cloudfront.net\/13\/2020\/05\/hru\u0161ka-jan-150x150.webp\"><a href=\"https:\/\/www.welovecycling.com\/cs\/2022\/05\/06\/jan-hruska-pred-22-lety-sokoval-giro-ted-je-rentierem-a-nechce-shnit-na-gauci\/\" class=\"image-holder\" target=\"_self\"><img decoding=\"async\" loading=\"lazy\" class=\"\" src=\"https:\/\/d2p6e6u75xmxt8.cloudfront.net\/13\/2020\/05\/hru\u0161ka-jan-1024x817.webp\" srcset=\"https:\/\/d2p6e6u75xmxt8.cloudfront.net\/13\/2020\/05\/hru\u0161ka-jan.webp 1268w, https:\/\/d2p6e6u75xmxt8.cloudfront.net\/13\/2020\/05\/hru\u0161ka-jan-300x239.webp 300w, https:\/\/d2p6e6u75xmxt8.cloudfront.net\/13\/2020\/05\/hru\u0161ka-jan-1024x817.webp 1024w, https:\/\/d2p6e6u75xmxt8.cloudfront.net\/13\/2020\/05\/hru\u0161ka-jan-768x613.webp 768w\" width=\"1024\" height=\"817\" sizes=\"auto, (min-width: 1200px) 300px, (min-width: 768px) 25vw, 100vw\" alt=\"jan-hruska-pred-22-lety-sokoval-giro-ted-je-rentierem-a-nechce-shnit-na-gauci\"\/><\/a><\/div>    <div class=\"entry-meta\">\n        <a class=\"label label-secondary post-category\" href=\"https:\/\/www.welovecycling.com\/cs\/category\/silnicni-cyklistika\/\" title=\"Silni\u010dn\u00ed cyklistika\">Silni\u010dn\u00ed cyklistika<\/a>\n    <\/div>\n    <div class=\"entry-details\">\n        <a href=\"https:\/\/www.welovecycling.com\/cs\/2022\/05\/06\/jan-hruska-pred-22-lety-sokoval-giro-ted-je-rentierem-a-nechce-shnit-na-gauci\/\" class='entry-title-wrapper'>\n            <h3 class=\"entry-title\"><span>Jan Hru\u0161ka: p\u0159ed 22 lety \u0161okoval Giro, te\u010f je renti\u00e9rem a nechce shn\u00edt na gau\u010di<\/span><\/h3>\n        <\/a>\n    <\/div>\n    <\/article>\n<\/div>\n<p>Douf\u00e1, \u017ee \u00fasm\u011bv bude m\u00edt na tv\u00e1\u0159i na konci druh\u00e9ho kv\u011btnov\u00e9ho t\u00fddne, kdy Titan Desert dojede do c\u00edle. Z\u00e1vod stihla probrat i s Andy Schleckem, v\u00edt\u011bzem Tour de France z roku 2010, po jeho\u017e boku absolvovala prohl\u00eddku \u010d\u00e1sti trati L\u2019Etape Czech republic by Tour de France 2022. \u201eV\u011bd\u011bl, o co jde. Ale nijak detailn\u011b. Nep\u0159edpokl\u00e1d\u00e1m, \u017ee by se b\u011bhem kari\u00e9ry zaj\u00edmal zrovna o takov\u00e9 z\u00e1vody. I pro m\u011b jde o cestu do nezn\u00e1ma. Ale v\u011b\u0159\u00edm, \u017ee bude m\u00edt skv\u011bl\u00fd konec.\u201c<\/p>\n","protected":false},"excerpt":{"rendered":"<p>Premi\u00e9ra z \u0159\u00ed\u0161e sn\u016f! Nikdy nejela etapov\u00fd z\u00e1vod na biku ani na silnici. V d\u011btstv\u00ed ani b\u011bhem dosp\u00edv\u00e1n\u00ed nikdy nebyla [&hellip;]<\/p>\n","protected":false},"author":138,"featured_media":16889,"comment_status":"open","ping_status":"open","sticky":false,"template":"","format":"standard","meta":{"footnotes":""},"categories":[11],"tags":[126,56,2395,43,2394],"global-categories":[411],"class_list":["post-16879","post","type-post","status-publish","format-standard","has-post-thumbnail","hentry","category-horska-cyklistika","tag-cyklistika","tag-horska-cyklistika","tag-titan-desert-2022","tag-zeny","tag-zuzana-bohacova","global-categories-cycling"],"yoast_head":"<!-- This site is optimized with the Yoast SEO Premium plugin v25.3 (Yoast SEO v25.9) - https:\/\/yoast.com\/wordpress\/plugins\/seo\/ -->\n<title>Poslechla maminku! A tak Zuzana Boh\u00e1\u010dov\u00e1 jede \u0160koda Titan Desert | \u0160koda We Love Cycling - \u010cesk\u00e1 republika<\/title>\n<meta name=\"description\" content=\"Pojede drsn\u00fd z\u00e1vod Titan Desert v Maroku. Dosud nikdy nic podobn\u00e9ho neabsolvovala. Jak se Zuzana Boh\u00e1\u010dov\u00e1 octla na startu?\" \/>\n<meta name=\"robots\" content=\"index, follow, max-snippet:-1, max-image-preview:large, max-video-preview:-1\" \/>\n<link rel=\"canonical\" href=\"https:\/\/www.welovecycling.com\/cs\/2022\/05\/08\/poslechla-maminku-a-tak-bude-zuzana-bohacova-na-startu-titan-desert\/\" \/>\n<meta property=\"og:locale\" content=\"cs_CZ\" \/>\n<meta property=\"og:type\" content=\"article\" \/>\n<meta property=\"og:title\" content=\"Poslechla maminku! A tak Zuzana Boh\u00e1\u010dov\u00e1 jede \u0160koda Titan Desert\" \/>\n<meta property=\"og:description\" content=\"Pojede drsn\u00fd z\u00e1vod Titan Desert v Maroku. Dosud nikdy nic podobn\u00e9ho neabsolvovala. Jak se Zuzana Boh\u00e1\u010dov\u00e1 octla na startu?\" \/>\n<meta property=\"og:url\" content=\"https:\/\/www.welovecycling.com\/cs\/2022\/05\/08\/poslechla-maminku-a-tak-bude-zuzana-bohacova-na-startu-titan-desert\/\" \/>\n<meta property=\"og:site_name\" content=\"\u0160koda We Love Cycling - \u010cesk\u00e1 republika\" \/>\n<meta property=\"article:published_time\" content=\"2022-05-08T10:00:20+00:00\" \/>\n<meta property=\"article:modified_time\" content=\"2022-05-16T08:00:18+00:00\" \/>\n<meta property=\"og:image\" content=\"https:\/\/d2p6e6u75xmxt8.cloudfront.net\/13\/2022\/05\/ZUZANA-2022-05-07-223827.webp\" \/>\n\t<meta property=\"og:image:width\" content=\"667\" \/>\n\t<meta property=\"og:image:height\" content=\"507\" \/>\n\t<meta property=\"og:image:type\" content=\"image\/webp\" \/>\n<meta name=\"author\" content=\"radekmalina\" \/>\n<meta name=\"twitter:card\" content=\"summary_large_image\" \/>\n<meta name=\"twitter:label1\" content=\"Written by\" \/>\n\t<meta name=\"twitter:data1\" content=\"Jan Kr\u016fta\" \/>\n\t<meta name=\"twitter:label2\" content=\"Est. reading time\" \/>\n\t<meta name=\"twitter:data2\" content=\"6\" \/>\n<script type=\"application\/ld+json\" class=\"yoast-schema-graph\">{\"@context\":\"https:\/\/schema.org\",\"@graph\":[{\"@type\":\"WebPage\",\"@id\":\"https:\/\/www.welovecycling.com\/cs\/2022\/05\/08\/poslechla-maminku-a-tak-bude-zuzana-bohacova-na-startu-titan-desert\/\",\"url\":\"https:\/\/www.welovecycling.com\/cs\/2022\/05\/08\/poslechla-maminku-a-tak-bude-zuzana-bohacova-na-startu-titan-desert\/\",\"name\":\"Poslechla maminku! A tak Zuzana Boh\u00e1\u010dov\u00e1 jede \u0160koda Titan Desert | \u0160koda We Love Cycling - \u010cesk\u00e1 republika\",\"isPartOf\":{\"@id\":\"https:\/\/www.welovecycling.com\/cs\/#website\"},\"primaryImageOfPage\":{\"@id\":\"https:\/\/www.welovecycling.com\/cs\/2022\/05\/08\/poslechla-maminku-a-tak-bude-zuzana-bohacova-na-startu-titan-desert\/#primaryimage\"},\"image\":{\"@id\":\"https:\/\/www.welovecycling.com\/cs\/2022\/05\/08\/poslechla-maminku-a-tak-bude-zuzana-bohacova-na-startu-titan-desert\/#primaryimage\"},\"thumbnailUrl\":\"https:\/\/d2p6e6u75xmxt8.cloudfront.net\/13\/2022\/05\/ZUZANA-2022-05-07-223827.webp\",\"datePublished\":\"2022-05-08T10:00:20+00:00\",\"dateModified\":\"2022-05-16T08:00:18+00:00\",\"author\":{\"@id\":\"https:\/\/www.welovecycling.com\/cs\/#\/schema\/person\/d9eeb0a378f3a7e4a6d12d2b536b04b8\"},\"description\":\"Pojede drsn\u00fd z\u00e1vod Titan Desert v Maroku. Dosud nikdy nic podobn\u00e9ho neabsolvovala. Jak se Zuzana Boh\u00e1\u010dov\u00e1 octla na startu?\",\"inLanguage\":\"cs\",\"potentialAction\":[{\"@type\":\"ReadAction\",\"target\":[\"https:\/\/www.welovecycling.com\/cs\/2022\/05\/08\/poslechla-maminku-a-tak-bude-zuzana-bohacova-na-startu-titan-desert\/\"]}]},{\"@type\":\"ImageObject\",\"inLanguage\":\"cs\",\"@id\":\"https:\/\/www.welovecycling.com\/cs\/2022\/05\/08\/poslechla-maminku-a-tak-bude-zuzana-bohacova-na-startu-titan-desert\/#primaryimage\",\"url\":\"https:\/\/d2p6e6u75xmxt8.cloudfront.net\/13\/2022\/05\/ZUZANA-2022-05-07-223827.webp\",\"contentUrl\":\"https:\/\/d2p6e6u75xmxt8.cloudfront.net\/13\/2022\/05\/ZUZANA-2022-05-07-223827.webp\",\"width\":667,\"height\":507},{\"@type\":\"WebSite\",\"@id\":\"https:\/\/www.welovecycling.com\/cs\/#website\",\"url\":\"https:\/\/www.welovecycling.com\/cs\/\",\"name\":\"\u0160koda We Love Cycling - \u010cesk\u00e1 republika\",\"description\":\"WeLoveCycling.cz je online magaz\u00edn, kter\u00fd v\u00e1m pravideln\u011b p\u0159in\u00e1\u0161\u00ed rady a tipy, zaj\u00edmav\u00e9 \u010dl\u00e1nky, videa a jedine\u010dn\u00e9 report\u00e1\u017ee ze sv\u011bta cyklistiky.\",\"potentialAction\":[{\"@type\":\"SearchAction\",\"target\":{\"@type\":\"EntryPoint\",\"urlTemplate\":\"https:\/\/www.welovecycling.com\/cs\/?s={search_term_string}\"},\"query-input\":{\"@type\":\"PropertyValueSpecification\",\"valueRequired\":true,\"valueName\":\"search_term_string\"}}],\"inLanguage\":\"cs\"},{\"@type\":\"Person\",\"@id\":\"https:\/\/www.welovecycling.com\/cs\/#\/schema\/person\/d9eeb0a378f3a7e4a6d12d2b536b04b8\",\"name\":\"radekmalina\",\"image\":{\"@type\":\"ImageObject\",\"inLanguage\":\"cs\",\"@id\":\"https:\/\/www.welovecycling.com\/cs\/#\/schema\/person\/image\/\",\"url\":\"https:\/\/secure.gravatar.com\/avatar\/66994b632cb8c39a46b9f54afa3ae07201b678d32a54275b6f1c9ffec356bfc0?s=96&d=mm&r=g\",\"contentUrl\":\"https:\/\/secure.gravatar.com\/avatar\/66994b632cb8c39a46b9f54afa3ae07201b678d32a54275b6f1c9ffec356bfc0?s=96&d=mm&r=g\",\"caption\":\"radekmalina\"},\"url\":\"https:\/\/www.welovecycling.com\/cs\/author\/radekmalina\/\"}]}<\/script>\n<!-- \/ Yoast SEO Premium plugin. -->","yoast_head_json":{"title":"Poslechla maminku! A tak Zuzana Boh\u00e1\u010dov\u00e1 jede \u0160koda Titan Desert | \u0160koda We Love Cycling - \u010cesk\u00e1 republika","description":"Pojede drsn\u00fd z\u00e1vod Titan Desert v Maroku. Dosud nikdy nic podobn\u00e9ho neabsolvovala. Jak se Zuzana Boh\u00e1\u010dov\u00e1 octla na startu?","robots":{"index":"index","follow":"follow","max-snippet":"max-snippet:-1","max-image-preview":"max-image-preview:large","max-video-preview":"max-video-preview:-1"},"canonical":"https:\/\/www.welovecycling.com\/cs\/2022\/05\/08\/poslechla-maminku-a-tak-bude-zuzana-bohacova-na-startu-titan-desert\/","og_locale":"cs_CZ","og_type":"article","og_title":"Poslechla maminku! A tak Zuzana Boh\u00e1\u010dov\u00e1 jede \u0160koda Titan Desert","og_description":"Pojede drsn\u00fd z\u00e1vod Titan Desert v Maroku. Dosud nikdy nic podobn\u00e9ho neabsolvovala. Jak se Zuzana Boh\u00e1\u010dov\u00e1 octla na startu?","og_url":"https:\/\/www.welovecycling.com\/cs\/2022\/05\/08\/poslechla-maminku-a-tak-bude-zuzana-bohacova-na-startu-titan-desert\/","og_site_name":"\u0160koda We Love Cycling - \u010cesk\u00e1 republika","article_published_time":"2022-05-08T10:00:20+00:00","article_modified_time":"2022-05-16T08:00:18+00:00","og_image":[{"width":667,"height":507,"url":"https:\/\/d2p6e6u75xmxt8.cloudfront.net\/13\/2022\/05\/ZUZANA-2022-05-07-223827.webp","type":"image\/webp"}],"author":"radekmalina","twitter_card":"summary_large_image","twitter_misc":{"Written by":"Jan Kr\u016fta","Est. reading time":"6"},"schema":{"@context":"https:\/\/schema.org","@graph":[{"@type":"WebPage","@id":"https:\/\/www.welovecycling.com\/cs\/2022\/05\/08\/poslechla-maminku-a-tak-bude-zuzana-bohacova-na-startu-titan-desert\/","url":"https:\/\/www.welovecycling.com\/cs\/2022\/05\/08\/poslechla-maminku-a-tak-bude-zuzana-bohacova-na-startu-titan-desert\/","name":"Poslechla maminku! A tak Zuzana Boh\u00e1\u010dov\u00e1 jede \u0160koda Titan Desert | \u0160koda We Love Cycling - \u010cesk\u00e1 republika","isPartOf":{"@id":"https:\/\/www.welovecycling.com\/cs\/#website"},"primaryImageOfPage":{"@id":"https:\/\/www.welovecycling.com\/cs\/2022\/05\/08\/poslechla-maminku-a-tak-bude-zuzana-bohacova-na-startu-titan-desert\/#primaryimage"},"image":{"@id":"https:\/\/www.welovecycling.com\/cs\/2022\/05\/08\/poslechla-maminku-a-tak-bude-zuzana-bohacova-na-startu-titan-desert\/#primaryimage"},"thumbnailUrl":"https:\/\/d2p6e6u75xmxt8.cloudfront.net\/13\/2022\/05\/ZUZANA-2022-05-07-223827.webp","datePublished":"2022-05-08T10:00:20+00:00","dateModified":"2022-05-16T08:00:18+00:00","author":{"@id":"https:\/\/www.welovecycling.com\/cs\/#\/schema\/person\/d9eeb0a378f3a7e4a6d12d2b536b04b8"},"description":"Pojede drsn\u00fd z\u00e1vod Titan Desert v Maroku. Dosud nikdy nic podobn\u00e9ho neabsolvovala. Jak se Zuzana Boh\u00e1\u010dov\u00e1 octla na startu?","inLanguage":"cs","potentialAction":[{"@type":"ReadAction","target":["https:\/\/www.welovecycling.com\/cs\/2022\/05\/08\/poslechla-maminku-a-tak-bude-zuzana-bohacova-na-startu-titan-desert\/"]}]},{"@type":"ImageObject","inLanguage":"cs","@id":"https:\/\/www.welovecycling.com\/cs\/2022\/05\/08\/poslechla-maminku-a-tak-bude-zuzana-bohacova-na-startu-titan-desert\/#primaryimage","url":"https:\/\/d2p6e6u75xmxt8.cloudfront.net\/13\/2022\/05\/ZUZANA-2022-05-07-223827.webp","contentUrl":"https:\/\/d2p6e6u75xmxt8.cloudfront.net\/13\/2022\/05\/ZUZANA-2022-05-07-223827.webp","width":667,"height":507},{"@type":"WebSite","@id":"https:\/\/www.welovecycling.com\/cs\/#website","url":"https:\/\/www.welovecycling.com\/cs\/","name":"\u0160koda We Love Cycling - \u010cesk\u00e1 republika","description":"WeLoveCycling.cz je online magaz\u00edn, kter\u00fd v\u00e1m pravideln\u011b p\u0159in\u00e1\u0161\u00ed rady a tipy, zaj\u00edmav\u00e9 \u010dl\u00e1nky, videa a jedine\u010dn\u00e9 report\u00e1\u017ee ze sv\u011bta cyklistiky.","potentialAction":[{"@type":"SearchAction","target":{"@type":"EntryPoint","urlTemplate":"https:\/\/www.welovecycling.com\/cs\/?s={search_term_string}"},"query-input":{"@type":"PropertyValueSpecification","valueRequired":true,"valueName":"search_term_string"}}],"inLanguage":"cs"},{"@type":"Person","@id":"https:\/\/www.welovecycling.com\/cs\/#\/schema\/person\/d9eeb0a378f3a7e4a6d12d2b536b04b8","name":"radekmalina","image":{"@type":"ImageObject","inLanguage":"cs","@id":"https:\/\/www.welovecycling.com\/cs\/#\/schema\/person\/image\/","url":"https:\/\/secure.gravatar.com\/avatar\/66994b632cb8c39a46b9f54afa3ae07201b678d32a54275b6f1c9ffec356bfc0?s=96&d=mm&r=g","contentUrl":"https:\/\/secure.gravatar.com\/avatar\/66994b632cb8c39a46b9f54afa3ae07201b678d32a54275b6f1c9ffec356bfc0?s=96&d=mm&r=g","caption":"radekmalina"},"url":"https:\/\/www.welovecycling.com\/cs\/author\/radekmalina\/"}]}},"_links":{"self":[{"href":"https:\/\/www.welovecycling.com\/cs\/wp-json\/wp\/v2\/posts\/16879","targetHints":{"allow":["GET"]}}],"collection":[{"href":"https:\/\/www.welovecycling.com\/cs\/wp-json\/wp\/v2\/posts"}],"about":[{"href":"https:\/\/www.welovecycling.com\/cs\/wp-json\/wp\/v2\/types\/post"}],"author":[{"embeddable":true,"href":"https:\/\/www.welovecycling.com\/cs\/wp-json\/wp\/v2\/users\/138"}],"replies":[{"embeddable":true,"href":"https:\/\/www.welovecycling.com\/cs\/wp-json\/wp\/v2\/comments?post=16879"}],"version-history":[{"count":2,"href":"https:\/\/www.welovecycling.com\/cs\/wp-json\/wp\/v2\/posts\/16879\/revisions"}],"predecessor-version":[{"id":17066,"href":"https:\/\/www.welovecycling.com\/cs\/wp-json\/wp\/v2\/posts\/16879\/revisions\/17066"}],"wp:featuredmedia":[{"embeddable":true,"href":"https:\/\/www.welovecycling.com\/cs\/wp-json\/wp\/v2\/media\/16889"}],"wp:attachment":[{"href":"https:\/\/www.welovecycling.com\/cs\/wp-json\/wp\/v2\/media?parent=16879"}],"wp:term":[{"taxonomy":"category","embeddable":true,"href":"https:\/\/www.welovecycling.com\/cs\/wp-json\/wp\/v2\/categories?post=16879"},{"taxonomy":"post_tag","embeddable":true,"href":"https:\/\/www.welovecycling.com\/cs\/wp-json\/wp\/v2\/tags?post=16879"},{"taxonomy":"global-categories","embeddable":true,"href":"https:\/\/www.welovecycling.com\/cs\/wp-json\/wp\/v2\/global-categories?post=16879"}],"curies":[{"name":"wp","href":"https:\/\/api.w.org\/{rel}","templated":true}]}}