{"id":16857,"date":"2022-05-06T12:00:57","date_gmt":"2022-05-06T10:00:57","guid":{"rendered":"https:\/\/www.welovecycling.com\/cs\/?p=16857"},"modified":"2022-05-06T12:45:53","modified_gmt":"2022-05-06T10:45:53","slug":"jan-hruska-pred-22-lety-sokoval-giro-ted-je-rentierem-a-nechce-shnit-na-gauci","status":"publish","type":"post","link":"https:\/\/www.welovecycling.com\/cs\/2022\/05\/06\/jan-hruska-pred-22-lety-sokoval-giro-ted-je-rentierem-a-nechce-shnit-na-gauci\/","title":{"rendered":"Jan Hru\u0161ka: p\u0159ed 22 lety \u0161okoval Giro, te\u010f je renti\u00e9rem a nechce shn\u00edt na gau\u010di"},"content":{"rendered":"<p><strong>U\u017e je to 22 let od chv\u00edle, kdy \u010desk\u00fd Honza z\u00a0Dlouh\u00e9 Lou\u010dky u Uni\u010dova \u0161okoval na Giro d\u00b4Italia cyklistick\u00fd sv\u011bt. Jan Hru\u0161ka tam tehdy vyhr\u00e1l coby nov\u00e1\u010dek u profesion\u00e1l\u016f v\u00a0barv\u00e1ch t\u00fdmu Vitalicio-Seguros prolog, po n\u011bm\u017e obl\u00e9kl r\u016f\u017eov\u00fd dres, ovl\u00e1dl i horskou \u010dasovku a v\u00a0dal\u0161\u00ed \u010dasovce skon\u010dil druh\u00fd. Jako bonus celkov\u00e9 14. m\u00edsto!<\/strong><\/p>\n<p>\u201eJ\u00e1 v\u00a0matice nebyl nikdy moc dobrej, ale kdy\u017e to bylo v\u00a0kulat\u00e9m roce, celkem dob\u0159e se to po\u010d\u00edt\u00e1. Ka\u017ed\u00fd rok se najde n\u011bkdo, kdo mi to p\u0159ed Girem p\u0159ipomene. J\u00e1 si uv\u011bdom\u00edm, \u017ee jsem zase o rok star\u0161\u00ed. A sakra to ut\u00edk\u00e1,\u201c \u0159\u00edk\u00e1 dnes 47let\u00fd b\u00fdval\u00fd profesion\u00e1l.<\/p>\n<h2><strong>P\u0159edpokl\u00e1d\u00e1m, \u017ee si ten prolog a euforii souvisej\u00edc\u00ed s\u00a0r\u016f\u017eov\u00fdm dresem pamatujete dodnes.<\/strong><\/h2>\n<p>To \u0161patn\u00fd se v\u011bt\u0161inou zapom\u00edn\u00e1, dobr\u00fd z\u016fst\u00e1v\u00e1. Zvl\u00e1\u0161tn\u00ed je, \u017ee si z toho dne pamatuju p\u0159esn\u011b n\u011bjak\u00e9 detaily, ale samotn\u00e9 podium a obl\u00e9k\u00e1n\u00ed do r\u016f\u017eov\u00e9ho skoro v\u016fbec. Tam to asi p\u0159ebila\u00a0 euforie. Prolog byl kr\u00e1tk\u00fd, jen \u010dty\u0159i kilometry. Trasa uprost\u0159ed Vatik\u00e1nu, mastn\u00e9 cesty, \u00fazk\u00e9 a nep\u0159\u00edjemn\u00e9 zat\u00e1\u010dky. N\u011bkolikr\u00e1t jsem si to byl projet, znal jsem trasu nazpam\u011b\u0165. Ale stejn\u011b jsem p\u0159i z\u00e1vod\u011b dvakr\u00e1t m\u00e1lem lehnul, kdy\u017e jsem si \u0161krtl ramenem a pak ped\u00e1lem o n\u011bjak\u00fd bar\u00e1k.<\/p>\n<h2><strong>Nem\u011bl jste co ztratit, favoritem jste asi nebyl\u2026<\/strong><\/h2>\n<p>Pozor. R\u00e1no, kdy\u017e jsme jeli na start, mi v\u00a0autobuse podali italsk\u00e9 noviny Gazzetta dello Sport a tam m\u011bli deset nejv\u011bt\u0161\u00edch favorit\u016f prologu. J\u00e1 byl asi \u0161est\u00fd nebo sedm\u00fd, co\u017e m\u011b \u00fapln\u011b \u0161okovalo. Spadla mi brada, v\u016fbec jsem netu\u0161il, \u017ee by se mnou n\u011bkdo po\u010d\u00edtal. A o to v\u00edc jsem pak byl nerv\u00f3zn\u00ed.<\/p>\n<h2><strong>Nehled\u011bli na v\u00e1s po v\u00edt\u011bzstv\u00ed v prologu jak na zjeven\u00ed? Nov\u00e1\u010dek mezi elitou, prvn\u00ed Grand Tour v \u017eivot\u011b a hned r\u016f\u017eov\u00fd dres\u2026<\/strong><\/h2>\n<p>Asi by na m\u011b koukali v\u00edc, kdybych v tom roce nezajel dob\u0159e u\u017e Tirreno-Adriatico. Tam jsem v \u010dasovce i v celkov\u00e9m po\u0159ad\u00ed skon\u010dil druh\u00fd. Prohr\u00e1l jsem jel s Olanem, kter\u00fd byl tenkr\u00e1t absolutn\u00ed extrat\u0159\u00edda. Ten prolog byl asi nejleh\u010d\u00ed zp\u016fsob, jak z\u00edskat r\u016f\u017eov\u00fd dres. Jen m\u011b trochu mrz\u00ed, \u017ee jsem to neza\u017eil o dvacet let pozd\u011bji. Dnes by soci\u00e1ln\u00ed s\u00edt\u011b p\u0159et\u00e9kaly fotografiemi, sotva bych vycvakl nohu z ped\u00e1lu. Tenkr\u00e1t mi zavolalo p\u00e1r novin\u00e1\u0159\u016f, i fotek z toho bylo m\u00e1lo. Na youtube je jen m\u016fj dojezd v n\u011bjak\u00e9 \u0161\u00edlen\u00e9 kvalit\u011b, jinak nic. A jestli z toho m\u00e1m doma sedm fotek, je to hodn\u011b.<\/p>\n<figure id=\"attachment_16860\" aria-describedby=\"caption-attachment-16860\" style=\"width: 743px\" class=\"wp-caption alignnone\"><a href=\"https:\/\/d2p6e6u75xmxt8.cloudfront.net\/13\/2022\/05\/Jan-Hruska-giroditalia-ruzovy-dres.jpg\"><img loading=\"lazy\" decoding=\"async\" class=\" wp-image-16860\" src=\"https:\/\/d2p6e6u75xmxt8.cloudfront.net\/13\/2022\/05\/Jan-Hruska-giroditalia-ruzovy-dres.jpg\" alt=\"Jan Hru\u0161ka v r\u016f\u017eov\u00e9m trikotu l\u00eddra italsk\u00e9ho Gira. Foto: Mark\u00e9ta Navr\u00e1tilov\u00e1\/CorVos\/mtbs.cz\" width=\"743\" height=\"496\" \/><\/a><figcaption id=\"caption-attachment-16860\" class=\"wp-caption-text\"><em>Jan Hru\u0161ka v r\u016f\u017eov\u00e9m trikotu l\u00eddra italsk\u00e9ho Gira. Foto: Mark\u00e9ta Navr\u00e1tilov\u00e1\/CorVos\/mtbs.cz<\/em><\/figcaption><\/figure>\n<h2><strong>Hned druh\u00fd den p\u0159i\u0161la sprintersk\u00e1 etapa a r\u016f\u017eov\u00fd dres v\u00e1m vyfoukl italsk\u00fd sprinter Cipollini d\u00edky bonifikaci za p\u00e1t\u00e9 m\u00edsto.<\/strong><\/h2>\n<p>V t\u00fdmu mi sportovn\u00ed \u0159editel\u00e9 \u0159ekli: u\u017eij si ten dres a po\u010d\u00edtej s t\u00edm, \u017ee o n\u011bj p\u0159ijde\u0161. Hlavn\u011b se nesna\u017e j\u00edt s Cipollinim do sprintu\u2026 Kdy\u017e jste n\u00e1s dva postavili vedle sebe, bylo to jako j\u00edt hol\u00fdma rukama proti tanku. On byl neskute\u010dn\u00fd hovado&#8230; Kdy\u017e ho n\u011bkdo \u0161tval, pomalu ho sundal z kola. Tak\u017ee jsem v\u011bd\u011bl, \u017ee kdy\u017e se nestane z\u00e1zrak a neujede n\u011bjak\u00e1 skupina, nem\u00e1m moc \u0161anc\u00ed dres udr\u017eet.<\/p>\n<h2><strong>V\u00a0dal\u0161\u00ed \u010dasovce Gira toho ro\u010dn\u00edku jste skon\u010dil druh\u00fd.<\/strong><\/h2>\n<p>Ta u\u017e byla hodn\u011b dlouh\u00e1, p\u0159es 40 kilometr\u016f. Prohr\u00e1l jsem s Kolumbijcem Pe\u0148ou, to byl tenkr\u00e1t st\u00e1jov\u00fd kolega. Pamatuju si, \u017ee tam p\u0159ijelo fandit dost \u010cech\u016f a j\u00e1 si po prologu \u0161\u00edlen\u011b v\u011b\u0159il. Byl jsem tak p\u0159emotivovanej, \u017ee m\u011b to mo\u017en\u00e1 st\u00e1lo v\u00edt\u011bzstv\u00ed. Druh\u00e9 m\u00edsto je skv\u011bl\u00e9, porazil jsem \u0159adu velk\u00fdch jmen. Ale j\u00e1 si tenkr\u00e1t asi myslel, \u017ee kdy\u017e jsem vyhr\u00e1l prolog, vyhraju v\u0161echno. Aspo\u0148 jsem trochu vyst\u0159\u00edzliv\u011bl a p\u0159estal jsem si myslet, \u017ee jsem v\u0161emohouc\u00ed.<\/p>\n<div class=\"shortcode-ys-post-pinup\"><article class=\"loop-simple post-16846 post type-post status-publish format-standard has-post-thumbnail hentry category-silnicni-cyklistika tag-cyklistika tag-milan-kadlec tag-silnicni-cyklistika tag-trenink tag-zavod-miru-junioru global-categories-cycling\" data-postid=\"16846\" role=\"article\" data-post-id=\"16846\" data-word-count=\"395\" data-headline-length=\"77\" data-category=\"Silni\u010dn\u00ed cyklistika\" data-global-category=\"Cycling\" data-author=\"Jan Kr\u016fta\" data-published=\"2022-05-05T09:11:47+02:00\" data-published-day=\"Thursday\">\n    <div class=\"entry-thumbnail article-thumbnail\" content=\"https:\/\/d2p6e6u75xmxt8.cloudfront.net\/13\/2022\/05\/kadlec-BrychtaJan_MR_MCR_MSR_Banovce_20210619_171841_DSC_42741-150x150.webp\"><a href=\"https:\/\/www.welovecycling.com\/cs\/2022\/05\/05\/milan-kadlec-ma-budoucnost-jistou-smlouva-na-tri-roky-vcetne-world-tour\/\" class=\"image-holder\" target=\"_self\"><img decoding=\"async\" loading=\"lazy\" class=\"\" src=\"https:\/\/d2p6e6u75xmxt8.cloudfront.net\/13\/2022\/05\/kadlec-BrychtaJan_MR_MCR_MSR_Banovce_20210619_171841_DSC_42741-1024x681.webp\" srcset=\"https:\/\/d2p6e6u75xmxt8.cloudfront.net\/13\/2022\/05\/kadlec-BrychtaJan_MR_MCR_MSR_Banovce_20210619_171841_DSC_42741.webp 2000w, https:\/\/d2p6e6u75xmxt8.cloudfront.net\/13\/2022\/05\/kadlec-BrychtaJan_MR_MCR_MSR_Banovce_20210619_171841_DSC_42741-300x200.webp 300w, https:\/\/d2p6e6u75xmxt8.cloudfront.net\/13\/2022\/05\/kadlec-BrychtaJan_MR_MCR_MSR_Banovce_20210619_171841_DSC_42741-1024x681.webp 1024w, https:\/\/d2p6e6u75xmxt8.cloudfront.net\/13\/2022\/05\/kadlec-BrychtaJan_MR_MCR_MSR_Banovce_20210619_171841_DSC_42741-768x511.webp 768w, https:\/\/d2p6e6u75xmxt8.cloudfront.net\/13\/2022\/05\/kadlec-BrychtaJan_MR_MCR_MSR_Banovce_20210619_171841_DSC_42741-1536x1022.webp 1536w, https:\/\/d2p6e6u75xmxt8.cloudfront.net\/13\/2022\/05\/kadlec-BrychtaJan_MR_MCR_MSR_Banovce_20210619_171841_DSC_42741-1920x1278.webp 1920w, https:\/\/d2p6e6u75xmxt8.cloudfront.net\/13\/2022\/05\/kadlec-BrychtaJan_MR_MCR_MSR_Banovce_20210619_171841_DSC_42741-272x182.webp 272w, https:\/\/d2p6e6u75xmxt8.cloudfront.net\/13\/2022\/05\/kadlec-BrychtaJan_MR_MCR_MSR_Banovce_20210619_171841_DSC_42741-1920x1278.webp 1920w\" width=\"1024\" height=\"681\" sizes=\"auto, (min-width: 1200px) 300px, (min-width: 768px) 25vw, 100vw\" alt=\"milan-kadlec-ma-budoucnost-jistou-smlouva-na-tri-roky-vcetne-world-tour\"\/><\/a><\/div>    <div class=\"entry-meta\">\n        <a class=\"label label-secondary post-category\" href=\"https:\/\/www.welovecycling.com\/cs\/category\/silnicni-cyklistika\/\" title=\"Silni\u010dn\u00ed cyklistika\">Silni\u010dn\u00ed cyklistika<\/a>\n    <\/div>\n    <div class=\"entry-details\">\n        <a href=\"https:\/\/www.welovecycling.com\/cs\/2022\/05\/05\/milan-kadlec-ma-budoucnost-jistou-smlouva-na-tri-roky-vcetne-world-tour\/\" class='entry-title-wrapper'>\n            <h3 class=\"entry-title\"><span>Milan Kadlec m\u00e1 budoucnost jistou: smlouva na t\u0159i roky v\u010detn\u011b World Tour!<\/span><\/h3>\n        <\/a>\n    <\/div>\n    <\/article>\n<\/div>\n<h2><strong>P\u0159edposledn\u00ed den Gira se jela horsk\u00e1 \u010dasovka a tam u\u017e jste p\u0159emo\u017eitele nena\u0161el. Tohle byl \u0161ok pro v\u0161echny, ne?<\/strong><\/h2>\n<p>Ur\u010dit\u011b. Nikdo si nemyslel, \u017ee bych mohl b\u00fdt t\u0159eba jen v top 10. Pro m\u011b to byla jedna z \u017eivotn\u00edch \u010dasovek. Doj\u00ed\u017ed\u011bl jsem lidi, kte\u0159\u00ed startovali p\u0159ede mnou. A vyhr\u00e1l jsem o parn\u00edk. Ale taky je pot\u0159eba \u0159\u00edct, \u017ee jsem v t\u011b\u017ek\u00fdch etap\u00e1ch p\u0159edt\u00edm nemusel jet v kopc\u00edch doraz, jako ti, kte\u0159\u00ed bojovali o v\u00edt\u011bzstv\u00ed v celkov\u00e9m po\u0159ad\u00ed. I kdy\u017e jsem byl pr\u016fb\u011b\u017en\u011b asi \u010dtrn\u00e1ct\u00fd. Sportovn\u00ed \u0159editel mi \u0159\u00edkal: ta \u010dasovka je tvoje \u0161ance, tak si na ni trochu odpo\u010di\u0148. Vystupuj si v t\u011bch etap\u00e1ch v posledn\u00edm kopci, je \u00fapln\u011b jedno, jestli bude\u0161 celkov\u011b des\u00e1t\u00fd nebo dvac\u00e1t\u00fd. Pomalu m\u011b z auta brzdili, j\u00e1 cht\u011bl jet doraz\u2026 Ale m\u011bli pravdu a j\u00e1 d\u00edky tomu vyhr\u00e1l \u010dasovku. Cyklistika si pamatuje hlavn\u011b v\u00edt\u011bze. A druh\u00fd je v\u017edycky prvn\u00ed, kter\u00fd prohr\u00e1l\u2026 J\u00e1 d\u00edky t\u00e9 \u010dasovce je\u0161t\u011b zp\u00e1tky sko\u010dil na celkov\u00e9 \u010dtrn\u00e1ct\u00e9 m\u00edsto.<\/p>\n<h2><strong>Na prvn\u00ed rok mezi profesion\u00e1ly v\u00a0nejvy\u0161\u0161\u00ed divizi slu\u0161n\u00e1 bilance\u2026<\/strong><\/h2>\n<p>Pro m\u011b byl prvn\u00ed rok doslova turbulentn\u00ed. Byl jsem z\u00a0t\u00fdmu od Jirky \u017den\u00ed\u0161ka zvykl\u00fd na daleko skromn\u011bj\u0161\u00ed podm\u00ednky. Jezdili jsme na z\u00e1vody v\u00a0dod\u00e1vce, mas\u00e1\u017e jsme m\u011bli jednou za t\u0159i dny, po ka\u017ed\u00e9 etap\u011b si \u010dlov\u011bk pral v\u011bci na hotelu v\u00a0umyvadle. Najednou jsem p\u0159i\u0161el do t\u00fdmu, kde se na z\u00e1vody l\u00edtalo, bydlelo se v\u00a0prvot\u0159\u00eddn\u00edch hotelech, fasoval se nejlep\u0161\u00ed materi\u00e1l. Z\u00e1vodil jsem proti lidem, kter\u00e9 jsem znal jen z\u00a0\u010dasopis\u016f. To byl neskute\u010dn\u00fd skok. A \u017ee jsem hned sko\u010dil do vyhr\u00e1v\u00e1n\u00ed, to bylo, jako kdy\u017e jde d\u00edt\u011b do prvn\u00ed t\u0159\u00eddy a hned je premiant\u2026<\/p>\n<h2><strong>Giro jste jel celkem t\u0159ikr\u00e1t. O rok pozd\u011bji jste byl v\u00a0prologu \u010dtvrt\u00fd a dlouho jste se dr\u017eel v\u00a0prvn\u00ed des\u00edtce pr\u016fb\u011b\u017en\u00e9ho po\u0159ad\u00ed.<\/strong><\/h2>\n<p>Jen\u017ee jsem chytil n\u011bjakou vir\u00f3zu a v horsk\u00e9 etap\u011b na Passo Pordoi jsem dojel jsem vy\u0159\u00edzenej v grupetu. Dal\u0161\u00ed \u010dasovku u\u017e jsem ani naplno nejel a bylo z toho protr\u00e1pen\u00e9 Giro. Pak jsem startoval je\u0161t\u011b v roce 2005 a to u\u017e si nepamatuju skoro v\u016fbec. Jedin\u00e9, co si vybav\u00edm, \u017ee jsme startovali dole v Kal\u00e1brii a p\u0159ed startem n\u00e1m ukradli cel\u00e9 auto, kde jsme m\u011bli i oble\u010den\u00ed proti de\u0161ti jako pl\u00e1\u0161t\u011bnky nebo ruk\u00e1vky. J\u00e1 tam m\u011bl i mikinu a d\u017e\u00edny, tak\u017ee jsem pak musel let\u011bt dom\u016f v tepl\u00e1kovce.<\/p>\n<figure id=\"attachment_7089\" aria-describedby=\"caption-attachment-7089\" style=\"width: 1291px\" class=\"wp-caption alignnone\"><a href=\"https:\/\/d2p6e6u75xmxt8.cloudfront.net\/13\/2020\/05\/hruska-jan-Giro-2000-sestriere-\u010dasovka.jpg\"><img loading=\"lazy\" decoding=\"async\" class=\"size-full wp-image-7089\" src=\"https:\/\/d2p6e6u75xmxt8.cloudfront.net\/13\/2020\/05\/hruska-jan-Giro-2000-sestriere-\u010dasovka.jpg\" alt=\"Jan Hru\u0161ka p\u0159i v\u00edt\u011bzn\u00e9 etap\u011b do Sestriere p\u0159i Giru 2000. Foto: profimedia\" width=\"1291\" height=\"1800\" \/><\/a><figcaption id=\"caption-attachment-7089\" class=\"wp-caption-text\"><em>Jan Hru\u0161ka p\u0159i v\u00edt\u011bzn\u00e9 etap\u011b do Sestriere p\u0159i Giru 2000. Foto: profimedia<\/em><\/figcaption><\/figure>\n<h2><strong>V kari\u00e9\u0159e jste jel celkem osm Grand Tour: \u010dty\u0159ikr\u00e1t Vueltu, t\u0159ikr\u00e1t Giro a jednou Tour. Jak\u00fd z t\u011bch z\u00e1vod\u016f v\u00e1m nejv\u00edc p\u0159irostl k srdci?<\/strong><\/h2>\n<p>Jednozna\u010dn\u011b Giro. L\u00edb\u00ed se mi italsk\u00e1 mentalita, kr\u00e1sn\u00e9 cesty, serpentiny, italsk\u00e9 vesni\u010dky\u2026 \u0158ada lid\u00ed to bere jako p\u0159\u00edpravu na Tour, tak\u017ee vp\u0159edu se d\u0159e a vzadu se pomalu zp\u00edv\u00e1\u2026 Vuelta byla drsn\u00e1. Byli jsme \u0161pan\u011blsk\u00fd t\u00fdm, tak jsme v\u017edycky jeli pod obrovsk\u00fdm tlakem. Jednou jsme ji s\u00a0Herasem vyhr\u00e1li, ale byl to v\u017edycky o\u010distec. V\u011bd\u011bl jsem, \u017ee tam je moje role dan\u00e1, \u017ee budu jen domestik na \u010dernou pr\u00e1ci. V\u00a0roce 2000 se mi na Vuelt\u011b povedlo skon\u010dit druh\u00fd v\u00a0etap\u011b na Angliru, kde se doj\u00ed\u017ed\u011blo v\u00a0\u0161\u00edlen\u00e9 mlze. Ale jinak jsem sp\u00ed\u0161 pom\u00e1hal.<\/p>\n<h2><strong>Tour de France se v\u00e1m nepozd\u00e1vala?<\/strong><\/h2>\n<p>Tour jsem jel jen jednou, nem\u011bl jsem \u00fapln\u011b excelentn\u00ed formu a ani m\u011b moc neuchv\u00e1tila. Atmosf\u00e9rou je nejhez\u010d\u00ed, o tom \u017e\u00e1dn\u00e1, ale je tam nejv\u00edc stresu. Kdy\u017e to \u0159eknu zjednodu\u0161en\u011b, tak na Giru se p\u016flka bal\u00edku chyst\u00e1 na Tour. Na Vuelt\u011b zase na mistrovstv\u00ed sv\u011bta. Ale na Tour jsou nejlep\u0161\u00ed \u00fapln\u011b v\u0161ichni a nikdo se tam na nic nep\u0159ipravuje. Ka\u017ed\u00fd chce urvat co nejv\u00edc.<\/p>\n<h2><strong>Sledujete cyklistiku po\u0159\u00e1d? Va\u0161i vrstevn\u00edci chod\u00ed komentovat do televize a v\u00e1s moc vid\u011bt nen\u00ed\u2026<\/strong><\/h2>\n<p>M\u011b v\u017edycky bavilo jezdit na kole. Ale v\u011bci kolem sebe u\u017e jsem tak r\u00e1d nesledoval. Je to, jako kdy\u017e jste \u0161ikovn\u00fd \u0159ezb\u00e1\u0159 a d\u00edv\u00e1te se na n\u011bkoho jin\u00e9ho, kdo taky \u0159e\u017ee do d\u0159eva\u2026 To v\u00e1s moc nenapl\u0148uje. Tak\u017ee na kole po\u0159\u00e1d jezd\u00edm pro radost, v\u011bnuju se cyklistice jako mana\u017eer u GHOST t\u00fdmu, ale \u017ee bych si na \u010dty\u0159i hodiny sedl k\u00a0televizi a koukal se na cyklistku, to m\u011b nebav\u00ed. Sta\u010d\u00ed mi p\u016flhodinov\u00fd sest\u0159ih. Ani technick\u00e9 novinky ve velopr\u016fmyslu n\u011bjak extra nesleduju.<\/p>\n<div class=\"shortcode-ys-post-pinup\"><article class=\"loop-simple post-16653 post type-post status-publish format-standard has-post-thumbnail hentry category-zdravi-a-trenink tag-chris-horner tag-ernst-hansen tag-kopce tag-trenink tag-vyzkum-jizdy-ze-sedla global-categories-cycling\" data-postid=\"16653\" role=\"article\" data-post-id=\"16653\" data-word-count=\"457\" data-headline-length=\"68\" data-category=\"Zdrav\u00ed a tr\u00e9nink\" data-global-category=\"Cycling\" data-author=\"Adam Bouda\" data-published=\"2022-04-27T12:00:06+02:00\" data-published-day=\"Wednesday\">\n    <div class=\"entry-thumbnail article-thumbnail\" content=\"https:\/\/d2p6e6u75xmxt8.cloudfront.net\/13\/2022\/04\/kopce-cerveny-150x150.webp\"><a href=\"https:\/\/www.welovecycling.com\/cs\/2022\/04\/27\/jizda-v-kopcich-je-vyhodnejsi-sedet-nebo-stat-v-pedalech\/\" class=\"image-holder\" target=\"_self\"><img decoding=\"async\" loading=\"lazy\" class=\"\" src=\"https:\/\/d2p6e6u75xmxt8.cloudfront.net\/13\/2022\/04\/kopce-cerveny-1024x677.webp\" srcset=\"https:\/\/d2p6e6u75xmxt8.cloudfront.net\/13\/2022\/04\/kopce-cerveny.webp 1600w, https:\/\/d2p6e6u75xmxt8.cloudfront.net\/13\/2022\/04\/kopce-cerveny-300x198.webp 300w, https:\/\/d2p6e6u75xmxt8.cloudfront.net\/13\/2022\/04\/kopce-cerveny-1024x677.webp 1024w, https:\/\/d2p6e6u75xmxt8.cloudfront.net\/13\/2022\/04\/kopce-cerveny-768x508.webp 768w, https:\/\/d2p6e6u75xmxt8.cloudfront.net\/13\/2022\/04\/kopce-cerveny-1536x1016.webp 1536w\" width=\"1024\" height=\"677\" sizes=\"auto, (min-width: 1200px) 302px, (min-width: 768px) 25vw, 100vw\" alt=\"jizda-v-kopcich-je-vyhodnejsi-sedet-nebo-stat-v-pedalech\"\/><\/a><\/div>    <div class=\"entry-meta\">\n        <a class=\"label label-secondary post-category\" href=\"https:\/\/www.welovecycling.com\/cs\/category\/zdravi-a-trenink\/\" title=\"Zdrav\u00ed a tr\u00e9nink\">Zdrav\u00ed a tr\u00e9nink<\/a>\n    <\/div>\n    <div class=\"entry-details\">\n        <a href=\"https:\/\/www.welovecycling.com\/cs\/2022\/04\/27\/jizda-v-kopcich-je-vyhodnejsi-sedet-nebo-stat-v-pedalech\/\" class='entry-title-wrapper'>\n            <h3 class=\"entry-title\"><span>J\u00edzda v kopc\u00edch: je v\u00fdhodn\u011bj\u0161\u00ed sed\u011bt, nebo st\u00e1t v ped\u00e1lech?<\/span><\/h3>\n        <\/a>\n    <\/div>\n    <\/article>\n<\/div>\n<h2><strong>Ale v\u0161eobecn\u00fd p\u0159ehled po\u0159\u00e1d m\u00e1te\u2026<\/strong><\/h2>\n<p>To ano, i kdy\u017e v\u0161echny ty sou\u010dasn\u00e9 kluky dob\u0159e nezn\u00e1m. Tro\u0161ku se n\u00e1m zm\u011bnili herci\u2026 Z doby, kdy jsem z\u00e1vodil j\u00e1, tam je po\u0159\u00e1d Valverde a mo\u017en\u00e1 S\u00e1nchezov\u00e9\u2026 Jinak u\u017e jsou to zarostl\u00ed chlapi, kte\u0159\u00ed se fot\u00ed na Mallorce u piva.<\/p>\n<h2><strong>Nel\u00e1kala v\u00e1s mo\u017enost d\u011blat n\u011bkde u profesion\u00e1l\u016f sportovn\u00edho \u0159editele?<\/strong><\/h2>\n<p>Tro\u0161ku si to d\u011bl\u00e1m u Ghost t\u00fdmu a \u00fapln\u011b mi to sta\u010d\u00ed. J\u00e1 jsem dom\u00e1c\u00ed typ. Jako cyklista jsem byl po\u0159\u00e1d pry\u010d a p\u0159edstava, \u017ee bych d\u00e1l tr\u00e1vil spoustu dn\u00ed v\u00a0roce po hotelech daleko od domova, m\u011b v\u016fbec nel\u00e1k\u00e1. Takhle posn\u00edd\u00e1m doma, odjedu na Kolo pro \u017eivot a ve\u010der jsem zase doma.<\/p>\n<h2><strong>Co v\u00e1s tedy te\u010f napl\u0148uje?<\/strong><\/h2>\n<p>T\u00fdm Ghost, to je takov\u00e9 moje d\u00edt\u011b. Jezd\u00edme Kolo pro \u017eivot, Prima Cup. V\u011bnuju tomu dost voln\u00e9ho \u010dasu a nemus\u00edm cestovat p\u0159es p\u016fl sv\u011bta. Na z\u00e1vodech se ke mn\u011b po\u0159\u00e1d hl\u00e1s\u00ed spousta lid\u00ed, to m\u011b nab\u00edj\u00ed. S\u00e1m taky je\u0161t\u011b ob\u010das z\u00e1vod\u00edm, a ne \u00fapln\u011b blb\u011b.<\/p>\n<figure id=\"attachment_16861\" aria-describedby=\"caption-attachment-16861\" style=\"width: 771px\" class=\"wp-caption alignnone\"><a href=\"https:\/\/d2p6e6u75xmxt8.cloudfront.net\/13\/2022\/05\/Jan-Hruska-horska-etapa-liberty-seguros.jpg\"><img loading=\"lazy\" decoding=\"async\" class=\" wp-image-16861\" src=\"https:\/\/d2p6e6u75xmxt8.cloudfront.net\/13\/2022\/05\/Jan-Hruska-horska-etapa-liberty-seguros.jpg\" alt=\"Jan Hru\u0161ka v r\u016f\u017eov\u00e9m trikotu l\u00eddra italsk\u00e9ho Gira. Foto: Mark\u00e9ta Navr\u00e1tilov\u00e1\/CorVos\/mtbs.cz\" width=\"771\" height=\"531\" \/><\/a><figcaption id=\"caption-attachment-16861\" class=\"wp-caption-text\"><em>Jan Hru\u0161ka v trikotu Liberty Seguros. Foto: Mark\u00e9ta Navr\u00e1tilov\u00e1\/CorVos\/mtbs.cz<\/em><\/figcaption><\/figure>\n<h2><strong>A je t\u00fdm i va\u0161e \u017eivobyt\u00ed?<\/strong><\/h2>\n<p>Ne, kdybych si za tu pr\u00e1ci m\u011bl d\u00e1vat pen\u00edze, tak by na to \u0161la v\u011bt\u0161ina sponzorsk\u00fdch pen\u011bz, a to nen\u00ed mo\u017en\u00e9. M\u00e1m \u0161t\u011bst\u00ed, \u017ee jsem jako cyklista vyd\u011blal n\u011bjak\u00e9 pen\u00edze a investoval je do koup\u011b byt\u016f. Tak\u017ee jsem v podstat\u011b renti\u00e9r, kter\u00e9ho \u017eiv\u00ed pron\u00e1jem byt\u016f.<\/p>\n<h2><strong>Co v\u00e1s krom\u011b t\u00fdmu bav\u00ed?<\/strong><\/h2>\n<p>Rodina. S novou pan\u00ed m\u00e1me dv\u011b mal\u00e9 d\u011bti, syna t\u0159i a p\u016fl roku a hol\u010di\u010dku rok a p\u016fl. Z prvn\u00edho man\u017eelstv\u00ed u\u017e m\u00e1m d\u011bti velk\u00e9, 19 a 15 let. S mal\u00fdma d\u011btma se \u010dlov\u011bk nem\u016f\u017ee nudit, zase tu m\u00e1m divoko \ud83d\ude0a. Jsem rodinn\u00fd typ, bav\u00ed m\u011b b\u00fdt doma, sekat tr\u00e1vu, hr\u00e1t si s d\u011btmi. Na kole jezd\u00edm po\u0159\u00e1d, i kdy\u017e bych na n\u011bj m\u011bl r\u00e1d v\u00edc \u010dasu. M\u00e1me obytn\u00e9 auto, nalo\u017e\u00edme do n\u011bj kola, za n\u011b d\u00e1me voz\u00edky a vyraz\u00edme n\u011bkam do sv\u011bta. To si u\u017e\u00edv\u00e1m.<\/p>\n<h2><strong>Tak\u017ee jste po\u0159\u00e1d dost ak\u010dn\u00ed\u2026<\/strong><\/h2>\n<p>Jo, Honza Hru\u0161ka jede po\u0159\u00e1d takov\u00fd bomby, \u017ee nev\u00ed, co d\u0159\u00edv. Moje maminka m\u011b nau\u010dila jedno p\u0159\u00edslov\u00ed: K\u00e1men, co let\u00ed, mechem neobr\u016fst\u00e1\u2026 V\u00edm, \u017ee kdy\u017e si sednu na gau\u010d a nebudu d\u011blat nic, shniju. \u0158\u00edk\u00e1m si, \u017ee kdy\u017e budu cht\u00edt se synem na kolo, a\u017e mu bude osmn\u00e1ct, tak m\u011b \u010dek\u00e1 je\u0161t\u011b patn\u00e1ct let tr\u00e9ninku. A t\u011b\u0161\u00edm se na to.<\/p>\n","protected":false},"excerpt":{"rendered":"<p>U\u017e je to 22 let od chv\u00edle, kdy \u010desk\u00fd Honza z\u00a0Dlouh\u00e9 Lou\u010dky u Uni\u010dova \u0161okoval na Giro d\u00b4Italia cyklistick\u00fd sv\u011bt. [&hellip;]<\/p>\n","protected":false},"author":138,"featured_media":7090,"comment_status":"open","ping_status":"open","sticky":false,"template":"","format":"standard","meta":{"footnotes":""},"categories":[10],"tags":[126,161,2391,903,904,9,2392],"global-categories":[411],"class_list":["post-16857","post","type-post","status-publish","format-standard","has-post-thumbnail","hentry","category-silnicni-cyklistika","tag-cyklistika","tag-giro-ditalia","tag-giro-ditalia-2000","tag-jan-hruska","tag-maglia-rosa","tag-silnicni-cyklistika","tag-vitalicio-seguros","global-categories-cycling"],"yoast_head":"<!-- This site is optimized with the Yoast SEO Premium plugin v25.3 (Yoast SEO v25.9) - https:\/\/yoast.com\/wordpress\/plugins\/seo\/ -->\n<title>Jan Hru\u0161ka: p\u0159ed 22 lety \u0161okoval Giro, te\u010f je renti\u00e9rem a nechce shn\u00edt na gau\u010di | \u0160koda We Love Cycling - \u010cesk\u00e1 republika<\/title>\n<meta name=\"description\" content=\"U\u017e je to 22 let od chv\u00edle, kdy Jan Hru\u0161ka \u0161okoval na Giro d\u00b4Italia sv\u011bt. Vyhr\u00e1l coby nov\u00e1\u010dek u profesion\u00e1l\u016f prolog a obl\u00e9kl r\u016f\u017eov\u00fd dres!\" \/>\n<meta name=\"robots\" content=\"index, follow, max-snippet:-1, max-image-preview:large, max-video-preview:-1\" \/>\n<link rel=\"canonical\" href=\"https:\/\/www.welovecycling.com\/cs\/2022\/05\/06\/jan-hruska-pred-22-lety-sokoval-giro-ted-je-rentierem-a-nechce-shnit-na-gauci\/\" \/>\n<meta property=\"og:locale\" content=\"cs_CZ\" \/>\n<meta property=\"og:type\" content=\"article\" \/>\n<meta property=\"og:title\" content=\"Jan Hru\u0161ka: p\u0159ed 22 lety \u0161okoval Giro, te\u010f je renti\u00e9rem a nechce shn\u00edt na gau\u010di\" \/>\n<meta property=\"og:description\" content=\"U\u017e je to 22 let od chv\u00edle, kdy Jan Hru\u0161ka \u0161okoval na Giro d\u00b4Italia sv\u011bt. Vyhr\u00e1l coby nov\u00e1\u010dek u profesion\u00e1l\u016f prolog a obl\u00e9kl r\u016f\u017eov\u00fd dres!\" \/>\n<meta property=\"og:url\" content=\"https:\/\/www.welovecycling.com\/cs\/2022\/05\/06\/jan-hruska-pred-22-lety-sokoval-giro-ted-je-rentierem-a-nechce-shnit-na-gauci\/\" \/>\n<meta property=\"og:site_name\" content=\"\u0160koda We Love Cycling - \u010cesk\u00e1 republika\" \/>\n<meta property=\"article:published_time\" content=\"2022-05-06T10:00:57+00:00\" \/>\n<meta property=\"article:modified_time\" content=\"2022-05-06T10:45:53+00:00\" \/>\n<meta property=\"og:image\" content=\"https:\/\/d2p6e6u75xmxt8.cloudfront.net\/13\/2020\/05\/hru\u0161ka-jan.webp\" \/>\n\t<meta property=\"og:image:width\" content=\"1268\" \/>\n\t<meta property=\"og:image:height\" content=\"1012\" \/>\n\t<meta property=\"og:image:type\" content=\"image\/webp\" \/>\n<meta name=\"author\" content=\"radekmalina\" \/>\n<meta name=\"twitter:card\" content=\"summary_large_image\" \/>\n<meta name=\"twitter:label1\" content=\"Written by\" \/>\n\t<meta name=\"twitter:data1\" content=\"Adam Bouda\" \/>\n\t<meta name=\"twitter:label2\" content=\"Est. reading time\" \/>\n\t<meta name=\"twitter:data2\" content=\"11 minut\" \/>\n<script type=\"application\/ld+json\" class=\"yoast-schema-graph\">{\"@context\":\"https:\/\/schema.org\",\"@graph\":[{\"@type\":\"WebPage\",\"@id\":\"https:\/\/www.welovecycling.com\/cs\/2022\/05\/06\/jan-hruska-pred-22-lety-sokoval-giro-ted-je-rentierem-a-nechce-shnit-na-gauci\/\",\"url\":\"https:\/\/www.welovecycling.com\/cs\/2022\/05\/06\/jan-hruska-pred-22-lety-sokoval-giro-ted-je-rentierem-a-nechce-shnit-na-gauci\/\",\"name\":\"Jan Hru\u0161ka: p\u0159ed 22 lety \u0161okoval Giro, te\u010f je renti\u00e9rem a nechce shn\u00edt na gau\u010di | \u0160koda We Love Cycling - \u010cesk\u00e1 republika\",\"isPartOf\":{\"@id\":\"https:\/\/www.welovecycling.com\/cs\/#website\"},\"primaryImageOfPage\":{\"@id\":\"https:\/\/www.welovecycling.com\/cs\/2022\/05\/06\/jan-hruska-pred-22-lety-sokoval-giro-ted-je-rentierem-a-nechce-shnit-na-gauci\/#primaryimage\"},\"image\":{\"@id\":\"https:\/\/www.welovecycling.com\/cs\/2022\/05\/06\/jan-hruska-pred-22-lety-sokoval-giro-ted-je-rentierem-a-nechce-shnit-na-gauci\/#primaryimage\"},\"thumbnailUrl\":\"https:\/\/d2p6e6u75xmxt8.cloudfront.net\/13\/2020\/05\/hru\u0161ka-jan.webp\",\"datePublished\":\"2022-05-06T10:00:57+00:00\",\"dateModified\":\"2022-05-06T10:45:53+00:00\",\"author\":{\"@id\":\"https:\/\/www.welovecycling.com\/cs\/#\/schema\/person\/d9eeb0a378f3a7e4a6d12d2b536b04b8\"},\"description\":\"U\u017e je to 22 let od chv\u00edle, kdy Jan Hru\u0161ka \u0161okoval na Giro d\u00b4Italia sv\u011bt. Vyhr\u00e1l coby nov\u00e1\u010dek u profesion\u00e1l\u016f prolog a obl\u00e9kl r\u016f\u017eov\u00fd dres!\",\"inLanguage\":\"cs\",\"potentialAction\":[{\"@type\":\"ReadAction\",\"target\":[\"https:\/\/www.welovecycling.com\/cs\/2022\/05\/06\/jan-hruska-pred-22-lety-sokoval-giro-ted-je-rentierem-a-nechce-shnit-na-gauci\/\"]}]},{\"@type\":\"ImageObject\",\"inLanguage\":\"cs\",\"@id\":\"https:\/\/www.welovecycling.com\/cs\/2022\/05\/06\/jan-hruska-pred-22-lety-sokoval-giro-ted-je-rentierem-a-nechce-shnit-na-gauci\/#primaryimage\",\"url\":\"https:\/\/d2p6e6u75xmxt8.cloudfront.net\/13\/2020\/05\/hru\u0161ka-jan.webp\",\"contentUrl\":\"https:\/\/d2p6e6u75xmxt8.cloudfront.net\/13\/2020\/05\/hru\u0161ka-jan.webp\",\"width\":1268,\"height\":1012,\"caption\":\"Jan Hru\u0161ka, jedin\u00fd \u010desk\u00fd cyklista, kter\u00fd p\u0159i italsk\u00e9m Giru obl\u00e9kl r\u016f\u017eov\u00fd trikot. Foto: Jaroslav Legner\/CNC\/profimedia\"},{\"@type\":\"WebSite\",\"@id\":\"https:\/\/www.welovecycling.com\/cs\/#website\",\"url\":\"https:\/\/www.welovecycling.com\/cs\/\",\"name\":\"\u0160koda We Love Cycling - \u010cesk\u00e1 republika\",\"description\":\"WeLoveCycling.cz je online magaz\u00edn, kter\u00fd v\u00e1m pravideln\u011b p\u0159in\u00e1\u0161\u00ed rady a tipy, zaj\u00edmav\u00e9 \u010dl\u00e1nky, videa a jedine\u010dn\u00e9 report\u00e1\u017ee ze sv\u011bta cyklistiky.\",\"potentialAction\":[{\"@type\":\"SearchAction\",\"target\":{\"@type\":\"EntryPoint\",\"urlTemplate\":\"https:\/\/www.welovecycling.com\/cs\/?s={search_term_string}\"},\"query-input\":{\"@type\":\"PropertyValueSpecification\",\"valueRequired\":true,\"valueName\":\"search_term_string\"}}],\"inLanguage\":\"cs\"},{\"@type\":\"Person\",\"@id\":\"https:\/\/www.welovecycling.com\/cs\/#\/schema\/person\/d9eeb0a378f3a7e4a6d12d2b536b04b8\",\"name\":\"radekmalina\",\"image\":{\"@type\":\"ImageObject\",\"inLanguage\":\"cs\",\"@id\":\"https:\/\/www.welovecycling.com\/cs\/#\/schema\/person\/image\/\",\"url\":\"https:\/\/secure.gravatar.com\/avatar\/66994b632cb8c39a46b9f54afa3ae07201b678d32a54275b6f1c9ffec356bfc0?s=96&d=mm&r=g\",\"contentUrl\":\"https:\/\/secure.gravatar.com\/avatar\/66994b632cb8c39a46b9f54afa3ae07201b678d32a54275b6f1c9ffec356bfc0?s=96&d=mm&r=g\",\"caption\":\"radekmalina\"},\"url\":\"https:\/\/www.welovecycling.com\/cs\/author\/radekmalina\/\"}]}<\/script>\n<!-- \/ Yoast SEO Premium plugin. -->","yoast_head_json":{"title":"Jan Hru\u0161ka: p\u0159ed 22 lety \u0161okoval Giro, te\u010f je renti\u00e9rem a nechce shn\u00edt na gau\u010di | \u0160koda We Love Cycling - \u010cesk\u00e1 republika","description":"U\u017e je to 22 let od chv\u00edle, kdy Jan Hru\u0161ka \u0161okoval na Giro d\u00b4Italia sv\u011bt. Vyhr\u00e1l coby nov\u00e1\u010dek u profesion\u00e1l\u016f prolog a obl\u00e9kl r\u016f\u017eov\u00fd dres!","robots":{"index":"index","follow":"follow","max-snippet":"max-snippet:-1","max-image-preview":"max-image-preview:large","max-video-preview":"max-video-preview:-1"},"canonical":"https:\/\/www.welovecycling.com\/cs\/2022\/05\/06\/jan-hruska-pred-22-lety-sokoval-giro-ted-je-rentierem-a-nechce-shnit-na-gauci\/","og_locale":"cs_CZ","og_type":"article","og_title":"Jan Hru\u0161ka: p\u0159ed 22 lety \u0161okoval Giro, te\u010f je renti\u00e9rem a nechce shn\u00edt na gau\u010di","og_description":"U\u017e je to 22 let od chv\u00edle, kdy Jan Hru\u0161ka \u0161okoval na Giro d\u00b4Italia sv\u011bt. Vyhr\u00e1l coby nov\u00e1\u010dek u profesion\u00e1l\u016f prolog a obl\u00e9kl r\u016f\u017eov\u00fd dres!","og_url":"https:\/\/www.welovecycling.com\/cs\/2022\/05\/06\/jan-hruska-pred-22-lety-sokoval-giro-ted-je-rentierem-a-nechce-shnit-na-gauci\/","og_site_name":"\u0160koda We Love Cycling - \u010cesk\u00e1 republika","article_published_time":"2022-05-06T10:00:57+00:00","article_modified_time":"2022-05-06T10:45:53+00:00","og_image":[{"width":1268,"height":1012,"url":"https:\/\/d2p6e6u75xmxt8.cloudfront.net\/13\/2020\/05\/hru\u0161ka-jan.webp","type":"image\/webp"}],"author":"radekmalina","twitter_card":"summary_large_image","twitter_misc":{"Written by":"Adam Bouda","Est. reading time":"11 minut"},"schema":{"@context":"https:\/\/schema.org","@graph":[{"@type":"WebPage","@id":"https:\/\/www.welovecycling.com\/cs\/2022\/05\/06\/jan-hruska-pred-22-lety-sokoval-giro-ted-je-rentierem-a-nechce-shnit-na-gauci\/","url":"https:\/\/www.welovecycling.com\/cs\/2022\/05\/06\/jan-hruska-pred-22-lety-sokoval-giro-ted-je-rentierem-a-nechce-shnit-na-gauci\/","name":"Jan Hru\u0161ka: p\u0159ed 22 lety \u0161okoval Giro, te\u010f je renti\u00e9rem a nechce shn\u00edt na gau\u010di | \u0160koda We Love Cycling - \u010cesk\u00e1 republika","isPartOf":{"@id":"https:\/\/www.welovecycling.com\/cs\/#website"},"primaryImageOfPage":{"@id":"https:\/\/www.welovecycling.com\/cs\/2022\/05\/06\/jan-hruska-pred-22-lety-sokoval-giro-ted-je-rentierem-a-nechce-shnit-na-gauci\/#primaryimage"},"image":{"@id":"https:\/\/www.welovecycling.com\/cs\/2022\/05\/06\/jan-hruska-pred-22-lety-sokoval-giro-ted-je-rentierem-a-nechce-shnit-na-gauci\/#primaryimage"},"thumbnailUrl":"https:\/\/d2p6e6u75xmxt8.cloudfront.net\/13\/2020\/05\/hru\u0161ka-jan.webp","datePublished":"2022-05-06T10:00:57+00:00","dateModified":"2022-05-06T10:45:53+00:00","author":{"@id":"https:\/\/www.welovecycling.com\/cs\/#\/schema\/person\/d9eeb0a378f3a7e4a6d12d2b536b04b8"},"description":"U\u017e je to 22 let od chv\u00edle, kdy Jan Hru\u0161ka \u0161okoval na Giro d\u00b4Italia sv\u011bt. Vyhr\u00e1l coby nov\u00e1\u010dek u profesion\u00e1l\u016f prolog a obl\u00e9kl r\u016f\u017eov\u00fd dres!","inLanguage":"cs","potentialAction":[{"@type":"ReadAction","target":["https:\/\/www.welovecycling.com\/cs\/2022\/05\/06\/jan-hruska-pred-22-lety-sokoval-giro-ted-je-rentierem-a-nechce-shnit-na-gauci\/"]}]},{"@type":"ImageObject","inLanguage":"cs","@id":"https:\/\/www.welovecycling.com\/cs\/2022\/05\/06\/jan-hruska-pred-22-lety-sokoval-giro-ted-je-rentierem-a-nechce-shnit-na-gauci\/#primaryimage","url":"https:\/\/d2p6e6u75xmxt8.cloudfront.net\/13\/2020\/05\/hru\u0161ka-jan.webp","contentUrl":"https:\/\/d2p6e6u75xmxt8.cloudfront.net\/13\/2020\/05\/hru\u0161ka-jan.webp","width":1268,"height":1012,"caption":"Jan Hru\u0161ka, jedin\u00fd \u010desk\u00fd cyklista, kter\u00fd p\u0159i italsk\u00e9m Giru obl\u00e9kl r\u016f\u017eov\u00fd trikot. Foto: Jaroslav Legner\/CNC\/profimedia"},{"@type":"WebSite","@id":"https:\/\/www.welovecycling.com\/cs\/#website","url":"https:\/\/www.welovecycling.com\/cs\/","name":"\u0160koda We Love Cycling - \u010cesk\u00e1 republika","description":"WeLoveCycling.cz je online magaz\u00edn, kter\u00fd v\u00e1m pravideln\u011b p\u0159in\u00e1\u0161\u00ed rady a tipy, zaj\u00edmav\u00e9 \u010dl\u00e1nky, videa a jedine\u010dn\u00e9 report\u00e1\u017ee ze sv\u011bta cyklistiky.","potentialAction":[{"@type":"SearchAction","target":{"@type":"EntryPoint","urlTemplate":"https:\/\/www.welovecycling.com\/cs\/?s={search_term_string}"},"query-input":{"@type":"PropertyValueSpecification","valueRequired":true,"valueName":"search_term_string"}}],"inLanguage":"cs"},{"@type":"Person","@id":"https:\/\/www.welovecycling.com\/cs\/#\/schema\/person\/d9eeb0a378f3a7e4a6d12d2b536b04b8","name":"radekmalina","image":{"@type":"ImageObject","inLanguage":"cs","@id":"https:\/\/www.welovecycling.com\/cs\/#\/schema\/person\/image\/","url":"https:\/\/secure.gravatar.com\/avatar\/66994b632cb8c39a46b9f54afa3ae07201b678d32a54275b6f1c9ffec356bfc0?s=96&d=mm&r=g","contentUrl":"https:\/\/secure.gravatar.com\/avatar\/66994b632cb8c39a46b9f54afa3ae07201b678d32a54275b6f1c9ffec356bfc0?s=96&d=mm&r=g","caption":"radekmalina"},"url":"https:\/\/www.welovecycling.com\/cs\/author\/radekmalina\/"}]}},"_links":{"self":[{"href":"https:\/\/www.welovecycling.com\/cs\/wp-json\/wp\/v2\/posts\/16857","targetHints":{"allow":["GET"]}}],"collection":[{"href":"https:\/\/www.welovecycling.com\/cs\/wp-json\/wp\/v2\/posts"}],"about":[{"href":"https:\/\/www.welovecycling.com\/cs\/wp-json\/wp\/v2\/types\/post"}],"author":[{"embeddable":true,"href":"https:\/\/www.welovecycling.com\/cs\/wp-json\/wp\/v2\/users\/138"}],"replies":[{"embeddable":true,"href":"https:\/\/www.welovecycling.com\/cs\/wp-json\/wp\/v2\/comments?post=16857"}],"version-history":[{"count":2,"href":"https:\/\/www.welovecycling.com\/cs\/wp-json\/wp\/v2\/posts\/16857\/revisions"}],"predecessor-version":[{"id":16862,"href":"https:\/\/www.welovecycling.com\/cs\/wp-json\/wp\/v2\/posts\/16857\/revisions\/16862"}],"wp:featuredmedia":[{"embeddable":true,"href":"https:\/\/www.welovecycling.com\/cs\/wp-json\/wp\/v2\/media\/7090"}],"wp:attachment":[{"href":"https:\/\/www.welovecycling.com\/cs\/wp-json\/wp\/v2\/media?parent=16857"}],"wp:term":[{"taxonomy":"category","embeddable":true,"href":"https:\/\/www.welovecycling.com\/cs\/wp-json\/wp\/v2\/categories?post=16857"},{"taxonomy":"post_tag","embeddable":true,"href":"https:\/\/www.welovecycling.com\/cs\/wp-json\/wp\/v2\/tags?post=16857"},{"taxonomy":"global-categories","embeddable":true,"href":"https:\/\/www.welovecycling.com\/cs\/wp-json\/wp\/v2\/global-categories?post=16857"}],"curies":[{"name":"wp","href":"https:\/\/api.w.org\/{rel}","templated":true}]}}