{"id":16843,"date":"2022-05-09T17:28:27","date_gmt":"2022-05-09T15:28:27","guid":{"rendered":"https:\/\/www.welovecycling.com\/cs\/?p=16843"},"modified":"2022-05-09T17:30:16","modified_gmt":"2022-05-09T15:30:16","slug":"krivoklatsko-cyklovylety-s-we-love-cycling-a-jirim-jezkem","status":"publish","type":"post","link":"https:\/\/www.welovecycling.com\/cs\/2022\/05\/09\/krivoklatsko-cyklovylety-s-we-love-cycling-a-jirim-jezkem\/","title":{"rendered":"K\u0159ivokl\u00e1tsko &#8211; Cyklov\u00fdlety s We Love Cycling"},"content":{"rendered":"<p><strong>K\u0159ivokl\u00e1tsko, kter\u00e9 bude hostit kl\u00ed\u010dov\u00e9 \u00faseky druh\u00e9ho ro\u010dn\u00edku L\u2019Etape Czech Republic by Tour de France 2022, bylo c\u00edlem prvn\u00edho d\u00edlu obrazov\u00e9ho seri\u00e1lu cyklov\u00fdlet\u016f s We Love Cycling. Na nejkr\u00e1sn\u011bj\u0161\u00ed m\u00edsta v bl\u00edzkosti jednoho z nejv\u00fdznamn\u011bj\u0161\u00edch st\u0159edov\u011bk\u00fdch hrad\u016f \u010desk\u00fdch kr\u00e1l\u016f a kn\u00ed\u017eat milovn\u00edky cyklistiky vyvezl Ji\u0159\u00ed Je\u017eek, \u0161estin\u00e1sobn\u00fd paralympijsk\u00fd \u0161ampion, s man\u017eelkou So\u0148ou.<\/strong><\/p>\n<p>\u201eJe tu n\u00e1dhern\u00e1 p\u0159\u00edroda,\u201c l\u00e1k\u00e1 So\u0148a Je\u017ekov\u00e1, man\u017eelka \u0161estin\u00e1sobn\u00e9ho paralympijsk\u00e9ho \u0161ampiona, k vyj\u00ed\u017e\u010fce po silni\u010dk\u00e1ch v bl\u00edzkosti K\u0159ivokl\u00e1tu. \u201eCyklisticky jde o velice n\u00e1ro\u010dn\u00fd kraj. Ale p\u0159i spr\u00e1vn\u00e9 volb\u011b trasy si cestu m\u016f\u017eete i tak u\u017e\u00edt,\u201c sm\u011bje se Ji\u0159\u00ed Je\u017eek, kter\u00fd je po\u0159\u00e1d ve form\u011b, a tak jej ani drsn\u011bj\u0161\u00ed stoup\u00e1n\u00ed v r\u00e1mci cyklov\u00fdletu s We Love Cycling nep\u0159iprav\u00ed o tradi\u010dn\u00ed \u00fasm\u011bv.<\/p>\n<div class=\"shortcode-ys-post-pinup\"><article class=\"loop-simple post-13926 post type-post status-publish format-standard has-post-thumbnail hentry category-bezpecnost category-rady-tipy category-silnicni-cyklistika tag-brzdy tag-cyklistika tag-cyklotipy tag-horska-cyklistika tag-jiri-jezek tag-rady-a-tipy tag-razeni tag-silnicni-cyklistika tag-trenink global-categories-cycling\" data-postid=\"13926\" role=\"article\" data-post-id=\"13926\" data-word-count=\"182\" data-headline-length=\"77\" data-category=\"Bezpe\u010dnost\" data-global-category=\"Cycling\" data-author=\"We Love Cycling\" data-published=\"2021-07-30T06:30:28+02:00\" data-published-day=\"Friday\">\n    <div class=\"entry-thumbnail article-thumbnail\" content=\"https:\/\/d2p6e6u75xmxt8.cloudfront.net\/13\/2021\/05\/WLC-Jezek-l\u00b4etape-5-150x150.webp\"><a href=\"https:\/\/www.welovecycling.com\/cs\/2021\/07\/30\/jezdit-bez-helmy-neni-frajerina-ale-blbost-jiri-jezek-a-jeho-cyklotipy\/\" class=\"image-holder\" target=\"_self\"><img decoding=\"async\" loading=\"lazy\" class=\"\" src=\"https:\/\/d2p6e6u75xmxt8.cloudfront.net\/13\/2021\/05\/WLC-Jezek-l\u00b4etape-5-1024x683.webp\" srcset=\"https:\/\/d2p6e6u75xmxt8.cloudfront.net\/13\/2021\/05\/WLC-Jezek-l\u00b4etape-5.webp 1600w, https:\/\/d2p6e6u75xmxt8.cloudfront.net\/13\/2021\/05\/WLC-Jezek-l\u00b4etape-5-300x200.webp 300w, https:\/\/d2p6e6u75xmxt8.cloudfront.net\/13\/2021\/05\/WLC-Jezek-l\u00b4etape-5-1024x683.webp 1024w, https:\/\/d2p6e6u75xmxt8.cloudfront.net\/13\/2021\/05\/WLC-Jezek-l\u00b4etape-5-768x512.webp 768w, https:\/\/d2p6e6u75xmxt8.cloudfront.net\/13\/2021\/05\/WLC-Jezek-l\u00b4etape-5-1536x1024.webp 1536w, https:\/\/d2p6e6u75xmxt8.cloudfront.net\/13\/2021\/05\/WLC-Jezek-l\u00b4etape-5-272x182.webp 272w\" width=\"1024\" height=\"683\" sizes=\"auto, (min-width: 1200px) 300px, (min-width: 768px) 25vw, 100vw\" alt=\"jezdit-bez-helmy-neni-frajerina-ale-blbost-jiri-jezek-a-jeho-cyklotipy\"\/><\/a><\/div>    <div class=\"entry-meta\">\n        <a class=\"label label-secondary post-category\" href=\"https:\/\/www.welovecycling.com\/cs\/category\/bezpecnost\/\" title=\"Bezpe\u010dnost\">Bezpe\u010dnost<\/a>\n    <\/div>\n    <div class=\"entry-details\">\n        <a href=\"https:\/\/www.welovecycling.com\/cs\/2021\/07\/30\/jezdit-bez-helmy-neni-frajerina-ale-blbost-jiri-jezek-a-jeho-cyklotipy\/\" class='entry-title-wrapper'>\n            <h3 class=\"entry-title\"><span>Jezdit bez helmy nen\u00ed fraje\u0159ina, ale blbost. Ji\u0159\u00ed Je\u017eek a jeho cyklotipy<\/span><\/h3>\n        <\/a>\n    <\/div>\n    <\/article>\n<\/div>\n<p>Po za\u010d\u00e1tku pod hradem K\u0159ivokl\u00e1t m\u00ed\u0159\u00ed Je\u017ekovi k barokn\u00ed kapli\u010dce svat\u00e9ho Eustacha z\u00a0konce 17. stolet\u00ed. Kop\u00edruj\u00ed tak vrcha\u0159skou pr\u00e9mii z\u00a0trasy L\u2019Etape Czech Republic by Tour de France 2022. Stoup\u00e1n\u00ed je dlouh\u00e9 2100 metr\u016f, m\u00edsty je sklon dvoucifern\u00fd a hlavn\u011b prvn\u00ed polovina vede po kostk\u00e1ch.<\/p>\n<figure id=\"attachment_16893\" aria-describedby=\"caption-attachment-16893\" style=\"width: 1920px\" class=\"wp-caption alignnone\"><a href=\"https:\/\/d2p6e6u75xmxt8.cloudfront.net\/13\/2022\/05\/jezek-20220413_141703.jpg\"><img loading=\"lazy\" decoding=\"async\" class=\"size-extra-large wp-image-16893\" src=\"https:\/\/d2p6e6u75xmxt8.cloudfront.net\/13\/2022\/05\/jezek-20220413_141703-1920x1440.jpg\" alt=\"Ji\u0159\u00ed Je\u017eek s man\u017eelkou So\u0148ou p\u0159i zast\u00e1vce v Khulna kaava.\" width=\"1920\" height=\"1440\" \/><\/a><figcaption id=\"caption-attachment-16893\" class=\"wp-caption-text\"><em>Ji\u0159\u00ed Je\u017eek s man\u017eelkou So\u0148ou p\u0159i zast\u00e1vce v Khulna kaava.<\/em><\/figcaption><\/figure>\n<p>\u201eKostkov\u00e9 stoup\u00e1n\u00ed kolem hradu je jedn\u00edm z nejn\u00e1ro\u010dn\u011bj\u0161\u00edch na trase. Doporu\u010duji si v\u010das p\u0159ehodit a po\u010d\u00edtat, \u017ee to bude tro\u0161i\u010dku bolet,\u201c cul\u00ed se Ji\u0159\u00ed Je\u017eek p\u0159i startu cyklov\u00fdletu.<\/p>\n<p>N\u00e1sledn\u011b s par\u0165a\u010dkou v sedle i \u017eivot\u011b \u201espadne\u201c do Zbe\u010dna, absolvuje v\u00fdlet k p\u0159ehrad\u011b Kl\u00ed\u010dava a kolem kostela svat\u00e9ho Martina stoup\u00e1 sm\u011br S\u00fdko\u0159ice. V Khulna kaava za\u0159azen\u00e9 do gastromapy Luk\u00e1\u0161e Hejl\u00edka si dop\u0159eje ob\u010derstven\u00ed a pokra\u010duje sm\u011br Ni\u017ebor.<\/p>\n<div class=\"shortcode-ys-post-pinup\"><article class=\"loop-simple post-15448 post type-post status-publish format-standard has-post-thumbnail hentry category-silnicni-cyklistika tag-cyklistika tag-krivoklatske-peklo tag-letape-czech-republic-by-tour-de-france-2022 tag-lasovice tag-nizbor tag-pustovety tag-silnicni-cyklistika tag-spiritka tag-sykorice tag-tour-de-france tag-vsetaty global-categories-cycling\" data-postid=\"15448\" role=\"article\" data-post-id=\"15448\" data-word-count=\"869\" data-headline-length=\"53\" data-category=\"Silni\u010dn\u00ed cyklistika\" data-global-category=\"Cycling\" data-author=\"We Love Cycling\" data-published=\"2021-12-14T19:00:32+02:00\" data-published-day=\"Tuesday\">\n    <div class=\"entry-thumbnail article-thumbnail\" content=\"https:\/\/d2p6e6u75xmxt8.cloudfront.net\/13\/2021\/12\/l-etape-PROFIL_LONG_ROUTE-2022-150x150.webp\"><a href=\"https:\/\/www.welovecycling.com\/cs\/2021\/12\/14\/kopce-letape-czech-republic-by-tour-de-france-2022\/\" class=\"image-holder\" target=\"_self\"><img decoding=\"async\" loading=\"lazy\" class=\"\" src=\"https:\/\/d2p6e6u75xmxt8.cloudfront.net\/13\/2021\/12\/l-etape-PROFIL_LONG_ROUTE-2022-1024x723.webp\" srcset=\"https:\/\/d2p6e6u75xmxt8.cloudfront.net\/13\/2021\/12\/l-etape-PROFIL_LONG_ROUTE-2022.webp 2414w, https:\/\/d2p6e6u75xmxt8.cloudfront.net\/13\/2021\/12\/l-etape-PROFIL_LONG_ROUTE-2022-300x212.webp 300w, https:\/\/d2p6e6u75xmxt8.cloudfront.net\/13\/2021\/12\/l-etape-PROFIL_LONG_ROUTE-2022-1024x723.webp 1024w, https:\/\/d2p6e6u75xmxt8.cloudfront.net\/13\/2021\/12\/l-etape-PROFIL_LONG_ROUTE-2022-768x542.webp 768w, https:\/\/d2p6e6u75xmxt8.cloudfront.net\/13\/2021\/12\/l-etape-PROFIL_LONG_ROUTE-2022-1536x1084.webp 1536w, https:\/\/d2p6e6u75xmxt8.cloudfront.net\/13\/2021\/12\/l-etape-PROFIL_LONG_ROUTE-2022-2048x1446.webp 2048w, https:\/\/d2p6e6u75xmxt8.cloudfront.net\/13\/2021\/12\/l-etape-PROFIL_LONG_ROUTE-2022-1920x1355.webp 1920w, https:\/\/d2p6e6u75xmxt8.cloudfront.net\/13\/2021\/12\/l-etape-PROFIL_LONG_ROUTE-2022-1920x1355.webp 1920w\" width=\"1024\" height=\"723\" sizes=\"auto, (min-width: 1200px) 300px, (min-width: 768px) 25vw, 100vw\" alt=\"kopce-letape-czech-republic-by-tour-de-france-2022\"\/><\/a><\/div>    <div class=\"entry-meta\">\n        <a class=\"label label-secondary post-category\" href=\"https:\/\/www.welovecycling.com\/cs\/category\/silnicni-cyklistika\/\" title=\"Silni\u010dn\u00ed cyklistika\">Silni\u010dn\u00ed cyklistika<\/a>\n    <\/div>\n    <div class=\"entry-details\">\n        <a href=\"https:\/\/www.welovecycling.com\/cs\/2021\/12\/14\/kopce-letape-czech-republic-by-tour-de-france-2022\/\" class='entry-title-wrapper'>\n            <h3 class=\"entry-title\"><span>Kopce L\u2019Etape Czech Republic by Tour de France 2022<\/span><\/h3>\n        <\/a>\n    <\/div>\n    <\/article>\n<\/div>\n<p>Zde stoj\u00ed za pozornost zast\u00e1vka na z\u00e1mku, kter\u00fd byl do \u0161estn\u00e1ct\u00e9ho stolet\u00ed hradem. Zvln\u011bnou silnic\u00ed hlubok\u00fdmi lesy pak trasa pokra\u010duje na Roztoky, kde po ostr\u00e9m odbo\u010den\u00ed vlevo p\u0159ijde stoup\u00e1n\u00ed sm\u011br Karlova Ves. Po prav\u00e9 stran\u011b \u00fazk\u00e9 silni\u010dky je Kneippova l\u00e1ze\u0148 a tak\u00e9 t\u0159i prameny sk\u00fdtaj\u00edc\u00ed vodu z lesn\u00edch ti\u0161in. Pak u\u017e zb\u00fdv\u00e1 jen cesta proti proudu Rakovnick\u00e9ho potoka a v\u00fdjezd k parkovi\u0161ti u hradu.<\/p>\n<figure id=\"attachment_16894\" aria-describedby=\"caption-attachment-16894\" style=\"width: 1440px\" class=\"wp-caption alignnone\"><a href=\"https:\/\/d2p6e6u75xmxt8.cloudfront.net\/13\/2022\/05\/jezek-IMG_4347-scaled.jpg\"><img loading=\"lazy\" decoding=\"async\" class=\"size-extra-large wp-image-16894\" src=\"https:\/\/d2p6e6u75xmxt8.cloudfront.net\/13\/2022\/05\/jezek-IMG_4347-1440x1920.jpg\" alt=\"Ji\u0159\u00ed Je\u017eek s man\u017eelkou So\u0148ou \" width=\"1440\" height=\"1920\" \/><\/a><figcaption id=\"caption-attachment-16894\" class=\"wp-caption-text\"><em>Ji\u0159\u00ed Je\u017eek s man\u017eelkou So\u0148ou a Kneippova l\u00e1ze\u0148 u cesty sm\u011br Karlova Ves.<\/em><\/figcaption><\/figure>\n<p>\u201eTrasa je tro\u0161ku n\u00e1ro\u010dn\u011bj\u0161\u00ed,\u201c p\u0159ipou\u0161t\u00ed Ji\u0159\u00ed Je\u017eek p\u0159i ohl\u00e9dnut\u00ed za pades\u00e1ti kilometry, p\u0159i nich\u017e nastoup\u00e1te 958 v\u00fd\u0161kov\u00fdch metr\u016f. \u201eAle p\u0159inese mnoho jedine\u010dn\u00fdch z\u00e1\u017eitk\u016f,\u201c uji\u0161\u0165uje v\u00a0prvn\u00edm d\u011bjstv\u00ed obrazov\u00e9ho seri\u00e1lu cyklov\u00fdlet\u016f s\u00a0We Love Cycling.<\/p>\n","protected":false},"excerpt":{"rendered":"<p>K\u0159ivokl\u00e1tsko, kter\u00e9 bude hostit kl\u00ed\u010dov\u00e9 \u00faseky druh\u00e9ho ro\u010dn\u00edku L\u2019Etape Czech Republic by Tour de France 2022, bylo c\u00edlem prvn\u00edho d\u00edlu [&hellip;]<\/p>\n","protected":false},"author":138,"featured_media":16875,"comment_status":"open","ping_status":"open","sticky":false,"template":"","format":"video","meta":{"footnotes":""},"categories":[10,167],"tags":[126,130,1805,2389,2065,1090,9,2388,149,27,1806],"global-categories":[411],"class_list":["post-16843","post","type-post","status-publish","format-video","has-post-thumbnail","hentry","category-silnicni-cyklistika","category-tipy-na-vylet","tag-cyklistika","tag-jiri-jezek","tag-khulna-kaava","tag-klicava","tag-krivoklat","tag-letape-czech-republic-by-tour-de-france","tag-silnicni-cyklistika","tag-sona-jezkova","tag-tip-na-cyklovylet","tag-trenink","tag-zamek-nizbor","post_format-post-format-video","global-categories-cycling"],"yoast_head":"<!-- This site is optimized with the Yoast SEO Premium plugin v25.3 (Yoast SEO v25.9) - https:\/\/yoast.com\/wordpress\/plugins\/seo\/ -->\n<title>K\u0159ivokl\u00e1tsko - Cyklov\u00fdlety s We Love Cycling | \u0160koda We Love Cycling - \u010cesk\u00e1 republika<\/title>\n<meta name=\"description\" content=\"Cyklov\u00fdlet s We Love Cycling! K\u0159ivokl\u00e1tsko bylo c\u00edlem prvn\u00edho d\u00edlu obrazov\u00e9ho seri\u00e1lu tip\u016f, kam vyrazit v sedle kola.\" \/>\n<meta name=\"robots\" content=\"index, follow, max-snippet:-1, max-image-preview:large, max-video-preview:-1\" \/>\n<link rel=\"canonical\" href=\"https:\/\/www.welovecycling.com\/cs\/2022\/05\/09\/krivoklatsko-cyklovylety-s-we-love-cycling-a-jirim-jezkem\/\" \/>\n<meta property=\"og:locale\" content=\"cs_CZ\" \/>\n<meta property=\"og:type\" content=\"article\" \/>\n<meta property=\"og:title\" content=\"K\u0159ivokl\u00e1tsko - Cyklov\u00fdlety s We Love Cycling\" \/>\n<meta property=\"og:description\" content=\"Cyklov\u00fdlet s We Love Cycling! K\u0159ivokl\u00e1tsko bylo c\u00edlem prvn\u00edho d\u00edlu obrazov\u00e9ho seri\u00e1lu tip\u016f, kam vyrazit v sedle kola.\" \/>\n<meta property=\"og:url\" content=\"https:\/\/www.welovecycling.com\/cs\/2022\/05\/09\/krivoklatsko-cyklovylety-s-we-love-cycling-a-jirim-jezkem\/\" \/>\n<meta property=\"og:site_name\" content=\"\u0160koda We Love Cycling - \u010cesk\u00e1 republika\" \/>\n<meta property=\"article:published_time\" content=\"2022-05-09T15:28:27+00:00\" \/>\n<meta property=\"article:modified_time\" content=\"2022-05-09T15:30:16+00:00\" \/>\n<meta property=\"og:image\" content=\"https:\/\/d2p6e6u75xmxt8.cloudfront.net\/13\/2022\/05\/WLC-_-KRIVOKLATSKO-_-THUMBNAIL.webp\" \/>\n\t<meta property=\"og:image:width\" content=\"1920\" \/>\n\t<meta property=\"og:image:height\" content=\"1080\" \/>\n\t<meta property=\"og:image:type\" content=\"image\/webp\" \/>\n<meta name=\"author\" content=\"radekmalina\" \/>\n<meta name=\"twitter:card\" content=\"summary_large_image\" \/>\n<meta name=\"twitter:label1\" content=\"Written by\" \/>\n\t<meta name=\"twitter:data1\" content=\"We Love Cycling\" \/>\n\t<meta name=\"twitter:label2\" content=\"Est. reading time\" \/>\n\t<meta name=\"twitter:data2\" content=\"6\" \/>\n<script type=\"application\/ld+json\" class=\"yoast-schema-graph\">{\"@context\":\"https:\/\/schema.org\",\"@graph\":[{\"@type\":\"WebPage\",\"@id\":\"https:\/\/www.welovecycling.com\/cs\/2022\/05\/09\/krivoklatsko-cyklovylety-s-we-love-cycling-a-jirim-jezkem\/\",\"url\":\"https:\/\/www.welovecycling.com\/cs\/2022\/05\/09\/krivoklatsko-cyklovylety-s-we-love-cycling-a-jirim-jezkem\/\",\"name\":\"K\u0159ivokl\u00e1tsko - Cyklov\u00fdlety s We Love Cycling | \u0160koda We Love Cycling - \u010cesk\u00e1 republika\",\"isPartOf\":{\"@id\":\"https:\/\/www.welovecycling.com\/cs\/#website\"},\"primaryImageOfPage\":{\"@id\":\"https:\/\/www.welovecycling.com\/cs\/2022\/05\/09\/krivoklatsko-cyklovylety-s-we-love-cycling-a-jirim-jezkem\/#primaryimage\"},\"image\":{\"@id\":\"https:\/\/www.welovecycling.com\/cs\/2022\/05\/09\/krivoklatsko-cyklovylety-s-we-love-cycling-a-jirim-jezkem\/#primaryimage\"},\"thumbnailUrl\":\"https:\/\/d2p6e6u75xmxt8.cloudfront.net\/13\/2022\/05\/WLC-_-KRIVOKLATSKO-_-THUMBNAIL.webp\",\"datePublished\":\"2022-05-09T15:28:27+00:00\",\"dateModified\":\"2022-05-09T15:30:16+00:00\",\"author\":{\"@id\":\"https:\/\/www.welovecycling.com\/cs\/#\/schema\/person\/d9eeb0a378f3a7e4a6d12d2b536b04b8\"},\"description\":\"Cyklov\u00fdlet s We Love Cycling! K\u0159ivokl\u00e1tsko bylo c\u00edlem prvn\u00edho d\u00edlu obrazov\u00e9ho seri\u00e1lu tip\u016f, kam vyrazit v sedle kola.\",\"inLanguage\":\"cs\",\"potentialAction\":[{\"@type\":\"ReadAction\",\"target\":[\"https:\/\/www.welovecycling.com\/cs\/2022\/05\/09\/krivoklatsko-cyklovylety-s-we-love-cycling-a-jirim-jezkem\/\"]}]},{\"@type\":\"ImageObject\",\"inLanguage\":\"cs\",\"@id\":\"https:\/\/www.welovecycling.com\/cs\/2022\/05\/09\/krivoklatsko-cyklovylety-s-we-love-cycling-a-jirim-jezkem\/#primaryimage\",\"url\":\"https:\/\/d2p6e6u75xmxt8.cloudfront.net\/13\/2022\/05\/WLC-_-KRIVOKLATSKO-_-THUMBNAIL.webp\",\"contentUrl\":\"https:\/\/d2p6e6u75xmxt8.cloudfront.net\/13\/2022\/05\/WLC-_-KRIVOKLATSKO-_-THUMBNAIL.webp\",\"width\":1920,\"height\":1080},{\"@type\":\"WebSite\",\"@id\":\"https:\/\/www.welovecycling.com\/cs\/#website\",\"url\":\"https:\/\/www.welovecycling.com\/cs\/\",\"name\":\"\u0160koda We Love Cycling - \u010cesk\u00e1 republika\",\"description\":\"WeLoveCycling.cz je online magaz\u00edn, kter\u00fd v\u00e1m pravideln\u011b p\u0159in\u00e1\u0161\u00ed rady a tipy, zaj\u00edmav\u00e9 \u010dl\u00e1nky, videa a jedine\u010dn\u00e9 report\u00e1\u017ee ze sv\u011bta cyklistiky.\",\"potentialAction\":[{\"@type\":\"SearchAction\",\"target\":{\"@type\":\"EntryPoint\",\"urlTemplate\":\"https:\/\/www.welovecycling.com\/cs\/?s={search_term_string}\"},\"query-input\":{\"@type\":\"PropertyValueSpecification\",\"valueRequired\":true,\"valueName\":\"search_term_string\"}}],\"inLanguage\":\"cs\"},{\"@type\":\"Person\",\"@id\":\"https:\/\/www.welovecycling.com\/cs\/#\/schema\/person\/d9eeb0a378f3a7e4a6d12d2b536b04b8\",\"name\":\"radekmalina\",\"image\":{\"@type\":\"ImageObject\",\"inLanguage\":\"cs\",\"@id\":\"https:\/\/www.welovecycling.com\/cs\/#\/schema\/person\/image\/\",\"url\":\"https:\/\/secure.gravatar.com\/avatar\/66994b632cb8c39a46b9f54afa3ae07201b678d32a54275b6f1c9ffec356bfc0?s=96&d=mm&r=g\",\"contentUrl\":\"https:\/\/secure.gravatar.com\/avatar\/66994b632cb8c39a46b9f54afa3ae07201b678d32a54275b6f1c9ffec356bfc0?s=96&d=mm&r=g\",\"caption\":\"radekmalina\"},\"url\":\"https:\/\/www.welovecycling.com\/cs\/author\/radekmalina\/\"}]}<\/script>\n<!-- \/ Yoast SEO Premium plugin. -->","yoast_head_json":{"title":"K\u0159ivokl\u00e1tsko - Cyklov\u00fdlety s We Love Cycling | \u0160koda We Love Cycling - \u010cesk\u00e1 republika","description":"Cyklov\u00fdlet s We Love Cycling! K\u0159ivokl\u00e1tsko bylo c\u00edlem prvn\u00edho d\u00edlu obrazov\u00e9ho seri\u00e1lu tip\u016f, kam vyrazit v sedle kola.","robots":{"index":"index","follow":"follow","max-snippet":"max-snippet:-1","max-image-preview":"max-image-preview:large","max-video-preview":"max-video-preview:-1"},"canonical":"https:\/\/www.welovecycling.com\/cs\/2022\/05\/09\/krivoklatsko-cyklovylety-s-we-love-cycling-a-jirim-jezkem\/","og_locale":"cs_CZ","og_type":"article","og_title":"K\u0159ivokl\u00e1tsko - Cyklov\u00fdlety s We Love Cycling","og_description":"Cyklov\u00fdlet s We Love Cycling! K\u0159ivokl\u00e1tsko bylo c\u00edlem prvn\u00edho d\u00edlu obrazov\u00e9ho seri\u00e1lu tip\u016f, kam vyrazit v sedle kola.","og_url":"https:\/\/www.welovecycling.com\/cs\/2022\/05\/09\/krivoklatsko-cyklovylety-s-we-love-cycling-a-jirim-jezkem\/","og_site_name":"\u0160koda We Love Cycling - \u010cesk\u00e1 republika","article_published_time":"2022-05-09T15:28:27+00:00","article_modified_time":"2022-05-09T15:30:16+00:00","og_image":[{"width":1920,"height":1080,"url":"https:\/\/d2p6e6u75xmxt8.cloudfront.net\/13\/2022\/05\/WLC-_-KRIVOKLATSKO-_-THUMBNAIL.webp","type":"image\/webp"}],"author":"radekmalina","twitter_card":"summary_large_image","twitter_misc":{"Written by":"We Love Cycling","Est. reading time":"6"},"schema":{"@context":"https:\/\/schema.org","@graph":[{"@type":"WebPage","@id":"https:\/\/www.welovecycling.com\/cs\/2022\/05\/09\/krivoklatsko-cyklovylety-s-we-love-cycling-a-jirim-jezkem\/","url":"https:\/\/www.welovecycling.com\/cs\/2022\/05\/09\/krivoklatsko-cyklovylety-s-we-love-cycling-a-jirim-jezkem\/","name":"K\u0159ivokl\u00e1tsko - Cyklov\u00fdlety s We Love Cycling | \u0160koda We Love Cycling - \u010cesk\u00e1 republika","isPartOf":{"@id":"https:\/\/www.welovecycling.com\/cs\/#website"},"primaryImageOfPage":{"@id":"https:\/\/www.welovecycling.com\/cs\/2022\/05\/09\/krivoklatsko-cyklovylety-s-we-love-cycling-a-jirim-jezkem\/#primaryimage"},"image":{"@id":"https:\/\/www.welovecycling.com\/cs\/2022\/05\/09\/krivoklatsko-cyklovylety-s-we-love-cycling-a-jirim-jezkem\/#primaryimage"},"thumbnailUrl":"https:\/\/d2p6e6u75xmxt8.cloudfront.net\/13\/2022\/05\/WLC-_-KRIVOKLATSKO-_-THUMBNAIL.webp","datePublished":"2022-05-09T15:28:27+00:00","dateModified":"2022-05-09T15:30:16+00:00","author":{"@id":"https:\/\/www.welovecycling.com\/cs\/#\/schema\/person\/d9eeb0a378f3a7e4a6d12d2b536b04b8"},"description":"Cyklov\u00fdlet s We Love Cycling! K\u0159ivokl\u00e1tsko bylo c\u00edlem prvn\u00edho d\u00edlu obrazov\u00e9ho seri\u00e1lu tip\u016f, kam vyrazit v sedle kola.","inLanguage":"cs","potentialAction":[{"@type":"ReadAction","target":["https:\/\/www.welovecycling.com\/cs\/2022\/05\/09\/krivoklatsko-cyklovylety-s-we-love-cycling-a-jirim-jezkem\/"]}]},{"@type":"ImageObject","inLanguage":"cs","@id":"https:\/\/www.welovecycling.com\/cs\/2022\/05\/09\/krivoklatsko-cyklovylety-s-we-love-cycling-a-jirim-jezkem\/#primaryimage","url":"https:\/\/d2p6e6u75xmxt8.cloudfront.net\/13\/2022\/05\/WLC-_-KRIVOKLATSKO-_-THUMBNAIL.webp","contentUrl":"https:\/\/d2p6e6u75xmxt8.cloudfront.net\/13\/2022\/05\/WLC-_-KRIVOKLATSKO-_-THUMBNAIL.webp","width":1920,"height":1080},{"@type":"WebSite","@id":"https:\/\/www.welovecycling.com\/cs\/#website","url":"https:\/\/www.welovecycling.com\/cs\/","name":"\u0160koda We Love Cycling - \u010cesk\u00e1 republika","description":"WeLoveCycling.cz je online magaz\u00edn, kter\u00fd v\u00e1m pravideln\u011b p\u0159in\u00e1\u0161\u00ed rady a tipy, zaj\u00edmav\u00e9 \u010dl\u00e1nky, videa a jedine\u010dn\u00e9 report\u00e1\u017ee ze sv\u011bta cyklistiky.","potentialAction":[{"@type":"SearchAction","target":{"@type":"EntryPoint","urlTemplate":"https:\/\/www.welovecycling.com\/cs\/?s={search_term_string}"},"query-input":{"@type":"PropertyValueSpecification","valueRequired":true,"valueName":"search_term_string"}}],"inLanguage":"cs"},{"@type":"Person","@id":"https:\/\/www.welovecycling.com\/cs\/#\/schema\/person\/d9eeb0a378f3a7e4a6d12d2b536b04b8","name":"radekmalina","image":{"@type":"ImageObject","inLanguage":"cs","@id":"https:\/\/www.welovecycling.com\/cs\/#\/schema\/person\/image\/","url":"https:\/\/secure.gravatar.com\/avatar\/66994b632cb8c39a46b9f54afa3ae07201b678d32a54275b6f1c9ffec356bfc0?s=96&d=mm&r=g","contentUrl":"https:\/\/secure.gravatar.com\/avatar\/66994b632cb8c39a46b9f54afa3ae07201b678d32a54275b6f1c9ffec356bfc0?s=96&d=mm&r=g","caption":"radekmalina"},"url":"https:\/\/www.welovecycling.com\/cs\/author\/radekmalina\/"}]}},"_links":{"self":[{"href":"https:\/\/www.welovecycling.com\/cs\/wp-json\/wp\/v2\/posts\/16843","targetHints":{"allow":["GET"]}}],"collection":[{"href":"https:\/\/www.welovecycling.com\/cs\/wp-json\/wp\/v2\/posts"}],"about":[{"href":"https:\/\/www.welovecycling.com\/cs\/wp-json\/wp\/v2\/types\/post"}],"author":[{"embeddable":true,"href":"https:\/\/www.welovecycling.com\/cs\/wp-json\/wp\/v2\/users\/138"}],"replies":[{"embeddable":true,"href":"https:\/\/www.welovecycling.com\/cs\/wp-json\/wp\/v2\/comments?post=16843"}],"version-history":[{"count":2,"href":"https:\/\/www.welovecycling.com\/cs\/wp-json\/wp\/v2\/posts\/16843\/revisions"}],"predecessor-version":[{"id":16897,"href":"https:\/\/www.welovecycling.com\/cs\/wp-json\/wp\/v2\/posts\/16843\/revisions\/16897"}],"wp:featuredmedia":[{"embeddable":true,"href":"https:\/\/www.welovecycling.com\/cs\/wp-json\/wp\/v2\/media\/16875"}],"wp:attachment":[{"href":"https:\/\/www.welovecycling.com\/cs\/wp-json\/wp\/v2\/media?parent=16843"}],"wp:term":[{"taxonomy":"category","embeddable":true,"href":"https:\/\/www.welovecycling.com\/cs\/wp-json\/wp\/v2\/categories?post=16843"},{"taxonomy":"post_tag","embeddable":true,"href":"https:\/\/www.welovecycling.com\/cs\/wp-json\/wp\/v2\/tags?post=16843"},{"taxonomy":"global-categories","embeddable":true,"href":"https:\/\/www.welovecycling.com\/cs\/wp-json\/wp\/v2\/global-categories?post=16843"}],"curies":[{"name":"wp","href":"https:\/\/api.w.org\/{rel}","templated":true}]}}