{"id":16752,"date":"2022-04-24T13:29:16","date_gmt":"2022-04-24T11:29:16","guid":{"rendered":"https:\/\/www.welovecycling.com\/cs\/?p=16752"},"modified":"2022-04-24T13:29:16","modified_gmt":"2022-04-24T11:29:16","slug":"tip-na-vylet-ronda-piccola-highway-to-hell","status":"publish","type":"post","link":"https:\/\/www.welovecycling.com\/cs\/2022\/04\/24\/tip-na-vylet-ronda-piccola-highway-to-hell\/","title":{"rendered":"Tip na v\u00fdlet &#8211; Ronda Piccola: Highway to hell"},"content":{"rendered":"<p><strong>Patn\u00e1ct kilometr\u016f do kopce, patn\u00e1ct zase dol\u016f a k tomu 1000 v\u00fd\u0161kov\u00fdch metr\u016f. To je z\u00e1vod Ronda Piccola, kter\u00fd startuje na severu jezera Garda pravideln\u011b p\u0159i Bike festivalu Garda Trentino, kter\u00fd se letos uskute\u010dn\u00ed b\u011bhem v\u00edkendu na p\u0159elomu dubna a kv\u011btna.<\/strong><\/p>\n<p>We Love Cycling vyrazil na severn\u00ed \u010d\u00e1st jezera Lago di Garda zmapovat nejen okruh nejkrat\u0161\u00edho ze z\u00e1vod\u016f, kter\u00e9 se v\u00a0r\u00e1mci nejv\u011bt\u0161\u00ed p\u0159ehl\u00eddky cyklistick\u00fdch novinek pod \u0161ir\u00fdm nebem kon\u00e1&#8230;<\/p>\n<p><strong>\u00a0<\/strong>\u201eKouk\u00e1m se na mapu a \u0159\u00edk\u00e1m si, \u017ee tam mus\u00ed b\u00fdt n\u011bjak\u00e1 chyba. Vid\u00edm horu &#8211; Monte Calino &#8211; za\u010d\u00edn\u00e1 v 50 metrech nad mo\u0159em, zleva se na patn\u00e1cti kilometrech zved\u00e1 do v\u00fd\u0161ky 1000 metr\u016f a zprava o n\u011bco prud\u010deji (taky na patn\u00e1cti kilometrech) pad\u00e1 zase dol\u016f.<\/p>\n<div class=\"shortcode-ys-post-pinup\"><article class=\"loop-simple post-16708 post type-post status-publish format-standard has-post-thumbnail hentry category-letape-czech-republic tag-cyklistika tag-letape-czech-republic-by-tour-de-france-2022 tag-letape-czech-republic-2022 tag-letape-czech-republic-by-tour-de-france tag-profil-letape-czech-republic-2022 tag-silnicni-cyklistika tag-trasa-letape-czech-republic-by-tour-de-france-2022 tag-trat-letape-czech-republic-by-tour-de-france-2022 tag-vojtech-hacecky global-categories-cycling\" data-postid=\"16708\" role=\"article\" data-post-id=\"16708\" data-word-count=\"1115\" data-headline-length=\"93\" data-category=\"L&#039;Etape Czech Republic\" data-global-category=\"Cycling\" data-author=\"We Love Cycling\" data-published=\"2022-04-22T07:00:44+02:00\" data-published-day=\"Friday\">\n    <div class=\"entry-thumbnail article-thumbnail\" content=\"https:\/\/d2p6e6u75xmxt8.cloudfront.net\/13\/2021\/12\/l-etape-PROFIL_LONG_ROUTE-2022-150x150.webp\"><a href=\"https:\/\/www.welovecycling.com\/cs\/2022\/04\/22\/letape-czech-republic-2022-hodne-korenena-smes-vrcharske-driny-a-jizdy-na-vetru\/\" class=\"image-holder\" target=\"_self\"><img decoding=\"async\" loading=\"lazy\" class=\"\" src=\"https:\/\/d2p6e6u75xmxt8.cloudfront.net\/13\/2021\/12\/l-etape-PROFIL_LONG_ROUTE-2022-1024x723.webp\" srcset=\"https:\/\/d2p6e6u75xmxt8.cloudfront.net\/13\/2021\/12\/l-etape-PROFIL_LONG_ROUTE-2022.webp 2414w, https:\/\/d2p6e6u75xmxt8.cloudfront.net\/13\/2021\/12\/l-etape-PROFIL_LONG_ROUTE-2022-300x212.webp 300w, https:\/\/d2p6e6u75xmxt8.cloudfront.net\/13\/2021\/12\/l-etape-PROFIL_LONG_ROUTE-2022-1024x723.webp 1024w, https:\/\/d2p6e6u75xmxt8.cloudfront.net\/13\/2021\/12\/l-etape-PROFIL_LONG_ROUTE-2022-768x542.webp 768w, https:\/\/d2p6e6u75xmxt8.cloudfront.net\/13\/2021\/12\/l-etape-PROFIL_LONG_ROUTE-2022-1536x1084.webp 1536w, https:\/\/d2p6e6u75xmxt8.cloudfront.net\/13\/2021\/12\/l-etape-PROFIL_LONG_ROUTE-2022-2048x1446.webp 2048w, https:\/\/d2p6e6u75xmxt8.cloudfront.net\/13\/2021\/12\/l-etape-PROFIL_LONG_ROUTE-2022-1920x1355.webp 1920w, https:\/\/d2p6e6u75xmxt8.cloudfront.net\/13\/2021\/12\/l-etape-PROFIL_LONG_ROUTE-2022-1920x1355.webp 1920w\" width=\"1024\" height=\"723\" sizes=\"auto, (min-width: 1200px) 300px, (min-width: 768px) 25vw, 100vw\" alt=\"letape-czech-republic-2022-hodne-korenena-smes-vrcharske-driny-a-jizdy-na-vetru\"\/><\/a><\/div>    <div class=\"entry-meta\">\n        <a class=\"label label-secondary post-category\" href=\"https:\/\/www.welovecycling.com\/cs\/category\/letape-czech-republic\/\" title=\"L'Etape Czech Republic\">L'Etape Czech Republic<\/a>\n    <\/div>\n    <div class=\"entry-details\">\n        <a href=\"https:\/\/www.welovecycling.com\/cs\/2022\/04\/22\/letape-czech-republic-2022-hodne-korenena-smes-vrcharske-driny-a-jizdy-na-vetru\/\" class='entry-title-wrapper'>\n            <h3 class=\"entry-title\"><span>L\u2019Etape Czech Republic 2022: hodn\u011b ko\u0159en\u011bn\u00e1 sm\u011bs vrcha\u0159sk\u00e9 d\u0159iny a j\u00edzdy na v\u011btru<\/span><\/h3>\n        <\/a>\n    <\/div>\n    <\/article>\n<\/div>\n<p>Prvn\u00ed chyba nastala, kdy\u017e jsem odepsala &#8222;OK&#8220; na kamar\u00e1d\u010din email, ve kter\u00e9m mi oznamovala: &#8222;P\u0159ihl\u00e1sila jsem t\u011b na z\u00e1vod, to d\u00e1\u0161.&#8220; Druhou chybou bylo, kdy\u017e jsem den p\u0159ed z\u00e1vodem je\u0161t\u011b v poledne sed\u011bla v Praze v pr\u00e1ci, nest\u00edhala a nedok\u00e1zala napsat: &#8222;NE&#8220;.<\/p>\n<p>Pak u\u017e to \u0161lo rychle &#8211; p\u0159ejezd p\u00e1te\u010dn\u00edmi z\u00e1cpami k jezeru Garda v It\u00e1lii, pozdn\u00ed ve\u010de\u0159e v Torbole v restauraci v Casa Beust na b\u0159ehu jezera, \u0161est hodin neklidn\u00e9ho sp\u00e1nku, odjezd z hotelu za tmy na start, kter\u00fd prov\u00e1zel zn\u00e1m\u00fd hit Highway to hell.<\/p>\n<p>Bike maraton Ronda Piccola (30,67 km a 1065 vm). Heslo dne: p\u0159e\u017e\u00edt&#8230;.<\/p>\n<h2><strong>Tepovka let\u00ed nahoru<\/strong><\/h2>\n<p>Z\u00e1vod startuje v centru jednoho z nejkr\u00e1sn\u011bj\u0161\u00edch m\u011bste\u010dek u jezera Riva del Garda, kter\u00e9 je z\u00e1rove\u0148 centrem oblasti Garda Trentino. Had cyklist\u016f zato\u010d\u00ed dvakr\u00e1t doleva a rovnou za\u010dne stoupat po asfaltov\u00e9 silnici. Klikat\u00ed se a m\u00edj\u00ed vesni\u010dky Varone a Cologna, kde v kav\u00e1rn\u00e1ch m\u00edstn\u00ed l\u00edn\u011b p\u0159ihl\u00ed\u017eej\u00ed\u00a0 a \u0159idi\u010di na k\u0159i\u017eovatk\u00e1ch nervozn\u011b t\u00faruj\u00ed sv\u00e9 vozy ve snaze projet mezi pelotonem.<\/p>\n<figure id=\"attachment_16754\" aria-describedby=\"caption-attachment-16754\" style=\"width: 1280px\" class=\"wp-caption alignnone\"><a href=\"https:\/\/d2p6e6u75xmxt8.cloudfront.net\/13\/2022\/04\/ronda-piccola-20211016_105631.jpg\"><img loading=\"lazy\" decoding=\"async\" class=\"size-full wp-image-16754\" src=\"https:\/\/d2p6e6u75xmxt8.cloudfront.net\/13\/2022\/04\/ronda-piccola-20211016_105631.jpg\" alt=\"Ronda Piccola nab\u00edz\u00ed jedine\u010dn\u00e9 v\u00fdhledy\" width=\"1280\" height=\"720\" \/><\/a><figcaption id=\"caption-attachment-16754\" class=\"wp-caption-text\"><em>Ronda Piccola nab\u00edz\u00ed jedine\u010dn\u00e9 v\u00fdhledy.\u00a0<\/em><\/figcaption><\/figure>\n<p>Ob\u010das si s n\u011bk\u00fdm pov\u00edd\u00e1m, ob\u010das \u0161lapu sama. A kdy\u017e se vedle m\u011b ozve: &#8222;Mein Schatz, trink mal!&#8220;, pod\u011bkuji za dobrou radu a napiju se, by\u0165 m\u00ed\u0159ila na jinou sle\u010dnu.<\/p>\n<p>Silni\u010dn\u00ed \u00fasek je docela dlouh\u00fd, chytr\u00e9 hodinky ukazuj\u00ed, \u017ee u\u017e jsme nastoupali 450 v\u00fd\u0161kov\u00fdch metr\u016f. Ne\u017e n\u00e1s silnice v Tennu vypust\u00ed na \u0161otolinu, mus\u00edme je\u0161t\u011b pod kostelem vy\u0161lapat hodn\u011b ostrou \u201est\u0159echu\u201c, kde tep let\u00ed nahoru. \u0160koda, \u017ee v rann\u00edch zmatc\u00edch z\u016fstal hrudn\u00ed p\u00e1s na pokoji, ur\u010dit\u011b by ukazoval tep p\u0159es 180.<\/p>\n<div class=\"shortcode-ys-post-pinup\"><article class=\"loop-simple post-16667 post type-post status-publish format-standard has-post-thumbnail hentry category-zeny tag-cyklistika tag-kristyna-burlova tag-lotto-soudal tag-zeny global-categories-cycling\" data-postid=\"16667\" role=\"article\" data-post-id=\"16667\" data-word-count=\"675\" data-headline-length=\"75\" data-category=\"\u017deny\" data-global-category=\"Cycling\" data-author=\"Jan Kr\u016fta\" data-published=\"2022-04-14T06:00:46+02:00\" data-published-day=\"Thursday\">\n    <div class=\"entry-thumbnail article-thumbnail\" content=\"https:\/\/d2p6e6u75xmxt8.cloudfront.net\/13\/2022\/04\/kristyna-burlova-BrychtaJan_MR_MCR_MSR_Mlada_Boleslav_20200820_143121_DSC_6635-150x150.webp\"><a href=\"https:\/\/www.welovecycling.com\/cs\/2022\/04\/14\/kristyna-burlova-se-upsala-elitnimu-tymu-lotto-soudal-splnil-se-mi-sen\/\" class=\"image-holder\" target=\"_self\"><img decoding=\"async\" loading=\"lazy\" class=\"\" src=\"https:\/\/d2p6e6u75xmxt8.cloudfront.net\/13\/2022\/04\/kristyna-burlova-BrychtaJan_MR_MCR_MSR_Mlada_Boleslav_20200820_143121_DSC_6635-1024x681.webp\" srcset=\"https:\/\/d2p6e6u75xmxt8.cloudfront.net\/13\/2022\/04\/kristyna-burlova-BrychtaJan_MR_MCR_MSR_Mlada_Boleslav_20200820_143121_DSC_6635.webp 2000w, https:\/\/d2p6e6u75xmxt8.cloudfront.net\/13\/2022\/04\/kristyna-burlova-BrychtaJan_MR_MCR_MSR_Mlada_Boleslav_20200820_143121_DSC_6635-300x200.webp 300w, https:\/\/d2p6e6u75xmxt8.cloudfront.net\/13\/2022\/04\/kristyna-burlova-BrychtaJan_MR_MCR_MSR_Mlada_Boleslav_20200820_143121_DSC_6635-1024x681.webp 1024w, https:\/\/d2p6e6u75xmxt8.cloudfront.net\/13\/2022\/04\/kristyna-burlova-BrychtaJan_MR_MCR_MSR_Mlada_Boleslav_20200820_143121_DSC_6635-768x511.webp 768w, https:\/\/d2p6e6u75xmxt8.cloudfront.net\/13\/2022\/04\/kristyna-burlova-BrychtaJan_MR_MCR_MSR_Mlada_Boleslav_20200820_143121_DSC_6635-1536x1022.webp 1536w, https:\/\/d2p6e6u75xmxt8.cloudfront.net\/13\/2022\/04\/kristyna-burlova-BrychtaJan_MR_MCR_MSR_Mlada_Boleslav_20200820_143121_DSC_6635-1920x1278.webp 1920w, https:\/\/d2p6e6u75xmxt8.cloudfront.net\/13\/2022\/04\/kristyna-burlova-BrychtaJan_MR_MCR_MSR_Mlada_Boleslav_20200820_143121_DSC_6635-272x182.webp 272w, https:\/\/d2p6e6u75xmxt8.cloudfront.net\/13\/2022\/04\/kristyna-burlova-BrychtaJan_MR_MCR_MSR_Mlada_Boleslav_20200820_143121_DSC_6635-1920x1278.webp 1920w\" width=\"1024\" height=\"681\" sizes=\"auto, (min-width: 1200px) 300px, (min-width: 768px) 25vw, 100vw\" alt=\"kristyna-burlova-se-upsala-elitnimu-tymu-lotto-soudal-splnil-se-mi-sen\"\/><\/a><\/div>    <div class=\"entry-meta\">\n        <a class=\"label label-secondary post-category\" href=\"https:\/\/www.welovecycling.com\/cs\/category\/zeny\/\" title=\"\u017deny\">\u017deny<\/a>\n    <\/div>\n    <div class=\"entry-details\">\n        <a href=\"https:\/\/www.welovecycling.com\/cs\/2022\/04\/14\/kristyna-burlova-se-upsala-elitnimu-tymu-lotto-soudal-splnil-se-mi-sen\/\" class='entry-title-wrapper'>\n            <h3 class=\"entry-title\"><span>Krist\u00fdna Burlov\u00e1 se upsala elitn\u00edmu t\u00fdmu Lotto Soudal: Splnil se mi sen<\/span><\/h3>\n        <\/a>\n    <\/div>\n    <\/article>\n<\/div>\n<p>M\u00edj\u00edme malebn\u00e9 jezero Tenno, vinice, sady a kousek d\u00e1l u\u017e se no\u0159\u00edme do lesa. Ob\u010das n\u00e1m dovol\u00ed v\u00fdhled do \u00fadol\u00ed, ob\u010das je cesta p\u0159\u00edv\u011btiv\u00e1, jindy se nebezpe\u010dn\u011b zved\u00e1, obzvl\u00e1\u0161\u0165, kdy\u017e se bl\u00ed\u017e\u00edme k vrcholu. Dvakr\u00e1t to vzd\u00e1m a v prudk\u00e9m stoup\u00e1n\u00ed, kdy u\u017e to vypad\u00e1, \u017ee sebou t\u0159\u00edsknu, rad\u011bji kolo tla\u010d\u00edm.<\/p>\n<p>Ob\u010derstvova\u010dka. Dopln\u00edm bidon, nev\u0161imnu si kr\u00e1sn\u00fdch v\u00fdhled\u016f (ty mi pozd\u011bji kamar\u00e1d uk\u00e1\u017ee na fotk\u00e1ch) a nech\u00e1m se od obsluhy ukonej\u0161it, \u017ee tohle u\u017e je vrchol. Nen\u00ed, \u010dek\u00e1 m\u011b dal\u0161\u00edch asi p\u011bt set metr\u016f. Tohle je teprve Highway to hell.<\/p>\n<h2><strong>Z pekeln\u00e9ho sjezdu p\u0159\u00edjemn\u00fd flow<\/strong><\/h2>\n<p>Ta prav\u00e1 d\u00e1lnice do pekla ale za\u010d\u00edn\u00e1 o trochu pozd\u011bji. Ve sjezdu. Prav\u00e1 strana kopce pad\u00e1 dol\u016f strm\u011bji. Stezka trasy Ronda Piccola je \u00fazk\u00e1 pln\u00e1 kulat\u00fdch valoun\u016f prosypan\u00fdch p\u00edskem, m\u00edsty vykukuj\u00ed ko\u0159eny, klopenky ostr\u00e9, kolo plave jako na ledov\u00fdch plotn\u00e1ch. Vzpomenu si, jak jsem p\u0159ed t\u0159emi lety o 70 km severn\u011bji let\u011bla \u010dty\u0159i metry ze svahu dol\u016f, v letu odhazovala kolo, a p\u0159itom si vymkla kotn\u00edk.<\/p>\n<p>Tentokr\u00e1t nelet\u00edm&#8230; rad\u011bji kolo vedu.<\/p>\n<p>Nestyd\u00edm se, neboj\u00edm se&#8230;.<\/p>\n<p>A nakonec si to u\u017e\u00edv\u00e1m, a\u017e se sjezd zm\u011bn\u00ed v p\u0159\u00edjemn\u00fd flow.<\/p>\n<figure id=\"attachment_16753\" aria-describedby=\"caption-attachment-16753\" style=\"width: 1920px\" class=\"wp-caption alignnone\"><a href=\"https:\/\/d2p6e6u75xmxt8.cloudfront.net\/13\/2022\/04\/ronda-piccola-hires-scaled.jpg\"><img loading=\"lazy\" decoding=\"async\" class=\"size-extra-large wp-image-16753\" src=\"https:\/\/d2p6e6u75xmxt8.cloudfront.net\/13\/2022\/04\/ronda-piccola-hires-1920x1280.jpg\" alt=\"Ronda Piccola prov\u011b\u0159\u00ed s\u00edly ka\u017ed\u00e9ho bikera. \" width=\"1920\" height=\"1280\" \/><\/a><figcaption id=\"caption-attachment-16753\" class=\"wp-caption-text\"><em>Ronda Piccola prov\u011b\u0159\u00ed s\u00edly ka\u017ed\u00e9ho bikera.<\/em><\/figcaption><\/figure>\n<p>Kdy\u017e se cesta vyno\u0159\u00ed z lesa, otev\u0159ou se v\u00fdhledy na Gardu, chv\u00edlemi se kles\u00e1 po asfaltu, jindy trasa zna\u010den\u00e1 f\u00e1borkami zapluje mezi vinice a sady, aby m\u011b pak po asfaltu a ob\u010das u\u017e i v omezen\u00e9 doprav\u011b dovedla zp\u011bt do Rivy.<\/p>\n<p>Bylo to kr\u00e1sn\u00e9 a bylo toho dost. Kdy\u017e pozd\u011bji sed\u00edm na slun\u00ed\u010dku v Riv\u011b na n\u00e1m\u011bst\u00ed a d\u00e1v\u00e1m si Aperol Spritz, p\u00ed\u0161u kamar\u00e1dce SMS: &#8222;I kill you!&#8220;<\/p>\n<p>PS: Trail Ronda Piccola je na Gard\u011b novinkou. GPS s jeho trasou si m\u016f\u017eete st\u00e1hnout na Gardatrentino.it a zkusit si to na vlastn\u00ed k\u016f\u017ei bez startovn\u00edho v\u00fdst\u0159elu.<\/p>\n","protected":false},"excerpt":{"rendered":"<p>Patn\u00e1ct kilometr\u016f do kopce, patn\u00e1ct zase dol\u016f a k tomu 1000 v\u00fd\u0161kov\u00fdch metr\u016f. To je z\u00e1vod Ronda Piccola, kter\u00fd startuje [&hellip;]<\/p>\n","protected":false},"author":138,"featured_media":16755,"comment_status":"open","ping_status":"open","sticky":false,"template":"","format":"standard","meta":{"footnotes":""},"categories":[167],"tags":[126,2366,56,1089,2307,2306],"global-categories":[411],"class_list":["post-16752","post","type-post","status-publish","format-standard","has-post-thumbnail","hentry","category-tipy-na-vylet","tag-cyklistika","tag-garda-trentino","tag-horska-cyklistika","tag-lago-di-garda","tag-lago-di-tenno","tag-ronda-piccola","global-categories-cycling"],"yoast_head":"<!-- This site is optimized with the Yoast SEO Premium plugin v25.3 (Yoast SEO v25.9) - https:\/\/yoast.com\/wordpress\/plugins\/seo\/ -->\n<title>Tip na v\u00fdlet - Ronda Piccola: Highway to hell | \u0160koda We Love Cycling - \u010cesk\u00e1 republika<\/title>\n<meta name=\"description\" content=\"Patn\u00e1ct kilometr\u016f do kopce, patn\u00e1ct zase dol\u016f a k tomu 1000 v\u00fd\u0161kov\u00fdch metr\u016f. To je z\u00e1vod Ronda Piccola na severu jezera Garda.\" \/>\n<meta name=\"robots\" content=\"index, follow, max-snippet:-1, max-image-preview:large, max-video-preview:-1\" \/>\n<link rel=\"canonical\" href=\"https:\/\/www.welovecycling.com\/cs\/2022\/04\/24\/tip-na-vylet-ronda-piccola-highway-to-hell\/\" \/>\n<meta property=\"og:locale\" content=\"cs_CZ\" \/>\n<meta property=\"og:type\" content=\"article\" \/>\n<meta property=\"og:title\" content=\"Tip na v\u00fdlet - Ronda Piccola: Highway to hell\" \/>\n<meta property=\"og:description\" content=\"Patn\u00e1ct kilometr\u016f do kopce, patn\u00e1ct zase dol\u016f a k tomu 1000 v\u00fd\u0161kov\u00fdch metr\u016f. To je z\u00e1vod Ronda Piccola na severu jezera Garda.\" \/>\n<meta property=\"og:url\" content=\"https:\/\/www.welovecycling.com\/cs\/2022\/04\/24\/tip-na-vylet-ronda-piccola-highway-to-hell\/\" \/>\n<meta property=\"og:site_name\" content=\"\u0160koda We Love Cycling - \u010cesk\u00e1 republika\" \/>\n<meta property=\"article:published_time\" content=\"2022-04-24T11:29:16+00:00\" \/>\n<meta property=\"og:image\" content=\"https:\/\/d2p6e6u75xmxt8.cloudfront.net\/13\/2022\/04\/ronda-piccola-garda-20210521_132450-002.webp\" \/>\n\t<meta property=\"og:image:width\" content=\"2000\" \/>\n\t<meta property=\"og:image:height\" content=\"1500\" \/>\n\t<meta property=\"og:image:type\" content=\"image\/webp\" \/>\n<meta name=\"author\" content=\"radekmalina\" \/>\n<meta name=\"twitter:card\" content=\"summary_large_image\" \/>\n<meta name=\"twitter:label1\" content=\"Written by\" \/>\n\t<meta name=\"twitter:data1\" content=\"Jan Kr\u016fta\" \/>\n\t<meta name=\"twitter:label2\" content=\"Est. reading time\" \/>\n\t<meta name=\"twitter:data2\" content=\"6\" \/>\n<script type=\"application\/ld+json\" class=\"yoast-schema-graph\">{\"@context\":\"https:\/\/schema.org\",\"@graph\":[{\"@type\":\"WebPage\",\"@id\":\"https:\/\/www.welovecycling.com\/cs\/2022\/04\/24\/tip-na-vylet-ronda-piccola-highway-to-hell\/\",\"url\":\"https:\/\/www.welovecycling.com\/cs\/2022\/04\/24\/tip-na-vylet-ronda-piccola-highway-to-hell\/\",\"name\":\"Tip na v\u00fdlet - Ronda Piccola: Highway to hell | \u0160koda We Love Cycling - \u010cesk\u00e1 republika\",\"isPartOf\":{\"@id\":\"https:\/\/www.welovecycling.com\/cs\/#website\"},\"primaryImageOfPage\":{\"@id\":\"https:\/\/www.welovecycling.com\/cs\/2022\/04\/24\/tip-na-vylet-ronda-piccola-highway-to-hell\/#primaryimage\"},\"image\":{\"@id\":\"https:\/\/www.welovecycling.com\/cs\/2022\/04\/24\/tip-na-vylet-ronda-piccola-highway-to-hell\/#primaryimage\"},\"thumbnailUrl\":\"https:\/\/d2p6e6u75xmxt8.cloudfront.net\/13\/2022\/04\/ronda-piccola-garda-20210521_132450-002.webp\",\"datePublished\":\"2022-04-24T11:29:16+00:00\",\"author\":{\"@id\":\"https:\/\/www.welovecycling.com\/cs\/#\/schema\/person\/d9eeb0a378f3a7e4a6d12d2b536b04b8\"},\"description\":\"Patn\u00e1ct kilometr\u016f do kopce, patn\u00e1ct zase dol\u016f a k tomu 1000 v\u00fd\u0161kov\u00fdch metr\u016f. To je z\u00e1vod Ronda Piccola na severu jezera Garda.\",\"inLanguage\":\"cs\",\"potentialAction\":[{\"@type\":\"ReadAction\",\"target\":[\"https:\/\/www.welovecycling.com\/cs\/2022\/04\/24\/tip-na-vylet-ronda-piccola-highway-to-hell\/\"]}]},{\"@type\":\"ImageObject\",\"inLanguage\":\"cs\",\"@id\":\"https:\/\/www.welovecycling.com\/cs\/2022\/04\/24\/tip-na-vylet-ronda-piccola-highway-to-hell\/#primaryimage\",\"url\":\"https:\/\/d2p6e6u75xmxt8.cloudfront.net\/13\/2022\/04\/ronda-piccola-garda-20210521_132450-002.webp\",\"contentUrl\":\"https:\/\/d2p6e6u75xmxt8.cloudfront.net\/13\/2022\/04\/ronda-piccola-garda-20210521_132450-002.webp\",\"width\":2000,\"height\":1500},{\"@type\":\"WebSite\",\"@id\":\"https:\/\/www.welovecycling.com\/cs\/#website\",\"url\":\"https:\/\/www.welovecycling.com\/cs\/\",\"name\":\"\u0160koda We Love Cycling - \u010cesk\u00e1 republika\",\"description\":\"WeLoveCycling.cz je online magaz\u00edn, kter\u00fd v\u00e1m pravideln\u011b p\u0159in\u00e1\u0161\u00ed rady a tipy, zaj\u00edmav\u00e9 \u010dl\u00e1nky, videa a jedine\u010dn\u00e9 report\u00e1\u017ee ze sv\u011bta cyklistiky.\",\"potentialAction\":[{\"@type\":\"SearchAction\",\"target\":{\"@type\":\"EntryPoint\",\"urlTemplate\":\"https:\/\/www.welovecycling.com\/cs\/?s={search_term_string}\"},\"query-input\":{\"@type\":\"PropertyValueSpecification\",\"valueRequired\":true,\"valueName\":\"search_term_string\"}}],\"inLanguage\":\"cs\"},{\"@type\":\"Person\",\"@id\":\"https:\/\/www.welovecycling.com\/cs\/#\/schema\/person\/d9eeb0a378f3a7e4a6d12d2b536b04b8\",\"name\":\"radekmalina\",\"image\":{\"@type\":\"ImageObject\",\"inLanguage\":\"cs\",\"@id\":\"https:\/\/www.welovecycling.com\/cs\/#\/schema\/person\/image\/\",\"url\":\"https:\/\/secure.gravatar.com\/avatar\/66994b632cb8c39a46b9f54afa3ae07201b678d32a54275b6f1c9ffec356bfc0?s=96&d=mm&r=g\",\"contentUrl\":\"https:\/\/secure.gravatar.com\/avatar\/66994b632cb8c39a46b9f54afa3ae07201b678d32a54275b6f1c9ffec356bfc0?s=96&d=mm&r=g\",\"caption\":\"radekmalina\"},\"url\":\"https:\/\/www.welovecycling.com\/cs\/author\/radekmalina\/\"}]}<\/script>\n<!-- \/ Yoast SEO Premium plugin. -->","yoast_head_json":{"title":"Tip na v\u00fdlet - Ronda Piccola: Highway to hell | \u0160koda We Love Cycling - \u010cesk\u00e1 republika","description":"Patn\u00e1ct kilometr\u016f do kopce, patn\u00e1ct zase dol\u016f a k tomu 1000 v\u00fd\u0161kov\u00fdch metr\u016f. To je z\u00e1vod Ronda Piccola na severu jezera Garda.","robots":{"index":"index","follow":"follow","max-snippet":"max-snippet:-1","max-image-preview":"max-image-preview:large","max-video-preview":"max-video-preview:-1"},"canonical":"https:\/\/www.welovecycling.com\/cs\/2022\/04\/24\/tip-na-vylet-ronda-piccola-highway-to-hell\/","og_locale":"cs_CZ","og_type":"article","og_title":"Tip na v\u00fdlet - Ronda Piccola: Highway to hell","og_description":"Patn\u00e1ct kilometr\u016f do kopce, patn\u00e1ct zase dol\u016f a k tomu 1000 v\u00fd\u0161kov\u00fdch metr\u016f. To je z\u00e1vod Ronda Piccola na severu jezera Garda.","og_url":"https:\/\/www.welovecycling.com\/cs\/2022\/04\/24\/tip-na-vylet-ronda-piccola-highway-to-hell\/","og_site_name":"\u0160koda We Love Cycling - \u010cesk\u00e1 republika","article_published_time":"2022-04-24T11:29:16+00:00","og_image":[{"width":2000,"height":1500,"url":"https:\/\/d2p6e6u75xmxt8.cloudfront.net\/13\/2022\/04\/ronda-piccola-garda-20210521_132450-002.webp","type":"image\/webp"}],"author":"radekmalina","twitter_card":"summary_large_image","twitter_misc":{"Written by":"Jan Kr\u016fta","Est. reading time":"6"},"schema":{"@context":"https:\/\/schema.org","@graph":[{"@type":"WebPage","@id":"https:\/\/www.welovecycling.com\/cs\/2022\/04\/24\/tip-na-vylet-ronda-piccola-highway-to-hell\/","url":"https:\/\/www.welovecycling.com\/cs\/2022\/04\/24\/tip-na-vylet-ronda-piccola-highway-to-hell\/","name":"Tip na v\u00fdlet - Ronda Piccola: Highway to hell | \u0160koda We Love Cycling - \u010cesk\u00e1 republika","isPartOf":{"@id":"https:\/\/www.welovecycling.com\/cs\/#website"},"primaryImageOfPage":{"@id":"https:\/\/www.welovecycling.com\/cs\/2022\/04\/24\/tip-na-vylet-ronda-piccola-highway-to-hell\/#primaryimage"},"image":{"@id":"https:\/\/www.welovecycling.com\/cs\/2022\/04\/24\/tip-na-vylet-ronda-piccola-highway-to-hell\/#primaryimage"},"thumbnailUrl":"https:\/\/d2p6e6u75xmxt8.cloudfront.net\/13\/2022\/04\/ronda-piccola-garda-20210521_132450-002.webp","datePublished":"2022-04-24T11:29:16+00:00","author":{"@id":"https:\/\/www.welovecycling.com\/cs\/#\/schema\/person\/d9eeb0a378f3a7e4a6d12d2b536b04b8"},"description":"Patn\u00e1ct kilometr\u016f do kopce, patn\u00e1ct zase dol\u016f a k tomu 1000 v\u00fd\u0161kov\u00fdch metr\u016f. To je z\u00e1vod Ronda Piccola na severu jezera Garda.","inLanguage":"cs","potentialAction":[{"@type":"ReadAction","target":["https:\/\/www.welovecycling.com\/cs\/2022\/04\/24\/tip-na-vylet-ronda-piccola-highway-to-hell\/"]}]},{"@type":"ImageObject","inLanguage":"cs","@id":"https:\/\/www.welovecycling.com\/cs\/2022\/04\/24\/tip-na-vylet-ronda-piccola-highway-to-hell\/#primaryimage","url":"https:\/\/d2p6e6u75xmxt8.cloudfront.net\/13\/2022\/04\/ronda-piccola-garda-20210521_132450-002.webp","contentUrl":"https:\/\/d2p6e6u75xmxt8.cloudfront.net\/13\/2022\/04\/ronda-piccola-garda-20210521_132450-002.webp","width":2000,"height":1500},{"@type":"WebSite","@id":"https:\/\/www.welovecycling.com\/cs\/#website","url":"https:\/\/www.welovecycling.com\/cs\/","name":"\u0160koda We Love Cycling - \u010cesk\u00e1 republika","description":"WeLoveCycling.cz je online magaz\u00edn, kter\u00fd v\u00e1m pravideln\u011b p\u0159in\u00e1\u0161\u00ed rady a tipy, zaj\u00edmav\u00e9 \u010dl\u00e1nky, videa a jedine\u010dn\u00e9 report\u00e1\u017ee ze sv\u011bta cyklistiky.","potentialAction":[{"@type":"SearchAction","target":{"@type":"EntryPoint","urlTemplate":"https:\/\/www.welovecycling.com\/cs\/?s={search_term_string}"},"query-input":{"@type":"PropertyValueSpecification","valueRequired":true,"valueName":"search_term_string"}}],"inLanguage":"cs"},{"@type":"Person","@id":"https:\/\/www.welovecycling.com\/cs\/#\/schema\/person\/d9eeb0a378f3a7e4a6d12d2b536b04b8","name":"radekmalina","image":{"@type":"ImageObject","inLanguage":"cs","@id":"https:\/\/www.welovecycling.com\/cs\/#\/schema\/person\/image\/","url":"https:\/\/secure.gravatar.com\/avatar\/66994b632cb8c39a46b9f54afa3ae07201b678d32a54275b6f1c9ffec356bfc0?s=96&d=mm&r=g","contentUrl":"https:\/\/secure.gravatar.com\/avatar\/66994b632cb8c39a46b9f54afa3ae07201b678d32a54275b6f1c9ffec356bfc0?s=96&d=mm&r=g","caption":"radekmalina"},"url":"https:\/\/www.welovecycling.com\/cs\/author\/radekmalina\/"}]}},"_links":{"self":[{"href":"https:\/\/www.welovecycling.com\/cs\/wp-json\/wp\/v2\/posts\/16752","targetHints":{"allow":["GET"]}}],"collection":[{"href":"https:\/\/www.welovecycling.com\/cs\/wp-json\/wp\/v2\/posts"}],"about":[{"href":"https:\/\/www.welovecycling.com\/cs\/wp-json\/wp\/v2\/types\/post"}],"author":[{"embeddable":true,"href":"https:\/\/www.welovecycling.com\/cs\/wp-json\/wp\/v2\/users\/138"}],"replies":[{"embeddable":true,"href":"https:\/\/www.welovecycling.com\/cs\/wp-json\/wp\/v2\/comments?post=16752"}],"version-history":[{"count":2,"href":"https:\/\/www.welovecycling.com\/cs\/wp-json\/wp\/v2\/posts\/16752\/revisions"}],"predecessor-version":[{"id":16757,"href":"https:\/\/www.welovecycling.com\/cs\/wp-json\/wp\/v2\/posts\/16752\/revisions\/16757"}],"wp:featuredmedia":[{"embeddable":true,"href":"https:\/\/www.welovecycling.com\/cs\/wp-json\/wp\/v2\/media\/16755"}],"wp:attachment":[{"href":"https:\/\/www.welovecycling.com\/cs\/wp-json\/wp\/v2\/media?parent=16752"}],"wp:term":[{"taxonomy":"category","embeddable":true,"href":"https:\/\/www.welovecycling.com\/cs\/wp-json\/wp\/v2\/categories?post=16752"},{"taxonomy":"post_tag","embeddable":true,"href":"https:\/\/www.welovecycling.com\/cs\/wp-json\/wp\/v2\/tags?post=16752"},{"taxonomy":"global-categories","embeddable":true,"href":"https:\/\/www.welovecycling.com\/cs\/wp-json\/wp\/v2\/global-categories?post=16752"}],"curies":[{"name":"wp","href":"https:\/\/api.w.org\/{rel}","templated":true}]}}