{"id":16745,"date":"2022-04-23T13:00:54","date_gmt":"2022-04-23T11:00:54","guid":{"rendered":"https:\/\/www.welovecycling.com\/cs\/?p=16745"},"modified":"2022-04-23T09:07:57","modified_gmt":"2022-04-23T07:07:57","slug":"ineos-drti-soupere-na-klasikach-tym-zdenka-stybara-tape-nastane-cistka","status":"publish","type":"post","link":"https:\/\/www.welovecycling.com\/cs\/2022\/04\/23\/ineos-drti-soupere-na-klasikach-tym-zdenka-stybara-tape-nastane-cistka\/","title":{"rendered":"Ineos drt\u00ed soupe\u0159e na klasik\u00e1ch, t\u00fdm Zde\u0148ka \u0160tybara t\u00e1pe. Nastane \u010distka?"},"content":{"rendered":"<p><strong>Belgick\u00fd t\u00fdm Quick Step-Alpha Vinyl m\u00e1 jarn\u00ed klasiky poka\u017ed\u00e9 za hlavn\u00ed c\u00edl sezony. Jm\u00e9na jako Boonen, Terpstra, \u0160tybar nebo Lampaert, to b\u00fdvala v\u00a0letech ned\u00e1vno minul\u00fdch v\u017edy jistota. Letos je v\u0161echno trochu jinak. Roli vl\u00e1dce p\u0159eb\u00edr\u00e1 britsk\u00fd Ineos.<\/strong><\/p>\n<p>Nizozemec Dylan van Baarle vyhr\u00e1l Pa\u0159\u00ed\u017e-Roubaix, na Flandrech skon\u010dil druh\u00fd. Pol\u00e1k Kwiatkowski zase ovl\u00e1dl Amstel Gold Race. Z Quick Stepu nebyl na Flandrech nikdo v top 10 a na Roubaix nejlep\u0161\u00ed des\u00e1t\u00fd Lampaert. Pr\u00e1v\u011b on byl smola\u0159em z\u00e1vodu, kdy\u017e po kontaktu s div\u00e1kem spadl z kola v momentu, kdy s Mohori\u010dem st\u00edhali vedouc\u00edho van Baarleho.<\/p>\n<p>\u201eJe mi jedno, kdo vyhraje, jen a\u0165 m\u00e1 na sob\u011b n\u00e1\u0161 dres,\u201c \u0159\u00edkal p\u0159ed startem Roubaix boss Quick Stepu Patrick Lefevere. Jeho prosby vysly\u0161eny nebyly. \u201eKlasiky jsou pro n\u00e1s velk\u00e9 zklam\u00e1n\u00ed. Chyst\u00e1me se na n\u011b od listopadu a pak \u017e\u00e1dnou nezajedeme,\u201c p\u0159idal Zden\u011bk \u0160tybar, jemu\u017e po sezon\u011b kon\u010d\u00ed smlouva, stejn\u011b jako t\u0159eba Lampaertovi. A Lefevere se nechal sly\u0161et, \u017ee obdob\u00ed do Roubaix je pro tuto dvojici kl\u00ed\u010dovou\u2026<\/p>\n<div class=\"shortcode-ys-post-pinup\"><article class=\"loop-simple post-16736 post type-post status-publish format-standard has-post-thumbnail hentry category-horska-cyklistika tag-cyklistika tag-horska-cyklistika tag-kolo-pro-zivot-2022 tag-kpz-2022 tag-zdravi global-categories-cycling\" data-postid=\"16736\" role=\"article\" data-post-id=\"16736\" data-word-count=\"222\" data-headline-length=\"71\" data-category=\"Horsk\u00e1 cyklistika\" data-global-category=\"Cycling\" data-author=\"We Love Cycling\" data-published=\"2022-04-21T16:37:08+02:00\" data-published-day=\"Thursday\">\n    <div class=\"entry-thumbnail article-thumbnail\" content=\"https:\/\/d2p6e6u75xmxt8.cloudfront.net\/13\/2021\/10\/KPZ-Beroun-2021-web1_27-150x150.webp\"><a href=\"https:\/\/www.welovecycling.com\/cs\/2022\/04\/21\/kolo-pro-zivot-2022-s-vyssim-cilem-chceme-deti-videt-sportovat\/\" class=\"image-holder\" target=\"_self\"><img decoding=\"async\" loading=\"lazy\" class=\"\" src=\"https:\/\/d2p6e6u75xmxt8.cloudfront.net\/13\/2021\/10\/KPZ-Beroun-2021-web1_27.webp\" srcset=\"https:\/\/d2p6e6u75xmxt8.cloudfront.net\/13\/2021\/10\/KPZ-Beroun-2021-web1_27.webp 900w, https:\/\/d2p6e6u75xmxt8.cloudfront.net\/13\/2021\/10\/KPZ-Beroun-2021-web1_27-300x200.webp 300w, https:\/\/d2p6e6u75xmxt8.cloudfront.net\/13\/2021\/10\/KPZ-Beroun-2021-web1_27-768x512.webp 768w, https:\/\/d2p6e6u75xmxt8.cloudfront.net\/13\/2021\/10\/KPZ-Beroun-2021-web1_27-272x182.webp 272w\" width=\"900\" height=\"600\" sizes=\"auto, (min-width: 1200px) 300px, (min-width: 768px) 25vw, 100vw\" alt=\"kolo-pro-zivot-2022-s-vyssim-cilem-chceme-deti-videt-sportovat\"\/><\/a><\/div>    <div class=\"entry-meta\">\n        <a class=\"label label-secondary post-category\" href=\"https:\/\/www.welovecycling.com\/cs\/category\/horska-cyklistika\/\" title=\"Horsk\u00e1 cyklistika\">Horsk\u00e1 cyklistika<\/a>\n    <\/div>\n    <div class=\"entry-details\">\n        <a href=\"https:\/\/www.welovecycling.com\/cs\/2022\/04\/21\/kolo-pro-zivot-2022-s-vyssim-cilem-chceme-deti-videt-sportovat\/\" class='entry-title-wrapper'>\n            <h3 class=\"entry-title\"><span>Kolo pro \u017eivot 2022 s\u00a0vy\u0161\u0161\u00edm c\u00edlem: chceme d\u011bti vid\u011bt sportovat<\/span><\/h3>\n        <\/a>\n    <\/div>\n    <\/article>\n<\/div>\n<p>\u201eQuick Stepu to \u0159adu let na nejv\u011bt\u0161\u00edch klasik\u00e1ch vych\u00e1zelo, v\u017edycky na to m\u011bli lidi a mohli rozehr\u00e1t z\u00e1vod na n\u011bkolik karet,\u201c \u0159\u00edk\u00e1 tren\u00e9r \u010desk\u00e9 silni\u010dn\u00ed reprezentace Tom\u00e1\u0161 Kone\u010dn\u00fd. \u201eTe\u010f je to vyrovnan\u011bj\u0161\u00ed, \u010dasto i v\u00edc o jednotlivc\u00edch. Ineosu zat\u00edm klasiky vych\u00e1z\u00ed par\u00e1dn\u011b a rozhodn\u011b to nebyla n\u00e1hoda. I kdy\u017e bez \u0161t\u011bst\u00ed to nikdy nejde. Ale van Baarle nebo Kwiatkowski jsou lidi, se kter\u00fdmi se mus\u00ed v\u017edy po\u010d\u00edtat,\u201c dod\u00e1v\u00e1 b\u00fdval\u00fd profesion\u00e1l.<\/p>\n<h2><strong>Ben Turner, Magnus Sheffield&#8230;\u00a0<\/strong><\/h2>\n<p>Na pap\u00ed\u0159e byli asi nejv\u011bt\u0161\u00edmi favority klasik Jumbo-Visma s\u00a0van Aertem a Alpecin-Fenix, st\u00e1j van der Poela. Druh\u00fd jmenovan\u00fd vyhr\u00e1l Flandry, van Aert skon\u010dil druh\u00fd na Roubaix. \u201eAle v\u011bt\u0161inou si to v\u00a0rozhoduj\u00edc\u00edch momentech urvali jako jednotlivci, jejich t\u00fdmy a\u017e tak siln\u00e9 nebyly. Z\u00e1vody \u010dasto tvo\u0159il Ineos a t\u0159eba Quick Step letos \u017e\u00e1dnou osobnost, kter\u00e1 by z\u00e1vod rozhodla, nem\u011bl. P\u0159itom to byl v\u011bt\u0161inou t\u00fdm, kter\u00fd dok\u00e1zal m\u00edt ve vedouc\u00ed skupin\u011b o jednoho nebo dva lidi v\u00edc ne\u017e ostatn\u00ed a z\u00a0toho klasiky vyhr\u00e1val,\u201c p\u0159izn\u00e1v\u00e1 Kone\u010dn\u00fd.<\/p>\n<p>Hlavn\u011b Pa\u0159\u00ed\u017e-Roubaix zvl\u00e1dl Ineos na jedni\u010dku. Roztrhali peloton daleko d\u0159\u00edv, ne\u017e v\u0161ichni \u010dekali. \u201eA lidi, kte\u0159\u00ed z\u016fstali vzadu, dostali na tot\u00e1ln\u00ed limit. Cht\u011bli se za ka\u017edou cenu vr\u00e1tit zp\u00e1tky. Jelo se pekeln\u00e9 tempo, a proto taky \u0161lo o nejrychlej\u0161\u00ed Roubaix historie,\u201c upozornil reprezenta\u010dn\u00ed tren\u00e9r. V\u00edt\u011bzn\u00fd van Baarle zvl\u00e1dl 257 km v neuv\u011b\u0159iteln\u00e9m pr\u016fm\u011bru 45,792 km\/hod.!<\/p>\n<figure id=\"attachment_16747\" aria-describedby=\"caption-attachment-16747\" style=\"width: 1600px\" class=\"wp-caption alignnone\"><a href=\"https:\/\/d2p6e6u75xmxt8.cloudfront.net\/13\/2022\/04\/Dylan-van-Baarle.jpg\"><img loading=\"lazy\" decoding=\"async\" class=\"size-full wp-image-16747\" src=\"https:\/\/d2p6e6u75xmxt8.cloudfront.net\/13\/2022\/04\/Dylan-van-Baarle.jpg\" alt=\"Dylan van Baarle\" width=\"1600\" height=\"1067\" \/><\/a><figcaption id=\"caption-attachment-16747\" class=\"wp-caption-text\"><em>Dylan van Baarle s trofej\u00ed za v\u00edt\u011bzstv\u00ed v klasice Pa\u0159\u00ed\u017e-Roubaix. Foto: ineosgrenadiers.com<\/em><\/figcaption><\/figure>\n<p>Zd\u00e1 se, \u017ee Ineosu se te\u010f vrac\u00ed pr\u00e1ce s\u00a0mlad\u00fdmi z\u00e1vodn\u00edky. Ke zku\u0161en\u00fdm borc\u016fm zapracov\u00e1vaj\u00ed mlad\u00edky. Ruku na srdce: kdo p\u0159ed touto sezonou znal Ameri\u010dana Magnuse Sheffielda, kter\u00fd p\u0159ed p\u00e1r dny v\u00a0necel\u00fdch dvaceti letech senza\u010dn\u011b vyhr\u00e1l Brabantsk\u00fd \u0161\u00edp? A co motor Ineosu na v\u0161ech d\u016fle\u017eit\u00fdch klasik\u00e1ch Ben Turner? Tomuto \u010dahounovi, kter\u00fd m\u011b\u0159\u00ed 194 cm, je teprve 22.<\/p>\n<div class=\"shortcode-ys-post-pinup\"><article class=\"loop-simple post-16708 post type-post status-publish format-standard has-post-thumbnail hentry category-letape-czech-republic tag-cyklistika tag-letape-czech-republic-by-tour-de-france-2022 tag-letape-czech-republic-2022 tag-letape-czech-republic-by-tour-de-france tag-profil-letape-czech-republic-2022 tag-silnicni-cyklistika tag-trasa-letape-czech-republic-by-tour-de-france-2022 tag-trat-letape-czech-republic-by-tour-de-france-2022 tag-vojtech-hacecky global-categories-cycling\" data-postid=\"16708\" role=\"article\" data-post-id=\"16708\" data-word-count=\"1115\" data-headline-length=\"93\" data-category=\"L&#039;Etape Czech Republic\" data-global-category=\"Cycling\" data-author=\"We Love Cycling\" data-published=\"2022-04-22T07:00:44+02:00\" data-published-day=\"Friday\">\n    <div class=\"entry-thumbnail article-thumbnail\" content=\"https:\/\/d2p6e6u75xmxt8.cloudfront.net\/13\/2021\/12\/l-etape-PROFIL_LONG_ROUTE-2022-150x150.webp\"><a href=\"https:\/\/www.welovecycling.com\/cs\/2022\/04\/22\/letape-czech-republic-2022-hodne-korenena-smes-vrcharske-driny-a-jizdy-na-vetru\/\" class=\"image-holder\" target=\"_self\"><img decoding=\"async\" loading=\"lazy\" class=\"\" src=\"https:\/\/d2p6e6u75xmxt8.cloudfront.net\/13\/2021\/12\/l-etape-PROFIL_LONG_ROUTE-2022-1024x723.webp\" srcset=\"https:\/\/d2p6e6u75xmxt8.cloudfront.net\/13\/2021\/12\/l-etape-PROFIL_LONG_ROUTE-2022.webp 2414w, https:\/\/d2p6e6u75xmxt8.cloudfront.net\/13\/2021\/12\/l-etape-PROFIL_LONG_ROUTE-2022-300x212.webp 300w, https:\/\/d2p6e6u75xmxt8.cloudfront.net\/13\/2021\/12\/l-etape-PROFIL_LONG_ROUTE-2022-1024x723.webp 1024w, https:\/\/d2p6e6u75xmxt8.cloudfront.net\/13\/2021\/12\/l-etape-PROFIL_LONG_ROUTE-2022-768x542.webp 768w, https:\/\/d2p6e6u75xmxt8.cloudfront.net\/13\/2021\/12\/l-etape-PROFIL_LONG_ROUTE-2022-1536x1084.webp 1536w, https:\/\/d2p6e6u75xmxt8.cloudfront.net\/13\/2021\/12\/l-etape-PROFIL_LONG_ROUTE-2022-2048x1446.webp 2048w, https:\/\/d2p6e6u75xmxt8.cloudfront.net\/13\/2021\/12\/l-etape-PROFIL_LONG_ROUTE-2022-1920x1355.webp 1920w, https:\/\/d2p6e6u75xmxt8.cloudfront.net\/13\/2021\/12\/l-etape-PROFIL_LONG_ROUTE-2022-1920x1355.webp 1920w\" width=\"1024\" height=\"723\" sizes=\"auto, (min-width: 1200px) 300px, (min-width: 768px) 25vw, 100vw\" alt=\"letape-czech-republic-2022-hodne-korenena-smes-vrcharske-driny-a-jizdy-na-vetru\"\/><\/a><\/div>    <div class=\"entry-meta\">\n        <a class=\"label label-secondary post-category\" href=\"https:\/\/www.welovecycling.com\/cs\/category\/letape-czech-republic\/\" title=\"L'Etape Czech Republic\">L'Etape Czech Republic<\/a>\n    <\/div>\n    <div class=\"entry-details\">\n        <a href=\"https:\/\/www.welovecycling.com\/cs\/2022\/04\/22\/letape-czech-republic-2022-hodne-korenena-smes-vrcharske-driny-a-jizdy-na-vetru\/\" class='entry-title-wrapper'>\n            <h3 class=\"entry-title\"><span>L\u2019Etape Czech Republic 2022: hodn\u011b ko\u0159en\u011bn\u00e1 sm\u011bs vrcha\u0159sk\u00e9 d\u0159iny a j\u00edzdy na v\u011btru<\/span><\/h3>\n        <\/a>\n    <\/div>\n    <\/article>\n<\/div>\n<p>\u201eIneos to s\u00a0mlad\u00fdmi d\u011bl\u00e1 dob\u0159e. Te\u010f m\u011bli na klasik\u00e1ch t\u0159eba t\u0159i roky chud\u0161\u00ed obdob\u00ed, kdy\u017e nebyli tak d\u011blov\u00ed, ale je vid\u011bt, \u017ee jim dozr\u00e1vaj\u00ed dal\u0161\u00ed z\u00e1vodn\u00edci,\u201c tvrd\u00ed Tom\u00e1\u0161 Kone\u010dn\u00fd.<\/p>\n<h2><strong>Vyst\u0159\u00edd\u00e1 Boonen Lefevera?<\/strong><\/h2>\n<p>N\u011bjak\u00e9 zm\u011bny ur\u010dit\u011b \u010dekaj\u00ed \u00ed Quick Step, kde se sezona z\u00a0velk\u00e9 \u010d\u00e1sti hodnot\u00ed podle \u00fasp\u011bchu na jarn\u00edch klasik\u00e1ch. Belgick\u00e1 m\u00e9dia u\u017e spekuluj\u00ed, \u017ee Patrick Lefevere odejde a v\u00a0mana\u017eersk\u00e9 funkci ho nahrad\u00ed b\u00fdval\u00fd z\u00e1vodn\u00edk t\u00fdmu Tom Boonen, \u010dty\u0159n\u00e1sobn\u00fd v\u00edt\u011bz Pa\u0159\u00ed\u017e-Roubaix.<\/p>\n<figure id=\"attachment_16746\" aria-describedby=\"caption-attachment-16746\" style=\"width: 821px\" class=\"wp-caption alignnone\"><a href=\"https:\/\/d2p6e6u75xmxt8.cloudfront.net\/13\/2022\/04\/aphilippe.png\"><img loading=\"lazy\" decoding=\"async\" class=\" wp-image-16746\" src=\"https:\/\/d2p6e6u75xmxt8.cloudfront.net\/13\/2022\/04\/aphilippe.png\" alt=\"Julian Alaphilippe\" width=\"821\" height=\"472\" \/><\/a><figcaption id=\"caption-attachment-16746\" class=\"wp-caption-text\"><em>Julian Alaphilippe se m\u00e1 pokusit pro t\u00fdm Quick Step-Alpha Vinyl zachr\u00e1nit b\u00eddn\u00e9 jaro. Foto: Quick Step-Alpha Vinyl\/Wout Beel<\/em><\/figcaption><\/figure>\n<p>\u201eTo si \u00fapln\u011b nemysl\u00edm, ale n\u011bjak\u00e9 d\u016fsledky z\u00a0toho ur\u010dit\u011b vyvod\u00ed. Sezona jim zat\u00edm nevych\u00e1z\u00ed podle p\u0159edstav a ur\u010dit\u011b dostali, co proto. Ale po\u0159\u00e1d je je\u0161t\u011b dost z\u00e1vod\u016f, kde to mohou napravit,\u201c mysl\u00ed si tren\u00e9r \u010desk\u00e9 reprezentace.<\/p>\n<div class=\"shortcode-ys-post-pinup\"><article class=\"loop-simple post-16686 post type-post status-publish format-standard has-post-thumbnail hentry category-https-www-welovecycling-com-cs-category-zabava tag-cyklistika tag-jean-stablinski tag-les-amis-de-paris-roubaix tag-pariz-roubaix tag-pave tag-peklo-severu tag-roubaix tag-silnicni-cyklistika tag-trouee-darenberg global-categories-cycling\" data-postid=\"16686\" role=\"article\" data-post-id=\"16686\" data-word-count=\"459\" data-headline-length=\"65\" data-category=\"Z\u00c1BAVA\" data-global-category=\"Cycling\" data-author=\"Adam Bouda\" data-published=\"2022-04-16T12:00:02+02:00\" data-published-day=\"Saturday\">\n    <div class=\"entry-thumbnail article-thumbnail\" content=\"https:\/\/d2p6e6u75xmxt8.cloudfront.net\/13\/2022\/04\/roubaix-AULNOY-1-150x150.webp\"><a href=\"https:\/\/www.welovecycling.com\/cs\/2022\/04\/16\/strazci-kostek-jak-pratele-roubaix-opatruji-cestu-do-pekla\/\" class=\"image-holder\" target=\"_self\"><img decoding=\"async\" loading=\"lazy\" class=\"\" src=\"https:\/\/d2p6e6u75xmxt8.cloudfront.net\/13\/2022\/04\/roubaix-AULNOY-1.webp\" srcset=\"https:\/\/d2p6e6u75xmxt8.cloudfront.net\/13\/2022\/04\/roubaix-AULNOY-1.webp 1024w, https:\/\/d2p6e6u75xmxt8.cloudfront.net\/13\/2022\/04\/roubaix-AULNOY-1-300x200.webp 300w, https:\/\/d2p6e6u75xmxt8.cloudfront.net\/13\/2022\/04\/roubaix-AULNOY-1-768x512.webp 768w, https:\/\/d2p6e6u75xmxt8.cloudfront.net\/13\/2022\/04\/roubaix-AULNOY-1-272x182.webp 272w\" width=\"1024\" height=\"683\" sizes=\"auto, (min-width: 1200px) 300px, (min-width: 768px) 25vw, 100vw\" alt=\"strazci-kostek-jak-pratele-roubaix-opatruji-cestu-do-pekla\"\/><\/a><\/div>    <div class=\"entry-meta\">\n        <a class=\"label label-secondary post-category\" href=\"https:\/\/www.welovecycling.com\/cs\/category\/https-www-welovecycling-com-cs-category-zabava\/\" title=\"Z\u00c1BAVA\">Z\u00c1BAVA<\/a>\n    <\/div>\n    <div class=\"entry-details\">\n        <a href=\"https:\/\/www.welovecycling.com\/cs\/2022\/04\/16\/strazci-kostek-jak-pratele-roubaix-opatruji-cestu-do-pekla\/\" class='entry-title-wrapper'>\n            <h3 class=\"entry-title\"><span>Str\u00e1\u017eci kostek. Jak p\u0159\u00e1tel\u00e9 Roubaix opatruj\u00ed cestu do pekla<\/span><\/h3>\n        <\/a>\n    <\/div>\n    <\/article>\n<\/div>\n<p>Prvn\u00ed \u0161anci na repar\u00e1t budou m\u00edt z\u00e1vodn\u00edci belgick\u00e9 st\u00e1je u\u017e v ned\u011bli na dal\u0161\u00ed kr\u00e1lovn\u011b klasik Lutych-Bastogne-Lutych. Postav\u00ed obm\u011bn\u011bn\u00fd t\u00fdm v \u010dele s Alaphilippem \u010di Evenepoelem, kter\u00fdm ardensk\u00e9 klasiky sed\u00ed. Ineos u\u017e m\u00e1 spln\u011bno nad pl\u00e1n, ale takov\u00fd Pidcock letos na velk\u00e9 v\u00edt\u011bzstv\u00ed st\u00e1le \u010dek\u00e1\u2026<\/p>\n","protected":false},"excerpt":{"rendered":"<p>Belgick\u00fd t\u00fdm Quick Step-Alpha Vinyl m\u00e1 jarn\u00ed klasiky poka\u017ed\u00e9 za hlavn\u00ed c\u00edl sezony. Jm\u00e9na jako Boonen, Terpstra, \u0160tybar nebo Lampaert, [&hellip;]<\/p>\n","protected":false},"author":138,"featured_media":16749,"comment_status":"open","ping_status":"open","sticky":false,"template":"","format":"standard","meta":{"footnotes":""},"categories":[10],"tags":[2363,126,2365,1237,2364,2229,9,73],"global-categories":[411],"class_list":["post-16745","post","type-post","status-publish","format-standard","has-post-thumbnail","hentry","category-silnicni-cyklistika","tag-ben-turner","tag-cyklistika","tag-dylan-van-baarle","tag-ineos-grenadiers","tag-magnus-sheffield","tag-quick-step-alpha-vinyl","tag-silnicni-cyklistika","tag-zdenek-stybar","global-categories-cycling"],"yoast_head":"<!-- This site is optimized with the Yoast SEO Premium plugin v25.3 (Yoast SEO v25.9) - https:\/\/yoast.com\/wordpress\/plugins\/seo\/ -->\n<title>Ineos drt\u00ed soupe\u0159e na klasik\u00e1ch, t\u00fdm Zde\u0148ka \u0160tybara t\u00e1pe. Nastane \u010distka? | \u0160koda We Love Cycling - \u010cesk\u00e1 republika<\/title>\n<meta name=\"description\" content=\"Belgick\u00fd t\u00fdm Quick Step-Alpha Vinyl m\u00e1 jarn\u00ed klasiky poka\u017ed\u00e9 za hlavn\u00ed c\u00edl sezony. Letos je v\u0161echno jinak. Roli vl\u00e1dce p\u0159eb\u00edr\u00e1 britsk\u00fd Ineos.\" \/>\n<meta name=\"robots\" content=\"index, follow, max-snippet:-1, max-image-preview:large, max-video-preview:-1\" \/>\n<link rel=\"canonical\" href=\"https:\/\/www.welovecycling.com\/cs\/2022\/04\/23\/ineos-drti-soupere-na-klasikach-tym-zdenka-stybara-tape-nastane-cistka\/\" \/>\n<meta property=\"og:locale\" content=\"cs_CZ\" \/>\n<meta property=\"og:type\" content=\"article\" \/>\n<meta property=\"og:title\" content=\"Ineos drt\u00ed soupe\u0159e na klasik\u00e1ch, t\u00fdm Zde\u0148ka \u0160tybara t\u00e1pe. Nastane \u010distka?\" \/>\n<meta property=\"og:description\" content=\"Belgick\u00fd t\u00fdm Quick Step-Alpha Vinyl m\u00e1 jarn\u00ed klasiky poka\u017ed\u00e9 za hlavn\u00ed c\u00edl sezony. Letos je v\u0161echno jinak. Roli vl\u00e1dce p\u0159eb\u00edr\u00e1 britsk\u00fd Ineos.\" \/>\n<meta property=\"og:url\" content=\"https:\/\/www.welovecycling.com\/cs\/2022\/04\/23\/ineos-drti-soupere-na-klasikach-tym-zdenka-stybara-tape-nastane-cistka\/\" \/>\n<meta property=\"og:site_name\" content=\"\u0160koda We Love Cycling - \u010cesk\u00e1 republika\" \/>\n<meta property=\"article:published_time\" content=\"2022-04-23T11:00:54+00:00\" \/>\n<meta property=\"og:image\" content=\"https:\/\/d2p6e6u75xmxt8.cloudfront.net\/13\/2022\/04\/Yves-Lampaert-scaled.webp\" \/>\n\t<meta property=\"og:image:width\" content=\"2560\" \/>\n\t<meta property=\"og:image:height\" content=\"1708\" \/>\n\t<meta property=\"og:image:type\" content=\"image\/webp\" \/>\n<meta name=\"author\" content=\"radekmalina\" \/>\n<meta name=\"twitter:card\" content=\"summary_large_image\" \/>\n<meta name=\"twitter:label1\" content=\"Written by\" \/>\n\t<meta name=\"twitter:data1\" content=\"Adam Bouda\" \/>\n\t<meta name=\"twitter:label2\" content=\"Est. reading time\" \/>\n\t<meta name=\"twitter:data2\" content=\"6\" \/>\n<script type=\"application\/ld+json\" class=\"yoast-schema-graph\">{\"@context\":\"https:\/\/schema.org\",\"@graph\":[{\"@type\":\"WebPage\",\"@id\":\"https:\/\/www.welovecycling.com\/cs\/2022\/04\/23\/ineos-drti-soupere-na-klasikach-tym-zdenka-stybara-tape-nastane-cistka\/\",\"url\":\"https:\/\/www.welovecycling.com\/cs\/2022\/04\/23\/ineos-drti-soupere-na-klasikach-tym-zdenka-stybara-tape-nastane-cistka\/\",\"name\":\"Ineos drt\u00ed soupe\u0159e na klasik\u00e1ch, t\u00fdm Zde\u0148ka \u0160tybara t\u00e1pe. Nastane \u010distka? | \u0160koda We Love Cycling - \u010cesk\u00e1 republika\",\"isPartOf\":{\"@id\":\"https:\/\/www.welovecycling.com\/cs\/#website\"},\"primaryImageOfPage\":{\"@id\":\"https:\/\/www.welovecycling.com\/cs\/2022\/04\/23\/ineos-drti-soupere-na-klasikach-tym-zdenka-stybara-tape-nastane-cistka\/#primaryimage\"},\"image\":{\"@id\":\"https:\/\/www.welovecycling.com\/cs\/2022\/04\/23\/ineos-drti-soupere-na-klasikach-tym-zdenka-stybara-tape-nastane-cistka\/#primaryimage\"},\"thumbnailUrl\":\"https:\/\/d2p6e6u75xmxt8.cloudfront.net\/13\/2022\/04\/Yves-Lampaert-scaled.webp\",\"datePublished\":\"2022-04-23T11:00:54+00:00\",\"author\":{\"@id\":\"https:\/\/www.welovecycling.com\/cs\/#\/schema\/person\/d9eeb0a378f3a7e4a6d12d2b536b04b8\"},\"description\":\"Belgick\u00fd t\u00fdm Quick Step-Alpha Vinyl m\u00e1 jarn\u00ed klasiky poka\u017ed\u00e9 za hlavn\u00ed c\u00edl sezony. Letos je v\u0161echno jinak. Roli vl\u00e1dce p\u0159eb\u00edr\u00e1 britsk\u00fd Ineos.\",\"inLanguage\":\"cs\",\"potentialAction\":[{\"@type\":\"ReadAction\",\"target\":[\"https:\/\/www.welovecycling.com\/cs\/2022\/04\/23\/ineos-drti-soupere-na-klasikach-tym-zdenka-stybara-tape-nastane-cistka\/\"]}]},{\"@type\":\"ImageObject\",\"inLanguage\":\"cs\",\"@id\":\"https:\/\/www.welovecycling.com\/cs\/2022\/04\/23\/ineos-drti-soupere-na-klasikach-tym-zdenka-stybara-tape-nastane-cistka\/#primaryimage\",\"url\":\"https:\/\/d2p6e6u75xmxt8.cloudfront.net\/13\/2022\/04\/Yves-Lampaert-scaled.webp\",\"contentUrl\":\"https:\/\/d2p6e6u75xmxt8.cloudfront.net\/13\/2022\/04\/Yves-Lampaert-scaled.webp\",\"width\":2560,\"height\":1708},{\"@type\":\"WebSite\",\"@id\":\"https:\/\/www.welovecycling.com\/cs\/#website\",\"url\":\"https:\/\/www.welovecycling.com\/cs\/\",\"name\":\"\u0160koda We Love Cycling - \u010cesk\u00e1 republika\",\"description\":\"WeLoveCycling.cz je online magaz\u00edn, kter\u00fd v\u00e1m pravideln\u011b p\u0159in\u00e1\u0161\u00ed rady a tipy, zaj\u00edmav\u00e9 \u010dl\u00e1nky, videa a jedine\u010dn\u00e9 report\u00e1\u017ee ze sv\u011bta cyklistiky.\",\"potentialAction\":[{\"@type\":\"SearchAction\",\"target\":{\"@type\":\"EntryPoint\",\"urlTemplate\":\"https:\/\/www.welovecycling.com\/cs\/?s={search_term_string}\"},\"query-input\":{\"@type\":\"PropertyValueSpecification\",\"valueRequired\":true,\"valueName\":\"search_term_string\"}}],\"inLanguage\":\"cs\"},{\"@type\":\"Person\",\"@id\":\"https:\/\/www.welovecycling.com\/cs\/#\/schema\/person\/d9eeb0a378f3a7e4a6d12d2b536b04b8\",\"name\":\"radekmalina\",\"image\":{\"@type\":\"ImageObject\",\"inLanguage\":\"cs\",\"@id\":\"https:\/\/www.welovecycling.com\/cs\/#\/schema\/person\/image\/\",\"url\":\"https:\/\/secure.gravatar.com\/avatar\/66994b632cb8c39a46b9f54afa3ae07201b678d32a54275b6f1c9ffec356bfc0?s=96&d=mm&r=g\",\"contentUrl\":\"https:\/\/secure.gravatar.com\/avatar\/66994b632cb8c39a46b9f54afa3ae07201b678d32a54275b6f1c9ffec356bfc0?s=96&d=mm&r=g\",\"caption\":\"radekmalina\"},\"url\":\"https:\/\/www.welovecycling.com\/cs\/author\/radekmalina\/\"}]}<\/script>\n<!-- \/ Yoast SEO Premium plugin. -->","yoast_head_json":{"title":"Ineos drt\u00ed soupe\u0159e na klasik\u00e1ch, t\u00fdm Zde\u0148ka \u0160tybara t\u00e1pe. Nastane \u010distka? | \u0160koda We Love Cycling - \u010cesk\u00e1 republika","description":"Belgick\u00fd t\u00fdm Quick Step-Alpha Vinyl m\u00e1 jarn\u00ed klasiky poka\u017ed\u00e9 za hlavn\u00ed c\u00edl sezony. Letos je v\u0161echno jinak. Roli vl\u00e1dce p\u0159eb\u00edr\u00e1 britsk\u00fd Ineos.","robots":{"index":"index","follow":"follow","max-snippet":"max-snippet:-1","max-image-preview":"max-image-preview:large","max-video-preview":"max-video-preview:-1"},"canonical":"https:\/\/www.welovecycling.com\/cs\/2022\/04\/23\/ineos-drti-soupere-na-klasikach-tym-zdenka-stybara-tape-nastane-cistka\/","og_locale":"cs_CZ","og_type":"article","og_title":"Ineos drt\u00ed soupe\u0159e na klasik\u00e1ch, t\u00fdm Zde\u0148ka \u0160tybara t\u00e1pe. Nastane \u010distka?","og_description":"Belgick\u00fd t\u00fdm Quick Step-Alpha Vinyl m\u00e1 jarn\u00ed klasiky poka\u017ed\u00e9 za hlavn\u00ed c\u00edl sezony. Letos je v\u0161echno jinak. Roli vl\u00e1dce p\u0159eb\u00edr\u00e1 britsk\u00fd Ineos.","og_url":"https:\/\/www.welovecycling.com\/cs\/2022\/04\/23\/ineos-drti-soupere-na-klasikach-tym-zdenka-stybara-tape-nastane-cistka\/","og_site_name":"\u0160koda We Love Cycling - \u010cesk\u00e1 republika","article_published_time":"2022-04-23T11:00:54+00:00","og_image":[{"width":2560,"height":1708,"url":"https:\/\/d2p6e6u75xmxt8.cloudfront.net\/13\/2022\/04\/Yves-Lampaert-scaled.webp","type":"image\/webp"}],"author":"radekmalina","twitter_card":"summary_large_image","twitter_misc":{"Written by":"Adam Bouda","Est. reading time":"6"},"schema":{"@context":"https:\/\/schema.org","@graph":[{"@type":"WebPage","@id":"https:\/\/www.welovecycling.com\/cs\/2022\/04\/23\/ineos-drti-soupere-na-klasikach-tym-zdenka-stybara-tape-nastane-cistka\/","url":"https:\/\/www.welovecycling.com\/cs\/2022\/04\/23\/ineos-drti-soupere-na-klasikach-tym-zdenka-stybara-tape-nastane-cistka\/","name":"Ineos drt\u00ed soupe\u0159e na klasik\u00e1ch, t\u00fdm Zde\u0148ka \u0160tybara t\u00e1pe. Nastane \u010distka? | \u0160koda We Love Cycling - \u010cesk\u00e1 republika","isPartOf":{"@id":"https:\/\/www.welovecycling.com\/cs\/#website"},"primaryImageOfPage":{"@id":"https:\/\/www.welovecycling.com\/cs\/2022\/04\/23\/ineos-drti-soupere-na-klasikach-tym-zdenka-stybara-tape-nastane-cistka\/#primaryimage"},"image":{"@id":"https:\/\/www.welovecycling.com\/cs\/2022\/04\/23\/ineos-drti-soupere-na-klasikach-tym-zdenka-stybara-tape-nastane-cistka\/#primaryimage"},"thumbnailUrl":"https:\/\/d2p6e6u75xmxt8.cloudfront.net\/13\/2022\/04\/Yves-Lampaert-scaled.webp","datePublished":"2022-04-23T11:00:54+00:00","author":{"@id":"https:\/\/www.welovecycling.com\/cs\/#\/schema\/person\/d9eeb0a378f3a7e4a6d12d2b536b04b8"},"description":"Belgick\u00fd t\u00fdm Quick Step-Alpha Vinyl m\u00e1 jarn\u00ed klasiky poka\u017ed\u00e9 za hlavn\u00ed c\u00edl sezony. Letos je v\u0161echno jinak. Roli vl\u00e1dce p\u0159eb\u00edr\u00e1 britsk\u00fd Ineos.","inLanguage":"cs","potentialAction":[{"@type":"ReadAction","target":["https:\/\/www.welovecycling.com\/cs\/2022\/04\/23\/ineos-drti-soupere-na-klasikach-tym-zdenka-stybara-tape-nastane-cistka\/"]}]},{"@type":"ImageObject","inLanguage":"cs","@id":"https:\/\/www.welovecycling.com\/cs\/2022\/04\/23\/ineos-drti-soupere-na-klasikach-tym-zdenka-stybara-tape-nastane-cistka\/#primaryimage","url":"https:\/\/d2p6e6u75xmxt8.cloudfront.net\/13\/2022\/04\/Yves-Lampaert-scaled.webp","contentUrl":"https:\/\/d2p6e6u75xmxt8.cloudfront.net\/13\/2022\/04\/Yves-Lampaert-scaled.webp","width":2560,"height":1708},{"@type":"WebSite","@id":"https:\/\/www.welovecycling.com\/cs\/#website","url":"https:\/\/www.welovecycling.com\/cs\/","name":"\u0160koda We Love Cycling - \u010cesk\u00e1 republika","description":"WeLoveCycling.cz je online magaz\u00edn, kter\u00fd v\u00e1m pravideln\u011b p\u0159in\u00e1\u0161\u00ed rady a tipy, zaj\u00edmav\u00e9 \u010dl\u00e1nky, videa a jedine\u010dn\u00e9 report\u00e1\u017ee ze sv\u011bta cyklistiky.","potentialAction":[{"@type":"SearchAction","target":{"@type":"EntryPoint","urlTemplate":"https:\/\/www.welovecycling.com\/cs\/?s={search_term_string}"},"query-input":{"@type":"PropertyValueSpecification","valueRequired":true,"valueName":"search_term_string"}}],"inLanguage":"cs"},{"@type":"Person","@id":"https:\/\/www.welovecycling.com\/cs\/#\/schema\/person\/d9eeb0a378f3a7e4a6d12d2b536b04b8","name":"radekmalina","image":{"@type":"ImageObject","inLanguage":"cs","@id":"https:\/\/www.welovecycling.com\/cs\/#\/schema\/person\/image\/","url":"https:\/\/secure.gravatar.com\/avatar\/66994b632cb8c39a46b9f54afa3ae07201b678d32a54275b6f1c9ffec356bfc0?s=96&d=mm&r=g","contentUrl":"https:\/\/secure.gravatar.com\/avatar\/66994b632cb8c39a46b9f54afa3ae07201b678d32a54275b6f1c9ffec356bfc0?s=96&d=mm&r=g","caption":"radekmalina"},"url":"https:\/\/www.welovecycling.com\/cs\/author\/radekmalina\/"}]}},"_links":{"self":[{"href":"https:\/\/www.welovecycling.com\/cs\/wp-json\/wp\/v2\/posts\/16745","targetHints":{"allow":["GET"]}}],"collection":[{"href":"https:\/\/www.welovecycling.com\/cs\/wp-json\/wp\/v2\/posts"}],"about":[{"href":"https:\/\/www.welovecycling.com\/cs\/wp-json\/wp\/v2\/types\/post"}],"author":[{"embeddable":true,"href":"https:\/\/www.welovecycling.com\/cs\/wp-json\/wp\/v2\/users\/138"}],"replies":[{"embeddable":true,"href":"https:\/\/www.welovecycling.com\/cs\/wp-json\/wp\/v2\/comments?post=16745"}],"version-history":[{"count":2,"href":"https:\/\/www.welovecycling.com\/cs\/wp-json\/wp\/v2\/posts\/16745\/revisions"}],"predecessor-version":[{"id":16751,"href":"https:\/\/www.welovecycling.com\/cs\/wp-json\/wp\/v2\/posts\/16745\/revisions\/16751"}],"wp:featuredmedia":[{"embeddable":true,"href":"https:\/\/www.welovecycling.com\/cs\/wp-json\/wp\/v2\/media\/16749"}],"wp:attachment":[{"href":"https:\/\/www.welovecycling.com\/cs\/wp-json\/wp\/v2\/media?parent=16745"}],"wp:term":[{"taxonomy":"category","embeddable":true,"href":"https:\/\/www.welovecycling.com\/cs\/wp-json\/wp\/v2\/categories?post=16745"},{"taxonomy":"post_tag","embeddable":true,"href":"https:\/\/www.welovecycling.com\/cs\/wp-json\/wp\/v2\/tags?post=16745"},{"taxonomy":"global-categories","embeddable":true,"href":"https:\/\/www.welovecycling.com\/cs\/wp-json\/wp\/v2\/global-categories?post=16745"}],"curies":[{"name":"wp","href":"https:\/\/api.w.org\/{rel}","templated":true}]}}