{"id":16511,"date":"2022-03-31T19:00:41","date_gmt":"2022-03-31T17:00:41","guid":{"rendered":"https:\/\/www.welovecycling.com\/cs\/?p=16511"},"modified":"2022-03-31T17:23:39","modified_gmt":"2022-03-31T15:23:39","slug":"tip-na-vylet-andelska-cyklistika-na-lago-di-garda","status":"publish","type":"post","link":"https:\/\/www.welovecycling.com\/cs\/2022\/03\/31\/tip-na-vylet-andelska-cyklistika-na-lago-di-garda\/","title":{"rendered":"Tip na v\u00fdlet: And\u011blsk\u00e1 cyklistika na Lago di Garda"},"content":{"rendered":"<p><strong>Kdy\u017e po\u010das\u00ed cyklistice v tuzemsk\u00fdch podm\u00ednk\u00e1ch nep\u0159eje, jen p\u00e1r hodin j\u00edzdy za hranice najdete cyklistick\u00fd r\u00e1j &#8211; okol\u00ed jezera Lago di Garda na severu It\u00e1lie. Celoro\u010dn\u011b zde panuje stabiln\u00ed po\u010das\u00ed, sn\u00edh napadne jednou za sezonu, na kole se d\u00e1 jezdit v prosinci i \u00fanoru, hory kolem se zvedaj\u00ed a\u017e ke dv\u011bma tis\u00edc\u016fm\u2026\u00a0<\/strong><\/p>\n<p>Sezona na Gard\u011b sice kon\u010d\u00ed na konci \u0159\u00edjna, ale voln\u00fd apartm\u00e1n \u010di m\u00edsto v hotelu najdete i pozd\u011bji. A cyklist\u00e9 jsou zde v\u00edt\u00e1ni, co\u017e znamen\u00e1, \u017ee v\u0161ude mysl\u00ed na to, kde uskladnit kolo, \u010d\u00edm ho opravit, jak vy\u010distit&#8230;<\/p>\n<p>Lago di Garda je ide\u00e1ln\u00ed destinac\u00ed pro ka\u017ed\u00e9ho cyklistu bez ohledu na v\u00fdkonnost a v\u011bk. Nab\u00edz\u00ed kvalitn\u00ed asfaltky v kopc\u00edch pro silni\u010d\u00e1\u0159e, kopce a lesy jako ide\u00e1ln\u00ed h\u0159i\u0161t\u011b pro bikery, cyklostezky pro rodiny s d\u011btmi. Obzvl\u00e1\u0161\u0165 trentinsk\u00e1 \u010d\u00e1st Gardy je pro cyklistiku jako zrozen\u00e1: hory jsou vy\u0161\u0161\u00ed, sk\u00e1ly p\u0159\u00edk\u0159ej\u0161\u00ed. Tady to &#8222;jede&#8220; \u00fapln\u011b samo.<\/p>\n<div class=\"shortcode-ys-post-pinup\"><article class=\"loop-simple post-15064 post type-post status-publish format-standard has-post-thumbnail hentry category-https-www-welovecycling-com-cs-category-zabava tag-cyklistika tag-horska-cyklistika tag-lago-di-garda tag-marco-giacomello tag-riva-del-garda tag-silnicni-cyklistika tag-trentino tag-zdravi-a-trenink global-categories-cycling\" data-postid=\"15064\" role=\"article\" data-post-id=\"15064\" data-word-count=\"650\" data-headline-length=\"61\" data-category=\"Z\u00c1BAVA\" data-global-category=\"Cycling\" data-author=\"Michaela Bu\u010dkov\u00e1\" data-published=\"2021-11-10T18:00:22+02:00\" data-published-day=\"Wednesday\">\n    <div class=\"entry-thumbnail article-thumbnail\" content=\"https:\/\/d2p6e6u75xmxt8.cloudfront.net\/13\/2021\/11\/GARDATRENTINOGiampaoloCalza_ROAD_CICLABILE_SARCA-9-scaled-150x150.webp\"><a href=\"https:\/\/www.welovecycling.com\/cs\/2021\/11\/10\/kolo-a-lunapark-u-jezera-dostaly-prednost-pred-strojarinou\/\" class=\"image-holder\" target=\"_self\"><img decoding=\"async\" loading=\"lazy\" class=\"\" src=\"https:\/\/d2p6e6u75xmxt8.cloudfront.net\/13\/2021\/11\/GARDATRENTINOGiampaoloCalza_ROAD_CICLABILE_SARCA-9-scaled-1024x768.webp\" srcset=\"https:\/\/d2p6e6u75xmxt8.cloudfront.net\/13\/2021\/11\/GARDATRENTINOGiampaoloCalza_ROAD_CICLABILE_SARCA-9-scaled.webp 2560w, https:\/\/d2p6e6u75xmxt8.cloudfront.net\/13\/2021\/11\/GARDATRENTINOGiampaoloCalza_ROAD_CICLABILE_SARCA-9-scaled-300x225.webp 300w, https:\/\/d2p6e6u75xmxt8.cloudfront.net\/13\/2021\/11\/GARDATRENTINOGiampaoloCalza_ROAD_CICLABILE_SARCA-9-scaled-1024x768.webp 1024w, https:\/\/d2p6e6u75xmxt8.cloudfront.net\/13\/2021\/11\/GARDATRENTINOGiampaoloCalza_ROAD_CICLABILE_SARCA-9-scaled-768x576.webp 768w, https:\/\/d2p6e6u75xmxt8.cloudfront.net\/13\/2021\/11\/GARDATRENTINOGiampaoloCalza_ROAD_CICLABILE_SARCA-9-scaled-1536x1151.webp 1536w, https:\/\/d2p6e6u75xmxt8.cloudfront.net\/13\/2021\/11\/GARDATRENTINOGiampaoloCalza_ROAD_CICLABILE_SARCA-9-scaled-2048x1535.webp 2048w, https:\/\/d2p6e6u75xmxt8.cloudfront.net\/13\/2021\/11\/GARDATRENTINOGiampaoloCalza_ROAD_CICLABILE_SARCA-9-scaled-1920x1439.webp 1920w, https:\/\/d2p6e6u75xmxt8.cloudfront.net\/13\/2021\/11\/GARDATRENTINOGiampaoloCalza_ROAD_CICLABILE_SARCA-9-scaled-1920x1439.webp 1920w\" width=\"1024\" height=\"768\" sizes=\"auto, (min-width: 1200px) 300px, (min-width: 768px) 25vw, 100vw\" alt=\"kolo-a-lunapark-u-jezera-dostaly-prednost-pred-strojarinou\"\/><\/a><\/div>    <div class=\"entry-meta\">\n        <a class=\"label label-secondary post-category\" href=\"https:\/\/www.welovecycling.com\/cs\/category\/https-www-welovecycling-com-cs-category-zabava\/\" title=\"Z\u00c1BAVA\">Z\u00c1BAVA<\/a>\n    <\/div>\n    <div class=\"entry-details\">\n        <a href=\"https:\/\/www.welovecycling.com\/cs\/2021\/11\/10\/kolo-a-lunapark-u-jezera-dostaly-prednost-pred-strojarinou\/\" class='entry-title-wrapper'>\n            <h3 class=\"entry-title\"><span>Kolo a lunapark u jezera dostaly p\u0159ednost p\u0159ed stroja\u0159inou<\/span><\/h3>\n        <\/a>\n    <\/div>\n    <\/article>\n<\/div>\n<p>Nen\u00ed n\u00e1hoda, \u017ee mnoho slavn\u00fdch cyklist\u016f si Lago di Garda vybralo jako sv\u016fj domov. Nap\u0159\u00edklad Daniel Oss, domestik Petra Sagana, kter\u00fd \u017eije v m\u011bste\u010dku v Torbole, nebo \u010desk\u00fd cyklista Roman Kreuziger, pravideln\u011b zde tr\u00e9nuje influencer We Love Cycling Ond\u0159ej Cink. V Evrop\u011b je m\u00e1lo t\u00fdm\u016f, kter\u00e9 by zde nikdy netr\u00e9novaly a m\u00e1lo cyklistick\u00fdch \u010dasopis\u016f, kter\u00e9 tady nenafotily tituln\u00ed str\u00e1nky.<\/p>\n<h2><strong>Pro horsk\u00e1 kola: Ronda Piccola<\/strong><\/h2>\n<p>Patn\u00e1ct kilometr\u016f nahoru a stejn\u00e1 porce zase dol\u016f. A k tomu 1000 v\u00fd\u0161kov\u00fdch metr\u016f. To je Ronda Piccola, trasa, kterou si projeli z\u00e1vodn\u00edci maratonu Ronda Picolla, kter\u00fd startoval v malebn\u00e9m m\u011bste\u010dku Riva del Garda. Dnes se sem m\u016f\u017ee vydat ka\u017ed\u00fd, kdo si GPS trasu z\u00e1vodu st\u00e1hne do navigace (Gardatrentino.it).<\/p>\n<figure id=\"attachment_16513\" aria-describedby=\"caption-attachment-16513\" style=\"width: 1024px\" class=\"wp-caption alignnone\"><a href=\"https:\/\/d2p6e6u75xmxt8.cloudfront.net\/13\/2022\/03\/lago-IMG-20211016-WA0014.jpg\"><img loading=\"lazy\" decoding=\"async\" class=\"size-full wp-image-16513\" src=\"https:\/\/d2p6e6u75xmxt8.cloudfront.net\/13\/2022\/03\/lago-IMG-20211016-WA0014.jpg\" alt=\"Jeden z v\u00fdhled\u016f p\u0159i stoup\u00e1n\u00ed od Lago di Garda v r\u00e1mci trasy Ronda Piccola.\" width=\"1024\" height=\"768\" \/><\/a><figcaption id=\"caption-attachment-16513\" class=\"wp-caption-text\"><em>Jeden z v\u00fdhled\u016f p\u0159i stoup\u00e1n\u00ed od Lago di Garda v r\u00e1mci trasy Ronda Piccola.<\/em><\/figcaption><\/figure>\n<p>Z Rivy se stoup\u00e1 po asfaltov\u00e9 silnici p\u0159es vesni\u010dky Varone a Cologna, ne\u017e silnice v Tennu vypust\u00ed cyklisty na \u0161otolinu. Pak mus\u00edme je\u0161t\u011b pod kostelem vy\u0161lapat hodn\u011b ostrou st\u0159echu, kde tep let\u00ed nahoru. M\u00edj\u00edme malebn\u00e9 jezero Tenno, vinice, sady a kousek d\u00e1l u\u017e se no\u0159\u00edme do lesa.<\/p>\n<p>\u010c\u00edm v\u00fd\u0161, t\u00edm u\u017e\u0161\u00ed cesta a drsn\u011bj\u0161\u00ed v\u00fd\u0161lap. Nejt\u011b\u017e\u0161\u00edch a nejtechni\u010dt\u011bj\u0161\u00edch je posledn\u00edch 500 metr\u016f. A tak\u00e9 sjezd do \u00fadol\u00ed. Stezka je \u00fazk\u00e1 a klopenky ostr\u00e9. Pro netr\u00e9novan\u00e9ho bikera peklo. A\u017e pak n\u00e1sleduje p\u0159\u00edjemn\u00fd flow. Kdy\u017e se cesta vyno\u0159\u00ed z lesa, otev\u0159ou se v\u00fdhledy na Lago di Garda, chv\u00edlemi se kles\u00e1 po asfaltu, jindy trasa zapluje mezi vinice a sady, aby n\u00e1s pak po asfaltu a ob\u010das u\u017e i v omezen\u00e9 doprav\u011b dovedla zp\u011bt do Rivy.<\/p>\n<h2><strong>\u00dadol\u00ed Drena<\/strong><\/h2>\n<p>V okol\u00ed jezera Garda je mnoho m\u00edst, kv\u016fli kter\u00fdm se vyplat\u00ed vzd\u00e1lit od jezera a \u0161lapat nahoru do p\u0159ilehl\u00fdch hor. Jedn\u00edm z nich je \u00fadol\u00ed Drena. Vyrazit m\u016f\u017eete nap\u0159\u00edklad z Torbole, kde se u obchodu Mecki\u00b4s napoj\u00edte na cyklostezku. Vede pod\u00e9l vinic, jable\u010dn\u00fdch, ale i kiwi sad\u016f do horolezeck\u00e9ho m\u011bste\u010dka Arca, a pak d\u00e1le p\u0159es m\u011bste\u010dka Moletta a Ceniga.<\/p>\n<figure id=\"attachment_16514\" aria-describedby=\"caption-attachment-16514\" style=\"width: 900px\" class=\"wp-caption alignnone\"><a href=\"https:\/\/d2p6e6u75xmxt8.cloudfront.net\/13\/2022\/03\/lago-IMG-20211017-WA0002.jpg\"><img loading=\"lazy\" decoding=\"async\" class=\"size-full wp-image-16514\" src=\"https:\/\/d2p6e6u75xmxt8.cloudfront.net\/13\/2022\/03\/lago-IMG-20211017-WA0002.jpg\" alt=\"Lago di Garda\" width=\"900\" height=\"1600\" \/><\/a><figcaption id=\"caption-attachment-16514\" class=\"wp-caption-text\"><em>Lago di Garda a jeho okol\u00ed nab\u00edz\u00ed spoustu mo\u017enost\u00ed k v\u00fdlet\u016fm, kup\u0159\u00edkladu hrad Drena.<\/em><\/figcaption><\/figure>\n<p>A kdy\u017e v Dro m\u00edj\u00edme cukr\u00e1rnu, zastav\u00edme se na k\u00e1vu a sicilsk\u00e9 dort\u00edky. Za Dro za\u010dneme stoupat po silnici a\u017e k hradu Drena, kter\u00fd byl podobn\u011b jako v\u011bt\u0161ina hrad\u016f v okol\u00ed, zni\u010den na za\u010d\u00e1tku 18. stolet\u00ed francouzsk\u00fdmi vojsky. Hrad je mo\u017en\u00e9 nav\u0161t\u00edvit, ale my jedeme d\u00e1l p\u0159es vesnice Cavedine, Berlonga a p\u0159ed sebou m\u00e1me kr\u00e1sn\u00fd v\u00fdhled na poho\u0159\u00ed Dolomity Brenta a ly\u017ea\u0159sk\u00e9 st\u0159edisko Paganella.<\/p>\n<p>V Lasinu uh\u00fdb\u00e1me z hlavn\u00ed cesty a miz\u00edme zp\u011bt na cyklostezku, v ostr\u00e9m stoup\u00e1n\u00ed m\u00edj\u00edme vinice, h\u0159bitov s mal\u00fdm kostel\u00edkem, aby se n\u00e1m po chv\u00edli otev\u0159el kr\u00e1sn\u00fd v\u00fdhled na okol\u00ed jezera Cavedine &#8211; obklopuj\u00ed ho vinice a vina\u0159stv\u00ed. Zp\u011bt do \u00fadol\u00ed se vrac\u00edme po cyklostezce kop\u00edruj\u00edc\u00ed silnici do Sarche a v Riv\u011b se odm\u011bn\u00edme v restauraci La Colombera, co\u017e je starobyl\u00fd hrad obklopen\u00fd vinicemi. Za 58 kilometr\u016f a 740 v\u00fd\u0161kov\u00fdch metr\u016f je to zaslou\u017een\u00e9.<\/p>\n<h2><strong>Z\u00e1stava srdce: k m<\/strong><strong>ezistanici lanovky na Monte Baldo<\/strong><\/h2>\n<p>Kr\u00e1sn\u00fd v\u00fdhled na jezero Garda a na z\u00e1v\u011br 1400 metr\u016f dlouh\u00fd v\u00fdjezd na pokraji infarktu &#8211; to je Via Panoramica di Malcesine a n\u00e1sledn\u00fd v\u00fd\u0161lap do mezistanice lanovky na Monte Baldo. Za\u010d\u00edn\u00e1 v malebn\u00e9m m\u011bste\u010dku Malcesine, kde doporu\u010dujeme e zastavit v zmrzlin\u00e1rn\u011b Cento per Cento, doplnit tuky a cukry, a pak se vr\u00e1tit na hlavn\u00ed silnici, kde za hotelem Ideal vyhl\u00eddkov\u00e1 silnice za\u010d\u00edn\u00e1.<\/p>\n<div class=\"shortcode-ys-post-pinup\"><article class=\"loop-simple post-10001 post type-post status-publish format-standard has-post-thumbnail hentry category-horska-cyklistika category-tipy-na-vylet tag-cyklistika tag-cyklovylet tag-lago-di-garda tag-punta-del-larici global-categories-cycling\" data-postid=\"10001\" role=\"article\" data-post-id=\"10001\" data-word-count=\"424\" data-headline-length=\"55\" data-category=\"Tipy na v\u00fdlet\" data-global-category=\"Cycling\" data-author=\"Michaela Bu\u010dkov\u00e1\" data-published=\"2020-10-07T06:30:05+02:00\" data-published-day=\"Wednesday\">\n    <div class=\"entry-thumbnail article-thumbnail\" content=\"https:\/\/d2p6e6u75xmxt8.cloudfront.net\/13\/2020\/10\/garda-5-scaled-150x150.webp\"><a href=\"https:\/\/www.welovecycling.com\/cs\/2020\/10\/07\/punta-dei-larici-misto-kde-se-zamilujete-do-jezera-garda\/\" class=\"image-holder\" target=\"_self\"><img decoding=\"async\" loading=\"lazy\" class=\"\" src=\"https:\/\/d2p6e6u75xmxt8.cloudfront.net\/13\/2020\/10\/garda-5-scaled-1024x576.webp\" srcset=\"https:\/\/d2p6e6u75xmxt8.cloudfront.net\/13\/2020\/10\/garda-5-scaled.webp 2560w, https:\/\/d2p6e6u75xmxt8.cloudfront.net\/13\/2020\/10\/garda-5-scaled-300x169.webp 300w, https:\/\/d2p6e6u75xmxt8.cloudfront.net\/13\/2020\/10\/garda-5-scaled-1024x576.webp 1024w, https:\/\/d2p6e6u75xmxt8.cloudfront.net\/13\/2020\/10\/garda-5-scaled-768x432.webp 768w, https:\/\/d2p6e6u75xmxt8.cloudfront.net\/13\/2020\/10\/garda-5-scaled-1536x864.webp 1536w, https:\/\/d2p6e6u75xmxt8.cloudfront.net\/13\/2020\/10\/garda-5-scaled-2048x1152.webp 2048w, https:\/\/d2p6e6u75xmxt8.cloudfront.net\/13\/2020\/10\/garda-5-scaled-1920x1080.webp 1920w, https:\/\/d2p6e6u75xmxt8.cloudfront.net\/13\/2020\/10\/garda-5-scaled-1920x1080.webp 1920w\" width=\"1024\" height=\"576\" sizes=\"auto, (min-width: 1200px) 356px, (min-width: 768px) 30vw, 100vw\" alt=\"punta-dei-larici-misto-kde-se-zamilujete-do-jezera-garda\"\/><\/a><\/div>    <div class=\"entry-meta\">\n        <a class=\"label label-secondary post-category\" href=\"https:\/\/www.welovecycling.com\/cs\/category\/https-www-welovecycling-com-cs-otestovano-jizdou\/tipy-na-vylet\/\" title=\"Tipy na v\u00fdlet\">Tipy na v\u00fdlet<\/a>\n    <\/div>\n    <div class=\"entry-details\">\n        <a href=\"https:\/\/www.welovecycling.com\/cs\/2020\/10\/07\/punta-dei-larici-misto-kde-se-zamilujete-do-jezera-garda\/\" class='entry-title-wrapper'>\n            <h3 class=\"entry-title\"><span>Punta Larici: m\u00edsto, kde se zamilujete do jezera Garda<\/span><\/h3>\n        <\/a>\n    <\/div>\n    <\/article>\n<\/div>\n<p>V p\u0159\u00edjemn\u00e9m stoup\u00e1n\u00ed se po \u010dty\u0159ech kilometrech dostanete do nadmo\u0159sk\u00e9 v\u00fd\u0161ky 380 metr\u016f do Passa Campiano. Je tu d\u011btsk\u00e9 h\u0159i\u0161t\u011b a kr\u00e1sn\u00e1 vyhl\u00eddka na Gardu. Tady si to je\u0161t\u011b m\u016f\u017eete rozmyslet, z\u016fstat na Via Panoramice a druhou stranou sjet zase zp\u011bt ke Gard\u011b (do m\u011bste\u010dka Navene Vecchia). Anebo poj\u010fte s n\u00e1mi na 1400metr\u016f dlouh\u00fd infarkt, kter\u00fd kon\u010d\u00ed v nadmo\u0159sk\u00e9 v\u00fd\u0161ce 550 metr\u016f nad mo\u0159em. Silnice se zde chv\u00edlemi zved\u00e1 dvacetiprocentn\u00edm stoup\u00e1n\u00edm, dech se m\u011bn\u00ed v s\u00edp\u00e1n\u00ed a stehna p\u00e1l\u00ed.<\/p>\n<p>V\u00fdhled od lanovky sice nen\u00ed nic moc, zato sportovn\u00ed z\u00e1\u017eitek je to ohromn\u00fd. Sjezd do Navene a zp\u011bt do Malcesine je za odm\u011bnu. M\u016f\u017ee za to kvalitn\u00ed asfalt a kr\u00e1sn\u00e9 v\u00fdhledy na Gardu. Cel\u00e9 kole\u010dko m\u011b\u0159\u00ed \u010dtrn\u00e1ct kilometr\u016f. My jsme sem vyr\u00e1\u017eeli z Torbole, co\u017e znamenalo p\u011bkn\u00fd 45kilometrov\u00fd v\u00fdlet.<\/p>\n","protected":false},"excerpt":{"rendered":"<p>Kdy\u017e po\u010das\u00ed cyklistice v tuzemsk\u00fdch podm\u00ednk\u00e1ch nep\u0159eje, jen p\u00e1r hodin j\u00edzdy za hranice najdete cyklistick\u00fd r\u00e1j &#8211; okol\u00ed jezera Lago [&hellip;]<\/p>\n","protected":false},"author":138,"featured_media":10092,"comment_status":"open","ping_status":"open","sticky":false,"template":"","format":"standard","meta":{"footnotes":""},"categories":[167],"tags":[126,1795,56,1089,2307,2308,205,92,2306,9,2305,27,2309,67],"global-categories":[411],"class_list":["post-16511","post","type-post","status-publish","format-standard","has-post-thumbnail","hentry","category-tipy-na-vylet","tag-cyklistika","tag-daniel-oss","tag-horska-cyklistika","tag-lago-di-garda","tag-lago-di-tenno","tag-monte-baldo","tag-ondrej-cink","tag-roman-kreuziger","tag-ronda-piccola","tag-silnicni-cyklistika","tag-torbole","tag-trenink","tag-via-panoramica-di-malcesine","tag-zdravi-a-trenink","global-categories-cycling"],"yoast_head":"<!-- This site is optimized with the Yoast SEO Premium plugin v25.3 (Yoast SEO v25.9) - https:\/\/yoast.com\/wordpress\/plugins\/seo\/ -->\n<title>Tip na v\u00fdlet: And\u011blsk\u00e1 cyklistika na Lago di Garda | \u0160koda We Love Cycling - \u010cesk\u00e1 republika<\/title>\n<meta name=\"description\" content=\"Kdy\u017e po\u010das\u00ed cyklistice v tuzemsk\u00fdch podm\u00ednk\u00e1ch nep\u0159eje, jen p\u00e1r hodin j\u00edzdy za hranicemi najdete r\u00e1j - okol\u00ed jezera Lago di Garda.\" \/>\n<meta name=\"robots\" content=\"index, follow, max-snippet:-1, max-image-preview:large, max-video-preview:-1\" \/>\n<link rel=\"canonical\" href=\"https:\/\/www.welovecycling.com\/cs\/2022\/03\/31\/tip-na-vylet-andelska-cyklistika-na-lago-di-garda\/\" \/>\n<meta property=\"og:locale\" content=\"cs_CZ\" \/>\n<meta property=\"og:type\" content=\"article\" \/>\n<meta property=\"og:title\" content=\"Tip na v\u00fdlet: And\u011blsk\u00e1 cyklistika na Lago di Garda\" \/>\n<meta property=\"og:description\" content=\"Kdy\u017e po\u010das\u00ed cyklistice v tuzemsk\u00fdch podm\u00ednk\u00e1ch nep\u0159eje, jen p\u00e1r hodin j\u00edzdy za hranicemi najdete r\u00e1j - okol\u00ed jezera Lago di Garda.\" \/>\n<meta property=\"og:url\" content=\"https:\/\/www.welovecycling.com\/cs\/2022\/03\/31\/tip-na-vylet-andelska-cyklistika-na-lago-di-garda\/\" \/>\n<meta property=\"og:site_name\" content=\"\u0160koda We Love Cycling - \u010cesk\u00e1 republika\" \/>\n<meta property=\"article:published_time\" content=\"2022-03-31T17:00:41+00:00\" \/>\n<meta property=\"og:image\" content=\"https:\/\/d2p6e6u75xmxt8.cloudfront.net\/13\/2020\/10\/garda-5-scaled.webp\" \/>\n\t<meta property=\"og:image:width\" content=\"2560\" \/>\n\t<meta property=\"og:image:height\" content=\"1440\" \/>\n\t<meta property=\"og:image:type\" content=\"image\/webp\" \/>\n<meta name=\"author\" content=\"radekmalina\" \/>\n<meta name=\"twitter:card\" content=\"summary_large_image\" \/>\n<meta name=\"twitter:label1\" content=\"Written by\" \/>\n\t<meta name=\"twitter:data1\" content=\"Michaela Bu\u010dkov\u00e1\" \/>\n\t<meta name=\"twitter:label2\" content=\"Est. reading time\" \/>\n\t<meta name=\"twitter:data2\" content=\"5\" \/>\n<script type=\"application\/ld+json\" class=\"yoast-schema-graph\">{\"@context\":\"https:\/\/schema.org\",\"@graph\":[{\"@type\":\"WebPage\",\"@id\":\"https:\/\/www.welovecycling.com\/cs\/2022\/03\/31\/tip-na-vylet-andelska-cyklistika-na-lago-di-garda\/\",\"url\":\"https:\/\/www.welovecycling.com\/cs\/2022\/03\/31\/tip-na-vylet-andelska-cyklistika-na-lago-di-garda\/\",\"name\":\"Tip na v\u00fdlet: And\u011blsk\u00e1 cyklistika na Lago di Garda | \u0160koda We Love Cycling - \u010cesk\u00e1 republika\",\"isPartOf\":{\"@id\":\"https:\/\/www.welovecycling.com\/cs\/#website\"},\"primaryImageOfPage\":{\"@id\":\"https:\/\/www.welovecycling.com\/cs\/2022\/03\/31\/tip-na-vylet-andelska-cyklistika-na-lago-di-garda\/#primaryimage\"},\"image\":{\"@id\":\"https:\/\/www.welovecycling.com\/cs\/2022\/03\/31\/tip-na-vylet-andelska-cyklistika-na-lago-di-garda\/#primaryimage\"},\"thumbnailUrl\":\"https:\/\/d2p6e6u75xmxt8.cloudfront.net\/13\/2020\/10\/garda-5-scaled.webp\",\"datePublished\":\"2022-03-31T17:00:41+00:00\",\"author\":{\"@id\":\"https:\/\/www.welovecycling.com\/cs\/#\/schema\/person\/d9eeb0a378f3a7e4a6d12d2b536b04b8\"},\"description\":\"Kdy\u017e po\u010das\u00ed cyklistice v tuzemsk\u00fdch podm\u00ednk\u00e1ch nep\u0159eje, jen p\u00e1r hodin j\u00edzdy za hranicemi najdete r\u00e1j - okol\u00ed jezera Lago di Garda.\",\"inLanguage\":\"cs\",\"potentialAction\":[{\"@type\":\"ReadAction\",\"target\":[\"https:\/\/www.welovecycling.com\/cs\/2022\/03\/31\/tip-na-vylet-andelska-cyklistika-na-lago-di-garda\/\"]}]},{\"@type\":\"ImageObject\",\"inLanguage\":\"cs\",\"@id\":\"https:\/\/www.welovecycling.com\/cs\/2022\/03\/31\/tip-na-vylet-andelska-cyklistika-na-lago-di-garda\/#primaryimage\",\"url\":\"https:\/\/d2p6e6u75xmxt8.cloudfront.net\/13\/2020\/10\/garda-5-scaled.webp\",\"contentUrl\":\"https:\/\/d2p6e6u75xmxt8.cloudfront.net\/13\/2020\/10\/garda-5-scaled.webp\",\"width\":2560,\"height\":1440},{\"@type\":\"WebSite\",\"@id\":\"https:\/\/www.welovecycling.com\/cs\/#website\",\"url\":\"https:\/\/www.welovecycling.com\/cs\/\",\"name\":\"\u0160koda We Love Cycling - \u010cesk\u00e1 republika\",\"description\":\"WeLoveCycling.cz je online magaz\u00edn, kter\u00fd v\u00e1m pravideln\u011b p\u0159in\u00e1\u0161\u00ed rady a tipy, zaj\u00edmav\u00e9 \u010dl\u00e1nky, videa a jedine\u010dn\u00e9 report\u00e1\u017ee ze sv\u011bta cyklistiky.\",\"potentialAction\":[{\"@type\":\"SearchAction\",\"target\":{\"@type\":\"EntryPoint\",\"urlTemplate\":\"https:\/\/www.welovecycling.com\/cs\/?s={search_term_string}\"},\"query-input\":{\"@type\":\"PropertyValueSpecification\",\"valueRequired\":true,\"valueName\":\"search_term_string\"}}],\"inLanguage\":\"cs\"},{\"@type\":\"Person\",\"@id\":\"https:\/\/www.welovecycling.com\/cs\/#\/schema\/person\/d9eeb0a378f3a7e4a6d12d2b536b04b8\",\"name\":\"radekmalina\",\"image\":{\"@type\":\"ImageObject\",\"inLanguage\":\"cs\",\"@id\":\"https:\/\/www.welovecycling.com\/cs\/#\/schema\/person\/image\/\",\"url\":\"https:\/\/secure.gravatar.com\/avatar\/66994b632cb8c39a46b9f54afa3ae07201b678d32a54275b6f1c9ffec356bfc0?s=96&d=mm&r=g\",\"contentUrl\":\"https:\/\/secure.gravatar.com\/avatar\/66994b632cb8c39a46b9f54afa3ae07201b678d32a54275b6f1c9ffec356bfc0?s=96&d=mm&r=g\",\"caption\":\"radekmalina\"},\"url\":\"https:\/\/www.welovecycling.com\/cs\/author\/radekmalina\/\"}]}<\/script>\n<!-- \/ Yoast SEO Premium plugin. -->","yoast_head_json":{"title":"Tip na v\u00fdlet: And\u011blsk\u00e1 cyklistika na Lago di Garda | \u0160koda We Love Cycling - \u010cesk\u00e1 republika","description":"Kdy\u017e po\u010das\u00ed cyklistice v tuzemsk\u00fdch podm\u00ednk\u00e1ch nep\u0159eje, jen p\u00e1r hodin j\u00edzdy za hranicemi najdete r\u00e1j - okol\u00ed jezera Lago di Garda.","robots":{"index":"index","follow":"follow","max-snippet":"max-snippet:-1","max-image-preview":"max-image-preview:large","max-video-preview":"max-video-preview:-1"},"canonical":"https:\/\/www.welovecycling.com\/cs\/2022\/03\/31\/tip-na-vylet-andelska-cyklistika-na-lago-di-garda\/","og_locale":"cs_CZ","og_type":"article","og_title":"Tip na v\u00fdlet: And\u011blsk\u00e1 cyklistika na Lago di Garda","og_description":"Kdy\u017e po\u010das\u00ed cyklistice v tuzemsk\u00fdch podm\u00ednk\u00e1ch nep\u0159eje, jen p\u00e1r hodin j\u00edzdy za hranicemi najdete r\u00e1j - okol\u00ed jezera Lago di Garda.","og_url":"https:\/\/www.welovecycling.com\/cs\/2022\/03\/31\/tip-na-vylet-andelska-cyklistika-na-lago-di-garda\/","og_site_name":"\u0160koda We Love Cycling - \u010cesk\u00e1 republika","article_published_time":"2022-03-31T17:00:41+00:00","og_image":[{"width":2560,"height":1440,"url":"https:\/\/d2p6e6u75xmxt8.cloudfront.net\/13\/2020\/10\/garda-5-scaled.webp","type":"image\/webp"}],"author":"radekmalina","twitter_card":"summary_large_image","twitter_misc":{"Written by":"Michaela Bu\u010dkov\u00e1","Est. reading time":"5"},"schema":{"@context":"https:\/\/schema.org","@graph":[{"@type":"WebPage","@id":"https:\/\/www.welovecycling.com\/cs\/2022\/03\/31\/tip-na-vylet-andelska-cyklistika-na-lago-di-garda\/","url":"https:\/\/www.welovecycling.com\/cs\/2022\/03\/31\/tip-na-vylet-andelska-cyklistika-na-lago-di-garda\/","name":"Tip na v\u00fdlet: And\u011blsk\u00e1 cyklistika na Lago di Garda | \u0160koda We Love Cycling - \u010cesk\u00e1 republika","isPartOf":{"@id":"https:\/\/www.welovecycling.com\/cs\/#website"},"primaryImageOfPage":{"@id":"https:\/\/www.welovecycling.com\/cs\/2022\/03\/31\/tip-na-vylet-andelska-cyklistika-na-lago-di-garda\/#primaryimage"},"image":{"@id":"https:\/\/www.welovecycling.com\/cs\/2022\/03\/31\/tip-na-vylet-andelska-cyklistika-na-lago-di-garda\/#primaryimage"},"thumbnailUrl":"https:\/\/d2p6e6u75xmxt8.cloudfront.net\/13\/2020\/10\/garda-5-scaled.webp","datePublished":"2022-03-31T17:00:41+00:00","author":{"@id":"https:\/\/www.welovecycling.com\/cs\/#\/schema\/person\/d9eeb0a378f3a7e4a6d12d2b536b04b8"},"description":"Kdy\u017e po\u010das\u00ed cyklistice v tuzemsk\u00fdch podm\u00ednk\u00e1ch nep\u0159eje, jen p\u00e1r hodin j\u00edzdy za hranicemi najdete r\u00e1j - okol\u00ed jezera Lago di Garda.","inLanguage":"cs","potentialAction":[{"@type":"ReadAction","target":["https:\/\/www.welovecycling.com\/cs\/2022\/03\/31\/tip-na-vylet-andelska-cyklistika-na-lago-di-garda\/"]}]},{"@type":"ImageObject","inLanguage":"cs","@id":"https:\/\/www.welovecycling.com\/cs\/2022\/03\/31\/tip-na-vylet-andelska-cyklistika-na-lago-di-garda\/#primaryimage","url":"https:\/\/d2p6e6u75xmxt8.cloudfront.net\/13\/2020\/10\/garda-5-scaled.webp","contentUrl":"https:\/\/d2p6e6u75xmxt8.cloudfront.net\/13\/2020\/10\/garda-5-scaled.webp","width":2560,"height":1440},{"@type":"WebSite","@id":"https:\/\/www.welovecycling.com\/cs\/#website","url":"https:\/\/www.welovecycling.com\/cs\/","name":"\u0160koda We Love Cycling - \u010cesk\u00e1 republika","description":"WeLoveCycling.cz je online magaz\u00edn, kter\u00fd v\u00e1m pravideln\u011b p\u0159in\u00e1\u0161\u00ed rady a tipy, zaj\u00edmav\u00e9 \u010dl\u00e1nky, videa a jedine\u010dn\u00e9 report\u00e1\u017ee ze sv\u011bta cyklistiky.","potentialAction":[{"@type":"SearchAction","target":{"@type":"EntryPoint","urlTemplate":"https:\/\/www.welovecycling.com\/cs\/?s={search_term_string}"},"query-input":{"@type":"PropertyValueSpecification","valueRequired":true,"valueName":"search_term_string"}}],"inLanguage":"cs"},{"@type":"Person","@id":"https:\/\/www.welovecycling.com\/cs\/#\/schema\/person\/d9eeb0a378f3a7e4a6d12d2b536b04b8","name":"radekmalina","image":{"@type":"ImageObject","inLanguage":"cs","@id":"https:\/\/www.welovecycling.com\/cs\/#\/schema\/person\/image\/","url":"https:\/\/secure.gravatar.com\/avatar\/66994b632cb8c39a46b9f54afa3ae07201b678d32a54275b6f1c9ffec356bfc0?s=96&d=mm&r=g","contentUrl":"https:\/\/secure.gravatar.com\/avatar\/66994b632cb8c39a46b9f54afa3ae07201b678d32a54275b6f1c9ffec356bfc0?s=96&d=mm&r=g","caption":"radekmalina"},"url":"https:\/\/www.welovecycling.com\/cs\/author\/radekmalina\/"}]}},"_links":{"self":[{"href":"https:\/\/www.welovecycling.com\/cs\/wp-json\/wp\/v2\/posts\/16511","targetHints":{"allow":["GET"]}}],"collection":[{"href":"https:\/\/www.welovecycling.com\/cs\/wp-json\/wp\/v2\/posts"}],"about":[{"href":"https:\/\/www.welovecycling.com\/cs\/wp-json\/wp\/v2\/types\/post"}],"author":[{"embeddable":true,"href":"https:\/\/www.welovecycling.com\/cs\/wp-json\/wp\/v2\/users\/138"}],"replies":[{"embeddable":true,"href":"https:\/\/www.welovecycling.com\/cs\/wp-json\/wp\/v2\/comments?post=16511"}],"version-history":[{"count":2,"href":"https:\/\/www.welovecycling.com\/cs\/wp-json\/wp\/v2\/posts\/16511\/revisions"}],"predecessor-version":[{"id":16517,"href":"https:\/\/www.welovecycling.com\/cs\/wp-json\/wp\/v2\/posts\/16511\/revisions\/16517"}],"wp:featuredmedia":[{"embeddable":true,"href":"https:\/\/www.welovecycling.com\/cs\/wp-json\/wp\/v2\/media\/10092"}],"wp:attachment":[{"href":"https:\/\/www.welovecycling.com\/cs\/wp-json\/wp\/v2\/media?parent=16511"}],"wp:term":[{"taxonomy":"category","embeddable":true,"href":"https:\/\/www.welovecycling.com\/cs\/wp-json\/wp\/v2\/categories?post=16511"},{"taxonomy":"post_tag","embeddable":true,"href":"https:\/\/www.welovecycling.com\/cs\/wp-json\/wp\/v2\/tags?post=16511"},{"taxonomy":"global-categories","embeddable":true,"href":"https:\/\/www.welovecycling.com\/cs\/wp-json\/wp\/v2\/global-categories?post=16511"}],"curies":[{"name":"wp","href":"https:\/\/api.w.org\/{rel}","templated":true}]}}