{"id":16250,"date":"2022-03-11T13:00:38","date_gmt":"2022-03-11T11:00:38","guid":{"rendered":"https:\/\/www.welovecycling.com\/cs\/?p=16250"},"modified":"2022-03-10T23:00:30","modified_gmt":"2022-03-10T21:00:30","slug":"andy-schleck-hlavni-hvezdou-letape-czech-republic-by-tour-de-france","status":"publish","type":"post","link":"https:\/\/www.welovecycling.com\/cs\/2022\/03\/11\/andy-schleck-hlavni-hvezdou-letape-czech-republic-by-tour-de-france\/","title":{"rendered":"Andy Schleck hlavn\u00ed hv\u011bzdou L\u2019Etape\u00a0Czech republic by Tour de France 2022"},"content":{"rendered":"<p><strong>\u0160ampion Tour de France Andy Schleck bude 11. \u010dervna hlavn\u00ed hv\u011bzdou L\u2019Etape\u00a0Czech republic by Tour de France. Ambasador We Love Cycling se den po sedmat\u0159ic\u00e1t\u00fdch narozenin\u00e1ch postav\u00ed na start po bok v\u0161ech dal\u0161\u00edch \u00fa\u010dastn\u00edk\u016f nejv\u011bt\u0161\u00ed cyklistick\u00e9 akce pro \u0161irokou ve\u0159ejnost v\u00a0\u010cesku, jej\u00edm\u017e gener\u00e1ln\u00edm partnerem je \u0160koda Auto.<\/strong><\/p>\n<p>Schleck b\u011bhem kari\u00e9ry absolvoval dev\u011bt Grand Tour. Jel \u0161estkr\u00e1t Tour de France, jednou italsk\u00e9 Giro, dvakr\u00e1t \u0161pan\u011blskou Vueltu. Py\u0161n\u00ed se triumfem ze slavn\u00e9 klasiky Lutych-Bastogne-Lutych. Ale hlavn\u011b je \u0161ampionem Tour de France z\u00a0roku 2010! Paradoxn\u011b byl tehdy v\u00a0Pa\u0159\u00ed\u017ei na p\u00f3diu druh\u00fd&#8230;.<\/p>\n<p>\u201eSt\u00e1l jsem na stupn\u00edch v\u00edt\u011bz\u016f na nejv\u011bt\u0161\u00ed sportovn\u00ed akci sv\u011bta. Nepopsateln\u00fd z\u00e1\u017eitek. Nem\u011bl jsem na sob\u011b \u017elut\u00fd dres, ale byl jsem tam. Kdy\u017e se n\u011bkdo pod\u00edv\u00e1 do v\u00fdsledk\u016f, jsem prvn\u00ed. A nikdo ne\u0159e\u0161\u00ed, jestli jsem byl v\u00a0Pa\u0159\u00ed\u017ei na stupn\u00edch ve \u017elut\u00e9m,\u201c vzpom\u00edn\u00e1 na z\u00e1vod p\u0159ed dvan\u00e1cti lety Schleck.<\/p>\n<h2><strong>O Maillot jaune p\u0159ijde po nef\u00e9r \u00fatoku<\/strong><\/h2>\n<p>Maillot jaune v\u00a0roce 2010 postupn\u011b obl\u00e9kaj\u00ed Fabian Cancellara, Sylvain Chavanel a Cadel Evans, a\u017e jej po dev\u00e1t\u00e9 etap\u011b p\u0159eb\u00edr\u00e1 Andy Schleck. Po dvou t\u0159etin\u00e1ch z\u00e1vodu m\u00e1 k\u00a0dobru jednat\u0159icet vte\u0159in na druh\u00e9ho Contadora. V\u00a0patn\u00e1ct\u00e9 etap\u011b lucembursk\u00fd z\u00e1vodn\u00edk opakovan\u011b \u00fato\u010d\u00ed. Ale \u0160pan\u011bl odol\u00e1v\u00e1.<\/p>\n<p>A pak, p\u0159i stoup\u00e1n\u00ed na Port de Bales Schleckovi spadne \u0159et\u011bz. Contador se ohl\u00e9dne, a p\u0159esto\u017ee technick\u00e9 probl\u00e9my soupe\u0159e zaznamen\u00e1, rozhodne se za\u00fato\u010dit. \u201eKam se pod\u011bla fair play,\u201c \u010dert\u00ed se v\u00a0c\u00edli Schleck.<\/p>\n<p>Contador toti\u017e poru\u0161il v\u0161echny z\u00e1sady cyklistick\u00e9ho pelotonu. Nedbal na fakt, \u017ee pokud m\u00e1 mu\u017e ve \u017elut\u00e9m technick\u00e9 trable, nikdo ne\u00fato\u010d\u00ed. \u201eNev\u011bd\u011bl jsem, \u017ee m\u00e1 pot\u00ed\u017ee,\u201c br\u00e1n\u00ed se \u0161pan\u011blsk\u00fd cyklista, O osm vte\u0159in se ujme veden\u00ed. Kdy\u017e se obl\u00e9k\u00e1 do \u017elut\u00e9ho dresu, fanou\u0161ci v\u00a0c\u00edlov\u00e9m prostoru p\u00edskaj\u00ed a bu\u010d\u00ed. by\u0165 jej televizn\u00ed z\u00e1b\u011bry usv\u011bd\u010d\u00ed ze l\u017ei.<\/p>\n<lite-youtube videoid=cQK0eyi-zBA params=\"enablejsapi=1\" style=\"background-image: url('https:\/\/i.ytimg.com\/vi_webp\/cQK0eyi-zBA\/maxresdefault.webp');\"><\/lite-youtube>\n<p>Schleck u\u017e nedok\u00e1\u017ee i p\u0159es festival \u00fatok\u016f Contadora ze \u017elut\u00e9ho dresu vystrnadit. T\u0159icet dn\u016f po dekorov\u00e1n\u00ed v\u00a0Pa\u0159\u00ed\u017ei se Contador dozv\u00ed, \u017ee b\u011bhem druh\u00e9ho voln\u00e9ho dne Tour m\u011bl pozitivn\u00ed dopingov\u00fd n\u00e1lez. Clenbuterol!<\/p>\n<div class=\"shortcode-ys-post-pinup\"><article class=\"loop-simple post-16004 post type-post status-publish format-standard has-post-thumbnail hentry category-https-www-welovecycling-com-cs-category-zabava tag-cyklistika tag-horska-cyklistika tag-jak-se-stat-lepsim-cyklistou tag-prumerna-rychlost tag-rychlost tag-silnicni-cyklistika tag-trenink tag-zdravi tag-zdravi-a-trenink global-categories-cycling\" data-postid=\"16004\" role=\"article\" data-post-id=\"16004\" data-word-count=\"619\" data-headline-length=\"32\" data-category=\"Z\u00c1BAVA\" data-global-category=\"Cycling\" data-author=\"Adam Bouda\" data-published=\"2022-02-24T08:00:08+02:00\" data-published-day=\"Thursday\">\n    <div class=\"entry-thumbnail article-thumbnail\" content=\"https:\/\/d2p6e6u75xmxt8.cloudfront.net\/13\/2022\/01\/CER_0796-150x150.webp\"><a href=\"https:\/\/www.welovecycling.com\/cs\/2022\/02\/24\/jak-se-stat-lepsim-cyklistou\/\" class=\"image-holder\" target=\"_self\"><img decoding=\"async\" loading=\"lazy\" class=\"\" src=\"https:\/\/d2p6e6u75xmxt8.cloudfront.net\/13\/2022\/01\/CER_0796-1024x682.webp\" srcset=\"https:\/\/d2p6e6u75xmxt8.cloudfront.net\/13\/2022\/01\/CER_0796.webp 2000w, https:\/\/d2p6e6u75xmxt8.cloudfront.net\/13\/2022\/01\/CER_0796-300x200.webp 300w, https:\/\/d2p6e6u75xmxt8.cloudfront.net\/13\/2022\/01\/CER_0796-1024x682.webp 1024w, https:\/\/d2p6e6u75xmxt8.cloudfront.net\/13\/2022\/01\/CER_0796-768x512.webp 768w, https:\/\/d2p6e6u75xmxt8.cloudfront.net\/13\/2022\/01\/CER_0796-1536x1024.webp 1536w, https:\/\/d2p6e6u75xmxt8.cloudfront.net\/13\/2022\/01\/CER_0796-1920x1280.webp 1920w, https:\/\/d2p6e6u75xmxt8.cloudfront.net\/13\/2022\/01\/CER_0796-272x182.webp 272w, https:\/\/d2p6e6u75xmxt8.cloudfront.net\/13\/2022\/01\/CER_0796-1920x1280.webp 1920w\" width=\"1024\" height=\"682\" sizes=\"auto, (min-width: 1200px) 300px, (min-width: 768px) 25vw, 100vw\" alt=\"jak-se-stat-lepsim-cyklistou\"\/><\/a><\/div>    <div class=\"entry-meta\">\n        <a class=\"label label-secondary post-category\" href=\"https:\/\/www.welovecycling.com\/cs\/category\/https-www-welovecycling-com-cs-category-zabava\/\" title=\"Z\u00c1BAVA\">Z\u00c1BAVA<\/a>\n    <\/div>\n    <div class=\"entry-details\">\n        <a href=\"https:\/\/www.welovecycling.com\/cs\/2022\/02\/24\/jak-se-stat-lepsim-cyklistou\/\" class='entry-title-wrapper'>\n            <h3 class=\"entry-title\"><span>Jak se st\u00e1t lep\u0161\u00edm cyklistou?<\/span><\/h3>\n        <\/a>\n    <\/div>\n    <\/article>\n<\/div>\n<p>L\u00e1tka funguj\u00edc\u00ed jako stimulant centr\u00e1ln\u00edho nervov\u00e9ho syst\u00e9mu, kter\u00e1 se pou\u017e\u00edv\u00e1 za \u00fa\u010delem roz\u0161\u00ed\u0159en\u00ed pr\u016fdu\u0161ek, \u010d\u00edm\u017e dojde ke zm\u00edrn\u011bn\u00ed p\u0159\u00edznak\u016f astmatu. Sou\u010dasn\u011b odbour\u00e1v\u00e1 tuky a pom\u00e1h\u00e1 k\u00a0budov\u00e1n\u00ed sval\u016f. \u201eKoupili jsme steaky u \u0161pan\u011blsk\u00fdch \u0159ezn\u00edk\u016f, museli b\u00fdt kontaminovan\u00e9,\u201c h\u00e1j\u00ed se Contador. \u201eJsem nevinn\u00fd. Pouh\u00e1 ob\u011b\u0165,\u201c p\u0159esv\u011bd\u010duje v\u00edt\u011bz.<\/p>\n<h2><strong>Kr\u00e1lem Tour de France po devaten\u00e1cti m\u011bs\u00edc\u00edch<\/strong><\/h2>\n<p>V\u00a0lednu 2011 dostane ve \u0160pan\u011blsku ro\u010dn\u00ed z\u00e1kaz \u010dinnosti, ale usp\u011bje s\u00a0odvol\u00e1n\u00edm. Jen\u017ee Sv\u011btov\u00e1 antidopingov\u00e1 agentura pod\u00e1 odvol\u00e1n\u00ed k\u00a0Mezin\u00e1rodn\u00ed arbitr\u00e1\u017ei do Lausanne. Jedn\u00e1n\u00ed se vle\u010dou a Contador m\u016f\u017ee z\u00e1vodit. Vyhraje Giro 2011. A\u017e v\u00a0\u00fanoru 2012 dost\u00e1v\u00e1 ofici\u00e1ln\u011b dvoulet\u00fd z\u00e1kaz \u010dinnosti se zp\u011btnou platnost\u00ed.<\/p>\n<p>\u201ePro m\u011b to tehdy byla hlavn\u011b velk\u00e1 ekonomick\u00e1 ztr\u00e1ta. Nejde jenom o prize money, ale podepisoval jsem nov\u00fd kontrakt a jako v\u00edt\u011bz Tour bych si mohl diktovat \u00fapln\u011b jin\u00e9 podm\u00ednky,\u201c vysv\u011btluje Andy Schleck, dodate\u010dn\u011b korunovan\u00fd \u0161ampion Tour de France 2010.<\/p>\n<p>Mnoho vrstevn\u00edku lucembursk\u00e9ho z\u00e1vodn\u00edka je\u0161t\u011b st\u00e1le z\u00e1vod\u00ed na nejvy\u0161\u0161\u00ed \u00farovni. Ale mlad\u0161\u00edho ze sourozeneck\u00e9 dvojice v\u00a0cest\u011b na vrchol v\u00a0pouh\u00fdch dev\u011btadvaceti letech zastavilo zran\u011bn\u00ed kolena.<\/p>\n<figure id=\"attachment_9829\" aria-describedby=\"caption-attachment-9829\" style=\"width: 1800px\" class=\"wp-caption alignnone\"><a href=\"https:\/\/d2p6e6u75xmxt8.cloudfront.net\/13\/2020\/09\/wlc-schleck-contador-profimedia-0064550099.jpg\"><img loading=\"lazy\" decoding=\"async\" class=\"size-full wp-image-9829\" src=\"https:\/\/d2p6e6u75xmxt8.cloudfront.net\/13\/2020\/09\/wlc-schleck-contador-profimedia-0064550099.jpg\" alt=\"Sm\u00ed\u0159en\u00ed na stupn\u00edch v\u00edt\u011bz\u016f. Andy Schleck obj\u00edm\u00e1 Alberta Contadora na stupn\u00edch v\u00edt\u011bz\u016f v Pa\u0159\u00ed\u017ei. O necel\u00e9 dva roky pozd\u011bji bude celkov\u00e9 prvenstv\u00ed lucembursk\u00e9ho cyklisty. Foto: profimedia\" width=\"1800\" height=\"1197\" \/><\/a><figcaption id=\"caption-attachment-9829\" class=\"wp-caption-text\"><em>Andy Schleck obj\u00edm\u00e1 Alberta Contadora na stupn\u00edch v\u00edt\u011bz\u016f v Pa\u0159\u00ed\u017ei. O necel\u00e9 dva roky pozd\u011bji bude prvenstv\u00ed lucembursk\u00e9ho cyklisty. Foto: profimedia<\/em><\/figcaption><\/figure>\n<p>\u201eZa\u010dal jsem profesion\u00e1ln\u00ed kari\u00e9ru v\u00a0osmn\u00e1cti. Mnoz\u00ed kluci nasko\u010dili na top \u00farove\u0148 o \u010dty\u0159i roky pozd\u011bji, n\u011bkte\u0159\u00ed dokonce o p\u011bt \u010di \u0161est. M\u011bl jsem dlouhou kari\u00e9ru. A z\u00e1vodil na nejvy\u0161\u0161\u00ed \u00farovni jeden\u00e1ct let. Kon\u010dil jsem kv\u016fli operaci kolena po p\u00e1du pr\u00e1v\u011b na Tour de France. Pak u\u017e to v\u00a0sedle nikdy nebylo jako d\u0159\u00edv. Konec byl jasnou volbou,\u201c vypravoval Andy Schleck.<\/p>\n<div class=\"shortcode-ys-post-pinup\"><article class=\"loop-simple post-16058 post type-post status-publish format-standard has-post-thumbnail hentry category-https-www-welovecycling-com-cs-category-zabava tag-axel-merckx tag-cyklistika tag-mathieu-van-der-poel tag-roman-kreuziger global-categories-cycling\" data-postid=\"16058\" role=\"article\" data-post-id=\"16058\" data-word-count=\"619\" data-headline-length=\"107\" data-category=\"Z\u00c1BAVA\" data-global-category=\"Cycling\" data-author=\"Jan Kr\u016fta\" data-published=\"2022-02-23T09:00:40+02:00\" data-published-day=\"Wednesday\">\n    <div class=\"entry-thumbnail article-thumbnail\" content=\"https:\/\/d2p6e6u75xmxt8.cloudfront.net\/13\/2021\/06\/van-der-poel-profimedia-0603328142-150x150.webp\"><a href=\"https:\/\/www.welovecycling.com\/cs\/2022\/02\/23\/synove-slavnych-otcu-mathieu-van-der-poel-roman-kreuziger-axel-merckx-a-dalsi-kdo-tatu-prerostl\/\" class=\"image-holder\" target=\"_self\"><img decoding=\"async\" loading=\"lazy\" class=\"\" src=\"https:\/\/d2p6e6u75xmxt8.cloudfront.net\/13\/2021\/06\/van-der-poel-profimedia-0603328142-1024x683.webp\" srcset=\"https:\/\/d2p6e6u75xmxt8.cloudfront.net\/13\/2021\/06\/van-der-poel-profimedia-0603328142.webp 1800w, https:\/\/d2p6e6u75xmxt8.cloudfront.net\/13\/2021\/06\/van-der-poel-profimedia-0603328142-300x200.webp 300w, https:\/\/d2p6e6u75xmxt8.cloudfront.net\/13\/2021\/06\/van-der-poel-profimedia-0603328142-1024x683.webp 1024w, https:\/\/d2p6e6u75xmxt8.cloudfront.net\/13\/2021\/06\/van-der-poel-profimedia-0603328142-768x512.webp 768w, https:\/\/d2p6e6u75xmxt8.cloudfront.net\/13\/2021\/06\/van-der-poel-profimedia-0603328142-1536x1024.webp 1536w, https:\/\/d2p6e6u75xmxt8.cloudfront.net\/13\/2021\/06\/van-der-poel-profimedia-0603328142-272x182.webp 272w\" width=\"1024\" height=\"683\" sizes=\"auto, (min-width: 1200px) 300px, (min-width: 768px) 25vw, 100vw\" alt=\"synove-slavnych-otcu-mathieu-van-der-poel-roman-kreuziger-axel-merckx-a-dalsi-kdo-tatu-prerostl\"\/><\/a><\/div>    <div class=\"entry-meta\">\n        <a class=\"label label-secondary post-category\" href=\"https:\/\/www.welovecycling.com\/cs\/category\/https-www-welovecycling-com-cs-category-zabava\/\" title=\"Z\u00c1BAVA\">Z\u00c1BAVA<\/a>\n    <\/div>\n    <div class=\"entry-details\">\n        <a href=\"https:\/\/www.welovecycling.com\/cs\/2022\/02\/23\/synove-slavnych-otcu-mathieu-van-der-poel-roman-kreuziger-axel-merckx-a-dalsi-kdo-tatu-prerostl\/\" class='entry-title-wrapper'>\n            <h3 class=\"entry-title\"><span>Synov\u00e9 slavn\u00fdch otc\u016f: Mathieu van der Poel, Roman Kreuziger, Axel Merckx a dal\u0161\u00ed. Kdo t\u00e1tu p\u0159erostl?<\/span><\/h3>\n        <\/a>\n    <\/div>\n    <\/article>\n<\/div>\n<p>\u017de u\u017e neko\u010duje po sv\u011bt\u011b a nebojuje o sl\u00e1vu jej net\u00ed\u017e\u00ed. \u201eV\u016fbec, ani tro\u0161ku! Miloval jsem \u017eivotn\u00ed etapu v\u00a0sedle kola. Ale te\u010f jsem absolutn\u011b pono\u0159en\u00fd do nov\u00e9 pr\u00e1ce. Jasn\u011b, jsem \u0161\u0165astn\u00fd, kdy\u017e se mohu vr\u00e1tit a b\u00fdt sou\u010d\u00e1st\u00ed Tour jako ambasador \u0160kody. Ale bez profesion\u00e1ln\u00ed cyklistiky m\u00e1m \u010das na v\u0161echno. U\u017e m\u016fj \u017eivot ne\u0159\u00edd\u00ed j\u00edzda na kole, ale \u0159\u00edd\u00edm si ho j\u00e1 s\u00e1m,\u201c popisuje mu\u017e, kter\u00fd bude hv\u011bzdou L\u2019Etape Czech republic by Tour de France.<\/p>\n<h2><strong>L&#8217;Etape Czech Republic 2022 m\u00e1 dv\u011b varianty<\/strong><\/h2>\n<p>L&#8217;Etape Czech Republic by Tour de France m\u00e1 dv\u011b varianty trasy. Del\u0161\u00ed m\u011b\u0159\u00ed 136, krat\u0161\u00ed 91 km. Start a c\u00edl budou um\u00edst\u011bny u velk\u00e9ho strahovsk\u00e9ho stadionu v ulici Van\u00ed\u010dkova, v\u011bt\u0161ina trat\u00ed pak povede prov\u011b\u0159en\u00fdmi cyklistick\u00fdmi ter\u00e9ny St\u0159edo\u010desk\u00e9ho kraje po uzav\u0159en\u00fdch silnic\u00edch K\u0159ivokl\u00e1tska, Berounska a \u010cesk\u00e9ho krasu.<\/p>\n<p>\u201ePo lo\u0148sk\u00e9m \u00fasp\u011bchu z\u00e1vodu jsme se rozhodli, \u017ee jako gener\u00e1ln\u00ed partner ozdob\u00edme jeho leto\u0161n\u00ed peloton hv\u011bzdou sv\u011btov\u00e9ho form\u00e1tu,\u201c \u0159\u00edk\u00e1 vedouc\u00ed marketingu \u0160koda Auto \u010cesk\u00e1 republika Libor \u0160ediv\u00e1k.<\/p>\n<figure id=\"attachment_7522\" aria-describedby=\"caption-attachment-7522\" style=\"width: 1080px\" class=\"wp-caption alignnone\"><a href=\"https:\/\/d2p6e6u75xmxt8.cloudfront.net\/13\/2020\/06\/andy-schleck-ji\u0159\u00ed-je\u017eek.jpg\"><img loading=\"lazy\" decoding=\"async\" class=\"size-full wp-image-7522\" src=\"https:\/\/d2p6e6u75xmxt8.cloudfront.net\/13\/2020\/06\/andy-schleck-ji\u0159\u00ed-je\u017eek.jpg\" alt=\"Ji\u0159\u00ed Je\u017eek a Andy Schleck, aneb \u0161estin\u00e1sobn\u00fd paralympijsk\u00fd \u0161ampion a v\u00edt\u011bz Tour de France 2010. Foto: instagram A. Schlecka\" width=\"1080\" height=\"1080\" \/><\/a><figcaption id=\"caption-attachment-7522\" class=\"wp-caption-text\"><em>Ji\u0159\u00ed Je\u017eek a Andy Schleck, aneb \u0161estin\u00e1sobn\u00fd paralympijsk\u00fd \u0161ampion a v\u00edt\u011bz Tour de France 2010. Foto: instagram A. Schlecka<\/em><\/figcaption><\/figure>\n<p>\u201eAndy Schleck je dlouholet\u00fdm ambasadorem na\u0161\u00ed cyklistick\u00e9 platformy We Love Cycling a jeho p\u0159\u00edtomnost v\u00fdznamn\u011b pozvedne presti\u017e cel\u00e9 akce. P\u0159ipravujeme s n\u00edm \u0159adu aktivit nejen o z\u00e1vodn\u00edm v\u00edkendu, \u010ceskou republiku osobn\u011b nav\u0161t\u00edv\u00ed i p\u0159ed n\u00edm. V tuto chv\u00edli mohu jen doporu\u010dit fanou\u0161k\u016fm, aby sledovali na\u0161\u00ed platformu We Love Cycling.cz a ofici\u00e1ln\u00ed str\u00e1nky po\u0159adatel\u016f Letapeczech.cz, kde se postupn\u011b dozv\u011bd\u00ed v\u00edce informac\u00ed,\u201c dod\u00e1v\u00e1 Libor \u0160ediv\u00e1k.<\/p>\n<div class=\"shortcode-ys-post-pinup\"><article class=\"loop-simple post-15928 post type-post status-publish format-standard has-post-thumbnail hentry category-letape-czech-republic category-silnicni-cyklistika tag-cyklistika tag-kristian-hynek tag-letape-czech-republic-by-le-tour-de-france tag-martina-sablikova tag-silnicni-cyklistika tag-tour-de-france tag-trenink tag-zdenek-stybar global-categories-cycling\" data-postid=\"15928\" role=\"article\" data-post-id=\"15928\" data-word-count=\"429\" data-headline-length=\"58\" data-category=\"L&#039;Etape Czech Republic\" data-global-category=\"Cycling\" data-author=\"We Love Cycling\" data-published=\"2022-02-11T06:00:39+02:00\" data-published-day=\"Friday\">\n    <div class=\"entry-thumbnail article-thumbnail\" content=\"https:\/\/d2p6e6u75xmxt8.cloudfront.net\/13\/2021\/08\/WLC-etape-0I4A5082-scaled-150x150.webp\"><a href=\"https:\/\/www.welovecycling.com\/cs\/2022\/02\/11\/proc-jet-letape-czech-republic-by-tour-de-france-2022\/\" class=\"image-holder\" target=\"_self\"><img decoding=\"async\" loading=\"lazy\" class=\"\" src=\"https:\/\/d2p6e6u75xmxt8.cloudfront.net\/13\/2021\/08\/WLC-etape-0I4A5082-scaled-1024x682.webp\" srcset=\"https:\/\/d2p6e6u75xmxt8.cloudfront.net\/13\/2021\/08\/WLC-etape-0I4A5082-scaled.webp 2560w, https:\/\/d2p6e6u75xmxt8.cloudfront.net\/13\/2021\/08\/WLC-etape-0I4A5082-scaled-300x200.webp 300w, https:\/\/d2p6e6u75xmxt8.cloudfront.net\/13\/2021\/08\/WLC-etape-0I4A5082-scaled-1024x682.webp 1024w, https:\/\/d2p6e6u75xmxt8.cloudfront.net\/13\/2021\/08\/WLC-etape-0I4A5082-scaled-768x512.webp 768w, https:\/\/d2p6e6u75xmxt8.cloudfront.net\/13\/2021\/08\/WLC-etape-0I4A5082-scaled-1536x1024.webp 1536w, https:\/\/d2p6e6u75xmxt8.cloudfront.net\/13\/2021\/08\/WLC-etape-0I4A5082-scaled-2048x1365.webp 2048w, https:\/\/d2p6e6u75xmxt8.cloudfront.net\/13\/2021\/08\/WLC-etape-0I4A5082-scaled-1920x1280.webp 1920w, https:\/\/d2p6e6u75xmxt8.cloudfront.net\/13\/2021\/08\/WLC-etape-0I4A5082-scaled-272x182.webp 272w, https:\/\/d2p6e6u75xmxt8.cloudfront.net\/13\/2021\/08\/WLC-etape-0I4A5082-scaled-1920x1280.webp 1920w\" width=\"1024\" height=\"682\" sizes=\"auto, (min-width: 1200px) 300px, (min-width: 768px) 25vw, 100vw\" alt=\"proc-jet-letape-czech-republic-by-tour-de-france-2022\"\/><\/a><\/div>    <div class=\"entry-meta\">\n        <a class=\"label label-secondary post-category\" href=\"https:\/\/www.welovecycling.com\/cs\/category\/letape-czech-republic\/\" title=\"L'Etape Czech Republic\">L'Etape Czech Republic<\/a>\n    <\/div>\n    <div class=\"entry-details\">\n        <a href=\"https:\/\/www.welovecycling.com\/cs\/2022\/02\/11\/proc-jet-letape-czech-republic-by-tour-de-france-2022\/\" class='entry-title-wrapper'>\n            <h3 class=\"entry-title\"><span>Pro\u010d jet L\u2019Etape Czech Republic by Tour de France 2022?<\/span><\/h3>\n        <\/a>\n    <\/div>\n    <\/article>\n<\/div>\n<p>Pro samotn\u00e9 \u00fa\u010dastn\u00edky, pro n\u011b\u017e bude Andy Schleck ur\u010dit\u011b zaj\u00edmavou v\u00fdzvou, je nejz\u00e1sadn\u011bj\u0161\u00ed zm\u011bnou oproti lo\u0148sk\u00e9mu \u00fasp\u011b\u0161n\u00e9mu ro\u010dn\u00edku korekce trasy. Tra\u0165 pro rok 2022 dostala \u0161petku ko\u0159en\u00ed v podob\u011b dvou segment\u016f na \u201eko\u010di\u010d\u00edch hlav\u00e1ch\u201c, kter\u00e9 je\u0161t\u011b v\u00edce p\u0159ibl\u00ed\u017e\u00ed re\u00e1ln\u00fd z\u00e1\u017eitek n\u011bkter\u00e9 z etap na Tour de France. Registrace na z\u00e1vod ji\u017e b\u011b\u017e\u00ed, dosud se p\u0159ihl\u00e1silo p\u0159es 1800 cyklist\u016f.<\/p>\n","protected":false},"excerpt":{"rendered":"<p>\u0160ampion Tour de France Andy Schleck bude 11. \u010dervna hlavn\u00ed hv\u011bzdou L\u2019Etape\u00a0Czech republic by Tour de France. Ambasador We Love [&hellip;]<\/p>\n","protected":false},"author":138,"featured_media":9812,"comment_status":"open","ping_status":"open","sticky":false,"template":"","format":"standard","meta":{"footnotes":""},"categories":[10],"tags":[320,126,1505,9,23],"global-categories":[425],"class_list":["post-16250","post","type-post","status-publish","format-standard","has-post-thumbnail","hentry","category-silnicni-cyklistika","tag-andy-schleck","tag-cyklistika","tag-letape-czech-republic-by-le-tour-de-france","tag-silnicni-cyklistika","tag-tour-de-france","global-categories-concepts"],"yoast_head":"<!-- This site is optimized with the Yoast SEO Premium plugin v25.3 (Yoast SEO v25.9) - https:\/\/yoast.com\/wordpress\/plugins\/seo\/ -->\n<title>Andy Schleck hlavn\u00ed hv\u011bzdou L\u2019Etape\u00a0Czech republic by Tour de France 2022 | \u0160koda We Love Cycling - \u010cesk\u00e1 republika<\/title>\n<meta name=\"description\" content=\"\u0160ampion Tour de France 2010 Andy Schleck bude 11. \u010dervna hlavn\u00ed hv\u011bzdou L\u2019Etape\u00a0Czech republic by Tour de France.\" \/>\n<meta name=\"robots\" content=\"index, follow, max-snippet:-1, max-image-preview:large, max-video-preview:-1\" \/>\n<link rel=\"canonical\" href=\"https:\/\/www.welovecycling.com\/cs\/2022\/03\/11\/andy-schleck-hlavni-hvezdou-letape-czech-republic-by-tour-de-france\/\" \/>\n<meta property=\"og:locale\" content=\"cs_CZ\" \/>\n<meta property=\"og:type\" content=\"article\" \/>\n<meta property=\"og:title\" content=\"Andy Schleck hlavn\u00ed hv\u011bzdou L\u2019Etape\u00a0Czech republic by Tour de France 2022\" \/>\n<meta property=\"og:description\" content=\"\u0160ampion Tour de France 2010 Andy Schleck bude 11. \u010dervna hlavn\u00ed hv\u011bzdou L\u2019Etape\u00a0Czech republic by Tour de France.\" \/>\n<meta property=\"og:url\" content=\"https:\/\/www.welovecycling.com\/cs\/2022\/03\/11\/andy-schleck-hlavni-hvezdou-letape-czech-republic-by-tour-de-france\/\" \/>\n<meta property=\"og:site_name\" content=\"\u0160koda We Love Cycling - \u010cesk\u00e1 republika\" \/>\n<meta property=\"article:published_time\" content=\"2022-03-11T11:00:38+00:00\" \/>\n<meta property=\"og:image\" content=\"https:\/\/d2p6e6u75xmxt8.cloudfront.net\/13\/2020\/09\/schleck.webp\" \/>\n\t<meta property=\"og:image:width\" content=\"1500\" \/>\n\t<meta property=\"og:image:height\" content=\"1000\" \/>\n\t<meta property=\"og:image:type\" content=\"image\/webp\" \/>\n<meta name=\"author\" content=\"radekmalina\" \/>\n<meta name=\"twitter:card\" content=\"summary_large_image\" \/>\n<meta name=\"twitter:label1\" content=\"Written by\" \/>\n\t<meta name=\"twitter:data1\" content=\"We Love Cycling\" \/>\n\t<meta name=\"twitter:label2\" content=\"Est. reading time\" \/>\n\t<meta name=\"twitter:data2\" content=\"5\" \/>\n<script type=\"application\/ld+json\" class=\"yoast-schema-graph\">{\"@context\":\"https:\/\/schema.org\",\"@graph\":[{\"@type\":\"WebPage\",\"@id\":\"https:\/\/www.welovecycling.com\/cs\/2022\/03\/11\/andy-schleck-hlavni-hvezdou-letape-czech-republic-by-tour-de-france\/\",\"url\":\"https:\/\/www.welovecycling.com\/cs\/2022\/03\/11\/andy-schleck-hlavni-hvezdou-letape-czech-republic-by-tour-de-france\/\",\"name\":\"Andy Schleck hlavn\u00ed hv\u011bzdou L\u2019Etape\u00a0Czech republic by Tour de France 2022 | \u0160koda We Love Cycling - \u010cesk\u00e1 republika\",\"isPartOf\":{\"@id\":\"https:\/\/www.welovecycling.com\/cs\/#website\"},\"primaryImageOfPage\":{\"@id\":\"https:\/\/www.welovecycling.com\/cs\/2022\/03\/11\/andy-schleck-hlavni-hvezdou-letape-czech-republic-by-tour-de-france\/#primaryimage\"},\"image\":{\"@id\":\"https:\/\/www.welovecycling.com\/cs\/2022\/03\/11\/andy-schleck-hlavni-hvezdou-letape-czech-republic-by-tour-de-france\/#primaryimage\"},\"thumbnailUrl\":\"https:\/\/d2p6e6u75xmxt8.cloudfront.net\/13\/2020\/09\/schleck.webp\",\"datePublished\":\"2022-03-11T11:00:38+00:00\",\"author\":{\"@id\":\"https:\/\/www.welovecycling.com\/cs\/#\/schema\/person\/d9eeb0a378f3a7e4a6d12d2b536b04b8\"},\"description\":\"\u0160ampion Tour de France 2010 Andy Schleck bude 11. \u010dervna hlavn\u00ed hv\u011bzdou L\u2019Etape\u00a0Czech republic by Tour de France.\",\"inLanguage\":\"cs\",\"potentialAction\":[{\"@type\":\"ReadAction\",\"target\":[\"https:\/\/www.welovecycling.com\/cs\/2022\/03\/11\/andy-schleck-hlavni-hvezdou-letape-czech-republic-by-tour-de-france\/\"]}]},{\"@type\":\"ImageObject\",\"inLanguage\":\"cs\",\"@id\":\"https:\/\/www.welovecycling.com\/cs\/2022\/03\/11\/andy-schleck-hlavni-hvezdou-letape-czech-republic-by-tour-de-france\/#primaryimage\",\"url\":\"https:\/\/d2p6e6u75xmxt8.cloudfront.net\/13\/2020\/09\/schleck.webp\",\"contentUrl\":\"https:\/\/d2p6e6u75xmxt8.cloudfront.net\/13\/2020\/09\/schleck.webp\",\"width\":1500,\"height\":1000,\"caption\":\"Andy Schleck, v\u00edt\u011bz Tour de France 2010, je ambasadorem zna\u010dky \u0160koda.\"},{\"@type\":\"WebSite\",\"@id\":\"https:\/\/www.welovecycling.com\/cs\/#website\",\"url\":\"https:\/\/www.welovecycling.com\/cs\/\",\"name\":\"\u0160koda We Love Cycling - \u010cesk\u00e1 republika\",\"description\":\"WeLoveCycling.cz je online magaz\u00edn, kter\u00fd v\u00e1m pravideln\u011b p\u0159in\u00e1\u0161\u00ed rady a tipy, zaj\u00edmav\u00e9 \u010dl\u00e1nky, videa a jedine\u010dn\u00e9 report\u00e1\u017ee ze sv\u011bta cyklistiky.\",\"potentialAction\":[{\"@type\":\"SearchAction\",\"target\":{\"@type\":\"EntryPoint\",\"urlTemplate\":\"https:\/\/www.welovecycling.com\/cs\/?s={search_term_string}\"},\"query-input\":{\"@type\":\"PropertyValueSpecification\",\"valueRequired\":true,\"valueName\":\"search_term_string\"}}],\"inLanguage\":\"cs\"},{\"@type\":\"Person\",\"@id\":\"https:\/\/www.welovecycling.com\/cs\/#\/schema\/person\/d9eeb0a378f3a7e4a6d12d2b536b04b8\",\"name\":\"radekmalina\",\"image\":{\"@type\":\"ImageObject\",\"inLanguage\":\"cs\",\"@id\":\"https:\/\/www.welovecycling.com\/cs\/#\/schema\/person\/image\/\",\"url\":\"https:\/\/secure.gravatar.com\/avatar\/66994b632cb8c39a46b9f54afa3ae07201b678d32a54275b6f1c9ffec356bfc0?s=96&d=mm&r=g\",\"contentUrl\":\"https:\/\/secure.gravatar.com\/avatar\/66994b632cb8c39a46b9f54afa3ae07201b678d32a54275b6f1c9ffec356bfc0?s=96&d=mm&r=g\",\"caption\":\"radekmalina\"},\"url\":\"https:\/\/www.welovecycling.com\/cs\/author\/radekmalina\/\"}]}<\/script>\n<!-- \/ Yoast SEO Premium plugin. -->","yoast_head_json":{"title":"Andy Schleck hlavn\u00ed hv\u011bzdou L\u2019Etape\u00a0Czech republic by Tour de France 2022 | \u0160koda We Love Cycling - \u010cesk\u00e1 republika","description":"\u0160ampion Tour de France 2010 Andy Schleck bude 11. \u010dervna hlavn\u00ed hv\u011bzdou L\u2019Etape\u00a0Czech republic by Tour de France.","robots":{"index":"index","follow":"follow","max-snippet":"max-snippet:-1","max-image-preview":"max-image-preview:large","max-video-preview":"max-video-preview:-1"},"canonical":"https:\/\/www.welovecycling.com\/cs\/2022\/03\/11\/andy-schleck-hlavni-hvezdou-letape-czech-republic-by-tour-de-france\/","og_locale":"cs_CZ","og_type":"article","og_title":"Andy Schleck hlavn\u00ed hv\u011bzdou L\u2019Etape\u00a0Czech republic by Tour de France 2022","og_description":"\u0160ampion Tour de France 2010 Andy Schleck bude 11. \u010dervna hlavn\u00ed hv\u011bzdou L\u2019Etape\u00a0Czech republic by Tour de France.","og_url":"https:\/\/www.welovecycling.com\/cs\/2022\/03\/11\/andy-schleck-hlavni-hvezdou-letape-czech-republic-by-tour-de-france\/","og_site_name":"\u0160koda We Love Cycling - \u010cesk\u00e1 republika","article_published_time":"2022-03-11T11:00:38+00:00","og_image":[{"width":1500,"height":1000,"url":"https:\/\/d2p6e6u75xmxt8.cloudfront.net\/13\/2020\/09\/schleck.webp","type":"image\/webp"}],"author":"radekmalina","twitter_card":"summary_large_image","twitter_misc":{"Written by":"We Love Cycling","Est. reading time":"5"},"schema":{"@context":"https:\/\/schema.org","@graph":[{"@type":"WebPage","@id":"https:\/\/www.welovecycling.com\/cs\/2022\/03\/11\/andy-schleck-hlavni-hvezdou-letape-czech-republic-by-tour-de-france\/","url":"https:\/\/www.welovecycling.com\/cs\/2022\/03\/11\/andy-schleck-hlavni-hvezdou-letape-czech-republic-by-tour-de-france\/","name":"Andy Schleck hlavn\u00ed hv\u011bzdou L\u2019Etape\u00a0Czech republic by Tour de France 2022 | \u0160koda We Love Cycling - \u010cesk\u00e1 republika","isPartOf":{"@id":"https:\/\/www.welovecycling.com\/cs\/#website"},"primaryImageOfPage":{"@id":"https:\/\/www.welovecycling.com\/cs\/2022\/03\/11\/andy-schleck-hlavni-hvezdou-letape-czech-republic-by-tour-de-france\/#primaryimage"},"image":{"@id":"https:\/\/www.welovecycling.com\/cs\/2022\/03\/11\/andy-schleck-hlavni-hvezdou-letape-czech-republic-by-tour-de-france\/#primaryimage"},"thumbnailUrl":"https:\/\/d2p6e6u75xmxt8.cloudfront.net\/13\/2020\/09\/schleck.webp","datePublished":"2022-03-11T11:00:38+00:00","author":{"@id":"https:\/\/www.welovecycling.com\/cs\/#\/schema\/person\/d9eeb0a378f3a7e4a6d12d2b536b04b8"},"description":"\u0160ampion Tour de France 2010 Andy Schleck bude 11. \u010dervna hlavn\u00ed hv\u011bzdou L\u2019Etape\u00a0Czech republic by Tour de France.","inLanguage":"cs","potentialAction":[{"@type":"ReadAction","target":["https:\/\/www.welovecycling.com\/cs\/2022\/03\/11\/andy-schleck-hlavni-hvezdou-letape-czech-republic-by-tour-de-france\/"]}]},{"@type":"ImageObject","inLanguage":"cs","@id":"https:\/\/www.welovecycling.com\/cs\/2022\/03\/11\/andy-schleck-hlavni-hvezdou-letape-czech-republic-by-tour-de-france\/#primaryimage","url":"https:\/\/d2p6e6u75xmxt8.cloudfront.net\/13\/2020\/09\/schleck.webp","contentUrl":"https:\/\/d2p6e6u75xmxt8.cloudfront.net\/13\/2020\/09\/schleck.webp","width":1500,"height":1000,"caption":"Andy Schleck, v\u00edt\u011bz Tour de France 2010, je ambasadorem zna\u010dky \u0160koda."},{"@type":"WebSite","@id":"https:\/\/www.welovecycling.com\/cs\/#website","url":"https:\/\/www.welovecycling.com\/cs\/","name":"\u0160koda We Love Cycling - \u010cesk\u00e1 republika","description":"WeLoveCycling.cz je online magaz\u00edn, kter\u00fd v\u00e1m pravideln\u011b p\u0159in\u00e1\u0161\u00ed rady a tipy, zaj\u00edmav\u00e9 \u010dl\u00e1nky, videa a jedine\u010dn\u00e9 report\u00e1\u017ee ze sv\u011bta cyklistiky.","potentialAction":[{"@type":"SearchAction","target":{"@type":"EntryPoint","urlTemplate":"https:\/\/www.welovecycling.com\/cs\/?s={search_term_string}"},"query-input":{"@type":"PropertyValueSpecification","valueRequired":true,"valueName":"search_term_string"}}],"inLanguage":"cs"},{"@type":"Person","@id":"https:\/\/www.welovecycling.com\/cs\/#\/schema\/person\/d9eeb0a378f3a7e4a6d12d2b536b04b8","name":"radekmalina","image":{"@type":"ImageObject","inLanguage":"cs","@id":"https:\/\/www.welovecycling.com\/cs\/#\/schema\/person\/image\/","url":"https:\/\/secure.gravatar.com\/avatar\/66994b632cb8c39a46b9f54afa3ae07201b678d32a54275b6f1c9ffec356bfc0?s=96&d=mm&r=g","contentUrl":"https:\/\/secure.gravatar.com\/avatar\/66994b632cb8c39a46b9f54afa3ae07201b678d32a54275b6f1c9ffec356bfc0?s=96&d=mm&r=g","caption":"radekmalina"},"url":"https:\/\/www.welovecycling.com\/cs\/author\/radekmalina\/"}]}},"_links":{"self":[{"href":"https:\/\/www.welovecycling.com\/cs\/wp-json\/wp\/v2\/posts\/16250","targetHints":{"allow":["GET"]}}],"collection":[{"href":"https:\/\/www.welovecycling.com\/cs\/wp-json\/wp\/v2\/posts"}],"about":[{"href":"https:\/\/www.welovecycling.com\/cs\/wp-json\/wp\/v2\/types\/post"}],"author":[{"embeddable":true,"href":"https:\/\/www.welovecycling.com\/cs\/wp-json\/wp\/v2\/users\/138"}],"replies":[{"embeddable":true,"href":"https:\/\/www.welovecycling.com\/cs\/wp-json\/wp\/v2\/comments?post=16250"}],"version-history":[{"count":2,"href":"https:\/\/www.welovecycling.com\/cs\/wp-json\/wp\/v2\/posts\/16250\/revisions"}],"predecessor-version":[{"id":16254,"href":"https:\/\/www.welovecycling.com\/cs\/wp-json\/wp\/v2\/posts\/16250\/revisions\/16254"}],"wp:featuredmedia":[{"embeddable":true,"href":"https:\/\/www.welovecycling.com\/cs\/wp-json\/wp\/v2\/media\/9812"}],"wp:attachment":[{"href":"https:\/\/www.welovecycling.com\/cs\/wp-json\/wp\/v2\/media?parent=16250"}],"wp:term":[{"taxonomy":"category","embeddable":true,"href":"https:\/\/www.welovecycling.com\/cs\/wp-json\/wp\/v2\/categories?post=16250"},{"taxonomy":"post_tag","embeddable":true,"href":"https:\/\/www.welovecycling.com\/cs\/wp-json\/wp\/v2\/tags?post=16250"},{"taxonomy":"global-categories","embeddable":true,"href":"https:\/\/www.welovecycling.com\/cs\/wp-json\/wp\/v2\/global-categories?post=16250"}],"curies":[{"name":"wp","href":"https:\/\/api.w.org\/{rel}","templated":true}]}}