{"id":16022,"date":"2022-02-20T17:00:30","date_gmt":"2022-02-20T15:00:30","guid":{"rendered":"https:\/\/www.welovecycling.com\/cs\/?p=16022"},"modified":"2022-02-20T13:17:55","modified_gmt":"2022-02-20T11:17:55","slug":"jan-skarnitzl-myslenky-na-duchod-zapudil-jeste-neni-muj-cas","status":"publish","type":"post","link":"https:\/\/www.welovecycling.com\/cs\/2022\/02\/20\/jan-skarnitzl-myslenky-na-duchod-zapudil-jeste-neni-muj-cas\/","title":{"rendered":"Jan \u0160karnitzl my\u0161lenky na d\u016fchod zapudil: Je\u0161t\u011b nen\u00ed m\u016fj \u010das"},"content":{"rendered":"<p><strong>Konec kari\u00e9ry? \u010cesk\u00fd biker Jan \u0160karnitzl p\u0159ipou\u0161t\u00ed, \u017ee v\u00a0hlav\u011b u\u017e m\u011bl my\u0161lenky na odchod ze sc\u00e9ny. Mistr republiky v\u00a0cross country, bronzov\u00fd medailista z\u00a0mistrovstv\u00ed Evropy a \u00fa\u010dastn\u00edk olympijsk\u00fdch her v\u00a0Lond\u00fdn\u011b a Riu u\u017e \u0159e\u0161il, jak nalo\u017e\u00ed s\u00a0\u017eivotem, kdy nebude denn\u011b v\u00a0sedle kola. \u201eJen\u017ee jsem nic nevymyslel. Mn\u011b v\u0161echno stra\u0161n\u011b trv\u00e1,\u201c sm\u011bje se p\u011btat\u0159icetilet\u00fd z\u00e1vodn\u00edk t\u00fdmu Gapp System Kolofix.<\/strong><\/p>\n<p>\u201eMy\u0161lenky na konec kari\u00e9ry byly pochopiteln\u00e9. V minul\u00e9m t\u00fdmu mi kon\u010dila smlouva. \u010cekali jsme t\u0159et\u00ed d\u00edt\u011b,\u201c vypravuje Jan \u0160karnitzl. \u201eP\u0159em\u00fd\u0161lel jsem, jak\u00fdm sm\u011brem se vyd\u00e1m. Cht\u011bl bych v budoucnosti u kol z\u016fstat. Ale k ni\u010demu jsem nedosp\u011bl. A na\u0161t\u011bst\u00ed se v\u0161e vy\u0159e\u0161ilo,\u201c pokyvuje spokojen\u011b hlavou \u0160karnitzl, kter\u00fd se chyst\u00e1 na dvac\u00e1tou bikovou sezonu.<\/p>\n<figure id=\"attachment_16028\" aria-describedby=\"caption-attachment-16028\" style=\"width: 1920px\" class=\"wp-caption alignnone\"><a href=\"https:\/\/d2p6e6u75xmxt8.cloudfront.net\/13\/2022\/02\/skarnitzl-2019_SP-NMNM_2.jpg\"><img loading=\"lazy\" decoding=\"async\" class=\"size-extra-large wp-image-16028\" src=\"https:\/\/d2p6e6u75xmxt8.cloudfront.net\/13\/2022\/02\/skarnitzl-2019_SP-NMNM_2-1920x1280.jpg\" alt=\"Jan \u0160karnitzl se zdrav\u00ed s div\u00e1ky b\u011bhem Sv\u011btov\u00e9ho poh\u00e1ru v Nov\u00e9m M\u011bst\u011b na Morav\u011b.\" width=\"1920\" height=\"1280\" \/><\/a><figcaption id=\"caption-attachment-16028\" class=\"wp-caption-text\"><em>Jan \u0160karnitzl se zdrav\u00ed s div\u00e1ky b\u011bhem Sv\u011btov\u00e9ho poh\u00e1ru v Nov\u00e9m M\u011bst\u011b na Morav\u011b.<\/em><\/figcaption><\/figure>\n<p>Dostal nab\u00eddku z formace Gapp System Kolofix, kde je \u0161\u00e9fem jeho \u0161vagr a v barv\u00e1ch t\u00fdmu z\u00e1\u0159\u00ed \u0160karnitzlova sestra Jitka. \u201eNem\u016f\u017eu \u0159\u00edct, \u017ee bych se b\u00e1l, jak\u00fd bude \u017eivot bez kola. Ale najednou mi p\u0159i\u0161lo, \u017ee bych m\u011bl kon\u010dit d\u0159\u00edve, ne\u017e jsem cht\u011bl. Nem\u011bl jsem pocit, \u017ee u\u017e nastal \u010das k odchodu. A bylo by mi l\u00edto, kdybych ze z\u00e1vodn\u00edho koloto\u010de m\u011bl vystoupit,\u201c p\u0159izn\u00e1v\u00e1 Jan \u0160karnitzl.<\/p>\n<h2><strong>Napln\u00ed sen o olympijsk\u00e9m hattricku v Pa\u0159\u00ed\u017ei 2024?<\/strong><\/h2>\n<p>Snil o \u00fa\u010dasti na t\u0159et\u00edch olympijsk\u00fdch hr\u00e1ch. Tokio se naplnit nepoda\u0159ilo. Aktu\u00e1ln\u011b jej napln\u011bn\u00ed p\u0159\u00e1n\u00ed o \u201ehattricku\u201c pod p\u011bti kruhy d\u011bl\u00ed u\u017e jen dva roky. Nos\u00ed v hlav\u011b Pa\u0159\u00ed\u017e 2024? \u201eNechci tvrdit, \u017ee vydr\u017e\u00edm na nejvy\u0161\u0161\u00ed \u00farovni tak dlouho. Zat\u00edm \u0159e\u0161\u00edm jenom leto\u0161n\u00ed sezonu. Ale s motivac\u00ed rozhodn\u011b nem\u00e1m probl\u00e9m,\u201c uji\u0161\u0165uje borec, kter\u00fd jako jedin\u00fd z \u010desk\u00fdch reprezentant\u016f absolvoval v\u0161echny z\u00e1vody Sv\u011btov\u00e9ho poh\u00e1ru v Nov\u00e9m M\u011bst\u011b na Morav\u011b od roku 2011.<\/p>\n<div class=\"shortcode-ys-post-pinup\"><article class=\"loop-simple post-15916 post type-post status-publish format-standard has-post-thumbnail hentry category-horska-cyklistika tag-canyon-northwave-future tag-cape-epic tag-cyklistika tag-horska-cyklistika tag-julian-alaphilippe tag-kristian-hynek tag-mathieu-van-der-poel tag-mediterranean-epic tag-petr-vakoc tag-silnicni-cyklistika tag-tour-de-france global-categories-cycling\" data-postid=\"15916\" role=\"article\" data-post-id=\"15916\" data-word-count=\"894\" data-headline-length=\"90\" data-category=\"Horsk\u00e1 cyklistika\" data-global-category=\"Cycling\" data-author=\"We Love Cycling\" data-published=\"2022-02-09T13:00:30+02:00\" data-published-day=\"Wednesday\">\n    <div class=\"entry-thumbnail article-thumbnail\" content=\"https:\/\/d2p6e6u75xmxt8.cloudfront.net\/13\/2022\/02\/Vakoc-bike-150x150.webp\"><a href=\"https:\/\/www.welovecycling.com\/cs\/2022\/02\/09\/petr-vakoc-o-zivotnim-prestupu-bike-predstavuje-velky-vystup-mimo-komfortni-zonu\/\" class=\"image-holder\" target=\"_self\"><img decoding=\"async\" loading=\"lazy\" class=\"\" src=\"https:\/\/d2p6e6u75xmxt8.cloudfront.net\/13\/2022\/02\/Vakoc-bike-1024x682.webp\" srcset=\"https:\/\/d2p6e6u75xmxt8.cloudfront.net\/13\/2022\/02\/Vakoc-bike.webp 2000w, https:\/\/d2p6e6u75xmxt8.cloudfront.net\/13\/2022\/02\/Vakoc-bike-300x200.webp 300w, https:\/\/d2p6e6u75xmxt8.cloudfront.net\/13\/2022\/02\/Vakoc-bike-1024x682.webp 1024w, https:\/\/d2p6e6u75xmxt8.cloudfront.net\/13\/2022\/02\/Vakoc-bike-768x512.webp 768w, https:\/\/d2p6e6u75xmxt8.cloudfront.net\/13\/2022\/02\/Vakoc-bike-1536x1024.webp 1536w, https:\/\/d2p6e6u75xmxt8.cloudfront.net\/13\/2022\/02\/Vakoc-bike-1920x1280.webp 1920w, https:\/\/d2p6e6u75xmxt8.cloudfront.net\/13\/2022\/02\/Vakoc-bike-272x182.webp 272w, https:\/\/d2p6e6u75xmxt8.cloudfront.net\/13\/2022\/02\/Vakoc-bike-1920x1280.webp 1920w\" width=\"1024\" height=\"682\" sizes=\"auto, (min-width: 1200px) 300px, (min-width: 768px) 25vw, 100vw\" alt=\"petr-vakoc-o-zivotnim-prestupu-bike-predstavuje-velky-vystup-mimo-komfortni-zonu\"\/><\/a><\/div>    <div class=\"entry-meta\">\n        <a class=\"label label-secondary post-category\" href=\"https:\/\/www.welovecycling.com\/cs\/category\/horska-cyklistika\/\" title=\"Horsk\u00e1 cyklistika\">Horsk\u00e1 cyklistika<\/a>\n    <\/div>\n    <div class=\"entry-details\">\n        <a href=\"https:\/\/www.welovecycling.com\/cs\/2022\/02\/09\/petr-vakoc-o-zivotnim-prestupu-bike-predstavuje-velky-vystup-mimo-komfortni-zonu\/\" class='entry-title-wrapper'>\n            <h3 class=\"entry-title\"><span>Petr Vako\u010d o \u017eivotn\u00edm p\u0159estupu: Bike p\u0159edstavuje velk\u00fd v\u00fdstup mimo komfortn\u00ed z\u00f3nu<\/span><\/h3>\n        <\/a>\n    <\/div>\n    <\/article>\n<\/div>\n<p>A pr\u00e1v\u011b dom\u00e1c\u00ed podnik v\u00a0pr\u016fb\u011bhu kv\u011btna bude jedn\u00edm z\u00a0vrchol\u016f sezony pro zku\u0161en\u00e9ho bikera. \u201ePodzim byl z\u00a0hlediska tr\u00e9ninku slab\u0161\u00ed, tam se v\u0161echno pod\u0159izovalo narozen\u00ed t\u0159et\u00edho potomka. Ale pak jsem se do p\u0159\u00edpravy vrhnul ze v\u0161ech sil. A jsem fakt p\u0159ipraven\u00fd. Prvn\u00ed z\u00e1vody budou sp\u00ed\u0161e na rozjet\u00ed, ale duben a kv\u011bten uk\u00e1\u017eou, jak na tom jsem,\u201c \u0159\u00edk\u00e1 odhodlan\u011b Jan \u0160karnitzl.<\/p>\n<figure id=\"attachment_16030\" aria-describedby=\"caption-attachment-16030\" style=\"width: 1920px\" class=\"wp-caption alignnone\"><a href=\"https:\/\/d2p6e6u75xmxt8.cloudfront.net\/13\/2022\/02\/skarntizl-2021_MS-MTB_1-003.jpg\"><img loading=\"lazy\" decoding=\"async\" class=\"size-extra-large wp-image-16030\" src=\"https:\/\/d2p6e6u75xmxt8.cloudfront.net\/13\/2022\/02\/skarntizl-2021_MS-MTB_1-003-1920x1280.jpg\" alt=\"Jan \u0160karnitzl na mistrovstv\u00ed sv\u011bta 2021. Foto: Michal \u010cerven\u00fd (4x)\" width=\"1920\" height=\"1280\" \/><\/a><figcaption id=\"caption-attachment-16030\" class=\"wp-caption-text\"><em>Jan \u0160karnitzl na mistrovstv\u00ed sv\u011bta 2021. Foto: Michal \u010cerven\u00fd (4x)<\/em><\/figcaption><\/figure>\n<p>P\u0159esto\u017ee na nov\u00e9 adrese u\u017e bude plnit i roli jist\u00e9ho mentora, po\u0159\u00e1d budou prioritou v\u00fdsledky.\u00a0\u201eA mus\u00edm \u0159\u00edct, \u017ee jsem stejn\u011b nerv\u00f3zn\u00ed jako v\u00a0za\u010d\u00e1tc\u00edch kari\u00e9ry. A\u017e se tohle vytrat\u00ed, skon\u010d\u00edm,\u201c m\u00e1 jasno borec z\u00a0Brand\u00fdsa nad Labem.<\/p>\n<p>\u201eSamoz\u0159ejm\u011b je pro m\u011b v\u0161echno snadn\u011bj\u0161\u00ed, proto\u017ee dok\u00e1\u017eu odhadnout, kam pat\u0159\u00edm. Nechci \u0159\u00edct, \u017ee je mi lhostejn\u00e9, jak pojedu. Rozhodn\u011b ne! Ale nestav\u00edm si vzdu\u0161n\u00e9 z\u00e1mky. Na rekordy to nebude, ale chci se vr\u00e1tit na \u00farove\u0148 p\u0159ed dv\u011bma lety,\u201c vypravuje zku\u0161en\u00fd biker.<\/p>\n<div class=\"shortcode-ys-post-pinup\"><article class=\"loop-simple post-15943 post type-post status-publish format-standard has-post-thumbnail hentry category-horska-cyklistika category-https-www-welovecycling-com-cs-category-zabava tag-crankworx tag-cyklistika tag-fourcross tag-horska-cyklistika tag-mestske-sjezdy tag-mistr-sveta tag-tomas-slavik tag-valparaiso tag-zdravi-a-trenink global-categories-cycling\" data-postid=\"15943\" role=\"article\" data-post-id=\"15943\" data-word-count=\"766\" data-headline-length=\"101\" data-category=\"Horsk\u00e1 cyklistika\" data-global-category=\"Cycling\" data-author=\"Jan Kr\u016fta\" data-published=\"2022-02-15T14:10:57+02:00\" data-published-day=\"Tuesday\">\n    <div class=\"entry-thumbnail article-thumbnail\" content=\"https:\/\/d2p6e6u75xmxt8.cloudfront.net\/13\/2022\/02\/Slavik-wQjR3Fpo-150x150.webp\"><a href=\"https:\/\/www.welovecycling.com\/cs\/2022\/02\/15\/je-to-masakr-ale-nejsme-bezmozci-tomas-slavik-sni-o-viteznem-hattricku-z-brutalniho-sjezdu\/\" class=\"image-holder\" target=\"_self\"><img decoding=\"async\" loading=\"lazy\" class=\"\" src=\"https:\/\/d2p6e6u75xmxt8.cloudfront.net\/13\/2022\/02\/Slavik-wQjR3Fpo-1024x683.webp\" srcset=\"https:\/\/d2p6e6u75xmxt8.cloudfront.net\/13\/2022\/02\/Slavik-wQjR3Fpo.webp 2048w, https:\/\/d2p6e6u75xmxt8.cloudfront.net\/13\/2022\/02\/Slavik-wQjR3Fpo-300x200.webp 300w, https:\/\/d2p6e6u75xmxt8.cloudfront.net\/13\/2022\/02\/Slavik-wQjR3Fpo-1024x683.webp 1024w, https:\/\/d2p6e6u75xmxt8.cloudfront.net\/13\/2022\/02\/Slavik-wQjR3Fpo-768x512.webp 768w, https:\/\/d2p6e6u75xmxt8.cloudfront.net\/13\/2022\/02\/Slavik-wQjR3Fpo-1536x1024.webp 1536w, https:\/\/d2p6e6u75xmxt8.cloudfront.net\/13\/2022\/02\/Slavik-wQjR3Fpo-1920x1280.webp 1920w, https:\/\/d2p6e6u75xmxt8.cloudfront.net\/13\/2022\/02\/Slavik-wQjR3Fpo-272x182.webp 272w, https:\/\/d2p6e6u75xmxt8.cloudfront.net\/13\/2022\/02\/Slavik-wQjR3Fpo-1920x1280.webp 1920w\" width=\"1024\" height=\"683\" sizes=\"auto, (min-width: 1200px) 300px, (min-width: 768px) 25vw, 100vw\" alt=\"je-to-masakr-ale-nejsme-bezmozci-tomas-slavik-sni-o-viteznem-hattricku-z-brutalniho-sjezdu\"\/><\/a><\/div>    <div class=\"entry-meta\">\n        <a class=\"label label-secondary post-category\" href=\"https:\/\/www.welovecycling.com\/cs\/category\/horska-cyklistika\/\" title=\"Horsk\u00e1 cyklistika\">Horsk\u00e1 cyklistika<\/a>\n    <\/div>\n    <div class=\"entry-details\">\n        <a href=\"https:\/\/www.welovecycling.com\/cs\/2022\/02\/15\/je-to-masakr-ale-nejsme-bezmozci-tomas-slavik-sni-o-viteznem-hattricku-z-brutalniho-sjezdu\/\" class='entry-title-wrapper'>\n            <h3 class=\"entry-title\"><span>Je to masakr, ale nejsme bezmozci! Tom\u00e1\u0161 Slav\u00edk sn\u00ed o v\u00edt\u011bzn\u00e9m hattricku z brut\u00e1ln\u00edho sjezdu<\/span><\/h3>\n        <\/a>\n    <\/div>\n    <\/article>\n<\/div>\n<p>\u201eChci dok\u00e1zat, \u017ee v\u0161echno moje sna\u017een\u00ed m\u00e1 smysl. \u010casu mimo rodinu je hodn\u011b, a nechci to zahodit. Po absolvovan\u00fdch soust\u0159ed\u011bn\u00edch se c\u00edt\u00edm skv\u011ble. Ale samoz\u0159ejm\u011b je odli\u0161n\u00e9 tr\u00e9novat a z\u00e1vodit. \u010c\u00edsla z tr\u00e9ninku jsou n\u011bco jin\u00e9ho, ne\u017e boj o pozice v z\u00e1vod\u011b,\u201c podot\u00fdk\u00e1 Jan \u0160karnitzl.<\/p>\n<h2><strong>S d\u011btmi dost\u00e1v\u00e1 regenerace na frak<\/strong><\/h2>\n<p>B\u011bhem pandemie se stal pot\u0159et\u00ed otcem, co\u017e z\u00e1sadn\u011b promlouv\u00e1 i do jeho p\u0159\u00edpravy. \u201eSoust\u0159ed\u011bn\u00ed je sv\u00fdm zp\u016fsobem dovolen\u00e1. \u010clov\u011bk si uv\u011bdom\u00ed, kolik m\u00e1 najednou \u010dasu. Nemohu \u0159\u00edct, \u017ee bych si tr\u00e9ninkov\u00fd dril na kempech u\u017e\u00edval, ale najednou si uv\u011bdomuji, jak\u00fd je to komfort. M\u00e1m prostor na naj\u00ed\u017ed\u011bn\u00ed kilometr\u016f, na regeneraci. Ta dost\u00e1v\u00e1 doma tro\u0161ku na frak,\u201c sm\u011bje se Jan \u0160karnitzl.<\/p>\n<figure id=\"attachment_16027\" aria-describedby=\"caption-attachment-16027\" style=\"width: 1920px\" class=\"wp-caption alignnone\"><a href=\"https:\/\/d2p6e6u75xmxt8.cloudfront.net\/13\/2022\/02\/skarnitzl-2019_SP-NMNM_1.jpg\"><img loading=\"lazy\" decoding=\"async\" class=\"size-extra-large wp-image-16027\" src=\"https:\/\/d2p6e6u75xmxt8.cloudfront.net\/13\/2022\/02\/skarnitzl-2019_SP-NMNM_1-1920x1280.jpg\" alt=\"Jan \u0160karnitzl p\u0159i z\u00e1vod\u011b Sv\u011btov\u00e9ho poh\u00e1ru cross country v Nov\u00e9m M\u011bst\u011b na Morav\u011b 2019.\" width=\"1920\" height=\"1280\" \/><\/a><figcaption id=\"caption-attachment-16027\" class=\"wp-caption-text\"><em>Jan \u0160karnitzl p\u0159i z\u00e1vod\u011b Sv\u011btov\u00e9ho poh\u00e1ru cross country v Nov\u00e9m M\u011bst\u011b na Morav\u011b 2019.<\/em><\/figcaption><\/figure>\n<p>\u201eTr\u00e9ninkov\u00fd pl\u00e1n pochopiteln\u011b d\u016fsledn\u011b pln\u00edm, a\u0165 jsem kdekoliv. Ale s\u00a0d\u011btmi se v\u0161echno m\u011bn\u00ed z\u00a0minuty na minuty. Zvl\u00e1\u0161t\u011b, kdy\u017e jsou t\u0159i. P\u0159ijedu z\u00a0kola, otev\u0159u dve\u0159e a u\u017e m\u00e1m prcky kolem sebe. Nem\u00e1m \u010das ani vydechnout, ale ob\u010das nen\u00ed zbyt\u00ed a mus\u00edm prost\u011b do klidu, abych si odfrknul a tr\u00e9nink vst\u0159ebal,\u201c \u0159\u00edk\u00e1 zku\u0161en\u00fd biker. \u201eNa\u0161t\u011bst\u00ed m\u00e1m hodn\u011b zku\u0161enost\u00ed, jak v\u0161echno skloubit.\u201c<\/p>\n","protected":false},"excerpt":{"rendered":"<p>Konec kari\u00e9ry? \u010cesk\u00fd biker Jan \u0160karnitzl p\u0159ipou\u0161t\u00ed, \u017ee v\u00a0hlav\u011b u\u017e m\u011bl my\u0161lenky na odchod ze sc\u00e9ny. Mistr republiky v\u00a0cross country, [&hellip;]<\/p>\n","protected":false},"author":138,"featured_media":16029,"comment_status":"open","ping_status":"open","sticky":false,"template":"","format":"standard","meta":{"footnotes":""},"categories":[11],"tags":[126,2217,56,236,2218,27],"global-categories":[411],"class_list":["post-16022","post","type-post","status-publish","format-standard","has-post-thumbnail","hentry","category-horska-cyklistika","tag-cyklistika","tag-gapp-system-kolofix","tag-horska-cyklistika","tag-jan-skarnitzl","tag-pariz-2024","tag-trenink","global-categories-cycling"],"yoast_head":"<!-- This site is optimized with the Yoast SEO Premium plugin v25.3 (Yoast SEO v25.9) - https:\/\/yoast.com\/wordpress\/plugins\/seo\/ -->\n<title>Jan \u0160karnitzl my\u0161lenky na d\u016fchod zapudil: Je\u0161t\u011b nen\u00ed m\u016fj \u010das | \u0160koda We Love Cycling - \u010cesk\u00e1 republika<\/title>\n<meta name=\"description\" content=\"Konec kari\u00e9ry? \u010cesk\u00fd biker Jan \u0160karnitzl p\u0159ipou\u0161t\u00ed, \u017ee v\u00a0hlav\u011b u\u017e m\u011bl my\u0161lenky na odchod ze sc\u00e9ny. Ale cyklistick\u00fd d\u016fchod se odkl\u00e1d\u00e1!\" \/>\n<meta name=\"robots\" content=\"index, follow, max-snippet:-1, max-image-preview:large, max-video-preview:-1\" \/>\n<link rel=\"canonical\" href=\"https:\/\/www.welovecycling.com\/cs\/2022\/02\/20\/jan-skarnitzl-myslenky-na-duchod-zapudil-jeste-neni-muj-cas\/\" \/>\n<meta property=\"og:locale\" content=\"cs_CZ\" \/>\n<meta property=\"og:type\" content=\"article\" \/>\n<meta property=\"og:title\" content=\"Jan \u0160karnitzl my\u0161lenky na d\u016fchod zapudil: Je\u0161t\u011b nen\u00ed m\u016fj \u010das\" \/>\n<meta property=\"og:description\" content=\"Konec kari\u00e9ry? \u010cesk\u00fd biker Jan \u0160karnitzl p\u0159ipou\u0161t\u00ed, \u017ee v\u00a0hlav\u011b u\u017e m\u011bl my\u0161lenky na odchod ze sc\u00e9ny. Ale cyklistick\u00fd d\u016fchod se odkl\u00e1d\u00e1!\" \/>\n<meta property=\"og:url\" content=\"https:\/\/www.welovecycling.com\/cs\/2022\/02\/20\/jan-skarnitzl-myslenky-na-duchod-zapudil-jeste-neni-muj-cas\/\" \/>\n<meta property=\"og:site_name\" content=\"\u0160koda We Love Cycling - \u010cesk\u00e1 republika\" \/>\n<meta property=\"article:published_time\" content=\"2022-02-20T15:00:30+00:00\" \/>\n<meta property=\"og:image\" content=\"https:\/\/d2p6e6u75xmxt8.cloudfront.net\/13\/2022\/02\/skarnitzl.webp\" \/>\n\t<meta property=\"og:image:width\" content=\"2000\" \/>\n\t<meta property=\"og:image:height\" content=\"1333\" \/>\n\t<meta property=\"og:image:type\" content=\"image\/webp\" \/>\n<meta name=\"author\" content=\"radekmalina\" \/>\n<meta name=\"twitter:card\" content=\"summary_large_image\" \/>\n<meta name=\"twitter:label1\" content=\"Written by\" \/>\n\t<meta name=\"twitter:data1\" content=\"Jan Kr\u016fta\" \/>\n\t<meta name=\"twitter:label2\" content=\"Est. reading time\" \/>\n\t<meta name=\"twitter:data2\" content=\"6\" \/>\n<script type=\"application\/ld+json\" class=\"yoast-schema-graph\">{\"@context\":\"https:\/\/schema.org\",\"@graph\":[{\"@type\":\"WebPage\",\"@id\":\"https:\/\/www.welovecycling.com\/cs\/2022\/02\/20\/jan-skarnitzl-myslenky-na-duchod-zapudil-jeste-neni-muj-cas\/\",\"url\":\"https:\/\/www.welovecycling.com\/cs\/2022\/02\/20\/jan-skarnitzl-myslenky-na-duchod-zapudil-jeste-neni-muj-cas\/\",\"name\":\"Jan \u0160karnitzl my\u0161lenky na d\u016fchod zapudil: Je\u0161t\u011b nen\u00ed m\u016fj \u010das | \u0160koda We Love Cycling - \u010cesk\u00e1 republika\",\"isPartOf\":{\"@id\":\"https:\/\/www.welovecycling.com\/cs\/#website\"},\"primaryImageOfPage\":{\"@id\":\"https:\/\/www.welovecycling.com\/cs\/2022\/02\/20\/jan-skarnitzl-myslenky-na-duchod-zapudil-jeste-neni-muj-cas\/#primaryimage\"},\"image\":{\"@id\":\"https:\/\/www.welovecycling.com\/cs\/2022\/02\/20\/jan-skarnitzl-myslenky-na-duchod-zapudil-jeste-neni-muj-cas\/#primaryimage\"},\"thumbnailUrl\":\"https:\/\/d2p6e6u75xmxt8.cloudfront.net\/13\/2022\/02\/skarnitzl.webp\",\"datePublished\":\"2022-02-20T15:00:30+00:00\",\"author\":{\"@id\":\"https:\/\/www.welovecycling.com\/cs\/#\/schema\/person\/d9eeb0a378f3a7e4a6d12d2b536b04b8\"},\"description\":\"Konec kari\u00e9ry? \u010cesk\u00fd biker Jan \u0160karnitzl p\u0159ipou\u0161t\u00ed, \u017ee v\u00a0hlav\u011b u\u017e m\u011bl my\u0161lenky na odchod ze sc\u00e9ny. Ale cyklistick\u00fd d\u016fchod se odkl\u00e1d\u00e1!\",\"inLanguage\":\"cs\",\"potentialAction\":[{\"@type\":\"ReadAction\",\"target\":[\"https:\/\/www.welovecycling.com\/cs\/2022\/02\/20\/jan-skarnitzl-myslenky-na-duchod-zapudil-jeste-neni-muj-cas\/\"]}]},{\"@type\":\"ImageObject\",\"inLanguage\":\"cs\",\"@id\":\"https:\/\/www.welovecycling.com\/cs\/2022\/02\/20\/jan-skarnitzl-myslenky-na-duchod-zapudil-jeste-neni-muj-cas\/#primaryimage\",\"url\":\"https:\/\/d2p6e6u75xmxt8.cloudfront.net\/13\/2022\/02\/skarnitzl.webp\",\"contentUrl\":\"https:\/\/d2p6e6u75xmxt8.cloudfront.net\/13\/2022\/02\/skarnitzl.webp\",\"width\":2000,\"height\":1333},{\"@type\":\"WebSite\",\"@id\":\"https:\/\/www.welovecycling.com\/cs\/#website\",\"url\":\"https:\/\/www.welovecycling.com\/cs\/\",\"name\":\"\u0160koda We Love Cycling - \u010cesk\u00e1 republika\",\"description\":\"WeLoveCycling.cz je online magaz\u00edn, kter\u00fd v\u00e1m pravideln\u011b p\u0159in\u00e1\u0161\u00ed rady a tipy, zaj\u00edmav\u00e9 \u010dl\u00e1nky, videa a jedine\u010dn\u00e9 report\u00e1\u017ee ze sv\u011bta cyklistiky.\",\"potentialAction\":[{\"@type\":\"SearchAction\",\"target\":{\"@type\":\"EntryPoint\",\"urlTemplate\":\"https:\/\/www.welovecycling.com\/cs\/?s={search_term_string}\"},\"query-input\":{\"@type\":\"PropertyValueSpecification\",\"valueRequired\":true,\"valueName\":\"search_term_string\"}}],\"inLanguage\":\"cs\"},{\"@type\":\"Person\",\"@id\":\"https:\/\/www.welovecycling.com\/cs\/#\/schema\/person\/d9eeb0a378f3a7e4a6d12d2b536b04b8\",\"name\":\"radekmalina\",\"image\":{\"@type\":\"ImageObject\",\"inLanguage\":\"cs\",\"@id\":\"https:\/\/www.welovecycling.com\/cs\/#\/schema\/person\/image\/\",\"url\":\"https:\/\/secure.gravatar.com\/avatar\/66994b632cb8c39a46b9f54afa3ae07201b678d32a54275b6f1c9ffec356bfc0?s=96&d=mm&r=g\",\"contentUrl\":\"https:\/\/secure.gravatar.com\/avatar\/66994b632cb8c39a46b9f54afa3ae07201b678d32a54275b6f1c9ffec356bfc0?s=96&d=mm&r=g\",\"caption\":\"radekmalina\"},\"url\":\"https:\/\/www.welovecycling.com\/cs\/author\/radekmalina\/\"}]}<\/script>\n<!-- \/ Yoast SEO Premium plugin. -->","yoast_head_json":{"title":"Jan \u0160karnitzl my\u0161lenky na d\u016fchod zapudil: Je\u0161t\u011b nen\u00ed m\u016fj \u010das | \u0160koda We Love Cycling - \u010cesk\u00e1 republika","description":"Konec kari\u00e9ry? \u010cesk\u00fd biker Jan \u0160karnitzl p\u0159ipou\u0161t\u00ed, \u017ee v\u00a0hlav\u011b u\u017e m\u011bl my\u0161lenky na odchod ze sc\u00e9ny. Ale cyklistick\u00fd d\u016fchod se odkl\u00e1d\u00e1!","robots":{"index":"index","follow":"follow","max-snippet":"max-snippet:-1","max-image-preview":"max-image-preview:large","max-video-preview":"max-video-preview:-1"},"canonical":"https:\/\/www.welovecycling.com\/cs\/2022\/02\/20\/jan-skarnitzl-myslenky-na-duchod-zapudil-jeste-neni-muj-cas\/","og_locale":"cs_CZ","og_type":"article","og_title":"Jan \u0160karnitzl my\u0161lenky na d\u016fchod zapudil: Je\u0161t\u011b nen\u00ed m\u016fj \u010das","og_description":"Konec kari\u00e9ry? \u010cesk\u00fd biker Jan \u0160karnitzl p\u0159ipou\u0161t\u00ed, \u017ee v\u00a0hlav\u011b u\u017e m\u011bl my\u0161lenky na odchod ze sc\u00e9ny. Ale cyklistick\u00fd d\u016fchod se odkl\u00e1d\u00e1!","og_url":"https:\/\/www.welovecycling.com\/cs\/2022\/02\/20\/jan-skarnitzl-myslenky-na-duchod-zapudil-jeste-neni-muj-cas\/","og_site_name":"\u0160koda We Love Cycling - \u010cesk\u00e1 republika","article_published_time":"2022-02-20T15:00:30+00:00","og_image":[{"width":2000,"height":1333,"url":"https:\/\/d2p6e6u75xmxt8.cloudfront.net\/13\/2022\/02\/skarnitzl.webp","type":"image\/webp"}],"author":"radekmalina","twitter_card":"summary_large_image","twitter_misc":{"Written by":"Jan Kr\u016fta","Est. reading time":"6"},"schema":{"@context":"https:\/\/schema.org","@graph":[{"@type":"WebPage","@id":"https:\/\/www.welovecycling.com\/cs\/2022\/02\/20\/jan-skarnitzl-myslenky-na-duchod-zapudil-jeste-neni-muj-cas\/","url":"https:\/\/www.welovecycling.com\/cs\/2022\/02\/20\/jan-skarnitzl-myslenky-na-duchod-zapudil-jeste-neni-muj-cas\/","name":"Jan \u0160karnitzl my\u0161lenky na d\u016fchod zapudil: Je\u0161t\u011b nen\u00ed m\u016fj \u010das | \u0160koda We Love Cycling - \u010cesk\u00e1 republika","isPartOf":{"@id":"https:\/\/www.welovecycling.com\/cs\/#website"},"primaryImageOfPage":{"@id":"https:\/\/www.welovecycling.com\/cs\/2022\/02\/20\/jan-skarnitzl-myslenky-na-duchod-zapudil-jeste-neni-muj-cas\/#primaryimage"},"image":{"@id":"https:\/\/www.welovecycling.com\/cs\/2022\/02\/20\/jan-skarnitzl-myslenky-na-duchod-zapudil-jeste-neni-muj-cas\/#primaryimage"},"thumbnailUrl":"https:\/\/d2p6e6u75xmxt8.cloudfront.net\/13\/2022\/02\/skarnitzl.webp","datePublished":"2022-02-20T15:00:30+00:00","author":{"@id":"https:\/\/www.welovecycling.com\/cs\/#\/schema\/person\/d9eeb0a378f3a7e4a6d12d2b536b04b8"},"description":"Konec kari\u00e9ry? \u010cesk\u00fd biker Jan \u0160karnitzl p\u0159ipou\u0161t\u00ed, \u017ee v\u00a0hlav\u011b u\u017e m\u011bl my\u0161lenky na odchod ze sc\u00e9ny. Ale cyklistick\u00fd d\u016fchod se odkl\u00e1d\u00e1!","inLanguage":"cs","potentialAction":[{"@type":"ReadAction","target":["https:\/\/www.welovecycling.com\/cs\/2022\/02\/20\/jan-skarnitzl-myslenky-na-duchod-zapudil-jeste-neni-muj-cas\/"]}]},{"@type":"ImageObject","inLanguage":"cs","@id":"https:\/\/www.welovecycling.com\/cs\/2022\/02\/20\/jan-skarnitzl-myslenky-na-duchod-zapudil-jeste-neni-muj-cas\/#primaryimage","url":"https:\/\/d2p6e6u75xmxt8.cloudfront.net\/13\/2022\/02\/skarnitzl.webp","contentUrl":"https:\/\/d2p6e6u75xmxt8.cloudfront.net\/13\/2022\/02\/skarnitzl.webp","width":2000,"height":1333},{"@type":"WebSite","@id":"https:\/\/www.welovecycling.com\/cs\/#website","url":"https:\/\/www.welovecycling.com\/cs\/","name":"\u0160koda We Love Cycling - \u010cesk\u00e1 republika","description":"WeLoveCycling.cz je online magaz\u00edn, kter\u00fd v\u00e1m pravideln\u011b p\u0159in\u00e1\u0161\u00ed rady a tipy, zaj\u00edmav\u00e9 \u010dl\u00e1nky, videa a jedine\u010dn\u00e9 report\u00e1\u017ee ze sv\u011bta cyklistiky.","potentialAction":[{"@type":"SearchAction","target":{"@type":"EntryPoint","urlTemplate":"https:\/\/www.welovecycling.com\/cs\/?s={search_term_string}"},"query-input":{"@type":"PropertyValueSpecification","valueRequired":true,"valueName":"search_term_string"}}],"inLanguage":"cs"},{"@type":"Person","@id":"https:\/\/www.welovecycling.com\/cs\/#\/schema\/person\/d9eeb0a378f3a7e4a6d12d2b536b04b8","name":"radekmalina","image":{"@type":"ImageObject","inLanguage":"cs","@id":"https:\/\/www.welovecycling.com\/cs\/#\/schema\/person\/image\/","url":"https:\/\/secure.gravatar.com\/avatar\/66994b632cb8c39a46b9f54afa3ae07201b678d32a54275b6f1c9ffec356bfc0?s=96&d=mm&r=g","contentUrl":"https:\/\/secure.gravatar.com\/avatar\/66994b632cb8c39a46b9f54afa3ae07201b678d32a54275b6f1c9ffec356bfc0?s=96&d=mm&r=g","caption":"radekmalina"},"url":"https:\/\/www.welovecycling.com\/cs\/author\/radekmalina\/"}]}},"_links":{"self":[{"href":"https:\/\/www.welovecycling.com\/cs\/wp-json\/wp\/v2\/posts\/16022","targetHints":{"allow":["GET"]}}],"collection":[{"href":"https:\/\/www.welovecycling.com\/cs\/wp-json\/wp\/v2\/posts"}],"about":[{"href":"https:\/\/www.welovecycling.com\/cs\/wp-json\/wp\/v2\/types\/post"}],"author":[{"embeddable":true,"href":"https:\/\/www.welovecycling.com\/cs\/wp-json\/wp\/v2\/users\/138"}],"replies":[{"embeddable":true,"href":"https:\/\/www.welovecycling.com\/cs\/wp-json\/wp\/v2\/comments?post=16022"}],"version-history":[{"count":2,"href":"https:\/\/www.welovecycling.com\/cs\/wp-json\/wp\/v2\/posts\/16022\/revisions"}],"predecessor-version":[{"id":16042,"href":"https:\/\/www.welovecycling.com\/cs\/wp-json\/wp\/v2\/posts\/16022\/revisions\/16042"}],"wp:featuredmedia":[{"embeddable":true,"href":"https:\/\/www.welovecycling.com\/cs\/wp-json\/wp\/v2\/media\/16029"}],"wp:attachment":[{"href":"https:\/\/www.welovecycling.com\/cs\/wp-json\/wp\/v2\/media?parent=16022"}],"wp:term":[{"taxonomy":"category","embeddable":true,"href":"https:\/\/www.welovecycling.com\/cs\/wp-json\/wp\/v2\/categories?post=16022"},{"taxonomy":"post_tag","embeddable":true,"href":"https:\/\/www.welovecycling.com\/cs\/wp-json\/wp\/v2\/tags?post=16022"},{"taxonomy":"global-categories","embeddable":true,"href":"https:\/\/www.welovecycling.com\/cs\/wp-json\/wp\/v2\/global-categories?post=16022"}],"curies":[{"name":"wp","href":"https:\/\/api.w.org\/{rel}","templated":true}]}}