{"id":15694,"date":"2022-01-07T18:00:07","date_gmt":"2022-01-07T16:00:07","guid":{"rendered":"https:\/\/www.welovecycling.com\/cs\/?p=15694"},"modified":"2022-01-07T16:28:35","modified_gmt":"2022-01-07T14:28:35","slug":"sezona-2022-bikove-me-v-cesku-ci-grand-tour-startujici-v-jinych-zemich","status":"publish","type":"post","link":"https:\/\/www.welovecycling.com\/cs\/2022\/01\/07\/sezona-2022-bikove-me-v-cesku-ci-grand-tour-startujici-v-jinych-zemich\/","title":{"rendered":"Sezona 2022: bikov\u00e9 ME v \u010cesku \u010di Grand Tour startuj\u00edc\u00ed v jin\u00fdch zem\u00edch"},"content":{"rendered":"<p><strong>Ostr\u00fd v\u00fdkop sezony v \u00fanoru v teple Spojen\u00fdch arabsk\u00fdch emir\u00e1t\u016f, jarn\u00ed klasiky v pl\u00edskanic\u00edch, Giro, Tour, Vuelta startuj\u00edc\u00ed mimo \u00fazem\u00ed sv\u00fdch po\u0159adatelsk\u00fdch zem\u00ed, nebo sv\u011btov\u00fd \u0161ampion\u00e1t u protino\u017ec\u016f. To je jen mal\u00e1 \u010d\u00e1st menu silni\u010dn\u00ed sezony 2022.<\/strong><\/p>\n<p>Bikery i dr\u00e1ha\u0159e \u010dek\u00e1 mistrovstv\u00ed sv\u011bta ve Francii, cyklokrosa\u0159e a\u017e v USA. V\u0161ichni p\u0159ed startem sezony doufaj\u00ed, \u017ee nebude p\u0159\u00edli\u0161 poznamen\u00e1na pandemi\u00ed koronaviru, z\u00e1vody se nebudou ru\u0161it a uskute\u010dn\u00ed se i za p\u0159\u00edtomnosti fanou\u0161k\u016f. Jestli tomu tak skute\u010dn\u011b bude, to rozhodnou a\u017e p\u0159\u00ed\u0161t\u00ed m\u011bs\u00edce.<\/p>\n<h2><strong>Austr\u00e1lii zru\u0161ili<\/strong><\/h2>\n<p>Silni\u010dn\u00ed World Tour sezona u\u017e jedno omezen\u00ed za\u017eila. Kv\u016fli covidu-19 byly zru\u0161eny tradi\u010dn\u00ed zahajovac\u00ed z\u00e1vody v Austr\u00e1lii, a tak by se m\u011blo za\u010d\u00edt a\u017e 20. \u00fanora etap\u00e1kem UAE Tour. V Evrop\u011b se na \u00farovni s\u00e9rie Europe Tour startuje u\u017e koncem ledna tradi\u010dn\u00edmi jednor\u00e1zovkami ve \u0160pan\u011blsku a na Mallorce. Prvn\u00edmi etapov\u00fdmi z\u00e1vody roku jsou Etoile de Bess\u00e9ge ve Francii (2.-6. 2.) a n\u00e1sledn\u011b Kolem Antalye v Turecku (10.-13. 2.).<\/p>\n<div class=\"shortcode-ys-post-pinup\"><article class=\"loop-simple post-15515 post type-post status-publish format-standard has-post-thumbnail hentry category-horska-cyklistika category-podcasty category-rady-tipy category-silnicni-cyklistika category-zdravi-a-trenink tag-cyklistika tag-horska-cyklistika tag-keto-dieta tag-podcast tag-proteiny tag-sacharidy tag-silnicni-cyklistika tag-stravovani tag-trenink tag-vojtech-hacecky tag-zdravi-a-trenink global-categories-cycling\" data-postid=\"15515\" role=\"article\" data-post-id=\"15515\" data-word-count=\"252\" data-headline-length=\"75\" data-category=\"Horsk\u00e1 cyklistika\" data-global-category=\"Cycling\" data-author=\"We Love Cycling\" data-published=\"2021-12-18T19:00:19+02:00\" data-published-day=\"Saturday\">\n    <div class=\"entry-thumbnail article-thumbnail\" content=\"https:\/\/d2p6e6u75xmxt8.cloudfront.net\/13\/2020\/11\/hacecky-profimedia-0114249408-150x150.webp\"><a href=\"https:\/\/www.welovecycling.com\/cs\/2021\/12\/18\/podcast-o-stravovani-nejvetsi-mytus-je-ze-na-kole-se-neji-rika-expert-centra-sportovni-mediciny\/\" class=\"image-holder\" target=\"_self\"><img decoding=\"async\" loading=\"lazy\" class=\"\" src=\"https:\/\/d2p6e6u75xmxt8.cloudfront.net\/13\/2020\/11\/hacecky-profimedia-0114249408-1024x797.webp\" srcset=\"https:\/\/d2p6e6u75xmxt8.cloudfront.net\/13\/2020\/11\/hacecky-profimedia-0114249408.webp 1800w, https:\/\/d2p6e6u75xmxt8.cloudfront.net\/13\/2020\/11\/hacecky-profimedia-0114249408-300x234.webp 300w, https:\/\/d2p6e6u75xmxt8.cloudfront.net\/13\/2020\/11\/hacecky-profimedia-0114249408-1024x797.webp 1024w, https:\/\/d2p6e6u75xmxt8.cloudfront.net\/13\/2020\/11\/hacecky-profimedia-0114249408-768x598.webp 768w, https:\/\/d2p6e6u75xmxt8.cloudfront.net\/13\/2020\/11\/hacecky-profimedia-0114249408-1536x1196.webp 1536w\" width=\"1024\" height=\"797\" sizes=\"auto, (min-width: 1200px) 300px, (min-width: 768px) 25vw, 100vw\" alt=\"podcast-o-stravovani-nejvetsi-mytus-je-ze-na-kole-se-neji-rika-expert-centra-sportovni-mediciny\"\/><\/a><\/div>    <div class=\"entry-meta\">\n        <a class=\"label label-secondary post-category\" href=\"https:\/\/www.welovecycling.com\/cs\/category\/horska-cyklistika\/\" title=\"Horsk\u00e1 cyklistika\">Horsk\u00e1 cyklistika<\/a>\n    <\/div>\n    <div class=\"entry-details\">\n        <a href=\"https:\/\/www.welovecycling.com\/cs\/2021\/12\/18\/podcast-o-stravovani-nejvetsi-mytus-je-ze-na-kole-se-neji-rika-expert-centra-sportovni-mediciny\/\" class='entry-title-wrapper'>\n            <h3 class=\"entry-title\"><span>WLC Podcast Vojt\u011bch Ha\u010deck\u00fd: Nejv\u011bt\u0161\u00ed m\u00fdtus je, \u017ee se na kole nej\u00ed<\/span><\/h3>\n        <\/a>\n    <\/div>\n    <\/article>\n<\/div>\n<p>Velk\u00e1 cyklistika odstartuje v Evrop\u011b na konci \u00fanora tradi\u010dn\u00ed klasikou Omloop Het Nieuwsblad v Belgii, pak p\u0159ijde tosk\u00e1nsk\u00e1 par\u00e1da na pra\u0161n\u00fdch cest\u00e1ch v podob\u011b Strade Bianche. Prvn\u00edmi World Tour etapov\u00fdmi z\u00e1vody jsou v Evrop\u011b Par\u00ed\u017e-Nice a Tirreno-Adriatico.<\/p>\n<p>Klasik\u00e1\u0159sk\u00e9 Monumenty jsou rozprost\u0159eny do cel\u00e9 sezony, ale nejv\u00edc jich je hned zkraje. V\u0161e odstartuje tradi\u010dn\u00ed Primavera Mil\u00e1n San Remo (19. 3.), n\u00e1sleduj\u00ed Kolem Flander (3. 4.), Pa\u0159\u00ed\u017e-Roubaix (17. 4.), Lutych-Bastogne-Lutych (24. 4.), tradi\u010dn\u00ed \u201ezav\u00edr\u00e1k\u201c sez\u00f3ny Kolem Lombardie se m\u00e1 letos jet 8. \u0159\u00edjna.<\/p>\n<figure id=\"attachment_14695\" aria-describedby=\"caption-attachment-14695\" style=\"width: 1200px\" class=\"wp-caption alignnone\"><a href=\"https:\/\/d2p6e6u75xmxt8.cloudfront.net\/13\/2021\/10\/stybar-1344604525_1633282117-Tim-de-Waele.jpg\"><img loading=\"lazy\" decoding=\"async\" class=\"size-full wp-image-14695\" src=\"https:\/\/d2p6e6u75xmxt8.cloudfront.net\/13\/2021\/10\/stybar-1344604525_1633282117-Tim-de-Waele.jpg\" alt=\"Zden\u011bk \u0160tybar v c\u00edli z\u00e1vodu Pa\u0159\u00ed\u017e-Roubaix 2021. Foto: Tim de Waele\/Getty Images\/Deceuninck Quick Step\" width=\"1200\" height=\"800\" \/><\/a><figcaption id=\"caption-attachment-14695\" class=\"wp-caption-text\"><em>Zden\u011bk \u0160tybar v c\u00edli Pa\u0159\u00ed\u017e-Roubaix 2021. Pokud pandemie dovol\u00ed, sezona 2022 nab\u00eddne Roubaix v tradi\u010dn\u00edm term\u00ednu. Foto: Tim de Waele\/Getty Images\/Deceuninck Quick Step<\/em><\/figcaption><\/figure>\n<p>T\u0159\u00edt\u00fddenn\u00ed boje na Grand Tour za\u010dnou na Giro d\u00b4Italia, kter\u00e9 letos startuje v Ma\u010farsku (6. \u2013 29. 5.), Tour de France startuj\u00edc\u00ed v D\u00e1nsku je na programu 1. \u2013 24. 7. a \u0161pan\u011blsk\u00e1 Vuelta, jej\u00ed\u017e 77. ro\u010dn\u00edk za\u010dne pro zm\u011bnu v Nizozemsku, se kon\u00e1 v term\u00ednu od 19. 8. do 11. 9. Mistrovstv\u00ed sv\u011bta na silnici host\u00ed australsk\u00fd Wollongong 18. \u2013 25. z\u00e1\u0159\u00ed.<\/p>\n<p>\u010cesko bude i letos organizovat \u0159adu z\u00e1vod\u016f, t\u011bmi nejv\u00fdznamn\u011bj\u0161\u00edmi jsou Sazka Tour (4.- 7. 8.), Z\u00e1vod m\u00edru U23 (2. \u2013 5. 6.) za\u0159azen\u00fd do seri\u00e1lu Nation\u00b4s Cup, Visegradsk\u00e1 4 (9. 7.) nebo Okolo ji\u017en\u00edch \u010cech (8. \u2013 11. 9.).<\/p>\n<h2><strong>Bike\u0159i op\u011bt v\u00a0Nov\u00e9m M\u011bst\u011b<\/strong><\/h2>\n<p>Z\u00e1vodn\u00edci v cross country horsk\u00fdch kol odstartuj\u00ed sezonu na \u00farovni Sv\u011btov\u00e9ho poh\u00e1ru a\u017e v Braz\u00edlii (8. \u2013 10. 4.), tradi\u010dn\u00ed zast\u00e1vkou SP bude i Nov\u00e9 M\u011bsto na Morav\u011b (13. \u2013 15. 5.). Celkem m\u00e1 elitn\u00ed seri\u00e1l 9 z\u00e1vod\u016f, mistrovstv\u00ed sv\u011bta spole\u010dn\u011b se sjezda\u0159i a fourcrossa\u0159i bude hostit francouzsk\u00e9 Les Gets (24. \u2013 28. 8.).<\/p>\n<div class=\"shortcode-ys-post-pinup\"><article class=\"loop-simple post-15653 post type-post status-publish format-standard has-post-thumbnail hentry category-https-www-welovecycling-com-cs-category-zabava tag-cyklistika tag-fons-de-wolf tag-gabriele-colombo tag-jan-ullrich tag-robert-dill-bundi tag-silnicni-cyklistika tag-stuart-ogrady tag-thomas-dekker tag-tour-de-france global-categories-cycling\" data-postid=\"15653\" role=\"article\" data-post-id=\"15653\" data-word-count=\"580\" data-headline-length=\"91\" data-category=\"Z\u00c1BAVA\" data-global-category=\"Cycling\" data-author=\"Jan Kr\u016fta\" data-published=\"2021-12-31T12:00:51+02:00\" data-published-day=\"Friday\">\n    <div class=\"entry-thumbnail article-thumbnail\" content=\"https:\/\/d2p6e6u75xmxt8.cloudfront.net\/13\/2021\/12\/pivo-profimedia-0313853089-150x150.webp\"><a href=\"https:\/\/www.welovecycling.com\/cs\/2021\/12\/31\/alkohol-drogy-i-party-behem-tour-de-france-parmeni-a-milovnici-vecirku-v-pelotonu\/\" class=\"image-holder\" target=\"_self\"><img decoding=\"async\" loading=\"lazy\" class=\"\" src=\"https:\/\/d2p6e6u75xmxt8.cloudfront.net\/13\/2021\/12\/pivo-profimedia-0313853089-1024x682.webp\" srcset=\"https:\/\/d2p6e6u75xmxt8.cloudfront.net\/13\/2021\/12\/pivo-profimedia-0313853089.webp 1800w, https:\/\/d2p6e6u75xmxt8.cloudfront.net\/13\/2021\/12\/pivo-profimedia-0313853089-300x200.webp 300w, https:\/\/d2p6e6u75xmxt8.cloudfront.net\/13\/2021\/12\/pivo-profimedia-0313853089-1024x682.webp 1024w, https:\/\/d2p6e6u75xmxt8.cloudfront.net\/13\/2021\/12\/pivo-profimedia-0313853089-768x512.webp 768w, https:\/\/d2p6e6u75xmxt8.cloudfront.net\/13\/2021\/12\/pivo-profimedia-0313853089-1536x1023.webp 1536w, https:\/\/d2p6e6u75xmxt8.cloudfront.net\/13\/2021\/12\/pivo-profimedia-0313853089-272x182.webp 272w\" width=\"1024\" height=\"682\" sizes=\"auto, (min-width: 1200px) 300px, (min-width: 768px) 25vw, 100vw\" alt=\"alkohol-drogy-i-party-behem-tour-de-france-parmeni-a-milovnici-vecirku-v-pelotonu\"\/><\/a><\/div>    <div class=\"entry-meta\">\n        <a class=\"label label-secondary post-category\" href=\"https:\/\/www.welovecycling.com\/cs\/category\/https-www-welovecycling-com-cs-category-zabava\/\" title=\"Z\u00c1BAVA\">Z\u00c1BAVA<\/a>\n    <\/div>\n    <div class=\"entry-details\">\n        <a href=\"https:\/\/www.welovecycling.com\/cs\/2021\/12\/31\/alkohol-drogy-i-party-behem-tour-de-france-parmeni-a-milovnici-vecirku-v-pelotonu\/\" class='entry-title-wrapper'>\n            <h3 class=\"entry-title\"><span>Alkohol, drogy i party b\u011bhem Tour de France?! Pa\u0159meni a milovn\u00edci ve\u010d\u00edrk\u016f v\u00a0pelotonu<\/span><\/h3>\n        <\/a>\n    <\/div>\n    <\/article>\n<\/div>\n<p>Fanou\u0161ci v \u010cesku se mohou na \u00farovni MTB t\u011b\u0161it t\u0159eba na mistrovstv\u00ed Evropy v maratonu, kter\u00e9 se uskute\u010dn\u00ed 17. \u2013 19. 6. v Jablonn\u00e9m v Podje\u0161t\u011bd\u00ed.<\/p>\n<figure id=\"attachment_15636\" aria-describedby=\"caption-attachment-15636\" style=\"width: 1920px\" class=\"wp-caption alignnone\"><a href=\"https:\/\/d2p6e6u75xmxt8.cloudfront.net\/13\/2021\/12\/cink_1.jpg\"><img loading=\"lazy\" decoding=\"async\" class=\"size-extra-large wp-image-15636\" src=\"https:\/\/d2p6e6u75xmxt8.cloudfront.net\/13\/2021\/12\/cink_1-1920x1281.jpg\" alt=\"Ond\u0159ej Cink \" width=\"1920\" height=\"1281\" \/><\/a><figcaption id=\"caption-attachment-15636\" class=\"wp-caption-text\"><em>Ond\u0159ej Cink bude m\u00edt p\u0159\u00edle\u017eitost bojovat v sezon\u011b 2022 o medaili na ME v dom\u00e1c\u00edch podm\u00ednk\u00e1ch.<\/em><\/figcaption><\/figure>\n<p>Cyklokrosa\u0159i u\u017e maj\u00ed sezonu t\u00e9m\u011b\u0159 na konci. Po dom\u00e1c\u00edch \u0161ampion\u00e1tech, kter\u00e9 se konaj\u00ed nadch\u00e1zej\u00edc\u00ed v\u00edkend (v \u010cesku v sobotu v Kol\u00edn\u011b) se jedou je\u0161t\u011b dva Sv\u011btov\u00e9 poh\u00e1ry a v\u0161e vyvrchol\u00ed na sv\u011btov\u00e9m \u0161ampion\u00e1tu v americk\u00e9m Fayetteville o posledn\u00edm lednov\u00e9m v\u00edkendu. Fanou\u0161ci u n\u00e1s doma se v listopadu mohou op\u011bt t\u011b\u0161it na Sv\u011btov\u00fd poh\u00e1r v T\u00e1bo\u0159e.<\/p>\n<p>Vrcholem sezony dr\u00e1ha\u0159\u016f je mistrovstv\u00ed sv\u011bta, kter\u00e9 se uskute\u010dn\u00ed v \u0159\u00edjnu ve francouzsk\u00e9m Saint Quentin en Yvelines.<\/p>\n","protected":false},"excerpt":{"rendered":"<p>Ostr\u00fd v\u00fdkop sezony v \u00fanoru v teple Spojen\u00fdch arabsk\u00fdch emir\u00e1t\u016f, jarn\u00ed klasiky v pl\u00edskanic\u00edch, Giro, Tour, Vuelta startuj\u00edc\u00ed mimo \u00fazem\u00ed [&hellip;]<\/p>\n","protected":false},"author":138,"featured_media":13645,"comment_status":"open","ping_status":"open","sticky":false,"template":"","format":"standard","meta":{"footnotes":""},"categories":[1303,1516,11,10,243,1711],"tags":[126,723,161,56,151,110,2132,2131,1366,101,168,9,1057,100,23,27,273],"global-categories":[411],"class_list":["post-15694","post","type-post","status-publish","format-standard","has-post-thumbnail","hentry","category-cyklokros","category-drahova-cyklistika","category-horska-cyklistika","category-silnicni-cyklistika","category-welovecycling-com-cs-tdf","category-tour-de-france","tag-cyklistika","tag-cyklokros","tag-giro-ditalia","tag-horska-cyklistika","tag-kolem-flander","tag-milan-san-remo","tag-mistrovstvi-evropy-2022","tag-mistrovstvi-sveta-2022","tag-omloop-het-nieuwsblad","tag-pariz-nice","tag-pariz-roubaix","tag-silnicni-cyklistika","tag-strade-bianche","tag-tirreno-adriatico","tag-tour-de-france","tag-trenink","tag-vuelta","global-categories-cycling"],"yoast_head":"<!-- This site is optimized with the Yoast SEO Premium plugin v25.3 (Yoast SEO v25.9) - https:\/\/yoast.com\/wordpress\/plugins\/seo\/ -->\n<title>Sezona 2022: bikov\u00e9 ME v \u010cesku \u010di Grand Tour startuj\u00edc\u00ed v jin\u00fdch zem\u00edch | \u0160koda We Love Cycling - \u010cesk\u00e1 republika<\/title>\n<meta name=\"description\" content=\"Jak\u00e9 jsou hlavn\u00ed z\u00e1vodn\u00ed body sezony 2022? V\u0161echny Grand Tour startuj\u00ed mimo po\u0159adatelskou zemi. \u010cesko bude hostit ME biker\u016f!\" \/>\n<meta name=\"robots\" content=\"index, follow, max-snippet:-1, max-image-preview:large, max-video-preview:-1\" \/>\n<link rel=\"canonical\" href=\"https:\/\/www.welovecycling.com\/cs\/2022\/01\/07\/sezona-2022-bikove-me-v-cesku-ci-grand-tour-startujici-v-jinych-zemich\/\" \/>\n<meta property=\"og:locale\" content=\"cs_CZ\" \/>\n<meta property=\"og:type\" content=\"article\" \/>\n<meta property=\"og:title\" content=\"Sezona 2022: bikov\u00e9 ME v \u010cesku \u010di Grand Tour startuj\u00edc\u00ed v jin\u00fdch zem\u00edch\" \/>\n<meta property=\"og:description\" content=\"Jak\u00e9 jsou hlavn\u00ed z\u00e1vodn\u00ed body sezony 2022? V\u0161echny Grand Tour startuj\u00ed mimo po\u0159adatelskou zemi. \u010cesko bude hostit ME biker\u016f!\" \/>\n<meta property=\"og:url\" content=\"https:\/\/www.welovecycling.com\/cs\/2022\/01\/07\/sezona-2022-bikove-me-v-cesku-ci-grand-tour-startujici-v-jinych-zemich\/\" \/>\n<meta property=\"og:site_name\" content=\"\u0160koda We Love Cycling - \u010cesk\u00e1 republika\" \/>\n<meta property=\"article:published_time\" content=\"2022-01-07T16:00:07+00:00\" \/>\n<meta property=\"og:image\" content=\"https:\/\/d2p6e6u75xmxt8.cloudfront.net\/13\/2021\/07\/Mark-Cavendish-Tour-de-France-Stage-10-Green-Jersey-_Tim-De-Waele-Getty-Images-scaled.webp\" \/>\n\t<meta property=\"og:image:width\" content=\"2560\" \/>\n\t<meta property=\"og:image:height\" content=\"1709\" \/>\n\t<meta property=\"og:image:type\" content=\"image\/webp\" \/>\n<meta name=\"author\" content=\"radekmalina\" \/>\n<meta name=\"twitter:card\" content=\"summary_large_image\" \/>\n<meta name=\"twitter:label1\" content=\"Written by\" \/>\n\t<meta name=\"twitter:data1\" content=\"Jan Kr\u016fta\" \/>\n\t<meta name=\"twitter:label2\" content=\"Est. reading time\" \/>\n\t<meta name=\"twitter:data2\" content=\"6\" \/>\n<script type=\"application\/ld+json\" class=\"yoast-schema-graph\">{\"@context\":\"https:\/\/schema.org\",\"@graph\":[{\"@type\":\"WebPage\",\"@id\":\"https:\/\/www.welovecycling.com\/cs\/2022\/01\/07\/sezona-2022-bikove-me-v-cesku-ci-grand-tour-startujici-v-jinych-zemich\/\",\"url\":\"https:\/\/www.welovecycling.com\/cs\/2022\/01\/07\/sezona-2022-bikove-me-v-cesku-ci-grand-tour-startujici-v-jinych-zemich\/\",\"name\":\"Sezona 2022: bikov\u00e9 ME v \u010cesku \u010di Grand Tour startuj\u00edc\u00ed v jin\u00fdch zem\u00edch | \u0160koda We Love Cycling - \u010cesk\u00e1 republika\",\"isPartOf\":{\"@id\":\"https:\/\/www.welovecycling.com\/cs\/#website\"},\"primaryImageOfPage\":{\"@id\":\"https:\/\/www.welovecycling.com\/cs\/2022\/01\/07\/sezona-2022-bikove-me-v-cesku-ci-grand-tour-startujici-v-jinych-zemich\/#primaryimage\"},\"image\":{\"@id\":\"https:\/\/www.welovecycling.com\/cs\/2022\/01\/07\/sezona-2022-bikove-me-v-cesku-ci-grand-tour-startujici-v-jinych-zemich\/#primaryimage\"},\"thumbnailUrl\":\"https:\/\/d2p6e6u75xmxt8.cloudfront.net\/13\/2021\/07\/Mark-Cavendish-Tour-de-France-Stage-10-Green-Jersey-_Tim-De-Waele-Getty-Images-scaled.webp\",\"datePublished\":\"2022-01-07T16:00:07+00:00\",\"author\":{\"@id\":\"https:\/\/www.welovecycling.com\/cs\/#\/schema\/person\/d9eeb0a378f3a7e4a6d12d2b536b04b8\"},\"description\":\"Jak\u00e9 jsou hlavn\u00ed z\u00e1vodn\u00ed body sezony 2022? V\u0161echny Grand Tour startuj\u00ed mimo po\u0159adatelskou zemi. \u010cesko bude hostit ME biker\u016f!\",\"inLanguage\":\"cs\",\"potentialAction\":[{\"@type\":\"ReadAction\",\"target\":[\"https:\/\/www.welovecycling.com\/cs\/2022\/01\/07\/sezona-2022-bikove-me-v-cesku-ci-grand-tour-startujici-v-jinych-zemich\/\"]}]},{\"@type\":\"ImageObject\",\"inLanguage\":\"cs\",\"@id\":\"https:\/\/www.welovecycling.com\/cs\/2022\/01\/07\/sezona-2022-bikove-me-v-cesku-ci-grand-tour-startujici-v-jinych-zemich\/#primaryimage\",\"url\":\"https:\/\/d2p6e6u75xmxt8.cloudfront.net\/13\/2021\/07\/Mark-Cavendish-Tour-de-France-Stage-10-Green-Jersey-_Tim-De-Waele-Getty-Images-scaled.webp\",\"contentUrl\":\"https:\/\/d2p6e6u75xmxt8.cloudfront.net\/13\/2021\/07\/Mark-Cavendish-Tour-de-France-Stage-10-Green-Jersey-_Tim-De-Waele-Getty-Images-scaled.webp\",\"width\":2560,\"height\":1709,\"caption\":\"Mark-Cavendish-Tour-de-France-Stage-10-Green-Jersey-_Tim-De-Waele-Getty-Images\"},{\"@type\":\"WebSite\",\"@id\":\"https:\/\/www.welovecycling.com\/cs\/#website\",\"url\":\"https:\/\/www.welovecycling.com\/cs\/\",\"name\":\"\u0160koda We Love Cycling - \u010cesk\u00e1 republika\",\"description\":\"WeLoveCycling.cz je online magaz\u00edn, kter\u00fd v\u00e1m pravideln\u011b p\u0159in\u00e1\u0161\u00ed rady a tipy, zaj\u00edmav\u00e9 \u010dl\u00e1nky, videa a jedine\u010dn\u00e9 report\u00e1\u017ee ze sv\u011bta cyklistiky.\",\"potentialAction\":[{\"@type\":\"SearchAction\",\"target\":{\"@type\":\"EntryPoint\",\"urlTemplate\":\"https:\/\/www.welovecycling.com\/cs\/?s={search_term_string}\"},\"query-input\":{\"@type\":\"PropertyValueSpecification\",\"valueRequired\":true,\"valueName\":\"search_term_string\"}}],\"inLanguage\":\"cs\"},{\"@type\":\"Person\",\"@id\":\"https:\/\/www.welovecycling.com\/cs\/#\/schema\/person\/d9eeb0a378f3a7e4a6d12d2b536b04b8\",\"name\":\"radekmalina\",\"image\":{\"@type\":\"ImageObject\",\"inLanguage\":\"cs\",\"@id\":\"https:\/\/www.welovecycling.com\/cs\/#\/schema\/person\/image\/\",\"url\":\"https:\/\/secure.gravatar.com\/avatar\/66994b632cb8c39a46b9f54afa3ae07201b678d32a54275b6f1c9ffec356bfc0?s=96&d=mm&r=g\",\"contentUrl\":\"https:\/\/secure.gravatar.com\/avatar\/66994b632cb8c39a46b9f54afa3ae07201b678d32a54275b6f1c9ffec356bfc0?s=96&d=mm&r=g\",\"caption\":\"radekmalina\"},\"url\":\"https:\/\/www.welovecycling.com\/cs\/author\/radekmalina\/\"}]}<\/script>\n<!-- \/ Yoast SEO Premium plugin. -->","yoast_head_json":{"title":"Sezona 2022: bikov\u00e9 ME v \u010cesku \u010di Grand Tour startuj\u00edc\u00ed v jin\u00fdch zem\u00edch | \u0160koda We Love Cycling - \u010cesk\u00e1 republika","description":"Jak\u00e9 jsou hlavn\u00ed z\u00e1vodn\u00ed body sezony 2022? V\u0161echny Grand Tour startuj\u00ed mimo po\u0159adatelskou zemi. \u010cesko bude hostit ME biker\u016f!","robots":{"index":"index","follow":"follow","max-snippet":"max-snippet:-1","max-image-preview":"max-image-preview:large","max-video-preview":"max-video-preview:-1"},"canonical":"https:\/\/www.welovecycling.com\/cs\/2022\/01\/07\/sezona-2022-bikove-me-v-cesku-ci-grand-tour-startujici-v-jinych-zemich\/","og_locale":"cs_CZ","og_type":"article","og_title":"Sezona 2022: bikov\u00e9 ME v \u010cesku \u010di Grand Tour startuj\u00edc\u00ed v jin\u00fdch zem\u00edch","og_description":"Jak\u00e9 jsou hlavn\u00ed z\u00e1vodn\u00ed body sezony 2022? V\u0161echny Grand Tour startuj\u00ed mimo po\u0159adatelskou zemi. \u010cesko bude hostit ME biker\u016f!","og_url":"https:\/\/www.welovecycling.com\/cs\/2022\/01\/07\/sezona-2022-bikove-me-v-cesku-ci-grand-tour-startujici-v-jinych-zemich\/","og_site_name":"\u0160koda We Love Cycling - \u010cesk\u00e1 republika","article_published_time":"2022-01-07T16:00:07+00:00","og_image":[{"width":2560,"height":1709,"url":"https:\/\/d2p6e6u75xmxt8.cloudfront.net\/13\/2021\/07\/Mark-Cavendish-Tour-de-France-Stage-10-Green-Jersey-_Tim-De-Waele-Getty-Images-scaled.webp","type":"image\/webp"}],"author":"radekmalina","twitter_card":"summary_large_image","twitter_misc":{"Written by":"Jan Kr\u016fta","Est. reading time":"6"},"schema":{"@context":"https:\/\/schema.org","@graph":[{"@type":"WebPage","@id":"https:\/\/www.welovecycling.com\/cs\/2022\/01\/07\/sezona-2022-bikove-me-v-cesku-ci-grand-tour-startujici-v-jinych-zemich\/","url":"https:\/\/www.welovecycling.com\/cs\/2022\/01\/07\/sezona-2022-bikove-me-v-cesku-ci-grand-tour-startujici-v-jinych-zemich\/","name":"Sezona 2022: bikov\u00e9 ME v \u010cesku \u010di Grand Tour startuj\u00edc\u00ed v jin\u00fdch zem\u00edch | \u0160koda We Love Cycling - \u010cesk\u00e1 republika","isPartOf":{"@id":"https:\/\/www.welovecycling.com\/cs\/#website"},"primaryImageOfPage":{"@id":"https:\/\/www.welovecycling.com\/cs\/2022\/01\/07\/sezona-2022-bikove-me-v-cesku-ci-grand-tour-startujici-v-jinych-zemich\/#primaryimage"},"image":{"@id":"https:\/\/www.welovecycling.com\/cs\/2022\/01\/07\/sezona-2022-bikove-me-v-cesku-ci-grand-tour-startujici-v-jinych-zemich\/#primaryimage"},"thumbnailUrl":"https:\/\/d2p6e6u75xmxt8.cloudfront.net\/13\/2021\/07\/Mark-Cavendish-Tour-de-France-Stage-10-Green-Jersey-_Tim-De-Waele-Getty-Images-scaled.webp","datePublished":"2022-01-07T16:00:07+00:00","author":{"@id":"https:\/\/www.welovecycling.com\/cs\/#\/schema\/person\/d9eeb0a378f3a7e4a6d12d2b536b04b8"},"description":"Jak\u00e9 jsou hlavn\u00ed z\u00e1vodn\u00ed body sezony 2022? V\u0161echny Grand Tour startuj\u00ed mimo po\u0159adatelskou zemi. \u010cesko bude hostit ME biker\u016f!","inLanguage":"cs","potentialAction":[{"@type":"ReadAction","target":["https:\/\/www.welovecycling.com\/cs\/2022\/01\/07\/sezona-2022-bikove-me-v-cesku-ci-grand-tour-startujici-v-jinych-zemich\/"]}]},{"@type":"ImageObject","inLanguage":"cs","@id":"https:\/\/www.welovecycling.com\/cs\/2022\/01\/07\/sezona-2022-bikove-me-v-cesku-ci-grand-tour-startujici-v-jinych-zemich\/#primaryimage","url":"https:\/\/d2p6e6u75xmxt8.cloudfront.net\/13\/2021\/07\/Mark-Cavendish-Tour-de-France-Stage-10-Green-Jersey-_Tim-De-Waele-Getty-Images-scaled.webp","contentUrl":"https:\/\/d2p6e6u75xmxt8.cloudfront.net\/13\/2021\/07\/Mark-Cavendish-Tour-de-France-Stage-10-Green-Jersey-_Tim-De-Waele-Getty-Images-scaled.webp","width":2560,"height":1709,"caption":"Mark-Cavendish-Tour-de-France-Stage-10-Green-Jersey-_Tim-De-Waele-Getty-Images"},{"@type":"WebSite","@id":"https:\/\/www.welovecycling.com\/cs\/#website","url":"https:\/\/www.welovecycling.com\/cs\/","name":"\u0160koda We Love Cycling - \u010cesk\u00e1 republika","description":"WeLoveCycling.cz je online magaz\u00edn, kter\u00fd v\u00e1m pravideln\u011b p\u0159in\u00e1\u0161\u00ed rady a tipy, zaj\u00edmav\u00e9 \u010dl\u00e1nky, videa a jedine\u010dn\u00e9 report\u00e1\u017ee ze sv\u011bta cyklistiky.","potentialAction":[{"@type":"SearchAction","target":{"@type":"EntryPoint","urlTemplate":"https:\/\/www.welovecycling.com\/cs\/?s={search_term_string}"},"query-input":{"@type":"PropertyValueSpecification","valueRequired":true,"valueName":"search_term_string"}}],"inLanguage":"cs"},{"@type":"Person","@id":"https:\/\/www.welovecycling.com\/cs\/#\/schema\/person\/d9eeb0a378f3a7e4a6d12d2b536b04b8","name":"radekmalina","image":{"@type":"ImageObject","inLanguage":"cs","@id":"https:\/\/www.welovecycling.com\/cs\/#\/schema\/person\/image\/","url":"https:\/\/secure.gravatar.com\/avatar\/66994b632cb8c39a46b9f54afa3ae07201b678d32a54275b6f1c9ffec356bfc0?s=96&d=mm&r=g","contentUrl":"https:\/\/secure.gravatar.com\/avatar\/66994b632cb8c39a46b9f54afa3ae07201b678d32a54275b6f1c9ffec356bfc0?s=96&d=mm&r=g","caption":"radekmalina"},"url":"https:\/\/www.welovecycling.com\/cs\/author\/radekmalina\/"}]}},"_links":{"self":[{"href":"https:\/\/www.welovecycling.com\/cs\/wp-json\/wp\/v2\/posts\/15694","targetHints":{"allow":["GET"]}}],"collection":[{"href":"https:\/\/www.welovecycling.com\/cs\/wp-json\/wp\/v2\/posts"}],"about":[{"href":"https:\/\/www.welovecycling.com\/cs\/wp-json\/wp\/v2\/types\/post"}],"author":[{"embeddable":true,"href":"https:\/\/www.welovecycling.com\/cs\/wp-json\/wp\/v2\/users\/138"}],"replies":[{"embeddable":true,"href":"https:\/\/www.welovecycling.com\/cs\/wp-json\/wp\/v2\/comments?post=15694"}],"version-history":[{"count":2,"href":"https:\/\/www.welovecycling.com\/cs\/wp-json\/wp\/v2\/posts\/15694\/revisions"}],"predecessor-version":[{"id":15699,"href":"https:\/\/www.welovecycling.com\/cs\/wp-json\/wp\/v2\/posts\/15694\/revisions\/15699"}],"wp:featuredmedia":[{"embeddable":true,"href":"https:\/\/www.welovecycling.com\/cs\/wp-json\/wp\/v2\/media\/13645"}],"wp:attachment":[{"href":"https:\/\/www.welovecycling.com\/cs\/wp-json\/wp\/v2\/media?parent=15694"}],"wp:term":[{"taxonomy":"category","embeddable":true,"href":"https:\/\/www.welovecycling.com\/cs\/wp-json\/wp\/v2\/categories?post=15694"},{"taxonomy":"post_tag","embeddable":true,"href":"https:\/\/www.welovecycling.com\/cs\/wp-json\/wp\/v2\/tags?post=15694"},{"taxonomy":"global-categories","embeddable":true,"href":"https:\/\/www.welovecycling.com\/cs\/wp-json\/wp\/v2\/global-categories?post=15694"}],"curies":[{"name":"wp","href":"https:\/\/api.w.org\/{rel}","templated":true}]}}