{"id":15674,"date":"2022-01-05T18:00:55","date_gmt":"2022-01-05T16:00:55","guid":{"rendered":"https:\/\/www.welovecycling.com\/cs\/?p=15674"},"modified":"2022-11-24T13:06:09","modified_gmt":"2022-11-24T11:06:09","slug":"cyklisticke-bryle-a-jejich-vyber-je-to-veda","status":"publish","type":"post","link":"https:\/\/www.welovecycling.com\/cs\/2022\/01\/05\/cyklisticke-bryle-a-jejich-vyber-je-to-veda\/","title":{"rendered":"Cyklistick\u00e9 br\u00fdle a jejich v\u00fdb\u011br? Je to v\u011bda"},"content":{"rendered":"<p><strong>Cyklistick\u00e9 br\u00fdle nejsou jen v\u00fdsadou letn\u00edch m\u011bs\u00edc\u016f! Chr\u00e1nit o\u010di je nutn\u00e9 i b\u011bhem zimn\u00edch t\u00fddn\u016f, kdy cesty pokr\u00fdv\u00e1 bl\u00e1to, zbytku sn\u011bhu \u010di ledu nebo prachov\u00fd posyp po p\u0159ede\u0161l\u00e9m n\u00e1led\u00ed.<\/strong><\/p>\n<p>Vybrat kvalitn\u00ed cyklistick\u00e9 br\u00fdle nen\u00ed v\u0161ak v\u016fbec snadn\u00e9. Pokus\u00edme se shrnout, co v\u0161echno by nov\u00e1 ochrana o\u010d\u00ed, kterou jste dost mo\u017en\u00e1 o\u010dek\u00e1vali pod strome\u010dkem na \u0160t\u011bdr\u00fd den marn\u011b a nyn\u00ed budete muset sami vyb\u00edrat, m\u011bla um\u011bt.<\/p>\n<figure id=\"attachment_15688\" aria-describedby=\"caption-attachment-15688\" style=\"width: 1920px\" class=\"wp-caption alignnone\"><a href=\"https:\/\/d2p6e6u75xmxt8.cloudfront.net\/13\/2022\/01\/lifestyle_4.jpg\"><img loading=\"lazy\" decoding=\"async\" class=\"size-extra-large wp-image-15688\" src=\"https:\/\/d2p6e6u75xmxt8.cloudfront.net\/13\/2022\/01\/lifestyle_4-1920x1280.jpg\" alt=\"Cyklistick\u00e9 br\u00fdle jsou d\u016fle\u017eitou sou\u010d\u00e1st\u00ed vybaven\u00ed v jak\u00e9koliv ro\u010dn\u00ed dob\u011b. Foto: Michal \u010cerven\u00fd\" width=\"1920\" height=\"1280\" \/><\/a><figcaption id=\"caption-attachment-15688\" class=\"wp-caption-text\"><em>Cyklistick\u00e9 br\u00fdle jsou d\u016fle\u017eitou sou\u010d\u00e1st\u00ed vybaven\u00ed v jak\u00e9koliv ro\u010dn\u00ed dob\u011b. Foto: Michal \u010cerven\u00fd<\/em><\/figcaption><\/figure>\n<p>Nejv\u011bt\u0161\u00edm nep\u0159\u00edtelem o\u010d\u00ed jsou hmyz, ve vzduchu poletuj\u00edc\u00ed ne\u010distoty, v\u011btve pod\u00e9l cest, odletuj\u00edc\u00ed kam\u00ednky, v zim\u011b na hor\u00e1ch tak\u00e9 ultrafialov\u00e9ho z\u00e1\u0159en\u00ed rostouc\u00ed \u00fam\u011brn\u011b s nadmo\u0159skou v\u00fd\u0161kou \u010di reflexn\u00ed sn\u00edh a led. Pamatujte, \u017ee UV z\u00e1\u0159en\u00ed b\u00fdv\u00e1 v\u00a0zim\u011b mnohdy siln\u011bj\u0161\u00ed. Proto rozhodn\u011b nen\u00ed \u017e\u00e1dn\u00e9 hrdinstv\u00ed jezdit na p\u0159elomu roku jen v\u00a0helm\u011b bez br\u00fdl\u00ed.<\/p>\n<h2><strong>Zorn\u00edky<\/strong><\/h2>\n<p>Prim\u00e1rn\u011b by cyklistick\u00e9 br\u00fdle m\u011bly chr\u00e1nit o\u010di pr\u00e1v\u011b proti slunci. M\u011bly by b\u00fdt schopn\u00e9 reagovat na st\u00edn v lese i n\u00e1hlou zm\u011bnu po\u010das\u00ed t\u0159eba v\u00a0podob\u011b de\u0161t\u011b. A samoz\u0159ejm\u011b m\u00edt UV ochranu pohlcuj\u00edc\u00ed ultrafialov\u00e9 z\u00e1\u0159en\u00ed UVA a UVB.<\/p>\n<p>Velice d\u016fle\u017eit\u00e9 jsou proto zorn\u00edky (neboli skla), od nich\u017e se \u010dasto odv\u00edj\u00ed cena br\u00fdl\u00ed. B\u00fdvaj\u00ed z polykarbon\u00e1tu, kter\u00fd nezkresluje vid\u011bn\u00fd obraz a v p\u0159\u00edpad\u011b v\u011bt\u0161\u00edho n\u00e1razu nevzniknou ostr\u00e9 st\u0159epy.<\/p>\n<figure id=\"attachment_15678\" aria-describedby=\"caption-attachment-15678\" style=\"width: 1920px\" class=\"wp-caption alignnone\"><a href=\"https:\/\/d2p6e6u75xmxt8.cloudfront.net\/13\/2022\/01\/CER_0758-2.jpg\"><img loading=\"lazy\" decoding=\"async\" class=\"size-extra-large wp-image-15678\" src=\"https:\/\/d2p6e6u75xmxt8.cloudfront.net\/13\/2022\/01\/CER_0758-2-1920x1281.jpg\" alt=\"Cyklistick\u00e9 br\u00fdle jsou d\u016fle\u017eitou sou\u010d\u00e1st\u00ed vybaven\u00ed v jak\u00e9koliv ro\u010dn\u00ed dob\u011b. Foto: Michal \u010cerven\u00fd\" width=\"1920\" height=\"1281\" \/><\/a><figcaption id=\"caption-attachment-15678\" class=\"wp-caption-text\"><em>Cyklistick\u00e9 br\u00fdle a \u010dir\u00e9 proveden\u00ed zorn\u00edk\u016f.\u00a0<\/em><\/figcaption><\/figure>\n<p>Levn\u011bj\u0161\u00ed modely jsou osazen\u00e9 plastov\u00fdmi zorn\u00edky, ty ov\u0161em mohou ter\u00e9n zkreslovat, nejsou ani tak odoln\u00e9 proti poni\u010den\u00ed. Tvrzen\u00e9 \u010do\u010dky jsou zase v\u00fdsadou kvalitn\u011bj\u0161\u00edch model\u016f.<\/p>\n<p>A\u0165 u\u017e si sportovn\u00ed slune\u010dn\u00ed br\u00fdle nasazujete b\u011bhem zimy na vyj\u00ed\u017e\u010fku na kole nebo t\u0159eba kondi\u010dn\u00ed tr\u00e9nink na skialpech, m\u011bly by br\u00fdle dok\u00e1zat reagovat na prom\u011bnliv\u00e9 sv\u011bteln\u00e9 podm\u00ednky.<\/p>\n<div class=\"shortcode-ys-post-pinup\"><article class=\"loop-simple post-15525 post type-post status-publish format-standard has-post-thumbnail hentry category-zima2022 category-rady-tipy tag-candela tag-cyklistika tag-horska-cyklistika tag-lumen tag-norma-stvzo tag-osvetlena-plocha tag-silnicni-cyklistika tag-svetelny-kuzel tag-svetelny-tok tag-svetlo tag-trenink tag-vykon global-categories-cycling\" data-postid=\"15525\" role=\"article\" data-post-id=\"15525\" data-word-count=\"672\" data-headline-length=\"38\" data-category=\"Na kole v zim\u011b\" data-global-category=\"Cycling\" data-author=\"Kry\u0161tof Kopic\" data-published=\"2021-12-22T11:00:02+02:00\" data-published-day=\"Wednesday\">\n    <div class=\"entry-thumbnail article-thumbnail\" content=\"https:\/\/d2p6e6u75xmxt8.cloudfront.net\/13\/2021\/12\/wlc-svetla-2-150x150.webp\"><a href=\"https:\/\/www.welovecycling.com\/cs\/2021\/12\/22\/jak-vybrat-svetlo-pro-nocni-jizdu\/\" class=\"image-holder\" target=\"_self\"><img decoding=\"async\" loading=\"lazy\" class=\"\" src=\"https:\/\/d2p6e6u75xmxt8.cloudfront.net\/13\/2021\/12\/wlc-svetla-2-1024x682.webp\" srcset=\"https:\/\/d2p6e6u75xmxt8.cloudfront.net\/13\/2021\/12\/wlc-svetla-2.webp 2000w, https:\/\/d2p6e6u75xmxt8.cloudfront.net\/13\/2021\/12\/wlc-svetla-2-300x200.webp 300w, https:\/\/d2p6e6u75xmxt8.cloudfront.net\/13\/2021\/12\/wlc-svetla-2-1024x682.webp 1024w, https:\/\/d2p6e6u75xmxt8.cloudfront.net\/13\/2021\/12\/wlc-svetla-2-768x512.webp 768w, https:\/\/d2p6e6u75xmxt8.cloudfront.net\/13\/2021\/12\/wlc-svetla-2-1536x1024.webp 1536w, https:\/\/d2p6e6u75xmxt8.cloudfront.net\/13\/2021\/12\/wlc-svetla-2-1920x1280.webp 1920w, https:\/\/d2p6e6u75xmxt8.cloudfront.net\/13\/2021\/12\/wlc-svetla-2-272x182.webp 272w, https:\/\/d2p6e6u75xmxt8.cloudfront.net\/13\/2021\/12\/wlc-svetla-2-1920x1280.webp 1920w\" width=\"1024\" height=\"682\" sizes=\"auto, (min-width: 1200px) 300px, (min-width: 768px) 25vw, 100vw\" alt=\"jak-vybrat-svetlo-pro-nocni-jizdu\"\/><\/a><\/div>    <div class=\"entry-meta\">\n        <a class=\"label label-secondary post-category\" href=\"https:\/\/www.welovecycling.com\/cs\/category\/zima2022\/\" title=\"Na kole v zim\u011b\">Na kole v zim\u011b<\/a>\n    <\/div>\n    <div class=\"entry-details\">\n        <a href=\"https:\/\/www.welovecycling.com\/cs\/2021\/12\/22\/jak-vybrat-svetlo-pro-nocni-jizdu\/\" class='entry-title-wrapper'>\n            <h3 class=\"entry-title\"><span>Jak vybrat sv\u011btlo pro no\u010dn\u00ed j\u00edzdu?<\/span><\/h3>\n        <\/a>\n    <\/div>\n    <\/article>\n<\/div>\n<p>Projas\u0148uj\u00edc\u00ed nebo ztmavuj\u00edc\u00ed zabarven\u00ed zorn\u00edku nebo pokro\u010dil\u00e9 samozabarvovac\u00ed zorn\u00edky okam\u017eit\u011b reaguj\u00ed na aktu\u00e1ln\u00ed sv\u011bteln\u00e9 podm\u00ednky ztmavnut\u00edm p\u0159i intenzivn\u00edm svitu, p\u0159i ni\u017e\u0161\u00edm se naopak m\u011bn\u00ed a\u017e na \u010dir\u00e9.<\/p>\n<figure id=\"attachment_15685\" aria-describedby=\"caption-attachment-15685\" style=\"width: 1920px\" class=\"wp-caption alignnone\"><a href=\"https:\/\/d2p6e6u75xmxt8.cloudfront.net\/13\/2022\/01\/CER_5583-2.jpg\"><img loading=\"lazy\" decoding=\"async\" class=\"size-extra-large wp-image-15685\" src=\"https:\/\/d2p6e6u75xmxt8.cloudfront.net\/13\/2022\/01\/CER_5583-2-1920x1280.jpg\" alt=\"Cyklistick\u00e9 br\u00fdle jsou d\u016fle\u017eitou sou\u010d\u00e1st\u00ed vybaven\u00ed v jak\u00e9koliv ro\u010dn\u00ed dob\u011b. Foto: Michal \u010cerven\u00fd\" width=\"1920\" height=\"1280\" \/><\/a><figcaption id=\"caption-attachment-15685\" class=\"wp-caption-text\"><em>Cyklistick\u00e9 br\u00fdle jsou d\u016fle\u017eitou sou\u010d\u00e1st\u00ed vybaven\u00ed v jak\u00e9koliv ro\u010dn\u00ed dob\u011b.<\/em><\/figcaption><\/figure>\n<p>Plat\u00ed tak\u00e9, \u017ee \u010d\u00edm dra\u017e\u0161\u00ed model, t\u00edm obsahuje v\u00edce dal\u0161\u00edch vrstev speci\u00e1ln\u00edch materi\u00e1l\u016f. Nap\u0159\u00edklad \u00faprava proti ml\u017een\u00ed zabra\u0148uje kondenzaci vlhkosti b\u011bhem intenzivn\u00ed aktivity \u010di za vlhk\u00e9ho po\u010das\u00ed.<\/p>\n<h2><strong>Polariza\u010dn\u00ed \u00faprava<\/strong><\/h2>\n<p>Polariza\u010dn\u00ed \u00faprava nepropou\u0161t\u00ed odrazy sv\u011btla od leskl\u00fdch ploch, jako jsou skla kolemjedouc\u00edch voz\u016f, rozp\u00e1len\u00e1 vozovka \u010di vodn\u00ed hladina pod\u00e9l cesty. Pro velmi slune\u010dn\u00e9 dny a horsk\u00e9 v\u00fdjezdy se hod\u00ed zrcadlov\u00e1 \u00faprava odr\u00e1\u017eej\u00edc\u00ed zna\u010dnou \u010d\u00e1st sv\u011bteln\u00fdch paprsk\u016f.<\/p>\n<h2><strong>R\u00e1me\u010dek<\/strong><\/h2>\n<p>R\u00e1me\u010dek by m\u011bl b\u00fdt dostate\u010dn\u011b mechanicky odoln\u00fd, z\u00e1rove\u0148 lehk\u00fd. Stranice mohou b\u00fdt nastaviteln\u00e9 a osazen\u00e9 neklouzavou vrstvou, stejn\u011b jako nosn\u00edk. I tyto \u010d\u00e1sti toti\u017e br\u00e1n\u00ed vniknut\u00ed ne\u010distot z\u00a0r\u016fzn\u00fdch \u00fahl\u016f.<\/p>\n<p>Br\u00fdle mus\u00ed dokonale splynout s obli\u010dejem, aby \u010dlov\u011bk vlastn\u011b nev\u011bd\u011bl, \u017ee je m\u00e1. D\u016fle\u017eit\u00e9 je tak\u00e9 vyzkou\u0161en\u00ed spolu s p\u0159ilbou. N\u011bkdy toti\u017e tvar horn\u00ed \u010d\u00e1st\u00ed br\u00fdl\u00ed a spodn\u00ed lem p\u0159ilby nezapadaj\u00ed do sebe.<\/p>\n<p><a href=\"https:\/\/d2p6e6u75xmxt8.cloudfront.net\/13\/2022\/01\/CER_5035-2.jpg\"><img loading=\"lazy\" decoding=\"async\" class=\"alignnone size-extra-large wp-image-15684\" src=\"https:\/\/d2p6e6u75xmxt8.cloudfront.net\/13\/2022\/01\/CER_5035-2-1920x1280.jpg\" alt=\"\" width=\"1920\" height=\"1280\" \/><\/a><\/p>\n<p>Dobr\u00e1 p\u0159il\u00e9havost chr\u00e1n\u00ed tak\u00e9 o\u010di. \u201eZabra\u0148uje siln\u00e9mu proud\u011bn\u00ed vzduchu a n\u00e1sledn\u00e9mu vysu\u0161ov\u00e1n\u00ed. To je d\u016fle\u017eit\u00e9 zejm\u00e9na v\u00a0p\u0159\u00edpad\u011b, \u017ee nos\u00edte kontaktn\u00ed \u010do\u010dky,\u201c upozor\u0148uje Lucie Vale\u0161ov\u00e1, prim\u00e1\u0159ka o\u010dn\u00ed kliniky.<\/p>\n<div class=\"shortcode-ys-post-pinup\"><article class=\"loop-simple post-15604 post type-post status-publish format-standard has-post-thumbnail hentry category-zima2022 category-rady-tipy category-zdravi-a-trenink tag-cyklisticky-trenazer tag-cyklistika tag-horska-cyklistika tag-rouvy tag-silnicni-cyklistika tag-trenazer tag-trenink tag-vojtech-hacecky tag-zdravi tag-zdravi-a-trenink tag-zwift\" data-postid=\"15604\" role=\"article\" data-post-id=\"15604\" data-word-count=\"574\" data-headline-length=\"76\" data-category=\"Na kole v zim\u011b\" data-author=\"Vojt\u011bch Ha\u010deck\u00fd\" data-published=\"2022-01-03T06:00:48+02:00\" data-published-day=\"Monday\">\n    <div class=\"entry-thumbnail article-thumbnail\" content=\"https:\/\/d2p6e6u75xmxt8.cloudfront.net\/13\/2021\/11\/trenazer-aplikace-zwift-cerveny-4-150x150.webp\"><a href=\"https:\/\/www.welovecycling.com\/cs\/2022\/01\/03\/trenink-na-trenazeru-proc-se-vazit-bez-obleceni-pred-i-po-jizde\/\" class=\"image-holder\" target=\"_self\"><img decoding=\"async\" loading=\"lazy\" class=\"\" src=\"https:\/\/d2p6e6u75xmxt8.cloudfront.net\/13\/2021\/11\/trenazer-aplikace-zwift-cerveny-4-1024x683.webp\" srcset=\"https:\/\/d2p6e6u75xmxt8.cloudfront.net\/13\/2021\/11\/trenazer-aplikace-zwift-cerveny-4.webp 1600w, https:\/\/d2p6e6u75xmxt8.cloudfront.net\/13\/2021\/11\/trenazer-aplikace-zwift-cerveny-4-300x200.webp 300w, https:\/\/d2p6e6u75xmxt8.cloudfront.net\/13\/2021\/11\/trenazer-aplikace-zwift-cerveny-4-1024x683.webp 1024w, https:\/\/d2p6e6u75xmxt8.cloudfront.net\/13\/2021\/11\/trenazer-aplikace-zwift-cerveny-4-768x512.webp 768w, https:\/\/d2p6e6u75xmxt8.cloudfront.net\/13\/2021\/11\/trenazer-aplikace-zwift-cerveny-4-1536x1024.webp 1536w, https:\/\/d2p6e6u75xmxt8.cloudfront.net\/13\/2021\/11\/trenazer-aplikace-zwift-cerveny-4-272x182.webp 272w\" width=\"1024\" height=\"683\" sizes=\"auto, (min-width: 1200px) 300px, (min-width: 768px) 25vw, 100vw\" alt=\"trenink-na-trenazeru-proc-se-vazit-bez-obleceni-pred-i-po-jizde\"\/><\/a><\/div>    <div class=\"entry-meta\">\n        <a class=\"label label-secondary post-category\" href=\"https:\/\/www.welovecycling.com\/cs\/category\/zima2022\/\" title=\"Na kole v zim\u011b\">Na kole v zim\u011b<\/a>\n    <\/div>\n    <div class=\"entry-details\">\n        <a href=\"https:\/\/www.welovecycling.com\/cs\/2022\/01\/03\/trenink-na-trenazeru-proc-se-vazit-bez-obleceni-pred-i-po-jizde\/\" class='entry-title-wrapper'>\n            <h3 class=\"entry-title\"><span>Tr\u00e9nink na trena\u017e\u00e9ru: pro\u010d se v\u00e1\u017eit bez oble\u010den\u00ed p\u0159ed i po j\u00edzd\u011b?<\/span><\/h3>\n        <\/a>\n    <\/div>\n    <\/article>\n<\/div>\n<p>A d\u016frazn\u011b \u017e\u00e1d\u00e1 ka\u017ed\u00e9ho, komu se za\u010dne zd\u00e1t, \u017ee vid\u00ed neost\u0159e, aby nav\u0161t\u00edvil l\u00e9ka\u0159e. Cyklist\u00e9 s vadou zraku b\u00fdvaj\u00ed tak\u00e9 \u010dast\u00fdmi pacienty, kte\u0159\u00ed se rozhodnou podstoupit laserovou operaci o\u010d\u00ed. \u201eT\u00fdk\u00e1 se to nejen vrcholov\u00fdch, ale i rekrea\u010dn\u00edch sportovc\u016f. Zrak toti\u017e z\u00e1sadn\u011b ovliv\u0148uje ka\u017ed\u00fd sportovn\u00ed v\u00fdkon,\u201c dod\u00e1v\u00e1 Lucie Vale\u0161ov\u00e1.<\/p>\n<p>Tak \u0161\u0165astnou ruku p\u0159i v\u00fdb\u011bru a mnoho kilometr\u016f s\u00a0ostr\u00fdm vid\u011bn\u00edm.<\/p>\n","protected":false},"excerpt":{"rendered":"<p>Cyklistick\u00e9 br\u00fdle nejsou jen v\u00fdsadou letn\u00edch m\u011bs\u00edc\u016f! Chr\u00e1nit o\u010di je nutn\u00e9 i b\u011bhem zimn\u00edch t\u00fddn\u016f, kdy cesty pokr\u00fdv\u00e1 bl\u00e1to, zbytku [&hellip;]<\/p>\n","protected":false},"author":138,"featured_media":15677,"comment_status":"open","ping_status":"open","sticky":false,"template":"","format":"standard","meta":{"footnotes":""},"categories":[1,2704,15,6],"tags":[13,1992,126,56,9,27,28,67],"global-categories":[411],"class_list":["post-15674","post","type-post","status-publish","format-standard","has-post-thumbnail","hentry","category-bezpecnost","category-zima2022","category-rady-tipy","category-zdravi-a-trenink","tag-bezpecnost","tag-cyklisticke-bryle","tag-cyklistika","tag-horska-cyklistika","tag-silnicni-cyklistika","tag-trenink","tag-zdravi","tag-zdravi-a-trenink","global-categories-cycling"],"yoast_head":"<!-- This site is optimized with the Yoast SEO Premium plugin v25.3 (Yoast SEO v25.9) - https:\/\/yoast.com\/wordpress\/plugins\/seo\/ -->\n<title>Cyklistick\u00e9 br\u00fdle a jejich v\u00fdb\u011br? Je to v\u011bda | \u0160koda We Love Cycling - \u010cesk\u00e1 republika<\/title>\n<meta name=\"description\" content=\"Cyklistick\u00e9 br\u00fdle nejsou jen v\u00fdsadou letn\u00edch m\u011bs\u00edc\u016f! Chr\u00e1nit o\u010di je nutn\u00e9 i b\u011bhem zimn\u00edch t\u00fddn\u016f. Porad\u00edme, \u010d\u00edm se \u0159\u00eddit p\u0159i n\u00e1kupu.\" \/>\n<meta name=\"robots\" content=\"index, follow, max-snippet:-1, max-image-preview:large, max-video-preview:-1\" \/>\n<link rel=\"canonical\" href=\"https:\/\/www.welovecycling.com\/cs\/2022\/01\/05\/cyklisticke-bryle-a-jejich-vyber-je-to-veda\/\" \/>\n<meta property=\"og:locale\" content=\"cs_CZ\" \/>\n<meta property=\"og:type\" content=\"article\" \/>\n<meta property=\"og:title\" content=\"Cyklistick\u00e9 br\u00fdle a jejich v\u00fdb\u011br? Je to v\u011bda\" \/>\n<meta property=\"og:description\" content=\"Cyklistick\u00e9 br\u00fdle nejsou jen v\u00fdsadou letn\u00edch m\u011bs\u00edc\u016f! Chr\u00e1nit o\u010di je nutn\u00e9 i b\u011bhem zimn\u00edch t\u00fddn\u016f. Porad\u00edme, \u010d\u00edm se \u0159\u00eddit p\u0159i n\u00e1kupu.\" \/>\n<meta property=\"og:url\" content=\"https:\/\/www.welovecycling.com\/cs\/2022\/01\/05\/cyklisticke-bryle-a-jejich-vyber-je-to-veda\/\" \/>\n<meta property=\"og:site_name\" content=\"\u0160koda We Love Cycling - \u010cesk\u00e1 republika\" \/>\n<meta property=\"article:published_time\" content=\"2022-01-05T16:00:55+00:00\" \/>\n<meta property=\"article:modified_time\" content=\"2022-11-24T11:06:09+00:00\" \/>\n<meta property=\"og:image\" content=\"https:\/\/d2p6e6u75xmxt8.cloudfront.net\/13\/2022\/01\/CEM_0847.webp\" \/>\n\t<meta property=\"og:image:width\" content=\"2000\" \/>\n\t<meta property=\"og:image:height\" content=\"1333\" \/>\n\t<meta property=\"og:image:type\" content=\"image\/webp\" \/>\n<meta name=\"author\" content=\"radekmalina\" \/>\n<meta name=\"twitter:card\" content=\"summary_large_image\" \/>\n<meta name=\"twitter:label1\" content=\"Written by\" \/>\n\t<meta name=\"twitter:data1\" content=\"Vojt\u011bch Ha\u010deck\u00fd\" \/>\n\t<meta name=\"twitter:label2\" content=\"Est. reading time\" \/>\n\t<meta name=\"twitter:data2\" content=\"5\" \/>\n<script type=\"application\/ld+json\" class=\"yoast-schema-graph\">{\"@context\":\"https:\/\/schema.org\",\"@graph\":[{\"@type\":\"WebPage\",\"@id\":\"https:\/\/www.welovecycling.com\/cs\/2022\/01\/05\/cyklisticke-bryle-a-jejich-vyber-je-to-veda\/\",\"url\":\"https:\/\/www.welovecycling.com\/cs\/2022\/01\/05\/cyklisticke-bryle-a-jejich-vyber-je-to-veda\/\",\"name\":\"Cyklistick\u00e9 br\u00fdle a jejich v\u00fdb\u011br? Je to v\u011bda | \u0160koda We Love Cycling - \u010cesk\u00e1 republika\",\"isPartOf\":{\"@id\":\"https:\/\/www.welovecycling.com\/cs\/#website\"},\"primaryImageOfPage\":{\"@id\":\"https:\/\/www.welovecycling.com\/cs\/2022\/01\/05\/cyklisticke-bryle-a-jejich-vyber-je-to-veda\/#primaryimage\"},\"image\":{\"@id\":\"https:\/\/www.welovecycling.com\/cs\/2022\/01\/05\/cyklisticke-bryle-a-jejich-vyber-je-to-veda\/#primaryimage\"},\"thumbnailUrl\":\"https:\/\/d2p6e6u75xmxt8.cloudfront.net\/13\/2022\/01\/CEM_0847.webp\",\"datePublished\":\"2022-01-05T16:00:55+00:00\",\"dateModified\":\"2022-11-24T11:06:09+00:00\",\"author\":{\"@id\":\"https:\/\/www.welovecycling.com\/cs\/#\/schema\/person\/d9eeb0a378f3a7e4a6d12d2b536b04b8\"},\"description\":\"Cyklistick\u00e9 br\u00fdle nejsou jen v\u00fdsadou letn\u00edch m\u011bs\u00edc\u016f! Chr\u00e1nit o\u010di je nutn\u00e9 i b\u011bhem zimn\u00edch t\u00fddn\u016f. Porad\u00edme, \u010d\u00edm se \u0159\u00eddit p\u0159i n\u00e1kupu.\",\"inLanguage\":\"cs\",\"potentialAction\":[{\"@type\":\"ReadAction\",\"target\":[\"https:\/\/www.welovecycling.com\/cs\/2022\/01\/05\/cyklisticke-bryle-a-jejich-vyber-je-to-veda\/\"]}]},{\"@type\":\"ImageObject\",\"inLanguage\":\"cs\",\"@id\":\"https:\/\/www.welovecycling.com\/cs\/2022\/01\/05\/cyklisticke-bryle-a-jejich-vyber-je-to-veda\/#primaryimage\",\"url\":\"https:\/\/d2p6e6u75xmxt8.cloudfront.net\/13\/2022\/01\/CEM_0847.webp\",\"contentUrl\":\"https:\/\/d2p6e6u75xmxt8.cloudfront.net\/13\/2022\/01\/CEM_0847.webp\",\"width\":2000,\"height\":1333},{\"@type\":\"WebSite\",\"@id\":\"https:\/\/www.welovecycling.com\/cs\/#website\",\"url\":\"https:\/\/www.welovecycling.com\/cs\/\",\"name\":\"\u0160koda We Love Cycling - \u010cesk\u00e1 republika\",\"description\":\"WeLoveCycling.cz je online magaz\u00edn, kter\u00fd v\u00e1m pravideln\u011b p\u0159in\u00e1\u0161\u00ed rady a tipy, zaj\u00edmav\u00e9 \u010dl\u00e1nky, videa a jedine\u010dn\u00e9 report\u00e1\u017ee ze sv\u011bta cyklistiky.\",\"potentialAction\":[{\"@type\":\"SearchAction\",\"target\":{\"@type\":\"EntryPoint\",\"urlTemplate\":\"https:\/\/www.welovecycling.com\/cs\/?s={search_term_string}\"},\"query-input\":{\"@type\":\"PropertyValueSpecification\",\"valueRequired\":true,\"valueName\":\"search_term_string\"}}],\"inLanguage\":\"cs\"},{\"@type\":\"Person\",\"@id\":\"https:\/\/www.welovecycling.com\/cs\/#\/schema\/person\/d9eeb0a378f3a7e4a6d12d2b536b04b8\",\"name\":\"radekmalina\",\"image\":{\"@type\":\"ImageObject\",\"inLanguage\":\"cs\",\"@id\":\"https:\/\/www.welovecycling.com\/cs\/#\/schema\/person\/image\/\",\"url\":\"https:\/\/secure.gravatar.com\/avatar\/66994b632cb8c39a46b9f54afa3ae07201b678d32a54275b6f1c9ffec356bfc0?s=96&d=mm&r=g\",\"contentUrl\":\"https:\/\/secure.gravatar.com\/avatar\/66994b632cb8c39a46b9f54afa3ae07201b678d32a54275b6f1c9ffec356bfc0?s=96&d=mm&r=g\",\"caption\":\"radekmalina\"},\"url\":\"https:\/\/www.welovecycling.com\/cs\/author\/radekmalina\/\"}]}<\/script>\n<!-- \/ Yoast SEO Premium plugin. -->","yoast_head_json":{"title":"Cyklistick\u00e9 br\u00fdle a jejich v\u00fdb\u011br? Je to v\u011bda | \u0160koda We Love Cycling - \u010cesk\u00e1 republika","description":"Cyklistick\u00e9 br\u00fdle nejsou jen v\u00fdsadou letn\u00edch m\u011bs\u00edc\u016f! Chr\u00e1nit o\u010di je nutn\u00e9 i b\u011bhem zimn\u00edch t\u00fddn\u016f. Porad\u00edme, \u010d\u00edm se \u0159\u00eddit p\u0159i n\u00e1kupu.","robots":{"index":"index","follow":"follow","max-snippet":"max-snippet:-1","max-image-preview":"max-image-preview:large","max-video-preview":"max-video-preview:-1"},"canonical":"https:\/\/www.welovecycling.com\/cs\/2022\/01\/05\/cyklisticke-bryle-a-jejich-vyber-je-to-veda\/","og_locale":"cs_CZ","og_type":"article","og_title":"Cyklistick\u00e9 br\u00fdle a jejich v\u00fdb\u011br? Je to v\u011bda","og_description":"Cyklistick\u00e9 br\u00fdle nejsou jen v\u00fdsadou letn\u00edch m\u011bs\u00edc\u016f! Chr\u00e1nit o\u010di je nutn\u00e9 i b\u011bhem zimn\u00edch t\u00fddn\u016f. Porad\u00edme, \u010d\u00edm se \u0159\u00eddit p\u0159i n\u00e1kupu.","og_url":"https:\/\/www.welovecycling.com\/cs\/2022\/01\/05\/cyklisticke-bryle-a-jejich-vyber-je-to-veda\/","og_site_name":"\u0160koda We Love Cycling - \u010cesk\u00e1 republika","article_published_time":"2022-01-05T16:00:55+00:00","article_modified_time":"2022-11-24T11:06:09+00:00","og_image":[{"width":2000,"height":1333,"url":"https:\/\/d2p6e6u75xmxt8.cloudfront.net\/13\/2022\/01\/CEM_0847.webp","type":"image\/webp"}],"author":"radekmalina","twitter_card":"summary_large_image","twitter_misc":{"Written by":"Vojt\u011bch Ha\u010deck\u00fd","Est. reading time":"5"},"schema":{"@context":"https:\/\/schema.org","@graph":[{"@type":"WebPage","@id":"https:\/\/www.welovecycling.com\/cs\/2022\/01\/05\/cyklisticke-bryle-a-jejich-vyber-je-to-veda\/","url":"https:\/\/www.welovecycling.com\/cs\/2022\/01\/05\/cyklisticke-bryle-a-jejich-vyber-je-to-veda\/","name":"Cyklistick\u00e9 br\u00fdle a jejich v\u00fdb\u011br? Je to v\u011bda | \u0160koda We Love Cycling - \u010cesk\u00e1 republika","isPartOf":{"@id":"https:\/\/www.welovecycling.com\/cs\/#website"},"primaryImageOfPage":{"@id":"https:\/\/www.welovecycling.com\/cs\/2022\/01\/05\/cyklisticke-bryle-a-jejich-vyber-je-to-veda\/#primaryimage"},"image":{"@id":"https:\/\/www.welovecycling.com\/cs\/2022\/01\/05\/cyklisticke-bryle-a-jejich-vyber-je-to-veda\/#primaryimage"},"thumbnailUrl":"https:\/\/d2p6e6u75xmxt8.cloudfront.net\/13\/2022\/01\/CEM_0847.webp","datePublished":"2022-01-05T16:00:55+00:00","dateModified":"2022-11-24T11:06:09+00:00","author":{"@id":"https:\/\/www.welovecycling.com\/cs\/#\/schema\/person\/d9eeb0a378f3a7e4a6d12d2b536b04b8"},"description":"Cyklistick\u00e9 br\u00fdle nejsou jen v\u00fdsadou letn\u00edch m\u011bs\u00edc\u016f! Chr\u00e1nit o\u010di je nutn\u00e9 i b\u011bhem zimn\u00edch t\u00fddn\u016f. Porad\u00edme, \u010d\u00edm se \u0159\u00eddit p\u0159i n\u00e1kupu.","inLanguage":"cs","potentialAction":[{"@type":"ReadAction","target":["https:\/\/www.welovecycling.com\/cs\/2022\/01\/05\/cyklisticke-bryle-a-jejich-vyber-je-to-veda\/"]}]},{"@type":"ImageObject","inLanguage":"cs","@id":"https:\/\/www.welovecycling.com\/cs\/2022\/01\/05\/cyklisticke-bryle-a-jejich-vyber-je-to-veda\/#primaryimage","url":"https:\/\/d2p6e6u75xmxt8.cloudfront.net\/13\/2022\/01\/CEM_0847.webp","contentUrl":"https:\/\/d2p6e6u75xmxt8.cloudfront.net\/13\/2022\/01\/CEM_0847.webp","width":2000,"height":1333},{"@type":"WebSite","@id":"https:\/\/www.welovecycling.com\/cs\/#website","url":"https:\/\/www.welovecycling.com\/cs\/","name":"\u0160koda We Love Cycling - \u010cesk\u00e1 republika","description":"WeLoveCycling.cz je online magaz\u00edn, kter\u00fd v\u00e1m pravideln\u011b p\u0159in\u00e1\u0161\u00ed rady a tipy, zaj\u00edmav\u00e9 \u010dl\u00e1nky, videa a jedine\u010dn\u00e9 report\u00e1\u017ee ze sv\u011bta cyklistiky.","potentialAction":[{"@type":"SearchAction","target":{"@type":"EntryPoint","urlTemplate":"https:\/\/www.welovecycling.com\/cs\/?s={search_term_string}"},"query-input":{"@type":"PropertyValueSpecification","valueRequired":true,"valueName":"search_term_string"}}],"inLanguage":"cs"},{"@type":"Person","@id":"https:\/\/www.welovecycling.com\/cs\/#\/schema\/person\/d9eeb0a378f3a7e4a6d12d2b536b04b8","name":"radekmalina","image":{"@type":"ImageObject","inLanguage":"cs","@id":"https:\/\/www.welovecycling.com\/cs\/#\/schema\/person\/image\/","url":"https:\/\/secure.gravatar.com\/avatar\/66994b632cb8c39a46b9f54afa3ae07201b678d32a54275b6f1c9ffec356bfc0?s=96&d=mm&r=g","contentUrl":"https:\/\/secure.gravatar.com\/avatar\/66994b632cb8c39a46b9f54afa3ae07201b678d32a54275b6f1c9ffec356bfc0?s=96&d=mm&r=g","caption":"radekmalina"},"url":"https:\/\/www.welovecycling.com\/cs\/author\/radekmalina\/"}]}},"_links":{"self":[{"href":"https:\/\/www.welovecycling.com\/cs\/wp-json\/wp\/v2\/posts\/15674","targetHints":{"allow":["GET"]}}],"collection":[{"href":"https:\/\/www.welovecycling.com\/cs\/wp-json\/wp\/v2\/posts"}],"about":[{"href":"https:\/\/www.welovecycling.com\/cs\/wp-json\/wp\/v2\/types\/post"}],"author":[{"embeddable":true,"href":"https:\/\/www.welovecycling.com\/cs\/wp-json\/wp\/v2\/users\/138"}],"replies":[{"embeddable":true,"href":"https:\/\/www.welovecycling.com\/cs\/wp-json\/wp\/v2\/comments?post=15674"}],"version-history":[{"count":2,"href":"https:\/\/www.welovecycling.com\/cs\/wp-json\/wp\/v2\/posts\/15674\/revisions"}],"predecessor-version":[{"id":15692,"href":"https:\/\/www.welovecycling.com\/cs\/wp-json\/wp\/v2\/posts\/15674\/revisions\/15692"}],"wp:featuredmedia":[{"embeddable":true,"href":"https:\/\/www.welovecycling.com\/cs\/wp-json\/wp\/v2\/media\/15677"}],"wp:attachment":[{"href":"https:\/\/www.welovecycling.com\/cs\/wp-json\/wp\/v2\/media?parent=15674"}],"wp:term":[{"taxonomy":"category","embeddable":true,"href":"https:\/\/www.welovecycling.com\/cs\/wp-json\/wp\/v2\/categories?post=15674"},{"taxonomy":"post_tag","embeddable":true,"href":"https:\/\/www.welovecycling.com\/cs\/wp-json\/wp\/v2\/tags?post=15674"},{"taxonomy":"global-categories","embeddable":true,"href":"https:\/\/www.welovecycling.com\/cs\/wp-json\/wp\/v2\/global-categories?post=15674"}],"curies":[{"name":"wp","href":"https:\/\/api.w.org\/{rel}","templated":true}]}}