{"id":15615,"date":"2021-12-29T07:00:45","date_gmt":"2021-12-29T05:00:45","guid":{"rendered":"https:\/\/www.welovecycling.com\/cs\/?p=15615"},"modified":"2022-11-21T16:29:39","modified_gmt":"2022-11-21T14:29:39","slug":"plaste-na-kolo-do-zimni-nepohody","status":"publish","type":"post","link":"https:\/\/www.welovecycling.com\/cs\/2021\/12\/29\/plaste-na-kolo-do-zimni-nepohody\/","title":{"rendered":"Pl\u00e1\u0161t\u011b na kolo do zimn\u00ed nepohody"},"content":{"rendered":"<p><strong>Zim\u00e1ky na kolo! Existuje v\u016fbec n\u011bco takov\u00e9ho? Ano i ne. Na n\u00e1sleduj\u00edc\u00edch \u0159\u00e1dc\u00edch doporu\u010d\u00edme, co byste m\u011bli obout, pokud chcete v aktu\u00e1ln\u00edch pl\u00edskanic\u00edch jezdit co nejbezpe\u010dn\u011bji a bez defekt\u016f.<\/strong><\/p>\n<p>N\u011bkte\u0159\u00ed cyklist\u00e9 s oblibou vyu\u017e\u00edvaj\u00ed zimn\u00ed tr\u00e9ninkov\u00e9 kilometry k doj\u00ed\u017ed\u011bn\u00ed pl\u00e1\u0161\u0165\u016f z p\u0159edchoz\u00ed sezony. Tohle \u0159e\u0161en\u00ed je sympatick\u00e9 ekologi\u010dnost\u00ed a z\u00e1rove\u0148 p\u0159\u00edjemn\u00e9 z pohledu j\u00edzdn\u00edch vlastnost\u00ed \u2013 \u0161pi\u010dkov\u00fd z\u00e1vodn\u00ed pl\u00e1\u0161\u0165 pojede v\u017edy l\u00e9pe ne\u017e tr\u00e9ninkov\u00e1 \u201ezimn\u00ed\u201c varianta.<\/p>\n<p>Z\u00e1rove\u0148 se t\u00edm ale p\u0159ipravuj\u00ed o ur\u010ditou d\u00e1vku jistoty, proto\u017ee \u010d\u00e1ste\u010dn\u011b opot\u0159eben\u00fd pl\u00e1\u0161\u0165 bude m\u00edt hor\u0161\u00ed p\u0159ilnavost k silnici \u010di ter\u00e9nu a z\u00e1rove\u0148 bude n\u00e1chyln\u011bj\u0161\u00ed k defekt\u016fm. To je\u0161t\u011b podtrhuje absence \u00fa\u010dinn\u011bj\u0161\u00edch ochrann\u00fdch technologi\u00ed u v\u011bt\u0161iny \u201ez\u00e1vodn\u00edch\u201c model\u016f.<\/p>\n<div class=\"shortcode-ys-post-pinup\"><article class=\"loop-simple post-15525 post type-post status-publish format-standard has-post-thumbnail hentry category-zima2022 category-rady-tipy tag-candela tag-cyklistika tag-horska-cyklistika tag-lumen tag-norma-stvzo tag-osvetlena-plocha tag-silnicni-cyklistika tag-svetelny-kuzel tag-svetelny-tok tag-svetlo tag-trenink tag-vykon global-categories-cycling\" data-postid=\"15525\" role=\"article\" data-post-id=\"15525\" data-word-count=\"672\" data-headline-length=\"38\" data-category=\"Na kole v zim\u011b\" data-global-category=\"Cycling\" data-author=\"Kry\u0161tof Kopic\" data-published=\"2021-12-22T11:00:02+02:00\" data-published-day=\"Wednesday\">\n    <div class=\"entry-thumbnail article-thumbnail\" content=\"https:\/\/d2p6e6u75xmxt8.cloudfront.net\/13\/2021\/12\/wlc-svetla-2-150x150.webp\"><a href=\"https:\/\/www.welovecycling.com\/cs\/2021\/12\/22\/jak-vybrat-svetlo-pro-nocni-jizdu\/\" class=\"image-holder\" target=\"_self\"><img decoding=\"async\" loading=\"lazy\" class=\"\" src=\"https:\/\/d2p6e6u75xmxt8.cloudfront.net\/13\/2021\/12\/wlc-svetla-2-1024x682.webp\" srcset=\"https:\/\/d2p6e6u75xmxt8.cloudfront.net\/13\/2021\/12\/wlc-svetla-2.webp 2000w, https:\/\/d2p6e6u75xmxt8.cloudfront.net\/13\/2021\/12\/wlc-svetla-2-300x200.webp 300w, https:\/\/d2p6e6u75xmxt8.cloudfront.net\/13\/2021\/12\/wlc-svetla-2-1024x682.webp 1024w, https:\/\/d2p6e6u75xmxt8.cloudfront.net\/13\/2021\/12\/wlc-svetla-2-768x512.webp 768w, https:\/\/d2p6e6u75xmxt8.cloudfront.net\/13\/2021\/12\/wlc-svetla-2-1536x1024.webp 1536w, https:\/\/d2p6e6u75xmxt8.cloudfront.net\/13\/2021\/12\/wlc-svetla-2-1920x1280.webp 1920w, https:\/\/d2p6e6u75xmxt8.cloudfront.net\/13\/2021\/12\/wlc-svetla-2-272x182.webp 272w, https:\/\/d2p6e6u75xmxt8.cloudfront.net\/13\/2021\/12\/wlc-svetla-2-1920x1280.webp 1920w\" width=\"1024\" height=\"682\" sizes=\"auto, (min-width: 1200px) 300px, (min-width: 768px) 25vw, 100vw\" alt=\"jak-vybrat-svetlo-pro-nocni-jizdu\"\/><\/a><\/div>    <div class=\"entry-meta\">\n        <a class=\"label label-secondary post-category\" href=\"https:\/\/www.welovecycling.com\/cs\/category\/zima2022\/\" title=\"Na kole v zim\u011b\">Na kole v zim\u011b<\/a>\n    <\/div>\n    <div class=\"entry-details\">\n        <a href=\"https:\/\/www.welovecycling.com\/cs\/2021\/12\/22\/jak-vybrat-svetlo-pro-nocni-jizdu\/\" class='entry-title-wrapper'>\n            <h3 class=\"entry-title\"><span>Jak vybrat sv\u011btlo pro no\u010dn\u00ed j\u00edzdu?<\/span><\/h3>\n        <\/a>\n    <\/div>\n    <\/article>\n<\/div>\n<p>Pokud tedy v zim\u011b jezd\u00edte \u010dasto a chcete minimum starost\u00ed, p\u0159ezut\u00ed v\u00e1m m\u016f\u017eeme doporu\u010dit. Ale pozor, pl\u00e1\u0161\u0165\u016f, kter\u00e9 maj\u00ed v n\u00e1zvu p\u0159\u00edmo ozna\u010den\u00ed \u201ewinter\u201c, je jako \u0161afr\u00e1nu, volba tak m\u016f\u017ee b\u00fdt trochu slo\u017eit\u011bj\u0161\u00ed.<\/p>\n<h2><strong>Spolehlivost pro silnici<\/strong><\/h2>\n<p>Co \u017e\u00e1d\u00e1me od silni\u010dn\u00edho tr\u00e9ninkov\u00e9ho pl\u00e1\u0161t\u011b pro zimn\u00ed obdob\u00ed? Vysok\u00fd kilometrov\u00fd v\u00fdkon, odolnost v\u016f\u010di prop\u00edchnut\u00ed, m\u011bk\u010d\u00ed p\u0159ilnavou sm\u011bs a komfort. V souladu s heslem \u201et\u011b\u017eko na cvi\u010di\u0161ti, lehko na boji\u0161ti\u201c n\u00e1m naopak m\u00e9n\u011b z\u00e1le\u017e\u00ed na hmotnosti nebo valiv\u00e9m odporu. To d\u00e1v\u00e1 v\u00fdrobc\u016fm prostor pro pou\u017eit\u00ed efektivn\u00ed ochrany proti v\u0161udyp\u0159\u00edtomn\u00e9mu posypu.<\/p>\n<figure id=\"attachment_15629\" aria-describedby=\"caption-attachment-15629\" style=\"width: 1912px\" class=\"wp-caption alignnone\"><a href=\"https:\/\/d2p6e6u75xmxt8.cloudfront.net\/13\/2021\/12\/wlc-zimni-plaste-3.jpg\"><img loading=\"lazy\" decoding=\"async\" class=\"size-full wp-image-15629\" src=\"https:\/\/d2p6e6u75xmxt8.cloudfront.net\/13\/2021\/12\/wlc-zimni-plaste-3.jpg\" alt=\"Zimn\u00ed pl\u00e1\u0161t\u011b na cyklokros. \" width=\"1912\" height=\"1275\" \/><\/a><figcaption id=\"caption-attachment-15629\" class=\"wp-caption-text\"><em>Zimn\u00ed pl\u00e1\u0161t\u011b na cyklokros. Pro MS v T\u00e1bo\u0159e 2015 m\u011bl Sven Nys v galusk\u00e1ch zalit\u00e9 st\u0159epy. Vyn\u00e1lez se p\u0159\u00edli\u0161 neuchytil. Foto: Michal \u010cerven\u00fd (3x)<\/em><\/figcaption><\/figure>\n<p>Takto koncipovan\u00e9 obut\u00ed najdete u n\u011bkter\u00fdch zna\u010dek v kategorii tr\u00e9ninkov\u00fdch pl\u00e1\u0161\u0165\u016f, jin\u00ed jej ozna\u010duj\u00ed jako celoro\u010dn\u00ed (all condition, all weather, all season apod.), u dal\u0161\u00edch si je z nab\u00eddky mus\u00edte vyfiltrovat pomoc\u00ed zm\u00edn\u011bn\u00fdch parametr\u016f, zejm\u00e9na stupn\u011b ochrany. Pokud to konstrukce va\u0161eho kola dovoluje, nebojte se zvolit proveden\u00ed o p\u00e1r milimetr\u016f \u0161ir\u0161\u00ed ne\u017e voz\u00edte v l\u00e9t\u011b, z\u00edsk\u00e1te t\u00edm dal\u0161\u00ed porci jistoty a hlavn\u011b pohodl\u00ed. Stejn\u00fd efekt bude m\u00edt i m\u00edrn\u00e9 sn\u00ed\u017een\u00ed tlaku v obut\u00ed.<\/p>\n<h2><strong>Z\u00e1b\u011br pro ter\u00e9n<\/strong><\/h2>\n<p>Na biku ovliv\u0148uje volbu pl\u00e1\u0161t\u011b sp\u00ed\u0161e charakter podkladu a jezdc\u016fv styl ne\u017e ro\u010dn\u00ed obdob\u00ed. Z\u00e1kladn\u00ed obecn\u00e9 po\u017eadavky v\u0161ak m\u016f\u017eeme definovat i zde.<\/p>\n<p>Jsou jimi co nejm\u011bk\u010d\u00ed sm\u011bs (v zim\u011b ko\u0159eny a kameny dokonale klou\u017eou) a tak\u00e9 dostate\u010dn\u011b vysok\u00fd otev\u0159en\u00fd vzorek s dobr\u00fdm z\u00e1b\u011brem a samo\u010di\u0161t\u011bn\u00edm. \u017d\u00e1dnou extra porci ochrany nepot\u0159ebujeme, i kdy\u017e si samoz\u0159ejm\u011b m\u016f\u017eeme dop\u0159\u00e1t byteln\u011bj\u0161\u00ed pl\u00e1\u0161\u0165 s ohledem na to, \u017ee v nadch\u00e1zej\u00edc\u00edm obdob\u00ed nebudeme honit vte\u0159inky v z\u00e1vodech.<\/p>\n<figure id=\"attachment_15628\" aria-describedby=\"caption-attachment-15628\" style=\"width: 1920px\" class=\"wp-caption alignnone\"><a href=\"https:\/\/d2p6e6u75xmxt8.cloudfront.net\/13\/2021\/12\/wlc-zimni-plaste-2.jpg\"><img loading=\"lazy\" decoding=\"async\" class=\"size-extra-large wp-image-15628\" src=\"https:\/\/d2p6e6u75xmxt8.cloudfront.net\/13\/2021\/12\/wlc-zimni-plaste-2-1920x1280.jpg\" alt=\"Zimn\u00ed pl\u00e1\u0161t\u011b pro horsk\u00e9 kolo.\" width=\"1920\" height=\"1280\" \/><\/a><figcaption id=\"caption-attachment-15628\" class=\"wp-caption-text\"><em>Zimn\u00ed pl\u00e1\u0161t\u011b pro horsk\u00e9 kolo. \u0160ir\u0161\u00ed znamen\u00e1 lep\u0161\u00ed oporu, ov\u0161em nikoliv v hlubok\u00e9m sn\u011bhu \u010di bl\u00e1t\u011b.<\/em><\/figcaption><\/figure>\n<p>Ide\u00e1ln\u00ed \u0161\u00ed\u0159ka odvis\u00ed od podm\u00ednek \u2013 \u0161ir\u0161\u00ed pl\u00e1\u0161\u0165 obecn\u011b poskytuje v\u011bt\u0161\u00ed kontaktn\u00ed plochu a tedy i lep\u0161\u00ed oporu, jen\u017ee v hlubok\u00e9m bl\u00e1t\u011b nebo sn\u011bhu je to p\u0159esn\u011b naopak. Tam \u0161irok\u00fd pl\u00e1\u0161\u0165 za\u010dne brzo \u201eplavat\u201c, zat\u00edmco \u00fazk\u00fd se pro\u0159\u00edzne na tvrd\u00fd podklad.<\/p>\n<p>Je a\u017e p\u0159ekvapiv\u00e9, o kolik snadn\u011bji hlub\u0161\u00ed sn\u00edh projedete na cyklokrosov\u00e9m kole ne\u017e na biku. J\u00edzdu v bl\u00e1t\u011b nebo ve sn\u011bhu ale za\u017e\u00edv\u00e1me sp\u00ed\u0161 v\u00fdjime\u010dn\u011b, proto nen\u00ed volba extr\u00e9mn\u011b \u00fazk\u00fdch pl\u00e1\u0161\u0165\u016f rozumn\u00e1. S\u00e1hn\u011bte rad\u011bji po podobn\u00e9 \u0161\u00ed\u0159ce, jakou voz\u00edte b\u011b\u017en\u011b, p\u0159\u00edpadn\u011b i p\u00e1r milimetr\u016f p\u0159idejte, kdy\u017e v\u00e1m to prostor v r\u00e1mu umo\u017en\u00ed.<\/p>\n<h2><strong>Pozor na tmel!<\/strong><\/h2>\n<p>N\u00edzk\u00fd tlak je v zimn\u00edm kluzk\u00e9m ter\u00e9nu samoz\u0159ejm\u011b v\u00edtan\u00fdm pomocn\u00edkem, ale nep\u0159e\u017ee\u0148te to. Pokud c\u00edt\u00edte, \u017ee se pl\u00e1\u0161\u0165 za\u010d\u00edn\u00e1 v zat\u00e1\u010dk\u00e1ch p\u0159\u00edli\u0161 deformovat nebo ob\u010das zaznamen\u00e1te n\u00e1raz o r\u00e1fek, po\u0159i\u010fte ochrann\u00e9 vlo\u017eky, kter\u00e9 st\u011bny pl\u00e1\u0161t\u011b podpo\u0159\u00ed a z\u00e1rove\u0148 zabr\u00e1n\u00ed jejich po\u0161kozen\u00ed.<\/p>\n<div class=\"shortcode-ys-post-pinup\"><article class=\"loop-simple post-15515 post type-post status-publish format-standard has-post-thumbnail hentry category-horska-cyklistika category-podcasty category-rady-tipy category-silnicni-cyklistika category-zdravi-a-trenink tag-cyklistika tag-horska-cyklistika tag-keto-dieta tag-podcast tag-proteiny tag-sacharidy tag-silnicni-cyklistika tag-stravovani tag-trenink tag-vojtech-hacecky tag-zdravi-a-trenink global-categories-cycling\" data-postid=\"15515\" role=\"article\" data-post-id=\"15515\" data-word-count=\"252\" data-headline-length=\"75\" data-category=\"Horsk\u00e1 cyklistika\" data-global-category=\"Cycling\" data-author=\"We Love Cycling\" data-published=\"2021-12-18T19:00:19+02:00\" data-published-day=\"Saturday\">\n    <div class=\"entry-thumbnail article-thumbnail\" content=\"https:\/\/d2p6e6u75xmxt8.cloudfront.net\/13\/2020\/11\/hacecky-profimedia-0114249408-150x150.webp\"><a href=\"https:\/\/www.welovecycling.com\/cs\/2021\/12\/18\/podcast-o-stravovani-nejvetsi-mytus-je-ze-na-kole-se-neji-rika-expert-centra-sportovni-mediciny\/\" class=\"image-holder\" target=\"_self\"><img decoding=\"async\" loading=\"lazy\" class=\"\" src=\"https:\/\/d2p6e6u75xmxt8.cloudfront.net\/13\/2020\/11\/hacecky-profimedia-0114249408-1024x797.webp\" srcset=\"https:\/\/d2p6e6u75xmxt8.cloudfront.net\/13\/2020\/11\/hacecky-profimedia-0114249408.webp 1800w, https:\/\/d2p6e6u75xmxt8.cloudfront.net\/13\/2020\/11\/hacecky-profimedia-0114249408-300x234.webp 300w, https:\/\/d2p6e6u75xmxt8.cloudfront.net\/13\/2020\/11\/hacecky-profimedia-0114249408-1024x797.webp 1024w, https:\/\/d2p6e6u75xmxt8.cloudfront.net\/13\/2020\/11\/hacecky-profimedia-0114249408-768x598.webp 768w, https:\/\/d2p6e6u75xmxt8.cloudfront.net\/13\/2020\/11\/hacecky-profimedia-0114249408-1536x1196.webp 1536w\" width=\"1024\" height=\"797\" sizes=\"auto, (min-width: 1200px) 300px, (min-width: 768px) 25vw, 100vw\" alt=\"podcast-o-stravovani-nejvetsi-mytus-je-ze-na-kole-se-neji-rika-expert-centra-sportovni-mediciny\"\/><\/a><\/div>    <div class=\"entry-meta\">\n        <a class=\"label label-secondary post-category\" href=\"https:\/\/www.welovecycling.com\/cs\/category\/horska-cyklistika\/\" title=\"Horsk\u00e1 cyklistika\">Horsk\u00e1 cyklistika<\/a>\n    <\/div>\n    <div class=\"entry-details\">\n        <a href=\"https:\/\/www.welovecycling.com\/cs\/2021\/12\/18\/podcast-o-stravovani-nejvetsi-mytus-je-ze-na-kole-se-neji-rika-expert-centra-sportovni-mediciny\/\" class='entry-title-wrapper'>\n            <h3 class=\"entry-title\"><span>WLC Podcast Vojt\u011bch Ha\u010deck\u00fd: Nejv\u011bt\u0161\u00ed m\u00fdtus je, \u017ee se na kole nej\u00ed<\/span><\/h3>\n        <\/a>\n    <\/div>\n    <\/article>\n<\/div>\n<p>Posledn\u00ed na\u0161e rada bude sm\u011b\u0159ovat k t\u011bsnic\u00edm tmel\u016fm \u2013 jejich \u00fa\u010dinnost m\u016f\u017ee v chladu v\u00fdrazn\u011b klesat, zvl\u00e1\u0161t\u011b pokud jsou ji\u017e degradovan\u00e9 celosez\u00f3nn\u00edm pou\u017e\u00edv\u00e1n\u00edm. Proto p\u0159ed zimou \u201eml\u00edko\u201c kompletn\u011b vym\u011b\u0148te a je\u0161t\u011b pro jistotu do batohu p\u0159ibalte funk\u010dn\u00ed du\u0161i.<\/p>\n<h2><strong>A pro nad\u0161ence h\u0159eby<\/strong><\/h2>\n<p>Pravideln\u00e9 j\u00edzdy po zledovat\u011bl\u00fdch silnic\u00edch nebo stezk\u00e1ch v\u00e1m dok\u00e1\u017e\u00ed usnadnit pl\u00e1\u0161t\u011b s hroty. Vyr\u00e1b\u00ed se v \u0161irok\u00e9m spektru rozm\u011br\u016f a kvality, i s r\u016fzn\u00fdm po\u010dtem a rozm\u00edst\u011bn\u00edm h\u0159eb\u016f.<\/p>\n<p>Jejich nev\u00fdhodou je obecn\u011b vy\u0161\u0161\u00ed cena a hor\u0161\u00ed j\u00edzdn\u00ed vlastnosti na b\u011b\u017en\u00e9m asfaltu (vy\u0161\u0161\u00ed hmotnost, hlu\u010dnost, men\u0161\u00ed p\u0159ilnavost), na udusan\u00e9m sn\u011bhu a ledu ale tento sv\u016fj hendikep bohat\u011b vyv\u00e1\u017e\u00ed. Z\u00e1pas\u00edte-li s namrzl\u00fdmi povrchy pravideln\u011b, ur\u010dit\u011b takov\u00e9 obut\u00ed vyzkou\u0161ejte. Nemus\u00edte kupovat rovnou p\u00e1r, investujte aspo\u0148 do p\u0159edn\u00edho kola, kter\u00e9 je z pohledu bezpe\u010dnosti kl\u00ed\u010dov\u00e9.<\/p>\n<p>Tvo\u0159iv\u00ed cyklist\u00e9 najdou na internetu spousty n\u00e1vod\u016f, jak si pl\u00e1\u0161\u0165 s h\u0159eby vyrobit sv\u00e9pomoc\u00ed. Vyb\u00edrejte ale dob\u0159e, ne ka\u017ed\u00fd tip funguje!<\/p>\n","protected":false},"excerpt":{"rendered":"<p>Zim\u00e1ky na kolo! Existuje v\u016fbec n\u011bco takov\u00e9ho? Ano i ne. Na n\u00e1sleduj\u00edc\u00edch \u0159\u00e1dc\u00edch doporu\u010d\u00edme, co byste m\u011bli obout, pokud chcete [&hellip;]<\/p>\n","protected":false},"author":138,"featured_media":15630,"comment_status":"open","ping_status":"open","sticky":false,"template":"","format":"standard","meta":{"footnotes":""},"categories":[2704,15],"tags":[126,56,2119,9,27,2120],"global-categories":[411],"class_list":["post-15615","post","type-post","status-publish","format-standard","has-post-thumbnail","hentry","category-zima2022","category-rady-tipy","tag-cyklistika","tag-horska-cyklistika","tag-plaste-na-kolo","tag-silnicni-cyklistika","tag-trenink","tag-zimni-plaste-na-kolo","global-categories-cycling"],"yoast_head":"<!-- This site is optimized with the Yoast SEO Premium plugin v25.3 (Yoast SEO v25.9) - https:\/\/yoast.com\/wordpress\/plugins\/seo\/ -->\n<title>Pl\u00e1\u0161t\u011b na kolo do zimn\u00ed nepohody | \u0160koda We Love Cycling - \u010cesk\u00e1 republika<\/title>\n<meta name=\"description\" content=\"Zim\u00e1ky na kolo! Existuje v\u016fbec n\u011bco takov\u00e9ho? Doporu\u010d\u00edme, co obout, pokud chcete v pl\u00edskanic\u00edch jezdit co nejbezpe\u010dn\u011bji a bez defekt\u016f.\" \/>\n<meta name=\"robots\" content=\"index, follow, max-snippet:-1, max-image-preview:large, max-video-preview:-1\" \/>\n<link rel=\"canonical\" href=\"https:\/\/www.welovecycling.com\/cs\/2021\/12\/29\/plaste-na-kolo-do-zimni-nepohody\/\" \/>\n<meta property=\"og:locale\" content=\"cs_CZ\" \/>\n<meta property=\"og:type\" content=\"article\" \/>\n<meta property=\"og:title\" content=\"Pl\u00e1\u0161t\u011b na kolo do zimn\u00ed nepohody\" \/>\n<meta property=\"og:description\" content=\"Zim\u00e1ky na kolo! Existuje v\u016fbec n\u011bco takov\u00e9ho? Doporu\u010d\u00edme, co obout, pokud chcete v pl\u00edskanic\u00edch jezdit co nejbezpe\u010dn\u011bji a bez defekt\u016f.\" \/>\n<meta property=\"og:url\" content=\"https:\/\/www.welovecycling.com\/cs\/2021\/12\/29\/plaste-na-kolo-do-zimni-nepohody\/\" \/>\n<meta property=\"og:site_name\" content=\"\u0160koda We Love Cycling - \u010cesk\u00e1 republika\" \/>\n<meta property=\"article:published_time\" content=\"2021-12-29T05:00:45+00:00\" \/>\n<meta property=\"article:modified_time\" content=\"2022-11-21T14:29:39+00:00\" \/>\n<meta property=\"og:image\" content=\"https:\/\/d2p6e6u75xmxt8.cloudfront.net\/13\/2021\/12\/wlc-zimni-plaste-fatbike-2.webp\" \/>\n\t<meta property=\"og:image:width\" content=\"2000\" \/>\n\t<meta property=\"og:image:height\" content=\"1333\" \/>\n\t<meta property=\"og:image:type\" content=\"image\/webp\" \/>\n<meta name=\"author\" content=\"radekmalina\" \/>\n<meta name=\"twitter:card\" content=\"summary_large_image\" \/>\n<meta name=\"twitter:label1\" content=\"Written by\" \/>\n\t<meta name=\"twitter:data1\" content=\"We Love Cycling\" \/>\n\t<meta name=\"twitter:label2\" content=\"Est. reading time\" \/>\n\t<meta name=\"twitter:data2\" content=\"4\" \/>\n<script type=\"application\/ld+json\" class=\"yoast-schema-graph\">{\"@context\":\"https:\/\/schema.org\",\"@graph\":[{\"@type\":\"WebPage\",\"@id\":\"https:\/\/www.welovecycling.com\/cs\/2021\/12\/29\/plaste-na-kolo-do-zimni-nepohody\/\",\"url\":\"https:\/\/www.welovecycling.com\/cs\/2021\/12\/29\/plaste-na-kolo-do-zimni-nepohody\/\",\"name\":\"Pl\u00e1\u0161t\u011b na kolo do zimn\u00ed nepohody | \u0160koda We Love Cycling - \u010cesk\u00e1 republika\",\"isPartOf\":{\"@id\":\"https:\/\/www.welovecycling.com\/cs\/#website\"},\"primaryImageOfPage\":{\"@id\":\"https:\/\/www.welovecycling.com\/cs\/2021\/12\/29\/plaste-na-kolo-do-zimni-nepohody\/#primaryimage\"},\"image\":{\"@id\":\"https:\/\/www.welovecycling.com\/cs\/2021\/12\/29\/plaste-na-kolo-do-zimni-nepohody\/#primaryimage\"},\"thumbnailUrl\":\"https:\/\/d2p6e6u75xmxt8.cloudfront.net\/13\/2021\/12\/wlc-zimni-plaste-fatbike-2.webp\",\"datePublished\":\"2021-12-29T05:00:45+00:00\",\"dateModified\":\"2022-11-21T14:29:39+00:00\",\"author\":{\"@id\":\"https:\/\/www.welovecycling.com\/cs\/#\/schema\/person\/d9eeb0a378f3a7e4a6d12d2b536b04b8\"},\"description\":\"Zim\u00e1ky na kolo! Existuje v\u016fbec n\u011bco takov\u00e9ho? Doporu\u010d\u00edme, co obout, pokud chcete v pl\u00edskanic\u00edch jezdit co nejbezpe\u010dn\u011bji a bez defekt\u016f.\",\"inLanguage\":\"cs\",\"potentialAction\":[{\"@type\":\"ReadAction\",\"target\":[\"https:\/\/www.welovecycling.com\/cs\/2021\/12\/29\/plaste-na-kolo-do-zimni-nepohody\/\"]}]},{\"@type\":\"ImageObject\",\"inLanguage\":\"cs\",\"@id\":\"https:\/\/www.welovecycling.com\/cs\/2021\/12\/29\/plaste-na-kolo-do-zimni-nepohody\/#primaryimage\",\"url\":\"https:\/\/d2p6e6u75xmxt8.cloudfront.net\/13\/2021\/12\/wlc-zimni-plaste-fatbike-2.webp\",\"contentUrl\":\"https:\/\/d2p6e6u75xmxt8.cloudfront.net\/13\/2021\/12\/wlc-zimni-plaste-fatbike-2.webp\",\"width\":2000,\"height\":1333,\"caption\":\"Zima\"},{\"@type\":\"WebSite\",\"@id\":\"https:\/\/www.welovecycling.com\/cs\/#website\",\"url\":\"https:\/\/www.welovecycling.com\/cs\/\",\"name\":\"\u0160koda We Love Cycling - \u010cesk\u00e1 republika\",\"description\":\"WeLoveCycling.cz je online magaz\u00edn, kter\u00fd v\u00e1m pravideln\u011b p\u0159in\u00e1\u0161\u00ed rady a tipy, zaj\u00edmav\u00e9 \u010dl\u00e1nky, videa a jedine\u010dn\u00e9 report\u00e1\u017ee ze sv\u011bta cyklistiky.\",\"potentialAction\":[{\"@type\":\"SearchAction\",\"target\":{\"@type\":\"EntryPoint\",\"urlTemplate\":\"https:\/\/www.welovecycling.com\/cs\/?s={search_term_string}\"},\"query-input\":{\"@type\":\"PropertyValueSpecification\",\"valueRequired\":true,\"valueName\":\"search_term_string\"}}],\"inLanguage\":\"cs\"},{\"@type\":\"Person\",\"@id\":\"https:\/\/www.welovecycling.com\/cs\/#\/schema\/person\/d9eeb0a378f3a7e4a6d12d2b536b04b8\",\"name\":\"radekmalina\",\"image\":{\"@type\":\"ImageObject\",\"inLanguage\":\"cs\",\"@id\":\"https:\/\/www.welovecycling.com\/cs\/#\/schema\/person\/image\/\",\"url\":\"https:\/\/secure.gravatar.com\/avatar\/66994b632cb8c39a46b9f54afa3ae07201b678d32a54275b6f1c9ffec356bfc0?s=96&d=mm&r=g\",\"contentUrl\":\"https:\/\/secure.gravatar.com\/avatar\/66994b632cb8c39a46b9f54afa3ae07201b678d32a54275b6f1c9ffec356bfc0?s=96&d=mm&r=g\",\"caption\":\"radekmalina\"},\"url\":\"https:\/\/www.welovecycling.com\/cs\/author\/radekmalina\/\"}]}<\/script>\n<!-- \/ Yoast SEO Premium plugin. -->","yoast_head_json":{"title":"Pl\u00e1\u0161t\u011b na kolo do zimn\u00ed nepohody | \u0160koda We Love Cycling - \u010cesk\u00e1 republika","description":"Zim\u00e1ky na kolo! Existuje v\u016fbec n\u011bco takov\u00e9ho? Doporu\u010d\u00edme, co obout, pokud chcete v pl\u00edskanic\u00edch jezdit co nejbezpe\u010dn\u011bji a bez defekt\u016f.","robots":{"index":"index","follow":"follow","max-snippet":"max-snippet:-1","max-image-preview":"max-image-preview:large","max-video-preview":"max-video-preview:-1"},"canonical":"https:\/\/www.welovecycling.com\/cs\/2021\/12\/29\/plaste-na-kolo-do-zimni-nepohody\/","og_locale":"cs_CZ","og_type":"article","og_title":"Pl\u00e1\u0161t\u011b na kolo do zimn\u00ed nepohody","og_description":"Zim\u00e1ky na kolo! Existuje v\u016fbec n\u011bco takov\u00e9ho? Doporu\u010d\u00edme, co obout, pokud chcete v pl\u00edskanic\u00edch jezdit co nejbezpe\u010dn\u011bji a bez defekt\u016f.","og_url":"https:\/\/www.welovecycling.com\/cs\/2021\/12\/29\/plaste-na-kolo-do-zimni-nepohody\/","og_site_name":"\u0160koda We Love Cycling - \u010cesk\u00e1 republika","article_published_time":"2021-12-29T05:00:45+00:00","article_modified_time":"2022-11-21T14:29:39+00:00","og_image":[{"width":2000,"height":1333,"url":"https:\/\/d2p6e6u75xmxt8.cloudfront.net\/13\/2021\/12\/wlc-zimni-plaste-fatbike-2.webp","type":"image\/webp"}],"author":"radekmalina","twitter_card":"summary_large_image","twitter_misc":{"Written by":"We Love Cycling","Est. reading time":"4"},"schema":{"@context":"https:\/\/schema.org","@graph":[{"@type":"WebPage","@id":"https:\/\/www.welovecycling.com\/cs\/2021\/12\/29\/plaste-na-kolo-do-zimni-nepohody\/","url":"https:\/\/www.welovecycling.com\/cs\/2021\/12\/29\/plaste-na-kolo-do-zimni-nepohody\/","name":"Pl\u00e1\u0161t\u011b na kolo do zimn\u00ed nepohody | \u0160koda We Love Cycling - \u010cesk\u00e1 republika","isPartOf":{"@id":"https:\/\/www.welovecycling.com\/cs\/#website"},"primaryImageOfPage":{"@id":"https:\/\/www.welovecycling.com\/cs\/2021\/12\/29\/plaste-na-kolo-do-zimni-nepohody\/#primaryimage"},"image":{"@id":"https:\/\/www.welovecycling.com\/cs\/2021\/12\/29\/plaste-na-kolo-do-zimni-nepohody\/#primaryimage"},"thumbnailUrl":"https:\/\/d2p6e6u75xmxt8.cloudfront.net\/13\/2021\/12\/wlc-zimni-plaste-fatbike-2.webp","datePublished":"2021-12-29T05:00:45+00:00","dateModified":"2022-11-21T14:29:39+00:00","author":{"@id":"https:\/\/www.welovecycling.com\/cs\/#\/schema\/person\/d9eeb0a378f3a7e4a6d12d2b536b04b8"},"description":"Zim\u00e1ky na kolo! Existuje v\u016fbec n\u011bco takov\u00e9ho? Doporu\u010d\u00edme, co obout, pokud chcete v pl\u00edskanic\u00edch jezdit co nejbezpe\u010dn\u011bji a bez defekt\u016f.","inLanguage":"cs","potentialAction":[{"@type":"ReadAction","target":["https:\/\/www.welovecycling.com\/cs\/2021\/12\/29\/plaste-na-kolo-do-zimni-nepohody\/"]}]},{"@type":"ImageObject","inLanguage":"cs","@id":"https:\/\/www.welovecycling.com\/cs\/2021\/12\/29\/plaste-na-kolo-do-zimni-nepohody\/#primaryimage","url":"https:\/\/d2p6e6u75xmxt8.cloudfront.net\/13\/2021\/12\/wlc-zimni-plaste-fatbike-2.webp","contentUrl":"https:\/\/d2p6e6u75xmxt8.cloudfront.net\/13\/2021\/12\/wlc-zimni-plaste-fatbike-2.webp","width":2000,"height":1333,"caption":"Zima"},{"@type":"WebSite","@id":"https:\/\/www.welovecycling.com\/cs\/#website","url":"https:\/\/www.welovecycling.com\/cs\/","name":"\u0160koda We Love Cycling - \u010cesk\u00e1 republika","description":"WeLoveCycling.cz je online magaz\u00edn, kter\u00fd v\u00e1m pravideln\u011b p\u0159in\u00e1\u0161\u00ed rady a tipy, zaj\u00edmav\u00e9 \u010dl\u00e1nky, videa a jedine\u010dn\u00e9 report\u00e1\u017ee ze sv\u011bta cyklistiky.","potentialAction":[{"@type":"SearchAction","target":{"@type":"EntryPoint","urlTemplate":"https:\/\/www.welovecycling.com\/cs\/?s={search_term_string}"},"query-input":{"@type":"PropertyValueSpecification","valueRequired":true,"valueName":"search_term_string"}}],"inLanguage":"cs"},{"@type":"Person","@id":"https:\/\/www.welovecycling.com\/cs\/#\/schema\/person\/d9eeb0a378f3a7e4a6d12d2b536b04b8","name":"radekmalina","image":{"@type":"ImageObject","inLanguage":"cs","@id":"https:\/\/www.welovecycling.com\/cs\/#\/schema\/person\/image\/","url":"https:\/\/secure.gravatar.com\/avatar\/66994b632cb8c39a46b9f54afa3ae07201b678d32a54275b6f1c9ffec356bfc0?s=96&d=mm&r=g","contentUrl":"https:\/\/secure.gravatar.com\/avatar\/66994b632cb8c39a46b9f54afa3ae07201b678d32a54275b6f1c9ffec356bfc0?s=96&d=mm&r=g","caption":"radekmalina"},"url":"https:\/\/www.welovecycling.com\/cs\/author\/radekmalina\/"}]}},"_links":{"self":[{"href":"https:\/\/www.welovecycling.com\/cs\/wp-json\/wp\/v2\/posts\/15615","targetHints":{"allow":["GET"]}}],"collection":[{"href":"https:\/\/www.welovecycling.com\/cs\/wp-json\/wp\/v2\/posts"}],"about":[{"href":"https:\/\/www.welovecycling.com\/cs\/wp-json\/wp\/v2\/types\/post"}],"author":[{"embeddable":true,"href":"https:\/\/www.welovecycling.com\/cs\/wp-json\/wp\/v2\/users\/138"}],"replies":[{"embeddable":true,"href":"https:\/\/www.welovecycling.com\/cs\/wp-json\/wp\/v2\/comments?post=15615"}],"version-history":[{"count":2,"href":"https:\/\/www.welovecycling.com\/cs\/wp-json\/wp\/v2\/posts\/15615\/revisions"}],"predecessor-version":[{"id":15635,"href":"https:\/\/www.welovecycling.com\/cs\/wp-json\/wp\/v2\/posts\/15615\/revisions\/15635"}],"wp:featuredmedia":[{"embeddable":true,"href":"https:\/\/www.welovecycling.com\/cs\/wp-json\/wp\/v2\/media\/15630"}],"wp:attachment":[{"href":"https:\/\/www.welovecycling.com\/cs\/wp-json\/wp\/v2\/media?parent=15615"}],"wp:term":[{"taxonomy":"category","embeddable":true,"href":"https:\/\/www.welovecycling.com\/cs\/wp-json\/wp\/v2\/categories?post=15615"},{"taxonomy":"post_tag","embeddable":true,"href":"https:\/\/www.welovecycling.com\/cs\/wp-json\/wp\/v2\/tags?post=15615"},{"taxonomy":"global-categories","embeddable":true,"href":"https:\/\/www.welovecycling.com\/cs\/wp-json\/wp\/v2\/global-categories?post=15615"}],"curies":[{"name":"wp","href":"https:\/\/api.w.org\/{rel}","templated":true}]}}