{"id":1556,"date":"2019-04-24T09:36:44","date_gmt":"2019-04-24T08:36:44","guid":{"rendered":"https:\/\/www.welovecycling.com\/cs\/?p=1556"},"modified":"2019-04-24T09:36:44","modified_gmt":"2019-04-24T08:36:44","slug":"jak-jizda-na-kole-pomaha-detem-s-autismem","status":"publish","type":"post","link":"https:\/\/www.welovecycling.com\/cs\/2019\/04\/24\/jak-jizda-na-kole-pomaha-detem-s-autismem\/","title":{"rendered":"Jak j\u00edzda na kole pom\u00e1h\u00e1 d\u011btem s autismem"},"content":{"rendered":"<p><strong>Dle Sv\u011btov\u00e9 zdravotnick\u00e9 organizace (WHO) m\u00e1 zhruba jedno ze 160 d\u011bt\u00ed poruchu autistick\u00e9ho spektra (PAS). Z\u00e1le\u017e\u00ed na z\u00e1va\u017enosti posti\u017een\u00ed, ale mezi typick\u00e9 klinick\u00e9 projevy pat\u0159\u00ed sn\u00ed\u017een\u00e1 schopnost verb\u00e1ln\u00ed i neverb\u00e1ln\u00ed komunikace a adekv\u00e1tn\u00edho vyjad\u0159ov\u00e1n\u00ed emoc\u00ed, a s\u00a0t\u00edm spojen\u00e9 probl\u00e9my v\u00a0navazov\u00e1n\u00ed soci\u00e1ln\u00edch vazeb, a d\u00e1le neadekv\u00e1tn\u00ed reakce na stimuly z\u00a0vn\u011bj\u0161\u00edho prost\u0159ed\u00ed. Tyto d\u011bti \u010dasto m\u00edvaj\u00ed stereotypn\u00ed z\u00e1jmy. Co se t\u00fd\u010de fyzick\u00e9ho pohybu, mohou m\u00edt autist\u00e9 probl\u00e9my s\u00a0propriocepc\u00ed, a tedy rovnov\u00e1hou, n\u011bkdy s\u00a0poruchou t\u011blesn\u00e9ho sch\u00e9matu.<\/strong><\/p>\n<p><!--more--><\/p>\n<p>L\u00e9\u010dba tohoto vrozen\u00e9ho onemocn\u011bn\u00ed je \u010dasto \u0159e\u0161ena formou ergoterapie a logoterapie. C\u00edlem je zv\u00fd\u0161en\u00ed sob\u011bsta\u010dnosti a samostatnosti v\u00a0b\u011b\u017en\u00fdch denn\u00edch \u010dinnostech, jako jsou dom\u00e1c\u00ed pr\u00e1ce nebo va\u0159en\u00ed. Terapie jsou \u010dasto vedeny formou hry zam\u011b\u0159en\u00e9 na to, aby d\u00edt\u011b muselo nad pohybem p\u0159em\u00fd\u0161let a zkusilo zapojit nov\u00e9 pohybov\u00e9 stereotypy. Do t\u00e9to kategorie spad\u00e1 i j\u00edzda na kole. Nen\u00ed b\u011b\u017en\u00e9, \u017ee by se autistick\u00e9 d\u011bti v\u017edy u\u010dily jezdit na kole, ale d\u011bje se tak st\u00e1le \u010dast\u011bji, a to kv\u016fli benefit\u016fm, kter\u00e9 tato \u010dinnost autist\u016fm p\u0159in\u00e1\u0161\u00ed.<\/p>\n<h2><strong>Na kole za kvalitn\u011bj\u0161\u00edm \u017eivotem i pro autisty<\/strong><\/h2>\n<p>D\u00edky probl\u00e9m\u016fm s\u00a0rovnov\u00e1hou a koordinac\u00ed se mnoho d\u011bt\u00ed s\u00a0PAS nenau\u010d\u00ed jezdit na kole. Studie z\u00a0roku 2015 prok\u00e1zala v\u00fdrazn\u00e9 zlep\u0161en\u00ed fyzick\u00fdch dovednost\u00ed u d\u011bt\u00ed s\u00a0PAS po p\u011bti t\u00fddnech pravideln\u00e9ho je\u017ed\u011bn\u00ed na odr\u00e1\u017eedle.<\/p>\n<figure id=\"attachment_1558\" aria-describedby=\"caption-attachment-1558\" style=\"width: 1024px\" class=\"wp-caption alignnone\"><a href=\"https:\/\/d2p6e6u75xmxt8.cloudfront.net\/2\/2019\/04\/balance-bike-profimedia-0414939218.jpg\"><img loading=\"lazy\" decoding=\"async\" class=\"size-large wp-image-1558\" src=\"https:\/\/d2p6e6u75xmxt8.cloudfront.net\/13\/2019\/04\/balance-bike-profimedia-0414939218-1024x683.jpg\" alt=\"\" width=\"1024\" height=\"683\" \/><\/a><figcaption id=\"caption-attachment-1558\" class=\"wp-caption-text\">\u00a9\u00a0Profimedia, Stock Budget<\/figcaption><\/figure>\n<p>Studie se \u00fa\u010dastnilo osm d\u011bt\u00ed s\u00a0PAS ve v\u011bku 6 &#8211; 10 let, kter\u00e9 nem\u011bly \u017e\u00e1dnou p\u0159edchoz\u00ed zku\u0161enost s\u00a0j\u00edzdou na kole nebo odr\u00e1\u017eedle. T\u0159ikr\u00e1t t\u00fddn\u011b po dobu p\u011bti t\u00fddn\u016f doch\u00e1zely na 15minutovou j\u00edzdu na odr\u00e1\u017eedle. B\u011bhem studie byla u d\u011bt\u00ed vy\u0161et\u0159ovan\u00e1 stabilita prost\u00e9ho stoje a stoje na nerovn\u00e9m povrchu.<\/p>\n<p>Dle doktora Andrewa Shima, p\u0159edsedy katedry kineziologie a lidsk\u00e9ho v\u00fdkonu na Univerzit\u011b Briar Cliff, kter\u00fd studii vedl, je z\u00e1v\u011br jasn\u00fd. <em>&#8222;Po p\u011bti t\u00fddnech je\u017ed\u011bn\u00ed na odr\u00e1\u017eedle do\u0161lo k\u00a0v\u00fdrazn\u00e9mu zlep\u0161en\u00ed stability ve v\u0161ech sm\u011brech.&#8220;<\/em> Z\u00e1rove\u0148 dod\u00e1v\u00e1, \u017ee odr\u00e1\u017eedlo je v\u00a0za\u010d\u00e1tc\u00edch lep\u0161\u00ed ne\u017e kolo, proto\u017ee d\u011bti nemaj\u00ed takov\u00fd strach z\u00a0p\u00e1du.<\/p>\n<h2><strong>Zlep\u0161en\u00ed ve v\u0161ech ohledech<\/strong><\/h2>\n<p>J\u00edzda na kole, by\u0165 bez ped\u00e1l\u016f nebo \u0159et\u011bzu, m\u016f\u017ee zlep\u0161it i dal\u0161\u00ed autistick\u00e9 symptomy. Amy Heustonov\u00e1, u\u010ditelka na \u0161kole pro d\u011bti se speci\u00e1ln\u00edmi pot\u0159ebami v\u00a0Ji\u017en\u00ed Dakot\u011b, pou\u017eila ve sv\u00e9m programu t\u0159in\u00e1ct odr\u00e1\u017eedel STRIDER. Zjistila, \u017ee je\u017ed\u011bn\u00ed na kole d\u011btem pomohlo ve zlep\u0161en\u00ed \u0159e\u010di, soci\u00e1ln\u00edch interakc\u00ed i chov\u00e1n\u00ed.<\/p>\n<lite-youtube videoid=0LhlioJVWcU params=\"enablejsapi=1\" style=\"background-image: url('https:\/\/i.ytimg.com\/vi_webp\/0LhlioJVWcU\/maxresdefault.webp');\"><\/lite-youtube>\n<p>Dal\u0161\u00ed formou j\u00edzdy na kole pro autistick\u00e9 d\u011bti, kter\u00e1 se v\u00a0Americe pou\u017e\u00edv\u00e1, je tzv. Buddy Bike. Je to kolo postaven\u00e9 tak, aby d\u00edt\u011b sed\u011blo p\u0159ed dosp\u011bl\u00fdm, kter\u00fd kolo \u0159\u00edd\u00ed. Tento zp\u016fsob usnad\u0148uje d\u00edt\u011bti j\u00edzdu na kole. M\u00e1 sv\u00e1 \u0159\u00edd\u00edtka a \u0161lap\u00e1n\u00edm m\u016f\u017ee p\u0159isp\u011bt k\u00a0j\u00edzd\u011b. Nemus\u00ed \u00fapln\u011b perfektn\u011b dr\u017eet rovnov\u00e1hu, proto\u017ee s\u00a0t\u00edm mu stejn\u011b jako s\u00a0\u0159\u00edzen\u00edm pom\u016f\u017ee dosp\u011bl\u00fd.<\/p>\n<p>Podle organizace pro autisty Generation Rescue je j\u00edzda na kole p\u0159\u00ednosn\u00e1 v\u00a0mnoha ohledech. Zlep\u0161uje integraci senzorick\u00fdch vjem\u016f, zlep\u0161uje celkov\u00e9 pohybov\u00e9 dovednosti, posiluje oslaben\u00e9 svalov\u00e9 skupiny a m\u00e1 pozitivn\u00ed efekt na stabilitu. Samostatn\u00e1 j\u00edzda na kole tak\u00e9 zvedne d\u00edt\u011bti sebev\u011bdom\u00ed, proto\u017ee je to zvl\u00e1dnut\u00ed \u00fakolu, kter\u00fd p\u0159edt\u00edm neum\u011blo.<\/p>\n<h2><strong>Z\u00a0pohledu cyklisty &#8211; autisty<\/strong><\/h2>\n<p>Zaj\u00edmav\u00e9 je, \u017ee dle jednoho dosp\u011bl\u00e9ho s\u00a0PAS je cyklistika ide\u00e1ln\u00ed aktivitou pro autisty. Patricku McCallisterovi byl v\u00a0roce 1993 diagnostikov\u00e1n Asperger\u016fv syndrom. Na sv\u00e9m blogu p\u00ed\u0161e, \u017ee autismus a cyklistika jdou ruku v\u00a0ruce.<\/p>\n<figure id=\"attachment_1559\" aria-describedby=\"caption-attachment-1559\" style=\"width: 1024px\" class=\"wp-caption alignnone\"><a href=\"https:\/\/d2p6e6u75xmxt8.cloudfront.net\/2\/2019\/04\/parent-child-cycling-profimedia-0183385353.jpg\"><img loading=\"lazy\" decoding=\"async\" class=\"wp-image-1559 size-large\" src=\"https:\/\/d2p6e6u75xmxt8.cloudfront.net\/13\/2019\/04\/parent-child-cycling-profimedia-0183385353-1024x703.jpg\" alt=\"\" width=\"1024\" height=\"703\" \/><\/a><figcaption id=\"caption-attachment-1559\" class=\"wp-caption-text\">Buddy Bike. Kolo postaven\u00e9 tak, aby d\u00edt\u011b sed\u011blo p\u0159ed dosp\u011bl\u00fdm, kter\u00fd kolo \u0159\u00edd\u00ed. Foto: Profimedia, Ferrari<\/figcaption><\/figure>\n<p><em>\u201eMy autisti milujeme v\u011bci, kter\u00e9 se to\u010d\u00ed,\u201c<\/em> a hned dod\u00e1v\u00e1: <em>\u201eM\u00e1me tak\u00e9 r\u00e1di rytmick\u00e9 aktivity a m\u016f\u017eeme je d\u011blat cel\u00e9 hodiny. Z\u00e1rove\u0148 nem\u00e1me r\u00e1di o\u010dn\u00ed kontakt, tak\u017ee kdy\u017e jedu na kole, je to pro m\u011b jako v\u00a0autistov\u011b poh\u00e1dce. Zp\u016fsob, jak\u00fdm se to\u010d\u00ed p\u0159edn\u00ed kolo, je omamuj\u00edc\u00ed a n\u00e1dhern\u00fd. Pohybuju se\u00a0repetitivn\u00edm zp\u016fsobem po cel\u00e9 hodiny a uvol\u0148uju tak ze sebe spoustu stresu.\u201c<\/em><\/p>\n<p>J\u00edzda na kole si tak\u00e9 rozum\u00ed s\u00a0autistick\u00fdm projevem monot\u00e9mati\u010dnosti. Autist\u00e9 dok\u00e1\u017e\u00ed mluvit o jedn\u00e9 v\u011bci dlouh\u00e9 hodiny. <em>\u201eM\u00ed kamar\u00e1di cyklisti se tak\u00e9 celou dobu bav\u00ed jenom o kolech a cyklistice. Kdy\u017e jsem mezi nimi, chovaj\u00ed se v\u0161ichni na p\u00e1r hodin jako j\u00e1 a j\u00e1 nejsem ten divn\u00fd,\u201c <\/em>\u00a0dod\u00e1v\u00e1 Patrick McCallister.<\/p>\n","protected":false},"excerpt":{"rendered":"<p>Dle Sv\u011btov\u00e9 zdravotnick\u00e9 organizace (WHO) m\u00e1 zhruba jedno ze 160 d\u011bt\u00ed poruchu autistick\u00e9ho spektra (PAS). Z\u00e1le\u017e\u00ed na z\u00e1va\u017enosti posti\u017een\u00ed, ale [&hellip;]<\/p>\n","protected":false},"author":95,"featured_media":1561,"comment_status":"open","ping_status":"open","sticky":false,"template":"","format":"standard","meta":{"footnotes":""},"categories":[6],"tags":[189,190,191,42],"global-categories":[],"class_list":["post-1556","post","type-post","status-publish","format-standard","has-post-thumbnail","hentry","category-zdravi-a-trenink","tag-autismums","tag-buddy-bike","tag-cyklistika-a-autismus","tag-deti"],"yoast_head":"<!-- This site is optimized with the Yoast SEO Premium plugin v25.3 (Yoast SEO v25.9) - https:\/\/yoast.com\/wordpress\/plugins\/seo\/ -->\n<title>Jak j\u00edzda na kole pom\u00e1h\u00e1 d\u011btem s autismem | \u0160koda We Love Cycling - \u010cesk\u00e1 republika<\/title>\n<meta name=\"robots\" content=\"index, follow, max-snippet:-1, max-image-preview:large, max-video-preview:-1\" \/>\n<link rel=\"canonical\" href=\"https:\/\/www.welovecycling.com\/cs\/2019\/04\/24\/jak-jizda-na-kole-pomaha-detem-s-autismem\/\" \/>\n<meta property=\"og:locale\" content=\"cs_CZ\" \/>\n<meta property=\"og:type\" content=\"article\" \/>\n<meta property=\"og:title\" content=\"Jak j\u00edzda na kole pom\u00e1h\u00e1 d\u011btem s autismem\" \/>\n<meta property=\"og:description\" content=\"Dle Sv\u011btov\u00e9 zdravotnick\u00e9 organizace (WHO) m\u00e1 zhruba jedno ze 160 d\u011bt\u00ed poruchu autistick\u00e9ho spektra (PAS). Z\u00e1le\u017e\u00ed na z\u00e1va\u017enosti posti\u017een\u00ed, ale [&hellip;]\" \/>\n<meta property=\"og:url\" content=\"https:\/\/www.welovecycling.com\/cs\/2019\/04\/24\/jak-jizda-na-kole-pomaha-detem-s-autismem\/\" \/>\n<meta property=\"og:site_name\" content=\"\u0160koda We Love Cycling - \u010cesk\u00e1 republika\" \/>\n<meta property=\"article:published_time\" content=\"2019-04-24T08:36:44+00:00\" \/>\n<meta property=\"og:image\" content=\"https:\/\/d2p6e6u75xmxt8.cloudfront.net\/13\/2019\/04\/child-cycling-profimedia-0131977567-CVR.webp\" \/>\n\t<meta property=\"og:image:width\" content=\"1366\" \/>\n\t<meta property=\"og:image:height\" content=\"600\" \/>\n\t<meta property=\"og:image:type\" content=\"image\/webp\" \/>\n<meta name=\"twitter:card\" content=\"summary_large_image\" \/>\n<meta name=\"twitter:label1\" content=\"Written by\" \/>\n\t<meta name=\"twitter:data1\" content=\"Siegfried Mortkowitz\" \/>\n\t<meta name=\"twitter:label2\" content=\"Est. reading time\" \/>\n\t<meta name=\"twitter:data2\" content=\"6\" \/>\n<script type=\"application\/ld+json\" class=\"yoast-schema-graph\">{\"@context\":\"https:\/\/schema.org\",\"@graph\":[{\"@type\":\"WebPage\",\"@id\":\"https:\/\/www.welovecycling.com\/cs\/2019\/04\/24\/jak-jizda-na-kole-pomaha-detem-s-autismem\/\",\"url\":\"https:\/\/www.welovecycling.com\/cs\/2019\/04\/24\/jak-jizda-na-kole-pomaha-detem-s-autismem\/\",\"name\":\"Jak j\u00edzda na kole pom\u00e1h\u00e1 d\u011btem s autismem | \u0160koda We Love Cycling - \u010cesk\u00e1 republika\",\"isPartOf\":{\"@id\":\"https:\/\/www.welovecycling.com\/cs\/#website\"},\"primaryImageOfPage\":{\"@id\":\"https:\/\/www.welovecycling.com\/cs\/2019\/04\/24\/jak-jizda-na-kole-pomaha-detem-s-autismem\/#primaryimage\"},\"image\":{\"@id\":\"https:\/\/www.welovecycling.com\/cs\/2019\/04\/24\/jak-jizda-na-kole-pomaha-detem-s-autismem\/#primaryimage\"},\"thumbnailUrl\":\"https:\/\/d2p6e6u75xmxt8.cloudfront.net\/13\/2019\/04\/child-cycling-profimedia-0131977567-CVR.webp\",\"datePublished\":\"2019-04-24T08:36:44+00:00\",\"author\":{\"@id\":\"\"},\"inLanguage\":\"cs\",\"potentialAction\":[{\"@type\":\"ReadAction\",\"target\":[\"https:\/\/www.welovecycling.com\/cs\/2019\/04\/24\/jak-jizda-na-kole-pomaha-detem-s-autismem\/\"]}]},{\"@type\":\"ImageObject\",\"inLanguage\":\"cs\",\"@id\":\"https:\/\/www.welovecycling.com\/cs\/2019\/04\/24\/jak-jizda-na-kole-pomaha-detem-s-autismem\/#primaryimage\",\"url\":\"https:\/\/d2p6e6u75xmxt8.cloudfront.net\/13\/2019\/04\/child-cycling-profimedia-0131977567-CVR.webp\",\"contentUrl\":\"https:\/\/d2p6e6u75xmxt8.cloudfront.net\/13\/2019\/04\/child-cycling-profimedia-0131977567-CVR.webp\",\"width\":1366,\"height\":600,\"caption\":\"@Profimedia\"},{\"@type\":\"WebSite\",\"@id\":\"https:\/\/www.welovecycling.com\/cs\/#website\",\"url\":\"https:\/\/www.welovecycling.com\/cs\/\",\"name\":\"\u0160koda We Love Cycling - \u010cesk\u00e1 republika\",\"description\":\"WeLoveCycling.cz je online magaz\u00edn, kter\u00fd v\u00e1m pravideln\u011b p\u0159in\u00e1\u0161\u00ed rady a tipy, zaj\u00edmav\u00e9 \u010dl\u00e1nky, videa a jedine\u010dn\u00e9 report\u00e1\u017ee ze sv\u011bta cyklistiky.\",\"potentialAction\":[{\"@type\":\"SearchAction\",\"target\":{\"@type\":\"EntryPoint\",\"urlTemplate\":\"https:\/\/www.welovecycling.com\/cs\/?s={search_term_string}\"},\"query-input\":{\"@type\":\"PropertyValueSpecification\",\"valueRequired\":true,\"valueName\":\"search_term_string\"}}],\"inLanguage\":\"cs\"},{\"@type\":\"Person\",\"@id\":\"\",\"url\":\"https:\/\/www.welovecycling.com\/cs\/author\/\"}]}<\/script>\n<!-- \/ Yoast SEO Premium plugin. -->","yoast_head_json":{"title":"Jak j\u00edzda na kole pom\u00e1h\u00e1 d\u011btem s autismem | \u0160koda We Love Cycling - \u010cesk\u00e1 republika","robots":{"index":"index","follow":"follow","max-snippet":"max-snippet:-1","max-image-preview":"max-image-preview:large","max-video-preview":"max-video-preview:-1"},"canonical":"https:\/\/www.welovecycling.com\/cs\/2019\/04\/24\/jak-jizda-na-kole-pomaha-detem-s-autismem\/","og_locale":"cs_CZ","og_type":"article","og_title":"Jak j\u00edzda na kole pom\u00e1h\u00e1 d\u011btem s autismem","og_description":"Dle Sv\u011btov\u00e9 zdravotnick\u00e9 organizace (WHO) m\u00e1 zhruba jedno ze 160 d\u011bt\u00ed poruchu autistick\u00e9ho spektra (PAS). Z\u00e1le\u017e\u00ed na z\u00e1va\u017enosti posti\u017een\u00ed, ale [&hellip;]","og_url":"https:\/\/www.welovecycling.com\/cs\/2019\/04\/24\/jak-jizda-na-kole-pomaha-detem-s-autismem\/","og_site_name":"\u0160koda We Love Cycling - \u010cesk\u00e1 republika","article_published_time":"2019-04-24T08:36:44+00:00","og_image":[{"width":1366,"height":600,"url":"https:\/\/d2p6e6u75xmxt8.cloudfront.net\/13\/2019\/04\/child-cycling-profimedia-0131977567-CVR.webp","type":"image\/webp"}],"twitter_card":"summary_large_image","twitter_misc":{"Written by":"Siegfried Mortkowitz","Est. reading time":"6"},"schema":{"@context":"https:\/\/schema.org","@graph":[{"@type":"WebPage","@id":"https:\/\/www.welovecycling.com\/cs\/2019\/04\/24\/jak-jizda-na-kole-pomaha-detem-s-autismem\/","url":"https:\/\/www.welovecycling.com\/cs\/2019\/04\/24\/jak-jizda-na-kole-pomaha-detem-s-autismem\/","name":"Jak j\u00edzda na kole pom\u00e1h\u00e1 d\u011btem s autismem | \u0160koda We Love Cycling - \u010cesk\u00e1 republika","isPartOf":{"@id":"https:\/\/www.welovecycling.com\/cs\/#website"},"primaryImageOfPage":{"@id":"https:\/\/www.welovecycling.com\/cs\/2019\/04\/24\/jak-jizda-na-kole-pomaha-detem-s-autismem\/#primaryimage"},"image":{"@id":"https:\/\/www.welovecycling.com\/cs\/2019\/04\/24\/jak-jizda-na-kole-pomaha-detem-s-autismem\/#primaryimage"},"thumbnailUrl":"https:\/\/d2p6e6u75xmxt8.cloudfront.net\/13\/2019\/04\/child-cycling-profimedia-0131977567-CVR.webp","datePublished":"2019-04-24T08:36:44+00:00","author":{"@id":""},"inLanguage":"cs","potentialAction":[{"@type":"ReadAction","target":["https:\/\/www.welovecycling.com\/cs\/2019\/04\/24\/jak-jizda-na-kole-pomaha-detem-s-autismem\/"]}]},{"@type":"ImageObject","inLanguage":"cs","@id":"https:\/\/www.welovecycling.com\/cs\/2019\/04\/24\/jak-jizda-na-kole-pomaha-detem-s-autismem\/#primaryimage","url":"https:\/\/d2p6e6u75xmxt8.cloudfront.net\/13\/2019\/04\/child-cycling-profimedia-0131977567-CVR.webp","contentUrl":"https:\/\/d2p6e6u75xmxt8.cloudfront.net\/13\/2019\/04\/child-cycling-profimedia-0131977567-CVR.webp","width":1366,"height":600,"caption":"@Profimedia"},{"@type":"WebSite","@id":"https:\/\/www.welovecycling.com\/cs\/#website","url":"https:\/\/www.welovecycling.com\/cs\/","name":"\u0160koda We Love Cycling - \u010cesk\u00e1 republika","description":"WeLoveCycling.cz je online magaz\u00edn, kter\u00fd v\u00e1m pravideln\u011b p\u0159in\u00e1\u0161\u00ed rady a tipy, zaj\u00edmav\u00e9 \u010dl\u00e1nky, videa a jedine\u010dn\u00e9 report\u00e1\u017ee ze sv\u011bta cyklistiky.","potentialAction":[{"@type":"SearchAction","target":{"@type":"EntryPoint","urlTemplate":"https:\/\/www.welovecycling.com\/cs\/?s={search_term_string}"},"query-input":{"@type":"PropertyValueSpecification","valueRequired":true,"valueName":"search_term_string"}}],"inLanguage":"cs"},{"@type":"Person","@id":"","url":"https:\/\/www.welovecycling.com\/cs\/author\/"}]}},"_links":{"self":[{"href":"https:\/\/www.welovecycling.com\/cs\/wp-json\/wp\/v2\/posts\/1556","targetHints":{"allow":["GET"]}}],"collection":[{"href":"https:\/\/www.welovecycling.com\/cs\/wp-json\/wp\/v2\/posts"}],"about":[{"href":"https:\/\/www.welovecycling.com\/cs\/wp-json\/wp\/v2\/types\/post"}],"author":[{"embeddable":true,"href":"https:\/\/www.welovecycling.com\/cs\/wp-json\/wp\/v2\/users\/95"}],"replies":[{"embeddable":true,"href":"https:\/\/www.welovecycling.com\/cs\/wp-json\/wp\/v2\/comments?post=1556"}],"version-history":[{"count":2,"href":"https:\/\/www.welovecycling.com\/cs\/wp-json\/wp\/v2\/posts\/1556\/revisions"}],"predecessor-version":[{"id":1562,"href":"https:\/\/www.welovecycling.com\/cs\/wp-json\/wp\/v2\/posts\/1556\/revisions\/1562"}],"wp:featuredmedia":[{"embeddable":true,"href":"https:\/\/www.welovecycling.com\/cs\/wp-json\/wp\/v2\/media\/1561"}],"wp:attachment":[{"href":"https:\/\/www.welovecycling.com\/cs\/wp-json\/wp\/v2\/media?parent=1556"}],"wp:term":[{"taxonomy":"category","embeddable":true,"href":"https:\/\/www.welovecycling.com\/cs\/wp-json\/wp\/v2\/categories?post=1556"},{"taxonomy":"post_tag","embeddable":true,"href":"https:\/\/www.welovecycling.com\/cs\/wp-json\/wp\/v2\/tags?post=1556"},{"taxonomy":"global-categories","embeddable":true,"href":"https:\/\/www.welovecycling.com\/cs\/wp-json\/wp\/v2\/global-categories?post=1556"}],"curies":[{"name":"wp","href":"https:\/\/api.w.org\/{rel}","templated":true}]}}