{"id":15525,"date":"2021-12-22T11:00:02","date_gmt":"2021-12-22T09:00:02","guid":{"rendered":"https:\/\/www.welovecycling.com\/cs\/?p=15525"},"modified":"2022-11-24T13:07:32","modified_gmt":"2022-11-24T11:07:32","slug":"jak-vybrat-svetlo-pro-nocni-jizdu","status":"publish","type":"post","link":"https:\/\/www.welovecycling.com\/cs\/2021\/12\/22\/jak-vybrat-svetlo-pro-nocni-jizdu\/","title":{"rendered":"Jak vybrat sv\u011btlo pro no\u010dn\u00ed j\u00edzdu?"},"content":{"rendered":"<p><strong>Kr\u00e1tk\u00e9 zimn\u00ed dny donut\u00ed mnoho cyklist\u016f zal\u00e9zt za pec, spousta jezdc\u016f ale kolo neodkl\u00e1d\u00e1 a used\u00e1 za \u0159\u00edd\u00edtka bez ohledu na podm\u00ednky. Nemysl\u00edme te\u010f jen rann\u00ed \u010di ve\u010dern\u00ed doj\u00ed\u017ed\u011bn\u00ed za prac\u00ed, ale plnohodnotnou no\u010dn\u00ed MTB z\u00e1bavu. Pokud i vy chcete vyzkou\u0161et kouzlo \u201enightridu\u201c, budete pot\u0159ebovat p\u0159edev\u0161\u00edm kvalitn\u00ed p\u0159edn\u00ed sv\u00edtilnu.<\/strong><\/p>\n<p>\u201eV\u00fdkon\u201c je nejd\u016fle\u017eit\u011bj\u0161\u00edm a zd\u00e1nliv\u011b jednozna\u010dn\u00fdm krit\u00e9riem v\u00fdb\u011bru. Ne\u017e se ale pono\u0159\u00edte do porovn\u00e1v\u00e1n\u00ed hodnot, ujist\u011bte se, zda srovn\u00e1v\u00e1te spr\u00e1vn\u00e9 jednotky. V\u011bt\u0161ina v\u00fdrobc\u016f v\u00fdkon sv\u00edtilny definuje pomoc\u00ed lumen\u016f (vyza\u0159ovan\u00fd sv\u011bteln\u00fd tok), n\u011bkte\u0159\u00ed v\u0161ak ud\u00e1vaj\u00ed hodnotu v luxech, kter\u00e9 popisuj\u00ed osv\u011btlen\u00ed plochy. V\u00fdjime\u010dn\u011b se setk\u00e1te tak\u00e9 s jednotkou sv\u00edtivosti (candela).<\/p>\n<p>Tyto veli\u010diny tedy nelze vz\u00e1jemn\u011b srovn\u00e1vat! P\u0159\u00edli\u0161 nepom\u016f\u017ee ani ud\u00e1van\u00fd p\u0159\u00edkon sv\u011bteln\u00e9ho zdroje (watty), proto\u017ee v\u011bt\u0161inou nezn\u00e1me jeho \u00fa\u010dinnost. Pro laika tak b\u00fdv\u00e1 nejjednodu\u0161\u0161\u00ed dop\u00e1trat se ve specifikaci produktu hodnoty v lumenech (lm), kterou ud\u00e1vaj\u00ed t\u00e9m\u011b\u0159 v\u0161ichni v\u00fdrobci.<\/p>\n<h2><strong>Jak\u00fd v\u00fdkon pot\u0159ebuji?<\/strong><\/h2>\n<p>Budete-li se dr\u017eet na silnic\u00edch a cyklostezk\u00e1ch, m\u011blo by v\u00e1m sta\u010dit sv\u011btlo se 200\u2013500 lumeny. \u010c\u00edm \u010dast\u011bji a rychleji jezd\u00edte, t\u00edm sp\u00ed\u0161e lovte u vy\u0161\u0161\u00ed hranice. S t\u011bmito sv\u011btly se neztrat\u00edte ani v lese, ale dovoluj\u00ed sp\u00ed\u0161e opatrnou j\u00edzdu, nikoli ter\u00e9nn\u00ed skota\u010den\u00ed. Chcete-li v ter\u00e9nu p\u0159i\u0161l\u00e1pnout, za\u010dn\u011bte vyb\u00edrat od n\u011bjak\u00fdch 800 lumen\u016f v\u00fd\u0161e, tato sv\u011btla u\u017e dok\u00e1\u017e\u00ed lesn\u00ed p\u011b\u0161inku par\u00e1dn\u011b rozz\u00e1\u0159it.<\/p>\n<div class=\"shortcode-ys-post-pinup\"><article class=\"loop-simple post-15030 post type-post status-publish format-standard has-post-thumbnail hentry category-zima2022 category-rady-tipy tag-cyklistika tag-cyklotrenazery tag-domaci-trenink tag-horska-cyklistika tag-indoor-trenink tag-redukce-vahy tag-silnicni-cyklistika tag-trenazer tag-trenink tag-zdravi-a-trenink global-categories-cycling\" data-postid=\"15030\" role=\"article\" data-post-id=\"15030\" data-word-count=\"501\" data-headline-length=\"65\" data-category=\"Na kole v zim\u011b\" data-global-category=\"Cycling\" data-author=\"Adam Bouda\" data-published=\"2021-11-06T18:00:06+02:00\" data-published-day=\"Saturday\">\n    <div class=\"entry-thumbnail article-thumbnail\" content=\"https:\/\/d2p6e6u75xmxt8.cloudfront.net\/13\/2021\/02\/Rouvy-trenazer-150x150.webp\"><a href=\"https:\/\/www.welovecycling.com\/cs\/2021\/11\/06\/benefity-trenazeru-co-vam-domaci-muceni-muze-prinest\/\" class=\"image-holder\" target=\"_self\"><img decoding=\"async\" loading=\"lazy\" class=\"\" src=\"https:\/\/d2p6e6u75xmxt8.cloudfront.net\/13\/2021\/02\/Rouvy-trenazer-1024x683.webp\" srcset=\"https:\/\/d2p6e6u75xmxt8.cloudfront.net\/13\/2021\/02\/Rouvy-trenazer.webp 1080w, https:\/\/d2p6e6u75xmxt8.cloudfront.net\/13\/2021\/02\/Rouvy-trenazer-300x200.webp 300w, https:\/\/d2p6e6u75xmxt8.cloudfront.net\/13\/2021\/02\/Rouvy-trenazer-1024x683.webp 1024w, https:\/\/d2p6e6u75xmxt8.cloudfront.net\/13\/2021\/02\/Rouvy-trenazer-768x512.webp 768w, https:\/\/d2p6e6u75xmxt8.cloudfront.net\/13\/2021\/02\/Rouvy-trenazer-272x182.webp 272w\" width=\"1024\" height=\"683\" sizes=\"auto, (min-width: 1200px) 300px, (min-width: 768px) 25vw, 100vw\" alt=\"benefity-trenazeru-co-vam-domaci-muceni-muze-prinest\"\/><\/a><\/div>    <div class=\"entry-meta\">\n        <a class=\"label label-secondary post-category\" href=\"https:\/\/www.welovecycling.com\/cs\/category\/zima2022\/\" title=\"Na kole v zim\u011b\">Na kole v zim\u011b<\/a>\n    <\/div>\n    <div class=\"entry-details\">\n        <a href=\"https:\/\/www.welovecycling.com\/cs\/2021\/11\/06\/benefity-trenazeru-co-vam-domaci-muceni-muze-prinest\/\" class='entry-title-wrapper'>\n            <h3 class=\"entry-title\"><span>Benefity trena\u017e\u00e9ru: co v\u00e1m dom\u00e1c\u00ed mu\u010den\u00ed m\u016f\u017ee p\u0159in\u00e9st?<\/span><\/h3>\n        <\/a>\n    <\/div>\n    <\/article>\n<\/div>\n<p>Pravideln\u00ed \u00fa\u010dastn\u00edci no\u010dn\u00edch vyj\u00ed\u017ed\u011bk ale nej\u010dast\u011bji sahaj\u00ed po sv\u00edtiln\u00e1ch s v\u00fdkonem 1200\u20132000 lm. V t\u00e9to kategorii se dnes ide\u00e1ln\u011b prot\u00edn\u00e1 cena s u\u017eitnou hodnotou. Zvol\u00edte-li je\u0161t\u011b v\u00fdkonn\u011bj\u0161\u00ed produkt, m\u016f\u017eete z\u00edskat nap\u0159\u00edklad \u0161ir\u0161\u00ed a rovnom\u011brn\u011bj\u0161\u00ed ku\u017eel sv\u011btla, v\u011bt\u0161\u00ed dosvit a podobn\u011b. Je to tedy p\u0159\u00edjemn\u00e9, ale nikoli nezbytn\u00e9.<\/p>\n<h2><strong>Pro\u010d rad\u011bji v\u00fdkonn\u011bj\u0161\u00ed sv\u011btlo?<\/strong><\/h2>\n<p>Jestli v\u00e1h\u00e1te nad pot\u0159ebn\u00fdm v\u00fdkonem, s\u00e1hn\u011bte v\u017edy po vy\u0161\u0161\u00ed kategorii sv\u00edtilny. Z n\u011bkolika d\u016fvod\u016f je v\u00fdhodn\u011bj\u0161\u00ed pou\u017e\u00edvat lep\u0161\u00ed sv\u011btlo ztlumen\u00e9 na ni\u017e\u0161\u00ed v\u00fdkon ne\u017e mal\u00e9 zapnut\u00e9 na maximum: zaprv\u00e9 budou m\u00edt v\u00fdkonn\u00e1 sv\u011btla pravd\u011bpodobn\u011b lep\u0161\u00ed akumul\u00e1tory s del\u0161\u00ed v\u00fddr\u017e\u00ed, zadruh\u00e9 jsou diody pracuj\u00edc\u00ed na pln\u00fd v\u00fdkon m\u00e9n\u011b efektivn\u00ed, zat\u0159et\u00ed tak p\u0159edejdete mo\u017en\u00fdm a nikterak vz\u00e1cn\u00fdm probl\u00e9m\u016fm s p\u0159eh\u0159\u00edv\u00e1n\u00edm. A jako bonus samoz\u0159ejm\u011b z\u00edsk\u00e1te v\u00fdkonovou rezervu.<\/p>\n<p><a href=\"https:\/\/d2p6e6u75xmxt8.cloudfront.net\/13\/2021\/12\/wlc-svetla-4.jpg\"><img loading=\"lazy\" decoding=\"async\" class=\"alignnone size-extra-large wp-image-15554\" src=\"https:\/\/d2p6e6u75xmxt8.cloudfront.net\/13\/2021\/12\/wlc-svetla-4-1920x1280.jpg\" alt=\"\" width=\"1920\" height=\"1280\" \/><\/a><\/p>\n<p>Chcete v\u00edce sv\u011btla, ne\u017e dok\u00e1\u017ee va\u0161e sou\u010dasn\u00e1 sv\u00edtilna nab\u00eddnout? Alternativou k n\u00e1kupu nov\u00e9ho osv\u011btlen\u00ed je po\u0159\u00edzen\u00ed druh\u00e9 lampy na p\u0159ilbu. \u0158ada zku\u0161en\u00fdch jezdc\u016f na \u010delovku ned\u00e1 dopustit \u2013 v ter\u00e9nu toti\u017e sv\u00edt\u00ed tam, kam se pr\u00e1v\u011b d\u00edv\u00e1te. Pom\u016f\u017ee v\u0161ude, kde \u0159\u00edd\u00edtka m\u00ed\u0159\u00ed jinam, ne\u017e v\u00e1\u0161 pohled, tedy v zat\u00e1\u010dk\u00e1ch, p\u0159i p\u0159ejezdech ter\u00e9nn\u00edch zlom\u016f, ale t\u0159eba i p\u0159i oprav\u011b defektu.<\/p>\n<div class=\"shortcode-ys-post-pinup\"><article class=\"loop-simple post-15462 post type-post status-publish format-standard has-post-thumbnail hentry category-zima2022 category-rady-tipy tag-cyklisticka-prilba tag-cyklistika tag-darky-pro-deti tag-deti tag-detske-kolo tag-rukavice tag-tipy-na-vanocni-darky-pro-deti global-categories-cycling\" data-postid=\"15462\" role=\"article\" data-post-id=\"15462\" data-word-count=\"532\" data-headline-length=\"63\" data-category=\"Na kole v zim\u011b\" data-global-category=\"Cycling\" data-author=\"We Love Cycling\" data-published=\"2021-12-16T19:00:25+02:00\" data-published-day=\"Thursday\">\n    <div class=\"entry-thumbnail article-thumbnail\" content=\"https:\/\/d2p6e6u75xmxt8.cloudfront.net\/13\/2021\/12\/vanoce-deti-profimedia-0569204383-150x150.webp\"><a href=\"https:\/\/www.welovecycling.com\/cs\/2021\/12\/16\/tipy-na-vanocni-darky-pro-male-cyklisty\/\" class=\"image-holder\" target=\"_self\"><img decoding=\"async\" loading=\"lazy\" class=\"\" src=\"https:\/\/d2p6e6u75xmxt8.cloudfront.net\/13\/2021\/12\/vanoce-deti-profimedia-0569204383-1024x683.webp\" srcset=\"https:\/\/d2p6e6u75xmxt8.cloudfront.net\/13\/2021\/12\/vanoce-deti-profimedia-0569204383.webp 1800w, https:\/\/d2p6e6u75xmxt8.cloudfront.net\/13\/2021\/12\/vanoce-deti-profimedia-0569204383-300x200.webp 300w, https:\/\/d2p6e6u75xmxt8.cloudfront.net\/13\/2021\/12\/vanoce-deti-profimedia-0569204383-1024x683.webp 1024w, https:\/\/d2p6e6u75xmxt8.cloudfront.net\/13\/2021\/12\/vanoce-deti-profimedia-0569204383-768x512.webp 768w, https:\/\/d2p6e6u75xmxt8.cloudfront.net\/13\/2021\/12\/vanoce-deti-profimedia-0569204383-1536x1025.webp 1536w, https:\/\/d2p6e6u75xmxt8.cloudfront.net\/13\/2021\/12\/vanoce-deti-profimedia-0569204383-272x182.webp 272w\" width=\"1024\" height=\"683\" sizes=\"auto, (min-width: 1200px) 300px, (min-width: 768px) 25vw, 100vw\" alt=\"tipy-na-vanocni-darky-pro-male-cyklisty\"\/><\/a><\/div>    <div class=\"entry-meta\">\n        <a class=\"label label-secondary post-category\" href=\"https:\/\/www.welovecycling.com\/cs\/category\/zima2022\/\" title=\"Na kole v zim\u011b\">Na kole v zim\u011b<\/a>\n    <\/div>\n    <div class=\"entry-details\">\n        <a href=\"https:\/\/www.welovecycling.com\/cs\/2021\/12\/16\/tipy-na-vanocni-darky-pro-male-cyklisty\/\" class='entry-title-wrapper'>\n            <h3 class=\"entry-title\"><span>Tipy na v\u00e1no\u010dn\u00ed d\u00e1rky pro d\u011bti, kter\u00e9 propadly cyklistice<\/span><\/h3>\n        <\/a>\n    <\/div>\n    <\/article>\n<\/div>\n<p>Vyb\u00edrejte podle hmotnosti (t\u011b\u017ek\u00e1 sv\u011btla nejsou na p\u0159ilbu vhodn\u00e1) a klidn\u011b zvolte model s u\u017e\u0161\u00edm ku\u017eelem. Rad\u011bji s\u00e1hn\u011bte po lehk\u00e9 \u010delovce s men\u0161\u00ed v\u00fddr\u017e\u00ed a zap\u00ednejte ji jen v n\u00e1ro\u010dn\u011bj\u0161\u00edm ter\u00e9nu, ne\u017e abyste vozili t\u011b\u017ek\u00e9 v\u00fdkonn\u00e9 lucerny \u2013 ka\u017ed\u00e9 deko se na hlav\u011b proveze. Pou\u017e\u00edt se ale daj\u00ed i v\u00fdkonn\u00e9 modely s extern\u00edm akumul\u00e1torem, kter\u00fd um\u00edst\u00edte do kapsy dresu.<\/p>\n<h2><strong>Optika \u2013 primitivn\u011b i s eleganc\u00ed<\/strong><\/h2>\n<p>Stejn\u011b jako v\u00fdkonem, li\u0161\u00ed se sv\u00edtilny i pou\u017eitou optikou. V\u00fdkonn\u00e1 sv\u011btla bez odpov\u00eddaj\u00edc\u00ed optiky dok\u00e1\u017e\u00ed nep\u0159\u00edjemn\u011b oslnit, a proto se kvalitn\u00ed v\u00fdrobci sna\u017e\u00ed \u201eo\u0159\u00edznout\u201c vrchn\u00ed \u010d\u00e1st sv\u011bteln\u00e9ho ku\u017eelu. Garanc\u00ed kultivovan\u00e9ho osv\u011btlen\u00ed je n\u011bmeck\u00e1 norma StVZO \u2013 schv\u00e1len\u00e9 sv\u00edtilny jsou ide\u00e1ln\u00ed pro pou\u017eit\u00ed na stezk\u00e1ch nebo silnic\u00edch.<\/p>\n<p><a href=\"https:\/\/d2p6e6u75xmxt8.cloudfront.net\/13\/2021\/12\/wlc-svetla-3.jpg\"><img loading=\"lazy\" decoding=\"async\" class=\"alignnone size-extra-large wp-image-15553\" src=\"https:\/\/d2p6e6u75xmxt8.cloudfront.net\/13\/2021\/12\/wlc-svetla-3-1920x1280.jpg\" alt=\"\" width=\"1920\" height=\"1280\" \/><\/a><\/p>\n<p>V ter\u00e9nu ale v\u011bt\u0161inou pot\u0159ebujeme sv\u011bteln\u00fd ku\u017eel p\u0159eci jen \u0161ir\u0161\u00ed. \u0158ada v\u00fdrobc\u016f to \u0159e\u0161\u00ed nap\u0159\u00edklad zdvojen\u00fdm reflektorem, kde jedna dioda sv\u00edt\u00ed do d\u00e1lky, druh\u00e1 v\u00edce pod kolo a do stran. Srovnateln\u00e9ho v\u00fdsledku ale lze dos\u00e1hnout i s jedn\u00edm sv\u011bteln\u00fdm zdrojem, z\u00e1le\u017e\u00ed na v\u00fdkonu a zpracov\u00e1n\u00ed. Propracovanost optiky je tedy dal\u0161\u00ed dobr\u00fd d\u016fvod, pro\u010d zvolit \u201ezna\u010dkov\u00fd\u201c produkt.<\/p>\n<h2><strong>Baterie \u2013 uvnit\u0159, nebo v packu?<\/strong><\/h2>\n<p>V\u00fddr\u017e sv\u011btla b\u00fdv\u00e1 v\u00fdrobcem ud\u00e1v\u00e1na zpravidla v minut\u00e1ch \u010di hodin\u00e1ch pro ka\u017ed\u00fd z nab\u00edzen\u00fdch re\u017eim\u016f. P\u0159ed koup\u00ed tedy rozva\u017ete d\u00e9lku sv\u00fdch vyj\u00ed\u017ed\u011bk a n\u00e1sledn\u011b vyberte produkt s p\u0159im\u011b\u0159enou kapacitn\u00ed rezervou. V\u011bt\u0161ina sv\u011btel je nap\u00e1jena vestav\u011bn\u00fdmi akumul\u00e1tory, u t\u011bch v\u00fdkonn\u00fdch se obvykle jedn\u00e1 o jeden \u010di dva Li-ion \u010dl\u00e1nky typu 18650. Tyto \u010dl\u00e1nky a\u017e na v\u00fdjimky nelze snadno m\u011bnit, jako tomu je u tu\u017ekov\u00fdch bateri\u00ed. Rad\u011bji tedy opravdu zvolte sv\u011btlo s vy\u0161\u0161\u00ed kapacitou.<\/p>\n<div class=\"shortcode-ys-post-pinup\"><article class=\"loop-simple post-11342 post type-post status-publish format-standard has-post-thumbnail hentry category-rady-tipy tag-cyklistika tag-horska-cyklistika tag-jak-zvladnout-kolo-na-snehu tag-silnicni-cyklistika tag-trenink tag-zima-a-cyklistika global-categories-cycling\" data-postid=\"11342\" role=\"article\" data-post-id=\"11342\" data-word-count=\"553\" data-headline-length=\"42\" data-category=\"Rady &amp; tipy\" data-global-category=\"Cycling\" data-author=\"Radek Malina\" data-published=\"2021-01-14T12:00:41+02:00\" data-published-day=\"Thursday\">\n    <div class=\"entry-thumbnail article-thumbnail\" content=\"https:\/\/d2p6e6u75xmxt8.cloudfront.net\/13\/2021\/01\/WLC-zimni-kolo-profimedia-0335547041-150x150.webp\"><a href=\"https:\/\/www.welovecycling.com\/cs\/2021\/01\/14\/jak-zvladnout-cyklistiku-na-snehu-a-ledu\/\" class=\"image-holder\" target=\"_self\"><img decoding=\"async\" loading=\"lazy\" class=\"\" src=\"https:\/\/d2p6e6u75xmxt8.cloudfront.net\/13\/2021\/01\/WLC-zimni-kolo-profimedia-0335547041-1024x683.webp\" srcset=\"https:\/\/d2p6e6u75xmxt8.cloudfront.net\/13\/2021\/01\/WLC-zimni-kolo-profimedia-0335547041.webp 1800w, https:\/\/d2p6e6u75xmxt8.cloudfront.net\/13\/2021\/01\/WLC-zimni-kolo-profimedia-0335547041-300x200.webp 300w, https:\/\/d2p6e6u75xmxt8.cloudfront.net\/13\/2021\/01\/WLC-zimni-kolo-profimedia-0335547041-1024x683.webp 1024w, https:\/\/d2p6e6u75xmxt8.cloudfront.net\/13\/2021\/01\/WLC-zimni-kolo-profimedia-0335547041-768x512.webp 768w, https:\/\/d2p6e6u75xmxt8.cloudfront.net\/13\/2021\/01\/WLC-zimni-kolo-profimedia-0335547041-1536x1024.webp 1536w, https:\/\/d2p6e6u75xmxt8.cloudfront.net\/13\/2021\/01\/WLC-zimni-kolo-profimedia-0335547041-272x182.webp 272w\" width=\"1024\" height=\"683\" sizes=\"auto, (min-width: 1200px) 300px, (min-width: 768px) 25vw, 100vw\" alt=\"jak-zvladnout-cyklistiku-na-snehu-a-ledu\"\/><\/a><\/div>    <div class=\"entry-meta\">\n        <a class=\"label label-secondary post-category\" href=\"https:\/\/www.welovecycling.com\/cs\/category\/rady-tipy\/\" title=\"Rady &amp; tipy\">Rady &amp; tipy<\/a>\n    <\/div>\n    <div class=\"entry-details\">\n        <a href=\"https:\/\/www.welovecycling.com\/cs\/2021\/01\/14\/jak-zvladnout-cyklistiku-na-snehu-a-ledu\/\" class='entry-title-wrapper'>\n            <h3 class=\"entry-title\"><span>Jak zvl\u00e1dnout cyklistiku na sn\u011bhu a ledu<\/span><\/h3>\n        <\/a>\n    <\/div>\n    <\/article>\n<\/div>\n<p>U n\u011bkter\u00fdch v\u00fdkonn\u00fdch sv\u00edtilen nejsou akumul\u00e1tory sou\u010d\u00e1st\u00ed t\u011bla, ale p\u0159ipojuj\u00ed se k n\u011bmu kabelem v podob\u011b tzv. battery packu. Ut\u011bsn\u011bn\u00fd \u201ebal\u00ed\u010dek\u201c nej\u010dast\u011bji obsahuje 2 a\u017e 6 \u010dl\u00e1nk\u016f a m\u016f\u017eete jej um\u00edstit na r\u00e1m kola nebo do bra\u0161ni\u010dky, p\u0159\u00edpadn\u011b na hlemu nebo do kapsy bundy, pou\u017e\u00edv\u00e1te-li sv\u00edtilnu jako \u010delovku. Oproti vestav\u011bn\u00e9mu akumul\u00e1toru je battery pack m\u00e9n\u011b kompaktn\u00ed, h\u016f\u0159e se s n\u00edm manipuluje, ale m\u00edv\u00e1 v\u00fdrazn\u011b vy\u0161\u0161\u00ed kapacitu a akumul\u00e1tory tak\u00e9 nezat\u011b\u017euj\u00ed \u00fachyt sv\u011btla na \u0159\u00edd\u00edtk\u00e1ch.<\/p>\n<h2><strong>Pro\u010d nebrat ta nejlevn\u011bj\u0161\u00ed?<\/strong><\/h2>\n<p>Na\u0161li jste na internetu dv\u011b parametry srovnateln\u00e1 sv\u011btla s v\u00fdrazn\u011b odli\u0161nou cenou a zaj\u00edm\u00e1 v\u00e1s, \u010d\u00edm se budou li\u0161it? N\u011bkte\u0159\u00ed asij\u0161t\u00ed v\u00fdrobci spol\u00e9haj\u00ed na to, \u017ee skute\u010dn\u00fd sv\u011bteln\u00fd tok si doma nezm\u011b\u0159\u00edte. Sv\u011btlo s deklarovan\u00fdm v\u00fdkonem 2000 lm od \u201eno name\u201c v\u00fdrobce tak m\u016f\u017ee sv\u00edtit o pozn\u00e1n\u00ed m\u00e9n\u011b ne\u017e pap\u00edrov\u011b shodn\u00fd produkt od seri\u00f3zn\u00ed zna\u010dky.<\/p>\n<p><a href=\"https:\/\/d2p6e6u75xmxt8.cloudfront.net\/13\/2021\/12\/wlc-svetla.jpg\"><img loading=\"lazy\" decoding=\"async\" class=\"alignnone size-extra-large wp-image-15555\" src=\"https:\/\/d2p6e6u75xmxt8.cloudfront.net\/13\/2021\/12\/wlc-svetla-1920x1280.jpg\" alt=\"\" width=\"1920\" height=\"1280\" \/><\/a><\/p>\n<p>Podobn\u00fd rozd\u00edl ale b\u00fdv\u00e1 v kvalit\u011b nap\u00e1jec\u00edch \u010dl\u00e1nk\u016f (\u017eivotnost, skute\u010dn\u00e1 kapacita) i v \u017eivotnosti ovl\u00e1dac\u00ed elektroniky. Hodn\u011b rozd\u00edln\u00e9 je tak\u00e9 celkov\u00e9 zpracov\u00e1n\u00ed produktu \u2013 pou\u017eit\u00e9 materi\u00e1ly, mechanick\u00e1 odolnost, stupe\u0148 a kvalita kryt\u00ed (vodot\u011bsnost) i spolehlivost kabel\u016f a konektor\u016f. Samostatnou kapitolou jsou dr\u017e\u00e1ky na \u0159\u00edd\u00edtka \u2013 \u010d\u00edm t\u011b\u017e\u0161\u00ed sv\u011btlo, t\u00edm sp\u00ed\u0161 se m\u016f\u017ee povolovat, prot\u00e1\u010det nebo ulomit. Seri\u00f3zn\u00ed v\u00fdrobci m\u00edvaj\u00ed up\u00edn\u00e1n\u00ed vy\u0159e\u0161en\u00e9 l\u00e9pe a z\u00e1rove\u0148 dok\u00e1\u017e\u00ed zajistit n\u00e1hradn\u00ed d\u00edly, samoz\u0159ejm\u011b nejen dr\u017e\u00e1ky.<\/p>\n<div class=\"shortcode-ys-post-pinup\"><article class=\"loop-simple post-15560 post type-post status-publish format-standard has-post-thumbnail hentry category-silnicni-cyklistika tag-alpecin-fenix tag-andorra tag-cyklistika tag-gravel tag-horska-cyklistika tag-julian-alaphilippe tag-konec-kariery tag-petr-vakoc tag-silnicni-cyklistika tag-tour-de-france tag-trenink tag-zdravi global-categories-cycling\" data-postid=\"15560\" role=\"article\" data-post-id=\"15560\" data-word-count=\"660\" data-headline-length=\"76\" data-category=\"Silni\u010dn\u00ed cyklistika\" data-global-category=\"Cycling\" data-author=\"Jan Kr\u016fta\" data-published=\"2021-12-20T19:00:29+02:00\" data-published-day=\"Monday\">\n    <div class=\"entry-thumbnail article-thumbnail\" content=\"https:\/\/d2p6e6u75xmxt8.cloudfront.net\/13\/2020\/08\/vako\u010d-krakono\u0161-2-150x150.webp\"><a href=\"https:\/\/www.welovecycling.com\/cs\/2021\/12\/20\/petr-vakoc-exkluzivne-kamarad-alaphilippe-mi-konec-kariery-nerozmlouval\/\" class=\"image-holder\" target=\"_self\"><img decoding=\"async\" loading=\"lazy\" class=\"\" src=\"https:\/\/d2p6e6u75xmxt8.cloudfront.net\/13\/2020\/08\/vako\u010d-krakono\u0161-2-1024x683.webp\" srcset=\"https:\/\/d2p6e6u75xmxt8.cloudfront.net\/13\/2020\/08\/vako\u010d-krakono\u0161-2.webp 1932w, https:\/\/d2p6e6u75xmxt8.cloudfront.net\/13\/2020\/08\/vako\u010d-krakono\u0161-2-300x200.webp 300w, https:\/\/d2p6e6u75xmxt8.cloudfront.net\/13\/2020\/08\/vako\u010d-krakono\u0161-2-1024x683.webp 1024w, https:\/\/d2p6e6u75xmxt8.cloudfront.net\/13\/2020\/08\/vako\u010d-krakono\u0161-2-768x512.webp 768w, https:\/\/d2p6e6u75xmxt8.cloudfront.net\/13\/2020\/08\/vako\u010d-krakono\u0161-2-1536x1024.webp 1536w, https:\/\/d2p6e6u75xmxt8.cloudfront.net\/13\/2020\/08\/vako\u010d-krakono\u0161-2-1920x1280.webp 1920w, https:\/\/d2p6e6u75xmxt8.cloudfront.net\/13\/2020\/08\/vako\u010d-krakono\u0161-2-272x182.webp 272w, https:\/\/d2p6e6u75xmxt8.cloudfront.net\/13\/2020\/08\/vako\u010d-krakono\u0161-2-1920x1280.webp 1920w\" width=\"1024\" height=\"683\" sizes=\"auto, (min-width: 1200px) 300px, (min-width: 768px) 25vw, 100vw\" alt=\"petr-vakoc-exkluzivne-kamarad-alaphilippe-mi-konec-kariery-nerozmlouval\"\/><\/a><\/div>    <div class=\"entry-meta\">\n        <a class=\"label label-secondary post-category\" href=\"https:\/\/www.welovecycling.com\/cs\/category\/silnicni-cyklistika\/\" title=\"Silni\u010dn\u00ed cyklistika\">Silni\u010dn\u00ed cyklistika<\/a>\n    <\/div>\n    <div class=\"entry-details\">\n        <a href=\"https:\/\/www.welovecycling.com\/cs\/2021\/12\/20\/petr-vakoc-exkluzivne-kamarad-alaphilippe-mi-konec-kariery-nerozmlouval\/\" class='entry-title-wrapper'>\n            <h3 class=\"entry-title\"><span>Petr Vako\u010d exkluzivn\u011b: Kamar\u00e1d Alaphilippe mi konec kari\u00e9ry nerozmlouval<\/span><\/h3>\n        <\/a>\n    <\/div>\n    <\/article>\n<\/div>\n<p>Lacin\u00e1 sv\u011btla m\u00edvaj\u00ed velmi primitivn\u00ed logiku ovl\u00e1d\u00e1n\u00ed \u2013 nepamatuj\u00ed si posledn\u00ed re\u017eim a p\u0159i zm\u011bn\u011b m\u00f3du n\u011bkdy mus\u00edte procvakat cel\u00fd cyklus v\u010detn\u011b stavu \u201evypnuto\u201c. Ta lep\u0161\u00ed dovoluj\u00ed m\u011bnit intenzitu ob\u011bma sm\u011bry, nebo dokonce nastavit d\u00e1lkov\u00fd a potk\u00e1vac\u00ed m\u00f3d. Dobr\u00fdm pomocn\u00edkem b\u00fdv\u00e1 i d\u00e1lkov\u00e9 ovl\u00e1d\u00e1n\u00ed \u2013 sv\u00edtilna se p\u0159ep\u00edn\u00e1 tla\u010d\u00edtky um\u00edst\u011bn\u00fdmi u gripu, abyste nemuseli sund\u00e1vat ruku z \u0159\u00edd\u00edtek.<\/p>\n<p>Dra\u017e\u0161\u00ed sv\u00edtilny tak\u00e9 p\u0159ehledn\u011bji a p\u0159esn\u011bji indikuj\u00ed stav akumul\u00e1tor\u016f. N\u011bkter\u00e9 jsou dokonce vybaveny digit\u00e1ln\u00edm displejem ukazuj\u00edc\u00edm zb\u00fdvaj\u00edc\u00ed \u010das v jednotliv\u00fdch re\u017eimech, co\u017e v\u00e1m d\u00e1v\u00e1 dokonalou kontrolu nad hospoda\u0159en\u00edm s energi\u00ed.<\/p>\n","protected":false},"excerpt":{"rendered":"<p>Kr\u00e1tk\u00e9 zimn\u00ed dny donut\u00ed mnoho cyklist\u016f zal\u00e9zt za pec, spousta jezdc\u016f ale kolo neodkl\u00e1d\u00e1 a used\u00e1 za \u0159\u00edd\u00edtka bez ohledu [&hellip;]<\/p>\n","protected":false},"author":138,"featured_media":15552,"comment_status":"open","ping_status":"open","sticky":false,"template":"","format":"standard","meta":{"footnotes":""},"categories":[2704,15],"tags":[2111,126,56,2109,2112,2108,9,2113,2107,2105,27,2110],"global-categories":[411],"class_list":["post-15525","post","type-post","status-publish","format-standard","has-post-thumbnail","hentry","category-zima2022","category-rady-tipy","tag-candela","tag-cyklistika","tag-horska-cyklistika","tag-lumen","tag-norma-stvzo","tag-osvetlena-plocha","tag-silnicni-cyklistika","tag-svetelny-kuzel","tag-svetelny-tok","tag-svetlo","tag-trenink","tag-vykon","global-categories-cycling"],"yoast_head":"<!-- This site is optimized with the Yoast SEO Premium plugin v25.3 (Yoast SEO v25.9) - https:\/\/yoast.com\/wordpress\/plugins\/seo\/ -->\n<title>Jak vybrat sv\u011btlo pro no\u010dn\u00ed j\u00edzdu? | \u0160koda We Love Cycling - \u010cesk\u00e1 republika<\/title>\n<meta name=\"description\" content=\"Pokud chcete vyzkou\u0161et kouzlo \u201enightridu\u201c, budete pot\u0159ebovat p\u0159edev\u0161\u00edm kvalitn\u00ed p\u0159edn\u00ed sv\u00edtilnu. Jak vybrat sv\u011btlo pro no\u010dn\u00ed j\u00edzdu?\" \/>\n<meta name=\"robots\" content=\"index, follow, max-snippet:-1, max-image-preview:large, max-video-preview:-1\" \/>\n<link rel=\"canonical\" href=\"https:\/\/www.welovecycling.com\/cs\/2021\/12\/22\/jak-vybrat-svetlo-pro-nocni-jizdu\/\" \/>\n<meta property=\"og:locale\" content=\"cs_CZ\" \/>\n<meta property=\"og:type\" content=\"article\" \/>\n<meta property=\"og:title\" content=\"Jak vybrat sv\u011btlo pro no\u010dn\u00ed j\u00edzdu?\" \/>\n<meta property=\"og:description\" content=\"Pokud chcete vyzkou\u0161et kouzlo \u201enightridu\u201c, budete pot\u0159ebovat p\u0159edev\u0161\u00edm kvalitn\u00ed p\u0159edn\u00ed sv\u00edtilnu. Jak vybrat sv\u011btlo pro no\u010dn\u00ed j\u00edzdu?\" \/>\n<meta property=\"og:url\" content=\"https:\/\/www.welovecycling.com\/cs\/2021\/12\/22\/jak-vybrat-svetlo-pro-nocni-jizdu\/\" \/>\n<meta property=\"og:site_name\" content=\"\u0160koda We Love Cycling - \u010cesk\u00e1 republika\" \/>\n<meta property=\"article:published_time\" content=\"2021-12-22T09:00:02+00:00\" \/>\n<meta property=\"article:modified_time\" content=\"2022-11-24T11:07:32+00:00\" \/>\n<meta property=\"og:image\" content=\"https:\/\/d2p6e6u75xmxt8.cloudfront.net\/13\/2021\/12\/wlc-svetla-2.webp\" \/>\n\t<meta property=\"og:image:width\" content=\"2000\" \/>\n\t<meta property=\"og:image:height\" content=\"1333\" \/>\n\t<meta property=\"og:image:type\" content=\"image\/webp\" \/>\n<meta name=\"author\" content=\"radekmalina\" \/>\n<meta name=\"twitter:card\" content=\"summary_large_image\" \/>\n<meta name=\"twitter:label1\" content=\"Written by\" \/>\n\t<meta name=\"twitter:data1\" content=\"Jan Kr\u016fta\" \/>\n\t<meta name=\"twitter:label2\" content=\"Est. reading time\" \/>\n\t<meta name=\"twitter:data2\" content=\"6\" \/>\n<script type=\"application\/ld+json\" class=\"yoast-schema-graph\">{\"@context\":\"https:\/\/schema.org\",\"@graph\":[{\"@type\":\"WebPage\",\"@id\":\"https:\/\/www.welovecycling.com\/cs\/2021\/12\/22\/jak-vybrat-svetlo-pro-nocni-jizdu\/\",\"url\":\"https:\/\/www.welovecycling.com\/cs\/2021\/12\/22\/jak-vybrat-svetlo-pro-nocni-jizdu\/\",\"name\":\"Jak vybrat sv\u011btlo pro no\u010dn\u00ed j\u00edzdu? | \u0160koda We Love Cycling - \u010cesk\u00e1 republika\",\"isPartOf\":{\"@id\":\"https:\/\/www.welovecycling.com\/cs\/#website\"},\"primaryImageOfPage\":{\"@id\":\"https:\/\/www.welovecycling.com\/cs\/2021\/12\/22\/jak-vybrat-svetlo-pro-nocni-jizdu\/#primaryimage\"},\"image\":{\"@id\":\"https:\/\/www.welovecycling.com\/cs\/2021\/12\/22\/jak-vybrat-svetlo-pro-nocni-jizdu\/#primaryimage\"},\"thumbnailUrl\":\"https:\/\/d2p6e6u75xmxt8.cloudfront.net\/13\/2021\/12\/wlc-svetla-2.webp\",\"datePublished\":\"2021-12-22T09:00:02+00:00\",\"dateModified\":\"2022-11-24T11:07:32+00:00\",\"author\":{\"@id\":\"https:\/\/www.welovecycling.com\/cs\/#\/schema\/person\/d9eeb0a378f3a7e4a6d12d2b536b04b8\"},\"description\":\"Pokud chcete vyzkou\u0161et kouzlo \u201enightridu\u201c, budete pot\u0159ebovat p\u0159edev\u0161\u00edm kvalitn\u00ed p\u0159edn\u00ed sv\u00edtilnu. Jak vybrat sv\u011btlo pro no\u010dn\u00ed j\u00edzdu?\",\"inLanguage\":\"cs\",\"potentialAction\":[{\"@type\":\"ReadAction\",\"target\":[\"https:\/\/www.welovecycling.com\/cs\/2021\/12\/22\/jak-vybrat-svetlo-pro-nocni-jizdu\/\"]}]},{\"@type\":\"ImageObject\",\"inLanguage\":\"cs\",\"@id\":\"https:\/\/www.welovecycling.com\/cs\/2021\/12\/22\/jak-vybrat-svetlo-pro-nocni-jizdu\/#primaryimage\",\"url\":\"https:\/\/d2p6e6u75xmxt8.cloudfront.net\/13\/2021\/12\/wlc-svetla-2.webp\",\"contentUrl\":\"https:\/\/d2p6e6u75xmxt8.cloudfront.net\/13\/2021\/12\/wlc-svetla-2.webp\",\"width\":2000,\"height\":1333},{\"@type\":\"WebSite\",\"@id\":\"https:\/\/www.welovecycling.com\/cs\/#website\",\"url\":\"https:\/\/www.welovecycling.com\/cs\/\",\"name\":\"\u0160koda We Love Cycling - \u010cesk\u00e1 republika\",\"description\":\"WeLoveCycling.cz je online magaz\u00edn, kter\u00fd v\u00e1m pravideln\u011b p\u0159in\u00e1\u0161\u00ed rady a tipy, zaj\u00edmav\u00e9 \u010dl\u00e1nky, videa a jedine\u010dn\u00e9 report\u00e1\u017ee ze sv\u011bta cyklistiky.\",\"potentialAction\":[{\"@type\":\"SearchAction\",\"target\":{\"@type\":\"EntryPoint\",\"urlTemplate\":\"https:\/\/www.welovecycling.com\/cs\/?s={search_term_string}\"},\"query-input\":{\"@type\":\"PropertyValueSpecification\",\"valueRequired\":true,\"valueName\":\"search_term_string\"}}],\"inLanguage\":\"cs\"},{\"@type\":\"Person\",\"@id\":\"https:\/\/www.welovecycling.com\/cs\/#\/schema\/person\/d9eeb0a378f3a7e4a6d12d2b536b04b8\",\"name\":\"radekmalina\",\"image\":{\"@type\":\"ImageObject\",\"inLanguage\":\"cs\",\"@id\":\"https:\/\/www.welovecycling.com\/cs\/#\/schema\/person\/image\/\",\"url\":\"https:\/\/secure.gravatar.com\/avatar\/66994b632cb8c39a46b9f54afa3ae07201b678d32a54275b6f1c9ffec356bfc0?s=96&d=mm&r=g\",\"contentUrl\":\"https:\/\/secure.gravatar.com\/avatar\/66994b632cb8c39a46b9f54afa3ae07201b678d32a54275b6f1c9ffec356bfc0?s=96&d=mm&r=g\",\"caption\":\"radekmalina\"},\"url\":\"https:\/\/www.welovecycling.com\/cs\/author\/radekmalina\/\"}]}<\/script>\n<!-- \/ Yoast SEO Premium plugin. -->","yoast_head_json":{"title":"Jak vybrat sv\u011btlo pro no\u010dn\u00ed j\u00edzdu? | \u0160koda We Love Cycling - \u010cesk\u00e1 republika","description":"Pokud chcete vyzkou\u0161et kouzlo \u201enightridu\u201c, budete pot\u0159ebovat p\u0159edev\u0161\u00edm kvalitn\u00ed p\u0159edn\u00ed sv\u00edtilnu. Jak vybrat sv\u011btlo pro no\u010dn\u00ed j\u00edzdu?","robots":{"index":"index","follow":"follow","max-snippet":"max-snippet:-1","max-image-preview":"max-image-preview:large","max-video-preview":"max-video-preview:-1"},"canonical":"https:\/\/www.welovecycling.com\/cs\/2021\/12\/22\/jak-vybrat-svetlo-pro-nocni-jizdu\/","og_locale":"cs_CZ","og_type":"article","og_title":"Jak vybrat sv\u011btlo pro no\u010dn\u00ed j\u00edzdu?","og_description":"Pokud chcete vyzkou\u0161et kouzlo \u201enightridu\u201c, budete pot\u0159ebovat p\u0159edev\u0161\u00edm kvalitn\u00ed p\u0159edn\u00ed sv\u00edtilnu. Jak vybrat sv\u011btlo pro no\u010dn\u00ed j\u00edzdu?","og_url":"https:\/\/www.welovecycling.com\/cs\/2021\/12\/22\/jak-vybrat-svetlo-pro-nocni-jizdu\/","og_site_name":"\u0160koda We Love Cycling - \u010cesk\u00e1 republika","article_published_time":"2021-12-22T09:00:02+00:00","article_modified_time":"2022-11-24T11:07:32+00:00","og_image":[{"width":2000,"height":1333,"url":"https:\/\/d2p6e6u75xmxt8.cloudfront.net\/13\/2021\/12\/wlc-svetla-2.webp","type":"image\/webp"}],"author":"radekmalina","twitter_card":"summary_large_image","twitter_misc":{"Written by":"Jan Kr\u016fta","Est. reading time":"6"},"schema":{"@context":"https:\/\/schema.org","@graph":[{"@type":"WebPage","@id":"https:\/\/www.welovecycling.com\/cs\/2021\/12\/22\/jak-vybrat-svetlo-pro-nocni-jizdu\/","url":"https:\/\/www.welovecycling.com\/cs\/2021\/12\/22\/jak-vybrat-svetlo-pro-nocni-jizdu\/","name":"Jak vybrat sv\u011btlo pro no\u010dn\u00ed j\u00edzdu? | \u0160koda We Love Cycling - \u010cesk\u00e1 republika","isPartOf":{"@id":"https:\/\/www.welovecycling.com\/cs\/#website"},"primaryImageOfPage":{"@id":"https:\/\/www.welovecycling.com\/cs\/2021\/12\/22\/jak-vybrat-svetlo-pro-nocni-jizdu\/#primaryimage"},"image":{"@id":"https:\/\/www.welovecycling.com\/cs\/2021\/12\/22\/jak-vybrat-svetlo-pro-nocni-jizdu\/#primaryimage"},"thumbnailUrl":"https:\/\/d2p6e6u75xmxt8.cloudfront.net\/13\/2021\/12\/wlc-svetla-2.webp","datePublished":"2021-12-22T09:00:02+00:00","dateModified":"2022-11-24T11:07:32+00:00","author":{"@id":"https:\/\/www.welovecycling.com\/cs\/#\/schema\/person\/d9eeb0a378f3a7e4a6d12d2b536b04b8"},"description":"Pokud chcete vyzkou\u0161et kouzlo \u201enightridu\u201c, budete pot\u0159ebovat p\u0159edev\u0161\u00edm kvalitn\u00ed p\u0159edn\u00ed sv\u00edtilnu. Jak vybrat sv\u011btlo pro no\u010dn\u00ed j\u00edzdu?","inLanguage":"cs","potentialAction":[{"@type":"ReadAction","target":["https:\/\/www.welovecycling.com\/cs\/2021\/12\/22\/jak-vybrat-svetlo-pro-nocni-jizdu\/"]}]},{"@type":"ImageObject","inLanguage":"cs","@id":"https:\/\/www.welovecycling.com\/cs\/2021\/12\/22\/jak-vybrat-svetlo-pro-nocni-jizdu\/#primaryimage","url":"https:\/\/d2p6e6u75xmxt8.cloudfront.net\/13\/2021\/12\/wlc-svetla-2.webp","contentUrl":"https:\/\/d2p6e6u75xmxt8.cloudfront.net\/13\/2021\/12\/wlc-svetla-2.webp","width":2000,"height":1333},{"@type":"WebSite","@id":"https:\/\/www.welovecycling.com\/cs\/#website","url":"https:\/\/www.welovecycling.com\/cs\/","name":"\u0160koda We Love Cycling - \u010cesk\u00e1 republika","description":"WeLoveCycling.cz je online magaz\u00edn, kter\u00fd v\u00e1m pravideln\u011b p\u0159in\u00e1\u0161\u00ed rady a tipy, zaj\u00edmav\u00e9 \u010dl\u00e1nky, videa a jedine\u010dn\u00e9 report\u00e1\u017ee ze sv\u011bta cyklistiky.","potentialAction":[{"@type":"SearchAction","target":{"@type":"EntryPoint","urlTemplate":"https:\/\/www.welovecycling.com\/cs\/?s={search_term_string}"},"query-input":{"@type":"PropertyValueSpecification","valueRequired":true,"valueName":"search_term_string"}}],"inLanguage":"cs"},{"@type":"Person","@id":"https:\/\/www.welovecycling.com\/cs\/#\/schema\/person\/d9eeb0a378f3a7e4a6d12d2b536b04b8","name":"radekmalina","image":{"@type":"ImageObject","inLanguage":"cs","@id":"https:\/\/www.welovecycling.com\/cs\/#\/schema\/person\/image\/","url":"https:\/\/secure.gravatar.com\/avatar\/66994b632cb8c39a46b9f54afa3ae07201b678d32a54275b6f1c9ffec356bfc0?s=96&d=mm&r=g","contentUrl":"https:\/\/secure.gravatar.com\/avatar\/66994b632cb8c39a46b9f54afa3ae07201b678d32a54275b6f1c9ffec356bfc0?s=96&d=mm&r=g","caption":"radekmalina"},"url":"https:\/\/www.welovecycling.com\/cs\/author\/radekmalina\/"}]}},"_links":{"self":[{"href":"https:\/\/www.welovecycling.com\/cs\/wp-json\/wp\/v2\/posts\/15525","targetHints":{"allow":["GET"]}}],"collection":[{"href":"https:\/\/www.welovecycling.com\/cs\/wp-json\/wp\/v2\/posts"}],"about":[{"href":"https:\/\/www.welovecycling.com\/cs\/wp-json\/wp\/v2\/types\/post"}],"author":[{"embeddable":true,"href":"https:\/\/www.welovecycling.com\/cs\/wp-json\/wp\/v2\/users\/138"}],"replies":[{"embeddable":true,"href":"https:\/\/www.welovecycling.com\/cs\/wp-json\/wp\/v2\/comments?post=15525"}],"version-history":[{"count":2,"href":"https:\/\/www.welovecycling.com\/cs\/wp-json\/wp\/v2\/posts\/15525\/revisions"}],"predecessor-version":[{"id":15578,"href":"https:\/\/www.welovecycling.com\/cs\/wp-json\/wp\/v2\/posts\/15525\/revisions\/15578"}],"wp:featuredmedia":[{"embeddable":true,"href":"https:\/\/www.welovecycling.com\/cs\/wp-json\/wp\/v2\/media\/15552"}],"wp:attachment":[{"href":"https:\/\/www.welovecycling.com\/cs\/wp-json\/wp\/v2\/media?parent=15525"}],"wp:term":[{"taxonomy":"category","embeddable":true,"href":"https:\/\/www.welovecycling.com\/cs\/wp-json\/wp\/v2\/categories?post=15525"},{"taxonomy":"post_tag","embeddable":true,"href":"https:\/\/www.welovecycling.com\/cs\/wp-json\/wp\/v2\/tags?post=15525"},{"taxonomy":"global-categories","embeddable":true,"href":"https:\/\/www.welovecycling.com\/cs\/wp-json\/wp\/v2\/global-categories?post=15525"}],"curies":[{"name":"wp","href":"https:\/\/api.w.org\/{rel}","templated":true}]}}