{"id":15515,"date":"2021-12-18T19:00:19","date_gmt":"2021-12-18T17:00:19","guid":{"rendered":"https:\/\/www.welovecycling.com\/cs\/?p=15515"},"modified":"2022-05-23T22:40:50","modified_gmt":"2022-05-23T20:40:50","slug":"podcast-o-stravovani-nejvetsi-mytus-je-ze-na-kole-se-neji-rika-expert-centra-sportovni-mediciny","status":"publish","type":"post","link":"https:\/\/www.welovecycling.com\/cs\/2021\/12\/18\/podcast-o-stravovani-nejvetsi-mytus-je-ze-na-kole-se-neji-rika-expert-centra-sportovni-mediciny\/","title":{"rendered":"WLC Podcast Vojt\u011bch Ha\u010deck\u00fd: Nejv\u011bt\u0161\u00ed m\u00fdtus je, \u017ee se na kole nej\u00ed"},"content":{"rendered":"<p><strong>Strava a cyklistika. \u0160patn\u00fd p\u0159\u00edstup k nutrici u milovn\u00edk\u016f j\u00edzdy v sedle kola vede \u010dasto k ni\u017e\u0161\u00edm v\u00fdkon\u016fm, z dlouhodob\u00e9ho hlediska m\u016f\u017ee zap\u0159\u00ed\u010dinit i zdravotn\u00ed probl\u00e9my. Vojt\u011bch Ha\u010deck\u00fd z Centra sportovn\u00ed medic\u00edny v podcastu WeLoveCycling.cz odpov\u00edd\u00e1 na des\u00edtky ot\u00e1zek spojen\u00fdch s tr\u00e9ninkem, p\u0159\u00edjmem potravy, nejr\u016fzn\u011bj\u0161\u00edmi dietami \u010di v\u00fd\u017eivov\u00fdmi dopl\u0148ky.<\/strong><\/p>\n<p>\u201eObrovskou v\u00fdhodou cyklistiky je, \u017ee si do kapsy m\u016f\u017eeme z\u00a0hlediska nutrice d\u00e1t v\u0161e, co pot\u0159ebujeme k\u00a0v\u00fdkonu. Nebo si snadno n\u011bkde zastav\u00edme. Mnoho sport\u016f tenhle komfort nem\u00e1. M\u011bli bychom toho n\u00e1le\u017eit\u011b vyu\u017e\u00edvat,\u201c \u0159\u00edk\u00e1 s\u00a0\u00fasm\u011bvem Vojt\u011bch Ha\u010deck\u00fd, fyziolog z\u00a0Centra sportovn\u00ed medic\u00edny.<\/p>\n<p>\u201eV\u011bt\u0161ina sport\u016f trv\u00e1 v p\u0159\u00edpad\u011b amat\u00e9r\u016f hodinu \u010di dv\u011b, zat\u00edmco cyklistika \u010dasto mnohem v\u00edce. Tud\u00ed\u017e v sedle kola pot\u0159ebujeme p\u0159ijmout v\u00edce energie a je nutn\u00e9 si tohle dob\u0159e hl\u00eddat,\u201c nab\u00e1d\u00e1 vicemistr sv\u011bta v dr\u00e1hov\u00e9 cyklistice, kter\u00fd se s\u00e1m pohyboval v profesion\u00e1ln\u00edm pelotonu.<\/p>\n<p><iframe loading=\"lazy\" title=\"YouTube video player\" src=\"https:\/\/www.youtube-nocookie.com\/embed\/iY4GNdCk1cc\" width=\"560\" height=\"315\" frameborder=\"0\" allowfullscreen=\"allowfullscreen\"><\/iframe><\/p>\n<p>\u201eJe t\u0159eba si uv\u011bdomit, \u017ee i hobby cyklista by m\u011bl jezdit prim\u00e1rn\u011b kv\u016fli zdrav\u00ed. J\u00edzdou stimuluje imunitn\u00ed syst\u00e9m, ob\u011bhov\u00fd syst\u00e9m, prost\u011b celkov\u011b se udr\u017euje fit. Kdy\u017e v\u0161ak nebude j\u00edst, doch\u00e1z\u00ed k\u00a0p\u0159et\u011b\u017eov\u00e1n\u00ed imunitn\u00edho syst\u00e9mu a p\u0159\u00ednos pro zdrav\u00ed bude men\u0161\u00ed, nemluv\u011b o tom, \u017ee tr\u00e9ninkov\u00fd impuls nebude takov\u00fd,\u201c vysv\u011btluje Vojt\u011bch Ha\u010deck\u00fd.<\/p>\n<p>\u201eNejv\u011bt\u0161\u00ed a hodn\u011b zako\u0159en\u011bn\u00fd m\u00fdtus je, \u017ee se na kole nej\u00ed. V\u017edy se \u0159\u00edkalo, \u017ee kdo vydr\u017e\u00ed na kole \u010dty\u0159i hodiny nej\u00edst, tak je na tom dob\u0159e. Jde pochopiteln\u011b o nesmysl. U\u017e jenom proto, \u017ee srdce, mozek i imunitn\u00ed syst\u00e9m pot\u0159ebuj\u00ed energii, aby mohly reagovat na z\u00e1t\u011b\u017e,\u201c \u0159\u00edk\u00e1 mu\u017e, kter\u00fd z\u00e1vodil i v zahrani\u010dn\u00edch t\u00fdmech a nyn\u00ed pe\u010duje o profesion\u00e1ly nap\u0159\u00ed\u010d odv\u011btv\u00edmi, i b\u011b\u017en\u00e9 hobby sportovce.<\/p>\n<p><iframe loading=\"lazy\" src=\"https:\/\/open.spotify.com\/embed\/episode\/61UAdKhrxwUmTmQwFyJHvE?utm_source=generator\" width=\"100%\" height=\"232\" frameborder=\"0\" allowfullscreen=\"allowfullscreen\"><\/iframe><\/p>\n<h2><strong>P\u0159\u00ednos v\u00fd\u017eivov\u00fdch dopl\u0148k\u016f?<\/strong><\/h2>\n<p>Vysv\u011btluje pot\u0159ebu proteinu a zveli\u010dovanou auru p\u0159\u00edjmu stravovac\u00edch dopl\u0148k\u016f. Zam\u00fd\u0161l\u00ed se nad nejr\u016fzn\u011bj\u0161\u00edmi keto dietami, kop\u00edrov\u00e1n\u00edm \u201evzor\u016f\u201c ze soci\u00e1ln\u00edch s\u00edt\u00ed \u010di aplikac\u00ed univerz\u00e1ln\u00edch j\u00eddeln\u00ed\u010dk\u016f.<\/p>\n<p>&nbsp;<\/p>\n<p><iframe loading=\"lazy\" src=\"https:\/\/w.soundcloud.com\/player\/?url=https%3A\/\/api.soundcloud.com\/tracks\/1177589197&amp;color=%23ff5500&amp;auto_play=false&amp;hide_related=false&amp;show_comments=true&amp;show_user=true&amp;show_reposts=false&amp;show_teaser=true&amp;visual=true\" width=\"100%\" height=\"300\" frameborder=\"no\" scrolling=\"no\"><\/iframe><\/p>\n<div style=\"font-size: 10px; color: #cccccc; line-break: anywhere; word-break: normal; overflow: hidden; white-space: nowrap; text-overflow: ellipsis; font-family: Interstate,Lucida Grande,Lucida Sans Unicode,Lucida Sans,Garuda,Verdana,Tahoma,sans-serif; font-weight: 100;\"><a style=\"color: #cccccc; text-decoration: none;\" title=\"WLC podcast\" href=\"https:\/\/soundcloud.com\/skodacr\" target=\"_blank\" rel=\"noopener\">WLC podcast<\/a> \u00b7 <a style=\"color: #cccccc; text-decoration: none;\" title=\"Vojt\u011bch Ha\u010deck\u00fd: stravov\u00e1n\u00ed hobby cyklist\u016f | WLC podcast\" href=\"https:\/\/soundcloud.com\/skodacr\/vojtech-hacecky-stravovani-hobby-cyklistu-wlc-podcast\" target=\"_blank\" rel=\"noopener\">Vojt\u011bch Ha\u010deck\u00fd: stravov\u00e1n\u00ed hobby cyklist\u016f | WLC podcast<\/a><\/div>\n<p>Co je nejv\u011bt\u0161\u00ed limitac\u00ed hobby cyklisty? Pro\u010d dod\u00e1vat t\u011blu cukry u\u017e b\u011bhem v\u00fdkonu? Pro\u010d je dobr\u00e9 um\u011bt p\u0159em\u00fd\u0161let o p\u0159\u00edjmu potravy? Pro\u010d je nebezpe\u010dn\u00e9 extr\u00e9mn\u00ed sni\u017eov\u00e1n\u00ed v\u00e1hy a omezov\u00e1n\u00ed p\u0159\u00edjmu potravy? Jak\u00e1 je ide\u00e1ln\u00ed v\u00e1ha hobby cyklist\u016f? Pro\u010d se (ne)srovn\u00e1vat s\u00a0ostatn\u00edmi?<\/p>\n<p><iframe style=\"width: 100%; max-width: 660px; overflow: hidden; background: transparent;\" src=\"https:\/\/embed.podcasts.apple.com\/cz\/podcast\/vojt%C4%9Bch-ha%C4%8Deck%C3%BD-stravov%C3%A1n%C3%AD-hobby-cyklist%C5%AF-wlc-podcast\/id1572814019?i=1000544919162\" height=\"175\" frameborder=\"0\" sandbox=\"allow-forms allow-popups allow-same-origin allow-scripts allow-storage-access-by-user-activation allow-top-navigation-by-user-activation\"><\/iframe><\/p>\n<p>Odpov\u011bdi na tyto a mnoho dal\u0161\u00edch ot\u00e1zek spojen\u00fdch se stravov\u00e1n\u00edm a cyklistikou naleznete v\u00a0na\u0161em podcastu.<\/p>\n","protected":false},"excerpt":{"rendered":"<p>Strava a cyklistika. \u0160patn\u00fd p\u0159\u00edstup k nutrici u milovn\u00edk\u016f j\u00edzdy v sedle kola vede \u010dasto k ni\u017e\u0161\u00edm v\u00fdkon\u016fm, z dlouhodob\u00e9ho [&hellip;]<\/p>\n","protected":false},"author":138,"featured_media":10677,"comment_status":"open","ping_status":"open","sticky":false,"template":"","format":"standard","meta":{"footnotes":""},"categories":[11,1864,15,10,6],"tags":[126,56,2100,1681,94,229,9,20,27,1282,67],"global-categories":[411],"class_list":["post-15515","post","type-post","status-publish","format-standard","has-post-thumbnail","hentry","category-horska-cyklistika","category-podcasty","category-rady-tipy","category-silnicni-cyklistika","category-zdravi-a-trenink","tag-cyklistika","tag-horska-cyklistika","tag-keto-dieta","tag-podcast","tag-proteiny","tag-sacharidy","tag-silnicni-cyklistika","tag-stravovani","tag-trenink","tag-vojtech-hacecky","tag-zdravi-a-trenink","global-categories-cycling"],"yoast_head":"<!-- This site is optimized with the Yoast SEO Premium plugin v25.3 (Yoast SEO v25.9) - https:\/\/yoast.com\/wordpress\/plugins\/seo\/ -->\n<title>WLC Podcast Vojt\u011bch Ha\u010deck\u00fd: Nejv\u011bt\u0161\u00ed m\u00fdtus je, \u017ee se na kole nej\u00ed | \u0160koda We Love Cycling - \u010cesk\u00e1 republika<\/title>\n<meta name=\"description\" content=\"Stravov\u00e1n\u00ed a cyklistika. Nutrici v sedle kola rozeb\u00edr\u00e1 v podcastu WeLoveCycling expert na problematiku Vojt\u011bch Ha\u010deck\u00fd.\" \/>\n<meta name=\"robots\" content=\"index, follow, max-snippet:-1, max-image-preview:large, max-video-preview:-1\" \/>\n<link rel=\"canonical\" href=\"https:\/\/www.welovecycling.com\/cs\/2021\/12\/18\/podcast-o-stravovani-nejvetsi-mytus-je-ze-na-kole-se-neji-rika-expert-centra-sportovni-mediciny\/\" \/>\n<meta property=\"og:locale\" content=\"cs_CZ\" \/>\n<meta property=\"og:type\" content=\"article\" \/>\n<meta property=\"og:title\" content=\"WLC Podcast Vojt\u011bch Ha\u010deck\u00fd: Nejv\u011bt\u0161\u00ed m\u00fdtus je, \u017ee se na kole nej\u00ed\" \/>\n<meta property=\"og:description\" content=\"Stravov\u00e1n\u00ed a cyklistika. Nutrici v sedle kola rozeb\u00edr\u00e1 v podcastu WeLoveCycling expert na problematiku Vojt\u011bch Ha\u010deck\u00fd.\" \/>\n<meta property=\"og:url\" content=\"https:\/\/www.welovecycling.com\/cs\/2021\/12\/18\/podcast-o-stravovani-nejvetsi-mytus-je-ze-na-kole-se-neji-rika-expert-centra-sportovni-mediciny\/\" \/>\n<meta property=\"og:site_name\" content=\"\u0160koda We Love Cycling - \u010cesk\u00e1 republika\" \/>\n<meta property=\"article:published_time\" content=\"2021-12-18T17:00:19+00:00\" \/>\n<meta property=\"article:modified_time\" content=\"2022-05-23T20:40:50+00:00\" \/>\n<meta property=\"og:image\" content=\"https:\/\/d2p6e6u75xmxt8.cloudfront.net\/13\/2020\/11\/hacecky-profimedia-0114249408.webp\" \/>\n\t<meta property=\"og:image:width\" content=\"1800\" \/>\n\t<meta property=\"og:image:height\" content=\"1401\" \/>\n\t<meta property=\"og:image:type\" content=\"image\/webp\" \/>\n<meta name=\"author\" content=\"radekmalina\" \/>\n<meta name=\"twitter:card\" content=\"summary_large_image\" \/>\n<meta name=\"twitter:label1\" content=\"Written by\" \/>\n\t<meta name=\"twitter:data1\" content=\"We Love Cycling\" \/>\n\t<meta name=\"twitter:label2\" content=\"Est. reading time\" \/>\n\t<meta name=\"twitter:data2\" content=\"4\" \/>\n<script type=\"application\/ld+json\" class=\"yoast-schema-graph\">{\"@context\":\"https:\/\/schema.org\",\"@graph\":[{\"@type\":\"WebPage\",\"@id\":\"https:\/\/www.welovecycling.com\/cs\/2021\/12\/18\/podcast-o-stravovani-nejvetsi-mytus-je-ze-na-kole-se-neji-rika-expert-centra-sportovni-mediciny\/\",\"url\":\"https:\/\/www.welovecycling.com\/cs\/2021\/12\/18\/podcast-o-stravovani-nejvetsi-mytus-je-ze-na-kole-se-neji-rika-expert-centra-sportovni-mediciny\/\",\"name\":\"WLC Podcast Vojt\u011bch Ha\u010deck\u00fd: Nejv\u011bt\u0161\u00ed m\u00fdtus je, \u017ee se na kole nej\u00ed | \u0160koda We Love Cycling - \u010cesk\u00e1 republika\",\"isPartOf\":{\"@id\":\"https:\/\/www.welovecycling.com\/cs\/#website\"},\"primaryImageOfPage\":{\"@id\":\"https:\/\/www.welovecycling.com\/cs\/2021\/12\/18\/podcast-o-stravovani-nejvetsi-mytus-je-ze-na-kole-se-neji-rika-expert-centra-sportovni-mediciny\/#primaryimage\"},\"image\":{\"@id\":\"https:\/\/www.welovecycling.com\/cs\/2021\/12\/18\/podcast-o-stravovani-nejvetsi-mytus-je-ze-na-kole-se-neji-rika-expert-centra-sportovni-mediciny\/#primaryimage\"},\"thumbnailUrl\":\"https:\/\/d2p6e6u75xmxt8.cloudfront.net\/13\/2020\/11\/hacecky-profimedia-0114249408.webp\",\"datePublished\":\"2021-12-18T17:00:19+00:00\",\"dateModified\":\"2022-05-23T20:40:50+00:00\",\"author\":{\"@id\":\"https:\/\/www.welovecycling.com\/cs\/#\/schema\/person\/d9eeb0a378f3a7e4a6d12d2b536b04b8\"},\"description\":\"Stravov\u00e1n\u00ed a cyklistika. Nutrici v sedle kola rozeb\u00edr\u00e1 v podcastu WeLoveCycling expert na problematiku Vojt\u011bch Ha\u010deck\u00fd.\",\"inLanguage\":\"cs\",\"potentialAction\":[{\"@type\":\"ReadAction\",\"target\":[\"https:\/\/www.welovecycling.com\/cs\/2021\/12\/18\/podcast-o-stravovani-nejvetsi-mytus-je-ze-na-kole-se-neji-rika-expert-centra-sportovni-mediciny\/\"]}]},{\"@type\":\"ImageObject\",\"inLanguage\":\"cs\",\"@id\":\"https:\/\/www.welovecycling.com\/cs\/2021\/12\/18\/podcast-o-stravovani-nejvetsi-mytus-je-ze-na-kole-se-neji-rika-expert-centra-sportovni-mediciny\/#primaryimage\",\"url\":\"https:\/\/d2p6e6u75xmxt8.cloudfront.net\/13\/2020\/11\/hacecky-profimedia-0114249408.webp\",\"contentUrl\":\"https:\/\/d2p6e6u75xmxt8.cloudfront.net\/13\/2020\/11\/hacecky-profimedia-0114249408.webp\",\"width\":1800,\"height\":1401,\"caption\":\"Vojt\u011bch Ha\u010deck\u00fd a Martin Bl\u00e1ha (vzadu) p\u0159i SP v Pekingu 2012, kde z\u00edskali v bodovac\u00edm z\u00e1vod\u011b dvojic. Foto: profimedia\"},{\"@type\":\"WebSite\",\"@id\":\"https:\/\/www.welovecycling.com\/cs\/#website\",\"url\":\"https:\/\/www.welovecycling.com\/cs\/\",\"name\":\"\u0160koda We Love Cycling - \u010cesk\u00e1 republika\",\"description\":\"WeLoveCycling.cz je online magaz\u00edn, kter\u00fd v\u00e1m pravideln\u011b p\u0159in\u00e1\u0161\u00ed rady a tipy, zaj\u00edmav\u00e9 \u010dl\u00e1nky, videa a jedine\u010dn\u00e9 report\u00e1\u017ee ze sv\u011bta cyklistiky.\",\"potentialAction\":[{\"@type\":\"SearchAction\",\"target\":{\"@type\":\"EntryPoint\",\"urlTemplate\":\"https:\/\/www.welovecycling.com\/cs\/?s={search_term_string}\"},\"query-input\":{\"@type\":\"PropertyValueSpecification\",\"valueRequired\":true,\"valueName\":\"search_term_string\"}}],\"inLanguage\":\"cs\"},{\"@type\":\"Person\",\"@id\":\"https:\/\/www.welovecycling.com\/cs\/#\/schema\/person\/d9eeb0a378f3a7e4a6d12d2b536b04b8\",\"name\":\"radekmalina\",\"image\":{\"@type\":\"ImageObject\",\"inLanguage\":\"cs\",\"@id\":\"https:\/\/www.welovecycling.com\/cs\/#\/schema\/person\/image\/\",\"url\":\"https:\/\/secure.gravatar.com\/avatar\/66994b632cb8c39a46b9f54afa3ae07201b678d32a54275b6f1c9ffec356bfc0?s=96&d=mm&r=g\",\"contentUrl\":\"https:\/\/secure.gravatar.com\/avatar\/66994b632cb8c39a46b9f54afa3ae07201b678d32a54275b6f1c9ffec356bfc0?s=96&d=mm&r=g\",\"caption\":\"radekmalina\"},\"url\":\"https:\/\/www.welovecycling.com\/cs\/author\/radekmalina\/\"}]}<\/script>\n<!-- \/ Yoast SEO Premium plugin. -->","yoast_head_json":{"title":"WLC Podcast Vojt\u011bch Ha\u010deck\u00fd: Nejv\u011bt\u0161\u00ed m\u00fdtus je, \u017ee se na kole nej\u00ed | \u0160koda We Love Cycling - \u010cesk\u00e1 republika","description":"Stravov\u00e1n\u00ed a cyklistika. Nutrici v sedle kola rozeb\u00edr\u00e1 v podcastu WeLoveCycling expert na problematiku Vojt\u011bch Ha\u010deck\u00fd.","robots":{"index":"index","follow":"follow","max-snippet":"max-snippet:-1","max-image-preview":"max-image-preview:large","max-video-preview":"max-video-preview:-1"},"canonical":"https:\/\/www.welovecycling.com\/cs\/2021\/12\/18\/podcast-o-stravovani-nejvetsi-mytus-je-ze-na-kole-se-neji-rika-expert-centra-sportovni-mediciny\/","og_locale":"cs_CZ","og_type":"article","og_title":"WLC Podcast Vojt\u011bch Ha\u010deck\u00fd: Nejv\u011bt\u0161\u00ed m\u00fdtus je, \u017ee se na kole nej\u00ed","og_description":"Stravov\u00e1n\u00ed a cyklistika. Nutrici v sedle kola rozeb\u00edr\u00e1 v podcastu WeLoveCycling expert na problematiku Vojt\u011bch Ha\u010deck\u00fd.","og_url":"https:\/\/www.welovecycling.com\/cs\/2021\/12\/18\/podcast-o-stravovani-nejvetsi-mytus-je-ze-na-kole-se-neji-rika-expert-centra-sportovni-mediciny\/","og_site_name":"\u0160koda We Love Cycling - \u010cesk\u00e1 republika","article_published_time":"2021-12-18T17:00:19+00:00","article_modified_time":"2022-05-23T20:40:50+00:00","og_image":[{"width":1800,"height":1401,"url":"https:\/\/d2p6e6u75xmxt8.cloudfront.net\/13\/2020\/11\/hacecky-profimedia-0114249408.webp","type":"image\/webp"}],"author":"radekmalina","twitter_card":"summary_large_image","twitter_misc":{"Written by":"We Love Cycling","Est. reading time":"4"},"schema":{"@context":"https:\/\/schema.org","@graph":[{"@type":"WebPage","@id":"https:\/\/www.welovecycling.com\/cs\/2021\/12\/18\/podcast-o-stravovani-nejvetsi-mytus-je-ze-na-kole-se-neji-rika-expert-centra-sportovni-mediciny\/","url":"https:\/\/www.welovecycling.com\/cs\/2021\/12\/18\/podcast-o-stravovani-nejvetsi-mytus-je-ze-na-kole-se-neji-rika-expert-centra-sportovni-mediciny\/","name":"WLC Podcast Vojt\u011bch Ha\u010deck\u00fd: Nejv\u011bt\u0161\u00ed m\u00fdtus je, \u017ee se na kole nej\u00ed | \u0160koda We Love Cycling - \u010cesk\u00e1 republika","isPartOf":{"@id":"https:\/\/www.welovecycling.com\/cs\/#website"},"primaryImageOfPage":{"@id":"https:\/\/www.welovecycling.com\/cs\/2021\/12\/18\/podcast-o-stravovani-nejvetsi-mytus-je-ze-na-kole-se-neji-rika-expert-centra-sportovni-mediciny\/#primaryimage"},"image":{"@id":"https:\/\/www.welovecycling.com\/cs\/2021\/12\/18\/podcast-o-stravovani-nejvetsi-mytus-je-ze-na-kole-se-neji-rika-expert-centra-sportovni-mediciny\/#primaryimage"},"thumbnailUrl":"https:\/\/d2p6e6u75xmxt8.cloudfront.net\/13\/2020\/11\/hacecky-profimedia-0114249408.webp","datePublished":"2021-12-18T17:00:19+00:00","dateModified":"2022-05-23T20:40:50+00:00","author":{"@id":"https:\/\/www.welovecycling.com\/cs\/#\/schema\/person\/d9eeb0a378f3a7e4a6d12d2b536b04b8"},"description":"Stravov\u00e1n\u00ed a cyklistika. Nutrici v sedle kola rozeb\u00edr\u00e1 v podcastu WeLoveCycling expert na problematiku Vojt\u011bch Ha\u010deck\u00fd.","inLanguage":"cs","potentialAction":[{"@type":"ReadAction","target":["https:\/\/www.welovecycling.com\/cs\/2021\/12\/18\/podcast-o-stravovani-nejvetsi-mytus-je-ze-na-kole-se-neji-rika-expert-centra-sportovni-mediciny\/"]}]},{"@type":"ImageObject","inLanguage":"cs","@id":"https:\/\/www.welovecycling.com\/cs\/2021\/12\/18\/podcast-o-stravovani-nejvetsi-mytus-je-ze-na-kole-se-neji-rika-expert-centra-sportovni-mediciny\/#primaryimage","url":"https:\/\/d2p6e6u75xmxt8.cloudfront.net\/13\/2020\/11\/hacecky-profimedia-0114249408.webp","contentUrl":"https:\/\/d2p6e6u75xmxt8.cloudfront.net\/13\/2020\/11\/hacecky-profimedia-0114249408.webp","width":1800,"height":1401,"caption":"Vojt\u011bch Ha\u010deck\u00fd a Martin Bl\u00e1ha (vzadu) p\u0159i SP v Pekingu 2012, kde z\u00edskali v bodovac\u00edm z\u00e1vod\u011b dvojic. Foto: profimedia"},{"@type":"WebSite","@id":"https:\/\/www.welovecycling.com\/cs\/#website","url":"https:\/\/www.welovecycling.com\/cs\/","name":"\u0160koda We Love Cycling - \u010cesk\u00e1 republika","description":"WeLoveCycling.cz je online magaz\u00edn, kter\u00fd v\u00e1m pravideln\u011b p\u0159in\u00e1\u0161\u00ed rady a tipy, zaj\u00edmav\u00e9 \u010dl\u00e1nky, videa a jedine\u010dn\u00e9 report\u00e1\u017ee ze sv\u011bta cyklistiky.","potentialAction":[{"@type":"SearchAction","target":{"@type":"EntryPoint","urlTemplate":"https:\/\/www.welovecycling.com\/cs\/?s={search_term_string}"},"query-input":{"@type":"PropertyValueSpecification","valueRequired":true,"valueName":"search_term_string"}}],"inLanguage":"cs"},{"@type":"Person","@id":"https:\/\/www.welovecycling.com\/cs\/#\/schema\/person\/d9eeb0a378f3a7e4a6d12d2b536b04b8","name":"radekmalina","image":{"@type":"ImageObject","inLanguage":"cs","@id":"https:\/\/www.welovecycling.com\/cs\/#\/schema\/person\/image\/","url":"https:\/\/secure.gravatar.com\/avatar\/66994b632cb8c39a46b9f54afa3ae07201b678d32a54275b6f1c9ffec356bfc0?s=96&d=mm&r=g","contentUrl":"https:\/\/secure.gravatar.com\/avatar\/66994b632cb8c39a46b9f54afa3ae07201b678d32a54275b6f1c9ffec356bfc0?s=96&d=mm&r=g","caption":"radekmalina"},"url":"https:\/\/www.welovecycling.com\/cs\/author\/radekmalina\/"}]}},"_links":{"self":[{"href":"https:\/\/www.welovecycling.com\/cs\/wp-json\/wp\/v2\/posts\/15515","targetHints":{"allow":["GET"]}}],"collection":[{"href":"https:\/\/www.welovecycling.com\/cs\/wp-json\/wp\/v2\/posts"}],"about":[{"href":"https:\/\/www.welovecycling.com\/cs\/wp-json\/wp\/v2\/types\/post"}],"author":[{"embeddable":true,"href":"https:\/\/www.welovecycling.com\/cs\/wp-json\/wp\/v2\/users\/138"}],"replies":[{"embeddable":true,"href":"https:\/\/www.welovecycling.com\/cs\/wp-json\/wp\/v2\/comments?post=15515"}],"version-history":[{"count":2,"href":"https:\/\/www.welovecycling.com\/cs\/wp-json\/wp\/v2\/posts\/15515\/revisions"}],"predecessor-version":[{"id":17330,"href":"https:\/\/www.welovecycling.com\/cs\/wp-json\/wp\/v2\/posts\/15515\/revisions\/17330"}],"wp:featuredmedia":[{"embeddable":true,"href":"https:\/\/www.welovecycling.com\/cs\/wp-json\/wp\/v2\/media\/10677"}],"wp:attachment":[{"href":"https:\/\/www.welovecycling.com\/cs\/wp-json\/wp\/v2\/media?parent=15515"}],"wp:term":[{"taxonomy":"category","embeddable":true,"href":"https:\/\/www.welovecycling.com\/cs\/wp-json\/wp\/v2\/categories?post=15515"},{"taxonomy":"post_tag","embeddable":true,"href":"https:\/\/www.welovecycling.com\/cs\/wp-json\/wp\/v2\/tags?post=15515"},{"taxonomy":"global-categories","embeddable":true,"href":"https:\/\/www.welovecycling.com\/cs\/wp-json\/wp\/v2\/global-categories?post=15515"}],"curies":[{"name":"wp","href":"https:\/\/api.w.org\/{rel}","templated":true}]}}