{"id":15494,"date":"2021-12-15T19:00:32","date_gmt":"2021-12-15T17:00:32","guid":{"rendered":"https:\/\/www.welovecycling.com\/cs\/?p=15494"},"modified":"2021-12-15T21:05:42","modified_gmt":"2021-12-15T19:05:42","slug":"i-deti","status":"publish","type":"post","link":"https:\/\/www.welovecycling.com\/cs\/2021\/12\/15\/i-deti\/","title":{"rendered":"FOTOGALERIE: D\u011bt\u0161t\u00ed bojovn\u00edci s bahnem, mrazem a sn\u011bhem"},"content":{"rendered":"<p><strong>Nen\u00ed \u017e\u00e1dn\u00fdm tajemstv\u00edm, \u017ee \u010desk\u00fd cyklokros str\u00e1d\u00e1. Ale po\u0159\u00e1d se najdou i v nejmen\u0161\u00edch kategori\u00edch srdca\u0159i, kte\u0159\u00ed se pou\u0161t\u00ed odhodlan\u011b do boje v sedle kola v mraziv\u00e9m po\u010das\u00ed, na bl\u00e1tiv\u00fdch \u010di zasn\u011b\u017een\u00fdch trat\u00edch, aby \u017eili sen, \u017ee se jednou stanou n\u00e1sledovn\u00edkem t\u0159eba Zde\u0148ka \u0160tybara, trojn\u00e1sobn\u00e9ho mistra sv\u011bta.<\/strong><\/p>\n<p>Vyvrcholen\u00ed \u010cesk\u00e9ho cyklokrosov\u00e9ho poh\u00e1ru Toi Toi Cup bylo v ml\u00e1de\u017enick\u00fdch kategori\u00edch bojem o mistrovsk\u00e9 dresy. Usilovalo o n\u011b p\u0159es dv\u011b stovky cyklokrosa\u0159sk\u00fdch nad\u0161enc\u016f&#8230;<a href=\"https:\/\/d2p6e6u75xmxt8.cloudfront.net\/13\/2021\/12\/02.jpg\"><img loading=\"lazy\" decoding=\"async\" class=\"alignnone size-full wp-image-15473\" src=\"https:\/\/d2p6e6u75xmxt8.cloudfront.net\/13\/2021\/12\/02.jpg\" alt=\"\" width=\"1600\" height=\"1067\" \/><\/a><br \/>\nOkruh byl sice placat\u00fd s jedn\u00edm v\u00fdb\u011bhem, m\u00edsto p\u016fvodn\u00ed trasy s velk\u00fdm p\u0159ev\u00fd\u0161en\u00edm, ale d\u00edky podm\u00ednk\u00e1m ur\u010dit\u011b nebyl z\u00e1vod jednodu\u0161\u0161\u00ed.<\/p>\n<p><a href=\"https:\/\/d2p6e6u75xmxt8.cloudfront.net\/13\/2021\/12\/04.jpg\"><img loading=\"lazy\" decoding=\"async\" class=\"alignnone size-full wp-image-15475\" src=\"https:\/\/d2p6e6u75xmxt8.cloudfront.net\/13\/2021\/12\/04.jpg\" alt=\"\" width=\"1600\" height=\"1067\" \/><\/a><\/p>\n<p>Nap\u0159\u00ed\u010d v\u011bkov\u00fdmi kategoriemi v\u0161ichni bojovali se zimou a trat\u00ed s bl\u00e1tem a rozb\u0159edl\u00fdm sn\u011bhem.<\/p>\n<h2><strong>Kdy\u017e sn\u00edh s bahnem p\u0159imrzne na kolo<\/strong><\/h2>\n<p><a href=\"https:\/\/d2p6e6u75xmxt8.cloudfront.net\/13\/2021\/12\/05.jpg\"><img loading=\"lazy\" decoding=\"async\" class=\"alignnone size-full wp-image-15476\" src=\"https:\/\/d2p6e6u75xmxt8.cloudfront.net\/13\/2021\/12\/05.jpg\" alt=\"\" width=\"1600\" height=\"1067\" \/><\/a><\/p>\n<p>Sn\u00edh s bl\u00e1tem se lepil na kola, zamrzal a kdo nem\u011bl v depu druh\u00e9 kolo, nem\u011bl prakticky \u0161anci.<\/p>\n<p><a href=\"https:\/\/d2p6e6u75xmxt8.cloudfront.net\/13\/2021\/12\/10.jpg\"><img loading=\"lazy\" decoding=\"async\" class=\"alignnone size-full wp-image-15480\" src=\"https:\/\/d2p6e6u75xmxt8.cloudfront.net\/13\/2021\/12\/10.jpg\" alt=\"\" width=\"1600\" height=\"1067\" \/><\/a><\/p>\n<p>Mechanici se v depu rozhodn\u011b nenudili. B\u011bh k a od tlakov\u00fdch my\u010dek je alespo\u0148 trochu zah\u0159\u00e1l od post\u00e1v\u00e1n\u00ed ve sn\u011bhu a myt\u00ed kol studenou vodou.<\/p>\n<p><a href=\"https:\/\/d2p6e6u75xmxt8.cloudfront.net\/13\/2021\/12\/06.jpg\"><img loading=\"lazy\" decoding=\"async\" class=\"alignnone size-full wp-image-15477\" src=\"https:\/\/d2p6e6u75xmxt8.cloudfront.net\/13\/2021\/12\/06.jpg\" alt=\"\" width=\"1600\" height=\"1067\" \/><\/a><\/p>\n<p>P\u00e1d\u016f bylo mnoho, na\u0161t\u011bst\u00ed bez v\u00e1\u017en\u00fdch n\u00e1sledk\u016f.<\/p>\n<p><a href=\"https:\/\/d2p6e6u75xmxt8.cloudfront.net\/13\/2021\/12\/07.jpg\"><img loading=\"lazy\" decoding=\"async\" class=\"alignnone size-full wp-image-15478\" src=\"https:\/\/d2p6e6u75xmxt8.cloudfront.net\/13\/2021\/12\/07.jpg\" alt=\"\" width=\"1600\" height=\"1067\" \/><\/a><\/p>\n<p>Z\u00e1vod junior\u016f o mistrovsk\u00fd trikot p\u0159inesl drama. A\u017e do posledn\u00edho kola se slibn\u00fdm n\u00e1skokem vedl V\u00e1clav Je\u017eek (Brilon Racing Team MB), jen\u017ee ani on se nevyvaroval chyby, upadl a dostal se p\u0159es n\u011bj Franti\u0161ek Hojka z kol\u00ednsk\u00e9ho t\u00fdmu Expres CZ &#8211; TUFO Kol\u00edn. A ten u\u017e si v c\u00edlov\u00e9m spurtu titul vz\u00edt nenechal<\/p>\n<p><a href=\"https:\/\/d2p6e6u75xmxt8.cloudfront.net\/13\/2021\/12\/09.jpg\"><img loading=\"lazy\" decoding=\"async\" class=\"alignnone size-full wp-image-15479\" src=\"https:\/\/d2p6e6u75xmxt8.cloudfront.net\/13\/2021\/12\/09.jpg\" alt=\"\" width=\"1600\" height=\"1067\" \/><\/a><\/p>\n<p>A velmi podobn\u00fd sc\u00e9n\u00e1\u0159 m\u011bla i kategorie juniorek. Favoritek bylo pov\u00edcero, v\u010detn\u011b \u010dtvrt\u00e9 z ned\u00e1vn\u00e9ho z\u00e1vodu sv\u011btov\u00e9ho poh\u00e1ru v T\u00e1bo\u0159e Kate\u0159iny Hlad\u00edkov\u00e9. V z\u00e1v\u011bre\u010dn\u00e9m okruhu m\u011bla k obhajob\u011b dob\u0159e na\u0161l\u00e1pnuto Julia z cyklistick\u00e9 rodiny Kopeck\u00fdch a nizozemsk\u00e9ho t\u00fdmu LRTV Swift, ale i ona se porou\u010dela v nevhodn\u00fd okam\u017eik k zemi a uvolnila cestu k titulu Eli\u0161ce Han\u00e1kov\u00e9 z \u010cED Bike Teamu<\/p>\n<p><a href=\"https:\/\/d2p6e6u75xmxt8.cloudfront.net\/13\/2021\/12\/11.jpg\"><img loading=\"lazy\" decoding=\"async\" class=\"alignnone size-full wp-image-15481\" src=\"https:\/\/d2p6e6u75xmxt8.cloudfront.net\/13\/2021\/12\/11.jpg\" alt=\"\" width=\"1600\" height=\"1067\" \/><\/a><\/p>\n<p>Michael Boro\u0161 z t\u00e1borsk\u00e9ho \u010cEZ Cyklo Teamu potvrdil roli \u010desk\u00e9 jedni\u010dky, prakticky v bl\u00e1t\u011b a sn\u011bhu nechyboval, pravideln\u011b zaj\u00ed\u017ed\u011bl do depa m\u011bnit kolo a zv\u00edt\u011bzil s n\u00e1skokem \u0161estn\u00e1cti vte\u0159in p\u0159ed mlad\u00fdm Mat\u011bjem Str\u00e1nsk\u00fdm (Brilon Racing Team MB). Boro\u0161 tak vyhr\u00e1l p\u00e1t\u00fd ze \u0161esti z\u00e1vod\u016f a zv\u00edt\u011bzil i v celkov\u00e9m hodnocen\u00ed.<\/p>\n<p><a href=\"https:\/\/d2p6e6u75xmxt8.cloudfront.net\/13\/2021\/12\/14.jpg\"><img loading=\"lazy\" decoding=\"async\" class=\"alignnone size-full wp-image-15484\" src=\"https:\/\/d2p6e6u75xmxt8.cloudfront.net\/13\/2021\/12\/14.jpg\" alt=\"\" width=\"1200\" height=\"1500\" \/><\/a><\/p>\n<p>Z\u00e1vod \u017een vyhr\u00e1la n\u011bmeck\u00e1 cyklokrosa\u0159ka Judith Krahl, celkov\u00e9 prvenstv\u00ed v seri\u00e1lu ale uh\u00e1jila tentokr\u00e1t \u010dtvrt\u00e1 Krist\u00fdna Zemanov\u00e1 (Brilon Racing Team MB).<\/p>\n<p><a href=\"https:\/\/d2p6e6u75xmxt8.cloudfront.net\/13\/2021\/12\/16.jpg\"><img loading=\"lazy\" decoding=\"async\" class=\"alignnone size-full wp-image-15486\" src=\"https:\/\/d2p6e6u75xmxt8.cloudfront.net\/13\/2021\/12\/16.jpg\" alt=\"\" width=\"1600\" height=\"1067\" \/><\/a><\/p>\n<p>Jak brut\u00e1ln\u00ed a vy\u010derp\u00e1vaj\u00edc\u00ed dok\u00e1\u017ee cyklokros b\u00fdt se p\u0159esv\u011bd\u010dil ka\u017ed\u00fd z div\u00e1k\u016f pohybuj\u00edc\u00edch se v bl\u00edzkosti c\u00edlov\u00e9ho prostoru.<\/p>\n","protected":false},"excerpt":{"rendered":"<p>Nen\u00ed \u017e\u00e1dn\u00fdm tajemstv\u00edm, \u017ee \u010desk\u00fd cyklokros str\u00e1d\u00e1. Ale po\u0159\u00e1d se najdou i v nejmen\u0161\u00edch kategori\u00edch srdca\u0159i, kte\u0159\u00ed se pou\u0161t\u00ed odhodlan\u011b [&hellip;]<\/p>\n","protected":false},"author":138,"featured_media":15474,"comment_status":"open","ping_status":"open","sticky":false,"template":"","format":"standard","meta":{"footnotes":""},"categories":[1303],"tags":[126,723,2098,2097,1867,2022,2026,1311],"global-categories":[411],"class_list":["post-15494","post","type-post","status-publish","format-standard","has-post-thumbnail","hentry","category-cyklokros","tag-cyklistika","tag-cyklokros","tag-frantisek-hojka","tag-judith-krahl","tag-julia-kopecky","tag-katerina-hladikova","tag-kristyna-zemanova","tag-michael-boros","global-categories-cycling"],"yoast_head":"<!-- This site is optimized with the Yoast SEO Premium plugin v25.3 (Yoast SEO v25.9) - https:\/\/yoast.com\/wordpress\/plugins\/seo\/ -->\n<title>FOTOGALERIE: D\u011bt\u0161t\u00ed bojovn\u00edci s bahnem, mrazem a sn\u011bhem | \u0160koda We Love Cycling - \u010cesk\u00e1 republika<\/title>\n<meta name=\"description\" content=\"\u010cesk\u00fd cyklokros str\u00e1d\u00e1. Ale po\u0159\u00e1d se najdou i v nejmen\u0161\u00edch kategori\u00edch bojovn\u00edci, kte\u0159\u00ed odhodlan\u011b sout\u011b\u017e\u00ed v sedle kola v mraziv\u00e9m po\u010das\u00ed.\" \/>\n<meta name=\"robots\" content=\"index, follow, max-snippet:-1, max-image-preview:large, max-video-preview:-1\" \/>\n<link rel=\"canonical\" href=\"https:\/\/www.welovecycling.com\/cs\/2021\/12\/15\/i-deti\/\" \/>\n<meta property=\"og:locale\" content=\"cs_CZ\" \/>\n<meta property=\"og:type\" content=\"article\" \/>\n<meta property=\"og:title\" content=\"FOTOGALERIE: D\u011bt\u0161t\u00ed bojovn\u00edci s bahnem, mrazem a sn\u011bhem\" \/>\n<meta property=\"og:description\" content=\"\u010cesk\u00fd cyklokros str\u00e1d\u00e1. Ale po\u0159\u00e1d se najdou i v nejmen\u0161\u00edch kategori\u00edch bojovn\u00edci, kte\u0159\u00ed odhodlan\u011b sout\u011b\u017e\u00ed v sedle kola v mraziv\u00e9m po\u010das\u00ed.\" \/>\n<meta property=\"og:url\" content=\"https:\/\/www.welovecycling.com\/cs\/2021\/12\/15\/i-deti\/\" \/>\n<meta property=\"og:site_name\" content=\"\u0160koda We Love Cycling - \u010cesk\u00e1 republika\" \/>\n<meta property=\"article:published_time\" content=\"2021-12-15T17:00:32+00:00\" \/>\n<meta property=\"article:modified_time\" content=\"2021-12-15T19:05:42+00:00\" \/>\n<meta property=\"og:image\" content=\"https:\/\/d2p6e6u75xmxt8.cloudfront.net\/13\/2021\/12\/03.webp\" \/>\n\t<meta property=\"og:image:width\" content=\"1600\" \/>\n\t<meta property=\"og:image:height\" content=\"1067\" \/>\n\t<meta property=\"og:image:type\" content=\"image\/webp\" \/>\n<meta name=\"author\" content=\"radekmalina\" \/>\n<meta name=\"twitter:card\" content=\"summary_large_image\" \/>\n<meta name=\"twitter:label1\" content=\"Written by\" \/>\n\t<meta name=\"twitter:data1\" content=\"Michal \u010cerven\u00fd\" \/>\n\t<meta name=\"twitter:label2\" content=\"Est. reading time\" \/>\n\t<meta name=\"twitter:data2\" content=\"5\" \/>\n<script type=\"application\/ld+json\" class=\"yoast-schema-graph\">{\"@context\":\"https:\/\/schema.org\",\"@graph\":[{\"@type\":\"WebPage\",\"@id\":\"https:\/\/www.welovecycling.com\/cs\/2021\/12\/15\/i-deti\/\",\"url\":\"https:\/\/www.welovecycling.com\/cs\/2021\/12\/15\/i-deti\/\",\"name\":\"FOTOGALERIE: D\u011bt\u0161t\u00ed bojovn\u00edci s bahnem, mrazem a sn\u011bhem | \u0160koda We Love Cycling - \u010cesk\u00e1 republika\",\"isPartOf\":{\"@id\":\"https:\/\/www.welovecycling.com\/cs\/#website\"},\"primaryImageOfPage\":{\"@id\":\"https:\/\/www.welovecycling.com\/cs\/2021\/12\/15\/i-deti\/#primaryimage\"},\"image\":{\"@id\":\"https:\/\/www.welovecycling.com\/cs\/2021\/12\/15\/i-deti\/#primaryimage\"},\"thumbnailUrl\":\"https:\/\/d2p6e6u75xmxt8.cloudfront.net\/13\/2021\/12\/03.webp\",\"datePublished\":\"2021-12-15T17:00:32+00:00\",\"dateModified\":\"2021-12-15T19:05:42+00:00\",\"author\":{\"@id\":\"https:\/\/www.welovecycling.com\/cs\/#\/schema\/person\/d9eeb0a378f3a7e4a6d12d2b536b04b8\"},\"description\":\"\u010cesk\u00fd cyklokros str\u00e1d\u00e1. Ale po\u0159\u00e1d se najdou i v nejmen\u0161\u00edch kategori\u00edch bojovn\u00edci, kte\u0159\u00ed odhodlan\u011b sout\u011b\u017e\u00ed v sedle kola v mraziv\u00e9m po\u010das\u00ed.\",\"inLanguage\":\"cs\",\"potentialAction\":[{\"@type\":\"ReadAction\",\"target\":[\"https:\/\/www.welovecycling.com\/cs\/2021\/12\/15\/i-deti\/\"]}]},{\"@type\":\"ImageObject\",\"inLanguage\":\"cs\",\"@id\":\"https:\/\/www.welovecycling.com\/cs\/2021\/12\/15\/i-deti\/#primaryimage\",\"url\":\"https:\/\/d2p6e6u75xmxt8.cloudfront.net\/13\/2021\/12\/03.webp\",\"contentUrl\":\"https:\/\/d2p6e6u75xmxt8.cloudfront.net\/13\/2021\/12\/03.webp\",\"width\":1600,\"height\":1067},{\"@type\":\"WebSite\",\"@id\":\"https:\/\/www.welovecycling.com\/cs\/#website\",\"url\":\"https:\/\/www.welovecycling.com\/cs\/\",\"name\":\"\u0160koda We Love Cycling - \u010cesk\u00e1 republika\",\"description\":\"WeLoveCycling.cz je online magaz\u00edn, kter\u00fd v\u00e1m pravideln\u011b p\u0159in\u00e1\u0161\u00ed rady a tipy, zaj\u00edmav\u00e9 \u010dl\u00e1nky, videa a jedine\u010dn\u00e9 report\u00e1\u017ee ze sv\u011bta cyklistiky.\",\"potentialAction\":[{\"@type\":\"SearchAction\",\"target\":{\"@type\":\"EntryPoint\",\"urlTemplate\":\"https:\/\/www.welovecycling.com\/cs\/?s={search_term_string}\"},\"query-input\":{\"@type\":\"PropertyValueSpecification\",\"valueRequired\":true,\"valueName\":\"search_term_string\"}}],\"inLanguage\":\"cs\"},{\"@type\":\"Person\",\"@id\":\"https:\/\/www.welovecycling.com\/cs\/#\/schema\/person\/d9eeb0a378f3a7e4a6d12d2b536b04b8\",\"name\":\"radekmalina\",\"image\":{\"@type\":\"ImageObject\",\"inLanguage\":\"cs\",\"@id\":\"https:\/\/www.welovecycling.com\/cs\/#\/schema\/person\/image\/\",\"url\":\"https:\/\/secure.gravatar.com\/avatar\/66994b632cb8c39a46b9f54afa3ae07201b678d32a54275b6f1c9ffec356bfc0?s=96&d=mm&r=g\",\"contentUrl\":\"https:\/\/secure.gravatar.com\/avatar\/66994b632cb8c39a46b9f54afa3ae07201b678d32a54275b6f1c9ffec356bfc0?s=96&d=mm&r=g\",\"caption\":\"radekmalina\"},\"url\":\"https:\/\/www.welovecycling.com\/cs\/author\/radekmalina\/\"}]}<\/script>\n<!-- \/ Yoast SEO Premium plugin. -->","yoast_head_json":{"title":"FOTOGALERIE: D\u011bt\u0161t\u00ed bojovn\u00edci s bahnem, mrazem a sn\u011bhem | \u0160koda We Love Cycling - \u010cesk\u00e1 republika","description":"\u010cesk\u00fd cyklokros str\u00e1d\u00e1. Ale po\u0159\u00e1d se najdou i v nejmen\u0161\u00edch kategori\u00edch bojovn\u00edci, kte\u0159\u00ed odhodlan\u011b sout\u011b\u017e\u00ed v sedle kola v mraziv\u00e9m po\u010das\u00ed.","robots":{"index":"index","follow":"follow","max-snippet":"max-snippet:-1","max-image-preview":"max-image-preview:large","max-video-preview":"max-video-preview:-1"},"canonical":"https:\/\/www.welovecycling.com\/cs\/2021\/12\/15\/i-deti\/","og_locale":"cs_CZ","og_type":"article","og_title":"FOTOGALERIE: D\u011bt\u0161t\u00ed bojovn\u00edci s bahnem, mrazem a sn\u011bhem","og_description":"\u010cesk\u00fd cyklokros str\u00e1d\u00e1. Ale po\u0159\u00e1d se najdou i v nejmen\u0161\u00edch kategori\u00edch bojovn\u00edci, kte\u0159\u00ed odhodlan\u011b sout\u011b\u017e\u00ed v sedle kola v mraziv\u00e9m po\u010das\u00ed.","og_url":"https:\/\/www.welovecycling.com\/cs\/2021\/12\/15\/i-deti\/","og_site_name":"\u0160koda We Love Cycling - \u010cesk\u00e1 republika","article_published_time":"2021-12-15T17:00:32+00:00","article_modified_time":"2021-12-15T19:05:42+00:00","og_image":[{"width":1600,"height":1067,"url":"https:\/\/d2p6e6u75xmxt8.cloudfront.net\/13\/2021\/12\/03.webp","type":"image\/webp"}],"author":"radekmalina","twitter_card":"summary_large_image","twitter_misc":{"Written by":"Michal \u010cerven\u00fd","Est. reading time":"5"},"schema":{"@context":"https:\/\/schema.org","@graph":[{"@type":"WebPage","@id":"https:\/\/www.welovecycling.com\/cs\/2021\/12\/15\/i-deti\/","url":"https:\/\/www.welovecycling.com\/cs\/2021\/12\/15\/i-deti\/","name":"FOTOGALERIE: D\u011bt\u0161t\u00ed bojovn\u00edci s bahnem, mrazem a sn\u011bhem | \u0160koda We Love Cycling - \u010cesk\u00e1 republika","isPartOf":{"@id":"https:\/\/www.welovecycling.com\/cs\/#website"},"primaryImageOfPage":{"@id":"https:\/\/www.welovecycling.com\/cs\/2021\/12\/15\/i-deti\/#primaryimage"},"image":{"@id":"https:\/\/www.welovecycling.com\/cs\/2021\/12\/15\/i-deti\/#primaryimage"},"thumbnailUrl":"https:\/\/d2p6e6u75xmxt8.cloudfront.net\/13\/2021\/12\/03.webp","datePublished":"2021-12-15T17:00:32+00:00","dateModified":"2021-12-15T19:05:42+00:00","author":{"@id":"https:\/\/www.welovecycling.com\/cs\/#\/schema\/person\/d9eeb0a378f3a7e4a6d12d2b536b04b8"},"description":"\u010cesk\u00fd cyklokros str\u00e1d\u00e1. Ale po\u0159\u00e1d se najdou i v nejmen\u0161\u00edch kategori\u00edch bojovn\u00edci, kte\u0159\u00ed odhodlan\u011b sout\u011b\u017e\u00ed v sedle kola v mraziv\u00e9m po\u010das\u00ed.","inLanguage":"cs","potentialAction":[{"@type":"ReadAction","target":["https:\/\/www.welovecycling.com\/cs\/2021\/12\/15\/i-deti\/"]}]},{"@type":"ImageObject","inLanguage":"cs","@id":"https:\/\/www.welovecycling.com\/cs\/2021\/12\/15\/i-deti\/#primaryimage","url":"https:\/\/d2p6e6u75xmxt8.cloudfront.net\/13\/2021\/12\/03.webp","contentUrl":"https:\/\/d2p6e6u75xmxt8.cloudfront.net\/13\/2021\/12\/03.webp","width":1600,"height":1067},{"@type":"WebSite","@id":"https:\/\/www.welovecycling.com\/cs\/#website","url":"https:\/\/www.welovecycling.com\/cs\/","name":"\u0160koda We Love Cycling - \u010cesk\u00e1 republika","description":"WeLoveCycling.cz je online magaz\u00edn, kter\u00fd v\u00e1m pravideln\u011b p\u0159in\u00e1\u0161\u00ed rady a tipy, zaj\u00edmav\u00e9 \u010dl\u00e1nky, videa a jedine\u010dn\u00e9 report\u00e1\u017ee ze sv\u011bta cyklistiky.","potentialAction":[{"@type":"SearchAction","target":{"@type":"EntryPoint","urlTemplate":"https:\/\/www.welovecycling.com\/cs\/?s={search_term_string}"},"query-input":{"@type":"PropertyValueSpecification","valueRequired":true,"valueName":"search_term_string"}}],"inLanguage":"cs"},{"@type":"Person","@id":"https:\/\/www.welovecycling.com\/cs\/#\/schema\/person\/d9eeb0a378f3a7e4a6d12d2b536b04b8","name":"radekmalina","image":{"@type":"ImageObject","inLanguage":"cs","@id":"https:\/\/www.welovecycling.com\/cs\/#\/schema\/person\/image\/","url":"https:\/\/secure.gravatar.com\/avatar\/66994b632cb8c39a46b9f54afa3ae07201b678d32a54275b6f1c9ffec356bfc0?s=96&d=mm&r=g","contentUrl":"https:\/\/secure.gravatar.com\/avatar\/66994b632cb8c39a46b9f54afa3ae07201b678d32a54275b6f1c9ffec356bfc0?s=96&d=mm&r=g","caption":"radekmalina"},"url":"https:\/\/www.welovecycling.com\/cs\/author\/radekmalina\/"}]}},"_links":{"self":[{"href":"https:\/\/www.welovecycling.com\/cs\/wp-json\/wp\/v2\/posts\/15494","targetHints":{"allow":["GET"]}}],"collection":[{"href":"https:\/\/www.welovecycling.com\/cs\/wp-json\/wp\/v2\/posts"}],"about":[{"href":"https:\/\/www.welovecycling.com\/cs\/wp-json\/wp\/v2\/types\/post"}],"author":[{"embeddable":true,"href":"https:\/\/www.welovecycling.com\/cs\/wp-json\/wp\/v2\/users\/138"}],"replies":[{"embeddable":true,"href":"https:\/\/www.welovecycling.com\/cs\/wp-json\/wp\/v2\/comments?post=15494"}],"version-history":[{"count":2,"href":"https:\/\/www.welovecycling.com\/cs\/wp-json\/wp\/v2\/posts\/15494\/revisions"}],"predecessor-version":[{"id":15503,"href":"https:\/\/www.welovecycling.com\/cs\/wp-json\/wp\/v2\/posts\/15494\/revisions\/15503"}],"wp:featuredmedia":[{"embeddable":true,"href":"https:\/\/www.welovecycling.com\/cs\/wp-json\/wp\/v2\/media\/15474"}],"wp:attachment":[{"href":"https:\/\/www.welovecycling.com\/cs\/wp-json\/wp\/v2\/media?parent=15494"}],"wp:term":[{"taxonomy":"category","embeddable":true,"href":"https:\/\/www.welovecycling.com\/cs\/wp-json\/wp\/v2\/categories?post=15494"},{"taxonomy":"post_tag","embeddable":true,"href":"https:\/\/www.welovecycling.com\/cs\/wp-json\/wp\/v2\/tags?post=15494"},{"taxonomy":"global-categories","embeddable":true,"href":"https:\/\/www.welovecycling.com\/cs\/wp-json\/wp\/v2\/global-categories?post=15494"}],"curies":[{"name":"wp","href":"https:\/\/api.w.org\/{rel}","templated":true}]}}