{"id":15330,"date":"2021-12-08T19:00:16","date_gmt":"2021-12-08T17:00:16","guid":{"rendered":"https:\/\/www.welovecycling.com\/cs\/?p=15330"},"modified":"2021-12-07T23:22:40","modified_gmt":"2021-12-07T21:22:40","slug":"penize-nebo-televize-co-je-pro-rozvoj-zenske-cyklistiky-dulezitejsi","status":"publish","type":"post","link":"https:\/\/www.welovecycling.com\/cs\/2021\/12\/08\/penize-nebo-televize-co-je-pro-rozvoj-zenske-cyklistiky-dulezitejsi\/","title":{"rendered":"Pen\u00edze, nebo televize? Co je pro rozvoj \u017eensk\u00e9 cyklistiky d\u016fle\u017eit\u011bj\u0161\u00ed?"},"content":{"rendered":"<p><strong>Do jeho startu po\u0159\u00e1d zb\u00fdv\u00e1 \u010dtvrt roku, ale belgick\u00e1 jednor\u00e1zovka Nokere Koerse u\u017e te\u010f stihla naplnit titulky. Jarn\u00ed cyklistick\u00e1 semiklasika ve Flandrech toti\u017e ohl\u00e1sila, \u017ee pro svou \u017eenskou verzi p\u0159\u00ed\u0161t\u00ed rok ztrojn\u00e1sob\u00ed prize money, kter\u00e9 se tak budou rovnat pr\u00e9mi\u00edm rozd\u011blovan\u00fdm mezi mu\u017ei. Jenom\u017ee je tohle ta spr\u00e1vn\u00e1 cesta, jak by m\u011bla cyklistika \u017een r\u016fst?<\/strong><\/p>\n<p>Co bylo d\u0159\u00edv \u2013 vejce, nebo slepice? Pokud bychom cht\u011bli tuto filozofickou ot\u00e1zku parafr\u00e1zovat pocyklisticku, mohli bychom se pt\u00e1t, co by m\u011blo p\u0159ij\u00edt d\u0159\u00edv: pen\u00edze, nebo televize? Je v tom dlouhodob\u00fd rozpor i mezi t\u011bmi, co tla\u010d\u00ed \u017eenskou cyklistiku vp\u0159ed.<\/p>\n<h2><strong>Dvan\u00e1ct tis\u00edc eur pro mu\u017ee i pro \u017eeny<\/strong><\/h2>\n<p>T\u00e9ma se op\u011bt o\u017eivilo s krokem belgick\u00fdch po\u0159adatel\u016f, kte\u0159\u00ed do banku nasypou 36 tis\u00edc eur \u2013 polovinu mu\u017e\u016fm, polovinu \u017een\u00e1m. Nokere Koerse se stane nejl\u00e9pe finan\u010dn\u011b ohodnocen\u00fdm jednor\u00e1zov\u00fdm podnikem roku.<\/p>\n<p>Toto rozhodnut\u00ed si vyslechlo spoustu chv\u00e1ly, ale z \u00fast dal\u0161\u00edch slova pochyby o tom, jestli byly prost\u0159edky vynalo\u017eeny spr\u00e1vn\u00fdm sm\u011brem, jestli by se v\u00edc nevyplatily investov\u00e1n\u00edm do p\u0159\u00edm\u00e9ho televizn\u00edho p\u0159enosu.<\/p>\n<figure id=\"attachment_13310\" aria-describedby=\"caption-attachment-13310\" style=\"width: 1920px\" class=\"wp-caption alignnone\"><a href=\"https:\/\/d2p6e6u75xmxt8.cloudfront.net\/13\/2021\/06\/neumanova-noskova.jpg\"><img loading=\"lazy\" decoding=\"async\" class=\"size-extra-large wp-image-13310\" src=\"https:\/\/d2p6e6u75xmxt8.cloudfront.net\/13\/2021\/06\/neumanova-noskova-1920x1278.jpg\" alt=\"Tereza Neumanov\u00e1 je\u0161t\u011b v dresu Burgos Alimenta. Od Nadch\u00e1zej\u00edc\u00ed \" width=\"1920\" height=\"1278\" \/><\/a><figcaption id=\"caption-attachment-13310\" class=\"wp-caption-text\"><em>\u017densk\u00fd peloton usiluje o rovnopr\u00e1vnost v\u016f\u010di mu\u017e\u016fm. Jak\u00e1 je ide\u00e1ln\u00ed cesta? Foto: Jan Brychta (2x)<\/em><\/figcaption><\/figure>\n<p>Jedn\u00edm z pochybova\u010d\u016f, ne-li rovnou kritik\u016f byl Tomas Van Den Spiegel z konkuren\u010dn\u00ed organiza\u010dn\u00ed skupiny Flanders Classics, kter\u00fd pronesl: \u201eBudu d\u00e1l tvrdit, \u017ee pr\u00e9mie za v\u00edt\u011bzstv\u00ed jsou a\u017e na t\u0159et\u00edm m\u00edst\u011b za televiz\u00ed a startovn\u00fdm pro v\u0161echny t\u00fdmy, co\u017e je odm\u011bna pro cel\u00fd peloton, ne jen ty nejlep\u0161\u00ed. Ano, prize money jsou sou\u010d\u00e1st skl\u00e1da\u010dky, ale ne hlavn\u00ed priorita.\u201c<\/p>\n<div class=\"shortcode-ys-post-pinup\"><article class=\"loop-simple post-15332 post type-post status-publish format-standard has-post-thumbnail hentry category-zima2022 category-zeny tag-cyklisticke-ponozky tag-cyklisticke-povleceni tag-cyklistika tag-darky-pro-zeny tag-horska-cyklistika tag-radi-a-tipy tag-silnicni-cyklistika tag-tipy-na-vanocni-darky-pro-zeny tag-vanoce tag-vanocni-darky-pro-zeny tag-zeny global-categories-cycling\" data-postid=\"15332\" role=\"article\" data-post-id=\"15332\" data-word-count=\"342\" data-headline-length=\"58\" data-category=\"Na kole v zim\u011b\" data-global-category=\"Cycling\" data-author=\"Jan Kr\u016fta\" data-published=\"2021-12-04T18:00:11+02:00\" data-published-day=\"Saturday\">\n    <div class=\"entry-thumbnail article-thumbnail\" content=\"https:\/\/d2p6e6u75xmxt8.cloudfront.net\/13\/2021\/12\/darky-profimedia-0485504852-150x150.webp\"><a href=\"https:\/\/www.welovecycling.com\/cs\/2021\/12\/04\/tipy-na-vanocni-darky-pro-zeny-milujici-cyklistiku\/\" class=\"image-holder\" target=\"_self\"><img decoding=\"async\" loading=\"lazy\" class=\"\" src=\"https:\/\/d2p6e6u75xmxt8.cloudfront.net\/13\/2021\/12\/darky-profimedia-0485504852-1024x550.webp\" srcset=\"https:\/\/d2p6e6u75xmxt8.cloudfront.net\/13\/2021\/12\/darky-profimedia-0485504852.webp 1800w, https:\/\/d2p6e6u75xmxt8.cloudfront.net\/13\/2021\/12\/darky-profimedia-0485504852-300x161.webp 300w, https:\/\/d2p6e6u75xmxt8.cloudfront.net\/13\/2021\/12\/darky-profimedia-0485504852-1024x550.webp 1024w, https:\/\/d2p6e6u75xmxt8.cloudfront.net\/13\/2021\/12\/darky-profimedia-0485504852-768x412.webp 768w, https:\/\/d2p6e6u75xmxt8.cloudfront.net\/13\/2021\/12\/darky-profimedia-0485504852-1536x824.webp 1536w\" width=\"1024\" height=\"550\" sizes=\"auto, (min-width: 1200px) 372px, (min-width: 768px) 31vw, 100vw\" alt=\"tipy-na-vanocni-darky-pro-zeny-milujici-cyklistiku\"\/><\/a><\/div>    <div class=\"entry-meta\">\n        <a class=\"label label-secondary post-category\" href=\"https:\/\/www.welovecycling.com\/cs\/category\/zima2022\/\" title=\"Na kole v zim\u011b\">Na kole v zim\u011b<\/a>\n    <\/div>\n    <div class=\"entry-details\">\n        <a href=\"https:\/\/www.welovecycling.com\/cs\/2021\/12\/04\/tipy-na-vanocni-darky-pro-zeny-milujici-cyklistiku\/\" class='entry-title-wrapper'>\n            <h3 class=\"entry-title\"><span>Tipy na v\u00e1no\u010dn\u00ed d\u00e1rky pro \u017eeny, miluj\u00edc\u00ed cyklistiku<\/span><\/h3>\n        <\/a>\n    <\/div>\n    <\/article>\n<\/div>\n<p>Nen\u00ed to od Van Den Spiegela nov\u00fd postoj, kter\u00fd to stejn\u00e9 tvrdil u\u017e letos na ja\u0159e, kdy \u201ejeho\u201c z\u00e1vod Omloop Het Nieuwsblad byl kritizov\u00e1n za v\u00fd\u0161i \u017eensk\u00fdch prize money. \u201e\u017densk\u00e1 cyklistika m\u00e1 p\u0159ed sebou je\u0161t\u011b \u0159adu p\u0159ek\u00e1\u017eek a pr\u00e9mie jsou jednou z nich,\u201c pronesl. \u201eAle nejsou v\u0161emocn\u00e9. Posun nastane s televizn\u00edmi p\u0159enosy, vy\u0161\u0161\u00edmi platy pro z\u00e1vodnice a nav\u00fd\u0161en\u00edm atraktivity \u017eensk\u00e9 cyklistiky pro sponzory.\u201c<\/p>\n<h2><strong>Flanders Classics? Propast zalep\u00ed do dvou let<\/strong><\/h2>\n<p>A tak skupina Flanders Classics rad\u011bji letos na prvn\u00edm m\u00edst\u011b investovala do p\u0159enos\u016f v\u0161ech sv\u00fdch \u017eensk\u00fdch z\u00e1vod\u016f. A postupn\u011b, do roku 2023 pl\u00e1nuje v r\u00e1mci sv\u00e9ho programu \u201eclosing the gap \u2013 zalepen\u00ed propasti\u201c paritu v oblasti prize money.<\/p>\n<p>Letos se z Nokere Koerse v televizi objevil jen p\u016flhodinov\u00fd sest\u0159ih highlight\u016f, o pokryt\u00ed v p\u0159\u00ed\u0161t\u00edm roce jasno zat\u00edm nen\u00ed. Nicm\u00e9n\u011b krok ohledn\u011b pr\u00e9mi\u00ed je motivov\u00e1n snahou po\u0159adatel\u016f dostat sv\u016fj z\u00e1vod v roce 2023 do nejvy\u0161\u0161\u00ed kategorie World Tour, kde u\u017e je automatick\u00e1 povinnost zajistit 45 minut live vys\u00edl\u00e1n\u00ed.<\/p>\n<p>Nav\u00fd\u0161en\u00ed prize money je tak mo\u017en\u00e1 symbolick\u00fd krok, ale i takov\u00fd m\u00e1 svou v\u00e1hu. Aktu\u00e1ln\u011b jsou minima pro \u017eensk\u00e9 a mu\u017esk\u00e9 z\u00e1vody diametr\u00e1ln\u011b odli\u0161n\u00e1. Z\u00e1le\u017e\u00ed jen a pouze na po\u0159adateli a jeho rozpo\u010dtu, jestli se chce od doporu\u010den\u00ed odklonit.<\/p>\n<figure id=\"attachment_15388\" aria-describedby=\"caption-attachment-15388\" style=\"width: 1800px\" class=\"wp-caption alignnone\"><a href=\"https:\/\/d2p6e6u75xmxt8.cloudfront.net\/13\/2021\/12\/Lizzie-Deignan-profimedia-0636011924.jpg\"><img loading=\"lazy\" decoding=\"async\" class=\"size-full wp-image-15388\" src=\"https:\/\/d2p6e6u75xmxt8.cloudfront.net\/13\/2021\/12\/Lizzie-Deignan-profimedia-0636011924.jpg\" alt=\"Lizzie Deignanov\u00e1 m\u00e1 d\u016fvod k \u00fasm\u011bvu. Za triumf p\u0159i premi\u00e9\u0159e Pa\u0159\u00ed\u017e-Roubaix inkasovala stejnou pr\u00e9mii jako v\u00edt\u011bz mu\u017esk\u00e9 kategorie.\" width=\"1800\" height=\"1200\" \/><\/a><figcaption id=\"caption-attachment-15388\" class=\"wp-caption-text\"><em>Lizzie Deignanov\u00e1 m\u00e1 d\u016fvod k \u00fasm\u011bvu. Za triumf v Pa\u0159\u00ed\u017e-Roubaix inkasovala stejnou pr\u00e9mii jako v\u00edt\u011bz mu\u017esk\u00e9 kategorie, by\u0165 rozd\u00edl doplatil jej\u00ed t\u00fdm. Foto: profimedia<\/em><\/figcaption><\/figure>\n<p>Pro z\u00e1vody kategorie ProSeries, kam spad\u00e1 i Nokere Koerse, byl pro leto\u0161ek spodn\u00ed limit pr\u00e9mi\u00ed stanoven na 4660 eur, z \u010deho\u017e 930 eur putovalo na konto v\u00edt\u011bzky. Mu\u017esk\u00fd z\u00e1vod m\u011bl doln\u00ed hranici na \u00farovni 18 800 eur, z toho 7515 eur bylo ur\u010deno \u0161ampionovi.<\/p>\n<div class=\"shortcode-ys-post-pinup\"><article class=\"loop-simple post-15222 post type-post status-publish format-standard has-post-thumbnail hentry category-horska-cyklistika category-silnicni-cyklistika category-zeny tag-cyklistika tag-horska-cyklistika tag-menstruace tag-silnicni-cyklistika tag-trenink tag-vojtech-hacecky tag-zdravi tag-zdravi-a-trenink tag-zeny global-categories-cycling\" data-postid=\"15222\" role=\"article\" data-post-id=\"15222\" data-word-count=\"350\" data-headline-length=\"49\" data-category=\"\u017deny\" data-global-category=\"Cycling\" data-author=\"Vojt\u011bch Ha\u010deck\u00fd\" data-published=\"2021-11-23T18:00:21+02:00\" data-published-day=\"Tuesday\">\n    <div class=\"entry-thumbnail article-thumbnail\" content=\"https:\/\/d2p6e6u75xmxt8.cloudfront.net\/13\/2021\/08\/potak-zeny-tilko-dres-3-150x150.webp\"><a href=\"https:\/\/www.welovecycling.com\/cs\/2021\/11\/23\/kdy-se-maji-zeny-zamerit-na-silovy-trenink\/\" class=\"image-holder\" target=\"_self\"><img decoding=\"async\" loading=\"lazy\" class=\"\" src=\"https:\/\/d2p6e6u75xmxt8.cloudfront.net\/13\/2021\/08\/potak-zeny-tilko-dres-3-1024x683.webp\" srcset=\"https:\/\/d2p6e6u75xmxt8.cloudfront.net\/13\/2021\/08\/potak-zeny-tilko-dres-3.webp 2000w, https:\/\/d2p6e6u75xmxt8.cloudfront.net\/13\/2021\/08\/potak-zeny-tilko-dres-3-300x200.webp 300w, https:\/\/d2p6e6u75xmxt8.cloudfront.net\/13\/2021\/08\/potak-zeny-tilko-dres-3-1024x683.webp 1024w, https:\/\/d2p6e6u75xmxt8.cloudfront.net\/13\/2021\/08\/potak-zeny-tilko-dres-3-768x512.webp 768w, https:\/\/d2p6e6u75xmxt8.cloudfront.net\/13\/2021\/08\/potak-zeny-tilko-dres-3-1536x1025.webp 1536w, https:\/\/d2p6e6u75xmxt8.cloudfront.net\/13\/2021\/08\/potak-zeny-tilko-dres-3-1920x1281.webp 1920w, https:\/\/d2p6e6u75xmxt8.cloudfront.net\/13\/2021\/08\/potak-zeny-tilko-dres-3-272x182.webp 272w, https:\/\/d2p6e6u75xmxt8.cloudfront.net\/13\/2021\/08\/potak-zeny-tilko-dres-3-1920x1281.webp 1920w\" width=\"1024\" height=\"683\" sizes=\"auto, (min-width: 1200px) 300px, (min-width: 768px) 25vw, 100vw\" alt=\"kdy-se-maji-zeny-zamerit-na-silovy-trenink\"\/><\/a><\/div>    <div class=\"entry-meta\">\n        <a class=\"label label-secondary post-category\" href=\"https:\/\/www.welovecycling.com\/cs\/category\/zeny\/\" title=\"\u017deny\">\u017deny<\/a>\n    <\/div>\n    <div class=\"entry-details\">\n        <a href=\"https:\/\/www.welovecycling.com\/cs\/2021\/11\/23\/kdy-se-maji-zeny-zamerit-na-silovy-trenink\/\" class='entry-title-wrapper'>\n            <h3 class=\"entry-title\"><span>Kdy se maj\u00ed \u017eeny zam\u011b\u0159it na silov\u00fd tr\u00e9nink?<\/span><\/h3>\n        <\/a>\n    <\/div>\n    <\/article>\n<\/div>\n<p>Za\u010d\u00e1tkem roku vzali fanou\u0161ci starost o \u017eenskou cyklistiku do sv\u00fdch rukou. P\u0159ed jednor\u00e1zovkou Strade Bianche spustili crowdfundingovou kampa\u0148. Italy ur\u010den\u00fdch 2256 eur pro v\u00edt\u011bzku bylo vysoko nad po\u017eadavkem Mezin\u00e1rodn\u00ed cyklistick\u00e9 federace UCI, ale po\u0159\u00e1d sm\u011b\u0161n\u011b n\u00edzko oproti 16 tis\u00edc\u016fm pro mu\u017esk\u00e9ho v\u00edt\u011bze. V kampani se za p\u011bt dn\u016f vybralo 30 tis\u00edc eur. A kdy\u017e na podzim Lizzie Deignanov\u00e1 vyhr\u00e1la prvn\u00ed ro\u010dn\u00edk \u017eensk\u00e9 verze Pa\u0159\u00ed\u017e-Roubaix, pr\u00e9mii do v\u00fd\u0161e t\u00e9 mu\u017esk\u00e9 j\u00ed doplatil jej\u00ed vlastn\u00ed t\u00fdm Trek-Segafredo.<\/p>\n<p>Stejn\u011b ale z glob\u00e1ln\u00edho pohledu na evoluci d\u00e1msk\u00e9 cyklistiky z\u016fst\u00e1v\u00e1 prioritou televizn\u00ed pokryt\u00ed. Aby potenci\u00e1ln\u00ed sponzor m\u011bl chu\u0165 investovat, a pak se vid\u011bt na obrazovce tak, jak to funguje dnes u mu\u017e\u016f. Jedno je ale jist\u00e9 \u2013 \u00fasp\u011bch \u010dehokoliv se skl\u00e1d\u00e1 z mnoha d\u00edlk\u016f. A pokud bude i jen jeden sch\u00e1zet, nikdy se ho nedo\u010dk\u00e1me.<\/p>\n","protected":false},"excerpt":{"rendered":"<p>Do jeho startu po\u0159\u00e1d zb\u00fdv\u00e1 \u010dtvrt roku, ale belgick\u00e1 jednor\u00e1zovka Nokere Koerse u\u017e te\u010f stihla naplnit titulky. Jarn\u00ed cyklistick\u00e1 semiklasika [&hellip;]<\/p>\n","protected":false},"author":138,"featured_media":13317,"comment_status":"open","ping_status":"open","sticky":false,"template":"","format":"standard","meta":{"footnotes":""},"categories":[5],"tags":[126,2078,2077,1366,168,330,9,1057,43],"global-categories":[411],"class_list":["post-15330","post","type-post","status-publish","format-standard","has-post-thumbnail","hentry","category-zeny","tag-cyklistika","tag-flanders-classics","tag-nokere-koerse","tag-omloop-het-nieuwsblad","tag-pariz-roubaix","tag-prize-money","tag-silnicni-cyklistika","tag-strade-bianche","tag-zeny","global-categories-cycling"],"yoast_head":"<!-- This site is optimized with the Yoast SEO Premium plugin v25.3 (Yoast SEO v25.9) - https:\/\/yoast.com\/wordpress\/plugins\/seo\/ -->\n<title>Pen\u00edze, nebo televize? Co je pro rozvoj \u017eensk\u00e9 cyklistiky d\u016fle\u017eit\u011bj\u0161\u00ed? | \u0160koda We Love Cycling - \u010cesk\u00e1 republika<\/title>\n<meta name=\"description\" content=\"Je spr\u00e1vn\u00e1 cesta, jak zajistit r\u016fst \u017eensk\u00e9 cyklistiky, nav\u00fd\u0161en\u00ed prize money? Nebo maj\u00ed b\u00fdt na prvn\u00edm m\u00edst\u011b televizn\u00ed pr\u00e1va?\" \/>\n<meta name=\"robots\" content=\"index, follow, max-snippet:-1, max-image-preview:large, max-video-preview:-1\" \/>\n<link rel=\"canonical\" href=\"https:\/\/www.welovecycling.com\/cs\/2021\/12\/08\/penize-nebo-televize-co-je-pro-rozvoj-zenske-cyklistiky-dulezitejsi\/\" \/>\n<meta property=\"og:locale\" content=\"cs_CZ\" \/>\n<meta property=\"og:type\" content=\"article\" \/>\n<meta property=\"og:title\" content=\"Pen\u00edze, nebo televize? Co je pro rozvoj \u017eensk\u00e9 cyklistiky d\u016fle\u017eit\u011bj\u0161\u00ed?\" \/>\n<meta property=\"og:description\" content=\"Je spr\u00e1vn\u00e1 cesta, jak zajistit r\u016fst \u017eensk\u00e9 cyklistiky, nav\u00fd\u0161en\u00ed prize money? Nebo maj\u00ed b\u00fdt na prvn\u00edm m\u00edst\u011b televizn\u00ed pr\u00e1va?\" \/>\n<meta property=\"og:url\" content=\"https:\/\/www.welovecycling.com\/cs\/2021\/12\/08\/penize-nebo-televize-co-je-pro-rozvoj-zenske-cyklistiky-dulezitejsi\/\" \/>\n<meta property=\"og:site_name\" content=\"\u0160koda We Love Cycling - \u010cesk\u00e1 republika\" \/>\n<meta property=\"article:published_time\" content=\"2021-12-08T17:00:16+00:00\" \/>\n<meta property=\"og:image\" content=\"https:\/\/d2p6e6u75xmxt8.cloudfront.net\/13\/2021\/06\/zeny-banovce-nad-bebravou.webp\" \/>\n\t<meta property=\"og:image:width\" content=\"1920\" \/>\n\t<meta property=\"og:image:height\" content=\"1280\" \/>\n\t<meta property=\"og:image:type\" content=\"image\/webp\" \/>\n<meta name=\"author\" content=\"radekmalina\" \/>\n<meta name=\"twitter:card\" content=\"summary_large_image\" \/>\n<meta name=\"twitter:label1\" content=\"Written by\" \/>\n\t<meta name=\"twitter:data1\" content=\"Vojt\u011bch Ha\u010deck\u00fd\" \/>\n\t<meta name=\"twitter:label2\" content=\"Est. reading time\" \/>\n\t<meta name=\"twitter:data2\" content=\"5\" \/>\n<script type=\"application\/ld+json\" class=\"yoast-schema-graph\">{\"@context\":\"https:\/\/schema.org\",\"@graph\":[{\"@type\":\"WebPage\",\"@id\":\"https:\/\/www.welovecycling.com\/cs\/2021\/12\/08\/penize-nebo-televize-co-je-pro-rozvoj-zenske-cyklistiky-dulezitejsi\/\",\"url\":\"https:\/\/www.welovecycling.com\/cs\/2021\/12\/08\/penize-nebo-televize-co-je-pro-rozvoj-zenske-cyklistiky-dulezitejsi\/\",\"name\":\"Pen\u00edze, nebo televize? Co je pro rozvoj \u017eensk\u00e9 cyklistiky d\u016fle\u017eit\u011bj\u0161\u00ed? | \u0160koda We Love Cycling - \u010cesk\u00e1 republika\",\"isPartOf\":{\"@id\":\"https:\/\/www.welovecycling.com\/cs\/#website\"},\"primaryImageOfPage\":{\"@id\":\"https:\/\/www.welovecycling.com\/cs\/2021\/12\/08\/penize-nebo-televize-co-je-pro-rozvoj-zenske-cyklistiky-dulezitejsi\/#primaryimage\"},\"image\":{\"@id\":\"https:\/\/www.welovecycling.com\/cs\/2021\/12\/08\/penize-nebo-televize-co-je-pro-rozvoj-zenske-cyklistiky-dulezitejsi\/#primaryimage\"},\"thumbnailUrl\":\"https:\/\/d2p6e6u75xmxt8.cloudfront.net\/13\/2021\/06\/zeny-banovce-nad-bebravou.webp\",\"datePublished\":\"2021-12-08T17:00:16+00:00\",\"author\":{\"@id\":\"https:\/\/www.welovecycling.com\/cs\/#\/schema\/person\/d9eeb0a378f3a7e4a6d12d2b536b04b8\"},\"description\":\"Je spr\u00e1vn\u00e1 cesta, jak zajistit r\u016fst \u017eensk\u00e9 cyklistiky, nav\u00fd\u0161en\u00ed prize money? Nebo maj\u00ed b\u00fdt na prvn\u00edm m\u00edst\u011b televizn\u00ed pr\u00e1va?\",\"inLanguage\":\"cs\",\"potentialAction\":[{\"@type\":\"ReadAction\",\"target\":[\"https:\/\/www.welovecycling.com\/cs\/2021\/12\/08\/penize-nebo-televize-co-je-pro-rozvoj-zenske-cyklistiky-dulezitejsi\/\"]}]},{\"@type\":\"ImageObject\",\"inLanguage\":\"cs\",\"@id\":\"https:\/\/www.welovecycling.com\/cs\/2021\/12\/08\/penize-nebo-televize-co-je-pro-rozvoj-zenske-cyklistiky-dulezitejsi\/#primaryimage\",\"url\":\"https:\/\/d2p6e6u75xmxt8.cloudfront.net\/13\/2021\/06\/zeny-banovce-nad-bebravou.webp\",\"contentUrl\":\"https:\/\/d2p6e6u75xmxt8.cloudfront.net\/13\/2021\/06\/zeny-banovce-nad-bebravou.webp\",\"width\":1920,\"height\":1280},{\"@type\":\"WebSite\",\"@id\":\"https:\/\/www.welovecycling.com\/cs\/#website\",\"url\":\"https:\/\/www.welovecycling.com\/cs\/\",\"name\":\"\u0160koda We Love Cycling - \u010cesk\u00e1 republika\",\"description\":\"WeLoveCycling.cz je online magaz\u00edn, kter\u00fd v\u00e1m pravideln\u011b p\u0159in\u00e1\u0161\u00ed rady a tipy, zaj\u00edmav\u00e9 \u010dl\u00e1nky, videa a jedine\u010dn\u00e9 report\u00e1\u017ee ze sv\u011bta cyklistiky.\",\"potentialAction\":[{\"@type\":\"SearchAction\",\"target\":{\"@type\":\"EntryPoint\",\"urlTemplate\":\"https:\/\/www.welovecycling.com\/cs\/?s={search_term_string}\"},\"query-input\":{\"@type\":\"PropertyValueSpecification\",\"valueRequired\":true,\"valueName\":\"search_term_string\"}}],\"inLanguage\":\"cs\"},{\"@type\":\"Person\",\"@id\":\"https:\/\/www.welovecycling.com\/cs\/#\/schema\/person\/d9eeb0a378f3a7e4a6d12d2b536b04b8\",\"name\":\"radekmalina\",\"image\":{\"@type\":\"ImageObject\",\"inLanguage\":\"cs\",\"@id\":\"https:\/\/www.welovecycling.com\/cs\/#\/schema\/person\/image\/\",\"url\":\"https:\/\/secure.gravatar.com\/avatar\/66994b632cb8c39a46b9f54afa3ae07201b678d32a54275b6f1c9ffec356bfc0?s=96&d=mm&r=g\",\"contentUrl\":\"https:\/\/secure.gravatar.com\/avatar\/66994b632cb8c39a46b9f54afa3ae07201b678d32a54275b6f1c9ffec356bfc0?s=96&d=mm&r=g\",\"caption\":\"radekmalina\"},\"url\":\"https:\/\/www.welovecycling.com\/cs\/author\/radekmalina\/\"}]}<\/script>\n<!-- \/ Yoast SEO Premium plugin. -->","yoast_head_json":{"title":"Pen\u00edze, nebo televize? Co je pro rozvoj \u017eensk\u00e9 cyklistiky d\u016fle\u017eit\u011bj\u0161\u00ed? | \u0160koda We Love Cycling - \u010cesk\u00e1 republika","description":"Je spr\u00e1vn\u00e1 cesta, jak zajistit r\u016fst \u017eensk\u00e9 cyklistiky, nav\u00fd\u0161en\u00ed prize money? Nebo maj\u00ed b\u00fdt na prvn\u00edm m\u00edst\u011b televizn\u00ed pr\u00e1va?","robots":{"index":"index","follow":"follow","max-snippet":"max-snippet:-1","max-image-preview":"max-image-preview:large","max-video-preview":"max-video-preview:-1"},"canonical":"https:\/\/www.welovecycling.com\/cs\/2021\/12\/08\/penize-nebo-televize-co-je-pro-rozvoj-zenske-cyklistiky-dulezitejsi\/","og_locale":"cs_CZ","og_type":"article","og_title":"Pen\u00edze, nebo televize? Co je pro rozvoj \u017eensk\u00e9 cyklistiky d\u016fle\u017eit\u011bj\u0161\u00ed?","og_description":"Je spr\u00e1vn\u00e1 cesta, jak zajistit r\u016fst \u017eensk\u00e9 cyklistiky, nav\u00fd\u0161en\u00ed prize money? Nebo maj\u00ed b\u00fdt na prvn\u00edm m\u00edst\u011b televizn\u00ed pr\u00e1va?","og_url":"https:\/\/www.welovecycling.com\/cs\/2021\/12\/08\/penize-nebo-televize-co-je-pro-rozvoj-zenske-cyklistiky-dulezitejsi\/","og_site_name":"\u0160koda We Love Cycling - \u010cesk\u00e1 republika","article_published_time":"2021-12-08T17:00:16+00:00","og_image":[{"width":1920,"height":1280,"url":"https:\/\/d2p6e6u75xmxt8.cloudfront.net\/13\/2021\/06\/zeny-banovce-nad-bebravou.webp","type":"image\/webp"}],"author":"radekmalina","twitter_card":"summary_large_image","twitter_misc":{"Written by":"Vojt\u011bch Ha\u010deck\u00fd","Est. reading time":"5"},"schema":{"@context":"https:\/\/schema.org","@graph":[{"@type":"WebPage","@id":"https:\/\/www.welovecycling.com\/cs\/2021\/12\/08\/penize-nebo-televize-co-je-pro-rozvoj-zenske-cyklistiky-dulezitejsi\/","url":"https:\/\/www.welovecycling.com\/cs\/2021\/12\/08\/penize-nebo-televize-co-je-pro-rozvoj-zenske-cyklistiky-dulezitejsi\/","name":"Pen\u00edze, nebo televize? Co je pro rozvoj \u017eensk\u00e9 cyklistiky d\u016fle\u017eit\u011bj\u0161\u00ed? | \u0160koda We Love Cycling - \u010cesk\u00e1 republika","isPartOf":{"@id":"https:\/\/www.welovecycling.com\/cs\/#website"},"primaryImageOfPage":{"@id":"https:\/\/www.welovecycling.com\/cs\/2021\/12\/08\/penize-nebo-televize-co-je-pro-rozvoj-zenske-cyklistiky-dulezitejsi\/#primaryimage"},"image":{"@id":"https:\/\/www.welovecycling.com\/cs\/2021\/12\/08\/penize-nebo-televize-co-je-pro-rozvoj-zenske-cyklistiky-dulezitejsi\/#primaryimage"},"thumbnailUrl":"https:\/\/d2p6e6u75xmxt8.cloudfront.net\/13\/2021\/06\/zeny-banovce-nad-bebravou.webp","datePublished":"2021-12-08T17:00:16+00:00","author":{"@id":"https:\/\/www.welovecycling.com\/cs\/#\/schema\/person\/d9eeb0a378f3a7e4a6d12d2b536b04b8"},"description":"Je spr\u00e1vn\u00e1 cesta, jak zajistit r\u016fst \u017eensk\u00e9 cyklistiky, nav\u00fd\u0161en\u00ed prize money? Nebo maj\u00ed b\u00fdt na prvn\u00edm m\u00edst\u011b televizn\u00ed pr\u00e1va?","inLanguage":"cs","potentialAction":[{"@type":"ReadAction","target":["https:\/\/www.welovecycling.com\/cs\/2021\/12\/08\/penize-nebo-televize-co-je-pro-rozvoj-zenske-cyklistiky-dulezitejsi\/"]}]},{"@type":"ImageObject","inLanguage":"cs","@id":"https:\/\/www.welovecycling.com\/cs\/2021\/12\/08\/penize-nebo-televize-co-je-pro-rozvoj-zenske-cyklistiky-dulezitejsi\/#primaryimage","url":"https:\/\/d2p6e6u75xmxt8.cloudfront.net\/13\/2021\/06\/zeny-banovce-nad-bebravou.webp","contentUrl":"https:\/\/d2p6e6u75xmxt8.cloudfront.net\/13\/2021\/06\/zeny-banovce-nad-bebravou.webp","width":1920,"height":1280},{"@type":"WebSite","@id":"https:\/\/www.welovecycling.com\/cs\/#website","url":"https:\/\/www.welovecycling.com\/cs\/","name":"\u0160koda We Love Cycling - \u010cesk\u00e1 republika","description":"WeLoveCycling.cz je online magaz\u00edn, kter\u00fd v\u00e1m pravideln\u011b p\u0159in\u00e1\u0161\u00ed rady a tipy, zaj\u00edmav\u00e9 \u010dl\u00e1nky, videa a jedine\u010dn\u00e9 report\u00e1\u017ee ze sv\u011bta cyklistiky.","potentialAction":[{"@type":"SearchAction","target":{"@type":"EntryPoint","urlTemplate":"https:\/\/www.welovecycling.com\/cs\/?s={search_term_string}"},"query-input":{"@type":"PropertyValueSpecification","valueRequired":true,"valueName":"search_term_string"}}],"inLanguage":"cs"},{"@type":"Person","@id":"https:\/\/www.welovecycling.com\/cs\/#\/schema\/person\/d9eeb0a378f3a7e4a6d12d2b536b04b8","name":"radekmalina","image":{"@type":"ImageObject","inLanguage":"cs","@id":"https:\/\/www.welovecycling.com\/cs\/#\/schema\/person\/image\/","url":"https:\/\/secure.gravatar.com\/avatar\/66994b632cb8c39a46b9f54afa3ae07201b678d32a54275b6f1c9ffec356bfc0?s=96&d=mm&r=g","contentUrl":"https:\/\/secure.gravatar.com\/avatar\/66994b632cb8c39a46b9f54afa3ae07201b678d32a54275b6f1c9ffec356bfc0?s=96&d=mm&r=g","caption":"radekmalina"},"url":"https:\/\/www.welovecycling.com\/cs\/author\/radekmalina\/"}]}},"_links":{"self":[{"href":"https:\/\/www.welovecycling.com\/cs\/wp-json\/wp\/v2\/posts\/15330","targetHints":{"allow":["GET"]}}],"collection":[{"href":"https:\/\/www.welovecycling.com\/cs\/wp-json\/wp\/v2\/posts"}],"about":[{"href":"https:\/\/www.welovecycling.com\/cs\/wp-json\/wp\/v2\/types\/post"}],"author":[{"embeddable":true,"href":"https:\/\/www.welovecycling.com\/cs\/wp-json\/wp\/v2\/users\/138"}],"replies":[{"embeddable":true,"href":"https:\/\/www.welovecycling.com\/cs\/wp-json\/wp\/v2\/comments?post=15330"}],"version-history":[{"count":2,"href":"https:\/\/www.welovecycling.com\/cs\/wp-json\/wp\/v2\/posts\/15330\/revisions"}],"predecessor-version":[{"id":15390,"href":"https:\/\/www.welovecycling.com\/cs\/wp-json\/wp\/v2\/posts\/15330\/revisions\/15390"}],"wp:featuredmedia":[{"embeddable":true,"href":"https:\/\/www.welovecycling.com\/cs\/wp-json\/wp\/v2\/media\/13317"}],"wp:attachment":[{"href":"https:\/\/www.welovecycling.com\/cs\/wp-json\/wp\/v2\/media?parent=15330"}],"wp:term":[{"taxonomy":"category","embeddable":true,"href":"https:\/\/www.welovecycling.com\/cs\/wp-json\/wp\/v2\/categories?post=15330"},{"taxonomy":"post_tag","embeddable":true,"href":"https:\/\/www.welovecycling.com\/cs\/wp-json\/wp\/v2\/tags?post=15330"},{"taxonomy":"global-categories","embeddable":true,"href":"https:\/\/www.welovecycling.com\/cs\/wp-json\/wp\/v2\/global-categories?post=15330"}],"curies":[{"name":"wp","href":"https:\/\/api.w.org\/{rel}","templated":true}]}}