{"id":15148,"date":"2021-11-15T06:00:40","date_gmt":"2021-11-15T04:00:40","guid":{"rendered":"https:\/\/www.welovecycling.com\/cs\/?p=15148"},"modified":"2021-11-14T23:49:36","modified_gmt":"2021-11-14T21:49:36","slug":"fotoreportaz-bitva-v-tabore","status":"publish","type":"post","link":"https:\/\/www.welovecycling.com\/cs\/2021\/11\/15\/fotoreportaz-bitva-v-tabore\/","title":{"rendered":"FOTOREPORT\u00c1\u017d: Cyklokrosu v T\u00e1bo\u0159e vl\u00e1dli Nizozemci, oslnila Hlad\u00edkov\u00e1"},"content":{"rendered":"<p>Nizozemsk\u00e1 dominance! \u0160est\u00fd d\u00edl sv\u011btov\u00e9ho poh\u00e1ru v cyklokrosu v T\u00e1bo\u0159e tvo\u0159ilo druhou listopadovou ned\u011bli p\u011bt z\u00e1vod\u016f. \u010cty\u0159i z nich ovl\u00e1dli z\u00e1vodn\u00edci z Nizozemska. \u010ceskou trikoloru dovezla nejv\u00fd\u0161e Kate\u0159ina Hlad\u00edkov\u00e1, kter\u00e1 mezi juniorkami fini\u0161ovala \u010dtvrt\u00e1.<\/p>\n<p>Lars van der Haar dominoval mezi mu\u017eskou elitou, Lucinda Brand ovl\u00e1dla z\u00e1vod nejlep\u0161\u00edch \u017een, t\u0159iadvac\u00edtk\u00e1\u0159\u016fm kraloval Mess Hendrikx, juniorskou kategorii opanoval David Haverdings a pouze mezi juniorkami byla v\u00edt\u011bzka z\u00a0jin\u00e9 zem\u011b. Slavila britsk\u00e1 reprezentantka Zoe Backstedt.<\/p>\n<p>\u010cesk\u00e1 reprezentace slavila pouze jedin\u00e9 um\u00edst\u011bn\u00ed v elitn\u00ed des\u00edtce, kter\u00e9 vybojovala juniorka Kate\u0159ina Hlad\u00edkov\u00e1.<\/p>\n<p><a href=\"https:\/\/d2p6e6u75xmxt8.cloudfront.net\/13\/2021\/11\/sp-tabor_2021_003.jpg\"><img loading=\"lazy\" decoding=\"async\" class=\"alignnone size-full wp-image-15151\" src=\"https:\/\/d2p6e6u75xmxt8.cloudfront.net\/13\/2021\/11\/sp-tabor_2021_003.jpg\" alt=\"\" width=\"1600\" height=\"1067\" \/><\/a><\/p>\n<p>Podpora fanou\u0161k\u016f pro dom\u00e1c\u00ed reprezentanty p\u0159i sv\u011btov\u00e9m poh\u00e1ru v cyklokrosu v T\u00e1bo\u0159e byla a\u017e hmatateln\u00e1.<\/p>\n<p><a href=\"https:\/\/d2p6e6u75xmxt8.cloudfront.net\/13\/2021\/11\/sp-tabor_2021_004.jpg\"><img loading=\"lazy\" decoding=\"async\" class=\"alignnone size-full wp-image-15152\" src=\"https:\/\/d2p6e6u75xmxt8.cloudfront.net\/13\/2021\/11\/sp-tabor_2021_004.jpg\" alt=\"\" width=\"1600\" height=\"1067\" \/><\/a><\/p>\n<p>Junior &#8222;prvoro\u010d\u00e1k&#8220; V\u00e1clav Je\u017eek skon\u010dil na 16. m\u00edst\u011b. Gratuluje mu jeho otec a tren\u00e9r, b\u00fdval\u00fd \u0161pi\u010dkov\u00fd cyklokrosa\u0159 a biker V\u00e1clav Je\u017eek star\u0161\u00ed.<\/p>\n<p><a href=\"https:\/\/d2p6e6u75xmxt8.cloudfront.net\/13\/2021\/11\/sp-tabor_2021_005.jpg\"><img loading=\"lazy\" decoding=\"async\" class=\"alignnone size-full wp-image-15153\" src=\"https:\/\/d2p6e6u75xmxt8.cloudfront.net\/13\/2021\/11\/sp-tabor_2021_005.jpg\" alt=\"\" width=\"1600\" height=\"1067\" \/><\/a><\/p>\n<p>Britka Zoe Backstedt je vych\u00e1zej\u00edc\u00ed hv\u011bzdou cyklistiky. Teprve sedmn\u00e1ctilet\u00e1 juniorka letos vybojovala t\u0159i tituly mistryn\u011b Evropy na dr\u00e1ze, pak titul mistryn\u011b sv\u011bta v silni\u010dn\u00edm z\u00e1vod\u011b a st\u0159\u00edbro v \u010dasovce. A te\u010f za\u010d\u00edn\u00e1 \u00fa\u0159adovat i v cyklokrosu! P\u0159ed p\u00e1r dny se stala se mistryn\u00ed Evropy a po v\u00edt\u011bzstv\u00ed v T\u00e1bo\u0159e vede sv\u011btov\u00fd poh\u00e1r&#8230;<\/p>\n<p><a href=\"https:\/\/d2p6e6u75xmxt8.cloudfront.net\/13\/2021\/11\/sp-tabor_2021_006.jpg\"><img loading=\"lazy\" decoding=\"async\" class=\"alignnone size-full wp-image-15154\" src=\"https:\/\/d2p6e6u75xmxt8.cloudfront.net\/13\/2021\/11\/sp-tabor_2021_006.jpg\" alt=\"\" width=\"1600\" height=\"1067\" \/><\/a><\/p>\n<p>\u010cesk\u00e1 juniorka Kate\u0159ina Hlad\u00edkov\u00e1 zajela fantastick\u00fd z\u00e1vod a byla velk\u00fdm \u010desk\u00fdm p\u0159ekvapen\u00edm. Ve spurtu bojovala o t\u0159et\u00ed m\u00edsto&#8230;<\/p>\n<p><a href=\"https:\/\/d2p6e6u75xmxt8.cloudfront.net\/13\/2021\/11\/sp-tabor_2021_007.jpg\"><img loading=\"lazy\" decoding=\"async\" class=\"alignnone size-full wp-image-15155\" src=\"https:\/\/d2p6e6u75xmxt8.cloudfront.net\/13\/2021\/11\/sp-tabor_2021_007.jpg\" alt=\"\" width=\"1600\" height=\"1067\" \/><\/a><\/p>\n<p>Je to sen? Kate\u0159ina Hlad\u00edkov\u00e1 skon\u010dila v z\u00e1vod\u011b juniorek t\u011bsn\u011b \u010dtvrt\u00e1.<\/p>\n<h2><strong>Lucinda Brand a jej\u00ed duhov\u00e9 tretry<\/strong><\/h2>\n<p><a href=\"https:\/\/d2p6e6u75xmxt8.cloudfront.net\/13\/2021\/11\/sp-tabor_2021_008.jpg\"><img loading=\"lazy\" decoding=\"async\" class=\"alignnone size-full wp-image-15156\" src=\"https:\/\/d2p6e6u75xmxt8.cloudfront.net\/13\/2021\/11\/sp-tabor_2021_008.jpg\" alt=\"\" width=\"1600\" height=\"1067\" \/><\/a><\/p>\n<p>Mistryn\u011b sv\u011bta Lucinda Brand vyj\u00ed\u017ed\u00ed do boje p\u0159i \u0161est\u00e9m d\u011bjstv\u00ed sv\u011btov\u00e9ho poh\u00e1ru na jihu \u010cech&#8230;<\/p>\n<p><a href=\"https:\/\/d2p6e6u75xmxt8.cloudfront.net\/13\/2021\/11\/sp-tabor_2021_009.jpg\"><img loading=\"lazy\" decoding=\"async\" class=\"alignnone size-full wp-image-15157\" src=\"https:\/\/d2p6e6u75xmxt8.cloudfront.net\/13\/2021\/11\/sp-tabor_2021_009.jpg\" alt=\"\" width=\"1600\" height=\"1067\" \/><\/a><\/p>\n<p>Dod\u00e1vka a kbel\u00edk. To jsou symboly ko\u010dovn\u00e9ho \u017eivota cyklokrosa\u0159\u016f.<\/p>\n<p><a href=\"https:\/\/d2p6e6u75xmxt8.cloudfront.net\/13\/2021\/11\/sp-tabor_2021_010.jpg\"><img loading=\"lazy\" decoding=\"async\" class=\"alignnone size-full wp-image-15158\" src=\"https:\/\/d2p6e6u75xmxt8.cloudfront.net\/13\/2021\/11\/sp-tabor_2021_010.jpg\" alt=\"\" width=\"1600\" height=\"1067\" \/><\/a><\/p>\n<p>Mistr sv\u011bta do 23 let Pim Ronhaar sk\u00e1\u010de ob\u00e1van\u00e9 t\u00e1borsk\u00e9 p\u0159ek\u00e1\u017eky.<\/p>\n<p><a href=\"https:\/\/d2p6e6u75xmxt8.cloudfront.net\/13\/2021\/11\/sp-tabor_2021_011.jpg\"><img loading=\"lazy\" decoding=\"async\" class=\"alignnone size-full wp-image-15159\" src=\"https:\/\/d2p6e6u75xmxt8.cloudfront.net\/13\/2021\/11\/sp-tabor_2021_011.jpg\" alt=\"\" width=\"1600\" height=\"1067\" \/><\/a><\/p>\n<p>Nizozemsk\u00fd t\u0159iadvac\u00edtk\u00e1\u0159 Ryan Kamp opravdu bojoval a\u017e do c\u00edle. Nakonec skon\u010dil druh\u00fd o pouh\u00e9 dv\u011b vte\u0159iny za sv\u00fdm reprezenta\u010dn\u00edm kolegou Meesem Hendrikxsem.<\/p>\n<p><a href=\"https:\/\/d2p6e6u75xmxt8.cloudfront.net\/13\/2021\/11\/sp-tabor_2021_013.jpg\"><img loading=\"lazy\" decoding=\"async\" class=\"alignnone size-full wp-image-15161\" src=\"https:\/\/d2p6e6u75xmxt8.cloudfront.net\/13\/2021\/11\/sp-tabor_2021_013.jpg\" alt=\"\" width=\"1600\" height=\"1067\" \/><\/a><\/p>\n<p>Maxim\u00e1ln\u00ed soust\u0159ed\u011bn\u00ed patn\u00e1ct vte\u0159in p\u0159ed startem z\u00e1vodu \u017een.<\/p>\n<p><a href=\"https:\/\/d2p6e6u75xmxt8.cloudfront.net\/13\/2021\/11\/sp-tabor_2021_015.jpg\"><img loading=\"lazy\" decoding=\"async\" class=\"alignnone size-full wp-image-15163\" src=\"https:\/\/d2p6e6u75xmxt8.cloudfront.net\/13\/2021\/11\/sp-tabor_2021_015.jpg\" alt=\"\" width=\"1600\" height=\"1067\" \/><\/a><\/p>\n<p>Mlad\u00e1 nizozemsk\u00e1 z\u00e1vodnice Puck Pieterse byla jedinou \u017eenou, kter\u00e1 dok\u00e1zala p\u0159esko\u010dit p\u0159ek\u00e1\u017eky v sedle sv\u00e9ho kola a v\u00fdrazn\u011b ji to p\u0159ibli\u017eovalo k v\u00edt\u011bzstv\u00ed. Nakonec m\u011bla radost ze druh\u00e9ho m\u00edsta a triumfu mezi soupe\u0159kami do 23 let.<\/p>\n<p><a href=\"https:\/\/d2p6e6u75xmxt8.cloudfront.net\/13\/2021\/11\/sp-tabor_2021_016.jpg\"><img loading=\"lazy\" decoding=\"async\" class=\"alignnone size-full wp-image-15164\" src=\"https:\/\/d2p6e6u75xmxt8.cloudfront.net\/13\/2021\/11\/sp-tabor_2021_016.jpg\" alt=\"\" width=\"1600\" height=\"1067\" \/><\/a><\/p>\n<p>Lucinda Brand slav\u00ed v\u00edt\u011bzstv\u00ed v \u017eensk\u00e9m z\u00e1vod\u011b.<\/p>\n<p><a href=\"https:\/\/d2p6e6u75xmxt8.cloudfront.net\/13\/2021\/11\/sp-tabor_2021_017.jpg\"><img loading=\"lazy\" decoding=\"async\" class=\"alignnone size-full wp-image-15165\" src=\"https:\/\/d2p6e6u75xmxt8.cloudfront.net\/13\/2021\/11\/sp-tabor_2021_017.jpg\" alt=\"\" width=\"1600\" height=\"1066\" \/><\/a><\/p>\n<p>Nejlep\u0161\u00ed \u010desk\u00e1 reprezentantka Krist\u00fdna Zemanov\u00e1 dojela v T\u00e1bo\u0159e na dvac\u00e1t\u00e9m m\u00edst\u011b.<\/p>\n<p><a href=\"https:\/\/d2p6e6u75xmxt8.cloudfront.net\/13\/2021\/11\/sp-tabor_2021_018.jpg\"><img loading=\"lazy\" decoding=\"async\" class=\"alignnone size-full wp-image-15166\" src=\"https:\/\/d2p6e6u75xmxt8.cloudfront.net\/13\/2021\/11\/sp-tabor_2021_018.jpg\" alt=\"\" width=\"1600\" height=\"1067\" \/><\/a><\/p>\n<p>Start elitn\u00edho z\u00e1vodu mu\u017e\u016f p\u0159i \u0161est\u00e9m pokra\u010dov\u00e1n\u00ed SP v T\u00e1bo\u0159e.<\/p>\n<h2><strong>Mathieu van der Poel nestartoval, dorazil jen bratr David<\/strong><\/h2>\n<p><a href=\"https:\/\/d2p6e6u75xmxt8.cloudfront.net\/13\/2021\/11\/sp-tabor_2021_020.jpg\"><img loading=\"lazy\" decoding=\"async\" class=\"alignnone size-full wp-image-15168\" src=\"https:\/\/d2p6e6u75xmxt8.cloudfront.net\/13\/2021\/11\/sp-tabor_2021_020.jpg\" alt=\"\" width=\"1600\" height=\"1067\" \/><\/a><\/p>\n<p>David van der Poel zdol\u00e1v\u00e1 t\u00e1borsk\u00e9 schody. Jeho mlad\u0161\u00ed a slavn\u011bj\u0161\u00ed bratr Mathieu do T\u00e1bora letos bohu\u017eel nedorazil. Do cyklokrosu se pust\u00ed a\u017e v prosinci.<\/p>\n<p><a href=\"https:\/\/d2p6e6u75xmxt8.cloudfront.net\/13\/2021\/11\/sp-tabor_2021_021.jpg\"><img loading=\"lazy\" decoding=\"async\" class=\"alignnone size-full wp-image-15169\" src=\"https:\/\/d2p6e6u75xmxt8.cloudfront.net\/13\/2021\/11\/sp-tabor_2021_021.jpg\" alt=\"\" width=\"1600\" height=\"1067\" \/><\/a><\/p>\n<p>\u010cesk\u00fd \u0161ampion a dom\u00e1c\u00ed z\u00e1vodn\u00edk Michael Boro\u0161 skon\u010dil na 18. m\u00edst\u011b<\/p>\n<p><a href=\"https:\/\/d2p6e6u75xmxt8.cloudfront.net\/13\/2021\/11\/sp-tabor_2021_022.jpg\"><img loading=\"lazy\" decoding=\"async\" class=\"alignnone size-full wp-image-15170\" src=\"https:\/\/d2p6e6u75xmxt8.cloudfront.net\/13\/2021\/11\/sp-tabor_2021_022.jpg\" alt=\"\" width=\"1600\" height=\"842\" \/><\/a><\/p>\n<p>Belgicko-nizozemsk\u00fd souboj o v\u00edt\u011bzstv\u00ed mezi Eli Iserbytem a Larsem van der Haarem (vpravo).<\/p>\n<p><a href=\"https:\/\/d2p6e6u75xmxt8.cloudfront.net\/13\/2021\/11\/sp-tabor_2021_023.jpg\"><img loading=\"lazy\" decoding=\"async\" class=\"alignnone size-full wp-image-15171\" src=\"https:\/\/d2p6e6u75xmxt8.cloudfront.net\/13\/2021\/11\/sp-tabor_2021_023.jpg\" alt=\"\" width=\"1600\" height=\"1067\" \/><\/a><\/p>\n<p>Lars van der Haar v\u00edt\u011bz\u00ed p\u0159i Sv\u011btov\u00e9m poh\u00e1ru v T\u00e1bo\u0159e.<\/p>\n<p><a href=\"https:\/\/d2p6e6u75xmxt8.cloudfront.net\/13\/2021\/11\/sp-tabor_2021_024.jpg\"><img loading=\"lazy\" decoding=\"async\" class=\"alignnone size-full wp-image-15172\" src=\"https:\/\/d2p6e6u75xmxt8.cloudfront.net\/13\/2021\/11\/sp-tabor_2021_024.jpg\" alt=\"\" width=\"1600\" height=\"1067\" \/><\/a>Pavla Havl\u00edkov\u00e1 se lou\u010d\u00ed se sv\u011btov\u00fdm poh\u00e1rem. T\u00e1bor pro ni p\u0159edstavoval v osmat\u0159iceti letech te\u010dku za bitvami mezi elitou.<\/p>\n","protected":false},"excerpt":{"rendered":"<p>Nizozemsk\u00e1 dominance! \u0160est\u00fd d\u00edl sv\u011btov\u00e9ho poh\u00e1ru v cyklokrosu v T\u00e1bo\u0159e tvo\u0159ilo druhou listopadovou ned\u011bli p\u011bt z\u00e1vod\u016f. \u010cty\u0159i z nich ovl\u00e1dli [&hellip;]<\/p>\n","protected":false},"author":138,"featured_media":15155,"comment_status":"open","ping_status":"open","sticky":false,"template":"","format":"standard","meta":{"footnotes":""},"categories":[1303],"tags":[126,723,2019,2030,2022,2026,2027,2023,1311,2028,2024,2025,2029,1300,2020,2021],"global-categories":[411],"class_list":["post-15148","post","type-post","status-publish","format-standard","has-post-thumbnail","hentry","category-cyklokros","tag-cyklistika","tag-cyklokros","tag-david-van-der-poel","tag-eli-iserbyt","tag-katerina-hladikova","tag-kristyna-zemanova","tag-lars-van-der-haar","tag-lucinda-brand","tag-michael-boros","tag-pavla-havlikova","tag-pim-ronhaar","tag-puck-pieterse","tag-sp-v-cyklokrosu-v-tabore-2021","tag-svetovy-pohar-v-cyklokrosu","tag-vaclav-jezek","tag-zoe-backstedt","global-categories-cycling"],"yoast_head":"<!-- This site is optimized with the Yoast SEO Premium plugin v25.3 (Yoast SEO v25.9) - https:\/\/yoast.com\/wordpress\/plugins\/seo\/ -->\n<title>FOTOREPORT\u00c1\u017d: Cyklokrosu v T\u00e1bo\u0159e vl\u00e1dli Nizozemci, oslnila Hlad\u00edkov\u00e1 | \u0160koda We Love Cycling - \u010cesk\u00e1 republika<\/title>\n<meta name=\"description\" content=\"Sv\u011btov\u00fd poh\u00e1r v cyklokrosu v T\u00e1bo\u0159e 2021 p\u0159inesl dramatick\u00e9 bitvy. Nejlep\u0161\u00ed \u010desk\u00fd v\u00fdsledek vyd\u0159ela Kate\u0159ina Hlad\u00edkov\u00e1, kter\u00e1 dojela \u010dtvrt\u00e1.\" \/>\n<meta name=\"robots\" content=\"index, follow, max-snippet:-1, max-image-preview:large, max-video-preview:-1\" \/>\n<link rel=\"canonical\" href=\"https:\/\/www.welovecycling.com\/cs\/2021\/11\/15\/fotoreportaz-bitva-v-tabore\/\" \/>\n<meta property=\"og:locale\" content=\"cs_CZ\" \/>\n<meta property=\"og:type\" content=\"article\" \/>\n<meta property=\"og:title\" content=\"FOTOREPORT\u00c1\u017d: Cyklokrosu v T\u00e1bo\u0159e vl\u00e1dli Nizozemci, oslnila Hlad\u00edkov\u00e1\" \/>\n<meta property=\"og:description\" content=\"Sv\u011btov\u00fd poh\u00e1r v cyklokrosu v T\u00e1bo\u0159e 2021 p\u0159inesl dramatick\u00e9 bitvy. Nejlep\u0161\u00ed \u010desk\u00fd v\u00fdsledek vyd\u0159ela Kate\u0159ina Hlad\u00edkov\u00e1, kter\u00e1 dojela \u010dtvrt\u00e1.\" \/>\n<meta property=\"og:url\" content=\"https:\/\/www.welovecycling.com\/cs\/2021\/11\/15\/fotoreportaz-bitva-v-tabore\/\" \/>\n<meta property=\"og:site_name\" content=\"\u0160koda We Love Cycling - \u010cesk\u00e1 republika\" \/>\n<meta property=\"article:published_time\" content=\"2021-11-15T04:00:40+00:00\" \/>\n<meta property=\"og:image\" content=\"https:\/\/d2p6e6u75xmxt8.cloudfront.net\/13\/2021\/11\/sp-tabor_2021_007.webp\" \/>\n\t<meta property=\"og:image:width\" content=\"1600\" \/>\n\t<meta property=\"og:image:height\" content=\"1067\" \/>\n\t<meta property=\"og:image:type\" content=\"image\/webp\" \/>\n<meta name=\"author\" content=\"radekmalina\" \/>\n<meta name=\"twitter:card\" content=\"summary_large_image\" \/>\n<meta name=\"twitter:label1\" content=\"Written by\" \/>\n\t<meta name=\"twitter:data1\" content=\"Michal \u010cerven\u00fd\" \/>\n\t<meta name=\"twitter:label2\" content=\"Est. reading time\" \/>\n\t<meta name=\"twitter:data2\" content=\"5\" \/>\n<script type=\"application\/ld+json\" class=\"yoast-schema-graph\">{\"@context\":\"https:\/\/schema.org\",\"@graph\":[{\"@type\":\"WebPage\",\"@id\":\"https:\/\/www.welovecycling.com\/cs\/2021\/11\/15\/fotoreportaz-bitva-v-tabore\/\",\"url\":\"https:\/\/www.welovecycling.com\/cs\/2021\/11\/15\/fotoreportaz-bitva-v-tabore\/\",\"name\":\"FOTOREPORT\u00c1\u017d: Cyklokrosu v T\u00e1bo\u0159e vl\u00e1dli Nizozemci, oslnila Hlad\u00edkov\u00e1 | \u0160koda We Love Cycling - \u010cesk\u00e1 republika\",\"isPartOf\":{\"@id\":\"https:\/\/www.welovecycling.com\/cs\/#website\"},\"primaryImageOfPage\":{\"@id\":\"https:\/\/www.welovecycling.com\/cs\/2021\/11\/15\/fotoreportaz-bitva-v-tabore\/#primaryimage\"},\"image\":{\"@id\":\"https:\/\/www.welovecycling.com\/cs\/2021\/11\/15\/fotoreportaz-bitva-v-tabore\/#primaryimage\"},\"thumbnailUrl\":\"https:\/\/d2p6e6u75xmxt8.cloudfront.net\/13\/2021\/11\/sp-tabor_2021_007.webp\",\"datePublished\":\"2021-11-15T04:00:40+00:00\",\"author\":{\"@id\":\"https:\/\/www.welovecycling.com\/cs\/#\/schema\/person\/d9eeb0a378f3a7e4a6d12d2b536b04b8\"},\"description\":\"Sv\u011btov\u00fd poh\u00e1r v cyklokrosu v T\u00e1bo\u0159e 2021 p\u0159inesl dramatick\u00e9 bitvy. Nejlep\u0161\u00ed \u010desk\u00fd v\u00fdsledek vyd\u0159ela Kate\u0159ina Hlad\u00edkov\u00e1, kter\u00e1 dojela \u010dtvrt\u00e1.\",\"inLanguage\":\"cs\",\"potentialAction\":[{\"@type\":\"ReadAction\",\"target\":[\"https:\/\/www.welovecycling.com\/cs\/2021\/11\/15\/fotoreportaz-bitva-v-tabore\/\"]}]},{\"@type\":\"ImageObject\",\"inLanguage\":\"cs\",\"@id\":\"https:\/\/www.welovecycling.com\/cs\/2021\/11\/15\/fotoreportaz-bitva-v-tabore\/#primaryimage\",\"url\":\"https:\/\/d2p6e6u75xmxt8.cloudfront.net\/13\/2021\/11\/sp-tabor_2021_007.webp\",\"contentUrl\":\"https:\/\/d2p6e6u75xmxt8.cloudfront.net\/13\/2021\/11\/sp-tabor_2021_007.webp\",\"width\":1600,\"height\":1067,\"caption\":\"Kate\u0159ina Hlad\u00edkov\u00e1\"},{\"@type\":\"WebSite\",\"@id\":\"https:\/\/www.welovecycling.com\/cs\/#website\",\"url\":\"https:\/\/www.welovecycling.com\/cs\/\",\"name\":\"\u0160koda We Love Cycling - \u010cesk\u00e1 republika\",\"description\":\"WeLoveCycling.cz je online magaz\u00edn, kter\u00fd v\u00e1m pravideln\u011b p\u0159in\u00e1\u0161\u00ed rady a tipy, zaj\u00edmav\u00e9 \u010dl\u00e1nky, videa a jedine\u010dn\u00e9 report\u00e1\u017ee ze sv\u011bta cyklistiky.\",\"potentialAction\":[{\"@type\":\"SearchAction\",\"target\":{\"@type\":\"EntryPoint\",\"urlTemplate\":\"https:\/\/www.welovecycling.com\/cs\/?s={search_term_string}\"},\"query-input\":{\"@type\":\"PropertyValueSpecification\",\"valueRequired\":true,\"valueName\":\"search_term_string\"}}],\"inLanguage\":\"cs\"},{\"@type\":\"Person\",\"@id\":\"https:\/\/www.welovecycling.com\/cs\/#\/schema\/person\/d9eeb0a378f3a7e4a6d12d2b536b04b8\",\"name\":\"radekmalina\",\"image\":{\"@type\":\"ImageObject\",\"inLanguage\":\"cs\",\"@id\":\"https:\/\/www.welovecycling.com\/cs\/#\/schema\/person\/image\/\",\"url\":\"https:\/\/secure.gravatar.com\/avatar\/66994b632cb8c39a46b9f54afa3ae07201b678d32a54275b6f1c9ffec356bfc0?s=96&d=mm&r=g\",\"contentUrl\":\"https:\/\/secure.gravatar.com\/avatar\/66994b632cb8c39a46b9f54afa3ae07201b678d32a54275b6f1c9ffec356bfc0?s=96&d=mm&r=g\",\"caption\":\"radekmalina\"},\"url\":\"https:\/\/www.welovecycling.com\/cs\/author\/radekmalina\/\"}]}<\/script>\n<!-- \/ Yoast SEO Premium plugin. -->","yoast_head_json":{"title":"FOTOREPORT\u00c1\u017d: Cyklokrosu v T\u00e1bo\u0159e vl\u00e1dli Nizozemci, oslnila Hlad\u00edkov\u00e1 | \u0160koda We Love Cycling - \u010cesk\u00e1 republika","description":"Sv\u011btov\u00fd poh\u00e1r v cyklokrosu v T\u00e1bo\u0159e 2021 p\u0159inesl dramatick\u00e9 bitvy. Nejlep\u0161\u00ed \u010desk\u00fd v\u00fdsledek vyd\u0159ela Kate\u0159ina Hlad\u00edkov\u00e1, kter\u00e1 dojela \u010dtvrt\u00e1.","robots":{"index":"index","follow":"follow","max-snippet":"max-snippet:-1","max-image-preview":"max-image-preview:large","max-video-preview":"max-video-preview:-1"},"canonical":"https:\/\/www.welovecycling.com\/cs\/2021\/11\/15\/fotoreportaz-bitva-v-tabore\/","og_locale":"cs_CZ","og_type":"article","og_title":"FOTOREPORT\u00c1\u017d: Cyklokrosu v T\u00e1bo\u0159e vl\u00e1dli Nizozemci, oslnila Hlad\u00edkov\u00e1","og_description":"Sv\u011btov\u00fd poh\u00e1r v cyklokrosu v T\u00e1bo\u0159e 2021 p\u0159inesl dramatick\u00e9 bitvy. Nejlep\u0161\u00ed \u010desk\u00fd v\u00fdsledek vyd\u0159ela Kate\u0159ina Hlad\u00edkov\u00e1, kter\u00e1 dojela \u010dtvrt\u00e1.","og_url":"https:\/\/www.welovecycling.com\/cs\/2021\/11\/15\/fotoreportaz-bitva-v-tabore\/","og_site_name":"\u0160koda We Love Cycling - \u010cesk\u00e1 republika","article_published_time":"2021-11-15T04:00:40+00:00","og_image":[{"width":1600,"height":1067,"url":"https:\/\/d2p6e6u75xmxt8.cloudfront.net\/13\/2021\/11\/sp-tabor_2021_007.webp","type":"image\/webp"}],"author":"radekmalina","twitter_card":"summary_large_image","twitter_misc":{"Written by":"Michal \u010cerven\u00fd","Est. reading time":"5"},"schema":{"@context":"https:\/\/schema.org","@graph":[{"@type":"WebPage","@id":"https:\/\/www.welovecycling.com\/cs\/2021\/11\/15\/fotoreportaz-bitva-v-tabore\/","url":"https:\/\/www.welovecycling.com\/cs\/2021\/11\/15\/fotoreportaz-bitva-v-tabore\/","name":"FOTOREPORT\u00c1\u017d: Cyklokrosu v T\u00e1bo\u0159e vl\u00e1dli Nizozemci, oslnila Hlad\u00edkov\u00e1 | \u0160koda We Love Cycling - \u010cesk\u00e1 republika","isPartOf":{"@id":"https:\/\/www.welovecycling.com\/cs\/#website"},"primaryImageOfPage":{"@id":"https:\/\/www.welovecycling.com\/cs\/2021\/11\/15\/fotoreportaz-bitva-v-tabore\/#primaryimage"},"image":{"@id":"https:\/\/www.welovecycling.com\/cs\/2021\/11\/15\/fotoreportaz-bitva-v-tabore\/#primaryimage"},"thumbnailUrl":"https:\/\/d2p6e6u75xmxt8.cloudfront.net\/13\/2021\/11\/sp-tabor_2021_007.webp","datePublished":"2021-11-15T04:00:40+00:00","author":{"@id":"https:\/\/www.welovecycling.com\/cs\/#\/schema\/person\/d9eeb0a378f3a7e4a6d12d2b536b04b8"},"description":"Sv\u011btov\u00fd poh\u00e1r v cyklokrosu v T\u00e1bo\u0159e 2021 p\u0159inesl dramatick\u00e9 bitvy. Nejlep\u0161\u00ed \u010desk\u00fd v\u00fdsledek vyd\u0159ela Kate\u0159ina Hlad\u00edkov\u00e1, kter\u00e1 dojela \u010dtvrt\u00e1.","inLanguage":"cs","potentialAction":[{"@type":"ReadAction","target":["https:\/\/www.welovecycling.com\/cs\/2021\/11\/15\/fotoreportaz-bitva-v-tabore\/"]}]},{"@type":"ImageObject","inLanguage":"cs","@id":"https:\/\/www.welovecycling.com\/cs\/2021\/11\/15\/fotoreportaz-bitva-v-tabore\/#primaryimage","url":"https:\/\/d2p6e6u75xmxt8.cloudfront.net\/13\/2021\/11\/sp-tabor_2021_007.webp","contentUrl":"https:\/\/d2p6e6u75xmxt8.cloudfront.net\/13\/2021\/11\/sp-tabor_2021_007.webp","width":1600,"height":1067,"caption":"Kate\u0159ina Hlad\u00edkov\u00e1"},{"@type":"WebSite","@id":"https:\/\/www.welovecycling.com\/cs\/#website","url":"https:\/\/www.welovecycling.com\/cs\/","name":"\u0160koda We Love Cycling - \u010cesk\u00e1 republika","description":"WeLoveCycling.cz je online magaz\u00edn, kter\u00fd v\u00e1m pravideln\u011b p\u0159in\u00e1\u0161\u00ed rady a tipy, zaj\u00edmav\u00e9 \u010dl\u00e1nky, videa a jedine\u010dn\u00e9 report\u00e1\u017ee ze sv\u011bta cyklistiky.","potentialAction":[{"@type":"SearchAction","target":{"@type":"EntryPoint","urlTemplate":"https:\/\/www.welovecycling.com\/cs\/?s={search_term_string}"},"query-input":{"@type":"PropertyValueSpecification","valueRequired":true,"valueName":"search_term_string"}}],"inLanguage":"cs"},{"@type":"Person","@id":"https:\/\/www.welovecycling.com\/cs\/#\/schema\/person\/d9eeb0a378f3a7e4a6d12d2b536b04b8","name":"radekmalina","image":{"@type":"ImageObject","inLanguage":"cs","@id":"https:\/\/www.welovecycling.com\/cs\/#\/schema\/person\/image\/","url":"https:\/\/secure.gravatar.com\/avatar\/66994b632cb8c39a46b9f54afa3ae07201b678d32a54275b6f1c9ffec356bfc0?s=96&d=mm&r=g","contentUrl":"https:\/\/secure.gravatar.com\/avatar\/66994b632cb8c39a46b9f54afa3ae07201b678d32a54275b6f1c9ffec356bfc0?s=96&d=mm&r=g","caption":"radekmalina"},"url":"https:\/\/www.welovecycling.com\/cs\/author\/radekmalina\/"}]}},"_links":{"self":[{"href":"https:\/\/www.welovecycling.com\/cs\/wp-json\/wp\/v2\/posts\/15148","targetHints":{"allow":["GET"]}}],"collection":[{"href":"https:\/\/www.welovecycling.com\/cs\/wp-json\/wp\/v2\/posts"}],"about":[{"href":"https:\/\/www.welovecycling.com\/cs\/wp-json\/wp\/v2\/types\/post"}],"author":[{"embeddable":true,"href":"https:\/\/www.welovecycling.com\/cs\/wp-json\/wp\/v2\/users\/138"}],"replies":[{"embeddable":true,"href":"https:\/\/www.welovecycling.com\/cs\/wp-json\/wp\/v2\/comments?post=15148"}],"version-history":[{"count":2,"href":"https:\/\/www.welovecycling.com\/cs\/wp-json\/wp\/v2\/posts\/15148\/revisions"}],"predecessor-version":[{"id":15178,"href":"https:\/\/www.welovecycling.com\/cs\/wp-json\/wp\/v2\/posts\/15148\/revisions\/15178"}],"wp:featuredmedia":[{"embeddable":true,"href":"https:\/\/www.welovecycling.com\/cs\/wp-json\/wp\/v2\/media\/15155"}],"wp:attachment":[{"href":"https:\/\/www.welovecycling.com\/cs\/wp-json\/wp\/v2\/media?parent=15148"}],"wp:term":[{"taxonomy":"category","embeddable":true,"href":"https:\/\/www.welovecycling.com\/cs\/wp-json\/wp\/v2\/categories?post=15148"},{"taxonomy":"post_tag","embeddable":true,"href":"https:\/\/www.welovecycling.com\/cs\/wp-json\/wp\/v2\/tags?post=15148"},{"taxonomy":"global-categories","embeddable":true,"href":"https:\/\/www.welovecycling.com\/cs\/wp-json\/wp\/v2\/global-categories?post=15148"}],"curies":[{"name":"wp","href":"https:\/\/api.w.org\/{rel}","templated":true}]}}