{"id":1499,"date":"2019-04-17T10:43:34","date_gmt":"2019-04-17T09:43:34","guid":{"rendered":"https:\/\/www.welovecycling.com\/cs\/?p=1499"},"modified":"2019-04-17T10:43:34","modified_gmt":"2019-04-17T09:43:34","slug":"tri-duvody-proc-cykliste-trpi-na-krece-a-jak-jim-predejit","status":"publish","type":"post","link":"https:\/\/www.welovecycling.com\/cs\/2019\/04\/17\/tri-duvody-proc-cykliste-trpi-na-krece-a-jak-jim-predejit\/","title":{"rendered":"T\u0159i d\u016fvody, pro\u010d cyklist\u00e9 trp\u00ed na k\u0159e\u010de, a jak jim p\u0159edej\u00edt"},"content":{"rendered":"<p><strong>Dostat k\u0159e\u010d v\u00a0z\u00e1vod\u011b, kde se c\u00edt\u00edte perfektn\u011b a m\u00ed\u0159\u00edte na skv\u011bl\u00fd v\u00fdsledn\u00fd \u010das, je vylo\u017een\u011b demotivuj\u00edc\u00ed. Za\u017e\u00edt k\u0159e\u010d v tr\u00e9ninku nebo p\u0159i pohodov\u00e9 v\u00edkendov\u00e9 vyj\u00ed\u017e\u010fce ale nen\u00ed o moc p\u0159\u00edjemn\u011bj\u0161\u00ed. Sportovn\u00ed v\u011bda zat\u00edm nedok\u00e1zala identifikovat jednu jasnou p\u0159\u00ed\u010dinu vzniku k\u0159e\u010d\u00ed, nejsp\u00ed\u0161e za nimi stoj\u00ed kombinace v\u00edce faktor\u016f. V\u00a0tomto \u010dl\u00e1nku se pod\u00edv\u00e1me na nej\u010dast\u011bj\u0161\u00ed p\u0159\u00ed\u010diny vzniku k\u0159e\u010d\u00ed a tipy, jak jim p\u0159edch\u00e1zet.<\/strong><\/p>\n<p><!--more--><\/p>\n<h2><strong>Dehydratace<\/strong><\/h2>\n<p>Jedna z\u00a0prvn\u00edch teori\u00ed o vzniku k\u0159e\u010d\u00ed se t\u00fdkala stavu hydratace. Nov\u011bj\u0161\u00ed v\u00fdzkum v\u0161ak nazna\u010duje, \u017ee samotn\u00e1 dehydratace jedinou p\u0159\u00ed\u010dinou pravd\u011bpodobn\u011b nen\u00ed. V\u00edme, \u017ee spousta cyklist\u016f i v\u00a0pokro\u010dil\u00e9m stavu dehydratace k\u0159e\u010de nem\u00e1. Nicm\u00e9n\u011b pozorov\u00e1n\u00ed tak\u00e9 ukazuj\u00ed, \u017ee k\u0159e\u010de jsou daleko \u010dast\u011bj\u0161\u00ed v tepl\u00e9m po\u010das\u00ed, kdy je riziko dehydratace vy\u0161\u0161\u00ed, tak\u017ee toto t\u00e9ma nen\u00ed dobr\u00e9 zcela vypustit.<\/p>\n<p><a href=\"https:\/\/d2p6e6u75xmxt8.cloudfront.net\/13\/2019\/04\/profimedia-0295644909-1.jpg\"><img loading=\"lazy\" decoding=\"async\" class=\"alignnone size-large wp-image-1505\" src=\"https:\/\/d2p6e6u75xmxt8.cloudfront.net\/13\/2019\/04\/profimedia-0295644909-1-1024x447.jpg\" alt=\"\" width=\"1024\" height=\"447\" \/><\/a><\/p>\n<p><strong>Jak na to?<\/strong> Pit\u00ed nen\u00ed nutn\u00e9 p\u0159eh\u00e1n\u011bt, ve v\u011bt\u0161in\u011b p\u0159\u00edpad\u016f se sta\u010d\u00ed \u0159\u00eddit pocitem \u017e\u00edzn\u011b. Z\u00e1klad je m\u00edt s sebou na kole v\u017edy n\u011bjak\u00e9 tekutiny. V\u00fdjimkou jsou dlouh\u00e9 z\u00e1vody, kde je pot\u0159eba p\u00edt podle pl\u00e1nu a na \u017e\u00edze\u0148 ne\u010dekat. Jako prevence tak\u00e9 pom\u016f\u017ee zapracovat na teplotn\u00ed aklimatizaci. Pokud se chyst\u00e1te z\u00e1vodit nebo tr\u00e9novat ve v\u00fdrazn\u011b vy\u0161\u0161\u00ed teplot\u011b, ne\u017e jste zvykl\u00ed, napl\u00e1nujte si p\u0159edt\u00edm pravidelnou saunu nebo j\u00edzdy doma na trena\u017e\u00e9ru za vy\u0161\u0161\u00ed ne\u017e pokojov\u00e9 teploty, kdy se po\u0159\u00e1dn\u011b zapot\u00edte.<\/p>\n<h2><strong>Nedostatek elektrolyt\u016f<\/strong><\/h2>\n<p>Spr\u00e1vn\u00e1 svalov\u00e1 funkce je z\u00e1visl\u00e1 na p\u0159\u00edtomnosti elektrolyt\u016f, co\u017e jsou ionizovan\u00e9 formy miner\u00e1l\u016f: sod\u00edk, drasl\u00edk, v\u00e1pn\u00edk, ho\u0159\u010d\u00edk a chl\u00f3r. Nap\u0159\u00edklad p\u0159i nedostatku drasl\u00edku se m\u016f\u017ee objevovat svalov\u00e1 ochablost \u010di slabost, a naopak p\u0159i nedostatku ho\u0159\u010d\u00edku a sod\u00edku z\u00e1\u0161kuby \u010di k\u0159e\u010de. Tyto zm\u011bny hladiny elektrolyt\u016f m\u016f\u017ee zp\u016fsobovat jednak nadm\u011brn\u00e1 hydratace, kdy tekutiny na\u0159ed\u00ed jejich koncentraci, nebo tak\u00e9 pocen\u00ed, kter\u00e9 samotn\u00e9 miner\u00e1ly, zejm\u00e9na sod\u00edk, z\u00a0t\u011bla vyplav\u00ed.<\/p>\n<p><strong>Jak na to? <\/strong>Pokud se hodn\u011b pot\u00edte nebo pokud vyr\u00e1\u017e\u00edte na del\u0161\u00ed j\u00edzdu za horka, je dobr\u00e9 s p\u0159\u00edjmem tekutin dopl\u0148ovat i elektrolyty. Na trhu existuje spousta iontov\u00fdch n\u00e1poj\u016f, kter\u00e9 k\u00a0tomu v\u00fdborn\u011b poslou\u017e\u00ed. P\u0159\u00edpadn\u011b si m\u016f\u017eete vytvo\u0159it i vlastn\u00ed \u201eion\u0165\u00e1k\u201c za pomoci soli nebo popul\u00e1rn\u00edho n\u00e1levu z kysel\u00fdch okurek \u010di vody z\u00a0kokosu.<\/p>\n<h2><strong>\u00danava a nedostate\u010dn\u00e1 p\u0159\u00edprava<\/strong><\/h2>\n<p>Nejnov\u011bj\u0161\u00ed teorie se d\u00edv\u00e1 na k\u0159e\u010de z\u00a0trochu jin\u00e9ho \u00fahlu. Probl\u00e9m nehled\u00e1 ve svalu samotn\u00e9m, ale u\u017e v nervov\u00e9m vzruchu, jen\u017e p\u0159ich\u00e1z\u00ed z\u00a0p\u00e1te\u0159e. Jin\u00fdmi slovy, k\u0159e\u010d vznik\u00e1 proto, \u017ee sval nen\u00ed v\u00a0dan\u00fd \u010dasov\u00fd \u00fasek dostate\u010dn\u011b siln\u00fd, aby vyprodukoval takov\u00fd v\u00fdkon, kter\u00fd po n\u011bm nervov\u00e1 soustava chce. Tato teorie tedy vysv\u011btluje, pro\u010d se k\u0159e\u010de nej\u010dast\u011bji objevuj\u00ed na za\u010d\u00e1tku tr\u00e9ninku, kdy t\u011blo je\u0161t\u011b nen\u00ed zah\u0159\u00e1t\u00e9 a p\u0159ipraven\u00e9 na pln\u00fd v\u00fdkon, v\u00a0pozd\u011bj\u0161\u00edch f\u00e1z\u00edch z\u00e1vodu, kdy se hromad\u00ed svalov\u00e1 \u00fanava, a p\u0159i maxim\u00e1ln\u00edch v\u00fdkonech, na kter\u00e9 sval nen\u00ed dostate\u010dn\u011b p\u0159ipraven\u00fd.<\/p>\n<p><a href=\"https:\/\/d2p6e6u75xmxt8.cloudfront.net\/13\/2018\/12\/skoda-octavia-scout-cyclist-5.jpg\"><img loading=\"lazy\" decoding=\"async\" class=\"alignnone size-large wp-image-58\" src=\"https:\/\/d2p6e6u75xmxt8.cloudfront.net\/13\/2018\/12\/skoda-octavia-scout-cyclist-5-1024x683.jpg\" alt=\"\" width=\"1024\" height=\"683\" \/><\/a><strong>Jak na to?<\/strong> Ka\u017ed\u00fd m\u00e1me slab\u00e9 m\u00edsto jinde, tak\u017ee je d\u016fle\u017eit\u00e9 vyzkou\u0161et a naj\u00edt si tu techniku, kter\u00e1 bude fungovat pr\u00e1v\u011b v\u00e1m. Tady je seznam n\u011bkolika v\u00a0praxi \u010dasto pou\u017e\u00edvan\u00fdch technik.<\/p>\n<ul>\n<li>P\u0159ed ka\u017ed\u00fdm n\u00e1ro\u010dn\u011bj\u0161\u00edm tr\u00e9ninkem pom\u016f\u017ee svaly i nervovou soustavu \u201ezah\u0159\u00e1t\u201c a p\u0159ipravit na pohyb, kter\u00fd po nich budete cht\u00edt. Dejte si rovinku zlehka, ne\u017e se pust\u00edte do interval\u016f a stoup\u00e1n\u00ed.<\/li>\n<li>Pro v\u011bt\u0161inu hobby-cyklist\u016f je vhodn\u00e9 zvy\u0161ovat celkovou tr\u00e9ninkovou z\u00e1t\u011b\u017e o 5 &#8211; 10 % za t\u00fdden a pravideln\u011b za\u0159azovat lehk\u00e9 regenera\u010dn\u00ed t\u00fddny. N\u00e1razov\u00e9 \u010di p\u0159\u00edli\u0161 prudk\u00e9 zv\u00fd\u0161en\u00ed z\u00e1t\u011b\u017ee zvy\u0161uje i riziko k\u0159e\u010d\u00ed.<\/li>\n<li>Pokud pl\u00e1nujete jeden nebo dva hlavn\u00ed z\u00e1vody za sez\u00f3nu, tak pom\u016f\u017ee za\u0159adit asi m\u011bs\u00edc p\u0159edem testovac\u00ed z\u00e1vod, p\u0159i kter\u00e9m vyzkou\u0161\u00edte intenzitu a p\u0159iprav\u00edte svalovou i nervovou soustavu na po\u017eadovan\u00fd v\u00fdkon.<\/li>\n<li>Jako prevence pomohou pravideln\u00e9 mas\u00e1\u017ee \u010di foam-rolling a stre\u010dink hlavn\u00edch svalov\u00fdch skupin po ka\u017ed\u00e9m tr\u00e9ninku.<\/li>\n<\/ul>\n<p><strong style=\"color: inherit; font-family: inherit; font-size: 1.8em;\">Co d\u011blat, kdy\u017e u\u017e se k\u0159e\u010de dostav\u00ed?<\/strong><\/p>\n<p>Pokud pro v\u00e1s k\u0159e\u010de nejsou nic nov\u00e9ho, tak ur\u010dit\u011b zn\u00e1te ono typick\u00e9 pnut\u00ed a tuhnut\u00ed svalu, kter\u00e9 jim p\u0159edch\u00e1z\u00ed. Nau\u010dte se tyto varovn\u00e9 sign\u00e1ly v\u010das identifikovat a jako reakci na n\u011b sn\u00ed\u017eit intenzitu v\u00fdkonu. K\u0159e\u010d pak nebude tak hrozn\u00e1 a mo\u017en\u00e1 se nebude konat v\u016fbec. Ve chv\u00edli, kdy se k\u0159e\u010d objev\u00ed, u\u017e nezb\u00fdv\u00e1 ne\u017e sval nat\u00e1hnout a stre\u010dovat, dokud se stav neuklidn\u00ed.<\/p>\n<p>Spr\u00e1vn\u00fd p\u0159\u00edstup k\u00a0hydrataci, tr\u00e9ninkov\u00e9 p\u0159\u00edprav\u011b a svalov\u00e9 \u00fadr\u017eb\u011b pom\u016f\u017ee riziko vzniku i intenzitu k\u0159e\u010d\u00ed sn\u00ed\u017eit ka\u017ed\u00e9mu. Je v\u0161ak dlu\u017eno \u0159\u00edci, \u017ee m\u00edru rizika vzniku k\u0159e\u010d\u00ed do jist\u00e9 m\u00edry ovliv\u0148uje i genetick\u00e1 v\u00fdbava. N\u011bkte\u0159\u00ed z\u00a0n\u00e1s jsou jednodu\u0161e n\u00e1chyln\u011bj\u0161\u00ed, tak\u017ee pokud se v\u00e1m i p\u0159es ve\u0161kerou snahu k\u0159e\u010de st\u00e1vaj\u00ed, tak si to nem\u011bjte za zl\u00e9.<\/p>\n","protected":false},"excerpt":{"rendered":"<p>Dostat k\u0159e\u010d v\u00a0z\u00e1vod\u011b, kde se c\u00edt\u00edte perfektn\u011b a m\u00ed\u0159\u00edte na skv\u011bl\u00fd v\u00fdsledn\u00fd \u010das, je vylo\u017een\u011b demotivuj\u00edc\u00ed. Za\u017e\u00edt k\u0159e\u010d v tr\u00e9ninku [&hellip;]<\/p>\n","protected":false},"author":95,"featured_media":1509,"comment_status":"open","ping_status":"open","sticky":false,"template":"","format":"standard","meta":{"footnotes":""},"categories":[6],"tags":[173,174,67],"global-categories":[],"class_list":["post-1499","post","type-post","status-publish","format-standard","has-post-thumbnail","hentry","category-zdravi-a-trenink","tag-krece","tag-unava","tag-zdravi-a-trenink"],"yoast_head":"<!-- This site is optimized with the Yoast SEO Premium plugin v25.3 (Yoast SEO v25.9) - https:\/\/yoast.com\/wordpress\/plugins\/seo\/ -->\n<title>T\u0159i d\u016fvody, pro\u010d cyklist\u00e9 trp\u00ed na k\u0159e\u010de, a jak jim p\u0159edej\u00edt | \u0160koda We Love Cycling - \u010cesk\u00e1 republika<\/title>\n<meta name=\"robots\" content=\"index, follow, max-snippet:-1, max-image-preview:large, max-video-preview:-1\" \/>\n<link rel=\"canonical\" href=\"https:\/\/www.welovecycling.com\/cs\/2019\/04\/17\/tri-duvody-proc-cykliste-trpi-na-krece-a-jak-jim-predejit\/\" \/>\n<meta property=\"og:locale\" content=\"cs_CZ\" \/>\n<meta property=\"og:type\" content=\"article\" \/>\n<meta property=\"og:title\" content=\"T\u0159i d\u016fvody, pro\u010d cyklist\u00e9 trp\u00ed na k\u0159e\u010de, a jak jim p\u0159edej\u00edt\" \/>\n<meta property=\"og:description\" content=\"Dostat k\u0159e\u010d v\u00a0z\u00e1vod\u011b, kde se c\u00edt\u00edte perfektn\u011b a m\u00ed\u0159\u00edte na skv\u011bl\u00fd v\u00fdsledn\u00fd \u010das, je vylo\u017een\u011b demotivuj\u00edc\u00ed. Za\u017e\u00edt k\u0159e\u010d v tr\u00e9ninku [&hellip;]\" \/>\n<meta property=\"og:url\" content=\"https:\/\/www.welovecycling.com\/cs\/2019\/04\/17\/tri-duvody-proc-cykliste-trpi-na-krece-a-jak-jim-predejit\/\" \/>\n<meta property=\"og:site_name\" content=\"\u0160koda We Love Cycling - \u010cesk\u00e1 republika\" \/>\n<meta property=\"article:published_time\" content=\"2019-04-17T09:43:34+00:00\" \/>\n<meta property=\"og:image\" content=\"https:\/\/d2p6e6u75xmxt8.cloudfront.net\/13\/2019\/04\/recovery1.webp\" \/>\n\t<meta property=\"og:image:width\" content=\"1375\" \/>\n\t<meta property=\"og:image:height\" content=\"600\" \/>\n\t<meta property=\"og:image:type\" content=\"image\/webp\" \/>\n<meta name=\"twitter:card\" content=\"summary_large_image\" \/>\n<meta name=\"twitter:label1\" content=\"Written by\" \/>\n\t<meta name=\"twitter:data1\" content=\"Ji\u0159\u00ed Kalo\u010d\" \/>\n\t<meta name=\"twitter:label2\" content=\"Est. reading time\" \/>\n\t<meta name=\"twitter:data2\" content=\"6\" \/>\n<script type=\"application\/ld+json\" class=\"yoast-schema-graph\">{\"@context\":\"https:\/\/schema.org\",\"@graph\":[{\"@type\":\"WebPage\",\"@id\":\"https:\/\/www.welovecycling.com\/cs\/2019\/04\/17\/tri-duvody-proc-cykliste-trpi-na-krece-a-jak-jim-predejit\/\",\"url\":\"https:\/\/www.welovecycling.com\/cs\/2019\/04\/17\/tri-duvody-proc-cykliste-trpi-na-krece-a-jak-jim-predejit\/\",\"name\":\"T\u0159i d\u016fvody, pro\u010d cyklist\u00e9 trp\u00ed na k\u0159e\u010de, a jak jim p\u0159edej\u00edt | \u0160koda We Love Cycling - \u010cesk\u00e1 republika\",\"isPartOf\":{\"@id\":\"https:\/\/www.welovecycling.com\/cs\/#website\"},\"primaryImageOfPage\":{\"@id\":\"https:\/\/www.welovecycling.com\/cs\/2019\/04\/17\/tri-duvody-proc-cykliste-trpi-na-krece-a-jak-jim-predejit\/#primaryimage\"},\"image\":{\"@id\":\"https:\/\/www.welovecycling.com\/cs\/2019\/04\/17\/tri-duvody-proc-cykliste-trpi-na-krece-a-jak-jim-predejit\/#primaryimage\"},\"thumbnailUrl\":\"https:\/\/d2p6e6u75xmxt8.cloudfront.net\/13\/2019\/04\/recovery1.webp\",\"datePublished\":\"2019-04-17T09:43:34+00:00\",\"author\":{\"@id\":\"\"},\"inLanguage\":\"cs\",\"potentialAction\":[{\"@type\":\"ReadAction\",\"target\":[\"https:\/\/www.welovecycling.com\/cs\/2019\/04\/17\/tri-duvody-proc-cykliste-trpi-na-krece-a-jak-jim-predejit\/\"]}]},{\"@type\":\"ImageObject\",\"inLanguage\":\"cs\",\"@id\":\"https:\/\/www.welovecycling.com\/cs\/2019\/04\/17\/tri-duvody-proc-cykliste-trpi-na-krece-a-jak-jim-predejit\/#primaryimage\",\"url\":\"https:\/\/d2p6e6u75xmxt8.cloudfront.net\/13\/2019\/04\/recovery1.webp\",\"contentUrl\":\"https:\/\/d2p6e6u75xmxt8.cloudfront.net\/13\/2019\/04\/recovery1.webp\",\"width\":1375,\"height\":600},{\"@type\":\"WebSite\",\"@id\":\"https:\/\/www.welovecycling.com\/cs\/#website\",\"url\":\"https:\/\/www.welovecycling.com\/cs\/\",\"name\":\"\u0160koda We Love Cycling - \u010cesk\u00e1 republika\",\"description\":\"WeLoveCycling.cz je online magaz\u00edn, kter\u00fd v\u00e1m pravideln\u011b p\u0159in\u00e1\u0161\u00ed rady a tipy, zaj\u00edmav\u00e9 \u010dl\u00e1nky, videa a jedine\u010dn\u00e9 report\u00e1\u017ee ze sv\u011bta cyklistiky.\",\"potentialAction\":[{\"@type\":\"SearchAction\",\"target\":{\"@type\":\"EntryPoint\",\"urlTemplate\":\"https:\/\/www.welovecycling.com\/cs\/?s={search_term_string}\"},\"query-input\":{\"@type\":\"PropertyValueSpecification\",\"valueRequired\":true,\"valueName\":\"search_term_string\"}}],\"inLanguage\":\"cs\"},{\"@type\":\"Person\",\"@id\":\"\",\"url\":\"https:\/\/www.welovecycling.com\/cs\/author\/\"}]}<\/script>\n<!-- \/ Yoast SEO Premium plugin. -->","yoast_head_json":{"title":"T\u0159i d\u016fvody, pro\u010d cyklist\u00e9 trp\u00ed na k\u0159e\u010de, a jak jim p\u0159edej\u00edt | \u0160koda We Love Cycling - \u010cesk\u00e1 republika","robots":{"index":"index","follow":"follow","max-snippet":"max-snippet:-1","max-image-preview":"max-image-preview:large","max-video-preview":"max-video-preview:-1"},"canonical":"https:\/\/www.welovecycling.com\/cs\/2019\/04\/17\/tri-duvody-proc-cykliste-trpi-na-krece-a-jak-jim-predejit\/","og_locale":"cs_CZ","og_type":"article","og_title":"T\u0159i d\u016fvody, pro\u010d cyklist\u00e9 trp\u00ed na k\u0159e\u010de, a jak jim p\u0159edej\u00edt","og_description":"Dostat k\u0159e\u010d v\u00a0z\u00e1vod\u011b, kde se c\u00edt\u00edte perfektn\u011b a m\u00ed\u0159\u00edte na skv\u011bl\u00fd v\u00fdsledn\u00fd \u010das, je vylo\u017een\u011b demotivuj\u00edc\u00ed. Za\u017e\u00edt k\u0159e\u010d v tr\u00e9ninku [&hellip;]","og_url":"https:\/\/www.welovecycling.com\/cs\/2019\/04\/17\/tri-duvody-proc-cykliste-trpi-na-krece-a-jak-jim-predejit\/","og_site_name":"\u0160koda We Love Cycling - \u010cesk\u00e1 republika","article_published_time":"2019-04-17T09:43:34+00:00","og_image":[{"width":1375,"height":600,"url":"https:\/\/d2p6e6u75xmxt8.cloudfront.net\/13\/2019\/04\/recovery1.webp","type":"image\/webp"}],"twitter_card":"summary_large_image","twitter_misc":{"Written by":"Ji\u0159\u00ed Kalo\u010d","Est. reading time":"6"},"schema":{"@context":"https:\/\/schema.org","@graph":[{"@type":"WebPage","@id":"https:\/\/www.welovecycling.com\/cs\/2019\/04\/17\/tri-duvody-proc-cykliste-trpi-na-krece-a-jak-jim-predejit\/","url":"https:\/\/www.welovecycling.com\/cs\/2019\/04\/17\/tri-duvody-proc-cykliste-trpi-na-krece-a-jak-jim-predejit\/","name":"T\u0159i d\u016fvody, pro\u010d cyklist\u00e9 trp\u00ed na k\u0159e\u010de, a jak jim p\u0159edej\u00edt | \u0160koda We Love Cycling - \u010cesk\u00e1 republika","isPartOf":{"@id":"https:\/\/www.welovecycling.com\/cs\/#website"},"primaryImageOfPage":{"@id":"https:\/\/www.welovecycling.com\/cs\/2019\/04\/17\/tri-duvody-proc-cykliste-trpi-na-krece-a-jak-jim-predejit\/#primaryimage"},"image":{"@id":"https:\/\/www.welovecycling.com\/cs\/2019\/04\/17\/tri-duvody-proc-cykliste-trpi-na-krece-a-jak-jim-predejit\/#primaryimage"},"thumbnailUrl":"https:\/\/d2p6e6u75xmxt8.cloudfront.net\/13\/2019\/04\/recovery1.webp","datePublished":"2019-04-17T09:43:34+00:00","author":{"@id":""},"inLanguage":"cs","potentialAction":[{"@type":"ReadAction","target":["https:\/\/www.welovecycling.com\/cs\/2019\/04\/17\/tri-duvody-proc-cykliste-trpi-na-krece-a-jak-jim-predejit\/"]}]},{"@type":"ImageObject","inLanguage":"cs","@id":"https:\/\/www.welovecycling.com\/cs\/2019\/04\/17\/tri-duvody-proc-cykliste-trpi-na-krece-a-jak-jim-predejit\/#primaryimage","url":"https:\/\/d2p6e6u75xmxt8.cloudfront.net\/13\/2019\/04\/recovery1.webp","contentUrl":"https:\/\/d2p6e6u75xmxt8.cloudfront.net\/13\/2019\/04\/recovery1.webp","width":1375,"height":600},{"@type":"WebSite","@id":"https:\/\/www.welovecycling.com\/cs\/#website","url":"https:\/\/www.welovecycling.com\/cs\/","name":"\u0160koda We Love Cycling - \u010cesk\u00e1 republika","description":"WeLoveCycling.cz je online magaz\u00edn, kter\u00fd v\u00e1m pravideln\u011b p\u0159in\u00e1\u0161\u00ed rady a tipy, zaj\u00edmav\u00e9 \u010dl\u00e1nky, videa a jedine\u010dn\u00e9 report\u00e1\u017ee ze sv\u011bta cyklistiky.","potentialAction":[{"@type":"SearchAction","target":{"@type":"EntryPoint","urlTemplate":"https:\/\/www.welovecycling.com\/cs\/?s={search_term_string}"},"query-input":{"@type":"PropertyValueSpecification","valueRequired":true,"valueName":"search_term_string"}}],"inLanguage":"cs"},{"@type":"Person","@id":"","url":"https:\/\/www.welovecycling.com\/cs\/author\/"}]}},"_links":{"self":[{"href":"https:\/\/www.welovecycling.com\/cs\/wp-json\/wp\/v2\/posts\/1499","targetHints":{"allow":["GET"]}}],"collection":[{"href":"https:\/\/www.welovecycling.com\/cs\/wp-json\/wp\/v2\/posts"}],"about":[{"href":"https:\/\/www.welovecycling.com\/cs\/wp-json\/wp\/v2\/types\/post"}],"author":[{"embeddable":true,"href":"https:\/\/www.welovecycling.com\/cs\/wp-json\/wp\/v2\/users\/95"}],"replies":[{"embeddable":true,"href":"https:\/\/www.welovecycling.com\/cs\/wp-json\/wp\/v2\/comments?post=1499"}],"version-history":[{"count":2,"href":"https:\/\/www.welovecycling.com\/cs\/wp-json\/wp\/v2\/posts\/1499\/revisions"}],"predecessor-version":[{"id":1515,"href":"https:\/\/www.welovecycling.com\/cs\/wp-json\/wp\/v2\/posts\/1499\/revisions\/1515"}],"wp:featuredmedia":[{"embeddable":true,"href":"https:\/\/www.welovecycling.com\/cs\/wp-json\/wp\/v2\/media\/1509"}],"wp:attachment":[{"href":"https:\/\/www.welovecycling.com\/cs\/wp-json\/wp\/v2\/media?parent=1499"}],"wp:term":[{"taxonomy":"category","embeddable":true,"href":"https:\/\/www.welovecycling.com\/cs\/wp-json\/wp\/v2\/categories?post=1499"},{"taxonomy":"post_tag","embeddable":true,"href":"https:\/\/www.welovecycling.com\/cs\/wp-json\/wp\/v2\/tags?post=1499"},{"taxonomy":"global-categories","embeddable":true,"href":"https:\/\/www.welovecycling.com\/cs\/wp-json\/wp\/v2\/global-categories?post=1499"}],"curies":[{"name":"wp","href":"https:\/\/api.w.org\/{rel}","templated":true}]}}