{"id":14849,"date":"2021-10-24T08:00:09","date_gmt":"2021-10-24T06:00:09","guid":{"rendered":"https:\/\/www.welovecycling.com\/cs\/?p=14849"},"modified":"2021-10-26T11:13:34","modified_gmt":"2021-10-26T09:13:34","slug":"vladimir-vavra-na-posun-do-prokontinentalni-spolecnosti-je-potreba-3-miliony-eur","status":"publish","type":"post","link":"https:\/\/www.welovecycling.com\/cs\/2021\/10\/24\/vladimir-vavra-na-posun-do-prokontinentalni-spolecnosti-je-potreba-3-miliony-eur\/","title":{"rendered":"\u0158editel Elkov Kasper Vladim\u00edr V\u00e1vra: Na posun v\u00fd\u0161e je pot\u0159eba 75 milion\u016f"},"content":{"rendered":"<p><strong>Doma t\u00fdm Elkov Kasper nem\u00e1 konkurenci. Je dlouholetou neohro\u017eenou jedni\u010dkou. Ale posledn\u00ed roky z\u00edsk\u00e1v\u00e1 st\u00e1le v\u011bt\u0161\u00ed kredit i ne mezin\u00e1rodn\u00ed sc\u00e9n\u011b, proto\u017ee se pravideln\u011b um\u00eds\u0165uje mezi nejlep\u0161\u00edmi kontinent\u00e1ln\u00edmi t\u00fdmy sv\u011bta. Letos zat\u00edm figuruje na druh\u00e9m m\u00edst\u011b.<\/strong><\/p>\n<p>\u201eToho si v\u00e1\u017e\u00edme hodn\u011b, proto\u017ee kdy\u017e p\u0159ijedeme n\u011bkam ven, u\u017e na n\u00e1s d\u00e1vno nikdo nekouk\u00e1 jako na t\u00fdm do po\u010dtu, ale berou n\u00e1s za favority. Vydobyli jsme si n\u011bjak\u00e9 renom\u00e9 a chceme v\u00a0tom pokra\u010dovat,\u201c \u0159\u00edk\u00e1 \u0159editel t\u00fdmu Elkov Kasper Vladim\u00edr V\u00e1vra.<\/p>\n<p>\u201eStejn\u011b tak je pro n\u00e1s obrovsk\u00e1 reklama, kdy\u017e n\u011bkdo od n\u00e1s odejde o patro v\u00fd\u0161, jako t\u0159eba letos Schlegel a Kukrle. Nejsme bl\u00e1zni, abychom jim v odchodu br\u00e1nili,\u201c dod\u00e1v\u00e1 na adresu borc\u016f, kte\u0159\u00ed m\u00ed\u0159\u00ed do prokontinent\u00e1ln\u00edch t\u00fdmu Caja Rural resp. Gazprom RusVelo.<\/p>\n<h2><strong>Jak\u00e1 pro Elkov Kasper byla sezona 2021?<\/strong><\/h2>\n<p>Mysl\u00edm, \u017ee jedna z na\u0161ich nejlep\u0161\u00edch. Kone\u010dn\u011b se v\u0161echno vr\u00e1tilo trochu do norm\u00e1lu a v\u011bt\u0161ina z\u00e1vod\u016f se uskute\u010dnila tak, jak m\u011bla. Radost m\u00e1m hlavn\u011b z toho, \u017ee jsme si dok\u00e1zali udr\u017eet vyrovnanou formu celou sezonu a v\u00fdsledky nep\u0159ich\u00e1zely jen v ur\u010dit\u00e9m obdob\u00ed. B\u00e1rta vyhr\u00e1l v Polsku Solidarnosc, Kuba \u0164oupal\u00edk byl hned za n\u00edm, Adam \u0164oupal\u00edk a Schlegel ovl\u00e1dli z\u00e1vody Visegradsk\u00e9 \u010dty\u0159ky, Schlegel nav\u00edc i Kolem Malopolska a byl t\u0159et\u00ed na Sibiu Tour. Otruba byl t\u0159et\u00ed na etap\u00e1ku Alpes Isere Tour ve Francii a Zah\u00e1lka te\u010f na konci sezony t\u0159et\u00ed na Circuit des Ardennes.<\/p>\n<h2><strong>Byl tedy cyklistick\u00fd rok 2021 z pohledu va\u0161eho t\u00fdmu podle ide\u00e1ln\u00edho sc\u00e9n\u00e1\u0159e?<\/strong><\/h2>\n<p>Ur\u010dit\u011b jsme pro\u017eili jednu z nejlep\u0161\u00edch sezon v na\u0161\u00ed historii. Hlavn\u011b to nebylo o jednom \u010dlov\u011bku, ale v\u00fdsledky se rozlo\u017eily na cel\u00fd t\u00fdm. Prakticky v\u0161ichni kluci si udr\u017eeli formu. Nejstabiln\u011bj\u0161\u00ed asi Kukrle, kter\u00fd na tom byl dob\u0159e od B\u00edte\u0161e a\u017e do podzimu. Na konci sezony u\u017e z toho vypadl, proto\u017ee onemocn\u011bl.<\/p>\n<figure id=\"attachment_14874\" aria-describedby=\"caption-attachment-14874\" style=\"width: 1920px\" class=\"wp-caption alignnone\"><a href=\"https:\/\/d2p6e6u75xmxt8.cloudfront.net\/13\/2021\/10\/vavra-BrychtaJan_MR_MCR_MSR_Banovce_20210620_154610_DSC_8742.jpg\"><img loading=\"lazy\" decoding=\"async\" class=\"size-extra-large wp-image-14874\" src=\"https:\/\/d2p6e6u75xmxt8.cloudfront.net\/13\/2021\/10\/vavra-BrychtaJan_MR_MCR_MSR_Banovce_20210620_154610_DSC_8742-1920x1282.jpg\" alt=\"Vladim\u00edr V\u00e1vra, \u0159editel t\u00fdmu Elkov Kasper, se sv\u00fdmi sv\u011b\u0159enci. Foto: Jan Brychta (4x)\" width=\"1920\" height=\"1282\" \/><\/a><figcaption id=\"caption-attachment-14874\" class=\"wp-caption-text\"><em>Vladim\u00edr V\u00e1vra, \u0159editel t\u00fdmu Elkov Kasper, se sv\u00fdmi sv\u011b\u0159enci. Foto: Jan Brychta (4x)<\/em><\/figcaption><\/figure>\n<h2><strong>Zvy\u0161ujete si hodn\u011b renom\u00e9 na mezin\u00e1rodn\u00ed sc\u00e9n\u011b?<\/strong><\/h2>\n<p>Stoprocentn\u011b. Kdy\u017e p\u0159ijedeme ven, soupe\u0159i z kluk\u016f c\u00edt\u00ed p\u0159irozen\u00fd respekt. Jsou ve st\u0159ehu, nenechaj\u00ed n\u00e1s jen tak odjet a naopak: kdy\u017e to odjede n\u00e1m, nikdo nechce moc pom\u00e1hat a my mus\u00edme \u00fanik \u010dasto sj\u00ed\u017ed\u011bt sami. Posledn\u00ed t\u0159i nebo \u010dty\u0159i roky se pravideln\u011b um\u00eds\u0165ujeme mezi nejlep\u0161\u00edmi t\u0159emi kontinent\u00e1ln\u00edmi t\u00fdmy nejen v Evrop\u011b, ale i na sv\u011bt\u011b. Te\u010f jsme druz\u00ed za Pol\u00e1ky z t\u00fdmu Mazowse, kte\u0159\u00ed ale maj\u00ed \u0161estn\u00e1ct z\u00e1vodn\u00edk\u016f a hodn\u011b jezdili dva programy. Pro n\u00e1s to znamen\u00e1, \u017ee bychom m\u011bli m\u00edt jist\u00e9 z\u00e1vody kategori\u00ed 1.2 a 2.2 na p\u0159\u00ed\u0161t\u00ed rok. Ale na \u0159adu t\u011bch z\u00e1vod\u016f u\u017e n\u00e1s po\u0159adatel\u00e9 zvou sami. A\u0165 u\u017e je to Normandie, Sibiu Tour nebo Ard\u00e9ny.<\/p>\n<h2><strong>Je \u0161ance se dostat jako kontinent\u00e1ln\u00ed t\u00fdm je\u0161t\u011b v\u00fd\u0161?<\/strong><\/h2>\n<p>Dohodli jsme se, \u017ee zaplat\u00edme UCI poplatek asi 3500 eur, d\u00edky kter\u00e9mu je \u0161ance se s na\u0161\u00edm statutem dostat na z\u00e1vody Pro Series, kter\u00e9 jsou hned pod WorldTour. Ale je\u0161t\u011b to samo o sob\u011b neznamen\u00e1, \u017ee na n\u011b pojedeme. Organiz\u00e1to\u0159i n\u00e1s mus\u00ed vz\u00edt. Mysl\u00edm, \u017ee bychom se na n\u011bjak\u00e9 dostat mohli i d\u00edky spolupr\u00e1ci s jednou holandskou mana\u017eerskou firmou, kter\u00e1 n\u00e1m zaji\u0161\u0165uje n\u011bjak\u00e9 starty. Te\u010f t\u0159eba d\u00edky nim jedeme do Holandska na z\u00e1vod Ronde van Drenthe. D\u011bl\u00e1me to i kv\u016fli proto, \u017ee je tam daleko v\u011bt\u0161\u00ed porce bod\u016f, ve h\u0159e je v\u00edce ne\u017e dvojn\u00e1sobn\u00fd bodov\u00fd zisk. Chceme to posunout v\u00fd\u0161, aby kluci zkusili i n\u011bco jin\u00e9ho, proto\u017ee program m\u00e1me posledn\u00ed sezony hodn\u011b podobn\u00fd. P\u0159\u00ed\u0161t\u00ed rok bychom cht\u011bli zkusit v\u00edc z\u00e1vod\u016f vy\u0161\u0161\u00ed kategorie.<\/p>\n<h2><strong>Je pro va\u0161e sponzory d\u016fle\u017eit\u011bj\u0161\u00ed vyhr\u00e1vat doma, nebo na mezin\u00e1rodn\u00ed sc\u00e9n\u011b?<\/strong><\/h2>\n<p>Jsou to \u010desk\u00e9 firmy, tak\u017ee jsou r\u00e1di, kdy\u017e vyhrajeme mistr\u00e1k nebo \u010cesk\u00fd poh\u00e1r. Ale t\u0159eba poh\u00e1r je nepsan\u00e1 povinnost. Byla by ostuda, kdybychom ho nevyhr\u00e1li. Letos se to povedlo Zah\u00e1lkovi. Mezi t\u00fdmy jsme byli druz\u00ed, ale to jen kv\u016fli tomu, \u017ee jsme n\u011bkter\u00e9 z\u00e1vody jeli kv\u016fli soub\u011b\u017en\u00e9mu programu v\u00a0zahrani\u010d\u00ed t\u0159eba ve t\u0159ech a nebodovali jsme do t\u00fdm\u016f. Ale kdy\u017e se da\u0159\u00ed venku a povede se n\u011bjak\u00fd p\u011bkn\u00fd v\u00fdsledek, p\u00ed\u0161e se o tom v\u00edc, ne\u017e kdy\u017e n\u011bco zajedeme doma. Tak\u017ee pro na\u0161e sponzory je to \u010dasto je\u0161t\u011b v\u011bt\u0161\u00ed reklama.<\/p>\n<h2><strong>A je pro n\u011b i reklama, kdy\u017e va\u0161i nejlep\u0161\u00ed z\u00e1vodn\u00edci odejdou o patro v\u00fd\u0161?<\/strong><\/h2>\n<p>D\u00edvaj\u00ed se na to stejn\u011b jako my, tak\u017ee ur\u010dit\u011b. Ne\u0159\u00edkaj\u00ed n\u00e1m, pro\u010d jsme je neudr\u017eeli, berou to jako odm\u011bnu a dobrou vizitku na\u0161\u00ed pr\u00e1ce. My jsme taky r\u00e1di, kdy\u017e n\u011bkdo od n\u00e1s dostane laso z t\u00fdmu, kter\u00fd je o t\u0159\u00eddu v\u00fd\u0161. Byli bychom bl\u00e1zni, br\u00e1nit jim v odchodu. Nav\u00edc se z\u00e1vodn\u00edky uzav\u00edr\u00e1me jen ro\u010dn\u00ed smlouvy, tak\u017ee by stejn\u011b odej\u00edt mohli. Jen Schlegel m\u011bl dvoulet\u00fd kontrakt, ale pustli bychom ho, i kdyby m\u011bl u n\u00e1s podeps\u00e1no na deset let. Je to pro ty kluky posun v\u00fd\u0161. Dostanou se na daleko lep\u0161\u00ed z\u00e1vody, maj\u00ed mo\u017enost si vyd\u011blat p\u011bkn\u00e9 pen\u00edze\u2026<\/p>\n<p><a href=\"https:\/\/d2p6e6u75xmxt8.cloudfront.net\/13\/2021\/10\/vavra-BrychtaJan_CP_Mlada_Boleslav_20201004_163234_DSC_5042.jpg\"><img loading=\"lazy\" decoding=\"async\" class=\"alignnone size-extra-large wp-image-14871\" src=\"https:\/\/d2p6e6u75xmxt8.cloudfront.net\/13\/2021\/10\/vavra-BrychtaJan_CP_Mlada_Boleslav_20201004_163234_DSC_5042-1920x1278.jpg\" alt=\"\" width=\"1920\" height=\"1278\" \/><\/a><\/p>\n<h2><strong>Schlegel podepsal do \u0161pan\u011blsk\u00e9ho Caja Rural, Kukrle do Gazpromu. Prosad\u00ed se na lep\u0161\u00edch z\u00e1vodech?<\/strong><\/h2>\n<p>Bude z\u00e1le\u017eet na nich, jak k\u00a0tomu budou p\u0159istupovat, ale jestli budou pracovat poctiv\u011b jako dosud, tak o n\u011b nem\u00e1m strach. Bude to dal\u0161\u00ed posun, maj\u00ed \u0161anci i na n\u011bkterou Grand Tour. Douf\u00e1m, \u017ee o nich p\u0159\u00ed\u0161t\u00ed rok usly\u0161\u00edme.<\/p>\n<h2><strong>V\u00e1\u0161 t\u00fdm opou\u0161t\u00ed i Alois Ka\u0148kovsk\u00fd, kter\u00fd ukon\u010dil kari\u00e9ru\u2026<\/strong><\/h2>\n<p>A zaslou\u017e\u00ed velk\u00e9 uzn\u00e1n\u00ed. Vyhr\u00e1l toho pro n\u00e1s stra\u0161n\u011b moc, p\u0159inesl spousty bod\u016f. Nav\u00edc to byl skv\u011bl\u00fd tahoun a tmel\u00edc\u00ed \u010dl\u00e1nek v\u00a0t\u00fdmu. Je to mistr sv\u011bta, vyhr\u00e1l velk\u00e9 z\u00e1vody a kluci k\u00a0n\u011bmu m\u011bli velk\u00fd respekt. Kdy\u017e se n\u011bco pokazilo, dok\u00e1zal jim vynadat, ale stejn\u011b tak pochv\u00e1lit nebo vyhecovat. Na to, \u017ee do silnice p\u0159e\u0161el z\u00a0dr\u00e1hy, tak toho dok\u00e1zal spoustu. A v\u00e1\u017e\u00edm si i toho, \u017ee dok\u00e1zal skon\u010dit v\u00a0prav\u00fd \u010das.<\/p>\n<h2><strong>Jak bude t\u011b\u017ek\u00e9 tuto trojici nahradit?<\/strong><\/h2>\n<p>V\u011b\u0159\u00edm, \u017ee se n\u00e1m to povede, i kdy\u017e je to \u010d\u00edm d\u00e1l slo\u017eit\u011bj\u0161\u00ed. Moc dobr\u00fdch lid\u00ed u n\u00e1s nep\u0159ib\u00fdv\u00e1, ale po\u0159\u00e1d se vybrat d\u00e1. Jde k\u00a0n\u00e1m Dan Babor z\u00a0Prost\u011bjova, kter\u00fd je hodn\u011b rychl\u00fd a m\u011bl by b\u00fdt l\u00eddrem do spurt\u016f pr\u00e1v\u011b po Ka\u0148kovsk\u00e9m. S\u00a0n\u00edm ze stejn\u00e9ho t\u00fdmu p\u0159ich\u00e1z\u00ed i Filip \u0158eha, taky poctiv\u00fd kluk, pat\u0159\u00ed do kategorie U23. A z\u00a0Olomouce jsme z\u00edskali Tom\u00e1\u0161e Obdr\u017e\u00e1lka, kter\u00fd je leto\u0161n\u00ed junior a m\u011bl by b\u00fdt p\u0159\u00edslibem do budoucna. Plus m\u00e1me je\u0161t\u011b jedno nov\u00e9 zaj\u00edmav\u00e9 jm\u00e9no, ale zat\u00edm ho prozrazovat nechci.<\/p>\n<h2><strong>Bude t\u00fdm p\u0159\u00ed\u0161t\u00ed rok stejn\u011b siln\u00fd?<\/strong><\/h2>\n<p>J\u00e1 tomu v\u011b\u0159\u00edm. Z\u016fst\u00e1v\u00e1 B\u00e1rti\u010d, \u0164oupal\u00edkov\u00e9, Otruba, Zah\u00e1lka, Neuman a o t\u011bch nov\u00fdch jsme p\u0159esv\u011bd\u010deni, \u017ee je prost\u0159ed\u00ed nakopne a p\u016fjdou nahoru. Budou m\u00edt dobr\u00e9 tr\u00e9ninkov\u00e9 podm\u00ednky, v prosinci i lednu budou tr\u00e9novat ve \u0160pan\u011blsku.<\/p>\n<h2><strong>Je t\u011b\u017ek\u00e9 v\u00a0\u010desk\u00fdch podm\u00ednk\u00e1ch takov\u00fd t\u00fdm zabezpe\u010dit?<\/strong><\/h2>\n<p>My s\u00e1z\u00edme v tomhle sm\u011bru na dlouhodob\u00e9 partnery. T\u0159eba s Whirlpoolem jsme byli \u0161estn\u00e1ct let, s Authorem patn\u00e1ct. Velkou pomoc\u00ed pro n\u00e1s je, \u017ee spad\u00e1me pod Olymp, ale to n\u00e1klady rozhodn\u011b nepokryje, po\u0159\u00e1d mus\u00edme spoustu pen\u011bz sehnat. Dnes u\u017e je n\u00e1\u0161 rozpo\u010det vy\u0161\u0161\u00ed ne\u017e 20 milion\u016f na rok. D\u00edky sponzor\u016fm, kte\u0159\u00ed jsou z\u00e1rove\u0148 na\u0161i kamar\u00e1di, se to da\u0159\u00ed. Elkov je velkoobchod s elektroinstala\u010dn\u00edm materi\u00e1lem, majitelem firmy je n\u00e1\u0161 b\u00fdval\u00fd z\u00e1vodn\u00edk Michal Vodi\u010dka a \u0159editelem dal\u0161\u00ed n\u00e1\u0161 b\u00fdval\u00fd z\u00e1vodn\u00edk Martin Mare\u0161. S Rudou Kasperem, majitelem firmy Kasper, kter\u00e1 se specializuje na kovov\u00fdrobu a d\u0159evostavby, se zn\u00e1me od \u017e\u00e1\u010dk\u016f. Jezdili jsme spolu a\u017e do dorostu. Byli jsme takov\u00e1 trojka je\u0161t\u011b s Petrem Klou\u010dkem. Se v\u0161emi jsme kamar\u00e1di, ale pen\u00edze v\u00e1m nikdo zadarmo ned\u00e1. V\u0161ichni cht\u011bj\u00ed v\u00fdsledky, reklamu. Zat\u00edm jsou moc spokojeni.<\/p>\n<figure id=\"attachment_14873\" aria-describedby=\"caption-attachment-14873\" style=\"width: 1920px\" class=\"wp-caption alignnone\"><a href=\"https:\/\/d2p6e6u75xmxt8.cloudfront.net\/13\/2021\/10\/vavra-BrychtaJan_Elkov_Kasper_20210409_121329_DSC_3070-1.jpg\"><img loading=\"lazy\" decoding=\"async\" class=\"size-extra-large wp-image-14873\" src=\"https:\/\/d2p6e6u75xmxt8.cloudfront.net\/13\/2021\/10\/vavra-BrychtaJan_Elkov_Kasper_20210409_121329_DSC_3070-1-1920x1282.jpg\" alt=\"Vladim\u00edr V\u00e1vra, \u0159editel t\u00fdmu Elkov Kaser, ud\u00edl\u00ed pokyny b\u011bhem z\u00e1vodu. Foto: Jan Brychta (4x)\" width=\"1920\" height=\"1282\" \/><\/a><figcaption id=\"caption-attachment-14873\" class=\"wp-caption-text\"><em>Vladim\u00edr V\u00e1vra, \u0159editel t\u00fdmu Elkov Kaser, ud\u00edl\u00ed pokyny b\u011bhem z\u00e1vodu.\u00a0<\/em><\/figcaption><\/figure>\n<h2><strong>S\u00a0tren\u00e9rem Otou Fialou jste v\u00a0t\u00fdmu \u0159adu let nerozlu\u010dn\u00e1 dvojice. Jak dlouho u\u017e to vlastn\u011b spole\u010dn\u011b t\u00e1hnete?<\/strong><\/h2>\n<p>Od roku 1993, jsme skoro rodina\u2026 Perfektn\u011b se zn\u00e1me, dob\u0159e se dopl\u0148ujeme. Hned na za\u010d\u00e1tku jsme si \u0159ekli, kdo co bude d\u011blat, a toho se dr\u017e\u00edme. Ota se v\u011bnuje hlavn\u011b tr\u00e9nov\u00e1n\u00ed, j\u00e1 sh\u00e1n\u00edm pen\u00edze a zaji\u0161\u0165uju fungov\u00e1n\u00ed t\u00fdmu. Ale d\u016fle\u017eit\u00e1 rozhodnut\u00ed d\u011bl\u00e1me spole\u010dn\u011b a na z\u00e1vody jezd\u00edme oba. Sna\u017e\u00edme se st\u0159\u00eddat, abychom nebyli cel\u00fd rok pry\u010d.<\/p>\n<h2><strong>Uva\u017eujete v dlouhodob\u00fdch pl\u00e1nech t\u0159eba o posunu mezi prokontinent\u00e1ln\u00ed t\u00fdmy?<\/strong><\/h2>\n<p>Ne. Mysl\u00edme si, \u017ee je lep\u0161\u00ed b\u00fdt \u0161pi\u010dkov\u00fd kontinent\u00e1ln\u00ed t\u00fdm, ne\u017e podpr\u016fm\u011brn\u00fd prokonti. V\u0161echno je to o pen\u011bz\u00edch. Pokud bychom cht\u011bli hr\u00e1t n\u011bjakou aspo\u0148 trochu slu\u0161nou roli ve druh\u00e9 divizi, museli bychom m\u00edt minim\u00e1ln\u011b 3 miliony euro na rok. A to u\u017e jsou obrovsk\u00e9 pen\u00edze.<\/p>\n","protected":false},"excerpt":{"rendered":"<p>Doma t\u00fdm Elkov Kasper nem\u00e1 konkurenci. Je dlouholetou neohro\u017eenou jedni\u010dkou. Ale posledn\u00ed roky z\u00edsk\u00e1v\u00e1 st\u00e1le v\u011bt\u0161\u00ed kredit i ne mezin\u00e1rodn\u00ed [&hellip;]<\/p>\n","protected":false},"author":138,"featured_media":14872,"comment_status":"open","ping_status":"open","sticky":false,"template":"","format":"standard","meta":{"footnotes":""},"categories":[10],"tags":[126,762,9,1981],"global-categories":[411],"class_list":["post-14849","post","type-post","status-publish","format-standard","has-post-thumbnail","hentry","category-silnicni-cyklistika","tag-cyklistika","tag-elkov-kasper","tag-silnicni-cyklistika","tag-vladimir-vavra","global-categories-cycling"],"yoast_head":"<!-- This site is optimized with the Yoast SEO Premium plugin v25.3 (Yoast SEO v25.9) - https:\/\/yoast.com\/wordpress\/plugins\/seo\/ -->\n<title>\u0158editel Elkov Kasper Vladim\u00edr V\u00e1vra: Na posun v\u00fd\u0161e je pot\u0159eba 75 milion\u016f | \u0160koda We Love Cycling - \u010cesk\u00e1 republika<\/title>\n<meta name=\"description\" content=\"Vladim\u00edr V\u00e1vra je \u0161\u00e9fem \u010desk\u00e9ho silni\u010dn\u00edho t\u00fdmu Elkov Kasper, kter\u00fd u\u017e \u0159adu let s\u00edbr\u00e1 sam\u00e9 \u00fasp\u011bchy. Uva\u017euje o p\u0159estupu o level v\u00fd\u0161e?\" \/>\n<meta name=\"robots\" content=\"index, follow, max-snippet:-1, max-image-preview:large, max-video-preview:-1\" \/>\n<link rel=\"canonical\" href=\"https:\/\/www.welovecycling.com\/cs\/2021\/10\/24\/vladimir-vavra-na-posun-do-prokontinentalni-spolecnosti-je-potreba-3-miliony-eur\/\" \/>\n<meta property=\"og:locale\" content=\"cs_CZ\" \/>\n<meta property=\"og:type\" content=\"article\" \/>\n<meta property=\"og:title\" content=\"\u0158editel Elkov Kasper Vladim\u00edr V\u00e1vra: Na posun v\u00fd\u0161e je pot\u0159eba 75 milion\u016f\" \/>\n<meta property=\"og:description\" content=\"Vladim\u00edr V\u00e1vra je \u0161\u00e9fem \u010desk\u00e9ho silni\u010dn\u00edho t\u00fdmu Elkov Kasper, kter\u00fd u\u017e \u0159adu let s\u00edbr\u00e1 sam\u00e9 \u00fasp\u011bchy. Uva\u017euje o p\u0159estupu o level v\u00fd\u0161e?\" \/>\n<meta property=\"og:url\" content=\"https:\/\/www.welovecycling.com\/cs\/2021\/10\/24\/vladimir-vavra-na-posun-do-prokontinentalni-spolecnosti-je-potreba-3-miliony-eur\/\" \/>\n<meta property=\"og:site_name\" content=\"\u0160koda We Love Cycling - \u010cesk\u00e1 republika\" \/>\n<meta property=\"article:published_time\" content=\"2021-10-24T06:00:09+00:00\" \/>\n<meta property=\"article:modified_time\" content=\"2021-10-26T09:13:34+00:00\" \/>\n<meta property=\"og:image\" content=\"https:\/\/d2p6e6u75xmxt8.cloudfront.net\/13\/2021\/10\/vavra-BrychtaJan_CP_Mlada_Boleslav_20201004_175157_DSC_5197.webp\" \/>\n\t<meta property=\"og:image:width\" content=\"2000\" \/>\n\t<meta property=\"og:image:height\" content=\"1331\" \/>\n\t<meta property=\"og:image:type\" content=\"image\/webp\" \/>\n<meta name=\"author\" content=\"radekmalina\" \/>\n<meta name=\"twitter:card\" content=\"summary_large_image\" \/>\n<meta name=\"twitter:label1\" content=\"Written by\" \/>\n\t<meta name=\"twitter:data1\" content=\"Jan Kr\u016fta\" \/>\n\t<meta name=\"twitter:label2\" content=\"Est. reading time\" \/>\n\t<meta name=\"twitter:data2\" content=\"6\" \/>\n<script type=\"application\/ld+json\" class=\"yoast-schema-graph\">{\"@context\":\"https:\/\/schema.org\",\"@graph\":[{\"@type\":\"WebPage\",\"@id\":\"https:\/\/www.welovecycling.com\/cs\/2021\/10\/24\/vladimir-vavra-na-posun-do-prokontinentalni-spolecnosti-je-potreba-3-miliony-eur\/\",\"url\":\"https:\/\/www.welovecycling.com\/cs\/2021\/10\/24\/vladimir-vavra-na-posun-do-prokontinentalni-spolecnosti-je-potreba-3-miliony-eur\/\",\"name\":\"\u0158editel Elkov Kasper Vladim\u00edr V\u00e1vra: Na posun v\u00fd\u0161e je pot\u0159eba 75 milion\u016f | \u0160koda We Love Cycling - \u010cesk\u00e1 republika\",\"isPartOf\":{\"@id\":\"https:\/\/www.welovecycling.com\/cs\/#website\"},\"primaryImageOfPage\":{\"@id\":\"https:\/\/www.welovecycling.com\/cs\/2021\/10\/24\/vladimir-vavra-na-posun-do-prokontinentalni-spolecnosti-je-potreba-3-miliony-eur\/#primaryimage\"},\"image\":{\"@id\":\"https:\/\/www.welovecycling.com\/cs\/2021\/10\/24\/vladimir-vavra-na-posun-do-prokontinentalni-spolecnosti-je-potreba-3-miliony-eur\/#primaryimage\"},\"thumbnailUrl\":\"https:\/\/d2p6e6u75xmxt8.cloudfront.net\/13\/2021\/10\/vavra-BrychtaJan_CP_Mlada_Boleslav_20201004_175157_DSC_5197.webp\",\"datePublished\":\"2021-10-24T06:00:09+00:00\",\"dateModified\":\"2021-10-26T09:13:34+00:00\",\"author\":{\"@id\":\"https:\/\/www.welovecycling.com\/cs\/#\/schema\/person\/d9eeb0a378f3a7e4a6d12d2b536b04b8\"},\"description\":\"Vladim\u00edr V\u00e1vra je \u0161\u00e9fem \u010desk\u00e9ho silni\u010dn\u00edho t\u00fdmu Elkov Kasper, kter\u00fd u\u017e \u0159adu let s\u00edbr\u00e1 sam\u00e9 \u00fasp\u011bchy. Uva\u017euje o p\u0159estupu o level v\u00fd\u0161e?\",\"inLanguage\":\"cs\",\"potentialAction\":[{\"@type\":\"ReadAction\",\"target\":[\"https:\/\/www.welovecycling.com\/cs\/2021\/10\/24\/vladimir-vavra-na-posun-do-prokontinentalni-spolecnosti-je-potreba-3-miliony-eur\/\"]}]},{\"@type\":\"ImageObject\",\"inLanguage\":\"cs\",\"@id\":\"https:\/\/www.welovecycling.com\/cs\/2021\/10\/24\/vladimir-vavra-na-posun-do-prokontinentalni-spolecnosti-je-potreba-3-miliony-eur\/#primaryimage\",\"url\":\"https:\/\/d2p6e6u75xmxt8.cloudfront.net\/13\/2021\/10\/vavra-BrychtaJan_CP_Mlada_Boleslav_20201004_175157_DSC_5197.webp\",\"contentUrl\":\"https:\/\/d2p6e6u75xmxt8.cloudfront.net\/13\/2021\/10\/vavra-BrychtaJan_CP_Mlada_Boleslav_20201004_175157_DSC_5197.webp\",\"width\":2000,\"height\":1331},{\"@type\":\"WebSite\",\"@id\":\"https:\/\/www.welovecycling.com\/cs\/#website\",\"url\":\"https:\/\/www.welovecycling.com\/cs\/\",\"name\":\"\u0160koda We Love Cycling - \u010cesk\u00e1 republika\",\"description\":\"WeLoveCycling.cz je online magaz\u00edn, kter\u00fd v\u00e1m pravideln\u011b p\u0159in\u00e1\u0161\u00ed rady a tipy, zaj\u00edmav\u00e9 \u010dl\u00e1nky, videa a jedine\u010dn\u00e9 report\u00e1\u017ee ze sv\u011bta cyklistiky.\",\"potentialAction\":[{\"@type\":\"SearchAction\",\"target\":{\"@type\":\"EntryPoint\",\"urlTemplate\":\"https:\/\/www.welovecycling.com\/cs\/?s={search_term_string}\"},\"query-input\":{\"@type\":\"PropertyValueSpecification\",\"valueRequired\":true,\"valueName\":\"search_term_string\"}}],\"inLanguage\":\"cs\"},{\"@type\":\"Person\",\"@id\":\"https:\/\/www.welovecycling.com\/cs\/#\/schema\/person\/d9eeb0a378f3a7e4a6d12d2b536b04b8\",\"name\":\"radekmalina\",\"image\":{\"@type\":\"ImageObject\",\"inLanguage\":\"cs\",\"@id\":\"https:\/\/www.welovecycling.com\/cs\/#\/schema\/person\/image\/\",\"url\":\"https:\/\/secure.gravatar.com\/avatar\/66994b632cb8c39a46b9f54afa3ae07201b678d32a54275b6f1c9ffec356bfc0?s=96&d=mm&r=g\",\"contentUrl\":\"https:\/\/secure.gravatar.com\/avatar\/66994b632cb8c39a46b9f54afa3ae07201b678d32a54275b6f1c9ffec356bfc0?s=96&d=mm&r=g\",\"caption\":\"radekmalina\"},\"url\":\"https:\/\/www.welovecycling.com\/cs\/author\/radekmalina\/\"}]}<\/script>\n<!-- \/ Yoast SEO Premium plugin. -->","yoast_head_json":{"title":"\u0158editel Elkov Kasper Vladim\u00edr V\u00e1vra: Na posun v\u00fd\u0161e je pot\u0159eba 75 milion\u016f | \u0160koda We Love Cycling - \u010cesk\u00e1 republika","description":"Vladim\u00edr V\u00e1vra je \u0161\u00e9fem \u010desk\u00e9ho silni\u010dn\u00edho t\u00fdmu Elkov Kasper, kter\u00fd u\u017e \u0159adu let s\u00edbr\u00e1 sam\u00e9 \u00fasp\u011bchy. Uva\u017euje o p\u0159estupu o level v\u00fd\u0161e?","robots":{"index":"index","follow":"follow","max-snippet":"max-snippet:-1","max-image-preview":"max-image-preview:large","max-video-preview":"max-video-preview:-1"},"canonical":"https:\/\/www.welovecycling.com\/cs\/2021\/10\/24\/vladimir-vavra-na-posun-do-prokontinentalni-spolecnosti-je-potreba-3-miliony-eur\/","og_locale":"cs_CZ","og_type":"article","og_title":"\u0158editel Elkov Kasper Vladim\u00edr V\u00e1vra: Na posun v\u00fd\u0161e je pot\u0159eba 75 milion\u016f","og_description":"Vladim\u00edr V\u00e1vra je \u0161\u00e9fem \u010desk\u00e9ho silni\u010dn\u00edho t\u00fdmu Elkov Kasper, kter\u00fd u\u017e \u0159adu let s\u00edbr\u00e1 sam\u00e9 \u00fasp\u011bchy. Uva\u017euje o p\u0159estupu o level v\u00fd\u0161e?","og_url":"https:\/\/www.welovecycling.com\/cs\/2021\/10\/24\/vladimir-vavra-na-posun-do-prokontinentalni-spolecnosti-je-potreba-3-miliony-eur\/","og_site_name":"\u0160koda We Love Cycling - \u010cesk\u00e1 republika","article_published_time":"2021-10-24T06:00:09+00:00","article_modified_time":"2021-10-26T09:13:34+00:00","og_image":[{"width":2000,"height":1331,"url":"https:\/\/d2p6e6u75xmxt8.cloudfront.net\/13\/2021\/10\/vavra-BrychtaJan_CP_Mlada_Boleslav_20201004_175157_DSC_5197.webp","type":"image\/webp"}],"author":"radekmalina","twitter_card":"summary_large_image","twitter_misc":{"Written by":"Jan Kr\u016fta","Est. reading time":"6"},"schema":{"@context":"https:\/\/schema.org","@graph":[{"@type":"WebPage","@id":"https:\/\/www.welovecycling.com\/cs\/2021\/10\/24\/vladimir-vavra-na-posun-do-prokontinentalni-spolecnosti-je-potreba-3-miliony-eur\/","url":"https:\/\/www.welovecycling.com\/cs\/2021\/10\/24\/vladimir-vavra-na-posun-do-prokontinentalni-spolecnosti-je-potreba-3-miliony-eur\/","name":"\u0158editel Elkov Kasper Vladim\u00edr V\u00e1vra: Na posun v\u00fd\u0161e je pot\u0159eba 75 milion\u016f | \u0160koda We Love Cycling - \u010cesk\u00e1 republika","isPartOf":{"@id":"https:\/\/www.welovecycling.com\/cs\/#website"},"primaryImageOfPage":{"@id":"https:\/\/www.welovecycling.com\/cs\/2021\/10\/24\/vladimir-vavra-na-posun-do-prokontinentalni-spolecnosti-je-potreba-3-miliony-eur\/#primaryimage"},"image":{"@id":"https:\/\/www.welovecycling.com\/cs\/2021\/10\/24\/vladimir-vavra-na-posun-do-prokontinentalni-spolecnosti-je-potreba-3-miliony-eur\/#primaryimage"},"thumbnailUrl":"https:\/\/d2p6e6u75xmxt8.cloudfront.net\/13\/2021\/10\/vavra-BrychtaJan_CP_Mlada_Boleslav_20201004_175157_DSC_5197.webp","datePublished":"2021-10-24T06:00:09+00:00","dateModified":"2021-10-26T09:13:34+00:00","author":{"@id":"https:\/\/www.welovecycling.com\/cs\/#\/schema\/person\/d9eeb0a378f3a7e4a6d12d2b536b04b8"},"description":"Vladim\u00edr V\u00e1vra je \u0161\u00e9fem \u010desk\u00e9ho silni\u010dn\u00edho t\u00fdmu Elkov Kasper, kter\u00fd u\u017e \u0159adu let s\u00edbr\u00e1 sam\u00e9 \u00fasp\u011bchy. Uva\u017euje o p\u0159estupu o level v\u00fd\u0161e?","inLanguage":"cs","potentialAction":[{"@type":"ReadAction","target":["https:\/\/www.welovecycling.com\/cs\/2021\/10\/24\/vladimir-vavra-na-posun-do-prokontinentalni-spolecnosti-je-potreba-3-miliony-eur\/"]}]},{"@type":"ImageObject","inLanguage":"cs","@id":"https:\/\/www.welovecycling.com\/cs\/2021\/10\/24\/vladimir-vavra-na-posun-do-prokontinentalni-spolecnosti-je-potreba-3-miliony-eur\/#primaryimage","url":"https:\/\/d2p6e6u75xmxt8.cloudfront.net\/13\/2021\/10\/vavra-BrychtaJan_CP_Mlada_Boleslav_20201004_175157_DSC_5197.webp","contentUrl":"https:\/\/d2p6e6u75xmxt8.cloudfront.net\/13\/2021\/10\/vavra-BrychtaJan_CP_Mlada_Boleslav_20201004_175157_DSC_5197.webp","width":2000,"height":1331},{"@type":"WebSite","@id":"https:\/\/www.welovecycling.com\/cs\/#website","url":"https:\/\/www.welovecycling.com\/cs\/","name":"\u0160koda We Love Cycling - \u010cesk\u00e1 republika","description":"WeLoveCycling.cz je online magaz\u00edn, kter\u00fd v\u00e1m pravideln\u011b p\u0159in\u00e1\u0161\u00ed rady a tipy, zaj\u00edmav\u00e9 \u010dl\u00e1nky, videa a jedine\u010dn\u00e9 report\u00e1\u017ee ze sv\u011bta cyklistiky.","potentialAction":[{"@type":"SearchAction","target":{"@type":"EntryPoint","urlTemplate":"https:\/\/www.welovecycling.com\/cs\/?s={search_term_string}"},"query-input":{"@type":"PropertyValueSpecification","valueRequired":true,"valueName":"search_term_string"}}],"inLanguage":"cs"},{"@type":"Person","@id":"https:\/\/www.welovecycling.com\/cs\/#\/schema\/person\/d9eeb0a378f3a7e4a6d12d2b536b04b8","name":"radekmalina","image":{"@type":"ImageObject","inLanguage":"cs","@id":"https:\/\/www.welovecycling.com\/cs\/#\/schema\/person\/image\/","url":"https:\/\/secure.gravatar.com\/avatar\/66994b632cb8c39a46b9f54afa3ae07201b678d32a54275b6f1c9ffec356bfc0?s=96&d=mm&r=g","contentUrl":"https:\/\/secure.gravatar.com\/avatar\/66994b632cb8c39a46b9f54afa3ae07201b678d32a54275b6f1c9ffec356bfc0?s=96&d=mm&r=g","caption":"radekmalina"},"url":"https:\/\/www.welovecycling.com\/cs\/author\/radekmalina\/"}]}},"_links":{"self":[{"href":"https:\/\/www.welovecycling.com\/cs\/wp-json\/wp\/v2\/posts\/14849","targetHints":{"allow":["GET"]}}],"collection":[{"href":"https:\/\/www.welovecycling.com\/cs\/wp-json\/wp\/v2\/posts"}],"about":[{"href":"https:\/\/www.welovecycling.com\/cs\/wp-json\/wp\/v2\/types\/post"}],"author":[{"embeddable":true,"href":"https:\/\/www.welovecycling.com\/cs\/wp-json\/wp\/v2\/users\/138"}],"replies":[{"embeddable":true,"href":"https:\/\/www.welovecycling.com\/cs\/wp-json\/wp\/v2\/comments?post=14849"}],"version-history":[{"count":2,"href":"https:\/\/www.welovecycling.com\/cs\/wp-json\/wp\/v2\/posts\/14849\/revisions"}],"predecessor-version":[{"id":14904,"href":"https:\/\/www.welovecycling.com\/cs\/wp-json\/wp\/v2\/posts\/14849\/revisions\/14904"}],"wp:featuredmedia":[{"embeddable":true,"href":"https:\/\/www.welovecycling.com\/cs\/wp-json\/wp\/v2\/media\/14872"}],"wp:attachment":[{"href":"https:\/\/www.welovecycling.com\/cs\/wp-json\/wp\/v2\/media?parent=14849"}],"wp:term":[{"taxonomy":"category","embeddable":true,"href":"https:\/\/www.welovecycling.com\/cs\/wp-json\/wp\/v2\/categories?post=14849"},{"taxonomy":"post_tag","embeddable":true,"href":"https:\/\/www.welovecycling.com\/cs\/wp-json\/wp\/v2\/tags?post=14849"},{"taxonomy":"global-categories","embeddable":true,"href":"https:\/\/www.welovecycling.com\/cs\/wp-json\/wp\/v2\/global-categories?post=14849"}],"curies":[{"name":"wp","href":"https:\/\/api.w.org\/{rel}","templated":true}]}}