{"id":14807,"date":"2021-10-15T12:15:45","date_gmt":"2021-10-15T10:15:45","guid":{"rendered":"https:\/\/www.welovecycling.com\/cs\/?p=14807"},"modified":"2021-10-15T08:01:05","modified_gmt":"2021-10-15T06:01:05","slug":"roman-kreuziger-legenda-ktera-vybojovala-nejlepsi-cesky-vysledek-z-grand-tour","status":"publish","type":"post","link":"https:\/\/www.welovecycling.com\/cs\/2021\/10\/15\/roman-kreuziger-legenda-ktera-vybojovala-nejlepsi-cesky-vysledek-z-grand-tour\/","title":{"rendered":"Roman Kreuziger: legenda, kter\u00e1 vybojovala nejlep\u0161\u00ed \u010desk\u00fd v\u00fdsledek z Grand Tour"},"content":{"rendered":"<p><strong>U\u017e \u017e\u00e1dn\u00e9 ostr\u00e9 kilometry v pelotonu, u\u017e \u017e\u00e1dn\u00e1 muka nekone\u010dn\u00e9ho naj\u00ed\u017ed\u011bn\u00ed kilometr\u016f p\u0159ed dal\u0161\u00ed sezonou. Roman Kreuziger ozn\u00e1mil konec kari\u00e9ry. Jeden z nejlep\u0161\u00edch cyklist\u016f na\u0161\u00ed historie, pro mnoh\u00e9 ten \u00fapln\u011b nejlep\u0161\u00ed, v p\u011btat\u0159iceti letech opou\u0161t\u00ed jako z\u00e1vodn\u00edk profesion\u00e1ln\u00ed peloton.<\/strong><\/p>\n<p>V\u011bd\u011bli jste, \u017ee u\u017e v patn\u00e1cti opustil rodinu? Pro\u010d opustil movitou Astanu a podepsal kontraktu v t\u00fdmu Saxo Bank?<\/p>\n<p>Jak\u00e1 byla cesta Romana Kreuzigera, kter\u00fd vyhr\u00e1l jednor\u00e1zovky i t\u011b\u017ek\u00e9 etapov\u00e9 z\u00e1vody, je juniorsk\u00fdm mistrem sv\u011bta, n\u011bkolikr\u00e1t dok\u00e1zal b\u00fdt v top 10 na Grand Tour, pro\u0161el nejlep\u0161\u00edmi t\u00fdmy sv\u011bta a z\u00e1vodil po boku \u0159ady hv\u011bzd?<\/p>\n<h2><strong>V\u00a0patn\u00e1cti do \u0160v\u00fdcarska<\/strong><\/h2>\n<p>Jeho t\u00e1ta, b\u00fdval\u00fd \u00fasp\u011b\u0161n\u00fd reprezentant a rovn\u011b\u017e skv\u011bl\u00fd z\u00e1vodn\u00edk, dob\u0159e v\u011bd\u011bl, \u017ee jestli m\u00e1 z kluka n\u011bco b\u00fdt, pot\u0159ebuje se j\u00edt co nejd\u0159\u00edv otrkat v zahrani\u010d\u00ed. A tak, sotva Roman vy\u0161el z\u00e1kladn\u00ed \u0161kolu, poslal ho do \u0160v\u00fdcarska, kde studoval, tr\u00e9noval, z\u00e1vodil a pomalu se rozkouk\u00e1val ve sv\u011bt\u011b jako takov\u00e9m, nejen cyklistick\u00e9m.<\/p>\n<p>\u201eNebylo to pro m\u011b jednoduch\u00e9 odjet v\u00a0patn\u00e1cti s\u00e1m do ciz\u00ed zem\u011b bez rodiny. Ze za\u010d\u00e1tku jsem to zvl\u00e1dal t\u011b\u017eko, ale zvykl jsem si. Dalo mi to hrozn\u011b moc, a i d\u00edky tomu jsem vyhr\u00e1l jako junior mistrovstv\u00ed sv\u011bta,\u201c vzpom\u00ednal.<\/p>\n<p>T\u00e1ta Roman, \u00fasp\u011b\u0161n\u00fd z\u00e1vodn\u00edk a posl\u00e9ze \u00fasp\u011b\u0161n\u00fd podnikatel, dop\u0159\u00e1l od \u00fatl\u00e9ho v\u011bku synovi perfektn\u00ed vybaven\u00ed a mohl si dovolit platit Romanovi pobyt v\u00a0cizin\u011b. Rodina tehdy nav\u00edc m\u011bla nemovitost na Mallorce, tak\u017ee m\u011bl mo\u017enost tr\u00e9novat v\u00a0zimn\u00edch m\u011bs\u00edc\u00edch neust\u00e1le v\u00a0ide\u00e1ln\u00edch klimatick\u00fdch podm\u00ednk\u00e1ch.<\/p>\n<p>\u201ePobyt v cizin\u011b mu dal hodn\u011b ze sportovn\u00edho hlediska a taky z lidsk\u00e9ho. Brzy se osamostatnil. Rychle se otrkal v ciz\u00ed zemi, nau\u010dil se \u0159e\u010d a nem\u011bl probl\u00e9m sednout v patn\u00e1cti s\u00e1m do letadla a p\u0159ilet\u011bt za n\u00e1mi t\u0159eba na Mallorku,\u201c \u0159\u00edkal t\u00e1ta Kreuziger.<\/p>\n<h2><strong>Juniorsk\u00fd mistr sv\u011bta<\/strong><\/h2>\n<p>Prvn\u00ed z velk\u00fdch miln\u00edk\u016f jeho kari\u00e9ry p\u0159i\u0161el na mistrovstv\u00ed sv\u011bta v It\u00e1lii 2004. M\u011bl za sebou skv\u011blou sezonu, u\u017e na jej\u00edm za\u010d\u00e1tku z\u00edskal titul vicemistra sv\u011bta v cyklokrosu mezi juniory, na silnici vyhr\u00e1l Z\u00e1vod m\u00edru junior\u016f nebo z\u00e1vod Giro della Toscana a na \u0161ampion\u00e1t jel jako jeden z favorit\u016f. V \u010dasovce vybojoval st\u0159\u00edbro a v silni\u010dn\u00edm z\u00e1vod\u011b vystoupil na nejvy\u0161\u0161\u00ed stupe\u0148.<\/p>\n<figure id=\"attachment_14808\" aria-describedby=\"caption-attachment-14808\" style=\"width: 1312px\" class=\"wp-caption alignnone\"><a href=\"https:\/\/d2p6e6u75xmxt8.cloudfront.net\/13\/2021\/10\/Kreuziger-profimedia-0015963353.jpg\"><img loading=\"lazy\" decoding=\"async\" class=\"size-full wp-image-14808\" src=\"https:\/\/d2p6e6u75xmxt8.cloudfront.net\/13\/2021\/10\/Kreuziger-profimedia-0015963353.jpg\" alt=\"Roman Kreuziger slav\u00ed titul juniorsk\u00e9ho mistra sv\u011bta. Foto: profimedia (7x)\" width=\"1312\" height=\"1800\" \/><\/a><figcaption id=\"caption-attachment-14808\" class=\"wp-caption-text\"><em>Roman Kreuziger slav\u00ed titul juniorsk\u00e9ho mistra sv\u011bta. Foto: profimedia (7x)<\/em><\/figcaption><\/figure>\n<p>Doma byl vyhl\u00e1\u0161en Kr\u00e1lem cyklistiky a stal se nejmlad\u0161\u00edm v\u00edt\u011bzem ankety.<\/p>\n<p>Po zisku titulu podepsal dvouletou smlouvu s\u00a0italsk\u00fdm t\u00fdmem do 23 let GS Podenzano s\u00a0n\u00e1vaznost\u00ed na elitn\u00ed st\u00e1j Liquigas. A jeho velk\u00e1 kari\u00e9ra mohla za\u010d\u00edt naplno. Jeho profesion\u00e1ln\u00ed r\u016fst pokra\u010doval, i v\u00a0kategorii U23 bojoval o nejvy\u0161\u0161\u00ed p\u0159\u00ed\u010dky na nejlep\u0161\u00edch z\u00e1vodech a Liquigas si ho vzal do t\u00fdmu u\u017e v\u00a0roce 2006. Stal se skute\u010dn\u00fdm profesion\u00e1lem.<\/p>\n<h2><strong>P\u011bt let v\u00a0Liquigasu<\/strong><\/h2>\n<p>T\u00fdm, ve kter\u00e9m se c\u00edtil jako doma. Um\u011bl italsky, rodina m\u011bla d\u016fm u Lago di Garda, tak\u017ee tam mohl bydlet i tr\u00e9novat a vyr\u00e1\u017eet s\u00a0t\u00fdmem na z\u00e1vody. Postupn\u011b se vypracoval v\u00a0jednoho z\u00a0kl\u00ed\u010dov\u00fdch z\u00e1vodn\u00edk\u016f. Zku\u0161enosti sb\u00edral po boku borc\u016f, jak\u00fdmi byli t\u0159eba Nibali nebo Basso, posledn\u00edm rokem se v\u00a0jednom t\u00fdmu se\u0161el i s\u00a0Peterem Saganem.<\/p>\n<p>Prvn\u00ed rok m\u011bl na rozkouk\u00e1v\u00e1n\u00ed ve sv\u011bt\u011b velk\u00e9 cyklistiky, ale dok\u00e1zal b\u00fdt t\u0159eba 15. Kolem Polska. Nejel \u017e\u00e1dnou Grand Tour, na tu se pod\u00edval a\u017e v\u00a0roce 2007. Byla to \u0161pan\u011blsk\u00e1 Vuelta, kde jako debutant obsadil 21. m\u00edsto v\u00a0celkov\u00e9m po\u0159ad\u00ed.<\/p>\n<figure id=\"attachment_14813\" aria-describedby=\"caption-attachment-14813\" style=\"width: 1800px\" class=\"wp-caption alignnone\"><a href=\"https:\/\/d2p6e6u75xmxt8.cloudfront.net\/13\/2021\/10\/Kreuziger-profimedia-0226635841-Tour-de-France-bily-dres-2009.jpg\"><img loading=\"lazy\" decoding=\"async\" class=\"size-full wp-image-14813\" src=\"https:\/\/d2p6e6u75xmxt8.cloudfront.net\/13\/2021\/10\/Kreuziger-profimedia-0226635841-Tour-de-France-bily-dres-2009.jpg\" alt=\"Roman Kreuziger v b\u00edl\u00e9m dresu pro nejlep\u0161\u00edho jezdce Tour de France do 25 let.\" width=\"1800\" height=\"1329\" \/><\/a><figcaption id=\"caption-attachment-14813\" class=\"wp-caption-text\"><em>Roman Kreuziger v b\u00edl\u00e9m dresu pro nejlep\u0161\u00edho jezdce Tour de France do 25 let.<\/em><\/figcaption><\/figure>\n<p>V dresu Liquigasu dok\u00e1zal zaj\u00ed\u017ed\u011bt skv\u011bl\u00e9 v\u00fdsledky. Vyhr\u00e1l nap\u0159. Kolem \u0160v\u00fdcarska (2008), Kolem Romandie (2009), Clasicu San Sebastian (2009, v\u00edt\u011bzstv\u00ed mu p\u0159ipadlo a\u017e po dodate\u010dn\u00e9 diskvalifikaci \u0160pan\u011bla Barreda za doping), Kolem Sardinie (2010).<\/p>\n<figure id=\"attachment_14812\" aria-describedby=\"caption-attachment-14812\" style=\"width: 1800px\" class=\"wp-caption alignnone\"><a href=\"https:\/\/d2p6e6u75xmxt8.cloudfront.net\/13\/2021\/10\/Kreuziger-profimedia-0224698178-2008-svycarsko.jpg\"><img loading=\"lazy\" decoding=\"async\" class=\"size-full wp-image-14812\" src=\"https:\/\/d2p6e6u75xmxt8.cloudfront.net\/13\/2021\/10\/Kreuziger-profimedia-0224698178-2008-svycarsko.jpg\" alt=\"Roman Kreuziger p\u0159i triumfu v z\u00e1vod\u011b Kolem \u0160v\u00fdcarska.\" width=\"1800\" height=\"1199\" \/><\/a><figcaption id=\"caption-attachment-14812\" class=\"wp-caption-text\"><em>Roman Kreuziger p\u0159i triumfu v z\u00e1vod\u011b Kolem \u0160v\u00fdcarska.<\/em><\/figcaption><\/figure>\n<p>V roce 2008 jel poprv\u00e9 Tour de France, kde skon\u010dil 12. a druh\u00e9 m\u00edsto bral v sout\u011b\u017ei o b\u00edl\u00fd dres pro nejlep\u0161\u00edho mlad\u00e9ho z\u00e1vodn\u00edka. O rok pozd\u011bji byl na Tour de France osm\u00fd, a to sam\u00e9 zopakoval i v roce 2010.<\/p>\n<h2><strong>Velk\u00e9 pen\u00edze v\u00a0Astan\u011b a ho\u0159k\u00fd konec<\/strong><\/h2>\n<p>Roman si v Liquigasu ud\u011blal velk\u00e9 jm\u00e9no. V\u011bd\u011blo se, \u017ee jde o jezdce na velk\u00e9 etapov\u00e9 z\u00e1vody s potenci\u00e1lem bojovat i na Grand Tour o nejvy\u0161\u0161\u00ed p\u0159\u00ed\u010dky v celkov\u00e9m po\u0159ad\u00ed. A s t\u00edm ho brala kaza\u0161sk\u00e1 Astana. T\u00fdm, kde pen\u00edze nebyly probl\u00e9m a pat\u0159il k nejbohat\u0161\u00edm na sv\u011bt\u011b. I Kreuziger tehdy dostal par\u00e1dn\u00ed kontrakt. \u201eAle pen\u00edze v p\u0159estupu nehr\u00e1ly velkou roli. V Liquigasu jsem pro\u017eil p\u011bt hezk\u00fdch let a c\u00edtil jsem, \u017ee pot\u0159ebuji zm\u011bnu, jinak se zaseknu,\u201c vysv\u011btloval tehdy.<\/p>\n<figure id=\"attachment_14809\" aria-describedby=\"caption-attachment-14809\" style=\"width: 1800px\" class=\"wp-caption alignnone\"><a href=\"https:\/\/d2p6e6u75xmxt8.cloudfront.net\/13\/2021\/10\/Kreuziger-profimedia-0129747365-Astana.jpg\"><img loading=\"lazy\" decoding=\"async\" class=\"size-full wp-image-14809\" src=\"https:\/\/d2p6e6u75xmxt8.cloudfront.net\/13\/2021\/10\/Kreuziger-profimedia-0129747365-Astana.jpg\" alt=\"Astana p\u0159inesla \u010desk\u00e9mu profesion\u00e1lovi zejm\u00e9na roz\u010darov\u00e1n\u00ed.\" width=\"1800\" height=\"1290\" \/><\/a><figcaption id=\"caption-attachment-14809\" class=\"wp-caption-text\"><em>Astana p\u0159inesla \u010desk\u00e9mu profesion\u00e1lovi zejm\u00e9na roz\u010darov\u00e1n\u00ed.<\/em><\/figcaption><\/figure>\n<p>Hned v prvn\u00ed sezon\u011b v nov\u00e9m t\u00fdmu dojel p\u00e1t\u00fd na Giru, byl 4. na Lutychu a \u010dekalo se, \u017ee dal\u0161\u00ed rok bude bojovat na Grand Tour o top 3.<\/p>\n<p>Ale to se nepovedlo.\u00a0 Na Grande Boucle byl a\u017e patn\u00e1ct\u00fd a jedno etapov\u00e9 v\u00edt\u011bzstv\u00ed bylo pro t\u00fdm slabou n\u00e1plast\u00ed na v\u00fdkon jejich l\u00eddra. A na jeho bedra se za\u010dala sn\u00e1\u0161et vlna kritiky od \u0161\u00e9f\u016f. \u201eNenaplnil potenci\u00e1l, mus\u00ed n\u011bco z\u00e1sadn\u011b zm\u011bnit,\u201c \u0159\u00edkal tehdy mana\u017eer Astany Martinelli. Tak\u017ee bylo jasn\u00e9, \u017ee se jeho anga\u017em\u00e1 ch\u00fdl\u00ed ke konci.<\/p>\n<h2><strong>Do Saxa za Riisem<\/strong><\/h2>\n<p>N\u00e1sleduj\u00edc\u00ed \u010dty\u0159i roky se jeho zam\u011bstnavatelem stal t\u00fdm zku\u0161en\u00e9ho d\u00e1nsk\u00e9ho mana\u017eera a b\u00fdval\u00e9ho profesion\u00e1la Bjarna Riiseho, kter\u00fd brzy koupil rusk\u00fd miliard\u00e1\u0159 Oleg Tinkov.<\/p>\n<div class=\"shortcode-ys-post-pinup\"><article class=\"loop-simple post-14277 post type-post status-publish format-standard has-post-thumbnail hentry category-podcasty tag-cross-country tag-cyklistika tag-horska-cyklistika tag-mistrovstvi-sveta tag-olympijske-hry tag-ondrej-cink tag-podcast tag-silnicni-cyklistika tag-tokio tag-tom-pidcock tag-trenink global-categories-cycling\" data-postid=\"14277\" role=\"article\" data-post-id=\"14277\" data-word-count=\"265\" data-headline-length=\"93\" data-category=\"Podcasty\" data-global-category=\"Cycling\" data-author=\"We Love Cycling\" data-published=\"2021-09-02T12:00:11+02:00\" data-published-day=\"Thursday\">\n    <div class=\"entry-thumbnail article-thumbnail\" content=\"https:\/\/d2p6e6u75xmxt8.cloudfront.net\/13\/2021\/08\/WC-MCR-XCO_12-cink-150x150.webp\"><a href=\"https:\/\/www.welovecycling.com\/cs\/2021\/09\/02\/podcast-ondrej-cink-nepratelstvi-na-silnici-jsem-vymenil-za-rodinny-svet-biku\/\" class=\"image-holder\" target=\"_self\"><img decoding=\"async\" loading=\"lazy\" class=\"\" src=\"https:\/\/d2p6e6u75xmxt8.cloudfront.net\/13\/2021\/08\/WC-MCR-XCO_12-cink-1024x682.webp\" srcset=\"https:\/\/d2p6e6u75xmxt8.cloudfront.net\/13\/2021\/08\/WC-MCR-XCO_12-cink.webp 2000w, https:\/\/d2p6e6u75xmxt8.cloudfront.net\/13\/2021\/08\/WC-MCR-XCO_12-cink-300x200.webp 300w, https:\/\/d2p6e6u75xmxt8.cloudfront.net\/13\/2021\/08\/WC-MCR-XCO_12-cink-1024x682.webp 1024w, https:\/\/d2p6e6u75xmxt8.cloudfront.net\/13\/2021\/08\/WC-MCR-XCO_12-cink-768x512.webp 768w, https:\/\/d2p6e6u75xmxt8.cloudfront.net\/13\/2021\/08\/WC-MCR-XCO_12-cink-1536x1024.webp 1536w, https:\/\/d2p6e6u75xmxt8.cloudfront.net\/13\/2021\/08\/WC-MCR-XCO_12-cink-1920x1280.webp 1920w, https:\/\/d2p6e6u75xmxt8.cloudfront.net\/13\/2021\/08\/WC-MCR-XCO_12-cink-272x182.webp 272w, https:\/\/d2p6e6u75xmxt8.cloudfront.net\/13\/2021\/08\/WC-MCR-XCO_12-cink-1920x1280.webp 1920w\" width=\"1024\" height=\"682\" sizes=\"auto, (min-width: 1200px) 300px, (min-width: 768px) 25vw, 100vw\" alt=\"podcast-ondrej-cink-nepratelstvi-na-silnici-jsem-vymenil-za-rodinny-svet-biku\"\/><\/a><\/div>    <div class=\"entry-meta\">\n        <a class=\"label label-secondary post-category\" href=\"https:\/\/www.welovecycling.com\/cs\/category\/podcasty\/\" title=\"Podcasty\">Podcasty<\/a>\n    <\/div>\n    <div class=\"entry-details\">\n        <a href=\"https:\/\/www.welovecycling.com\/cs\/2021\/09\/02\/podcast-ondrej-cink-nepratelstvi-na-silnici-jsem-vymenil-za-rodinny-svet-biku\/\" class='entry-title-wrapper'>\n            <h3 class=\"entry-title\"><span>WLC Podcast Ond\u0159ej Cink: Nep\u0159\u00e1telstv\u00ed na silnici jsem vym\u011bnil za rodinn\u00fd sv\u011bt bik\u016f \u00a0<\/span><\/h3>\n        <\/a>\n    <\/div>\n    <\/article>\n<\/div>\n<p>\u201eT\u00fdm Saxo-Tinkoff byl nejlep\u0161\u00edm \u0159e\u0161en\u00edm. Cht\u011bli m\u011b u\u017e v dob\u011b, ne\u017e jsem podepsal do Astany. Rozhodla i p\u0159\u00edtomnost Bjarna. Kdo s n\u00edm pracoval, zvedl se a byl dobr\u00fd. A j\u00e1 pot\u0159ebuju n\u011bkoho, kdo m\u011b zase dostane na spr\u00e1vnou lajnu,\u201c l\u00ed\u010dil tehdy Roman Kreuziger d\u016fvody p\u0159estupu.<\/p>\n<p>Byl jedn\u00edm z\u00a0l\u00eddr\u016f, m\u011bl fantastick\u00e9ho u\u010ditele v\u00a0osob\u011b Alberta Contadora. V\u00a0t\u00fdmu nakonec str\u00e1vil \u010dty\u0159i roky. A p\u0159ipsal si \u0159adu cenn\u00fdch v\u00fdsledk\u016f. Hned v\u00a0roce 2013 vyhr\u00e1l Amstel Gold Race, byl p\u00e1t\u00fd na Tour de France hned za Contadorem. Na Tour de France pak skon\u010dil 10. v\u00a0roce 2016, vybojoval n\u011bkolik um\u00edst\u011bn\u00ed v\u00a0top 10 na obl\u00edben\u00fdch ardensk\u00fdch klasik\u00e1ch.<\/p>\n<h2><strong>Obvin\u011bn\u00ed z\u00a0dopingu<\/strong><\/h2>\n<p>Jeho anga\u017em\u00e1 v\u00a0Saxu ov\u0161em nebylo zcela bez komplikac\u00ed. V\u00a0l\u00e9t\u011b 2013 ho kontaktovala UCI ohledn\u011b nesrovnalost\u00ed v\u00a0biologick\u00e9m pasu v\u00a0letech 2011 a 2012, kdy p\u016fsobil v\u00a0Astan\u011b. Poskytl v\u0161echna vysv\u011btlen\u00ed, anal\u00fdzy vzork\u016f, ale UCI vydala v\u00a0roce 2014 prohl\u00e1\u0161en\u00ed, \u017ee jeho vysv\u011btlen\u00ed nep\u0159ijala.<\/p>\n<figure id=\"attachment_14811\" aria-describedby=\"caption-attachment-14811\" style=\"width: 1800px\" class=\"wp-caption alignnone\"><a href=\"https:\/\/d2p6e6u75xmxt8.cloudfront.net\/13\/2021\/10\/Kreuziger-profimedia-0166567812-doping.jpg\"><img loading=\"lazy\" decoding=\"async\" class=\"size-full wp-image-14811\" src=\"https:\/\/d2p6e6u75xmxt8.cloudfront.net\/13\/2021\/10\/Kreuziger-profimedia-0166567812-doping.jpg\" alt=\"Obvin\u011bn\u00ed z dopingu se t\u00e1hlo nekone\u010dn\u011b dlouhou dobu.\" width=\"1800\" height=\"1198\" \/><\/a><figcaption id=\"caption-attachment-14811\" class=\"wp-caption-text\"><em>Obvin\u011bn\u00ed z dopingu se t\u00e1hlo nekone\u010dn\u011b dlouhou dobu.<\/em><\/figcaption><\/figure>\n<p>Nemohl jet na Tour de France a za\u010dalo obdob\u00ed vysv\u011btlov\u00e1n\u00ed, odvol\u00e1v\u00e1n\u00ed, ale tak\u00e9 nejistoty. Ta trvala 709 dn\u00ed, kdy sice mohl z\u00e1vodit, ale nev\u011bd\u011bl, co bude. Jeho p\u0159\u00edpadu se ujal advok\u00e1t Jan \u0160\u0165ov\u00ed\u010dek, a nakonec slavili v\u00edt\u011bzstv\u00ed. V\u00a0\u010dervnu 2015.<\/p>\n<p>\u201eJsem \u0161\u0165astn\u00fd, \u017ee to m\u00e1me za sebou a m\u016f\u017eu se zase naplno v\u011bnovat jen z\u00e1vod\u011bn\u00ed. \u010cek\u00e1n\u00ed bylo hodn\u011b dlouh\u00e9 a jsem r\u00e1d, \u017ee pravda vy\u0161la najevo,\u201c \u0159ekl Kreuziger.<\/p>\n<h2><strong>Australsk\u00e1 mise<\/strong><\/h2>\n<p>Pro sezony 2017-2018 se stal jeho nov\u00fdm zam\u011bstnavatelem australsk\u00fd T\u00fdm Orica, kter\u00fd druh\u00fdm rokem p\u016fsobil ve World Tour jako Mitchelton-Scott. \u201eOrica mi p\u0159i\u0161la jako ide\u00e1ln\u00ed volba. Je to pohodov\u00fd t\u00fdm s \u0159adou mlad\u0161\u00edch z\u00e1vodn\u00edk\u016f, kte\u0159\u00ed snad ocen\u00ed moje zku\u0161enosti,\u201c tvrdil po podpisu smlouvy.<\/p>\n<div class=\"shortcode-ys-post-pinup\"><article class=\"loop-simple post-10569 post type-post status-publish format-standard has-post-thumbnail hentry category-zeny tag-cyklistika tag-horska-cyklistika tag-jana-zidekova tag-kolo-pro-zivot tag-nova-cup-2020 tag-roman-kreuziger tag-silnicni-cyklistika tag-zeny global-categories-cycling\" data-postid=\"10569\" role=\"article\" data-post-id=\"10569\" data-word-count=\"746\" data-headline-length=\"90\" data-category=\"\u017deny\" data-global-category=\"Cycling\" data-author=\"Michaela Bu\u010dkov\u00e1\" data-published=\"2020-11-09T06:30:25+02:00\" data-published-day=\"Monday\">\n    <div class=\"entry-thumbnail article-thumbnail\" content=\"https:\/\/d2p6e6u75xmxt8.cloudfront.net\/13\/2020\/11\/zidekova-titul-4-150x150.webp\"><a href=\"https:\/\/www.welovecycling.com\/cs\/2020\/11\/09\/kolo-je-svoboda-a-zavislost-smeje-se-zena-ktera-chysta-jidelnicek-pro-kreuzigera\/\" class=\"image-holder\" target=\"_self\"><img decoding=\"async\" loading=\"lazy\" class=\"\" src=\"https:\/\/d2p6e6u75xmxt8.cloudfront.net\/13\/2020\/11\/zidekova-titul-4-1024x800.webp\" srcset=\"https:\/\/d2p6e6u75xmxt8.cloudfront.net\/13\/2020\/11\/zidekova-titul-4.webp 2441w, https:\/\/d2p6e6u75xmxt8.cloudfront.net\/13\/2020\/11\/zidekova-titul-4-300x234.webp 300w, https:\/\/d2p6e6u75xmxt8.cloudfront.net\/13\/2020\/11\/zidekova-titul-4-1024x800.webp 1024w, https:\/\/d2p6e6u75xmxt8.cloudfront.net\/13\/2020\/11\/zidekova-titul-4-768x600.webp 768w, https:\/\/d2p6e6u75xmxt8.cloudfront.net\/13\/2020\/11\/zidekova-titul-4-1536x1201.webp 1536w, https:\/\/d2p6e6u75xmxt8.cloudfront.net\/13\/2020\/11\/zidekova-titul-4-2048x1601.webp 2048w, https:\/\/d2p6e6u75xmxt8.cloudfront.net\/13\/2020\/11\/zidekova-titul-4-1920x1501.webp 1920w, https:\/\/d2p6e6u75xmxt8.cloudfront.net\/13\/2020\/11\/zidekova-titul-4-1920x1501.webp 1920w\" width=\"1024\" height=\"800\" sizes=\"auto, (min-width: 1200px) 300px, (min-width: 768px) 25vw, 100vw\" alt=\"kolo-je-svoboda-a-zavislost-smeje-se-zena-ktera-chysta-jidelnicek-pro-kreuzigera\"\/><\/a><\/div>    <div class=\"entry-meta\">\n        <a class=\"label label-secondary post-category\" href=\"https:\/\/www.welovecycling.com\/cs\/category\/zeny\/\" title=\"\u017deny\">\u017deny<\/a>\n    <\/div>\n    <div class=\"entry-details\">\n        <a href=\"https:\/\/www.welovecycling.com\/cs\/2020\/11\/09\/kolo-je-svoboda-a-zavislost-smeje-se-zena-ktera-chysta-jidelnicek-pro-kreuzigera\/\" class='entry-title-wrapper'>\n            <h3 class=\"entry-title\"><span>Kolo je svoboda a z\u00e1vislost, sm\u011bje se \u017eena, kter\u00e1 chyst\u00e1 j\u00eddeln\u00ed\u010dek pro Kreuzigera<\/span><\/h3>\n        <\/a>\n    <\/div>\n    <\/article>\n<\/div>\n<p>Na Grand Tour u\u017e sice \u017e\u00e1dnou velkou d\u00edru do sv\u011bta neud\u011blal, ale hned v prvn\u00edm roce u Australan\u016f vyhr\u00e1l t\u011b\u017ekou jednor\u00e1zovku PRO \u00d6tztaler v Rakousku a v roce 2018 za\u017eil skv\u011blou sezonu. Byl druh\u00fd na Amstelu, \u010dtvrt\u00fd na Valonsk\u00e9m \u0161\u00edpu a osm\u00fd na Lutychu, v silni\u010dn\u00edm z\u00e1vod\u011b na mistrovstv\u00ed sv\u011bta vybojoval v Rakousku skv\u011bl\u00e9 \u0161est\u00e9 m\u00edsto.<\/p>\n<h2><strong>Z\u00a0Austr\u00e1lie do JAR<\/strong><\/h2>\n<p>Po dvou letech p\u0159i\u0161lo dal\u0161\u00ed st\u011bhov\u00e1n\u00ed, tentokr\u00e1t do t\u00fdmu s jihoafrickou licenc\u00ed Dimension Data.<\/p>\n<figure id=\"attachment_9488\" aria-describedby=\"caption-attachment-9488\" style=\"width: 1280px\" class=\"wp-caption alignnone\"><a href=\"https:\/\/d2p6e6u75xmxt8.cloudfront.net\/13\/2020\/08\/Roman-Kreuziger-SaudiTour_GettySport6.jpg\"><img loading=\"lazy\" decoding=\"async\" class=\"size-full wp-image-9488\" src=\"https:\/\/d2p6e6u75xmxt8.cloudfront.net\/13\/2020\/08\/Roman-Kreuziger-SaudiTour_GettySport6.jpg\" alt=\"Roman Kreuziger v barv\u00e1ch t\u00fdmu NTT. Nyn\u00ed i on s nap\u011bt\u00edm vyhl\u00ed\u017e\u00ed, jak\u00fd bude osud formace.. Foto: Getty Sport\" width=\"1280\" height=\"853\" \/><\/a><figcaption id=\"caption-attachment-9488\" class=\"wp-caption-text\"><em>Roman Kreuziger v barv\u00e1ch t\u00fdmu NTT. Foto: Getty Sport<\/em><\/figcaption><\/figure>\n<p>\u201eV\u011b\u0159\u00edm, \u017ee m\u011b \u010dek\u00e1 nejlep\u0161\u00ed obdob\u00ed v moj\u00ed kari\u00e9\u0159e a v n\u011bkter\u00fdch sm\u011brech i nov\u00fd za\u010d\u00e1tek,\u201c uvedl po p\u0159estupu. Ale vyda\u0159en\u00e9 anga\u017em\u00e1 to nebylo. V roce 2019 dok\u00e1zal je\u0161t\u011b skon\u010dit \u0161estn\u00e1ct\u00fd na Tour, dal\u0161\u00ed sezona ovlivn\u011bna pandemi\u00ed koronaviru nahu\u0161t\u011bn\u00e1 prakticky do t\u0159\u00ed m\u011bs\u00edc\u016f mu v\u016fbec nesedla.<\/p>\n<h2><strong>Rusk\u00e1 dvojka a konec<\/strong><\/h2>\n<p>A tak p\u0159i\u0161lo dal\u0161\u00ed st\u011bhov\u00e1n\u00ed, posledn\u00ed v jeho profesion\u00e1ln\u00ed kari\u00e9\u0159e. P\u0159ed leto\u0161n\u00ed sezonou Romana Kreuzigera podepsal rusk\u00fd t\u00fdm Gazprom-RusVelo p\u016fsob\u00edc\u00ed ve druh\u00e9 nejvy\u0161\u0161\u00ed divizi. \u010cesk\u00fd z\u00e1vodn\u00edk nem\u011bl moc na v\u00fdb\u011br.<\/p>\n<figure id=\"attachment_14800\" aria-describedby=\"caption-attachment-14800\" style=\"width: 1920px\" class=\"wp-caption alignnone\"><a href=\"https:\/\/d2p6e6u75xmxt8.cloudfront.net\/13\/2021\/10\/kreuziger-brychta.jpg\"><img loading=\"lazy\" decoding=\"async\" class=\"size-extra-large wp-image-14800\" src=\"https:\/\/d2p6e6u75xmxt8.cloudfront.net\/13\/2021\/10\/kreuziger-brychta-1920x1278.jpg\" alt=\"Romang Kreuziger opou\u0161t\u00ed peloton jako profesion\u00e1ln\u00ed z\u00e1vodn\u00edk a stane se sportovn\u00edm \u0159editelem.\" width=\"1920\" height=\"1278\" \/><\/a><figcaption id=\"caption-attachment-14800\" class=\"wp-caption-text\"><em>Romang Kreuziger opou\u0161t\u00ed peloton jako profesion\u00e1ln\u00ed z\u00e1vodn\u00edk a stane se sportovn\u00edm \u0159editelem.<\/em><\/figcaption><\/figure>\n<p>Ale nebyl to ur\u010dit\u011b rok, jak\u00fd si vysnil. Neda\u0159ilo se mu, nedostal se ani do nominace na olympi\u00e1du ani na mistrovstv\u00ed sv\u011bta a nep\u0159ipsal si jedin\u00fd po\u0159\u00e1dn\u00fd v\u00fdsledek. Jeho posledn\u00edm z\u00e1vodem bylo Kolem Sic\u00edlie, kde skon\u010dil celkov\u011b \u0161edes\u00e1t\u00fd. Konec, jak\u00fd asi necht\u011bl.<\/p>\n<h2><strong>Kon\u010d\u00ed legenda<\/strong><\/h2>\n<p>Roman Kreuziger ur\u010dit\u011b zanechal ve sv\u011bt\u011b cyklistiky nesmazatelnou stopu a \u010cesko z\u0159ejm\u011b dlouho nebude m\u00edt takov\u00e9ho cyklistu. Ze sc\u00e9ny odch\u00e1z\u00ed mu\u017e, kter\u00fd jel 18 Grand Tour, kde dok\u00e1zal skon\u010dit p\u011btkr\u00e1t v top 10, z toho dvakr\u00e1t byl celkov\u011b p\u00e1t\u00fd, co\u017e p\u0159edstavuje historicky nejlep\u0161\u00ed v\u00fdsledek \u010desk\u00e9ho cyklisty. Na kont\u011b m\u00e1 15 profesion\u00e1ln\u00edch v\u00edt\u011bzstv\u00ed a mraky zku\u0161enost\u00ed, kter\u00e9 bude p\u0159ed\u00e1vat d\u00e1l.<\/p>\n","protected":false},"excerpt":{"rendered":"<p>U\u017e \u017e\u00e1dn\u00e9 ostr\u00e9 kilometry v pelotonu, u\u017e \u017e\u00e1dn\u00e1 muka nekone\u010dn\u00e9ho naj\u00ed\u017ed\u011bn\u00ed kilometr\u016f p\u0159ed dal\u0161\u00ed sezonou. Roman Kreuziger ozn\u00e1mil konec kari\u00e9ry. [&hellip;]<\/p>\n","protected":false},"author":138,"featured_media":9488,"comment_status":"open","ping_status":"open","sticky":false,"template":"","format":"standard","meta":{"footnotes":""},"categories":[10],"tags":[1954,126,161,272,1950,1956,1955,797,1958,92,1957,9,23],"global-categories":[411],"class_list":["post-14807","post","type-post","status-publish","format-standard","has-post-thumbnail","hentry","category-silnicni-cyklistika","tag-astana","tag-cyklistika","tag-giro-ditalia","tag-kolem-svycarska","tag-konec-kariery","tag-liquigas","tag-mistr-sveta","tag-mitchelton-scott","tag-orica","tag-roman-kreuziger","tag-saxo-bank","tag-silnicni-cyklistika","tag-tour-de-france","global-categories-cycling"],"yoast_head":"<!-- This site is optimized with the Yoast SEO Premium plugin v25.3 (Yoast SEO v25.9) - https:\/\/yoast.com\/wordpress\/plugins\/seo\/ -->\n<title>Roman Kreuziger: legenda, kter\u00e1 vybojovala nejlep\u0161\u00ed \u010desk\u00fd v\u00fdsledek z Grand Tour | \u0160koda We Love Cycling - \u010cesk\u00e1 republika<\/title>\n<meta name=\"description\" content=\"Roman Kreuziger opou\u0161t\u00ed peloton jako z\u00e1vodn\u00edk. Jak\u00e1 byla jeho cesta na vrchol? V\u011bd\u011bli jste, \u017ee u\u017e v patn\u00e1cti opustil rodinu?\" \/>\n<meta name=\"robots\" content=\"index, follow, max-snippet:-1, max-image-preview:large, max-video-preview:-1\" \/>\n<link rel=\"canonical\" href=\"https:\/\/www.welovecycling.com\/cs\/2021\/10\/15\/roman-kreuziger-legenda-ktera-vybojovala-nejlepsi-cesky-vysledek-z-grand-tour\/\" \/>\n<meta property=\"og:locale\" content=\"cs_CZ\" \/>\n<meta property=\"og:type\" content=\"article\" \/>\n<meta property=\"og:title\" content=\"Roman Kreuziger: legenda, kter\u00e1 vybojovala nejlep\u0161\u00ed \u010desk\u00fd v\u00fdsledek z Grand Tour\" \/>\n<meta property=\"og:description\" content=\"Roman Kreuziger opou\u0161t\u00ed peloton jako z\u00e1vodn\u00edk. Jak\u00e1 byla jeho cesta na vrchol? V\u011bd\u011bli jste, \u017ee u\u017e v patn\u00e1cti opustil rodinu?\" \/>\n<meta property=\"og:url\" content=\"https:\/\/www.welovecycling.com\/cs\/2021\/10\/15\/roman-kreuziger-legenda-ktera-vybojovala-nejlepsi-cesky-vysledek-z-grand-tour\/\" \/>\n<meta property=\"og:site_name\" content=\"\u0160koda We Love Cycling - \u010cesk\u00e1 republika\" \/>\n<meta property=\"article:published_time\" content=\"2021-10-15T10:15:45+00:00\" \/>\n<meta property=\"og:image\" content=\"https:\/\/d2p6e6u75xmxt8.cloudfront.net\/13\/2020\/08\/Roman-Kreuziger-SaudiTour_GettySport6.webp\" \/>\n\t<meta property=\"og:image:width\" content=\"1280\" \/>\n\t<meta property=\"og:image:height\" content=\"853\" \/>\n\t<meta property=\"og:image:type\" content=\"image\/webp\" \/>\n<meta name=\"author\" content=\"radekmalina\" \/>\n<meta name=\"twitter:card\" content=\"summary_large_image\" \/>\n<meta name=\"twitter:label1\" content=\"Written by\" \/>\n\t<meta name=\"twitter:data1\" content=\"Michaela Bu\u010dkov\u00e1\" \/>\n\t<meta name=\"twitter:label2\" content=\"Est. reading time\" \/>\n\t<meta name=\"twitter:data2\" content=\"5\" \/>\n<script type=\"application\/ld+json\" class=\"yoast-schema-graph\">{\"@context\":\"https:\/\/schema.org\",\"@graph\":[{\"@type\":\"WebPage\",\"@id\":\"https:\/\/www.welovecycling.com\/cs\/2021\/10\/15\/roman-kreuziger-legenda-ktera-vybojovala-nejlepsi-cesky-vysledek-z-grand-tour\/\",\"url\":\"https:\/\/www.welovecycling.com\/cs\/2021\/10\/15\/roman-kreuziger-legenda-ktera-vybojovala-nejlepsi-cesky-vysledek-z-grand-tour\/\",\"name\":\"Roman Kreuziger: legenda, kter\u00e1 vybojovala nejlep\u0161\u00ed \u010desk\u00fd v\u00fdsledek z Grand Tour | \u0160koda We Love Cycling - \u010cesk\u00e1 republika\",\"isPartOf\":{\"@id\":\"https:\/\/www.welovecycling.com\/cs\/#website\"},\"primaryImageOfPage\":{\"@id\":\"https:\/\/www.welovecycling.com\/cs\/2021\/10\/15\/roman-kreuziger-legenda-ktera-vybojovala-nejlepsi-cesky-vysledek-z-grand-tour\/#primaryimage\"},\"image\":{\"@id\":\"https:\/\/www.welovecycling.com\/cs\/2021\/10\/15\/roman-kreuziger-legenda-ktera-vybojovala-nejlepsi-cesky-vysledek-z-grand-tour\/#primaryimage\"},\"thumbnailUrl\":\"https:\/\/d2p6e6u75xmxt8.cloudfront.net\/13\/2020\/08\/Roman-Kreuziger-SaudiTour_GettySport6.webp\",\"datePublished\":\"2021-10-15T10:15:45+00:00\",\"author\":{\"@id\":\"https:\/\/www.welovecycling.com\/cs\/#\/schema\/person\/d9eeb0a378f3a7e4a6d12d2b536b04b8\"},\"description\":\"Roman Kreuziger opou\u0161t\u00ed peloton jako z\u00e1vodn\u00edk. Jak\u00e1 byla jeho cesta na vrchol? V\u011bd\u011bli jste, \u017ee u\u017e v patn\u00e1cti opustil rodinu?\",\"inLanguage\":\"cs\",\"potentialAction\":[{\"@type\":\"ReadAction\",\"target\":[\"https:\/\/www.welovecycling.com\/cs\/2021\/10\/15\/roman-kreuziger-legenda-ktera-vybojovala-nejlepsi-cesky-vysledek-z-grand-tour\/\"]}]},{\"@type\":\"ImageObject\",\"inLanguage\":\"cs\",\"@id\":\"https:\/\/www.welovecycling.com\/cs\/2021\/10\/15\/roman-kreuziger-legenda-ktera-vybojovala-nejlepsi-cesky-vysledek-z-grand-tour\/#primaryimage\",\"url\":\"https:\/\/d2p6e6u75xmxt8.cloudfront.net\/13\/2020\/08\/Roman-Kreuziger-SaudiTour_GettySport6.webp\",\"contentUrl\":\"https:\/\/d2p6e6u75xmxt8.cloudfront.net\/13\/2020\/08\/Roman-Kreuziger-SaudiTour_GettySport6.webp\",\"width\":1280,\"height\":853,\"caption\":\"Roman Kreuziger v barv\u00e1ch t\u00fdmu NTT. Nyn\u00ed i on s nap\u011bt\u00edm vyhl\u00ed\u017e\u00ed, jak\u00fd bude osud formace.. Foto: Getty Sport\"},{\"@type\":\"WebSite\",\"@id\":\"https:\/\/www.welovecycling.com\/cs\/#website\",\"url\":\"https:\/\/www.welovecycling.com\/cs\/\",\"name\":\"\u0160koda We Love Cycling - \u010cesk\u00e1 republika\",\"description\":\"WeLoveCycling.cz je online magaz\u00edn, kter\u00fd v\u00e1m pravideln\u011b p\u0159in\u00e1\u0161\u00ed rady a tipy, zaj\u00edmav\u00e9 \u010dl\u00e1nky, videa a jedine\u010dn\u00e9 report\u00e1\u017ee ze sv\u011bta cyklistiky.\",\"potentialAction\":[{\"@type\":\"SearchAction\",\"target\":{\"@type\":\"EntryPoint\",\"urlTemplate\":\"https:\/\/www.welovecycling.com\/cs\/?s={search_term_string}\"},\"query-input\":{\"@type\":\"PropertyValueSpecification\",\"valueRequired\":true,\"valueName\":\"search_term_string\"}}],\"inLanguage\":\"cs\"},{\"@type\":\"Person\",\"@id\":\"https:\/\/www.welovecycling.com\/cs\/#\/schema\/person\/d9eeb0a378f3a7e4a6d12d2b536b04b8\",\"name\":\"radekmalina\",\"image\":{\"@type\":\"ImageObject\",\"inLanguage\":\"cs\",\"@id\":\"https:\/\/www.welovecycling.com\/cs\/#\/schema\/person\/image\/\",\"url\":\"https:\/\/secure.gravatar.com\/avatar\/66994b632cb8c39a46b9f54afa3ae07201b678d32a54275b6f1c9ffec356bfc0?s=96&d=mm&r=g\",\"contentUrl\":\"https:\/\/secure.gravatar.com\/avatar\/66994b632cb8c39a46b9f54afa3ae07201b678d32a54275b6f1c9ffec356bfc0?s=96&d=mm&r=g\",\"caption\":\"radekmalina\"},\"url\":\"https:\/\/www.welovecycling.com\/cs\/author\/radekmalina\/\"}]}<\/script>\n<!-- \/ Yoast SEO Premium plugin. -->","yoast_head_json":{"title":"Roman Kreuziger: legenda, kter\u00e1 vybojovala nejlep\u0161\u00ed \u010desk\u00fd v\u00fdsledek z Grand Tour | \u0160koda We Love Cycling - \u010cesk\u00e1 republika","description":"Roman Kreuziger opou\u0161t\u00ed peloton jako z\u00e1vodn\u00edk. Jak\u00e1 byla jeho cesta na vrchol? V\u011bd\u011bli jste, \u017ee u\u017e v patn\u00e1cti opustil rodinu?","robots":{"index":"index","follow":"follow","max-snippet":"max-snippet:-1","max-image-preview":"max-image-preview:large","max-video-preview":"max-video-preview:-1"},"canonical":"https:\/\/www.welovecycling.com\/cs\/2021\/10\/15\/roman-kreuziger-legenda-ktera-vybojovala-nejlepsi-cesky-vysledek-z-grand-tour\/","og_locale":"cs_CZ","og_type":"article","og_title":"Roman Kreuziger: legenda, kter\u00e1 vybojovala nejlep\u0161\u00ed \u010desk\u00fd v\u00fdsledek z Grand Tour","og_description":"Roman Kreuziger opou\u0161t\u00ed peloton jako z\u00e1vodn\u00edk. Jak\u00e1 byla jeho cesta na vrchol? V\u011bd\u011bli jste, \u017ee u\u017e v patn\u00e1cti opustil rodinu?","og_url":"https:\/\/www.welovecycling.com\/cs\/2021\/10\/15\/roman-kreuziger-legenda-ktera-vybojovala-nejlepsi-cesky-vysledek-z-grand-tour\/","og_site_name":"\u0160koda We Love Cycling - \u010cesk\u00e1 republika","article_published_time":"2021-10-15T10:15:45+00:00","og_image":[{"width":1280,"height":853,"url":"https:\/\/d2p6e6u75xmxt8.cloudfront.net\/13\/2020\/08\/Roman-Kreuziger-SaudiTour_GettySport6.webp","type":"image\/webp"}],"author":"radekmalina","twitter_card":"summary_large_image","twitter_misc":{"Written by":"Michaela Bu\u010dkov\u00e1","Est. reading time":"5"},"schema":{"@context":"https:\/\/schema.org","@graph":[{"@type":"WebPage","@id":"https:\/\/www.welovecycling.com\/cs\/2021\/10\/15\/roman-kreuziger-legenda-ktera-vybojovala-nejlepsi-cesky-vysledek-z-grand-tour\/","url":"https:\/\/www.welovecycling.com\/cs\/2021\/10\/15\/roman-kreuziger-legenda-ktera-vybojovala-nejlepsi-cesky-vysledek-z-grand-tour\/","name":"Roman Kreuziger: legenda, kter\u00e1 vybojovala nejlep\u0161\u00ed \u010desk\u00fd v\u00fdsledek z Grand Tour | \u0160koda We Love Cycling - \u010cesk\u00e1 republika","isPartOf":{"@id":"https:\/\/www.welovecycling.com\/cs\/#website"},"primaryImageOfPage":{"@id":"https:\/\/www.welovecycling.com\/cs\/2021\/10\/15\/roman-kreuziger-legenda-ktera-vybojovala-nejlepsi-cesky-vysledek-z-grand-tour\/#primaryimage"},"image":{"@id":"https:\/\/www.welovecycling.com\/cs\/2021\/10\/15\/roman-kreuziger-legenda-ktera-vybojovala-nejlepsi-cesky-vysledek-z-grand-tour\/#primaryimage"},"thumbnailUrl":"https:\/\/d2p6e6u75xmxt8.cloudfront.net\/13\/2020\/08\/Roman-Kreuziger-SaudiTour_GettySport6.webp","datePublished":"2021-10-15T10:15:45+00:00","author":{"@id":"https:\/\/www.welovecycling.com\/cs\/#\/schema\/person\/d9eeb0a378f3a7e4a6d12d2b536b04b8"},"description":"Roman Kreuziger opou\u0161t\u00ed peloton jako z\u00e1vodn\u00edk. Jak\u00e1 byla jeho cesta na vrchol? V\u011bd\u011bli jste, \u017ee u\u017e v patn\u00e1cti opustil rodinu?","inLanguage":"cs","potentialAction":[{"@type":"ReadAction","target":["https:\/\/www.welovecycling.com\/cs\/2021\/10\/15\/roman-kreuziger-legenda-ktera-vybojovala-nejlepsi-cesky-vysledek-z-grand-tour\/"]}]},{"@type":"ImageObject","inLanguage":"cs","@id":"https:\/\/www.welovecycling.com\/cs\/2021\/10\/15\/roman-kreuziger-legenda-ktera-vybojovala-nejlepsi-cesky-vysledek-z-grand-tour\/#primaryimage","url":"https:\/\/d2p6e6u75xmxt8.cloudfront.net\/13\/2020\/08\/Roman-Kreuziger-SaudiTour_GettySport6.webp","contentUrl":"https:\/\/d2p6e6u75xmxt8.cloudfront.net\/13\/2020\/08\/Roman-Kreuziger-SaudiTour_GettySport6.webp","width":1280,"height":853,"caption":"Roman Kreuziger v barv\u00e1ch t\u00fdmu NTT. Nyn\u00ed i on s nap\u011bt\u00edm vyhl\u00ed\u017e\u00ed, jak\u00fd bude osud formace.. Foto: Getty Sport"},{"@type":"WebSite","@id":"https:\/\/www.welovecycling.com\/cs\/#website","url":"https:\/\/www.welovecycling.com\/cs\/","name":"\u0160koda We Love Cycling - \u010cesk\u00e1 republika","description":"WeLoveCycling.cz je online magaz\u00edn, kter\u00fd v\u00e1m pravideln\u011b p\u0159in\u00e1\u0161\u00ed rady a tipy, zaj\u00edmav\u00e9 \u010dl\u00e1nky, videa a jedine\u010dn\u00e9 report\u00e1\u017ee ze sv\u011bta cyklistiky.","potentialAction":[{"@type":"SearchAction","target":{"@type":"EntryPoint","urlTemplate":"https:\/\/www.welovecycling.com\/cs\/?s={search_term_string}"},"query-input":{"@type":"PropertyValueSpecification","valueRequired":true,"valueName":"search_term_string"}}],"inLanguage":"cs"},{"@type":"Person","@id":"https:\/\/www.welovecycling.com\/cs\/#\/schema\/person\/d9eeb0a378f3a7e4a6d12d2b536b04b8","name":"radekmalina","image":{"@type":"ImageObject","inLanguage":"cs","@id":"https:\/\/www.welovecycling.com\/cs\/#\/schema\/person\/image\/","url":"https:\/\/secure.gravatar.com\/avatar\/66994b632cb8c39a46b9f54afa3ae07201b678d32a54275b6f1c9ffec356bfc0?s=96&d=mm&r=g","contentUrl":"https:\/\/secure.gravatar.com\/avatar\/66994b632cb8c39a46b9f54afa3ae07201b678d32a54275b6f1c9ffec356bfc0?s=96&d=mm&r=g","caption":"radekmalina"},"url":"https:\/\/www.welovecycling.com\/cs\/author\/radekmalina\/"}]}},"_links":{"self":[{"href":"https:\/\/www.welovecycling.com\/cs\/wp-json\/wp\/v2\/posts\/14807","targetHints":{"allow":["GET"]}}],"collection":[{"href":"https:\/\/www.welovecycling.com\/cs\/wp-json\/wp\/v2\/posts"}],"about":[{"href":"https:\/\/www.welovecycling.com\/cs\/wp-json\/wp\/v2\/types\/post"}],"author":[{"embeddable":true,"href":"https:\/\/www.welovecycling.com\/cs\/wp-json\/wp\/v2\/users\/138"}],"replies":[{"embeddable":true,"href":"https:\/\/www.welovecycling.com\/cs\/wp-json\/wp\/v2\/comments?post=14807"}],"version-history":[{"count":2,"href":"https:\/\/www.welovecycling.com\/cs\/wp-json\/wp\/v2\/posts\/14807\/revisions"}],"predecessor-version":[{"id":14817,"href":"https:\/\/www.welovecycling.com\/cs\/wp-json\/wp\/v2\/posts\/14807\/revisions\/14817"}],"wp:featuredmedia":[{"embeddable":true,"href":"https:\/\/www.welovecycling.com\/cs\/wp-json\/wp\/v2\/media\/9488"}],"wp:attachment":[{"href":"https:\/\/www.welovecycling.com\/cs\/wp-json\/wp\/v2\/media?parent=14807"}],"wp:term":[{"taxonomy":"category","embeddable":true,"href":"https:\/\/www.welovecycling.com\/cs\/wp-json\/wp\/v2\/categories?post=14807"},{"taxonomy":"post_tag","embeddable":true,"href":"https:\/\/www.welovecycling.com\/cs\/wp-json\/wp\/v2\/tags?post=14807"},{"taxonomy":"global-categories","embeddable":true,"href":"https:\/\/www.welovecycling.com\/cs\/wp-json\/wp\/v2\/global-categories?post=14807"}],"curies":[{"name":"wp","href":"https:\/\/api.w.org\/{rel}","templated":true}]}}