{"id":14774,"date":"2021-10-14T12:00:15","date_gmt":"2021-10-14T10:00:15","guid":{"rendered":"https:\/\/www.welovecycling.com\/cs\/?p=14774"},"modified":"2021-10-13T15:23:19","modified_gmt":"2021-10-13T13:23:19","slug":"kristian-hynek-o-absenci-na-cape-epic-a-postupnem-odchazeni-mel-jsem-spatnou-sezonu","status":"publish","type":"post","link":"https:\/\/www.welovecycling.com\/cs\/2021\/10\/14\/kristian-hynek-o-absenci-na-cape-epic-a-postupnem-odchazeni-mel-jsem-spatnou-sezonu\/","title":{"rendered":"Kristian Hynek o absenci na Cape Epic a postupn\u00e9m odch\u00e1zen\u00ed: M\u011bl jsem \u0161patnou sezonu"},"content":{"rendered":"<p><strong>Snil o par\u00e1dn\u00edm lou\u010den\u00ed s\u00a0kari\u00e9rou na Cape Epic, presti\u017en\u00ed etapov\u00e9 bitv\u011b biker\u016f v\u00a0Jihoafrick\u00e9 republice, kterou v\u00a0roce 2014 vyhr\u00e1l. Jen\u017ee realita bude jin\u00e1. Kristian Hynek sice v\u00a0karavan\u011b osmidenn\u00edho nesm\u00edrn\u011b n\u00e1ro\u010dn\u00e9ho z\u00e1vodu dvojic bude, ov\u0161em jen jako mana\u017eer t\u00fdmu Canyon Northwave. \u201eMoje sezona byla \u0161patn\u00e1,\u201c uzn\u00e1v\u00e1 jedna\u010dty\u0159icetilet\u00fd z\u00e1vodn\u00edk a vysv\u011btluje, pro\u010d svoje m\u00edsto p\u0159epustil t\u00fdmov\u00e9mu par\u0165\u00e1kovi.<\/strong><\/p>\n<h2><strong>M\u011bl jste jet sedm\u00fd Cape Epic kari\u00e9ry, poprv\u00e9 s\u00a0\u010desk\u00fdm par\u0165\u00e1kem Martinem Sto\u0161kem. Ale po jeho boku nakonec bude Andreas Seewald, dal\u0161\u00ed z\u00a0\u010dlen\u016f va\u0161eho t\u00fdmu. Pro\u010d?<\/strong><\/h2>\n<p>\u0160lo o t\u011b\u017ek\u00e9 rozhodnut\u00ed, ale p\u0159ij\u00edt muselo. Moje sezona byla \u0161patn\u00e1. Mnohem hor\u0161\u00ed, ne\u017e jsem doufal. Martin i Andreas jsou na tom skv\u011ble. Bylo by hloup\u00e9 nedat prostor Andreasovi, kter\u00fd vyhr\u00e1l titul mistra sv\u011bta v\u00a0maratonu.<\/p>\n<h2><strong>Kdy jste se definitivn\u011b rozhodl, \u017ee sedm\u00fd Cape Epic nepojedete a o v\u00edt\u011bzstv\u00ed usilovat nebudete?<\/strong><\/h2>\n<p>Vlastn\u011b se to \u0159e\u0161ilo na posledn\u00ed chv\u00edli. Andreas m\u00e1 v\u00a0N\u011bmecku n\u011bjak\u00e9 povinnosti v\u016f\u010di arm\u00e1d\u011b vypl\u00fdvaj\u00edc\u00ed z\u00a0jeho za\u0159azen\u00ed stejn\u011b jako maj\u00ed u n\u00e1s sportovci v\u016f\u010di Dukle \u010di Olympu. A vych\u00e1zelo to p\u0159esn\u011b na term\u00edn Cape Epic. Tro\u0161ku n\u00e1m pomohlo v\u00edt\u011bzstv\u00ed Andrease na mistrovstv\u00ed sv\u011bta, \u010d\u00edm\u017e asi pat\u0159i\u010dn\u00e9 \u00fa\u0159edn\u00edky obm\u011bk\u010dil.<\/p>\n<figure id=\"attachment_14777\" aria-describedby=\"caption-attachment-14777\" style=\"width: 1600px\" class=\"wp-caption alignnone\"><a href=\"https:\/\/d2p6e6u75xmxt8.cloudfront.net\/13\/2021\/10\/Hynek_2017-michal-cerveny.jpg\"><img loading=\"lazy\" decoding=\"async\" class=\"size-full wp-image-14777\" src=\"https:\/\/d2p6e6u75xmxt8.cloudfront.net\/13\/2021\/10\/Hynek_2017-michal-cerveny.jpg\" alt=\"Kristian Hynek na trati Cape Epic 2017. Foto: Michal \u010cerven\u00fd (4x)\" width=\"1600\" height=\"1067\" \/><\/a><figcaption id=\"caption-attachment-14777\" class=\"wp-caption-text\"><em>Kristian Hynek na trati Cape Epic 2017. Foto: Michal \u010cerven\u00fd (4x)<\/em><\/figcaption><\/figure>\n<h2><strong>P\u00e1tral jste po d\u016fvodech, pro\u010d byla va\u0161e sezona \u0161patn\u00e1?<\/strong><\/h2>\n<p>Faktor\u016f m\u016f\u017ee b\u00fdt hodn\u011b moc. \u010clov\u011bk se dostane do situace, \u017ee nev\u00ed, jestli tr\u00e9nuje moc, nebo m\u00e1lo. Zda se jedn\u00e1 o d\u016fsledek stresu, v\u011bku nebo nedostate\u010dn\u00e9 regenerace. Osobn\u011b si nemysl\u00edm, \u017ee v\u011bk by mohl znamenat tak dramatick\u00fd propad. J\u00e1 neztratil t\u0159eba t\u0159i procenta v\u00fdkonu. Ten rozd\u00edl byl velk\u00fd, c\u00edtil jsem se slab\u00fd a jezdil fakt \u0161patn\u011b. P\u0159itom jsem netr\u00e9noval m\u00e1lo, sp\u00ed\u0161e moc. Tak\u017ee velmi pravd\u011bpodobn\u011b \u0161lo o p\u0159etr\u00e9nov\u00e1n\u00ed, proto\u017ee jsem v\u00a0posledn\u00ed ohl\u00e1\u0161en\u00e9 sezon\u011b cht\u011bl b\u00fdt skv\u011bl\u00fd.<\/p>\n<div class=\"shortcode-ys-post-pinup\"><article class=\"loop-simple post-6088 post type-post status-publish format-standard has-post-thumbnail hentry category-horska-cyklistika tag-cape-epic tag-jaroslav-kulhavy tag-kristian-hynek global-categories-cycling\" data-postid=\"6088\" role=\"article\" data-post-id=\"6088\" data-word-count=\"567\" data-headline-length=\"78\" data-category=\"Horsk\u00e1 cyklistika\" data-global-category=\"Cycling\" data-author=\"Radek Malina\" data-published=\"2020-03-13T12:34:34+02:00\" data-published-day=\"Friday\">\n    <div class=\"entry-thumbnail article-thumbnail\" content=\"https:\/\/d2p6e6u75xmxt8.cloudfront.net\/13\/2020\/03\/2017_Kulhavy-Sauser-150x150.webp\"><a href=\"https:\/\/www.welovecycling.com\/cs\/2020\/03\/13\/riditko-v-tlame-lva-ci-zabijak-v-trave-nadesel-cas-africke-legendy\/\" class=\"image-holder\" target=\"_self\"><img decoding=\"async\" loading=\"lazy\" class=\"\" src=\"https:\/\/d2p6e6u75xmxt8.cloudfront.net\/13\/2020\/03\/2017_Kulhavy-Sauser-1024x683.webp\" srcset=\"https:\/\/d2p6e6u75xmxt8.cloudfront.net\/13\/2020\/03\/2017_Kulhavy-Sauser-scaled.webp 2560w, https:\/\/d2p6e6u75xmxt8.cloudfront.net\/13\/2020\/03\/2017_Kulhavy-Sauser-300x200.webp 300w, https:\/\/d2p6e6u75xmxt8.cloudfront.net\/13\/2020\/03\/2017_Kulhavy-Sauser-1024x683.webp 1024w, https:\/\/d2p6e6u75xmxt8.cloudfront.net\/13\/2020\/03\/2017_Kulhavy-Sauser-768x512.webp 768w, https:\/\/d2p6e6u75xmxt8.cloudfront.net\/13\/2020\/03\/2017_Kulhavy-Sauser-1536x1024.webp 1536w, https:\/\/d2p6e6u75xmxt8.cloudfront.net\/13\/2020\/03\/2017_Kulhavy-Sauser-2048x1365.webp 2048w, https:\/\/d2p6e6u75xmxt8.cloudfront.net\/13\/2020\/03\/2017_Kulhavy-Sauser-1920x1280.webp 1920w, https:\/\/d2p6e6u75xmxt8.cloudfront.net\/13\/2020\/03\/2017_Kulhavy-Sauser-272x182.webp 272w, https:\/\/d2p6e6u75xmxt8.cloudfront.net\/13\/2020\/03\/2017_Kulhavy-Sauser-1920x1280.webp 1920w\" width=\"1024\" height=\"683\" sizes=\"auto, (min-width: 1200px) 300px, (min-width: 768px) 25vw, 100vw\" alt=\"riditko-v-tlame-lva-ci-zabijak-v-trave-nadesel-cas-africke-legendy\"\/><\/a><\/div>    <div class=\"entry-meta\">\n        <a class=\"label label-secondary post-category\" href=\"https:\/\/www.welovecycling.com\/cs\/category\/horska-cyklistika\/\" title=\"Horsk\u00e1 cyklistika\">Horsk\u00e1 cyklistika<\/a>\n    <\/div>\n    <div class=\"entry-details\">\n        <a href=\"https:\/\/www.welovecycling.com\/cs\/2020\/03\/13\/riditko-v-tlame-lva-ci-zabijak-v-trave-nadesel-cas-africke-legendy\/\" class='entry-title-wrapper'>\n            <h3 class=\"entry-title\"><span>\u0158\u00edd\u00edtko v tlam\u011b lva \u010di zabij\u00e1k v tr\u00e1v\u011b! Nade\u0161el \u010das africk\u00e9 legendy<\/span><\/h3>\n        <\/a>\n    <\/div>\n    <\/article>\n<\/div>\n<h2><strong>Jste sm\u00ed\u0159en\u00fd, \u017ee \u0161lo tedy o posledn\u00ed sezonu? Nebo si \u0159\u00edk\u00e1te, \u017ee takhle kon\u010dit nechcete?<\/strong><\/h2>\n<p>Jednoho dne to p\u0159ij\u00edt muselo. \u00dastup ze sv\u011bta profesion\u00e1ln\u00ed cyklistiky jsem odkl\u00e1dal vlastn\u011b kv\u016fli Cape Epic. Kdy\u017e se z\u00e1vod minul\u00fd rok zru\u0161il, up\u00ednal jsem se k\u00a0leto\u0161n\u00edmu mistrovstv\u00ed sv\u011bta v\u00a0maratonu na Elb\u011b. Tam jsem odstoupil z\u00a0rozjet\u00e9ho z\u00e1vodu. Je jasn\u00e9, \u017ee sv\u011btov\u00fd \u0161ampion\u00e1t u\u017e nepojedu. Ale nechci mluvit o definitivn\u00edm konci. Pot\u0159ebuji \u010das, abych si vy\u010distil hlavu, odpo\u010dinul si psychicky i fyzicky. Pak t\u0159eba chyt\u00edm motivaci. Tak\u017ee ur\u010dit\u00fdch z\u00e1vod\u016f se je\u0161t\u011b z\u00fa\u010dastn\u00edm, ale ty starty budou v\u00a0jednotk\u00e1ch.<\/p>\n<h2><strong>D\u00edky leto\u0161n\u00edmu posunu term\u00ednu Cape Epic se dal\u0161\u00ed ro\u010dn\u00edk pojede vlastn\u011b u\u017e za p\u00e1r m\u011bs\u00edc\u016f v\u00a0pr\u016fb\u011bhu jara 2022. Koketujete tedy se sedm\u00fdm startem?<\/strong><\/h2>\n<p>Ano. Cape Epic 2022 ur\u010dit\u011b pojedu. Jen se mus\u00edm rozhodnout, kdo bude se mnou v\u00a0t\u00fdmu. Pojedeme jako z\u00e1lo\u017en\u00ed t\u00fdm pro na\u0161e jedni\u010dky Martina s\u00a0Andreasem. Nechci opou\u0161t\u011bt sc\u00e9nu jednoho z\u00a0nejv\u011bt\u0161\u00edch bikov\u00fdch z\u00e1vod\u016f sv\u011bta pot\u00e9, co se jeden rok zru\u0161il kv\u016fli pandemii koronaviru a druh\u00fd jsem nebyl schopn\u00fd d\u00e1t v\u00fdkonnostn\u011b. Nicm\u00e9n\u011b m\u016fj start by m\u011bl \u010dist\u011b praktick\u00fd d\u016fvod, \u017ee bychom fungovali jako servis pro kluky na trati, nikoliv na v\u00fdsledek.<\/p>\n<figure id=\"attachment_14776\" aria-describedby=\"caption-attachment-14776\" style=\"width: 1200px\" class=\"wp-caption alignnone\"><a href=\"https:\/\/d2p6e6u75xmxt8.cloudfront.net\/13\/2021\/10\/Hynek_2015-michal-cerveny.jpg\"><img loading=\"lazy\" decoding=\"async\" class=\"size-full wp-image-14776\" src=\"https:\/\/d2p6e6u75xmxt8.cloudfront.net\/13\/2021\/10\/Hynek_2015-michal-cerveny.jpg\" alt=\"Kristian Hynek b\u011bhem Cape Epic 2015.\" width=\"1200\" height=\"1500\" \/><\/a><figcaption id=\"caption-attachment-14776\" class=\"wp-caption-text\"><em>Kristian Hynek b\u011bhem Cape Epic 2015.<\/em><\/figcaption><\/figure>\n<h2><strong>Jak budete pro\u017e\u00edvat leto\u0161n\u00ed ro\u010dn\u00edk v\u00a0z\u00e1zem\u00ed z\u00e1vodu v\u00a0roli mana\u017eera?<\/strong><\/h2>\n<p>Bude to nezvykl\u00e9 a hodn\u011b jin\u00e9. T\u011b\u0161\u00edm se, \u017ee v\u0161e uvid\u00edm z\u00a0jin\u00e9 perspektivy, bez z\u00e1vodn\u00edho stresu. Ale srdce z\u00e1vodn\u00edka m\u00e1m po\u0159\u00e1d a ur\u010dit\u011b mi budou cukat nohy. Budu se sna\u017eit kluk\u016fm poradit. Oba kluci se moc t\u011b\u0161\u00ed a pat\u0159\u00ed ke \u017ehav\u00fdm adept\u016fm na v\u00edt\u011bzstv\u00ed, tak\u017ee pro m\u011b jako t\u00fdmov\u00e9ho mana\u017eera to budou velk\u00e9 nervy. Tro\u0161ku je v\u0161ak rozm\u011bln\u00edm tr\u00e9ninkem, proto\u017ee po Cape Epic jedeme do Dubaje na z\u00e1vody, tak\u017ee poka\u017ed\u00e9, kdy\u017e kluci vyraz\u00ed na etapu, j\u00e1 pojedu na tr\u00e9nink. A pak budu v\u0161e sledovat u online p\u0159enos\u016f.<\/p>\n<div class=\"shortcode-ys-post-pinup\"><article class=\"loop-simple post-14755 post type-post status-publish format-standard has-post-thumbnail hentry category-silnicni-cyklistika tag-cyklistika tag-letape tag-letape-czech-republic-by-le-tour-de-france tag-letape-czech-republic-by-tour-de-france-2022 tag-premek-novak tag-silnicni-cyklistika global-categories-cycling\" data-postid=\"14755\" role=\"article\" data-post-id=\"14755\" data-word-count=\"687\" data-headline-length=\"92\" data-category=\"Silni\u010dn\u00ed cyklistika\" data-global-category=\"Cycling\" data-author=\"We Love Cycling\" data-published=\"2021-10-13T11:00:08+02:00\" data-published-day=\"Wednesday\">\n    <div class=\"entry-thumbnail article-thumbnail\" content=\"https:\/\/d2p6e6u75xmxt8.cloudfront.net\/13\/2021\/08\/WLC-etape-0I4A5302-1-150x150.webp\"><a href=\"https:\/\/www.welovecycling.com\/cs\/2021\/10\/13\/letape-czech-republic-2022-delsi-krasna-a-s-jedinecnou-vrcharskou-proverkou\/\" class=\"image-holder\" target=\"_self\"><img decoding=\"async\" loading=\"lazy\" class=\"\" src=\"https:\/\/d2p6e6u75xmxt8.cloudfront.net\/13\/2021\/08\/WLC-etape-0I4A5302-1-1024x683.webp\" srcset=\"https:\/\/d2p6e6u75xmxt8.cloudfront.net\/13\/2021\/08\/WLC-etape-0I4A5302-1.webp 2079w, https:\/\/d2p6e6u75xmxt8.cloudfront.net\/13\/2021\/08\/WLC-etape-0I4A5302-1-300x200.webp 300w, https:\/\/d2p6e6u75xmxt8.cloudfront.net\/13\/2021\/08\/WLC-etape-0I4A5302-1-1024x683.webp 1024w, https:\/\/d2p6e6u75xmxt8.cloudfront.net\/13\/2021\/08\/WLC-etape-0I4A5302-1-768x512.webp 768w, https:\/\/d2p6e6u75xmxt8.cloudfront.net\/13\/2021\/08\/WLC-etape-0I4A5302-1-1536x1024.webp 1536w, https:\/\/d2p6e6u75xmxt8.cloudfront.net\/13\/2021\/08\/WLC-etape-0I4A5302-1-2048x1365.webp 2048w, https:\/\/d2p6e6u75xmxt8.cloudfront.net\/13\/2021\/08\/WLC-etape-0I4A5302-1-1920x1280.webp 1920w, https:\/\/d2p6e6u75xmxt8.cloudfront.net\/13\/2021\/08\/WLC-etape-0I4A5302-1-272x182.webp 272w, https:\/\/d2p6e6u75xmxt8.cloudfront.net\/13\/2021\/08\/WLC-etape-0I4A5302-1-1920x1280.webp 1920w\" width=\"1024\" height=\"683\" sizes=\"auto, (min-width: 1200px) 300px, (min-width: 768px) 25vw, 100vw\" alt=\"letape-czech-republic-2022-delsi-krasna-a-s-jedinecnou-vrcharskou-proverkou\"\/><\/a><\/div>    <div class=\"entry-meta\">\n        <a class=\"label label-secondary post-category\" href=\"https:\/\/www.welovecycling.com\/cs\/category\/silnicni-cyklistika\/\" title=\"Silni\u010dn\u00ed cyklistika\">Silni\u010dn\u00ed cyklistika<\/a>\n    <\/div>\n    <div class=\"entry-details\">\n        <a href=\"https:\/\/www.welovecycling.com\/cs\/2021\/10\/13\/letape-czech-republic-2022-delsi-krasna-a-s-jedinecnou-vrcharskou-proverkou\/\" class='entry-title-wrapper'>\n            <h3 class=\"entry-title\"><span>L&#8217;Etape Czech Republic 2022? Del\u0161\u00ed, kr\u00e1sn\u00e1 a s\u00a0jedine\u010dnou vrcha\u0159skou prov\u011brkou<\/span><\/h3>\n        <\/a>\n    <\/div>\n    <\/article>\n<\/div>\n<h2><strong>Kdy\u017e nebudete tolik \u010dasu v\u011bnovat tr\u00e9ninku, pust\u00edte se je\u0161t\u011b intenzivn\u011bji do zabezpe\u010den\u00ed chodu t\u00fdmu?<\/strong><\/h2>\n<p>Jak se n\u00e1\u0161 t\u00fdm Canyon Northwave rozv\u00edj\u00ed, tak je pot\u0159eba vytvo\u0159it je\u0161t\u011b lep\u0161\u00ed z\u00e1zem\u00ed a starat se o nadch\u00e1zej\u00edc\u00ed generaci. Oba kluci letos prok\u00e1zali, \u017ee jsou nejlep\u0161\u00edmi maratonci na sv\u011bt\u011b. Ten n\u00e1\u0161 mal\u00fd t\u00fdm slav\u00ed neuv\u011b\u0159iteln\u00fd \u00fasp\u011bch. Za posledn\u00ed t\u0159i roky jsme z\u00edskali na mistrovstv\u00ed sv\u011bta t\u0159i medaile. J\u00e1 st\u0159\u00edbro, minul\u00fd rok Martin Sto\u0161ek bronz a letos Andreas Seewald zlato.<\/p>\n<h2><strong>Jak\u00e9 pro v\u00e1s bylo sledovat jako mana\u017eer triumf sv\u00e9ho z\u00e1vodn\u00edka na sv\u011btov\u00e9m \u0161ampion\u00e1tu?<\/strong><\/h2>\n<p>Kolektivn\u00ed radost byla obrovsk\u00e1. Celou kari\u00e9ru jsem o zlatu snil, ale m\u00e1m st\u0159\u00edbro a bronz. A te\u010f jsem m\u011bl kliku, \u017ee jsem se jako mana\u017eer t\u011b\u0161il z\u00a0titulu. Nem\u016f\u017ee b\u00fdt v\u011bt\u0161\u00edho \u00fasp\u011bchu.<\/p>\n<figure id=\"attachment_14779\" aria-describedby=\"caption-attachment-14779\" style=\"width: 1350px\" class=\"wp-caption alignnone\"><a href=\"https:\/\/d2p6e6u75xmxt8.cloudfront.net\/13\/2021\/10\/Hynek_Lakata_CE2015-michal-cerveny.jpg\"><img loading=\"lazy\" decoding=\"async\" class=\"size-full wp-image-14779\" src=\"https:\/\/d2p6e6u75xmxt8.cloudfront.net\/13\/2021\/10\/Hynek_Lakata_CE2015-michal-cerveny.jpg\" alt=\"Kristian Hynek a Alban Lakata (vlevo) p\u0159i oprav\u011b \u0159et\u011bzu b\u011bhem Cape Epic 2015. \" width=\"1350\" height=\"900\" \/><\/a><figcaption id=\"caption-attachment-14779\" class=\"wp-caption-text\"><em>Kristian Hynek a Alban Lakata (vlevo) p\u0159i oprav\u011b \u0159et\u011bzu b\u011bhem Cape Epic 2015.<\/em><\/figcaption><\/figure>\n<h2><strong>Otev\u0159e va\u0161emu t\u00fdmu duhov\u00fd dres dve\u0159e ke sponzor\u016fm?<\/strong><\/h2>\n<p>Ten dres je magick\u00fd. Ur\u010dit\u011b pos\u00edl\u00ed na\u0161\u00ed pozici s\u00a0Canyonem. Nen\u00ed to tak, \u017ee by na n\u00e1s te\u010f v\u0161ude \u010dekali s\u00a0otev\u0159enou n\u00e1ru\u010d\u00ed, ale ur\u010dit\u011b se s\u00a0titulem mistra sv\u011bta jedn\u00e1 tro\u0161ku snadn\u011bji.<\/p>\n<h2><strong>P\u0159edstavuje zlato p\u0159i jedn\u00e1n\u00ed se sponzory s\u00a0ohledem na Andreasovu n\u00e1rodnost terno pro n\u011bmeck\u00fd trh?<\/strong><\/h2>\n<p>V\u0161ichni na\u0161i hlavn\u00ed partne\u0159i jsou vlastn\u011b z\u00a0N\u011bmecka. A v\u00a0cyklistick\u00e9m spektru u\u017e nen\u00ed moc kam sahat. A zase nechceme za ka\u017edou cenu p\u0159eskakovat. Na\u0161\u00edm z\u00e1m\u011brem je sp\u00ed\u0161e upev\u0148ovat vztahy, nastavit dlouhodobou spolupr\u00e1ci.<\/p>\n","protected":false},"excerpt":{"rendered":"<p>Snil o par\u00e1dn\u00edm lou\u010den\u00ed s\u00a0kari\u00e9rou na Cape Epic, presti\u017en\u00ed etapov\u00e9 bitv\u011b biker\u016f v\u00a0Jihoafrick\u00e9 republice, kterou v\u00a0roce 2014 vyhr\u00e1l. Jen\u017ee realita [&hellip;]<\/p>\n","protected":false},"author":138,"featured_media":14778,"comment_status":"open","ping_status":"open","sticky":false,"template":"","format":"standard","meta":{"footnotes":""},"categories":[11],"tags":[836,126,56],"global-categories":[411],"class_list":["post-14774","post","type-post","status-publish","format-standard","has-post-thumbnail","hentry","category-horska-cyklistika","tag-cape-epic","tag-cyklistika","tag-horska-cyklistika","global-categories-cycling"],"yoast_head":"<!-- This site is optimized with the Yoast SEO Premium plugin v25.3 (Yoast SEO v25.9) - https:\/\/yoast.com\/wordpress\/plugins\/seo\/ -->\n<title>Kristian Hynek o absenci na Cape Epic a postupn\u00e9m odch\u00e1zen\u00ed: M\u011bl jsem \u0161patnou sezonu | \u0160koda We Love Cycling - \u010cesk\u00e1 republika<\/title>\n<meta name=\"description\" content=\"Kristian Hynek se chystal na sedm\u00fd Cape Epic. Nakonec na startu nebude. Pro\u010d bude &quot;africkou&quot; legendu sledovat jen jako mana\u017eer?\" \/>\n<meta name=\"robots\" content=\"index, follow, max-snippet:-1, max-image-preview:large, max-video-preview:-1\" \/>\n<link rel=\"canonical\" href=\"https:\/\/www.welovecycling.com\/cs\/2021\/10\/14\/kristian-hynek-o-absenci-na-cape-epic-a-postupnem-odchazeni-mel-jsem-spatnou-sezonu\/\" \/>\n<meta property=\"og:locale\" content=\"cs_CZ\" \/>\n<meta property=\"og:type\" content=\"article\" \/>\n<meta property=\"og:title\" content=\"Kristian Hynek o absenci na Cape Epic a postupn\u00e9m odch\u00e1zen\u00ed: M\u011bl jsem \u0161patnou sezonu\" \/>\n<meta property=\"og:description\" content=\"Kristian Hynek se chystal na sedm\u00fd Cape Epic. Nakonec na startu nebude. Pro\u010d bude &quot;africkou&quot; legendu sledovat jen jako mana\u017eer?\" \/>\n<meta property=\"og:url\" content=\"https:\/\/www.welovecycling.com\/cs\/2021\/10\/14\/kristian-hynek-o-absenci-na-cape-epic-a-postupnem-odchazeni-mel-jsem-spatnou-sezonu\/\" \/>\n<meta property=\"og:site_name\" content=\"\u0160koda We Love Cycling - \u010cesk\u00e1 republika\" \/>\n<meta property=\"article:published_time\" content=\"2021-10-14T10:00:15+00:00\" \/>\n<meta property=\"og:image\" content=\"https:\/\/d2p6e6u75xmxt8.cloudfront.net\/13\/2021\/10\/Hynek_CE2019_2-michal-cerveny.webp\" \/>\n\t<meta property=\"og:image:width\" content=\"1200\" \/>\n\t<meta property=\"og:image:height\" content=\"800\" \/>\n\t<meta property=\"og:image:type\" content=\"image\/webp\" \/>\n<meta name=\"author\" content=\"radekmalina\" \/>\n<meta name=\"twitter:card\" content=\"summary_large_image\" \/>\n<meta name=\"twitter:label1\" content=\"Written by\" \/>\n\t<meta name=\"twitter:data1\" content=\"We Love Cycling\" \/>\n\t<meta name=\"twitter:label2\" content=\"Est. reading time\" \/>\n\t<meta name=\"twitter:data2\" content=\"6\" \/>\n<script type=\"application\/ld+json\" class=\"yoast-schema-graph\">{\"@context\":\"https:\/\/schema.org\",\"@graph\":[{\"@type\":\"WebPage\",\"@id\":\"https:\/\/www.welovecycling.com\/cs\/2021\/10\/14\/kristian-hynek-o-absenci-na-cape-epic-a-postupnem-odchazeni-mel-jsem-spatnou-sezonu\/\",\"url\":\"https:\/\/www.welovecycling.com\/cs\/2021\/10\/14\/kristian-hynek-o-absenci-na-cape-epic-a-postupnem-odchazeni-mel-jsem-spatnou-sezonu\/\",\"name\":\"Kristian Hynek o absenci na Cape Epic a postupn\u00e9m odch\u00e1zen\u00ed: M\u011bl jsem \u0161patnou sezonu | \u0160koda We Love Cycling - \u010cesk\u00e1 republika\",\"isPartOf\":{\"@id\":\"https:\/\/www.welovecycling.com\/cs\/#website\"},\"primaryImageOfPage\":{\"@id\":\"https:\/\/www.welovecycling.com\/cs\/2021\/10\/14\/kristian-hynek-o-absenci-na-cape-epic-a-postupnem-odchazeni-mel-jsem-spatnou-sezonu\/#primaryimage\"},\"image\":{\"@id\":\"https:\/\/www.welovecycling.com\/cs\/2021\/10\/14\/kristian-hynek-o-absenci-na-cape-epic-a-postupnem-odchazeni-mel-jsem-spatnou-sezonu\/#primaryimage\"},\"thumbnailUrl\":\"https:\/\/d2p6e6u75xmxt8.cloudfront.net\/13\/2021\/10\/Hynek_CE2019_2-michal-cerveny.webp\",\"datePublished\":\"2021-10-14T10:00:15+00:00\",\"author\":{\"@id\":\"https:\/\/www.welovecycling.com\/cs\/#\/schema\/person\/d9eeb0a378f3a7e4a6d12d2b536b04b8\"},\"description\":\"Kristian Hynek se chystal na sedm\u00fd Cape Epic. Nakonec na startu nebude. Pro\u010d bude \\\"africkou\\\" legendu sledovat jen jako mana\u017eer?\",\"inLanguage\":\"cs\",\"potentialAction\":[{\"@type\":\"ReadAction\",\"target\":[\"https:\/\/www.welovecycling.com\/cs\/2021\/10\/14\/kristian-hynek-o-absenci-na-cape-epic-a-postupnem-odchazeni-mel-jsem-spatnou-sezonu\/\"]}]},{\"@type\":\"ImageObject\",\"inLanguage\":\"cs\",\"@id\":\"https:\/\/www.welovecycling.com\/cs\/2021\/10\/14\/kristian-hynek-o-absenci-na-cape-epic-a-postupnem-odchazeni-mel-jsem-spatnou-sezonu\/#primaryimage\",\"url\":\"https:\/\/d2p6e6u75xmxt8.cloudfront.net\/13\/2021\/10\/Hynek_CE2019_2-michal-cerveny.webp\",\"contentUrl\":\"https:\/\/d2p6e6u75xmxt8.cloudfront.net\/13\/2021\/10\/Hynek_CE2019_2-michal-cerveny.webp\",\"width\":1200,\"height\":800,\"caption\":\"Kristian Hynek\"},{\"@type\":\"WebSite\",\"@id\":\"https:\/\/www.welovecycling.com\/cs\/#website\",\"url\":\"https:\/\/www.welovecycling.com\/cs\/\",\"name\":\"\u0160koda We Love Cycling - \u010cesk\u00e1 republika\",\"description\":\"WeLoveCycling.cz je online magaz\u00edn, kter\u00fd v\u00e1m pravideln\u011b p\u0159in\u00e1\u0161\u00ed rady a tipy, zaj\u00edmav\u00e9 \u010dl\u00e1nky, videa a jedine\u010dn\u00e9 report\u00e1\u017ee ze sv\u011bta cyklistiky.\",\"potentialAction\":[{\"@type\":\"SearchAction\",\"target\":{\"@type\":\"EntryPoint\",\"urlTemplate\":\"https:\/\/www.welovecycling.com\/cs\/?s={search_term_string}\"},\"query-input\":{\"@type\":\"PropertyValueSpecification\",\"valueRequired\":true,\"valueName\":\"search_term_string\"}}],\"inLanguage\":\"cs\"},{\"@type\":\"Person\",\"@id\":\"https:\/\/www.welovecycling.com\/cs\/#\/schema\/person\/d9eeb0a378f3a7e4a6d12d2b536b04b8\",\"name\":\"radekmalina\",\"image\":{\"@type\":\"ImageObject\",\"inLanguage\":\"cs\",\"@id\":\"https:\/\/www.welovecycling.com\/cs\/#\/schema\/person\/image\/\",\"url\":\"https:\/\/secure.gravatar.com\/avatar\/66994b632cb8c39a46b9f54afa3ae07201b678d32a54275b6f1c9ffec356bfc0?s=96&d=mm&r=g\",\"contentUrl\":\"https:\/\/secure.gravatar.com\/avatar\/66994b632cb8c39a46b9f54afa3ae07201b678d32a54275b6f1c9ffec356bfc0?s=96&d=mm&r=g\",\"caption\":\"radekmalina\"},\"url\":\"https:\/\/www.welovecycling.com\/cs\/author\/radekmalina\/\"}]}<\/script>\n<!-- \/ Yoast SEO Premium plugin. -->","yoast_head_json":{"title":"Kristian Hynek o absenci na Cape Epic a postupn\u00e9m odch\u00e1zen\u00ed: M\u011bl jsem \u0161patnou sezonu | \u0160koda We Love Cycling - \u010cesk\u00e1 republika","description":"Kristian Hynek se chystal na sedm\u00fd Cape Epic. Nakonec na startu nebude. Pro\u010d bude \"africkou\" legendu sledovat jen jako mana\u017eer?","robots":{"index":"index","follow":"follow","max-snippet":"max-snippet:-1","max-image-preview":"max-image-preview:large","max-video-preview":"max-video-preview:-1"},"canonical":"https:\/\/www.welovecycling.com\/cs\/2021\/10\/14\/kristian-hynek-o-absenci-na-cape-epic-a-postupnem-odchazeni-mel-jsem-spatnou-sezonu\/","og_locale":"cs_CZ","og_type":"article","og_title":"Kristian Hynek o absenci na Cape Epic a postupn\u00e9m odch\u00e1zen\u00ed: M\u011bl jsem \u0161patnou sezonu","og_description":"Kristian Hynek se chystal na sedm\u00fd Cape Epic. Nakonec na startu nebude. Pro\u010d bude \"africkou\" legendu sledovat jen jako mana\u017eer?","og_url":"https:\/\/www.welovecycling.com\/cs\/2021\/10\/14\/kristian-hynek-o-absenci-na-cape-epic-a-postupnem-odchazeni-mel-jsem-spatnou-sezonu\/","og_site_name":"\u0160koda We Love Cycling - \u010cesk\u00e1 republika","article_published_time":"2021-10-14T10:00:15+00:00","og_image":[{"width":1200,"height":800,"url":"https:\/\/d2p6e6u75xmxt8.cloudfront.net\/13\/2021\/10\/Hynek_CE2019_2-michal-cerveny.webp","type":"image\/webp"}],"author":"radekmalina","twitter_card":"summary_large_image","twitter_misc":{"Written by":"We Love Cycling","Est. reading time":"6"},"schema":{"@context":"https:\/\/schema.org","@graph":[{"@type":"WebPage","@id":"https:\/\/www.welovecycling.com\/cs\/2021\/10\/14\/kristian-hynek-o-absenci-na-cape-epic-a-postupnem-odchazeni-mel-jsem-spatnou-sezonu\/","url":"https:\/\/www.welovecycling.com\/cs\/2021\/10\/14\/kristian-hynek-o-absenci-na-cape-epic-a-postupnem-odchazeni-mel-jsem-spatnou-sezonu\/","name":"Kristian Hynek o absenci na Cape Epic a postupn\u00e9m odch\u00e1zen\u00ed: M\u011bl jsem \u0161patnou sezonu | \u0160koda We Love Cycling - \u010cesk\u00e1 republika","isPartOf":{"@id":"https:\/\/www.welovecycling.com\/cs\/#website"},"primaryImageOfPage":{"@id":"https:\/\/www.welovecycling.com\/cs\/2021\/10\/14\/kristian-hynek-o-absenci-na-cape-epic-a-postupnem-odchazeni-mel-jsem-spatnou-sezonu\/#primaryimage"},"image":{"@id":"https:\/\/www.welovecycling.com\/cs\/2021\/10\/14\/kristian-hynek-o-absenci-na-cape-epic-a-postupnem-odchazeni-mel-jsem-spatnou-sezonu\/#primaryimage"},"thumbnailUrl":"https:\/\/d2p6e6u75xmxt8.cloudfront.net\/13\/2021\/10\/Hynek_CE2019_2-michal-cerveny.webp","datePublished":"2021-10-14T10:00:15+00:00","author":{"@id":"https:\/\/www.welovecycling.com\/cs\/#\/schema\/person\/d9eeb0a378f3a7e4a6d12d2b536b04b8"},"description":"Kristian Hynek se chystal na sedm\u00fd Cape Epic. Nakonec na startu nebude. Pro\u010d bude \"africkou\" legendu sledovat jen jako mana\u017eer?","inLanguage":"cs","potentialAction":[{"@type":"ReadAction","target":["https:\/\/www.welovecycling.com\/cs\/2021\/10\/14\/kristian-hynek-o-absenci-na-cape-epic-a-postupnem-odchazeni-mel-jsem-spatnou-sezonu\/"]}]},{"@type":"ImageObject","inLanguage":"cs","@id":"https:\/\/www.welovecycling.com\/cs\/2021\/10\/14\/kristian-hynek-o-absenci-na-cape-epic-a-postupnem-odchazeni-mel-jsem-spatnou-sezonu\/#primaryimage","url":"https:\/\/d2p6e6u75xmxt8.cloudfront.net\/13\/2021\/10\/Hynek_CE2019_2-michal-cerveny.webp","contentUrl":"https:\/\/d2p6e6u75xmxt8.cloudfront.net\/13\/2021\/10\/Hynek_CE2019_2-michal-cerveny.webp","width":1200,"height":800,"caption":"Kristian Hynek"},{"@type":"WebSite","@id":"https:\/\/www.welovecycling.com\/cs\/#website","url":"https:\/\/www.welovecycling.com\/cs\/","name":"\u0160koda We Love Cycling - \u010cesk\u00e1 republika","description":"WeLoveCycling.cz je online magaz\u00edn, kter\u00fd v\u00e1m pravideln\u011b p\u0159in\u00e1\u0161\u00ed rady a tipy, zaj\u00edmav\u00e9 \u010dl\u00e1nky, videa a jedine\u010dn\u00e9 report\u00e1\u017ee ze sv\u011bta cyklistiky.","potentialAction":[{"@type":"SearchAction","target":{"@type":"EntryPoint","urlTemplate":"https:\/\/www.welovecycling.com\/cs\/?s={search_term_string}"},"query-input":{"@type":"PropertyValueSpecification","valueRequired":true,"valueName":"search_term_string"}}],"inLanguage":"cs"},{"@type":"Person","@id":"https:\/\/www.welovecycling.com\/cs\/#\/schema\/person\/d9eeb0a378f3a7e4a6d12d2b536b04b8","name":"radekmalina","image":{"@type":"ImageObject","inLanguage":"cs","@id":"https:\/\/www.welovecycling.com\/cs\/#\/schema\/person\/image\/","url":"https:\/\/secure.gravatar.com\/avatar\/66994b632cb8c39a46b9f54afa3ae07201b678d32a54275b6f1c9ffec356bfc0?s=96&d=mm&r=g","contentUrl":"https:\/\/secure.gravatar.com\/avatar\/66994b632cb8c39a46b9f54afa3ae07201b678d32a54275b6f1c9ffec356bfc0?s=96&d=mm&r=g","caption":"radekmalina"},"url":"https:\/\/www.welovecycling.com\/cs\/author\/radekmalina\/"}]}},"_links":{"self":[{"href":"https:\/\/www.welovecycling.com\/cs\/wp-json\/wp\/v2\/posts\/14774","targetHints":{"allow":["GET"]}}],"collection":[{"href":"https:\/\/www.welovecycling.com\/cs\/wp-json\/wp\/v2\/posts"}],"about":[{"href":"https:\/\/www.welovecycling.com\/cs\/wp-json\/wp\/v2\/types\/post"}],"author":[{"embeddable":true,"href":"https:\/\/www.welovecycling.com\/cs\/wp-json\/wp\/v2\/users\/138"}],"replies":[{"embeddable":true,"href":"https:\/\/www.welovecycling.com\/cs\/wp-json\/wp\/v2\/comments?post=14774"}],"version-history":[{"count":2,"href":"https:\/\/www.welovecycling.com\/cs\/wp-json\/wp\/v2\/posts\/14774\/revisions"}],"predecessor-version":[{"id":14782,"href":"https:\/\/www.welovecycling.com\/cs\/wp-json\/wp\/v2\/posts\/14774\/revisions\/14782"}],"wp:featuredmedia":[{"embeddable":true,"href":"https:\/\/www.welovecycling.com\/cs\/wp-json\/wp\/v2\/media\/14778"}],"wp:attachment":[{"href":"https:\/\/www.welovecycling.com\/cs\/wp-json\/wp\/v2\/media?parent=14774"}],"wp:term":[{"taxonomy":"category","embeddable":true,"href":"https:\/\/www.welovecycling.com\/cs\/wp-json\/wp\/v2\/categories?post=14774"},{"taxonomy":"post_tag","embeddable":true,"href":"https:\/\/www.welovecycling.com\/cs\/wp-json\/wp\/v2\/tags?post=14774"},{"taxonomy":"global-categories","embeddable":true,"href":"https:\/\/www.welovecycling.com\/cs\/wp-json\/wp\/v2\/global-categories?post=14774"}],"curies":[{"name":"wp","href":"https:\/\/api.w.org\/{rel}","templated":true}]}}