{"id":14765,"date":"2021-10-12T10:00:11","date_gmt":"2021-10-12T08:00:11","guid":{"rendered":"https:\/\/www.welovecycling.com\/cs\/?p=14765"},"modified":"2021-10-15T07:16:35","modified_gmt":"2021-10-15T05:16:35","slug":"alois-kankovsky-mel-jsem-krasnou-karieru-ale-na-trofeje-nekoukam-jsou-v-krabici","status":"publish","type":"post","link":"https:\/\/www.welovecycling.com\/cs\/2021\/10\/12\/alois-kankovsky-mel-jsem-krasnou-karieru-ale-na-trofeje-nekoukam-jsou-v-krabici\/","title":{"rendered":"Alois Ka\u0148kovsk\u00fd: M\u011bl jsem kr\u00e1snou kari\u00e9ru, ale na trofeje nekouk\u00e1m. Jsou v krabici"},"content":{"rendered":"<p><strong>Je mistrem sv\u011bta na dr\u00e1ze, na silnici vyhr\u00e1l \u0159adu z\u00e1vod\u016f UCI. Excelentn\u00ed sprinter, kter\u00fd posledn\u00edch sedm let t\u00e1hl nejlep\u0161\u00ed dom\u00e1c\u00ed t\u00fdm Elkov-Kasper: Alois Ka\u0148kovsk\u00fd. V osmat\u0159iceti letech kon\u010d\u00ed bohatou a \u00fasp\u011b\u0161nou kari\u00e9ru. Co bude d\u00e1l, je\u0161t\u011b netu\u0161\u00ed. Ale v\u00ed jist\u011b, \u017ee chce z\u016fstat u cyklistiky.<\/strong><\/p>\n<h2><strong>Jak se c\u00edt\u00edte jako u\u017e b\u00fdval\u00fd cyklista?<\/strong><\/h2>\n<p>Je to zm\u011bna. \u010clov\u011bk byl zvykl\u00fd m\u00edt ka\u017ed\u00fd den nastaven\u00fd n\u011bjak\u00fd re\u017eim, tr\u00e9novat. Te\u010f r\u00e1no vstanu, kouknu se na po\u010das\u00ed a kdy\u017e nem\u00e1 b\u00fdt moc dob\u0159e a nechce se mi, tak prost\u011b nevyjedu. Jako prof\u00edk jsem si tohle dovolit nemohl.<\/p>\n<figure id=\"attachment_14799\" aria-describedby=\"caption-attachment-14799\" style=\"width: 1000px\" class=\"wp-caption alignnone\"><a href=\"https:\/\/d2p6e6u75xmxt8.cloudfront.net\/13\/2021\/10\/kankovsky-BrychtaJan_Visegrad_4_Valtice_V4_20180421_170919_DSC_4568.jpg\"><img loading=\"lazy\" decoding=\"async\" class=\"size-full wp-image-14799\" src=\"https:\/\/d2p6e6u75xmxt8.cloudfront.net\/13\/2021\/10\/kankovsky-BrychtaJan_Visegrad_4_Valtice_V4_20180421_170919_DSC_4568.jpg\" alt=\"Alois Ka\u0148kovsk\u00fd a jeho chv\u00edle tot\u00e1ln\u00ed euforie.\" width=\"1000\" height=\"665\" \/><\/a><figcaption id=\"caption-attachment-14799\" class=\"wp-caption-text\"><em>Alois Ka\u0148kovsk\u00fd a jeho chv\u00edle tot\u00e1ln\u00ed euforie.<\/em><\/figcaption><\/figure>\n<h2><strong>Ale kolo jste asi hned do sklepa nezamkl\u2026<\/strong><\/h2>\n<p>To ur\u010dit\u011b ne. Cyklistika je skoro cel\u00fd m\u016fj \u017eivot a sport jako takov\u00fd ke mn\u011b pat\u0159\u00ed. Dvakr\u00e1t nebo t\u0159ikr\u00e1t t\u00fddn\u011b na kole vyjedu, krom\u011b toho chod\u00edm dvakr\u00e1t t\u00fddn\u011b do fitka na crossfit. J\u00e1 budu sportovat po\u0159\u00e1d bez ohledu na to, jestli jsem profesion\u00e1ln\u00ed sportovec nebo ne. Moje dcera taky sportuje, d\u011bl\u00e1 atletiku, tak\u017ee m\u016f\u017eu jezdit na z\u00e1vody s\u00a0n\u00ed, kdy\u017e m\u00e1m v\u00edc \u010dasu.<\/p>\n<figure id=\"attachment_14772\" aria-describedby=\"caption-attachment-14772\" style=\"width: 1500px\" class=\"wp-caption alignnone\"><a href=\"https:\/\/d2p6e6u75xmxt8.cloudfront.net\/13\/2021\/10\/kannkovsky-3.jpg\"><img loading=\"lazy\" decoding=\"async\" class=\"size-full wp-image-14772\" src=\"https:\/\/d2p6e6u75xmxt8.cloudfront.net\/13\/2021\/10\/kannkovsky-3.jpg\" alt=\"Alois Ka\u0148kovsk\u00fd v dresu Elkov Kasper. \" width=\"1500\" height=\"998\" \/><\/a><figcaption id=\"caption-attachment-14772\" class=\"wp-caption-text\">Alois Ka\u0148kovsk\u00fd v dresu Elkov Kasper.<\/figcaption><\/figure>\n<h2><strong>H\u0159e\u0161\u00edte te\u010f t\u0159eba aspo\u0148 v\u00edc v j\u00eddle, kdy\u017e jste se musel \u0159adu let hl\u00eddat?<\/strong><\/h2>\n<p>Abych \u0159ekl pravdu, tak jsem si na zdravou stravu zvykl, a tak n\u011bjak v tom s man\u017eelkou jedeme po\u0159\u00e1d. J\u00e1 nikdy nem\u011bl probl\u00e9my, \u017ee bych jedl n\u011bjak nezdrav\u011b, \u0159et\u011bzce rychl\u00e9ho ob\u010derstven\u00ed m\u011b neberou&#8230; Sp\u00ed\u0161 m\u00e1m r\u00e1d jednodu\u0161\u0161\u00ed j\u00eddla, italskou kuchyni. Nen\u00ed to tak, \u017ee bych se te\u010f cpal n\u011b\u010d\u00edm, co jsem j\u00edst nemohl. M\u00e1m r\u00e1d pivo, na to si zajdu. Ale ob\u010das jsem si ho dop\u0159\u00e1l i norm\u00e1ln\u011b v sezon\u011b, tak\u017ee v tom nevid\u00edm probl\u00e9m.<\/p>\n<h2><strong>S\u00a0kari\u00e9rou jste se ofici\u00e1ln\u011b lou\u010dil na dom\u00e1c\u00edm z\u00e1vod\u011b va\u0161eho t\u00fdmu Velk\u00e1 cena Hradce Kr\u00e1lov\u00e9. Je hezk\u00e9 se lou\u010dit v\u00edt\u011bzstv\u00edm?<\/strong><\/h2>\n<p>Ur\u010dit\u011b jo. Byl to posledn\u00ed z\u00e1vod, kde jsem m\u011bl je\u0161t\u011b trochu nohy, tak jsem to cht\u011bl prodat. Se\u0161la se tam kvalitn\u00ed konkurence, byli tam sponzo\u0159i t\u00fdmu, fanou\u0161ci. Nav\u00edc jsem ten z\u00e1vod dok\u00e1zal vyhr\u00e1t sedmkr\u00e1t po sob\u011b. Cht\u011bl jsem se uk\u00e1zat a m\u00e1m velkou radost, jak to vy\u0161lo. Je hezk\u00e9 na konec je\u0161t\u011b oslavit v\u00edt\u011bzstv\u00ed. Sice jsem pak je\u0161t\u011b jel posledn\u00ed \u010cesk\u00fd poh\u00e1r, ale tam u\u017e jsem v\u011bd\u011bl, \u017ee na v\u00edt\u011bzstv\u00ed nem\u00e1m.<\/p>\n<div class=\"shortcode-ys-post-pinup\"><article class=\"loop-simple post-14686 post type-post status-publish format-standard has-post-thumbnail hentry category-silnicni-cyklistika tag-cyklistika tag-mathieu-van-der-poel tag-matteo-jorgenson tag-pariz-roubaix tag-peklo-severu tag-roubaix tag-roubaix-2021 tag-silnicni-cyklistika tag-sonny-colbrelli tag-wesley-kreder tag-wout-van-aert tag-zdenek-stybar global-categories-cycling\" data-postid=\"14686\" role=\"article\" data-post-id=\"14686\" data-word-count=\"671\" data-headline-length=\"83\" data-category=\"Silni\u010dn\u00ed cyklistika\" data-global-category=\"Cycling\" data-author=\"Jan Kr\u016fta\" data-published=\"2021-10-05T10:00:55+02:00\" data-published-day=\"Tuesday\">\n    <div class=\"entry-thumbnail article-thumbnail\" content=\"https:\/\/d2p6e6u75xmxt8.cloudfront.net\/13\/2021\/10\/roubaix-profimedia-0636255919-150x150.webp\"><a href=\"https:\/\/www.welovecycling.com\/cs\/2021\/10\/05\/vitejte-v-pekle-bahno-zima-pady-totalni-vycerpani-takove-bylo-letosni-roubaix\/\" class=\"image-holder\" target=\"_self\"><img decoding=\"async\" loading=\"lazy\" class=\"\" src=\"https:\/\/d2p6e6u75xmxt8.cloudfront.net\/13\/2021\/10\/roubaix-profimedia-0636255919-1024x682.webp\" srcset=\"https:\/\/d2p6e6u75xmxt8.cloudfront.net\/13\/2021\/10\/roubaix-profimedia-0636255919.webp 1800w, https:\/\/d2p6e6u75xmxt8.cloudfront.net\/13\/2021\/10\/roubaix-profimedia-0636255919-300x200.webp 300w, https:\/\/d2p6e6u75xmxt8.cloudfront.net\/13\/2021\/10\/roubaix-profimedia-0636255919-1024x682.webp 1024w, https:\/\/d2p6e6u75xmxt8.cloudfront.net\/13\/2021\/10\/roubaix-profimedia-0636255919-768x511.webp 768w, https:\/\/d2p6e6u75xmxt8.cloudfront.net\/13\/2021\/10\/roubaix-profimedia-0636255919-1536x1022.webp 1536w, https:\/\/d2p6e6u75xmxt8.cloudfront.net\/13\/2021\/10\/roubaix-profimedia-0636255919-272x182.webp 272w\" width=\"1024\" height=\"682\" sizes=\"auto, (min-width: 1200px) 300px, (min-width: 768px) 25vw, 100vw\" alt=\"vitejte-v-pekle-bahno-zima-pady-totalni-vycerpani-takove-bylo-letosni-roubaix\"\/><\/a><\/div>    <div class=\"entry-meta\">\n        <a class=\"label label-secondary post-category\" href=\"https:\/\/www.welovecycling.com\/cs\/category\/silnicni-cyklistika\/\" title=\"Silni\u010dn\u00ed cyklistika\">Silni\u010dn\u00ed cyklistika<\/a>\n    <\/div>\n    <div class=\"entry-details\">\n        <a href=\"https:\/\/www.welovecycling.com\/cs\/2021\/10\/05\/vitejte-v-pekle-bahno-zima-pady-totalni-vycerpani-takove-bylo-letosni-roubaix\/\" class='entry-title-wrapper'>\n            <h3 class=\"entry-title\"><span>V\u00edtejte v\u00a0pekle Pa\u0159\u00ed\u017e-Roubaix 2021: bahno, zima, p\u00e1dy, tot\u00e1ln\u00ed vy\u010derp\u00e1n\u00ed<\/span><\/h3>\n        <\/a>\n    <\/div>\n    <\/article>\n<\/div>\n<h2><strong>Kdy jste p\u0159i\u0161el na to, \u017ee leto\u0161n\u00ed sezona bude posledn\u00ed?<\/strong><\/h2>\n<p>Necht\u011bl jsem se dostat do f\u00e1ze, kdy m\u011b ukon\u010d\u00ed t\u00fdm. Kdy\u017e jsem m\u011bl p\u0159ed dv\u011bma lety t\u011b\u017ek\u00fd p\u00e1d v Ma\u010farsku a zranil jsem se, v hlav\u011b mi my\u0161lenka na konec za\u010dala trochu \u0161rotovat. Nav\u00edc p\u0159i\u0161la pandemie koronaviru, ru\u0161ily se z\u00e1vody a najednou jsem byl daleko v\u00edc doma. A bylo moc fajn, kdy\u017e jsem se mohl v\u00edc v\u011bnovat rodin\u011b. Byl jsem od osmn\u00e1cti let profesion\u00e1l, kdy\u017e jsem jezdil na dr\u00e1ze, m\u011bl jsem letn\u00ed i zimn\u00ed sezonu a s man\u017eelkou jsme ani nemohli jet na dovolenou. J\u00e1 jsem sp\u00ed\u0161 rodinn\u00fd typ a moje hlava prost\u011b \u0159ekla, \u017ee to sta\u010d\u00ed.<\/p>\n<h2><strong>Tak jste to ozn\u00e1mil t\u00fdmu?<\/strong><\/h2>\n<p>Kdy\u017e jsme se p\u0159ed touto sezonou bavili o prodlou\u017een\u00ed smlouvy, \u0159ekl jsem dop\u0159edu, \u017ee to bude m\u016fj posledn\u00ed rok. Byla to vz\u00e1jemn\u00e1 dohoda obou stran. Mus\u00edm b\u00fdt soudn\u00fd, d\u00e1l u\u017e by to tak ne\u0161lo. Kon\u010d\u00edm v prav\u00fd \u010das. Byl jsem v nejlep\u0161\u00edm \u010desk\u00e9m t\u00fdmu a abych \u0161el na star\u00e1 kolena n\u011bkam n\u00ed\u017e a pl\u00e1cal se tam, to by bylo k ni\u010demu.<\/p>\n<figure id=\"attachment_14770\" aria-describedby=\"caption-attachment-14770\" style=\"width: 1200px\" class=\"wp-caption alignnone\"><a href=\"https:\/\/d2p6e6u75xmxt8.cloudfront.net\/13\/2021\/10\/kankovsky-profimedia-0098838079.jpg\"><img loading=\"lazy\" decoding=\"async\" class=\"size-full wp-image-14770\" src=\"https:\/\/d2p6e6u75xmxt8.cloudfront.net\/13\/2021\/10\/kankovsky-profimedia-0098838079.jpg\" alt=\"Alois Ka\u0148kovsk\u00fd na dr\u00e1ze p\u0159i mistrovstv\u00ed sv\u011bta 2011. Foto: profimedia\" width=\"1200\" height=\"1800\" \/><\/a><figcaption id=\"caption-attachment-14770\" class=\"wp-caption-text\">Alois Ka\u0148kovsk\u00fd na dr\u00e1ze p\u0159i mistrovstv\u00ed sv\u011bta 2011. Foto: profimedia<\/figcaption><\/figure>\n<h2><strong>Kam budou sm\u011b\u0159ovat va\u0161e dal\u0161\u00ed kroky?<\/strong><\/h2>\n<p>Do konce roku m\u00e1m smlouvu v\u00a0t\u00fdmu, tak si u\u017e\u00edv\u00e1m volno, je\u017ed\u011bn\u00ed na kole a v\u00edce \u010dasu s\u00a0rodinou. Mus\u00edm si d\u00e1t chvili\u010dku na rozmy\u0161lenou. Nav\u00edc c\u00edt\u00edm, \u017ee si pot\u0159ebuju odpo\u010dinout, byl jsem po\u0159\u00e1d v\u00a0n\u011bjak\u00e9m z\u00e1p\u0159ahu a ro\u010dn\u011b jsem najezdil spoustu kilometr\u016f. Ale u\u017e te\u010f v\u00edm, \u017ee u cyklistiky z\u016fstanu. N\u011bco se mo\u017en\u00e1 r\u00fdsuje, ale nechci p\u0159edb\u00edhat. Nic domluven\u00e9ho zat\u00edm nem\u00e1m.<\/p>\n<figure id=\"attachment_14803\" aria-describedby=\"caption-attachment-14803\" style=\"width: 1000px\" class=\"wp-caption alignnone\"><a href=\"https:\/\/d2p6e6u75xmxt8.cloudfront.net\/13\/2021\/10\/Kankovsky-BrychtaJan_.jpg\"><img loading=\"lazy\" decoding=\"async\" class=\"size-full wp-image-14803\" src=\"https:\/\/d2p6e6u75xmxt8.cloudfront.net\/13\/2021\/10\/Kankovsky-BrychtaJan_.jpg\" alt=\"Alois Ka\u0148kovsk\u00fd na betonov\u00e9m ov\u00e1lu v Brn\u011b. Foto: Jan Brychta\" width=\"1000\" height=\"664\" \/><\/a><figcaption id=\"caption-attachment-14803\" class=\"wp-caption-text\"><em>Alois Ka\u0148kovsk\u00fd na betonov\u00e9m ov\u00e1lu v Brn\u011b. Foto: Jan Brychta<\/em><\/figcaption><\/figure>\n<h2><strong>Dok\u00e1zal jste se cyklistikou alespo\u0148 na n\u011bjakou dobu finan\u010dn\u011b zabezpe\u010dit?<\/strong><\/h2>\n<p>Na\u0161t\u011bst\u00ed nejsem tla\u010den\u00fd, \u017ee bych musel j\u00edt hned n\u011bco d\u011blat. M\u016f\u017eu se v klidu rozhodnout s\u00e1m. N\u011bco jsem si za kari\u00e9ru vyd\u011blal a myslel jsem i na zadn\u00ed kole\u010dka. Neutratil jsem v\u0161echno, docela dob\u0159e jsem investoval a \u0161patn\u011b se nem\u00e1m. Ne, \u017ee bych byl do konce \u017eivota renti\u00e9r, ale nemus\u00edm j\u00edt hned makat. J\u00e1 mysl\u00edm, \u017ee do konce \u017eivota se zajist\u00ed ti nejlep\u0161\u00ed borci z World Tour, ale ka\u017ed\u00fd si stejn\u011b mus\u00ed naj\u00edt n\u011bjakou \u010dinnost, kter\u00e1 ho po skon\u010den\u00ed kari\u00e9ry bude napl\u0148ovat. Jinak by se zbl\u00e1znil. \u010clov\u011bk mus\u00ed m\u00edt n\u011bjak\u00fd c\u00edl. J\u00e1 bych se nedok\u00e1zal jen v\u00e1let doma.<\/p>\n<div class=\"shortcode-ys-post-pinup\"><article class=\"loop-simple post-14740 post type-post status-publish format-standard has-post-thumbnail hentry category-horska-cyklistika tag-andreas-seewald tag-canyon-northwave-mtb-team tag-cyklistika tag-horska-cyklistika tag-kristian-hynek tag-mistrovstvi-sveta tag-ms-v-maratonu-2021 global-categories-cycling\" data-postid=\"14740\" role=\"article\" data-post-id=\"14740\" data-word-count=\"506\" data-headline-length=\"54\" data-category=\"Horsk\u00e1 cyklistika\" data-global-category=\"Cycling\" data-author=\"Adam Bouda\" data-published=\"2021-10-09T06:00:43+02:00\" data-published-day=\"Saturday\">\n    <div class=\"entry-thumbnail article-thumbnail\" content=\"https:\/\/d2p6e6u75xmxt8.cloudfront.net\/13\/2021\/10\/seewald-hynek-150x150.webp\"><a href=\"https:\/\/www.welovecycling.com\/cs\/2021\/10\/09\/duhovy-sampion-andreas-seewald-s-choutkami-kanibala\/\" class=\"image-holder\" target=\"_self\"><img decoding=\"async\" loading=\"lazy\" class=\"\" src=\"https:\/\/d2p6e6u75xmxt8.cloudfront.net\/13\/2021\/10\/seewald-hynek-1024x683.webp\" srcset=\"https:\/\/d2p6e6u75xmxt8.cloudfront.net\/13\/2021\/10\/seewald-hynek.webp 1600w, https:\/\/d2p6e6u75xmxt8.cloudfront.net\/13\/2021\/10\/seewald-hynek-300x200.webp 300w, https:\/\/d2p6e6u75xmxt8.cloudfront.net\/13\/2021\/10\/seewald-hynek-1024x683.webp 1024w, https:\/\/d2p6e6u75xmxt8.cloudfront.net\/13\/2021\/10\/seewald-hynek-768x512.webp 768w, https:\/\/d2p6e6u75xmxt8.cloudfront.net\/13\/2021\/10\/seewald-hynek-1536x1024.webp 1536w, https:\/\/d2p6e6u75xmxt8.cloudfront.net\/13\/2021\/10\/seewald-hynek-272x182.webp 272w\" width=\"1024\" height=\"683\" sizes=\"auto, (min-width: 1200px) 300px, (min-width: 768px) 25vw, 100vw\" alt=\"duhovy-sampion-andreas-seewald-s-choutkami-kanibala\"\/><\/a><\/div>    <div class=\"entry-meta\">\n        <a class=\"label label-secondary post-category\" href=\"https:\/\/www.welovecycling.com\/cs\/category\/horska-cyklistika\/\" title=\"Horsk\u00e1 cyklistika\">Horsk\u00e1 cyklistika<\/a>\n    <\/div>\n    <div class=\"entry-details\">\n        <a href=\"https:\/\/www.welovecycling.com\/cs\/2021\/10\/09\/duhovy-sampion-andreas-seewald-s-choutkami-kanibala\/\" class='entry-title-wrapper'>\n            <h3 class=\"entry-title\"><span>Andreas Seewald: duhov\u00fd \u0161ampion s choutkami kanibala<\/span><\/h3>\n        <\/a>\n    <\/div>\n    <\/article>\n<\/div>\n<h2><strong>Kdy\u017e se ohl\u00e9dnete za kari\u00e9rou, jak\u00e1 byla?<\/strong><\/h2>\n<p>Kr\u00e1sn\u00e1\u2026 Pro\u017eil jsem polovinu v\u00a0Dukle Praha a posledn\u00edch sedm let v\u00a0Hradci. Cyklistika m\u011b v\u0161ude bavila, nikdy jsem nebyl do n\u011b\u010deho nucen. Poznal jsem spoustu super lid\u00ed, jak v\u00a0Dukle, tak te\u010f v\u00a0Hradci. V\u017edycky jsme byli parta, kter\u00e1 t\u00e1hla za jeden provaz. Kari\u00e9ru jsem kon\u010dil v\u00a0t\u00fdmu, kter\u00fd dok\u00e1zal usp\u011bt i na t\u011b\u017ek\u00fdch mezin\u00e1rodn\u00edch z\u00e1vodech a posledn\u00ed roky jsme se pravideln\u011b um\u00eds\u0165ovali v\u00a0top 3 v\u00a0t\u00fdmov\u00e9m \u017eeb\u0159\u00ed\u010dku Europe Tour. Na dr\u00e1ze jsem po zisku titulu mistra sv\u011bta dost\u00e1val pozv\u00e1nky na \u0160estidenn\u00ed za kontrakty, jezdil jsem s\u00a0nejlep\u0161\u00edmi dr\u00e1ha\u0159i sv\u011bta. Ale pak u\u017e toho bylo dost a c\u00edtil jsem, \u017ee z\u00a0toho pot\u0159ebuji vypadnout. Tak jsem \u0161el do Hradce na silnici.<\/p>\n<h2><strong>Co je pro v\u00e1s nejv\u00edc? Titul mistra sv\u011bta v\u00a0omniu z\u00a0roku 2007?<\/strong><\/h2>\n<p>Asi jo, nav\u00edc jsme s\u00a0Petrem Lazarem z\u00edskal v\u00a0tom roce je\u0161t\u011b bronz v\u00a0madisonu. V\u00a0l\u00e9t\u011b jsme se st\u011bhovali, na\u0161em jsem duhov\u00fd dres a ty medaile. A uv\u011bdomil jsem si, co v\u0161echno to obn\u00e1\u0161elo. M\u00e1m asi sedm placek z\u00a0velk\u00fdch dr\u00e1hov\u00fdch akc\u00ed, na silnici jsem taky vyhr\u00e1l hodn\u011b z\u00e1vod\u016f. Byl jsem na olympi\u00e1d\u011b, mistrovstv\u00ed sv\u011bta. Jsem za svou kari\u00e9ru \u0161\u0165astn\u00fd, byla hodn\u011b poveden\u00e1.<\/p>\n<figure id=\"attachment_14769\" aria-describedby=\"caption-attachment-14769\" style=\"width: 1500px\" class=\"wp-caption alignnone\"><a href=\"https:\/\/d2p6e6u75xmxt8.cloudfront.net\/13\/2021\/10\/kankovsky-2.jpg\"><img loading=\"lazy\" decoding=\"async\" class=\"size-full wp-image-14769\" src=\"https:\/\/d2p6e6u75xmxt8.cloudfront.net\/13\/2021\/10\/kankovsky-2.jpg\" alt=\"Alois Ka\u0148kovsk\u00fd slav\u00ed v\u00edt\u011bzstv\u00ed v dresu Elkov Kasper. \" width=\"1500\" height=\"998\" \/><\/a><figcaption id=\"caption-attachment-14769\" class=\"wp-caption-text\">Alois Ka\u0148kovsk\u00fd slav\u00ed v\u00edt\u011bzstv\u00ed v dresu Elkov Kasper.<\/figcaption><\/figure>\n<h2><strong>M\u00e1te doma n\u011bjakou s\u00ed\u0148 sl\u00e1vy?<\/strong><\/h2>\n<p>Pr\u00e1v\u011b, \u017ee na to moc nejsem. M\u011bl jsem p\u00e1r trofej\u00ed v\u00a0pracovn\u011b, ale nem\u00e1m r\u00e1d, kdy\u017e se na to pr\u00e1\u0161\u00ed a mus\u00ed se jen ot\u00edrat. Dres mistra sv\u011bta jsem m\u011bl v\u00a0\u0161atn\u00edku n\u011bkde za sakama\u2026 M\u00e1m v\u0161echny trofeje schovan\u00e9, v\u00e1\u017e\u00edm si jich, ale nemus\u00edm se na n\u011b ka\u017ed\u00fd den d\u00edvat. Jsou v\u00a0krabici.<\/p>\n<h2><strong>Je n\u011bco, co v\u00e1m v\u00a0kari\u00e9\u0159e uteklo?<\/strong><\/h2>\n<p>Hodn\u011b jsem cht\u011bl vyhr\u00e1t mistr\u00e1k republiky na silnici, to mi souzeno nebylo. J\u00e1 v\u017edycky m\u00edval super jaro, b\u0159ezen, duben, kv\u011bten, ale pak, jak \u0159\u00edk\u00e1 m\u016fj k\u00e1mo\u0161 Petr Lechner, u\u017e \u010dasto bylo po \u017en\u00edch&#8230; Mistr\u00e1k mi nikdy moc nesedl, ale byl jsem te\u010f t\u0159ikr\u00e1t u toho, kdy\u017e vyhr\u00e1li kluci z t\u00fdmu. Medaili m\u00e1m jedin\u011b z dru\u017estev, z individu\u00e1ln\u00edho z\u00e1vodu ne. Ale \u010dlov\u011bk nem\u016f\u017ee m\u00edt v\u0161echno.<\/p>\n<p>&nbsp;<\/p>\n<p><strong>ALOIS KA\u0147KOVSK\u00dd<\/strong><\/p>\n<p>Narozen 19. 7. 1983<\/p>\n<p>Nejv\u011bt\u0161\u00ed \u00fasp\u011bchy \u2013 dr\u00e1ha: mistr sv\u011bta v\u00a0omniu (2007), bronz v\u00a0madisonu s\u00a0Petrem Lazarem (2007), \u0159ada dom\u00e1c\u00edch titul\u016f, 2x \u00fa\u010dast na OH.<\/p>\n<p>Silnice: v\u00edt\u011bz Tour of China II (3 vyhran\u00e9 etapy), v\u00edt\u011bz Dookola Mazowsza, 4x v\u00edt\u011bz Memorial Andrzeja Trochanowskiego, 4x v\u00edt\u011bz Memorial Romana Sieminskiego, 3 vyhran\u00e9 z\u00e1vody Visegradsk\u00e9 4, 7 vyhran\u00fdch etap na Tour of Taihu Lake.<\/p>\n","protected":false},"excerpt":{"rendered":"<p>Je mistrem sv\u011bta na dr\u00e1ze, na silnici vyhr\u00e1l \u0159adu z\u00e1vod\u016f UCI. Excelentn\u00ed sprinter, kter\u00fd posledn\u00edch sedm let t\u00e1hl nejlep\u0161\u00ed dom\u00e1c\u00ed [&hellip;]<\/p>\n","protected":false},"author":138,"featured_media":14771,"comment_status":"open","ping_status":"open","sticky":false,"template":"","format":"standard","meta":{"footnotes":""},"categories":[10],"tags":[1275,126,1004,762,1950,9],"global-categories":[411],"class_list":["post-14765","post","type-post","status-publish","format-standard","has-post-thumbnail","hentry","category-silnicni-cyklistika","tag-alois-kankovsky","tag-cyklistika","tag-drahova-cyklistika","tag-elkov-kasper","tag-konec-kariery","tag-silnicni-cyklistika","global-categories-cycling"],"yoast_head":"<!-- This site is optimized with the Yoast SEO Premium plugin v25.3 (Yoast SEO v25.9) - https:\/\/yoast.com\/wordpress\/plugins\/seo\/ -->\n<title>Alois Ka\u0148kovsk\u00fd: M\u011bl jsem kr\u00e1snou kari\u00e9ru, ale na trofeje nekouk\u00e1m. Jsou v krabici | \u0160koda We Love Cycling - \u010cesk\u00e1 republika<\/title>\n<meta name=\"description\" content=\"Alois Ka\u0148kovsk\u00fd je mistrem sv\u011bta na dr\u00e1ze, na silnici vyhr\u00e1l \u0159adu z\u00e1vod\u016f UCI. Sprinter, kter\u00fd t\u00e1hl Elkov-Kasper. V osmat\u0159iceti letech kon\u010d\u00ed.\" \/>\n<meta name=\"robots\" content=\"index, follow, max-snippet:-1, max-image-preview:large, max-video-preview:-1\" \/>\n<link rel=\"canonical\" href=\"https:\/\/www.welovecycling.com\/cs\/2021\/10\/12\/alois-kankovsky-mel-jsem-krasnou-karieru-ale-na-trofeje-nekoukam-jsou-v-krabici\/\" \/>\n<meta property=\"og:locale\" content=\"cs_CZ\" \/>\n<meta property=\"og:type\" content=\"article\" \/>\n<meta property=\"og:title\" content=\"Alois Ka\u0148kovsk\u00fd: M\u011bl jsem kr\u00e1snou kari\u00e9ru, ale na trofeje nekouk\u00e1m. Jsou v krabici\" \/>\n<meta property=\"og:description\" content=\"Alois Ka\u0148kovsk\u00fd je mistrem sv\u011bta na dr\u00e1ze, na silnici vyhr\u00e1l \u0159adu z\u00e1vod\u016f UCI. Sprinter, kter\u00fd t\u00e1hl Elkov-Kasper. V osmat\u0159iceti letech kon\u010d\u00ed.\" \/>\n<meta property=\"og:url\" content=\"https:\/\/www.welovecycling.com\/cs\/2021\/10\/12\/alois-kankovsky-mel-jsem-krasnou-karieru-ale-na-trofeje-nekoukam-jsou-v-krabici\/\" \/>\n<meta property=\"og:site_name\" content=\"\u0160koda We Love Cycling - \u010cesk\u00e1 republika\" \/>\n<meta property=\"article:published_time\" content=\"2021-10-12T08:00:11+00:00\" \/>\n<meta property=\"article:modified_time\" content=\"2021-10-15T05:16:35+00:00\" \/>\n<meta property=\"og:image\" content=\"https:\/\/d2p6e6u75xmxt8.cloudfront.net\/13\/2021\/10\/kankovsky.webp\" \/>\n\t<meta property=\"og:image:width\" content=\"1500\" \/>\n\t<meta property=\"og:image:height\" content=\"998\" \/>\n\t<meta property=\"og:image:type\" content=\"image\/webp\" \/>\n<meta name=\"author\" content=\"radekmalina\" \/>\n<meta name=\"twitter:card\" content=\"summary_large_image\" \/>\n<meta name=\"twitter:label1\" content=\"Written by\" \/>\n\t<meta name=\"twitter:data1\" content=\"Adam Bouda\" \/>\n\t<meta name=\"twitter:label2\" content=\"Est. reading time\" \/>\n\t<meta name=\"twitter:data2\" content=\"5\" \/>\n<script type=\"application\/ld+json\" class=\"yoast-schema-graph\">{\"@context\":\"https:\/\/schema.org\",\"@graph\":[{\"@type\":\"WebPage\",\"@id\":\"https:\/\/www.welovecycling.com\/cs\/2021\/10\/12\/alois-kankovsky-mel-jsem-krasnou-karieru-ale-na-trofeje-nekoukam-jsou-v-krabici\/\",\"url\":\"https:\/\/www.welovecycling.com\/cs\/2021\/10\/12\/alois-kankovsky-mel-jsem-krasnou-karieru-ale-na-trofeje-nekoukam-jsou-v-krabici\/\",\"name\":\"Alois Ka\u0148kovsk\u00fd: M\u011bl jsem kr\u00e1snou kari\u00e9ru, ale na trofeje nekouk\u00e1m. Jsou v krabici | \u0160koda We Love Cycling - \u010cesk\u00e1 republika\",\"isPartOf\":{\"@id\":\"https:\/\/www.welovecycling.com\/cs\/#website\"},\"primaryImageOfPage\":{\"@id\":\"https:\/\/www.welovecycling.com\/cs\/2021\/10\/12\/alois-kankovsky-mel-jsem-krasnou-karieru-ale-na-trofeje-nekoukam-jsou-v-krabici\/#primaryimage\"},\"image\":{\"@id\":\"https:\/\/www.welovecycling.com\/cs\/2021\/10\/12\/alois-kankovsky-mel-jsem-krasnou-karieru-ale-na-trofeje-nekoukam-jsou-v-krabici\/#primaryimage\"},\"thumbnailUrl\":\"https:\/\/d2p6e6u75xmxt8.cloudfront.net\/13\/2021\/10\/kankovsky.webp\",\"datePublished\":\"2021-10-12T08:00:11+00:00\",\"dateModified\":\"2021-10-15T05:16:35+00:00\",\"author\":{\"@id\":\"https:\/\/www.welovecycling.com\/cs\/#\/schema\/person\/d9eeb0a378f3a7e4a6d12d2b536b04b8\"},\"description\":\"Alois Ka\u0148kovsk\u00fd je mistrem sv\u011bta na dr\u00e1ze, na silnici vyhr\u00e1l \u0159adu z\u00e1vod\u016f UCI. Sprinter, kter\u00fd t\u00e1hl Elkov-Kasper. V osmat\u0159iceti letech kon\u010d\u00ed.\",\"inLanguage\":\"cs\",\"potentialAction\":[{\"@type\":\"ReadAction\",\"target\":[\"https:\/\/www.welovecycling.com\/cs\/2021\/10\/12\/alois-kankovsky-mel-jsem-krasnou-karieru-ale-na-trofeje-nekoukam-jsou-v-krabici\/\"]}]},{\"@type\":\"ImageObject\",\"inLanguage\":\"cs\",\"@id\":\"https:\/\/www.welovecycling.com\/cs\/2021\/10\/12\/alois-kankovsky-mel-jsem-krasnou-karieru-ale-na-trofeje-nekoukam-jsou-v-krabici\/#primaryimage\",\"url\":\"https:\/\/d2p6e6u75xmxt8.cloudfront.net\/13\/2021\/10\/kankovsky.webp\",\"contentUrl\":\"https:\/\/d2p6e6u75xmxt8.cloudfront.net\/13\/2021\/10\/kankovsky.webp\",\"width\":1500,\"height\":998},{\"@type\":\"WebSite\",\"@id\":\"https:\/\/www.welovecycling.com\/cs\/#website\",\"url\":\"https:\/\/www.welovecycling.com\/cs\/\",\"name\":\"\u0160koda We Love Cycling - \u010cesk\u00e1 republika\",\"description\":\"WeLoveCycling.cz je online magaz\u00edn, kter\u00fd v\u00e1m pravideln\u011b p\u0159in\u00e1\u0161\u00ed rady a tipy, zaj\u00edmav\u00e9 \u010dl\u00e1nky, videa a jedine\u010dn\u00e9 report\u00e1\u017ee ze sv\u011bta cyklistiky.\",\"potentialAction\":[{\"@type\":\"SearchAction\",\"target\":{\"@type\":\"EntryPoint\",\"urlTemplate\":\"https:\/\/www.welovecycling.com\/cs\/?s={search_term_string}\"},\"query-input\":{\"@type\":\"PropertyValueSpecification\",\"valueRequired\":true,\"valueName\":\"search_term_string\"}}],\"inLanguage\":\"cs\"},{\"@type\":\"Person\",\"@id\":\"https:\/\/www.welovecycling.com\/cs\/#\/schema\/person\/d9eeb0a378f3a7e4a6d12d2b536b04b8\",\"name\":\"radekmalina\",\"image\":{\"@type\":\"ImageObject\",\"inLanguage\":\"cs\",\"@id\":\"https:\/\/www.welovecycling.com\/cs\/#\/schema\/person\/image\/\",\"url\":\"https:\/\/secure.gravatar.com\/avatar\/66994b632cb8c39a46b9f54afa3ae07201b678d32a54275b6f1c9ffec356bfc0?s=96&d=mm&r=g\",\"contentUrl\":\"https:\/\/secure.gravatar.com\/avatar\/66994b632cb8c39a46b9f54afa3ae07201b678d32a54275b6f1c9ffec356bfc0?s=96&d=mm&r=g\",\"caption\":\"radekmalina\"},\"url\":\"https:\/\/www.welovecycling.com\/cs\/author\/radekmalina\/\"}]}<\/script>\n<!-- \/ Yoast SEO Premium plugin. -->","yoast_head_json":{"title":"Alois Ka\u0148kovsk\u00fd: M\u011bl jsem kr\u00e1snou kari\u00e9ru, ale na trofeje nekouk\u00e1m. Jsou v krabici | \u0160koda We Love Cycling - \u010cesk\u00e1 republika","description":"Alois Ka\u0148kovsk\u00fd je mistrem sv\u011bta na dr\u00e1ze, na silnici vyhr\u00e1l \u0159adu z\u00e1vod\u016f UCI. Sprinter, kter\u00fd t\u00e1hl Elkov-Kasper. V osmat\u0159iceti letech kon\u010d\u00ed.","robots":{"index":"index","follow":"follow","max-snippet":"max-snippet:-1","max-image-preview":"max-image-preview:large","max-video-preview":"max-video-preview:-1"},"canonical":"https:\/\/www.welovecycling.com\/cs\/2021\/10\/12\/alois-kankovsky-mel-jsem-krasnou-karieru-ale-na-trofeje-nekoukam-jsou-v-krabici\/","og_locale":"cs_CZ","og_type":"article","og_title":"Alois Ka\u0148kovsk\u00fd: M\u011bl jsem kr\u00e1snou kari\u00e9ru, ale na trofeje nekouk\u00e1m. Jsou v krabici","og_description":"Alois Ka\u0148kovsk\u00fd je mistrem sv\u011bta na dr\u00e1ze, na silnici vyhr\u00e1l \u0159adu z\u00e1vod\u016f UCI. Sprinter, kter\u00fd t\u00e1hl Elkov-Kasper. V osmat\u0159iceti letech kon\u010d\u00ed.","og_url":"https:\/\/www.welovecycling.com\/cs\/2021\/10\/12\/alois-kankovsky-mel-jsem-krasnou-karieru-ale-na-trofeje-nekoukam-jsou-v-krabici\/","og_site_name":"\u0160koda We Love Cycling - \u010cesk\u00e1 republika","article_published_time":"2021-10-12T08:00:11+00:00","article_modified_time":"2021-10-15T05:16:35+00:00","og_image":[{"width":1500,"height":998,"url":"https:\/\/d2p6e6u75xmxt8.cloudfront.net\/13\/2021\/10\/kankovsky.webp","type":"image\/webp"}],"author":"radekmalina","twitter_card":"summary_large_image","twitter_misc":{"Written by":"Adam Bouda","Est. reading time":"5"},"schema":{"@context":"https:\/\/schema.org","@graph":[{"@type":"WebPage","@id":"https:\/\/www.welovecycling.com\/cs\/2021\/10\/12\/alois-kankovsky-mel-jsem-krasnou-karieru-ale-na-trofeje-nekoukam-jsou-v-krabici\/","url":"https:\/\/www.welovecycling.com\/cs\/2021\/10\/12\/alois-kankovsky-mel-jsem-krasnou-karieru-ale-na-trofeje-nekoukam-jsou-v-krabici\/","name":"Alois Ka\u0148kovsk\u00fd: M\u011bl jsem kr\u00e1snou kari\u00e9ru, ale na trofeje nekouk\u00e1m. Jsou v krabici | \u0160koda We Love Cycling - \u010cesk\u00e1 republika","isPartOf":{"@id":"https:\/\/www.welovecycling.com\/cs\/#website"},"primaryImageOfPage":{"@id":"https:\/\/www.welovecycling.com\/cs\/2021\/10\/12\/alois-kankovsky-mel-jsem-krasnou-karieru-ale-na-trofeje-nekoukam-jsou-v-krabici\/#primaryimage"},"image":{"@id":"https:\/\/www.welovecycling.com\/cs\/2021\/10\/12\/alois-kankovsky-mel-jsem-krasnou-karieru-ale-na-trofeje-nekoukam-jsou-v-krabici\/#primaryimage"},"thumbnailUrl":"https:\/\/d2p6e6u75xmxt8.cloudfront.net\/13\/2021\/10\/kankovsky.webp","datePublished":"2021-10-12T08:00:11+00:00","dateModified":"2021-10-15T05:16:35+00:00","author":{"@id":"https:\/\/www.welovecycling.com\/cs\/#\/schema\/person\/d9eeb0a378f3a7e4a6d12d2b536b04b8"},"description":"Alois Ka\u0148kovsk\u00fd je mistrem sv\u011bta na dr\u00e1ze, na silnici vyhr\u00e1l \u0159adu z\u00e1vod\u016f UCI. Sprinter, kter\u00fd t\u00e1hl Elkov-Kasper. V osmat\u0159iceti letech kon\u010d\u00ed.","inLanguage":"cs","potentialAction":[{"@type":"ReadAction","target":["https:\/\/www.welovecycling.com\/cs\/2021\/10\/12\/alois-kankovsky-mel-jsem-krasnou-karieru-ale-na-trofeje-nekoukam-jsou-v-krabici\/"]}]},{"@type":"ImageObject","inLanguage":"cs","@id":"https:\/\/www.welovecycling.com\/cs\/2021\/10\/12\/alois-kankovsky-mel-jsem-krasnou-karieru-ale-na-trofeje-nekoukam-jsou-v-krabici\/#primaryimage","url":"https:\/\/d2p6e6u75xmxt8.cloudfront.net\/13\/2021\/10\/kankovsky.webp","contentUrl":"https:\/\/d2p6e6u75xmxt8.cloudfront.net\/13\/2021\/10\/kankovsky.webp","width":1500,"height":998},{"@type":"WebSite","@id":"https:\/\/www.welovecycling.com\/cs\/#website","url":"https:\/\/www.welovecycling.com\/cs\/","name":"\u0160koda We Love Cycling - \u010cesk\u00e1 republika","description":"WeLoveCycling.cz je online magaz\u00edn, kter\u00fd v\u00e1m pravideln\u011b p\u0159in\u00e1\u0161\u00ed rady a tipy, zaj\u00edmav\u00e9 \u010dl\u00e1nky, videa a jedine\u010dn\u00e9 report\u00e1\u017ee ze sv\u011bta cyklistiky.","potentialAction":[{"@type":"SearchAction","target":{"@type":"EntryPoint","urlTemplate":"https:\/\/www.welovecycling.com\/cs\/?s={search_term_string}"},"query-input":{"@type":"PropertyValueSpecification","valueRequired":true,"valueName":"search_term_string"}}],"inLanguage":"cs"},{"@type":"Person","@id":"https:\/\/www.welovecycling.com\/cs\/#\/schema\/person\/d9eeb0a378f3a7e4a6d12d2b536b04b8","name":"radekmalina","image":{"@type":"ImageObject","inLanguage":"cs","@id":"https:\/\/www.welovecycling.com\/cs\/#\/schema\/person\/image\/","url":"https:\/\/secure.gravatar.com\/avatar\/66994b632cb8c39a46b9f54afa3ae07201b678d32a54275b6f1c9ffec356bfc0?s=96&d=mm&r=g","contentUrl":"https:\/\/secure.gravatar.com\/avatar\/66994b632cb8c39a46b9f54afa3ae07201b678d32a54275b6f1c9ffec356bfc0?s=96&d=mm&r=g","caption":"radekmalina"},"url":"https:\/\/www.welovecycling.com\/cs\/author\/radekmalina\/"}]}},"_links":{"self":[{"href":"https:\/\/www.welovecycling.com\/cs\/wp-json\/wp\/v2\/posts\/14765","targetHints":{"allow":["GET"]}}],"collection":[{"href":"https:\/\/www.welovecycling.com\/cs\/wp-json\/wp\/v2\/posts"}],"about":[{"href":"https:\/\/www.welovecycling.com\/cs\/wp-json\/wp\/v2\/types\/post"}],"author":[{"embeddable":true,"href":"https:\/\/www.welovecycling.com\/cs\/wp-json\/wp\/v2\/users\/138"}],"replies":[{"embeddable":true,"href":"https:\/\/www.welovecycling.com\/cs\/wp-json\/wp\/v2\/comments?post=14765"}],"version-history":[{"count":2,"href":"https:\/\/www.welovecycling.com\/cs\/wp-json\/wp\/v2\/posts\/14765\/revisions"}],"predecessor-version":[{"id":14806,"href":"https:\/\/www.welovecycling.com\/cs\/wp-json\/wp\/v2\/posts\/14765\/revisions\/14806"}],"wp:featuredmedia":[{"embeddable":true,"href":"https:\/\/www.welovecycling.com\/cs\/wp-json\/wp\/v2\/media\/14771"}],"wp:attachment":[{"href":"https:\/\/www.welovecycling.com\/cs\/wp-json\/wp\/v2\/media?parent=14765"}],"wp:term":[{"taxonomy":"category","embeddable":true,"href":"https:\/\/www.welovecycling.com\/cs\/wp-json\/wp\/v2\/categories?post=14765"},{"taxonomy":"post_tag","embeddable":true,"href":"https:\/\/www.welovecycling.com\/cs\/wp-json\/wp\/v2\/tags?post=14765"},{"taxonomy":"global-categories","embeddable":true,"href":"https:\/\/www.welovecycling.com\/cs\/wp-json\/wp\/v2\/global-categories?post=14765"}],"curies":[{"name":"wp","href":"https:\/\/api.w.org\/{rel}","templated":true}]}}