{"id":14569,"date":"2021-09-23T07:00:45","date_gmt":"2021-09-23T05:00:45","guid":{"rendered":"https:\/\/www.welovecycling.com\/cs\/?p=14569"},"modified":"2021-09-22T10:39:41","modified_gmt":"2021-09-22T08:39:41","slug":"v-lete-laska-pak-hamiznost-ted-nasli-cavendish-a-lefevere-spolecnou-rec","status":"publish","type":"post","link":"https:\/\/www.welovecycling.com\/cs\/2021\/09\/23\/v-lete-laska-pak-hamiznost-ted-nasli-cavendish-a-lefevere-spolecnou-rec\/","title":{"rendered":"V\u00a0l\u00e9t\u011b l\u00e1ska, pak hami\u017enost, te\u010f na\u0161li Cavendish a Lefevere spole\u010dnou \u0159e\u010d"},"content":{"rendered":"<p><strong>Pen\u00edze, pen\u00edze a zase pen\u00edze! P\u0159i leto\u0161n\u00ed Tour de France se boss st\u00e1je Deceuninck-Quick Step Patrick Lefevere rozpl\u00fdval nad fam\u00f3zn\u00edm ta\u017een\u00edm Marka Cavendishe. Britsk\u00fd cyklista tam vyhr\u00e1l \u010dty\u0159i etapy, z\u00edskal zelen\u00fd dres a dok\u00e1zal vyrovnat rekord Eddyho Merckxe v po\u010dtu prvenstv\u00ed (34). \u00dasp\u011bchy v\u0161ak spustily lavinu krkolomn\u00fdch jedn\u00e1n\u00ed o nov\u00e9m kontraktu, proto\u017ee britsk\u00fd cyklista jezdil za minim\u00e1ln\u00ed mzdu&#8230;<\/strong><\/p>\n<p>\u201ePoh\u00e1dka nekon\u010d\u00ed,\u201c psal pod fotografie rozesm\u00e1t\u00e9ho Cavendishe s rukama nad hlavou na soci\u00e1ln\u00ed s\u00edt\u011b. P\u0159ed sezonou 2021 mu podal pomocnou ruku. Rod\u00e1k z ostrova Man byl na odpis, nikdo ho necht\u011bl a zva\u017eoval konec kari\u00e9ry.<\/p>\n<p>Lefevere v\u0161ak c\u00edtil, \u017ee by n\u00e1vrat Cavendishe do jeho t\u00fdmu po p\u011bti letech mohl zafungovat. \u201eNem\u011bli jsme co ztratit, mohli jsme jen z\u00edskat,\u201c p\u0159iznal.<\/p>\n<h2><strong>Cavendish jezdil za minim\u00e1ln\u00ed mzdu<\/strong><\/h2>\n<p>Cavendish byl pokorn\u00fd, s\u00a0platem \u0161el oproti p\u0159edchoz\u00edmu anga\u017em\u00e1 mnohon\u00e1sobn\u011b dol\u016f, jezdil skoro za minim\u00e1ln\u00ed mzdu a byl r\u00e1d za z\u00e1chranu kari\u00e9ry. Quick-Step u\u017e m\u011bl sice rozpo\u010det na mzdy z\u00e1vodn\u00edk\u016f vy\u010derp\u00e1n, ale Cavendish\u016fv plat s\u00a0bonusy hradil Specialized.<\/p>\n<div class=\"shortcode-ys-post-pinup\"><article class=\"loop-simple post-13475 post type-post status-publish format-standard has-post-thumbnail hentry category-podcasty tag-frantisek-rabon tag-mark-cavendish tag-mathieu-van-der-poel tag-silnicni-cyklistika tag-tadej-pogacar tag-tour-de-france tag-tour-de-france-2021 global-categories-cycling\" data-postid=\"13475\" role=\"article\" data-post-id=\"13475\" data-word-count=\"164\" data-headline-length=\"89\" data-category=\"Podcasty\" data-global-category=\"Cycling\" data-author=\"We Love Cycling\" data-published=\"2021-06-30T13:01:52+02:00\" data-published-day=\"Wednesday\">\n    <div class=\"entry-thumbnail article-thumbnail\" content=\"https:\/\/d2p6e6u75xmxt8.cloudfront.net\/13\/2021\/05\/Rabon-BrychtaJan_CP_CSC_TK_Praha_20180323_100813_DSC_9131-150x150.webp\"><a href=\"https:\/\/www.welovecycling.com\/cs\/2021\/06\/30\/podcast-we-love-cycling-frantisek-rabon-o-tour-de-france-vztahu-s-cavendishem-ci-van-der-poelem\/\" class=\"image-holder\" target=\"_self\"><img decoding=\"async\" loading=\"lazy\" class=\"\" src=\"https:\/\/d2p6e6u75xmxt8.cloudfront.net\/13\/2021\/05\/Rabon-BrychtaJan_CP_CSC_TK_Praha_20180323_100813_DSC_9131-1024x681.webp\" srcset=\"https:\/\/d2p6e6u75xmxt8.cloudfront.net\/13\/2021\/05\/Rabon-BrychtaJan_CP_CSC_TK_Praha_20180323_100813_DSC_9131.webp 2000w, https:\/\/d2p6e6u75xmxt8.cloudfront.net\/13\/2021\/05\/Rabon-BrychtaJan_CP_CSC_TK_Praha_20180323_100813_DSC_9131-300x200.webp 300w, https:\/\/d2p6e6u75xmxt8.cloudfront.net\/13\/2021\/05\/Rabon-BrychtaJan_CP_CSC_TK_Praha_20180323_100813_DSC_9131-1024x681.webp 1024w, https:\/\/d2p6e6u75xmxt8.cloudfront.net\/13\/2021\/05\/Rabon-BrychtaJan_CP_CSC_TK_Praha_20180323_100813_DSC_9131-768x511.webp 768w, https:\/\/d2p6e6u75xmxt8.cloudfront.net\/13\/2021\/05\/Rabon-BrychtaJan_CP_CSC_TK_Praha_20180323_100813_DSC_9131-1536x1022.webp 1536w, https:\/\/d2p6e6u75xmxt8.cloudfront.net\/13\/2021\/05\/Rabon-BrychtaJan_CP_CSC_TK_Praha_20180323_100813_DSC_9131-1920x1278.webp 1920w, https:\/\/d2p6e6u75xmxt8.cloudfront.net\/13\/2021\/05\/Rabon-BrychtaJan_CP_CSC_TK_Praha_20180323_100813_DSC_9131-272x182.webp 272w, https:\/\/d2p6e6u75xmxt8.cloudfront.net\/13\/2021\/05\/Rabon-BrychtaJan_CP_CSC_TK_Praha_20180323_100813_DSC_9131-1920x1278.webp 1920w\" width=\"1024\" height=\"681\" sizes=\"auto, (min-width: 1200px) 300px, (min-width: 768px) 25vw, 100vw\" alt=\"podcast-we-love-cycling-frantisek-rabon-o-tour-de-france-vztahu-s-cavendishem-ci-van-der-poelem\"\/><\/a><\/div>    <div class=\"entry-meta\">\n        <a class=\"label label-secondary post-category\" href=\"https:\/\/www.welovecycling.com\/cs\/category\/podcasty\/\" title=\"Podcasty\">Podcasty<\/a>\n    <\/div>\n    <div class=\"entry-details\">\n        <a href=\"https:\/\/www.welovecycling.com\/cs\/2021\/06\/30\/podcast-we-love-cycling-frantisek-rabon-o-tour-de-france-vztahu-s-cavendishem-ci-van-der-poelem\/\" class='entry-title-wrapper'>\n            <h3 class=\"entry-title\"><span>WLC Podcast Franti\u0161ek Rabo\u0148: O Tour de France, vztahu s\u00a0Cavendishem \u010di van der Poelem<\/span><\/h3>\n        <\/a>\n    <\/div>\n    <\/article>\n<\/div>\n<p>Nikdo ne\u010dekal, \u017ee v\u00a0tuto dobu bude m\u00edt na kont\u011b za rok 2021 dev\u011bt v\u00edt\u011bzstv\u00ed v\u010detn\u011b \u010dty\u0159 z\u00e1\u0159ez\u016f na Tour, kam se dostal a\u017e jako n\u00e1hrada za Bennetta.<\/p>\n<p>A tak se u\u017e po Tour za\u010dalo \u0159e\u0161it, co bude d\u00e1l. \u0160estat\u0159icetilet\u00fd Cavendish nechce po takov\u00e9 sezon\u011b samoz\u0159ejm\u011b kon\u010dit a bylo nasnad\u011b, \u017ee by partnerstv\u00ed s Quick Stepem mohlo pokra\u010dovat. Jen\u017ee se n\u011bco zadrhlo.<\/p>\n<figure id=\"attachment_12510\" aria-describedby=\"caption-attachment-12510\" style=\"width: 1920px\" class=\"wp-caption alignnone\"><a href=\"https:\/\/d2p6e6u75xmxt8.cloudfront.net\/13\/2021\/04\/Mark-Cavendish-Tour-of-Turkey-Stage-2-Victory-1-_Stuart-Franklin-Getty-Images-scaled.jpg\"><img loading=\"lazy\" decoding=\"async\" class=\"size-extra-large wp-image-12510\" src=\"https:\/\/d2p6e6u75xmxt8.cloudfront.net\/13\/2021\/04\/Mark-Cavendish-Tour-of-Turkey-Stage-2-Victory-1-_Stuart-Franklin-Getty-Images-1920x1280.jpg\" alt=\"Mark Cavendish a jeho prvn\u00ed v\u00edt\u011bzstv\u00ed po n\u00e1vratu do Deceuninck Quick Step p\u0159i z\u00e1vod\u011b Kolem Turecka. Foto: Getty Images\/Deceuninck Quick Step\" width=\"1920\" height=\"1280\" \/><\/a><figcaption id=\"caption-attachment-12510\" class=\"wp-caption-text\"><em>Mark Cavendish a jeho prvn\u00ed v\u00edt\u011bzstv\u00ed po n\u00e1vratu do Deceuninck Quick Step p\u0159i z\u00e1vod\u011b Kolem Turecka. Foto: Getty Images\/Deceuninck Quick Step<\/em><\/figcaption><\/figure>\n<p>\u201eMark po tom v\u0161em, co jsme pro n\u011bj ud\u011blali, za\u010dal op\u011bt p\u0159em\u00fd\u0161let tak, \u017ee je \u010das zase inkasovat,\u201c p\u0159iznal Lefevere. Jin\u00fdmi slovy, Cavendish svou cenu op\u011bt mnohon\u00e1sobn\u011b nav\u00fd\u0161il. V\u010detn\u011b bonus\u016f za v\u00edt\u011bzstv\u00ed.<\/p>\n<p>\u201eJe mi jasn\u00e9, \u017ee \u010dlov\u011bku, kter\u00fd vyhr\u00e1l \u010dty\u0159i etapy na Tour a \u010dty\u0159i etapy Kolem Turecka, nem\u016f\u017eu d\u00e1t stejn\u00e9 pen\u00edze jako letos. Ale n\u00e1roky Marka jsou obrovsk\u00e9. T\u011b\u017eko najdeme spole\u010dnou \u0159e\u010d,\u201c tvrdil je\u0161t\u011b p\u0159ed p\u00e1r dny Lefevere.<\/p>\n<div class=\"shortcode-ys-post-pinup\"><article class=\"loop-simple post-14435 post type-post status-publish format-standard has-post-thumbnail hentry category-silnicni-cyklistika tag-cyklistika tag-jumbo-visma tag-kolem-britanie tag-pascal-eenkhoorn tag-silnicni-cyklistika tag-tour-of-britain tag-xander-graham global-categories-cycling\" data-postid=\"14435\" role=\"article\" data-post-id=\"14435\" data-word-count=\"265\" data-headline-length=\"112\" data-category=\"Silni\u010dn\u00ed cyklistika\" data-global-category=\"Cycling\" data-author=\"Adam Bouda\" data-published=\"2021-09-13T09:00:11+02:00\" data-published-day=\"Monday\">\n    <div class=\"entry-thumbnail article-thumbnail\" content=\"https:\/\/d2p6e6u75xmxt8.cloudfront.net\/13\/2021\/09\/tour-of-britain-profimedia-0631710450-150x150.webp\"><a href=\"https:\/\/www.welovecycling.com\/cs\/2021\/09\/13\/o-bidonu-smlouve-v-tymu-a-vitezstvi-v-srdci-xander-graham-a-pascal-eenkhoorn-hvezdami-i-bez-vyhry\/\" class=\"image-holder\" target=\"_self\"><img decoding=\"async\" loading=\"lazy\" class=\"\" src=\"https:\/\/d2p6e6u75xmxt8.cloudfront.net\/13\/2021\/09\/tour-of-britain-profimedia-0631710450-1024x683.webp\" srcset=\"https:\/\/d2p6e6u75xmxt8.cloudfront.net\/13\/2021\/09\/tour-of-britain-profimedia-0631710450.webp 1800w, https:\/\/d2p6e6u75xmxt8.cloudfront.net\/13\/2021\/09\/tour-of-britain-profimedia-0631710450-300x200.webp 300w, https:\/\/d2p6e6u75xmxt8.cloudfront.net\/13\/2021\/09\/tour-of-britain-profimedia-0631710450-1024x683.webp 1024w, https:\/\/d2p6e6u75xmxt8.cloudfront.net\/13\/2021\/09\/tour-of-britain-profimedia-0631710450-768x512.webp 768w, https:\/\/d2p6e6u75xmxt8.cloudfront.net\/13\/2021\/09\/tour-of-britain-profimedia-0631710450-1536x1024.webp 1536w, https:\/\/d2p6e6u75xmxt8.cloudfront.net\/13\/2021\/09\/tour-of-britain-profimedia-0631710450-272x182.webp 272w\" width=\"1024\" height=\"683\" sizes=\"auto, (min-width: 1200px) 300px, (min-width: 768px) 25vw, 100vw\" alt=\"o-bidonu-smlouve-v-tymu-a-vitezstvi-v-srdci-xander-graham-a-pascal-eenkhoorn-hvezdami-i-bez-vyhry\"\/><\/a><\/div>    <div class=\"entry-meta\">\n        <a class=\"label label-secondary post-category\" href=\"https:\/\/www.welovecycling.com\/cs\/category\/silnicni-cyklistika\/\" title=\"Silni\u010dn\u00ed cyklistika\">Silni\u010dn\u00ed cyklistika<\/a>\n    <\/div>\n    <div class=\"entry-details\">\n        <a href=\"https:\/\/www.welovecycling.com\/cs\/2021\/09\/13\/o-bidonu-smlouve-v-tymu-a-vitezstvi-v-srdci-xander-graham-a-pascal-eenkhoorn-hvezdami-i-bez-vyhry\/\" class='entry-title-wrapper'>\n            <h3 class=\"entry-title\"><span>O bidonu, \u201esmlouv\u011b\u201c v t\u00fdmu a v\u00edt\u011bzstv\u00ed v srdci. Xander Graham a Pascal Eenkhoorn hv\u011bzdami i bez v\u00fdhry<\/span><\/h3>\n        <\/a>\n    <\/div>\n    <\/article>\n<\/div>\n<p>Druhou v\u011bc\u00ed krom\u011b finan\u010dn\u00edch n\u00e1rok\u016f je Cavendish\u016fv z\u00e1vodn\u00ed program v\u00a0roce 2022. Lefeverovi je jasn\u00e9, \u017ee bude cht\u00edt znovu na Tour, aby zkusil p\u0159ekonat rekord Merckxe. \u201eAle j\u00e1 na Tour nepo\u0161lu dva sprintery. A na\u0161\u00ed jedni\u010dkou bude Fabio Jakobsen,\u201c up\u0159ednost\u0148uje boss t\u00fdmu u\u017e nyn\u00ed mlad\u00e9ho nizozemsk\u00e9ho sprintera.<\/p>\n<h2><strong>Chce do managementu \u201evl\u010d\u00ed sme\u010dky\u201c<\/strong><\/h2>\n<p>B\u011bhem n\u011bkolika posledn\u00edch dn\u016f se v\u0161ak situace zm\u011bnila. \u201ePotk\u00e1me se te\u010f tv\u00e1\u0159\u00ed v\u00a0tv\u00e1\u0159 p\u0159i mistrovstv\u00ed sv\u011bta, ale na platu a bonusech u\u017e jsme se dohodli,\u201c prozradil Lefevere.<\/p>\n<p>Ro\u010dn\u00edmu prodlou\u017een\u00ed kontraktu z\u0159ejm\u011b nic nestoj\u00ed v cest\u011b. Probl\u00e9mem je ale dal\u0161\u00ed budoucnost, proto\u017ee Cavendish chce m\u00edt garantovanou roli v managementu t\u00fdmu. A Levefere o\u010dividn\u011b do d\u016fchodu je\u0161t\u011b nesp\u011bch\u00e1.<\/p>\n<figure id=\"attachment_13526\" aria-describedby=\"caption-attachment-13526\" style=\"width: 1920px\" class=\"wp-caption alignnone\"><a href=\"https:\/\/d2p6e6u75xmxt8.cloudfront.net\/13\/2021\/07\/Mark-Cavendish-Tour-de-France-Stage-6-Green-Jersey-_Tim-De-Waele-Getty-Images-scaled.jpg\"><img loading=\"lazy\" decoding=\"async\" class=\"size-extra-large wp-image-13526\" src=\"https:\/\/d2p6e6u75xmxt8.cloudfront.net\/13\/2021\/07\/Mark-Cavendish-Tour-de-France-Stage-6-Green-Jersey-_Tim-De-Waele-Getty-Images-1920x1280.jpg\" alt=\"Mark Cavendish jako kr\u00e1l bodovac\u00ed sout\u011b\u017ee na Tour de France.\" width=\"1920\" height=\"1280\" \/><\/a><figcaption id=\"caption-attachment-13526\" class=\"wp-caption-text\"><em>Mark Cavendish jako kr\u00e1l bodovac\u00ed sout\u011b\u017ee na Tour de France. \u00dasp\u011bchy ve Francii spustily touhu po lep\u0161\u00ed smlouv\u011b.<\/em><\/figcaption><\/figure>\n<p>\u201eUr\u010dit\u011b se tomu nebr\u00e1n\u00edm, nechme to otev\u0159en\u00e9. V\u00edm, \u017ee Mark dok\u00e1zal p\u0159iv\u00e9st n\u011bkter\u00e9 velk\u00e9 spole\u010dnosti, jako t\u0159eba McLaren, do sv\u011bta cyklistiky, m\u00e1 vynikaj\u00edc\u00ed vztahy s\u00a0v\u00fdrobcem energetick\u00fdch n\u00e1poj\u016f Monster. Ur\u010dit\u011b se mu d\u00edky jeho jm\u00e9nu otv\u00edr\u00e1 spousta dve\u0159\u00ed a m\u016f\u017ee b\u00fdt pro n\u00e1\u0161 t\u00fdm u\u017eite\u010dn\u00fd i d\u00e1l. Ale j\u00e1 m\u00e1m gener\u00e1ln\u00ed partnery podepsan\u00e9 a\u017e do roku 2027 a ty men\u0161\u00ed v\u011bt\u0161inou taky na dva nebo t\u0159i roky. Tak\u017ee tam moc m\u00edsta nen\u00ed,\u201c dodal Lefevere.<\/p>\n<div class=\"shortcode-ys-post-pinup\"><article class=\"loop-simple post-14555 post type-post status-publish format-standard has-post-thumbnail hentry category-horska-cyklistika tag-andri-frischknecht tag-christoph-blevins tag-cyklistika tag-greg-minnaar tag-henrique-avancini tag-horska-cyklistika tag-jordan-sarrou tag-katerina-nash tag-loic-bruni tag-loris-vergier tag-mathias-fluckiger tag-myriam-nicole tag-nino-schurter tag-ondrej-cink tag-thibaut-daprela tag-troy-brosnan tag-victor-koretzky tag-vitez-shorttracku global-categories-cycling\" data-postid=\"14555\" role=\"article\" data-post-id=\"14555\" data-word-count=\"432\" data-headline-length=\"88\" data-category=\"Horsk\u00e1 cyklistika\" data-global-category=\"Cycling\" data-author=\"Michal \u010cerven\u00fd\" data-published=\"2021-09-22T09:00:36+02:00\" data-published-day=\"Wednesday\">\n    <div class=\"entry-thumbnail article-thumbnail\" content=\"https:\/\/d2p6e6u75xmxt8.cloudfront.net\/13\/2021\/09\/wlc-cerveny-brosnan-150x150.webp\"><a href=\"https:\/\/www.welovecycling.com\/cs\/2021\/09\/22\/americky-sen-cesky-bronz-louceni-kateriny-nash-fotoreportaz-ze-snowshoe\/\" class=\"image-holder\" target=\"_self\"><img decoding=\"async\" loading=\"lazy\" class=\"\" src=\"https:\/\/d2p6e6u75xmxt8.cloudfront.net\/13\/2021\/09\/wlc-cerveny-brosnan-1024x683.webp\" srcset=\"https:\/\/d2p6e6u75xmxt8.cloudfront.net\/13\/2021\/09\/wlc-cerveny-brosnan.webp 1600w, https:\/\/d2p6e6u75xmxt8.cloudfront.net\/13\/2021\/09\/wlc-cerveny-brosnan-300x200.webp 300w, https:\/\/d2p6e6u75xmxt8.cloudfront.net\/13\/2021\/09\/wlc-cerveny-brosnan-1024x683.webp 1024w, https:\/\/d2p6e6u75xmxt8.cloudfront.net\/13\/2021\/09\/wlc-cerveny-brosnan-768x512.webp 768w, https:\/\/d2p6e6u75xmxt8.cloudfront.net\/13\/2021\/09\/wlc-cerveny-brosnan-1536x1024.webp 1536w, https:\/\/d2p6e6u75xmxt8.cloudfront.net\/13\/2021\/09\/wlc-cerveny-brosnan-272x182.webp 272w\" width=\"1024\" height=\"683\" sizes=\"auto, (min-width: 1200px) 300px, (min-width: 768px) 25vw, 100vw\" alt=\"americky-sen-cesky-bronz-louceni-kateriny-nash-fotoreportaz-ze-snowshoe\"\/><\/a><\/div>    <div class=\"entry-meta\">\n        <a class=\"label label-secondary post-category\" href=\"https:\/\/www.welovecycling.com\/cs\/category\/horska-cyklistika\/\" title=\"Horsk\u00e1 cyklistika\">Horsk\u00e1 cyklistika<\/a>\n    <\/div>\n    <div class=\"entry-details\">\n        <a href=\"https:\/\/www.welovecycling.com\/cs\/2021\/09\/22\/americky-sen-cesky-bronz-louceni-kateriny-nash-fotoreportaz-ze-snowshoe\/\" class='entry-title-wrapper'>\n            <h3 class=\"entry-title\"><span>Americk\u00fd sen, \u010desk\u00fd bronz, lou\u010den\u00ed Kate\u0159iny Nash&#8230; Fotoreport\u00e1\u017e ze Snowshoe<\/span><\/h3>\n        <\/a>\n    <\/div>\n    <\/article>\n<\/div>\n<p>V\u0161echno sm\u011b\u0159uje k tomu, \u017ee Mark Cavendish bude je\u0161t\u011b rok sou\u010d\u00e1st\u00ed \u201evl\u010d\u00ed sme\u010dky\u201c v Quick Stepu jako z\u00e1vodn\u00edk. A\u0165 u\u017e pojede na Tour de France nebo ne. A co p\u0159inese dal\u0161\u00ed budoucnost, to te\u010f nikdo nen\u00ed schopen p\u0159edpov\u011bd\u011bt.<\/p>\n","protected":false},"excerpt":{"rendered":"<p>Pen\u00edze, pen\u00edze a zase pen\u00edze! P\u0159i leto\u0161n\u00ed Tour de France se boss st\u00e1je Deceuninck-Quick Step Patrick Lefevere rozpl\u00fdval nad fam\u00f3zn\u00edm [&hellip;]<\/p>\n","protected":false},"author":138,"featured_media":13648,"comment_status":"open","ping_status":"open","sticky":false,"template":"","format":"standard","meta":{"footnotes":""},"categories":[10],"tags":[126,90,1896,361,1517,9,23,1710],"global-categories":[411],"class_list":["post-14569","post","type-post","status-publish","format-standard","has-post-thumbnail","hentry","category-silnicni-cyklistika","tag-cyklistika","tag-deceuninck-quick-step","tag-kontrakt","tag-mark-cavendish","tag-patrick-lefevere","tag-silnicni-cyklistika","tag-tour-de-france","tag-zeleny-dres","global-categories-cycling"],"yoast_head":"<!-- This site is optimized with the Yoast SEO Premium plugin v25.3 (Yoast SEO v25.9) - https:\/\/yoast.com\/wordpress\/plugins\/seo\/ -->\n<title>V\u00a0l\u00e9t\u011b l\u00e1ska, pak hami\u017enost, te\u010f na\u0161li Cavendish a Lefevere spole\u010dnou \u0159e\u010d | \u0160koda We Love Cycling - \u010cesk\u00e1 republika<\/title>\n<meta name=\"robots\" content=\"index, follow, max-snippet:-1, max-image-preview:large, max-video-preview:-1\" \/>\n<link rel=\"canonical\" href=\"https:\/\/www.welovecycling.com\/cs\/2021\/09\/23\/v-lete-laska-pak-hamiznost-ted-nasli-cavendish-a-lefevere-spolecnou-rec\/\" \/>\n<meta property=\"og:locale\" content=\"cs_CZ\" \/>\n<meta property=\"og:type\" content=\"article\" \/>\n<meta property=\"og:title\" content=\"V\u00a0l\u00e9t\u011b l\u00e1ska, pak hami\u017enost, te\u010f na\u0161li Cavendish a Lefevere spole\u010dnou \u0159e\u010d\" \/>\n<meta property=\"og:description\" content=\"Pen\u00edze, pen\u00edze a zase pen\u00edze! P\u0159i leto\u0161n\u00ed Tour de France se boss st\u00e1je Deceuninck-Quick Step Patrick Lefevere rozpl\u00fdval nad fam\u00f3zn\u00edm [&hellip;]\" \/>\n<meta property=\"og:url\" content=\"https:\/\/www.welovecycling.com\/cs\/2021\/09\/23\/v-lete-laska-pak-hamiznost-ted-nasli-cavendish-a-lefevere-spolecnou-rec\/\" \/>\n<meta property=\"og:site_name\" content=\"\u0160koda We Love Cycling - \u010cesk\u00e1 republika\" \/>\n<meta property=\"article:published_time\" content=\"2021-09-23T05:00:45+00:00\" \/>\n<meta property=\"og:image\" content=\"https:\/\/d2p6e6u75xmxt8.cloudfront.net\/13\/2021\/07\/Mark-Cavendish-Tour-de-France-Stage-13-Victory-_Tim-De-Waele-Getty-Images-scaled.webp\" \/>\n\t<meta property=\"og:image:width\" content=\"2560\" \/>\n\t<meta property=\"og:image:height\" content=\"1757\" \/>\n\t<meta property=\"og:image:type\" content=\"image\/webp\" \/>\n<meta name=\"author\" content=\"radekmalina\" \/>\n<meta name=\"twitter:card\" content=\"summary_large_image\" \/>\n<meta name=\"twitter:label1\" content=\"Written by\" \/>\n\t<meta name=\"twitter:data1\" content=\"Michal \u010cerven\u00fd\" \/>\n\t<meta name=\"twitter:label2\" content=\"Est. reading time\" \/>\n\t<meta name=\"twitter:data2\" content=\"5\" \/>\n<script type=\"application\/ld+json\" class=\"yoast-schema-graph\">{\"@context\":\"https:\/\/schema.org\",\"@graph\":[{\"@type\":\"WebPage\",\"@id\":\"https:\/\/www.welovecycling.com\/cs\/2021\/09\/23\/v-lete-laska-pak-hamiznost-ted-nasli-cavendish-a-lefevere-spolecnou-rec\/\",\"url\":\"https:\/\/www.welovecycling.com\/cs\/2021\/09\/23\/v-lete-laska-pak-hamiznost-ted-nasli-cavendish-a-lefevere-spolecnou-rec\/\",\"name\":\"V\u00a0l\u00e9t\u011b l\u00e1ska, pak hami\u017enost, te\u010f na\u0161li Cavendish a Lefevere spole\u010dnou \u0159e\u010d | \u0160koda We Love Cycling - \u010cesk\u00e1 republika\",\"isPartOf\":{\"@id\":\"https:\/\/www.welovecycling.com\/cs\/#website\"},\"primaryImageOfPage\":{\"@id\":\"https:\/\/www.welovecycling.com\/cs\/2021\/09\/23\/v-lete-laska-pak-hamiznost-ted-nasli-cavendish-a-lefevere-spolecnou-rec\/#primaryimage\"},\"image\":{\"@id\":\"https:\/\/www.welovecycling.com\/cs\/2021\/09\/23\/v-lete-laska-pak-hamiznost-ted-nasli-cavendish-a-lefevere-spolecnou-rec\/#primaryimage\"},\"thumbnailUrl\":\"https:\/\/d2p6e6u75xmxt8.cloudfront.net\/13\/2021\/07\/Mark-Cavendish-Tour-de-France-Stage-13-Victory-_Tim-De-Waele-Getty-Images-scaled.webp\",\"datePublished\":\"2021-09-23T05:00:45+00:00\",\"author\":{\"@id\":\"https:\/\/www.welovecycling.com\/cs\/#\/schema\/person\/d9eeb0a378f3a7e4a6d12d2b536b04b8\"},\"inLanguage\":\"cs\",\"potentialAction\":[{\"@type\":\"ReadAction\",\"target\":[\"https:\/\/www.welovecycling.com\/cs\/2021\/09\/23\/v-lete-laska-pak-hamiznost-ted-nasli-cavendish-a-lefevere-spolecnou-rec\/\"]}]},{\"@type\":\"ImageObject\",\"inLanguage\":\"cs\",\"@id\":\"https:\/\/www.welovecycling.com\/cs\/2021\/09\/23\/v-lete-laska-pak-hamiznost-ted-nasli-cavendish-a-lefevere-spolecnou-rec\/#primaryimage\",\"url\":\"https:\/\/d2p6e6u75xmxt8.cloudfront.net\/13\/2021\/07\/Mark-Cavendish-Tour-de-France-Stage-13-Victory-_Tim-De-Waele-Getty-Images-scaled.webp\",\"contentUrl\":\"https:\/\/d2p6e6u75xmxt8.cloudfront.net\/13\/2021\/07\/Mark-Cavendish-Tour-de-France-Stage-13-Victory-_Tim-De-Waele-Getty-Images-scaled.webp\",\"width\":2560,\"height\":1757,\"caption\":\"Hv\u011bzdy v \u010cesku? Mark Cavendish by rozhodn\u011b pat\u0159il k nejv\u011bt\u0161\u00edm cyklistick\u00fdm celebrit\u00e1m na \u010desk\u00fdch silnic\u00edch\"},{\"@type\":\"WebSite\",\"@id\":\"https:\/\/www.welovecycling.com\/cs\/#website\",\"url\":\"https:\/\/www.welovecycling.com\/cs\/\",\"name\":\"\u0160koda We Love Cycling - \u010cesk\u00e1 republika\",\"description\":\"WeLoveCycling.cz je online magaz\u00edn, kter\u00fd v\u00e1m pravideln\u011b p\u0159in\u00e1\u0161\u00ed rady a tipy, zaj\u00edmav\u00e9 \u010dl\u00e1nky, videa a jedine\u010dn\u00e9 report\u00e1\u017ee ze sv\u011bta cyklistiky.\",\"potentialAction\":[{\"@type\":\"SearchAction\",\"target\":{\"@type\":\"EntryPoint\",\"urlTemplate\":\"https:\/\/www.welovecycling.com\/cs\/?s={search_term_string}\"},\"query-input\":{\"@type\":\"PropertyValueSpecification\",\"valueRequired\":true,\"valueName\":\"search_term_string\"}}],\"inLanguage\":\"cs\"},{\"@type\":\"Person\",\"@id\":\"https:\/\/www.welovecycling.com\/cs\/#\/schema\/person\/d9eeb0a378f3a7e4a6d12d2b536b04b8\",\"name\":\"radekmalina\",\"image\":{\"@type\":\"ImageObject\",\"inLanguage\":\"cs\",\"@id\":\"https:\/\/www.welovecycling.com\/cs\/#\/schema\/person\/image\/\",\"url\":\"https:\/\/secure.gravatar.com\/avatar\/66994b632cb8c39a46b9f54afa3ae07201b678d32a54275b6f1c9ffec356bfc0?s=96&d=mm&r=g\",\"contentUrl\":\"https:\/\/secure.gravatar.com\/avatar\/66994b632cb8c39a46b9f54afa3ae07201b678d32a54275b6f1c9ffec356bfc0?s=96&d=mm&r=g\",\"caption\":\"radekmalina\"},\"url\":\"https:\/\/www.welovecycling.com\/cs\/author\/radekmalina\/\"}]}<\/script>\n<!-- \/ Yoast SEO Premium plugin. -->","yoast_head_json":{"title":"V\u00a0l\u00e9t\u011b l\u00e1ska, pak hami\u017enost, te\u010f na\u0161li Cavendish a Lefevere spole\u010dnou \u0159e\u010d | \u0160koda We Love Cycling - \u010cesk\u00e1 republika","robots":{"index":"index","follow":"follow","max-snippet":"max-snippet:-1","max-image-preview":"max-image-preview:large","max-video-preview":"max-video-preview:-1"},"canonical":"https:\/\/www.welovecycling.com\/cs\/2021\/09\/23\/v-lete-laska-pak-hamiznost-ted-nasli-cavendish-a-lefevere-spolecnou-rec\/","og_locale":"cs_CZ","og_type":"article","og_title":"V\u00a0l\u00e9t\u011b l\u00e1ska, pak hami\u017enost, te\u010f na\u0161li Cavendish a Lefevere spole\u010dnou \u0159e\u010d","og_description":"Pen\u00edze, pen\u00edze a zase pen\u00edze! P\u0159i leto\u0161n\u00ed Tour de France se boss st\u00e1je Deceuninck-Quick Step Patrick Lefevere rozpl\u00fdval nad fam\u00f3zn\u00edm [&hellip;]","og_url":"https:\/\/www.welovecycling.com\/cs\/2021\/09\/23\/v-lete-laska-pak-hamiznost-ted-nasli-cavendish-a-lefevere-spolecnou-rec\/","og_site_name":"\u0160koda We Love Cycling - \u010cesk\u00e1 republika","article_published_time":"2021-09-23T05:00:45+00:00","og_image":[{"width":2560,"height":1757,"url":"https:\/\/d2p6e6u75xmxt8.cloudfront.net\/13\/2021\/07\/Mark-Cavendish-Tour-de-France-Stage-13-Victory-_Tim-De-Waele-Getty-Images-scaled.webp","type":"image\/webp"}],"author":"radekmalina","twitter_card":"summary_large_image","twitter_misc":{"Written by":"Michal \u010cerven\u00fd","Est. reading time":"5"},"schema":{"@context":"https:\/\/schema.org","@graph":[{"@type":"WebPage","@id":"https:\/\/www.welovecycling.com\/cs\/2021\/09\/23\/v-lete-laska-pak-hamiznost-ted-nasli-cavendish-a-lefevere-spolecnou-rec\/","url":"https:\/\/www.welovecycling.com\/cs\/2021\/09\/23\/v-lete-laska-pak-hamiznost-ted-nasli-cavendish-a-lefevere-spolecnou-rec\/","name":"V\u00a0l\u00e9t\u011b l\u00e1ska, pak hami\u017enost, te\u010f na\u0161li Cavendish a Lefevere spole\u010dnou \u0159e\u010d | \u0160koda We Love Cycling - \u010cesk\u00e1 republika","isPartOf":{"@id":"https:\/\/www.welovecycling.com\/cs\/#website"},"primaryImageOfPage":{"@id":"https:\/\/www.welovecycling.com\/cs\/2021\/09\/23\/v-lete-laska-pak-hamiznost-ted-nasli-cavendish-a-lefevere-spolecnou-rec\/#primaryimage"},"image":{"@id":"https:\/\/www.welovecycling.com\/cs\/2021\/09\/23\/v-lete-laska-pak-hamiznost-ted-nasli-cavendish-a-lefevere-spolecnou-rec\/#primaryimage"},"thumbnailUrl":"https:\/\/d2p6e6u75xmxt8.cloudfront.net\/13\/2021\/07\/Mark-Cavendish-Tour-de-France-Stage-13-Victory-_Tim-De-Waele-Getty-Images-scaled.webp","datePublished":"2021-09-23T05:00:45+00:00","author":{"@id":"https:\/\/www.welovecycling.com\/cs\/#\/schema\/person\/d9eeb0a378f3a7e4a6d12d2b536b04b8"},"inLanguage":"cs","potentialAction":[{"@type":"ReadAction","target":["https:\/\/www.welovecycling.com\/cs\/2021\/09\/23\/v-lete-laska-pak-hamiznost-ted-nasli-cavendish-a-lefevere-spolecnou-rec\/"]}]},{"@type":"ImageObject","inLanguage":"cs","@id":"https:\/\/www.welovecycling.com\/cs\/2021\/09\/23\/v-lete-laska-pak-hamiznost-ted-nasli-cavendish-a-lefevere-spolecnou-rec\/#primaryimage","url":"https:\/\/d2p6e6u75xmxt8.cloudfront.net\/13\/2021\/07\/Mark-Cavendish-Tour-de-France-Stage-13-Victory-_Tim-De-Waele-Getty-Images-scaled.webp","contentUrl":"https:\/\/d2p6e6u75xmxt8.cloudfront.net\/13\/2021\/07\/Mark-Cavendish-Tour-de-France-Stage-13-Victory-_Tim-De-Waele-Getty-Images-scaled.webp","width":2560,"height":1757,"caption":"Hv\u011bzdy v \u010cesku? Mark Cavendish by rozhodn\u011b pat\u0159il k nejv\u011bt\u0161\u00edm cyklistick\u00fdm celebrit\u00e1m na \u010desk\u00fdch silnic\u00edch"},{"@type":"WebSite","@id":"https:\/\/www.welovecycling.com\/cs\/#website","url":"https:\/\/www.welovecycling.com\/cs\/","name":"\u0160koda We Love Cycling - \u010cesk\u00e1 republika","description":"WeLoveCycling.cz je online magaz\u00edn, kter\u00fd v\u00e1m pravideln\u011b p\u0159in\u00e1\u0161\u00ed rady a tipy, zaj\u00edmav\u00e9 \u010dl\u00e1nky, videa a jedine\u010dn\u00e9 report\u00e1\u017ee ze sv\u011bta cyklistiky.","potentialAction":[{"@type":"SearchAction","target":{"@type":"EntryPoint","urlTemplate":"https:\/\/www.welovecycling.com\/cs\/?s={search_term_string}"},"query-input":{"@type":"PropertyValueSpecification","valueRequired":true,"valueName":"search_term_string"}}],"inLanguage":"cs"},{"@type":"Person","@id":"https:\/\/www.welovecycling.com\/cs\/#\/schema\/person\/d9eeb0a378f3a7e4a6d12d2b536b04b8","name":"radekmalina","image":{"@type":"ImageObject","inLanguage":"cs","@id":"https:\/\/www.welovecycling.com\/cs\/#\/schema\/person\/image\/","url":"https:\/\/secure.gravatar.com\/avatar\/66994b632cb8c39a46b9f54afa3ae07201b678d32a54275b6f1c9ffec356bfc0?s=96&d=mm&r=g","contentUrl":"https:\/\/secure.gravatar.com\/avatar\/66994b632cb8c39a46b9f54afa3ae07201b678d32a54275b6f1c9ffec356bfc0?s=96&d=mm&r=g","caption":"radekmalina"},"url":"https:\/\/www.welovecycling.com\/cs\/author\/radekmalina\/"}]}},"_links":{"self":[{"href":"https:\/\/www.welovecycling.com\/cs\/wp-json\/wp\/v2\/posts\/14569","targetHints":{"allow":["GET"]}}],"collection":[{"href":"https:\/\/www.welovecycling.com\/cs\/wp-json\/wp\/v2\/posts"}],"about":[{"href":"https:\/\/www.welovecycling.com\/cs\/wp-json\/wp\/v2\/types\/post"}],"author":[{"embeddable":true,"href":"https:\/\/www.welovecycling.com\/cs\/wp-json\/wp\/v2\/users\/138"}],"replies":[{"embeddable":true,"href":"https:\/\/www.welovecycling.com\/cs\/wp-json\/wp\/v2\/comments?post=14569"}],"version-history":[{"count":2,"href":"https:\/\/www.welovecycling.com\/cs\/wp-json\/wp\/v2\/posts\/14569\/revisions"}],"predecessor-version":[{"id":14571,"href":"https:\/\/www.welovecycling.com\/cs\/wp-json\/wp\/v2\/posts\/14569\/revisions\/14571"}],"wp:featuredmedia":[{"embeddable":true,"href":"https:\/\/www.welovecycling.com\/cs\/wp-json\/wp\/v2\/media\/13648"}],"wp:attachment":[{"href":"https:\/\/www.welovecycling.com\/cs\/wp-json\/wp\/v2\/media?parent=14569"}],"wp:term":[{"taxonomy":"category","embeddable":true,"href":"https:\/\/www.welovecycling.com\/cs\/wp-json\/wp\/v2\/categories?post=14569"},{"taxonomy":"post_tag","embeddable":true,"href":"https:\/\/www.welovecycling.com\/cs\/wp-json\/wp\/v2\/tags?post=14569"},{"taxonomy":"global-categories","embeddable":true,"href":"https:\/\/www.welovecycling.com\/cs\/wp-json\/wp\/v2\/global-categories?post=14569"}],"curies":[{"name":"wp","href":"https:\/\/api.w.org\/{rel}","templated":true}]}}