{"id":14555,"date":"2021-09-22T09:00:36","date_gmt":"2021-09-22T07:00:36","guid":{"rendered":"https:\/\/www.welovecycling.com\/cs\/?p=14555"},"modified":"2021-09-22T09:52:33","modified_gmt":"2021-09-22T07:52:33","slug":"americky-sen-cesky-bronz-louceni-kateriny-nash-fotoreportaz-ze-snowshoe","status":"publish","type":"post","link":"https:\/\/www.welovecycling.com\/cs\/2021\/09\/22\/americky-sen-cesky-bronz-louceni-kateriny-nash-fotoreportaz-ze-snowshoe\/","title":{"rendered":"Americk\u00fd sen, \u010desk\u00fd bronz, lou\u010den\u00ed Kate\u0159iny Nash&#8230; Fotoreport\u00e1\u017e ze Snowshoe"},"content":{"rendered":"<p><strong>Velkolep\u00e9! Jedine\u010dn\u00e9! Nezapomenuteln\u00e9. Vyvrcholen\u00ed sv\u011btov\u00e9ho poh\u00e1ru horsk\u00fdch kol v\u00a0americk\u00e9m Snowshoe p\u0159ineslo v\u00fdjime\u010dn\u00e9 okam\u017eiky. Senza\u010dn\u00ed triumfu pro dom\u00e1c\u00ed barvy. Obrovskou porci radosti pro \u010desk\u00e9ho reprezentanta Ond\u0159eje Cinka. Emoce lou\u010d\u00edc\u00ed se Kate\u0159iny Nash, respektive jej\u00edho t\u00fdmu.<\/strong><\/p>\n<p>Jak vypadaly bitvy o vte\u0159iny v\u00a0\u0161est\u00e9m d\u011bjstv\u00ed sv\u011btov\u00e9ho poh\u00e1ru 2021 objektivem Michala \u010cerven\u00e9ho?<\/p>\n<h2><strong>Shorttrack<\/strong><\/h2>\n<p>\u017de to bude fin\u00e1le, jak se pat\u0159\u00ed, uk\u00e1zal v Snowshoe u\u017e p\u00e1te\u010dn\u00ed shorttrack.<\/p>\n<p><a href=\"https:\/\/d2p6e6u75xmxt8.cloudfront.net\/13\/2021\/09\/wlc-cerveny-snowshoe1.jpg\"><img loading=\"lazy\" decoding=\"async\" class=\"alignnone size-full wp-image-14552\" src=\"https:\/\/d2p6e6u75xmxt8.cloudfront.net\/13\/2021\/09\/wlc-cerveny-snowshoe1.jpg\" alt=\"\" width=\"1600\" height=\"1067\" \/><\/a><\/p>\n<p>Do ly\u017ea\u0159sk\u00e9ho st\u0159ediska v Z\u00e1padn\u00ed Virginii m\u00ed\u0159ili fanou\u0161ci horsk\u00fdch kol doslova z cel\u00fdch Spojen\u00fdch st\u00e1t\u016f!<\/p>\n<p><a href=\"https:\/\/d2p6e6u75xmxt8.cloudfront.net\/13\/2021\/09\/wlc-cerveny-shorttrack.jpg\"><img loading=\"lazy\" decoding=\"async\" class=\"alignnone size-full wp-image-14551\" src=\"https:\/\/d2p6e6u75xmxt8.cloudfront.net\/13\/2021\/09\/wlc-cerveny-shorttrack.jpg\" alt=\"\" width=\"1600\" height=\"1067\" \/><\/a><\/p>\n<p>A nechyb\u011bli ani \u010de\u0161t\u00ed fanou\u0161ci s vlajkami, jim\u017e ud\u011blal velkou radost Ond\u0159ej Cink, kdy\u017e si v kr\u00e1tk\u00e9m z\u00e1vod\u011b vyjel prvn\u00ed startovn\u00ed lajnu pro ned\u011bln\u00ed fin\u00e1le a tam si t\u0159et\u00edm m\u00edstem zajistil i bronz v celkov\u00e9m hodnocen\u00ed sv\u011btov\u00e9ho poh\u00e1ru.<\/p>\n<h2><strong>Kate\u0159ina Nash a jej\u00ed lou\u010den\u00ed<\/strong><\/h2>\n<p>Na sc\u00e9n\u011b horsk\u00fdch kol nebylo v\u011bt\u0161\u00ed st\u00e1lice ne\u017e americk\u00e9ho d\u00e1msk\u00e9ho t\u00fdmu Clif Pro Team, jeho\u017e sou\u010d\u00e1st\u00ed byla od za\u010d\u00e1tku tak\u00e9 \u010desk\u00e1 bikerka Kate\u0159ina Nash.<\/p>\n<p><a href=\"https:\/\/d2p6e6u75xmxt8.cloudfront.net\/13\/2021\/09\/wlc-cerveny-nash2.jpg\"><img loading=\"lazy\" decoding=\"async\" class=\"alignnone size-full wp-image-14550\" src=\"https:\/\/d2p6e6u75xmxt8.cloudfront.net\/13\/2021\/09\/wlc-cerveny-nash2.jpg\" alt=\"\" width=\"1600\" height=\"1067\" \/><\/a><\/p>\n<p>Po dlouh\u00fdch a kr\u00e1sn\u00fdch 20 letech tento t\u00fdm kon\u010d\u00ed.<\/p>\n<p><a href=\"https:\/\/d2p6e6u75xmxt8.cloudfront.net\/13\/2021\/09\/wlc-cerveny-nash.jpg\"><img loading=\"lazy\" decoding=\"async\" class=\"alignnone size-full wp-image-14549\" src=\"https:\/\/d2p6e6u75xmxt8.cloudfront.net\/13\/2021\/09\/wlc-cerveny-nash.jpg\" alt=\"\" width=\"1600\" height=\"1067\" \/><\/a><\/p>\n<p>Z\u00e1vod ve Snowshoe byl dojemnou rozlu\u010dkou t\u00fdmu, koncem kari\u00e9ry pro Catherine Pendrel i posledn\u00edm z\u00e1vodem sv\u011btov\u00e9ho poh\u00e1ru pro Kate\u0159inu Nash.<strong>\u00a0<\/strong><\/p>\n<h2><strong>Thibaut Daprela sk\u00e1kal na stupn\u011b o berl\u00edch<\/strong><\/h2>\n<p>\u010cern\u00fd v\u00edkend za\u017eili v nejlep\u0161\u00edm sjezdov\u00e9m t\u00fdmu Commencal\/Muc-Off. Myriam Nicole mezi \u017eenami a Thibaut Daprela mezi mu\u017ei, oba \u0161li do z\u00e1v\u011bre\u010dn\u00e9ho sjezdu sezony v dresech l\u00eddr\u016f sv\u011btov\u00e9ho poh\u00e1ru. Jen\u017ee teprve dvacetilet\u00fd supertalent Daprela se roz\u0161t\u00edpal v kvalifika\u010dn\u00ed j\u00edzd\u011b a zlomil si nohu.<\/p>\n<p><a href=\"https:\/\/d2p6e6u75xmxt8.cloudfront.net\/13\/2021\/09\/wlc-cerveny-Daprela.jpg\"><img loading=\"lazy\" decoding=\"async\" class=\"alignnone size-full wp-image-14546\" src=\"https:\/\/d2p6e6u75xmxt8.cloudfront.net\/13\/2021\/09\/wlc-cerveny-Daprela.jpg\" alt=\"\" width=\"1067\" height=\"1600\" \/><\/a><\/p>\n<p>Myriam Nicole, kter\u00e9 sta\u010dilo jen v klidu dojet do c\u00edle, spadla na rovn\u00e9 sekci a rovn\u011b\u017e o celkov\u00fd triumf p\u0159i\u0161la. Daprela se o berl\u00edch a za pomoci ostatn\u00edch z\u00e1vodn\u00edk\u016f p\u0159ibelhal z nemocnice pro druh\u00e9 m\u00edsto.<\/p>\n<h2><strong>Loris Vergier a jeho dal\u0161\u00ed psychick\u00fd kolaps<\/strong><\/h2>\n<p>Z\u00e1v\u011br sez\u00f3ny nezvl\u00e1dl ani dal\u0161\u00ed francouzsk\u00fd sjezda\u0159 Loris Vergier. I on, stejn\u011b jako vloni, mohl v celkov\u00e9m hodnocen\u00ed zv\u00edt\u011bzit, ale i letos nakupil ve fin\u00e1lov\u00e9 j\u00edzd\u011b \u0159adu chyb.<\/p>\n<p><a href=\"https:\/\/d2p6e6u75xmxt8.cloudfront.net\/13\/2021\/09\/wlc-cerveny-Vergier.jpg\"><img loading=\"lazy\" decoding=\"async\" class=\"alignnone size-full wp-image-14558\" src=\"https:\/\/d2p6e6u75xmxt8.cloudfront.net\/13\/2021\/09\/wlc-cerveny-Vergier.jpg\" alt=\"\" width=\"1067\" height=\"1600\" \/><\/a><\/p>\n<p>\u017de se mu pod tlakem neda\u0159\u00ed nazna\u010dila u\u017e jeho prvn\u00ed kvalifika\u010dn\u00ed j\u00edzda, p\u0159i kter\u00e9 trefil stejn\u00fd strom, kter\u00fd jen o p\u00e1r minut d\u0159\u00edve knockoutoval ze z\u00e1vodu mistra sv\u011bta Grega Minnaara.<\/p>\n<h2><strong>Loic Bruni, kr\u00e1l sv\u011btov\u00e9ho poh\u00e1ru<\/strong><\/h2>\n<p>Naopak klid, stoprocentn\u00ed soust\u0159ed\u011bn\u00ed a perfektn\u00ed fin\u00e1le p\u0159edvedl \u010dty\u0159n\u00e1sobn\u00fd mistr sv\u011bta Loic Bruni.<\/p>\n<p><a href=\"https:\/\/d2p6e6u75xmxt8.cloudfront.net\/13\/2021\/09\/wlc-cerveny-bruni.jpg\"><img loading=\"lazy\" decoding=\"async\" class=\"alignnone size-full wp-image-14544\" src=\"https:\/\/d2p6e6u75xmxt8.cloudfront.net\/13\/2021\/09\/wlc-cerveny-bruni.jpg\" alt=\"\" width=\"1600\" height=\"1067\" \/><\/a><\/p>\n<p>Vyhr\u00e1l kvalifikaci a jako posledn\u00ed se spustil z kopce do fin\u00e1lov\u00e9 j\u00edzdy. I tu zajel nejrychleji ze v\u0161ech a stal se celkov\u00fdm v\u00edt\u011bzem sv\u011btov\u00e9ho poh\u00e1ru.<\/p>\n<h2><strong>Troy Brosnan<\/strong><\/h2>\n<p><a href=\"https:\/\/d2p6e6u75xmxt8.cloudfront.net\/13\/2021\/09\/wlc-cerveny-brosnan.jpg\"><img loading=\"lazy\" decoding=\"async\" class=\"alignnone size-full wp-image-14543\" src=\"https:\/\/d2p6e6u75xmxt8.cloudfront.net\/13\/2021\/09\/wlc-cerveny-brosnan.jpg\" alt=\"\" width=\"1600\" height=\"1067\" \/><\/a><\/p>\n<p>Dokud si v zat\u00e1\u010dce ne\u0161krt\u00e1te rukou o tr\u00e1vu jako Troy Brosnan, tak to je\u0161t\u011b po\u0159\u00e1dn\u011b neklop\u00edte!<\/p>\n<h2><strong>Christoph Blevins a americk\u00fd triumf po 27 letech<\/strong><\/h2>\n<p>Americk\u00fd sen. Tohle prost\u011b nemohlo dopadnout l\u00e9pe!<\/p>\n<p><a href=\"https:\/\/d2p6e6u75xmxt8.cloudfront.net\/13\/2021\/09\/WLC-cerveny-blevins.jpg\"><img loading=\"lazy\" decoding=\"async\" class=\"alignnone size-full wp-image-14542\" src=\"https:\/\/d2p6e6u75xmxt8.cloudfront.net\/13\/2021\/09\/WLC-cerveny-blevins.jpg\" alt=\"\" width=\"1600\" height=\"1067\" \/><\/a><\/p>\n<p>T\u0159iadvacetilet\u00fd Christoph Blevins p\u0159ed dom\u00e1c\u00edmi fanou\u0161ky p\u0159edvedl par\u00e1dn\u00ed z\u00e1vod a stal se prvn\u00edm americk\u00fdm v\u00edt\u011bzem od triumfu Tinkera Juareze v roce 1994!<\/p>\n<div class=\"shortcode-ys-post-pinup\"><article class=\"loop-simple post-14277 post type-post status-publish format-standard has-post-thumbnail hentry category-podcasty tag-cross-country tag-cyklistika tag-horska-cyklistika tag-mistrovstvi-sveta tag-olympijske-hry tag-ondrej-cink tag-podcast tag-silnicni-cyklistika tag-tokio tag-tom-pidcock tag-trenink global-categories-cycling\" data-postid=\"14277\" role=\"article\" data-post-id=\"14277\" data-word-count=\"265\" data-headline-length=\"93\" data-category=\"Podcasty\" data-global-category=\"Cycling\" data-author=\"We Love Cycling\" data-published=\"2021-09-02T12:00:11+02:00\" data-published-day=\"Thursday\">\n    <div class=\"entry-thumbnail article-thumbnail\" content=\"https:\/\/d2p6e6u75xmxt8.cloudfront.net\/13\/2021\/08\/WC-MCR-XCO_12-cink-150x150.webp\"><a href=\"https:\/\/www.welovecycling.com\/cs\/2021\/09\/02\/podcast-ondrej-cink-nepratelstvi-na-silnici-jsem-vymenil-za-rodinny-svet-biku\/\" class=\"image-holder\" target=\"_self\"><img decoding=\"async\" loading=\"lazy\" class=\"\" src=\"https:\/\/d2p6e6u75xmxt8.cloudfront.net\/13\/2021\/08\/WC-MCR-XCO_12-cink-1024x682.webp\" srcset=\"https:\/\/d2p6e6u75xmxt8.cloudfront.net\/13\/2021\/08\/WC-MCR-XCO_12-cink.webp 2000w, https:\/\/d2p6e6u75xmxt8.cloudfront.net\/13\/2021\/08\/WC-MCR-XCO_12-cink-300x200.webp 300w, https:\/\/d2p6e6u75xmxt8.cloudfront.net\/13\/2021\/08\/WC-MCR-XCO_12-cink-1024x682.webp 1024w, https:\/\/d2p6e6u75xmxt8.cloudfront.net\/13\/2021\/08\/WC-MCR-XCO_12-cink-768x512.webp 768w, https:\/\/d2p6e6u75xmxt8.cloudfront.net\/13\/2021\/08\/WC-MCR-XCO_12-cink-1536x1024.webp 1536w, https:\/\/d2p6e6u75xmxt8.cloudfront.net\/13\/2021\/08\/WC-MCR-XCO_12-cink-1920x1280.webp 1920w, https:\/\/d2p6e6u75xmxt8.cloudfront.net\/13\/2021\/08\/WC-MCR-XCO_12-cink-272x182.webp 272w, https:\/\/d2p6e6u75xmxt8.cloudfront.net\/13\/2021\/08\/WC-MCR-XCO_12-cink-1920x1280.webp 1920w\" width=\"1024\" height=\"682\" sizes=\"auto, (min-width: 1200px) 300px, (min-width: 768px) 25vw, 100vw\" alt=\"podcast-ondrej-cink-nepratelstvi-na-silnici-jsem-vymenil-za-rodinny-svet-biku\"\/><\/a><\/div>    <div class=\"entry-meta\">\n        <a class=\"label label-secondary post-category\" href=\"https:\/\/www.welovecycling.com\/cs\/category\/podcasty\/\" title=\"Podcasty\">Podcasty<\/a>\n    <\/div>\n    <div class=\"entry-details\">\n        <a href=\"https:\/\/www.welovecycling.com\/cs\/2021\/09\/02\/podcast-ondrej-cink-nepratelstvi-na-silnici-jsem-vymenil-za-rodinny-svet-biku\/\" class='entry-title-wrapper'>\n            <h3 class=\"entry-title\"><span>WLC Podcast Ond\u0159ej Cink: Nep\u0159\u00e1telstv\u00ed na silnici jsem vym\u011bnil za rodinn\u00fd sv\u011bt bik\u016f \u00a0<\/span><\/h3>\n        <\/a>\n    <\/div>\n    <\/article>\n<\/div>\n<p>Silni\u010dn\u00ed etap\u00e1k Okolo Brit\u00e1nie ho dostal do v\u00fdborn\u00e9 formy a Chris se chyt\u0159e pohyboval cel\u00fd z\u00e1vod v po\u010detn\u011bj\u0161\u00ed vedouc\u00ed skupin\u011b a na rozd\u00edl od mnoha z\u00e1vodn\u00edk\u016f se dok\u00e1zal vyvarovat defektu. A v posledn\u00edm kole ve skv\u011bl\u00fd moment za\u00fato\u010dil. Jak s\u00e1m \u0159ekl, pro\u017eil jeden z nejlep\u0161\u00edch dn\u016f \u017eivota.<\/p>\n<h2><strong>Defekty<\/strong><\/h2>\n<p>Elitn\u00ed z\u00e1vod mu\u017e\u016f byl par\u00e1dn\u00edm dramatem do posledn\u00edch chvil. Mohla za to atraktivn\u00ed tra\u0165, vyrovnan\u00e1 a extr\u00e9mn\u011b motivovan\u00e1 \u0161pi\u010dka z\u00e1vodn\u00edk\u016f a tak\u00e9 nev\u00eddan\u00fd po\u010det defekt\u016f. Zkr\u00e1tka jelo se rychle, v kamenech a o hodn\u011b.<\/p>\n<p><a href=\"https:\/\/d2p6e6u75xmxt8.cloudfront.net\/13\/2021\/09\/wlc-cerveny-defekty.jpg\"><img loading=\"lazy\" decoding=\"async\" class=\"alignnone size-full wp-image-14547\" src=\"https:\/\/d2p6e6u75xmxt8.cloudfront.net\/13\/2021\/09\/wlc-cerveny-defekty.jpg\" alt=\"\" width=\"1600\" height=\"1067\" \/><\/a><\/p>\n<p>U\u017e jist\u00fd v\u00edt\u011bz sv\u011btov\u00e9ho poh\u00e1ru Mathias Fluckiger, v\u00edt\u011bz shorttracku Victor Koretzky, Jordan Sarrou, Andri Frischknecht, Henrique Avancini a nakonec v posledn\u00edm kole i Nino Schurter.\u00a0T\u011bm v\u0161em fin\u00e1lov\u00fd z\u00e1vod dopadl kv\u016fli pr\u00e1zdn\u00e9mu kolu jinak, ne\u017e by si p\u0159edstavovali.<\/p>\n<p><a href=\"https:\/\/d2p6e6u75xmxt8.cloudfront.net\/13\/2021\/09\/wlc-cerveny-fluckiger.jpg\"><img loading=\"lazy\" decoding=\"async\" class=\"alignnone size-full wp-image-14548\" src=\"https:\/\/d2p6e6u75xmxt8.cloudfront.net\/13\/2021\/09\/wlc-cerveny-fluckiger.jpg\" alt=\"\" width=\"1067\" height=\"1600\" \/><\/a><\/p>\n<p>Ani defekt v posledn\u00edm d\u011bjstv\u00ed seri\u00e1lu nemohl zkazit radost Mathiase Fluckigera z celkov\u00e9ho triumfu ve sv\u011btov\u00e9m poh\u00e1ru 2021.<\/p>\n<p><a href=\"https:\/\/d2p6e6u75xmxt8.cloudfront.net\/13\/2021\/09\/cink-cerveny-2.jpg\"><img loading=\"lazy\" decoding=\"async\" class=\"alignnone size-full wp-image-14564\" src=\"https:\/\/d2p6e6u75xmxt8.cloudfront.net\/13\/2021\/09\/cink-cerveny-2.jpg\" alt=\"\" width=\"1200\" height=\"1500\" \/><\/a><\/p>\n<p>Pro Ond\u0159eje Cinka nakonec z\u016fstala bronzov\u00e1 \u00fat\u011bcha. O pouh\u00fd bod jej p\u0159edstihl Francouz Victor Koretzky.<\/p>\n","protected":false},"excerpt":{"rendered":"<p>Velkolep\u00e9! Jedine\u010dn\u00e9! Nezapomenuteln\u00e9. Vyvrcholen\u00ed sv\u011btov\u00e9ho poh\u00e1ru horsk\u00fdch kol v\u00a0americk\u00e9m Snowshoe p\u0159ineslo v\u00fdjime\u010dn\u00e9 okam\u017eiky. Senza\u010dn\u00ed triumfu pro dom\u00e1c\u00ed barvy. Obrovskou porci [&hellip;]<\/p>\n","protected":false},"author":138,"featured_media":14543,"comment_status":"open","ping_status":"open","sticky":false,"template":"","format":"standard","meta":{"footnotes":""},"categories":[11],"tags":[1888,1893,126,1831,1894,56,1211,61,1891,1837,1736,1890,1093,205,1889,1892,1834,1895],"global-categories":[411],"class_list":["post-14555","post","type-post","status-publish","format-standard","has-post-thumbnail","hentry","category-horska-cyklistika","tag-andri-frischknecht","tag-christoph-blevins","tag-cyklistika","tag-greg-minnaar","tag-henrique-avancini","tag-horska-cyklistika","tag-jordan-sarrou","tag-katerina-nash","tag-loic-bruni","tag-loris-vergier","tag-mathias-fluckiger","tag-myriam-nicole","tag-nino-schurter","tag-ondrej-cink","tag-thibaut-daprela","tag-troy-brosnan","tag-victor-koretzky","tag-vitez-shorttracku","global-categories-cycling"],"yoast_head":"<!-- This site is optimized with the Yoast SEO Premium plugin v25.3 (Yoast SEO v25.9) - https:\/\/yoast.com\/wordpress\/plugins\/seo\/ -->\n<title>Americk\u00fd sen, \u010desk\u00fd bronz, lou\u010den\u00ed Kate\u0159iny Nash... Fotoreport\u00e1\u017e ze Snowshoe | \u0160koda We Love Cycling - \u010cesk\u00e1 republika<\/title>\n<meta name=\"description\" content=\"Velkolep\u00e9! Jedine\u010dn\u00e9! Nezapomenuteln\u00e9. Vyvrcholen\u00ed sv\u011btov\u00e9ho poh\u00e1ru horsk\u00fdch kol v\u00a0americk\u00e9m Snowshoe p\u0159ineslo v\u00fdjime\u010dn\u00e9 okam\u017eiky.\" \/>\n<meta name=\"robots\" content=\"index, follow, max-snippet:-1, max-image-preview:large, max-video-preview:-1\" \/>\n<link rel=\"canonical\" href=\"https:\/\/www.welovecycling.com\/cs\/2021\/09\/22\/americky-sen-cesky-bronz-louceni-kateriny-nash-fotoreportaz-ze-snowshoe\/\" \/>\n<meta property=\"og:locale\" content=\"cs_CZ\" \/>\n<meta property=\"og:type\" content=\"article\" \/>\n<meta property=\"og:title\" content=\"Americk\u00fd sen, \u010desk\u00fd bronz, lou\u010den\u00ed Kate\u0159iny Nash... Fotoreport\u00e1\u017e ze Snowshoe\" \/>\n<meta property=\"og:description\" content=\"Velkolep\u00e9! Jedine\u010dn\u00e9! Nezapomenuteln\u00e9. Vyvrcholen\u00ed sv\u011btov\u00e9ho poh\u00e1ru horsk\u00fdch kol v\u00a0americk\u00e9m Snowshoe p\u0159ineslo v\u00fdjime\u010dn\u00e9 okam\u017eiky.\" \/>\n<meta property=\"og:url\" content=\"https:\/\/www.welovecycling.com\/cs\/2021\/09\/22\/americky-sen-cesky-bronz-louceni-kateriny-nash-fotoreportaz-ze-snowshoe\/\" \/>\n<meta property=\"og:site_name\" content=\"\u0160koda We Love Cycling - \u010cesk\u00e1 republika\" \/>\n<meta property=\"article:published_time\" content=\"2021-09-22T07:00:36+00:00\" \/>\n<meta property=\"article:modified_time\" content=\"2021-09-22T07:52:33+00:00\" \/>\n<meta property=\"og:image\" content=\"https:\/\/d2p6e6u75xmxt8.cloudfront.net\/13\/2021\/09\/wlc-cerveny-brosnan.webp\" \/>\n\t<meta property=\"og:image:width\" content=\"1600\" \/>\n\t<meta property=\"og:image:height\" content=\"1067\" \/>\n\t<meta property=\"og:image:type\" content=\"image\/webp\" \/>\n<meta name=\"author\" content=\"radekmalina\" \/>\n<meta name=\"twitter:card\" content=\"summary_large_image\" \/>\n<meta name=\"twitter:label1\" content=\"Written by\" \/>\n\t<meta name=\"twitter:data1\" content=\"We Love Cycling\" \/>\n\t<meta name=\"twitter:label2\" content=\"Est. reading time\" \/>\n\t<meta name=\"twitter:data2\" content=\"4\" \/>\n<script type=\"application\/ld+json\" class=\"yoast-schema-graph\">{\"@context\":\"https:\/\/schema.org\",\"@graph\":[{\"@type\":\"WebPage\",\"@id\":\"https:\/\/www.welovecycling.com\/cs\/2021\/09\/22\/americky-sen-cesky-bronz-louceni-kateriny-nash-fotoreportaz-ze-snowshoe\/\",\"url\":\"https:\/\/www.welovecycling.com\/cs\/2021\/09\/22\/americky-sen-cesky-bronz-louceni-kateriny-nash-fotoreportaz-ze-snowshoe\/\",\"name\":\"Americk\u00fd sen, \u010desk\u00fd bronz, lou\u010den\u00ed Kate\u0159iny Nash... Fotoreport\u00e1\u017e ze Snowshoe | \u0160koda We Love Cycling - \u010cesk\u00e1 republika\",\"isPartOf\":{\"@id\":\"https:\/\/www.welovecycling.com\/cs\/#website\"},\"primaryImageOfPage\":{\"@id\":\"https:\/\/www.welovecycling.com\/cs\/2021\/09\/22\/americky-sen-cesky-bronz-louceni-kateriny-nash-fotoreportaz-ze-snowshoe\/#primaryimage\"},\"image\":{\"@id\":\"https:\/\/www.welovecycling.com\/cs\/2021\/09\/22\/americky-sen-cesky-bronz-louceni-kateriny-nash-fotoreportaz-ze-snowshoe\/#primaryimage\"},\"thumbnailUrl\":\"https:\/\/d2p6e6u75xmxt8.cloudfront.net\/13\/2021\/09\/wlc-cerveny-brosnan.webp\",\"datePublished\":\"2021-09-22T07:00:36+00:00\",\"dateModified\":\"2021-09-22T07:52:33+00:00\",\"author\":{\"@id\":\"https:\/\/www.welovecycling.com\/cs\/#\/schema\/person\/d9eeb0a378f3a7e4a6d12d2b536b04b8\"},\"description\":\"Velkolep\u00e9! Jedine\u010dn\u00e9! Nezapomenuteln\u00e9. Vyvrcholen\u00ed sv\u011btov\u00e9ho poh\u00e1ru horsk\u00fdch kol v\u00a0americk\u00e9m Snowshoe p\u0159ineslo v\u00fdjime\u010dn\u00e9 okam\u017eiky.\",\"inLanguage\":\"cs\",\"potentialAction\":[{\"@type\":\"ReadAction\",\"target\":[\"https:\/\/www.welovecycling.com\/cs\/2021\/09\/22\/americky-sen-cesky-bronz-louceni-kateriny-nash-fotoreportaz-ze-snowshoe\/\"]}]},{\"@type\":\"ImageObject\",\"inLanguage\":\"cs\",\"@id\":\"https:\/\/www.welovecycling.com\/cs\/2021\/09\/22\/americky-sen-cesky-bronz-louceni-kateriny-nash-fotoreportaz-ze-snowshoe\/#primaryimage\",\"url\":\"https:\/\/d2p6e6u75xmxt8.cloudfront.net\/13\/2021\/09\/wlc-cerveny-brosnan.webp\",\"contentUrl\":\"https:\/\/d2p6e6u75xmxt8.cloudfront.net\/13\/2021\/09\/wlc-cerveny-brosnan.webp\",\"width\":1600,\"height\":1067},{\"@type\":\"WebSite\",\"@id\":\"https:\/\/www.welovecycling.com\/cs\/#website\",\"url\":\"https:\/\/www.welovecycling.com\/cs\/\",\"name\":\"\u0160koda We Love Cycling - \u010cesk\u00e1 republika\",\"description\":\"WeLoveCycling.cz je online magaz\u00edn, kter\u00fd v\u00e1m pravideln\u011b p\u0159in\u00e1\u0161\u00ed rady a tipy, zaj\u00edmav\u00e9 \u010dl\u00e1nky, videa a jedine\u010dn\u00e9 report\u00e1\u017ee ze sv\u011bta cyklistiky.\",\"potentialAction\":[{\"@type\":\"SearchAction\",\"target\":{\"@type\":\"EntryPoint\",\"urlTemplate\":\"https:\/\/www.welovecycling.com\/cs\/?s={search_term_string}\"},\"query-input\":{\"@type\":\"PropertyValueSpecification\",\"valueRequired\":true,\"valueName\":\"search_term_string\"}}],\"inLanguage\":\"cs\"},{\"@type\":\"Person\",\"@id\":\"https:\/\/www.welovecycling.com\/cs\/#\/schema\/person\/d9eeb0a378f3a7e4a6d12d2b536b04b8\",\"name\":\"radekmalina\",\"image\":{\"@type\":\"ImageObject\",\"inLanguage\":\"cs\",\"@id\":\"https:\/\/www.welovecycling.com\/cs\/#\/schema\/person\/image\/\",\"url\":\"https:\/\/secure.gravatar.com\/avatar\/66994b632cb8c39a46b9f54afa3ae07201b678d32a54275b6f1c9ffec356bfc0?s=96&d=mm&r=g\",\"contentUrl\":\"https:\/\/secure.gravatar.com\/avatar\/66994b632cb8c39a46b9f54afa3ae07201b678d32a54275b6f1c9ffec356bfc0?s=96&d=mm&r=g\",\"caption\":\"radekmalina\"},\"url\":\"https:\/\/www.welovecycling.com\/cs\/author\/radekmalina\/\"}]}<\/script>\n<!-- \/ Yoast SEO Premium plugin. -->","yoast_head_json":{"title":"Americk\u00fd sen, \u010desk\u00fd bronz, lou\u010den\u00ed Kate\u0159iny Nash... Fotoreport\u00e1\u017e ze Snowshoe | \u0160koda We Love Cycling - \u010cesk\u00e1 republika","description":"Velkolep\u00e9! Jedine\u010dn\u00e9! Nezapomenuteln\u00e9. Vyvrcholen\u00ed sv\u011btov\u00e9ho poh\u00e1ru horsk\u00fdch kol v\u00a0americk\u00e9m Snowshoe p\u0159ineslo v\u00fdjime\u010dn\u00e9 okam\u017eiky.","robots":{"index":"index","follow":"follow","max-snippet":"max-snippet:-1","max-image-preview":"max-image-preview:large","max-video-preview":"max-video-preview:-1"},"canonical":"https:\/\/www.welovecycling.com\/cs\/2021\/09\/22\/americky-sen-cesky-bronz-louceni-kateriny-nash-fotoreportaz-ze-snowshoe\/","og_locale":"cs_CZ","og_type":"article","og_title":"Americk\u00fd sen, \u010desk\u00fd bronz, lou\u010den\u00ed Kate\u0159iny Nash... Fotoreport\u00e1\u017e ze Snowshoe","og_description":"Velkolep\u00e9! Jedine\u010dn\u00e9! Nezapomenuteln\u00e9. Vyvrcholen\u00ed sv\u011btov\u00e9ho poh\u00e1ru horsk\u00fdch kol v\u00a0americk\u00e9m Snowshoe p\u0159ineslo v\u00fdjime\u010dn\u00e9 okam\u017eiky.","og_url":"https:\/\/www.welovecycling.com\/cs\/2021\/09\/22\/americky-sen-cesky-bronz-louceni-kateriny-nash-fotoreportaz-ze-snowshoe\/","og_site_name":"\u0160koda We Love Cycling - \u010cesk\u00e1 republika","article_published_time":"2021-09-22T07:00:36+00:00","article_modified_time":"2021-09-22T07:52:33+00:00","og_image":[{"width":1600,"height":1067,"url":"https:\/\/d2p6e6u75xmxt8.cloudfront.net\/13\/2021\/09\/wlc-cerveny-brosnan.webp","type":"image\/webp"}],"author":"radekmalina","twitter_card":"summary_large_image","twitter_misc":{"Written by":"We Love Cycling","Est. reading time":"4"},"schema":{"@context":"https:\/\/schema.org","@graph":[{"@type":"WebPage","@id":"https:\/\/www.welovecycling.com\/cs\/2021\/09\/22\/americky-sen-cesky-bronz-louceni-kateriny-nash-fotoreportaz-ze-snowshoe\/","url":"https:\/\/www.welovecycling.com\/cs\/2021\/09\/22\/americky-sen-cesky-bronz-louceni-kateriny-nash-fotoreportaz-ze-snowshoe\/","name":"Americk\u00fd sen, \u010desk\u00fd bronz, lou\u010den\u00ed Kate\u0159iny Nash... Fotoreport\u00e1\u017e ze Snowshoe | \u0160koda We Love Cycling - \u010cesk\u00e1 republika","isPartOf":{"@id":"https:\/\/www.welovecycling.com\/cs\/#website"},"primaryImageOfPage":{"@id":"https:\/\/www.welovecycling.com\/cs\/2021\/09\/22\/americky-sen-cesky-bronz-louceni-kateriny-nash-fotoreportaz-ze-snowshoe\/#primaryimage"},"image":{"@id":"https:\/\/www.welovecycling.com\/cs\/2021\/09\/22\/americky-sen-cesky-bronz-louceni-kateriny-nash-fotoreportaz-ze-snowshoe\/#primaryimage"},"thumbnailUrl":"https:\/\/d2p6e6u75xmxt8.cloudfront.net\/13\/2021\/09\/wlc-cerveny-brosnan.webp","datePublished":"2021-09-22T07:00:36+00:00","dateModified":"2021-09-22T07:52:33+00:00","author":{"@id":"https:\/\/www.welovecycling.com\/cs\/#\/schema\/person\/d9eeb0a378f3a7e4a6d12d2b536b04b8"},"description":"Velkolep\u00e9! Jedine\u010dn\u00e9! Nezapomenuteln\u00e9. Vyvrcholen\u00ed sv\u011btov\u00e9ho poh\u00e1ru horsk\u00fdch kol v\u00a0americk\u00e9m Snowshoe p\u0159ineslo v\u00fdjime\u010dn\u00e9 okam\u017eiky.","inLanguage":"cs","potentialAction":[{"@type":"ReadAction","target":["https:\/\/www.welovecycling.com\/cs\/2021\/09\/22\/americky-sen-cesky-bronz-louceni-kateriny-nash-fotoreportaz-ze-snowshoe\/"]}]},{"@type":"ImageObject","inLanguage":"cs","@id":"https:\/\/www.welovecycling.com\/cs\/2021\/09\/22\/americky-sen-cesky-bronz-louceni-kateriny-nash-fotoreportaz-ze-snowshoe\/#primaryimage","url":"https:\/\/d2p6e6u75xmxt8.cloudfront.net\/13\/2021\/09\/wlc-cerveny-brosnan.webp","contentUrl":"https:\/\/d2p6e6u75xmxt8.cloudfront.net\/13\/2021\/09\/wlc-cerveny-brosnan.webp","width":1600,"height":1067},{"@type":"WebSite","@id":"https:\/\/www.welovecycling.com\/cs\/#website","url":"https:\/\/www.welovecycling.com\/cs\/","name":"\u0160koda We Love Cycling - \u010cesk\u00e1 republika","description":"WeLoveCycling.cz je online magaz\u00edn, kter\u00fd v\u00e1m pravideln\u011b p\u0159in\u00e1\u0161\u00ed rady a tipy, zaj\u00edmav\u00e9 \u010dl\u00e1nky, videa a jedine\u010dn\u00e9 report\u00e1\u017ee ze sv\u011bta cyklistiky.","potentialAction":[{"@type":"SearchAction","target":{"@type":"EntryPoint","urlTemplate":"https:\/\/www.welovecycling.com\/cs\/?s={search_term_string}"},"query-input":{"@type":"PropertyValueSpecification","valueRequired":true,"valueName":"search_term_string"}}],"inLanguage":"cs"},{"@type":"Person","@id":"https:\/\/www.welovecycling.com\/cs\/#\/schema\/person\/d9eeb0a378f3a7e4a6d12d2b536b04b8","name":"radekmalina","image":{"@type":"ImageObject","inLanguage":"cs","@id":"https:\/\/www.welovecycling.com\/cs\/#\/schema\/person\/image\/","url":"https:\/\/secure.gravatar.com\/avatar\/66994b632cb8c39a46b9f54afa3ae07201b678d32a54275b6f1c9ffec356bfc0?s=96&d=mm&r=g","contentUrl":"https:\/\/secure.gravatar.com\/avatar\/66994b632cb8c39a46b9f54afa3ae07201b678d32a54275b6f1c9ffec356bfc0?s=96&d=mm&r=g","caption":"radekmalina"},"url":"https:\/\/www.welovecycling.com\/cs\/author\/radekmalina\/"}]}},"_links":{"self":[{"href":"https:\/\/www.welovecycling.com\/cs\/wp-json\/wp\/v2\/posts\/14555","targetHints":{"allow":["GET"]}}],"collection":[{"href":"https:\/\/www.welovecycling.com\/cs\/wp-json\/wp\/v2\/posts"}],"about":[{"href":"https:\/\/www.welovecycling.com\/cs\/wp-json\/wp\/v2\/types\/post"}],"author":[{"embeddable":true,"href":"https:\/\/www.welovecycling.com\/cs\/wp-json\/wp\/v2\/users\/138"}],"replies":[{"embeddable":true,"href":"https:\/\/www.welovecycling.com\/cs\/wp-json\/wp\/v2\/comments?post=14555"}],"version-history":[{"count":2,"href":"https:\/\/www.welovecycling.com\/cs\/wp-json\/wp\/v2\/posts\/14555\/revisions"}],"predecessor-version":[{"id":14568,"href":"https:\/\/www.welovecycling.com\/cs\/wp-json\/wp\/v2\/posts\/14555\/revisions\/14568"}],"wp:featuredmedia":[{"embeddable":true,"href":"https:\/\/www.welovecycling.com\/cs\/wp-json\/wp\/v2\/media\/14543"}],"wp:attachment":[{"href":"https:\/\/www.welovecycling.com\/cs\/wp-json\/wp\/v2\/media?parent=14555"}],"wp:term":[{"taxonomy":"category","embeddable":true,"href":"https:\/\/www.welovecycling.com\/cs\/wp-json\/wp\/v2\/categories?post=14555"},{"taxonomy":"post_tag","embeddable":true,"href":"https:\/\/www.welovecycling.com\/cs\/wp-json\/wp\/v2\/tags?post=14555"},{"taxonomy":"global-categories","embeddable":true,"href":"https:\/\/www.welovecycling.com\/cs\/wp-json\/wp\/v2\/global-categories?post=14555"}],"curies":[{"name":"wp","href":"https:\/\/api.w.org\/{rel}","templated":true}]}}