{"id":14423,"date":"2021-09-14T17:00:23","date_gmt":"2021-09-14T15:00:23","guid":{"rendered":"https:\/\/www.welovecycling.com\/cs\/?p=14423"},"modified":"2023-10-19T12:22:13","modified_gmt":"2023-10-19T10:22:13","slug":"video-domaci-servis-elektrokola","status":"publish","type":"post","link":"https:\/\/www.welovecycling.com\/cs\/2021\/09\/14\/video-domaci-servis-elektrokola\/","title":{"rendered":"Video: Dom\u00e1c\u00ed servis elektrokola"},"content":{"rendered":"<p><strong>Elektrokola se st\u00e1vaj\u00ed nov\u00fdm prodejn\u00edm fenom\u00e9nem. Jejich pod\u00edl na trhu skokov\u011b roste a podle odhad\u016f si u\u017e brzy z\u00e1kazn\u00edci dom\u016f z cykloprodejen odvezou b\u011bhem jednoho kalend\u00e1\u0159n\u00edho roku stejn\u00fd po\u010det elektrokol jako klasick\u00fdch kol. Pokud jste vlastn\u00edky e-biku, zajist\u00e9 se \u0161ikne n\u00e1pov\u011bda, jak si po\u010d\u00ednat p\u0159i dom\u00e1c\u00edm servisu elektrokola.<\/strong><\/p>\n<p>Je t\u0159eba si uv\u011bdomit, \u017ee \u00fadr\u017eba e-biku v\u00a0dom\u00e1c\u00edch podm\u00ednk\u00e1ch se p\u0159\u00edli\u0161 neli\u0161\u00ed pr\u00e1v\u011b od klasick\u00e9ho kola. Jist\u00e1 specifika v\u0161ak elektrokolo p\u0159i dom\u00e1c\u00edm servisu p\u0159eci jen obsahuje. O co p\u0159esn\u011b se jedn\u00e1?<\/p>\n<p>Stejn\u011b jako v\u00a0p\u0159\u00edpad\u011b klasick\u00e9ho kola je pot\u0159eba i e-bike pravideln\u011b kontrolovat, dotahovat jednotliv\u00e9 spoje, promaz\u00e1vat a udr\u017eovat \u010dist\u00e9.<\/p>\n<lite-youtube videoid=h1conSnK_t4 params=\"enablejsapi=1\" style=\"background-image: url('https:\/\/i.ytimg.com\/vi_webp\/h1conSnK_t4\/maxresdefault.webp');\"><\/lite-youtube>\n<p>Jistou z\u00e1ludnost\u00ed je fakt, \u017ee motor neumo\u017e\u0148uje to\u010dit \u0159et\u011bzem vzad a kliky se tud\u00ed\u017e prot\u00e1\u010d\u00ed napr\u00e1zdno. To m\u016f\u017ee p\u0159edstavovat probl\u00e9m p\u0159i maz\u00e1n\u00ed \u0159et\u011bzu.<\/p>\n<p>Velice prostou, ale mimo\u0159\u00e1dn\u011b \u00fa\u010dinnou praktikou je zap\u0159\u00ed\u010den\u00ed jak\u00e9hokoliv \u00fazk\u00e9ho p\u0159edm\u011btu mezi kliku a p\u0159evodn\u00edk. Skv\u011ble pro tento p\u0159\u00edpad poslou\u017e\u00ed kup\u0159\u00edkladu star\u00e1 va\u0159e\u010dka.<\/p>\n<p>Pokud dojde na o\u010distu elektrokola, nechte baterii zapojenou, aby se voda nedostala do kontakt\u016f. Motoru a baterii se sna\u017ete s\u00a0gejz\u00edrem vody vyhnout.<\/p>\n<div class=\"shortcode-ys-post-pinup\"><article class=\"loop-simple post-14377 post type-post status-publish format-standard has-post-thumbnail hentry category-horska-cyklistika category-silnicni-cyklistika tag-bikros tag-cyklistika tag-fourcross tag-horska-cyklistika tag-michaela-hajkova tag-mistrovstvi-sveta tag-tetovani tag-val-di-sole tag-zeny global-categories-cycling\" data-postid=\"14377\" role=\"article\" data-post-id=\"14377\" data-word-count=\"508\" data-headline-length=\"108\" data-category=\"Horsk\u00e1 cyklistika\" data-global-category=\"Cycling\" data-author=\"Jan Kr\u016fta\" data-published=\"2021-09-09T16:00:10+02:00\" data-published-day=\"Thursday\">\n    <div class=\"entry-thumbnail article-thumbnail\" content=\"https:\/\/d2p6e6u75xmxt8.cloudfront.net\/13\/2021\/09\/Hajkova-cerveny-150x150.webp\"><a href=\"https:\/\/www.welovecycling.com\/cs\/2021\/09\/09\/mistryne-sveta-ve-fourcrossu-michaela-hajkova-sni-o-olympiade-a-jednou-se-chci-zivit-jako-taterka\/\" class=\"image-holder\" target=\"_self\"><img decoding=\"async\" loading=\"lazy\" class=\"\" src=\"https:\/\/d2p6e6u75xmxt8.cloudfront.net\/13\/2021\/09\/Hajkova-cerveny-1024x683.webp\" srcset=\"https:\/\/d2p6e6u75xmxt8.cloudfront.net\/13\/2021\/09\/Hajkova-cerveny.webp 1600w, https:\/\/d2p6e6u75xmxt8.cloudfront.net\/13\/2021\/09\/Hajkova-cerveny-300x200.webp 300w, https:\/\/d2p6e6u75xmxt8.cloudfront.net\/13\/2021\/09\/Hajkova-cerveny-1024x683.webp 1024w, https:\/\/d2p6e6u75xmxt8.cloudfront.net\/13\/2021\/09\/Hajkova-cerveny-768x512.webp 768w, https:\/\/d2p6e6u75xmxt8.cloudfront.net\/13\/2021\/09\/Hajkova-cerveny-1536x1024.webp 1536w, https:\/\/d2p6e6u75xmxt8.cloudfront.net\/13\/2021\/09\/Hajkova-cerveny-272x182.webp 272w\" width=\"1024\" height=\"683\" sizes=\"auto, (min-width: 1200px) 300px, (min-width: 768px) 25vw, 100vw\" alt=\"mistryne-sveta-ve-fourcrossu-michaela-hajkova-sni-o-olympiade-a-jednou-se-chci-zivit-jako-taterka\"\/><\/a><\/div>    <div class=\"entry-meta\">\n        <a class=\"label label-secondary post-category\" href=\"https:\/\/www.welovecycling.com\/cs\/category\/horska-cyklistika\/\" title=\"Horsk\u00e1 cyklistika\">Horsk\u00e1 cyklistika<\/a>\n    <\/div>\n    <div class=\"entry-details\">\n        <a href=\"https:\/\/www.welovecycling.com\/cs\/2021\/09\/09\/mistryne-sveta-ve-fourcrossu-michaela-hajkova-sni-o-olympiade-a-jednou-se-chci-zivit-jako-taterka\/\" class='entry-title-wrapper'>\n            <h3 class=\"entry-title\"><span>Mistryn\u011b sv\u011bta ve fourcrossu Michaela H\u00e1jkov\u00e1 sn\u00ed o olympi\u00e1d\u011b: A jednou se chci \u017eivit jako tat\u00e9rka!<\/span><\/h3>\n        <\/a>\n    <\/div>\n    <\/article>\n<\/div>\n<p>Naprosto v\u00fdjime\u010dn\u00fd p\u0159\u00edstup vy\u017eaduje baterie elektrokola. Pro maxim\u00e1ln\u00ed prodlou\u017een\u00ed \u017eivotnosti a v\u00fddr\u017ee ji udr\u017eujeme minim\u00e1ln\u011b na \u0161edes\u00e1ti procentech nabit\u00ed a v\u017edy pou\u017e\u00edv\u00e1me jen origin\u00e1ln\u00ed nab\u00edje\u010dku.<\/p>\n<p>Pokud se dostanete do probl\u00e9m\u016f s\u00a0hl\u00e1\u0161en\u00edm chyby na informa\u010dn\u00edm displeji motoru, m\u016f\u017ee se jednat o mali\u010dkosti. Nemus\u00ed automaticky j\u00edt o probl\u00e9m, kter\u00fd vy\u017eaduje n\u00e1v\u0161t\u011bvu servisu. Jedn\u00edm z\u00a0\u010dast\u00fdch z\u00e1drhel\u016f b\u00fdv\u00e1 oto\u010den\u00ed magnetu od sn\u00edma\u010de, co\u017e je d\u016fsledek p\u0159ev\u00e1\u017een\u00ed kola.<\/p>\n<p>Mnohdy jde o \u0161patn\u00e9 spojen\u00ed kabel\u016f, tak\u017ee doporu\u010den\u00ed zn\u00ed kabely rozpojit, profouknout a jeden po druh\u00e9m zapojit zp\u011bt. I tak ka\u017edop\u00e1dn\u011b p\u0159ed sezonou nezapome\u0148te elektrokolo nechat zkontrolovat ve specializovan\u00e9m cykloservisu a p\u0159i t\u00e9 p\u0159\u00edle\u017eitosti si vy\u017e\u00e1dejte diagnostiku. Samoz\u0159ejmost\u00ed by m\u011blo b\u00fdt nahr\u00e1n\u00ed aktu\u00e1ln\u00edho softwaru.<\/p>\n<lite-youtube videoid=XLaxiASQbhw params=\"enablejsapi=1\" style=\"background-image: url('https:\/\/i.ytimg.com\/vi_webp\/XLaxiASQbhw\/maxresdefault.webp');\"><\/lite-youtube>\n<p>Po sezon\u011b pak nikdy neodkl\u00e1dejte elektrokolo do gar\u00e1\u017ee, sklepa nebo k\u016flny s\u00a0t\u00edm, \u017ee a\u017e na ja\u0159e p\u0159ijde \u010das, elektrokolo v\u00e1m bude zase automaticky slou\u017eit. Baterii je pot\u0159eba vyjmout a minim\u00e1ln\u011b jednou za m\u011bs\u00edc nab\u00edt. Samoz\u0159ejmost\u00ed je p\u0159itom uchov\u00e1v\u00e1n\u00ed v\u00a0such\u00e9m a tepl\u00e9m m\u00edst\u011b.<\/p>\n<p>A m\u011bjte na pam\u011bti, \u017ee pravidelnou \u00fadr\u017ebou v\u00fdrazn\u011b prodlou\u017e\u00edte \u017eivotnost elektrokola, tud\u00ed\u017e sami sob\u011b dop\u0159ejete del\u0161\u00ed pot\u011b\u0161en\u00ed z\u00a0j\u00edzdy, nemluv\u011b o u\u0161et\u0159en\u00fdch n\u00e1kladech.<\/p>\n","protected":false},"excerpt":{"rendered":"<p>Elektrokola se st\u00e1vaj\u00ed nov\u00fdm prodejn\u00edm fenom\u00e9nem. Jejich pod\u00edl na trhu skokov\u011b roste a podle odhad\u016f si u\u017e brzy z\u00e1kazn\u00edci dom\u016f [&hellip;]<\/p>\n","protected":false},"author":138,"featured_media":5318,"comment_status":"open","ping_status":"open","sticky":false,"template":"","format":"standard","meta":{"footnotes":""},"categories":[15,3262],"tags":[13,126,1782,1858,1856,36,825,56,1857,9,67],"global-categories":[411],"class_list":["post-14423","post","type-post","status-publish","format-standard","has-post-thumbnail","hentry","category-rady-tipy","category-servis","tag-bezpecnost","tag-cyklistika","tag-cyklotipy","tag-domaci-servis","tag-domaci-servis-elektrokola","tag-e-bike","tag-elektrokolo","tag-horska-cyklistika","tag-servis","tag-silnicni-cyklistika","tag-zdravi-a-trenink","global-categories-cycling"],"yoast_head":"<!-- This site is optimized with the Yoast SEO Premium plugin v25.3 (Yoast SEO v25.9) - https:\/\/yoast.com\/wordpress\/plugins\/seo\/ -->\n<title>Video: Dom\u00e1c\u00ed servis elektrokola | \u0160koda We Love Cycling - \u010cesk\u00e1 republika<\/title>\n<meta name=\"description\" content=\"Elektrokola se st\u00e1vaj\u00ed nov\u00fdm prodejn\u00edm fenom\u00e9nem. Pokud jste vlastn\u00edky e-biku, zajist\u00e9 se \u0161ikne n\u00e1pov\u011bda, jak si po\u010d\u00ednat p\u0159i dom\u00e1c\u00edm servisu.\" \/>\n<meta name=\"robots\" content=\"index, follow, max-snippet:-1, max-image-preview:large, max-video-preview:-1\" \/>\n<link rel=\"canonical\" href=\"https:\/\/www.welovecycling.com\/cs\/2021\/09\/14\/video-domaci-servis-elektrokola\/\" \/>\n<meta property=\"og:locale\" content=\"cs_CZ\" \/>\n<meta property=\"og:type\" content=\"article\" \/>\n<meta property=\"og:title\" content=\"Video: Dom\u00e1c\u00ed servis elektrokola\" \/>\n<meta property=\"og:description\" content=\"Elektrokola se st\u00e1vaj\u00ed nov\u00fdm prodejn\u00edm fenom\u00e9nem. Pokud jste vlastn\u00edky e-biku, zajist\u00e9 se \u0161ikne n\u00e1pov\u011bda, jak si po\u010d\u00ednat p\u0159i dom\u00e1c\u00edm servisu.\" \/>\n<meta property=\"og:url\" content=\"https:\/\/www.welovecycling.com\/cs\/2021\/09\/14\/video-domaci-servis-elektrokola\/\" \/>\n<meta property=\"og:site_name\" content=\"\u0160koda We Love Cycling - \u010cesk\u00e1 republika\" \/>\n<meta property=\"article:published_time\" content=\"2021-09-14T15:00:23+00:00\" \/>\n<meta property=\"article:modified_time\" content=\"2023-10-19T10:22:13+00:00\" \/>\n<meta property=\"og:image\" content=\"https:\/\/d2p6e6u75xmxt8.cloudfront.net\/13\/2020\/02\/ebike-4.webp\" \/>\n\t<meta property=\"og:image:width\" content=\"1140\" \/>\n\t<meta property=\"og:image:height\" content=\"760\" \/>\n\t<meta property=\"og:image:type\" content=\"image\/webp\" \/>\n<meta name=\"author\" content=\"radekmalina\" \/>\n<meta name=\"twitter:card\" content=\"summary_large_image\" \/>\n<meta name=\"twitter:label1\" content=\"Written by\" \/>\n\t<meta name=\"twitter:data1\" content=\"Jan Kr\u016fta\" \/>\n\t<meta name=\"twitter:label2\" content=\"Est. reading time\" \/>\n\t<meta name=\"twitter:data2\" content=\"5\" \/>\n<script type=\"application\/ld+json\" class=\"yoast-schema-graph\">{\"@context\":\"https:\/\/schema.org\",\"@graph\":[{\"@type\":\"WebPage\",\"@id\":\"https:\/\/www.welovecycling.com\/cs\/2021\/09\/14\/video-domaci-servis-elektrokola\/\",\"url\":\"https:\/\/www.welovecycling.com\/cs\/2021\/09\/14\/video-domaci-servis-elektrokola\/\",\"name\":\"Video: Dom\u00e1c\u00ed servis elektrokola | \u0160koda We Love Cycling - \u010cesk\u00e1 republika\",\"isPartOf\":{\"@id\":\"https:\/\/www.welovecycling.com\/cs\/#website\"},\"primaryImageOfPage\":{\"@id\":\"https:\/\/www.welovecycling.com\/cs\/2021\/09\/14\/video-domaci-servis-elektrokola\/#primaryimage\"},\"image\":{\"@id\":\"https:\/\/www.welovecycling.com\/cs\/2021\/09\/14\/video-domaci-servis-elektrokola\/#primaryimage\"},\"thumbnailUrl\":\"https:\/\/d2p6e6u75xmxt8.cloudfront.net\/13\/2020\/02\/ebike-4.webp\",\"datePublished\":\"2021-09-14T15:00:23+00:00\",\"dateModified\":\"2023-10-19T10:22:13+00:00\",\"author\":{\"@id\":\"https:\/\/www.welovecycling.com\/cs\/#\/schema\/person\/d9eeb0a378f3a7e4a6d12d2b536b04b8\"},\"description\":\"Elektrokola se st\u00e1vaj\u00ed nov\u00fdm prodejn\u00edm fenom\u00e9nem. Pokud jste vlastn\u00edky e-biku, zajist\u00e9 se \u0161ikne n\u00e1pov\u011bda, jak si po\u010d\u00ednat p\u0159i dom\u00e1c\u00edm servisu.\",\"inLanguage\":\"cs\",\"potentialAction\":[{\"@type\":\"ReadAction\",\"target\":[\"https:\/\/www.welovecycling.com\/cs\/2021\/09\/14\/video-domaci-servis-elektrokola\/\"]}]},{\"@type\":\"ImageObject\",\"inLanguage\":\"cs\",\"@id\":\"https:\/\/www.welovecycling.com\/cs\/2021\/09\/14\/video-domaci-servis-elektrokola\/#primaryimage\",\"url\":\"https:\/\/d2p6e6u75xmxt8.cloudfront.net\/13\/2020\/02\/ebike-4.webp\",\"contentUrl\":\"https:\/\/d2p6e6u75xmxt8.cloudfront.net\/13\/2020\/02\/ebike-4.webp\",\"width\":1140,\"height\":760,\"caption\":\"Elektrokolo \u0160koda v p\u00e1nsk\u00e9m proveden\u00ed, k dispozici je i d\u00e1msk\u00e1 verze. Foto: skoda-auto\"},{\"@type\":\"WebSite\",\"@id\":\"https:\/\/www.welovecycling.com\/cs\/#website\",\"url\":\"https:\/\/www.welovecycling.com\/cs\/\",\"name\":\"\u0160koda We Love Cycling - \u010cesk\u00e1 republika\",\"description\":\"WeLoveCycling.cz je online magaz\u00edn, kter\u00fd v\u00e1m pravideln\u011b p\u0159in\u00e1\u0161\u00ed rady a tipy, zaj\u00edmav\u00e9 \u010dl\u00e1nky, videa a jedine\u010dn\u00e9 report\u00e1\u017ee ze sv\u011bta cyklistiky.\",\"potentialAction\":[{\"@type\":\"SearchAction\",\"target\":{\"@type\":\"EntryPoint\",\"urlTemplate\":\"https:\/\/www.welovecycling.com\/cs\/?s={search_term_string}\"},\"query-input\":{\"@type\":\"PropertyValueSpecification\",\"valueRequired\":true,\"valueName\":\"search_term_string\"}}],\"inLanguage\":\"cs\"},{\"@type\":\"Person\",\"@id\":\"https:\/\/www.welovecycling.com\/cs\/#\/schema\/person\/d9eeb0a378f3a7e4a6d12d2b536b04b8\",\"name\":\"radekmalina\",\"image\":{\"@type\":\"ImageObject\",\"inLanguage\":\"cs\",\"@id\":\"https:\/\/www.welovecycling.com\/cs\/#\/schema\/person\/image\/\",\"url\":\"https:\/\/secure.gravatar.com\/avatar\/66994b632cb8c39a46b9f54afa3ae07201b678d32a54275b6f1c9ffec356bfc0?s=96&d=mm&r=g\",\"contentUrl\":\"https:\/\/secure.gravatar.com\/avatar\/66994b632cb8c39a46b9f54afa3ae07201b678d32a54275b6f1c9ffec356bfc0?s=96&d=mm&r=g\",\"caption\":\"radekmalina\"},\"url\":\"https:\/\/www.welovecycling.com\/cs\/author\/radekmalina\/\"}]}<\/script>\n<!-- \/ Yoast SEO Premium plugin. -->","yoast_head_json":{"title":"Video: Dom\u00e1c\u00ed servis elektrokola | \u0160koda We Love Cycling - \u010cesk\u00e1 republika","description":"Elektrokola se st\u00e1vaj\u00ed nov\u00fdm prodejn\u00edm fenom\u00e9nem. Pokud jste vlastn\u00edky e-biku, zajist\u00e9 se \u0161ikne n\u00e1pov\u011bda, jak si po\u010d\u00ednat p\u0159i dom\u00e1c\u00edm servisu.","robots":{"index":"index","follow":"follow","max-snippet":"max-snippet:-1","max-image-preview":"max-image-preview:large","max-video-preview":"max-video-preview:-1"},"canonical":"https:\/\/www.welovecycling.com\/cs\/2021\/09\/14\/video-domaci-servis-elektrokola\/","og_locale":"cs_CZ","og_type":"article","og_title":"Video: Dom\u00e1c\u00ed servis elektrokola","og_description":"Elektrokola se st\u00e1vaj\u00ed nov\u00fdm prodejn\u00edm fenom\u00e9nem. Pokud jste vlastn\u00edky e-biku, zajist\u00e9 se \u0161ikne n\u00e1pov\u011bda, jak si po\u010d\u00ednat p\u0159i dom\u00e1c\u00edm servisu.","og_url":"https:\/\/www.welovecycling.com\/cs\/2021\/09\/14\/video-domaci-servis-elektrokola\/","og_site_name":"\u0160koda We Love Cycling - \u010cesk\u00e1 republika","article_published_time":"2021-09-14T15:00:23+00:00","article_modified_time":"2023-10-19T10:22:13+00:00","og_image":[{"width":1140,"height":760,"url":"https:\/\/d2p6e6u75xmxt8.cloudfront.net\/13\/2020\/02\/ebike-4.webp","type":"image\/webp"}],"author":"radekmalina","twitter_card":"summary_large_image","twitter_misc":{"Written by":"Jan Kr\u016fta","Est. reading time":"5"},"schema":{"@context":"https:\/\/schema.org","@graph":[{"@type":"WebPage","@id":"https:\/\/www.welovecycling.com\/cs\/2021\/09\/14\/video-domaci-servis-elektrokola\/","url":"https:\/\/www.welovecycling.com\/cs\/2021\/09\/14\/video-domaci-servis-elektrokola\/","name":"Video: Dom\u00e1c\u00ed servis elektrokola | \u0160koda We Love Cycling - \u010cesk\u00e1 republika","isPartOf":{"@id":"https:\/\/www.welovecycling.com\/cs\/#website"},"primaryImageOfPage":{"@id":"https:\/\/www.welovecycling.com\/cs\/2021\/09\/14\/video-domaci-servis-elektrokola\/#primaryimage"},"image":{"@id":"https:\/\/www.welovecycling.com\/cs\/2021\/09\/14\/video-domaci-servis-elektrokola\/#primaryimage"},"thumbnailUrl":"https:\/\/d2p6e6u75xmxt8.cloudfront.net\/13\/2020\/02\/ebike-4.webp","datePublished":"2021-09-14T15:00:23+00:00","dateModified":"2023-10-19T10:22:13+00:00","author":{"@id":"https:\/\/www.welovecycling.com\/cs\/#\/schema\/person\/d9eeb0a378f3a7e4a6d12d2b536b04b8"},"description":"Elektrokola se st\u00e1vaj\u00ed nov\u00fdm prodejn\u00edm fenom\u00e9nem. Pokud jste vlastn\u00edky e-biku, zajist\u00e9 se \u0161ikne n\u00e1pov\u011bda, jak si po\u010d\u00ednat p\u0159i dom\u00e1c\u00edm servisu.","inLanguage":"cs","potentialAction":[{"@type":"ReadAction","target":["https:\/\/www.welovecycling.com\/cs\/2021\/09\/14\/video-domaci-servis-elektrokola\/"]}]},{"@type":"ImageObject","inLanguage":"cs","@id":"https:\/\/www.welovecycling.com\/cs\/2021\/09\/14\/video-domaci-servis-elektrokola\/#primaryimage","url":"https:\/\/d2p6e6u75xmxt8.cloudfront.net\/13\/2020\/02\/ebike-4.webp","contentUrl":"https:\/\/d2p6e6u75xmxt8.cloudfront.net\/13\/2020\/02\/ebike-4.webp","width":1140,"height":760,"caption":"Elektrokolo \u0160koda v p\u00e1nsk\u00e9m proveden\u00ed, k dispozici je i d\u00e1msk\u00e1 verze. Foto: skoda-auto"},{"@type":"WebSite","@id":"https:\/\/www.welovecycling.com\/cs\/#website","url":"https:\/\/www.welovecycling.com\/cs\/","name":"\u0160koda We Love Cycling - \u010cesk\u00e1 republika","description":"WeLoveCycling.cz je online magaz\u00edn, kter\u00fd v\u00e1m pravideln\u011b p\u0159in\u00e1\u0161\u00ed rady a tipy, zaj\u00edmav\u00e9 \u010dl\u00e1nky, videa a jedine\u010dn\u00e9 report\u00e1\u017ee ze sv\u011bta cyklistiky.","potentialAction":[{"@type":"SearchAction","target":{"@type":"EntryPoint","urlTemplate":"https:\/\/www.welovecycling.com\/cs\/?s={search_term_string}"},"query-input":{"@type":"PropertyValueSpecification","valueRequired":true,"valueName":"search_term_string"}}],"inLanguage":"cs"},{"@type":"Person","@id":"https:\/\/www.welovecycling.com\/cs\/#\/schema\/person\/d9eeb0a378f3a7e4a6d12d2b536b04b8","name":"radekmalina","image":{"@type":"ImageObject","inLanguage":"cs","@id":"https:\/\/www.welovecycling.com\/cs\/#\/schema\/person\/image\/","url":"https:\/\/secure.gravatar.com\/avatar\/66994b632cb8c39a46b9f54afa3ae07201b678d32a54275b6f1c9ffec356bfc0?s=96&d=mm&r=g","contentUrl":"https:\/\/secure.gravatar.com\/avatar\/66994b632cb8c39a46b9f54afa3ae07201b678d32a54275b6f1c9ffec356bfc0?s=96&d=mm&r=g","caption":"radekmalina"},"url":"https:\/\/www.welovecycling.com\/cs\/author\/radekmalina\/"}]}},"_links":{"self":[{"href":"https:\/\/www.welovecycling.com\/cs\/wp-json\/wp\/v2\/posts\/14423","targetHints":{"allow":["GET"]}}],"collection":[{"href":"https:\/\/www.welovecycling.com\/cs\/wp-json\/wp\/v2\/posts"}],"about":[{"href":"https:\/\/www.welovecycling.com\/cs\/wp-json\/wp\/v2\/types\/post"}],"author":[{"embeddable":true,"href":"https:\/\/www.welovecycling.com\/cs\/wp-json\/wp\/v2\/users\/138"}],"replies":[{"embeddable":true,"href":"https:\/\/www.welovecycling.com\/cs\/wp-json\/wp\/v2\/comments?post=14423"}],"version-history":[{"count":2,"href":"https:\/\/www.welovecycling.com\/cs\/wp-json\/wp\/v2\/posts\/14423\/revisions"}],"predecessor-version":[{"id":23931,"href":"https:\/\/www.welovecycling.com\/cs\/wp-json\/wp\/v2\/posts\/14423\/revisions\/23931"}],"wp:featuredmedia":[{"embeddable":true,"href":"https:\/\/www.welovecycling.com\/cs\/wp-json\/wp\/v2\/media\/5318"}],"wp:attachment":[{"href":"https:\/\/www.welovecycling.com\/cs\/wp-json\/wp\/v2\/media?parent=14423"}],"wp:term":[{"taxonomy":"category","embeddable":true,"href":"https:\/\/www.welovecycling.com\/cs\/wp-json\/wp\/v2\/categories?post=14423"},{"taxonomy":"post_tag","embeddable":true,"href":"https:\/\/www.welovecycling.com\/cs\/wp-json\/wp\/v2\/tags?post=14423"},{"taxonomy":"global-categories","embeddable":true,"href":"https:\/\/www.welovecycling.com\/cs\/wp-json\/wp\/v2\/global-categories?post=14423"}],"curies":[{"name":"wp","href":"https:\/\/api.w.org\/{rel}","templated":true}]}}