{"id":14398,"date":"2021-09-12T07:00:32","date_gmt":"2021-09-12T05:00:32","guid":{"rendered":"https:\/\/www.welovecycling.com\/cs\/?p=14398"},"modified":"2021-09-10T21:50:47","modified_gmt":"2021-09-10T19:50:47","slug":"tip-na-podzim-dalkova-cyklotrasa","status":"publish","type":"post","link":"https:\/\/www.welovecycling.com\/cs\/2021\/09\/12\/tip-na-podzim-dalkova-cyklotrasa\/","title":{"rendered":"D\u00e1lkov\u00e9 cyklotrasy! P\u011bt nejobl\u00edben\u011bj\u0161\u00edch, kter\u00e9 prot\u00ednaj\u00ed \u010cesko?"},"content":{"rendered":"<p><strong>L\u00e9to skon\u010dilo a hlavn\u00ed \u010d\u00e1st cyklistick\u00e9 sezony je minulost\u00ed. Cyklistick\u00e9 aktivity v\u0161ak nen\u00ed t\u0159eba omezovat. V p\u0159\u00edpad\u011b ide\u00e1ln\u00edho po\u010das\u00ed lze napl\u00e1novat i b\u011bhem podzimn\u00edch dn\u016f n\u011bkolikadenn\u00ed v\u00fdlet v sedle bicyklu. Pokud u\u017e m\u00e1te v\u0161echny silni\u010dky, cesti\u010dky a stezky v okol\u00ed domova projet\u00e9 a otestovali jste i lokality doporu\u010den\u00e9 kamar\u00e1dy, p\u0159in\u00e1\u0161\u00edme tip na jedine\u010dn\u00e9 v\u00fdlety v podob\u011b n\u011bkter\u00e9 z d\u00e1lkov\u00fdch cyklotras.<\/strong><\/p>\n<p>\u010ceskem takov\u00fdch tras vede cel\u00e1 \u0159ada. We Love Cycling pro \u010dten\u00e1\u0159e vybral p\u011bt nejobl\u00edben\u011bj\u0161\u00edch a p\u0159in\u00e1\u0161\u00ed jejich stru\u010dnou charakteristiku, na jej\u00edm\u017e z\u00e1klad\u011b se t\u0159eba rozhodnete roz\u0161\u00ed\u0159it svoje cyklistick\u00e9 zku\u0161enosti a posb\u00edrat jedine\u010dn\u00e9 z\u00e1\u017eitky.<\/p>\n<h2><strong>Labsk\u00e1 stezka<\/strong><\/h2>\n<p>Tato d\u00e1lkov\u00e1 cyklotrasa je jednou z nejkr\u00e1sn\u011bj\u0161\u00edch a nejobl\u00edben\u011bj\u0161\u00edch \u0159\u00ed\u010dn\u00edch stezek v Evrop\u011b. Za\u010d\u00edn\u00e1 u pramene Labe v Krkono\u0161\u00edch, vede a\u017e k Severn\u00edmu mo\u0159i a nab\u00edz\u00ed tis\u00edc t\u0159i sta kilometr\u016f jedine\u010dn\u00e9ho spojen\u00ed historie, architektury a p\u0159\u00edrody.<\/p>\n<div class=\"shortcode-ys-post-pinup\"><article class=\"loop-simple post-8890 post type-post status-publish format-standard has-post-thumbnail hentry category-https-www-welovecycling-com-cs-otestovano-jizdou category-rady-tipy category-tipy-na-vylet tag-cyklistika tag-cyklotrasy tag-cyklovylet tag-jiri-jezek tag-zdravi-a-trenink global-categories-cycling\" data-postid=\"8890\" role=\"article\" data-post-id=\"8890\" data-word-count=\"392\" data-headline-length=\"63\" data-category=\"Cyklotrasy\" data-global-category=\"Cycling\" data-author=\"Radek Malina\" data-published=\"2020-08-31T18:00:01+02:00\" data-published-day=\"Monday\">\n    <div class=\"entry-thumbnail article-thumbnail\" content=\"https:\/\/d2p6e6u75xmxt8.cloudfront.net\/13\/2020\/07\/hora-\u0159\u00edp-profimedia-0006984998-150x150.webp\"><a href=\"https:\/\/www.welovecycling.com\/cs\/2020\/08\/31\/tip-jiriho-jezka-na-cyklovylet-kolem-ripu-a-dvou-zamku\/\" class=\"image-holder\" target=\"_self\"><img decoding=\"async\" loading=\"lazy\" class=\"\" src=\"https:\/\/d2p6e6u75xmxt8.cloudfront.net\/13\/2020\/07\/hora-\u0159\u00edp-profimedia-0006984998-1024x683.webp\" srcset=\"https:\/\/d2p6e6u75xmxt8.cloudfront.net\/13\/2020\/07\/hora-\u0159\u00edp-profimedia-0006984998.webp 1800w, https:\/\/d2p6e6u75xmxt8.cloudfront.net\/13\/2020\/07\/hora-\u0159\u00edp-profimedia-0006984998-300x200.webp 300w, https:\/\/d2p6e6u75xmxt8.cloudfront.net\/13\/2020\/07\/hora-\u0159\u00edp-profimedia-0006984998-1024x683.webp 1024w, https:\/\/d2p6e6u75xmxt8.cloudfront.net\/13\/2020\/07\/hora-\u0159\u00edp-profimedia-0006984998-768x512.webp 768w, https:\/\/d2p6e6u75xmxt8.cloudfront.net\/13\/2020\/07\/hora-\u0159\u00edp-profimedia-0006984998-1536x1024.webp 1536w, https:\/\/d2p6e6u75xmxt8.cloudfront.net\/13\/2020\/07\/hora-\u0159\u00edp-profimedia-0006984998-272x182.webp 272w\" width=\"1024\" height=\"683\" sizes=\"auto, (min-width: 1200px) 300px, (min-width: 768px) 25vw, 100vw\" alt=\"tip-jiriho-jezka-na-cyklovylet-kolem-ripu-a-dvou-zamku\"\/><\/a><\/div>    <div class=\"entry-meta\">\n        <a class=\"label label-secondary post-category\" href=\"https:\/\/www.welovecycling.com\/cs\/category\/https-www-welovecycling-com-cs-otestovano-jizdou\/\" title=\"Cyklotrasy\">Cyklotrasy<\/a>\n    <\/div>\n    <div class=\"entry-details\">\n        <a href=\"https:\/\/www.welovecycling.com\/cs\/2020\/08\/31\/tip-jiriho-jezka-na-cyklovylet-kolem-ripu-a-dvou-zamku\/\" class='entry-title-wrapper'>\n            <h3 class=\"entry-title\"><span>Tip Ji\u0159\u00edho Je\u017eka na cyklov\u00fdlet: Kolem \u0158\u00edpu a dvou z\u00e1mk\u016f<\/span><\/h3>\n        <\/a>\n    <\/div>\n    <\/article>\n<\/div>\n<p>V \u010cesku prot\u00edn\u00e1 Hradec Kr\u00e1lov\u00e9, Pardubice, Kol\u00edn, M\u011bln\u00edk, Litom\u011b\u0159ice, \u00dast\u00ed nad Labem \u010di D\u011b\u010d\u00edn. Cel\u00e1 stezka je dlouh\u00e1 1300 km, \u010desk\u00fd \u00fasek m\u011b\u0159\u00ed 380 km, na kter\u00fdch vystoup\u00e1te 654 metr\u016f. Celkem je pot\u0159eba nastoupat v p\u0159\u00edpad\u011b absolvov\u00e1n\u00ed cel\u00e9 trasy 2150 v\u00fd\u0161kov\u00fdch metr\u016f!<\/p>\n<h2><strong>Vltavsk\u00e1 stezka<\/strong><\/h2>\n<p>Kop\u00edruje nejdel\u0161\u00ed \u010deskou \u0159eku Vltavu &#8211; a to z \u0160umavy p\u0159es \u010cesk\u00fd Krumlov a Prahu a\u017e k soutoku s Labem u kr\u00e1lovsk\u00e9ho m\u011bsta M\u011bln\u00edka. M\u00e1 d\u00e9lku 430 kilometr\u016f a cyklist\u00e9 na n\u00ed nastoupaj\u00ed 2900 v\u00fd\u0161kov\u00fdch metr\u016f. O kr\u00e1sn\u00e1 m\u00edsta nen\u00ed nouze, m\u00edj\u00ed z\u00e1mek v Hlubok\u00e9 nad Vltavou, romantick\u00e9 hrady a z\u00e1mky jako Zv\u00edkov \u010di Orl\u00edk.<\/p>\n<p><a href=\"https:\/\/d2p6e6u75xmxt8.cloudfront.net\/13\/2021\/09\/dalkove-trasy-3.jpg\"><img loading=\"lazy\" decoding=\"async\" class=\"alignnone size-full wp-image-14408\" src=\"https:\/\/d2p6e6u75xmxt8.cloudfront.net\/13\/2021\/09\/dalkove-trasy-3.jpg\" alt=\"\" width=\"1188\" height=\"800\" \/><\/a><\/p>\n<p>K nejkr\u00e1sn\u011bj\u0161\u00edm \u00fasek\u016fm pat\u0159\u00ed t\u00e9m\u011b\u0159 deset kilometr\u016f cyklostezky Jezern\u00ed z Frymburku na hr\u00e1z Lipensk\u00e9 n\u00e1dr\u017ee a dvan\u00e1ct kilometr\u016f dlouh\u00e1 stezka po b\u0159ehu Vltavy pod\u00e9l Hn\u011bvkovick\u00e9 p\u0159ehrady. Vltavsk\u00e1 stezka je z\u00e1rove\u0148 spojnic\u00ed Dunajsk\u00e9 a Labsk\u00e9 stezky a p\u0159es ji\u017en\u00ed a st\u0159edn\u00ed \u010cechy a Prahu se stala sou\u010d\u00e1st\u00ed evropsk\u00e9 cyklotrasy EuroVelo 7.<\/p>\n<h2><strong>Greenway Praha \u2013 V\u00edde\u0148<\/strong><\/h2>\n<p>Kulturou a histori\u00ed je nabit\u00e1 trasa mezi Prahou a V\u00eddn\u00ed. Jedn\u00e1 se o prvn\u00ed d\u00e1lkovou cyklotrasou v \u010cR a z\u00e1rove\u0148 prvn\u00ed zelenou stezku \u2013 greenway \u2013 ve st\u0159edn\u00ed Evrop\u011b. Kombinuje cyklostezky, dr\u00e1\u017en\u00ed stezky, lesn\u00ed a vojensk\u00e9 cesty s klidn\u00fdmi silni\u010dkami a je vyzna\u010den\u00e1 logem.<\/p>\n<div class=\"shortcode-ys-post-pinup\"><article class=\"loop-simple post-14267 post type-post status-publish format-standard has-post-thumbnail hentry category-rady-tipy category-servis category-silnicni-cyklistika tag-cyklistika tag-cyklotipy tag-domaci-servis-kola tag-horska-cyklistika tag-prehazovacka tag-retez tag-servis-kola tag-silnicni-cyklistika tag-trenink tag-udrzba-kola global-categories-cycling\" data-postid=\"14267\" role=\"article\" data-post-id=\"14267\" data-word-count=\"186\" data-headline-length=\"73\" data-category=\"Rady &amp; tipy\" data-global-category=\"Cycling\" data-author=\"We Love Cycling\" data-published=\"2021-09-01T13:00:34+02:00\" data-published-day=\"Wednesday\">\n    <div class=\"entry-thumbnail article-thumbnail\" content=\"https:\/\/d2p6e6u75xmxt8.cloudfront.net\/13\/2020\/07\/et\u011bz-2-150x150.webp\"><a href=\"https:\/\/www.welovecycling.com\/cs\/2021\/09\/01\/video-udrzba-kola-domacim-servisem-prodlouzite-zivotnost-kola\/\" class=\"image-holder\" target=\"_self\"><img decoding=\"async\" loading=\"lazy\" class=\"\" src=\"https:\/\/d2p6e6u75xmxt8.cloudfront.net\/13\/2020\/07\/et\u011bz-2-1024x576.webp\" srcset=\"https:\/\/d2p6e6u75xmxt8.cloudfront.net\/13\/2020\/07\/et\u011bz-2-scaled.webp 2560w, https:\/\/d2p6e6u75xmxt8.cloudfront.net\/13\/2020\/07\/et\u011bz-2-300x169.webp 300w, https:\/\/d2p6e6u75xmxt8.cloudfront.net\/13\/2020\/07\/et\u011bz-2-1024x576.webp 1024w, https:\/\/d2p6e6u75xmxt8.cloudfront.net\/13\/2020\/07\/et\u011bz-2-768x432.webp 768w, https:\/\/d2p6e6u75xmxt8.cloudfront.net\/13\/2020\/07\/et\u011bz-2-1536x864.webp 1536w, https:\/\/d2p6e6u75xmxt8.cloudfront.net\/13\/2020\/07\/et\u011bz-2-2048x1152.webp 2048w, https:\/\/d2p6e6u75xmxt8.cloudfront.net\/13\/2020\/07\/et\u011bz-2-1920x1080.webp 1920w, https:\/\/d2p6e6u75xmxt8.cloudfront.net\/13\/2020\/07\/et\u011bz-2-1920x1080.webp 1920w\" width=\"1024\" height=\"576\" sizes=\"auto, (min-width: 1200px) 356px, (min-width: 768px) 30vw, 100vw\" alt=\"video-udrzba-kola-domacim-servisem-prodlouzite-zivotnost-kola\"\/><\/a><\/div>    <div class=\"entry-meta\">\n        <a class=\"label label-secondary post-category\" href=\"https:\/\/www.welovecycling.com\/cs\/category\/rady-tipy\/\" title=\"Rady &amp; tipy\">Rady &amp; tipy<\/a>\n    <\/div>\n    <div class=\"entry-details\">\n        <a href=\"https:\/\/www.welovecycling.com\/cs\/2021\/09\/01\/video-udrzba-kola-domacim-servisem-prodlouzite-zivotnost-kola\/\" class='entry-title-wrapper'>\n            <h3 class=\"entry-title\"><span>VIDEO: \u00dadr\u017eba kola! Dom\u00e1c\u00edm servisem prodlou\u017e\u00edte \u017eivotnost bicyklu<\/span><\/h3>\n        <\/a>\n    <\/div>\n    <\/article>\n<\/div>\n<p>A hlavn\u011b prot\u00edn\u00e1 historick\u00e1 m\u011bsta jako T\u00e1bor, Jind\u0159ich\u016fv Hradec, Znojmo, rakousk\u00fd Retz, Mikulov a vede Podyj\u00edm, malebn\u00fdm vina\u0159sk\u00fdm regionem. Projedete se i po nov\u00e9m \u00faseku \u2013 Kr\u010d\u00ednov\u011b stezce, vybudovan\u00e9 na b\u00fdval\u00e9 \u017eeleznici mezi Sedl\u010dany a Sedlcem. Trasa je dlouh\u00e1 368 kilometr\u016f a cyklist\u00e9 nastoupaj\u00ed 2800 v\u00fd\u0161kov\u00fdch metr\u016f.<\/p>\n<h2><strong>Greenway Jizera<\/strong><\/h2>\n<p>Prot\u00edn\u00e1 cyklotrasy Jizersk\u00fdmi horami, Z\u00e1padn\u00edmi Krkono\u0161emi, \u010cesk\u00fdm r\u00e1jem a Polab\u00edm. Nav\u0161t\u00edv\u00edte m\u011bsta jako Turnov, z\u00e1mky v Mnichov\u011b Hradi\u0161ti \u010di Ben\u00e1tk\u00e1ch nad Jizerou, projedete Mladou Boleslav\u00ed se zaj\u00edmav\u00fdm \u0160koda muzeem \u010di Starou Boleslav\u00ed, kde byl zavra\u017ed\u011bn svat\u00fd V\u00e1clav.<\/p>\n<p><a href=\"https:\/\/d2p6e6u75xmxt8.cloudfront.net\/13\/2021\/09\/dalkove-trasy-2.jpg\"><img loading=\"lazy\" decoding=\"async\" class=\"alignnone size-full wp-image-14407\" src=\"https:\/\/d2p6e6u75xmxt8.cloudfront.net\/13\/2021\/09\/dalkove-trasy-2.jpg\" alt=\"\" width=\"1147\" height=\"800\" \/><\/a><\/p>\n<p>\u00dadol\u00ed a \u0159\u00ed\u010dn\u00ed niva Jizery si dosud zachovaly p\u0159\u00edrodn\u00ed kouzlo, kter\u00e9 nepozn\u00e1te, proj\u00ed\u017ed\u00edte-li tudy jen autem \u010di vlakem. Jizera se vl\u00e9v\u00e1 do Labe u L\u00e1zn\u00ed Tou\u0161e\u0148, cyklotrasa CT 17 \/ EuroVelo 4 ale pokra\u010duje a\u017e do Prahy. Nab\u00edz\u00ed se i sjet\u00ed \u0159eky na k\u00e1noi, nap\u0159\u00edklad z Mal\u00e9 Sk\u00e1ly u Turnova. Trasa je dlouh\u00e1 168 kilometr\u016f, a pokud za\u010dnete v Jizersk\u00fdch hor\u00e1ch vystoup\u00e1te 975 v\u00fd\u0161kov\u00fdch metr\u016f, ale zato skles\u00e1te 1653 metr\u016f.<\/p>\n<h2><strong>\u00a0<\/strong><strong>Cyklotrasa EuroVelo 9<\/strong><\/h2>\n<p>Tahle trasa spojuje Baltsk\u00e9 a Jadransk\u00e9 mo\u0159e, v \u010cesku mezi nejzaj\u00edmav\u011bj\u0161\u00ed \u010d\u00e1st pat\u0159\u00ed horsk\u00e9 partie u Jesen\u00edku na hranic\u00edch s Polskem. P\u0159es Jesen\u00edky se p\u0159ehoupnete do moravsk\u00e9 kotliny a p\u0159es Litovelsk\u00e9 Pomorav\u00ed dojedete do p\u0159ekr\u00e1sn\u00e9 han\u00e1ck\u00e9 metropole Olomouce.<\/p>\n<div class=\"shortcode-ys-post-pinup\"><article class=\"loop-simple post-14377 post type-post status-publish format-standard has-post-thumbnail hentry category-horska-cyklistika category-silnicni-cyklistika tag-bikros tag-cyklistika tag-fourcross tag-horska-cyklistika tag-michaela-hajkova tag-mistrovstvi-sveta tag-tetovani tag-val-di-sole tag-zeny global-categories-cycling\" data-postid=\"14377\" role=\"article\" data-post-id=\"14377\" data-word-count=\"508\" data-headline-length=\"108\" data-category=\"Horsk\u00e1 cyklistika\" data-global-category=\"Cycling\" data-author=\"Jan Kr\u016fta\" data-published=\"2021-09-09T16:00:10+02:00\" data-published-day=\"Thursday\">\n    <div class=\"entry-thumbnail article-thumbnail\" content=\"https:\/\/d2p6e6u75xmxt8.cloudfront.net\/13\/2021\/09\/Hajkova-cerveny-150x150.webp\"><a href=\"https:\/\/www.welovecycling.com\/cs\/2021\/09\/09\/mistryne-sveta-ve-fourcrossu-michaela-hajkova-sni-o-olympiade-a-jednou-se-chci-zivit-jako-taterka\/\" class=\"image-holder\" target=\"_self\"><img decoding=\"async\" loading=\"lazy\" class=\"\" src=\"https:\/\/d2p6e6u75xmxt8.cloudfront.net\/13\/2021\/09\/Hajkova-cerveny-1024x683.webp\" srcset=\"https:\/\/d2p6e6u75xmxt8.cloudfront.net\/13\/2021\/09\/Hajkova-cerveny.webp 1600w, https:\/\/d2p6e6u75xmxt8.cloudfront.net\/13\/2021\/09\/Hajkova-cerveny-300x200.webp 300w, https:\/\/d2p6e6u75xmxt8.cloudfront.net\/13\/2021\/09\/Hajkova-cerveny-1024x683.webp 1024w, https:\/\/d2p6e6u75xmxt8.cloudfront.net\/13\/2021\/09\/Hajkova-cerveny-768x512.webp 768w, https:\/\/d2p6e6u75xmxt8.cloudfront.net\/13\/2021\/09\/Hajkova-cerveny-1536x1024.webp 1536w, https:\/\/d2p6e6u75xmxt8.cloudfront.net\/13\/2021\/09\/Hajkova-cerveny-272x182.webp 272w\" width=\"1024\" height=\"683\" sizes=\"auto, (min-width: 1200px) 300px, (min-width: 768px) 25vw, 100vw\" alt=\"mistryne-sveta-ve-fourcrossu-michaela-hajkova-sni-o-olympiade-a-jednou-se-chci-zivit-jako-taterka\"\/><\/a><\/div>    <div class=\"entry-meta\">\n        <a class=\"label label-secondary post-category\" href=\"https:\/\/www.welovecycling.com\/cs\/category\/horska-cyklistika\/\" title=\"Horsk\u00e1 cyklistika\">Horsk\u00e1 cyklistika<\/a>\n    <\/div>\n    <div class=\"entry-details\">\n        <a href=\"https:\/\/www.welovecycling.com\/cs\/2021\/09\/09\/mistryne-sveta-ve-fourcrossu-michaela-hajkova-sni-o-olympiade-a-jednou-se-chci-zivit-jako-taterka\/\" class='entry-title-wrapper'>\n            <h3 class=\"entry-title\"><span>Mistryn\u011b sv\u011bta ve fourcrossu Michaela H\u00e1jkov\u00e1 sn\u00ed o olympi\u00e1d\u011b: A jednou se chci \u017eivit jako tat\u00e9rka!<\/span><\/h3>\n        <\/a>\n    <\/div>\n    <\/article>\n<\/div>\n<p>K jedine\u010dn\u00fdm z\u00e1\u017eitk\u016fm pat\u0159\u00ed pr\u016fjezd Moravsk\u00fdm krasem s n\u00e1v\u0161t\u011bvou jeskyn\u011b Macocha a zast\u00e1vkou v jihomoravsk\u00e9 metropoli Brn\u011b. P\u0159ed hranicemi je\u0161t\u011b \u010dek\u00e1 romantick\u00fd Mikulov a Lednicko-Valtick\u00fd are\u00e1l s mnoha architektonick\u00fdmi skvosty. \u010cesk\u00e1 \u010d\u00e1st m\u00e1 d\u00e9lku 350 kilometr\u016f a nastoup\u00e1te 1529 v\u00fd\u0161kov\u00fdch metr\u016f.<\/p>\n<h2><strong>Dal\u0161\u00ed tipy<\/strong><\/h2>\n<p>Dal\u0161\u00ed cyklotrasy, tipy na ubytov\u00e1n\u00ed i zaj\u00edmav\u00e1 m\u00edsta najdete na webu www.stezky.cz. Dal\u0161\u00edm d\u016fle\u017eit\u00fdm webem je www.cyklistevitani.cz, kter\u00fd prov\u00e1d\u00ed certifikaci kvality slu\u017eeb ubytovac\u00edch a stravovac\u00edch za\u0159\u00edzen\u00ed, kemp\u016f a turistick\u00fdch c\u00edl\u016f pro cyklisty i jejich kola. Nyn\u00ed je v \u010cesku 950 certifikovan\u00fdch slu\u017eeb Cyklist\u00e9 v\u00edt\u00e1ni, z toho \u010dtvrtina jsou turistick\u00e9 c\u00edle. Web hl\u00edd\u00e1, zda m\u00e1 za\u0159\u00edzen\u00ed bezpe\u010dn\u00e9 parkov\u00e1n\u00ed pro kola, z\u00e1kladn\u00ed n\u00e1\u0159ad\u00ed pro opravy, mo\u017enost vypr\u00e1n\u00ed a usu\u0161en\u00ed oble\u010den\u00ed, umyt\u00ed kola u ubytovatel\u016f \u010di dob\u00edjen\u00ed elektrokol.<\/p>\n<p><em>Foto: Czech tourism\/Petr Slav\u00edk (3x)<\/em><\/p>\n","protected":false},"excerpt":{"rendered":"<p>L\u00e9to skon\u010dilo a hlavn\u00ed \u010d\u00e1st cyklistick\u00e9 sezony je minulost\u00ed. Cyklistick\u00e9 aktivity v\u0161ak nen\u00ed t\u0159eba omezovat. V p\u0159\u00edpad\u011b ide\u00e1ln\u00edho po\u010das\u00ed lze [&hellip;]<\/p>\n","protected":false},"author":138,"featured_media":14409,"comment_status":"open","ping_status":"open","sticky":false,"template":"","format":"standard","meta":{"footnotes":""},"categories":[123,10,167],"tags":[126,116,1852,117,228,1851,1850,56,1848,9,27,1849,28],"global-categories":[411],"class_list":["post-14398","post","type-post","status-publish","format-standard","has-post-thumbnail","hentry","category-https-www-welovecycling-com-cs-otestovano-jizdou","category-silnicni-cyklistika","category-tipy-na-vylet","tag-cyklistika","tag-cyklostezky","tag-cyklotrasa-eurovelo-9","tag-cyklotrasy","tag-cyklovylet","tag-greenway-jizera","tag-greenway-praha-viden","tag-horska-cyklistika","tag-labska-stezka","tag-silnicni-cyklistika","tag-trenink","tag-vltavska-stezka","tag-zdravi","global-categories-cycling"],"yoast_head":"<!-- This site is optimized with the Yoast SEO Premium plugin v25.3 (Yoast SEO v25.9) - https:\/\/yoast.com\/wordpress\/plugins\/seo\/ -->\n<title>D\u00e1lkov\u00e9 cyklotrasy! P\u011bt nejobl\u00edben\u011bj\u0161\u00edch, kter\u00e9 prot\u00ednaj\u00ed \u010cesko? | \u0160koda We Love Cycling - \u010cesk\u00e1 republika<\/title>\n<meta name=\"description\" content=\"P\u011bt nejobl\u00edben\u011bj\u0161\u00edch d\u00e1lkov\u00fdch cyklotras, kter\u00e9 prot\u00ednaj\u00ed \u010cesko. Co v\u00e1s na nich \u010dek\u00e1 a pro\u010d stoj\u00ed za to vyrazit je poko\u0159it v sedle kola?\" \/>\n<meta name=\"robots\" content=\"index, follow, max-snippet:-1, max-image-preview:large, max-video-preview:-1\" \/>\n<link rel=\"canonical\" href=\"https:\/\/www.welovecycling.com\/cs\/2021\/09\/12\/tip-na-podzim-dalkova-cyklotrasa\/\" \/>\n<meta property=\"og:locale\" content=\"cs_CZ\" \/>\n<meta property=\"og:type\" content=\"article\" \/>\n<meta property=\"og:title\" content=\"D\u00e1lkov\u00e9 cyklotrasy! P\u011bt nejobl\u00edben\u011bj\u0161\u00edch, kter\u00e9 prot\u00ednaj\u00ed \u010cesko?\" \/>\n<meta property=\"og:description\" content=\"P\u011bt nejobl\u00edben\u011bj\u0161\u00edch d\u00e1lkov\u00fdch cyklotras, kter\u00e9 prot\u00ednaj\u00ed \u010cesko. Co v\u00e1s na nich \u010dek\u00e1 a pro\u010d stoj\u00ed za to vyrazit je poko\u0159it v sedle kola?\" \/>\n<meta property=\"og:url\" content=\"https:\/\/www.welovecycling.com\/cs\/2021\/09\/12\/tip-na-podzim-dalkova-cyklotrasa\/\" \/>\n<meta property=\"og:site_name\" content=\"\u0160koda We Love Cycling - \u010cesk\u00e1 republika\" \/>\n<meta property=\"article:published_time\" content=\"2021-09-12T05:00:32+00:00\" \/>\n<meta property=\"og:image\" content=\"https:\/\/d2p6e6u75xmxt8.cloudfront.net\/13\/2021\/09\/dalkove-trasy.webp\" \/>\n\t<meta property=\"og:image:width\" content=\"1066\" \/>\n\t<meta property=\"og:image:height\" content=\"800\" \/>\n\t<meta property=\"og:image:type\" content=\"image\/webp\" \/>\n<meta name=\"author\" content=\"radekmalina\" \/>\n<meta name=\"twitter:card\" content=\"summary_large_image\" \/>\n<meta name=\"twitter:label1\" content=\"Written by\" \/>\n\t<meta name=\"twitter:data1\" content=\"Jan Kr\u016fta\" \/>\n\t<meta name=\"twitter:label2\" content=\"Est. reading time\" \/>\n\t<meta name=\"twitter:data2\" content=\"5\" \/>\n<script type=\"application\/ld+json\" class=\"yoast-schema-graph\">{\"@context\":\"https:\/\/schema.org\",\"@graph\":[{\"@type\":\"WebPage\",\"@id\":\"https:\/\/www.welovecycling.com\/cs\/2021\/09\/12\/tip-na-podzim-dalkova-cyklotrasa\/\",\"url\":\"https:\/\/www.welovecycling.com\/cs\/2021\/09\/12\/tip-na-podzim-dalkova-cyklotrasa\/\",\"name\":\"D\u00e1lkov\u00e9 cyklotrasy! P\u011bt nejobl\u00edben\u011bj\u0161\u00edch, kter\u00e9 prot\u00ednaj\u00ed \u010cesko? | \u0160koda We Love Cycling - \u010cesk\u00e1 republika\",\"isPartOf\":{\"@id\":\"https:\/\/www.welovecycling.com\/cs\/#website\"},\"primaryImageOfPage\":{\"@id\":\"https:\/\/www.welovecycling.com\/cs\/2021\/09\/12\/tip-na-podzim-dalkova-cyklotrasa\/#primaryimage\"},\"image\":{\"@id\":\"https:\/\/www.welovecycling.com\/cs\/2021\/09\/12\/tip-na-podzim-dalkova-cyklotrasa\/#primaryimage\"},\"thumbnailUrl\":\"https:\/\/d2p6e6u75xmxt8.cloudfront.net\/13\/2021\/09\/dalkove-trasy.webp\",\"datePublished\":\"2021-09-12T05:00:32+00:00\",\"author\":{\"@id\":\"https:\/\/www.welovecycling.com\/cs\/#\/schema\/person\/d9eeb0a378f3a7e4a6d12d2b536b04b8\"},\"description\":\"P\u011bt nejobl\u00edben\u011bj\u0161\u00edch d\u00e1lkov\u00fdch cyklotras, kter\u00e9 prot\u00ednaj\u00ed \u010cesko. Co v\u00e1s na nich \u010dek\u00e1 a pro\u010d stoj\u00ed za to vyrazit je poko\u0159it v sedle kola?\",\"inLanguage\":\"cs\",\"potentialAction\":[{\"@type\":\"ReadAction\",\"target\":[\"https:\/\/www.welovecycling.com\/cs\/2021\/09\/12\/tip-na-podzim-dalkova-cyklotrasa\/\"]}]},{\"@type\":\"ImageObject\",\"inLanguage\":\"cs\",\"@id\":\"https:\/\/www.welovecycling.com\/cs\/2021\/09\/12\/tip-na-podzim-dalkova-cyklotrasa\/#primaryimage\",\"url\":\"https:\/\/d2p6e6u75xmxt8.cloudfront.net\/13\/2021\/09\/dalkove-trasy.webp\",\"contentUrl\":\"https:\/\/d2p6e6u75xmxt8.cloudfront.net\/13\/2021\/09\/dalkove-trasy.webp\",\"width\":1066,\"height\":800},{\"@type\":\"WebSite\",\"@id\":\"https:\/\/www.welovecycling.com\/cs\/#website\",\"url\":\"https:\/\/www.welovecycling.com\/cs\/\",\"name\":\"\u0160koda We Love Cycling - \u010cesk\u00e1 republika\",\"description\":\"WeLoveCycling.cz je online magaz\u00edn, kter\u00fd v\u00e1m pravideln\u011b p\u0159in\u00e1\u0161\u00ed rady a tipy, zaj\u00edmav\u00e9 \u010dl\u00e1nky, videa a jedine\u010dn\u00e9 report\u00e1\u017ee ze sv\u011bta cyklistiky.\",\"potentialAction\":[{\"@type\":\"SearchAction\",\"target\":{\"@type\":\"EntryPoint\",\"urlTemplate\":\"https:\/\/www.welovecycling.com\/cs\/?s={search_term_string}\"},\"query-input\":{\"@type\":\"PropertyValueSpecification\",\"valueRequired\":true,\"valueName\":\"search_term_string\"}}],\"inLanguage\":\"cs\"},{\"@type\":\"Person\",\"@id\":\"https:\/\/www.welovecycling.com\/cs\/#\/schema\/person\/d9eeb0a378f3a7e4a6d12d2b536b04b8\",\"name\":\"radekmalina\",\"image\":{\"@type\":\"ImageObject\",\"inLanguage\":\"cs\",\"@id\":\"https:\/\/www.welovecycling.com\/cs\/#\/schema\/person\/image\/\",\"url\":\"https:\/\/secure.gravatar.com\/avatar\/66994b632cb8c39a46b9f54afa3ae07201b678d32a54275b6f1c9ffec356bfc0?s=96&d=mm&r=g\",\"contentUrl\":\"https:\/\/secure.gravatar.com\/avatar\/66994b632cb8c39a46b9f54afa3ae07201b678d32a54275b6f1c9ffec356bfc0?s=96&d=mm&r=g\",\"caption\":\"radekmalina\"},\"url\":\"https:\/\/www.welovecycling.com\/cs\/author\/radekmalina\/\"}]}<\/script>\n<!-- \/ Yoast SEO Premium plugin. -->","yoast_head_json":{"title":"D\u00e1lkov\u00e9 cyklotrasy! P\u011bt nejobl\u00edben\u011bj\u0161\u00edch, kter\u00e9 prot\u00ednaj\u00ed \u010cesko? | \u0160koda We Love Cycling - \u010cesk\u00e1 republika","description":"P\u011bt nejobl\u00edben\u011bj\u0161\u00edch d\u00e1lkov\u00fdch cyklotras, kter\u00e9 prot\u00ednaj\u00ed \u010cesko. Co v\u00e1s na nich \u010dek\u00e1 a pro\u010d stoj\u00ed za to vyrazit je poko\u0159it v sedle kola?","robots":{"index":"index","follow":"follow","max-snippet":"max-snippet:-1","max-image-preview":"max-image-preview:large","max-video-preview":"max-video-preview:-1"},"canonical":"https:\/\/www.welovecycling.com\/cs\/2021\/09\/12\/tip-na-podzim-dalkova-cyklotrasa\/","og_locale":"cs_CZ","og_type":"article","og_title":"D\u00e1lkov\u00e9 cyklotrasy! P\u011bt nejobl\u00edben\u011bj\u0161\u00edch, kter\u00e9 prot\u00ednaj\u00ed \u010cesko?","og_description":"P\u011bt nejobl\u00edben\u011bj\u0161\u00edch d\u00e1lkov\u00fdch cyklotras, kter\u00e9 prot\u00ednaj\u00ed \u010cesko. Co v\u00e1s na nich \u010dek\u00e1 a pro\u010d stoj\u00ed za to vyrazit je poko\u0159it v sedle kola?","og_url":"https:\/\/www.welovecycling.com\/cs\/2021\/09\/12\/tip-na-podzim-dalkova-cyklotrasa\/","og_site_name":"\u0160koda We Love Cycling - \u010cesk\u00e1 republika","article_published_time":"2021-09-12T05:00:32+00:00","og_image":[{"width":1066,"height":800,"url":"https:\/\/d2p6e6u75xmxt8.cloudfront.net\/13\/2021\/09\/dalkove-trasy.webp","type":"image\/webp"}],"author":"radekmalina","twitter_card":"summary_large_image","twitter_misc":{"Written by":"Jan Kr\u016fta","Est. reading time":"5"},"schema":{"@context":"https:\/\/schema.org","@graph":[{"@type":"WebPage","@id":"https:\/\/www.welovecycling.com\/cs\/2021\/09\/12\/tip-na-podzim-dalkova-cyklotrasa\/","url":"https:\/\/www.welovecycling.com\/cs\/2021\/09\/12\/tip-na-podzim-dalkova-cyklotrasa\/","name":"D\u00e1lkov\u00e9 cyklotrasy! P\u011bt nejobl\u00edben\u011bj\u0161\u00edch, kter\u00e9 prot\u00ednaj\u00ed \u010cesko? | \u0160koda We Love Cycling - \u010cesk\u00e1 republika","isPartOf":{"@id":"https:\/\/www.welovecycling.com\/cs\/#website"},"primaryImageOfPage":{"@id":"https:\/\/www.welovecycling.com\/cs\/2021\/09\/12\/tip-na-podzim-dalkova-cyklotrasa\/#primaryimage"},"image":{"@id":"https:\/\/www.welovecycling.com\/cs\/2021\/09\/12\/tip-na-podzim-dalkova-cyklotrasa\/#primaryimage"},"thumbnailUrl":"https:\/\/d2p6e6u75xmxt8.cloudfront.net\/13\/2021\/09\/dalkove-trasy.webp","datePublished":"2021-09-12T05:00:32+00:00","author":{"@id":"https:\/\/www.welovecycling.com\/cs\/#\/schema\/person\/d9eeb0a378f3a7e4a6d12d2b536b04b8"},"description":"P\u011bt nejobl\u00edben\u011bj\u0161\u00edch d\u00e1lkov\u00fdch cyklotras, kter\u00e9 prot\u00ednaj\u00ed \u010cesko. Co v\u00e1s na nich \u010dek\u00e1 a pro\u010d stoj\u00ed za to vyrazit je poko\u0159it v sedle kola?","inLanguage":"cs","potentialAction":[{"@type":"ReadAction","target":["https:\/\/www.welovecycling.com\/cs\/2021\/09\/12\/tip-na-podzim-dalkova-cyklotrasa\/"]}]},{"@type":"ImageObject","inLanguage":"cs","@id":"https:\/\/www.welovecycling.com\/cs\/2021\/09\/12\/tip-na-podzim-dalkova-cyklotrasa\/#primaryimage","url":"https:\/\/d2p6e6u75xmxt8.cloudfront.net\/13\/2021\/09\/dalkove-trasy.webp","contentUrl":"https:\/\/d2p6e6u75xmxt8.cloudfront.net\/13\/2021\/09\/dalkove-trasy.webp","width":1066,"height":800},{"@type":"WebSite","@id":"https:\/\/www.welovecycling.com\/cs\/#website","url":"https:\/\/www.welovecycling.com\/cs\/","name":"\u0160koda We Love Cycling - \u010cesk\u00e1 republika","description":"WeLoveCycling.cz je online magaz\u00edn, kter\u00fd v\u00e1m pravideln\u011b p\u0159in\u00e1\u0161\u00ed rady a tipy, zaj\u00edmav\u00e9 \u010dl\u00e1nky, videa a jedine\u010dn\u00e9 report\u00e1\u017ee ze sv\u011bta cyklistiky.","potentialAction":[{"@type":"SearchAction","target":{"@type":"EntryPoint","urlTemplate":"https:\/\/www.welovecycling.com\/cs\/?s={search_term_string}"},"query-input":{"@type":"PropertyValueSpecification","valueRequired":true,"valueName":"search_term_string"}}],"inLanguage":"cs"},{"@type":"Person","@id":"https:\/\/www.welovecycling.com\/cs\/#\/schema\/person\/d9eeb0a378f3a7e4a6d12d2b536b04b8","name":"radekmalina","image":{"@type":"ImageObject","inLanguage":"cs","@id":"https:\/\/www.welovecycling.com\/cs\/#\/schema\/person\/image\/","url":"https:\/\/secure.gravatar.com\/avatar\/66994b632cb8c39a46b9f54afa3ae07201b678d32a54275b6f1c9ffec356bfc0?s=96&d=mm&r=g","contentUrl":"https:\/\/secure.gravatar.com\/avatar\/66994b632cb8c39a46b9f54afa3ae07201b678d32a54275b6f1c9ffec356bfc0?s=96&d=mm&r=g","caption":"radekmalina"},"url":"https:\/\/www.welovecycling.com\/cs\/author\/radekmalina\/"}]}},"_links":{"self":[{"href":"https:\/\/www.welovecycling.com\/cs\/wp-json\/wp\/v2\/posts\/14398","targetHints":{"allow":["GET"]}}],"collection":[{"href":"https:\/\/www.welovecycling.com\/cs\/wp-json\/wp\/v2\/posts"}],"about":[{"href":"https:\/\/www.welovecycling.com\/cs\/wp-json\/wp\/v2\/types\/post"}],"author":[{"embeddable":true,"href":"https:\/\/www.welovecycling.com\/cs\/wp-json\/wp\/v2\/users\/138"}],"replies":[{"embeddable":true,"href":"https:\/\/www.welovecycling.com\/cs\/wp-json\/wp\/v2\/comments?post=14398"}],"version-history":[{"count":2,"href":"https:\/\/www.welovecycling.com\/cs\/wp-json\/wp\/v2\/posts\/14398\/revisions"}],"predecessor-version":[{"id":14406,"href":"https:\/\/www.welovecycling.com\/cs\/wp-json\/wp\/v2\/posts\/14398\/revisions\/14406"}],"wp:featuredmedia":[{"embeddable":true,"href":"https:\/\/www.welovecycling.com\/cs\/wp-json\/wp\/v2\/media\/14409"}],"wp:attachment":[{"href":"https:\/\/www.welovecycling.com\/cs\/wp-json\/wp\/v2\/media?parent=14398"}],"wp:term":[{"taxonomy":"category","embeddable":true,"href":"https:\/\/www.welovecycling.com\/cs\/wp-json\/wp\/v2\/categories?post=14398"},{"taxonomy":"post_tag","embeddable":true,"href":"https:\/\/www.welovecycling.com\/cs\/wp-json\/wp\/v2\/tags?post=14398"},{"taxonomy":"global-categories","embeddable":true,"href":"https:\/\/www.welovecycling.com\/cs\/wp-json\/wp\/v2\/global-categories?post=14398"}],"curies":[{"name":"wp","href":"https:\/\/api.w.org\/{rel}","templated":true}]}}