{"id":14377,"date":"2021-09-09T16:00:10","date_gmt":"2021-09-09T14:00:10","guid":{"rendered":"https:\/\/www.welovecycling.com\/cs\/?p=14377"},"modified":"2021-09-09T21:32:04","modified_gmt":"2021-09-09T19:32:04","slug":"mistryne-sveta-ve-fourcrossu-michaela-hajkova-sni-o-olympiade-a-jednou-se-chci-zivit-jako-taterka","status":"publish","type":"post","link":"https:\/\/www.welovecycling.com\/cs\/2021\/09\/09\/mistryne-sveta-ve-fourcrossu-michaela-hajkova-sni-o-olympiade-a-jednou-se-chci-zivit-jako-taterka\/","title":{"rendered":"Mistryn\u011b sv\u011bta ve fourcrossu Michaela H\u00e1jkov\u00e1 sn\u00ed o olympi\u00e1d\u011b: A jednou se chci \u017eivit jako tat\u00e9rka!"},"content":{"rendered":"<p><strong>\u0160okovala sv\u011bt triumfem v italsk\u00e9m Val di Sole. Devaten\u00e1ctilet\u00e1 Michaela H\u00e1jkov\u00e1, kter\u00e1 se v\u011bnuje hlavn\u011b bikrosu, z\u00edskala p\u0159i premi\u00e9\u0159e na mistrovstv\u00ed sv\u011bta ne\u010dekan\u00fd titul v adrenalinov\u00e9 discipl\u00edn\u011b fourcross. \u201eByl to i pro m\u011b absolutn\u00ed \u0161ok, na n\u011bco takov\u00e9ho jsem ani v nejdivo\u010dej\u0161\u00edm snu nemyslela,\u201c \u0159\u00edk\u00e1 \u010desk\u00e1 reprezentantka, kter\u00e1 se ve chv\u00edl\u00edch volna v\u011bnuje i tetov\u00e1n\u00ed a jednou by se j\u00edm cht\u011bla \u017eivit.<\/strong><\/p>\n<h2><strong>Kolik byste p\u0159ed startem \u0161ampion\u00e1tu vsadila na to, \u017ee z\u00edsk\u00e1te titul?<\/strong><\/h2>\n<p>V\u016fbec nic, bylo to absolutn\u011b ne\u010dekan\u00e9. V\u017edy\u0165 jsem na mistrovstv\u00ed sv\u011bta startovala poprv\u00e9. Ne\u010dekal to nikdo, ani j\u00e1. \u0158\u00edkala jsem si, \u017ee kdy\u017e postoup\u00edm do fin\u00e1le, bude to super \u00fasp\u011bch. Ale p\u00f3dium bylo v\u00a0m\u00fdch snech hodn\u011b daleko.<\/p>\n<h2><strong>Co bylo kl\u00ed\u010dem k\u00a0\u00fasp\u011bchu?<\/strong><\/h2>\n<p>Rozhodn\u011b poveden\u00fd start ve fin\u00e1le. Byl to nejlep\u0161\u00ed start za cel\u00fd z\u00e1vod. Dok\u00e1zala jsem prvn\u00ed m\u00edsto udr\u017eet. V\u011bd\u011bla jsem, \u017ee kdy\u017e neud\u011bl\u00e1m chybu, mohlo by to vyj\u00edt.<\/p>\n<h2><strong>Jak\u00e9 jste m\u011bla pocity po projet\u00ed c\u00edlem?<\/strong><\/h2>\n<p>V\u016fbec mi to nedoch\u00e1zelo, a\u017e kdy\u017e se na m\u011b v\u0161ichni sesypali. Byl to \u0161ok. Je\u0161t\u011b na bedn\u011b se mi \u00fapln\u011b t\u0159\u00e1sly ruce. Byl to nejhez\u010d\u00ed pocit ze z\u00e1vod\u016f v\u00a0moj\u00ed dosavadn\u00ed kari\u00e9\u0159e. Moc si toho v\u00e1\u017e\u00edm. Duhov\u00fd dres a medaile u\u017e jsou doma na v\u00fdstavce.<\/p>\n<figure id=\"attachment_14381\" aria-describedby=\"caption-attachment-14381\" style=\"width: 1600px\" class=\"wp-caption alignnone\"><a href=\"https:\/\/d2p6e6u75xmxt8.cloudfront.net\/13\/2021\/09\/Hajkova-cerveny-4.jpg\"><img loading=\"lazy\" decoding=\"async\" class=\"size-full wp-image-14381\" src=\"https:\/\/d2p6e6u75xmxt8.cloudfront.net\/13\/2021\/09\/Hajkova-cerveny-4.jpg\" alt=\"Michaela H\u00e1jkov\u00e1 se \u0159\u00edt\u00ed pro zlatou medaili na mistrovstv\u00ed sv\u011bta ve Val di Sole. Foto: Michal \u010cerven\u00fd (4x)\" width=\"1600\" height=\"1067\" \/><\/a><figcaption id=\"caption-attachment-14381\" class=\"wp-caption-text\"><em>Michaela H\u00e1jkov\u00e1 se \u0159\u00edt\u00ed pro zlatou medaili na mistrovstv\u00ed sv\u011bta ve Val di Sole. Foto: Michal \u010cerven\u00fd (4x)<\/em><\/figcaption><\/figure>\n<h2><strong>Oslavila jste titul po\u0159\u00e1dn\u011b?<\/strong><\/h2>\n<p>Proto\u017ee vyhr\u00e1l i Tom\u00e1\u0161 Slav\u00edk, byl to historick\u00fd \u00fasp\u011bch pro \u010desk\u00fd fourcross. Tak jsme to v\u0161ichni spole\u010dn\u011b oslavili hned po z\u00e1vod\u011b. Dala jsem si n\u011bjak\u00fd red bull s\u00a0vodkou, ale moc jsem toho nevypila. J\u00e1 nejsem typ, kter\u00fd by pot\u0159eboval party po ka\u017ed\u00e9m z\u00e1vod\u011b.<\/p>\n<div class=\"shortcode-ys-post-pinup\"><article class=\"loop-simple post-14319 post type-post status-publish format-standard has-post-thumbnail hentry category-horska-cyklistika tag-cross-country tag-cyklistika tag-downhill tag-fourcross tag-greg-minnaar tag-horska-cyklistika tag-horska-kola tag-nino-schurter tag-tomas-slavik global-categories-cycling\" data-postid=\"14319\" role=\"article\" data-post-id=\"14319\" data-word-count=\"409\" data-headline-length=\"75\" data-category=\"Horsk\u00e1 cyklistika\" data-global-category=\"Cycling\" data-author=\"Jan Kr\u016fta\" data-published=\"2021-09-05T19:00:33+02:00\" data-published-day=\"Sunday\">\n    <div class=\"entry-thumbnail article-thumbnail\" content=\"https:\/\/d2p6e6u75xmxt8.cloudfront.net\/13\/2021\/09\/WLC_MS-MTB_10-zlato-medaile-150x150.webp\"><a href=\"https:\/\/www.welovecycling.com\/cs\/2021\/09\/05\/kdyz-radi-matadori-i-na-prahu-ctyricitky-lze-ziskat-duhovy-dres\/\" class=\"image-holder\" target=\"_self\"><img decoding=\"async\" loading=\"lazy\" class=\"\" src=\"https:\/\/d2p6e6u75xmxt8.cloudfront.net\/13\/2021\/09\/WLC_MS-MTB_10-zlato-medaile-1024x683.webp\" srcset=\"https:\/\/d2p6e6u75xmxt8.cloudfront.net\/13\/2021\/09\/WLC_MS-MTB_10-zlato-medaile.webp 1600w, https:\/\/d2p6e6u75xmxt8.cloudfront.net\/13\/2021\/09\/WLC_MS-MTB_10-zlato-medaile-300x200.webp 300w, https:\/\/d2p6e6u75xmxt8.cloudfront.net\/13\/2021\/09\/WLC_MS-MTB_10-zlato-medaile-1024x683.webp 1024w, https:\/\/d2p6e6u75xmxt8.cloudfront.net\/13\/2021\/09\/WLC_MS-MTB_10-zlato-medaile-768x512.webp 768w, https:\/\/d2p6e6u75xmxt8.cloudfront.net\/13\/2021\/09\/WLC_MS-MTB_10-zlato-medaile-1536x1024.webp 1536w, https:\/\/d2p6e6u75xmxt8.cloudfront.net\/13\/2021\/09\/WLC_MS-MTB_10-zlato-medaile-272x182.webp 272w\" width=\"1024\" height=\"683\" sizes=\"auto, (min-width: 1200px) 300px, (min-width: 768px) 25vw, 100vw\" alt=\"kdyz-radi-matadori-i-na-prahu-ctyricitky-lze-ziskat-duhovy-dres\"\/><\/a><\/div>    <div class=\"entry-meta\">\n        <a class=\"label label-secondary post-category\" href=\"https:\/\/www.welovecycling.com\/cs\/category\/horska-cyklistika\/\" title=\"Horsk\u00e1 cyklistika\">Horsk\u00e1 cyklistika<\/a>\n    <\/div>\n    <div class=\"entry-details\">\n        <a href=\"https:\/\/www.welovecycling.com\/cs\/2021\/09\/05\/kdyz-radi-matadori-i-na-prahu-ctyricitky-lze-ziskat-duhovy-dres\/\" class='entry-title-wrapper'>\n            <h3 class=\"entry-title\"><span>Kdy\u017e \u0159\u00e1d\u00ed matado\u0159i. I na prahu \u010dty\u0159ic\u00edtky lze z\u00edskat duhov\u00fd dres!<\/span><\/h3>\n        <\/a>\n    <\/div>\n    <\/article>\n<\/div>\n<h2><strong>Va\u0161\u00ed prioritou je hlavn\u011b bikros. Jak\u00e9ho v\u00fdsledku si nejv\u00edc cen\u00edte?<\/strong><\/h2>\n<p>V kategorii do \u0161estn\u00e1cti let jsem mistryn\u011b Evropy a byla jsem \u010dtvrt\u00e1 na mistrovstv\u00ed sv\u011bta. Te\u010f jsem prvn\u00edm rokem v kategorii elite a je to \u0161\u00edlen\u00fd skok, tak\u017ee v\u00fdsledky zat\u00edm nejsou nic moc. Je to \u00fapln\u011b jin\u00e1 \u00farove\u0148, mus\u00edm j\u00edt kr\u016f\u010dek po kr\u016f\u010dku. Je b\u011b\u017en\u00e9, \u017ee ne\u017e se v elit\u011b za\u010dnou zaj\u00ed\u017ed\u011bt n\u011bjak\u00e9 v\u00fdsledky, trv\u00e1 to dva a\u017e t\u0159i roky. Pot\u0159ebuju z\u00edskat v\u011bt\u0161\u00ed s\u00edlu i zlep\u0161it techniku.<\/p>\n<h2><strong>Chcete d\u00e1l kombinovat bikros i fourcross?<\/strong><\/h2>\n<p>Ur\u010dit\u011b. Tr\u00e9ninky jsou na to skoro stejn\u00e9, nevid\u00edm v\u00a0tom \u017e\u00e1dn\u00fd probl\u00e9m. Ale letos u\u017e asi pojedu jen bikrosy: je\u0161t\u011b m\u011b \u010dek\u00e1 mistrovstv\u00ed republiky a Sv\u011btov\u00fd poh\u00e1r.<\/p>\n<figure id=\"attachment_14380\" aria-describedby=\"caption-attachment-14380\" style=\"width: 1200px\" class=\"wp-caption alignnone\"><a href=\"https:\/\/d2p6e6u75xmxt8.cloudfront.net\/13\/2021\/09\/hajkova-cerveny-3.jpg\"><img loading=\"lazy\" decoding=\"async\" class=\"size-full wp-image-14380\" src=\"https:\/\/d2p6e6u75xmxt8.cloudfront.net\/13\/2021\/09\/hajkova-cerveny-3.jpg\" alt=\"Michaela H\u00e1jkov\u00e1 se zlatou medail\u00ed z mistrovstv\u00ed sv\u011bta ve Val di Sole.\" width=\"1200\" height=\"1500\" \/><\/a><figcaption id=\"caption-attachment-14380\" class=\"wp-caption-text\"><em>Michaela H\u00e1jkov\u00e1 se zlatou medail\u00ed z mistrovstv\u00ed sv\u011bta ve Val di Sole.<\/em><\/figcaption><\/figure>\n<h2><strong>Doma berete jen titul? Cokoliv jin\u00e9ho je pro mistryni sv\u011bta ve fourcrossu zklam\u00e1n\u00ed?<\/strong><\/h2>\n<p>Jsem sp\u00ed\u0161 dvojka ze Eli\u0161kou Bartu\u0148kovou. Ale m\u00e1me to mezi sebou tak, \u017ee se ob\u011b dok\u00e1\u017eeme porazit. Z\u00e1le\u017e\u00ed, jak to kter\u00e9 v\u00a0danou chv\u00edli sedne.<\/p>\n<h2><strong>Co olympi\u00e1da v\u00a0BMX za t\u0159i roky v\u00a0Pa\u0159\u00ed\u017ei? Je re\u00e1ln\u00e9, \u017ee tam \u010desk\u00fd \u017eensk\u00fd bikros bude m\u00edt zastoupen\u00ed?<\/strong><\/h2>\n<p>Bylo by to skv\u011bl\u00e9. Olympi\u00e1da je z\u00a0m\u00e9ho pohledu \u00fapln\u011b nejv\u00edc. Pokus\u00edme se vyjet co nejv\u00edc bod\u016f a mysl\u00edm si, \u017ee bychom v\u00a0olympijsk\u00e9m z\u00e1vod\u011b jedno m\u00edsto vybojovat mohly.<\/p>\n<h2><strong>Co v\u00e1s napl\u0148uje mimo z\u00e1vody? Studujete je\u0161t\u011b?<\/strong><\/h2>\n<p>Pr\u00e1v\u011b za\u010d\u00edn\u00e1m studium na vysok\u00e9 \u0161kole v\u00a0Praze, st\u011bhuju se na kolej, proto\u017ee bydl\u00edm kousek od Brna. Je to sportovka, tak\u017ee budu m\u00edt \u010das na tr\u00e9nov\u00e1n\u00ed a budou m\u011b pou\u0161t\u011bt na z\u00e1vody.<\/p>\n<div class=\"shortcode-ys-post-pinup\"><article class=\"loop-simple post-14190 post type-post status-publish format-standard has-post-thumbnail hentry category-letape-czech-republic category-silnicni-cyklistika tag-cyklistika tag-daniel-turek tag-jiri-jezek tag-letape-czech-republic tag-letape-czech-republic-by-tour-de-france-2021 tag-martina-sablikova tag-silnicni-cyklistika tag-tour-de-france global-categories-cycling\" data-postid=\"14190\" role=\"article\" data-post-id=\"14190\" data-word-count=\"329\" data-headline-length=\"99\" data-category=\"L&#039;Etape Czech Republic\" data-global-category=\"Cycling\" data-author=\"We Love Cycling\" data-published=\"2021-08-29T22:00:08+02:00\" data-published-day=\"Sunday\">\n    <div class=\"entry-thumbnail article-thumbnail\" content=\"https:\/\/d2p6e6u75xmxt8.cloudfront.net\/13\/2021\/08\/WLC-etape-0I4A5302-150x150.webp\"><a href=\"https:\/\/www.welovecycling.com\/cs\/2021\/08\/29\/fotogalerie-letape-czech-republic-by-tour-de-france-2021-kdyz-jsou-cykliste-pany-silnice\/\" class=\"image-holder\" target=\"_self\"><img decoding=\"async\" loading=\"lazy\" class=\"\" src=\"https:\/\/d2p6e6u75xmxt8.cloudfront.net\/13\/2021\/08\/WLC-etape-0I4A5302-1024x683.webp\" srcset=\"https:\/\/d2p6e6u75xmxt8.cloudfront.net\/13\/2021\/08\/WLC-etape-0I4A5302.webp 2079w, https:\/\/d2p6e6u75xmxt8.cloudfront.net\/13\/2021\/08\/WLC-etape-0I4A5302-300x200.webp 300w, https:\/\/d2p6e6u75xmxt8.cloudfront.net\/13\/2021\/08\/WLC-etape-0I4A5302-1024x683.webp 1024w, https:\/\/d2p6e6u75xmxt8.cloudfront.net\/13\/2021\/08\/WLC-etape-0I4A5302-768x512.webp 768w, https:\/\/d2p6e6u75xmxt8.cloudfront.net\/13\/2021\/08\/WLC-etape-0I4A5302-1536x1024.webp 1536w, https:\/\/d2p6e6u75xmxt8.cloudfront.net\/13\/2021\/08\/WLC-etape-0I4A5302-2048x1365.webp 2048w, https:\/\/d2p6e6u75xmxt8.cloudfront.net\/13\/2021\/08\/WLC-etape-0I4A5302-1920x1280.webp 1920w, https:\/\/d2p6e6u75xmxt8.cloudfront.net\/13\/2021\/08\/WLC-etape-0I4A5302-272x182.webp 272w, https:\/\/d2p6e6u75xmxt8.cloudfront.net\/13\/2021\/08\/WLC-etape-0I4A5302-1920x1280.webp 1920w\" width=\"1024\" height=\"683\" sizes=\"auto, (min-width: 1200px) 300px, (min-width: 768px) 25vw, 100vw\" alt=\"fotogalerie-letape-czech-republic-by-tour-de-france-2021-kdyz-jsou-cykliste-pany-silnice\"\/><\/a><\/div>    <div class=\"entry-meta\">\n        <a class=\"label label-secondary post-category\" href=\"https:\/\/www.welovecycling.com\/cs\/category\/letape-czech-republic\/\" title=\"L'Etape Czech Republic\">L'Etape Czech Republic<\/a>\n    <\/div>\n    <div class=\"entry-details\">\n        <a href=\"https:\/\/www.welovecycling.com\/cs\/2021\/08\/29\/fotogalerie-letape-czech-republic-by-tour-de-france-2021-kdyz-jsou-cykliste-pany-silnice\/\" class='entry-title-wrapper'>\n            <h3 class=\"entry-title\"><span>Fotogalerie L&#8217;Etape Czech Republic by Tour de France 2021: Kdy\u017e jsou cyklist\u00e9 p\u00e1ny silnice<\/span><\/h3>\n        <\/a>\n    <\/div>\n    <\/article>\n<\/div>\n<h2><strong>M\u00e1te zaru\u010den\u00fd zp\u016fsob relaxace a \u00fat\u011bku ze sv\u011bta kol?<\/strong><\/h2>\n<p>M\u011b moc bav\u00ed tetov\u00e1n\u00ed. U toho se par\u00e1dn\u011b odreaguju.<\/p>\n<h2><strong>Jak jste se k tetov\u00e1n\u00ed dostala?<\/strong><\/h2>\n<p>Odmali\u010dka jsem byla docela um\u011blecky zalo\u017een\u00e1, bavilo m\u011b kreslen\u00ed a u\u017e n\u011bkdy v \u0161est\u00e9 t\u0159\u00edd\u011b jsem si \u0159\u00edkala, \u017ee se kreslen\u00edm jednou budu \u017eivit. Postupn\u011b jsem do\u0161la k tomu, \u017ee bych mohla za\u010d\u00edt tetovat. Ud\u011blala jsem si rekvalifika\u010dn\u00ed tat\u00e9rsk\u00fd kurz, koupila si strojek&#8230;. Je to asi tak dva roky zp\u00e1tky. U\u010dila jsem se tetovat na ovoci, to je b\u011b\u017en\u00e1 praxe. M\u011bla jsem z\u00e1jemce z \u0159ad kamar\u00e1d\u016f, ale b\u00e1la jsem se, \u017ee n\u011bco pokaz\u00edm. Pak u\u017e ne. U\u017e jsem t\u011bch tetov\u00e1n\u00ed ud\u011blala docela dost a nikdo si nezt\u011b\u017eoval&#8230;<\/p>\n<h2><strong>Co nej\u010dast\u011bji tetujete?<\/strong><\/h2>\n<p>V\u011bt\u0161inou mi z\u00e1jemci po\u0161lou n\u011bjak\u00fd sv\u016fj n\u00e1pad, j\u00e1 si to uprav\u00edm podle sebe, nakresl\u00edm a kdy\u017e jsou s n\u00e1vrhem v pohod\u011b, vytetujeme to. M\u00e1m vlastn\u00ed styl, nejrad\u0161i d\u011bl\u00e1m jednoduch\u00e9 obr\u00e1zky, ani ne moc st\u00ednovan\u00e9.<\/p>\n<figure id=\"attachment_14241\" aria-describedby=\"caption-attachment-14241\" style=\"width: 1600px\" class=\"wp-caption alignnone\"><a href=\"https:\/\/d2p6e6u75xmxt8.cloudfront.net\/13\/2021\/08\/WLC_MS-MTB_09-slavik-hajkova.jpg\"><img loading=\"lazy\" decoding=\"async\" class=\"size-full wp-image-14241\" src=\"https:\/\/d2p6e6u75xmxt8.cloudfront.net\/13\/2021\/08\/WLC_MS-MTB_09-slavik-hajkova.jpg\" alt=\"Michaela H\u00e1jkov\u00e1 a Tom\u00e1\u0161 Slav\u00edk, dvojn\u00e1sobn\u00e1 zlat\u00e1 \u010desk\u00e1 radost.\" width=\"1600\" height=\"1067\" \/><\/a><figcaption id=\"caption-attachment-14241\" class=\"wp-caption-text\"><em>Michaela H\u00e1jkov\u00e1 a Tom\u00e1\u0161 Slav\u00edk, dvojn\u00e1sobn\u00e1 zlat\u00e1 \u010desk\u00e1 radost na mistrovstv\u00ed sv\u011bta ve Val di Sole.<\/em><\/figcaption><\/figure>\n<h2><strong>\u0158\u00edk\u00e1 se, \u017ee dobr\u00fd tat\u00e9r se pozn\u00e1 i podle toho, kolik m\u00e1 na sob\u011b tetov\u00e1n\u00ed on s\u00e1m\u2026 Kolik jich m\u00e1te vy?<\/strong><\/h2>\n<p>Zat\u00edm jen jedno mal\u00e9, ale po\u010d\u00edt\u00e1m, \u017ee jich bude v\u00edc. M\u00e1m p\u00e1r tat\u00e9r\u016f, ke kter\u00fdm vzhl\u00ed\u017e\u00edm, a ur\u010dit\u011b si nech\u00e1m ud\u011blat n\u011bco od jednoho z\u00a0nich.<\/p>\n<h2><strong>Kolik tetov\u00e1n\u00ed zvl\u00e1dnete t\u0159eba za m\u011bs\u00edc?<\/strong><\/h2>\n<p>Z\u00e1le\u017e\u00ed, kolik m\u00e1m \u010dasu a z\u00e1vod\u016f. N\u011bkdy t\u0159eba jen dv\u011b za m\u011bs\u00edc, n\u011bkdy i osm za t\u00fdden. Tetovala jsem i p\u00e1r bikrosa\u0159\u016f.<\/p>\n<h2><strong>Jak\u00e9 m\u00e1te s\u00a0tetov\u00e1n\u00edm dal\u0161\u00ed pl\u00e1ny?<\/strong><\/h2>\n<p>Samoz\u0159ejm\u011b v\u00a0n\u011bm chci pokra\u010dovat. A jednou bych to r\u00e1da d\u011blala jako zam\u011bstn\u00e1n\u00ed.<\/p>\n","protected":false},"excerpt":{"rendered":"<p>\u0160okovala sv\u011bt triumfem v italsk\u00e9m Val di Sole. Devaten\u00e1ctilet\u00e1 Michaela H\u00e1jkov\u00e1, kter\u00e1 se v\u011bnuje hlavn\u011b bikrosu, z\u00edskala p\u0159i premi\u00e9\u0159e na [&hellip;]<\/p>\n","protected":false},"author":138,"featured_media":14382,"comment_status":"open","ping_status":"open","sticky":false,"template":"","format":"standard","meta":{"footnotes":""},"categories":[11,10],"tags":[1842,126,611,56,1825,1154,1841,1826,43],"global-categories":[411],"class_list":["post-14377","post","type-post","status-publish","format-standard","has-post-thumbnail","hentry","category-horska-cyklistika","category-silnicni-cyklistika","tag-bikros","tag-cyklistika","tag-fourcross","tag-horska-cyklistika","tag-michaela-hajkova","tag-mistrovstvi-sveta","tag-tetovani","tag-val-di-sole","tag-zeny","global-categories-cycling"],"yoast_head":"<!-- This site is optimized with the Yoast SEO Premium plugin v25.3 (Yoast SEO v25.9) - https:\/\/yoast.com\/wordpress\/plugins\/seo\/ -->\n<title>Mistryn\u011b sv\u011bta ve fourcrossu Michaela H\u00e1jkov\u00e1 sn\u00ed o olympi\u00e1d\u011b: A jednou se chci \u017eivit jako tat\u00e9rka! | \u0160koda We Love Cycling - \u010cesk\u00e1 republika<\/title>\n<meta name=\"description\" content=\"\u0160okuj\u00edc\u00ed triumf. Michaela H\u00e1jkov\u00e1 z\u00edskala na mistrovstv\u00ed sv\u011bta v devaten\u00e1cti letech titul \u0161ampionky ve fourcrossu!\" \/>\n<meta name=\"robots\" content=\"index, follow, max-snippet:-1, max-image-preview:large, max-video-preview:-1\" \/>\n<link rel=\"canonical\" href=\"https:\/\/www.welovecycling.com\/cs\/2021\/09\/09\/mistryne-sveta-ve-fourcrossu-michaela-hajkova-sni-o-olympiade-a-jednou-se-chci-zivit-jako-taterka\/\" \/>\n<meta property=\"og:locale\" content=\"cs_CZ\" \/>\n<meta property=\"og:type\" content=\"article\" \/>\n<meta property=\"og:title\" content=\"Mistryn\u011b sv\u011bta ve fourcrossu Michaela H\u00e1jkov\u00e1 sn\u00ed o olympi\u00e1d\u011b: A jednou se chci \u017eivit jako tat\u00e9rka!\" \/>\n<meta property=\"og:description\" content=\"\u0160okuj\u00edc\u00ed triumf. Michaela H\u00e1jkov\u00e1 z\u00edskala na mistrovstv\u00ed sv\u011bta v devaten\u00e1cti letech titul \u0161ampionky ve fourcrossu!\" \/>\n<meta property=\"og:url\" content=\"https:\/\/www.welovecycling.com\/cs\/2021\/09\/09\/mistryne-sveta-ve-fourcrossu-michaela-hajkova-sni-o-olympiade-a-jednou-se-chci-zivit-jako-taterka\/\" \/>\n<meta property=\"og:site_name\" content=\"\u0160koda We Love Cycling - \u010cesk\u00e1 republika\" \/>\n<meta property=\"article:published_time\" content=\"2021-09-09T14:00:10+00:00\" \/>\n<meta property=\"article:modified_time\" content=\"2021-09-09T19:32:04+00:00\" \/>\n<meta property=\"og:image\" content=\"https:\/\/d2p6e6u75xmxt8.cloudfront.net\/13\/2021\/09\/Hajkova-cerveny.webp\" \/>\n\t<meta property=\"og:image:width\" content=\"1600\" \/>\n\t<meta property=\"og:image:height\" content=\"1067\" \/>\n\t<meta property=\"og:image:type\" content=\"image\/webp\" \/>\n<meta name=\"author\" content=\"radekmalina\" \/>\n<meta name=\"twitter:card\" content=\"summary_large_image\" \/>\n<meta name=\"twitter:label1\" content=\"Written by\" \/>\n\t<meta name=\"twitter:data1\" content=\"We Love Cycling\" \/>\n\t<meta name=\"twitter:label2\" content=\"Est. reading time\" \/>\n\t<meta name=\"twitter:data2\" content=\"5\" \/>\n<script type=\"application\/ld+json\" class=\"yoast-schema-graph\">{\"@context\":\"https:\/\/schema.org\",\"@graph\":[{\"@type\":\"WebPage\",\"@id\":\"https:\/\/www.welovecycling.com\/cs\/2021\/09\/09\/mistryne-sveta-ve-fourcrossu-michaela-hajkova-sni-o-olympiade-a-jednou-se-chci-zivit-jako-taterka\/\",\"url\":\"https:\/\/www.welovecycling.com\/cs\/2021\/09\/09\/mistryne-sveta-ve-fourcrossu-michaela-hajkova-sni-o-olympiade-a-jednou-se-chci-zivit-jako-taterka\/\",\"name\":\"Mistryn\u011b sv\u011bta ve fourcrossu Michaela H\u00e1jkov\u00e1 sn\u00ed o olympi\u00e1d\u011b: A jednou se chci \u017eivit jako tat\u00e9rka! | \u0160koda We Love Cycling - \u010cesk\u00e1 republika\",\"isPartOf\":{\"@id\":\"https:\/\/www.welovecycling.com\/cs\/#website\"},\"primaryImageOfPage\":{\"@id\":\"https:\/\/www.welovecycling.com\/cs\/2021\/09\/09\/mistryne-sveta-ve-fourcrossu-michaela-hajkova-sni-o-olympiade-a-jednou-se-chci-zivit-jako-taterka\/#primaryimage\"},\"image\":{\"@id\":\"https:\/\/www.welovecycling.com\/cs\/2021\/09\/09\/mistryne-sveta-ve-fourcrossu-michaela-hajkova-sni-o-olympiade-a-jednou-se-chci-zivit-jako-taterka\/#primaryimage\"},\"thumbnailUrl\":\"https:\/\/d2p6e6u75xmxt8.cloudfront.net\/13\/2021\/09\/Hajkova-cerveny.webp\",\"datePublished\":\"2021-09-09T14:00:10+00:00\",\"dateModified\":\"2021-09-09T19:32:04+00:00\",\"author\":{\"@id\":\"https:\/\/www.welovecycling.com\/cs\/#\/schema\/person\/d9eeb0a378f3a7e4a6d12d2b536b04b8\"},\"description\":\"\u0160okuj\u00edc\u00ed triumf. Michaela H\u00e1jkov\u00e1 z\u00edskala na mistrovstv\u00ed sv\u011bta v devaten\u00e1cti letech titul \u0161ampionky ve fourcrossu!\",\"inLanguage\":\"cs\",\"potentialAction\":[{\"@type\":\"ReadAction\",\"target\":[\"https:\/\/www.welovecycling.com\/cs\/2021\/09\/09\/mistryne-sveta-ve-fourcrossu-michaela-hajkova-sni-o-olympiade-a-jednou-se-chci-zivit-jako-taterka\/\"]}]},{\"@type\":\"ImageObject\",\"inLanguage\":\"cs\",\"@id\":\"https:\/\/www.welovecycling.com\/cs\/2021\/09\/09\/mistryne-sveta-ve-fourcrossu-michaela-hajkova-sni-o-olympiade-a-jednou-se-chci-zivit-jako-taterka\/#primaryimage\",\"url\":\"https:\/\/d2p6e6u75xmxt8.cloudfront.net\/13\/2021\/09\/Hajkova-cerveny.webp\",\"contentUrl\":\"https:\/\/d2p6e6u75xmxt8.cloudfront.net\/13\/2021\/09\/Hajkova-cerveny.webp\",\"width\":1600,\"height\":1067},{\"@type\":\"WebSite\",\"@id\":\"https:\/\/www.welovecycling.com\/cs\/#website\",\"url\":\"https:\/\/www.welovecycling.com\/cs\/\",\"name\":\"\u0160koda We Love Cycling - \u010cesk\u00e1 republika\",\"description\":\"WeLoveCycling.cz je online magaz\u00edn, kter\u00fd v\u00e1m pravideln\u011b p\u0159in\u00e1\u0161\u00ed rady a tipy, zaj\u00edmav\u00e9 \u010dl\u00e1nky, videa a jedine\u010dn\u00e9 report\u00e1\u017ee ze sv\u011bta cyklistiky.\",\"potentialAction\":[{\"@type\":\"SearchAction\",\"target\":{\"@type\":\"EntryPoint\",\"urlTemplate\":\"https:\/\/www.welovecycling.com\/cs\/?s={search_term_string}\"},\"query-input\":{\"@type\":\"PropertyValueSpecification\",\"valueRequired\":true,\"valueName\":\"search_term_string\"}}],\"inLanguage\":\"cs\"},{\"@type\":\"Person\",\"@id\":\"https:\/\/www.welovecycling.com\/cs\/#\/schema\/person\/d9eeb0a378f3a7e4a6d12d2b536b04b8\",\"name\":\"radekmalina\",\"image\":{\"@type\":\"ImageObject\",\"inLanguage\":\"cs\",\"@id\":\"https:\/\/www.welovecycling.com\/cs\/#\/schema\/person\/image\/\",\"url\":\"https:\/\/secure.gravatar.com\/avatar\/66994b632cb8c39a46b9f54afa3ae07201b678d32a54275b6f1c9ffec356bfc0?s=96&d=mm&r=g\",\"contentUrl\":\"https:\/\/secure.gravatar.com\/avatar\/66994b632cb8c39a46b9f54afa3ae07201b678d32a54275b6f1c9ffec356bfc0?s=96&d=mm&r=g\",\"caption\":\"radekmalina\"},\"url\":\"https:\/\/www.welovecycling.com\/cs\/author\/radekmalina\/\"}]}<\/script>\n<!-- \/ Yoast SEO Premium plugin. -->","yoast_head_json":{"title":"Mistryn\u011b sv\u011bta ve fourcrossu Michaela H\u00e1jkov\u00e1 sn\u00ed o olympi\u00e1d\u011b: A jednou se chci \u017eivit jako tat\u00e9rka! | \u0160koda We Love Cycling - \u010cesk\u00e1 republika","description":"\u0160okuj\u00edc\u00ed triumf. Michaela H\u00e1jkov\u00e1 z\u00edskala na mistrovstv\u00ed sv\u011bta v devaten\u00e1cti letech titul \u0161ampionky ve fourcrossu!","robots":{"index":"index","follow":"follow","max-snippet":"max-snippet:-1","max-image-preview":"max-image-preview:large","max-video-preview":"max-video-preview:-1"},"canonical":"https:\/\/www.welovecycling.com\/cs\/2021\/09\/09\/mistryne-sveta-ve-fourcrossu-michaela-hajkova-sni-o-olympiade-a-jednou-se-chci-zivit-jako-taterka\/","og_locale":"cs_CZ","og_type":"article","og_title":"Mistryn\u011b sv\u011bta ve fourcrossu Michaela H\u00e1jkov\u00e1 sn\u00ed o olympi\u00e1d\u011b: A jednou se chci \u017eivit jako tat\u00e9rka!","og_description":"\u0160okuj\u00edc\u00ed triumf. Michaela H\u00e1jkov\u00e1 z\u00edskala na mistrovstv\u00ed sv\u011bta v devaten\u00e1cti letech titul \u0161ampionky ve fourcrossu!","og_url":"https:\/\/www.welovecycling.com\/cs\/2021\/09\/09\/mistryne-sveta-ve-fourcrossu-michaela-hajkova-sni-o-olympiade-a-jednou-se-chci-zivit-jako-taterka\/","og_site_name":"\u0160koda We Love Cycling - \u010cesk\u00e1 republika","article_published_time":"2021-09-09T14:00:10+00:00","article_modified_time":"2021-09-09T19:32:04+00:00","og_image":[{"width":1600,"height":1067,"url":"https:\/\/d2p6e6u75xmxt8.cloudfront.net\/13\/2021\/09\/Hajkova-cerveny.webp","type":"image\/webp"}],"author":"radekmalina","twitter_card":"summary_large_image","twitter_misc":{"Written by":"We Love Cycling","Est. reading time":"5"},"schema":{"@context":"https:\/\/schema.org","@graph":[{"@type":"WebPage","@id":"https:\/\/www.welovecycling.com\/cs\/2021\/09\/09\/mistryne-sveta-ve-fourcrossu-michaela-hajkova-sni-o-olympiade-a-jednou-se-chci-zivit-jako-taterka\/","url":"https:\/\/www.welovecycling.com\/cs\/2021\/09\/09\/mistryne-sveta-ve-fourcrossu-michaela-hajkova-sni-o-olympiade-a-jednou-se-chci-zivit-jako-taterka\/","name":"Mistryn\u011b sv\u011bta ve fourcrossu Michaela H\u00e1jkov\u00e1 sn\u00ed o olympi\u00e1d\u011b: A jednou se chci \u017eivit jako tat\u00e9rka! | \u0160koda We Love Cycling - \u010cesk\u00e1 republika","isPartOf":{"@id":"https:\/\/www.welovecycling.com\/cs\/#website"},"primaryImageOfPage":{"@id":"https:\/\/www.welovecycling.com\/cs\/2021\/09\/09\/mistryne-sveta-ve-fourcrossu-michaela-hajkova-sni-o-olympiade-a-jednou-se-chci-zivit-jako-taterka\/#primaryimage"},"image":{"@id":"https:\/\/www.welovecycling.com\/cs\/2021\/09\/09\/mistryne-sveta-ve-fourcrossu-michaela-hajkova-sni-o-olympiade-a-jednou-se-chci-zivit-jako-taterka\/#primaryimage"},"thumbnailUrl":"https:\/\/d2p6e6u75xmxt8.cloudfront.net\/13\/2021\/09\/Hajkova-cerveny.webp","datePublished":"2021-09-09T14:00:10+00:00","dateModified":"2021-09-09T19:32:04+00:00","author":{"@id":"https:\/\/www.welovecycling.com\/cs\/#\/schema\/person\/d9eeb0a378f3a7e4a6d12d2b536b04b8"},"description":"\u0160okuj\u00edc\u00ed triumf. Michaela H\u00e1jkov\u00e1 z\u00edskala na mistrovstv\u00ed sv\u011bta v devaten\u00e1cti letech titul \u0161ampionky ve fourcrossu!","inLanguage":"cs","potentialAction":[{"@type":"ReadAction","target":["https:\/\/www.welovecycling.com\/cs\/2021\/09\/09\/mistryne-sveta-ve-fourcrossu-michaela-hajkova-sni-o-olympiade-a-jednou-se-chci-zivit-jako-taterka\/"]}]},{"@type":"ImageObject","inLanguage":"cs","@id":"https:\/\/www.welovecycling.com\/cs\/2021\/09\/09\/mistryne-sveta-ve-fourcrossu-michaela-hajkova-sni-o-olympiade-a-jednou-se-chci-zivit-jako-taterka\/#primaryimage","url":"https:\/\/d2p6e6u75xmxt8.cloudfront.net\/13\/2021\/09\/Hajkova-cerveny.webp","contentUrl":"https:\/\/d2p6e6u75xmxt8.cloudfront.net\/13\/2021\/09\/Hajkova-cerveny.webp","width":1600,"height":1067},{"@type":"WebSite","@id":"https:\/\/www.welovecycling.com\/cs\/#website","url":"https:\/\/www.welovecycling.com\/cs\/","name":"\u0160koda We Love Cycling - \u010cesk\u00e1 republika","description":"WeLoveCycling.cz je online magaz\u00edn, kter\u00fd v\u00e1m pravideln\u011b p\u0159in\u00e1\u0161\u00ed rady a tipy, zaj\u00edmav\u00e9 \u010dl\u00e1nky, videa a jedine\u010dn\u00e9 report\u00e1\u017ee ze sv\u011bta cyklistiky.","potentialAction":[{"@type":"SearchAction","target":{"@type":"EntryPoint","urlTemplate":"https:\/\/www.welovecycling.com\/cs\/?s={search_term_string}"},"query-input":{"@type":"PropertyValueSpecification","valueRequired":true,"valueName":"search_term_string"}}],"inLanguage":"cs"},{"@type":"Person","@id":"https:\/\/www.welovecycling.com\/cs\/#\/schema\/person\/d9eeb0a378f3a7e4a6d12d2b536b04b8","name":"radekmalina","image":{"@type":"ImageObject","inLanguage":"cs","@id":"https:\/\/www.welovecycling.com\/cs\/#\/schema\/person\/image\/","url":"https:\/\/secure.gravatar.com\/avatar\/66994b632cb8c39a46b9f54afa3ae07201b678d32a54275b6f1c9ffec356bfc0?s=96&d=mm&r=g","contentUrl":"https:\/\/secure.gravatar.com\/avatar\/66994b632cb8c39a46b9f54afa3ae07201b678d32a54275b6f1c9ffec356bfc0?s=96&d=mm&r=g","caption":"radekmalina"},"url":"https:\/\/www.welovecycling.com\/cs\/author\/radekmalina\/"}]}},"_links":{"self":[{"href":"https:\/\/www.welovecycling.com\/cs\/wp-json\/wp\/v2\/posts\/14377","targetHints":{"allow":["GET"]}}],"collection":[{"href":"https:\/\/www.welovecycling.com\/cs\/wp-json\/wp\/v2\/posts"}],"about":[{"href":"https:\/\/www.welovecycling.com\/cs\/wp-json\/wp\/v2\/types\/post"}],"author":[{"embeddable":true,"href":"https:\/\/www.welovecycling.com\/cs\/wp-json\/wp\/v2\/users\/138"}],"replies":[{"embeddable":true,"href":"https:\/\/www.welovecycling.com\/cs\/wp-json\/wp\/v2\/comments?post=14377"}],"version-history":[{"count":2,"href":"https:\/\/www.welovecycling.com\/cs\/wp-json\/wp\/v2\/posts\/14377\/revisions"}],"predecessor-version":[{"id":14385,"href":"https:\/\/www.welovecycling.com\/cs\/wp-json\/wp\/v2\/posts\/14377\/revisions\/14385"}],"wp:featuredmedia":[{"embeddable":true,"href":"https:\/\/www.welovecycling.com\/cs\/wp-json\/wp\/v2\/media\/14382"}],"wp:attachment":[{"href":"https:\/\/www.welovecycling.com\/cs\/wp-json\/wp\/v2\/media?parent=14377"}],"wp:term":[{"taxonomy":"category","embeddable":true,"href":"https:\/\/www.welovecycling.com\/cs\/wp-json\/wp\/v2\/categories?post=14377"},{"taxonomy":"post_tag","embeddable":true,"href":"https:\/\/www.welovecycling.com\/cs\/wp-json\/wp\/v2\/tags?post=14377"},{"taxonomy":"global-categories","embeddable":true,"href":"https:\/\/www.welovecycling.com\/cs\/wp-json\/wp\/v2\/global-categories?post=14377"}],"curies":[{"name":"wp","href":"https:\/\/api.w.org\/{rel}","templated":true}]}}