{"id":14341,"date":"2021-09-06T20:00:22","date_gmt":"2021-09-06T18:00:22","guid":{"rendered":"https:\/\/www.welovecycling.com\/cs\/?p=14341"},"modified":"2021-09-07T09:55:51","modified_gmt":"2021-09-07T07:55:51","slug":"fotoreportaz-lenzerheide-bikova-elita-v-hajenstvi-rogera-federera","status":"publish","type":"post","link":"https:\/\/www.welovecycling.com\/cs\/2021\/09\/06\/fotoreportaz-lenzerheide-bikova-elita-v-hajenstvi-rogera-federera\/","title":{"rendered":"Fotoreport\u00e1\u017e Lenzerheide: Jolanda Neff a Nino Schurter doma na triumf nedos\u00e1hli"},"content":{"rendered":"<p><strong>\u0160okuj\u00edc\u00ed fin\u00e1le pro \u0161v\u00fdcarsk\u00e9 favority, ne\u010dekan\u00e9 rozhodnut\u00ed \u010desk\u00e9 \u017eensk\u00e9 reprezenta\u010dn\u00ed jedni\u010dky Jitky \u010c\u00e1belick\u00e9, lou\u010den\u00ed velk\u00fdch hv\u011bzd bikov\u00e9 sc\u00e9ny p\u0159ed odchodem do sportovn\u00edho d\u016fchodu&#8230; P\u0159edposledn\u00ed d\u00edl sv\u011btov\u00e9ho poh\u00e1ru horsk\u00fdch kol hostilo \u0161v\u00fdcarsk\u00e9 Lenzerheide.<\/strong><\/p>\n<p>A v jedine\u010dn\u00fdch kulis\u00e1ch byly k vid\u011bn\u00ed v\u00fdjime\u010dn\u00e9 okam\u017eiky, co\u017e dokumentuje fotoreport\u00e1\u017e Michala \u010cerven\u00e9ho.<\/p>\n<p><a href=\"https:\/\/d2p6e6u75xmxt8.cloudfront.net\/13\/2021\/09\/WC-XCO-Lenzerheide_01.jpg\"><img loading=\"lazy\" decoding=\"async\" class=\"alignnone size-full wp-image-14327\" src=\"https:\/\/d2p6e6u75xmxt8.cloudfront.net\/13\/2021\/09\/WC-XCO-Lenzerheide_01.jpg\" alt=\"\" width=\"1600\" height=\"1067\" \/><\/a><\/p>\n<p>Z\u00e1vod sv\u011btov\u00e9ho poh\u00e1ru jen n\u011bkolik m\u00e1lo dn\u016f po mistrovstv\u00ed sv\u011bta je n\u00e1ro\u010dn\u00fd jak pro z\u00e1vodn\u00edky, tak i velkou zkou\u0161kou pro mechaniky, v\u00fdrobce a lakovny. \u010cerstv\u00e1 mistryn\u011b sv\u011bta Sina Frei m\u011bla \u0161t\u011bst\u00ed a mechanici j\u00ed na dom\u00e1c\u00ed z\u00e1vod p\u0159ipravili nov\u00e9 kolo v mistrovsk\u00fdch barv\u00e1ch.<\/p>\n<p><a href=\"https:\/\/d2p6e6u75xmxt8.cloudfront.net\/13\/2021\/09\/WC-XCO-Lenzerheide_04.jpg\"><img loading=\"lazy\" decoding=\"async\" class=\"alignnone size-full wp-image-14330\" src=\"https:\/\/d2p6e6u75xmxt8.cloudfront.net\/13\/2021\/09\/WC-XCO-Lenzerheide_04.jpg\" alt=\"\" width=\"1600\" height=\"1067\" \/><\/a><br \/>\nLenzerheide je dal\u0161\u00ed z n\u00e1dhern\u00fdch m\u00edst, kam Sv\u011btov\u00fd poh\u00e1r horsk\u00fdch kol pravideln\u011b m\u00ed\u0159\u00ed.<\/p>\n<h2><strong>Evie Richards po duhov\u00e9m v\u00edt\u011bzstv\u00ed zase kralovala<\/strong><\/h2>\n<p><a href=\"https:\/\/d2p6e6u75xmxt8.cloudfront.net\/13\/2021\/09\/WC-XCO-Lenzerheide_02.jpg\"><img loading=\"lazy\" decoding=\"async\" class=\"alignnone size-full wp-image-14328\" src=\"https:\/\/d2p6e6u75xmxt8.cloudfront.net\/13\/2021\/09\/WC-XCO-Lenzerheide_02.jpg\" alt=\"\" width=\"1600\" height=\"1067\" \/><\/a><\/p>\n<p>\u017de jde o v\u00fdjime\u010dnou lokalitu potvrzuje fakt, \u017ee nad jezerem m\u00e1 svou luxusn\u00ed rezidenci i fenom\u00e9n tenisov\u00fdch kurtu Roger Federer.<\/p>\n<p><a href=\"https:\/\/d2p6e6u75xmxt8.cloudfront.net\/13\/2021\/09\/WC-XCO-Lenzerheide_03.jpg\"><img loading=\"lazy\" decoding=\"async\" class=\"alignnone size-full wp-image-14329\" src=\"https:\/\/d2p6e6u75xmxt8.cloudfront.net\/13\/2021\/09\/WC-XCO-Lenzerheide_03.jpg\" alt=\"\" width=\"1600\" height=\"1067\" \/><\/a><br \/>\nNejlep\u0161\u00ed \u010desk\u00e1 bikerka Jitka \u010c\u00e1belick\u00e1 skon\u010dila v p\u00e1te\u010dn\u00edm short tracku a\u017e jedenat\u0159ic\u00e1t\u00e1 a rozhodla se pro vy\u010derp\u00e1n\u00ed u\u017e d\u00e1le nestartovat. Sezonu ve stejn\u00fd den z toto\u017en\u00fdch d\u016fvod\u016f ukon\u010dila i Francouzka Pauline Ferrand-Pr\u00e9vot.<\/p>\n<p><a href=\"https:\/\/d2p6e6u75xmxt8.cloudfront.net\/13\/2021\/09\/WC-XCO-Lenzerheide_05.jpg\"><img loading=\"lazy\" decoding=\"async\" class=\"alignnone size-full wp-image-14331\" src=\"https:\/\/d2p6e6u75xmxt8.cloudfront.net\/13\/2021\/09\/WC-XCO-Lenzerheide_05.jpg\" alt=\"\" width=\"1600\" height=\"1067\" \/><\/a><\/p>\n<p>M\u00edstn\u00ed sjezdov\u00e1 bikeparkov\u00e1 tra\u0165 je velmi rychl\u00e1 a postarala se o dramatickou pod\u00edvanou. V\u017edy\u0165 prvn\u00ed \u010dty\u0159i z\u00e1vodn\u00edci se v\u0161ichni ve\u0161li do sedmi desetin vte\u0159iny! Brit Danny Hart nenechal v posledn\u00ed zat\u00e1\u010dce ani centimetr, p\u0159esto se na p\u00f3dium nedostal.<\/p>\n<p><a href=\"https:\/\/d2p6e6u75xmxt8.cloudfront.net\/13\/2021\/09\/WC-XCO-Lenzerheide_06.jpg\"><img loading=\"lazy\" decoding=\"async\" class=\"alignnone size-full wp-image-14332\" src=\"https:\/\/d2p6e6u75xmxt8.cloudfront.net\/13\/2021\/09\/WC-XCO-Lenzerheide_06.jpg\" alt=\"\" width=\"1600\" height=\"1067\" \/><\/a><\/p>\n<p>V\u00edt\u011bzem sjezdu se stal v t\u011bsn\u00e9m souboji Francouz Loris Vergier<\/p>\n<p><a href=\"https:\/\/d2p6e6u75xmxt8.cloudfront.net\/13\/2021\/09\/WC-XCO-Lenzerheide_07.jpg\"><img loading=\"lazy\" decoding=\"async\" class=\"alignnone size-full wp-image-14333\" src=\"https:\/\/d2p6e6u75xmxt8.cloudfront.net\/13\/2021\/09\/WC-XCO-Lenzerheide_07.jpg\" alt=\"\" width=\"1600\" height=\"1067\" \/><\/a><\/p>\n<p>\u010cesk\u00e1 t\u0159iadvac\u00edtk\u00e1\u0159ka Ad\u00e9la Holubov\u00e1 skon\u010dila na 30. m\u00edst\u011b<\/p>\n<p><a href=\"https:\/\/d2p6e6u75xmxt8.cloudfront.net\/13\/2021\/09\/WC-XCO-Lenzerheide_08.jpg\"><img loading=\"lazy\" decoding=\"async\" class=\"alignnone size-full wp-image-14334\" src=\"https:\/\/d2p6e6u75xmxt8.cloudfront.net\/13\/2021\/09\/WC-XCO-Lenzerheide_08.jpg\" alt=\"\" width=\"1600\" height=\"1067\" \/><\/a><\/p>\n<p>Modern\u00ed tra\u0165 plnou kr\u00e1tk\u00fdch stoup\u00e1n\u00ed a skok\u016f si u\u017e\u00edval i \u010desk\u00fd reprezentant\u00a0 David \u0160ulc.<\/p>\n<p><a href=\"https:\/\/d2p6e6u75xmxt8.cloudfront.net\/13\/2021\/09\/WC-XCO-Lenzerheide_09.jpg\"><img loading=\"lazy\" decoding=\"async\" class=\"alignnone size-full wp-image-14335\" src=\"https:\/\/d2p6e6u75xmxt8.cloudfront.net\/13\/2021\/09\/WC-XCO-Lenzerheide_09.jpg\" alt=\"\" width=\"1600\" height=\"1067\" \/><\/a><\/p>\n<p>Olympijsk\u00e9 v\u00edt\u011bzce z japonsk\u00e9ho Tokia Joland\u011b Neff dom\u00e1c\u00ed tra\u0165 nesed\u00ed. I letos byla od medaile daleko&#8230;<\/p>\n<p><a href=\"https:\/\/d2p6e6u75xmxt8.cloudfront.net\/13\/2021\/09\/WC-XCO-Lenzerheide_10.jpg\"><img loading=\"lazy\" decoding=\"async\" class=\"alignnone size-full wp-image-14336\" src=\"https:\/\/d2p6e6u75xmxt8.cloudfront.net\/13\/2021\/09\/WC-XCO-Lenzerheide_10.jpg\" alt=\"\" width=\"1600\" height=\"1067\" \/><\/a><\/p>\n<p>T\u00fdden po zisku duhov\u00e9ho dresu si pro dal\u0161\u00ed velk\u00e9 v\u00edt\u011bzstv\u00ed kari\u00e9ry dojela britsk\u00e1 bikerka Evie Richards.<\/p>\n<p><a href=\"https:\/\/d2p6e6u75xmxt8.cloudfront.net\/13\/2021\/09\/WC-XCO-Lenzerheide_11.jpg\"><img loading=\"lazy\" decoding=\"async\" class=\"alignnone size-full wp-image-14337\" src=\"https:\/\/d2p6e6u75xmxt8.cloudfront.net\/13\/2021\/09\/WC-XCO-Lenzerheide_11.jpg\" alt=\"\" width=\"1200\" height=\"1500\" \/><\/a><\/p>\n<p>\u010cesk\u00fd reprezenta\u010dn\u00ed biker Ond\u0159ej Cink fini\u0161oval v Lenzerheide osm\u00fd, p\u0159esto se v pr\u016fb\u011b\u017en\u00e9m po\u0159ad\u00ed udr\u017eel na druh\u00e9 p\u0159\u00ed\u010dce.<\/p>\n<p><a href=\"https:\/\/d2p6e6u75xmxt8.cloudfront.net\/13\/2021\/09\/WC-XCO-Lenzerheide_12.jpg\"><img loading=\"lazy\" decoding=\"async\" class=\"alignnone size-full wp-image-14338\" src=\"https:\/\/d2p6e6u75xmxt8.cloudfront.net\/13\/2021\/09\/WC-XCO-Lenzerheide_12.jpg\" alt=\"\" width=\"1600\" height=\"1067\" \/><\/a><\/p>\n<p>Tra\u0165 v Lenzerheide je mimo\u0159\u00e1dn\u011b technick\u00e1 a klade na z\u00e1vodn\u00edky velk\u00e9 n\u00e1roky z hlediska dovednost\u00ed&#8230;<\/p>\n<p><a href=\"https:\/\/d2p6e6u75xmxt8.cloudfront.net\/13\/2021\/09\/WC-XCO-Lenzerheide_13.jpg\"><img loading=\"lazy\" decoding=\"async\" class=\"alignnone size-full wp-image-14339\" src=\"https:\/\/d2p6e6u75xmxt8.cloudfront.net\/13\/2021\/09\/WC-XCO-Lenzerheide_13.jpg\" alt=\"\" width=\"1200\" height=\"1500\" \/><\/a><br \/>\nLenzerheide bylo hned pro n\u011bkolik z\u00e1vodn\u00edk\u016f posledn\u00edm z\u00e1vodem v kari\u00e9\u0159e. Rozlou\u010dila se sjezda\u0159ka Emilie Siegenthaler, olympijsk\u00e1 v\u00edt\u011bzka z Lond\u00fdna Julie Bresset nebo star\u0161\u00ed z bratr\u016f Fluckigerov\u00fdch, Lukas. Stylov\u011b svou derni\u00e9ru pojal Matthias Stirnemann, kter\u00fd z\u00e1vod absolvoval na star\u00e9m kole.<\/p>\n<p><a href=\"https:\/\/d2p6e6u75xmxt8.cloudfront.net\/13\/2021\/09\/WC-XCO-Lenzerheide_14.jpg\"><img loading=\"lazy\" decoding=\"async\" class=\"alignnone size-full wp-image-14340\" src=\"https:\/\/d2p6e6u75xmxt8.cloudfront.net\/13\/2021\/09\/WC-XCO-Lenzerheide_14.jpg\" alt=\"\" width=\"1600\" height=\"1067\" \/><\/a><\/p>\n<p>Dramatick\u00e1 bitva v elitn\u00edm z\u00e1vod\u011b cross country. Je\u0161t\u011b do z\u00e1v\u011bre\u010dn\u00e9ho kola naj\u00ed\u017ed\u011bla pohromad\u011b \u010dtve\u0159ice z\u00e1vodn\u00edk\u016f v\u010dele s dom\u00e1c\u00edmi Mathiasem Fluckigerem a Nino Schurterem.<\/p>\n<p><a href=\"https:\/\/d2p6e6u75xmxt8.cloudfront.net\/13\/2021\/09\/WC-XCO-Lenzerheide_15.jpg\"><img loading=\"lazy\" decoding=\"async\" class=\"alignnone size-full wp-image-14342\" src=\"https:\/\/d2p6e6u75xmxt8.cloudfront.net\/13\/2021\/09\/WC-XCO-Lenzerheide_15.jpg\" alt=\"\" width=\"1600\" height=\"1067\" \/><\/a><\/p>\n<p>Francouz Victor Koretzky dok\u00e1zal \u00fa\u0159aduj\u00edc\u00edho mistra sv\u011bta Nino Schurtera na jeho vlastn\u00ed trati porazit.<\/p>\n","protected":false},"excerpt":{"rendered":"<p>\u0160okuj\u00edc\u00ed fin\u00e1le pro \u0161v\u00fdcarsk\u00e9 favority, ne\u010dekan\u00e9 rozhodnut\u00ed \u010desk\u00e9 \u017eensk\u00e9 reprezenta\u010dn\u00ed jedni\u010dky Jitky \u010c\u00e1belick\u00e9, lou\u010den\u00ed velk\u00fdch hv\u011bzd bikov\u00e9 sc\u00e9ny p\u0159ed odchodem [&hellip;]<\/p>\n","protected":false},"author":138,"featured_media":14346,"comment_status":"open","ping_status":"open","sticky":false,"template":"","format":"standard","meta":{"footnotes":""},"categories":[11,10],"tags":[1824,1835,1838,1168,57,219,1238,1833,1837,1832,1093,205,1641,918,955,1834],"global-categories":[411],"class_list":["post-14341","post","type-post","status-publish","format-standard","has-post-thumbnail","hentry","category-horska-cyklistika","category-silnicni-cyklistika","tag-adela-holubova","tag-danny-hart","tag-david-sulc","tag-evie-richards","tag-horska-kola","tag-jitka-cabelicka","tag-jolanda-neff","tag-lenzerheide","tag-loris-vergier","tag-matthias-stirnemann","tag-nino-schurter","tag-ondrej-cink","tag-pauline-ferrand-prevot","tag-svetovy-pohar","tag-svetovy-pohar-cross-country","tag-victor-koretzky","global-categories-cycling"],"yoast_head":"<!-- This site is optimized with the Yoast SEO Premium plugin v25.3 (Yoast SEO v25.9) - https:\/\/yoast.com\/wordpress\/plugins\/seo\/ -->\n<title>Fotoreport\u00e1\u017e Lenzerheide: Jolanda Neff a Nino Schurter doma na triumf nedos\u00e1hli | \u0160koda We Love Cycling - \u010cesk\u00e1 republika<\/title>\n<meta name=\"description\" content=\"\u0160okuj\u00edc\u00ed fin\u00e1le pro \u0161v\u00fdcarsk\u00e9 favority, konec sezony Jitky \u010c\u00e1belick\u00e1. P\u0159edposledn\u00ed d\u00edl SP horsk\u00fdch kol hostilo \u0161v\u00fdcarsk\u00e9 Lenzerheide.\" \/>\n<meta name=\"robots\" content=\"index, follow, max-snippet:-1, max-image-preview:large, max-video-preview:-1\" \/>\n<link rel=\"canonical\" href=\"https:\/\/www.welovecycling.com\/cs\/2021\/09\/06\/fotoreportaz-lenzerheide-bikova-elita-v-hajenstvi-rogera-federera\/\" \/>\n<meta property=\"og:locale\" content=\"cs_CZ\" \/>\n<meta property=\"og:type\" content=\"article\" \/>\n<meta property=\"og:title\" content=\"Fotoreport\u00e1\u017e Lenzerheide: Jolanda Neff a Nino Schurter doma na triumf nedos\u00e1hli\" \/>\n<meta property=\"og:description\" content=\"\u0160okuj\u00edc\u00ed fin\u00e1le pro \u0161v\u00fdcarsk\u00e9 favority, konec sezony Jitky \u010c\u00e1belick\u00e1. P\u0159edposledn\u00ed d\u00edl SP horsk\u00fdch kol hostilo \u0161v\u00fdcarsk\u00e9 Lenzerheide.\" \/>\n<meta property=\"og:url\" content=\"https:\/\/www.welovecycling.com\/cs\/2021\/09\/06\/fotoreportaz-lenzerheide-bikova-elita-v-hajenstvi-rogera-federera\/\" \/>\n<meta property=\"og:site_name\" content=\"\u0160koda We Love Cycling - \u010cesk\u00e1 republika\" \/>\n<meta property=\"article:published_time\" content=\"2021-09-06T18:00:22+00:00\" \/>\n<meta property=\"article:modified_time\" content=\"2021-09-07T07:55:51+00:00\" \/>\n<meta property=\"og:image\" content=\"https:\/\/d2p6e6u75xmxt8.cloudfront.net\/13\/2021\/09\/sulc-wlc.webp\" \/>\n\t<meta property=\"og:image:width\" content=\"2000\" \/>\n\t<meta property=\"og:image:height\" content=\"1100\" \/>\n\t<meta property=\"og:image:type\" content=\"image\/webp\" \/>\n<meta name=\"author\" content=\"radekmalina\" \/>\n<meta name=\"twitter:card\" content=\"summary_large_image\" \/>\n<meta name=\"twitter:label1\" content=\"Written by\" \/>\n\t<meta name=\"twitter:data1\" content=\"Michal \u010cerven\u00fd\" \/>\n\t<meta name=\"twitter:label2\" content=\"Est. reading time\" \/>\n\t<meta name=\"twitter:data2\" content=\"5\" \/>\n<script type=\"application\/ld+json\" class=\"yoast-schema-graph\">{\"@context\":\"https:\/\/schema.org\",\"@graph\":[{\"@type\":\"WebPage\",\"@id\":\"https:\/\/www.welovecycling.com\/cs\/2021\/09\/06\/fotoreportaz-lenzerheide-bikova-elita-v-hajenstvi-rogera-federera\/\",\"url\":\"https:\/\/www.welovecycling.com\/cs\/2021\/09\/06\/fotoreportaz-lenzerheide-bikova-elita-v-hajenstvi-rogera-federera\/\",\"name\":\"Fotoreport\u00e1\u017e Lenzerheide: Jolanda Neff a Nino Schurter doma na triumf nedos\u00e1hli | \u0160koda We Love Cycling - \u010cesk\u00e1 republika\",\"isPartOf\":{\"@id\":\"https:\/\/www.welovecycling.com\/cs\/#website\"},\"primaryImageOfPage\":{\"@id\":\"https:\/\/www.welovecycling.com\/cs\/2021\/09\/06\/fotoreportaz-lenzerheide-bikova-elita-v-hajenstvi-rogera-federera\/#primaryimage\"},\"image\":{\"@id\":\"https:\/\/www.welovecycling.com\/cs\/2021\/09\/06\/fotoreportaz-lenzerheide-bikova-elita-v-hajenstvi-rogera-federera\/#primaryimage\"},\"thumbnailUrl\":\"https:\/\/d2p6e6u75xmxt8.cloudfront.net\/13\/2021\/09\/sulc-wlc.webp\",\"datePublished\":\"2021-09-06T18:00:22+00:00\",\"dateModified\":\"2021-09-07T07:55:51+00:00\",\"author\":{\"@id\":\"https:\/\/www.welovecycling.com\/cs\/#\/schema\/person\/d9eeb0a378f3a7e4a6d12d2b536b04b8\"},\"description\":\"\u0160okuj\u00edc\u00ed fin\u00e1le pro \u0161v\u00fdcarsk\u00e9 favority, konec sezony Jitky \u010c\u00e1belick\u00e1. P\u0159edposledn\u00ed d\u00edl SP horsk\u00fdch kol hostilo \u0161v\u00fdcarsk\u00e9 Lenzerheide.\",\"inLanguage\":\"cs\",\"potentialAction\":[{\"@type\":\"ReadAction\",\"target\":[\"https:\/\/www.welovecycling.com\/cs\/2021\/09\/06\/fotoreportaz-lenzerheide-bikova-elita-v-hajenstvi-rogera-federera\/\"]}]},{\"@type\":\"ImageObject\",\"inLanguage\":\"cs\",\"@id\":\"https:\/\/www.welovecycling.com\/cs\/2021\/09\/06\/fotoreportaz-lenzerheide-bikova-elita-v-hajenstvi-rogera-federera\/#primaryimage\",\"url\":\"https:\/\/d2p6e6u75xmxt8.cloudfront.net\/13\/2021\/09\/sulc-wlc.webp\",\"contentUrl\":\"https:\/\/d2p6e6u75xmxt8.cloudfront.net\/13\/2021\/09\/sulc-wlc.webp\",\"width\":2000,\"height\":1100},{\"@type\":\"WebSite\",\"@id\":\"https:\/\/www.welovecycling.com\/cs\/#website\",\"url\":\"https:\/\/www.welovecycling.com\/cs\/\",\"name\":\"\u0160koda We Love Cycling - \u010cesk\u00e1 republika\",\"description\":\"WeLoveCycling.cz je online magaz\u00edn, kter\u00fd v\u00e1m pravideln\u011b p\u0159in\u00e1\u0161\u00ed rady a tipy, zaj\u00edmav\u00e9 \u010dl\u00e1nky, videa a jedine\u010dn\u00e9 report\u00e1\u017ee ze sv\u011bta cyklistiky.\",\"potentialAction\":[{\"@type\":\"SearchAction\",\"target\":{\"@type\":\"EntryPoint\",\"urlTemplate\":\"https:\/\/www.welovecycling.com\/cs\/?s={search_term_string}\"},\"query-input\":{\"@type\":\"PropertyValueSpecification\",\"valueRequired\":true,\"valueName\":\"search_term_string\"}}],\"inLanguage\":\"cs\"},{\"@type\":\"Person\",\"@id\":\"https:\/\/www.welovecycling.com\/cs\/#\/schema\/person\/d9eeb0a378f3a7e4a6d12d2b536b04b8\",\"name\":\"radekmalina\",\"image\":{\"@type\":\"ImageObject\",\"inLanguage\":\"cs\",\"@id\":\"https:\/\/www.welovecycling.com\/cs\/#\/schema\/person\/image\/\",\"url\":\"https:\/\/secure.gravatar.com\/avatar\/66994b632cb8c39a46b9f54afa3ae07201b678d32a54275b6f1c9ffec356bfc0?s=96&d=mm&r=g\",\"contentUrl\":\"https:\/\/secure.gravatar.com\/avatar\/66994b632cb8c39a46b9f54afa3ae07201b678d32a54275b6f1c9ffec356bfc0?s=96&d=mm&r=g\",\"caption\":\"radekmalina\"},\"url\":\"https:\/\/www.welovecycling.com\/cs\/author\/radekmalina\/\"}]}<\/script>\n<!-- \/ Yoast SEO Premium plugin. -->","yoast_head_json":{"title":"Fotoreport\u00e1\u017e Lenzerheide: Jolanda Neff a Nino Schurter doma na triumf nedos\u00e1hli | \u0160koda We Love Cycling - \u010cesk\u00e1 republika","description":"\u0160okuj\u00edc\u00ed fin\u00e1le pro \u0161v\u00fdcarsk\u00e9 favority, konec sezony Jitky \u010c\u00e1belick\u00e1. P\u0159edposledn\u00ed d\u00edl SP horsk\u00fdch kol hostilo \u0161v\u00fdcarsk\u00e9 Lenzerheide.","robots":{"index":"index","follow":"follow","max-snippet":"max-snippet:-1","max-image-preview":"max-image-preview:large","max-video-preview":"max-video-preview:-1"},"canonical":"https:\/\/www.welovecycling.com\/cs\/2021\/09\/06\/fotoreportaz-lenzerheide-bikova-elita-v-hajenstvi-rogera-federera\/","og_locale":"cs_CZ","og_type":"article","og_title":"Fotoreport\u00e1\u017e Lenzerheide: Jolanda Neff a Nino Schurter doma na triumf nedos\u00e1hli","og_description":"\u0160okuj\u00edc\u00ed fin\u00e1le pro \u0161v\u00fdcarsk\u00e9 favority, konec sezony Jitky \u010c\u00e1belick\u00e1. P\u0159edposledn\u00ed d\u00edl SP horsk\u00fdch kol hostilo \u0161v\u00fdcarsk\u00e9 Lenzerheide.","og_url":"https:\/\/www.welovecycling.com\/cs\/2021\/09\/06\/fotoreportaz-lenzerheide-bikova-elita-v-hajenstvi-rogera-federera\/","og_site_name":"\u0160koda We Love Cycling - \u010cesk\u00e1 republika","article_published_time":"2021-09-06T18:00:22+00:00","article_modified_time":"2021-09-07T07:55:51+00:00","og_image":[{"width":2000,"height":1100,"url":"https:\/\/d2p6e6u75xmxt8.cloudfront.net\/13\/2021\/09\/sulc-wlc.webp","type":"image\/webp"}],"author":"radekmalina","twitter_card":"summary_large_image","twitter_misc":{"Written by":"Michal \u010cerven\u00fd","Est. reading time":"5"},"schema":{"@context":"https:\/\/schema.org","@graph":[{"@type":"WebPage","@id":"https:\/\/www.welovecycling.com\/cs\/2021\/09\/06\/fotoreportaz-lenzerheide-bikova-elita-v-hajenstvi-rogera-federera\/","url":"https:\/\/www.welovecycling.com\/cs\/2021\/09\/06\/fotoreportaz-lenzerheide-bikova-elita-v-hajenstvi-rogera-federera\/","name":"Fotoreport\u00e1\u017e Lenzerheide: Jolanda Neff a Nino Schurter doma na triumf nedos\u00e1hli | \u0160koda We Love Cycling - \u010cesk\u00e1 republika","isPartOf":{"@id":"https:\/\/www.welovecycling.com\/cs\/#website"},"primaryImageOfPage":{"@id":"https:\/\/www.welovecycling.com\/cs\/2021\/09\/06\/fotoreportaz-lenzerheide-bikova-elita-v-hajenstvi-rogera-federera\/#primaryimage"},"image":{"@id":"https:\/\/www.welovecycling.com\/cs\/2021\/09\/06\/fotoreportaz-lenzerheide-bikova-elita-v-hajenstvi-rogera-federera\/#primaryimage"},"thumbnailUrl":"https:\/\/d2p6e6u75xmxt8.cloudfront.net\/13\/2021\/09\/sulc-wlc.webp","datePublished":"2021-09-06T18:00:22+00:00","dateModified":"2021-09-07T07:55:51+00:00","author":{"@id":"https:\/\/www.welovecycling.com\/cs\/#\/schema\/person\/d9eeb0a378f3a7e4a6d12d2b536b04b8"},"description":"\u0160okuj\u00edc\u00ed fin\u00e1le pro \u0161v\u00fdcarsk\u00e9 favority, konec sezony Jitky \u010c\u00e1belick\u00e1. P\u0159edposledn\u00ed d\u00edl SP horsk\u00fdch kol hostilo \u0161v\u00fdcarsk\u00e9 Lenzerheide.","inLanguage":"cs","potentialAction":[{"@type":"ReadAction","target":["https:\/\/www.welovecycling.com\/cs\/2021\/09\/06\/fotoreportaz-lenzerheide-bikova-elita-v-hajenstvi-rogera-federera\/"]}]},{"@type":"ImageObject","inLanguage":"cs","@id":"https:\/\/www.welovecycling.com\/cs\/2021\/09\/06\/fotoreportaz-lenzerheide-bikova-elita-v-hajenstvi-rogera-federera\/#primaryimage","url":"https:\/\/d2p6e6u75xmxt8.cloudfront.net\/13\/2021\/09\/sulc-wlc.webp","contentUrl":"https:\/\/d2p6e6u75xmxt8.cloudfront.net\/13\/2021\/09\/sulc-wlc.webp","width":2000,"height":1100},{"@type":"WebSite","@id":"https:\/\/www.welovecycling.com\/cs\/#website","url":"https:\/\/www.welovecycling.com\/cs\/","name":"\u0160koda We Love Cycling - \u010cesk\u00e1 republika","description":"WeLoveCycling.cz je online magaz\u00edn, kter\u00fd v\u00e1m pravideln\u011b p\u0159in\u00e1\u0161\u00ed rady a tipy, zaj\u00edmav\u00e9 \u010dl\u00e1nky, videa a jedine\u010dn\u00e9 report\u00e1\u017ee ze sv\u011bta cyklistiky.","potentialAction":[{"@type":"SearchAction","target":{"@type":"EntryPoint","urlTemplate":"https:\/\/www.welovecycling.com\/cs\/?s={search_term_string}"},"query-input":{"@type":"PropertyValueSpecification","valueRequired":true,"valueName":"search_term_string"}}],"inLanguage":"cs"},{"@type":"Person","@id":"https:\/\/www.welovecycling.com\/cs\/#\/schema\/person\/d9eeb0a378f3a7e4a6d12d2b536b04b8","name":"radekmalina","image":{"@type":"ImageObject","inLanguage":"cs","@id":"https:\/\/www.welovecycling.com\/cs\/#\/schema\/person\/image\/","url":"https:\/\/secure.gravatar.com\/avatar\/66994b632cb8c39a46b9f54afa3ae07201b678d32a54275b6f1c9ffec356bfc0?s=96&d=mm&r=g","contentUrl":"https:\/\/secure.gravatar.com\/avatar\/66994b632cb8c39a46b9f54afa3ae07201b678d32a54275b6f1c9ffec356bfc0?s=96&d=mm&r=g","caption":"radekmalina"},"url":"https:\/\/www.welovecycling.com\/cs\/author\/radekmalina\/"}]}},"_links":{"self":[{"href":"https:\/\/www.welovecycling.com\/cs\/wp-json\/wp\/v2\/posts\/14341","targetHints":{"allow":["GET"]}}],"collection":[{"href":"https:\/\/www.welovecycling.com\/cs\/wp-json\/wp\/v2\/posts"}],"about":[{"href":"https:\/\/www.welovecycling.com\/cs\/wp-json\/wp\/v2\/types\/post"}],"author":[{"embeddable":true,"href":"https:\/\/www.welovecycling.com\/cs\/wp-json\/wp\/v2\/users\/138"}],"replies":[{"embeddable":true,"href":"https:\/\/www.welovecycling.com\/cs\/wp-json\/wp\/v2\/comments?post=14341"}],"version-history":[{"count":2,"href":"https:\/\/www.welovecycling.com\/cs\/wp-json\/wp\/v2\/posts\/14341\/revisions"}],"predecessor-version":[{"id":14352,"href":"https:\/\/www.welovecycling.com\/cs\/wp-json\/wp\/v2\/posts\/14341\/revisions\/14352"}],"wp:featuredmedia":[{"embeddable":true,"href":"https:\/\/www.welovecycling.com\/cs\/wp-json\/wp\/v2\/media\/14346"}],"wp:attachment":[{"href":"https:\/\/www.welovecycling.com\/cs\/wp-json\/wp\/v2\/media?parent=14341"}],"wp:term":[{"taxonomy":"category","embeddable":true,"href":"https:\/\/www.welovecycling.com\/cs\/wp-json\/wp\/v2\/categories?post=14341"},{"taxonomy":"post_tag","embeddable":true,"href":"https:\/\/www.welovecycling.com\/cs\/wp-json\/wp\/v2\/tags?post=14341"},{"taxonomy":"global-categories","embeddable":true,"href":"https:\/\/www.welovecycling.com\/cs\/wp-json\/wp\/v2\/global-categories?post=14341"}],"curies":[{"name":"wp","href":"https:\/\/api.w.org\/{rel}","templated":true}]}}