{"id":14277,"date":"2021-09-02T12:00:11","date_gmt":"2021-09-02T10:00:11","guid":{"rendered":"https:\/\/www.welovecycling.com\/cs\/?p=14277"},"modified":"2022-05-23T22:48:42","modified_gmt":"2022-05-23T20:48:42","slug":"podcast-ondrej-cink-nepratelstvi-na-silnici-jsem-vymenil-za-rodinny-svet-biku","status":"publish","type":"post","link":"https:\/\/www.welovecycling.com\/cs\/2021\/09\/02\/podcast-ondrej-cink-nepratelstvi-na-silnici-jsem-vymenil-za-rodinny-svet-biku\/","title":{"rendered":"WLC Podcast Ond\u0159ej Cink: Nep\u0159\u00e1telstv\u00ed na silnici jsem vym\u011bnil za rodinn\u00fd sv\u011bt bik\u016f \u00a0"},"content":{"rendered":"<p><strong>Snil o medaili z\u00a0n\u011bkter\u00e9 z\u00a0velk\u00fdch akc\u00ed leto\u0161n\u00edho roku. Jen\u017ee biker Ond\u0159ej Cink vy\u0161el napr\u00e1zdno na olympijsk\u00fdch hr\u00e1ch v\u00a0Tokiu i p\u0159i mistrovstv\u00ed sv\u011bta ve Val di Sole. V\u00a0podcastu We Love Cycling t\u0159icetilet\u00fd reprezentant rozeb\u00edr\u00e1 nejen zklam\u00e1n\u00ed z\u00a0japonsk\u00fdch boj\u016f pod p\u011bti kruhy. \u0158e\u0161\u00ed prom\u011bnu trat\u00ed za dobu, kdy se v\u011bnuje cross country a vzpom\u00edn\u00e1 i na ro\u010dn\u00ed anab\u00e1zi v\u00a0silni\u010dn\u00edm pelotonu.<\/strong><\/p>\n<p>\u201eKdy\u017e jsem tehdy p\u0159estoupil do silni\u010dn\u00ed cyklistiky, byl jsem v prvn\u00edch m\u011bs\u00edc\u00edch nad\u0161en\u00fd. A po soust\u0159ed\u011bn\u00ed na Tenerife jsem se c\u00edtil skv\u011ble p\u0159i z\u00e1vod\u011b Kolem \u0160v\u00fdcarska. Dokonce jsme u\u017e \u0159e\u0161ili kontrakt na dal\u0161\u00ed sezonu,\u201c p\u0159izn\u00e1v\u00e1 rod\u00e1k z Rokycan, \u017ee pokra\u010dov\u00e1n\u00ed na silnici bylo na spadnut\u00ed.<\/p>\n<p>https:\/\/soundcloud.com\/skodacr\/ondrej-cink-o-olympiade-wlc<\/p>\n<p>\u201eJen\u017ee pak p\u0159i\u0161la moje nominace na Tour. Jednozna\u010dn\u011b \u0161lo o chybu. Jel jsem tam unaven\u00fd. T\u011blo m\u011b b\u011bhem z\u00e1vodu p\u0159estalo poslouchat,\u201c vzpom\u00edn\u00e1 Cink, jen\u017e se po sezon\u011b 2017 rozhodl pro n\u00e1vrat k horsk\u00fdm kol\u016fm.<\/p>\n<p>\u201eBikov\u00fd sv\u011bt, to je rodina. Na silnici jsem v t\u00fdmu c\u00edtil nep\u0159\u00e1tele. N\u011bjak\u00e9 kamar\u00e1dstv\u00ed, to v\u016fbec nefungovalo. J\u00e1 pot\u0159ebuji k v\u00fdkonu i ur\u010ditou pohodu. A tehdy v na\u0161em t\u00fdmu Bahrain Merida rozhodn\u011b nebyla. Mo\u017en\u00e1 jsem m\u011bl sm\u016flu, proto\u017ee t\u0159eba Zden\u011bk \u0160tybar nebo Petr Vako\u010d byli dost p\u0159ekvapen\u00ed, kdy\u017e jsem jim zvyky z m\u00e9ho tehdej\u0161\u00edho t\u00fdmu popisoval,\u201c vypravuje Cink.<\/p>\n<h2><strong>Tom Pidcock? Jeho univerz\u00e1lnost nech\u00e1pu<\/strong><\/h2>\n<p>Up\u0159\u00edmn\u011b p\u0159izn\u00e1v\u00e1, \u017ee obdivuje univerz\u00e1lnost nastupuj\u00edc\u00ed generace. T\u0159eba Tom Pidcock vyhr\u00e1l zlato v cross country v Tokiu, aby n\u00e1sledn\u011b nastoupil do t\u0159et\u00ed silni\u010dn\u00ed Grand Tour sezony v podob\u011b Vuelty.<\/p>\n<lite-youtube videoid=4Xeb9XPrV1Y params=\"enablejsapi=1\" style=\"background-image: url('https:\/\/i.ytimg.com\/vi_webp\/4Xeb9XPrV1Y\/maxresdefault.webp');\"><\/lite-youtube>\n<p>\u201eNech\u00e1pu, jak je to mo\u017en\u00e9. J\u00e1 jsem po bikov\u00e9 sezon\u011b tak unaven\u00fd, \u017ee se t\u011b\u0161\u00edm na \u0159\u00edjen, kdy m\u00e1m volno. Neum\u00edm si p\u0159edstavit, \u017ee bych sko\u010dil do cyklokrosu. Nebo kombinoval biky se silni\u010dn\u00ed cyklistikou. Do budoucna asi bude v\u00edce z\u00e1vodn\u00edk\u016f, kte\u0159\u00ed budou kombinovat v\u00edce discipl\u00edn,\u201c p\u0159em\u00edt\u00e1 Cink.<\/p>\n<h2><strong>Teleskopick\u00e1 sedlovka: jak jsem mohl jezdit bez n\u00ed?!<\/strong><\/h2>\n<p>V podcastu We Love Cycling vykl\u00e1d\u00e1 up\u0159\u00edmn\u011b, pro\u010d zm\u011bnil charakter tr\u00e9ninku, co v p\u0159ede\u0161l\u00fdch sezon\u00e1ch nefungovalo a na co p\u0159esn\u011b se v p\u0159\u00edprav\u011b zam\u011b\u0159il.<\/p>\n<p>Tak\u00e9 prozradil, jak moc je d\u016fle\u017eit\u00e9 sledovat nov\u00e9 trendy. \u201eT\u0159eba druh\u00fdm rokem pou\u017e\u00edv\u00e1m teleskopickou sedlovku. A v\u016fbec nech\u00e1pu, jak jsem mohl jezdit bez n\u00ed. Mysl\u00edm, \u017ee je d\u016fle\u017eit\u00e9 m\u00edt p\u0159ehled o technick\u00fdch novink\u00e1ch.\u201c<\/p>\n<p>https:\/\/open.spotify.com\/episode\/211tBxw8oWtgZQfRdcqa6u?si=0kBrYvpYR5KklVFeLM3Iyw&#038;dl_branch=1&#038;nd=1<\/p>\n","protected":false},"excerpt":{"rendered":"<p>Snil o medaili z\u00a0n\u011bkter\u00e9 z\u00a0velk\u00fdch akc\u00ed leto\u0161n\u00edho roku. Jen\u017ee biker Ond\u0159ej Cink vy\u0161el napr\u00e1zdno na olympijsk\u00fdch hr\u00e1ch v\u00a0Tokiu i p\u0159i [&hellip;]<\/p>\n","protected":false},"author":138,"featured_media":14112,"comment_status":"open","ping_status":"open","sticky":false,"template":"","format":"standard","meta":{"footnotes":""},"categories":[1864],"tags":[157,126,56,1154,617,205,1681,9,1730,1185,27],"global-categories":[411],"class_list":["post-14277","post","type-post","status-publish","format-standard","has-post-thumbnail","hentry","category-podcasty","tag-cross-country","tag-cyklistika","tag-horska-cyklistika","tag-mistrovstvi-sveta","tag-olympijske-hry","tag-ondrej-cink","tag-podcast","tag-silnicni-cyklistika","tag-tokio","tag-tom-pidcock","tag-trenink","global-categories-cycling"],"yoast_head":"<!-- This site is optimized with the Yoast SEO Premium plugin v25.3 (Yoast SEO v25.9) - https:\/\/yoast.com\/wordpress\/plugins\/seo\/ -->\n<title>WLC Podcast Ond\u0159ej Cink: Nep\u0159\u00e1telstv\u00ed na silnici jsem vym\u011bnil za rodinn\u00fd sv\u011bt bik\u016f \u00a0 | \u0160koda We Love Cycling - \u010cesk\u00e1 republika<\/title>\n<meta name=\"description\" content=\"Ond\u0159ej Cink v podcastu We Love Cycling rozeb\u00edr\u00e1 nejen zklam\u00e1n\u00ed z\u00a0Tokia. \u0158e\u0161\u00ed prom\u011bnu trat\u00ed a vzpom\u00edn\u00e1 i na ro\u010dn\u00ed anab\u00e1zi v\u00a0silni\u010dn\u00edm pelotonu.\" \/>\n<meta name=\"robots\" content=\"index, follow, max-snippet:-1, max-image-preview:large, max-video-preview:-1\" \/>\n<link rel=\"canonical\" href=\"https:\/\/www.welovecycling.com\/cs\/2021\/09\/02\/podcast-ondrej-cink-nepratelstvi-na-silnici-jsem-vymenil-za-rodinny-svet-biku\/\" \/>\n<meta property=\"og:locale\" content=\"cs_CZ\" \/>\n<meta property=\"og:type\" content=\"article\" \/>\n<meta property=\"og:title\" content=\"WLC Podcast Ond\u0159ej Cink: Nep\u0159\u00e1telstv\u00ed na silnici jsem vym\u011bnil za rodinn\u00fd sv\u011bt bik\u016f \u00a0\" \/>\n<meta property=\"og:description\" content=\"Ond\u0159ej Cink v podcastu We Love Cycling rozeb\u00edr\u00e1 nejen zklam\u00e1n\u00ed z\u00a0Tokia. \u0158e\u0161\u00ed prom\u011bnu trat\u00ed a vzpom\u00edn\u00e1 i na ro\u010dn\u00ed anab\u00e1zi v\u00a0silni\u010dn\u00edm pelotonu.\" \/>\n<meta property=\"og:url\" content=\"https:\/\/www.welovecycling.com\/cs\/2021\/09\/02\/podcast-ondrej-cink-nepratelstvi-na-silnici-jsem-vymenil-za-rodinny-svet-biku\/\" \/>\n<meta property=\"og:site_name\" content=\"\u0160koda We Love Cycling - \u010cesk\u00e1 republika\" \/>\n<meta property=\"article:published_time\" content=\"2021-09-02T10:00:11+00:00\" \/>\n<meta property=\"article:modified_time\" content=\"2022-05-23T20:48:42+00:00\" \/>\n<meta property=\"og:image\" content=\"https:\/\/d2p6e6u75xmxt8.cloudfront.net\/13\/2021\/08\/WC-MCR-XCO_12-cink.webp\" \/>\n\t<meta property=\"og:image:width\" content=\"2000\" \/>\n\t<meta property=\"og:image:height\" content=\"1333\" \/>\n\t<meta property=\"og:image:type\" content=\"image\/webp\" \/>\n<meta name=\"author\" content=\"radekmalina\" \/>\n<meta name=\"twitter:card\" content=\"summary_large_image\" \/>\n<meta name=\"twitter:label1\" content=\"Written by\" \/>\n\t<meta name=\"twitter:data1\" content=\"We Love Cycling\" \/>\n\t<meta name=\"twitter:label2\" content=\"Est. reading time\" \/>\n\t<meta name=\"twitter:data2\" content=\"4\" \/>\n<script type=\"application\/ld+json\" class=\"yoast-schema-graph\">{\"@context\":\"https:\/\/schema.org\",\"@graph\":[{\"@type\":\"WebPage\",\"@id\":\"https:\/\/www.welovecycling.com\/cs\/2021\/09\/02\/podcast-ondrej-cink-nepratelstvi-na-silnici-jsem-vymenil-za-rodinny-svet-biku\/\",\"url\":\"https:\/\/www.welovecycling.com\/cs\/2021\/09\/02\/podcast-ondrej-cink-nepratelstvi-na-silnici-jsem-vymenil-za-rodinny-svet-biku\/\",\"name\":\"WLC Podcast Ond\u0159ej Cink: Nep\u0159\u00e1telstv\u00ed na silnici jsem vym\u011bnil za rodinn\u00fd sv\u011bt bik\u016f \u00a0 | \u0160koda We Love Cycling - \u010cesk\u00e1 republika\",\"isPartOf\":{\"@id\":\"https:\/\/www.welovecycling.com\/cs\/#website\"},\"primaryImageOfPage\":{\"@id\":\"https:\/\/www.welovecycling.com\/cs\/2021\/09\/02\/podcast-ondrej-cink-nepratelstvi-na-silnici-jsem-vymenil-za-rodinny-svet-biku\/#primaryimage\"},\"image\":{\"@id\":\"https:\/\/www.welovecycling.com\/cs\/2021\/09\/02\/podcast-ondrej-cink-nepratelstvi-na-silnici-jsem-vymenil-za-rodinny-svet-biku\/#primaryimage\"},\"thumbnailUrl\":\"https:\/\/d2p6e6u75xmxt8.cloudfront.net\/13\/2021\/08\/WC-MCR-XCO_12-cink.webp\",\"datePublished\":\"2021-09-02T10:00:11+00:00\",\"dateModified\":\"2022-05-23T20:48:42+00:00\",\"author\":{\"@id\":\"https:\/\/www.welovecycling.com\/cs\/#\/schema\/person\/d9eeb0a378f3a7e4a6d12d2b536b04b8\"},\"description\":\"Ond\u0159ej Cink v podcastu We Love Cycling rozeb\u00edr\u00e1 nejen zklam\u00e1n\u00ed z\u00a0Tokia. \u0158e\u0161\u00ed prom\u011bnu trat\u00ed a vzpom\u00edn\u00e1 i na ro\u010dn\u00ed anab\u00e1zi v\u00a0silni\u010dn\u00edm pelotonu.\",\"inLanguage\":\"cs\",\"potentialAction\":[{\"@type\":\"ReadAction\",\"target\":[\"https:\/\/www.welovecycling.com\/cs\/2021\/09\/02\/podcast-ondrej-cink-nepratelstvi-na-silnici-jsem-vymenil-za-rodinny-svet-biku\/\"]}]},{\"@type\":\"ImageObject\",\"inLanguage\":\"cs\",\"@id\":\"https:\/\/www.welovecycling.com\/cs\/2021\/09\/02\/podcast-ondrej-cink-nepratelstvi-na-silnici-jsem-vymenil-za-rodinny-svet-biku\/#primaryimage\",\"url\":\"https:\/\/d2p6e6u75xmxt8.cloudfront.net\/13\/2021\/08\/WC-MCR-XCO_12-cink.webp\",\"contentUrl\":\"https:\/\/d2p6e6u75xmxt8.cloudfront.net\/13\/2021\/08\/WC-MCR-XCO_12-cink.webp\",\"width\":2000,\"height\":1333},{\"@type\":\"WebSite\",\"@id\":\"https:\/\/www.welovecycling.com\/cs\/#website\",\"url\":\"https:\/\/www.welovecycling.com\/cs\/\",\"name\":\"\u0160koda We Love Cycling - \u010cesk\u00e1 republika\",\"description\":\"WeLoveCycling.cz je online magaz\u00edn, kter\u00fd v\u00e1m pravideln\u011b p\u0159in\u00e1\u0161\u00ed rady a tipy, zaj\u00edmav\u00e9 \u010dl\u00e1nky, videa a jedine\u010dn\u00e9 report\u00e1\u017ee ze sv\u011bta cyklistiky.\",\"potentialAction\":[{\"@type\":\"SearchAction\",\"target\":{\"@type\":\"EntryPoint\",\"urlTemplate\":\"https:\/\/www.welovecycling.com\/cs\/?s={search_term_string}\"},\"query-input\":{\"@type\":\"PropertyValueSpecification\",\"valueRequired\":true,\"valueName\":\"search_term_string\"}}],\"inLanguage\":\"cs\"},{\"@type\":\"Person\",\"@id\":\"https:\/\/www.welovecycling.com\/cs\/#\/schema\/person\/d9eeb0a378f3a7e4a6d12d2b536b04b8\",\"name\":\"radekmalina\",\"image\":{\"@type\":\"ImageObject\",\"inLanguage\":\"cs\",\"@id\":\"https:\/\/www.welovecycling.com\/cs\/#\/schema\/person\/image\/\",\"url\":\"https:\/\/secure.gravatar.com\/avatar\/66994b632cb8c39a46b9f54afa3ae07201b678d32a54275b6f1c9ffec356bfc0?s=96&d=mm&r=g\",\"contentUrl\":\"https:\/\/secure.gravatar.com\/avatar\/66994b632cb8c39a46b9f54afa3ae07201b678d32a54275b6f1c9ffec356bfc0?s=96&d=mm&r=g\",\"caption\":\"radekmalina\"},\"url\":\"https:\/\/www.welovecycling.com\/cs\/author\/radekmalina\/\"}]}<\/script>\n<!-- \/ Yoast SEO Premium plugin. -->","yoast_head_json":{"title":"WLC Podcast Ond\u0159ej Cink: Nep\u0159\u00e1telstv\u00ed na silnici jsem vym\u011bnil za rodinn\u00fd sv\u011bt bik\u016f \u00a0 | \u0160koda We Love Cycling - \u010cesk\u00e1 republika","description":"Ond\u0159ej Cink v podcastu We Love Cycling rozeb\u00edr\u00e1 nejen zklam\u00e1n\u00ed z\u00a0Tokia. \u0158e\u0161\u00ed prom\u011bnu trat\u00ed a vzpom\u00edn\u00e1 i na ro\u010dn\u00ed anab\u00e1zi v\u00a0silni\u010dn\u00edm pelotonu.","robots":{"index":"index","follow":"follow","max-snippet":"max-snippet:-1","max-image-preview":"max-image-preview:large","max-video-preview":"max-video-preview:-1"},"canonical":"https:\/\/www.welovecycling.com\/cs\/2021\/09\/02\/podcast-ondrej-cink-nepratelstvi-na-silnici-jsem-vymenil-za-rodinny-svet-biku\/","og_locale":"cs_CZ","og_type":"article","og_title":"WLC Podcast Ond\u0159ej Cink: Nep\u0159\u00e1telstv\u00ed na silnici jsem vym\u011bnil za rodinn\u00fd sv\u011bt bik\u016f \u00a0","og_description":"Ond\u0159ej Cink v podcastu We Love Cycling rozeb\u00edr\u00e1 nejen zklam\u00e1n\u00ed z\u00a0Tokia. \u0158e\u0161\u00ed prom\u011bnu trat\u00ed a vzpom\u00edn\u00e1 i na ro\u010dn\u00ed anab\u00e1zi v\u00a0silni\u010dn\u00edm pelotonu.","og_url":"https:\/\/www.welovecycling.com\/cs\/2021\/09\/02\/podcast-ondrej-cink-nepratelstvi-na-silnici-jsem-vymenil-za-rodinny-svet-biku\/","og_site_name":"\u0160koda We Love Cycling - \u010cesk\u00e1 republika","article_published_time":"2021-09-02T10:00:11+00:00","article_modified_time":"2022-05-23T20:48:42+00:00","og_image":[{"width":2000,"height":1333,"url":"https:\/\/d2p6e6u75xmxt8.cloudfront.net\/13\/2021\/08\/WC-MCR-XCO_12-cink.webp","type":"image\/webp"}],"author":"radekmalina","twitter_card":"summary_large_image","twitter_misc":{"Written by":"We Love Cycling","Est. reading time":"4"},"schema":{"@context":"https:\/\/schema.org","@graph":[{"@type":"WebPage","@id":"https:\/\/www.welovecycling.com\/cs\/2021\/09\/02\/podcast-ondrej-cink-nepratelstvi-na-silnici-jsem-vymenil-za-rodinny-svet-biku\/","url":"https:\/\/www.welovecycling.com\/cs\/2021\/09\/02\/podcast-ondrej-cink-nepratelstvi-na-silnici-jsem-vymenil-za-rodinny-svet-biku\/","name":"WLC Podcast Ond\u0159ej Cink: Nep\u0159\u00e1telstv\u00ed na silnici jsem vym\u011bnil za rodinn\u00fd sv\u011bt bik\u016f \u00a0 | \u0160koda We Love Cycling - \u010cesk\u00e1 republika","isPartOf":{"@id":"https:\/\/www.welovecycling.com\/cs\/#website"},"primaryImageOfPage":{"@id":"https:\/\/www.welovecycling.com\/cs\/2021\/09\/02\/podcast-ondrej-cink-nepratelstvi-na-silnici-jsem-vymenil-za-rodinny-svet-biku\/#primaryimage"},"image":{"@id":"https:\/\/www.welovecycling.com\/cs\/2021\/09\/02\/podcast-ondrej-cink-nepratelstvi-na-silnici-jsem-vymenil-za-rodinny-svet-biku\/#primaryimage"},"thumbnailUrl":"https:\/\/d2p6e6u75xmxt8.cloudfront.net\/13\/2021\/08\/WC-MCR-XCO_12-cink.webp","datePublished":"2021-09-02T10:00:11+00:00","dateModified":"2022-05-23T20:48:42+00:00","author":{"@id":"https:\/\/www.welovecycling.com\/cs\/#\/schema\/person\/d9eeb0a378f3a7e4a6d12d2b536b04b8"},"description":"Ond\u0159ej Cink v podcastu We Love Cycling rozeb\u00edr\u00e1 nejen zklam\u00e1n\u00ed z\u00a0Tokia. \u0158e\u0161\u00ed prom\u011bnu trat\u00ed a vzpom\u00edn\u00e1 i na ro\u010dn\u00ed anab\u00e1zi v\u00a0silni\u010dn\u00edm pelotonu.","inLanguage":"cs","potentialAction":[{"@type":"ReadAction","target":["https:\/\/www.welovecycling.com\/cs\/2021\/09\/02\/podcast-ondrej-cink-nepratelstvi-na-silnici-jsem-vymenil-za-rodinny-svet-biku\/"]}]},{"@type":"ImageObject","inLanguage":"cs","@id":"https:\/\/www.welovecycling.com\/cs\/2021\/09\/02\/podcast-ondrej-cink-nepratelstvi-na-silnici-jsem-vymenil-za-rodinny-svet-biku\/#primaryimage","url":"https:\/\/d2p6e6u75xmxt8.cloudfront.net\/13\/2021\/08\/WC-MCR-XCO_12-cink.webp","contentUrl":"https:\/\/d2p6e6u75xmxt8.cloudfront.net\/13\/2021\/08\/WC-MCR-XCO_12-cink.webp","width":2000,"height":1333},{"@type":"WebSite","@id":"https:\/\/www.welovecycling.com\/cs\/#website","url":"https:\/\/www.welovecycling.com\/cs\/","name":"\u0160koda We Love Cycling - \u010cesk\u00e1 republika","description":"WeLoveCycling.cz je online magaz\u00edn, kter\u00fd v\u00e1m pravideln\u011b p\u0159in\u00e1\u0161\u00ed rady a tipy, zaj\u00edmav\u00e9 \u010dl\u00e1nky, videa a jedine\u010dn\u00e9 report\u00e1\u017ee ze sv\u011bta cyklistiky.","potentialAction":[{"@type":"SearchAction","target":{"@type":"EntryPoint","urlTemplate":"https:\/\/www.welovecycling.com\/cs\/?s={search_term_string}"},"query-input":{"@type":"PropertyValueSpecification","valueRequired":true,"valueName":"search_term_string"}}],"inLanguage":"cs"},{"@type":"Person","@id":"https:\/\/www.welovecycling.com\/cs\/#\/schema\/person\/d9eeb0a378f3a7e4a6d12d2b536b04b8","name":"radekmalina","image":{"@type":"ImageObject","inLanguage":"cs","@id":"https:\/\/www.welovecycling.com\/cs\/#\/schema\/person\/image\/","url":"https:\/\/secure.gravatar.com\/avatar\/66994b632cb8c39a46b9f54afa3ae07201b678d32a54275b6f1c9ffec356bfc0?s=96&d=mm&r=g","contentUrl":"https:\/\/secure.gravatar.com\/avatar\/66994b632cb8c39a46b9f54afa3ae07201b678d32a54275b6f1c9ffec356bfc0?s=96&d=mm&r=g","caption":"radekmalina"},"url":"https:\/\/www.welovecycling.com\/cs\/author\/radekmalina\/"}]}},"_links":{"self":[{"href":"https:\/\/www.welovecycling.com\/cs\/wp-json\/wp\/v2\/posts\/14277","targetHints":{"allow":["GET"]}}],"collection":[{"href":"https:\/\/www.welovecycling.com\/cs\/wp-json\/wp\/v2\/posts"}],"about":[{"href":"https:\/\/www.welovecycling.com\/cs\/wp-json\/wp\/v2\/types\/post"}],"author":[{"embeddable":true,"href":"https:\/\/www.welovecycling.com\/cs\/wp-json\/wp\/v2\/users\/138"}],"replies":[{"embeddable":true,"href":"https:\/\/www.welovecycling.com\/cs\/wp-json\/wp\/v2\/comments?post=14277"}],"version-history":[{"count":2,"href":"https:\/\/www.welovecycling.com\/cs\/wp-json\/wp\/v2\/posts\/14277\/revisions"}],"predecessor-version":[{"id":17342,"href":"https:\/\/www.welovecycling.com\/cs\/wp-json\/wp\/v2\/posts\/14277\/revisions\/17342"}],"wp:featuredmedia":[{"embeddable":true,"href":"https:\/\/www.welovecycling.com\/cs\/wp-json\/wp\/v2\/media\/14112"}],"wp:attachment":[{"href":"https:\/\/www.welovecycling.com\/cs\/wp-json\/wp\/v2\/media?parent=14277"}],"wp:term":[{"taxonomy":"category","embeddable":true,"href":"https:\/\/www.welovecycling.com\/cs\/wp-json\/wp\/v2\/categories?post=14277"},{"taxonomy":"post_tag","embeddable":true,"href":"https:\/\/www.welovecycling.com\/cs\/wp-json\/wp\/v2\/tags?post=14277"},{"taxonomy":"global-categories","embeddable":true,"href":"https:\/\/www.welovecycling.com\/cs\/wp-json\/wp\/v2\/global-categories?post=14277"}],"curies":[{"name":"wp","href":"https:\/\/api.w.org\/{rel}","templated":true}]}}