{"id":14244,"date":"2021-08-31T19:00:51","date_gmt":"2021-08-31T17:00:51","guid":{"rendered":"https:\/\/www.welovecycling.com\/cs\/?p=14244"},"modified":"2021-08-31T11:37:18","modified_gmt":"2021-08-31T09:37:18","slug":"fotoreportaz-z-ms-horskych-kol-dve-ceska-zlata-i-jedno-obri-zklamani","status":"publish","type":"post","link":"https:\/\/www.welovecycling.com\/cs\/2021\/08\/31\/fotoreportaz-z-ms-horskych-kol-dve-ceska-zlata-i-jedno-obri-zklamani\/","title":{"rendered":"Fotoreport\u00e1\u017e z MS horsk\u00fdch kol: dv\u011b \u010desk\u00e1 zlata i jedno ob\u0159\u00ed zklam\u00e1n\u00ed"},"content":{"rendered":"<p><strong>Dv\u011b senza\u010dn\u00ed zlat\u00e9 medaile, jedno ob\u0159\u00ed zklam\u00e1n\u00ed. Mistrovstv\u00ed sv\u011bta horsk\u00fdch kol v italsk\u00e9m Val di Sole p\u0159ineslo pestr\u00e9 emoce nejen \u010desk\u00fdm barv\u00e1m.<\/strong><\/p>\n<p>Michaela H\u00e1jkov\u00e1 a Tom\u00e1\u0161 Slav\u00edk vybojovali zlato ve fourcrossu, Ond\u0159ej Cink na vysn\u011bnou medaili v cross country stejn\u011b jako v Lond\u00fdn\u011b nedos\u00e1hl. V kr\u00e1lovsk\u00e9 discipl\u00edn\u011b uk\u00e1zal v\u00fdjime\u010dnost \u0160v\u00fdcar Nino Schurter, kter\u00fd vyd\u0159el u\u017e dev\u00e1t\u00e9 zlato kari\u00e9ry. Jak\u00fd byl \u0161ampion\u00e1t ve Val di Sole objektivem fotografa Michala \u010cerven\u00e9ho?<\/p>\n<p><a href=\"https:\/\/d2p6e6u75xmxt8.cloudfront.net\/13\/2021\/08\/WLC_MS-MTB_01-skoda.jpg\"><img loading=\"lazy\" decoding=\"async\" class=\"alignnone size-full wp-image-14247\" src=\"https:\/\/d2p6e6u75xmxt8.cloudfront.net\/13\/2021\/08\/WLC_MS-MTB_01-skoda.jpg\" alt=\"\" width=\"1600\" height=\"1067\" \/><\/a><\/p>\n<p>\u0160ampion\u00e1t horsk\u00fdch kol se do Val di Sole vr\u00e1til po t\u0159in\u00e1cti letech. Pravideln\u011b se zde kon\u00e1 i sv\u011btov\u00fd poh\u00e1r, ale leto\u0161n\u00ed sv\u011btov\u00e9 mistrovstv\u00ed se jelo na hodn\u011b upraven\u00fdch trat\u00edch. A jak u\u017e je v\u00a0posledn\u00ed dob\u011b tradic\u00ed, navrch bylo hlavn\u011b pas\u00e1\u017e\u00ed s\u00a0kameny.<\/p>\n<p><a href=\"https:\/\/d2p6e6u75xmxt8.cloudfront.net\/13\/2021\/08\/WLC_MS-MTB_02-Adela-holubova.jpg\"><img loading=\"lazy\" decoding=\"async\" class=\"alignnone size-full wp-image-14235\" src=\"https:\/\/d2p6e6u75xmxt8.cloudfront.net\/13\/2021\/08\/WLC_MS-MTB_02-Adela-holubova.jpg\" alt=\"\" width=\"1600\" height=\"1067\" \/><\/a><\/p>\n<p>\u010cesk\u00e1 reprezentantka Ad\u00e9la Holubov\u00e9 zkoum\u00e1 prvn\u00ed den \u0161ampion\u00e1tu asi nejt\u011b\u017e\u0161\u00ed m\u00edsto na trati.<\/p>\n<p><a href=\"https:\/\/d2p6e6u75xmxt8.cloudfront.net\/13\/2021\/08\/WLC_MS-MTB_03-stafeta-sesta.jpg\"><img loading=\"lazy\" decoding=\"async\" class=\"alignnone size-full wp-image-14236\" src=\"https:\/\/d2p6e6u75xmxt8.cloudfront.net\/13\/2021\/08\/WLC_MS-MTB_03-stafeta-sesta.jpg\" alt=\"\" width=\"1600\" height=\"1067\" \/><\/a><\/p>\n<p>P\u0159i \u00favodn\u00edm podniku mistrovstv\u00ed &#8211; z\u00e1vod\u011b \u0161tafet &#8211; dojela \u010desk\u00e1 \u0161estice sedm\u00e1. Duhov\u00e9 trikoty pro mistry sv\u011bta z\u00edskali Francouzi.<\/p>\n<p><a href=\"https:\/\/d2p6e6u75xmxt8.cloudfront.net\/13\/2021\/08\/WLC_MS-MTB_05-Chris-Blevins.jpg\"><img loading=\"lazy\" decoding=\"async\" class=\"alignnone size-full wp-image-14237\" src=\"https:\/\/d2p6e6u75xmxt8.cloudfront.net\/13\/2021\/08\/WLC_MS-MTB_05-Chris-Blevins.jpg\" alt=\"\" width=\"1600\" height=\"1067\" \/><\/a><\/p>\n<p>Historicky prvn\u00ed mistr sv\u011bta v\u00a0short tracku Ameri\u010dan Chris Blevins rozd\u00e1v\u00e1 podpisy se zlatem na krku.<\/p>\n<p><a href=\"https:\/\/d2p6e6u75xmxt8.cloudfront.net\/13\/2021\/08\/WLC_MS-MTB_06-Fourcross.jpg\"><img loading=\"lazy\" decoding=\"async\" class=\"alignnone size-full wp-image-14238\" src=\"https:\/\/d2p6e6u75xmxt8.cloudfront.net\/13\/2021\/08\/WLC_MS-MTB_06-Fourcross.jpg\" alt=\"\" width=\"1600\" height=\"1067\" \/><\/a><\/p>\n<p>V\u00a0programu \u0161ampion\u00e1tu nechyb\u011bl ani fourcross. Div\u00e1cky mimo\u0159\u00e1dn\u011b atraktivn\u00ed discipl\u00edn\u011b, kter\u00e1 p\u0159inesla hodn\u011b radosti \u010desk\u00fdm barv\u00e1m.<\/p>\n<p><a href=\"https:\/\/d2p6e6u75xmxt8.cloudfront.net\/13\/2021\/08\/WLC_MS-MTB_07-Michaela-Hajkova.jpg\"><img loading=\"lazy\" decoding=\"async\" class=\"alignnone size-full wp-image-14239\" src=\"https:\/\/d2p6e6u75xmxt8.cloudfront.net\/13\/2021\/08\/WLC_MS-MTB_07-Michaela-Hajkova.jpg\" alt=\"\" width=\"1600\" height=\"1067\" \/><\/a><\/p>\n<p>Premi\u00e9ru na sv\u011btov\u00e9m \u0161ampion\u00e1tu p\u0159etavila \u010desk\u00e1 bikrosa\u0159ka Michaela H\u00e1jkov\u00e1 ve zlato.<\/p>\n<p><a href=\"https:\/\/d2p6e6u75xmxt8.cloudfront.net\/13\/2021\/08\/WLC_MS-MTB_08-slavik.jpg\"><img loading=\"lazy\" decoding=\"async\" class=\"alignnone size-full wp-image-14240\" src=\"https:\/\/d2p6e6u75xmxt8.cloudfront.net\/13\/2021\/08\/WLC_MS-MTB_08-slavik.jpg\" alt=\"\" width=\"1600\" height=\"1067\" \/><\/a><\/p>\n<p>A ne\u017e \u010desk\u00e1 radost dozn\u011bla, p\u0159i\u0159\u00edtil se do c\u00edle Tom\u00e1\u0161 Slav\u00edk. Legend\u011b sv\u011btov\u00e9ho fourcrossu t\u0159et\u00ed druhov\u00fd dres dlouho unikal. Ale ve \u010dty\u0159iat\u0159iceti letech se ho znovu do\u010dkal. Radost byla velik\u00e1!<\/p>\n<h2><strong>Tom\u00e1\u0161 Slav\u00edk pot\u0159et\u00ed mistrem sv\u011bta, Michaela H\u00e1jkov\u00e1 brala zlato prvn\u011b<\/strong><\/h2>\n<p>Slav\u00edk zajel v kvalifikaci t\u0159et\u00ed nejlep\u0161\u00ed \u010das. A kdy\u017e se n\u00e1sledn\u011b vydal nav\u00e1zat na zlat\u00e1 p\u0159edstaven\u00ed z let 2010 a 2014, vyhr\u00e1l v\u0161echny j\u00edzdy.<\/p>\n<p><a href=\"https:\/\/d2p6e6u75xmxt8.cloudfront.net\/13\/2021\/08\/WLC_MS-MTB_09-slavik-hajkova.jpg\"><img loading=\"lazy\" decoding=\"async\" class=\"alignnone size-full wp-image-14241\" src=\"https:\/\/d2p6e6u75xmxt8.cloudfront.net\/13\/2021\/08\/WLC_MS-MTB_09-slavik-hajkova.jpg\" alt=\"\" width=\"1600\" height=\"1067\" \/><\/a><\/p>\n<p>\u010cesko jako fourcrossov\u00e1 velmoc. Michaela H\u00e1jkov\u00e1 a Tom\u00e1\u0161 Slavik v\u00a0druhov\u00fdch dresech se zlatem z\u00a0mistrovstv\u00ed sv\u011bta n krku.<\/p>\n<p><a href=\"https:\/\/d2p6e6u75xmxt8.cloudfront.net\/13\/2021\/08\/WLC_MS-MTB_11-Jan-Zatloukal.jpg\"><img loading=\"lazy\" decoding=\"async\" class=\"alignnone size-full wp-image-14243\" src=\"https:\/\/d2p6e6u75xmxt8.cloudfront.net\/13\/2021\/08\/WLC_MS-MTB_11-Jan-Zatloukal.jpg\" alt=\"\" width=\"1600\" height=\"1067\" \/><\/a><\/p>\n<p>Jan Zatloukal skon\u010dil v\u00a0cross country jako nejlep\u0161\u00ed z \u010desk\u00fdch t\u0159iadvac\u00edtk\u00e1\u0159\u016f na p\u011btadvac\u00e1t\u00e9m m\u00edst\u011b, kdy\u017e se cel\u00fd z\u00e1vod probojov\u00e1val ze zadn\u00edch pozic po\u010detn\u00fdm startovn\u00edm polem.<\/p>\n<p><a href=\"https:\/\/d2p6e6u75xmxt8.cloudfront.net\/13\/2021\/08\/WLC_MS-MTB_12-Jolanda-Neff-.jpg\"><img loading=\"lazy\" decoding=\"async\" class=\"alignnone size-full wp-image-14226\" src=\"https:\/\/d2p6e6u75xmxt8.cloudfront.net\/13\/2021\/08\/WLC_MS-MTB_12-Jolanda-Neff-.jpg\" alt=\"\" width=\"1600\" height=\"1067\" \/><\/a><\/p>\n<p>Jolanda Neff osedlala nov\u00e9 zlat\u00e9 kolo odkazuj\u00edc\u00ed na jej\u00ed \u017eivotn\u00ed \u00fasp\u011bch v\u00a0japonsk\u00e9m Tokiu. P\u0159\u00edli\u0161 \u0161t\u011bst\u00ed j\u00ed ale nep\u0159ineslo. Hned prvn\u00ed den si nov\u00fd bike p\u0159i p\u00e1du od\u0159ela a na medaili z\u00a0MS nedos\u00e1hla.<\/p>\n<p><a href=\"https:\/\/d2p6e6u75xmxt8.cloudfront.net\/13\/2021\/08\/WLC_MS-MTB_15-cink-ondrej.jpg\"><img loading=\"lazy\" decoding=\"async\" class=\"alignnone size-full wp-image-14229\" src=\"https:\/\/d2p6e6u75xmxt8.cloudfront.net\/13\/2021\/08\/WLC_MS-MTB_15-cink-ondrej.jpg\" alt=\"\" width=\"1600\" height=\"1067\" \/><\/a>\u010cesk\u00fd reprezentant Ond\u0159ej Cink za\u010dal z\u00e1vod cross country skv\u011ble. Jen\u017ee stejn\u011b jako v Tokiu, kde mu prasknul r\u00e1fek zadn\u00edho kola, jej o medaili p\u0159ipravil technicky probl\u00e9m. Tentokr\u00e1t p\u0159estala fungovat p\u0159ehazova\u010dka.<\/p>\n<p><a href=\"https:\/\/d2p6e6u75xmxt8.cloudfront.net\/13\/2021\/08\/WLC_MS-MTB_16-schurter-fluckiger.jpg\"><img loading=\"lazy\" decoding=\"async\" class=\"alignnone size-full wp-image-14230\" src=\"https:\/\/d2p6e6u75xmxt8.cloudfront.net\/13\/2021\/08\/WLC_MS-MTB_16-schurter-fluckiger.jpg\" alt=\"\" width=\"1600\" height=\"1067\" \/><\/a><\/p>\n<p>Kl\u00ed\u010dov\u00fd okam\u017eik bitvy o zlato v elitn\u00edm mu\u017esk\u00e9m z\u00e1vod\u011b. Nino Schurter p\u0159espurtoval krajana Mathiase Fl\u00fcckigera.<\/p>\n<p><a href=\"https:\/\/d2p6e6u75xmxt8.cloudfront.net\/13\/2021\/08\/WLC_MS-MTB_17-schurter.jpg\"><img loading=\"lazy\" decoding=\"async\" class=\"alignnone size-full wp-image-14231\" src=\"https:\/\/d2p6e6u75xmxt8.cloudfront.net\/13\/2021\/08\/WLC_MS-MTB_17-schurter.jpg\" alt=\"\" width=\"1067\" height=\"1600\" \/><\/a><\/p>\n<p>Asi nikdo si nedovol\u00ed pochybovat, \u017ee Nino Schurter je skute\u010dn\u00fdm kr\u00e1lem cross country. V\u017edy\u0165 ve Val di Sole vybojoval u\u017e dev\u00e1t\u00fd titul kari\u00e9ry.<\/p>\n<p><a href=\"https:\/\/d2p6e6u75xmxt8.cloudfront.net\/13\/2021\/08\/WLC_MS-MTB_19-sjezd.jpg\"><img loading=\"lazy\" decoding=\"async\" class=\"alignnone size-full wp-image-14248\" src=\"https:\/\/d2p6e6u75xmxt8.cloudfront.net\/13\/2021\/08\/WLC_MS-MTB_19-sjezd.jpg\" alt=\"\" width=\"1600\" height=\"1067\" \/><\/a><\/p>\n<p>Sjezdov\u00e1 tra\u0165 p\u0159ezd\u00edvan\u00e1 Black Snake letos znovu zdrsn\u011bla a hodn\u011b z\u00e1vodn\u00edk\u016f to poznalo na vlastn\u00ed k\u016f\u017ei.<\/p>\n<p><a href=\"https:\/\/d2p6e6u75xmxt8.cloudfront.net\/13\/2021\/08\/WLC_MS-MTB_20-Myriam-Nicole.jpg\"><img loading=\"lazy\" decoding=\"async\" class=\"alignnone size-full wp-image-14232\" src=\"https:\/\/d2p6e6u75xmxt8.cloudfront.net\/13\/2021\/08\/WLC_MS-MTB_20-Myriam-Nicole.jpg\" alt=\"\" width=\"1600\" height=\"1067\" \/><\/a><\/p>\n<p>Jednat\u0159icetilet\u00e1 francouzsk\u00e1 sjezda\u0159ka Myriam Nicole vybojovala mezi \u017eenami titul u\u017e podruh\u00e9 v\u00a0kari\u00e9\u0159e, kdy\u017e nav\u00e1zala na v\u00edt\u011bzstv\u00ed z\u00a0roku 2019.<\/p>\n<p><a href=\"https:\/\/d2p6e6u75xmxt8.cloudfront.net\/13\/2021\/08\/WLC_MS-MTB_21-Greg-Minnaar.jpg\"><img loading=\"lazy\" decoding=\"async\" class=\"alignnone size-full wp-image-14233\" src=\"https:\/\/d2p6e6u75xmxt8.cloudfront.net\/13\/2021\/08\/WLC_MS-MTB_21-Greg-Minnaar.jpg\" alt=\"\" width=\"1600\" height=\"1067\" \/><\/a><\/p>\n<p>Legenda sjezda\u0159sk\u00fdch discipl\u00edn. Greg Minnaar z\u00a0jihoafrick\u00e9 republiky v\u00a0dev\u011btat\u0159iceti letech zajel fam\u00f3zn\u00ed j\u00edzdu a zlatem potvrdil, \u017ee u\u017e p\u0159es dvacet let pat\u0159\u00ed mezi elitu sv\u00e9 discipl\u00edny.<\/p>\n","protected":false},"excerpt":{"rendered":"<p>Dv\u011b senza\u010dn\u00ed zlat\u00e9 medaile, jedno ob\u0159\u00ed zklam\u00e1n\u00ed. Mistrovstv\u00ed sv\u011bta horsk\u00fdch kol v italsk\u00e9m Val di Sole p\u0159ineslo pestr\u00e9 emoce nejen [&hellip;]<\/p>\n","protected":false},"author":138,"featured_media":14241,"comment_status":"open","ping_status":"open","sticky":false,"template":"","format":"standard","meta":{"footnotes":""},"categories":[11,10],"tags":[1824,1823,126,56,57,1825,1444,1827,886,1826],"global-categories":[411],"class_list":["post-14244","post","type-post","status-publish","format-standard","has-post-thumbnail","hentry","category-horska-cyklistika","category-silnicni-cyklistika","tag-adela-holubova","tag-chris-blevins","tag-cyklistika","tag-horska-cyklistika","tag-horska-kola","tag-michaela-hajkova","tag-ms-2021","tag-ms-horskych-kol","tag-tomas-slavik","tag-val-di-sole","global-categories-cycling"],"yoast_head":"<!-- This site is optimized with the Yoast SEO Premium plugin v25.3 (Yoast SEO v25.9) - https:\/\/yoast.com\/wordpress\/plugins\/seo\/ -->\n<title>Fotoreport\u00e1\u017e z MS horsk\u00fdch kol: dv\u011b \u010desk\u00e1 zlata i jedno ob\u0159\u00ed zklam\u00e1n\u00ed | \u0160koda We Love Cycling - \u010cesk\u00e1 republika<\/title>\n<meta name=\"description\" content=\"Dv\u011b senza\u010dn\u00ed zlat\u00e9 medaile, jedno ob\u0159\u00ed zklam\u00e1n\u00ed. Mistrovstv\u00ed sv\u011bta horsk\u00fdch kol v italsk\u00e9m Val di Sole p\u0159ineslo emoce nejen \u010desk\u00fdm barv\u00e1m.\" \/>\n<meta name=\"robots\" content=\"index, follow, max-snippet:-1, max-image-preview:large, max-video-preview:-1\" \/>\n<link rel=\"canonical\" href=\"https:\/\/www.welovecycling.com\/cs\/2021\/08\/31\/fotoreportaz-z-ms-horskych-kol-dve-ceska-zlata-i-jedno-obri-zklamani\/\" \/>\n<meta property=\"og:locale\" content=\"cs_CZ\" \/>\n<meta property=\"og:type\" content=\"article\" \/>\n<meta property=\"og:title\" content=\"Fotoreport\u00e1\u017e z MS horsk\u00fdch kol: dv\u011b \u010desk\u00e1 zlata i jedno ob\u0159\u00ed zklam\u00e1n\u00ed\" \/>\n<meta property=\"og:description\" content=\"Dv\u011b senza\u010dn\u00ed zlat\u00e9 medaile, jedno ob\u0159\u00ed zklam\u00e1n\u00ed. Mistrovstv\u00ed sv\u011bta horsk\u00fdch kol v italsk\u00e9m Val di Sole p\u0159ineslo emoce nejen \u010desk\u00fdm barv\u00e1m.\" \/>\n<meta property=\"og:url\" content=\"https:\/\/www.welovecycling.com\/cs\/2021\/08\/31\/fotoreportaz-z-ms-horskych-kol-dve-ceska-zlata-i-jedno-obri-zklamani\/\" \/>\n<meta property=\"og:site_name\" content=\"\u0160koda We Love Cycling - \u010cesk\u00e1 republika\" \/>\n<meta property=\"article:published_time\" content=\"2021-08-31T17:00:51+00:00\" \/>\n<meta property=\"og:image\" content=\"https:\/\/d2p6e6u75xmxt8.cloudfront.net\/13\/2021\/08\/WLC_MS-MTB_09-slavik-hajkova.webp\" \/>\n\t<meta property=\"og:image:width\" content=\"1600\" \/>\n\t<meta property=\"og:image:height\" content=\"1067\" \/>\n\t<meta property=\"og:image:type\" content=\"image\/webp\" \/>\n<meta name=\"author\" content=\"radekmalina\" \/>\n<meta name=\"twitter:card\" content=\"summary_large_image\" \/>\n<meta name=\"twitter:label1\" content=\"Written by\" \/>\n\t<meta name=\"twitter:data1\" content=\"Michal \u010cerven\u00fd\" \/>\n\t<meta name=\"twitter:label2\" content=\"Est. reading time\" \/>\n\t<meta name=\"twitter:data2\" content=\"5\" \/>\n<script type=\"application\/ld+json\" class=\"yoast-schema-graph\">{\"@context\":\"https:\/\/schema.org\",\"@graph\":[{\"@type\":\"WebPage\",\"@id\":\"https:\/\/www.welovecycling.com\/cs\/2021\/08\/31\/fotoreportaz-z-ms-horskych-kol-dve-ceska-zlata-i-jedno-obri-zklamani\/\",\"url\":\"https:\/\/www.welovecycling.com\/cs\/2021\/08\/31\/fotoreportaz-z-ms-horskych-kol-dve-ceska-zlata-i-jedno-obri-zklamani\/\",\"name\":\"Fotoreport\u00e1\u017e z MS horsk\u00fdch kol: dv\u011b \u010desk\u00e1 zlata i jedno ob\u0159\u00ed zklam\u00e1n\u00ed | \u0160koda We Love Cycling - \u010cesk\u00e1 republika\",\"isPartOf\":{\"@id\":\"https:\/\/www.welovecycling.com\/cs\/#website\"},\"primaryImageOfPage\":{\"@id\":\"https:\/\/www.welovecycling.com\/cs\/2021\/08\/31\/fotoreportaz-z-ms-horskych-kol-dve-ceska-zlata-i-jedno-obri-zklamani\/#primaryimage\"},\"image\":{\"@id\":\"https:\/\/www.welovecycling.com\/cs\/2021\/08\/31\/fotoreportaz-z-ms-horskych-kol-dve-ceska-zlata-i-jedno-obri-zklamani\/#primaryimage\"},\"thumbnailUrl\":\"https:\/\/d2p6e6u75xmxt8.cloudfront.net\/13\/2021\/08\/WLC_MS-MTB_09-slavik-hajkova.webp\",\"datePublished\":\"2021-08-31T17:00:51+00:00\",\"author\":{\"@id\":\"https:\/\/www.welovecycling.com\/cs\/#\/schema\/person\/d9eeb0a378f3a7e4a6d12d2b536b04b8\"},\"description\":\"Dv\u011b senza\u010dn\u00ed zlat\u00e9 medaile, jedno ob\u0159\u00ed zklam\u00e1n\u00ed. Mistrovstv\u00ed sv\u011bta horsk\u00fdch kol v italsk\u00e9m Val di Sole p\u0159ineslo emoce nejen \u010desk\u00fdm barv\u00e1m.\",\"inLanguage\":\"cs\",\"potentialAction\":[{\"@type\":\"ReadAction\",\"target\":[\"https:\/\/www.welovecycling.com\/cs\/2021\/08\/31\/fotoreportaz-z-ms-horskych-kol-dve-ceska-zlata-i-jedno-obri-zklamani\/\"]}]},{\"@type\":\"ImageObject\",\"inLanguage\":\"cs\",\"@id\":\"https:\/\/www.welovecycling.com\/cs\/2021\/08\/31\/fotoreportaz-z-ms-horskych-kol-dve-ceska-zlata-i-jedno-obri-zklamani\/#primaryimage\",\"url\":\"https:\/\/d2p6e6u75xmxt8.cloudfront.net\/13\/2021\/08\/WLC_MS-MTB_09-slavik-hajkova.webp\",\"contentUrl\":\"https:\/\/d2p6e6u75xmxt8.cloudfront.net\/13\/2021\/08\/WLC_MS-MTB_09-slavik-hajkova.webp\",\"width\":1600,\"height\":1067,\"caption\":\"Michaela H\u00e1jkov\u00e1 a Tom\u00e1\u0161 Slav\u00edk, dvojn\u00e1sobn\u00e1 zlat\u00e1 \u010desk\u00e1 radost.\"},{\"@type\":\"WebSite\",\"@id\":\"https:\/\/www.welovecycling.com\/cs\/#website\",\"url\":\"https:\/\/www.welovecycling.com\/cs\/\",\"name\":\"\u0160koda We Love Cycling - \u010cesk\u00e1 republika\",\"description\":\"WeLoveCycling.cz je online magaz\u00edn, kter\u00fd v\u00e1m pravideln\u011b p\u0159in\u00e1\u0161\u00ed rady a tipy, zaj\u00edmav\u00e9 \u010dl\u00e1nky, videa a jedine\u010dn\u00e9 report\u00e1\u017ee ze sv\u011bta cyklistiky.\",\"potentialAction\":[{\"@type\":\"SearchAction\",\"target\":{\"@type\":\"EntryPoint\",\"urlTemplate\":\"https:\/\/www.welovecycling.com\/cs\/?s={search_term_string}\"},\"query-input\":{\"@type\":\"PropertyValueSpecification\",\"valueRequired\":true,\"valueName\":\"search_term_string\"}}],\"inLanguage\":\"cs\"},{\"@type\":\"Person\",\"@id\":\"https:\/\/www.welovecycling.com\/cs\/#\/schema\/person\/d9eeb0a378f3a7e4a6d12d2b536b04b8\",\"name\":\"radekmalina\",\"image\":{\"@type\":\"ImageObject\",\"inLanguage\":\"cs\",\"@id\":\"https:\/\/www.welovecycling.com\/cs\/#\/schema\/person\/image\/\",\"url\":\"https:\/\/secure.gravatar.com\/avatar\/66994b632cb8c39a46b9f54afa3ae07201b678d32a54275b6f1c9ffec356bfc0?s=96&d=mm&r=g\",\"contentUrl\":\"https:\/\/secure.gravatar.com\/avatar\/66994b632cb8c39a46b9f54afa3ae07201b678d32a54275b6f1c9ffec356bfc0?s=96&d=mm&r=g\",\"caption\":\"radekmalina\"},\"url\":\"https:\/\/www.welovecycling.com\/cs\/author\/radekmalina\/\"}]}<\/script>\n<!-- \/ Yoast SEO Premium plugin. -->","yoast_head_json":{"title":"Fotoreport\u00e1\u017e z MS horsk\u00fdch kol: dv\u011b \u010desk\u00e1 zlata i jedno ob\u0159\u00ed zklam\u00e1n\u00ed | \u0160koda We Love Cycling - \u010cesk\u00e1 republika","description":"Dv\u011b senza\u010dn\u00ed zlat\u00e9 medaile, jedno ob\u0159\u00ed zklam\u00e1n\u00ed. Mistrovstv\u00ed sv\u011bta horsk\u00fdch kol v italsk\u00e9m Val di Sole p\u0159ineslo emoce nejen \u010desk\u00fdm barv\u00e1m.","robots":{"index":"index","follow":"follow","max-snippet":"max-snippet:-1","max-image-preview":"max-image-preview:large","max-video-preview":"max-video-preview:-1"},"canonical":"https:\/\/www.welovecycling.com\/cs\/2021\/08\/31\/fotoreportaz-z-ms-horskych-kol-dve-ceska-zlata-i-jedno-obri-zklamani\/","og_locale":"cs_CZ","og_type":"article","og_title":"Fotoreport\u00e1\u017e z MS horsk\u00fdch kol: dv\u011b \u010desk\u00e1 zlata i jedno ob\u0159\u00ed zklam\u00e1n\u00ed","og_description":"Dv\u011b senza\u010dn\u00ed zlat\u00e9 medaile, jedno ob\u0159\u00ed zklam\u00e1n\u00ed. Mistrovstv\u00ed sv\u011bta horsk\u00fdch kol v italsk\u00e9m Val di Sole p\u0159ineslo emoce nejen \u010desk\u00fdm barv\u00e1m.","og_url":"https:\/\/www.welovecycling.com\/cs\/2021\/08\/31\/fotoreportaz-z-ms-horskych-kol-dve-ceska-zlata-i-jedno-obri-zklamani\/","og_site_name":"\u0160koda We Love Cycling - \u010cesk\u00e1 republika","article_published_time":"2021-08-31T17:00:51+00:00","og_image":[{"width":1600,"height":1067,"url":"https:\/\/d2p6e6u75xmxt8.cloudfront.net\/13\/2021\/08\/WLC_MS-MTB_09-slavik-hajkova.webp","type":"image\/webp"}],"author":"radekmalina","twitter_card":"summary_large_image","twitter_misc":{"Written by":"Michal \u010cerven\u00fd","Est. reading time":"5"},"schema":{"@context":"https:\/\/schema.org","@graph":[{"@type":"WebPage","@id":"https:\/\/www.welovecycling.com\/cs\/2021\/08\/31\/fotoreportaz-z-ms-horskych-kol-dve-ceska-zlata-i-jedno-obri-zklamani\/","url":"https:\/\/www.welovecycling.com\/cs\/2021\/08\/31\/fotoreportaz-z-ms-horskych-kol-dve-ceska-zlata-i-jedno-obri-zklamani\/","name":"Fotoreport\u00e1\u017e z MS horsk\u00fdch kol: dv\u011b \u010desk\u00e1 zlata i jedno ob\u0159\u00ed zklam\u00e1n\u00ed | \u0160koda We Love Cycling - \u010cesk\u00e1 republika","isPartOf":{"@id":"https:\/\/www.welovecycling.com\/cs\/#website"},"primaryImageOfPage":{"@id":"https:\/\/www.welovecycling.com\/cs\/2021\/08\/31\/fotoreportaz-z-ms-horskych-kol-dve-ceska-zlata-i-jedno-obri-zklamani\/#primaryimage"},"image":{"@id":"https:\/\/www.welovecycling.com\/cs\/2021\/08\/31\/fotoreportaz-z-ms-horskych-kol-dve-ceska-zlata-i-jedno-obri-zklamani\/#primaryimage"},"thumbnailUrl":"https:\/\/d2p6e6u75xmxt8.cloudfront.net\/13\/2021\/08\/WLC_MS-MTB_09-slavik-hajkova.webp","datePublished":"2021-08-31T17:00:51+00:00","author":{"@id":"https:\/\/www.welovecycling.com\/cs\/#\/schema\/person\/d9eeb0a378f3a7e4a6d12d2b536b04b8"},"description":"Dv\u011b senza\u010dn\u00ed zlat\u00e9 medaile, jedno ob\u0159\u00ed zklam\u00e1n\u00ed. Mistrovstv\u00ed sv\u011bta horsk\u00fdch kol v italsk\u00e9m Val di Sole p\u0159ineslo emoce nejen \u010desk\u00fdm barv\u00e1m.","inLanguage":"cs","potentialAction":[{"@type":"ReadAction","target":["https:\/\/www.welovecycling.com\/cs\/2021\/08\/31\/fotoreportaz-z-ms-horskych-kol-dve-ceska-zlata-i-jedno-obri-zklamani\/"]}]},{"@type":"ImageObject","inLanguage":"cs","@id":"https:\/\/www.welovecycling.com\/cs\/2021\/08\/31\/fotoreportaz-z-ms-horskych-kol-dve-ceska-zlata-i-jedno-obri-zklamani\/#primaryimage","url":"https:\/\/d2p6e6u75xmxt8.cloudfront.net\/13\/2021\/08\/WLC_MS-MTB_09-slavik-hajkova.webp","contentUrl":"https:\/\/d2p6e6u75xmxt8.cloudfront.net\/13\/2021\/08\/WLC_MS-MTB_09-slavik-hajkova.webp","width":1600,"height":1067,"caption":"Michaela H\u00e1jkov\u00e1 a Tom\u00e1\u0161 Slav\u00edk, dvojn\u00e1sobn\u00e1 zlat\u00e1 \u010desk\u00e1 radost."},{"@type":"WebSite","@id":"https:\/\/www.welovecycling.com\/cs\/#website","url":"https:\/\/www.welovecycling.com\/cs\/","name":"\u0160koda We Love Cycling - \u010cesk\u00e1 republika","description":"WeLoveCycling.cz je online magaz\u00edn, kter\u00fd v\u00e1m pravideln\u011b p\u0159in\u00e1\u0161\u00ed rady a tipy, zaj\u00edmav\u00e9 \u010dl\u00e1nky, videa a jedine\u010dn\u00e9 report\u00e1\u017ee ze sv\u011bta cyklistiky.","potentialAction":[{"@type":"SearchAction","target":{"@type":"EntryPoint","urlTemplate":"https:\/\/www.welovecycling.com\/cs\/?s={search_term_string}"},"query-input":{"@type":"PropertyValueSpecification","valueRequired":true,"valueName":"search_term_string"}}],"inLanguage":"cs"},{"@type":"Person","@id":"https:\/\/www.welovecycling.com\/cs\/#\/schema\/person\/d9eeb0a378f3a7e4a6d12d2b536b04b8","name":"radekmalina","image":{"@type":"ImageObject","inLanguage":"cs","@id":"https:\/\/www.welovecycling.com\/cs\/#\/schema\/person\/image\/","url":"https:\/\/secure.gravatar.com\/avatar\/66994b632cb8c39a46b9f54afa3ae07201b678d32a54275b6f1c9ffec356bfc0?s=96&d=mm&r=g","contentUrl":"https:\/\/secure.gravatar.com\/avatar\/66994b632cb8c39a46b9f54afa3ae07201b678d32a54275b6f1c9ffec356bfc0?s=96&d=mm&r=g","caption":"radekmalina"},"url":"https:\/\/www.welovecycling.com\/cs\/author\/radekmalina\/"}]}},"_links":{"self":[{"href":"https:\/\/www.welovecycling.com\/cs\/wp-json\/wp\/v2\/posts\/14244","targetHints":{"allow":["GET"]}}],"collection":[{"href":"https:\/\/www.welovecycling.com\/cs\/wp-json\/wp\/v2\/posts"}],"about":[{"href":"https:\/\/www.welovecycling.com\/cs\/wp-json\/wp\/v2\/types\/post"}],"author":[{"embeddable":true,"href":"https:\/\/www.welovecycling.com\/cs\/wp-json\/wp\/v2\/users\/138"}],"replies":[{"embeddable":true,"href":"https:\/\/www.welovecycling.com\/cs\/wp-json\/wp\/v2\/comments?post=14244"}],"version-history":[{"count":2,"href":"https:\/\/www.welovecycling.com\/cs\/wp-json\/wp\/v2\/posts\/14244\/revisions"}],"predecessor-version":[{"id":14253,"href":"https:\/\/www.welovecycling.com\/cs\/wp-json\/wp\/v2\/posts\/14244\/revisions\/14253"}],"wp:featuredmedia":[{"embeddable":true,"href":"https:\/\/www.welovecycling.com\/cs\/wp-json\/wp\/v2\/media\/14241"}],"wp:attachment":[{"href":"https:\/\/www.welovecycling.com\/cs\/wp-json\/wp\/v2\/media?parent=14244"}],"wp:term":[{"taxonomy":"category","embeddable":true,"href":"https:\/\/www.welovecycling.com\/cs\/wp-json\/wp\/v2\/categories?post=14244"},{"taxonomy":"post_tag","embeddable":true,"href":"https:\/\/www.welovecycling.com\/cs\/wp-json\/wp\/v2\/tags?post=14244"},{"taxonomy":"global-categories","embeddable":true,"href":"https:\/\/www.welovecycling.com\/cs\/wp-json\/wp\/v2\/global-categories?post=14244"}],"curies":[{"name":"wp","href":"https:\/\/api.w.org\/{rel}","templated":true}]}}