{"id":13874,"date":"2021-08-02T07:00:47","date_gmt":"2021-08-02T05:00:47","guid":{"rendered":"https:\/\/www.welovecycling.com\/cs\/?p=13874"},"modified":"2021-08-02T14:40:03","modified_gmt":"2021-08-02T12:40:03","slug":"spasa-prisla-z-tabora-tomas-babek-vsadil-na-svadleny-s-metrem-misto-vetrneho-tunelu","status":"publish","type":"post","link":"https:\/\/www.welovecycling.com\/cs\/2021\/08\/02\/spasa-prisla-z-tabora-tomas-babek-vsadil-na-svadleny-s-metrem-misto-vetrneho-tunelu\/","title":{"rendered":"Sp\u00e1sa p\u0159i\u0161la z\u00a0T\u00e1bora! Tom\u00e1\u0161 B\u00e1bek vsadil na \u0161vadleny s metrem m\u00edsto v\u011btrn\u00e9ho tunelu"},"content":{"rendered":"<p><strong>V\u011btrn\u00e9 tunely, 3D scannery, speci\u00e1ln\u00ed \u010dipy na t\u011ble&#8230; Vrcholov\u00e1 cyklistika jednadvac\u00e1t\u00e9ho stolet\u00ed je mimo\u0159\u00e1dn\u00e1 v\u011bda. Ti nejlep\u0161\u00ed investuj\u00ed miliony eur. Zejm\u00e9na v\u00a0p\u0159\u00edpad\u011b dr\u00e1hov\u00e9 cyklistiky se hledaj\u00ed tis\u00edciny vte\u0159in, kter\u00e9 mohou v\u00a0kone\u010dn\u00e9m d\u016fsledku znamenat rozd\u00edl mezi sl\u00e1vou a zatracen\u00edm. Lze elit\u011b konkurovat s\u00a0minim\u00e1ln\u00edmi finan\u010dn\u00edmi prost\u0159edky. U\u017e brzy bude jasn\u00e1 odpov\u011b\u010f.<\/strong><\/p>\n<p>\u010cesk\u00fd reprezentant Tom\u00e1\u0161 B\u00e1bek, adept na zlatou olympijskou medaili z\u00a0dr\u00e1hov\u00e9 cyklistiky v\u00a0Tokiu, sice pojede ve speci\u00e1ln\u00ed kombin\u00e9ze, ov\u0161em jej\u00ed p\u0159\u00edprava pro japonsk\u00e9 hry trvala pouh\u00fd m\u011bs\u00edc! A m\u00edsto v\u0161ech modern\u00edch technologi\u00ed p\u0159i\u0161el ke slovu klasick\u00fd krej\u010dovsk\u00fd metr, sp\u00ednac\u00ed \u0161pendl\u00edky a notn\u00e1 d\u00e1vka improvizace!<\/p>\n<p>B\u00e1bek cht\u011bl pro \u017eivotn\u00ed z\u00e1vod vyu\u017e\u00edt slu\u017eeb specializovan\u00e9 spole\u010dnosti, kter\u00e1 mu m\u011bla vyrobit kombin\u00e9zu na t\u011blo ve Velk\u00e9 Brit\u00e1nii. Jen\u017ee p\u011bt t\u00fddn\u016f p\u0159ed startem her se rod\u00e1k z\u00a0Brna dozv\u011bd\u011bl, \u017ee spolupr\u00e1ce nebude napln\u011bna. A musel rychle improvizovat.<\/p>\n<h2><strong>Bonusem zku\u0161enosti z velodromu v Manchesteru<\/strong><\/h2>\n<p>Sice toti\u017e u\u0161et\u0159il bezm\u00e1la \u010dtvrt milionu korun, kter\u00e9 podle dostupn\u00fdch informac\u00ed spole\u010dnost po\u017eaduje za zhotoven\u00ed kombin\u00e9zy na m\u00edru s\u00a0vyu\u017eit\u00ed v\u011btrn\u00e9ho tunelu a 3D scanneru, jen\u017ee nem\u011bl v\u00a0\u010dem startovat na olympijsk\u00fdch hr\u00e1ch.<\/p>\n<p>A tak p\u0159i\u0161el ke slovu dodavatel dres\u016f \u010desk\u00e9 reprezentace z T\u00e1bora, kter\u00fd dal p\u016fvodn\u011b B\u00e1bkovi \u201etich\u00fd\u201c souhlas s vyu\u017eit\u00edm specializovan\u00e9 firmy. \u201eNa\u0161\u00ed obrovskou v\u00fdhodou je, \u017ee jsme p\u0159ipravovali kombin\u00e9ze pro n\u00e1rodn\u00ed t\u00fdm Velk\u00e9 Brit\u00e1nie \u010di t\u00fdm Alpecin Fenix a jejich l\u00eddra Mathieu van der Poela. V p\u0159\u00edpad\u011b britsk\u00e9 reprezentace se jednalo o osmn\u00e1ct m\u011bs\u00edc\u016f v\u00fdvoje. Za fin\u00e1ln\u00ed verz\u00ed je 40 prototyp\u016f \u010di r\u016fzn\u00fdch modifikac\u00ed. Vyrobili jsme vlastn\u011b t\u0159i sta kus\u016f kombin\u00e9z, kter\u00e9 testovali brit\u0161t\u00ed cyklist\u00e9 nap\u0159\u00ed\u010d discipl\u00ednami, ne\u017e jsme dostali zelenou k v\u00fdrob\u011b kone\u010dn\u00e9ho produktu,\u201c vysv\u011btluje Franti\u0161ek Rabo\u0148, marketingov\u00fd \u0159editel firmy Kalas.<\/p>\n<figure id=\"attachment_13965\" aria-describedby=\"caption-attachment-13965\" style=\"width: 829px\" class=\"wp-caption alignnone\"><a href=\"https:\/\/d2p6e6u75xmxt8.cloudfront.net\/13\/2021\/08\/babek-tokio.PNG.png\"><img loading=\"lazy\" decoding=\"async\" class=\" wp-image-13965\" src=\"https:\/\/d2p6e6u75xmxt8.cloudfront.net\/13\/2021\/08\/babek-tokio.PNG.png\" alt=\"Tom\u00e1\u0161 B\u00e1bek v nov\u00e9 kombin\u00e9ze pro olympijsk\u00e9 hry na velodromu v Izu p\u0159i prvn\u00edm tr\u00e9ninku. Foto: archiv Tom\u00e1\u0161e B\u00e1bka\" width=\"829\" height=\"467\" \/><\/a><figcaption id=\"caption-attachment-13965\" class=\"wp-caption-text\"><em>Tom\u00e1\u0161 B\u00e1bek v nov\u00e9 kombin\u00e9ze pro olympijsk\u00e9 hry na velodromu v Izu p\u0159i prvn\u00edm tr\u00e9ninku. Foto: archiv Tom\u00e1\u0161e B\u00e1bka<\/em><\/figcaption><\/figure>\n<p>V T\u00e1bo\u0159e pochopiteln\u011b nemaj\u00ed k dispozici v\u011btrn\u00fd tunel. Firma z jihu \u010cech v p\u0159\u00edpad\u011b spolupr\u00e1ce s britsk\u00fdm t\u00fdmem t\u011b\u017e\u00ed z v\u00fdjime\u010dnosti velodromu v Manchesteru, kter\u00fd p\u0159ipom\u00edn\u00e1 vesm\u00edrnou laborato\u0159 a jej\u00ed\u017e vybudov\u00e1n\u00ed p\u0159i\u0161lo na p\u016fl miliardy liber. \u201eNa dr\u00e1ze i kolem jsou um\u00edst\u011bny tis\u00edce senzor\u016f, speci\u00e1ln\u00ed kamery jsou na st\u0159e\u0161e a st\u011bn\u00e1ch, nechyb\u00ed \u010didla na proud\u011bn\u00ed vzduchu v hale. Je to skute\u010dn\u011b neuv\u011b\u0159iteln\u00e1 alchymie,\u201c p\u0159izn\u00e1v\u00e1 Rabo\u0148.<\/p>\n<p>Postupn\u011b se m\u011bn\u00ed t\u0159eba l\u00e1tka na p\u0159edlokt\u00edch, zm\u011b\u0159\u00ed se \u010dasy a v\u00fdsledky zaznamenaj\u00ed. U dal\u0161\u00edho kusu se modifikuje poloha zipu a znovu dojde k\u00a0zanesen\u00ed \u010dasu. Jin\u00e1 verze t\u0159eba sk\u00fdt\u00e1 hlub\u0161\u00ed v\u00fdst\u0159ih, dal\u0161\u00ed zm\u011bnu l\u00e1tky pou\u017eit\u00e9 na z\u00e1dech.<\/p>\n<div class=\"shortcode-ys-post-pinup\"><article class=\"loop-simple post-13808 post type-post status-publish format-standard has-post-thumbnail hentry category-silnicni-cyklistika tag-cyklistika tag-jiri-jezek tag-letape-czech-republic-by-tour-de-france-2021 tag-letape-czech-republic-by-tour-de-france tag-silnicni-cyklistika tag-tour-de-france tag-trenink global-categories-cycling\" data-postid=\"13808\" role=\"article\" data-post-id=\"13808\" data-word-count=\"671\" data-headline-length=\"93\" data-category=\"Silni\u010dn\u00ed cyklistika\" data-global-category=\"Cycling\" data-author=\"We Love Cycling\" data-published=\"2021-07-28T06:00:00+02:00\" data-published-day=\"Wednesday\">\n    <div class=\"entry-thumbnail article-thumbnail\" content=\"https:\/\/d2p6e6u75xmxt8.cloudfront.net\/13\/2021\/07\/WLC_Jiri-Jezek_042021_19-scaled-150x150.webp\"><a href=\"https:\/\/www.welovecycling.com\/cs\/2021\/07\/28\/v-jezkove-reviru-silenstvi-letape-czech-republic-by-tour-de-france-se-blizi\/\" class=\"image-holder\" target=\"_self\"><img decoding=\"async\" loading=\"lazy\" class=\"\" src=\"https:\/\/d2p6e6u75xmxt8.cloudfront.net\/13\/2021\/07\/WLC_Jiri-Jezek_042021_19-scaled-1024x683.webp\" srcset=\"https:\/\/d2p6e6u75xmxt8.cloudfront.net\/13\/2021\/07\/WLC_Jiri-Jezek_042021_19-scaled.webp 2560w, https:\/\/d2p6e6u75xmxt8.cloudfront.net\/13\/2021\/07\/WLC_Jiri-Jezek_042021_19-scaled-300x200.webp 300w, https:\/\/d2p6e6u75xmxt8.cloudfront.net\/13\/2021\/07\/WLC_Jiri-Jezek_042021_19-scaled-1024x683.webp 1024w, https:\/\/d2p6e6u75xmxt8.cloudfront.net\/13\/2021\/07\/WLC_Jiri-Jezek_042021_19-scaled-768x512.webp 768w, https:\/\/d2p6e6u75xmxt8.cloudfront.net\/13\/2021\/07\/WLC_Jiri-Jezek_042021_19-scaled-1536x1024.webp 1536w, https:\/\/d2p6e6u75xmxt8.cloudfront.net\/13\/2021\/07\/WLC_Jiri-Jezek_042021_19-scaled-2048x1366.webp 2048w, https:\/\/d2p6e6u75xmxt8.cloudfront.net\/13\/2021\/07\/WLC_Jiri-Jezek_042021_19-scaled-1920x1280.webp 1920w, https:\/\/d2p6e6u75xmxt8.cloudfront.net\/13\/2021\/07\/WLC_Jiri-Jezek_042021_19-scaled-272x182.webp 272w, https:\/\/d2p6e6u75xmxt8.cloudfront.net\/13\/2021\/07\/WLC_Jiri-Jezek_042021_19-scaled-1920x1280.webp 1920w\" width=\"1024\" height=\"683\" sizes=\"auto, (min-width: 1200px) 300px, (min-width: 768px) 25vw, 100vw\" alt=\"v-jezkove-reviru-silenstvi-letape-czech-republic-by-tour-de-france-se-blizi\"\/><\/a><\/div>    <div class=\"entry-meta\">\n        <a class=\"label label-secondary post-category\" href=\"https:\/\/www.welovecycling.com\/cs\/category\/silnicni-cyklistika\/\" title=\"Silni\u010dn\u00ed cyklistika\">Silni\u010dn\u00ed cyklistika<\/a>\n    <\/div>\n    <div class=\"entry-details\">\n        <a href=\"https:\/\/www.welovecycling.com\/cs\/2021\/07\/28\/v-jezkove-reviru-silenstvi-letape-czech-republic-by-tour-de-france-se-blizi\/\" class='entry-title-wrapper'>\n            <h3 class=\"entry-title\"><span>V\u00a0Je\u017ekov\u011b rev\u00edru! \u0160\u00edlenstv\u00ed L&#8217;Etape Czech Republic by Tour de France se bl\u00ed\u017e\u00ed<\/span><\/h3>\n        <\/a>\n    <\/div>\n    <\/article>\n<\/div>\n<p>\u201eJakkoliv je d\u016fle\u017eit\u00e9 slo\u017een\u00ed jednotliv\u00fdch parti\u00ed a kombinace materi\u00e1lu, kl\u00ed\u010dov\u00e1 je stejn\u011b ve fin\u00e1le velikost. Pokud z\u00e1vodn\u00edkovi kombin\u00e9za nesed\u00ed a je v\u011bt\u0161\u00ed, by\u0165 o jedin\u00e9 \u010d\u00edslo, je k ni\u010demu. A to bylo kl\u00ed\u010dov\u00e9 i v p\u0159\u00edpad\u011b Tom\u00e1\u0161e B\u00e1bka, proto\u017ee nebyl \u010das na n\u011bjak\u00e9 experimentov\u00e1n\u00ed,\u201c vypravuje Rabo\u0148.<\/p>\n<h2><strong>U\u0161et\u0159il skoro \u010dtvrt milionu<\/strong><\/h2>\n<p>B\u00e1bek dostal pokyn dorazit do T\u00e1bora i s kolem. Z\u00e1stupci firmy p\u0159ipravili v\u00e1lce a \u00fa\u0159aduj\u00edc\u00ed mistr Evropy v s\u00eddle firmy usedl na kolo. Kolem se srotily \u0161vadleny a krej\u010dovsk\u00fdm metrem zaznamen\u00e1valy proporce \u00fa\u0159aduj\u00edc\u00edho mistra Evropy na kilometr s pevn\u00fdm startem.<\/p>\n<p>\u201eVyrobilo se n\u011bkolik prototyp\u016f. Odeslali jsme je za Tom\u00e1\u0161em na soust\u0159ed\u011bn\u00ed do Bulharska. Prost\u0159ednictv\u00edm online hovor\u016f jsme vyla\u010fovali detaily. P\u00e1rkr\u00e1t Tom\u00e1\u0161 poslal fotku, jestli by \u0161lo ud\u011blat drobnou modifikaci konkr\u00e9tn\u00edch m\u00edst. A v den zah\u00e1jen\u00ed olympi\u00e1dy jsme mu odeslali fin\u00e1ln\u00ed verzi,&#8220; popisuje celou anab\u00e1zi Rabo\u0148. &#8220;<\/p>\n<p>V T\u00e1bo\u0159e pak p\u0159ipravili pro B\u00e1bka je\u0161t\u011b dv\u011b drobn\u00e9 vychyt\u00e1vky. Speci\u00e1ln\u00ed n\u00edzk\u00e9 pono\u017eky, a pak aerodynamick\u00e9 n\u00e1vleky. Dr\u00e1ha\u0159i maj\u00ed toti\u017e v noh\u00e1ch takovou s\u00edlu, \u017ee nohy nejsou k ped\u00e1l\u016fm fixovan\u00e9 pouze \u201ez\u00e1mky\u201c na tretr\u00e1ch, ale je\u0161t\u011b speci\u00e1ln\u00edmi \u0159em\u00ednky. A ty mohou z\u00e1vodn\u00edka obrat o tis\u00edciny vte\u0159iny. Tud\u00ed\u017e v T\u00e1bo\u0159e nachystali pro \u010desk\u00e9ho reprezentanta n\u00e1vleky, kter\u00e9 lze p\u0159et\u00e1hnout teprve p\u0159es zafixovanou nohu. Zd\u00e1nliv\u00e1 prkotina, kter\u00e1 v\u0161ak m\u016f\u017ee rozhodovat.<\/p>\n<figure id=\"attachment_12050\" aria-describedby=\"caption-attachment-12050\" style=\"width: 1600px\" class=\"wp-caption alignnone\"><a href=\"https:\/\/d2p6e6u75xmxt8.cloudfront.net\/13\/2021\/03\/WLC-kral-cyklistiky-babek-3.jpg\"><img loading=\"lazy\" decoding=\"async\" class=\"size-full wp-image-12050\" src=\"https:\/\/d2p6e6u75xmxt8.cloudfront.net\/13\/2021\/03\/WLC-kral-cyklistiky-babek-3.jpg\" alt=\"Tom\u00e1\u0161 B\u00e1bek s trofej\u00ed pro Kr\u00e1le cyklistiky za rok 2020. Foto: Michal \u010cerven\u00fd\" width=\"1600\" height=\"1067\" \/><\/a><figcaption id=\"caption-attachment-12050\" class=\"wp-caption-text\"><em>Tom\u00e1\u0161 B\u00e1bek s trofej\u00ed pro Kr\u00e1le cyklistiky za rok 2020. Foto: Michal \u010cerven\u00fd<\/em><\/figcaption><\/figure>\n<p>A to nejlep\u0161\u00ed na z\u00e1v\u011br? \u201eCena kombin\u00e9zy, respektive cel\u00e9ho setu, rozhodn\u011b nep\u0159ekra\u010duje deset tis\u00edc korun,\u201c \u0159\u00edk\u00e1 Rabo\u0148. Jak je mo\u017en\u00e9, \u017ee B\u00e1bkovi cht\u011bli za kan\u00e1lem La Manche \u00fa\u010dtovat p\u011btadvacetkr\u00e1t v\u00edce. \u201eJde o marketing. Tamn\u00ed v\u00fdrobce ur\u010dit\u011b nem\u00e1 k dispozici jin\u00e9 materi\u00e1ly. Tom\u00e1\u0161 se nem\u00e1 d\u016fvod k obav\u00e1m. Z psychick\u00e9ho hlediska se nemus\u00ed tr\u00e1pit. M\u00e1 k dispozici nejlep\u0161\u00ed materi\u00e1l, kter\u00fd je na trhu. A rychlostn\u00ed discipl\u00edny jsou hlavn\u011b o hlav\u011b, proto\u017ee tihle kluci jsou zatracen\u011b rychl\u00ed v\u0161ichni do jednoho,\u201c sm\u011bje se Rabo\u0148.<\/p>\n<div class=\"shortcode-ys-post-pinup\"><article class=\"loop-simple post-12047 post type-post status-publish format-standard has-post-thumbnail hentry category-drahova-cyklistika tag-cyklistika tag-drahova-cyklistika tag-dukla-brno tag-kral-cyklistiky-2020 tag-olympijske-hry tag-tokio-2021 tag-tomas-babek tag-trenink tag-zdravi-a-trenink global-categories-cycling\" data-postid=\"12047\" role=\"article\" data-post-id=\"12047\" data-word-count=\"567\" data-headline-length=\"123\" data-category=\"Dr\u00e1hov\u00e1 cyklistika\" data-global-category=\"Cycling\" data-author=\"We Love Cycling\" data-published=\"2021-03-19T23:30:04+02:00\" data-published-day=\"Friday\">\n    <div class=\"entry-thumbnail article-thumbnail\" content=\"https:\/\/d2p6e6u75xmxt8.cloudfront.net\/13\/2021\/03\/WLC-kral-cyklistiky-babek-3-150x150.webp\"><a href=\"https:\/\/www.welovecycling.com\/cs\/2021\/03\/19\/jak-se-kral-cyklistiky-tomas-babek-chysta-na-tokio-rano-ledova-sprcha-v-posilovne-nalozit-500-kilogramu\/\" class=\"image-holder\" target=\"_self\"><img decoding=\"async\" loading=\"lazy\" class=\"\" src=\"https:\/\/d2p6e6u75xmxt8.cloudfront.net\/13\/2021\/03\/WLC-kral-cyklistiky-babek-3-1024x683.webp\" srcset=\"https:\/\/d2p6e6u75xmxt8.cloudfront.net\/13\/2021\/03\/WLC-kral-cyklistiky-babek-3.webp 1600w, https:\/\/d2p6e6u75xmxt8.cloudfront.net\/13\/2021\/03\/WLC-kral-cyklistiky-babek-3-300x200.webp 300w, https:\/\/d2p6e6u75xmxt8.cloudfront.net\/13\/2021\/03\/WLC-kral-cyklistiky-babek-3-1024x683.webp 1024w, https:\/\/d2p6e6u75xmxt8.cloudfront.net\/13\/2021\/03\/WLC-kral-cyklistiky-babek-3-768x512.webp 768w, https:\/\/d2p6e6u75xmxt8.cloudfront.net\/13\/2021\/03\/WLC-kral-cyklistiky-babek-3-1536x1024.webp 1536w, https:\/\/d2p6e6u75xmxt8.cloudfront.net\/13\/2021\/03\/WLC-kral-cyklistiky-babek-3-272x182.webp 272w\" width=\"1024\" height=\"683\" sizes=\"auto, (min-width: 1200px) 300px, (min-width: 768px) 25vw, 100vw\" alt=\"jak-se-kral-cyklistiky-tomas-babek-chysta-na-tokio-rano-ledova-sprcha-v-posilovne-nalozit-500-kilogramu\"\/><\/a><\/div>    <div class=\"entry-meta\">\n        <a class=\"label label-secondary post-category\" href=\"https:\/\/www.welovecycling.com\/cs\/category\/drahova-cyklistika\/\" title=\"Dr\u00e1hov\u00e1 cyklistika\">Dr\u00e1hov\u00e1 cyklistika<\/a>\n    <\/div>\n    <div class=\"entry-details\">\n        <a href=\"https:\/\/www.welovecycling.com\/cs\/2021\/03\/19\/jak-se-kral-cyklistiky-tomas-babek-chysta-na-tokio-rano-ledova-sprcha-v-posilovne-nalozit-500-kilogramu\/\" class='entry-title-wrapper'>\n            <h3 class=\"entry-title\"><span>Jak se Kr\u00e1l cyklistiky Tom\u00e1\u0161 B\u00e1bek chyst\u00e1 na Tokio? R\u00e1no ledov\u00e1 sprcha, v\u00a0posilovn\u011b nalo\u017eit 500 kilogram\u016f&#8230;<\/span><\/h3>\n        <\/a>\n    <\/div>\n    <\/article>\n<\/div>\n<p>Poraz\u00ed B\u00e1bek borce vybaven\u00e9 kombin\u00e9zami za statis\u00edce? U\u017e brzy dost mo\u017en\u00e1 v T\u00e1bo\u0159e na ze\u010f sl\u00e1vy vedle \u017elut\u00e9ho dresu l\u00eddra Tour de France (Mathieu van der Poel) p\u0159ibude i trikot ozdoben\u00fd olympijskou medail\u00ed z Tokia. A v\u011b\u0159te, \u017ee v p\u0159\u00edpad\u011b z\u00e1jmu si m\u016f\u017eete zcela toto\u017enou kombin\u00e9zu, v n\u00ed\u017e pojede Tom\u00e1\u0161 B\u00e1bek na velodromu v Izu o zlato, koupit pro vlastn\u00ed pot\u0159eby. Podle pravidel toti\u017e mus\u00ed b\u00fdt trikoty pou\u017eit\u00e9 p\u0159i z\u00e1vodech komer\u010dn\u011b dostupn\u00e9.<\/p>\n","protected":false},"excerpt":{"rendered":"<p>V\u011btrn\u00e9 tunely, 3D scannery, speci\u00e1ln\u00ed \u010dipy na t\u011ble&#8230; Vrcholov\u00e1 cyklistika jednadvac\u00e1t\u00e9ho stolet\u00ed je mimo\u0159\u00e1dn\u00e1 v\u011bda. Ti nejlep\u0161\u00ed investuj\u00ed miliony eur. [&hellip;]<\/p>\n","protected":false},"author":138,"featured_media":8272,"comment_status":"open","ping_status":"open","sticky":false,"template":"","format":"standard","meta":{"footnotes":""},"categories":[1516],"tags":[1004,1775,1087,1779,1495,1773,1774,617,1730,841,1768,1007],"global-categories":[411],"class_list":["post-13874","post","type-post","status-publish","format-standard","has-post-thumbnail","hentry","category-drahova-cyklistika","tag-drahova-cyklistika","tag-dres","tag-frantisek-rabon","tag-izu","tag-kalas","tag-keirin","tag-kombineza","tag-olympijske-hry","tag-tokio","tag-tokio-2020","tag-tokyo-2020","tag-tomas-babek","global-categories-cycling"],"yoast_head":"<!-- This site is optimized with the Yoast SEO Premium plugin v25.3 (Yoast SEO v25.9) - https:\/\/yoast.com\/wordpress\/plugins\/seo\/ -->\n<title>Sp\u00e1sa p\u0159i\u0161la z\u00a0T\u00e1bora! Tom\u00e1\u0161 B\u00e1bek vsadil na \u0161vadleny s metrem m\u00edsto v\u011btrn\u00e9ho tunelu | \u0160koda We Love Cycling - \u010cesk\u00e1 republika<\/title>\n<meta name=\"description\" content=\"Tom\u00e1\u0161 B\u00e1bek pojede o zlato na olympi\u00e1d\u011b v kombin\u00e9ze z T\u00e1bora. M\u016f\u017ee porazit borce v oble\u010den\u00ed z v\u011btrn\u00fdch tunel\u016f a 3D scanner\u016f?\" \/>\n<meta name=\"robots\" content=\"index, follow, max-snippet:-1, max-image-preview:large, max-video-preview:-1\" \/>\n<link rel=\"canonical\" href=\"https:\/\/www.welovecycling.com\/cs\/2021\/08\/02\/spasa-prisla-z-tabora-tomas-babek-vsadil-na-svadleny-s-metrem-misto-vetrneho-tunelu\/\" \/>\n<meta property=\"og:locale\" content=\"cs_CZ\" \/>\n<meta property=\"og:type\" content=\"article\" \/>\n<meta property=\"og:title\" content=\"Sp\u00e1sa p\u0159i\u0161la z\u00a0T\u00e1bora! Tom\u00e1\u0161 B\u00e1bek vsadil na \u0161vadleny s metrem m\u00edsto v\u011btrn\u00e9ho tunelu\" \/>\n<meta property=\"og:description\" content=\"Tom\u00e1\u0161 B\u00e1bek pojede o zlato na olympi\u00e1d\u011b v kombin\u00e9ze z T\u00e1bora. M\u016f\u017ee porazit borce v oble\u010den\u00ed z v\u011btrn\u00fdch tunel\u016f a 3D scanner\u016f?\" \/>\n<meta property=\"og:url\" content=\"https:\/\/www.welovecycling.com\/cs\/2021\/08\/02\/spasa-prisla-z-tabora-tomas-babek-vsadil-na-svadleny-s-metrem-misto-vetrneho-tunelu\/\" \/>\n<meta property=\"og:site_name\" content=\"\u0160koda We Love Cycling - \u010cesk\u00e1 republika\" \/>\n<meta property=\"article:published_time\" content=\"2021-08-02T05:00:47+00:00\" \/>\n<meta property=\"article:modified_time\" content=\"2021-08-02T12:40:03+00:00\" \/>\n<meta property=\"og:image\" content=\"https:\/\/d2p6e6u75xmxt8.cloudfront.net\/13\/2020\/07\/dr\u00e1ha-8-1.webp\" \/>\n\t<meta property=\"og:image:width\" content=\"1600\" \/>\n\t<meta property=\"og:image:height\" content=\"1067\" \/>\n\t<meta property=\"og:image:type\" content=\"image\/webp\" \/>\n<meta name=\"author\" content=\"radekmalina\" \/>\n<meta name=\"twitter:card\" content=\"summary_large_image\" \/>\n<meta name=\"twitter:label1\" content=\"Written by\" \/>\n\t<meta name=\"twitter:data1\" content=\"We Love Cycling\" \/>\n\t<meta name=\"twitter:label2\" content=\"Est. reading time\" \/>\n\t<meta name=\"twitter:data2\" content=\"5\" \/>\n<script type=\"application\/ld+json\" class=\"yoast-schema-graph\">{\"@context\":\"https:\/\/schema.org\",\"@graph\":[{\"@type\":\"WebPage\",\"@id\":\"https:\/\/www.welovecycling.com\/cs\/2021\/08\/02\/spasa-prisla-z-tabora-tomas-babek-vsadil-na-svadleny-s-metrem-misto-vetrneho-tunelu\/\",\"url\":\"https:\/\/www.welovecycling.com\/cs\/2021\/08\/02\/spasa-prisla-z-tabora-tomas-babek-vsadil-na-svadleny-s-metrem-misto-vetrneho-tunelu\/\",\"name\":\"Sp\u00e1sa p\u0159i\u0161la z\u00a0T\u00e1bora! Tom\u00e1\u0161 B\u00e1bek vsadil na \u0161vadleny s metrem m\u00edsto v\u011btrn\u00e9ho tunelu | \u0160koda We Love Cycling - \u010cesk\u00e1 republika\",\"isPartOf\":{\"@id\":\"https:\/\/www.welovecycling.com\/cs\/#website\"},\"primaryImageOfPage\":{\"@id\":\"https:\/\/www.welovecycling.com\/cs\/2021\/08\/02\/spasa-prisla-z-tabora-tomas-babek-vsadil-na-svadleny-s-metrem-misto-vetrneho-tunelu\/#primaryimage\"},\"image\":{\"@id\":\"https:\/\/www.welovecycling.com\/cs\/2021\/08\/02\/spasa-prisla-z-tabora-tomas-babek-vsadil-na-svadleny-s-metrem-misto-vetrneho-tunelu\/#primaryimage\"},\"thumbnailUrl\":\"https:\/\/d2p6e6u75xmxt8.cloudfront.net\/13\/2020\/07\/dr\u00e1ha-8-1.webp\",\"datePublished\":\"2021-08-02T05:00:47+00:00\",\"dateModified\":\"2021-08-02T12:40:03+00:00\",\"author\":{\"@id\":\"https:\/\/www.welovecycling.com\/cs\/#\/schema\/person\/d9eeb0a378f3a7e4a6d12d2b536b04b8\"},\"description\":\"Tom\u00e1\u0161 B\u00e1bek pojede o zlato na olympi\u00e1d\u011b v kombin\u00e9ze z T\u00e1bora. M\u016f\u017ee porazit borce v oble\u010den\u00ed z v\u011btrn\u00fdch tunel\u016f a 3D scanner\u016f?\",\"inLanguage\":\"cs\",\"potentialAction\":[{\"@type\":\"ReadAction\",\"target\":[\"https:\/\/www.welovecycling.com\/cs\/2021\/08\/02\/spasa-prisla-z-tabora-tomas-babek-vsadil-na-svadleny-s-metrem-misto-vetrneho-tunelu\/\"]}]},{\"@type\":\"ImageObject\",\"inLanguage\":\"cs\",\"@id\":\"https:\/\/www.welovecycling.com\/cs\/2021\/08\/02\/spasa-prisla-z-tabora-tomas-babek-vsadil-na-svadleny-s-metrem-misto-vetrneho-tunelu\/#primaryimage\",\"url\":\"https:\/\/d2p6e6u75xmxt8.cloudfront.net\/13\/2020\/07\/dr\u00e1ha-8-1.webp\",\"contentUrl\":\"https:\/\/d2p6e6u75xmxt8.cloudfront.net\/13\/2020\/07\/dr\u00e1ha-8-1.webp\",\"width\":1600,\"height\":1067,\"caption\":\"Tom\u00e1\u0161 B\u00e1bek, dr\u00e1hov\u00fd cyklista, kter\u00fd by mohl ukon\u010dit \u010dek\u00e1n\u00ed \u010desk\u00e9 dr\u00e1hov\u00e9 cyklistiky na olympijskou medaili. Foto: Michal \u010cerven\u00fd\"},{\"@type\":\"WebSite\",\"@id\":\"https:\/\/www.welovecycling.com\/cs\/#website\",\"url\":\"https:\/\/www.welovecycling.com\/cs\/\",\"name\":\"\u0160koda We Love Cycling - \u010cesk\u00e1 republika\",\"description\":\"WeLoveCycling.cz je online magaz\u00edn, kter\u00fd v\u00e1m pravideln\u011b p\u0159in\u00e1\u0161\u00ed rady a tipy, zaj\u00edmav\u00e9 \u010dl\u00e1nky, videa a jedine\u010dn\u00e9 report\u00e1\u017ee ze sv\u011bta cyklistiky.\",\"potentialAction\":[{\"@type\":\"SearchAction\",\"target\":{\"@type\":\"EntryPoint\",\"urlTemplate\":\"https:\/\/www.welovecycling.com\/cs\/?s={search_term_string}\"},\"query-input\":{\"@type\":\"PropertyValueSpecification\",\"valueRequired\":true,\"valueName\":\"search_term_string\"}}],\"inLanguage\":\"cs\"},{\"@type\":\"Person\",\"@id\":\"https:\/\/www.welovecycling.com\/cs\/#\/schema\/person\/d9eeb0a378f3a7e4a6d12d2b536b04b8\",\"name\":\"radekmalina\",\"image\":{\"@type\":\"ImageObject\",\"inLanguage\":\"cs\",\"@id\":\"https:\/\/www.welovecycling.com\/cs\/#\/schema\/person\/image\/\",\"url\":\"https:\/\/secure.gravatar.com\/avatar\/66994b632cb8c39a46b9f54afa3ae07201b678d32a54275b6f1c9ffec356bfc0?s=96&d=mm&r=g\",\"contentUrl\":\"https:\/\/secure.gravatar.com\/avatar\/66994b632cb8c39a46b9f54afa3ae07201b678d32a54275b6f1c9ffec356bfc0?s=96&d=mm&r=g\",\"caption\":\"radekmalina\"},\"url\":\"https:\/\/www.welovecycling.com\/cs\/author\/radekmalina\/\"}]}<\/script>\n<!-- \/ Yoast SEO Premium plugin. -->","yoast_head_json":{"title":"Sp\u00e1sa p\u0159i\u0161la z\u00a0T\u00e1bora! Tom\u00e1\u0161 B\u00e1bek vsadil na \u0161vadleny s metrem m\u00edsto v\u011btrn\u00e9ho tunelu | \u0160koda We Love Cycling - \u010cesk\u00e1 republika","description":"Tom\u00e1\u0161 B\u00e1bek pojede o zlato na olympi\u00e1d\u011b v kombin\u00e9ze z T\u00e1bora. M\u016f\u017ee porazit borce v oble\u010den\u00ed z v\u011btrn\u00fdch tunel\u016f a 3D scanner\u016f?","robots":{"index":"index","follow":"follow","max-snippet":"max-snippet:-1","max-image-preview":"max-image-preview:large","max-video-preview":"max-video-preview:-1"},"canonical":"https:\/\/www.welovecycling.com\/cs\/2021\/08\/02\/spasa-prisla-z-tabora-tomas-babek-vsadil-na-svadleny-s-metrem-misto-vetrneho-tunelu\/","og_locale":"cs_CZ","og_type":"article","og_title":"Sp\u00e1sa p\u0159i\u0161la z\u00a0T\u00e1bora! Tom\u00e1\u0161 B\u00e1bek vsadil na \u0161vadleny s metrem m\u00edsto v\u011btrn\u00e9ho tunelu","og_description":"Tom\u00e1\u0161 B\u00e1bek pojede o zlato na olympi\u00e1d\u011b v kombin\u00e9ze z T\u00e1bora. M\u016f\u017ee porazit borce v oble\u010den\u00ed z v\u011btrn\u00fdch tunel\u016f a 3D scanner\u016f?","og_url":"https:\/\/www.welovecycling.com\/cs\/2021\/08\/02\/spasa-prisla-z-tabora-tomas-babek-vsadil-na-svadleny-s-metrem-misto-vetrneho-tunelu\/","og_site_name":"\u0160koda We Love Cycling - \u010cesk\u00e1 republika","article_published_time":"2021-08-02T05:00:47+00:00","article_modified_time":"2021-08-02T12:40:03+00:00","og_image":[{"width":1600,"height":1067,"url":"https:\/\/d2p6e6u75xmxt8.cloudfront.net\/13\/2020\/07\/dr\u00e1ha-8-1.webp","type":"image\/webp"}],"author":"radekmalina","twitter_card":"summary_large_image","twitter_misc":{"Written by":"We Love Cycling","Est. reading time":"5"},"schema":{"@context":"https:\/\/schema.org","@graph":[{"@type":"WebPage","@id":"https:\/\/www.welovecycling.com\/cs\/2021\/08\/02\/spasa-prisla-z-tabora-tomas-babek-vsadil-na-svadleny-s-metrem-misto-vetrneho-tunelu\/","url":"https:\/\/www.welovecycling.com\/cs\/2021\/08\/02\/spasa-prisla-z-tabora-tomas-babek-vsadil-na-svadleny-s-metrem-misto-vetrneho-tunelu\/","name":"Sp\u00e1sa p\u0159i\u0161la z\u00a0T\u00e1bora! Tom\u00e1\u0161 B\u00e1bek vsadil na \u0161vadleny s metrem m\u00edsto v\u011btrn\u00e9ho tunelu | \u0160koda We Love Cycling - \u010cesk\u00e1 republika","isPartOf":{"@id":"https:\/\/www.welovecycling.com\/cs\/#website"},"primaryImageOfPage":{"@id":"https:\/\/www.welovecycling.com\/cs\/2021\/08\/02\/spasa-prisla-z-tabora-tomas-babek-vsadil-na-svadleny-s-metrem-misto-vetrneho-tunelu\/#primaryimage"},"image":{"@id":"https:\/\/www.welovecycling.com\/cs\/2021\/08\/02\/spasa-prisla-z-tabora-tomas-babek-vsadil-na-svadleny-s-metrem-misto-vetrneho-tunelu\/#primaryimage"},"thumbnailUrl":"https:\/\/d2p6e6u75xmxt8.cloudfront.net\/13\/2020\/07\/dr\u00e1ha-8-1.webp","datePublished":"2021-08-02T05:00:47+00:00","dateModified":"2021-08-02T12:40:03+00:00","author":{"@id":"https:\/\/www.welovecycling.com\/cs\/#\/schema\/person\/d9eeb0a378f3a7e4a6d12d2b536b04b8"},"description":"Tom\u00e1\u0161 B\u00e1bek pojede o zlato na olympi\u00e1d\u011b v kombin\u00e9ze z T\u00e1bora. M\u016f\u017ee porazit borce v oble\u010den\u00ed z v\u011btrn\u00fdch tunel\u016f a 3D scanner\u016f?","inLanguage":"cs","potentialAction":[{"@type":"ReadAction","target":["https:\/\/www.welovecycling.com\/cs\/2021\/08\/02\/spasa-prisla-z-tabora-tomas-babek-vsadil-na-svadleny-s-metrem-misto-vetrneho-tunelu\/"]}]},{"@type":"ImageObject","inLanguage":"cs","@id":"https:\/\/www.welovecycling.com\/cs\/2021\/08\/02\/spasa-prisla-z-tabora-tomas-babek-vsadil-na-svadleny-s-metrem-misto-vetrneho-tunelu\/#primaryimage","url":"https:\/\/d2p6e6u75xmxt8.cloudfront.net\/13\/2020\/07\/dr\u00e1ha-8-1.webp","contentUrl":"https:\/\/d2p6e6u75xmxt8.cloudfront.net\/13\/2020\/07\/dr\u00e1ha-8-1.webp","width":1600,"height":1067,"caption":"Tom\u00e1\u0161 B\u00e1bek, dr\u00e1hov\u00fd cyklista, kter\u00fd by mohl ukon\u010dit \u010dek\u00e1n\u00ed \u010desk\u00e9 dr\u00e1hov\u00e9 cyklistiky na olympijskou medaili. Foto: Michal \u010cerven\u00fd"},{"@type":"WebSite","@id":"https:\/\/www.welovecycling.com\/cs\/#website","url":"https:\/\/www.welovecycling.com\/cs\/","name":"\u0160koda We Love Cycling - \u010cesk\u00e1 republika","description":"WeLoveCycling.cz je online magaz\u00edn, kter\u00fd v\u00e1m pravideln\u011b p\u0159in\u00e1\u0161\u00ed rady a tipy, zaj\u00edmav\u00e9 \u010dl\u00e1nky, videa a jedine\u010dn\u00e9 report\u00e1\u017ee ze sv\u011bta cyklistiky.","potentialAction":[{"@type":"SearchAction","target":{"@type":"EntryPoint","urlTemplate":"https:\/\/www.welovecycling.com\/cs\/?s={search_term_string}"},"query-input":{"@type":"PropertyValueSpecification","valueRequired":true,"valueName":"search_term_string"}}],"inLanguage":"cs"},{"@type":"Person","@id":"https:\/\/www.welovecycling.com\/cs\/#\/schema\/person\/d9eeb0a378f3a7e4a6d12d2b536b04b8","name":"radekmalina","image":{"@type":"ImageObject","inLanguage":"cs","@id":"https:\/\/www.welovecycling.com\/cs\/#\/schema\/person\/image\/","url":"https:\/\/secure.gravatar.com\/avatar\/66994b632cb8c39a46b9f54afa3ae07201b678d32a54275b6f1c9ffec356bfc0?s=96&d=mm&r=g","contentUrl":"https:\/\/secure.gravatar.com\/avatar\/66994b632cb8c39a46b9f54afa3ae07201b678d32a54275b6f1c9ffec356bfc0?s=96&d=mm&r=g","caption":"radekmalina"},"url":"https:\/\/www.welovecycling.com\/cs\/author\/radekmalina\/"}]}},"_links":{"self":[{"href":"https:\/\/www.welovecycling.com\/cs\/wp-json\/wp\/v2\/posts\/13874","targetHints":{"allow":["GET"]}}],"collection":[{"href":"https:\/\/www.welovecycling.com\/cs\/wp-json\/wp\/v2\/posts"}],"about":[{"href":"https:\/\/www.welovecycling.com\/cs\/wp-json\/wp\/v2\/types\/post"}],"author":[{"embeddable":true,"href":"https:\/\/www.welovecycling.com\/cs\/wp-json\/wp\/v2\/users\/138"}],"replies":[{"embeddable":true,"href":"https:\/\/www.welovecycling.com\/cs\/wp-json\/wp\/v2\/comments?post=13874"}],"version-history":[{"count":2,"href":"https:\/\/www.welovecycling.com\/cs\/wp-json\/wp\/v2\/posts\/13874\/revisions"}],"predecessor-version":[{"id":13967,"href":"https:\/\/www.welovecycling.com\/cs\/wp-json\/wp\/v2\/posts\/13874\/revisions\/13967"}],"wp:featuredmedia":[{"embeddable":true,"href":"https:\/\/www.welovecycling.com\/cs\/wp-json\/wp\/v2\/media\/8272"}],"wp:attachment":[{"href":"https:\/\/www.welovecycling.com\/cs\/wp-json\/wp\/v2\/media?parent=13874"}],"wp:term":[{"taxonomy":"category","embeddable":true,"href":"https:\/\/www.welovecycling.com\/cs\/wp-json\/wp\/v2\/categories?post=13874"},{"taxonomy":"post_tag","embeddable":true,"href":"https:\/\/www.welovecycling.com\/cs\/wp-json\/wp\/v2\/tags?post=13874"},{"taxonomy":"global-categories","embeddable":true,"href":"https:\/\/www.welovecycling.com\/cs\/wp-json\/wp\/v2\/global-categories?post=13874"}],"curies":[{"name":"wp","href":"https:\/\/api.w.org\/{rel}","templated":true}]}}