{"id":13872,"date":"2021-08-01T07:00:21","date_gmt":"2021-08-01T05:00:21","guid":{"rendered":"https:\/\/www.welovecycling.com\/cs\/?p=13872"},"modified":"2021-08-30T09:53:40","modified_gmt":"2021-08-30T07:53:40","slug":"tri-dny-na-ceste-22-tisic-kilometru-rocne-v-sedle-a-zlato-jako-odmena","status":"publish","type":"post","link":"https:\/\/www.welovecycling.com\/cs\/2021\/08\/01\/tri-dny-na-ceste-22-tisic-kilometru-rocne-v-sedle-a-zlato-jako-odmena\/","title":{"rendered":"T\u0159i dny na cest\u011b, 22 tis\u00edc kilometr\u016f ro\u010dn\u011b v\u00a0sedle a zlato jako odm\u011bna!"},"content":{"rendered":"<p><strong>Zlat\u00e1 olympijsk\u00e1 medaile! Nejv\u011bt\u0161\u00ed v\u00edt\u011bzstv\u00ed kari\u00e9ry! \u201eByla to ot\u00e1zka \u0161t\u011bst\u00ed,\u201c zleh\u010duje s\u00a0odstupem sedmapades\u00e1ti let triumf na olympijsk\u00fdch hr\u00e1ch v\u00a0Tokiu b\u00fdval\u00fd \u010deskoslovensk\u00fd dr\u00e1hov\u00fd cyklista Ji\u0159\u00ed Daler. Ale nenechte se zm\u00fdlit. Za v\u00edt\u011bzstv\u00edm v\u00a0bitv\u00e1ch pod p\u011bti kruhy se skr\u00fdvalo dvaadvacet tis\u00edc najet\u00fdch kilometr\u016f ro\u010dn\u011b!<\/strong><\/p>\n<h2><strong>V roce 1964 jste v\u00edt\u011bzstv\u00edm v dr\u00e1hov\u00e9m st\u00edhac\u00edm z\u00e1vod\u011b jednotlivc\u016f na olympijsk\u00fdch hr\u00e1ch v Tokiu dos\u00e1hl nejv\u011bt\u0161\u00edho \u00fasp\u011bchu kari\u00e9ry. Jak na tehdej\u0161\u00ed japonskou misi vzpom\u00edn\u00e1te?<\/strong><\/h2>\n<p>\u0160lo o hodn\u011b pestrou paletu z\u00e1\u017eitk\u016f. Dominuje pochopiteln\u011b moje v\u00edt\u011bzstv\u00ed. P\u0159eb\u00edj\u00ed v\u0161echno. Ale byl to z\u00e1\u017eitek od za\u010d\u00e1tku do konce. A\u0165 u\u017e vezmu let, Tokio \u010di dr\u00e1hu, na n\u00ed\u017e se bojovalo o medaile.<\/p>\n<h2><strong>Cesta byla hodn\u011b krkolomn\u00e1?<\/strong><\/h2>\n<p>Let\u011bli jsme t\u0159i dny. M\u011bli jsme jeden\u00e1ct mezip\u0159ist\u00e1n\u00ed. B\u011blehrad, K\u00e1hira, Teher\u00e1n, Filip\u00edny, Hong Kong&#8230; Ani u\u017e to v\u0161echno ned\u00e1m dohromady. Den jsme m\u011bli odpo\u010dinek v Barm\u011b, kde jsem se vyrazil vykoupat. A neb\u00fdt pozornosti n\u011bjak\u00e9ho m\u00edstn\u00edho chlap\u00edka, \u017e\u00e1dnou medaili jsem nem\u011bl. Kdy\u017e jsem se toti\u017e chystal sko\u010dit do jezera nebo co to bylo, p\u0159ib\u011bhl a hnal m\u011b pry\u010d, \u017ee je voda pln\u00e1 n\u011bjak\u00fdch \u010derv\u016f, co by m\u011b potrhali. Tak\u017ee z osv\u011b\u017een\u00ed nebylo nic, ale zase jsem vyhr\u00e1l medaili.<\/p>\n<div class=\"shortcode-ys-post-pinup\"><article class=\"loop-simple post-13592 post type-post status-publish format-standard has-post-thumbnail hentry category-silnicni-cyklistika tag-cyklistika tag-jiri-skoda tag-laurent-fignon tag-silnicni-cyklistika tag-tour-de-france tag-tour-de-france-2021 tag-zavod-miru global-categories-cycling\" data-postid=\"13592\" role=\"article\" data-post-id=\"13592\" data-word-count=\"521\" data-headline-length=\"74\" data-category=\"Silni\u010dn\u00ed cyklistika\" data-global-category=\"Cycling\" data-author=\"We Love Cycling\" data-published=\"2021-07-10T08:47:24+02:00\" data-published-day=\"Saturday\">\n    <div class=\"entry-thumbnail article-thumbnail\" content=\"https:\/\/d2p6e6u75xmxt8.cloudfront.net\/13\/2021\/06\/WLC_Skoda-150x150.webp\"><a href=\"https:\/\/www.welovecycling.com\/cs\/2021\/07\/10\/budu-jezdit-s-fignonem-tesil-se-skoda-soudruzi-jeho-ambice-rozmetali\/\" class=\"image-holder\" target=\"_self\"><img decoding=\"async\" loading=\"lazy\" class=\"\" src=\"https:\/\/d2p6e6u75xmxt8.cloudfront.net\/13\/2021\/06\/WLC_Skoda-1024x576.webp\" srcset=\"https:\/\/d2p6e6u75xmxt8.cloudfront.net\/13\/2021\/06\/WLC_Skoda.webp 1920w, https:\/\/d2p6e6u75xmxt8.cloudfront.net\/13\/2021\/06\/WLC_Skoda-300x169.webp 300w, https:\/\/d2p6e6u75xmxt8.cloudfront.net\/13\/2021\/06\/WLC_Skoda-1024x576.webp 1024w, https:\/\/d2p6e6u75xmxt8.cloudfront.net\/13\/2021\/06\/WLC_Skoda-768x432.webp 768w, https:\/\/d2p6e6u75xmxt8.cloudfront.net\/13\/2021\/06\/WLC_Skoda-1536x864.webp 1536w\" width=\"1024\" height=\"576\" sizes=\"auto, (min-width: 1200px) 356px, (min-width: 768px) 30vw, 100vw\" alt=\"budu-jezdit-s-fignonem-tesil-se-skoda-soudruzi-jeho-ambice-rozmetali\"\/><\/a><\/div>    <div class=\"entry-meta\">\n        <a class=\"label label-secondary post-category\" href=\"https:\/\/www.welovecycling.com\/cs\/category\/silnicni-cyklistika\/\" title=\"Silni\u010dn\u00ed cyklistika\">Silni\u010dn\u00ed cyklistika<\/a>\n    <\/div>\n    <div class=\"entry-details\">\n        <a href=\"https:\/\/www.welovecycling.com\/cs\/2021\/07\/10\/budu-jezdit-s-fignonem-tesil-se-skoda-soudruzi-jeho-ambice-rozmetali\/\" class='entry-title-wrapper'>\n            <h3 class=\"entry-title\"><span>Budu jezdit s\u00a0Fignonem, t\u011b\u0161il se \u0160koda! Soudruzi jeho ambice rozmetali<\/span><\/h3>\n        <\/a>\n    <\/div>\n    <\/article>\n<\/div>\n<h2><strong>Oslnilo v\u00e1s tehdy Japonsko?<\/strong><\/h2>\n<p>Neuv\u011b\u0159iteln\u011b! Pravidla nebyla striktn\u011b nastaven\u00e1 jako dnes. Mohli jsme do m\u011bsta, tak\u017ee jsme vyrazili na proslulou n\u00e1kupn\u00ed t\u0159\u00eddu Ginza. \u0160li jsme ve\u010der, neony z\u00e1\u0159ily. Pro n\u00e1s to bylo jako cesta na jinou planetu. A nab\u00eddka v\u00a0obchodech? Neuv\u011b\u0159iteln\u00e9! Jenom jsme \u010du\u010deli. Hlavn\u011b v\u00a0t\u011bch s\u00a0elektronikou. Barevn\u00e9 televize, fotoapar\u00e1ty, r\u00e1dia, magnetofony&#8230; A taky se mi vybavuje ohleduplnost Japonc\u016f. U\u017e tehdy chodili s\u00a0rou\u0161kami, po\u0159\u00e1d se klan\u011bli a nab\u00edzeli pomoc, by\u0165 samoz\u0159ejm\u011b komunikace v\u00e1zla. Kdy\u017e n\u00e1s m\u00edstn\u00ed vid\u011bli, hned se cht\u011bli p\u0159\u00e1telit. Neexistovaly \u017e\u00e1dn\u00e9 kontroly. Byly to hry pln\u00e9 p\u0159\u00e1telstv\u00ed. A po\u0159\u00e1d cht\u011bli n\u011bco m\u011bnit.<\/p>\n<figure id=\"attachment_13884\" aria-describedby=\"caption-attachment-13884\" style=\"width: 1283px\" class=\"wp-caption alignnone\"><a href=\"https:\/\/d2p6e6u75xmxt8.cloudfront.net\/13\/2021\/07\/Daler-profimedia-0200838392.jpg\"><img loading=\"lazy\" decoding=\"async\" class=\"size-full wp-image-13884\" src=\"https:\/\/d2p6e6u75xmxt8.cloudfront.net\/13\/2021\/07\/Daler-profimedia-0200838392.jpg\" alt=\"Ji\u0159\u00ed Daler je st\u00e1le aktivn\u00ed a pravideln\u011b jezd\u00ed na kole. Foto: profimedia\" width=\"1283\" height=\"1800\" \/><\/a><figcaption id=\"caption-attachment-13884\" class=\"wp-caption-text\"><em>Ji\u0159\u00ed Daler je st\u00e1le aktivn\u00ed sportovec a pravideln\u011b jezd\u00ed na kole. Foto: profimedia<\/em><\/figcaption><\/figure>\n<h2><strong>Dr\u00e1hov\u00e1 cyklistika je v Japonsku velice popul\u00e1rn\u00ed. Platilo to i v roce 1964?<\/strong><\/h2>\n<p>Ano. Ale Japonci miluj\u00ed hlavn\u011b keirin, na kter\u00fd hodn\u011b s\u00e1z\u00ed. P\u0159i t\u011bch ostatn\u00edch discipl\u00edn\u00e1ch byli pom\u011brn\u011b chladn\u00ed. Nav\u00edc zat\u00edmco dnes jsou v\u0161echny sv\u011btov\u00e9 dr\u00e1hy dlouh\u00e9 dv\u011b st\u011b pades\u00e1t metr\u016f a d\u0159ev\u011bn\u00e9, v\u00a0m\u00fdch dob\u00e1ch tohle pravidlo neplatilo. T\u0159eba pr\u00e1v\u011b v\u00a0Tokiu byl ov\u00e1l dlouh\u00fd \u010dty\u0159i sta pades\u00e1t metr\u016f, betonov\u00fd, nekryt\u00fd a zat\u00e1\u010dky se sklonem p\u011bta\u010dty\u0159icet stup\u0148\u016f. Povrch byl d\u011bsn\u011b hrbolat\u00fd. K\u00a0ide\u00e1lu pro olympijsk\u00fd z\u00e1vod m\u011bl daleko.<\/p>\n<h2><strong>Tr\u00e1vil jste tedy o to v\u00edce \u010dasu v\u00a0tr\u00e9ninku na dr\u00e1ze, abyste vychytal v\u0161echny z\u00e1ludnosti?<\/strong><\/h2>\n<p>V\u016fbec ne. J\u00e1 jako st\u00edha\u010d tr\u00e9noval na dr\u00e1ze hlavn\u011b rychlost. A na olympi\u00e1du se v tomhle sm\u011bru jezd\u00ed v top form\u011b. Tak\u017ee jsem v\u011bt\u0161inou tr\u00e9noval venku. V\u0161ak jsem se tak\u00e9 v Tokiu ztratil. Cht\u011bl jsem vid\u011bt horu Fuji, o kter\u00e9 se \u0159\u00edkalo, \u017ee je posv\u00e1tn\u00e1 a pln\u00ed p\u0159\u00e1n\u00ed. Tak jsem vyrazil na tr\u00e9nink v sedle sm\u011brem k ho\u0159e, abych si vy\u017e\u00e1dal tu zlatou medaili&#8230; Skute\u010dn\u011b jsem horu vid\u011bl, jen\u017ee jsem se ztratil a do olympijsk\u00e9 vesnice m\u011b vraceli ochotn\u00ed Japonci.<\/p>\n<h2><strong>C\u00edtil jste p\u0159ed z\u00e1vodem zlatou formu?<\/strong><\/h2>\n<p>J\u00e1 byl tehdy p\u0159ed olympi\u00e1dou t\u0159et\u00ed na mistrovstv\u00ed sv\u011bta. \u0160est t\u00fddn\u016f p\u0159ed cestou do Tokia. Ale \u017ee bych myslel na zlato&#8230;. Nebyl jsem outsider, ale ani favorit.<\/p>\n<figure id=\"attachment_13022\" aria-describedby=\"caption-attachment-13022\" style=\"width: 1920px\" class=\"wp-caption alignnone\"><a href=\"https:\/\/d2p6e6u75xmxt8.cloudfront.net\/13\/2021\/05\/BrychtaJan_5001_kolo_20210523_161854_DSC_7071-Olympijsky-vitez-Jiri-Daler-s-plzenskym-trenerem-Vaclavem-Novakem.jpg\"><img loading=\"lazy\" decoding=\"async\" class=\"size-extra-large wp-image-13022\" src=\"https:\/\/d2p6e6u75xmxt8.cloudfront.net\/13\/2021\/05\/BrychtaJan_5001_kolo_20210523_161854_DSC_7071-Olympijsky-vitez-Jiri-Daler-s-plzenskym-trenerem-Vaclavem-Novakem-1920x1278.jpg\" alt=\"Ji\u0159\u00ed Daler (vlevo) b\u011bhem jarn\u00edch dr\u00e1hov\u00fdch z\u00e1vod\u016f v Brn\u011b. Foto: Jan Brychta\" width=\"1920\" height=\"1278\" \/><\/a><figcaption id=\"caption-attachment-13022\" class=\"wp-caption-text\"><em>Ji\u0159\u00ed Daler (vlevo) b\u011bhem jarn\u00edch dr\u00e1hov\u00fdch z\u00e1vod\u016f v Brn\u011b. Foto: Jan Brychta<\/em><\/figcaption><\/figure>\n<h2><strong>Dva vrcholy v\u00a0tak kr\u00e1tk\u00e9 dob\u011b, to je v\u00a0dne\u0161n\u00ed dob\u011b naprosto nep\u0159edstaviteln\u00e9. Jak vypadala va\u0161e p\u0159\u00edprava?<\/strong><\/h2>\n<p>Tr\u00e9novali jsme, jak nejl\u00e9pe \u0161lo. J\u00e1 jsem jezdil v\u00edce, ne\u017e b\u00fdvalo zvykem. Hodn\u011b tr\u00e9nink\u016f jsem m\u011bl brzy r\u00e1no nebo je\u0161t\u011b pozd\u011b ve\u010der. V\u017edy\u0165 j\u00e1 chodil norm\u00e1ln\u011b do pr\u00e1ce. Jakkoliv se cyklistika, v\u010detn\u011b dr\u00e1hov\u00e9, zm\u011bnila, z\u016fstalo jedno pravidlo: Kdo chce b\u00fdt nejlep\u0161\u00ed, mus\u00ed v\u011bnovat tr\u00e9ninku v\u0161echno. J\u00e1 jsem m\u011bl najeto proti b\u011b\u017en\u00fdm zvyklostem hodn\u011b, dvaadvacet tis\u00edc kilometr\u016f ro\u010dn\u011b.<\/p>\n<div class=\"shortcode-ys-post-pinup\"><article class=\"loop-simple post-13642 post type-post status-publish format-standard has-post-thumbnail hentry category-rady-tipy tag-bikefitting tag-cyklistika tag-nastaveni-kola tag-rady-a-tipy tag-silnicni-cyklistika tag-zdravi\" data-postid=\"13642\" role=\"article\" data-post-id=\"13642\" data-word-count=\"454\" data-headline-length=\"37\" data-category=\"Rady &amp; tipy\" data-author=\"Kry\u0161tof Kopic\" data-published=\"2021-07-21T08:00:46+02:00\" data-published-day=\"Wednesday\">\n    <div class=\"entry-thumbnail article-thumbnail\" content=\"https:\/\/d2p6e6u75xmxt8.cloudfront.net\/13\/2021\/05\/schurter-nohy-svaly-michal-cerveny-150x150.webp\"><a href=\"https:\/\/www.welovecycling.com\/cs\/2021\/07\/21\/nastaveni-kola-detaily-pro-pohodli\/\" class=\"image-holder\" target=\"_self\"><img decoding=\"async\" loading=\"lazy\" class=\"\" src=\"https:\/\/d2p6e6u75xmxt8.cloudfront.net\/13\/2021\/05\/schurter-nohy-svaly-michal-cerveny-1024x683.webp\" srcset=\"https:\/\/d2p6e6u75xmxt8.cloudfront.net\/13\/2021\/05\/schurter-nohy-svaly-michal-cerveny.webp 1600w, https:\/\/d2p6e6u75xmxt8.cloudfront.net\/13\/2021\/05\/schurter-nohy-svaly-michal-cerveny-300x200.webp 300w, https:\/\/d2p6e6u75xmxt8.cloudfront.net\/13\/2021\/05\/schurter-nohy-svaly-michal-cerveny-1024x683.webp 1024w, https:\/\/d2p6e6u75xmxt8.cloudfront.net\/13\/2021\/05\/schurter-nohy-svaly-michal-cerveny-768x512.webp 768w, https:\/\/d2p6e6u75xmxt8.cloudfront.net\/13\/2021\/05\/schurter-nohy-svaly-michal-cerveny-1536x1024.webp 1536w, https:\/\/d2p6e6u75xmxt8.cloudfront.net\/13\/2021\/05\/schurter-nohy-svaly-michal-cerveny-272x182.webp 272w\" width=\"1024\" height=\"683\" sizes=\"auto, (min-width: 1200px) 300px, (min-width: 768px) 25vw, 100vw\" alt=\"nastaveni-kola-detaily-pro-pohodli\"\/><\/a><\/div>    <div class=\"entry-meta\">\n        <a class=\"label label-secondary post-category\" href=\"https:\/\/www.welovecycling.com\/cs\/category\/rady-tipy\/\" title=\"Rady &amp; tipy\">Rady &amp; tipy<\/a>\n    <\/div>\n    <div class=\"entry-details\">\n        <a href=\"https:\/\/www.welovecycling.com\/cs\/2021\/07\/21\/nastaveni-kola-detaily-pro-pohodli\/\" class='entry-title-wrapper'>\n            <h3 class=\"entry-title\"><span>Nastaven\u00ed kola: detaily pro pohodl\u00ed<\/span><\/h3>\n        <\/a>\n    <\/div>\n    <\/article>\n<\/div>\n<h2><strong>Vybavuje se v\u00e1m samotn\u00e1 bitva o zlato?<\/strong><\/h2>\n<p>Musel jsem zajet dobr\u00fd \u010das, abych se v\u016fbec kvalifikoval. Pak porazit t\u0159i soupe\u0159e a bylo to. Jednoduch\u00e9, co? Do semifin\u00e1le jsem dostal lep\u0161\u00edho soupe\u0159e, ale usp\u011bl. A ve fin\u00e1le vyl favoritem Ital Ursi. M\u011bl n\u00e1skok, ale j\u00e1 ho stahoval. Nep\u0159ep\u00e1lil jsem zat\u00e1\u010dek, dob\u0159e jsem si rozlo\u017eil s\u00edly. Samoz\u0159ejm\u011b za zlatem st\u00e1lo obrovsk\u00e9 \u00fasil\u00ed. Ale my jsme m\u011bli v\u00a0cyklistick\u00e9 part\u011b obrovskou pohodu. A sb\u00edrali skv\u011bl\u00e9 v\u00fdsledky. V\u0161ak t\u00edm nejhor\u0161\u00edm bylo \u010dtvrtfin\u00e1le.<\/p>\n<h2><strong>Po\u0159\u00e1d se udr\u017eujete v\u00a0kondici. Sed\u00e1te i na kolo?<\/strong><\/h2>\n<p>Jezd\u00edm po\u0159\u00e1d. Jen m\u00e9n\u011b a pomaleji. Ro\u010dn\u011b najedu tak t\u0159i \u010dty\u0159i tis\u00edce kilometr\u016f. Je\u0161t\u011b p\u0159ed t\u0159emi lety jsem jezdil v\u00edce. Osm dev\u011bt tis\u00edc za rok. Ale u\u017e nem\u00e1m vrstevn\u00edky, kte\u0159\u00ed by jezdili se mnou. A naopak, nerad se pod\u0159izuji tempu mlad\u0161\u00edch. V\u0161echno nato\u010d\u00edm na silni\u010dce. Horsk\u00e9 kolo je pro m\u011b traktor. Ale je fakt, \u017ee provoz je na silnic\u00edch hodn\u011b blb\u00fd. Tak\u017ee se sna\u017e\u00edm hledat cesty, kde je m\u00e9n\u011b automobil\u016f.<\/p>\n","protected":false},"excerpt":{"rendered":"<p>Zlat\u00e1 olympijsk\u00e1 medaile! Nejv\u011bt\u0161\u00ed v\u00edt\u011bzstv\u00ed kari\u00e9ry! \u201eByla to ot\u00e1zka \u0161t\u011bst\u00ed,\u201c zleh\u010duje s\u00a0odstupem sedmapades\u00e1ti let triumf na olympijsk\u00fdch hr\u00e1ch v\u00a0Tokiu b\u00fdval\u00fd [&hellip;]<\/p>\n","protected":false},"author":138,"featured_media":14209,"comment_status":"open","ping_status":"open","sticky":false,"template":"","format":"standard","meta":{"footnotes":""},"categories":[1516],"tags":[126,1004,1770,617,1772,841,27,1771],"global-categories":[411],"class_list":["post-13872","post","type-post","status-publish","format-standard","has-post-thumbnail","hentry","category-drahova-cyklistika","tag-cyklistika","tag-drahova-cyklistika","tag-jiri-daler","tag-olympijske-hry","tag-stihaci-zavod","tag-tokio-2020","tag-trenink","tag-zlata-olympijska-medaile","global-categories-cycling"],"yoast_head":"<!-- This site is optimized with the Yoast SEO Premium plugin v25.3 (Yoast SEO v25.9) - https:\/\/yoast.com\/wordpress\/plugins\/seo\/ -->\n<title>T\u0159i dny na cest\u011b, 22 tis\u00edc kilometr\u016f ro\u010dn\u011b v\u00a0sedle a zlato jako odm\u011bna! | \u0160koda We Love Cycling - \u010cesk\u00e1 republika<\/title>\n<meta name=\"description\" content=\"Zlat\u00e1 olympijsk\u00e1 medaile! &quot;Byla to ot\u00e1zka \u0161t\u011bst\u00ed,\u201c zleh\u010duje s\u00a0odstupem sedmapades\u00e1ti let triumf na olympijsk\u00fdch hr\u00e1ch v\u00a0Tokiu Ji\u0159\u00ed Daler.\" \/>\n<meta name=\"robots\" content=\"index, follow, max-snippet:-1, max-image-preview:large, max-video-preview:-1\" \/>\n<link rel=\"canonical\" href=\"https:\/\/www.welovecycling.com\/cs\/2021\/08\/01\/tri-dny-na-ceste-22-tisic-kilometru-rocne-v-sedle-a-zlato-jako-odmena\/\" \/>\n<meta property=\"og:locale\" content=\"cs_CZ\" \/>\n<meta property=\"og:type\" content=\"article\" \/>\n<meta property=\"og:title\" content=\"T\u0159i dny na cest\u011b, 22 tis\u00edc kilometr\u016f ro\u010dn\u011b v\u00a0sedle a zlato jako odm\u011bna!\" \/>\n<meta property=\"og:description\" content=\"Zlat\u00e1 olympijsk\u00e1 medaile! &quot;Byla to ot\u00e1zka \u0161t\u011bst\u00ed,\u201c zleh\u010duje s\u00a0odstupem sedmapades\u00e1ti let triumf na olympijsk\u00fdch hr\u00e1ch v\u00a0Tokiu Ji\u0159\u00ed Daler.\" \/>\n<meta property=\"og:url\" content=\"https:\/\/www.welovecycling.com\/cs\/2021\/08\/01\/tri-dny-na-ceste-22-tisic-kilometru-rocne-v-sedle-a-zlato-jako-odmena\/\" \/>\n<meta property=\"og:site_name\" content=\"\u0160koda We Love Cycling - \u010cesk\u00e1 republika\" \/>\n<meta property=\"article:published_time\" content=\"2021-08-01T05:00:21+00:00\" \/>\n<meta property=\"article:modified_time\" content=\"2021-08-30T07:53:40+00:00\" \/>\n<meta property=\"og:image\" content=\"https:\/\/d2p6e6u75xmxt8.cloudfront.net\/13\/2021\/08\/DALER-scaled.webp\" \/>\n\t<meta property=\"og:image:width\" content=\"2560\" \/>\n\t<meta property=\"og:image:height\" content=\"1706\" \/>\n\t<meta property=\"og:image:type\" content=\"image\/webp\" \/>\n<meta name=\"author\" content=\"radekmalina\" \/>\n<meta name=\"twitter:card\" content=\"summary_large_image\" \/>\n<meta name=\"twitter:label1\" content=\"Written by\" \/>\n\t<meta name=\"twitter:data1\" content=\"Kry\u0161tof Kopic\" \/>\n\t<meta name=\"twitter:label2\" content=\"Est. reading time\" \/>\n\t<meta name=\"twitter:data2\" content=\"5\" \/>\n<script type=\"application\/ld+json\" class=\"yoast-schema-graph\">{\"@context\":\"https:\/\/schema.org\",\"@graph\":[{\"@type\":\"WebPage\",\"@id\":\"https:\/\/www.welovecycling.com\/cs\/2021\/08\/01\/tri-dny-na-ceste-22-tisic-kilometru-rocne-v-sedle-a-zlato-jako-odmena\/\",\"url\":\"https:\/\/www.welovecycling.com\/cs\/2021\/08\/01\/tri-dny-na-ceste-22-tisic-kilometru-rocne-v-sedle-a-zlato-jako-odmena\/\",\"name\":\"T\u0159i dny na cest\u011b, 22 tis\u00edc kilometr\u016f ro\u010dn\u011b v\u00a0sedle a zlato jako odm\u011bna! | \u0160koda We Love Cycling - \u010cesk\u00e1 republika\",\"isPartOf\":{\"@id\":\"https:\/\/www.welovecycling.com\/cs\/#website\"},\"primaryImageOfPage\":{\"@id\":\"https:\/\/www.welovecycling.com\/cs\/2021\/08\/01\/tri-dny-na-ceste-22-tisic-kilometru-rocne-v-sedle-a-zlato-jako-odmena\/#primaryimage\"},\"image\":{\"@id\":\"https:\/\/www.welovecycling.com\/cs\/2021\/08\/01\/tri-dny-na-ceste-22-tisic-kilometru-rocne-v-sedle-a-zlato-jako-odmena\/#primaryimage\"},\"thumbnailUrl\":\"https:\/\/d2p6e6u75xmxt8.cloudfront.net\/13\/2021\/08\/DALER-scaled.webp\",\"datePublished\":\"2021-08-01T05:00:21+00:00\",\"dateModified\":\"2021-08-30T07:53:40+00:00\",\"author\":{\"@id\":\"https:\/\/www.welovecycling.com\/cs\/#\/schema\/person\/d9eeb0a378f3a7e4a6d12d2b536b04b8\"},\"description\":\"Zlat\u00e1 olympijsk\u00e1 medaile! \\\"Byla to ot\u00e1zka \u0161t\u011bst\u00ed,\u201c zleh\u010duje s\u00a0odstupem sedmapades\u00e1ti let triumf na olympijsk\u00fdch hr\u00e1ch v\u00a0Tokiu Ji\u0159\u00ed Daler.\",\"inLanguage\":\"cs\",\"potentialAction\":[{\"@type\":\"ReadAction\",\"target\":[\"https:\/\/www.welovecycling.com\/cs\/2021\/08\/01\/tri-dny-na-ceste-22-tisic-kilometru-rocne-v-sedle-a-zlato-jako-odmena\/\"]}]},{\"@type\":\"ImageObject\",\"inLanguage\":\"cs\",\"@id\":\"https:\/\/www.welovecycling.com\/cs\/2021\/08\/01\/tri-dny-na-ceste-22-tisic-kilometru-rocne-v-sedle-a-zlato-jako-odmena\/#primaryimage\",\"url\":\"https:\/\/d2p6e6u75xmxt8.cloudfront.net\/13\/2021\/08\/DALER-scaled.webp\",\"contentUrl\":\"https:\/\/d2p6e6u75xmxt8.cloudfront.net\/13\/2021\/08\/DALER-scaled.webp\",\"width\":2560,\"height\":1706,\"caption\":\"Ji\u0159\u00ed Daler byl prvn\u00edm \u010desko\"},{\"@type\":\"WebSite\",\"@id\":\"https:\/\/www.welovecycling.com\/cs\/#website\",\"url\":\"https:\/\/www.welovecycling.com\/cs\/\",\"name\":\"\u0160koda We Love Cycling - \u010cesk\u00e1 republika\",\"description\":\"WeLoveCycling.cz je online magaz\u00edn, kter\u00fd v\u00e1m pravideln\u011b p\u0159in\u00e1\u0161\u00ed rady a tipy, zaj\u00edmav\u00e9 \u010dl\u00e1nky, videa a jedine\u010dn\u00e9 report\u00e1\u017ee ze sv\u011bta cyklistiky.\",\"potentialAction\":[{\"@type\":\"SearchAction\",\"target\":{\"@type\":\"EntryPoint\",\"urlTemplate\":\"https:\/\/www.welovecycling.com\/cs\/?s={search_term_string}\"},\"query-input\":{\"@type\":\"PropertyValueSpecification\",\"valueRequired\":true,\"valueName\":\"search_term_string\"}}],\"inLanguage\":\"cs\"},{\"@type\":\"Person\",\"@id\":\"https:\/\/www.welovecycling.com\/cs\/#\/schema\/person\/d9eeb0a378f3a7e4a6d12d2b536b04b8\",\"name\":\"radekmalina\",\"image\":{\"@type\":\"ImageObject\",\"inLanguage\":\"cs\",\"@id\":\"https:\/\/www.welovecycling.com\/cs\/#\/schema\/person\/image\/\",\"url\":\"https:\/\/secure.gravatar.com\/avatar\/66994b632cb8c39a46b9f54afa3ae07201b678d32a54275b6f1c9ffec356bfc0?s=96&d=mm&r=g\",\"contentUrl\":\"https:\/\/secure.gravatar.com\/avatar\/66994b632cb8c39a46b9f54afa3ae07201b678d32a54275b6f1c9ffec356bfc0?s=96&d=mm&r=g\",\"caption\":\"radekmalina\"},\"url\":\"https:\/\/www.welovecycling.com\/cs\/author\/radekmalina\/\"}]}<\/script>\n<!-- \/ Yoast SEO Premium plugin. -->","yoast_head_json":{"title":"T\u0159i dny na cest\u011b, 22 tis\u00edc kilometr\u016f ro\u010dn\u011b v\u00a0sedle a zlato jako odm\u011bna! | \u0160koda We Love Cycling - \u010cesk\u00e1 republika","description":"Zlat\u00e1 olympijsk\u00e1 medaile! \"Byla to ot\u00e1zka \u0161t\u011bst\u00ed,\u201c zleh\u010duje s\u00a0odstupem sedmapades\u00e1ti let triumf na olympijsk\u00fdch hr\u00e1ch v\u00a0Tokiu Ji\u0159\u00ed Daler.","robots":{"index":"index","follow":"follow","max-snippet":"max-snippet:-1","max-image-preview":"max-image-preview:large","max-video-preview":"max-video-preview:-1"},"canonical":"https:\/\/www.welovecycling.com\/cs\/2021\/08\/01\/tri-dny-na-ceste-22-tisic-kilometru-rocne-v-sedle-a-zlato-jako-odmena\/","og_locale":"cs_CZ","og_type":"article","og_title":"T\u0159i dny na cest\u011b, 22 tis\u00edc kilometr\u016f ro\u010dn\u011b v\u00a0sedle a zlato jako odm\u011bna!","og_description":"Zlat\u00e1 olympijsk\u00e1 medaile! \"Byla to ot\u00e1zka \u0161t\u011bst\u00ed,\u201c zleh\u010duje s\u00a0odstupem sedmapades\u00e1ti let triumf na olympijsk\u00fdch hr\u00e1ch v\u00a0Tokiu Ji\u0159\u00ed Daler.","og_url":"https:\/\/www.welovecycling.com\/cs\/2021\/08\/01\/tri-dny-na-ceste-22-tisic-kilometru-rocne-v-sedle-a-zlato-jako-odmena\/","og_site_name":"\u0160koda We Love Cycling - \u010cesk\u00e1 republika","article_published_time":"2021-08-01T05:00:21+00:00","article_modified_time":"2021-08-30T07:53:40+00:00","og_image":[{"width":2560,"height":1706,"url":"https:\/\/d2p6e6u75xmxt8.cloudfront.net\/13\/2021\/08\/DALER-scaled.webp","type":"image\/webp"}],"author":"radekmalina","twitter_card":"summary_large_image","twitter_misc":{"Written by":"Kry\u0161tof Kopic","Est. reading time":"5"},"schema":{"@context":"https:\/\/schema.org","@graph":[{"@type":"WebPage","@id":"https:\/\/www.welovecycling.com\/cs\/2021\/08\/01\/tri-dny-na-ceste-22-tisic-kilometru-rocne-v-sedle-a-zlato-jako-odmena\/","url":"https:\/\/www.welovecycling.com\/cs\/2021\/08\/01\/tri-dny-na-ceste-22-tisic-kilometru-rocne-v-sedle-a-zlato-jako-odmena\/","name":"T\u0159i dny na cest\u011b, 22 tis\u00edc kilometr\u016f ro\u010dn\u011b v\u00a0sedle a zlato jako odm\u011bna! | \u0160koda We Love Cycling - \u010cesk\u00e1 republika","isPartOf":{"@id":"https:\/\/www.welovecycling.com\/cs\/#website"},"primaryImageOfPage":{"@id":"https:\/\/www.welovecycling.com\/cs\/2021\/08\/01\/tri-dny-na-ceste-22-tisic-kilometru-rocne-v-sedle-a-zlato-jako-odmena\/#primaryimage"},"image":{"@id":"https:\/\/www.welovecycling.com\/cs\/2021\/08\/01\/tri-dny-na-ceste-22-tisic-kilometru-rocne-v-sedle-a-zlato-jako-odmena\/#primaryimage"},"thumbnailUrl":"https:\/\/d2p6e6u75xmxt8.cloudfront.net\/13\/2021\/08\/DALER-scaled.webp","datePublished":"2021-08-01T05:00:21+00:00","dateModified":"2021-08-30T07:53:40+00:00","author":{"@id":"https:\/\/www.welovecycling.com\/cs\/#\/schema\/person\/d9eeb0a378f3a7e4a6d12d2b536b04b8"},"description":"Zlat\u00e1 olympijsk\u00e1 medaile! \"Byla to ot\u00e1zka \u0161t\u011bst\u00ed,\u201c zleh\u010duje s\u00a0odstupem sedmapades\u00e1ti let triumf na olympijsk\u00fdch hr\u00e1ch v\u00a0Tokiu Ji\u0159\u00ed Daler.","inLanguage":"cs","potentialAction":[{"@type":"ReadAction","target":["https:\/\/www.welovecycling.com\/cs\/2021\/08\/01\/tri-dny-na-ceste-22-tisic-kilometru-rocne-v-sedle-a-zlato-jako-odmena\/"]}]},{"@type":"ImageObject","inLanguage":"cs","@id":"https:\/\/www.welovecycling.com\/cs\/2021\/08\/01\/tri-dny-na-ceste-22-tisic-kilometru-rocne-v-sedle-a-zlato-jako-odmena\/#primaryimage","url":"https:\/\/d2p6e6u75xmxt8.cloudfront.net\/13\/2021\/08\/DALER-scaled.webp","contentUrl":"https:\/\/d2p6e6u75xmxt8.cloudfront.net\/13\/2021\/08\/DALER-scaled.webp","width":2560,"height":1706,"caption":"Ji\u0159\u00ed Daler byl prvn\u00edm \u010desko"},{"@type":"WebSite","@id":"https:\/\/www.welovecycling.com\/cs\/#website","url":"https:\/\/www.welovecycling.com\/cs\/","name":"\u0160koda We Love Cycling - \u010cesk\u00e1 republika","description":"WeLoveCycling.cz je online magaz\u00edn, kter\u00fd v\u00e1m pravideln\u011b p\u0159in\u00e1\u0161\u00ed rady a tipy, zaj\u00edmav\u00e9 \u010dl\u00e1nky, videa a jedine\u010dn\u00e9 report\u00e1\u017ee ze sv\u011bta cyklistiky.","potentialAction":[{"@type":"SearchAction","target":{"@type":"EntryPoint","urlTemplate":"https:\/\/www.welovecycling.com\/cs\/?s={search_term_string}"},"query-input":{"@type":"PropertyValueSpecification","valueRequired":true,"valueName":"search_term_string"}}],"inLanguage":"cs"},{"@type":"Person","@id":"https:\/\/www.welovecycling.com\/cs\/#\/schema\/person\/d9eeb0a378f3a7e4a6d12d2b536b04b8","name":"radekmalina","image":{"@type":"ImageObject","inLanguage":"cs","@id":"https:\/\/www.welovecycling.com\/cs\/#\/schema\/person\/image\/","url":"https:\/\/secure.gravatar.com\/avatar\/66994b632cb8c39a46b9f54afa3ae07201b678d32a54275b6f1c9ffec356bfc0?s=96&d=mm&r=g","contentUrl":"https:\/\/secure.gravatar.com\/avatar\/66994b632cb8c39a46b9f54afa3ae07201b678d32a54275b6f1c9ffec356bfc0?s=96&d=mm&r=g","caption":"radekmalina"},"url":"https:\/\/www.welovecycling.com\/cs\/author\/radekmalina\/"}]}},"_links":{"self":[{"href":"https:\/\/www.welovecycling.com\/cs\/wp-json\/wp\/v2\/posts\/13872","targetHints":{"allow":["GET"]}}],"collection":[{"href":"https:\/\/www.welovecycling.com\/cs\/wp-json\/wp\/v2\/posts"}],"about":[{"href":"https:\/\/www.welovecycling.com\/cs\/wp-json\/wp\/v2\/types\/post"}],"author":[{"embeddable":true,"href":"https:\/\/www.welovecycling.com\/cs\/wp-json\/wp\/v2\/users\/138"}],"replies":[{"embeddable":true,"href":"https:\/\/www.welovecycling.com\/cs\/wp-json\/wp\/v2\/comments?post=13872"}],"version-history":[{"count":2,"href":"https:\/\/www.welovecycling.com\/cs\/wp-json\/wp\/v2\/posts\/13872\/revisions"}],"predecessor-version":[{"id":14210,"href":"https:\/\/www.welovecycling.com\/cs\/wp-json\/wp\/v2\/posts\/13872\/revisions\/14210"}],"wp:featuredmedia":[{"embeddable":true,"href":"https:\/\/www.welovecycling.com\/cs\/wp-json\/wp\/v2\/media\/14209"}],"wp:attachment":[{"href":"https:\/\/www.welovecycling.com\/cs\/wp-json\/wp\/v2\/media?parent=13872"}],"wp:term":[{"taxonomy":"category","embeddable":true,"href":"https:\/\/www.welovecycling.com\/cs\/wp-json\/wp\/v2\/categories?post=13872"},{"taxonomy":"post_tag","embeddable":true,"href":"https:\/\/www.welovecycling.com\/cs\/wp-json\/wp\/v2\/tags?post=13872"},{"taxonomy":"global-categories","embeddable":true,"href":"https:\/\/www.welovecycling.com\/cs\/wp-json\/wp\/v2\/global-categories?post=13872"}],"curies":[{"name":"wp","href":"https:\/\/api.w.org\/{rel}","templated":true}]}}