{"id":13826,"date":"2021-07-23T07:00:23","date_gmt":"2021-07-23T05:00:23","guid":{"rendered":"https:\/\/www.welovecycling.com\/cs\/?p=13826"},"modified":"2021-07-24T05:31:07","modified_gmt":"2021-07-24T03:31:07","slug":"olympionicka-eva-vrabcova-nyvltova-jezdim-na-silnicce-nebo-na-vylety-s-adelkou","status":"publish","type":"post","link":"https:\/\/www.welovecycling.com\/cs\/2021\/07\/23\/olympionicka-eva-vrabcova-nyvltova-jezdim-na-silnicce-nebo-na-vylety-s-adelkou\/","title":{"rendered":"Olympioni\u010dka Eva Vrabcov\u00e1 N\u00fdvltov\u00e1: Zamilovala jsem si silni\u010dku"},"content":{"rendered":"<p><strong>P\u00e1t\u00e9 olympijsk\u00e9 hry absolvuje v Tokiu Eva Vrabcov\u00e1-N\u00fdvltov\u00e1. T\u0159ikr\u00e1t v minulosti startovala na zimn\u00edch bitv\u00e1ch pod p\u011bti kruhy coby b\u011b\u017ekyn\u011b na ly\u017e\u00edch, ov\u0161em p\u0159ed olympijsk\u00fdm dostaven\u00ed\u010dkem v Riu 2016 p\u0159estoupila k atletice a v Braz\u00edlii startovala v maratonu. Stejn\u00e1 discipl\u00edna ji \u010dek\u00e1 i nyn\u00ed v Tokiu, by\u0165 v dubnu 2020 p\u0159ivedla na sv\u011bt dceru Ad\u00e9lku, a tak m\u011bla na spln\u011bn\u00ed nomina\u010dn\u00edch podm\u00ednek minimum \u010dasu. V r\u00e1mci p\u0159\u00edpravy p\u011btat\u0159icetilet\u00e1 olympioni\u010dka pravideln\u011b used\u00e1 i na kolo, kter\u00e9 se pro ni stalo sou\u010d\u00e1st\u00ed \u017eivota, jak vypravuje pro We Love Cycling.\u00a0\u00a0<\/strong><\/p>\n<h2><strong>Jak \u010dasto m\u00e1te za\u0159azen\u00e9 kolo v tr\u00e9ninkov\u00e9m pl\u00e1nu?<\/strong><\/h2>\n<p>Dvakr\u00e1t t\u00fddn\u011b. V\u011bt\u0161inou m\u00e1m hodinu a \u010dtvrt na vy\u0161lap\u00e1n\u00ed. Nejv\u00edce toho najezd\u00edm na trena\u017e\u00e9ru, v n\u011bm\u017e m\u00e1m upnut\u00e9 t\u0159icet let star\u00e9 p\u0159estav\u011bn\u00e9 kolo, kter\u00e9 pat\u0159\u00ed m\u00e9mu man\u017eelovi a tren\u00e9rovi Martinu Vrabcovi. Doma mi to vyhovuje, \u0161lapu a p\u0159itom jsem s ro\u010dn\u00ed dcerou Ad\u00e9lkou. Nav\u00edc m\u00e1m ale p\u016fj\u010denou karbonovou silni\u010dku od jedn\u00e9 \u010desk\u00e9 zna\u010dky a moc m\u011b bav\u00ed. V \u010cech\u00e1ch se na n\u00ed jezdit trochu boj\u00edm, ale pravideln\u011b na ni sed\u00e1m v italsk\u00e9m Livignu, co\u017e je na\u0161e obl\u00edben\u00e9 m\u00edsto pro tr\u00e9nink.<\/p>\n<h2><strong>Cyklistika pro v\u00e1s tedy nen\u00ed jen nutn\u00fdm zlem v r\u00e1mci p\u0159\u00edpravy?<\/strong><\/h2>\n<p>Ur\u010ditn\u011b ne. Vyjela jsem slavn\u00fd pr\u016fsmyk Stelvio, pr\u016fsmyky nad Livignem. Kolo m\u00e1m r\u00e1da. A m\u00e1m s n\u00edm spojeny minim\u00e1ln\u011b dva v\u00fdjime\u010dn\u00e9 p\u0159\u00edb\u011bhy.<\/p>\n<figure id=\"attachment_13830\" aria-describedby=\"caption-attachment-13830\" style=\"width: 683px\" class=\"wp-caption alignnone\"><a href=\"https:\/\/d2p6e6u75xmxt8.cloudfront.net\/13\/2021\/07\/nyvltova-vrabcova-4.jpg\"><img loading=\"lazy\" decoding=\"async\" class=\" wp-image-13830\" src=\"https:\/\/d2p6e6u75xmxt8.cloudfront.net\/13\/2021\/07\/nyvltova-vrabcova-4.jpg\" alt=\"Eva Vrabcov\u00e1 N\u00fdvltov\u00e1 p\u0159i tr\u00e9ninku v Livignu. Foto: archiv Evy Vrabcov\u00e9 N\u00fdvltov\u00e9 (4x)\" width=\"683\" height=\"911\" \/><\/a><figcaption id=\"caption-attachment-13830\" class=\"wp-caption-text\"><em>Eva Vrabcov\u00e1 N\u00fdvltov\u00e1 p\u0159i tr\u00e9ninku v Livignu. Foto: archiv Evy Vrabcov\u00e9 N\u00fdvltov\u00e9 (4x)<\/em><\/figcaption><\/figure>\n<h2><strong>Pov\u00eddejte&#8230;<\/strong><\/h2>\n<p>Kdy\u017e jsem je\u0161t\u011b z\u00e1vodila v b\u011b\u017eeck\u00e9m ly\u017eov\u00e1n\u00ed, jezdili jsme na v\u011bt\u0161inu letn\u00edch soust\u0159ed\u011bn\u00ed na kole. Jednou jsme jeli dva dny na horsk\u00fdch kolech na Zadov na \u0160umav\u011b. Byla jsem na kole slab\u00e1 a stra\u0161n\u011b m\u011b bolel zadek, kalhoty nefungovaly, nav\u00edc jsem jela jen ve skupin\u011b mezi kluky. Kdy\u017e jsme dojeli do Strakonic, bylo velk\u00e9 teplo, do\u0161la mi voda a pen\u011b\u017eenku jsem si odlo\u017eila do auta, kter\u00e9 mezit\u00edm odjelo. Dal\u0161\u00ed vesnici za Strakonicemi jsem \u201erupla\u201c, myslela jsem, \u017ee u\u017e neu\u0161lapu ani kilometr. M\u011bla jsem jen gel, kter\u00fd mi zalepil pusu, co\u017e bylo je\u0161t\u011b hor\u0161\u00ed. V d\u00e1lce jsem vid\u011bla benzinku, silou v\u016fle jsem tam do\u0161lapala. Zb\u00fdvalo mi je\u0161t\u011b vy\u0161lapat p\u011bt \u0161est kilometr\u016f, kter\u00e9 jsem jela skoro hodinu. Posledn\u00ed dva tis\u00edce metr\u016f jsem jela rychlost\u00ed p\u011bt kilometr\u016f v hodin\u011b. Na Chat\u011b Ml\u00e1d\u00ed jsem lehla do spac\u00e1ku bez ve\u010de\u0159e, s teplotou. A druh\u00fd den r\u00e1no m\u011b vzbudili a musela jsem na tr\u00e9nink. To jsem si s\u00e1hla na dno.<\/p>\n<div class=\"shortcode-ys-post-pinup\"><article class=\"loop-simple post-13712 post type-post status-publish format-standard has-post-thumbnail hentry category-silnicni-cyklistika category-tour-de-france tag-cyklistika tag-kolo tag-mark-cavendish tag-mathieu-van-der-poel tag-silnicni-cyklistika tag-tour-de-france tag-tour-de-france-2021 global-categories-cycling\" data-postid=\"13712\" role=\"article\" data-post-id=\"13712\" data-word-count=\"497\" data-headline-length=\"45\" data-category=\"Tour de France\" data-global-category=\"Cycling\" data-author=\"Adam Bouda\" data-published=\"2021-07-17T07:00:11+02:00\" data-published-day=\"Saturday\">\n    <div class=\"entry-thumbnail article-thumbnail\" content=\"https:\/\/d2p6e6u75xmxt8.cloudfront.net\/13\/2021\/07\/Mark-Cavendish-Tour-de-France-Stage-13-Victory-_Tim-De-Waele-Getty-Images-scaled-150x150.webp\"><a href=\"https:\/\/www.welovecycling.com\/cs\/2021\/07\/17\/tour-de-france-sileny-zavod-ve-zbrojeni\/\" class=\"image-holder\" target=\"_self\"><img decoding=\"async\" loading=\"lazy\" class=\"\" src=\"https:\/\/d2p6e6u75xmxt8.cloudfront.net\/13\/2021\/07\/Mark-Cavendish-Tour-de-France-Stage-13-Victory-_Tim-De-Waele-Getty-Images-scaled-1024x703.webp\" srcset=\"https:\/\/d2p6e6u75xmxt8.cloudfront.net\/13\/2021\/07\/Mark-Cavendish-Tour-de-France-Stage-13-Victory-_Tim-De-Waele-Getty-Images-scaled.webp 2560w, https:\/\/d2p6e6u75xmxt8.cloudfront.net\/13\/2021\/07\/Mark-Cavendish-Tour-de-France-Stage-13-Victory-_Tim-De-Waele-Getty-Images-scaled-300x206.webp 300w, https:\/\/d2p6e6u75xmxt8.cloudfront.net\/13\/2021\/07\/Mark-Cavendish-Tour-de-France-Stage-13-Victory-_Tim-De-Waele-Getty-Images-scaled-1024x703.webp 1024w, https:\/\/d2p6e6u75xmxt8.cloudfront.net\/13\/2021\/07\/Mark-Cavendish-Tour-de-France-Stage-13-Victory-_Tim-De-Waele-Getty-Images-scaled-768x527.webp 768w, https:\/\/d2p6e6u75xmxt8.cloudfront.net\/13\/2021\/07\/Mark-Cavendish-Tour-de-France-Stage-13-Victory-_Tim-De-Waele-Getty-Images-scaled-1536x1054.webp 1536w, https:\/\/d2p6e6u75xmxt8.cloudfront.net\/13\/2021\/07\/Mark-Cavendish-Tour-de-France-Stage-13-Victory-_Tim-De-Waele-Getty-Images-scaled-2048x1406.webp 2048w, https:\/\/d2p6e6u75xmxt8.cloudfront.net\/13\/2021\/07\/Mark-Cavendish-Tour-de-France-Stage-13-Victory-_Tim-De-Waele-Getty-Images-scaled-1920x1318.webp 1920w, https:\/\/d2p6e6u75xmxt8.cloudfront.net\/13\/2021\/07\/Mark-Cavendish-Tour-de-France-Stage-13-Victory-_Tim-De-Waele-Getty-Images-scaled-1920x1318.webp 1920w\" width=\"1024\" height=\"703\" sizes=\"auto, (min-width: 1200px) 300px, (min-width: 768px) 25vw, 100vw\" alt=\"tour-de-france-sileny-zavod-ve-zbrojeni\"\/><\/a><\/div>    <div class=\"entry-meta\">\n        <a class=\"label label-secondary post-category\" href=\"https:\/\/www.welovecycling.com\/cs\/category\/tour-de-france\/\" title=\"Tour de France\">Tour de France<\/a>\n    <\/div>\n    <div class=\"entry-details\">\n        <a href=\"https:\/\/www.welovecycling.com\/cs\/2021\/07\/17\/tour-de-france-sileny-zavod-ve-zbrojeni\/\" class='entry-title-wrapper'>\n            <h3 class=\"entry-title\"><span>Tour de France, \u0161\u00edlen\u00fd z\u00e1vod ve zbrojen\u00ed<\/span><\/h3>\n        <\/a>\n    <\/div>\n    <\/article>\n<\/div>\n<h2><strong>\u00a0<\/strong><strong>A druh\u00fd p\u0159\u00edb\u011bh?<\/strong><\/h2>\n<p>To jsme jeli na kolech do Jesen\u00edk\u016f. N\u011bkde kolem Uni\u010dova, dvacet kilometr\u016f p\u0159ed c\u00edlem, jsme zastavili na \u010dervenou, opravovali tam po povodn\u00edch b\u0159ehy. Zezadu p\u0159ijeli dv\u011b kamar\u00e1dky, kter\u00e9 si p\u0159ed\u00e1valy pit\u00ed a nevid\u011bly, \u017ee stoj\u00edme. Neum\u011bly se tak rychle vycvaknout z n\u00e1\u0161lap\u016f, vrazily do m\u011b a j\u00e1 padala ze\u00a0 sr\u00e1zu a jen sly\u0161ela: \u201eEvoooo, st\u016f\u016f\u016f\u016fj!\u201c Vylezla jsem z p\u0159\u00edkopu pobit\u00e1, ale stejn\u011b jsem to cht\u011bla dojet, jen\u017ee p\u0159edn\u00ed kolo bylo do \u010dtverce. Byla to takov\u00e1 moje osobn\u00ed prohra&#8230;<\/p>\n<h2><strong>To byly kritick\u00e9 chv\u00edle na kole. Kdy p\u0159ich\u00e1zej\u00ed p\u0159i maratonu?<\/strong><\/h2>\n<p>\u0158\u00edk\u00e1 se, \u017ee t\u0159ic\u00e1t\u00fd kilometr je rozhoduj\u00edc\u00ed. Pro m\u011b byl na kv\u011btnov\u00e9m Pra\u017esk\u00e9m maratonu nejhor\u0161\u00ed patn\u00e1ct\u00fd. V tu chv\u00edli jsem si \u0159\u00edkala, \u017ee jestli vydr\u017e\u00edm, bude to z\u00e1zrak. A pak jsem trp\u011bla \u0161est kilometr\u016f do c\u00edle. Postihla m\u011b velk\u00e1 krize. \u0158\u00edkala jsem si, \u017ee m\u00e1m \u010dist\u00e9 sv\u011bdom\u00ed, proto\u017ee jsem se o limit na olympi\u00e1du alespo\u0148 pokusila. U\u017e mi b\u011b\u017eelo hlavou: Ok, spadla jsi, ale minim\u00e1ln\u011b chvilku jsi let\u011bla. Ale nakonec jsem limit dala a Tokio vybojovala.<\/p>\n<figure id=\"attachment_13828\" aria-describedby=\"caption-attachment-13828\" style=\"width: 741px\" class=\"wp-caption alignnone\"><a href=\"https:\/\/d2p6e6u75xmxt8.cloudfront.net\/13\/2021\/07\/nyvltova-vrabcova-2.jpg\"><img loading=\"lazy\" decoding=\"async\" class=\" wp-image-13828\" src=\"https:\/\/d2p6e6u75xmxt8.cloudfront.net\/13\/2021\/07\/nyvltova-vrabcova-2.jpg\" alt=\"Eva Vrabcov\u00e1 N\u00fdvltov\u00e1 p\u0159i tr\u00e9ninku na trena\u017e\u00e9ru v dom\u00e1c\u00edch podm\u00ednk\u00e1ch.\" width=\"741\" height=\"988\" \/><\/a><figcaption id=\"caption-attachment-13828\" class=\"wp-caption-text\"><em>Eva Vrabcov\u00e1 N\u00fdvltov\u00e1 p\u0159i tr\u00e9ninku na trena\u017e\u00e9ru v dom\u00e1c\u00edch podm\u00ednk\u00e1ch.<\/em><\/figcaption><\/figure>\n<h2><strong>Jde spojit mate\u0159stv\u00ed s pln\u00fdm tr\u00e9ninkem profesion\u00e1ln\u00ed sportovkyn\u011b?<\/strong><\/h2>\n<p>Da\u0159\u00ed se mi to d\u00edky rodin\u011b. Hodn\u011b hl\u00edd\u00e1 man\u017eel, babi\u010dka p\u0159ijede z Trutnova v\u017edy, kdy\u017e pot\u0159ebuji. V Hradci Kr\u00e1lov\u00e9, kde bydl\u00edme, m\u00e1m tetu, kter\u00e1 tak\u00e9 r\u00e1da pohl\u00edd\u00e1. V\u0161ichni mi jdou na ruku a Martin m\u011b m\u016f\u017ee na del\u0161\u00ed tr\u00e9ninky doprov\u00e1zet, co\u017e byla p\u0159ed z\u00e1vodem obrovsk\u00e1 psychick\u00e1 podpora. Z\u00e1rove\u0148 vid\u011bl, jak se mi b\u011b\u017e\u00ed a u\u017e si to mohl skl\u00e1dat do tr\u00e9ninku. M\u00edv\u00e1m ale v\u00fd\u010ditky sv\u011bdom\u00ed, \u017ee jsem s Ad\u00e9lkou m\u00e1lo. P\u0159ed Pra\u017esk\u00fdm maratonem dostala r\u00fdmu a j\u00e1 si vy\u010d\u00edtala, \u017ee se o ni nestar\u00e1m naplno. Man\u017eel zas\u00e1hl, \u0159ekl: Uklidni se, j\u00e1 to zvl\u00e1dnu. T\u011bch maratonsk\u00fdch\u00a0 n\u00e1vrat\u016f po d\u00edt\u011bti ale zn\u00e1m v\u00edce, maraton se toti\u017e d\u00e1 b\u011bhat i po \u010dty\u0159ic\u00edtce.<\/p>\n<h2><strong>Tokio se kv\u016fli pandemii koronaviru o rok odkl\u00e1dalo, nav\u00edc bude zcela bez div\u00e1k\u016f. Za\u017eila jste jin\u00e9 olympi\u00e1dy. Jak vn\u00edm\u00e1te tu nadch\u00e1zej\u00edc\u00ed?<\/strong><\/h2>\n<p>Bude to smutn\u00e9. Budeme izolovan\u00ed, v aplikaci si vybereme menu, kter\u00e9 n\u00e1m p\u0159inesou na pokoj. U trati nebudou div\u00e1ci, co\u017e mi bude velmi chyb\u011bt, \u017eenou m\u011b dop\u0159edu. Z\u00e1\u017eitkem bylo j\u00edt do velk\u00e9 j\u00eddelny, kde se v\u0161ichni potkali u j\u00eddla a t\u0159i \u010dty\u0159i hodiny se pov\u00eddalo. A pak t\u0159eba p\u0159i\u0161el Usain Bolt a sedl si vedle.<\/p>\n<h2><strong>Um\u00edte si p\u0159estavit, \u017ee se jednou bude sportu z\u00e1vodn\u011b v\u011bnovat i Ad\u00e9lka?<\/strong><\/h2>\n<p>Jsem na ni zv\u011bdav\u00e1, ale m\u00e1lo platn\u00e9 \u2013 jsme sportovn\u00ed rodina, kde se v\u0161e to\u010d\u00ed kolem sportu. M\u016fj tat\u00ednek tak\u00e9 z\u00e1vodil na b\u011b\u017ek\u00e1ch, m\u00e1 n\u011bkolik medail\u00ed z Jizersk\u00e9 50, mamce \u0161ly v\u0161echny sporty. A Ad\u00e9lka je moc \u0161ikovn\u00e1 \u2013 ned\u00e1vno spadla a rozsekla si hlavu, b\u011bhem minuty se zase sm\u00e1la. Jindy m\u011b vid\u011bla, jak zved\u00e1m \u010dinky, tak te\u010f chod\u00ed a zved\u00e1 je.<\/p>\n<div class=\"shortcode-ys-post-pinup\"><article class=\"loop-simple post-13358 post type-post status-publish format-standard has-post-thumbnail hentry category-silnicni-cyklistika tag-antonin-bartonicek tag-cyklistika tag-peter-sagan tag-silnicni-cyklistika tag-tour-de-france tag-tour-de-france-2021 tag-zavod-miru tag-zeleny-dres global-categories-cycling\" data-postid=\"13358\" role=\"article\" data-post-id=\"13358\" data-word-count=\"625\" data-headline-length=\"73\" data-category=\"Silni\u010dn\u00ed cyklistika\" data-global-category=\"Cycling\" data-author=\"We Love Cycling\" data-published=\"2021-06-28T16:08:36+02:00\" data-published-day=\"Monday\">\n    <div class=\"entry-thumbnail article-thumbnail\" content=\"https:\/\/d2p6e6u75xmxt8.cloudfront.net\/13\/2021\/06\/bartonicek-michal-cerveny-150x150.webp\"><a href=\"https:\/\/www.welovecycling.com\/cs\/2021\/06\/28\/nikdy-nevzdam-buldok-co-mohl-jezdit-v-zelenem\/\" class=\"image-holder\" target=\"_self\"><img decoding=\"async\" loading=\"lazy\" class=\"\" src=\"https:\/\/d2p6e6u75xmxt8.cloudfront.net\/13\/2021\/06\/bartonicek-michal-cerveny-1024x682.webp\" srcset=\"https:\/\/d2p6e6u75xmxt8.cloudfront.net\/13\/2021\/06\/bartonicek-michal-cerveny.webp 2000w, https:\/\/d2p6e6u75xmxt8.cloudfront.net\/13\/2021\/06\/bartonicek-michal-cerveny-300x200.webp 300w, https:\/\/d2p6e6u75xmxt8.cloudfront.net\/13\/2021\/06\/bartonicek-michal-cerveny-1024x682.webp 1024w, https:\/\/d2p6e6u75xmxt8.cloudfront.net\/13\/2021\/06\/bartonicek-michal-cerveny-768x512.webp 768w, https:\/\/d2p6e6u75xmxt8.cloudfront.net\/13\/2021\/06\/bartonicek-michal-cerveny-1536x1024.webp 1536w, https:\/\/d2p6e6u75xmxt8.cloudfront.net\/13\/2021\/06\/bartonicek-michal-cerveny-1920x1280.webp 1920w, https:\/\/d2p6e6u75xmxt8.cloudfront.net\/13\/2021\/06\/bartonicek-michal-cerveny-272x182.webp 272w, https:\/\/d2p6e6u75xmxt8.cloudfront.net\/13\/2021\/06\/bartonicek-michal-cerveny-1920x1280.webp 1920w\" width=\"1024\" height=\"682\" sizes=\"auto, (min-width: 1200px) 300px, (min-width: 768px) 25vw, 100vw\" alt=\"nikdy-nevzdam-buldok-co-mohl-jezdit-v-zelenem\"\/><\/a><\/div>    <div class=\"entry-meta\">\n        <a class=\"label label-secondary post-category\" href=\"https:\/\/www.welovecycling.com\/cs\/category\/silnicni-cyklistika\/\" title=\"Silni\u010dn\u00ed cyklistika\">Silni\u010dn\u00ed cyklistika<\/a>\n    <\/div>\n    <div class=\"entry-details\">\n        <a href=\"https:\/\/www.welovecycling.com\/cs\/2021\/06\/28\/nikdy-nevzdam-buldok-co-mohl-jezdit-v-zelenem\/\" class='entry-title-wrapper'>\n            <h3 class=\"entry-title\"><span>Anton\u00edn Barton\u00ed\u010dek: Nikdy nevzd\u00e1m! Buldok, co mohl jezdit v\u00a0zelen\u00e9m<\/span><\/h3>\n        <\/a>\n    <\/div>\n    <\/article>\n<\/div>\n<h2><strong>Bude v\u00e1s ro\u010dn\u00ed dcerka prov\u00e1zet i na cyklistick\u00fdch vyj\u00ed\u017e\u010fk\u00e1ch?<\/strong><\/h2>\n<p>Koupili jsme si voz\u00edk za kolo a m\u016f\u017eeme vyr\u00e1\u017eet na v\u00fdlety. V okol\u00ed Hradce Kr\u00e1lov\u00e9, kde bydl\u00edme, jsou p\u011bkn\u00e9 cyklostezky, je mo\u017en\u00e9 nav\u0161t\u00edvit i lesn\u00ed zoo. Bude to p\u011bkn\u00e1 kombinace m\u00e9ho mate\u0159stv\u00ed a lehk\u00e9ho sportu. S voz\u00edkem budu samoz\u0159ejm\u011b jezdit na horsk\u00e9m kole, ale v\u00fdlet s Ad\u00e9lkou nebude tr\u00e9nink, jen takov\u00fd cyklistick\u00fd bonus.<\/p>\n<p><strong>Kdo je Eva Vrabcov\u00e1 N\u00fdvltov\u00e1<\/strong><\/p>\n<p>Poch\u00e1z\u00ed ze sportovn\u00ed rodiny, jej\u00ed tat\u00ednek Karel N\u00fdvlt z\u00e1vodil na b\u011b\u017ek\u00e1ch. Tento sport za\u010dala jako d\u00edt\u011b tr\u00e9novat i ona a \u0161estkr\u00e1t startovala na mistrovstv\u00ed sv\u011bta v klasick\u00e9m ly\u017eov\u00e1n\u00ed (poprv\u00e9 ji\u017e v devaten\u00e1cti letech) a t\u0159ikr\u00e1t na zimn\u00ed olympi\u00e1d\u011b. V So\u010di 2014 skon\u010dila p\u00e1t\u00e1. Jako atletka se z\u00fa\u010dastnila letn\u00edch olympijsk\u00fdch her 2016, kde b\u011b\u017eela maraton. V dubnu 2018 se stala \u010deskou rekordmankou v p\u016flmaratonu. Nejv\u011bt\u0161\u00edho \u00fasp\u011bchu dos\u00e1hla na mistrovstv\u00ed Evropy 2018, kde z\u00edskala bronzovou medaili v maratonu v nov\u00e9m \u010desk\u00e9m rekordu.<\/p>\n","protected":false},"excerpt":{"rendered":"<p>P\u00e1t\u00e9 olympijsk\u00e9 hry absolvuje v Tokiu Eva Vrabcov\u00e1-N\u00fdvltov\u00e1. T\u0159ikr\u00e1t v minulosti startovala na zimn\u00edch bitv\u00e1ch pod p\u011bti kruhy coby b\u011b\u017ekyn\u011b [&hellip;]<\/p>\n","protected":false},"author":138,"featured_media":13829,"comment_status":"open","ping_status":"open","sticky":false,"template":"","format":"standard","meta":{"footnotes":""},"categories":[10,5],"tags":[1764,126,1763,56,1765,9,841,27,28,67,43],"global-categories":[411],"class_list":["post-13826","post","type-post","status-publish","format-standard","has-post-thumbnail","hentry","category-silnicni-cyklistika","category-zeny","tag-atletika","tag-cyklistika","tag-eva-vrabcova-nyvltova","tag-horska-cyklistika","tag-oh-tokio-2020","tag-silnicni-cyklistika","tag-tokio-2020","tag-trenink","tag-zdravi","tag-zdravi-a-trenink","tag-zeny","global-categories-cycling"],"yoast_head":"<!-- This site is optimized with the Yoast SEO Premium plugin v25.3 (Yoast SEO v25.9) - https:\/\/yoast.com\/wordpress\/plugins\/seo\/ -->\n<title>Olympioni\u010dka Eva Vrabcov\u00e1 N\u00fdvltov\u00e1: Zamilovala jsem si silni\u010dku | \u0160koda We Love Cycling - \u010cesk\u00e1 republika<\/title>\n<meta name=\"robots\" content=\"index, follow, max-snippet:-1, max-image-preview:large, max-video-preview:-1\" \/>\n<link rel=\"canonical\" href=\"https:\/\/www.welovecycling.com\/cs\/2021\/07\/23\/olympionicka-eva-vrabcova-nyvltova-jezdim-na-silnicce-nebo-na-vylety-s-adelkou\/\" \/>\n<meta property=\"og:locale\" content=\"cs_CZ\" \/>\n<meta property=\"og:type\" content=\"article\" \/>\n<meta property=\"og:title\" content=\"Olympioni\u010dka Eva Vrabcov\u00e1 N\u00fdvltov\u00e1: Zamilovala jsem si silni\u010dku\" \/>\n<meta property=\"og:description\" content=\"P\u00e1t\u00e9 olympijsk\u00e9 hry absolvuje v Tokiu Eva Vrabcov\u00e1-N\u00fdvltov\u00e1. T\u0159ikr\u00e1t v minulosti startovala na zimn\u00edch bitv\u00e1ch pod p\u011bti kruhy coby b\u011b\u017ekyn\u011b [&hellip;]\" \/>\n<meta property=\"og:url\" content=\"https:\/\/www.welovecycling.com\/cs\/2021\/07\/23\/olympionicka-eva-vrabcova-nyvltova-jezdim-na-silnicce-nebo-na-vylety-s-adelkou\/\" \/>\n<meta property=\"og:site_name\" content=\"\u0160koda We Love Cycling - \u010cesk\u00e1 republika\" \/>\n<meta property=\"article:published_time\" content=\"2021-07-23T05:00:23+00:00\" \/>\n<meta property=\"article:modified_time\" content=\"2021-07-24T03:31:07+00:00\" \/>\n<meta property=\"og:image\" content=\"https:\/\/d2p6e6u75xmxt8.cloudfront.net\/13\/2021\/07\/nyvltova-vrabcova-3.webp\" \/>\n\t<meta property=\"og:image:width\" content=\"480\" \/>\n\t<meta property=\"og:image:height\" content=\"640\" \/>\n\t<meta property=\"og:image:type\" content=\"image\/webp\" \/>\n<meta name=\"author\" content=\"radekmalina\" \/>\n<meta name=\"twitter:card\" content=\"summary_large_image\" \/>\n<meta name=\"twitter:label1\" content=\"Written by\" \/>\n\t<meta name=\"twitter:data1\" content=\"We Love Cycling\" \/>\n\t<meta name=\"twitter:label2\" content=\"Est. reading time\" \/>\n\t<meta name=\"twitter:data2\" content=\"7\" \/>\n<script type=\"application\/ld+json\" class=\"yoast-schema-graph\">{\"@context\":\"https:\/\/schema.org\",\"@graph\":[{\"@type\":\"WebPage\",\"@id\":\"https:\/\/www.welovecycling.com\/cs\/2021\/07\/23\/olympionicka-eva-vrabcova-nyvltova-jezdim-na-silnicce-nebo-na-vylety-s-adelkou\/\",\"url\":\"https:\/\/www.welovecycling.com\/cs\/2021\/07\/23\/olympionicka-eva-vrabcova-nyvltova-jezdim-na-silnicce-nebo-na-vylety-s-adelkou\/\",\"name\":\"Olympioni\u010dka Eva Vrabcov\u00e1 N\u00fdvltov\u00e1: Zamilovala jsem si silni\u010dku | \u0160koda We Love Cycling - \u010cesk\u00e1 republika\",\"isPartOf\":{\"@id\":\"https:\/\/www.welovecycling.com\/cs\/#website\"},\"primaryImageOfPage\":{\"@id\":\"https:\/\/www.welovecycling.com\/cs\/2021\/07\/23\/olympionicka-eva-vrabcova-nyvltova-jezdim-na-silnicce-nebo-na-vylety-s-adelkou\/#primaryimage\"},\"image\":{\"@id\":\"https:\/\/www.welovecycling.com\/cs\/2021\/07\/23\/olympionicka-eva-vrabcova-nyvltova-jezdim-na-silnicce-nebo-na-vylety-s-adelkou\/#primaryimage\"},\"thumbnailUrl\":\"https:\/\/d2p6e6u75xmxt8.cloudfront.net\/13\/2021\/07\/nyvltova-vrabcova-3.webp\",\"datePublished\":\"2021-07-23T05:00:23+00:00\",\"dateModified\":\"2021-07-24T03:31:07+00:00\",\"author\":{\"@id\":\"https:\/\/www.welovecycling.com\/cs\/#\/schema\/person\/d9eeb0a378f3a7e4a6d12d2b536b04b8\"},\"inLanguage\":\"cs\",\"potentialAction\":[{\"@type\":\"ReadAction\",\"target\":[\"https:\/\/www.welovecycling.com\/cs\/2021\/07\/23\/olympionicka-eva-vrabcova-nyvltova-jezdim-na-silnicce-nebo-na-vylety-s-adelkou\/\"]}]},{\"@type\":\"ImageObject\",\"inLanguage\":\"cs\",\"@id\":\"https:\/\/www.welovecycling.com\/cs\/2021\/07\/23\/olympionicka-eva-vrabcova-nyvltova-jezdim-na-silnicce-nebo-na-vylety-s-adelkou\/#primaryimage\",\"url\":\"https:\/\/d2p6e6u75xmxt8.cloudfront.net\/13\/2021\/07\/nyvltova-vrabcova-3.webp\",\"contentUrl\":\"https:\/\/d2p6e6u75xmxt8.cloudfront.net\/13\/2021\/07\/nyvltova-vrabcova-3.webp\",\"width\":480,\"height\":640},{\"@type\":\"WebSite\",\"@id\":\"https:\/\/www.welovecycling.com\/cs\/#website\",\"url\":\"https:\/\/www.welovecycling.com\/cs\/\",\"name\":\"\u0160koda We Love Cycling - \u010cesk\u00e1 republika\",\"description\":\"WeLoveCycling.cz je online magaz\u00edn, kter\u00fd v\u00e1m pravideln\u011b p\u0159in\u00e1\u0161\u00ed rady a tipy, zaj\u00edmav\u00e9 \u010dl\u00e1nky, videa a jedine\u010dn\u00e9 report\u00e1\u017ee ze sv\u011bta cyklistiky.\",\"potentialAction\":[{\"@type\":\"SearchAction\",\"target\":{\"@type\":\"EntryPoint\",\"urlTemplate\":\"https:\/\/www.welovecycling.com\/cs\/?s={search_term_string}\"},\"query-input\":{\"@type\":\"PropertyValueSpecification\",\"valueRequired\":true,\"valueName\":\"search_term_string\"}}],\"inLanguage\":\"cs\"},{\"@type\":\"Person\",\"@id\":\"https:\/\/www.welovecycling.com\/cs\/#\/schema\/person\/d9eeb0a378f3a7e4a6d12d2b536b04b8\",\"name\":\"radekmalina\",\"image\":{\"@type\":\"ImageObject\",\"inLanguage\":\"cs\",\"@id\":\"https:\/\/www.welovecycling.com\/cs\/#\/schema\/person\/image\/\",\"url\":\"https:\/\/secure.gravatar.com\/avatar\/66994b632cb8c39a46b9f54afa3ae07201b678d32a54275b6f1c9ffec356bfc0?s=96&d=mm&r=g\",\"contentUrl\":\"https:\/\/secure.gravatar.com\/avatar\/66994b632cb8c39a46b9f54afa3ae07201b678d32a54275b6f1c9ffec356bfc0?s=96&d=mm&r=g\",\"caption\":\"radekmalina\"},\"url\":\"https:\/\/www.welovecycling.com\/cs\/author\/radekmalina\/\"}]}<\/script>\n<!-- \/ Yoast SEO Premium plugin. -->","yoast_head_json":{"title":"Olympioni\u010dka Eva Vrabcov\u00e1 N\u00fdvltov\u00e1: Zamilovala jsem si silni\u010dku | \u0160koda We Love Cycling - \u010cesk\u00e1 republika","robots":{"index":"index","follow":"follow","max-snippet":"max-snippet:-1","max-image-preview":"max-image-preview:large","max-video-preview":"max-video-preview:-1"},"canonical":"https:\/\/www.welovecycling.com\/cs\/2021\/07\/23\/olympionicka-eva-vrabcova-nyvltova-jezdim-na-silnicce-nebo-na-vylety-s-adelkou\/","og_locale":"cs_CZ","og_type":"article","og_title":"Olympioni\u010dka Eva Vrabcov\u00e1 N\u00fdvltov\u00e1: Zamilovala jsem si silni\u010dku","og_description":"P\u00e1t\u00e9 olympijsk\u00e9 hry absolvuje v Tokiu Eva Vrabcov\u00e1-N\u00fdvltov\u00e1. T\u0159ikr\u00e1t v minulosti startovala na zimn\u00edch bitv\u00e1ch pod p\u011bti kruhy coby b\u011b\u017ekyn\u011b [&hellip;]","og_url":"https:\/\/www.welovecycling.com\/cs\/2021\/07\/23\/olympionicka-eva-vrabcova-nyvltova-jezdim-na-silnicce-nebo-na-vylety-s-adelkou\/","og_site_name":"\u0160koda We Love Cycling - \u010cesk\u00e1 republika","article_published_time":"2021-07-23T05:00:23+00:00","article_modified_time":"2021-07-24T03:31:07+00:00","og_image":[{"width":480,"height":640,"url":"https:\/\/d2p6e6u75xmxt8.cloudfront.net\/13\/2021\/07\/nyvltova-vrabcova-3.webp","type":"image\/webp"}],"author":"radekmalina","twitter_card":"summary_large_image","twitter_misc":{"Written by":"We Love Cycling","Est. reading time":"7"},"schema":{"@context":"https:\/\/schema.org","@graph":[{"@type":"WebPage","@id":"https:\/\/www.welovecycling.com\/cs\/2021\/07\/23\/olympionicka-eva-vrabcova-nyvltova-jezdim-na-silnicce-nebo-na-vylety-s-adelkou\/","url":"https:\/\/www.welovecycling.com\/cs\/2021\/07\/23\/olympionicka-eva-vrabcova-nyvltova-jezdim-na-silnicce-nebo-na-vylety-s-adelkou\/","name":"Olympioni\u010dka Eva Vrabcov\u00e1 N\u00fdvltov\u00e1: Zamilovala jsem si silni\u010dku | \u0160koda We Love Cycling - \u010cesk\u00e1 republika","isPartOf":{"@id":"https:\/\/www.welovecycling.com\/cs\/#website"},"primaryImageOfPage":{"@id":"https:\/\/www.welovecycling.com\/cs\/2021\/07\/23\/olympionicka-eva-vrabcova-nyvltova-jezdim-na-silnicce-nebo-na-vylety-s-adelkou\/#primaryimage"},"image":{"@id":"https:\/\/www.welovecycling.com\/cs\/2021\/07\/23\/olympionicka-eva-vrabcova-nyvltova-jezdim-na-silnicce-nebo-na-vylety-s-adelkou\/#primaryimage"},"thumbnailUrl":"https:\/\/d2p6e6u75xmxt8.cloudfront.net\/13\/2021\/07\/nyvltova-vrabcova-3.webp","datePublished":"2021-07-23T05:00:23+00:00","dateModified":"2021-07-24T03:31:07+00:00","author":{"@id":"https:\/\/www.welovecycling.com\/cs\/#\/schema\/person\/d9eeb0a378f3a7e4a6d12d2b536b04b8"},"inLanguage":"cs","potentialAction":[{"@type":"ReadAction","target":["https:\/\/www.welovecycling.com\/cs\/2021\/07\/23\/olympionicka-eva-vrabcova-nyvltova-jezdim-na-silnicce-nebo-na-vylety-s-adelkou\/"]}]},{"@type":"ImageObject","inLanguage":"cs","@id":"https:\/\/www.welovecycling.com\/cs\/2021\/07\/23\/olympionicka-eva-vrabcova-nyvltova-jezdim-na-silnicce-nebo-na-vylety-s-adelkou\/#primaryimage","url":"https:\/\/d2p6e6u75xmxt8.cloudfront.net\/13\/2021\/07\/nyvltova-vrabcova-3.webp","contentUrl":"https:\/\/d2p6e6u75xmxt8.cloudfront.net\/13\/2021\/07\/nyvltova-vrabcova-3.webp","width":480,"height":640},{"@type":"WebSite","@id":"https:\/\/www.welovecycling.com\/cs\/#website","url":"https:\/\/www.welovecycling.com\/cs\/","name":"\u0160koda We Love Cycling - \u010cesk\u00e1 republika","description":"WeLoveCycling.cz je online magaz\u00edn, kter\u00fd v\u00e1m pravideln\u011b p\u0159in\u00e1\u0161\u00ed rady a tipy, zaj\u00edmav\u00e9 \u010dl\u00e1nky, videa a jedine\u010dn\u00e9 report\u00e1\u017ee ze sv\u011bta cyklistiky.","potentialAction":[{"@type":"SearchAction","target":{"@type":"EntryPoint","urlTemplate":"https:\/\/www.welovecycling.com\/cs\/?s={search_term_string}"},"query-input":{"@type":"PropertyValueSpecification","valueRequired":true,"valueName":"search_term_string"}}],"inLanguage":"cs"},{"@type":"Person","@id":"https:\/\/www.welovecycling.com\/cs\/#\/schema\/person\/d9eeb0a378f3a7e4a6d12d2b536b04b8","name":"radekmalina","image":{"@type":"ImageObject","inLanguage":"cs","@id":"https:\/\/www.welovecycling.com\/cs\/#\/schema\/person\/image\/","url":"https:\/\/secure.gravatar.com\/avatar\/66994b632cb8c39a46b9f54afa3ae07201b678d32a54275b6f1c9ffec356bfc0?s=96&d=mm&r=g","contentUrl":"https:\/\/secure.gravatar.com\/avatar\/66994b632cb8c39a46b9f54afa3ae07201b678d32a54275b6f1c9ffec356bfc0?s=96&d=mm&r=g","caption":"radekmalina"},"url":"https:\/\/www.welovecycling.com\/cs\/author\/radekmalina\/"}]}},"_links":{"self":[{"href":"https:\/\/www.welovecycling.com\/cs\/wp-json\/wp\/v2\/posts\/13826","targetHints":{"allow":["GET"]}}],"collection":[{"href":"https:\/\/www.welovecycling.com\/cs\/wp-json\/wp\/v2\/posts"}],"about":[{"href":"https:\/\/www.welovecycling.com\/cs\/wp-json\/wp\/v2\/types\/post"}],"author":[{"embeddable":true,"href":"https:\/\/www.welovecycling.com\/cs\/wp-json\/wp\/v2\/users\/138"}],"replies":[{"embeddable":true,"href":"https:\/\/www.welovecycling.com\/cs\/wp-json\/wp\/v2\/comments?post=13826"}],"version-history":[{"count":2,"href":"https:\/\/www.welovecycling.com\/cs\/wp-json\/wp\/v2\/posts\/13826\/revisions"}],"predecessor-version":[{"id":13850,"href":"https:\/\/www.welovecycling.com\/cs\/wp-json\/wp\/v2\/posts\/13826\/revisions\/13850"}],"wp:featuredmedia":[{"embeddable":true,"href":"https:\/\/www.welovecycling.com\/cs\/wp-json\/wp\/v2\/media\/13829"}],"wp:attachment":[{"href":"https:\/\/www.welovecycling.com\/cs\/wp-json\/wp\/v2\/media?parent=13826"}],"wp:term":[{"taxonomy":"category","embeddable":true,"href":"https:\/\/www.welovecycling.com\/cs\/wp-json\/wp\/v2\/categories?post=13826"},{"taxonomy":"post_tag","embeddable":true,"href":"https:\/\/www.welovecycling.com\/cs\/wp-json\/wp\/v2\/tags?post=13826"},{"taxonomy":"global-categories","embeddable":true,"href":"https:\/\/www.welovecycling.com\/cs\/wp-json\/wp\/v2\/global-categories?post=13826"}],"curies":[{"name":"wp","href":"https:\/\/api.w.org\/{rel}","templated":true}]}}