{"id":13808,"date":"2021-07-28T06:00:00","date_gmt":"2021-07-28T04:00:00","guid":{"rendered":"https:\/\/www.welovecycling.com\/cs\/?p=13808"},"modified":"2021-07-27T17:14:06","modified_gmt":"2021-07-27T15:14:06","slug":"v-jezkove-reviru-silenstvi-letape-czech-republic-by-tour-de-france-se-blizi","status":"publish","type":"post","link":"https:\/\/www.welovecycling.com\/cs\/2021\/07\/28\/v-jezkove-reviru-silenstvi-letape-czech-republic-by-tour-de-france-se-blizi\/","title":{"rendered":"V\u00a0Je\u017ekov\u011b rev\u00edru! \u0160\u00edlenstv\u00ed L&#8217;Etape Czech Republic by Tour de France se bl\u00ed\u017e\u00ed"},"content":{"rendered":"<p><strong>Nejv\u011bt\u0161\u00ed sportovn\u00ed akce roku na \u00fazem\u00ed \u010ceska vypukne p\u0159esn\u011b za m\u011bs\u00edc! L&#8217;Etape Czech Republic by Tour de France odstartuje v Praze 28. srpna. N\u011bkolik tis\u00edcovek \u00fa\u010dastn\u00edk\u016f \u010dek\u00e1 v\u00fdjime\u010dn\u00fd sportovn\u00ed z\u00e1\u017eitek. V\u017edy\u0165 cesty a kopce, kter\u00e9 budou na trase zdol\u00e1vat, se staly m\u00edstem tr\u00e9nink\u016f \u010desk\u00fdch cyklistick\u00fdch \u0161ampion\u016f \u010di \u0161estin\u00e1sobn\u00e9ho paralympijsk\u00e9ho v\u00edt\u011bze Ji\u0159\u00edho Je\u017eka.<\/strong><\/p>\n<p>\u201eZ\u00e1vod se odehr\u00e1v\u00e1 v\u00a0lokalit\u00e1ch, v\u00a0nich\u017e jsem z\u00a0hlediska tr\u00e9ninku pro\u017eil prakticky celou kari\u00e9ru. Spoust\u011b lid\u00ed uk\u00e1\u017ee akce kr\u00e1su prost\u0159ed\u00ed v bl\u00edzkosti Prahy. I z\u00a0mezin\u00e1rodn\u00edho hlediska p\u016fjde o obrovskou propagaci cyklistiky, zejm\u00e9na v\u00a0jej\u00ed rekrea\u010dn\u00ed podob\u011b,\u201c je p\u0159esv\u011bd\u010den\u00fd Ji\u0159\u00ed Je\u017eek, \u0161estin\u00e1sobn\u00fd paralympijsk\u00fd \u0161ampion.<\/p>\n<lite-youtube videoid=dBx_WE1zmZE params=\"enablejsapi=1\" style=\"background-image: url('https:\/\/i.ytimg.com\/vi_webp\/dBx_WE1zmZE\/maxresdefault.webp');\"><\/lite-youtube>\n<p>\u201eJel jsem t\u0159ikr\u00e1t v\u00a0\u017eivot\u011b origin\u00e1ln\u00ed verzi p\u0159\u00edmo ve Francii. A nemohu se do\u010dkat \u010desk\u00e9 varianty. Ur\u010dit\u011b budu na startu,\u201c t\u011b\u0161\u00ed se Je\u017eek.<\/p>\n<h2><strong>Etapa jako p\u0159i Tour de France p\u0159es Centr\u00e1ln\u00ed masiv<\/strong><\/h2>\n<p>Okruh L&#8217;Etape Czech Republic by Tour de France povede z\u00a0pra\u017esk\u00e9ho Strahova p\u0159es Hostivice a Sv\u00e1rov p\u0159es v\u00fdchodn\u00ed \u010d\u00e1st Chr\u00e1n\u011bn\u00e9 krajinn\u00e9 oblasti K\u0159ivokl\u00e1tsko na L\u00e1ny, n\u00e1sledn\u011b p\u0159ijde na \u0159adu v\u00fdjezd p\u0159es obec S\u00fdko\u0159ice, sjezd do Ni\u017eboru, n\u00e1sledn\u011b cyklist\u00e9 budou \u0161lapat podle \u0159eky Berounky, p\u0159es Beroun se pojede do obce Svat\u00fd Jan pod Skalou, n\u00e1sledn\u011b p\u0159ijde na \u0159adu p\u0159es Lod\u011bnice v\u00fdjezd do Nena\u010dovic, a pak u\u017e p\u0159es B\u0159ve a Zli\u010d\u00edn posledn\u00ed kilometry zp\u011bt na Strahov.<\/p>\n<div class=\"shortcode-ys-post-pinup\"><article class=\"loop-simple post-12217 post type-post status-publish format-standard has-post-thumbnail hentry category-letape-czech-republic tag-cyklistika tag-letape tag-letape-czech-republic tag-letape-czech-republic-by-tour-de-france tag-silnicni-cyklistika tag-trasa-letape tag-trasa-letape-czech-republic-by-tour-de-france global-categories-cycling\" data-postid=\"12217\" role=\"article\" data-post-id=\"12217\" data-word-count=\"1039\" data-headline-length=\"62\" data-category=\"L&#039;Etape Czech Republic\" data-global-category=\"Cycling\" data-author=\"We Love Cycling\" data-published=\"2021-04-27T20:00:12+02:00\" data-published-day=\"Tuesday\">\n    <div class=\"entry-thumbnail article-thumbnail\" content=\"https:\/\/d2p6e6u75xmxt8.cloudfront.net\/13\/2021\/03\/EBRT21_03_PROFIL_LONG-ROUTE-scaled-150x150.webp\"><a href=\"https:\/\/www.welovecycling.com\/cs\/2021\/04\/27\/letape-czech-republic-by-tour-de-france-drsna-kraska\/\" class=\"image-holder\" target=\"_self\"><img decoding=\"async\" loading=\"lazy\" class=\"\" src=\"https:\/\/d2p6e6u75xmxt8.cloudfront.net\/13\/2021\/03\/EBRT21_03_PROFIL_LONG-ROUTE-scaled-1024x724.webp\" srcset=\"https:\/\/d2p6e6u75xmxt8.cloudfront.net\/13\/2021\/03\/EBRT21_03_PROFIL_LONG-ROUTE-scaled.webp 2560w, https:\/\/d2p6e6u75xmxt8.cloudfront.net\/13\/2021\/03\/EBRT21_03_PROFIL_LONG-ROUTE-scaled-300x212.webp 300w, https:\/\/d2p6e6u75xmxt8.cloudfront.net\/13\/2021\/03\/EBRT21_03_PROFIL_LONG-ROUTE-scaled-1024x724.webp 1024w, https:\/\/d2p6e6u75xmxt8.cloudfront.net\/13\/2021\/03\/EBRT21_03_PROFIL_LONG-ROUTE-scaled-768x543.webp 768w, https:\/\/d2p6e6u75xmxt8.cloudfront.net\/13\/2021\/03\/EBRT21_03_PROFIL_LONG-ROUTE-scaled-1536x1086.webp 1536w, https:\/\/d2p6e6u75xmxt8.cloudfront.net\/13\/2021\/03\/EBRT21_03_PROFIL_LONG-ROUTE-scaled-2048x1448.webp 2048w, https:\/\/d2p6e6u75xmxt8.cloudfront.net\/13\/2021\/03\/EBRT21_03_PROFIL_LONG-ROUTE-scaled-1920x1358.webp 1920w, https:\/\/d2p6e6u75xmxt8.cloudfront.net\/13\/2021\/03\/EBRT21_03_PROFIL_LONG-ROUTE-scaled-1920x1358.webp 1920w\" width=\"1024\" height=\"724\" sizes=\"auto, (min-width: 1200px) 300px, (min-width: 768px) 25vw, 100vw\" alt=\"letape-czech-republic-by-tour-de-france-drsna-kraska\"\/><\/a><\/div>    <div class=\"entry-meta\">\n        <a class=\"label label-secondary post-category\" href=\"https:\/\/www.welovecycling.com\/cs\/category\/letape-czech-republic\/\" title=\"L'Etape Czech Republic\">L'Etape Czech Republic<\/a>\n    <\/div>\n    <div class=\"entry-details\">\n        <a href=\"https:\/\/www.welovecycling.com\/cs\/2021\/04\/27\/letape-czech-republic-by-tour-de-france-drsna-kraska\/\" class='entry-title-wrapper'>\n            <h3 class=\"entry-title\"><span>L&#8217;Etape Czech Republic by Tour de France: Drsn\u00e1 kr\u00e1ska<\/span><\/h3>\n        <\/a>\n    <\/div>\n    <\/article>\n<\/div>\n<p>\u201eZe sportovn\u00edho hlediska jde o obrovskou v\u00fdzvu. A\u0165 pro cyklisty, kte\u0159\u00ed si p\u016fjdou trasu jen projet, nebo pro ty ambici\u00f3zn\u00ed, kte\u0159\u00ed budou z\u00e1vodit,\u201c p\u0159em\u00edt\u00e1 Je\u017eek.<\/p>\n<p>\u201eNa trase jsou t\u011b\u017ek\u00e9 dlouh\u00e9 rovinky, kr\u00e1tk\u00e9 prudk\u00e9 kopce, dlouh\u00e9 kopce. Kdybych si m\u011bl pomoci p\u0159\u00edm\u011brem k\u00a0silni\u010dn\u00edm profesion\u00e1ln\u00edm z\u00e1vod\u016fm, neb\u00e1l bych se srovn\u00e1n\u00ed s\u00a0klasikami v\u00a0Arden\u00e1ch \u010di etapou Tour de France, kter\u00e1 vede p\u0159es Centr\u00e1ln\u00ed masiv. I \u010dlov\u011bk, kter\u00fd pojede jen nas\u00e1t atmosf\u00e9ru a pro\u017e\u00edt den v\u00a0sedle v\u00a0nezn\u00e1m\u00e9m prost\u0159ed\u00ed, nem\u016f\u017ee dorazit bez tr\u00e9ninku,\u201c varuje Je\u017eek.<\/p>\n<figure id=\"attachment_13811\" aria-describedby=\"caption-attachment-13811\" style=\"width: 1920px\" class=\"wp-caption alignnone\"><a href=\"https:\/\/d2p6e6u75xmxt8.cloudfront.net\/13\/2021\/07\/WLC_Jiri-Jezek_042021_03-scaled.jpg\"><img loading=\"lazy\" decoding=\"async\" class=\"size-extra-large wp-image-13811\" src=\"https:\/\/d2p6e6u75xmxt8.cloudfront.net\/13\/2021\/07\/WLC_Jiri-Jezek_042021_03-1920x1280.jpg\" alt=\"Ji\u0159\u00ed Je\u017eek na trase L'Etape Czech Republic by Tour de France p\u0159i sjezdu ze Sv\u00e1rova.\" width=\"1920\" height=\"1280\" \/><\/a><figcaption id=\"caption-attachment-13811\" class=\"wp-caption-text\"><em>Ji\u0159\u00ed Je\u017eek na trase L&#8217;Etape Czech Republic by Tour de France p\u0159i sjezdu ze Sv\u00e1rova.<\/em><\/figcaption><\/figure>\n<p>V\u0161echna stoup\u00e1n\u00ed na trase m\u00e1 dokonale najet\u00e1. B\u011bhem profesion\u00e1ln\u00ed kari\u00e9ry se toti\u017e stala m\u00edstem bolesti, kter\u00e1 n\u00e1sledn\u011b vedla k\u00a0medail\u00edm. \u201ePrvn\u00ed t\u011b\u017ek\u00e9 stoup\u00e1n\u00ed p\u0159ijde hned po sjezdu ze Sv\u00e1rova. Sice v\u00fdjezd na Podkoz\u00ed sm\u011brem k\u00a0Chy\u0148av\u011b nen\u00ed ozna\u010den\u00fd jako horsk\u00e1 pr\u00e9mie, ale nejde o nic snadn\u00e9ho,\u201c prom\u00edt\u00e1 si Je\u017eek profil trasy.<\/p>\n<div class=\"shortcode-ys-post-pinup\"><article class=\"loop-simple post-12183 post type-post status-publish format-standard has-post-thumbnail hentry category-letape-czech-republic category-silnicni-cyklistika tag-cyklistika tag-horska-cyklistika tag-letape-czech-republic-by-le-tour-de-france tag-michal-stark tag-silnicni-cyklistika tag-sykorice tag-uhonice global-categories-cycling\" data-postid=\"12183\" role=\"article\" data-post-id=\"12183\" data-word-count=\"414\" data-headline-length=\"70\" data-category=\"L&#039;Etape Czech Republic\" data-global-category=\"Cycling\" data-author=\"Adam Bouda\" data-published=\"2021-04-01T12:00:00+02:00\" data-published-day=\"Thursday\">\n    <div class=\"entry-thumbnail article-thumbnail\" content=\"https:\/\/d2p6e6u75xmxt8.cloudfront.net\/13\/2021\/03\/EBRT21_04_PROFIL-PART_LONG-ROUTE-scaled-150x150.webp\"><a href=\"https:\/\/www.welovecycling.com\/cs\/2021\/04\/01\/starosta-na-kole-ktery-hledal-trasu-pro-letape-czech-republic\/\" class=\"image-holder\" target=\"_self\"><img decoding=\"async\" loading=\"lazy\" class=\"\" src=\"https:\/\/d2p6e6u75xmxt8.cloudfront.net\/13\/2021\/03\/EBRT21_04_PROFIL-PART_LONG-ROUTE-scaled-1024x724.webp\" srcset=\"https:\/\/d2p6e6u75xmxt8.cloudfront.net\/13\/2021\/03\/EBRT21_04_PROFIL-PART_LONG-ROUTE-scaled.webp 2560w, https:\/\/d2p6e6u75xmxt8.cloudfront.net\/13\/2021\/03\/EBRT21_04_PROFIL-PART_LONG-ROUTE-scaled-300x212.webp 300w, https:\/\/d2p6e6u75xmxt8.cloudfront.net\/13\/2021\/03\/EBRT21_04_PROFIL-PART_LONG-ROUTE-scaled-1024x724.webp 1024w, https:\/\/d2p6e6u75xmxt8.cloudfront.net\/13\/2021\/03\/EBRT21_04_PROFIL-PART_LONG-ROUTE-scaled-768x543.webp 768w, https:\/\/d2p6e6u75xmxt8.cloudfront.net\/13\/2021\/03\/EBRT21_04_PROFIL-PART_LONG-ROUTE-scaled-1536x1086.webp 1536w, https:\/\/d2p6e6u75xmxt8.cloudfront.net\/13\/2021\/03\/EBRT21_04_PROFIL-PART_LONG-ROUTE-scaled-2048x1448.webp 2048w, https:\/\/d2p6e6u75xmxt8.cloudfront.net\/13\/2021\/03\/EBRT21_04_PROFIL-PART_LONG-ROUTE-scaled-1920x1358.webp 1920w, https:\/\/d2p6e6u75xmxt8.cloudfront.net\/13\/2021\/03\/EBRT21_04_PROFIL-PART_LONG-ROUTE-scaled-1920x1358.webp 1920w\" width=\"1024\" height=\"724\" sizes=\"auto, (min-width: 1200px) 300px, (min-width: 768px) 25vw, 100vw\" alt=\"starosta-na-kole-ktery-hledal-trasu-pro-letape-czech-republic\"\/><\/a><\/div>    <div class=\"entry-meta\">\n        <a class=\"label label-secondary post-category\" href=\"https:\/\/www.welovecycling.com\/cs\/category\/letape-czech-republic\/\" title=\"L'Etape Czech Republic\">L'Etape Czech Republic<\/a>\n    <\/div>\n    <div class=\"entry-details\">\n        <a href=\"https:\/\/www.welovecycling.com\/cs\/2021\/04\/01\/starosta-na-kole-ktery-hledal-trasu-pro-letape-czech-republic\/\" class='entry-title-wrapper'>\n            <h3 class=\"entry-title\"><span>Starosta na kole, kter\u00fd hledal trasu pro L&#8217;Etape Czech Republic<\/span><\/h3>\n        <\/a>\n    <\/div>\n    <\/article>\n<\/div>\n<p>Je\u017eek varuje i p\u0159ed sjezdem pr\u00e1v\u011b ze Sv\u00e1rova. \u201eJist\u00e9 \u00faskal\u00ed m\u016f\u017ee spo\u010d\u00edvat ve velk\u00e9m mno\u017estv\u00ed lid\u00ed, kte\u0159\u00ed neum\u00ed jezdit ve skupin\u011b. U\u017e ke Kellnerovi p\u0159ijedou lid\u00e9 dost mo\u017en\u00e1 unaven\u00ed, a kopec v\u00a0Podkoz\u00ed se p\u011bkn\u011b zakousne do nohou. N\u00e1sledn\u011b p\u0159itom a\u017e nad Chy\u0148avu k\u00a0odbo\u010dce na Bratronice \u010dlov\u011bk bude muset tla\u010dit do ped\u00e1l\u016f, nebo\u0165 se po\u0159\u00e1d stoup\u00e1,\u201c neskr\u00fdv\u00e1 Je\u017eek, \u017ee hned od \u00favodn\u00edch kilometr\u016f p\u0159edstavuje trasa L&#8217;Etape Czech Republic by Tour de France po\u0159\u00e1dnou prov\u011brku.<\/p>\n<h2><strong>Euforie sta\u010d\u00ed na p\u016flku\u00a0s\u00fdko\u0159ick\u00e9ho krp\u00e1lu<\/strong><\/h2>\n<p>Prvn\u00ed kopec ozna\u010den\u00fd jako horsk\u00e1 pr\u00e9mie p\u0159itom p\u0159ijde a\u017e po pr\u016fjezdu k\u0159ivokl\u00e1tsk\u00fdmi hvozdy, kdy \u00fa\u010dastn\u00edci budou stoupat od Berounky ve Zbe\u010dn\u011b p\u0159es S\u00fdko\u0159ice.<\/p>\n<p>\u201eJde o kopec, kter\u00fd jsem \u010dasto vyu\u017e\u00edval k\u00a0tr\u00e9ninku. V\u00a0minulosti se zde jezdily i amat\u00e9rsk\u00e9 z\u00e1vody. Prvn\u00ed pas\u00e1\u017e ze Zbe\u010dna se vyjede i p\u0159es p\u0159\u00edkr\u00fd sklon relativn\u011b rychle, proto\u017ee \u010dlov\u011bk je v\u00a0euforii, \u017ee jede vrcha\u0159skou pr\u00e9mii. Nav\u00edc se po prvn\u00ed \u010d\u00e1sti silnice narovn\u00e1, co\u017e z\u00e1vodn\u00edky ukonej\u0161\u00ed,\u201c sm\u011bje se Je\u017eek.<a href=\"https:\/\/d2p6e6u75xmxt8.cloudfront.net\/13\/2021\/07\/WLC_Jiri-Jezek_042021_22-scaled.jpg\"><img loading=\"lazy\" decoding=\"async\" class=\"size-extra-large wp-image-13815\" src=\"https:\/\/d2p6e6u75xmxt8.cloudfront.net\/13\/2021\/07\/WLC_Jiri-Jezek_042021_22-1920x1280.jpg\" alt=\"Ji\u0159\u00ed Je\u017eek na trase L'Etape Czech Republic by Tour de France p\u0159i sjezdu ze Sv\u00e1rova.\" width=\"1920\" height=\"1280\" \/><\/a><\/p>\n<p><em>Ji\u0159\u00ed Je\u017eek na trase L&#8217;Etape Czech Republic by Tour de France p\u0159i sjezdu od z\u00e1mku D\u0159ev\u00ed\u010d.<\/em>Jen\u017ee ne\u017e se cyklist\u00e9 po\u0159\u00e1dn\u011b nadechnou, p\u0159ijde ke slovu druh\u00e1 pas\u00e1\u017e. \u201eTa druh\u00e1 \u010d\u00e1st stoup\u00e1n\u00ed je poprava,\u201c nemaluje nic v\u00a0r\u016f\u017eov\u00fdch barv\u00e1ch Je\u017eek. \u201eJe pot\u0159eba tady hodn\u011b p\u0159em\u00fd\u0161let. Kdo pojede jako utr\u017een\u00fd ze \u0159et\u011bzu, zbyte\u010dn\u011b vypl\u00fdv\u00e1 s\u00edly, a p\u0159itom bude jenom v\u00a0polovin\u011b z\u00e1vodu,\u201c nab\u00e1d\u00e1 Je\u017eek k\u00a0j\u00edzd\u011b s\u00a0rozmyslem.<\/p>\n<div class=\"shortcode-ys-post-pinup\"><article class=\"loop-simple post-10706 post type-post status-publish format-standard has-post-thumbnail hentry category-silnicni-cyklistika tag-cyklistika tag-letape tag-letape-czech-republic tag-martina-sablikova tag-silnicni-cyklistika tag-tour-de-france tag-zdenek-stybar global-categories-cycling\" data-postid=\"10706\" role=\"article\" data-post-id=\"10706\" data-word-count=\"609\" data-headline-length=\"82\" data-category=\"Silni\u010dn\u00ed cyklistika\" data-global-category=\"Cycling\" data-author=\"Adam Bouda\" data-published=\"2020-11-19T09:00:08+02:00\" data-published-day=\"Thursday\">\n    <div class=\"entry-thumbnail article-thumbnail\" content=\"https:\/\/d2p6e6u75xmxt8.cloudfront.net\/13\/2020\/08\/LEtape-Czech-Republic_035-150x150.webp\"><a href=\"https:\/\/www.welovecycling.com\/cs\/2020\/11\/19\/hubeni-ci-s-pupikem-pozitkari-i-zavodnici-l-etape-miri-do-ceska\/\" class=\"image-holder\" target=\"_self\"><img decoding=\"async\" loading=\"lazy\" class=\"\" src=\"https:\/\/d2p6e6u75xmxt8.cloudfront.net\/13\/2020\/08\/LEtape-Czech-Republic_035-1024x683.webp\" srcset=\"https:\/\/d2p6e6u75xmxt8.cloudfront.net\/13\/2020\/08\/LEtape-Czech-Republic_035.webp 2004w, https:\/\/d2p6e6u75xmxt8.cloudfront.net\/13\/2020\/08\/LEtape-Czech-Republic_035-300x200.webp 300w, https:\/\/d2p6e6u75xmxt8.cloudfront.net\/13\/2020\/08\/LEtape-Czech-Republic_035-1024x683.webp 1024w, https:\/\/d2p6e6u75xmxt8.cloudfront.net\/13\/2020\/08\/LEtape-Czech-Republic_035-768x512.webp 768w, https:\/\/d2p6e6u75xmxt8.cloudfront.net\/13\/2020\/08\/LEtape-Czech-Republic_035-1536x1024.webp 1536w, https:\/\/d2p6e6u75xmxt8.cloudfront.net\/13\/2020\/08\/LEtape-Czech-Republic_035-1920x1280.webp 1920w, https:\/\/d2p6e6u75xmxt8.cloudfront.net\/13\/2020\/08\/LEtape-Czech-Republic_035-272x182.webp 272w, https:\/\/d2p6e6u75xmxt8.cloudfront.net\/13\/2020\/08\/LEtape-Czech-Republic_035-1920x1280.webp 1920w\" width=\"1024\" height=\"683\" sizes=\"auto, (min-width: 1200px) 300px, (min-width: 768px) 25vw, 100vw\" alt=\"hubeni-ci-s-pupikem-pozitkari-i-zavodnici-l-etape-miri-do-ceska\"\/><\/a><\/div>    <div class=\"entry-meta\">\n        <a class=\"label label-secondary post-category\" href=\"https:\/\/www.welovecycling.com\/cs\/category\/silnicni-cyklistika\/\" title=\"Silni\u010dn\u00ed cyklistika\">Silni\u010dn\u00ed cyklistika<\/a>\n    <\/div>\n    <div class=\"entry-details\">\n        <a href=\"https:\/\/www.welovecycling.com\/cs\/2020\/11\/19\/hubeni-ci-s-pupikem-pozitkari-i-zavodnici-l-etape-miri-do-ceska\/\" class='entry-title-wrapper'>\n            <h3 class=\"entry-title\"><span>Huben\u00ed \u010di s\u00a0pup\u00edkem, po\u017eitk\u00e1\u0159i i z\u00e1vodn\u00edci! L\u00b4   Etape m\u00ed\u0159\u00ed do \u010ceska<\/span><\/h3>\n        <\/a>\n    <\/div>\n    <\/article>\n<\/div>\n<p>P\u0159i prohl\u00eddce profilu snadno \u00fa\u010dastn\u00edk podlehne dojmu, \u017ee n\u00e1sleduj\u00edc\u00ed pas\u00e1\u017e je za odm\u011bnu a teprve za Berounem p\u0159i stoup\u00e1n\u00ed na Li\u0161tice znovu p\u0159ijdou ke slovu i hlub\u0161\u00ed svalov\u00e9 partie. \u201eZd\u00e1n\u00ed klame. Pokud \u010dlov\u011bk bude ve skupin\u011b, kam v\u00fdkonnostn\u011b nepat\u0159\u00ed, bude p\u0159ed p\u0159\u00edjezdem do Ni\u017eboru, n\u00e1sledn\u011b pak i podle Berounky hodn\u011b trp\u011bt a pod kopec p\u0159ijede tot\u00e1ln\u011b uva\u0159en\u00fd,\u201c znovu zku\u0161en\u00fd z\u00e1vodn\u00edk nab\u00e1d\u00e1 k\u00a0rozumn\u00e9mu p\u0159\u00edstupu.<\/p>\n<p>\u201eUm\u00edm si p\u0159edstavit, jak to bude vypadat. Jasn\u011b o celkov\u00e9 v\u00edt\u011bzstv\u00ed se pojede jinde, jen\u017ee pak jsou tu souboje v\u00a0r\u00e1mci v\u011bkov\u00fdch kategori\u00ed, v\u00a0t\u00fdmov\u00fdch odd\u00edlech, rivalita mezi kamar\u00e1dy \u010di prost\u00e9 hecov\u00e1n\u00ed, kter\u00e9 vyplyne z\u00a0pr\u016fb\u011bhu z\u00e1vodu,\u201c \u0159\u00edk\u00e1 Je\u017eek.<\/p>\n<h2><strong>Fale\u0161n\u00e1 rovina pod \u00dahonicemi<\/strong><\/h2>\n<p>Druh\u00e1 polovina L&#8217;Etape Czech Republic by Tour de France bude po zm\u011bn\u011b trasy stejn\u011b drsn\u00e1. Pr\u016fjezd malebn\u00fdm \u00fadol\u00edm Svat\u00e9ho Jana pod Skalou toti\u017e nahradil v\u00fdstup p\u0159es Bubovice, kter\u00fd je dlouh\u00fd \u010dty\u0159i a p\u016fl kilometru s pr\u016fm\u011brn\u00fdm sklonem 4,3 procenta. N\u00e1sledovat bude velice technick\u00fd sjezd do Lod\u011bnice.<\/p>\n<p>\u201eZ Hostimi a\u017e do Lod\u011bnice, a pak d\u00e1l pod kopec je to takov\u00e1 fale\u0161n\u00e1 rovinka. Ani metr se nesvezete, a je\u0161t\u011b k\u00a0tomu zde v\u017edy divn\u011b fouk\u00e1. Dod\u00e1vat, \u017ee jen v\u00fdjime\u010dn\u011b do zad, je zbyte\u010dn\u00e9,\u201c cul\u00ed se Je\u017eek.<\/p>\n<figure id=\"attachment_13821\" aria-describedby=\"caption-attachment-13821\" style=\"width: 2560px\" class=\"wp-caption alignnone\"><a href=\"https:\/\/d2p6e6u75xmxt8.cloudfront.net\/13\/2021\/07\/WLC_Jiri-Jezek_042021_30-scaled.jpg\"><img loading=\"lazy\" decoding=\"async\" class=\"size-full wp-image-13821\" src=\"https:\/\/d2p6e6u75xmxt8.cloudfront.net\/13\/2021\/07\/WLC_Jiri-Jezek_042021_30-scaled.jpg\" alt=\"Ji\u0159\u00ed Je\u017eek na trase L'Etape Czech Republic by Tour de France p\u0159i n\u00e1jezdu pod ob\u00e1van\u00fd kopec p\u0159ed \u00dahonicemi.\" width=\"2560\" height=\"1707\" \/><\/a><figcaption id=\"caption-attachment-13821\" class=\"wp-caption-text\"><em>Ji\u0159\u00ed Je\u017eek na trase L&#8217;Etape Czech Republic by Tour de France p\u0159i n\u00e1jezdu pod ob\u00e1van\u00fd kopec p\u0159ed \u00dahonicemi.<\/em><\/figcaption><\/figure>\n<p>P\u0159ed \u00dahonicemi pak \u201e\u010d\u00edh\u00e1\u201c druh\u00e1 vrcha\u0159sk\u00e1 pr\u00e9mie. M\u00e1 sice jen ozna\u010den\u00ed \u201e\u010dty\u0159ky\u201c, ale&#8230; \u201eNa trase jsou ur\u010dit\u011b t\u011b\u017e\u0161\u00ed kopce. Jen\u017ee asfalt je tady stra\u0161n\u011b rozbit\u00fd. Nikdy mi ten kopec nechutnal. V\u011bt\u0161inou \u0161lo o posledn\u00ed stoup\u00e1n\u00ed p\u0159i dlouh\u00e9m tr\u00e9ninku a u\u017e jsem toho m\u011bl pln\u00e9 zuby,\u201c popisuje Je\u017eek.<\/p>\n<p>\u201eTady u\u017e bude m\u00edt ka\u017ed\u00fd vyhr\u00e1no. V\u00a0Praze se cyklist\u00e9 hecnou p\u0159i vidin\u011b c\u00edle, by\u0165 stoup\u00e1n\u00ed ke Strahovu z\u00a0Motola nen\u00ed tak\u00e9 snadn\u00e9,\u201c m\u00edn\u00ed Je\u017eek, a hlavn\u011b nab\u00e1d\u00e1 ke spr\u00e1vn\u00e9 strav\u011b v\u00a0pr\u016fb\u011bhu cel\u00e9ho dne. \u201eJe jasn\u00e9, \u017ee na startu bude spousta cyklist\u016f, kte\u0159\u00ed p\u0159ijedou za z\u00e1\u017eitkem a str\u00e1v\u00ed na dlouh\u00e9m okruhu klidn\u011b i \u0161est hodin. Mnoz\u00ed tr\u00e9nuj\u00ed celoro\u010dn\u011b na horsk\u00e9m kole. A j\u00edzda na silnici, nav\u00edc p\u0159i takov\u00e9 porci kilometr\u016f, je prost\u011b n\u011bco jin\u00e9ho. Je pot\u0159eba j\u00edst i v\u00a0okam\u017eiku, kdy \u010dlov\u011bk nem\u00e1 \u00fapln\u011b pot\u0159ebu. Energie toti\u017e doch\u00e1z\u00ed hodn\u011b rychle. A v\u0161ichni si p\u016fjdeme L&#8217;Etape Czech Republic by Tour de France p\u0159ece u\u017e\u00edt.\u201c<\/p>\n","protected":false},"excerpt":{"rendered":"<p>Nejv\u011bt\u0161\u00ed sportovn\u00ed akce roku na \u00fazem\u00ed \u010ceska vypukne p\u0159esn\u011b za m\u011bs\u00edc! L&#8217;Etape Czech Republic by Tour de France odstartuje v [&hellip;]<\/p>\n","protected":false},"author":138,"featured_media":13813,"comment_status":"open","ping_status":"open","sticky":false,"template":"","format":"standard","meta":{"footnotes":""},"categories":[10],"tags":[126,130,1604,1090,9,23,27],"global-categories":[411],"class_list":["post-13808","post","type-post","status-publish","format-standard","has-post-thumbnail","hentry","category-silnicni-cyklistika","tag-cyklistika","tag-jiri-jezek","tag-letape-czech-republic-by-tour-de-france-2021","tag-letape-czech-republic-by-tour-de-france","tag-silnicni-cyklistika","tag-tour-de-france","tag-trenink","global-categories-cycling"],"yoast_head":"<!-- This site is optimized with the Yoast SEO Premium plugin v25.3 (Yoast SEO v25.9) - https:\/\/yoast.com\/wordpress\/plugins\/seo\/ -->\n<title>V\u00a0Je\u017ekov\u011b rev\u00edru! \u0160\u00edlenstv\u00ed L&#039;Etape Czech Republic by Tour de France se bl\u00ed\u017e\u00ed | \u0160koda We Love Cycling - \u010cesk\u00e1 republika<\/title>\n<meta name=\"description\" content=\"Nejv\u011bt\u0161\u00ed sportovn\u00ed akce roku na \u00fazem\u00ed \u010ceska vypukne p\u0159esn\u011b za m\u011bs\u00edc! L&#039;Etape Czech Republic by Tour de France odstartuje v Praze 28. srpna.\" \/>\n<meta name=\"robots\" content=\"index, follow, max-snippet:-1, max-image-preview:large, max-video-preview:-1\" \/>\n<link rel=\"canonical\" href=\"https:\/\/www.welovecycling.com\/cs\/2021\/07\/28\/v-jezkove-reviru-silenstvi-letape-czech-republic-by-tour-de-france-se-blizi\/\" \/>\n<meta property=\"og:locale\" content=\"cs_CZ\" \/>\n<meta property=\"og:type\" content=\"article\" \/>\n<meta property=\"og:title\" content=\"V\u00a0Je\u017ekov\u011b rev\u00edru! \u0160\u00edlenstv\u00ed L&#039;Etape Czech Republic by Tour de France se bl\u00ed\u017e\u00ed\" \/>\n<meta property=\"og:description\" content=\"Nejv\u011bt\u0161\u00ed sportovn\u00ed akce roku na \u00fazem\u00ed \u010ceska vypukne p\u0159esn\u011b za m\u011bs\u00edc! L&#039;Etape Czech Republic by Tour de France odstartuje v Praze 28. srpna.\" \/>\n<meta property=\"og:url\" content=\"https:\/\/www.welovecycling.com\/cs\/2021\/07\/28\/v-jezkove-reviru-silenstvi-letape-czech-republic-by-tour-de-france-se-blizi\/\" \/>\n<meta property=\"og:site_name\" content=\"\u0160koda We Love Cycling - \u010cesk\u00e1 republika\" \/>\n<meta property=\"article:published_time\" content=\"2021-07-28T04:00:00+00:00\" \/>\n<meta property=\"og:image\" content=\"https:\/\/d2p6e6u75xmxt8.cloudfront.net\/13\/2021\/07\/WLC_Jiri-Jezek_042021_19-scaled.webp\" \/>\n\t<meta property=\"og:image:width\" content=\"2560\" \/>\n\t<meta property=\"og:image:height\" content=\"1707\" \/>\n\t<meta property=\"og:image:type\" content=\"image\/webp\" \/>\n<meta name=\"author\" content=\"radekmalina\" \/>\n<meta name=\"twitter:card\" content=\"summary_large_image\" \/>\n<meta name=\"twitter:label1\" content=\"Written by\" \/>\n\t<meta name=\"twitter:data1\" content=\"Adam Bouda\" \/>\n\t<meta name=\"twitter:label2\" content=\"Est. reading time\" \/>\n\t<meta name=\"twitter:data2\" content=\"5\" \/>\n<script type=\"application\/ld+json\" class=\"yoast-schema-graph\">{\"@context\":\"https:\/\/schema.org\",\"@graph\":[{\"@type\":\"WebPage\",\"@id\":\"https:\/\/www.welovecycling.com\/cs\/2021\/07\/28\/v-jezkove-reviru-silenstvi-letape-czech-republic-by-tour-de-france-se-blizi\/\",\"url\":\"https:\/\/www.welovecycling.com\/cs\/2021\/07\/28\/v-jezkove-reviru-silenstvi-letape-czech-republic-by-tour-de-france-se-blizi\/\",\"name\":\"V\u00a0Je\u017ekov\u011b rev\u00edru! \u0160\u00edlenstv\u00ed L'Etape Czech Republic by Tour de France se bl\u00ed\u017e\u00ed | \u0160koda We Love Cycling - \u010cesk\u00e1 republika\",\"isPartOf\":{\"@id\":\"https:\/\/www.welovecycling.com\/cs\/#website\"},\"primaryImageOfPage\":{\"@id\":\"https:\/\/www.welovecycling.com\/cs\/2021\/07\/28\/v-jezkove-reviru-silenstvi-letape-czech-republic-by-tour-de-france-se-blizi\/#primaryimage\"},\"image\":{\"@id\":\"https:\/\/www.welovecycling.com\/cs\/2021\/07\/28\/v-jezkove-reviru-silenstvi-letape-czech-republic-by-tour-de-france-se-blizi\/#primaryimage\"},\"thumbnailUrl\":\"https:\/\/d2p6e6u75xmxt8.cloudfront.net\/13\/2021\/07\/WLC_Jiri-Jezek_042021_19-scaled.webp\",\"datePublished\":\"2021-07-28T04:00:00+00:00\",\"author\":{\"@id\":\"https:\/\/www.welovecycling.com\/cs\/#\/schema\/person\/d9eeb0a378f3a7e4a6d12d2b536b04b8\"},\"description\":\"Nejv\u011bt\u0161\u00ed sportovn\u00ed akce roku na \u00fazem\u00ed \u010ceska vypukne p\u0159esn\u011b za m\u011bs\u00edc! L'Etape Czech Republic by Tour de France odstartuje v Praze 28. srpna.\",\"inLanguage\":\"cs\",\"potentialAction\":[{\"@type\":\"ReadAction\",\"target\":[\"https:\/\/www.welovecycling.com\/cs\/2021\/07\/28\/v-jezkove-reviru-silenstvi-letape-czech-republic-by-tour-de-france-se-blizi\/\"]}]},{\"@type\":\"ImageObject\",\"inLanguage\":\"cs\",\"@id\":\"https:\/\/www.welovecycling.com\/cs\/2021\/07\/28\/v-jezkove-reviru-silenstvi-letape-czech-republic-by-tour-de-france-se-blizi\/#primaryimage\",\"url\":\"https:\/\/d2p6e6u75xmxt8.cloudfront.net\/13\/2021\/07\/WLC_Jiri-Jezek_042021_19-scaled.webp\",\"contentUrl\":\"https:\/\/d2p6e6u75xmxt8.cloudfront.net\/13\/2021\/07\/WLC_Jiri-Jezek_042021_19-scaled.webp\",\"width\":2560,\"height\":1707,\"caption\":\"\u0158eka Berounka, obec Zbe\u010dno a Ji\u0159\u00ed Je\u017eek\"},{\"@type\":\"WebSite\",\"@id\":\"https:\/\/www.welovecycling.com\/cs\/#website\",\"url\":\"https:\/\/www.welovecycling.com\/cs\/\",\"name\":\"\u0160koda We Love Cycling - \u010cesk\u00e1 republika\",\"description\":\"WeLoveCycling.cz je online magaz\u00edn, kter\u00fd v\u00e1m pravideln\u011b p\u0159in\u00e1\u0161\u00ed rady a tipy, zaj\u00edmav\u00e9 \u010dl\u00e1nky, videa a jedine\u010dn\u00e9 report\u00e1\u017ee ze sv\u011bta cyklistiky.\",\"potentialAction\":[{\"@type\":\"SearchAction\",\"target\":{\"@type\":\"EntryPoint\",\"urlTemplate\":\"https:\/\/www.welovecycling.com\/cs\/?s={search_term_string}\"},\"query-input\":{\"@type\":\"PropertyValueSpecification\",\"valueRequired\":true,\"valueName\":\"search_term_string\"}}],\"inLanguage\":\"cs\"},{\"@type\":\"Person\",\"@id\":\"https:\/\/www.welovecycling.com\/cs\/#\/schema\/person\/d9eeb0a378f3a7e4a6d12d2b536b04b8\",\"name\":\"radekmalina\",\"image\":{\"@type\":\"ImageObject\",\"inLanguage\":\"cs\",\"@id\":\"https:\/\/www.welovecycling.com\/cs\/#\/schema\/person\/image\/\",\"url\":\"https:\/\/secure.gravatar.com\/avatar\/66994b632cb8c39a46b9f54afa3ae07201b678d32a54275b6f1c9ffec356bfc0?s=96&d=mm&r=g\",\"contentUrl\":\"https:\/\/secure.gravatar.com\/avatar\/66994b632cb8c39a46b9f54afa3ae07201b678d32a54275b6f1c9ffec356bfc0?s=96&d=mm&r=g\",\"caption\":\"radekmalina\"},\"url\":\"https:\/\/www.welovecycling.com\/cs\/author\/radekmalina\/\"}]}<\/script>\n<!-- \/ Yoast SEO Premium plugin. -->","yoast_head_json":{"title":"V\u00a0Je\u017ekov\u011b rev\u00edru! \u0160\u00edlenstv\u00ed L'Etape Czech Republic by Tour de France se bl\u00ed\u017e\u00ed | \u0160koda We Love Cycling - \u010cesk\u00e1 republika","description":"Nejv\u011bt\u0161\u00ed sportovn\u00ed akce roku na \u00fazem\u00ed \u010ceska vypukne p\u0159esn\u011b za m\u011bs\u00edc! L'Etape Czech Republic by Tour de France odstartuje v Praze 28. srpna.","robots":{"index":"index","follow":"follow","max-snippet":"max-snippet:-1","max-image-preview":"max-image-preview:large","max-video-preview":"max-video-preview:-1"},"canonical":"https:\/\/www.welovecycling.com\/cs\/2021\/07\/28\/v-jezkove-reviru-silenstvi-letape-czech-republic-by-tour-de-france-se-blizi\/","og_locale":"cs_CZ","og_type":"article","og_title":"V\u00a0Je\u017ekov\u011b rev\u00edru! \u0160\u00edlenstv\u00ed L'Etape Czech Republic by Tour de France se bl\u00ed\u017e\u00ed","og_description":"Nejv\u011bt\u0161\u00ed sportovn\u00ed akce roku na \u00fazem\u00ed \u010ceska vypukne p\u0159esn\u011b za m\u011bs\u00edc! L'Etape Czech Republic by Tour de France odstartuje v Praze 28. srpna.","og_url":"https:\/\/www.welovecycling.com\/cs\/2021\/07\/28\/v-jezkove-reviru-silenstvi-letape-czech-republic-by-tour-de-france-se-blizi\/","og_site_name":"\u0160koda We Love Cycling - \u010cesk\u00e1 republika","article_published_time":"2021-07-28T04:00:00+00:00","og_image":[{"width":2560,"height":1707,"url":"https:\/\/d2p6e6u75xmxt8.cloudfront.net\/13\/2021\/07\/WLC_Jiri-Jezek_042021_19-scaled.webp","type":"image\/webp"}],"author":"radekmalina","twitter_card":"summary_large_image","twitter_misc":{"Written by":"Adam Bouda","Est. reading time":"5"},"schema":{"@context":"https:\/\/schema.org","@graph":[{"@type":"WebPage","@id":"https:\/\/www.welovecycling.com\/cs\/2021\/07\/28\/v-jezkove-reviru-silenstvi-letape-czech-republic-by-tour-de-france-se-blizi\/","url":"https:\/\/www.welovecycling.com\/cs\/2021\/07\/28\/v-jezkove-reviru-silenstvi-letape-czech-republic-by-tour-de-france-se-blizi\/","name":"V\u00a0Je\u017ekov\u011b rev\u00edru! \u0160\u00edlenstv\u00ed L'Etape Czech Republic by Tour de France se bl\u00ed\u017e\u00ed | \u0160koda We Love Cycling - \u010cesk\u00e1 republika","isPartOf":{"@id":"https:\/\/www.welovecycling.com\/cs\/#website"},"primaryImageOfPage":{"@id":"https:\/\/www.welovecycling.com\/cs\/2021\/07\/28\/v-jezkove-reviru-silenstvi-letape-czech-republic-by-tour-de-france-se-blizi\/#primaryimage"},"image":{"@id":"https:\/\/www.welovecycling.com\/cs\/2021\/07\/28\/v-jezkove-reviru-silenstvi-letape-czech-republic-by-tour-de-france-se-blizi\/#primaryimage"},"thumbnailUrl":"https:\/\/d2p6e6u75xmxt8.cloudfront.net\/13\/2021\/07\/WLC_Jiri-Jezek_042021_19-scaled.webp","datePublished":"2021-07-28T04:00:00+00:00","author":{"@id":"https:\/\/www.welovecycling.com\/cs\/#\/schema\/person\/d9eeb0a378f3a7e4a6d12d2b536b04b8"},"description":"Nejv\u011bt\u0161\u00ed sportovn\u00ed akce roku na \u00fazem\u00ed \u010ceska vypukne p\u0159esn\u011b za m\u011bs\u00edc! L'Etape Czech Republic by Tour de France odstartuje v Praze 28. srpna.","inLanguage":"cs","potentialAction":[{"@type":"ReadAction","target":["https:\/\/www.welovecycling.com\/cs\/2021\/07\/28\/v-jezkove-reviru-silenstvi-letape-czech-republic-by-tour-de-france-se-blizi\/"]}]},{"@type":"ImageObject","inLanguage":"cs","@id":"https:\/\/www.welovecycling.com\/cs\/2021\/07\/28\/v-jezkove-reviru-silenstvi-letape-czech-republic-by-tour-de-france-se-blizi\/#primaryimage","url":"https:\/\/d2p6e6u75xmxt8.cloudfront.net\/13\/2021\/07\/WLC_Jiri-Jezek_042021_19-scaled.webp","contentUrl":"https:\/\/d2p6e6u75xmxt8.cloudfront.net\/13\/2021\/07\/WLC_Jiri-Jezek_042021_19-scaled.webp","width":2560,"height":1707,"caption":"\u0158eka Berounka, obec Zbe\u010dno a Ji\u0159\u00ed Je\u017eek"},{"@type":"WebSite","@id":"https:\/\/www.welovecycling.com\/cs\/#website","url":"https:\/\/www.welovecycling.com\/cs\/","name":"\u0160koda We Love Cycling - \u010cesk\u00e1 republika","description":"WeLoveCycling.cz je online magaz\u00edn, kter\u00fd v\u00e1m pravideln\u011b p\u0159in\u00e1\u0161\u00ed rady a tipy, zaj\u00edmav\u00e9 \u010dl\u00e1nky, videa a jedine\u010dn\u00e9 report\u00e1\u017ee ze sv\u011bta cyklistiky.","potentialAction":[{"@type":"SearchAction","target":{"@type":"EntryPoint","urlTemplate":"https:\/\/www.welovecycling.com\/cs\/?s={search_term_string}"},"query-input":{"@type":"PropertyValueSpecification","valueRequired":true,"valueName":"search_term_string"}}],"inLanguage":"cs"},{"@type":"Person","@id":"https:\/\/www.welovecycling.com\/cs\/#\/schema\/person\/d9eeb0a378f3a7e4a6d12d2b536b04b8","name":"radekmalina","image":{"@type":"ImageObject","inLanguage":"cs","@id":"https:\/\/www.welovecycling.com\/cs\/#\/schema\/person\/image\/","url":"https:\/\/secure.gravatar.com\/avatar\/66994b632cb8c39a46b9f54afa3ae07201b678d32a54275b6f1c9ffec356bfc0?s=96&d=mm&r=g","contentUrl":"https:\/\/secure.gravatar.com\/avatar\/66994b632cb8c39a46b9f54afa3ae07201b678d32a54275b6f1c9ffec356bfc0?s=96&d=mm&r=g","caption":"radekmalina"},"url":"https:\/\/www.welovecycling.com\/cs\/author\/radekmalina\/"}]}},"_links":{"self":[{"href":"https:\/\/www.welovecycling.com\/cs\/wp-json\/wp\/v2\/posts\/13808","targetHints":{"allow":["GET"]}}],"collection":[{"href":"https:\/\/www.welovecycling.com\/cs\/wp-json\/wp\/v2\/posts"}],"about":[{"href":"https:\/\/www.welovecycling.com\/cs\/wp-json\/wp\/v2\/types\/post"}],"author":[{"embeddable":true,"href":"https:\/\/www.welovecycling.com\/cs\/wp-json\/wp\/v2\/users\/138"}],"replies":[{"embeddable":true,"href":"https:\/\/www.welovecycling.com\/cs\/wp-json\/wp\/v2\/comments?post=13808"}],"version-history":[{"count":2,"href":"https:\/\/www.welovecycling.com\/cs\/wp-json\/wp\/v2\/posts\/13808\/revisions"}],"predecessor-version":[{"id":13898,"href":"https:\/\/www.welovecycling.com\/cs\/wp-json\/wp\/v2\/posts\/13808\/revisions\/13898"}],"wp:featuredmedia":[{"embeddable":true,"href":"https:\/\/www.welovecycling.com\/cs\/wp-json\/wp\/v2\/media\/13813"}],"wp:attachment":[{"href":"https:\/\/www.welovecycling.com\/cs\/wp-json\/wp\/v2\/media?parent=13808"}],"wp:term":[{"taxonomy":"category","embeddable":true,"href":"https:\/\/www.welovecycling.com\/cs\/wp-json\/wp\/v2\/categories?post=13808"},{"taxonomy":"post_tag","embeddable":true,"href":"https:\/\/www.welovecycling.com\/cs\/wp-json\/wp\/v2\/tags?post=13808"},{"taxonomy":"global-categories","embeddable":true,"href":"https:\/\/www.welovecycling.com\/cs\/wp-json\/wp\/v2\/global-categories?post=13808"}],"curies":[{"name":"wp","href":"https:\/\/api.w.org\/{rel}","templated":true}]}}