{"id":13800,"date":"2021-07-31T07:00:26","date_gmt":"2021-07-31T05:00:26","guid":{"rendered":"https:\/\/www.welovecycling.com\/cs\/?p=13800"},"modified":"2021-07-29T04:32:51","modified_gmt":"2021-07-29T02:32:51","slug":"vylet-neni-casovka-aneb-riditka-na-dosah","status":"publish","type":"post","link":"https:\/\/www.welovecycling.com\/cs\/2021\/07\/31\/vylet-neni-casovka-aneb-riditka-na-dosah\/","title":{"rendered":"V\u00fdlet nen\u00ed \u010dasovka aneb \u0159\u00edd\u00edtka na dosah"},"content":{"rendered":"<p><strong>\u0158\u00edd\u00edtka um\u00edst\u011bn\u00e1 proklat\u011b n\u00edzko \u010di daleko dok\u00e1\u017e\u00ed zkazit z\u00e1\u017eitek z j\u00edzdy. Nej\u010dast\u011bji s t\u00edmto probl\u00e9mem bojuj\u00ed \u017eeny na kolech pod\u011bd\u011bn\u00fdch po sv\u00fdch partnerech, ale i ostatn\u00ed cyklist\u00e9 na modelech sportovn\u011bj\u0161\u00edch, ne\u017e by odpov\u00eddalo jejich t\u011blesn\u00e9 schr\u00e1nce. \u0158e\u0161en\u00ed na\u0161t\u011bst\u00ed existuje.<\/strong><\/p>\n<p>Mezi typick\u00e9 symptomy p\u0159\u00edli\u0161 dlouh\u00e9ho a n\u00edzk\u00e9ho posedu pat\u0159\u00ed j\u00edzda s pa\u017eemi vyta\u017een\u00fdmi z ramen, s propnut\u00fdmi lokty, tendence ovl\u00e1dat kolo pouze konci prst\u016f a nep\u0159irozen\u011b zaklon\u011bn\u00e1 hlava p\u016fsob\u00edc\u00ed bolesti kr\u010dn\u00ed p\u00e1te\u0159e. \u0158e\u0161en\u00ed se p\u0159\u00edmo nab\u00edz\u00ed \u2013 v\u00fdm\u011bnou \u0159\u00edd\u00edtek \u010di p\u0159edstavce posunout \u00fachop v\u00fd\u0161e a ide\u00e1ln\u011b tak\u00e9 bl\u00ed\u017ee k jezdci.<\/p>\n<p>Pamatujte v\u0161ak, \u017ee p\u0159i jak\u00fdchkoli v\u00fdrazn\u00fdch \u00faprav\u00e1ch posedu nevyhnuteln\u011b dojde tak\u00e9 ke zm\u011bn\u011b ovladatelnosti kola. Krat\u0161\u00ed p\u0159edstavec p\u0159inese citliv\u011bj\u0161\u00ed \u0159\u00edzen\u00ed, co\u017e m\u016f\u017ee b\u00fdt je\u0161t\u011b zd\u016frazn\u011bno odleh\u010den\u00edm p\u0159edn\u00edho kola vy\u0161\u0161\u00ed pozic\u00ed \u0159\u00edd\u00edtek. Pomineme-li v\u0161ak extr\u00e9mn\u00ed p\u0159\u00edpady, neb\u00fdv\u00e1 zm\u011bna charakteru \u0159\u00edzen\u00ed dramatick\u00e1 a lze j\u00ed snadno p\u0159ivyknout.<\/p>\n<h2><strong>Zahnut\u00ed \u0159\u00edd\u00edtek<\/strong><\/h2>\n<p>Posed je ovlivn\u011bn u\u017e i tvarem samotn\u00fdch \u0159\u00edd\u00edtek. Vliv m\u00e1 \u0161\u00ed\u0159e (\u010d\u00edm \u0161ir\u0161\u00ed, t\u00edm v\u011bt\u0161\u00ed p\u0159edklon trupu je nutn\u00fd, aby je jezdec uchopil), \u00fahel zahnut\u00ed k jezdci (backsweep \u2013 \u010d\u00edm v\u011bt\u0161\u00ed \u00fahel, t\u00edm krat\u0161\u00ed posed), ale p\u0159edev\u0161\u00edm zdvih konc\u016f oproti st\u0159edn\u00ed \u010d\u00e1sti (rise \u2013 pohybuje se b\u011b\u017en\u011b v rozmez\u00ed 0-40 mm). Zm\u011bna tvaru \u0159\u00edd\u00edtek obvykle nep\u0159inese dramatick\u00fd efekt, p\u0159esto m\u016f\u017ee b\u00fdt v\u00fdsledek dostate\u010dn\u00fd. Nap\u0159\u00edklad pokud p\u0159esedl\u00e1te ze zcela ploch\u00fdch \u0159\u00edd\u00edtek se \u0161estistup\u0148ov\u00fdm p\u0159ihnut\u00edm na model s vy\u0161\u0161\u00edm zdvihem a zahnut\u00edm okolo 10\u201315 stup\u0148\u016f, zm\u011bnu stoprocentn\u011b pozn\u00e1te.<\/p>\n<figure id=\"attachment_13804\" aria-describedby=\"caption-attachment-13804\" style=\"width: 1600px\" class=\"wp-caption alignnone\"><a href=\"https:\/\/d2p6e6u75xmxt8.cloudfront.net\/13\/2021\/07\/specialized-hoverpohodlna-silnicni-riditka-se-zdvihem.jpg\"><img loading=\"lazy\" decoding=\"async\" class=\"size-full wp-image-13804\" src=\"https:\/\/d2p6e6u75xmxt8.cloudfront.net\/13\/2021\/07\/specialized-hoverpohodlna-silnicni-riditka-se-zdvihem.jpg\" alt=\"Pohodln\u00e1 silni\u010dn\u00ed \u0159\u00edd\u00edtka se zdvihem? Nejde o iluzi, ale o realitu, kterou si klidn\u011b m\u016f\u017eete dop\u0159\u00e1t. \" width=\"1600\" height=\"900\" \/><\/a><figcaption id=\"caption-attachment-13804\" class=\"wp-caption-text\"><em>Pohodln\u00e1 silni\u010dn\u00ed \u0159\u00edd\u00edtka se zdvihem? Nejde o iluzi, ale o realitu, kterou si klidn\u011b m\u016f\u017eete dop\u0159\u00e1t.<\/em><\/figcaption><\/figure>\n<p>Silni\u010dn\u00ed \u0159\u00edd\u00edtka jsou krom\u011b \u0161\u00ed\u0159e definov\u00e1na zejm\u00e9na d\u00e9lkou (reach) a hloubkou (drop) oblouku. Prvn\u00ed hodnota se projev\u00ed p\u0159i \u00fachopu za p\u00e1ky, druh\u00e1 p\u0159i spodn\u00edm \u00fachopu. I zde zjednodu\u0161en\u011b plat\u00ed, \u017ee krat\u0161\u00ed a m\u011bl\u010d\u00ed oblouk bude komfortn\u011bj\u0161\u00ed. Zaj\u00edmavost\u00ed je, \u017ee v posledn\u00edch n\u011bkolika letech se na trhu objevila i silni\u010dn\u00ed \u0159\u00edd\u00edtka se zdvihem \u2013 jejich horn\u00ed plocha je oproti p\u0159edstavci zvednuta zhruba o 20 mm pr\u00e1v\u011b pro komfortn\u00ed vzp\u0159\u00edmen\u011bj\u0161\u00ed pozici.<\/p>\n<div class=\"shortcode-ys-post-pinup\"><article class=\"loop-simple post-13680 post type-post status-publish format-standard has-post-thumbnail hentry category-tour-de-france tag-aspin tag-aubisque tag-cyklistika tag-henri-desgrange tag-kralovska-etapa tag-leon-scieur tag-lucien-buysse tag-peyresourde tag-silnicni-cyklistika tag-tour-de-france tag-tour-de-france-2021 tag-tourmalet global-categories-cycling\" data-postid=\"13680\" role=\"article\" data-post-id=\"13680\" data-word-count=\"497\" data-headline-length=\"58\" data-category=\"Tour de France\" data-global-category=\"Cycling\" data-author=\"Adam Bouda\" data-published=\"2021-07-15T14:00:42+02:00\" data-published-day=\"Thursday\">\n    <div class=\"entry-thumbnail article-thumbnail\" content=\"https:\/\/d2p6e6u75xmxt8.cloudfront.net\/13\/2021\/07\/Tourmalet-profimedia-0067974344-150x150.webp\"><a href=\"https:\/\/www.welovecycling.com\/cs\/2021\/07\/15\/byla-tohle-nejtezsi-etapa-tour-de-france-v-dejinach\/\" class=\"image-holder\" target=\"_self\"><img decoding=\"async\" loading=\"lazy\" class=\"\" src=\"https:\/\/d2p6e6u75xmxt8.cloudfront.net\/13\/2021\/07\/Tourmalet-profimedia-0067974344-1024x768.webp\" srcset=\"https:\/\/d2p6e6u75xmxt8.cloudfront.net\/13\/2021\/07\/Tourmalet-profimedia-0067974344.webp 1800w, https:\/\/d2p6e6u75xmxt8.cloudfront.net\/13\/2021\/07\/Tourmalet-profimedia-0067974344-300x225.webp 300w, https:\/\/d2p6e6u75xmxt8.cloudfront.net\/13\/2021\/07\/Tourmalet-profimedia-0067974344-1024x768.webp 1024w, https:\/\/d2p6e6u75xmxt8.cloudfront.net\/13\/2021\/07\/Tourmalet-profimedia-0067974344-768x576.webp 768w, https:\/\/d2p6e6u75xmxt8.cloudfront.net\/13\/2021\/07\/Tourmalet-profimedia-0067974344-1536x1152.webp 1536w\" width=\"1024\" height=\"768\" sizes=\"auto, (min-width: 1200px) 300px, (min-width: 768px) 25vw, 100vw\" alt=\"byla-tohle-nejtezsi-etapa-tour-de-france-v-dejinach\"\/><\/a><\/div>    <div class=\"entry-meta\">\n        <a class=\"label label-secondary post-category\" href=\"https:\/\/www.welovecycling.com\/cs\/category\/tour-de-france\/\" title=\"Tour de France\">Tour de France<\/a>\n    <\/div>\n    <div class=\"entry-details\">\n        <a href=\"https:\/\/www.welovecycling.com\/cs\/2021\/07\/15\/byla-tohle-nejtezsi-etapa-tour-de-france-v-dejinach\/\" class='entry-title-wrapper'>\n            <h3 class=\"entry-title\"><span>Byla tohle nejt\u011b\u017e\u0161\u00ed etapa Tour de France v d\u011bjin\u00e1ch?<\/span><\/h3>\n        <\/a>\n    <\/div>\n    <\/article>\n<\/div>\n<p>Odli\u0161n\u00e1 \u0159\u00edd\u00edtka obecn\u011b p\u0159inesou zm\u011bnu, kterou poc\u00edt\u00ed pravideln\u00fd jezdec schopn\u00fd vn\u00edmat nuance posedu. Je-li c\u00edlem p\u0159ibl\u00ed\u017eit nebo zvednout pozici \u00fachopu v\u00edce, tedy rovnou v \u0159\u00e1dech centimetr\u016f, b\u00fdv\u00e1 vhodn\u011bj\u0161\u00ed zam\u011b\u0159it pozornost na p\u0159edstavec.<\/p>\n<h2><strong>P\u0159edstavec pro z\u00e1vitov\u00e9 hlavov\u00e9 slo\u017een\u00ed<\/strong><\/h2>\n<p>Nejsnadn\u011bji se v\u00fd\u0161ka \u00fachopu upravuje u star\u0161\u00edch kol s p\u0159edstavci pro klasick\u00e9 z\u00e1vitov\u00e9 slo\u017een\u00ed. Sta\u010d\u00ed povolit vrchn\u00ed \u0161roub ovl\u00e1daj\u00edc\u00ed rozp\u011brn\u00fd mechanizmus a m\u016f\u017eete snadno zasouvat p\u0159edstavec do sloupku vidlice v rozsahu n\u011bkolika centimetr\u016f. Pozor si mus\u00edte d\u00e1t pouze na p\u0159\u00edli\u0161n\u00e9 vysunut\u00ed \u2013 ka\u017ed\u00fd p\u0159edstavec m\u00e1 bezpe\u010dnostn\u00ed rysku, po kterou by m\u011bl z\u016fstat ve vidlici, aby byla j\u00edzda bezpe\u010dn\u00e1.<\/p>\n<figure id=\"attachment_13803\" aria-describedby=\"caption-attachment-13803\" style=\"width: 1920px\" class=\"wp-caption alignnone\"><a href=\"https:\/\/d2p6e6u75xmxt8.cloudfront.net\/13\/2021\/07\/nastavitelny_predstavec-s-kloubem-scaled.jpg\"><img loading=\"lazy\" decoding=\"async\" class=\"size-extra-large wp-image-13803\" src=\"https:\/\/d2p6e6u75xmxt8.cloudfront.net\/13\/2021\/07\/nastavitelny_predstavec-s-kloubem-1920x1080.jpg\" alt=\"Nastaviteln\u00fd p\u0159edstavec\" width=\"1920\" height=\"1080\" \/><\/a><figcaption id=\"caption-attachment-13803\" class=\"wp-caption-text\"><em>Nastaviteln\u00fd p\u0159edstavec nab\u00edz\u00ed mo\u017enost m\u011bnit sklon ve zna\u010dn\u00e9m rozsahu.<\/em><\/figcaption><\/figure>\n<p>Jestli\u017ee pot\u0159ebujete je\u0161t\u011b razantn\u011bj\u0161\u00ed zm\u011bnu posedu, ne\u017e jakou p\u0159inese maxim\u00e1ln\u00ed vysunut\u00ed, nezbyde ne\u017e investovat do nov\u00e9ho p\u0159edstavce. M\u016f\u017eete volit krat\u0161\u00ed i strm\u011bj\u0161\u00ed. Samostatnou kategorii tvo\u0159\u00ed p\u0159edstavce s kloubem, jejich\u017e sklon lze ve zna\u010dn\u00e9m rozsahu m\u011bnit.<\/p>\n<p>Nev\u00fdhodou t\u011bchto proveden\u00ed je vedle vy\u0161\u0161\u00ed hmotnosti a ceny tak\u00e9 slo\u017eit\u011bj\u0161\u00ed konstrukce \u2013 \u010dasem mohou za\u010d\u00edt povrz\u00e1vat, objevuj\u00ed se v\u016fle. Dok\u00e1\u017eete-li zvolit rovnou spr\u00e1vn\u00e9 \u0159e\u0161en\u00ed, s\u00e1hn\u011bte rad\u011bji po p\u0159edstavci bez kloubu.<\/p>\n<div class=\"shortcode-ys-post-pinup\"><article class=\"loop-simple post-13712 post type-post status-publish format-standard has-post-thumbnail hentry category-silnicni-cyklistika category-tour-de-france tag-cyklistika tag-kolo tag-mark-cavendish tag-mathieu-van-der-poel tag-silnicni-cyklistika tag-tour-de-france tag-tour-de-france-2021 global-categories-cycling\" data-postid=\"13712\" role=\"article\" data-post-id=\"13712\" data-word-count=\"497\" data-headline-length=\"45\" data-category=\"Tour de France\" data-global-category=\"Cycling\" data-author=\"Adam Bouda\" data-published=\"2021-07-17T07:00:11+02:00\" data-published-day=\"Saturday\">\n    <div class=\"entry-thumbnail article-thumbnail\" content=\"https:\/\/d2p6e6u75xmxt8.cloudfront.net\/13\/2021\/07\/Mark-Cavendish-Tour-de-France-Stage-13-Victory-_Tim-De-Waele-Getty-Images-scaled-150x150.webp\"><a href=\"https:\/\/www.welovecycling.com\/cs\/2021\/07\/17\/tour-de-france-sileny-zavod-ve-zbrojeni\/\" class=\"image-holder\" target=\"_self\"><img decoding=\"async\" loading=\"lazy\" class=\"\" src=\"https:\/\/d2p6e6u75xmxt8.cloudfront.net\/13\/2021\/07\/Mark-Cavendish-Tour-de-France-Stage-13-Victory-_Tim-De-Waele-Getty-Images-scaled-1024x703.webp\" srcset=\"https:\/\/d2p6e6u75xmxt8.cloudfront.net\/13\/2021\/07\/Mark-Cavendish-Tour-de-France-Stage-13-Victory-_Tim-De-Waele-Getty-Images-scaled.webp 2560w, https:\/\/d2p6e6u75xmxt8.cloudfront.net\/13\/2021\/07\/Mark-Cavendish-Tour-de-France-Stage-13-Victory-_Tim-De-Waele-Getty-Images-scaled-300x206.webp 300w, https:\/\/d2p6e6u75xmxt8.cloudfront.net\/13\/2021\/07\/Mark-Cavendish-Tour-de-France-Stage-13-Victory-_Tim-De-Waele-Getty-Images-scaled-1024x703.webp 1024w, https:\/\/d2p6e6u75xmxt8.cloudfront.net\/13\/2021\/07\/Mark-Cavendish-Tour-de-France-Stage-13-Victory-_Tim-De-Waele-Getty-Images-scaled-768x527.webp 768w, https:\/\/d2p6e6u75xmxt8.cloudfront.net\/13\/2021\/07\/Mark-Cavendish-Tour-de-France-Stage-13-Victory-_Tim-De-Waele-Getty-Images-scaled-1536x1054.webp 1536w, https:\/\/d2p6e6u75xmxt8.cloudfront.net\/13\/2021\/07\/Mark-Cavendish-Tour-de-France-Stage-13-Victory-_Tim-De-Waele-Getty-Images-scaled-2048x1406.webp 2048w, https:\/\/d2p6e6u75xmxt8.cloudfront.net\/13\/2021\/07\/Mark-Cavendish-Tour-de-France-Stage-13-Victory-_Tim-De-Waele-Getty-Images-scaled-1920x1318.webp 1920w, https:\/\/d2p6e6u75xmxt8.cloudfront.net\/13\/2021\/07\/Mark-Cavendish-Tour-de-France-Stage-13-Victory-_Tim-De-Waele-Getty-Images-scaled-1920x1318.webp 1920w\" width=\"1024\" height=\"703\" sizes=\"auto, (min-width: 1200px) 300px, (min-width: 768px) 25vw, 100vw\" alt=\"tour-de-france-sileny-zavod-ve-zbrojeni\"\/><\/a><\/div>    <div class=\"entry-meta\">\n        <a class=\"label label-secondary post-category\" href=\"https:\/\/www.welovecycling.com\/cs\/category\/tour-de-france\/\" title=\"Tour de France\">Tour de France<\/a>\n    <\/div>\n    <div class=\"entry-details\">\n        <a href=\"https:\/\/www.welovecycling.com\/cs\/2021\/07\/17\/tour-de-france-sileny-zavod-ve-zbrojeni\/\" class='entry-title-wrapper'>\n            <h3 class=\"entry-title\"><span>Tour de France, \u0161\u00edlen\u00fd z\u00e1vod ve zbrojen\u00ed<\/span><\/h3>\n        <\/a>\n    <\/div>\n    <\/article>\n<\/div>\n<p>Jin\u00fdm zp\u016fsobem umo\u017e\u0148uj\u00edc\u00edm zv\u00fd\u0161en\u00ed \u0159\u00edd\u00edtek u syst\u00e9m\u016f se z\u00e1vitov\u00fdm hlavov\u00fdm slo\u017een\u00edm m\u016f\u017ee b\u00fdt redukce na modern\u011bj\u0161\u00ed syst\u00e9m a-head. Tyto adapt\u00e9ry v\u011bt\u0161inou umo\u017e\u0148uj\u00ed dos\u00e1hnout vy\u0161\u0161\u00ed pozice \u0159\u00edd\u00edtek ne\u017e p\u016fvodn\u00ed p\u0159edstavec.<\/p>\n<h2><strong>Syst\u00e9m ahead<\/strong><\/h2>\n<p>U modern\u00edch kol se pou\u017e\u00edv\u00e1 bezz\u00e1vitov\u00fd syst\u00e9m hlavov\u00e9ho slo\u017een\u00ed, u n\u011bho\u017e je rozsah nastaven\u00ed velmi omezen\u00fd \u2013 u nov\u00e9ho kola b\u00fdvaj\u00ed \u0159\u00edd\u00edtka um\u00edst\u011bna v maxim\u00e1ln\u00ed v\u00fd\u0161ce a lze je obvykle posunout pouze n\u00ed\u017ee, a to o v\u00fd\u0161ku podlo\u017eek mezi p\u0159edstavcem a hlavov\u00fdm slo\u017een\u00edm.<\/p>\n<figure id=\"attachment_13802\" aria-describedby=\"caption-attachment-13802\" style=\"width: 1050px\" class=\"wp-caption alignnone\"><a href=\"https:\/\/d2p6e6u75xmxt8.cloudfront.net\/13\/2021\/07\/jeden-z-nastavcu-umoznujicich-zvednout-polohu-riditek-u-systemu-ahead.jpg\"><img loading=\"lazy\" decoding=\"async\" class=\"size-extra-large wp-image-13802\" src=\"https:\/\/d2p6e6u75xmxt8.cloudfront.net\/13\/2021\/07\/jeden-z-nastavcu-umoznujicich-zvednout-polohu-riditek-u-systemu-ahead-1050x1920.jpg\" alt=\"N\u00e1stavec ahead\" width=\"1050\" height=\"1920\" \/><\/a><figcaption id=\"caption-attachment-13802\" class=\"wp-caption-text\"><em>N\u00e1stavec ahead, kter\u00fd umo\u017e\u0148uje dos\u00e1hnout vy\u0161\u0161\u00ed pozice \u0159\u00edd\u00edtek ne\u017e p\u016fvodn\u00ed p\u0159edstavec.<\/em><\/figcaption><\/figure>\n<p>Kdo ale \u010dasem poc\u00edt\u00ed pot\u0159ebu \u00fachop zvednout, m\u00e1 i zde n\u011bkolik mo\u017enost\u00ed \u2013 po\u0159\u00edzen\u00ed p\u0159edstavce s jinou geometri\u00ed, pou\u017eit\u00ed p\u0159edstavce s nastaviteln\u00fdm \u00fahlem, p\u0159\u00edpadn\u011b mont\u00e1\u017e n\u00e1stavce, kter\u00fd funguje jako prodlou\u017een\u00ed sloupku vidlice a umo\u017en\u00ed zvednout \u0159\u00edd\u00edtka v z\u00e1vislosti na d\u00e9lce d\u00edlu o mnoho centimetr\u016f.<\/p>\n<div class=\"shortcode-ys-post-pinup\"><article class=\"loop-simple post-13642 post type-post status-publish format-standard has-post-thumbnail hentry category-rady-tipy tag-bikefitting tag-cyklistika tag-nastaveni-kola tag-rady-a-tipy tag-silnicni-cyklistika tag-zdravi\" data-postid=\"13642\" role=\"article\" data-post-id=\"13642\" data-word-count=\"454\" data-headline-length=\"37\" data-category=\"Rady &amp; tipy\" data-author=\"Kry\u0161tof Kopic\" data-published=\"2021-07-21T08:00:46+02:00\" data-published-day=\"Wednesday\">\n    <div class=\"entry-thumbnail article-thumbnail\" content=\"https:\/\/d2p6e6u75xmxt8.cloudfront.net\/13\/2021\/05\/schurter-nohy-svaly-michal-cerveny-150x150.webp\"><a href=\"https:\/\/www.welovecycling.com\/cs\/2021\/07\/21\/nastaveni-kola-detaily-pro-pohodli\/\" class=\"image-holder\" target=\"_self\"><img decoding=\"async\" loading=\"lazy\" class=\"\" src=\"https:\/\/d2p6e6u75xmxt8.cloudfront.net\/13\/2021\/05\/schurter-nohy-svaly-michal-cerveny-1024x683.webp\" srcset=\"https:\/\/d2p6e6u75xmxt8.cloudfront.net\/13\/2021\/05\/schurter-nohy-svaly-michal-cerveny.webp 1600w, https:\/\/d2p6e6u75xmxt8.cloudfront.net\/13\/2021\/05\/schurter-nohy-svaly-michal-cerveny-300x200.webp 300w, https:\/\/d2p6e6u75xmxt8.cloudfront.net\/13\/2021\/05\/schurter-nohy-svaly-michal-cerveny-1024x683.webp 1024w, https:\/\/d2p6e6u75xmxt8.cloudfront.net\/13\/2021\/05\/schurter-nohy-svaly-michal-cerveny-768x512.webp 768w, https:\/\/d2p6e6u75xmxt8.cloudfront.net\/13\/2021\/05\/schurter-nohy-svaly-michal-cerveny-1536x1024.webp 1536w, https:\/\/d2p6e6u75xmxt8.cloudfront.net\/13\/2021\/05\/schurter-nohy-svaly-michal-cerveny-272x182.webp 272w\" width=\"1024\" height=\"683\" sizes=\"auto, (min-width: 1200px) 300px, (min-width: 768px) 25vw, 100vw\" alt=\"nastaveni-kola-detaily-pro-pohodli\"\/><\/a><\/div>    <div class=\"entry-meta\">\n        <a class=\"label label-secondary post-category\" href=\"https:\/\/www.welovecycling.com\/cs\/category\/rady-tipy\/\" title=\"Rady &amp; tipy\">Rady &amp; tipy<\/a>\n    <\/div>\n    <div class=\"entry-details\">\n        <a href=\"https:\/\/www.welovecycling.com\/cs\/2021\/07\/21\/nastaveni-kola-detaily-pro-pohodli\/\" class='entry-title-wrapper'>\n            <h3 class=\"entry-title\"><span>Nastaven\u00ed kola: detaily pro pohodl\u00ed<\/span><\/h3>\n        <\/a>\n    <\/div>\n    <\/article>\n<\/div>\n<p>Pokud se na kole c\u00edt\u00edte nep\u0159irozen\u011b nata\u017een\u00ed, ur\u010dit\u011b n\u011bkter\u00fd z na\u0161ich tip\u016f vyzkou\u0161ejte. Investice n\u011bkolika stokorun v\u00e1m m\u016f\u017ee cyklistiku podstatn\u011b zp\u0159\u00edjemnit<\/p>\n","protected":false},"excerpt":{"rendered":"<p>\u0158\u00edd\u00edtka um\u00edst\u011bn\u00e1 proklat\u011b n\u00edzko \u010di daleko dok\u00e1\u017e\u00ed zkazit z\u00e1\u017eitek z j\u00edzdy. Nej\u010dast\u011bji s t\u00edmto probl\u00e9mem bojuj\u00ed \u017eeny na kolech pod\u011bd\u011bn\u00fdch [&hellip;]<\/p>\n","protected":false},"author":138,"featured_media":13801,"comment_status":"open","ping_status":"open","sticky":false,"template":"","format":"standard","meta":{"footnotes":""},"categories":[15],"tags":[126,56,97,9,27,67],"global-categories":[411],"class_list":["post-13800","post","type-post","status-publish","format-standard","has-post-thumbnail","hentry","category-rady-tipy","tag-cyklistika","tag-horska-cyklistika","tag-rady-a-tipy","tag-silnicni-cyklistika","tag-trenink","tag-zdravi-a-trenink","global-categories-cycling"],"yoast_head":"<!-- This site is optimized with the Yoast SEO Premium plugin v25.3 (Yoast SEO v25.9) - https:\/\/yoast.com\/wordpress\/plugins\/seo\/ -->\n<title>V\u00fdlet nen\u00ed \u010dasovka aneb \u0159\u00edd\u00edtka na dosah | \u0160koda We Love Cycling - \u010cesk\u00e1 republika<\/title>\n<meta name=\"description\" content=\"\u0158\u00edd\u00edtka um\u00edst\u011bn\u00e1 proklat\u011b n\u00edzko \u010di daleko dok\u00e1\u017e\u00ed zkazit z\u00e1\u017eitek z j\u00edzdy. \u0158e\u0161en\u00ed na\u0161t\u011bst\u00ed existuje. Porad\u00edme, jak v\u0161e vyladit.\" \/>\n<meta name=\"robots\" content=\"index, follow, max-snippet:-1, max-image-preview:large, max-video-preview:-1\" \/>\n<link rel=\"canonical\" href=\"https:\/\/www.welovecycling.com\/cs\/2021\/07\/31\/vylet-neni-casovka-aneb-riditka-na-dosah\/\" \/>\n<meta property=\"og:locale\" content=\"cs_CZ\" \/>\n<meta property=\"og:type\" content=\"article\" \/>\n<meta property=\"og:title\" content=\"V\u00fdlet nen\u00ed \u010dasovka aneb \u0159\u00edd\u00edtka na dosah\" \/>\n<meta property=\"og:description\" content=\"\u0158\u00edd\u00edtka um\u00edst\u011bn\u00e1 proklat\u011b n\u00edzko \u010di daleko dok\u00e1\u017e\u00ed zkazit z\u00e1\u017eitek z j\u00edzdy. \u0158e\u0161en\u00ed na\u0161t\u011bst\u00ed existuje. Porad\u00edme, jak v\u0161e vyladit.\" \/>\n<meta property=\"og:url\" content=\"https:\/\/www.welovecycling.com\/cs\/2021\/07\/31\/vylet-neni-casovka-aneb-riditka-na-dosah\/\" \/>\n<meta property=\"og:site_name\" content=\"\u0160koda We Love Cycling - \u010cesk\u00e1 republika\" \/>\n<meta property=\"article:published_time\" content=\"2021-07-31T05:00:26+00:00\" \/>\n<meta property=\"og:image\" content=\"https:\/\/d2p6e6u75xmxt8.cloudfront.net\/13\/2021\/07\/I-samotny-tvar-riditek-muze-ovlivnit-pohodli.-Zde-komfortni-riditka-od-znacky-SQlab.webp\" \/>\n\t<meta property=\"og:image:width\" content=\"1500\" \/>\n\t<meta property=\"og:image:height\" content=\"750\" \/>\n\t<meta property=\"og:image:type\" content=\"image\/webp\" \/>\n<meta name=\"author\" content=\"radekmalina\" \/>\n<meta name=\"twitter:card\" content=\"summary_large_image\" \/>\n<meta name=\"twitter:label1\" content=\"Written by\" \/>\n\t<meta name=\"twitter:data1\" content=\"Kry\u0161tof Kopic\" \/>\n\t<meta name=\"twitter:label2\" content=\"Est. reading time\" \/>\n\t<meta name=\"twitter:data2\" content=\"5\" \/>\n<script type=\"application\/ld+json\" class=\"yoast-schema-graph\">{\"@context\":\"https:\/\/schema.org\",\"@graph\":[{\"@type\":\"WebPage\",\"@id\":\"https:\/\/www.welovecycling.com\/cs\/2021\/07\/31\/vylet-neni-casovka-aneb-riditka-na-dosah\/\",\"url\":\"https:\/\/www.welovecycling.com\/cs\/2021\/07\/31\/vylet-neni-casovka-aneb-riditka-na-dosah\/\",\"name\":\"V\u00fdlet nen\u00ed \u010dasovka aneb \u0159\u00edd\u00edtka na dosah | \u0160koda We Love Cycling - \u010cesk\u00e1 republika\",\"isPartOf\":{\"@id\":\"https:\/\/www.welovecycling.com\/cs\/#website\"},\"primaryImageOfPage\":{\"@id\":\"https:\/\/www.welovecycling.com\/cs\/2021\/07\/31\/vylet-neni-casovka-aneb-riditka-na-dosah\/#primaryimage\"},\"image\":{\"@id\":\"https:\/\/www.welovecycling.com\/cs\/2021\/07\/31\/vylet-neni-casovka-aneb-riditka-na-dosah\/#primaryimage\"},\"thumbnailUrl\":\"https:\/\/d2p6e6u75xmxt8.cloudfront.net\/13\/2021\/07\/I-samotny-tvar-riditek-muze-ovlivnit-pohodli.-Zde-komfortni-riditka-od-znacky-SQlab.webp\",\"datePublished\":\"2021-07-31T05:00:26+00:00\",\"author\":{\"@id\":\"https:\/\/www.welovecycling.com\/cs\/#\/schema\/person\/d9eeb0a378f3a7e4a6d12d2b536b04b8\"},\"description\":\"\u0158\u00edd\u00edtka um\u00edst\u011bn\u00e1 proklat\u011b n\u00edzko \u010di daleko dok\u00e1\u017e\u00ed zkazit z\u00e1\u017eitek z j\u00edzdy. \u0158e\u0161en\u00ed na\u0161t\u011bst\u00ed existuje. Porad\u00edme, jak v\u0161e vyladit.\",\"inLanguage\":\"cs\",\"potentialAction\":[{\"@type\":\"ReadAction\",\"target\":[\"https:\/\/www.welovecycling.com\/cs\/2021\/07\/31\/vylet-neni-casovka-aneb-riditka-na-dosah\/\"]}]},{\"@type\":\"ImageObject\",\"inLanguage\":\"cs\",\"@id\":\"https:\/\/www.welovecycling.com\/cs\/2021\/07\/31\/vylet-neni-casovka-aneb-riditka-na-dosah\/#primaryimage\",\"url\":\"https:\/\/d2p6e6u75xmxt8.cloudfront.net\/13\/2021\/07\/I-samotny-tvar-riditek-muze-ovlivnit-pohodli.-Zde-komfortni-riditka-od-znacky-SQlab.webp\",\"contentUrl\":\"https:\/\/d2p6e6u75xmxt8.cloudfront.net\/13\/2021\/07\/I-samotny-tvar-riditek-muze-ovlivnit-pohodli.-Zde-komfortni-riditka-od-znacky-SQlab.webp\",\"width\":1500,\"height\":750},{\"@type\":\"WebSite\",\"@id\":\"https:\/\/www.welovecycling.com\/cs\/#website\",\"url\":\"https:\/\/www.welovecycling.com\/cs\/\",\"name\":\"\u0160koda We Love Cycling - \u010cesk\u00e1 republika\",\"description\":\"WeLoveCycling.cz je online magaz\u00edn, kter\u00fd v\u00e1m pravideln\u011b p\u0159in\u00e1\u0161\u00ed rady a tipy, zaj\u00edmav\u00e9 \u010dl\u00e1nky, videa a jedine\u010dn\u00e9 report\u00e1\u017ee ze sv\u011bta cyklistiky.\",\"potentialAction\":[{\"@type\":\"SearchAction\",\"target\":{\"@type\":\"EntryPoint\",\"urlTemplate\":\"https:\/\/www.welovecycling.com\/cs\/?s={search_term_string}\"},\"query-input\":{\"@type\":\"PropertyValueSpecification\",\"valueRequired\":true,\"valueName\":\"search_term_string\"}}],\"inLanguage\":\"cs\"},{\"@type\":\"Person\",\"@id\":\"https:\/\/www.welovecycling.com\/cs\/#\/schema\/person\/d9eeb0a378f3a7e4a6d12d2b536b04b8\",\"name\":\"radekmalina\",\"image\":{\"@type\":\"ImageObject\",\"inLanguage\":\"cs\",\"@id\":\"https:\/\/www.welovecycling.com\/cs\/#\/schema\/person\/image\/\",\"url\":\"https:\/\/secure.gravatar.com\/avatar\/66994b632cb8c39a46b9f54afa3ae07201b678d32a54275b6f1c9ffec356bfc0?s=96&d=mm&r=g\",\"contentUrl\":\"https:\/\/secure.gravatar.com\/avatar\/66994b632cb8c39a46b9f54afa3ae07201b678d32a54275b6f1c9ffec356bfc0?s=96&d=mm&r=g\",\"caption\":\"radekmalina\"},\"url\":\"https:\/\/www.welovecycling.com\/cs\/author\/radekmalina\/\"}]}<\/script>\n<!-- \/ Yoast SEO Premium plugin. -->","yoast_head_json":{"title":"V\u00fdlet nen\u00ed \u010dasovka aneb \u0159\u00edd\u00edtka na dosah | \u0160koda We Love Cycling - \u010cesk\u00e1 republika","description":"\u0158\u00edd\u00edtka um\u00edst\u011bn\u00e1 proklat\u011b n\u00edzko \u010di daleko dok\u00e1\u017e\u00ed zkazit z\u00e1\u017eitek z j\u00edzdy. \u0158e\u0161en\u00ed na\u0161t\u011bst\u00ed existuje. Porad\u00edme, jak v\u0161e vyladit.","robots":{"index":"index","follow":"follow","max-snippet":"max-snippet:-1","max-image-preview":"max-image-preview:large","max-video-preview":"max-video-preview:-1"},"canonical":"https:\/\/www.welovecycling.com\/cs\/2021\/07\/31\/vylet-neni-casovka-aneb-riditka-na-dosah\/","og_locale":"cs_CZ","og_type":"article","og_title":"V\u00fdlet nen\u00ed \u010dasovka aneb \u0159\u00edd\u00edtka na dosah","og_description":"\u0158\u00edd\u00edtka um\u00edst\u011bn\u00e1 proklat\u011b n\u00edzko \u010di daleko dok\u00e1\u017e\u00ed zkazit z\u00e1\u017eitek z j\u00edzdy. \u0158e\u0161en\u00ed na\u0161t\u011bst\u00ed existuje. Porad\u00edme, jak v\u0161e vyladit.","og_url":"https:\/\/www.welovecycling.com\/cs\/2021\/07\/31\/vylet-neni-casovka-aneb-riditka-na-dosah\/","og_site_name":"\u0160koda We Love Cycling - \u010cesk\u00e1 republika","article_published_time":"2021-07-31T05:00:26+00:00","og_image":[{"width":1500,"height":750,"url":"https:\/\/d2p6e6u75xmxt8.cloudfront.net\/13\/2021\/07\/I-samotny-tvar-riditek-muze-ovlivnit-pohodli.-Zde-komfortni-riditka-od-znacky-SQlab.webp","type":"image\/webp"}],"author":"radekmalina","twitter_card":"summary_large_image","twitter_misc":{"Written by":"Kry\u0161tof Kopic","Est. reading time":"5"},"schema":{"@context":"https:\/\/schema.org","@graph":[{"@type":"WebPage","@id":"https:\/\/www.welovecycling.com\/cs\/2021\/07\/31\/vylet-neni-casovka-aneb-riditka-na-dosah\/","url":"https:\/\/www.welovecycling.com\/cs\/2021\/07\/31\/vylet-neni-casovka-aneb-riditka-na-dosah\/","name":"V\u00fdlet nen\u00ed \u010dasovka aneb \u0159\u00edd\u00edtka na dosah | \u0160koda We Love Cycling - \u010cesk\u00e1 republika","isPartOf":{"@id":"https:\/\/www.welovecycling.com\/cs\/#website"},"primaryImageOfPage":{"@id":"https:\/\/www.welovecycling.com\/cs\/2021\/07\/31\/vylet-neni-casovka-aneb-riditka-na-dosah\/#primaryimage"},"image":{"@id":"https:\/\/www.welovecycling.com\/cs\/2021\/07\/31\/vylet-neni-casovka-aneb-riditka-na-dosah\/#primaryimage"},"thumbnailUrl":"https:\/\/d2p6e6u75xmxt8.cloudfront.net\/13\/2021\/07\/I-samotny-tvar-riditek-muze-ovlivnit-pohodli.-Zde-komfortni-riditka-od-znacky-SQlab.webp","datePublished":"2021-07-31T05:00:26+00:00","author":{"@id":"https:\/\/www.welovecycling.com\/cs\/#\/schema\/person\/d9eeb0a378f3a7e4a6d12d2b536b04b8"},"description":"\u0158\u00edd\u00edtka um\u00edst\u011bn\u00e1 proklat\u011b n\u00edzko \u010di daleko dok\u00e1\u017e\u00ed zkazit z\u00e1\u017eitek z j\u00edzdy. \u0158e\u0161en\u00ed na\u0161t\u011bst\u00ed existuje. Porad\u00edme, jak v\u0161e vyladit.","inLanguage":"cs","potentialAction":[{"@type":"ReadAction","target":["https:\/\/www.welovecycling.com\/cs\/2021\/07\/31\/vylet-neni-casovka-aneb-riditka-na-dosah\/"]}]},{"@type":"ImageObject","inLanguage":"cs","@id":"https:\/\/www.welovecycling.com\/cs\/2021\/07\/31\/vylet-neni-casovka-aneb-riditka-na-dosah\/#primaryimage","url":"https:\/\/d2p6e6u75xmxt8.cloudfront.net\/13\/2021\/07\/I-samotny-tvar-riditek-muze-ovlivnit-pohodli.-Zde-komfortni-riditka-od-znacky-SQlab.webp","contentUrl":"https:\/\/d2p6e6u75xmxt8.cloudfront.net\/13\/2021\/07\/I-samotny-tvar-riditek-muze-ovlivnit-pohodli.-Zde-komfortni-riditka-od-znacky-SQlab.webp","width":1500,"height":750},{"@type":"WebSite","@id":"https:\/\/www.welovecycling.com\/cs\/#website","url":"https:\/\/www.welovecycling.com\/cs\/","name":"\u0160koda We Love Cycling - \u010cesk\u00e1 republika","description":"WeLoveCycling.cz je online magaz\u00edn, kter\u00fd v\u00e1m pravideln\u011b p\u0159in\u00e1\u0161\u00ed rady a tipy, zaj\u00edmav\u00e9 \u010dl\u00e1nky, videa a jedine\u010dn\u00e9 report\u00e1\u017ee ze sv\u011bta cyklistiky.","potentialAction":[{"@type":"SearchAction","target":{"@type":"EntryPoint","urlTemplate":"https:\/\/www.welovecycling.com\/cs\/?s={search_term_string}"},"query-input":{"@type":"PropertyValueSpecification","valueRequired":true,"valueName":"search_term_string"}}],"inLanguage":"cs"},{"@type":"Person","@id":"https:\/\/www.welovecycling.com\/cs\/#\/schema\/person\/d9eeb0a378f3a7e4a6d12d2b536b04b8","name":"radekmalina","image":{"@type":"ImageObject","inLanguage":"cs","@id":"https:\/\/www.welovecycling.com\/cs\/#\/schema\/person\/image\/","url":"https:\/\/secure.gravatar.com\/avatar\/66994b632cb8c39a46b9f54afa3ae07201b678d32a54275b6f1c9ffec356bfc0?s=96&d=mm&r=g","contentUrl":"https:\/\/secure.gravatar.com\/avatar\/66994b632cb8c39a46b9f54afa3ae07201b678d32a54275b6f1c9ffec356bfc0?s=96&d=mm&r=g","caption":"radekmalina"},"url":"https:\/\/www.welovecycling.com\/cs\/author\/radekmalina\/"}]}},"_links":{"self":[{"href":"https:\/\/www.welovecycling.com\/cs\/wp-json\/wp\/v2\/posts\/13800","targetHints":{"allow":["GET"]}}],"collection":[{"href":"https:\/\/www.welovecycling.com\/cs\/wp-json\/wp\/v2\/posts"}],"about":[{"href":"https:\/\/www.welovecycling.com\/cs\/wp-json\/wp\/v2\/types\/post"}],"author":[{"embeddable":true,"href":"https:\/\/www.welovecycling.com\/cs\/wp-json\/wp\/v2\/users\/138"}],"replies":[{"embeddable":true,"href":"https:\/\/www.welovecycling.com\/cs\/wp-json\/wp\/v2\/comments?post=13800"}],"version-history":[{"count":2,"href":"https:\/\/www.welovecycling.com\/cs\/wp-json\/wp\/v2\/posts\/13800\/revisions"}],"predecessor-version":[{"id":13806,"href":"https:\/\/www.welovecycling.com\/cs\/wp-json\/wp\/v2\/posts\/13800\/revisions\/13806"}],"wp:featuredmedia":[{"embeddable":true,"href":"https:\/\/www.welovecycling.com\/cs\/wp-json\/wp\/v2\/media\/13801"}],"wp:attachment":[{"href":"https:\/\/www.welovecycling.com\/cs\/wp-json\/wp\/v2\/media?parent=13800"}],"wp:term":[{"taxonomy":"category","embeddable":true,"href":"https:\/\/www.welovecycling.com\/cs\/wp-json\/wp\/v2\/categories?post=13800"},{"taxonomy":"post_tag","embeddable":true,"href":"https:\/\/www.welovecycling.com\/cs\/wp-json\/wp\/v2\/tags?post=13800"},{"taxonomy":"global-categories","embeddable":true,"href":"https:\/\/www.welovecycling.com\/cs\/wp-json\/wp\/v2\/global-categories?post=13800"}],"curies":[{"name":"wp","href":"https:\/\/api.w.org\/{rel}","templated":true}]}}