{"id":13699,"date":"2021-07-20T07:00:40","date_gmt":"2021-07-20T05:00:40","guid":{"rendered":"https:\/\/www.welovecycling.com\/cs\/?p=13699"},"modified":"2021-07-15T23:23:44","modified_gmt":"2021-07-15T21:23:44","slug":"maliri-na-trati-kdyz-tour-de-france-potrebuje-cenzuru","status":"publish","type":"post","link":"https:\/\/www.welovecycling.com\/cs\/2021\/07\/20\/maliri-na-trati-kdyz-tour-de-france-potrebuje-cenzuru\/","title":{"rendered":"Mal\u00ed\u0159i na trati. Kdy\u017e Tour de France pot\u0159ebuje cenzuru"},"content":{"rendered":"<p><strong>Maj\u00ed sv\u016fj vlastn\u00ed z\u00e1vod s \u010dasem, vybaveni jen p\u00e1r \u0161t\u011btci a plechovkou barvy k\u0159i\u017euj\u00ed Francii daleko p\u0159ed reklamn\u00ed karavanou, novin\u00e1\u0159i i z\u00e1vodn\u00edky. Jejich mise: zajistit, \u017ee televizn\u00ed kamery neuvid\u00ed na asfaltu \u010di jinde napsan\u00e9 \u017e\u00e1dn\u00e9 spros\u0165\u00e1rny, ur\u00e1\u017eky, politick\u00e9 slogany. A rozhodn\u011b \u017e\u00e1dn\u00e9 penisy!<\/strong><\/p>\n<p>Sotva p\u00e1r tah\u016f a ob\u0159\u00ed falus, kter\u00fd \u201ele\u017e\u00ed\u201c na asfaltu vedle v\u0161ech dal\u0161\u00edch n\u00e1pis\u016f a jmen, kter\u00fdmi fandov\u00e9 cht\u011bj\u00ed sv\u00e9 favority povzbudit, se prom\u011bn\u00ed v mil\u00e9ho mot\u00fdla nebo medv\u00eddka. Patrick Dancoisne a Jo\u00ebl Gautriand jsem t\u011bmi mal\u00ed\u0159i, co rekognoskuj\u00ed asfalt a sem tam v \u0159\u00e1du sekund domaluj\u00ed p\u00e1r \u010dar k nevhodn\u00fdm obrazc\u016fm, aby se Star\u00e1 d\u00e1ma nestyd\u011bla t\u00edm kter\u00fdm m\u00edstem proj\u00ed\u017ed\u011bt.<\/p>\n<p>Zv\u011bdav\u00ed div\u00e1ci jim stoj\u00ed za z\u00e1dy, ruce v bok a pozoruj\u00ed tu jejich n\u00e1paditou hru. Ale ani jeden nem\u00e1 kdy poodstoupit, kochat se sv\u00fdm dal\u0161\u00edm \u201epl\u00e1tnem\u201c nebo snad s fanou\u0161ky debatovat. Tour de France se bl\u00ed\u017e\u00ed, tak\u017ee oni rovnou nasko\u010d\u00ed do sv\u00e9 dod\u00e1vky a v oblaku prachu vyst\u0159el\u00ed malovat zase n\u011bkde jinde.<\/p>\n<div class=\"shortcode-ys-post-pinup\"><article class=\"loop-simple post-13709 post type-post status-publish format-standard has-post-thumbnail hentry category-silnicni-cyklistika tag-cyklistika tag-michael-kukrle tag-michal-schlegel tag-olympijske-hry tag-silnicni-cyklistika tag-tokio-2020 tag-tomas-konecny tag-zdenek-stybar global-categories-cycling\" data-postid=\"13709\" role=\"article\" data-post-id=\"13709\" data-word-count=\"671\" data-headline-length=\"84\" data-category=\"Silni\u010dn\u00ed cyklistika\" data-global-category=\"Cycling\" data-author=\"Jan Kr\u016fta\" data-published=\"2021-07-16T07:00:04+02:00\" data-published-day=\"Friday\">\n    <div class=\"entry-thumbnail article-thumbnail\" content=\"https:\/\/d2p6e6u75xmxt8.cloudfront.net\/13\/2021\/04\/BrychtaJan_UCI_Road_World_Championships_20190928_214101_DSC_7947-150x150.webp\"><a href=\"https:\/\/www.welovecycling.com\/cs\/2021\/07\/16\/tomas-konecny-o-ambicich-ceske-reprezentace-v-tokiu-proc-nakupoval-silonky\/\" class=\"image-holder\" target=\"_self\"><img decoding=\"async\" loading=\"lazy\" class=\"\" src=\"https:\/\/d2p6e6u75xmxt8.cloudfront.net\/13\/2021\/04\/BrychtaJan_UCI_Road_World_Championships_20190928_214101_DSC_7947-1024x684.webp\" srcset=\"https:\/\/d2p6e6u75xmxt8.cloudfront.net\/13\/2021\/04\/BrychtaJan_UCI_Road_World_Championships_20190928_214101_DSC_7947.webp 2400w, https:\/\/d2p6e6u75xmxt8.cloudfront.net\/13\/2021\/04\/BrychtaJan_UCI_Road_World_Championships_20190928_214101_DSC_7947-300x200.webp 300w, https:\/\/d2p6e6u75xmxt8.cloudfront.net\/13\/2021\/04\/BrychtaJan_UCI_Road_World_Championships_20190928_214101_DSC_7947-1024x684.webp 1024w, https:\/\/d2p6e6u75xmxt8.cloudfront.net\/13\/2021\/04\/BrychtaJan_UCI_Road_World_Championships_20190928_214101_DSC_7947-768x513.webp 768w, https:\/\/d2p6e6u75xmxt8.cloudfront.net\/13\/2021\/04\/BrychtaJan_UCI_Road_World_Championships_20190928_214101_DSC_7947-1536x1025.webp 1536w, https:\/\/d2p6e6u75xmxt8.cloudfront.net\/13\/2021\/04\/BrychtaJan_UCI_Road_World_Championships_20190928_214101_DSC_7947-2048x1367.webp 2048w, https:\/\/d2p6e6u75xmxt8.cloudfront.net\/13\/2021\/04\/BrychtaJan_UCI_Road_World_Championships_20190928_214101_DSC_7947-1920x1282.webp 1920w, https:\/\/d2p6e6u75xmxt8.cloudfront.net\/13\/2021\/04\/BrychtaJan_UCI_Road_World_Championships_20190928_214101_DSC_7947-272x182.webp 272w, https:\/\/d2p6e6u75xmxt8.cloudfront.net\/13\/2021\/04\/BrychtaJan_UCI_Road_World_Championships_20190928_214101_DSC_7947-1920x1282.webp 1920w\" width=\"1024\" height=\"684\" sizes=\"auto, (min-width: 1200px) 300px, (min-width: 768px) 25vw, 100vw\" alt=\"tomas-konecny-o-ambicich-ceske-reprezentace-v-tokiu-proc-nakupoval-silonky\"\/><\/a><\/div>    <div class=\"entry-meta\">\n        <a class=\"label label-secondary post-category\" href=\"https:\/\/www.welovecycling.com\/cs\/category\/silnicni-cyklistika\/\" title=\"Silni\u010dn\u00ed cyklistika\">Silni\u010dn\u00ed cyklistika<\/a>\n    <\/div>\n    <div class=\"entry-details\">\n        <a href=\"https:\/\/www.welovecycling.com\/cs\/2021\/07\/16\/tomas-konecny-o-ambicich-ceske-reprezentace-v-tokiu-proc-nakupoval-silonky\/\" class='entry-title-wrapper'>\n            <h3 class=\"entry-title\"><span>Tom\u00e1\u0161 Kone\u010dn\u00fd o ambic\u00edch \u010desk\u00e9 reprezentace v Tokiu. Pro\u010d nakupoval silonky?<\/span><\/h3>\n        <\/a>\n    <\/div>\n    <\/article>\n<\/div>\n<p>Toto duo m\u00e1 v z\u00e1vod\u011b roli cenzor\u016f bojuj\u00edc\u00edch proti nepovolen\u00e9 reklam\u011b a dal\u0161\u00edm proh\u0159e\u0161k\u016fm cyklistick\u00fdch fanou\u0161k\u016f. Jejich o\u010di na trati hledaj\u00ed r\u016fzn\u00e9 vzkazy, kter\u00e9 by mohly podkopat popul\u00e1rn\u00ed a p\u0159\u00e1telskou image Tour de France, kde nen\u00ed m\u00edsto ani na politick\u00e9 v\u00fdzvy, nato\u017e vulgarismy t\u0159eba v podob\u011b obr\u00e1zk\u016f. Obr\u00e1zky z Tour p\u0159eci m\u00ed\u0159\u00ed do 190 zem\u00ed na 100 r\u016fzn\u00fdch kan\u00e1lech.<\/p>\n<h2><strong>Ka\u017edou etapu Tour de France jedou dvakr\u00e1t<\/strong><\/h2>\n<p>Tak\u017ee onen penis, o kter\u00e9m je tu po\u0159\u00e1d \u0159e\u010d a kter\u00fd p\u0159ed \u010dty\u0159mi lety vykoukl v etap\u011b z Brian\u00e7onu na Col d\u2019Izoard z televizn\u00edch obrazovek, byl pro Patricka osobn\u00ed por\u00e1\u017ekou. \u201eAle nem\u016f\u017eeme zvl\u00e1dnout v\u0161echno,\u201c zn\u011bl omluvn\u011b.<\/p>\n<figure id=\"attachment_13706\" aria-describedby=\"caption-attachment-13706\" style=\"width: 1800px\" class=\"wp-caption alignnone\"><a href=\"https:\/\/d2p6e6u75xmxt8.cloudfront.net\/13\/2021\/07\/napisy-profimedia-0198711321.jpg\"><img loading=\"lazy\" decoding=\"async\" class=\"size-full wp-image-13706\" src=\"https:\/\/d2p6e6u75xmxt8.cloudfront.net\/13\/2021\/07\/napisy-profimedia-0198711321.jpg\" alt=\"Vzkaz pro Marka Cavendishe, hv\u011bzdu t\u00fdmu Deceuninck Quick Step. Foto: profimedia (2x)\" width=\"1800\" height=\"1201\" \/><\/a><figcaption id=\"caption-attachment-13706\" class=\"wp-caption-text\"><em>Vzkaz pro Marka Cavendishe, hv\u011bzdu t\u00fdmu Deceuninck Quick Step. Foto: profimedia (2x)<\/em><\/figcaption><\/figure>\n<p>Pr\u00e1v\u011b 14kilometrov\u00fd Izoard, kter\u00fd se tehdy poprv\u00e9 v historii do\u010dkal pocty c\u00edlov\u00e9ho m\u00edsta, funguje jako magnet pro v\u0161echny ty posedl\u00e9 malov\u00e1n\u00edm po asfaltu. \u201eNa rovin\u00e1ch b\u00fdv\u00e1 graffiti m\u00e9n\u011b,\u201c vysv\u011btluje Jo\u00ebl.<\/p>\n<p>Jejich dny b\u00fdvaj\u00ed dlouh\u00e9. Nejd\u0159\u00edv projedou etapu v protism\u011bru. Pak se oto\u010d\u00ed a hledaj\u00ed obrazce, kter\u00e9 snad vznikly nov\u011b a\u017e po jejich inspek\u010dn\u00ed cest\u011b. Na oto\u010dku musej\u00ed dorazit nejm\u00e9n\u011b 90 minut p\u0159ed p\u0159\u00edjezdem prvn\u00edho vozu reklamn\u00ed karavany, kter\u00e1 zase obvykle vyr\u00e1\u017e\u00ed dv\u011b hodiny p\u0159ed pelotonem.<\/p>\n<p>Horsk\u00e9 etapy jsou pro dvojici v\u017edy \u010dasovkou, kter\u00e1 startuje u\u017e v sedm r\u00e1no. Patrick za volantem, Jo\u00ebl zase se svou bibl\u00ed neboli \u201elivre de route\u201c, kde je pops\u00e1na trasa z\u00e1vodu, na kolenou.<\/p>\n<h2><strong>Jak se EPO prom\u011bn\u00ed v EPQ<\/strong><\/h2>\n<p>A pak jim do o\u010d\u00ed za\u010d\u00ednaj\u00ed padat v\u0161echna ta neslu\u0161n\u00e1 vyobrazen\u00ed. U ka\u017ed\u00e9ho zastav\u00ed a barvou prom\u011bn\u00ed v n\u011bco jin\u00e9ho. Nebo kdy\u017e nen\u00ed \u010das, jen p\u00e1nsk\u00e1 p\u0159irozen\u00ed pomaluj\u00ed tak, aby se nedala rozpoznat.<\/p>\n<p>Cyklisticky nechvaln\u011b proslul\u00fd v\u00fdraz EPO se jedin\u00fdm tahem prom\u011bn\u00ed v EPQ, co\u017e m\u016f\u017ee u div\u00e1k\u016f vyvolat \u00favahy o smyslu. A jejich my\u0161lenky nebudou hned putovat k dopingu. Injek\u010dn\u00ed st\u0159\u00edka\u010dky mnohdy dopln\u011bn\u00e9 i jm\u00e9nem z\u00e1vodn\u00edka se r\u00e1zem prom\u011bn\u00ed v \u017eeb\u0159\u00edk.<\/p>\n<div class=\"shortcode-ys-post-pinup\"><article class=\"loop-simple post-13680 post type-post status-publish format-standard has-post-thumbnail hentry category-tour-de-france tag-aspin tag-aubisque tag-cyklistika tag-henri-desgrange tag-kralovska-etapa tag-leon-scieur tag-lucien-buysse tag-peyresourde tag-silnicni-cyklistika tag-tour-de-france tag-tour-de-france-2021 tag-tourmalet global-categories-cycling\" data-postid=\"13680\" role=\"article\" data-post-id=\"13680\" data-word-count=\"497\" data-headline-length=\"58\" data-category=\"Tour de France\" data-global-category=\"Cycling\" data-author=\"Adam Bouda\" data-published=\"2021-07-15T14:00:42+02:00\" data-published-day=\"Thursday\">\n    <div class=\"entry-thumbnail article-thumbnail\" content=\"https:\/\/d2p6e6u75xmxt8.cloudfront.net\/13\/2021\/07\/Tourmalet-profimedia-0067974344-150x150.webp\"><a href=\"https:\/\/www.welovecycling.com\/cs\/2021\/07\/15\/byla-tohle-nejtezsi-etapa-tour-de-france-v-dejinach\/\" class=\"image-holder\" target=\"_self\"><img decoding=\"async\" loading=\"lazy\" class=\"\" src=\"https:\/\/d2p6e6u75xmxt8.cloudfront.net\/13\/2021\/07\/Tourmalet-profimedia-0067974344-1024x768.webp\" srcset=\"https:\/\/d2p6e6u75xmxt8.cloudfront.net\/13\/2021\/07\/Tourmalet-profimedia-0067974344.webp 1800w, https:\/\/d2p6e6u75xmxt8.cloudfront.net\/13\/2021\/07\/Tourmalet-profimedia-0067974344-300x225.webp 300w, https:\/\/d2p6e6u75xmxt8.cloudfront.net\/13\/2021\/07\/Tourmalet-profimedia-0067974344-1024x768.webp 1024w, https:\/\/d2p6e6u75xmxt8.cloudfront.net\/13\/2021\/07\/Tourmalet-profimedia-0067974344-768x576.webp 768w, https:\/\/d2p6e6u75xmxt8.cloudfront.net\/13\/2021\/07\/Tourmalet-profimedia-0067974344-1536x1152.webp 1536w\" width=\"1024\" height=\"768\" sizes=\"auto, (min-width: 1200px) 300px, (min-width: 768px) 25vw, 100vw\" alt=\"byla-tohle-nejtezsi-etapa-tour-de-france-v-dejinach\"\/><\/a><\/div>    <div class=\"entry-meta\">\n        <a class=\"label label-secondary post-category\" href=\"https:\/\/www.welovecycling.com\/cs\/category\/tour-de-france\/\" title=\"Tour de France\">Tour de France<\/a>\n    <\/div>\n    <div class=\"entry-details\">\n        <a href=\"https:\/\/www.welovecycling.com\/cs\/2021\/07\/15\/byla-tohle-nejtezsi-etapa-tour-de-france-v-dejinach\/\" class='entry-title-wrapper'>\n            <h3 class=\"entry-title\"><span>Byla tohle nejt\u011b\u017e\u0161\u00ed etapa Tour de France v d\u011bjin\u00e1ch?<\/span><\/h3>\n        <\/a>\n    <\/div>\n    <\/article>\n<\/div>\n<p>Dvojice b\u011bhem Tour spot\u0159ebuje na 350 litr\u016f vodou \u0159editeln\u00e9 barvy, co\u017e je fantastick\u00e9, kdy\u017e uv\u00e1\u017e\u00edte, \u017ee je ileg\u00e1ln\u00ed malovat po ve\u0159ejn\u00fdch komunikac\u00edch. Proto\u017ee jak hovo\u0159\u00ed francouzsk\u00fd z\u00e1kon, \u201eza n\u00e1pisy, zna\u010dky nebo malby bez povolen\u00ed hroz\u00ed pokuta a\u017e 3750 eur a ve\u0159ejn\u00e9 pr\u00e1ce\u201c.<\/p>\n<p>Podle legendy tento zvyk vznikl v roce 1936 b\u011bhem Gira d\u2019Italia, kde fandov\u00e9 Raffaeleho Di Paka, rival Charlese P\u00e9lissiera, se stali pr\u016fkopn\u00edky tohoto zp\u016fsobu povzbuzov\u00e1n\u00ed. Ale pak se p\u0159ed Patrickem a Jo\u00eblem objev\u00ed desetimetrov\u00fd n\u00e1pis \u201eNA\u0160I POLITICI JSOU GANGSTE\u0158I\u201c a Patrick se mus\u00ed sm\u00e1t: \u201eTak tohle je opravdov\u00e9 um\u011bn\u00ed!\u201c<\/p>\n<p>Sport se sice sna\u017e\u00ed b\u00fdt apolitick\u00fd, ale n\u011bkte\u0159\u00ed ho p\u0159esto berou za sv\u00e9 rukojm\u00ed. A pr\u00e1v\u011b proto jsou tu Patrick s Jo\u00eblem, cenzo\u0159i Tour, kte\u0159\u00ed u\u017e nikdy \u017e\u00e1dn\u00fd penis na zemi rozhodn\u011b nep\u0159ehl\u00e9dnou.<\/p>\n","protected":false},"excerpt":{"rendered":"<p>Maj\u00ed sv\u016fj vlastn\u00ed z\u00e1vod s \u010dasem, vybaveni jen p\u00e1r \u0161t\u011btci a plechovkou barvy k\u0159i\u017euj\u00ed Francii daleko p\u0159ed reklamn\u00ed karavanou, novin\u00e1\u0159i [&hellip;]<\/p>\n","protected":false},"author":138,"featured_media":13707,"comment_status":"open","ping_status":"open","sticky":false,"template":"","format":"standard","meta":{"footnotes":""},"categories":[10],"tags":[],"global-categories":[411],"class_list":["post-13699","post","type-post","status-publish","format-standard","has-post-thumbnail","hentry","category-silnicni-cyklistika","global-categories-cycling"],"yoast_head":"<!-- This site is optimized with the Yoast SEO Premium plugin v25.3 (Yoast SEO v25.9) - https:\/\/yoast.com\/wordpress\/plugins\/seo\/ -->\n<title>Mal\u00ed\u0159i na trati. Kdy\u017e Tour de France pot\u0159ebuje cenzuru | \u0160koda We Love Cycling - \u010cesk\u00e1 republika<\/title>\n<meta name=\"description\" content=\"Maj\u00ed vlastn\u00ed z\u00e1vod s \u010dasem, vybaveni jen \u0161t\u011btci a plechovkou barvy k\u0159i\u017euj\u00ed Francii p\u0159ed reklamn\u00ed karavanou Tour de France. Jak\u00fd maj\u00ed \u00fakol?\" \/>\n<meta name=\"robots\" content=\"index, follow, max-snippet:-1, max-image-preview:large, max-video-preview:-1\" \/>\n<link rel=\"canonical\" href=\"https:\/\/www.welovecycling.com\/cs\/2021\/07\/20\/maliri-na-trati-kdyz-tour-de-france-potrebuje-cenzuru\/\" \/>\n<meta property=\"og:locale\" content=\"cs_CZ\" \/>\n<meta property=\"og:type\" content=\"article\" \/>\n<meta property=\"og:title\" content=\"Mal\u00ed\u0159i na trati. Kdy\u017e Tour de France pot\u0159ebuje cenzuru\" \/>\n<meta property=\"og:description\" content=\"Maj\u00ed vlastn\u00ed z\u00e1vod s \u010dasem, vybaveni jen \u0161t\u011btci a plechovkou barvy k\u0159i\u017euj\u00ed Francii p\u0159ed reklamn\u00ed karavanou Tour de France. Jak\u00fd maj\u00ed \u00fakol?\" \/>\n<meta property=\"og:url\" content=\"https:\/\/www.welovecycling.com\/cs\/2021\/07\/20\/maliri-na-trati-kdyz-tour-de-france-potrebuje-cenzuru\/\" \/>\n<meta property=\"og:site_name\" content=\"\u0160koda We Love Cycling - \u010cesk\u00e1 republika\" \/>\n<meta property=\"article:published_time\" content=\"2021-07-20T05:00:40+00:00\" \/>\n<meta property=\"og:image\" content=\"https:\/\/d2p6e6u75xmxt8.cloudfront.net\/13\/2021\/07\/napis-profimedia-0068775475-1.webp\" \/>\n\t<meta property=\"og:image:width\" content=\"1692\" \/>\n\t<meta property=\"og:image:height\" content=\"1126\" \/>\n\t<meta property=\"og:image:type\" content=\"image\/webp\" \/>\n<meta name=\"author\" content=\"radekmalina\" \/>\n<meta name=\"twitter:card\" content=\"summary_large_image\" \/>\n<meta name=\"twitter:label1\" content=\"Written by\" \/>\n\t<meta name=\"twitter:data1\" content=\"Adam Bouda\" \/>\n\t<meta name=\"twitter:label2\" content=\"Est. reading time\" \/>\n\t<meta name=\"twitter:data2\" content=\"5\" \/>\n<script type=\"application\/ld+json\" class=\"yoast-schema-graph\">{\"@context\":\"https:\/\/schema.org\",\"@graph\":[{\"@type\":\"WebPage\",\"@id\":\"https:\/\/www.welovecycling.com\/cs\/2021\/07\/20\/maliri-na-trati-kdyz-tour-de-france-potrebuje-cenzuru\/\",\"url\":\"https:\/\/www.welovecycling.com\/cs\/2021\/07\/20\/maliri-na-trati-kdyz-tour-de-france-potrebuje-cenzuru\/\",\"name\":\"Mal\u00ed\u0159i na trati. Kdy\u017e Tour de France pot\u0159ebuje cenzuru | \u0160koda We Love Cycling - \u010cesk\u00e1 republika\",\"isPartOf\":{\"@id\":\"https:\/\/www.welovecycling.com\/cs\/#website\"},\"primaryImageOfPage\":{\"@id\":\"https:\/\/www.welovecycling.com\/cs\/2021\/07\/20\/maliri-na-trati-kdyz-tour-de-france-potrebuje-cenzuru\/#primaryimage\"},\"image\":{\"@id\":\"https:\/\/www.welovecycling.com\/cs\/2021\/07\/20\/maliri-na-trati-kdyz-tour-de-france-potrebuje-cenzuru\/#primaryimage\"},\"thumbnailUrl\":\"https:\/\/d2p6e6u75xmxt8.cloudfront.net\/13\/2021\/07\/napis-profimedia-0068775475-1.webp\",\"datePublished\":\"2021-07-20T05:00:40+00:00\",\"author\":{\"@id\":\"https:\/\/www.welovecycling.com\/cs\/#\/schema\/person\/d9eeb0a378f3a7e4a6d12d2b536b04b8\"},\"description\":\"Maj\u00ed vlastn\u00ed z\u00e1vod s \u010dasem, vybaveni jen \u0161t\u011btci a plechovkou barvy k\u0159i\u017euj\u00ed Francii p\u0159ed reklamn\u00ed karavanou Tour de France. Jak\u00fd maj\u00ed \u00fakol?\",\"inLanguage\":\"cs\",\"potentialAction\":[{\"@type\":\"ReadAction\",\"target\":[\"https:\/\/www.welovecycling.com\/cs\/2021\/07\/20\/maliri-na-trati-kdyz-tour-de-france-potrebuje-cenzuru\/\"]}]},{\"@type\":\"ImageObject\",\"inLanguage\":\"cs\",\"@id\":\"https:\/\/www.welovecycling.com\/cs\/2021\/07\/20\/maliri-na-trati-kdyz-tour-de-france-potrebuje-cenzuru\/#primaryimage\",\"url\":\"https:\/\/d2p6e6u75xmxt8.cloudfront.net\/13\/2021\/07\/napis-profimedia-0068775475-1.webp\",\"contentUrl\":\"https:\/\/d2p6e6u75xmxt8.cloudfront.net\/13\/2021\/07\/napis-profimedia-0068775475-1.webp\",\"width\":1692,\"height\":1126},{\"@type\":\"WebSite\",\"@id\":\"https:\/\/www.welovecycling.com\/cs\/#website\",\"url\":\"https:\/\/www.welovecycling.com\/cs\/\",\"name\":\"\u0160koda We Love Cycling - \u010cesk\u00e1 republika\",\"description\":\"WeLoveCycling.cz je online magaz\u00edn, kter\u00fd v\u00e1m pravideln\u011b p\u0159in\u00e1\u0161\u00ed rady a tipy, zaj\u00edmav\u00e9 \u010dl\u00e1nky, videa a jedine\u010dn\u00e9 report\u00e1\u017ee ze sv\u011bta cyklistiky.\",\"potentialAction\":[{\"@type\":\"SearchAction\",\"target\":{\"@type\":\"EntryPoint\",\"urlTemplate\":\"https:\/\/www.welovecycling.com\/cs\/?s={search_term_string}\"},\"query-input\":{\"@type\":\"PropertyValueSpecification\",\"valueRequired\":true,\"valueName\":\"search_term_string\"}}],\"inLanguage\":\"cs\"},{\"@type\":\"Person\",\"@id\":\"https:\/\/www.welovecycling.com\/cs\/#\/schema\/person\/d9eeb0a378f3a7e4a6d12d2b536b04b8\",\"name\":\"radekmalina\",\"image\":{\"@type\":\"ImageObject\",\"inLanguage\":\"cs\",\"@id\":\"https:\/\/www.welovecycling.com\/cs\/#\/schema\/person\/image\/\",\"url\":\"https:\/\/secure.gravatar.com\/avatar\/66994b632cb8c39a46b9f54afa3ae07201b678d32a54275b6f1c9ffec356bfc0?s=96&d=mm&r=g\",\"contentUrl\":\"https:\/\/secure.gravatar.com\/avatar\/66994b632cb8c39a46b9f54afa3ae07201b678d32a54275b6f1c9ffec356bfc0?s=96&d=mm&r=g\",\"caption\":\"radekmalina\"},\"url\":\"https:\/\/www.welovecycling.com\/cs\/author\/radekmalina\/\"}]}<\/script>\n<!-- \/ Yoast SEO Premium plugin. -->","yoast_head_json":{"title":"Mal\u00ed\u0159i na trati. Kdy\u017e Tour de France pot\u0159ebuje cenzuru | \u0160koda We Love Cycling - \u010cesk\u00e1 republika","description":"Maj\u00ed vlastn\u00ed z\u00e1vod s \u010dasem, vybaveni jen \u0161t\u011btci a plechovkou barvy k\u0159i\u017euj\u00ed Francii p\u0159ed reklamn\u00ed karavanou Tour de France. Jak\u00fd maj\u00ed \u00fakol?","robots":{"index":"index","follow":"follow","max-snippet":"max-snippet:-1","max-image-preview":"max-image-preview:large","max-video-preview":"max-video-preview:-1"},"canonical":"https:\/\/www.welovecycling.com\/cs\/2021\/07\/20\/maliri-na-trati-kdyz-tour-de-france-potrebuje-cenzuru\/","og_locale":"cs_CZ","og_type":"article","og_title":"Mal\u00ed\u0159i na trati. Kdy\u017e Tour de France pot\u0159ebuje cenzuru","og_description":"Maj\u00ed vlastn\u00ed z\u00e1vod s \u010dasem, vybaveni jen \u0161t\u011btci a plechovkou barvy k\u0159i\u017euj\u00ed Francii p\u0159ed reklamn\u00ed karavanou Tour de France. Jak\u00fd maj\u00ed \u00fakol?","og_url":"https:\/\/www.welovecycling.com\/cs\/2021\/07\/20\/maliri-na-trati-kdyz-tour-de-france-potrebuje-cenzuru\/","og_site_name":"\u0160koda We Love Cycling - \u010cesk\u00e1 republika","article_published_time":"2021-07-20T05:00:40+00:00","og_image":[{"width":1692,"height":1126,"url":"https:\/\/d2p6e6u75xmxt8.cloudfront.net\/13\/2021\/07\/napis-profimedia-0068775475-1.webp","type":"image\/webp"}],"author":"radekmalina","twitter_card":"summary_large_image","twitter_misc":{"Written by":"Adam Bouda","Est. reading time":"5"},"schema":{"@context":"https:\/\/schema.org","@graph":[{"@type":"WebPage","@id":"https:\/\/www.welovecycling.com\/cs\/2021\/07\/20\/maliri-na-trati-kdyz-tour-de-france-potrebuje-cenzuru\/","url":"https:\/\/www.welovecycling.com\/cs\/2021\/07\/20\/maliri-na-trati-kdyz-tour-de-france-potrebuje-cenzuru\/","name":"Mal\u00ed\u0159i na trati. Kdy\u017e Tour de France pot\u0159ebuje cenzuru | \u0160koda We Love Cycling - \u010cesk\u00e1 republika","isPartOf":{"@id":"https:\/\/www.welovecycling.com\/cs\/#website"},"primaryImageOfPage":{"@id":"https:\/\/www.welovecycling.com\/cs\/2021\/07\/20\/maliri-na-trati-kdyz-tour-de-france-potrebuje-cenzuru\/#primaryimage"},"image":{"@id":"https:\/\/www.welovecycling.com\/cs\/2021\/07\/20\/maliri-na-trati-kdyz-tour-de-france-potrebuje-cenzuru\/#primaryimage"},"thumbnailUrl":"https:\/\/d2p6e6u75xmxt8.cloudfront.net\/13\/2021\/07\/napis-profimedia-0068775475-1.webp","datePublished":"2021-07-20T05:00:40+00:00","author":{"@id":"https:\/\/www.welovecycling.com\/cs\/#\/schema\/person\/d9eeb0a378f3a7e4a6d12d2b536b04b8"},"description":"Maj\u00ed vlastn\u00ed z\u00e1vod s \u010dasem, vybaveni jen \u0161t\u011btci a plechovkou barvy k\u0159i\u017euj\u00ed Francii p\u0159ed reklamn\u00ed karavanou Tour de France. Jak\u00fd maj\u00ed \u00fakol?","inLanguage":"cs","potentialAction":[{"@type":"ReadAction","target":["https:\/\/www.welovecycling.com\/cs\/2021\/07\/20\/maliri-na-trati-kdyz-tour-de-france-potrebuje-cenzuru\/"]}]},{"@type":"ImageObject","inLanguage":"cs","@id":"https:\/\/www.welovecycling.com\/cs\/2021\/07\/20\/maliri-na-trati-kdyz-tour-de-france-potrebuje-cenzuru\/#primaryimage","url":"https:\/\/d2p6e6u75xmxt8.cloudfront.net\/13\/2021\/07\/napis-profimedia-0068775475-1.webp","contentUrl":"https:\/\/d2p6e6u75xmxt8.cloudfront.net\/13\/2021\/07\/napis-profimedia-0068775475-1.webp","width":1692,"height":1126},{"@type":"WebSite","@id":"https:\/\/www.welovecycling.com\/cs\/#website","url":"https:\/\/www.welovecycling.com\/cs\/","name":"\u0160koda We Love Cycling - \u010cesk\u00e1 republika","description":"WeLoveCycling.cz je online magaz\u00edn, kter\u00fd v\u00e1m pravideln\u011b p\u0159in\u00e1\u0161\u00ed rady a tipy, zaj\u00edmav\u00e9 \u010dl\u00e1nky, videa a jedine\u010dn\u00e9 report\u00e1\u017ee ze sv\u011bta cyklistiky.","potentialAction":[{"@type":"SearchAction","target":{"@type":"EntryPoint","urlTemplate":"https:\/\/www.welovecycling.com\/cs\/?s={search_term_string}"},"query-input":{"@type":"PropertyValueSpecification","valueRequired":true,"valueName":"search_term_string"}}],"inLanguage":"cs"},{"@type":"Person","@id":"https:\/\/www.welovecycling.com\/cs\/#\/schema\/person\/d9eeb0a378f3a7e4a6d12d2b536b04b8","name":"radekmalina","image":{"@type":"ImageObject","inLanguage":"cs","@id":"https:\/\/www.welovecycling.com\/cs\/#\/schema\/person\/image\/","url":"https:\/\/secure.gravatar.com\/avatar\/66994b632cb8c39a46b9f54afa3ae07201b678d32a54275b6f1c9ffec356bfc0?s=96&d=mm&r=g","contentUrl":"https:\/\/secure.gravatar.com\/avatar\/66994b632cb8c39a46b9f54afa3ae07201b678d32a54275b6f1c9ffec356bfc0?s=96&d=mm&r=g","caption":"radekmalina"},"url":"https:\/\/www.welovecycling.com\/cs\/author\/radekmalina\/"}]}},"_links":{"self":[{"href":"https:\/\/www.welovecycling.com\/cs\/wp-json\/wp\/v2\/posts\/13699","targetHints":{"allow":["GET"]}}],"collection":[{"href":"https:\/\/www.welovecycling.com\/cs\/wp-json\/wp\/v2\/posts"}],"about":[{"href":"https:\/\/www.welovecycling.com\/cs\/wp-json\/wp\/v2\/types\/post"}],"author":[{"embeddable":true,"href":"https:\/\/www.welovecycling.com\/cs\/wp-json\/wp\/v2\/users\/138"}],"replies":[{"embeddable":true,"href":"https:\/\/www.welovecycling.com\/cs\/wp-json\/wp\/v2\/comments?post=13699"}],"version-history":[{"count":2,"href":"https:\/\/www.welovecycling.com\/cs\/wp-json\/wp\/v2\/posts\/13699\/revisions"}],"predecessor-version":[{"id":13747,"href":"https:\/\/www.welovecycling.com\/cs\/wp-json\/wp\/v2\/posts\/13699\/revisions\/13747"}],"wp:featuredmedia":[{"embeddable":true,"href":"https:\/\/www.welovecycling.com\/cs\/wp-json\/wp\/v2\/media\/13707"}],"wp:attachment":[{"href":"https:\/\/www.welovecycling.com\/cs\/wp-json\/wp\/v2\/media?parent=13699"}],"wp:term":[{"taxonomy":"category","embeddable":true,"href":"https:\/\/www.welovecycling.com\/cs\/wp-json\/wp\/v2\/categories?post=13699"},{"taxonomy":"post_tag","embeddable":true,"href":"https:\/\/www.welovecycling.com\/cs\/wp-json\/wp\/v2\/tags?post=13699"},{"taxonomy":"global-categories","embeddable":true,"href":"https:\/\/www.welovecycling.com\/cs\/wp-json\/wp\/v2\/global-categories?post=13699"}],"curies":[{"name":"wp","href":"https:\/\/api.w.org\/{rel}","templated":true}]}}