{"id":13680,"date":"2021-07-15T14:00:42","date_gmt":"2021-07-15T12:00:42","guid":{"rendered":"https:\/\/www.welovecycling.com\/cs\/?p=13680"},"modified":"2021-07-14T21:46:43","modified_gmt":"2021-07-14T19:46:43","slug":"byla-tohle-nejtezsi-etapa-tour-de-france-v-dejinach","status":"publish","type":"post","link":"https:\/\/www.welovecycling.com\/cs\/2021\/07\/15\/byla-tohle-nejtezsi-etapa-tour-de-france-v-dejinach\/","title":{"rendered":"Byla tohle nejt\u011b\u017e\u0161\u00ed etapa Tour de France v d\u011bjin\u00e1ch?"},"content":{"rendered":"<p><strong>To je provokativn\u00ed ot\u00e1zka, vi\u010fte? Jasn\u011b \u017ee to nikdo nedok\u00e1\u017ee pom\u011b\u0159it. Taky podle jak\u00fdch krit\u00e9ri\u00ed by se m\u011blo ur\u010dovat, kter\u00e1 z t\u011bch mnoha, je\u017e se od roku 1903 a prvn\u00edho ro\u010dn\u00edku Tour de France odehr\u00e1ly, bude tou nejbrut\u00e1ln\u011bj\u0161\u00ed. Ale leto\u0161n\u00ed Grande Boucle se pr\u00e1v\u011b nach\u00e1z\u00ed v Pyrenej\u00edch, tak si poj\u010fme p\u0159ipomenout den, na kter\u00fd tyto hory nezapomenou.<\/strong><\/p>\n<p>Henri Desgrange, stvo\u0159itel Tour de France, byl vyhl\u00e1\u0161en t\u00edm, \u017ee nesympatizuje s brbl\u00e1n\u00edm t\u011bch, kte\u0159\u00ed do jeho z\u00e1vodu nastoupili. V\u0161ak taky byl t\u00edm, kdo odsoudil vyn\u00e1lez p\u0159ehazova\u010dky, kterou v pelotonu nepovolil d\u0159\u00edve ne\u017e v roce 1937.<\/p>\n<h2><strong>Aubisque, Tourmalet, Aspin a Peyresourde v jedn\u00e9 etap\u011b<\/strong><\/h2>\n<p>Etapy obvykle startoval p\u0159ed \u00fasvitem, tedy kdy\u017e b\u00fdvalo je\u0161t\u011b chladno, ale nev\u00e1hal rozd\u011blovat pokuty t\u011bm, kte\u0159\u00ed do c\u00edle nep\u0159ivezli stejn\u00e9 mno\u017estv\u00ed oble\u010den\u00ed, ve kter\u00e9m odstartovali. A v\u00edt\u011bz ro\u010dn\u00edku 1921 L\u00e9on Scieur si musel na z\u00e1da p\u0159ipoutat sv\u00e9 rozbit\u00e9 kolo a v\u00e9zt ho tak ukrutn\u00fdch 300 kilometr\u016f, aby rozhod\u010d\u00edm dok\u00e1zal, \u017ee jeho v\u00fdm\u011bna byla nezbytn\u00e1.<\/p>\n<div class=\"shortcode-ys-post-pinup\"><article class=\"loop-simple post-13334 post type-post status-publish format-standard has-post-thumbnail hentry category-silnicni-cyklistika tag-antonin-bartonicek tag-cyklistika tag-jan-smolik tag-jiri-skoda tag-legendy tag-mont-ventoux tag-silnicni-cyklistika tag-tour-de-france tag-vy-patrite-na-tour-de-france tag-zavod-miru global-categories-cycling\" data-postid=\"13334\" role=\"article\" data-post-id=\"13334\" data-word-count=\"465\" data-headline-length=\"54\" data-category=\"Silni\u010dn\u00ed cyklistika\" data-global-category=\"Cycling\" data-author=\"We Love Cycling\" data-published=\"2021-06-28T11:00:48+02:00\" data-published-day=\"Monday\">\n    <div class=\"entry-thumbnail article-thumbnail\" content=\"https:\/\/d2p6e6u75xmxt8.cloudfront.net\/13\/2021\/06\/smolik-profimedia-0111421956-150x150.webp\"><a href=\"https:\/\/www.welovecycling.com\/cs\/2021\/06\/28\/vy-patrite-na-tour\/\" class=\"image-holder\" target=\"_self\"><img decoding=\"async\" loading=\"lazy\" class=\"\" src=\"https:\/\/d2p6e6u75xmxt8.cloudfront.net\/13\/2021\/06\/smolik-profimedia-0111421956-1024x672.webp\" srcset=\"https:\/\/d2p6e6u75xmxt8.cloudfront.net\/13\/2021\/06\/smolik-profimedia-0111421956.webp 1800w, https:\/\/d2p6e6u75xmxt8.cloudfront.net\/13\/2021\/06\/smolik-profimedia-0111421956-300x197.webp 300w, https:\/\/d2p6e6u75xmxt8.cloudfront.net\/13\/2021\/06\/smolik-profimedia-0111421956-1024x672.webp 1024w, https:\/\/d2p6e6u75xmxt8.cloudfront.net\/13\/2021\/06\/smolik-profimedia-0111421956-768x504.webp 768w, https:\/\/d2p6e6u75xmxt8.cloudfront.net\/13\/2021\/06\/smolik-profimedia-0111421956-1536x1009.webp 1536w\" width=\"1024\" height=\"672\" sizes=\"auto, (min-width: 1200px) 304px, (min-width: 768px) 25vw, 100vw\" alt=\"vy-patrite-na-tour\"\/><\/a><\/div>    <div class=\"entry-meta\">\n        <a class=\"label label-secondary post-category\" href=\"https:\/\/www.welovecycling.com\/cs\/category\/silnicni-cyklistika\/\" title=\"Silni\u010dn\u00ed cyklistika\">Silni\u010dn\u00ed cyklistika<\/a>\n    <\/div>\n    <div class=\"entry-details\">\n        <a href=\"https:\/\/www.welovecycling.com\/cs\/2021\/06\/28\/vy-patrite-na-tour\/\" class='entry-title-wrapper'>\n            <h3 class=\"entry-title\"><span>Legendy Z\u00e1vodu m\u00edru. Vy pat\u0159\u00edte na Tour de France!<\/span><\/h3>\n        <\/a>\n    <\/div>\n    <\/article>\n<\/div>\n<p>Podm\u00ednky, jim\u017e \u010delili \u00fa\u010dastn\u00edci ro\u010dn\u00edku 1926 a pouti z Bayonne do Luchonu, byly ale u\u017e tak ukrutn\u00e9, \u017ee podlomily i ty nejhor\u0161\u00ed z nel\u00edtostn\u00fdch. Byla to des\u00e1t\u00e1 etapa nejdel\u0161\u00ed Tour de France v historii, co m\u011b\u0159ila dnes nemysliteln\u00fdch 5745 kilometr\u016f rozd\u011blen\u00fdch do 17 z\u00e1vodn\u00edch dn\u016f<\/p>\n<p>Jakmile peloton opustil Bayonne na atlantick\u00e9m pob\u0159e\u017e\u00ed, Lucien Buysse byl osm\u00fdm mu\u017eem po\u0159ad\u00ed. V\u00edce ne\u017e 20 minut za l\u00eddrem z\u00e1vodu Gustavem van Slembrouckem. Cestou do c\u00edle \u010dekaly \u010dty\u0159i trny: Aubisque, Tourmalet, Aspin a Peyresourde, ty nechvaln\u011b proslul\u00e9 vrcholy, je\u017e tvo\u0159\u00ed takzvan\u00fd okruh smrti.<\/p>\n<h2><strong>Lucien Buysse a jeho legenda<\/strong><\/h2>\n<p>Ano, pr\u00e1v\u011b toto byla nejob\u00e1van\u011bj\u0161\u00ed etapa v ro\u010dn\u00edku. Jestli\u017ee ka\u017ed\u00fd tu\u0161il, \u017ee tento den rozhodne, nikdo neum\u011bl p\u0159edpov\u011bd\u011bt, \u017ee do Pyrenej\u00ed ude\u0159\u00ed bou\u0159e. Takov\u00fd den se od t\u00e9 doby u\u017e nikdy neopakoval, ten stvo\u0159il Buysseho legendu.<\/p>\n<figure id=\"attachment_13701\" aria-describedby=\"caption-attachment-13701\" style=\"width: 1800px\" class=\"wp-caption alignnone\"><a href=\"https:\/\/d2p6e6u75xmxt8.cloudfront.net\/13\/2021\/07\/Lucien-Buysse-profimedia-0277183193.jpg\"><img loading=\"lazy\" decoding=\"async\" class=\"size-full wp-image-13701\" src=\"https:\/\/d2p6e6u75xmxt8.cloudfront.net\/13\/2021\/07\/Lucien-Buysse-profimedia-0277183193.jpg\" alt=\"Lucien Buysse na \u010dele pelotonu v roce 1926 p\u0159i stoup\u00e1n\u00ed na Tourmalet. Ten den se zapsal do d\u011bjin cyklistiky. Foto: profimedia (3x)\" width=\"1800\" height=\"1256\" \/><\/a><figcaption id=\"caption-attachment-13701\" class=\"wp-caption-text\"><em>Lucien Buysse na \u010dele pelotonu v roce 1926 p\u0159i stoup\u00e1n\u00ed na Tourmalet. Ten den se zapsal do d\u011bjin cyklistiky. Foto: profimedia (3x)<\/em><\/figcaption><\/figure>\n<p>D\u00e9\u0161\u0165 za\u010dal padat v Eaux-Bonnes na \u00fapat\u00ed hory Aubisque, kdy\u017e za sebou mu\u017ei na kolech m\u011bli 177 kilometr\u016f. Tou dobou u\u017e dr\u017eel v ruce taktovku Buysse a vrcholem projel v momentu, kdy se v\u011bci, a hlavn\u011b tedy po\u010das\u00ed za\u010daly st\u00e1\u010det k hor\u0161\u00edmu. Co\u017e je velk\u00e9 zjednodu\u0161en\u00ed, proto\u017ee ve skute\u010dnosti se nad Pyrenejemi za\u010dali \u010derti \u017eenit, z ch\u0159t\u00e1n\u016f plivali ledov\u00e9 krupky a cesty m\u011bnili v bahenn\u00ed potoky.<\/p>\n<p>I ten \u201estuden\u00fd \u010dum\u00e1k\u201c Desgrange byl tak pohnut\u00fd, \u017ee ve sv\u00e9m sloupku dal\u0161\u00ed den uve\u0159ejn\u011bn\u00e9m den\u00edkem L\u2019Auto psal: \u201eNa\u0161i mu\u017ei stra\u0161liv\u011b trp\u011bli.\u201c Jejich \u00fad\u011bl p\u0159irovn\u00e1val k opravdov\u00e9mu mu\u010dednictv\u00ed. \u201eNa Tourmaletu vznikla \u017eumpa bahna, ve kter\u00e9 vozidla uv\u00edzla. St\u00e1le nech\u00e1pu, jak na\u0161i jezdci dok\u00e1zali horu p\u0159ejet. Nyn\u00ed je 7 hodin ve\u010der a n\u00e1\u0161 l\u00eddr Lucien Buysse st\u00e1le nen\u00ed v c\u00edli. P\u0159itom etapa trv\u00e1 u\u017e 17 hodin. Jak dlouho pojedou ti, co jsou pomalej\u0161\u00ed?\u201c<\/p>\n<h2><strong>Kav\u00e1rna Aubisque<\/strong><\/h2>\n<p>Belgi\u010dana Buysseho za vrcholem Aubisque dostihl Odile Tailleu a minutu n\u00e1skoku si z\u00edskal na vrcholu Tourmaletu. Buysse v\u0161ak sv\u00e9 veden\u00ed z\u00edskal zp\u011bt a jakmile se za\u010dalo \u0161plhat na Aspin, u\u017e m\u011bl zase v\u00edc ne\u017e p\u011bt minut k dobru. A kdy\u017e blesky za\u010daly tancovat nad \u0161pi\u010dkami Pyrenej\u00ed, Buysse d\u00e1l pokra\u010doval osamocen p\u0159es Peyresourde do Luchonu, kde mu nam\u011b\u0159ili n\u00e1skok 25 minut a 48 sekund na druh\u00e9ho Itala Aima. S\u00e1m Buysse stopky zastavil v \u010dase 17 hodin, 12 minut a 4 sekundy. \u017dlut\u00fd trikot dr\u017eel s neuv\u011b\u0159iteln\u00fdm n\u00e1skokem p\u0159es 36 minut.<\/p>\n<figure id=\"attachment_13702\" aria-describedby=\"caption-attachment-13702\" style=\"width: 1800px\" class=\"wp-caption alignnone\"><a href=\"https:\/\/d2p6e6u75xmxt8.cloudfront.net\/13\/2021\/07\/Tourmaelt-profimedia-0067974342.jpg\"><img loading=\"lazy\" decoding=\"async\" class=\"size-full wp-image-13702\" src=\"https:\/\/d2p6e6u75xmxt8.cloudfront.net\/13\/2021\/07\/Tourmaelt-profimedia-0067974342.jpg\" alt=\"Z\u00e1vodn\u00edci pod dohledem rozhod\u010d\u00edch prov\u00e1d\u00ed opravy na sv\u00fdch bicyklech. \" width=\"1800\" height=\"1344\" \/><\/a><figcaption id=\"caption-attachment-13702\" class=\"wp-caption-text\"><em>Z\u00e1vodn\u00edci pod dohledem rozhod\u010d\u00edch prov\u00e1d\u00ed opravy na sv\u00fdch bicyklech.<\/em><\/figcaption><\/figure>\n<p>Jen 54 ze 76 mu\u017e\u016f, kte\u0159\u00ed s odhodl\u00e1n\u00edm st\u00e1li na startu v Bayonne, vid\u011blo i c\u00edlov\u00fd Luchon. Mnoz\u00ed vzdali. Dal\u0161\u00ed se schov\u00e1vali v barech neschopn\u00ed pokra\u010dovat. O p\u016flnoci vyrazily p\u00e1trac\u00ed \u010dety, aby na\u0161ly ty poh\u0159e\u0161ovan\u00e9. Kontroln\u00ed body byly zru\u0161eny, \u010dasov\u00e9 limity etapy najednou neplatily. A report\u00e9r LC Royer se v den\u00edku Le Petit Parisie ptal, jestli se \u201etakov\u00fd masakr d\u00e1 pova\u017eovat je\u0161t\u011b za sport.<\/p>\n<div class=\"shortcode-ys-post-pinup\"><article class=\"loop-simple post-13692 post type-post status-publish format-standard has-post-thumbnail hentry category-tour-de-france tag-ballon-dalsace tag-col-du-tourmalet tag-cyklistika tag-eddy-merckx tag-eugene-christophe tag-gustave-garrigou tag-horska-cyklistika tag-silnicni-cyklistika global-categories-cycling\" data-postid=\"13692\" role=\"article\" data-post-id=\"13692\" data-word-count=\"473\" data-headline-length=\"44\" data-category=\"Tour de France\" data-global-category=\"Cycling\" data-author=\"Adam Bouda\" data-published=\"2021-07-15T07:00:10+02:00\" data-published-day=\"Thursday\">\n    <div class=\"entry-thumbnail article-thumbnail\" content=\"https:\/\/d2p6e6u75xmxt8.cloudfront.net\/13\/2021\/07\/Tourmalet-profimedia-0522114458-150x150.webp\"><a href=\"https:\/\/www.welovecycling.com\/cs\/2021\/07\/15\/tour-de-france-v-oblacich-col-du-tourmalet\/\" class=\"image-holder\" target=\"_self\"><img decoding=\"async\" loading=\"lazy\" class=\"\" src=\"https:\/\/d2p6e6u75xmxt8.cloudfront.net\/13\/2021\/07\/Tourmalet-profimedia-0522114458-1024x575.webp\" srcset=\"https:\/\/d2p6e6u75xmxt8.cloudfront.net\/13\/2021\/07\/Tourmalet-profimedia-0522114458.webp 1800w, https:\/\/d2p6e6u75xmxt8.cloudfront.net\/13\/2021\/07\/Tourmalet-profimedia-0522114458-300x168.webp 300w, https:\/\/d2p6e6u75xmxt8.cloudfront.net\/13\/2021\/07\/Tourmalet-profimedia-0522114458-1024x575.webp 1024w, https:\/\/d2p6e6u75xmxt8.cloudfront.net\/13\/2021\/07\/Tourmalet-profimedia-0522114458-768x431.webp 768w, https:\/\/d2p6e6u75xmxt8.cloudfront.net\/13\/2021\/07\/Tourmalet-profimedia-0522114458-1536x862.webp 1536w\" width=\"1024\" height=\"575\" sizes=\"auto, (min-width: 1200px) 356px, (min-width: 768px) 30vw, 100vw\" alt=\"tour-de-france-v-oblacich-col-du-tourmalet\"\/><\/a><\/div>    <div class=\"entry-meta\">\n        <a class=\"label label-secondary post-category\" href=\"https:\/\/www.welovecycling.com\/cs\/category\/tour-de-france\/\" title=\"Tour de France\">Tour de France<\/a>\n    <\/div>\n    <div class=\"entry-details\">\n        <a href=\"https:\/\/www.welovecycling.com\/cs\/2021\/07\/15\/tour-de-france-v-oblacich-col-du-tourmalet\/\" class='entry-title-wrapper'>\n            <h3 class=\"entry-title\"><span>Tour de France v oblac\u00edch: Col du Tourmalet<\/span><\/h3>\n        <\/a>\n    <\/div>\n    <\/article>\n<\/div>\n<p>Jezdci byli nap\u016fl v bezv\u011bdom\u00ed, ruce zmrzl\u00e9 tak, \u017ee si nedok\u00e1zali po defektu vym\u011bnit du\u0161i. Jako sochy z bl\u00e1ta bloumali ve dv\u011b r\u00e1no ulicemi a hledali posledn\u00ed kontrolu. Jak se sem dostali? P\u011b\u0161ky, nebo snad na koni? Autem, \u010di vlakem? Nikdo nev\u00ed. Toto je sport, kter\u00e9mu nikdy neporozum\u00edm\u201c.<\/p>\n<p>V\u00edt\u011bzn\u00fd Buysse se s cyklistikou rozlou\u010dil v roce 1930. A pak si otev\u0159el kav\u00e1rnu nazvanou Aubisque podle prvn\u00ed hory, kterou toho roku a v tom legend\u00e1rn\u00edm ro\u010dn\u00edku p\u0159ekonal v \u010dele. Tam dodnes stoj\u00ed busta, kter\u00e1 jeho dobrodru\u017estv\u00ed i ten apokalyptick\u00fd den, dost mo\u017en\u00e1 nejhor\u0161\u00ed v d\u011bjin\u00e1ch Tour de France, p\u0159ipom\u00edn\u00e1.<\/p>\n","protected":false},"excerpt":{"rendered":"<p>To je provokativn\u00ed ot\u00e1zka, vi\u010fte? Jasn\u011b \u017ee to nikdo nedok\u00e1\u017ee pom\u011b\u0159it. Taky podle jak\u00fdch krit\u00e9ri\u00ed by se m\u011blo ur\u010dovat, kter\u00e1 [&hellip;]<\/p>\n","protected":false},"author":138,"featured_media":13703,"comment_status":"open","ping_status":"open","sticky":false,"template":"","format":"standard","meta":{"footnotes":""},"categories":[1711],"tags":[1757,1756,126,1112,1754,1755,1759,1758,9,23,1250,1099],"global-categories":[411],"class_list":["post-13680","post","type-post","status-publish","format-standard","has-post-thumbnail","hentry","category-tour-de-france","tag-aspin","tag-aubisque","tag-cyklistika","tag-henri-desgrange","tag-kralovska-etapa","tag-leon-scieur","tag-lucien-buysse","tag-peyresourde","tag-silnicni-cyklistika","tag-tour-de-france","tag-tour-de-france-2021","tag-tourmalet","global-categories-cycling"],"yoast_head":"<!-- This site is optimized with the Yoast SEO Premium plugin v25.3 (Yoast SEO v25.9) - https:\/\/yoast.com\/wordpress\/plugins\/seo\/ -->\n<title>Byla tohle nejt\u011b\u017e\u0161\u00ed etapa Tour de France v d\u011bjin\u00e1ch? | \u0160koda We Love Cycling - \u010cesk\u00e1 republika<\/title>\n<meta name=\"description\" content=\"Podle jak\u00fdch krit\u00e9ri\u00ed by se m\u011blo ur\u010dovat, kter\u00e1 z mnoha, etap od roku 1903 byla v historii Tour de France tou nejbrut\u00e1ln\u011bj\u0161\u00ed?\" \/>\n<meta name=\"robots\" content=\"index, follow, max-snippet:-1, max-image-preview:large, max-video-preview:-1\" \/>\n<link rel=\"canonical\" href=\"https:\/\/www.welovecycling.com\/cs\/2021\/07\/15\/byla-tohle-nejtezsi-etapa-tour-de-france-v-dejinach\/\" \/>\n<meta property=\"og:locale\" content=\"cs_CZ\" \/>\n<meta property=\"og:type\" content=\"article\" \/>\n<meta property=\"og:title\" content=\"Byla tohle nejt\u011b\u017e\u0161\u00ed etapa Tour de France v d\u011bjin\u00e1ch?\" \/>\n<meta property=\"og:description\" content=\"Podle jak\u00fdch krit\u00e9ri\u00ed by se m\u011blo ur\u010dovat, kter\u00e1 z mnoha, etap od roku 1903 byla v historii Tour de France tou nejbrut\u00e1ln\u011bj\u0161\u00ed?\" \/>\n<meta property=\"og:url\" content=\"https:\/\/www.welovecycling.com\/cs\/2021\/07\/15\/byla-tohle-nejtezsi-etapa-tour-de-france-v-dejinach\/\" \/>\n<meta property=\"og:site_name\" content=\"\u0160koda We Love Cycling - \u010cesk\u00e1 republika\" \/>\n<meta property=\"article:published_time\" content=\"2021-07-15T12:00:42+00:00\" \/>\n<meta property=\"og:image\" content=\"https:\/\/d2p6e6u75xmxt8.cloudfront.net\/13\/2021\/07\/Tourmalet-profimedia-0067974344.webp\" \/>\n\t<meta property=\"og:image:width\" content=\"1800\" \/>\n\t<meta property=\"og:image:height\" content=\"1350\" \/>\n\t<meta property=\"og:image:type\" content=\"image\/webp\" \/>\n<meta name=\"author\" content=\"radekmalina\" \/>\n<meta name=\"twitter:card\" content=\"summary_large_image\" \/>\n<meta name=\"twitter:label1\" content=\"Written by\" \/>\n\t<meta name=\"twitter:data1\" content=\"Adam Bouda\" \/>\n\t<meta name=\"twitter:label2\" content=\"Est. reading time\" \/>\n\t<meta name=\"twitter:data2\" content=\"5\" \/>\n<script type=\"application\/ld+json\" class=\"yoast-schema-graph\">{\"@context\":\"https:\/\/schema.org\",\"@graph\":[{\"@type\":\"WebPage\",\"@id\":\"https:\/\/www.welovecycling.com\/cs\/2021\/07\/15\/byla-tohle-nejtezsi-etapa-tour-de-france-v-dejinach\/\",\"url\":\"https:\/\/www.welovecycling.com\/cs\/2021\/07\/15\/byla-tohle-nejtezsi-etapa-tour-de-france-v-dejinach\/\",\"name\":\"Byla tohle nejt\u011b\u017e\u0161\u00ed etapa Tour de France v d\u011bjin\u00e1ch? | \u0160koda We Love Cycling - \u010cesk\u00e1 republika\",\"isPartOf\":{\"@id\":\"https:\/\/www.welovecycling.com\/cs\/#website\"},\"primaryImageOfPage\":{\"@id\":\"https:\/\/www.welovecycling.com\/cs\/2021\/07\/15\/byla-tohle-nejtezsi-etapa-tour-de-france-v-dejinach\/#primaryimage\"},\"image\":{\"@id\":\"https:\/\/www.welovecycling.com\/cs\/2021\/07\/15\/byla-tohle-nejtezsi-etapa-tour-de-france-v-dejinach\/#primaryimage\"},\"thumbnailUrl\":\"https:\/\/d2p6e6u75xmxt8.cloudfront.net\/13\/2021\/07\/Tourmalet-profimedia-0067974344.webp\",\"datePublished\":\"2021-07-15T12:00:42+00:00\",\"author\":{\"@id\":\"https:\/\/www.welovecycling.com\/cs\/#\/schema\/person\/d9eeb0a378f3a7e4a6d12d2b536b04b8\"},\"description\":\"Podle jak\u00fdch krit\u00e9ri\u00ed by se m\u011blo ur\u010dovat, kter\u00e1 z mnoha, etap od roku 1903 byla v historii Tour de France tou nejbrut\u00e1ln\u011bj\u0161\u00ed?\",\"inLanguage\":\"cs\",\"potentialAction\":[{\"@type\":\"ReadAction\",\"target\":[\"https:\/\/www.welovecycling.com\/cs\/2021\/07\/15\/byla-tohle-nejtezsi-etapa-tour-de-france-v-dejinach\/\"]}]},{\"@type\":\"ImageObject\",\"inLanguage\":\"cs\",\"@id\":\"https:\/\/www.welovecycling.com\/cs\/2021\/07\/15\/byla-tohle-nejtezsi-etapa-tour-de-france-v-dejinach\/#primaryimage\",\"url\":\"https:\/\/d2p6e6u75xmxt8.cloudfront.net\/13\/2021\/07\/Tourmalet-profimedia-0067974344.webp\",\"contentUrl\":\"https:\/\/d2p6e6u75xmxt8.cloudfront.net\/13\/2021\/07\/Tourmalet-profimedia-0067974344.webp\",\"width\":1800,\"height\":1350},{\"@type\":\"WebSite\",\"@id\":\"https:\/\/www.welovecycling.com\/cs\/#website\",\"url\":\"https:\/\/www.welovecycling.com\/cs\/\",\"name\":\"\u0160koda We Love Cycling - \u010cesk\u00e1 republika\",\"description\":\"WeLoveCycling.cz je online magaz\u00edn, kter\u00fd v\u00e1m pravideln\u011b p\u0159in\u00e1\u0161\u00ed rady a tipy, zaj\u00edmav\u00e9 \u010dl\u00e1nky, videa a jedine\u010dn\u00e9 report\u00e1\u017ee ze sv\u011bta cyklistiky.\",\"potentialAction\":[{\"@type\":\"SearchAction\",\"target\":{\"@type\":\"EntryPoint\",\"urlTemplate\":\"https:\/\/www.welovecycling.com\/cs\/?s={search_term_string}\"},\"query-input\":{\"@type\":\"PropertyValueSpecification\",\"valueRequired\":true,\"valueName\":\"search_term_string\"}}],\"inLanguage\":\"cs\"},{\"@type\":\"Person\",\"@id\":\"https:\/\/www.welovecycling.com\/cs\/#\/schema\/person\/d9eeb0a378f3a7e4a6d12d2b536b04b8\",\"name\":\"radekmalina\",\"image\":{\"@type\":\"ImageObject\",\"inLanguage\":\"cs\",\"@id\":\"https:\/\/www.welovecycling.com\/cs\/#\/schema\/person\/image\/\",\"url\":\"https:\/\/secure.gravatar.com\/avatar\/66994b632cb8c39a46b9f54afa3ae07201b678d32a54275b6f1c9ffec356bfc0?s=96&d=mm&r=g\",\"contentUrl\":\"https:\/\/secure.gravatar.com\/avatar\/66994b632cb8c39a46b9f54afa3ae07201b678d32a54275b6f1c9ffec356bfc0?s=96&d=mm&r=g\",\"caption\":\"radekmalina\"},\"url\":\"https:\/\/www.welovecycling.com\/cs\/author\/radekmalina\/\"}]}<\/script>\n<!-- \/ Yoast SEO Premium plugin. -->","yoast_head_json":{"title":"Byla tohle nejt\u011b\u017e\u0161\u00ed etapa Tour de France v d\u011bjin\u00e1ch? | \u0160koda We Love Cycling - \u010cesk\u00e1 republika","description":"Podle jak\u00fdch krit\u00e9ri\u00ed by se m\u011blo ur\u010dovat, kter\u00e1 z mnoha, etap od roku 1903 byla v historii Tour de France tou nejbrut\u00e1ln\u011bj\u0161\u00ed?","robots":{"index":"index","follow":"follow","max-snippet":"max-snippet:-1","max-image-preview":"max-image-preview:large","max-video-preview":"max-video-preview:-1"},"canonical":"https:\/\/www.welovecycling.com\/cs\/2021\/07\/15\/byla-tohle-nejtezsi-etapa-tour-de-france-v-dejinach\/","og_locale":"cs_CZ","og_type":"article","og_title":"Byla tohle nejt\u011b\u017e\u0161\u00ed etapa Tour de France v d\u011bjin\u00e1ch?","og_description":"Podle jak\u00fdch krit\u00e9ri\u00ed by se m\u011blo ur\u010dovat, kter\u00e1 z mnoha, etap od roku 1903 byla v historii Tour de France tou nejbrut\u00e1ln\u011bj\u0161\u00ed?","og_url":"https:\/\/www.welovecycling.com\/cs\/2021\/07\/15\/byla-tohle-nejtezsi-etapa-tour-de-france-v-dejinach\/","og_site_name":"\u0160koda We Love Cycling - \u010cesk\u00e1 republika","article_published_time":"2021-07-15T12:00:42+00:00","og_image":[{"width":1800,"height":1350,"url":"https:\/\/d2p6e6u75xmxt8.cloudfront.net\/13\/2021\/07\/Tourmalet-profimedia-0067974344.webp","type":"image\/webp"}],"author":"radekmalina","twitter_card":"summary_large_image","twitter_misc":{"Written by":"Adam Bouda","Est. reading time":"5"},"schema":{"@context":"https:\/\/schema.org","@graph":[{"@type":"WebPage","@id":"https:\/\/www.welovecycling.com\/cs\/2021\/07\/15\/byla-tohle-nejtezsi-etapa-tour-de-france-v-dejinach\/","url":"https:\/\/www.welovecycling.com\/cs\/2021\/07\/15\/byla-tohle-nejtezsi-etapa-tour-de-france-v-dejinach\/","name":"Byla tohle nejt\u011b\u017e\u0161\u00ed etapa Tour de France v d\u011bjin\u00e1ch? | \u0160koda We Love Cycling - \u010cesk\u00e1 republika","isPartOf":{"@id":"https:\/\/www.welovecycling.com\/cs\/#website"},"primaryImageOfPage":{"@id":"https:\/\/www.welovecycling.com\/cs\/2021\/07\/15\/byla-tohle-nejtezsi-etapa-tour-de-france-v-dejinach\/#primaryimage"},"image":{"@id":"https:\/\/www.welovecycling.com\/cs\/2021\/07\/15\/byla-tohle-nejtezsi-etapa-tour-de-france-v-dejinach\/#primaryimage"},"thumbnailUrl":"https:\/\/d2p6e6u75xmxt8.cloudfront.net\/13\/2021\/07\/Tourmalet-profimedia-0067974344.webp","datePublished":"2021-07-15T12:00:42+00:00","author":{"@id":"https:\/\/www.welovecycling.com\/cs\/#\/schema\/person\/d9eeb0a378f3a7e4a6d12d2b536b04b8"},"description":"Podle jak\u00fdch krit\u00e9ri\u00ed by se m\u011blo ur\u010dovat, kter\u00e1 z mnoha, etap od roku 1903 byla v historii Tour de France tou nejbrut\u00e1ln\u011bj\u0161\u00ed?","inLanguage":"cs","potentialAction":[{"@type":"ReadAction","target":["https:\/\/www.welovecycling.com\/cs\/2021\/07\/15\/byla-tohle-nejtezsi-etapa-tour-de-france-v-dejinach\/"]}]},{"@type":"ImageObject","inLanguage":"cs","@id":"https:\/\/www.welovecycling.com\/cs\/2021\/07\/15\/byla-tohle-nejtezsi-etapa-tour-de-france-v-dejinach\/#primaryimage","url":"https:\/\/d2p6e6u75xmxt8.cloudfront.net\/13\/2021\/07\/Tourmalet-profimedia-0067974344.webp","contentUrl":"https:\/\/d2p6e6u75xmxt8.cloudfront.net\/13\/2021\/07\/Tourmalet-profimedia-0067974344.webp","width":1800,"height":1350},{"@type":"WebSite","@id":"https:\/\/www.welovecycling.com\/cs\/#website","url":"https:\/\/www.welovecycling.com\/cs\/","name":"\u0160koda We Love Cycling - \u010cesk\u00e1 republika","description":"WeLoveCycling.cz je online magaz\u00edn, kter\u00fd v\u00e1m pravideln\u011b p\u0159in\u00e1\u0161\u00ed rady a tipy, zaj\u00edmav\u00e9 \u010dl\u00e1nky, videa a jedine\u010dn\u00e9 report\u00e1\u017ee ze sv\u011bta cyklistiky.","potentialAction":[{"@type":"SearchAction","target":{"@type":"EntryPoint","urlTemplate":"https:\/\/www.welovecycling.com\/cs\/?s={search_term_string}"},"query-input":{"@type":"PropertyValueSpecification","valueRequired":true,"valueName":"search_term_string"}}],"inLanguage":"cs"},{"@type":"Person","@id":"https:\/\/www.welovecycling.com\/cs\/#\/schema\/person\/d9eeb0a378f3a7e4a6d12d2b536b04b8","name":"radekmalina","image":{"@type":"ImageObject","inLanguage":"cs","@id":"https:\/\/www.welovecycling.com\/cs\/#\/schema\/person\/image\/","url":"https:\/\/secure.gravatar.com\/avatar\/66994b632cb8c39a46b9f54afa3ae07201b678d32a54275b6f1c9ffec356bfc0?s=96&d=mm&r=g","contentUrl":"https:\/\/secure.gravatar.com\/avatar\/66994b632cb8c39a46b9f54afa3ae07201b678d32a54275b6f1c9ffec356bfc0?s=96&d=mm&r=g","caption":"radekmalina"},"url":"https:\/\/www.welovecycling.com\/cs\/author\/radekmalina\/"}]}},"_links":{"self":[{"href":"https:\/\/www.welovecycling.com\/cs\/wp-json\/wp\/v2\/posts\/13680","targetHints":{"allow":["GET"]}}],"collection":[{"href":"https:\/\/www.welovecycling.com\/cs\/wp-json\/wp\/v2\/posts"}],"about":[{"href":"https:\/\/www.welovecycling.com\/cs\/wp-json\/wp\/v2\/types\/post"}],"author":[{"embeddable":true,"href":"https:\/\/www.welovecycling.com\/cs\/wp-json\/wp\/v2\/users\/138"}],"replies":[{"embeddable":true,"href":"https:\/\/www.welovecycling.com\/cs\/wp-json\/wp\/v2\/comments?post=13680"}],"version-history":[{"count":2,"href":"https:\/\/www.welovecycling.com\/cs\/wp-json\/wp\/v2\/posts\/13680\/revisions"}],"predecessor-version":[{"id":13705,"href":"https:\/\/www.welovecycling.com\/cs\/wp-json\/wp\/v2\/posts\/13680\/revisions\/13705"}],"wp:featuredmedia":[{"embeddable":true,"href":"https:\/\/www.welovecycling.com\/cs\/wp-json\/wp\/v2\/media\/13703"}],"wp:attachment":[{"href":"https:\/\/www.welovecycling.com\/cs\/wp-json\/wp\/v2\/media?parent=13680"}],"wp:term":[{"taxonomy":"category","embeddable":true,"href":"https:\/\/www.welovecycling.com\/cs\/wp-json\/wp\/v2\/categories?post=13680"},{"taxonomy":"post_tag","embeddable":true,"href":"https:\/\/www.welovecycling.com\/cs\/wp-json\/wp\/v2\/tags?post=13680"},{"taxonomy":"global-categories","embeddable":true,"href":"https:\/\/www.welovecycling.com\/cs\/wp-json\/wp\/v2\/global-categories?post=13680"}],"curies":[{"name":"wp","href":"https:\/\/api.w.org\/{rel}","templated":true}]}}