{"id":13594,"date":"2021-07-11T09:00:54","date_gmt":"2021-07-11T07:00:54","guid":{"rendered":"https:\/\/www.welovecycling.com\/cs\/?p=13594"},"modified":"2021-07-10T22:22:48","modified_gmt":"2021-07-10T20:22:48","slug":"tour-de-france-v-oblacich-port-denvalira","status":"publish","type":"post","link":"https:\/\/www.welovecycling.com\/cs\/2021\/07\/11\/tour-de-france-v-oblacich-port-denvalira\/","title":{"rendered":"Tour de France v oblac\u00edch: Port d&#8217;Envalira"},"content":{"rendered":"<p><strong>Sedmadvacet vrchol\u016f (o dva m\u00e9n\u011b ne\u017e v rekordn\u00edm roce 2020) se celkem ty\u010d\u00ed na trase 108. Tour de France, ale jen jednomu p\u0159ipadne titul nejvy\u0161\u0161\u00ed. Na cest\u011b z C\u00e9retu do Andory se v 15. etap\u011b bude ud\u011blovat cena Souvenir Henri Desgrange spojen\u00e1 ka\u017edoro\u010dn\u011b s nejvy\u0161\u0161\u00edm vrcholem v cel\u00e9m z\u00e1vod\u011b. T\u00edm letos bude 2408 metr\u016f vysok\u00fd Port d&#8217;Envalira.<\/strong><\/p>\n<p>Krom toho, \u017ee bude nejvy\u0161\u0161\u00edm bodem leto\u0161n\u00ed Tour, je Envalira i v\u016fbec nejv\u00fd\u0161e polo\u017eenou silnici v Pyrenej\u00edch. Le\u017e\u00ed v Ando\u0159e jen kousek od \u201e\u010d\u00e1ry\u201c s Franci\u00ed a m\u011bsta Pas de la Case, na hranici dvou \u00famo\u0159\u00ed \u2013 st\u0159edozemn\u00edho a atlantsk\u00e9ho.<\/p>\n<p>Silnice, jedin\u00e1 spojnice mezi Franci\u00ed a Andorou, byla pro dopravu otev\u0159ena v roce 1933 a v roce 2002 j\u00ed odleh\u010dili otev\u0159en\u00edm tunelu ve v\u00fd\u0161ce 2000 metr\u016f nad mo\u0159em. Jde o dlouh\u00e9, ale pravideln\u00e9 stoup\u00e1n\u00ed, kter\u00e9 ve sm\u011bru od Latour-de-Carol, kter\u00fdm se bude \u0161plhat letos, m\u011b\u0159\u00ed 31 kilometr\u016f, b\u011bhem nich\u017e se nastoup\u00e1 1245 v\u00fd\u0161kov\u00fdch metr\u016f. Envalira pat\u0159\u00ed v terminologii Tour de France do 1. kategorie kopc\u016f a kdy\u017e ho vyu\u017e\u00edv\u00e1 Vuelta, dost\u00e1v\u00e1 se mu titulu \u201eEspecial\u201c. Speci\u00e1ln\u00ed.<\/p>\n<h2><strong>Jacques Anquetil se tu cht\u011bl st\u00e1t neviditeln\u00fdm<\/strong><\/h2>\n<p>Poprv\u00e9 stoup\u00e1n\u00ed pro Tour de France objevili v pr\u016fb\u011bhu 13. etapy ro\u010dn\u00edku 1964, kdy se na vrchol jako prvn\u00ed vy\u0161kr\u00e1bal \u0160pan\u011bl Julio Jim\u00e9nez, zat\u00edm posledn\u00edm dobyvatelem byl p\u0159ed p\u011bti lety Portugalec Rui Costa. A na programu bude p\u0159i sv\u00e9 des\u00e1t\u00e9 repr\u00edze i letos v 15. etap\u011b.<\/p>\n<p>Port d\u00b4Envalira nejv\u00edc v roce 1964 proslavil velk\u00fd Jacques Anquetil, kter\u00fd se ale pr\u00e1v\u011b v tom ro\u010dn\u00edku Tour a na tomto kopci cht\u011bl st\u00e1t neviditeln\u00fdm, kdy\u017e mu hrozila ob\u0159\u00ed potupa.<\/p>\n<div class=\"shortcode-ys-post-pinup\"><article class=\"loop-simple post-13334 post type-post status-publish format-standard has-post-thumbnail hentry category-silnicni-cyklistika tag-antonin-bartonicek tag-cyklistika tag-jan-smolik tag-jiri-skoda tag-legendy tag-mont-ventoux tag-silnicni-cyklistika tag-tour-de-france tag-vy-patrite-na-tour-de-france tag-zavod-miru global-categories-cycling\" data-postid=\"13334\" role=\"article\" data-post-id=\"13334\" data-word-count=\"465\" data-headline-length=\"54\" data-category=\"Silni\u010dn\u00ed cyklistika\" data-global-category=\"Cycling\" data-author=\"We Love Cycling\" data-published=\"2021-06-28T11:00:48+02:00\" data-published-day=\"Monday\">\n    <div class=\"entry-thumbnail article-thumbnail\" content=\"https:\/\/d2p6e6u75xmxt8.cloudfront.net\/13\/2021\/06\/smolik-profimedia-0111421956-150x150.webp\"><a href=\"https:\/\/www.welovecycling.com\/cs\/2021\/06\/28\/vy-patrite-na-tour\/\" class=\"image-holder\" target=\"_self\"><img decoding=\"async\" loading=\"lazy\" class=\"\" src=\"https:\/\/d2p6e6u75xmxt8.cloudfront.net\/13\/2021\/06\/smolik-profimedia-0111421956-1024x672.webp\" srcset=\"https:\/\/d2p6e6u75xmxt8.cloudfront.net\/13\/2021\/06\/smolik-profimedia-0111421956.webp 1800w, https:\/\/d2p6e6u75xmxt8.cloudfront.net\/13\/2021\/06\/smolik-profimedia-0111421956-300x197.webp 300w, https:\/\/d2p6e6u75xmxt8.cloudfront.net\/13\/2021\/06\/smolik-profimedia-0111421956-1024x672.webp 1024w, https:\/\/d2p6e6u75xmxt8.cloudfront.net\/13\/2021\/06\/smolik-profimedia-0111421956-768x504.webp 768w, https:\/\/d2p6e6u75xmxt8.cloudfront.net\/13\/2021\/06\/smolik-profimedia-0111421956-1536x1009.webp 1536w\" width=\"1024\" height=\"672\" sizes=\"auto, (min-width: 1200px) 304px, (min-width: 768px) 25vw, 100vw\" alt=\"vy-patrite-na-tour\"\/><\/a><\/div>    <div class=\"entry-meta\">\n        <a class=\"label label-secondary post-category\" href=\"https:\/\/www.welovecycling.com\/cs\/category\/silnicni-cyklistika\/\" title=\"Silni\u010dn\u00ed cyklistika\">Silni\u010dn\u00ed cyklistika<\/a>\n    <\/div>\n    <div class=\"entry-details\">\n        <a href=\"https:\/\/www.welovecycling.com\/cs\/2021\/06\/28\/vy-patrite-na-tour\/\" class='entry-title-wrapper'>\n            <h3 class=\"entry-title\"><span>Legendy Z\u00e1vodu m\u00edru. Vy pat\u0159\u00edte na Tour de France!<\/span><\/h3>\n        <\/a>\n    <\/div>\n    <\/article>\n<\/div>\n<p>Jako obh\u00e1jce dorazil na start s jedin\u00fdm c\u00edlem \u2013 z\u00edskat bezprecendentn\u00ed p\u00e1t\u00e9 v\u00edt\u011bzstv\u00ed. Jenom\u017ee to by nesm\u011bl do Tour nastupovat s unaven\u00fdma nohama. V\u017edy\u0165 Francouz jen kr\u00e1tce p\u0159edt\u00edm podruh\u00e9 v \u017eivot\u011b vyhr\u00e1l italsk\u00e9 Giro. A p\u0159esto doufal, \u017ee napodob\u00ed jinou legendu Coppiho, kter\u00fd v jednom roce ovl\u00e1dl ob\u011b slavn\u00e9 Grand Tour.<\/p>\n<p>Ale jakoby po\u0159adatel\u00e9 cht\u011bli st\u0159\u00edlet do vlastn\u00edch \u0159ad. Postavili n\u00e1ro\u010dnou trasu plnou hor a Anquetil\u016fv arcirival Raymond Poulidor se dostavil k prezentaci se skv\u011blou kondic\u00ed a siln\u00fdma vrcha\u0159sk\u00fdma nohama. Jakmile peloton dorazil do hor, favorit\u00e9 se p\u0159esunuli do \u010dela a tam Poulidor bu\u0161il v\u0161\u00ed silou do sebev\u011bdom\u00ed sv\u00e9ho soka, \u010d\u00edm\u017e pomalu, ale jist\u011b st\u0159\u00e1dal sekundy v\u00fdhody p\u0159ed zdecimovan\u00fdm obh\u00e1jcem.<\/p>\n<h2><strong>Poulidor se na Port d&#8217;Envalira stal virtu\u00e1ln\u00edm l\u00eddrem<\/strong><\/h2>\n<p>Po prvn\u00ed ze \u010dty\u0159 pyrenejsk\u00fdch etap se Tour zastavila v Ando\u0159e na den volna. A mistr Jacques nam\u00edsto odpo\u010dinku vyrazil v doprovodu sv\u00e9 man\u017eelky Janine na VIP ve\u010d\u00edrek. B\u0159icho si nacpal grilovan\u00fdm jehn\u011b\u010d\u00edm. V jednu chv\u00edli ho fotografov\u00e9 p\u0159istihli s cigaretou v ruce a skleni\u010dkou v\u00edna v druh\u00e9.<\/p>\n<p>Z\u00e1vod o \u017elut\u00fd dres m\u011bl ale dal\u0161\u00ed den pokra\u010dovat 14. etapou po vrcholc\u00edch Pyrenej\u00ed a Anquetil c\u00edtil n\u00e1sledky ve\u010d\u00edrku. Nedok\u00e1zal dr\u017eet tempo. Mo\u017en\u00e1 i proto, co si p\u0159e\u010detl v novin\u00e1ch. \u201eV\u011bdma pro den\u00edk France Soir p\u0159edpov\u011bd\u011bla, \u017ee Jacques v t\u00e9 etap\u011b zem\u0159e. Byl velmi pov\u011br\u010div\u00fd. Celou noc kv\u016fli tomu nespal,\u201c vzpom\u00ednal Poulidor.<\/p>\n<figure id=\"attachment_13623\" aria-describedby=\"caption-attachment-13623\" style=\"width: 1800px\" class=\"wp-caption alignnone\"><a href=\"https:\/\/d2p6e6u75xmxt8.cloudfront.net\/13\/2021\/07\/Port-d\u00b4Envalira-profimedia-0316224214.jpg\"><img loading=\"lazy\" decoding=\"async\" class=\"size-full wp-image-13623\" src=\"https:\/\/d2p6e6u75xmxt8.cloudfront.net\/13\/2021\/07\/Port-d\u00b4Envalira-profimedia-0316224214.jpg\" alt=\"Port d\u00b4Envalira pat\u0159\u00ed mezi ob\u00e1van\u00e9 zkou\u0161ky leto\u0161n\u00edho ro\u010dn\u00edku Tour de France. Foto: profimedia\" width=\"1800\" height=\"1043\" \/><\/a><figcaption id=\"caption-attachment-13623\" class=\"wp-caption-text\"><em>Port d&#8217;Envalira pat\u0159\u00ed mezi ob\u00e1van\u00e9 zkou\u0161ky leto\u0161n\u00edho ro\u010dn\u00edku Tour de France. Foto: profimedia<\/em><\/figcaption><\/figure>\n<p>Kdy\u017e pak se \u0160pan\u011blem Bahamontesem vyc\u00edtil slabost favorita, na svaz\u00edch Port d&#8217;Envalira oba je\u0161t\u011b v\u00edc p\u0159itopili pod kotlem. Envalira byla prvn\u00ed p\u0159ek\u00e1\u017ekou t\u00e9 \u010dervencov\u00e9 soboty, kde Poulidor, ten v\u011b\u010dn\u011b druh\u00fd mu\u017e Tour de France, u\u017e m\u00e1lem uv\u011b\u0159il, \u017ee ji kone\u010dn\u011b vyhr\u00e1l. \u201eAle ani n\u00e1pad, \u017ee bych tam \u00fato\u010dil. Zb\u00fdvalo pak je\u0161t\u011b 200 kilometr\u016f. Tak\u017ee jsem jen jel za \u0160pan\u011blem, kdy\u017e mi hl\u00e1sili, \u017ee Anquetil se stra\u0161liv\u011b tr\u00e1p\u00ed.\u201c V tu chv\u00edli byl Poulidor virtu\u00e1ln\u00edm l\u00eddrem Tour.<\/p>\n<p>Anquetil odpadl a jeho sportovn\u00ed \u0159editel G\u00e9miniani si uv\u011bdomoval z\u00e1va\u017enost situace. Narychlo hledal \u0159e\u0161en\u00ed. Legenda \u0159\u00edk\u00e1, \u017ee na zadn\u00edm sedadle sv\u00e9ho vozu objevil lahev \u0161ampa\u0148sk\u00e9ho schovan\u00e9ho tam k oslav\u011b v\u00edt\u011bzstv\u00ed v Pa\u0159\u00ed\u017ei. To je n\u00e1pad! Obsah lahve okam\u017eit\u011b napumpoval do bidonu a strkal ho do ruky Anquetilovi, kter\u00fd na vr\u0161ku Envaliry za dvojic\u00ed Bahamontes\/Poulidor zaost\u00e1val o \u010dty\u0159i minuty.<\/p>\n<h2><strong>Na vrcholu pomohlo \u0161ampa\u0148sk\u00e9 v bidonu<\/strong><\/h2>\n<p>Louis Rostollan, v\u011brn\u00fd Anquetil\u016fv pomocn\u00edk, kter\u00fd s n\u00edm st\u00e1l u \u010dty\u0159 z jeho p\u011bti triumf\u016f, na n\u011bj \u010dekal. A pak si musel vyslechnout jeho stesky a \u017ee chce z\u00e1vod dokonce vzd\u00e1t. Rostollan na n\u011bj popuzen\u011b k\u0159ikl: \u201eMluv\u00ed\u0161 nesmysly! Vzpome\u0148 si, \u017ee se jmenuje\u0161 Anquetil.\u201c Pocuchan\u00e1 p\u00fdcha \u0161ampiona se postarala o zbytek<\/p>\n<div class=\"shortcode-ys-post-pinup\"><article class=\"loop-simple post-13590 post type-post status-publish format-standard has-post-thumbnail hentry category-silnicni-cyklistika tag-cyklistika tag-eddy-merckx tag-jan-smolik tag-silnicni-cyklistika tag-tour-de-france tag-tour-de-france-2021 tag-zavod-miru global-categories-cycling\" data-postid=\"13590\" role=\"article\" data-post-id=\"13590\" data-word-count=\"578\" data-headline-length=\"60\" data-category=\"Silni\u010dn\u00ed cyklistika\" data-global-category=\"Cycling\" data-author=\"We Love Cycling\" data-published=\"2021-07-09T11:06:44+02:00\" data-published-day=\"Friday\">\n    <div class=\"entry-thumbnail article-thumbnail\" content=\"https:\/\/d2p6e6u75xmxt8.cloudfront.net\/13\/2021\/06\/WLC_Smolik_1-150x150.webp\"><a href=\"https:\/\/www.welovecycling.com\/cs\/2021\/07\/09\/s-mercxkem-v-tymu-az-po-padu-komunismu-jako-podnikatel\/\" class=\"image-holder\" target=\"_self\"><img decoding=\"async\" loading=\"lazy\" class=\"\" src=\"https:\/\/d2p6e6u75xmxt8.cloudfront.net\/13\/2021\/06\/WLC_Smolik_1-1024x576.webp\" srcset=\"https:\/\/d2p6e6u75xmxt8.cloudfront.net\/13\/2021\/06\/WLC_Smolik_1.webp 1920w, https:\/\/d2p6e6u75xmxt8.cloudfront.net\/13\/2021\/06\/WLC_Smolik_1-300x169.webp 300w, https:\/\/d2p6e6u75xmxt8.cloudfront.net\/13\/2021\/06\/WLC_Smolik_1-1024x576.webp 1024w, https:\/\/d2p6e6u75xmxt8.cloudfront.net\/13\/2021\/06\/WLC_Smolik_1-768x432.webp 768w, https:\/\/d2p6e6u75xmxt8.cloudfront.net\/13\/2021\/06\/WLC_Smolik_1-1536x864.webp 1536w\" width=\"1024\" height=\"576\" sizes=\"auto, (min-width: 1200px) 356px, (min-width: 768px) 30vw, 100vw\" alt=\"s-mercxkem-v-tymu-az-po-padu-komunismu-jako-podnikatel\"\/><\/a><\/div>    <div class=\"entry-meta\">\n        <a class=\"label label-secondary post-category\" href=\"https:\/\/www.welovecycling.com\/cs\/category\/silnicni-cyklistika\/\" title=\"Silni\u010dn\u00ed cyklistika\">Silni\u010dn\u00ed cyklistika<\/a>\n    <\/div>\n    <div class=\"entry-details\">\n        <a href=\"https:\/\/www.welovecycling.com\/cs\/2021\/07\/09\/s-mercxkem-v-tymu-az-po-padu-komunismu-jako-podnikatel\/\" class='entry-title-wrapper'>\n            <h3 class=\"entry-title\"><span>S\u00a0Merckxem v\u00a0t\u00fdmu? A\u017e po p\u00e1du komunismu jako podnikatel<\/span><\/h3>\n        <\/a>\n    <\/div>\n    <\/article>\n<\/div>\n<p>Pustil se do st\u00edha\u010dky, ve sjezdu vyu\u017eil sv\u00fdch \u010dasovk\u00e1\u0159sk\u00fdch dovednost\u00ed. A snad i alkoholu z bublinek, kter\u00fd mu posunul hranici strachu. Jeho spojencem se navrch stala mlha. \u201eMy vp\u0159edu nevid\u011bli d\u00e1l ne\u017e na t\u0159i metry a celou dobu st\u00e1li na brzd\u00e1ch,\u201c popisoval Poulidor. \u201eNa n\u011bj \u010dekali v\u0161ichni ti report\u00e9\u0159i a on sj\u00ed\u017ed\u011bl s pohledem na v\u0161echna ta brzdov\u00e1 sv\u011btla p\u0159ed sebou.\u201c I d\u00edky tomu dostihl zbytky t\u00fdmu Pelforth, kter\u00fd h\u00e1jil \u017elut\u00fd dres sv\u00e9ho kapit\u00e1na Groussarda, a d\u00e1l u\u017e uh\u00e1n\u011bli v\u0161ichni pospolu.<\/p>\n<p>Posledn\u00ed uprchl\u00edky dojel a c\u00edlem v Toulouse proj\u00ed\u017ed\u011bl ve stejn\u00e9m \u010dase, \u010d\u00edm\u017e uchr\u00e1nil sv\u00e9 druh\u00e9 m\u00edsto v pr\u016fb\u011b\u017en\u00e9m po\u0159ad\u00ed. A od kolapsu na Port d\u00b4Envalira se nakonec Anquetil odrazil a\u017e k celkov\u00e9mu triumfu v Pa\u0159\u00ed\u017ei.<\/p>\n","protected":false},"excerpt":{"rendered":"<p>Sedmadvacet vrchol\u016f (o dva m\u00e9n\u011b ne\u017e v rekordn\u00edm roce 2020) se celkem ty\u010d\u00ed na trase 108. Tour de France, ale [&hellip;]<\/p>\n","protected":false},"author":138,"featured_media":13623,"comment_status":"open","ping_status":"open","sticky":false,"template":"","format":"standard","meta":{"footnotes":""},"categories":[10,1711],"tags":[126,358,1712,1717,9,23,1250,1734],"global-categories":[411],"class_list":["post-13594","post","type-post","status-publish","format-standard","has-post-thumbnail","hentry","category-silnicni-cyklistika","category-tour-de-france","tag-cyklistika","tag-jacques-anquetil","tag-port-denvalira","tag-raymond-poulidor","tag-silnicni-cyklistika","tag-tour-de-france","tag-tour-de-france-2021","tag-tour-de-france-v-oblacich","global-categories-cycling"],"yoast_head":"<!-- This site is optimized with the Yoast SEO Premium plugin v25.3 (Yoast SEO v25.9) - https:\/\/yoast.com\/wordpress\/plugins\/seo\/ -->\n<title>Tour de France v oblac\u00edch: Port d&#039;Envalira | \u0160koda We Love Cycling - \u010cesk\u00e1 republika<\/title>\n<meta name=\"description\" content=\"Cena Souvenir Henri Desgrange spojen\u00e1 ka\u017edoro\u010dn\u011b s nejvy\u0161\u0161\u00edm vrcholem v cel\u00e9m z\u00e1vod\u011b se letos bude ud\u011blovat p\u0159i poko\u0159en\u00ed Port d&#039;Envalira.\" \/>\n<meta name=\"robots\" content=\"index, follow, max-snippet:-1, max-image-preview:large, max-video-preview:-1\" \/>\n<link rel=\"canonical\" href=\"https:\/\/www.welovecycling.com\/cs\/2021\/07\/11\/tour-de-france-v-oblacich-port-denvalira\/\" \/>\n<meta property=\"og:locale\" content=\"cs_CZ\" \/>\n<meta property=\"og:type\" content=\"article\" \/>\n<meta property=\"og:title\" content=\"Tour de France v oblac\u00edch: Port d&#039;Envalira\" \/>\n<meta property=\"og:description\" content=\"Cena Souvenir Henri Desgrange spojen\u00e1 ka\u017edoro\u010dn\u011b s nejvy\u0161\u0161\u00edm vrcholem v cel\u00e9m z\u00e1vod\u011b se letos bude ud\u011blovat p\u0159i poko\u0159en\u00ed Port d&#039;Envalira.\" \/>\n<meta property=\"og:url\" content=\"https:\/\/www.welovecycling.com\/cs\/2021\/07\/11\/tour-de-france-v-oblacich-port-denvalira\/\" \/>\n<meta property=\"og:site_name\" content=\"\u0160koda We Love Cycling - \u010cesk\u00e1 republika\" \/>\n<meta property=\"article:published_time\" content=\"2021-07-11T07:00:54+00:00\" \/>\n<meta property=\"og:image\" content=\"https:\/\/d2p6e6u75xmxt8.cloudfront.net\/13\/2021\/07\/Port-d\u00b4Envalira-profimedia-0316224214.webp\" \/>\n\t<meta property=\"og:image:width\" content=\"1800\" \/>\n\t<meta property=\"og:image:height\" content=\"1043\" \/>\n\t<meta property=\"og:image:type\" content=\"image\/webp\" \/>\n<meta name=\"author\" content=\"radekmalina\" \/>\n<meta name=\"twitter:card\" content=\"summary_large_image\" \/>\n<meta name=\"twitter:label1\" content=\"Written by\" \/>\n\t<meta name=\"twitter:data1\" content=\"We Love Cycling\" \/>\n\t<meta name=\"twitter:label2\" content=\"Est. reading time\" \/>\n\t<meta name=\"twitter:data2\" content=\"5\" \/>\n<script type=\"application\/ld+json\" class=\"yoast-schema-graph\">{\"@context\":\"https:\/\/schema.org\",\"@graph\":[{\"@type\":\"WebPage\",\"@id\":\"https:\/\/www.welovecycling.com\/cs\/2021\/07\/11\/tour-de-france-v-oblacich-port-denvalira\/\",\"url\":\"https:\/\/www.welovecycling.com\/cs\/2021\/07\/11\/tour-de-france-v-oblacich-port-denvalira\/\",\"name\":\"Tour de France v oblac\u00edch: Port d'Envalira | \u0160koda We Love Cycling - \u010cesk\u00e1 republika\",\"isPartOf\":{\"@id\":\"https:\/\/www.welovecycling.com\/cs\/#website\"},\"primaryImageOfPage\":{\"@id\":\"https:\/\/www.welovecycling.com\/cs\/2021\/07\/11\/tour-de-france-v-oblacich-port-denvalira\/#primaryimage\"},\"image\":{\"@id\":\"https:\/\/www.welovecycling.com\/cs\/2021\/07\/11\/tour-de-france-v-oblacich-port-denvalira\/#primaryimage\"},\"thumbnailUrl\":\"https:\/\/d2p6e6u75xmxt8.cloudfront.net\/13\/2021\/07\/Port-d\u00b4Envalira-profimedia-0316224214.webp\",\"datePublished\":\"2021-07-11T07:00:54+00:00\",\"author\":{\"@id\":\"https:\/\/www.welovecycling.com\/cs\/#\/schema\/person\/d9eeb0a378f3a7e4a6d12d2b536b04b8\"},\"description\":\"Cena Souvenir Henri Desgrange spojen\u00e1 ka\u017edoro\u010dn\u011b s nejvy\u0161\u0161\u00edm vrcholem v cel\u00e9m z\u00e1vod\u011b se letos bude ud\u011blovat p\u0159i poko\u0159en\u00ed Port d'Envalira.\",\"inLanguage\":\"cs\",\"potentialAction\":[{\"@type\":\"ReadAction\",\"target\":[\"https:\/\/www.welovecycling.com\/cs\/2021\/07\/11\/tour-de-france-v-oblacich-port-denvalira\/\"]}]},{\"@type\":\"ImageObject\",\"inLanguage\":\"cs\",\"@id\":\"https:\/\/www.welovecycling.com\/cs\/2021\/07\/11\/tour-de-france-v-oblacich-port-denvalira\/#primaryimage\",\"url\":\"https:\/\/d2p6e6u75xmxt8.cloudfront.net\/13\/2021\/07\/Port-d\u00b4Envalira-profimedia-0316224214.webp\",\"contentUrl\":\"https:\/\/d2p6e6u75xmxt8.cloudfront.net\/13\/2021\/07\/Port-d\u00b4Envalira-profimedia-0316224214.webp\",\"width\":1800,\"height\":1043,\"caption\":\"Port d\u00b4Envalira pat\u0159\u00ed mezi ob\u00e1van\u00e9 zkou\u0161ky leto\u0161n\u00edho ro\u010dn\u00edku Tour de France. Foto: profimedia\"},{\"@type\":\"WebSite\",\"@id\":\"https:\/\/www.welovecycling.com\/cs\/#website\",\"url\":\"https:\/\/www.welovecycling.com\/cs\/\",\"name\":\"\u0160koda We Love Cycling - \u010cesk\u00e1 republika\",\"description\":\"WeLoveCycling.cz je online magaz\u00edn, kter\u00fd v\u00e1m pravideln\u011b p\u0159in\u00e1\u0161\u00ed rady a tipy, zaj\u00edmav\u00e9 \u010dl\u00e1nky, videa a jedine\u010dn\u00e9 report\u00e1\u017ee ze sv\u011bta cyklistiky.\",\"potentialAction\":[{\"@type\":\"SearchAction\",\"target\":{\"@type\":\"EntryPoint\",\"urlTemplate\":\"https:\/\/www.welovecycling.com\/cs\/?s={search_term_string}\"},\"query-input\":{\"@type\":\"PropertyValueSpecification\",\"valueRequired\":true,\"valueName\":\"search_term_string\"}}],\"inLanguage\":\"cs\"},{\"@type\":\"Person\",\"@id\":\"https:\/\/www.welovecycling.com\/cs\/#\/schema\/person\/d9eeb0a378f3a7e4a6d12d2b536b04b8\",\"name\":\"radekmalina\",\"image\":{\"@type\":\"ImageObject\",\"inLanguage\":\"cs\",\"@id\":\"https:\/\/www.welovecycling.com\/cs\/#\/schema\/person\/image\/\",\"url\":\"https:\/\/secure.gravatar.com\/avatar\/66994b632cb8c39a46b9f54afa3ae07201b678d32a54275b6f1c9ffec356bfc0?s=96&d=mm&r=g\",\"contentUrl\":\"https:\/\/secure.gravatar.com\/avatar\/66994b632cb8c39a46b9f54afa3ae07201b678d32a54275b6f1c9ffec356bfc0?s=96&d=mm&r=g\",\"caption\":\"radekmalina\"},\"url\":\"https:\/\/www.welovecycling.com\/cs\/author\/radekmalina\/\"}]}<\/script>\n<!-- \/ Yoast SEO Premium plugin. -->","yoast_head_json":{"title":"Tour de France v oblac\u00edch: Port d'Envalira | \u0160koda We Love Cycling - \u010cesk\u00e1 republika","description":"Cena Souvenir Henri Desgrange spojen\u00e1 ka\u017edoro\u010dn\u011b s nejvy\u0161\u0161\u00edm vrcholem v cel\u00e9m z\u00e1vod\u011b se letos bude ud\u011blovat p\u0159i poko\u0159en\u00ed Port d'Envalira.","robots":{"index":"index","follow":"follow","max-snippet":"max-snippet:-1","max-image-preview":"max-image-preview:large","max-video-preview":"max-video-preview:-1"},"canonical":"https:\/\/www.welovecycling.com\/cs\/2021\/07\/11\/tour-de-france-v-oblacich-port-denvalira\/","og_locale":"cs_CZ","og_type":"article","og_title":"Tour de France v oblac\u00edch: Port d'Envalira","og_description":"Cena Souvenir Henri Desgrange spojen\u00e1 ka\u017edoro\u010dn\u011b s nejvy\u0161\u0161\u00edm vrcholem v cel\u00e9m z\u00e1vod\u011b se letos bude ud\u011blovat p\u0159i poko\u0159en\u00ed Port d'Envalira.","og_url":"https:\/\/www.welovecycling.com\/cs\/2021\/07\/11\/tour-de-france-v-oblacich-port-denvalira\/","og_site_name":"\u0160koda We Love Cycling - \u010cesk\u00e1 republika","article_published_time":"2021-07-11T07:00:54+00:00","og_image":[{"width":1800,"height":1043,"url":"https:\/\/d2p6e6u75xmxt8.cloudfront.net\/13\/2021\/07\/Port-d\u00b4Envalira-profimedia-0316224214.webp","type":"image\/webp"}],"author":"radekmalina","twitter_card":"summary_large_image","twitter_misc":{"Written by":"We Love Cycling","Est. reading time":"5"},"schema":{"@context":"https:\/\/schema.org","@graph":[{"@type":"WebPage","@id":"https:\/\/www.welovecycling.com\/cs\/2021\/07\/11\/tour-de-france-v-oblacich-port-denvalira\/","url":"https:\/\/www.welovecycling.com\/cs\/2021\/07\/11\/tour-de-france-v-oblacich-port-denvalira\/","name":"Tour de France v oblac\u00edch: Port d'Envalira | \u0160koda We Love Cycling - \u010cesk\u00e1 republika","isPartOf":{"@id":"https:\/\/www.welovecycling.com\/cs\/#website"},"primaryImageOfPage":{"@id":"https:\/\/www.welovecycling.com\/cs\/2021\/07\/11\/tour-de-france-v-oblacich-port-denvalira\/#primaryimage"},"image":{"@id":"https:\/\/www.welovecycling.com\/cs\/2021\/07\/11\/tour-de-france-v-oblacich-port-denvalira\/#primaryimage"},"thumbnailUrl":"https:\/\/d2p6e6u75xmxt8.cloudfront.net\/13\/2021\/07\/Port-d\u00b4Envalira-profimedia-0316224214.webp","datePublished":"2021-07-11T07:00:54+00:00","author":{"@id":"https:\/\/www.welovecycling.com\/cs\/#\/schema\/person\/d9eeb0a378f3a7e4a6d12d2b536b04b8"},"description":"Cena Souvenir Henri Desgrange spojen\u00e1 ka\u017edoro\u010dn\u011b s nejvy\u0161\u0161\u00edm vrcholem v cel\u00e9m z\u00e1vod\u011b se letos bude ud\u011blovat p\u0159i poko\u0159en\u00ed Port d'Envalira.","inLanguage":"cs","potentialAction":[{"@type":"ReadAction","target":["https:\/\/www.welovecycling.com\/cs\/2021\/07\/11\/tour-de-france-v-oblacich-port-denvalira\/"]}]},{"@type":"ImageObject","inLanguage":"cs","@id":"https:\/\/www.welovecycling.com\/cs\/2021\/07\/11\/tour-de-france-v-oblacich-port-denvalira\/#primaryimage","url":"https:\/\/d2p6e6u75xmxt8.cloudfront.net\/13\/2021\/07\/Port-d\u00b4Envalira-profimedia-0316224214.webp","contentUrl":"https:\/\/d2p6e6u75xmxt8.cloudfront.net\/13\/2021\/07\/Port-d\u00b4Envalira-profimedia-0316224214.webp","width":1800,"height":1043,"caption":"Port d\u00b4Envalira pat\u0159\u00ed mezi ob\u00e1van\u00e9 zkou\u0161ky leto\u0161n\u00edho ro\u010dn\u00edku Tour de France. Foto: profimedia"},{"@type":"WebSite","@id":"https:\/\/www.welovecycling.com\/cs\/#website","url":"https:\/\/www.welovecycling.com\/cs\/","name":"\u0160koda We Love Cycling - \u010cesk\u00e1 republika","description":"WeLoveCycling.cz je online magaz\u00edn, kter\u00fd v\u00e1m pravideln\u011b p\u0159in\u00e1\u0161\u00ed rady a tipy, zaj\u00edmav\u00e9 \u010dl\u00e1nky, videa a jedine\u010dn\u00e9 report\u00e1\u017ee ze sv\u011bta cyklistiky.","potentialAction":[{"@type":"SearchAction","target":{"@type":"EntryPoint","urlTemplate":"https:\/\/www.welovecycling.com\/cs\/?s={search_term_string}"},"query-input":{"@type":"PropertyValueSpecification","valueRequired":true,"valueName":"search_term_string"}}],"inLanguage":"cs"},{"@type":"Person","@id":"https:\/\/www.welovecycling.com\/cs\/#\/schema\/person\/d9eeb0a378f3a7e4a6d12d2b536b04b8","name":"radekmalina","image":{"@type":"ImageObject","inLanguage":"cs","@id":"https:\/\/www.welovecycling.com\/cs\/#\/schema\/person\/image\/","url":"https:\/\/secure.gravatar.com\/avatar\/66994b632cb8c39a46b9f54afa3ae07201b678d32a54275b6f1c9ffec356bfc0?s=96&d=mm&r=g","contentUrl":"https:\/\/secure.gravatar.com\/avatar\/66994b632cb8c39a46b9f54afa3ae07201b678d32a54275b6f1c9ffec356bfc0?s=96&d=mm&r=g","caption":"radekmalina"},"url":"https:\/\/www.welovecycling.com\/cs\/author\/radekmalina\/"}]}},"_links":{"self":[{"href":"https:\/\/www.welovecycling.com\/cs\/wp-json\/wp\/v2\/posts\/13594","targetHints":{"allow":["GET"]}}],"collection":[{"href":"https:\/\/www.welovecycling.com\/cs\/wp-json\/wp\/v2\/posts"}],"about":[{"href":"https:\/\/www.welovecycling.com\/cs\/wp-json\/wp\/v2\/types\/post"}],"author":[{"embeddable":true,"href":"https:\/\/www.welovecycling.com\/cs\/wp-json\/wp\/v2\/users\/138"}],"replies":[{"embeddable":true,"href":"https:\/\/www.welovecycling.com\/cs\/wp-json\/wp\/v2\/comments?post=13594"}],"version-history":[{"count":2,"href":"https:\/\/www.welovecycling.com\/cs\/wp-json\/wp\/v2\/posts\/13594\/revisions"}],"predecessor-version":[{"id":13629,"href":"https:\/\/www.welovecycling.com\/cs\/wp-json\/wp\/v2\/posts\/13594\/revisions\/13629"}],"wp:featuredmedia":[{"embeddable":true,"href":"https:\/\/www.welovecycling.com\/cs\/wp-json\/wp\/v2\/media\/13623"}],"wp:attachment":[{"href":"https:\/\/www.welovecycling.com\/cs\/wp-json\/wp\/v2\/media?parent=13594"}],"wp:term":[{"taxonomy":"category","embeddable":true,"href":"https:\/\/www.welovecycling.com\/cs\/wp-json\/wp\/v2\/categories?post=13594"},{"taxonomy":"post_tag","embeddable":true,"href":"https:\/\/www.welovecycling.com\/cs\/wp-json\/wp\/v2\/tags?post=13594"},{"taxonomy":"global-categories","embeddable":true,"href":"https:\/\/www.welovecycling.com\/cs\/wp-json\/wp\/v2\/global-categories?post=13594"}],"curies":[{"name":"wp","href":"https:\/\/api.w.org\/{rel}","templated":true}]}}