{"id":13358,"date":"2021-06-28T16:08:36","date_gmt":"2021-06-28T14:08:36","guid":{"rendered":"https:\/\/www.welovecycling.com\/cs\/?p=13358"},"modified":"2023-05-25T08:04:00","modified_gmt":"2023-05-25T06:04:00","slug":"nikdy-nevzdam-buldok-co-mohl-jezdit-v-zelenem","status":"publish","type":"post","link":"https:\/\/www.welovecycling.com\/cs\/2021\/06\/28\/nikdy-nevzdam-buldok-co-mohl-jezdit-v-zelenem\/","title":{"rendered":"Anton\u00edn Barton\u00ed\u010dek: Nikdy nevzd\u00e1m! Buldok, co mohl jezdit v\u00a0zelen\u00e9m"},"content":{"rendered":"<p><strong>\u0160est etap ovl\u00e1dl v Z\u00e1vod\u011b m\u00edru, nejslavn\u011bj\u0161\u00ed etapov\u00e9 bitv\u011b amat\u00e9r\u016f hluboko v minul\u00e9m stolet\u00ed. V dojezdech \u0159\u00e1dil i p\u0159i cyklistick\u00fdch bitv\u00e1ch v dal\u0161\u00edch koutech Evropy, pokud mu re\u017eim dovolil vycestovat. Nikdy v \u017eivot\u011b v\u0161ak Anton\u00edn Barton\u00ed\u010dek nedostal p\u0159\u00edle\u017eitost obl\u00e9knout zelen\u00fd dres nejlep\u0161\u00edho spurtera Tour de France.<\/strong><\/p>\n<p>Barton\u00ed\u010dek vyr\u016fstal v\u00a0Karlov\u00fdch Varech. A kdy\u017e jako mal\u00fd klu\u010dina vid\u011bl na kolon\u00e1d\u011b b\u011bhem Z\u00e1vodu m\u00edru vystaven\u00e9 kolo, byl \u00fapln\u011b paf. \u201eVydr\u017eel jsem na bicykl koukat hodiny,\u201c vzpom\u00edn\u00e1 s\u00a0\u00fasm\u011bvem. Prost\u011b l\u00e1ska na cel\u00fd \u017eivot.<\/p>\n<p>Snil, \u017ee jednou bude st\u00e1t po boku dal\u0161\u00edch hv\u011bzd, kter\u00e9 bojovaly o sl\u00e1vu p\u0159i Z\u00e1vod\u011b m\u00edru. O Star\u00e9 d\u00e1m\u011b nem\u011bl ani tu\u0161en\u00ed. \u201eV novin\u00e1ch byly dv\u011b strany o Z\u00e1vod\u011b m\u00edru a dv\u011b \u0159\u00e1dky o Tour de France,\u201c p\u0159ibli\u017euje realitu v\u00a0komunistick\u00e9m re\u017eimu.<\/p>\n<h2><strong>Do reprezentace ve dvaadvaceti<\/strong><\/h2>\n<p>V\u00a0pouh\u00fdch dvaadvaceti letech se do\u010dkal prvn\u00ed nominace do reprezenta\u010dn\u00edho t\u00fdmu \u010ceskoslovenska. \u201eU\u017e jenom dostat se do p\u0159\u00edpravy n\u00e1rodn\u00edho t\u00fdmu pro Z\u00e1vod m\u00edru bylo v\u00fdjime\u010dn\u00e9. Ka\u017ed\u00fd jsme nafasoval n\u00e1dhern\u00e9 kolo, oble\u010den\u00ed, m\u011bli jsme vytvo\u0159en\u00e9 podm\u00ednky. Bylo to \u00fa\u017easn\u00e9. A start v\u00a0samotn\u00e9m z\u00e1vod\u011b pak pro ka\u017ed\u00e9ho p\u0159edstavoval obrovskou poctu,\u201c vzpom\u00edn\u00e1 Barton\u00ed\u010dek.<\/p>\n<p>Tehdy p\u0159i etap\u011b s\u00a0dojezdem do G\u00f3ry byl v\u00a0\u00faniku a vybojoval t\u0159et\u00ed m\u00edsto. \u201eD\u011bsn\u011b jsem d\u0159el, proto\u017ee jsem v\u011bd\u011bl, \u017ee kdo bude na stupn\u00edch v\u00edt\u011bz\u016f, zabere ho televize. Cht\u011bl jsem, aby m\u011b vid\u011bla maminka,\u201c vypravuje.<\/p>\n<lite-youtube videoid=cex4fwLQxfE params=\"enablejsapi=1\" style=\"background-image: url('https:\/\/i.ytimg.com\/vi_webp\/cex4fwLQxfE\/maxresdefault.webp');\"><\/lite-youtube>\n<p>Pl\u00e1n naplnil.<\/p>\n<p>Dal\u0161\u00ed den se fini\u0161ovalo v\u00a0Karlov\u00fdch Varech. A Barton\u00ed\u010dek znovu \u00fa\u0159adoval. \u201eNejt\u011b\u017e\u0161\u00ed etapa, kterou jsem v \u017eivot\u011b absolvoval. St\u0159\u00eddal se d\u00e9\u0161\u0165 se sn\u011bhem. Stra\u0161n\u00e1 zima,\u201c ot\u0159ese se hr\u016fzou i po letech. Na stadion naj\u00ed\u017ed\u011bl z\u00a0dev\u00e1t\u00e9 pozice. \u201eLidi d\u011bsn\u011b \u0159vali. I po letech se mi vybav\u00ed atmosf\u00e9ra a naskakuje hus\u00ed k\u016f\u017ee. M\u00e1m p\u0159ed o\u010dima, jak p\u0159edj\u00ed\u017ed\u00edm jednoho soupe\u0159e za druh\u00fdm a c\u00edlem proj\u00ed\u017ed\u00edm prvn\u00ed,\u201c rekapituluje jedno z\u00a0nejv\u011bt\u0161\u00edch v\u00edt\u011bzstv\u00ed kari\u00e9ry.<\/p>\n<h2><strong>Nezastavila ho ani ang\u00edna<\/strong><\/h2>\n<p>B\u011bhem n\u00e1sleduj\u00edc\u00edch ro\u010dn\u00edk\u016f vyhr\u00e1l Barton\u00ed\u010dek je\u0161t\u011b p\u011bt etap. A dokon\u010dil \u0161est kompletn\u00edch ro\u010dn\u00edk\u016f. \u201eNikdy jsem nevzdal. V\u00a0jednom ro\u010dn\u00edku jsem dostal ang\u00ednu, p\u0159idal se t\u011b\u017ek\u00fd z\u00e1pal pr\u016fdu\u0161ek. Ale jel jsem d\u00e1l a bojoval. Z\u00e1vod m\u00edru se prost\u011b nebalil.\u201c<\/p>\n<p><a href=\"https:\/\/www.youtube.com\/watch?v=cex4fwLQxfE&amp;ab_channel=WeLoveCyclingCZ\">Anton\u00edn Barton\u00ed\u010dek<\/a> v\u0161ak osl\u0148oval i p\u0159i dojezdech v dal\u0161\u00edch z\u00e1vodech. V pelotonu si rychle z\u00edskal respekt. \u201e\u201eJ\u00e1 se nikdy neb\u00e1l. Do t\u00e9 ml\u00fdnice se nikdy nikomu moc necht\u011blo. \u010casto jsem z\u016fstal ve spurtu s\u00e1m. A tak jsem prost\u011b p\u0159eskakoval z vl\u00e1\u010dku do vl\u00e1\u010dku a vezl se,\u201c p\u0159ibli\u017euje.<\/p>\n<div class=\"shortcode-ys-post-pinup\"><article class=\"loop-simple post-13592 post type-post status-publish format-standard has-post-thumbnail hentry category-silnicni-cyklistika tag-cyklistika tag-jiri-skoda tag-laurent-fignon tag-silnicni-cyklistika tag-tour-de-france tag-tour-de-france-2021 tag-zavod-miru global-categories-cycling\" data-postid=\"13592\" role=\"article\" data-post-id=\"13592\" data-word-count=\"521\" data-headline-length=\"74\" data-category=\"Silni\u010dn\u00ed cyklistika\" data-global-category=\"Cycling\" data-author=\"We Love Cycling\" data-published=\"2021-07-10T08:47:24+02:00\" data-published-day=\"Saturday\">\n    <div class=\"entry-thumbnail article-thumbnail\" content=\"https:\/\/d2p6e6u75xmxt8.cloudfront.net\/13\/2021\/06\/WLC_Skoda-150x150.webp\"><a href=\"https:\/\/www.welovecycling.com\/cs\/2021\/07\/10\/budu-jezdit-s-fignonem-tesil-se-skoda-soudruzi-jeho-ambice-rozmetali\/\" class=\"image-holder\" target=\"_self\"><img decoding=\"async\" loading=\"lazy\" class=\"\" src=\"https:\/\/d2p6e6u75xmxt8.cloudfront.net\/13\/2021\/06\/WLC_Skoda-1024x576.webp\" srcset=\"https:\/\/d2p6e6u75xmxt8.cloudfront.net\/13\/2021\/06\/WLC_Skoda.webp 1920w, https:\/\/d2p6e6u75xmxt8.cloudfront.net\/13\/2021\/06\/WLC_Skoda-300x169.webp 300w, https:\/\/d2p6e6u75xmxt8.cloudfront.net\/13\/2021\/06\/WLC_Skoda-1024x576.webp 1024w, https:\/\/d2p6e6u75xmxt8.cloudfront.net\/13\/2021\/06\/WLC_Skoda-768x432.webp 768w, https:\/\/d2p6e6u75xmxt8.cloudfront.net\/13\/2021\/06\/WLC_Skoda-1536x864.webp 1536w\" width=\"1024\" height=\"576\" sizes=\"auto, (min-width: 1200px) 356px, (min-width: 768px) 30vw, 100vw\" alt=\"budu-jezdit-s-fignonem-tesil-se-skoda-soudruzi-jeho-ambice-rozmetali\"\/><\/a><\/div>    <div class=\"entry-meta\">\n        <a class=\"label label-secondary post-category\" href=\"https:\/\/www.welovecycling.com\/cs\/category\/silnicni-cyklistika\/\" title=\"Silni\u010dn\u00ed cyklistika\">Silni\u010dn\u00ed cyklistika<\/a>\n    <\/div>\n    <div class=\"entry-details\">\n        <a href=\"https:\/\/www.welovecycling.com\/cs\/2021\/07\/10\/budu-jezdit-s-fignonem-tesil-se-skoda-soudruzi-jeho-ambice-rozmetali\/\" class='entry-title-wrapper'>\n            <h3 class=\"entry-title\"><span>Budu jezdit s\u00a0Fignonem, t\u011b\u0161il se \u0160koda! Soudruzi jeho ambice rozmetali<\/span><\/h3>\n        <\/a>\n    <\/div>\n    <\/article>\n<\/div>\n<hr \/>\n<p>\u201eKopce pro m\u011b byly hr\u016fza v\u0161ech hr\u016fz,\u201c cul\u00ed se. \u201eP\u0159i z\u00e1vod\u011b Kolem Rakouska jsem jel ve \u017elut\u00e9m trikotu vedouc\u00edho z\u00e1vodn\u00edka. Jen\u017ee se stoupalo na Grossglockner. Ve t\u0159et\u00ed serpentin\u011b jsem odpadl. Do podobn\u00e9 role jsem se jednou dostal i p\u0159i Z\u00e1vod\u011b m\u00edru. Kopce byly moje pohroma,\u201c p\u0159izn\u00e1v\u00e1.<\/p>\n<p>P\u0159itom byl fam\u00f3zn\u00ed sjezda\u0159. \u201eDol\u016f jsem byl bezkonkuren\u010dn\u00ed,\u201c p\u0159itak\u00e1v\u00e1. \u201eChce to cit a odvahu. Ta byla pot\u0159eba zejm\u00e9na v\u00a0na\u0161\u00ed \u00e9\u0159e, kdy\u017e silnice st\u00e1ly za prd,\u201c vypravuje. A jakmile do\u0161lo na hromadn\u00e9 dojezdy, Barton\u00ed\u010dek o\u017eil.<\/p>\n<h2><strong>Anton\u00edn Barton\u00ed\u010dek a slovensk\u00fd rekord?<\/strong><\/h2>\n<p>Pr\u00e1v\u011b spurtersk\u00e9 schopnosti st\u00e1ly za jeho celkov\u00fdm triumfem v\u00a0z\u00e1vod\u011b Kolem Slovenska. \u201eDlouho jsem dr\u017eel rekord v\u00a0podob\u011b nejt\u011bsn\u011bj\u0161\u00edho v\u00edt\u011bzstv\u00ed. Byl jsem prvn\u00ed o pouh\u00fdch p\u011bt vte\u0159in. Ale p\u0159ekonal m\u011b Sagan, jemu\u017e celkov\u00e9 prvenstv\u00ed p\u0159ipadlo s\u00a0rozd\u00edlem pouh\u00fdch t\u0159\u00ed vte\u0159in,\u201c p\u0159ipom\u00edn\u00e1 sedmin\u00e1sobn\u00e9ho dr\u017eitele zelen\u00e9ho dresu pro v\u00edt\u011bze bodovac\u00ed sout\u011b\u017ee Tour de France, jeho\u017e sponzorem je \u0160koda Auto.<\/p>\n<figure id=\"attachment_13359\" aria-describedby=\"caption-attachment-13359\" style=\"width: 1920px\" class=\"wp-caption alignnone\"><a href=\"https:\/\/d2p6e6u75xmxt8.cloudfront.net\/13\/2021\/06\/WLC_Bartonicek-1.jpg\"><img loading=\"lazy\" decoding=\"async\" class=\"size-full wp-image-13359\" src=\"https:\/\/d2p6e6u75xmxt8.cloudfront.net\/13\/2021\/06\/WLC_Bartonicek-1.jpg\" alt=\"Anton\u00edn Barton\u00ed\u010dek po\u0159\u00e1d pravideln\u011b jezd\u00ed na kole a udr\u017euje se tak v kondici. Foto: welovecycling.cz\" width=\"1920\" height=\"1080\" \/><\/a><figcaption id=\"caption-attachment-13359\" class=\"wp-caption-text\"><em>Anton\u00edn Barton\u00ed\u010dek po\u0159\u00e1d pravideln\u011b jezd\u00ed na kole a udr\u017euje se tak v kondici. Foto: welovecycling.cz<\/em><\/figcaption><\/figure>\n<p>Pr\u00e1v\u011b slovensk\u00fd fenom\u00e9n ze \u017diliny je n\u00e1turou hodn\u011b bl\u00edzk\u00fd Barton\u00ed\u010dkovi. \u201eKdyby ho p\u0159ed lety sprost\u011b nediskvalifikovali, u\u017e m\u011bl celkov\u00fdch v\u00edt\u011bzstv\u00ed z\u0159ejm\u011b osm. Moc Petera obdivuji. Je to fenom\u00e9n a nav\u00edc showman. A cyklistika m\u00e1 p\u0159ece lidi bavit,\u201c sm\u011bje se Barton\u00ed\u010dek. \u201eJe neuv\u011b\u0159iteln\u011b v\u0161estrann\u00fd. M\u00e1 obrovsk\u00e9 zrychlen\u00ed. Je schopn\u00fd zalo\u017eit t\u0159icet kilometr\u016f p\u0159ed c\u00edlem a jet pro v\u00edt\u011bzstv\u00ed. Ale taky o n\u011bm v\u00a0z\u00e1vod\u011b nikdo nev\u00ed a Sagan rozhodne na posledn\u00edch t\u0159ech kilometrech,\u201c op\u011bvuje slovenskou legendu Barton\u00ed\u010dek.<\/p>\n<h2><strong>Mont Ventoux zni\u010dil my\u0161lenky na p\u0159estup<\/strong><\/h2>\n<p>Vn\u00edm\u00e1te tu podobnost? Mo\u017en\u00e1 i \u010ceskoslovensko mohlo m\u00edt u\u017e ve sb\u00edrce zelen\u00e9 trikoty z\u00a0Grande Boucle, kdyby tehdy re\u017eim Barton\u00ed\u010dka nedr\u017eel doma. \u201e\u010casto jsem sly\u0161el, \u017ee bych se mezi profesion\u00e1ly prosadil. I n\u011bjak\u00e9 nab\u00eddky dorazily,\u201c vzpom\u00edn\u00e1 Barton\u00ed\u010dek, \u017ee se v\u00a0pelotonu i na hranic\u00edch z\u00e1padn\u011b od Chebu v\u011bd\u011blo o spurtersk\u00fdch schopnostech rod\u00e1ka z\u00a0Karlov\u00fdch Var\u016f.<\/p>\n<div class=\"shortcode-ys-post-pinup\"><article class=\"loop-simple post-13400 post type-post status-publish format-standard has-post-thumbnail hentry category-tour-de-france tag-cyklistika tag-geraint-thomas tag-ineos-grenadiers tag-jumbo-visma tag-primoz-roglic tag-richard-carapaz tag-richie-porte tag-silnicni-cyklistika tag-tadej-pogacar tag-tao-geoghegan-hart tag-tour-de-france tag-tour-de-france-2021 tag-uae-team-emirates tag-wout-van-aert global-categories-cycling\" data-postid=\"13400\" role=\"article\" data-post-id=\"13400\" data-word-count=\"995\" data-headline-length=\"55\" data-category=\"Tour de France\" data-global-category=\"Cycling\" data-author=\"\u0160t\u011bp\u00e1n Straka\" data-published=\"2021-06-25T13:20:19+02:00\" data-published-day=\"Friday\">\n    <div class=\"entry-thumbnail article-thumbnail\" content=\"https:\/\/d2p6e6u75xmxt8.cloudfront.net\/13\/2021\/06\/geraint-thomas-150x150.webp\"><a href=\"https:\/\/www.welovecycling.com\/cs\/2021\/06\/25\/tour-de-france-2021-a-hlavni-adepti-zluteho-trikotu\/\" class=\"image-holder\" target=\"_self\"><img decoding=\"async\" loading=\"lazy\" class=\"\" src=\"https:\/\/d2p6e6u75xmxt8.cloudfront.net\/13\/2021\/06\/geraint-thomas-1024x384.webp\" srcset=\"https:\/\/d2p6e6u75xmxt8.cloudfront.net\/13\/2021\/06\/geraint-thomas.webp 1600w, https:\/\/d2p6e6u75xmxt8.cloudfront.net\/13\/2021\/06\/geraint-thomas-300x113.webp 300w, https:\/\/d2p6e6u75xmxt8.cloudfront.net\/13\/2021\/06\/geraint-thomas-1024x384.webp 1024w, https:\/\/d2p6e6u75xmxt8.cloudfront.net\/13\/2021\/06\/geraint-thomas-768x288.webp 768w, https:\/\/d2p6e6u75xmxt8.cloudfront.net\/13\/2021\/06\/geraint-thomas-1536x576.webp 1536w\" width=\"1024\" height=\"384\" sizes=\"auto, (min-width: 1200px) 534px, (min-width: 768px) 45vw, 100vw\" alt=\"tour-de-france-2021-a-hlavni-adepti-zluteho-trikotu\"\/><\/a><\/div>    <div class=\"entry-meta\">\n        <a class=\"label label-secondary post-category\" href=\"https:\/\/www.welovecycling.com\/cs\/category\/tour-de-france\/\" title=\"Tour de France\">Tour de France<\/a>\n    <\/div>\n    <div class=\"entry-details\">\n        <a href=\"https:\/\/www.welovecycling.com\/cs\/2021\/06\/25\/tour-de-france-2021-a-hlavni-adepti-zluteho-trikotu\/\" class='entry-title-wrapper'>\n            <h3 class=\"entry-title\"><span>Tour de France 2021 a hlavn\u00ed adepti \u017elut\u00e9ho trikotu?<\/span><\/h3>\n        <\/a>\n    <\/div>\n    <\/article>\n<\/div>\n<p>\u201eJen\u017ee j\u00e1 jsem nebyl vrcha\u0159. Za\u017eil jsem t\u0159eba v\u00fdstup na Mont Ventoux. A jestli jsem jen lehce koketoval s\u00a0my\u0161lenkami zkusit to u profesion\u00e1lu, v\u00a0tomhle kopci m\u011b rychle opustily. Ti kluci jezdili stra\u0161n\u00e9 bomby. Nem\u011bli jsme \u0161anci takov\u00e9 kopce pravideln\u011b tr\u00e9novat. P\u0159edstavovaly p\u0159\u00edli\u0161 velk\u00e9 sousto,\u201c p\u0159ipou\u0161t\u00ed Barton\u00ed\u010dek, \u017ee nikdy z\u00e1sadn\u011b nelitoval absence ve startovn\u00edm poli Grand Tour.<\/p>\n<p>Nicm\u00e9n\u011b z\u00a0\u0161ance vid\u011bt Tour de France na vlastn\u00ed o\u010di je nad\u0161en\u00fd. \u201ePosledn\u00ed dobou je toho n\u011bjak moc. Nejprve m\u011b v\u00a0\u00favodu roku za\u0159adili do S\u00edn\u011b sl\u00e1vy \u010desk\u00e9 cyklistiky, a te\u010f jsem dostal od \u0160koda Auto \u0161anci, abych vid\u011bl Tour de France zbl\u00edzka. Jsem zv\u011bdav\u00fd, jestli v\u00a0konvoji najdu n\u011bkoho z\u00a0b\u00fdval\u00fdch soupe\u0159\u016f. Beru Starou d\u00e1mu jako odm\u011bnu za vyhranou etapu Z\u00e1vodu m\u00edru v\u00a0Mlad\u00e9 Boleslavi,\u201c t\u011b\u0161\u00ed se Barton\u00ed\u010dek na Grande Boucle.<\/p>\n<p><strong>Anton\u00edn Barton\u00ed\u010dek<\/strong><\/p>\n<p><em>Narozen 20. \u00fanora 1949, 6x startoval na Z\u00e1vod\u011b m\u00edru, 6x vyhr\u00e1l etapu, v roce 1973 skon\u010dil v Z\u00e1vod\u011b m\u00edru \u0161est\u00fd, jezdil za Slavii Karlovy Vary a Rudou hv\u011bzdu Plze\u0148, dvojn\u00e1sobn\u00fd mistr \u010ceskoslovenska v z\u00e1vod\u011b dru\u017estev na 100 kilometr\u016f, v\u00edt\u011bz z\u00e1vodu Kolem Slovenska (n\u011bkolik v\u00edt\u011bzn\u00fdch etap), v\u00edt\u011bz z\u00e1vodu Kolem Skotska, v\u00edt\u011bz nejt\u011b\u017e\u0161\u00ed etapy p\u0159i z\u00e1vod\u011b Kolem Anglie, v\u00edt\u011bz Z\u00e1vodu v\u00edt\u011bzstv\u00ed (mezin\u00e1rodn\u00ed etapov\u00fd z\u00e1vod v Plzni), v\u00edt\u011bz jednor\u00e1zovky Praha-Karlovy Vary-Praha, \u00a0v roce 2021 uveden do S\u00edn\u011b sl\u00e1vy \u010cesk\u00e9ho svazu cyklistiky.<\/em><\/p>\n","protected":false},"excerpt":{"rendered":"<p>\u0160est etap ovl\u00e1dl v Z\u00e1vod\u011b m\u00edru, nejslavn\u011bj\u0161\u00ed etapov\u00e9 bitv\u011b amat\u00e9r\u016f hluboko v minul\u00e9m stolet\u00ed. V dojezdech \u0159\u00e1dil i p\u0159i cyklistick\u00fdch [&hellip;]<\/p>\n","protected":false},"author":138,"featured_media":13349,"comment_status":"open","ping_status":"open","sticky":false,"template":"","format":"standard","meta":{"footnotes":""},"categories":[10],"tags":[1706,126,18,9,23,1250,595,1710],"global-categories":[411],"class_list":["post-13358","post","type-post","status-publish","format-standard","has-post-thumbnail","hentry","category-silnicni-cyklistika","tag-antonin-bartonicek","tag-cyklistika","tag-peter-sagan","tag-silnicni-cyklistika","tag-tour-de-france","tag-tour-de-france-2021","tag-zavod-miru","tag-zeleny-dres","global-categories-cycling"],"yoast_head":"<!-- This site is optimized with the Yoast SEO Premium plugin v25.3 (Yoast SEO v25.9) - https:\/\/yoast.com\/wordpress\/plugins\/seo\/ -->\n<title>Anton\u00edn Barton\u00ed\u010dek: Nikdy nevzd\u00e1m! Buldok, co mohl jezdit v\u00a0zelen\u00e9m | \u0160koda We Love Cycling - \u010cesk\u00e1 republika<\/title>\n<meta name=\"description\" content=\"\u0160est etap ovl\u00e1dl v Z\u00e1vod\u011b m\u00edru. Nikdy v \u017eivot\u011b v\u0161ak Anton\u00edn Barton\u00ed\u010dek nedostal p\u0159\u00edle\u017eitost obl\u00e9knout zelen\u00fd dres na Tour de France.\" \/>\n<meta name=\"robots\" content=\"index, follow, max-snippet:-1, max-image-preview:large, max-video-preview:-1\" \/>\n<link rel=\"canonical\" href=\"https:\/\/www.welovecycling.com\/cs\/2021\/06\/28\/nikdy-nevzdam-buldok-co-mohl-jezdit-v-zelenem\/\" \/>\n<meta property=\"og:locale\" content=\"cs_CZ\" \/>\n<meta property=\"og:type\" content=\"article\" \/>\n<meta property=\"og:title\" content=\"Anton\u00edn Barton\u00ed\u010dek: Nikdy nevzd\u00e1m! Buldok, co mohl jezdit v\u00a0zelen\u00e9m\" \/>\n<meta property=\"og:description\" content=\"\u0160est etap ovl\u00e1dl v Z\u00e1vod\u011b m\u00edru. Nikdy v \u017eivot\u011b v\u0161ak Anton\u00edn Barton\u00ed\u010dek nedostal p\u0159\u00edle\u017eitost obl\u00e9knout zelen\u00fd dres na Tour de France.\" \/>\n<meta property=\"og:url\" content=\"https:\/\/www.welovecycling.com\/cs\/2021\/06\/28\/nikdy-nevzdam-buldok-co-mohl-jezdit-v-zelenem\/\" \/>\n<meta property=\"og:site_name\" content=\"\u0160koda We Love Cycling - \u010cesk\u00e1 republika\" \/>\n<meta property=\"article:published_time\" content=\"2021-06-28T14:08:36+00:00\" \/>\n<meta property=\"article:modified_time\" content=\"2023-05-25T06:04:00+00:00\" \/>\n<meta property=\"og:image\" content=\"https:\/\/d2p6e6u75xmxt8.cloudfront.net\/13\/2021\/06\/bartonicek-michal-cerveny.webp\" \/>\n\t<meta property=\"og:image:width\" content=\"2000\" \/>\n\t<meta property=\"og:image:height\" content=\"1333\" \/>\n\t<meta property=\"og:image:type\" content=\"image\/webp\" \/>\n<meta name=\"author\" content=\"radekmalina\" \/>\n<meta name=\"twitter:card\" content=\"summary_large_image\" \/>\n<meta name=\"twitter:label1\" content=\"Written by\" \/>\n\t<meta name=\"twitter:data1\" content=\"\u0160t\u011bp\u00e1n Straka\" \/>\n\t<meta name=\"twitter:label2\" content=\"Est. reading time\" \/>\n\t<meta name=\"twitter:data2\" content=\"6\" \/>\n<script type=\"application\/ld+json\" class=\"yoast-schema-graph\">{\"@context\":\"https:\/\/schema.org\",\"@graph\":[{\"@type\":\"WebPage\",\"@id\":\"https:\/\/www.welovecycling.com\/cs\/2021\/06\/28\/nikdy-nevzdam-buldok-co-mohl-jezdit-v-zelenem\/\",\"url\":\"https:\/\/www.welovecycling.com\/cs\/2021\/06\/28\/nikdy-nevzdam-buldok-co-mohl-jezdit-v-zelenem\/\",\"name\":\"Anton\u00edn Barton\u00ed\u010dek: Nikdy nevzd\u00e1m! Buldok, co mohl jezdit v\u00a0zelen\u00e9m | \u0160koda We Love Cycling - \u010cesk\u00e1 republika\",\"isPartOf\":{\"@id\":\"https:\/\/www.welovecycling.com\/cs\/#website\"},\"primaryImageOfPage\":{\"@id\":\"https:\/\/www.welovecycling.com\/cs\/2021\/06\/28\/nikdy-nevzdam-buldok-co-mohl-jezdit-v-zelenem\/#primaryimage\"},\"image\":{\"@id\":\"https:\/\/www.welovecycling.com\/cs\/2021\/06\/28\/nikdy-nevzdam-buldok-co-mohl-jezdit-v-zelenem\/#primaryimage\"},\"thumbnailUrl\":\"https:\/\/d2p6e6u75xmxt8.cloudfront.net\/13\/2021\/06\/bartonicek-michal-cerveny.webp\",\"datePublished\":\"2021-06-28T14:08:36+00:00\",\"dateModified\":\"2023-05-25T06:04:00+00:00\",\"author\":{\"@id\":\"https:\/\/www.welovecycling.com\/cs\/#\/schema\/person\/d9eeb0a378f3a7e4a6d12d2b536b04b8\"},\"description\":\"\u0160est etap ovl\u00e1dl v Z\u00e1vod\u011b m\u00edru. Nikdy v \u017eivot\u011b v\u0161ak Anton\u00edn Barton\u00ed\u010dek nedostal p\u0159\u00edle\u017eitost obl\u00e9knout zelen\u00fd dres na Tour de France.\",\"inLanguage\":\"cs\",\"potentialAction\":[{\"@type\":\"ReadAction\",\"target\":[\"https:\/\/www.welovecycling.com\/cs\/2021\/06\/28\/nikdy-nevzdam-buldok-co-mohl-jezdit-v-zelenem\/\"]}]},{\"@type\":\"ImageObject\",\"inLanguage\":\"cs\",\"@id\":\"https:\/\/www.welovecycling.com\/cs\/2021\/06\/28\/nikdy-nevzdam-buldok-co-mohl-jezdit-v-zelenem\/#primaryimage\",\"url\":\"https:\/\/d2p6e6u75xmxt8.cloudfront.net\/13\/2021\/06\/bartonicek-michal-cerveny.webp\",\"contentUrl\":\"https:\/\/d2p6e6u75xmxt8.cloudfront.net\/13\/2021\/06\/bartonicek-michal-cerveny.webp\",\"width\":2000,\"height\":1333,\"caption\":\"Anton\u00edn Barton\u00ed\u010dek byl na ja\u0159e 2021 uveden do S\u00edn\u011b sl\u00e1vy \u010cesk\u00e9ho svazu cyklistiky. Foto: Michal \u010cerven\u00fd\"},{\"@type\":\"WebSite\",\"@id\":\"https:\/\/www.welovecycling.com\/cs\/#website\",\"url\":\"https:\/\/www.welovecycling.com\/cs\/\",\"name\":\"\u0160koda We Love Cycling - \u010cesk\u00e1 republika\",\"description\":\"WeLoveCycling.cz je online magaz\u00edn, kter\u00fd v\u00e1m pravideln\u011b p\u0159in\u00e1\u0161\u00ed rady a tipy, zaj\u00edmav\u00e9 \u010dl\u00e1nky, videa a jedine\u010dn\u00e9 report\u00e1\u017ee ze sv\u011bta cyklistiky.\",\"potentialAction\":[{\"@type\":\"SearchAction\",\"target\":{\"@type\":\"EntryPoint\",\"urlTemplate\":\"https:\/\/www.welovecycling.com\/cs\/?s={search_term_string}\"},\"query-input\":{\"@type\":\"PropertyValueSpecification\",\"valueRequired\":true,\"valueName\":\"search_term_string\"}}],\"inLanguage\":\"cs\"},{\"@type\":\"Person\",\"@id\":\"https:\/\/www.welovecycling.com\/cs\/#\/schema\/person\/d9eeb0a378f3a7e4a6d12d2b536b04b8\",\"name\":\"radekmalina\",\"image\":{\"@type\":\"ImageObject\",\"inLanguage\":\"cs\",\"@id\":\"https:\/\/www.welovecycling.com\/cs\/#\/schema\/person\/image\/\",\"url\":\"https:\/\/secure.gravatar.com\/avatar\/66994b632cb8c39a46b9f54afa3ae07201b678d32a54275b6f1c9ffec356bfc0?s=96&d=mm&r=g\",\"contentUrl\":\"https:\/\/secure.gravatar.com\/avatar\/66994b632cb8c39a46b9f54afa3ae07201b678d32a54275b6f1c9ffec356bfc0?s=96&d=mm&r=g\",\"caption\":\"radekmalina\"},\"url\":\"https:\/\/www.welovecycling.com\/cs\/author\/radekmalina\/\"}]}<\/script>\n<!-- \/ Yoast SEO Premium plugin. -->","yoast_head_json":{"title":"Anton\u00edn Barton\u00ed\u010dek: Nikdy nevzd\u00e1m! Buldok, co mohl jezdit v\u00a0zelen\u00e9m | \u0160koda We Love Cycling - \u010cesk\u00e1 republika","description":"\u0160est etap ovl\u00e1dl v Z\u00e1vod\u011b m\u00edru. Nikdy v \u017eivot\u011b v\u0161ak Anton\u00edn Barton\u00ed\u010dek nedostal p\u0159\u00edle\u017eitost obl\u00e9knout zelen\u00fd dres na Tour de France.","robots":{"index":"index","follow":"follow","max-snippet":"max-snippet:-1","max-image-preview":"max-image-preview:large","max-video-preview":"max-video-preview:-1"},"canonical":"https:\/\/www.welovecycling.com\/cs\/2021\/06\/28\/nikdy-nevzdam-buldok-co-mohl-jezdit-v-zelenem\/","og_locale":"cs_CZ","og_type":"article","og_title":"Anton\u00edn Barton\u00ed\u010dek: Nikdy nevzd\u00e1m! Buldok, co mohl jezdit v\u00a0zelen\u00e9m","og_description":"\u0160est etap ovl\u00e1dl v Z\u00e1vod\u011b m\u00edru. Nikdy v \u017eivot\u011b v\u0161ak Anton\u00edn Barton\u00ed\u010dek nedostal p\u0159\u00edle\u017eitost obl\u00e9knout zelen\u00fd dres na Tour de France.","og_url":"https:\/\/www.welovecycling.com\/cs\/2021\/06\/28\/nikdy-nevzdam-buldok-co-mohl-jezdit-v-zelenem\/","og_site_name":"\u0160koda We Love Cycling - \u010cesk\u00e1 republika","article_published_time":"2021-06-28T14:08:36+00:00","article_modified_time":"2023-05-25T06:04:00+00:00","og_image":[{"width":2000,"height":1333,"url":"https:\/\/d2p6e6u75xmxt8.cloudfront.net\/13\/2021\/06\/bartonicek-michal-cerveny.webp","type":"image\/webp"}],"author":"radekmalina","twitter_card":"summary_large_image","twitter_misc":{"Written by":"\u0160t\u011bp\u00e1n Straka","Est. reading time":"6"},"schema":{"@context":"https:\/\/schema.org","@graph":[{"@type":"WebPage","@id":"https:\/\/www.welovecycling.com\/cs\/2021\/06\/28\/nikdy-nevzdam-buldok-co-mohl-jezdit-v-zelenem\/","url":"https:\/\/www.welovecycling.com\/cs\/2021\/06\/28\/nikdy-nevzdam-buldok-co-mohl-jezdit-v-zelenem\/","name":"Anton\u00edn Barton\u00ed\u010dek: Nikdy nevzd\u00e1m! Buldok, co mohl jezdit v\u00a0zelen\u00e9m | \u0160koda We Love Cycling - \u010cesk\u00e1 republika","isPartOf":{"@id":"https:\/\/www.welovecycling.com\/cs\/#website"},"primaryImageOfPage":{"@id":"https:\/\/www.welovecycling.com\/cs\/2021\/06\/28\/nikdy-nevzdam-buldok-co-mohl-jezdit-v-zelenem\/#primaryimage"},"image":{"@id":"https:\/\/www.welovecycling.com\/cs\/2021\/06\/28\/nikdy-nevzdam-buldok-co-mohl-jezdit-v-zelenem\/#primaryimage"},"thumbnailUrl":"https:\/\/d2p6e6u75xmxt8.cloudfront.net\/13\/2021\/06\/bartonicek-michal-cerveny.webp","datePublished":"2021-06-28T14:08:36+00:00","dateModified":"2023-05-25T06:04:00+00:00","author":{"@id":"https:\/\/www.welovecycling.com\/cs\/#\/schema\/person\/d9eeb0a378f3a7e4a6d12d2b536b04b8"},"description":"\u0160est etap ovl\u00e1dl v Z\u00e1vod\u011b m\u00edru. Nikdy v \u017eivot\u011b v\u0161ak Anton\u00edn Barton\u00ed\u010dek nedostal p\u0159\u00edle\u017eitost obl\u00e9knout zelen\u00fd dres na Tour de France.","inLanguage":"cs","potentialAction":[{"@type":"ReadAction","target":["https:\/\/www.welovecycling.com\/cs\/2021\/06\/28\/nikdy-nevzdam-buldok-co-mohl-jezdit-v-zelenem\/"]}]},{"@type":"ImageObject","inLanguage":"cs","@id":"https:\/\/www.welovecycling.com\/cs\/2021\/06\/28\/nikdy-nevzdam-buldok-co-mohl-jezdit-v-zelenem\/#primaryimage","url":"https:\/\/d2p6e6u75xmxt8.cloudfront.net\/13\/2021\/06\/bartonicek-michal-cerveny.webp","contentUrl":"https:\/\/d2p6e6u75xmxt8.cloudfront.net\/13\/2021\/06\/bartonicek-michal-cerveny.webp","width":2000,"height":1333,"caption":"Anton\u00edn Barton\u00ed\u010dek byl na ja\u0159e 2021 uveden do S\u00edn\u011b sl\u00e1vy \u010cesk\u00e9ho svazu cyklistiky. Foto: Michal \u010cerven\u00fd"},{"@type":"WebSite","@id":"https:\/\/www.welovecycling.com\/cs\/#website","url":"https:\/\/www.welovecycling.com\/cs\/","name":"\u0160koda We Love Cycling - \u010cesk\u00e1 republika","description":"WeLoveCycling.cz je online magaz\u00edn, kter\u00fd v\u00e1m pravideln\u011b p\u0159in\u00e1\u0161\u00ed rady a tipy, zaj\u00edmav\u00e9 \u010dl\u00e1nky, videa a jedine\u010dn\u00e9 report\u00e1\u017ee ze sv\u011bta cyklistiky.","potentialAction":[{"@type":"SearchAction","target":{"@type":"EntryPoint","urlTemplate":"https:\/\/www.welovecycling.com\/cs\/?s={search_term_string}"},"query-input":{"@type":"PropertyValueSpecification","valueRequired":true,"valueName":"search_term_string"}}],"inLanguage":"cs"},{"@type":"Person","@id":"https:\/\/www.welovecycling.com\/cs\/#\/schema\/person\/d9eeb0a378f3a7e4a6d12d2b536b04b8","name":"radekmalina","image":{"@type":"ImageObject","inLanguage":"cs","@id":"https:\/\/www.welovecycling.com\/cs\/#\/schema\/person\/image\/","url":"https:\/\/secure.gravatar.com\/avatar\/66994b632cb8c39a46b9f54afa3ae07201b678d32a54275b6f1c9ffec356bfc0?s=96&d=mm&r=g","contentUrl":"https:\/\/secure.gravatar.com\/avatar\/66994b632cb8c39a46b9f54afa3ae07201b678d32a54275b6f1c9ffec356bfc0?s=96&d=mm&r=g","caption":"radekmalina"},"url":"https:\/\/www.welovecycling.com\/cs\/author\/radekmalina\/"}]}},"_links":{"self":[{"href":"https:\/\/www.welovecycling.com\/cs\/wp-json\/wp\/v2\/posts\/13358","targetHints":{"allow":["GET"]}}],"collection":[{"href":"https:\/\/www.welovecycling.com\/cs\/wp-json\/wp\/v2\/posts"}],"about":[{"href":"https:\/\/www.welovecycling.com\/cs\/wp-json\/wp\/v2\/types\/post"}],"author":[{"embeddable":true,"href":"https:\/\/www.welovecycling.com\/cs\/wp-json\/wp\/v2\/users\/138"}],"replies":[{"embeddable":true,"href":"https:\/\/www.welovecycling.com\/cs\/wp-json\/wp\/v2\/comments?post=13358"}],"version-history":[{"count":2,"href":"https:\/\/www.welovecycling.com\/cs\/wp-json\/wp\/v2\/posts\/13358\/revisions"}],"predecessor-version":[{"id":22504,"href":"https:\/\/www.welovecycling.com\/cs\/wp-json\/wp\/v2\/posts\/13358\/revisions\/22504"}],"wp:featuredmedia":[{"embeddable":true,"href":"https:\/\/www.welovecycling.com\/cs\/wp-json\/wp\/v2\/media\/13349"}],"wp:attachment":[{"href":"https:\/\/www.welovecycling.com\/cs\/wp-json\/wp\/v2\/media?parent=13358"}],"wp:term":[{"taxonomy":"category","embeddable":true,"href":"https:\/\/www.welovecycling.com\/cs\/wp-json\/wp\/v2\/categories?post=13358"},{"taxonomy":"post_tag","embeddable":true,"href":"https:\/\/www.welovecycling.com\/cs\/wp-json\/wp\/v2\/tags?post=13358"},{"taxonomy":"global-categories","embeddable":true,"href":"https:\/\/www.welovecycling.com\/cs\/wp-json\/wp\/v2\/global-categories?post=13358"}],"curies":[{"name":"wp","href":"https:\/\/api.w.org\/{rel}","templated":true}]}}